{"id":2523,"date":"2020-07-27T18:43:16","date_gmt":"2020-07-27T17:43:16","guid":{"rendered":"https:\/\/congovirtuel.com\/information\/?p=2523"},"modified":"2020-07-27T18:46:20","modified_gmt":"2020-07-27T17:46:20","slug":"young-african-de-la-tanzanie-limoge-son-coach-belge-pour-propos-racistes","status":"publish","type":"post","link":"https:\/\/congovirtuel.com\/information\/young-african-de-la-tanzanie-limoge-son-coach-belge-pour-propos-racistes\/","title":{"rendered":"Young African de la Tanzanie limoge son coach belge pour propos racistes","gt_translate_keys":[{"key":"rendered","format":"text"}]},"content":{"rendered":"\n<p class=\"wp-block-paragraph\">Le club tanzanien Young African (Yanga) a annonc\u00e9 lundi le limogeage imm\u00e9diat de son entra\u00eeneur belge Luc Eymael pour ses commentaires racistes envers les supporteurs de l&rsquo;\u00e9quipe, qualifi\u00e9s de \u00ab\u00a0singes ou chiens\u00a0\u00bb par le technicien apr\u00e8s le nul (1-1) contre Mtibwa Sugar la semaine derni\u00e8re.<\/p>\n\n\n\n<p class=\"wp-block-paragraph\">\u00ab\u00a0Nous avons \u00e9t\u00e9 attrist\u00e9s par les remarques injustes et racistes de Luc Eymael et nous avons d\u00e9cid\u00e9 son limogeage effectif au 27 juillet 2020\u00a0\u00bb, a indiqu\u00e9 le club dans un communiqu\u00e9 sign\u00e9 de son secr\u00e9taire g\u00e9n\u00e9ral Simon Patrick.<\/p>\n\n\n\n<p class=\"wp-block-paragraph\">\u00ab\u00a0Le management du club s&rsquo;excuse aupr\u00e8s de la F\u00e9d\u00e9ration tanzanienne de football, de ses membres, des fans et des citoyens en g\u00e9n\u00e9ral pour ces remarques. Notre \u00e9quipe croit au respect, \u00e0 la dignit\u00e9 et s&rsquo;oppose \u00e0 toute forme de racisme\u00a0\u00bb, souligne le communiqu\u00e9.<\/p>\n\n\n\n<p class=\"wp-block-paragraph\">Dans l&rsquo;enregistrement qui a circul\u00e9 sur les r\u00e9seaux sociaux apr\u00e8s le match, Eymael dit: \u00ab\u00a0Ces fans ne connaissent rien au football&#8230; On dirait des singes ou des chiens quand ils hurlent\u00a0\u00bb.<\/p>\n\n\n\n<p class=\"wp-block-paragraph\">Selon la presse locale, le technicien de 60 ans, qui a offici\u00e9 dans plusieurs pays africains avant de venir en Tanzanie il y a quelques mois, s&rsquo;est excus\u00e9 pour ses propos, assurant au journal sportif Mwanaspoti qu&rsquo;il \u00ab\u00a0n&rsquo;\u00e9tait pas de bonne humeur\u00a0\u00bb mais qu&rsquo;il n&rsquo;\u00e9tait pas raciste.<\/p>\n\n\n\n<p class=\"wp-block-paragraph\">Le championnat de Tanzanie s&rsquo;est termin\u00e9 dimanche avec Yanga \u00e0 la deuxi\u00e8me place derri\u00e8re le champion Simba Sports Club<\/p>\n\n\n\n<p class=\"wp-block-paragraph\"><strong>VOA<\/strong>.<\/p>\n\n\n\n<p class=\"wp-block-paragraph\"><\/p>\n","protected":false,"gt_translate_keys":[{"key":"rendered","format":"html"}]},"excerpt":{"rendered":"<p>Le club tanzanien Young African (Yanga) a annonc\u00e9 lundi le limogeage imm\u00e9diat de son entra\u00eeneur belge Luc Eymael pour ses commentaires racistes envers les supporteurs de l&rsquo;\u00e9quipe, qualifi\u00e9s de \u00ab\u00a0singes ou chiens\u00a0\u00bb par le technicien apr\u00e8s le nul (1-1) contre Mtibwa Sugar la semaine derni\u00e8re. \u00ab\u00a0Nous avons \u00e9t\u00e9 attrist\u00e9s par les remarques injustes et racistes de Luc Eymael et nous avons d\u00e9cid\u00e9 son limogeage effectif au 27 juillet 2020\u00a0\u00bb, a indiqu\u00e9 le club dans un communiqu\u00e9 sign\u00e9 de son secr\u00e9taire g\u00e9n\u00e9ral Simon Patrick. \u00ab\u00a0Le management du club s&rsquo;excuse aupr\u00e8s de&hellip;<\/p>\n","protected":false,"gt_translate_keys":[{"key":"rendered","format":"html"}]},"author":1,"featured_media":2527,"comment_status":"open","ping_status":"open","sticky":false,"template":"","format":"standard","meta":{"_crdt_document":"","footnotes":""},"categories":[8],"tags":[1803,1802],"class_list":["post-2523","post","type-post","status-publish","format-standard","has-post-thumbnail","hentry","category-football","tag-coach-belge-propos-racistes-tanzanie","tag-young-africa-limoge-coach-belge"],"gutentor_comment":0,"yoast_head":"<!-- This site is optimized with the Yoast SEO plugin v27.5 - https:\/\/yoast.com\/product\/yoast-seo-wordpress\/ -->\n<title>Young African de la Tanzanie limoge son coach belge pour propos racistes - Actualit\u00e9s congolaises et internationales<\/title>\n<meta name=\"robots\" content=\"index, follow, max-snippet:-1, max-image-preview:large, max-video-preview:-1\" \/>\n<link rel=\"canonical\" href=\"https:\/\/congovirtuel.com\/information\/young-african-de-la-tanzanie-limoge-son-coach-belge-pour-propos-racistes\/\" \/>\n<meta property=\"og:locale\" content=\"fr_FR\" \/>\n<meta property=\"og:type\" content=\"article\" \/>\n<meta property=\"og:title\" content=\"Young African de la Tanzanie limoge son coach belge pour propos racistes - Actualit\u00e9s congolaises et internationales\" \/>\n<meta property=\"og:description\" content=\"Le club tanzanien Young African (Yanga) a annonc\u00e9 lundi le limogeage imm\u00e9diat de son entra\u00eeneur belge Luc Eymael pour ses commentaires racistes envers les supporteurs de l&rsquo;\u00e9quipe, qualifi\u00e9s de \u00ab\u00a0singes ou chiens\u00a0\u00bb par le technicien apr\u00e8s le nul (1-1) contre Mtibwa Sugar la semaine derni\u00e8re. \u00ab\u00a0Nous avons \u00e9t\u00e9 attrist\u00e9s par les remarques injustes et racistes de Luc Eymael et nous avons d\u00e9cid\u00e9 son limogeage effectif au 27 juillet 2020\u00a0\u00bb, a indiqu\u00e9 le club dans un communiqu\u00e9 sign\u00e9 de son secr\u00e9taire g\u00e9n\u00e9ral Simon Patrick. \u00ab\u00a0Le management du club s&rsquo;excuse aupr\u00e8s de&hellip;\" \/>\n<meta property=\"og:url\" content=\"https:\/\/congovirtuel.com\/information\/young-african-de-la-tanzanie-limoge-son-coach-belge-pour-propos-racistes\/\" \/>\n<meta property=\"og:site_name\" content=\"Actualit\u00e9s congolaises et internationales\" \/>\n<meta property=\"article:publisher\" content=\"https:\/\/web.facebook.com\/Congovirtuel-763617960319601\/?ref=aymt_homepage_panel&amp;amp%3bamp%3bamp%3bamp%3bamp%3bamp%3bamp%3bamp%3bamp%3bamp%3bamp%3beid=ARCoxULa66767kIgF_KYav6VdjXTI4yk_LW4yoVO9s6NXpysgb7Cb65vpxcxgqzOAKvIbLQxaAETcqHT\" \/>\n<meta property=\"article:published_time\" content=\"2020-07-27T17:43:16+00:00\" \/>\n<meta property=\"article:modified_time\" content=\"2020-07-27T17:46:20+00:00\" \/>\n<meta property=\"og:image\" content=\"https:\/\/congovirtuel.com\/information\/wp-content\/uploads\/2020\/07\/332647B1-C7C1-4BE0-9482-B3774F0C8D76_w408_r1_s.jpg\" \/>\n\t<meta property=\"og:image:width\" content=\"408\" \/>\n\t<meta property=\"og:image:height\" content=\"230\" \/>\n\t<meta property=\"og:image:type\" content=\"image\/jpeg\" \/>\n<meta name=\"author\" content=\"infocongovirtuel\" \/>\n<meta name=\"twitter:card\" content=\"summary_large_image\" \/>\n<meta name=\"twitter:creator\" content=\"@congovirtuel\" \/>\n<meta name=\"twitter:site\" content=\"@congovirtuel\" \/>\n<meta name=\"twitter:label1\" content=\"\u00c9crit par\" \/>\n\t<meta name=\"twitter:data1\" content=\"infocongovirtuel\" \/>\n\t<meta name=\"twitter:label2\" content=\"Dur\u00e9e de lecture estim\u00e9e\" \/>\n\t<meta name=\"twitter:data2\" content=\"1 minute\" \/>\n<script type=\"application\/ld+json\" class=\"yoast-schema-graph\">{\"@context\":\"https:\\\/\\\/schema.org\",\"@graph\":[{\"@type\":\"Article\",\"@id\":\"https:\\\/\\\/congovirtuel.com\\\/information\\\/young-african-de-la-tanzanie-limoge-son-coach-belge-pour-propos-racistes\\\/#article\",\"isPartOf\":{\"@id\":\"https:\\\/\\\/congovirtuel.com\\\/information\\\/young-african-de-la-tanzanie-limoge-son-coach-belge-pour-propos-racistes\\\/\"},\"author\":{\"name\":\"infocongovirtuel\",\"@id\":\"https:\\\/\\\/congovirtuel.com\\\/information\\\/#\\\/schema\\\/person\\\/739a44bf7990966cb53d58d2fdeca0b6\"},\"headline\":\"Young African de la Tanzanie limoge son coach belge pour propos racistes\",\"datePublished\":\"2020-07-27T17:43:16+00:00\",\"dateModified\":\"2020-07-27T17:46:20+00:00\",\"mainEntityOfPage\":{\"@id\":\"https:\\\/\\\/congovirtuel.com\\\/information\\\/young-african-de-la-tanzanie-limoge-son-coach-belge-pour-propos-racistes\\\/\"},\"wordCount\":259,\"commentCount\":0,\"publisher\":{\"@id\":\"https:\\\/\\\/congovirtuel.com\\\/information\\\/#organization\"},\"image\":{\"@id\":\"https:\\\/\\\/congovirtuel.com\\\/information\\\/young-african-de-la-tanzanie-limoge-son-coach-belge-pour-propos-racistes\\\/#primaryimage\"},\"thumbnailUrl\":\"https:\\\/\\\/congovirtuel.com\\\/information\\\/wp-content\\\/uploads\\\/2020\\\/07\\\/332647B1-C7C1-4BE0-9482-B3774F0C8D76_w408_r1_s.jpg\",\"keywords\":[\"Coach belge propos racistes Tanzanie\",\"Young Africa limog\u00e9 coach belge\"],\"articleSection\":[\"Football\"],\"inLanguage\":\"fr-FR\",\"potentialAction\":[{\"@type\":\"CommentAction\",\"name\":\"Comment\",\"target\":[\"https:\\\/\\\/congovirtuel.com\\\/information\\\/young-african-de-la-tanzanie-limoge-son-coach-belge-pour-propos-racistes\\\/#respond\"]}]},{\"@type\":\"WebPage\",\"@id\":\"https:\\\/\\\/congovirtuel.com\\\/information\\\/young-african-de-la-tanzanie-limoge-son-coach-belge-pour-propos-racistes\\\/\",\"url\":\"https:\\\/\\\/congovirtuel.com\\\/information\\\/young-african-de-la-tanzanie-limoge-son-coach-belge-pour-propos-racistes\\\/\",\"name\":\"Young African de la Tanzanie limoge son coach belge pour propos racistes - Actualit\u00e9s congolaises et internationales\",\"isPartOf\":{\"@id\":\"https:\\\/\\\/congovirtuel.com\\\/information\\\/#website\"},\"primaryImageOfPage\":{\"@id\":\"https:\\\/\\\/congovirtuel.com\\\/information\\\/young-african-de-la-tanzanie-limoge-son-coach-belge-pour-propos-racistes\\\/#primaryimage\"},\"image\":{\"@id\":\"https:\\\/\\\/congovirtuel.com\\\/information\\\/young-african-de-la-tanzanie-limoge-son-coach-belge-pour-propos-racistes\\\/#primaryimage\"},\"thumbnailUrl\":\"https:\\\/\\\/congovirtuel.com\\\/information\\\/wp-content\\\/uploads\\\/2020\\\/07\\\/332647B1-C7C1-4BE0-9482-B3774F0C8D76_w408_r1_s.jpg\",\"datePublished\":\"2020-07-27T17:43:16+00:00\",\"dateModified\":\"2020-07-27T17:46:20+00:00\",\"breadcrumb\":{\"@id\":\"https:\\\/\\\/congovirtuel.com\\\/information\\\/young-african-de-la-tanzanie-limoge-son-coach-belge-pour-propos-racistes\\\/#breadcrumb\"},\"inLanguage\":\"fr-FR\",\"potentialAction\":[{\"@type\":\"ReadAction\",\"target\":[\"https:\\\/\\\/congovirtuel.com\\\/information\\\/young-african-de-la-tanzanie-limoge-son-coach-belge-pour-propos-racistes\\\/\"]}]},{\"@type\":\"ImageObject\",\"inLanguage\":\"fr-FR\",\"@id\":\"https:\\\/\\\/congovirtuel.com\\\/information\\\/young-african-de-la-tanzanie-limoge-son-coach-belge-pour-propos-racistes\\\/#primaryimage\",\"url\":\"https:\\\/\\\/congovirtuel.com\\\/information\\\/wp-content\\\/uploads\\\/2020\\\/07\\\/332647B1-C7C1-4BE0-9482-B3774F0C8D76_w408_r1_s.jpg\",\"contentUrl\":\"https:\\\/\\\/congovirtuel.com\\\/information\\\/wp-content\\\/uploads\\\/2020\\\/07\\\/332647B1-C7C1-4BE0-9482-B3774F0C8D76_w408_r1_s.jpg\",\"width\":408,\"height\":230},{\"@type\":\"BreadcrumbList\",\"@id\":\"https:\\\/\\\/congovirtuel.com\\\/information\\\/young-african-de-la-tanzanie-limoge-son-coach-belge-pour-propos-racistes\\\/#breadcrumb\",\"itemListElement\":[{\"@type\":\"ListItem\",\"position\":1,\"name\":\"Accueil\",\"item\":\"https:\\\/\\\/congovirtuel.com\\\/information\\\/\"},{\"@type\":\"ListItem\",\"position\":2,\"name\":\"Young African de la Tanzanie limoge son coach belge pour propos racistes\"}]},{\"@type\":\"WebSite\",\"@id\":\"https:\\\/\\\/congovirtuel.com\\\/information\\\/#website\",\"url\":\"https:\\\/\\\/congovirtuel.com\\\/information\\\/\",\"name\":\"Actualit\u00e9s congolaises et internationales\",\"description\":\"site d&#039;analyse et de traitement d&#039;information\",\"publisher\":{\"@id\":\"https:\\\/\\\/congovirtuel.com\\\/information\\\/#organization\"},\"potentialAction\":[{\"@type\":\"SearchAction\",\"target\":{\"@type\":\"EntryPoint\",\"urlTemplate\":\"https:\\\/\\\/congovirtuel.com\\\/information\\\/?s={search_term_string}\"},\"query-input\":{\"@type\":\"PropertyValueSpecification\",\"valueRequired\":true,\"valueName\":\"search_term_string\"}}],\"inLanguage\":\"fr-FR\"},{\"@type\":\"Organization\",\"@id\":\"https:\\\/\\\/congovirtuel.com\\\/information\\\/#organization\",\"name\":\"Biblioth\u00e8que Virtuelle de la RDC\",\"url\":\"https:\\\/\\\/congovirtuel.com\\\/information\\\/\",\"logo\":{\"@type\":\"ImageObject\",\"inLanguage\":\"fr-FR\",\"@id\":\"https:\\\/\\\/congovirtuel.com\\\/information\\\/#\\\/schema\\\/logo\\\/image\\\/\",\"url\":\"https:\\\/\\\/congovirtuel.com\\\/information\\\/wp-content\\\/uploads\\\/2018\\\/10\\\/header-info-congovirtuel-vraie.jpg\",\"contentUrl\":\"https:\\\/\\\/congovirtuel.com\\\/information\\\/wp-content\\\/uploads\\\/2018\\\/10\\\/header-info-congovirtuel-vraie.jpg\",\"width\":728,\"height\":90,\"caption\":\"Biblioth\u00e8que Virtuelle de la RDC\"},\"image\":{\"@id\":\"https:\\\/\\\/congovirtuel.com\\\/information\\\/#\\\/schema\\\/logo\\\/image\\\/\"},\"sameAs\":[\"https:\\\/\\\/web.facebook.com\\\/Congovirtuel-763617960319601\\\/?ref=aymt_homepage_panel&amp;amp;amp;amp;amp;amp;amp;amp;amp;amp;amp;eid=ARCoxULa66767kIgF_KYav6VdjXTI4yk_LW4yoVO9s6NXpysgb7Cb65vpxcxgqzOAKvIbLQxaAETcqHT\",\"https:\\\/\\\/x.com\\\/congovirtuel\",\"https:\\\/\\\/www.youtube.com\\\/channel\\\/UCkFfprYzGgS3EWNpeMXpToQ?view_as=subscriber\"]},{\"@type\":\"Person\",\"@id\":\"https:\\\/\\\/congovirtuel.com\\\/information\\\/#\\\/schema\\\/person\\\/739a44bf7990966cb53d58d2fdeca0b6\",\"name\":\"infocongovirtuel\",\"image\":{\"@type\":\"ImageObject\",\"inLanguage\":\"fr-FR\",\"@id\":\"https:\\\/\\\/secure.gravatar.com\\\/avatar\\\/4d76991aa72469f0eb22e772586c99113c6997f88da636a9db8f2ce3a2c05e69?s=96&d=mm&r=g\",\"url\":\"https:\\\/\\\/secure.gravatar.com\\\/avatar\\\/4d76991aa72469f0eb22e772586c99113c6997f88da636a9db8f2ce3a2c05e69?s=96&d=mm&r=g\",\"contentUrl\":\"https:\\\/\\\/secure.gravatar.com\\\/avatar\\\/4d76991aa72469f0eb22e772586c99113c6997f88da636a9db8f2ce3a2c05e69?s=96&d=mm&r=g\",\"caption\":\"infocongovirtuel\"},\"url\":\"https:\\\/\\\/congovirtuel.com\\\/information\\\/author\\\/infocongovirtuel\\\/\"}]}<\/script>\n<!-- \/ Yoast SEO plugin. -->","yoast_head_json":{"title":"Young African de la Tanzanie limoge son coach belge pour propos racistes - Actualit\u00e9s congolaises et internationales","robots":{"index":"index","follow":"follow","max-snippet":"max-snippet:-1","max-image-preview":"max-image-preview:large","max-video-preview":"max-video-preview:-1"},"canonical":"https:\/\/congovirtuel.com\/information\/young-african-de-la-tanzanie-limoge-son-coach-belge-pour-propos-racistes\/","og_locale":"fr_FR","og_type":"article","og_title":"Young African de la Tanzanie limoge son coach belge pour propos racistes - Actualit\u00e9s congolaises et internationales","og_description":"Le club tanzanien Young African (Yanga) a annonc\u00e9 lundi le limogeage imm\u00e9diat de son entra\u00eeneur belge Luc Eymael pour ses commentaires racistes envers les supporteurs de l&rsquo;\u00e9quipe, qualifi\u00e9s de \u00ab\u00a0singes ou chiens\u00a0\u00bb par le technicien apr\u00e8s le nul (1-1) contre Mtibwa Sugar la semaine derni\u00e8re. \u00ab\u00a0Nous avons \u00e9t\u00e9 attrist\u00e9s par les remarques injustes et racistes de Luc Eymael et nous avons d\u00e9cid\u00e9 son limogeage effectif au 27 juillet 2020\u00a0\u00bb, a indiqu\u00e9 le club dans un communiqu\u00e9 sign\u00e9 de son secr\u00e9taire g\u00e9n\u00e9ral Simon Patrick. \u00ab\u00a0Le management du club s&rsquo;excuse aupr\u00e8s de&hellip;","og_url":"https:\/\/congovirtuel.com\/information\/young-african-de-la-tanzanie-limoge-son-coach-belge-pour-propos-racistes\/","og_site_name":"Actualit\u00e9s congolaises et internationales","article_publisher":"https:\/\/web.facebook.com\/Congovirtuel-763617960319601\/?ref=aymt_homepage_panel&amp%3bamp%3bamp%3bamp%3bamp%3bamp%3bamp%3bamp%3bamp%3bamp%3bamp%3beid=ARCoxULa66767kIgF_KYav6VdjXTI4yk_LW4yoVO9s6NXpysgb7Cb65vpxcxgqzOAKvIbLQxaAETcqHT","article_published_time":"2020-07-27T17:43:16+00:00","article_modified_time":"2020-07-27T17:46:20+00:00","og_image":[{"width":408,"height":230,"url":"https:\/\/congovirtuel.com\/information\/wp-content\/uploads\/2020\/07\/332647B1-C7C1-4BE0-9482-B3774F0C8D76_w408_r1_s.jpg","type":"image\/jpeg"}],"author":"infocongovirtuel","twitter_card":"summary_large_image","twitter_creator":"@congovirtuel","twitter_site":"@congovirtuel","twitter_misc":{"\u00c9crit par":"infocongovirtuel","Dur\u00e9e de lecture estim\u00e9e":"1 minute"},"schema":{"@context":"https:\/\/schema.org","@graph":[{"@type":"Article","@id":"https:\/\/congovirtuel.com\/information\/young-african-de-la-tanzanie-limoge-son-coach-belge-pour-propos-racistes\/#article","isPartOf":{"@id":"https:\/\/congovirtuel.com\/information\/young-african-de-la-tanzanie-limoge-son-coach-belge-pour-propos-racistes\/"},"author":{"name":"infocongovirtuel","@id":"https:\/\/congovirtuel.com\/information\/#\/schema\/person\/739a44bf7990966cb53d58d2fdeca0b6"},"headline":"Young African de la Tanzanie limoge son coach belge pour propos racistes","datePublished":"2020-07-27T17:43:16+00:00","dateModified":"2020-07-27T17:46:20+00:00","mainEntityOfPage":{"@id":"https:\/\/congovirtuel.com\/information\/young-african-de-la-tanzanie-limoge-son-coach-belge-pour-propos-racistes\/"},"wordCount":259,"commentCount":0,"publisher":{"@id":"https:\/\/congovirtuel.com\/information\/#organization"},"image":{"@id":"https:\/\/congovirtuel.com\/information\/young-african-de-la-tanzanie-limoge-son-coach-belge-pour-propos-racistes\/#primaryimage"},"thumbnailUrl":"https:\/\/congovirtuel.com\/information\/wp-content\/uploads\/2020\/07\/332647B1-C7C1-4BE0-9482-B3774F0C8D76_w408_r1_s.jpg","keywords":["Coach belge propos racistes Tanzanie","Young Africa limog\u00e9 coach belge"],"articleSection":["Football"],"inLanguage":"fr-FR","potentialAction":[{"@type":"CommentAction","name":"Comment","target":["https:\/\/congovirtuel.com\/information\/young-african-de-la-tanzanie-limoge-son-coach-belge-pour-propos-racistes\/#respond"]}]},{"@type":"WebPage","@id":"https:\/\/congovirtuel.com\/information\/young-african-de-la-tanzanie-limoge-son-coach-belge-pour-propos-racistes\/","url":"https:\/\/congovirtuel.com\/information\/young-african-de-la-tanzanie-limoge-son-coach-belge-pour-propos-racistes\/","name":"Young African de la Tanzanie limoge son coach belge pour propos racistes - Actualit\u00e9s congolaises et internationales","isPartOf":{"@id":"https:\/\/congovirtuel.com\/information\/#website"},"primaryImageOfPage":{"@id":"https:\/\/congovirtuel.com\/information\/young-african-de-la-tanzanie-limoge-son-coach-belge-pour-propos-racistes\/#primaryimage"},"image":{"@id":"https:\/\/congovirtuel.com\/information\/young-african-de-la-tanzanie-limoge-son-coach-belge-pour-propos-racistes\/#primaryimage"},"thumbnailUrl":"https:\/\/congovirtuel.com\/information\/wp-content\/uploads\/2020\/07\/332647B1-C7C1-4BE0-9482-B3774F0C8D76_w408_r1_s.jpg","datePublished":"2020-07-27T17:43:16+00:00","dateModified":"2020-07-27T17:46:20+00:00","breadcrumb":{"@id":"https:\/\/congovirtuel.com\/information\/young-african-de-la-tanzanie-limoge-son-coach-belge-pour-propos-racistes\/#breadcrumb"},"inLanguage":"fr-FR","potentialAction":[{"@type":"ReadAction","target":["https:\/\/congovirtuel.com\/information\/young-african-de-la-tanzanie-limoge-son-coach-belge-pour-propos-racistes\/"]}]},{"@type":"ImageObject","inLanguage":"fr-FR","@id":"https:\/\/congovirtuel.com\/information\/young-african-de-la-tanzanie-limoge-son-coach-belge-pour-propos-racistes\/#primaryimage","url":"https:\/\/congovirtuel.com\/information\/wp-content\/uploads\/2020\/07\/332647B1-C7C1-4BE0-9482-B3774F0C8D76_w408_r1_s.jpg","contentUrl":"https:\/\/congovirtuel.com\/information\/wp-content\/uploads\/2020\/07\/332647B1-C7C1-4BE0-9482-B3774F0C8D76_w408_r1_s.jpg","width":408,"height":230},{"@type":"BreadcrumbList","@id":"https:\/\/congovirtuel.com\/information\/young-african-de-la-tanzanie-limoge-son-coach-belge-pour-propos-racistes\/#breadcrumb","itemListElement":[{"@type":"ListItem","position":1,"name":"Accueil","item":"https:\/\/congovirtuel.com\/information\/"},{"@type":"ListItem","position":2,"name":"Young African de la Tanzanie limoge son coach belge pour propos racistes"}]},{"@type":"WebSite","@id":"https:\/\/congovirtuel.com\/information\/#website","url":"https:\/\/congovirtuel.com\/information\/","name":"Actualit\u00e9s congolaises et internationales","description":"site d&#039;analyse et de traitement d&#039;information","publisher":{"@id":"https:\/\/congovirtuel.com\/information\/#organization"},"potentialAction":[{"@type":"SearchAction","target":{"@type":"EntryPoint","urlTemplate":"https:\/\/congovirtuel.com\/information\/?s={search_term_string}"},"query-input":{"@type":"PropertyValueSpecification","valueRequired":true,"valueName":"search_term_string"}}],"inLanguage":"fr-FR"},{"@type":"Organization","@id":"https:\/\/congovirtuel.com\/information\/#organization","name":"Biblioth\u00e8que Virtuelle de la RDC","url":"https:\/\/congovirtuel.com\/information\/","logo":{"@type":"ImageObject","inLanguage":"fr-FR","@id":"https:\/\/congovirtuel.com\/information\/#\/schema\/logo\/image\/","url":"https:\/\/congovirtuel.com\/information\/wp-content\/uploads\/2018\/10\/header-info-congovirtuel-vraie.jpg","contentUrl":"https:\/\/congovirtuel.com\/information\/wp-content\/uploads\/2018\/10\/header-info-congovirtuel-vraie.jpg","width":728,"height":90,"caption":"Biblioth\u00e8que Virtuelle de la RDC"},"image":{"@id":"https:\/\/congovirtuel.com\/information\/#\/schema\/logo\/image\/"},"sameAs":["https:\/\/web.facebook.com\/Congovirtuel-763617960319601\/?ref=aymt_homepage_panel&amp;amp;amp;amp;amp;amp;amp;amp;amp;amp;amp;eid=ARCoxULa66767kIgF_KYav6VdjXTI4yk_LW4yoVO9s6NXpysgb7Cb65vpxcxgqzOAKvIbLQxaAETcqHT","https:\/\/x.com\/congovirtuel","https:\/\/www.youtube.com\/channel\/UCkFfprYzGgS3EWNpeMXpToQ?view_as=subscriber"]},{"@type":"Person","@id":"https:\/\/congovirtuel.com\/information\/#\/schema\/person\/739a44bf7990966cb53d58d2fdeca0b6","name":"infocongovirtuel","image":{"@type":"ImageObject","inLanguage":"fr-FR","@id":"https:\/\/secure.gravatar.com\/avatar\/4d76991aa72469f0eb22e772586c99113c6997f88da636a9db8f2ce3a2c05e69?s=96&d=mm&r=g","url":"https:\/\/secure.gravatar.com\/avatar\/4d76991aa72469f0eb22e772586c99113c6997f88da636a9db8f2ce3a2c05e69?s=96&d=mm&r=g","contentUrl":"https:\/\/secure.gravatar.com\/avatar\/4d76991aa72469f0eb22e772586c99113c6997f88da636a9db8f2ce3a2c05e69?s=96&d=mm&r=g","caption":"infocongovirtuel"},"url":"https:\/\/congovirtuel.com\/information\/author\/infocongovirtuel\/"}]}},"gt_translate_keys":[{"key":"link","format":"url"}],"_links":{"self":[{"href":"https:\/\/congovirtuel.com\/information\/wp-json\/wp\/v2\/posts\/2523","targetHints":{"allow":["GET"]}}],"collection":[{"href":"https:\/\/congovirtuel.com\/information\/wp-json\/wp\/v2\/posts"}],"about":[{"href":"https:\/\/congovirtuel.com\/information\/wp-json\/wp\/v2\/types\/post"}],"author":[{"embeddable":true,"href":"https:\/\/congovirtuel.com\/information\/wp-json\/wp\/v2\/users\/1"}],"replies":[{"embeddable":true,"href":"https:\/\/congovirtuel.com\/information\/wp-json\/wp\/v2\/comments?post=2523"}],"version-history":[{"count":3,"href":"https:\/\/congovirtuel.com\/information\/wp-json\/wp\/v2\/posts\/2523\/revisions"}],"predecessor-version":[{"id":2528,"href":"https:\/\/congovirtuel.com\/information\/wp-json\/wp\/v2\/posts\/2523\/revisions\/2528"}],"wp:featuredmedia":[{"embeddable":true,"href":"https:\/\/congovirtuel.com\/information\/wp-json\/wp\/v2\/media\/2527"}],"wp:attachment":[{"href":"https:\/\/congovirtuel.com\/information\/wp-json\/wp\/v2\/media?parent=2523"}],"wp:term":[{"taxonomy":"category","embeddable":true,"href":"https:\/\/congovirtuel.com\/information\/wp-json\/wp\/v2\/categories?post=2523"},{"taxonomy":"post_tag","embeddable":true,"href":"https:\/\/congovirtuel.com\/information\/wp-json\/wp\/v2\/tags?post=2523"}],"curies":[{"name":"wp","href":"https:\/\/api.w.org\/{rel}","templated":true}]}}