{"id":2695,"date":"2020-08-07T19:18:40","date_gmt":"2020-08-07T18:18:40","guid":{"rendered":"https:\/\/congovirtuel.com\/information\/?p=2695"},"modified":"2020-08-07T19:19:07","modified_gmt":"2020-08-07T18:19:07","slug":"neeskens-kebano-je-nai-rien-lache","status":"publish","type":"post","link":"https:\/\/congovirtuel.com\/information\/neeskens-kebano-je-nai-rien-lache\/","title":{"rendered":"Neeskens Kebano : \u00ab\u00a0Je n&rsquo;ai rien l\u00e2ch\u00e9\u00a0\u00bb","gt_translate_keys":[{"key":"rendered","format":"text"}]},"content":{"rendered":"\n<p class=\"wp-block-paragraph\">Dans le sprint final de la course \u00e0 la mont\u00e9e en Premier League de Fulham, l&rsquo;international congolais a jou\u00e9 un r\u00f4l\u00e9-cl\u00e9. Il vient d&rsquo;ailleurs d&rsquo;\u00eatre r\u00e9compens\u00e9 avec une prolongation chez les Cottagers jusqu&rsquo;en 2022.<\/p>\n\n\n\n<p class=\"wp-block-paragraph\">\u00c0 Fulham, l&rsquo;homme de la fin de saison se nomme sans nul doute Neeskens Kebano.<\/p>\n\n\n\n<p class=\"wp-block-paragraph\">Son co\u00e9quipier Joe Bryan a certes d\u00e9livr\u00e9 l&rsquo;\u00e9quipe lors du barrage d&rsquo;accession remport\u00e9 mardi dernier 2-1 \u00e0 Wembley face \u00e0 Brentford.<\/p>\n\n\n\n<p class=\"wp-block-paragraph\">Mais lors des 4 matches qui ont pr\u00e9c\u00e9d\u00e9, \u00e0 la fois en saison r\u00e9guli\u00e8re et en play-offs dans cette Championship, le milieu congolais a inscrit 5 buts.<\/p>\n\n\n\n<p class=\"wp-block-paragraph\">Avant mi-juillet, il n&rsquo;avait pas marqu\u00e9 le moindre but dans cet \u00e9pisode 2019-2020.<\/p>\n\n\n\n<p class=\"wp-block-paragraph\">\u00ab\u00a0Avant le confinement, j&rsquo;avais commenc\u00e9 un match et pour le reste j&rsquo;avais juste fait des bouts de matches\u00a0\u00bb, rappelle Neeskens Kebano.<\/p>\n\n\n\n<p class=\"wp-block-paragraph\">Des fois je faisais des entr\u00e9es de 4 minutes, de 9 minutes\u2026 Mais apr\u00e8s le confinement, j&rsquo;ai d\u00e9but\u00e9 plus de matches. Avec plus de temps de jeu, \u00e7a donne plus de chances de marquer.\u00a0\u00bb<a href=\"https:\/\/twitter.com\/OptaJoe\/status\/1288421378685886464?s=20\">Image Copyright @OptaJoe@OPTAJOE<\/a><\/p>\n\n\n\n<p class=\"wp-block-paragraph\">Cette confiance, le joueur de 28 ans ne l&rsquo;a obtenu de son entra\u00eeneur Scott Parker que tr\u00e8s r\u00e9cemment.<\/p>\n\n\n\n<p class=\"wp-block-paragraph\">Lorsque le championnat avait \u00e9t\u00e9 suspendu en mars \u00e0 cause de la pand\u00e9mie Covid-19 avec 37 matches au compteur de la Championship, le manager de Fulham ne l&rsquo;avait titularis\u00e9 qu&rsquo;\u00e0 une reprise lors d&rsquo;un match \u00e0 l&rsquo;ext\u00e9rieur disput\u00e9 \u00e0 Brentford.<\/p>\n\n\n\n<p class=\"wp-block-paragraph\">Depuis lors, le joueur form\u00e9 au Paris Saint-Germain a \u00e9t\u00e9 titularis\u00e9 7 fois dont 5 dans le sprint final.<\/p>\n\n\n\n<p class=\"wp-block-paragraph\">\u00ab\u00a0Peut-\u00eatre qu&rsquo;il a senti que c&rsquo;\u00e9tait mon moment, que je le m\u00e9ritais par les efforts fournis. Je n&rsquo;ai jamais l\u00e2ch\u00e9, j&rsquo;ai toujours continu\u00e9 \u00e0 travailler et j&rsquo;ai saisi l&rsquo;opportunit\u00e9 lorsqu&rsquo;il m&rsquo;a mis sur le terrain et j&rsquo;ai continu\u00e9. Je me suis fait ma place.\u00a0\u00bb<\/p>\n\n\n\n<p class=\"wp-block-paragraph\">Et en endossant un r\u00f4le de h\u00e9ros inattendu quelques semaines auparavant, le milieu a \u00e9t\u00e9 d\u00e9cisif notamment lors de la demi-finale des play-offs avec deux buts inscrits \u00e0 l&rsquo;aller et au retour face \u00e0 Cardiff City puis 81 minutes acharn\u00e9es \u00e0 Wembley lors de la finale remport\u00e9e 2-1 lors du derby de \u00ab\u00a0West London\u00a0\u00bb face \u00e0 Brentford.<\/p>\n\n\n\n<p class=\"wp-block-paragraph\">Ce succ\u00e8s est son deuxi\u00e8me dans ce match souvent baptis\u00e9 comme le plus lucratif du football anglais apr\u00e8s la victoire 2-1 face \u00e0 Aston Villa \u00e0 Wembley en 2018.<\/p>\n\n\n\n<p class=\"wp-block-paragraph\">\u00ab\u00a0Fulham retrouve la place qui est la sienne ! Remonter directement comme \u00e7a, c&rsquo;est une fiert\u00e9, savoure Kebano. On a fait une saison qui n&rsquo;a pas \u00e9t\u00e9 parfaite du d\u00e9but \u00e0 la fin mais on s&rsquo;est battus comme des animaux affam\u00e9s et au final on a eu ce qu&rsquo;on m\u00e9ritait. C&rsquo;est pour cela qu&rsquo;on a c\u00e9l\u00e9br\u00e9 comme des fous.\u00a0\u00bb<\/p>\n\n\n\n<figure class=\"wp-block-image\"><img decoding=\"async\" src=\"https:\/\/ichef.bbci.co.uk\/news\/624\/cpsprodpb\/124A3\/production\/_113851947_picsport2_113825512_shutterstock_editorial_10732571ev.jpg\" alt=\"Neeskens Kebano fait un selfie avec la coupe.\"\/><\/figure>\n\n\n\n<p class=\"wp-block-paragraph\">Le natif de Montereau-Fault-Yonne en banlieue parisienne a d&rsquo;ailleurs une autre raison de c\u00e9l\u00e9brer : la prolongation de son contrat jusqu&rsquo;en 2022.<\/p>\n\n\n\n<p class=\"wp-block-paragraph\">\u00ab\u00a0Je m&rsquo;entends avec tout le monde, j&rsquo;ai mes habitudes, ma famille s&rsquo;\u00e9panouit ici. C&rsquo;est pour cela que je me sens bien ici.\u00a0\u00bb<\/p>\n\n\n\n<p class=\"wp-block-paragraph\">D\u00e9sormais \u00e0 l&rsquo;issue d&rsquo;une saison forc\u00e9ment longue aussi bien dans les t\u00eates que dans les jambes et des vacances courtes, il faudra vite se replonger dans la pr\u00e9paration au retour en Premier League dont le d\u00e9but de saison est pr\u00e9vu pour le 12 septembre.<\/p>\n\n\n\n<p class=\"wp-block-paragraph\">Et surtout faire mieux que lors de la saison 2018-19, la derni\u00e8re de Fulham dans l&rsquo;\u00e9lite anglaise.<\/p>\n\n\n\n<p class=\"wp-block-paragraph\">Malgr\u00e9 la signature au mercato qui avait pr\u00e9c\u00e9d\u00e9 d&rsquo;une dizaine de joueurs dont l&rsquo;international ivoirien Andr\u00e9-Frank Zambo Anguissa et l&rsquo;international ivoirien Jean Micha\u00ebl S\u00e9ri, les Cottagers avaient pass\u00e9 les 30 derni\u00e8res journ\u00e9es dans la zone des rel\u00e9gables.<\/p>\n\n\n\n<p class=\"wp-block-paragraph\">\u00ab\u00a0Essayer d&rsquo;inclure trop de joueurs dans une \u00e9quipe qui est d\u00e9j\u00e0 en place ne nous a pas aid\u00e9. Je ne suis pas un professeur du football mais c&rsquo;est l&rsquo;erreur \u00e0 ne pas faire.\u00a0\u00bb<\/p>\n\n\n\n<p class=\"wp-block-paragraph\">BBC<\/p>\n","protected":false,"gt_translate_keys":[{"key":"rendered","format":"html"}]},"excerpt":{"rendered":"<p>Dans le sprint final de la course \u00e0 la mont\u00e9e en Premier League de Fulham, l&rsquo;international congolais a jou\u00e9 un r\u00f4l\u00e9-cl\u00e9. Il vient d&rsquo;ailleurs d&rsquo;\u00eatre r\u00e9compens\u00e9 avec une prolongation chez les Cottagers jusqu&rsquo;en 2022. \u00c0 Fulham, l&rsquo;homme de la fin de saison se nomme sans nul doute Neeskens Kebano. Son co\u00e9quipier Joe Bryan a certes d\u00e9livr\u00e9 l&rsquo;\u00e9quipe lors du barrage d&rsquo;accession remport\u00e9 mardi dernier 2-1 \u00e0 Wembley face \u00e0 Brentford. Mais lors des 4 matches qui ont pr\u00e9c\u00e9d\u00e9, \u00e0 la fois en saison r\u00e9guli\u00e8re et en play-offs dans cette Championship,&hellip;<\/p>\n","protected":false,"gt_translate_keys":[{"key":"rendered","format":"html"}]},"author":1,"featured_media":2696,"comment_status":"open","ping_status":"open","sticky":false,"template":"","format":"standard","meta":{"_crdt_document":"","footnotes":""},"categories":[8],"tags":[1989,1988],"class_list":["post-2695","post","type-post","status-publish","format-standard","has-post-thumbnail","hentry","category-football","tag-fulham","tag-kebano-champions"],"gutentor_comment":0,"yoast_head":"<!-- This site is optimized with the Yoast SEO plugin v27.5 - https:\/\/yoast.com\/product\/yoast-seo-wordpress\/ -->\n<title>Neeskens Kebano : &quot;Je n&#039;ai rien l\u00e2ch\u00e9&quot; - Actualit\u00e9s congolaises et internationales<\/title>\n<meta name=\"robots\" content=\"index, follow, max-snippet:-1, max-image-preview:large, max-video-preview:-1\" \/>\n<link rel=\"canonical\" href=\"https:\/\/congovirtuel.com\/information\/neeskens-kebano-je-nai-rien-lache\/\" \/>\n<meta property=\"og:locale\" content=\"fr_FR\" \/>\n<meta property=\"og:type\" content=\"article\" \/>\n<meta property=\"og:title\" content=\"Neeskens Kebano : &quot;Je n&#039;ai rien l\u00e2ch\u00e9&quot; - Actualit\u00e9s congolaises et internationales\" \/>\n<meta property=\"og:description\" content=\"Dans le sprint final de la course \u00e0 la mont\u00e9e en Premier League de Fulham, l&rsquo;international congolais a jou\u00e9 un r\u00f4l\u00e9-cl\u00e9. Il vient d&rsquo;ailleurs d&rsquo;\u00eatre r\u00e9compens\u00e9 avec une prolongation chez les Cottagers jusqu&rsquo;en 2022. \u00c0 Fulham, l&rsquo;homme de la fin de saison se nomme sans nul doute Neeskens Kebano. Son co\u00e9quipier Joe Bryan a certes d\u00e9livr\u00e9 l&rsquo;\u00e9quipe lors du barrage d&rsquo;accession remport\u00e9 mardi dernier 2-1 \u00e0 Wembley face \u00e0 Brentford. Mais lors des 4 matches qui ont pr\u00e9c\u00e9d\u00e9, \u00e0 la fois en saison r\u00e9guli\u00e8re et en play-offs dans cette Championship,&hellip;\" \/>\n<meta property=\"og:url\" content=\"https:\/\/congovirtuel.com\/information\/neeskens-kebano-je-nai-rien-lache\/\" \/>\n<meta property=\"og:site_name\" content=\"Actualit\u00e9s congolaises et internationales\" \/>\n<meta property=\"article:publisher\" content=\"https:\/\/web.facebook.com\/Congovirtuel-763617960319601\/?ref=aymt_homepage_panel&amp;amp%3bamp%3bamp%3bamp%3bamp%3bamp%3bamp%3bamp%3bamp%3bamp%3bamp%3beid=ARCoxULa66767kIgF_KYav6VdjXTI4yk_LW4yoVO9s6NXpysgb7Cb65vpxcxgqzOAKvIbLQxaAETcqHT\" \/>\n<meta property=\"article:published_time\" content=\"2020-08-07T18:18:40+00:00\" \/>\n<meta property=\"article:modified_time\" content=\"2020-08-07T18:19:07+00:00\" \/>\n<meta property=\"og:image\" content=\"https:\/\/congovirtuel.com\/information\/wp-content\/uploads\/2020\/08\/kebano-1200-x-675.jpg\" \/>\n\t<meta property=\"og:image:width\" content=\"1200\" \/>\n\t<meta property=\"og:image:height\" content=\"675\" \/>\n\t<meta property=\"og:image:type\" content=\"image\/jpeg\" \/>\n<meta name=\"author\" content=\"infocongovirtuel\" \/>\n<meta name=\"twitter:card\" content=\"summary_large_image\" \/>\n<meta name=\"twitter:creator\" content=\"@congovirtuel\" \/>\n<meta name=\"twitter:site\" content=\"@congovirtuel\" \/>\n<meta name=\"twitter:label1\" content=\"\u00c9crit par\" \/>\n\t<meta name=\"twitter:data1\" content=\"infocongovirtuel\" \/>\n\t<meta name=\"twitter:label2\" content=\"Dur\u00e9e de lecture estim\u00e9e\" \/>\n\t<meta name=\"twitter:data2\" content=\"3 minutes\" \/>\n<script type=\"application\/ld+json\" class=\"yoast-schema-graph\">{\"@context\":\"https:\\\/\\\/schema.org\",\"@graph\":[{\"@type\":\"Article\",\"@id\":\"https:\\\/\\\/congovirtuel.com\\\/information\\\/neeskens-kebano-je-nai-rien-lache\\\/#article\",\"isPartOf\":{\"@id\":\"https:\\\/\\\/congovirtuel.com\\\/information\\\/neeskens-kebano-je-nai-rien-lache\\\/\"},\"author\":{\"name\":\"infocongovirtuel\",\"@id\":\"https:\\\/\\\/congovirtuel.com\\\/information\\\/#\\\/schema\\\/person\\\/739a44bf7990966cb53d58d2fdeca0b6\"},\"headline\":\"Neeskens Kebano : \u00ab\u00a0Je n&rsquo;ai rien l\u00e2ch\u00e9\u00a0\u00bb\",\"datePublished\":\"2020-08-07T18:18:40+00:00\",\"dateModified\":\"2020-08-07T18:19:07+00:00\",\"mainEntityOfPage\":{\"@id\":\"https:\\\/\\\/congovirtuel.com\\\/information\\\/neeskens-kebano-je-nai-rien-lache\\\/\"},\"wordCount\":683,\"commentCount\":0,\"publisher\":{\"@id\":\"https:\\\/\\\/congovirtuel.com\\\/information\\\/#organization\"},\"image\":{\"@id\":\"https:\\\/\\\/congovirtuel.com\\\/information\\\/neeskens-kebano-je-nai-rien-lache\\\/#primaryimage\"},\"thumbnailUrl\":\"https:\\\/\\\/congovirtuel.com\\\/information\\\/wp-content\\\/uploads\\\/2020\\\/08\\\/kebano-1200-x-675.jpg\",\"keywords\":[\"Fulham\",\"Kebano champions\"],\"articleSection\":[\"Football\"],\"inLanguage\":\"fr-FR\",\"potentialAction\":[{\"@type\":\"CommentAction\",\"name\":\"Comment\",\"target\":[\"https:\\\/\\\/congovirtuel.com\\\/information\\\/neeskens-kebano-je-nai-rien-lache\\\/#respond\"]}]},{\"@type\":\"WebPage\",\"@id\":\"https:\\\/\\\/congovirtuel.com\\\/information\\\/neeskens-kebano-je-nai-rien-lache\\\/\",\"url\":\"https:\\\/\\\/congovirtuel.com\\\/information\\\/neeskens-kebano-je-nai-rien-lache\\\/\",\"name\":\"Neeskens Kebano : \\\"Je n'ai rien l\u00e2ch\u00e9\\\" - Actualit\u00e9s congolaises et internationales\",\"isPartOf\":{\"@id\":\"https:\\\/\\\/congovirtuel.com\\\/information\\\/#website\"},\"primaryImageOfPage\":{\"@id\":\"https:\\\/\\\/congovirtuel.com\\\/information\\\/neeskens-kebano-je-nai-rien-lache\\\/#primaryimage\"},\"image\":{\"@id\":\"https:\\\/\\\/congovirtuel.com\\\/information\\\/neeskens-kebano-je-nai-rien-lache\\\/#primaryimage\"},\"thumbnailUrl\":\"https:\\\/\\\/congovirtuel.com\\\/information\\\/wp-content\\\/uploads\\\/2020\\\/08\\\/kebano-1200-x-675.jpg\",\"datePublished\":\"2020-08-07T18:18:40+00:00\",\"dateModified\":\"2020-08-07T18:19:07+00:00\",\"breadcrumb\":{\"@id\":\"https:\\\/\\\/congovirtuel.com\\\/information\\\/neeskens-kebano-je-nai-rien-lache\\\/#breadcrumb\"},\"inLanguage\":\"fr-FR\",\"potentialAction\":[{\"@type\":\"ReadAction\",\"target\":[\"https:\\\/\\\/congovirtuel.com\\\/information\\\/neeskens-kebano-je-nai-rien-lache\\\/\"]}]},{\"@type\":\"ImageObject\",\"inLanguage\":\"fr-FR\",\"@id\":\"https:\\\/\\\/congovirtuel.com\\\/information\\\/neeskens-kebano-je-nai-rien-lache\\\/#primaryimage\",\"url\":\"https:\\\/\\\/congovirtuel.com\\\/information\\\/wp-content\\\/uploads\\\/2020\\\/08\\\/kebano-1200-x-675.jpg\",\"contentUrl\":\"https:\\\/\\\/congovirtuel.com\\\/information\\\/wp-content\\\/uploads\\\/2020\\\/08\\\/kebano-1200-x-675.jpg\",\"width\":1200,\"height\":675},{\"@type\":\"BreadcrumbList\",\"@id\":\"https:\\\/\\\/congovirtuel.com\\\/information\\\/neeskens-kebano-je-nai-rien-lache\\\/#breadcrumb\",\"itemListElement\":[{\"@type\":\"ListItem\",\"position\":1,\"name\":\"Accueil\",\"item\":\"https:\\\/\\\/congovirtuel.com\\\/information\\\/\"},{\"@type\":\"ListItem\",\"position\":2,\"name\":\"Neeskens Kebano : \u00ab\u00a0Je n&rsquo;ai rien l\u00e2ch\u00e9\u00a0\u00bb\"}]},{\"@type\":\"WebSite\",\"@id\":\"https:\\\/\\\/congovirtuel.com\\\/information\\\/#website\",\"url\":\"https:\\\/\\\/congovirtuel.com\\\/information\\\/\",\"name\":\"Actualit\u00e9s congolaises et internationales\",\"description\":\"site d&#039;analyse et de traitement d&#039;information\",\"publisher\":{\"@id\":\"https:\\\/\\\/congovirtuel.com\\\/information\\\/#organization\"},\"potentialAction\":[{\"@type\":\"SearchAction\",\"target\":{\"@type\":\"EntryPoint\",\"urlTemplate\":\"https:\\\/\\\/congovirtuel.com\\\/information\\\/?s={search_term_string}\"},\"query-input\":{\"@type\":\"PropertyValueSpecification\",\"valueRequired\":true,\"valueName\":\"search_term_string\"}}],\"inLanguage\":\"fr-FR\"},{\"@type\":\"Organization\",\"@id\":\"https:\\\/\\\/congovirtuel.com\\\/information\\\/#organization\",\"name\":\"Biblioth\u00e8que Virtuelle de la RDC\",\"url\":\"https:\\\/\\\/congovirtuel.com\\\/information\\\/\",\"logo\":{\"@type\":\"ImageObject\",\"inLanguage\":\"fr-FR\",\"@id\":\"https:\\\/\\\/congovirtuel.com\\\/information\\\/#\\\/schema\\\/logo\\\/image\\\/\",\"url\":\"https:\\\/\\\/congovirtuel.com\\\/information\\\/wp-content\\\/uploads\\\/2018\\\/10\\\/header-info-congovirtuel-vraie.jpg\",\"contentUrl\":\"https:\\\/\\\/congovirtuel.com\\\/information\\\/wp-content\\\/uploads\\\/2018\\\/10\\\/header-info-congovirtuel-vraie.jpg\",\"width\":728,\"height\":90,\"caption\":\"Biblioth\u00e8que Virtuelle de la RDC\"},\"image\":{\"@id\":\"https:\\\/\\\/congovirtuel.com\\\/information\\\/#\\\/schema\\\/logo\\\/image\\\/\"},\"sameAs\":[\"https:\\\/\\\/web.facebook.com\\\/Congovirtuel-763617960319601\\\/?ref=aymt_homepage_panel&amp;amp;amp;amp;amp;amp;amp;amp;amp;amp;amp;eid=ARCoxULa66767kIgF_KYav6VdjXTI4yk_LW4yoVO9s6NXpysgb7Cb65vpxcxgqzOAKvIbLQxaAETcqHT\",\"https:\\\/\\\/x.com\\\/congovirtuel\",\"https:\\\/\\\/www.youtube.com\\\/channel\\\/UCkFfprYzGgS3EWNpeMXpToQ?view_as=subscriber\"]},{\"@type\":\"Person\",\"@id\":\"https:\\\/\\\/congovirtuel.com\\\/information\\\/#\\\/schema\\\/person\\\/739a44bf7990966cb53d58d2fdeca0b6\",\"name\":\"infocongovirtuel\",\"image\":{\"@type\":\"ImageObject\",\"inLanguage\":\"fr-FR\",\"@id\":\"https:\\\/\\\/secure.gravatar.com\\\/avatar\\\/4d76991aa72469f0eb22e772586c99113c6997f88da636a9db8f2ce3a2c05e69?s=96&d=mm&r=g\",\"url\":\"https:\\\/\\\/secure.gravatar.com\\\/avatar\\\/4d76991aa72469f0eb22e772586c99113c6997f88da636a9db8f2ce3a2c05e69?s=96&d=mm&r=g\",\"contentUrl\":\"https:\\\/\\\/secure.gravatar.com\\\/avatar\\\/4d76991aa72469f0eb22e772586c99113c6997f88da636a9db8f2ce3a2c05e69?s=96&d=mm&r=g\",\"caption\":\"infocongovirtuel\"},\"url\":\"https:\\\/\\\/congovirtuel.com\\\/information\\\/author\\\/infocongovirtuel\\\/\"}]}<\/script>\n<!-- \/ Yoast SEO plugin. -->","yoast_head_json":{"title":"Neeskens Kebano : \"Je n'ai rien l\u00e2ch\u00e9\" - Actualit\u00e9s congolaises et internationales","robots":{"index":"index","follow":"follow","max-snippet":"max-snippet:-1","max-image-preview":"max-image-preview:large","max-video-preview":"max-video-preview:-1"},"canonical":"https:\/\/congovirtuel.com\/information\/neeskens-kebano-je-nai-rien-lache\/","og_locale":"fr_FR","og_type":"article","og_title":"Neeskens Kebano : \"Je n'ai rien l\u00e2ch\u00e9\" - Actualit\u00e9s congolaises et internationales","og_description":"Dans le sprint final de la course \u00e0 la mont\u00e9e en Premier League de Fulham, l&rsquo;international congolais a jou\u00e9 un r\u00f4l\u00e9-cl\u00e9. Il vient d&rsquo;ailleurs d&rsquo;\u00eatre r\u00e9compens\u00e9 avec une prolongation chez les Cottagers jusqu&rsquo;en 2022. \u00c0 Fulham, l&rsquo;homme de la fin de saison se nomme sans nul doute Neeskens Kebano. Son co\u00e9quipier Joe Bryan a certes d\u00e9livr\u00e9 l&rsquo;\u00e9quipe lors du barrage d&rsquo;accession remport\u00e9 mardi dernier 2-1 \u00e0 Wembley face \u00e0 Brentford. Mais lors des 4 matches qui ont pr\u00e9c\u00e9d\u00e9, \u00e0 la fois en saison r\u00e9guli\u00e8re et en play-offs dans cette Championship,&hellip;","og_url":"https:\/\/congovirtuel.com\/information\/neeskens-kebano-je-nai-rien-lache\/","og_site_name":"Actualit\u00e9s congolaises et internationales","article_publisher":"https:\/\/web.facebook.com\/Congovirtuel-763617960319601\/?ref=aymt_homepage_panel&amp%3bamp%3bamp%3bamp%3bamp%3bamp%3bamp%3bamp%3bamp%3bamp%3bamp%3beid=ARCoxULa66767kIgF_KYav6VdjXTI4yk_LW4yoVO9s6NXpysgb7Cb65vpxcxgqzOAKvIbLQxaAETcqHT","article_published_time":"2020-08-07T18:18:40+00:00","article_modified_time":"2020-08-07T18:19:07+00:00","og_image":[{"width":1200,"height":675,"url":"https:\/\/congovirtuel.com\/information\/wp-content\/uploads\/2020\/08\/kebano-1200-x-675.jpg","type":"image\/jpeg"}],"author":"infocongovirtuel","twitter_card":"summary_large_image","twitter_creator":"@congovirtuel","twitter_site":"@congovirtuel","twitter_misc":{"\u00c9crit par":"infocongovirtuel","Dur\u00e9e de lecture estim\u00e9e":"3 minutes"},"schema":{"@context":"https:\/\/schema.org","@graph":[{"@type":"Article","@id":"https:\/\/congovirtuel.com\/information\/neeskens-kebano-je-nai-rien-lache\/#article","isPartOf":{"@id":"https:\/\/congovirtuel.com\/information\/neeskens-kebano-je-nai-rien-lache\/"},"author":{"name":"infocongovirtuel","@id":"https:\/\/congovirtuel.com\/information\/#\/schema\/person\/739a44bf7990966cb53d58d2fdeca0b6"},"headline":"Neeskens Kebano : \u00ab\u00a0Je n&rsquo;ai rien l\u00e2ch\u00e9\u00a0\u00bb","datePublished":"2020-08-07T18:18:40+00:00","dateModified":"2020-08-07T18:19:07+00:00","mainEntityOfPage":{"@id":"https:\/\/congovirtuel.com\/information\/neeskens-kebano-je-nai-rien-lache\/"},"wordCount":683,"commentCount":0,"publisher":{"@id":"https:\/\/congovirtuel.com\/information\/#organization"},"image":{"@id":"https:\/\/congovirtuel.com\/information\/neeskens-kebano-je-nai-rien-lache\/#primaryimage"},"thumbnailUrl":"https:\/\/congovirtuel.com\/information\/wp-content\/uploads\/2020\/08\/kebano-1200-x-675.jpg","keywords":["Fulham","Kebano champions"],"articleSection":["Football"],"inLanguage":"fr-FR","potentialAction":[{"@type":"CommentAction","name":"Comment","target":["https:\/\/congovirtuel.com\/information\/neeskens-kebano-je-nai-rien-lache\/#respond"]}]},{"@type":"WebPage","@id":"https:\/\/congovirtuel.com\/information\/neeskens-kebano-je-nai-rien-lache\/","url":"https:\/\/congovirtuel.com\/information\/neeskens-kebano-je-nai-rien-lache\/","name":"Neeskens Kebano : \"Je n'ai rien l\u00e2ch\u00e9\" - Actualit\u00e9s congolaises et internationales","isPartOf":{"@id":"https:\/\/congovirtuel.com\/information\/#website"},"primaryImageOfPage":{"@id":"https:\/\/congovirtuel.com\/information\/neeskens-kebano-je-nai-rien-lache\/#primaryimage"},"image":{"@id":"https:\/\/congovirtuel.com\/information\/neeskens-kebano-je-nai-rien-lache\/#primaryimage"},"thumbnailUrl":"https:\/\/congovirtuel.com\/information\/wp-content\/uploads\/2020\/08\/kebano-1200-x-675.jpg","datePublished":"2020-08-07T18:18:40+00:00","dateModified":"2020-08-07T18:19:07+00:00","breadcrumb":{"@id":"https:\/\/congovirtuel.com\/information\/neeskens-kebano-je-nai-rien-lache\/#breadcrumb"},"inLanguage":"fr-FR","potentialAction":[{"@type":"ReadAction","target":["https:\/\/congovirtuel.com\/information\/neeskens-kebano-je-nai-rien-lache\/"]}]},{"@type":"ImageObject","inLanguage":"fr-FR","@id":"https:\/\/congovirtuel.com\/information\/neeskens-kebano-je-nai-rien-lache\/#primaryimage","url":"https:\/\/congovirtuel.com\/information\/wp-content\/uploads\/2020\/08\/kebano-1200-x-675.jpg","contentUrl":"https:\/\/congovirtuel.com\/information\/wp-content\/uploads\/2020\/08\/kebano-1200-x-675.jpg","width":1200,"height":675},{"@type":"BreadcrumbList","@id":"https:\/\/congovirtuel.com\/information\/neeskens-kebano-je-nai-rien-lache\/#breadcrumb","itemListElement":[{"@type":"ListItem","position":1,"name":"Accueil","item":"https:\/\/congovirtuel.com\/information\/"},{"@type":"ListItem","position":2,"name":"Neeskens Kebano : \u00ab\u00a0Je n&rsquo;ai rien l\u00e2ch\u00e9\u00a0\u00bb"}]},{"@type":"WebSite","@id":"https:\/\/congovirtuel.com\/information\/#website","url":"https:\/\/congovirtuel.com\/information\/","name":"Actualit\u00e9s congolaises et internationales","description":"site d&#039;analyse et de traitement d&#039;information","publisher":{"@id":"https:\/\/congovirtuel.com\/information\/#organization"},"potentialAction":[{"@type":"SearchAction","target":{"@type":"EntryPoint","urlTemplate":"https:\/\/congovirtuel.com\/information\/?s={search_term_string}"},"query-input":{"@type":"PropertyValueSpecification","valueRequired":true,"valueName":"search_term_string"}}],"inLanguage":"fr-FR"},{"@type":"Organization","@id":"https:\/\/congovirtuel.com\/information\/#organization","name":"Biblioth\u00e8que Virtuelle de la RDC","url":"https:\/\/congovirtuel.com\/information\/","logo":{"@type":"ImageObject","inLanguage":"fr-FR","@id":"https:\/\/congovirtuel.com\/information\/#\/schema\/logo\/image\/","url":"https:\/\/congovirtuel.com\/information\/wp-content\/uploads\/2018\/10\/header-info-congovirtuel-vraie.jpg","contentUrl":"https:\/\/congovirtuel.com\/information\/wp-content\/uploads\/2018\/10\/header-info-congovirtuel-vraie.jpg","width":728,"height":90,"caption":"Biblioth\u00e8que Virtuelle de la RDC"},"image":{"@id":"https:\/\/congovirtuel.com\/information\/#\/schema\/logo\/image\/"},"sameAs":["https:\/\/web.facebook.com\/Congovirtuel-763617960319601\/?ref=aymt_homepage_panel&amp;amp;amp;amp;amp;amp;amp;amp;amp;amp;amp;eid=ARCoxULa66767kIgF_KYav6VdjXTI4yk_LW4yoVO9s6NXpysgb7Cb65vpxcxgqzOAKvIbLQxaAETcqHT","https:\/\/x.com\/congovirtuel","https:\/\/www.youtube.com\/channel\/UCkFfprYzGgS3EWNpeMXpToQ?view_as=subscriber"]},{"@type":"Person","@id":"https:\/\/congovirtuel.com\/information\/#\/schema\/person\/739a44bf7990966cb53d58d2fdeca0b6","name":"infocongovirtuel","image":{"@type":"ImageObject","inLanguage":"fr-FR","@id":"https:\/\/secure.gravatar.com\/avatar\/4d76991aa72469f0eb22e772586c99113c6997f88da636a9db8f2ce3a2c05e69?s=96&d=mm&r=g","url":"https:\/\/secure.gravatar.com\/avatar\/4d76991aa72469f0eb22e772586c99113c6997f88da636a9db8f2ce3a2c05e69?s=96&d=mm&r=g","contentUrl":"https:\/\/secure.gravatar.com\/avatar\/4d76991aa72469f0eb22e772586c99113c6997f88da636a9db8f2ce3a2c05e69?s=96&d=mm&r=g","caption":"infocongovirtuel"},"url":"https:\/\/congovirtuel.com\/information\/author\/infocongovirtuel\/"}]}},"gt_translate_keys":[{"key":"link","format":"url"}],"_links":{"self":[{"href":"https:\/\/congovirtuel.com\/information\/wp-json\/wp\/v2\/posts\/2695","targetHints":{"allow":["GET"]}}],"collection":[{"href":"https:\/\/congovirtuel.com\/information\/wp-json\/wp\/v2\/posts"}],"about":[{"href":"https:\/\/congovirtuel.com\/information\/wp-json\/wp\/v2\/types\/post"}],"author":[{"embeddable":true,"href":"https:\/\/congovirtuel.com\/information\/wp-json\/wp\/v2\/users\/1"}],"replies":[{"embeddable":true,"href":"https:\/\/congovirtuel.com\/information\/wp-json\/wp\/v2\/comments?post=2695"}],"version-history":[{"count":1,"href":"https:\/\/congovirtuel.com\/information\/wp-json\/wp\/v2\/posts\/2695\/revisions"}],"predecessor-version":[{"id":2697,"href":"https:\/\/congovirtuel.com\/information\/wp-json\/wp\/v2\/posts\/2695\/revisions\/2697"}],"wp:featuredmedia":[{"embeddable":true,"href":"https:\/\/congovirtuel.com\/information\/wp-json\/wp\/v2\/media\/2696"}],"wp:attachment":[{"href":"https:\/\/congovirtuel.com\/information\/wp-json\/wp\/v2\/media?parent=2695"}],"wp:term":[{"taxonomy":"category","embeddable":true,"href":"https:\/\/congovirtuel.com\/information\/wp-json\/wp\/v2\/categories?post=2695"},{"taxonomy":"post_tag","embeddable":true,"href":"https:\/\/congovirtuel.com\/information\/wp-json\/wp\/v2\/tags?post=2695"}],"curies":[{"name":"wp","href":"https:\/\/api.w.org\/{rel}","templated":true}]}}