{"id":271,"date":"2019-10-11T12:29:23","date_gmt":"2019-10-11T11:29:23","guid":{"rendered":"https:\/\/congovirtuel.com\/information\/?p=271"},"modified":"2019-10-11T12:30:01","modified_gmt":"2019-10-11T11:30:01","slug":"abiy-ahmed-premier-ministre-ethiopien-remporte-le-prix-nobel-de-la-paix","status":"publish","type":"post","link":"https:\/\/congovirtuel.com\/information\/abiy-ahmed-premier-ministre-ethiopien-remporte-le-prix-nobel-de-la-paix\/","title":{"rendered":"Abiy Ahmed, Premier ministre \u00e9thiopien, remporte le prix Nobel de la paix","gt_translate_keys":[{"key":"rendered","format":"text"}]},"content":{"rendered":"\n<p class=\"wp-block-paragraph\"><strong>Le Premier ministre \u00e9thiopien Abiy Ahmed a re\u00e7u le prix Nobel de la paix<\/strong><strong>.<\/strong><\/p>\n\n\n\n<p class=\"wp-block-paragraph\">Ce prix lui a \u00e9t\u00e9 d\u00e9cern\u00e9 pour ses efforts en faveur de la \u00ab\u00a0paix et de la coop\u00e9ration internationale\u00a0\u00bb.Il a jou\u00e9 un r\u00f4le clef dans la signature l&rsquo;ann\u00e9e derni\u00e8re de l&rsquo;accord de paix qui a mis fin \u00e0 une impasse militaire de pr\u00e8s de 20 ans avec l&rsquo;\u00c9rythr\u00e9e, apr\u00e8s la guerre frontali\u00e8re de 1998-2000.<\/p>\n\n\n\n<p class=\"wp-block-paragraph\">M. Abiy a d\u00e9clar\u00e9 : \u00ab\u00a0Je suis tellement flatt\u00e9 et ravi d&rsquo;apprendre la nouvelle, merci beaucoup. C&rsquo;est un prix donn\u00e9 \u00e0 l&rsquo;Afrique, donn\u00e9 \u00e0 l&rsquo;Ethiopie, et je peux imaginer comment le reste des dirigeants africains le prendront positivement pour travailler sur le processus de construction de la paix sur notre continent\u00a0\u00bb.<\/p>\n\n\n\n<p class=\"wp-block-paragraph\">Abiy Ahmed, 43 ans, a \u00e9galement \u00e9t\u00e9 r\u00e9cemment salu\u00e9 pour son r\u00f4le dans la facilitation d&rsquo;un accord de partage du pouvoir au Soudan voisin, apr\u00e8s le renversement du pr\u00e9sident Omar el-B\u00e9chir.<\/p>\n\n\n\n<script async src=\"\/\/pagead2.googlesyndication.com\/pagead\/js\/adsbygoogle.js\"><\/script>\n<!-- code responsive -->\n<ins class=\"adsbygoogle\"\n     style=\"display:block\"\n     data-ad-client=\"ca-pub-2119363214666215\"\n     data-ad-slot=\"1973679082\"\n     data-ad-format=\"auto\"><\/ins>\n<script>\n(adsbygoogle = window.adsbygoogle || []).push({});\n<\/script>   \n          \n\n\n\n<p class=\"wp-block-paragraph\">Il est devenu Premier ministre \u00e9thiopien en avril 2018 et s&rsquo;est lanc\u00e9 dans une s\u00e9rie de r\u00e9formes internes qui ont chang\u00e9 la politique du pays.<\/p>\n\n\n\n<p class=\"wp-block-paragraph\">Abiy Ahmed a \u00e9t\u00e9 nomm\u00e9 laur\u00e9at du 100e prix Nobel de la paix \u00e0 Oslo.<\/p>\n\n\n\n<p class=\"wp-block-paragraph\">Le comit\u00e9 Nobel a f\u00e9licit\u00e9 le Premier ministre \u00e9thiopien pour avoir non seulement fait pression en faveur de la paix avec l&rsquo;\u00c9rythr\u00e9e, mais aussi pour avoir men\u00e9 une s\u00e9rie de r\u00e9formes.<\/p>\n\n\n\n<p class=\"wp-block-paragraph\">Abiy Ahmed a accord\u00e9 l&rsquo;amnistie \u00e0 des milliers de prisonniers politiques, permis aux groupes d&rsquo;opposition d&rsquo;op\u00e9rer apr\u00e8s des ann\u00e9es d&rsquo;oppression et lib\u00e9r\u00e9 les m\u00e9dias musel\u00e9s.<\/p>\n\n\n\n<p class=\"wp-block-paragraph\">Les efforts de M. Abiy pour aider \u00e0 mettre fin \u00e0 la crise politique au Soudan ont \u00e9galement jou\u00e9 un r\u00f4le dans la d\u00e9cision de lui d\u00e9cerner le prix Nobel de la paix.<\/p>\n\n\n\n<p class=\"wp-block-paragraph\">Mais certains critiquent cette d\u00e9cision parce que, comme l&rsquo;a soulign\u00e9 le comit\u00e9 Nobel, de nombreux probl\u00e8mes restent \u00e0 r\u00e9soudre en \u00c9thiopie.<\/p>\n\n\n\n<p class=\"wp-block-paragraph\">Les critiques de M. Abiy affirment qu&rsquo;il n&rsquo;a pas fait grand-chose pour s&rsquo;attaquer \u00e0 la dangereuse augmentation des tensions ethniques qui ont contraint des millions de personnes \u00e0 quitter leur foyer. Au total, 301 candidats avaient \u00e9t\u00e9 nomin\u00e9s pour ce prix prestigieux, dont 223 personnes et 78 organisations.Il y avait eu beaucoup de sp\u00e9culations sur qui allait gagner le prix. Selon les r\u00e8gles de la Fondation Nobel, les listes de candidats pr\u00e9s\u00e9lectionn\u00e9s ne peuvent \u00eatre publi\u00e9es avant 50 ans.<\/p>\n\n\n\n<p class=\"wp-block-paragraph\">By BBC<\/p>\n","protected":false,"gt_translate_keys":[{"key":"rendered","format":"html"}]},"excerpt":{"rendered":"<p>Le Premier ministre \u00e9thiopien Abiy Ahmed a re\u00e7u le prix Nobel de la paix. Ce prix lui a \u00e9t\u00e9 d\u00e9cern\u00e9 pour ses efforts en faveur de la \u00ab\u00a0paix et de la coop\u00e9ration internationale\u00a0\u00bb.Il a jou\u00e9 un r\u00f4le clef dans la signature l&rsquo;ann\u00e9e derni\u00e8re de l&rsquo;accord de paix qui a mis fin \u00e0 une impasse militaire de pr\u00e8s de 20 ans avec l&rsquo;\u00c9rythr\u00e9e, apr\u00e8s la guerre frontali\u00e8re de 1998-2000. M. Abiy a d\u00e9clar\u00e9 : \u00ab\u00a0Je suis tellement flatt\u00e9 et ravi d&rsquo;apprendre la nouvelle, merci beaucoup. C&rsquo;est un prix donn\u00e9 \u00e0 l&rsquo;Afrique,&hellip;<\/p>\n","protected":false,"gt_translate_keys":[{"key":"rendered","format":"html"}]},"author":1,"featured_media":272,"comment_status":"open","ping_status":"open","sticky":false,"template":"","format":"standard","meta":{"_crdt_document":"","footnotes":""},"categories":[12],"tags":[],"class_list":["post-271","post","type-post","status-publish","format-standard","has-post-thumbnail","hentry","category-afrique"],"gutentor_comment":0,"yoast_head":"<!-- This site is optimized with the Yoast SEO plugin v27.5 - https:\/\/yoast.com\/product\/yoast-seo-wordpress\/ -->\n<title>Abiy Ahmed, Premier ministre \u00e9thiopien, remporte le prix Nobel de la paix - Actualit\u00e9s congolaises et internationales<\/title>\n<meta name=\"robots\" content=\"index, follow, max-snippet:-1, max-image-preview:large, max-video-preview:-1\" \/>\n<link rel=\"canonical\" href=\"https:\/\/congovirtuel.com\/information\/abiy-ahmed-premier-ministre-ethiopien-remporte-le-prix-nobel-de-la-paix\/\" \/>\n<meta property=\"og:locale\" content=\"fr_FR\" \/>\n<meta property=\"og:type\" content=\"article\" \/>\n<meta property=\"og:title\" content=\"Abiy Ahmed, Premier ministre \u00e9thiopien, remporte le prix Nobel de la paix - Actualit\u00e9s congolaises et internationales\" \/>\n<meta property=\"og:description\" content=\"Le Premier ministre \u00e9thiopien Abiy Ahmed a re\u00e7u le prix Nobel de la paix. Ce prix lui a \u00e9t\u00e9 d\u00e9cern\u00e9 pour ses efforts en faveur de la \u00ab\u00a0paix et de la coop\u00e9ration internationale\u00a0\u00bb.Il a jou\u00e9 un r\u00f4le clef dans la signature l&rsquo;ann\u00e9e derni\u00e8re de l&rsquo;accord de paix qui a mis fin \u00e0 une impasse militaire de pr\u00e8s de 20 ans avec l&rsquo;\u00c9rythr\u00e9e, apr\u00e8s la guerre frontali\u00e8re de 1998-2000. M. Abiy a d\u00e9clar\u00e9 : \u00ab\u00a0Je suis tellement flatt\u00e9 et ravi d&rsquo;apprendre la nouvelle, merci beaucoup. C&rsquo;est un prix donn\u00e9 \u00e0 l&rsquo;Afrique,&hellip;\" \/>\n<meta property=\"og:url\" content=\"https:\/\/congovirtuel.com\/information\/abiy-ahmed-premier-ministre-ethiopien-remporte-le-prix-nobel-de-la-paix\/\" \/>\n<meta property=\"og:site_name\" content=\"Actualit\u00e9s congolaises et internationales\" \/>\n<meta property=\"article:publisher\" content=\"https:\/\/web.facebook.com\/Congovirtuel-763617960319601\/?ref=aymt_homepage_panel&amp;amp%3bamp%3bamp%3bamp%3bamp%3bamp%3bamp%3bamp%3bamp%3bamp%3bamp%3beid=ARCoxULa66767kIgF_KYav6VdjXTI4yk_LW4yoVO9s6NXpysgb7Cb65vpxcxgqzOAKvIbLQxaAETcqHT\" \/>\n<meta property=\"article:published_time\" content=\"2019-10-11T11:29:23+00:00\" \/>\n<meta property=\"article:modified_time\" content=\"2019-10-11T11:30:01+00:00\" \/>\n<meta property=\"og:image\" content=\"https:\/\/congovirtuel.com\/information\/wp-content\/uploads\/2019\/10\/abiy_ahmed.jpg\" \/>\n\t<meta property=\"og:image:width\" content=\"624\" \/>\n\t<meta property=\"og:image:height\" content=\"351\" \/>\n\t<meta property=\"og:image:type\" content=\"image\/jpeg\" \/>\n<meta name=\"author\" content=\"infocongovirtuel\" \/>\n<meta name=\"twitter:card\" content=\"summary_large_image\" \/>\n<meta name=\"twitter:creator\" content=\"@congovirtuel\" \/>\n<meta name=\"twitter:site\" content=\"@congovirtuel\" \/>\n<meta name=\"twitter:label1\" content=\"\u00c9crit par\" \/>\n\t<meta name=\"twitter:data1\" content=\"infocongovirtuel\" \/>\n\t<meta name=\"twitter:label2\" content=\"Dur\u00e9e de lecture estim\u00e9e\" \/>\n\t<meta name=\"twitter:data2\" content=\"2 minutes\" \/>\n<script type=\"application\/ld+json\" class=\"yoast-schema-graph\">{\"@context\":\"https:\\\/\\\/schema.org\",\"@graph\":[{\"@type\":\"Article\",\"@id\":\"https:\\\/\\\/congovirtuel.com\\\/information\\\/abiy-ahmed-premier-ministre-ethiopien-remporte-le-prix-nobel-de-la-paix\\\/#article\",\"isPartOf\":{\"@id\":\"https:\\\/\\\/congovirtuel.com\\\/information\\\/abiy-ahmed-premier-ministre-ethiopien-remporte-le-prix-nobel-de-la-paix\\\/\"},\"author\":{\"name\":\"infocongovirtuel\",\"@id\":\"https:\\\/\\\/congovirtuel.com\\\/information\\\/#\\\/schema\\\/person\\\/739a44bf7990966cb53d58d2fdeca0b6\"},\"headline\":\"Abiy Ahmed, Premier ministre \u00e9thiopien, remporte le prix Nobel de la paix\",\"datePublished\":\"2019-10-11T11:29:23+00:00\",\"dateModified\":\"2019-10-11T11:30:01+00:00\",\"mainEntityOfPage\":{\"@id\":\"https:\\\/\\\/congovirtuel.com\\\/information\\\/abiy-ahmed-premier-ministre-ethiopien-remporte-le-prix-nobel-de-la-paix\\\/\"},\"wordCount\":437,\"commentCount\":0,\"publisher\":{\"@id\":\"https:\\\/\\\/congovirtuel.com\\\/information\\\/#organization\"},\"image\":{\"@id\":\"https:\\\/\\\/congovirtuel.com\\\/information\\\/abiy-ahmed-premier-ministre-ethiopien-remporte-le-prix-nobel-de-la-paix\\\/#primaryimage\"},\"thumbnailUrl\":\"https:\\\/\\\/congovirtuel.com\\\/information\\\/wp-content\\\/uploads\\\/2019\\\/10\\\/abiy_ahmed.jpg\",\"articleSection\":[\"Afrique\"],\"inLanguage\":\"fr-FR\",\"potentialAction\":[{\"@type\":\"CommentAction\",\"name\":\"Comment\",\"target\":[\"https:\\\/\\\/congovirtuel.com\\\/information\\\/abiy-ahmed-premier-ministre-ethiopien-remporte-le-prix-nobel-de-la-paix\\\/#respond\"]}]},{\"@type\":\"WebPage\",\"@id\":\"https:\\\/\\\/congovirtuel.com\\\/information\\\/abiy-ahmed-premier-ministre-ethiopien-remporte-le-prix-nobel-de-la-paix\\\/\",\"url\":\"https:\\\/\\\/congovirtuel.com\\\/information\\\/abiy-ahmed-premier-ministre-ethiopien-remporte-le-prix-nobel-de-la-paix\\\/\",\"name\":\"Abiy Ahmed, Premier ministre \u00e9thiopien, remporte le prix Nobel de la paix - Actualit\u00e9s congolaises et internationales\",\"isPartOf\":{\"@id\":\"https:\\\/\\\/congovirtuel.com\\\/information\\\/#website\"},\"primaryImageOfPage\":{\"@id\":\"https:\\\/\\\/congovirtuel.com\\\/information\\\/abiy-ahmed-premier-ministre-ethiopien-remporte-le-prix-nobel-de-la-paix\\\/#primaryimage\"},\"image\":{\"@id\":\"https:\\\/\\\/congovirtuel.com\\\/information\\\/abiy-ahmed-premier-ministre-ethiopien-remporte-le-prix-nobel-de-la-paix\\\/#primaryimage\"},\"thumbnailUrl\":\"https:\\\/\\\/congovirtuel.com\\\/information\\\/wp-content\\\/uploads\\\/2019\\\/10\\\/abiy_ahmed.jpg\",\"datePublished\":\"2019-10-11T11:29:23+00:00\",\"dateModified\":\"2019-10-11T11:30:01+00:00\",\"breadcrumb\":{\"@id\":\"https:\\\/\\\/congovirtuel.com\\\/information\\\/abiy-ahmed-premier-ministre-ethiopien-remporte-le-prix-nobel-de-la-paix\\\/#breadcrumb\"},\"inLanguage\":\"fr-FR\",\"potentialAction\":[{\"@type\":\"ReadAction\",\"target\":[\"https:\\\/\\\/congovirtuel.com\\\/information\\\/abiy-ahmed-premier-ministre-ethiopien-remporte-le-prix-nobel-de-la-paix\\\/\"]}]},{\"@type\":\"ImageObject\",\"inLanguage\":\"fr-FR\",\"@id\":\"https:\\\/\\\/congovirtuel.com\\\/information\\\/abiy-ahmed-premier-ministre-ethiopien-remporte-le-prix-nobel-de-la-paix\\\/#primaryimage\",\"url\":\"https:\\\/\\\/congovirtuel.com\\\/information\\\/wp-content\\\/uploads\\\/2019\\\/10\\\/abiy_ahmed.jpg\",\"contentUrl\":\"https:\\\/\\\/congovirtuel.com\\\/information\\\/wp-content\\\/uploads\\\/2019\\\/10\\\/abiy_ahmed.jpg\",\"width\":624,\"height\":351},{\"@type\":\"BreadcrumbList\",\"@id\":\"https:\\\/\\\/congovirtuel.com\\\/information\\\/abiy-ahmed-premier-ministre-ethiopien-remporte-le-prix-nobel-de-la-paix\\\/#breadcrumb\",\"itemListElement\":[{\"@type\":\"ListItem\",\"position\":1,\"name\":\"Accueil\",\"item\":\"https:\\\/\\\/congovirtuel.com\\\/information\\\/\"},{\"@type\":\"ListItem\",\"position\":2,\"name\":\"Abiy Ahmed, Premier ministre \u00e9thiopien, remporte le prix Nobel de la paix\"}]},{\"@type\":\"WebSite\",\"@id\":\"https:\\\/\\\/congovirtuel.com\\\/information\\\/#website\",\"url\":\"https:\\\/\\\/congovirtuel.com\\\/information\\\/\",\"name\":\"Actualit\u00e9s congolaises et internationales\",\"description\":\"site d&#039;analyse et de traitement d&#039;information\",\"publisher\":{\"@id\":\"https:\\\/\\\/congovirtuel.com\\\/information\\\/#organization\"},\"potentialAction\":[{\"@type\":\"SearchAction\",\"target\":{\"@type\":\"EntryPoint\",\"urlTemplate\":\"https:\\\/\\\/congovirtuel.com\\\/information\\\/?s={search_term_string}\"},\"query-input\":{\"@type\":\"PropertyValueSpecification\",\"valueRequired\":true,\"valueName\":\"search_term_string\"}}],\"inLanguage\":\"fr-FR\"},{\"@type\":\"Organization\",\"@id\":\"https:\\\/\\\/congovirtuel.com\\\/information\\\/#organization\",\"name\":\"Biblioth\u00e8que Virtuelle de la RDC\",\"url\":\"https:\\\/\\\/congovirtuel.com\\\/information\\\/\",\"logo\":{\"@type\":\"ImageObject\",\"inLanguage\":\"fr-FR\",\"@id\":\"https:\\\/\\\/congovirtuel.com\\\/information\\\/#\\\/schema\\\/logo\\\/image\\\/\",\"url\":\"https:\\\/\\\/congovirtuel.com\\\/information\\\/wp-content\\\/uploads\\\/2018\\\/10\\\/header-info-congovirtuel-vraie.jpg\",\"contentUrl\":\"https:\\\/\\\/congovirtuel.com\\\/information\\\/wp-content\\\/uploads\\\/2018\\\/10\\\/header-info-congovirtuel-vraie.jpg\",\"width\":728,\"height\":90,\"caption\":\"Biblioth\u00e8que Virtuelle de la RDC\"},\"image\":{\"@id\":\"https:\\\/\\\/congovirtuel.com\\\/information\\\/#\\\/schema\\\/logo\\\/image\\\/\"},\"sameAs\":[\"https:\\\/\\\/web.facebook.com\\\/Congovirtuel-763617960319601\\\/?ref=aymt_homepage_panel&amp;amp;amp;amp;amp;amp;amp;amp;amp;amp;amp;eid=ARCoxULa66767kIgF_KYav6VdjXTI4yk_LW4yoVO9s6NXpysgb7Cb65vpxcxgqzOAKvIbLQxaAETcqHT\",\"https:\\\/\\\/x.com\\\/congovirtuel\",\"https:\\\/\\\/www.youtube.com\\\/channel\\\/UCkFfprYzGgS3EWNpeMXpToQ?view_as=subscriber\"]},{\"@type\":\"Person\",\"@id\":\"https:\\\/\\\/congovirtuel.com\\\/information\\\/#\\\/schema\\\/person\\\/739a44bf7990966cb53d58d2fdeca0b6\",\"name\":\"infocongovirtuel\",\"image\":{\"@type\":\"ImageObject\",\"inLanguage\":\"fr-FR\",\"@id\":\"https:\\\/\\\/secure.gravatar.com\\\/avatar\\\/4d76991aa72469f0eb22e772586c99113c6997f88da636a9db8f2ce3a2c05e69?s=96&d=mm&r=g\",\"url\":\"https:\\\/\\\/secure.gravatar.com\\\/avatar\\\/4d76991aa72469f0eb22e772586c99113c6997f88da636a9db8f2ce3a2c05e69?s=96&d=mm&r=g\",\"contentUrl\":\"https:\\\/\\\/secure.gravatar.com\\\/avatar\\\/4d76991aa72469f0eb22e772586c99113c6997f88da636a9db8f2ce3a2c05e69?s=96&d=mm&r=g\",\"caption\":\"infocongovirtuel\"},\"url\":\"https:\\\/\\\/congovirtuel.com\\\/information\\\/author\\\/infocongovirtuel\\\/\"}]}<\/script>\n<!-- \/ Yoast SEO plugin. -->","yoast_head_json":{"title":"Abiy Ahmed, Premier ministre \u00e9thiopien, remporte le prix Nobel de la paix - Actualit\u00e9s congolaises et internationales","robots":{"index":"index","follow":"follow","max-snippet":"max-snippet:-1","max-image-preview":"max-image-preview:large","max-video-preview":"max-video-preview:-1"},"canonical":"https:\/\/congovirtuel.com\/information\/abiy-ahmed-premier-ministre-ethiopien-remporte-le-prix-nobel-de-la-paix\/","og_locale":"fr_FR","og_type":"article","og_title":"Abiy Ahmed, Premier ministre \u00e9thiopien, remporte le prix Nobel de la paix - Actualit\u00e9s congolaises et internationales","og_description":"Le Premier ministre \u00e9thiopien Abiy Ahmed a re\u00e7u le prix Nobel de la paix. Ce prix lui a \u00e9t\u00e9 d\u00e9cern\u00e9 pour ses efforts en faveur de la \u00ab\u00a0paix et de la coop\u00e9ration internationale\u00a0\u00bb.Il a jou\u00e9 un r\u00f4le clef dans la signature l&rsquo;ann\u00e9e derni\u00e8re de l&rsquo;accord de paix qui a mis fin \u00e0 une impasse militaire de pr\u00e8s de 20 ans avec l&rsquo;\u00c9rythr\u00e9e, apr\u00e8s la guerre frontali\u00e8re de 1998-2000. M. Abiy a d\u00e9clar\u00e9 : \u00ab\u00a0Je suis tellement flatt\u00e9 et ravi d&rsquo;apprendre la nouvelle, merci beaucoup. C&rsquo;est un prix donn\u00e9 \u00e0 l&rsquo;Afrique,&hellip;","og_url":"https:\/\/congovirtuel.com\/information\/abiy-ahmed-premier-ministre-ethiopien-remporte-le-prix-nobel-de-la-paix\/","og_site_name":"Actualit\u00e9s congolaises et internationales","article_publisher":"https:\/\/web.facebook.com\/Congovirtuel-763617960319601\/?ref=aymt_homepage_panel&amp%3bamp%3bamp%3bamp%3bamp%3bamp%3bamp%3bamp%3bamp%3bamp%3bamp%3beid=ARCoxULa66767kIgF_KYav6VdjXTI4yk_LW4yoVO9s6NXpysgb7Cb65vpxcxgqzOAKvIbLQxaAETcqHT","article_published_time":"2019-10-11T11:29:23+00:00","article_modified_time":"2019-10-11T11:30:01+00:00","og_image":[{"width":624,"height":351,"url":"https:\/\/congovirtuel.com\/information\/wp-content\/uploads\/2019\/10\/abiy_ahmed.jpg","type":"image\/jpeg"}],"author":"infocongovirtuel","twitter_card":"summary_large_image","twitter_creator":"@congovirtuel","twitter_site":"@congovirtuel","twitter_misc":{"\u00c9crit par":"infocongovirtuel","Dur\u00e9e de lecture estim\u00e9e":"2 minutes"},"schema":{"@context":"https:\/\/schema.org","@graph":[{"@type":"Article","@id":"https:\/\/congovirtuel.com\/information\/abiy-ahmed-premier-ministre-ethiopien-remporte-le-prix-nobel-de-la-paix\/#article","isPartOf":{"@id":"https:\/\/congovirtuel.com\/information\/abiy-ahmed-premier-ministre-ethiopien-remporte-le-prix-nobel-de-la-paix\/"},"author":{"name":"infocongovirtuel","@id":"https:\/\/congovirtuel.com\/information\/#\/schema\/person\/739a44bf7990966cb53d58d2fdeca0b6"},"headline":"Abiy Ahmed, Premier ministre \u00e9thiopien, remporte le prix Nobel de la paix","datePublished":"2019-10-11T11:29:23+00:00","dateModified":"2019-10-11T11:30:01+00:00","mainEntityOfPage":{"@id":"https:\/\/congovirtuel.com\/information\/abiy-ahmed-premier-ministre-ethiopien-remporte-le-prix-nobel-de-la-paix\/"},"wordCount":437,"commentCount":0,"publisher":{"@id":"https:\/\/congovirtuel.com\/information\/#organization"},"image":{"@id":"https:\/\/congovirtuel.com\/information\/abiy-ahmed-premier-ministre-ethiopien-remporte-le-prix-nobel-de-la-paix\/#primaryimage"},"thumbnailUrl":"https:\/\/congovirtuel.com\/information\/wp-content\/uploads\/2019\/10\/abiy_ahmed.jpg","articleSection":["Afrique"],"inLanguage":"fr-FR","potentialAction":[{"@type":"CommentAction","name":"Comment","target":["https:\/\/congovirtuel.com\/information\/abiy-ahmed-premier-ministre-ethiopien-remporte-le-prix-nobel-de-la-paix\/#respond"]}]},{"@type":"WebPage","@id":"https:\/\/congovirtuel.com\/information\/abiy-ahmed-premier-ministre-ethiopien-remporte-le-prix-nobel-de-la-paix\/","url":"https:\/\/congovirtuel.com\/information\/abiy-ahmed-premier-ministre-ethiopien-remporte-le-prix-nobel-de-la-paix\/","name":"Abiy Ahmed, Premier ministre \u00e9thiopien, remporte le prix Nobel de la paix - Actualit\u00e9s congolaises et internationales","isPartOf":{"@id":"https:\/\/congovirtuel.com\/information\/#website"},"primaryImageOfPage":{"@id":"https:\/\/congovirtuel.com\/information\/abiy-ahmed-premier-ministre-ethiopien-remporte-le-prix-nobel-de-la-paix\/#primaryimage"},"image":{"@id":"https:\/\/congovirtuel.com\/information\/abiy-ahmed-premier-ministre-ethiopien-remporte-le-prix-nobel-de-la-paix\/#primaryimage"},"thumbnailUrl":"https:\/\/congovirtuel.com\/information\/wp-content\/uploads\/2019\/10\/abiy_ahmed.jpg","datePublished":"2019-10-11T11:29:23+00:00","dateModified":"2019-10-11T11:30:01+00:00","breadcrumb":{"@id":"https:\/\/congovirtuel.com\/information\/abiy-ahmed-premier-ministre-ethiopien-remporte-le-prix-nobel-de-la-paix\/#breadcrumb"},"inLanguage":"fr-FR","potentialAction":[{"@type":"ReadAction","target":["https:\/\/congovirtuel.com\/information\/abiy-ahmed-premier-ministre-ethiopien-remporte-le-prix-nobel-de-la-paix\/"]}]},{"@type":"ImageObject","inLanguage":"fr-FR","@id":"https:\/\/congovirtuel.com\/information\/abiy-ahmed-premier-ministre-ethiopien-remporte-le-prix-nobel-de-la-paix\/#primaryimage","url":"https:\/\/congovirtuel.com\/information\/wp-content\/uploads\/2019\/10\/abiy_ahmed.jpg","contentUrl":"https:\/\/congovirtuel.com\/information\/wp-content\/uploads\/2019\/10\/abiy_ahmed.jpg","width":624,"height":351},{"@type":"BreadcrumbList","@id":"https:\/\/congovirtuel.com\/information\/abiy-ahmed-premier-ministre-ethiopien-remporte-le-prix-nobel-de-la-paix\/#breadcrumb","itemListElement":[{"@type":"ListItem","position":1,"name":"Accueil","item":"https:\/\/congovirtuel.com\/information\/"},{"@type":"ListItem","position":2,"name":"Abiy Ahmed, Premier ministre \u00e9thiopien, remporte le prix Nobel de la paix"}]},{"@type":"WebSite","@id":"https:\/\/congovirtuel.com\/information\/#website","url":"https:\/\/congovirtuel.com\/information\/","name":"Actualit\u00e9s congolaises et internationales","description":"site d&#039;analyse et de traitement d&#039;information","publisher":{"@id":"https:\/\/congovirtuel.com\/information\/#organization"},"potentialAction":[{"@type":"SearchAction","target":{"@type":"EntryPoint","urlTemplate":"https:\/\/congovirtuel.com\/information\/?s={search_term_string}"},"query-input":{"@type":"PropertyValueSpecification","valueRequired":true,"valueName":"search_term_string"}}],"inLanguage":"fr-FR"},{"@type":"Organization","@id":"https:\/\/congovirtuel.com\/information\/#organization","name":"Biblioth\u00e8que Virtuelle de la RDC","url":"https:\/\/congovirtuel.com\/information\/","logo":{"@type":"ImageObject","inLanguage":"fr-FR","@id":"https:\/\/congovirtuel.com\/information\/#\/schema\/logo\/image\/","url":"https:\/\/congovirtuel.com\/information\/wp-content\/uploads\/2018\/10\/header-info-congovirtuel-vraie.jpg","contentUrl":"https:\/\/congovirtuel.com\/information\/wp-content\/uploads\/2018\/10\/header-info-congovirtuel-vraie.jpg","width":728,"height":90,"caption":"Biblioth\u00e8que Virtuelle de la RDC"},"image":{"@id":"https:\/\/congovirtuel.com\/information\/#\/schema\/logo\/image\/"},"sameAs":["https:\/\/web.facebook.com\/Congovirtuel-763617960319601\/?ref=aymt_homepage_panel&amp;amp;amp;amp;amp;amp;amp;amp;amp;amp;amp;eid=ARCoxULa66767kIgF_KYav6VdjXTI4yk_LW4yoVO9s6NXpysgb7Cb65vpxcxgqzOAKvIbLQxaAETcqHT","https:\/\/x.com\/congovirtuel","https:\/\/www.youtube.com\/channel\/UCkFfprYzGgS3EWNpeMXpToQ?view_as=subscriber"]},{"@type":"Person","@id":"https:\/\/congovirtuel.com\/information\/#\/schema\/person\/739a44bf7990966cb53d58d2fdeca0b6","name":"infocongovirtuel","image":{"@type":"ImageObject","inLanguage":"fr-FR","@id":"https:\/\/secure.gravatar.com\/avatar\/4d76991aa72469f0eb22e772586c99113c6997f88da636a9db8f2ce3a2c05e69?s=96&d=mm&r=g","url":"https:\/\/secure.gravatar.com\/avatar\/4d76991aa72469f0eb22e772586c99113c6997f88da636a9db8f2ce3a2c05e69?s=96&d=mm&r=g","contentUrl":"https:\/\/secure.gravatar.com\/avatar\/4d76991aa72469f0eb22e772586c99113c6997f88da636a9db8f2ce3a2c05e69?s=96&d=mm&r=g","caption":"infocongovirtuel"},"url":"https:\/\/congovirtuel.com\/information\/author\/infocongovirtuel\/"}]}},"gt_translate_keys":[{"key":"link","format":"url"}],"_links":{"self":[{"href":"https:\/\/congovirtuel.com\/information\/wp-json\/wp\/v2\/posts\/271","targetHints":{"allow":["GET"]}}],"collection":[{"href":"https:\/\/congovirtuel.com\/information\/wp-json\/wp\/v2\/posts"}],"about":[{"href":"https:\/\/congovirtuel.com\/information\/wp-json\/wp\/v2\/types\/post"}],"author":[{"embeddable":true,"href":"https:\/\/congovirtuel.com\/information\/wp-json\/wp\/v2\/users\/1"}],"replies":[{"embeddable":true,"href":"https:\/\/congovirtuel.com\/information\/wp-json\/wp\/v2\/comments?post=271"}],"version-history":[{"count":2,"href":"https:\/\/congovirtuel.com\/information\/wp-json\/wp\/v2\/posts\/271\/revisions"}],"predecessor-version":[{"id":274,"href":"https:\/\/congovirtuel.com\/information\/wp-json\/wp\/v2\/posts\/271\/revisions\/274"}],"wp:featuredmedia":[{"embeddable":true,"href":"https:\/\/congovirtuel.com\/information\/wp-json\/wp\/v2\/media\/272"}],"wp:attachment":[{"href":"https:\/\/congovirtuel.com\/information\/wp-json\/wp\/v2\/media?parent=271"}],"wp:term":[{"taxonomy":"category","embeddable":true,"href":"https:\/\/congovirtuel.com\/information\/wp-json\/wp\/v2\/categories?post=271"},{"taxonomy":"post_tag","embeddable":true,"href":"https:\/\/congovirtuel.com\/information\/wp-json\/wp\/v2\/tags?post=271"}],"curies":[{"name":"wp","href":"https:\/\/api.w.org\/{rel}","templated":true}]}}