{"id":2813,"date":"2020-08-14T06:36:58","date_gmt":"2020-08-14T05:36:58","guid":{"rendered":"https:\/\/congovirtuel.com\/information\/?p=2813"},"modified":"2020-08-14T06:37:07","modified_gmt":"2020-08-14T05:37:07","slug":"rdc-muzito-fayulu-vers-de-nouvelles-batailles-pour-2023","status":"publish","type":"post","link":"https:\/\/congovirtuel.com\/information\/rdc-muzito-fayulu-vers-de-nouvelles-batailles-pour-2023\/","title":{"rendered":"RDC, Muzito-Fayulu : vers de nouvelles batailles pour 2023","gt_translate_keys":[{"key":"rendered","format":"text"}]},"content":{"rendered":"\n<p class=\"wp-block-paragraph\"><strong>Au bord d\u2019un m\u00eame avion, \u00e0 la m\u00eame minute pr\u00e8s, Muzito et Fayulu reviennent \u00e0 Kinshasa, le 22 ao\u00fbt prochain. La confirmation en a \u00e9t\u00e9 donn\u00e9e hier, par des voix&nbsp; autoris\u00e9es de Lamuka. Ce jour-l\u00e0, ce&nbsp; sera, comme il faudra s\u2019y attendre,&nbsp; un samedi ensoleill\u00e9. Car, aux derni\u00e8res nouvelles, ils pr\u00e9voient un meeting populaire \u00e0&nbsp; l\u2019issue d\u2019une marche spontan\u00e9e&nbsp; qui partirait d\u00e8s&nbsp; leur sortie du parvis&nbsp;&nbsp; de l\u2019a\u00e9roport international de N\u2019djili jusqu\u2019au si\u00e8ge de l\u2019Ecid\u00e9, situ\u00e9 le long de l\u2019avenue de l\u2019enseignement, \u00e0&nbsp; proximit\u00e9 du Boulevard Triomphal.&nbsp;&nbsp; Une passation de fanion \u00e0 la t\u00eate de Lamuka est aussi annonc\u00e9e \u00e0 l\u2019agenda de ce retour fracassant, apr\u00e8s tous les ravages dus \u00e0 la Covid-19.<\/strong><\/p>\n\n\n\n<p class=\"wp-block-paragraph\">Dans le respect des gestes barri\u00e8res, ils vont s\u2019adresser \u00e0 la population congolaise, pour livrer le fruit de&nbsp; leurs nouvelles cogitations sur l\u2019avenir du pays. Vont-ils, \u00e0 cette occasion,&nbsp; ressusciter la cat\u00e9ch\u00e8se sur la v\u00e9rit\u00e9 des urnes ou&nbsp; alors&nbsp;&nbsp; comme toutes les autres forces politiques et sociales rest\u00e9es au pays, ils renforceront le camp de l\u2019apologie du&nbsp; dialogue&nbsp;? Vont-ils d\u00e9terrer la hache de guerre pour continuer \u00e0 ensorceler&nbsp; et jeter l\u2019anath\u00e8me&nbsp; au dernier des Chefs de l\u2019Etat congolais, au&nbsp; vainqueur&nbsp; de la pr\u00e9sidentielle du 30d\u00e9cembre 2018&nbsp;? Pas si s\u00fbr, en tout cas. Car, apr\u00e8s tout, le temps est pass\u00e9. Les discours aussi ne peuvent qu\u2019\u00e9voluer et changer, pour ne pas \u00eatre anachroniques. Aux vieux singes, dit-on, nul n\u2019a le culot, ni le toupet de leur apprendre \u00e0 grimacer. Fayulu et Muzito, \u00e0 moins d\u2019une obstination de mauvais go\u00fbt, n\u2019y feront point exception.<\/p>\n\n\n\n<h2 class=\"wp-block-heading\"><strong>Consensus recherch\u00e9<\/strong><\/h2>\n\n\n\n<p class=\"wp-block-paragraph\">D\u00e9j\u00e0, depuis f\u00e9vrier 2020, Fayulu \u00e9tait le premier \u00e0 crier sur le toit de la maison pour appeler \u00e0 la paix. Il&nbsp; avait brandi, pour ce faire,&nbsp; une proposition de sortie de crise assortie d\u2019une kyrielle de recommandations. Concr\u00e8tement, il y \u00e9voquait la n\u00e9cessit\u00e9 de rechercher un consensus et mettait le cap sur l\u2019organisation des \u00e9lections anticip\u00e9es.<\/p>\n\n\n\n<p class=\"wp-block-paragraph\">Il pr\u00e9conisait, en outre,\u00a0 des r\u00e9formes\u00a0 institutionnelles profondes au niveau de la Centrale \u00e9lectorale, de la Cour Constitutionnelle, de l\u2019arm\u00e9e, de la politique et des services de s\u00e9curit\u00e9. D\u2019ailleurs, il pr\u00e9voyait la mise sur pied d\u2019un Haut Conseil des R\u00e9formes Institutionnelles qui serait confi\u00e9 \u00e0 Lamuka<\/p>\n\n\n\n<p class=\"wp-block-paragraph\">Alors qu\u2019il laissait, dans son sch\u00e9ma-l\u00e0, de la place \u00e0 la coalition FCC-CACH pour la continuit\u00e9 de la gestion du pays pendant une courte transition de 18 mois.<\/p>\n\n\n\n<h2 class=\"wp-block-heading\"><strong>M\u00e9nopause \u00e9conomique<\/strong><\/h2>\n\n\n\n<p class=\"wp-block-paragraph\">Pour sa part, Adolphe Muzito, son colistier d\u2019hier, d\u2019aujourd\u2019hui et, m\u00eame, de demain, versait des larmes sur la m\u00e9nopause \u00e9conomique impos\u00e9e \u00e0 la RD. Congo, depuis plusieurs ann\u00e9es. Il invitait, par cons\u00e9quent, la classe politique \u00e0 se ressaisir en vue d\u2019\u00e9viter d\u2019enfoncer le pays dans un pr\u00e9cipice.<\/p>\n\n\n\n<p class=\"wp-block-paragraph\">A la situation socio-\u00e9conomique&nbsp; d\u00e9l\u00e9t\u00e8re due&nbsp; \u00e0 la pand\u00e9mie, il craignait que les autorit\u00e9s actuelles n\u2019en profitent pour justifier leur incapacit\u00e9 \u00e0 faire d\u00e9coller le pays vers de meilleurs horizons.<\/p>\n\n\n\n<p class=\"wp-block-paragraph\">A tout prendre, les deux lascars, \u00e9mettant sur la m\u00eame longueur d\u2019ondes, sont rest\u00e9s&nbsp; plut\u00f4t&nbsp; prudents et ouverts \u00e0 tout dialogue constructif.<\/p>\n\n\n\n<p class=\"wp-block-paragraph\">Voil\u00e0 pourquoi, ils en appelaient \u00e0 la fin de la tr\u00eave, \u00e0 la fin de la\u00a0 r\u00e9cr\u00e9ation, \u00e0 la fin des mythes et proph\u00e9ties, \u00e0 la fin des faux dialogues, des faux semblants, des fausses solutions et des palliatifs cosm\u00e9tiques \u00e0 court terme.<\/p>\n\n\n\n<p class=\"wp-block-paragraph\">Et, pourtant, \u00e0 toutes leurs propositions, le FCC n\u2019y a toujours vu que des man\u0153uvres de positionnement, que des larmes de crocodile de la part des perdants, que la bataille pour des postes. Une seule br\u00e8che demeure, cependant, la promesse de F\u00e9lix Antoine Tshisekedi qui, dans son discours du 30 juin 2020, annon\u00e7ait&nbsp;&nbsp; l\u2019ouverture, tr\u00e8s prochainement,&nbsp; de nouvelles&nbsp; consultations en vue d\u2019un large consensus autour des&nbsp; questions politiques&nbsp; majeures.<\/p>\n\n\n\n<h2 class=\"wp-block-heading\"><strong>Covid-19, la bataille du moment\u2026<\/strong><\/h2>\n\n\n\n<p class=\"wp-block-paragraph\">Lorsque la Covid-19 vint, elle les trouva en dehors du pays. L\u2019un aux USA. Tandis que l\u2019autre \u00e0 Bruxelles. Les deux principaux leaders de Lamuka ont, certes, mis ce temps \u00e0 profit pour affiner leurs strat\u00e9gies, prendre des contacts et m\u00eame, revoir la copie de leur plan de sortie de crise, apr\u00e8s les \u00e9lections du 30 d\u00e9cembre 2018.&nbsp; Ils vont certainement y int\u00e9grer toutes les dimensions nouvelles, y compris tout ce que la pand\u00e9mie \u00e0 coronavirus&nbsp; pose comme \u2018\u2019\u00e9pineux probl\u00e8mes\u2019\u2019&nbsp; \u00e0 la nation. Il n\u2019est pas exclu&nbsp; que&nbsp; des r\u00e9v\u00e9lations&nbsp; sur leurs ambitions pour les&nbsp; prochaines joutes \u00e9lectorales, telles que fix\u00e9es \u00e0 l\u2019horizon 2023, soient \u00e9galement&nbsp; annonc\u00e9es.&nbsp; Allusion faite, \u00e9videmment, aux d\u00e9cisions du pr\u00e9sidium attendues de tous les autres leaders de Lamuka.<\/p>\n\n\n\n<p class=\"wp-block-paragraph\"><strong>LPM<\/strong>\/Prosp\u00e9rit\u00e9<\/p>\n","protected":false,"gt_translate_keys":[{"key":"rendered","format":"html"}]},"excerpt":{"rendered":"<p>Au bord d\u2019un m\u00eame avion, \u00e0 la m\u00eame minute pr\u00e8s, Muzito et Fayulu reviennent \u00e0 Kinshasa, le 22 ao\u00fbt prochain. La confirmation en a \u00e9t\u00e9 donn\u00e9e hier, par des voix&nbsp; autoris\u00e9es de Lamuka. Ce jour-l\u00e0, ce&nbsp; sera, comme il faudra s\u2019y attendre,&nbsp; un samedi ensoleill\u00e9. Car, aux derni\u00e8res nouvelles, ils pr\u00e9voient un meeting populaire \u00e0&nbsp; l\u2019issue d\u2019une marche spontan\u00e9e&nbsp; qui partirait d\u00e8s&nbsp; leur sortie du parvis&nbsp;&nbsp; de l\u2019a\u00e9roport international de N\u2019djili jusqu\u2019au si\u00e8ge de l\u2019Ecid\u00e9, situ\u00e9 le long de l\u2019avenue de l\u2019enseignement, \u00e0&nbsp; proximit\u00e9 du Boulevard Triomphal.&nbsp;&nbsp; Une passation de&hellip;<\/p>\n","protected":false,"gt_translate_keys":[{"key":"rendered","format":"html"}]},"author":1,"featured_media":2814,"comment_status":"open","ping_status":"open","sticky":false,"template":"","format":"standard","meta":{"_crdt_document":"","footnotes":""},"categories":[1260],"tags":[1575],"class_list":["post-2813","post","type-post","status-publish","format-standard","has-post-thumbnail","hentry","category-opposition","tag-retour-martin-fayulu"],"gutentor_comment":0,"yoast_head":"<!-- This site is optimized with the Yoast SEO plugin v27.5 - https:\/\/yoast.com\/product\/yoast-seo-wordpress\/ -->\n<title>RDC, Muzito-Fayulu : vers de nouvelles batailles pour 2023 - Actualit\u00e9s congolaises et internationales<\/title>\n<meta name=\"robots\" content=\"index, follow, max-snippet:-1, max-image-preview:large, max-video-preview:-1\" \/>\n<link rel=\"canonical\" href=\"https:\/\/congovirtuel.com\/information\/rdc-muzito-fayulu-vers-de-nouvelles-batailles-pour-2023\/\" \/>\n<meta property=\"og:locale\" content=\"fr_FR\" \/>\n<meta property=\"og:type\" content=\"article\" \/>\n<meta property=\"og:title\" content=\"RDC, Muzito-Fayulu : vers de nouvelles batailles pour 2023 - Actualit\u00e9s congolaises et internationales\" \/>\n<meta property=\"og:description\" content=\"Au bord d\u2019un m\u00eame avion, \u00e0 la m\u00eame minute pr\u00e8s, Muzito et Fayulu reviennent \u00e0 Kinshasa, le 22 ao\u00fbt prochain. La confirmation en a \u00e9t\u00e9 donn\u00e9e hier, par des voix&nbsp; autoris\u00e9es de Lamuka. Ce jour-l\u00e0, ce&nbsp; sera, comme il faudra s\u2019y attendre,&nbsp; un samedi ensoleill\u00e9. Car, aux derni\u00e8res nouvelles, ils pr\u00e9voient un meeting populaire \u00e0&nbsp; l\u2019issue d\u2019une marche spontan\u00e9e&nbsp; qui partirait d\u00e8s&nbsp; leur sortie du parvis&nbsp;&nbsp; de l\u2019a\u00e9roport international de N\u2019djili jusqu\u2019au si\u00e8ge de l\u2019Ecid\u00e9, situ\u00e9 le long de l\u2019avenue de l\u2019enseignement, \u00e0&nbsp; proximit\u00e9 du Boulevard Triomphal.&nbsp;&nbsp; Une passation de&hellip;\" \/>\n<meta property=\"og:url\" content=\"https:\/\/congovirtuel.com\/information\/rdc-muzito-fayulu-vers-de-nouvelles-batailles-pour-2023\/\" \/>\n<meta property=\"og:site_name\" content=\"Actualit\u00e9s congolaises et internationales\" \/>\n<meta property=\"article:publisher\" content=\"https:\/\/web.facebook.com\/Congovirtuel-763617960319601\/?ref=aymt_homepage_panel&amp;amp%3bamp%3bamp%3bamp%3bamp%3bamp%3bamp%3bamp%3bamp%3bamp%3bamp%3beid=ARCoxULa66767kIgF_KYav6VdjXTI4yk_LW4yoVO9s6NXpysgb7Cb65vpxcxgqzOAKvIbLQxaAETcqHT\" \/>\n<meta property=\"article:published_time\" content=\"2020-08-14T05:36:58+00:00\" \/>\n<meta property=\"article:modified_time\" content=\"2020-08-14T05:37:07+00:00\" \/>\n<meta property=\"og:image\" content=\"https:\/\/congovirtuel.com\/information\/wp-content\/uploads\/2020\/08\/muzitu_fayulu_avion-1200-x-675.jpg\" \/>\n\t<meta property=\"og:image:width\" content=\"1200\" \/>\n\t<meta property=\"og:image:height\" content=\"675\" \/>\n\t<meta property=\"og:image:type\" content=\"image\/jpeg\" \/>\n<meta name=\"author\" content=\"infocongovirtuel\" \/>\n<meta name=\"twitter:card\" content=\"summary_large_image\" \/>\n<meta name=\"twitter:creator\" content=\"@congovirtuel\" \/>\n<meta name=\"twitter:site\" content=\"@congovirtuel\" \/>\n<meta name=\"twitter:label1\" content=\"\u00c9crit par\" \/>\n\t<meta name=\"twitter:data1\" content=\"infocongovirtuel\" \/>\n\t<meta name=\"twitter:label2\" content=\"Dur\u00e9e de lecture estim\u00e9e\" \/>\n\t<meta name=\"twitter:data2\" content=\"4 minutes\" \/>\n<script type=\"application\/ld+json\" class=\"yoast-schema-graph\">{\"@context\":\"https:\\\/\\\/schema.org\",\"@graph\":[{\"@type\":\"Article\",\"@id\":\"https:\\\/\\\/congovirtuel.com\\\/information\\\/rdc-muzito-fayulu-vers-de-nouvelles-batailles-pour-2023\\\/#article\",\"isPartOf\":{\"@id\":\"https:\\\/\\\/congovirtuel.com\\\/information\\\/rdc-muzito-fayulu-vers-de-nouvelles-batailles-pour-2023\\\/\"},\"author\":{\"name\":\"infocongovirtuel\",\"@id\":\"https:\\\/\\\/congovirtuel.com\\\/information\\\/#\\\/schema\\\/person\\\/739a44bf7990966cb53d58d2fdeca0b6\"},\"headline\":\"RDC, Muzito-Fayulu : vers de nouvelles batailles pour 2023\",\"datePublished\":\"2020-08-14T05:36:58+00:00\",\"dateModified\":\"2020-08-14T05:37:07+00:00\",\"mainEntityOfPage\":{\"@id\":\"https:\\\/\\\/congovirtuel.com\\\/information\\\/rdc-muzito-fayulu-vers-de-nouvelles-batailles-pour-2023\\\/\"},\"wordCount\":860,\"commentCount\":0,\"publisher\":{\"@id\":\"https:\\\/\\\/congovirtuel.com\\\/information\\\/#organization\"},\"image\":{\"@id\":\"https:\\\/\\\/congovirtuel.com\\\/information\\\/rdc-muzito-fayulu-vers-de-nouvelles-batailles-pour-2023\\\/#primaryimage\"},\"thumbnailUrl\":\"https:\\\/\\\/congovirtuel.com\\\/information\\\/wp-content\\\/uploads\\\/2020\\\/08\\\/muzitu_fayulu_avion-1200-x-675.jpg\",\"keywords\":[\"Retour Martin fayulu\"],\"articleSection\":[\"Opposition\"],\"inLanguage\":\"fr-FR\",\"potentialAction\":[{\"@type\":\"CommentAction\",\"name\":\"Comment\",\"target\":[\"https:\\\/\\\/congovirtuel.com\\\/information\\\/rdc-muzito-fayulu-vers-de-nouvelles-batailles-pour-2023\\\/#respond\"]}]},{\"@type\":\"WebPage\",\"@id\":\"https:\\\/\\\/congovirtuel.com\\\/information\\\/rdc-muzito-fayulu-vers-de-nouvelles-batailles-pour-2023\\\/\",\"url\":\"https:\\\/\\\/congovirtuel.com\\\/information\\\/rdc-muzito-fayulu-vers-de-nouvelles-batailles-pour-2023\\\/\",\"name\":\"RDC, Muzito-Fayulu : vers de nouvelles batailles pour 2023 - Actualit\u00e9s congolaises et internationales\",\"isPartOf\":{\"@id\":\"https:\\\/\\\/congovirtuel.com\\\/information\\\/#website\"},\"primaryImageOfPage\":{\"@id\":\"https:\\\/\\\/congovirtuel.com\\\/information\\\/rdc-muzito-fayulu-vers-de-nouvelles-batailles-pour-2023\\\/#primaryimage\"},\"image\":{\"@id\":\"https:\\\/\\\/congovirtuel.com\\\/information\\\/rdc-muzito-fayulu-vers-de-nouvelles-batailles-pour-2023\\\/#primaryimage\"},\"thumbnailUrl\":\"https:\\\/\\\/congovirtuel.com\\\/information\\\/wp-content\\\/uploads\\\/2020\\\/08\\\/muzitu_fayulu_avion-1200-x-675.jpg\",\"datePublished\":\"2020-08-14T05:36:58+00:00\",\"dateModified\":\"2020-08-14T05:37:07+00:00\",\"breadcrumb\":{\"@id\":\"https:\\\/\\\/congovirtuel.com\\\/information\\\/rdc-muzito-fayulu-vers-de-nouvelles-batailles-pour-2023\\\/#breadcrumb\"},\"inLanguage\":\"fr-FR\",\"potentialAction\":[{\"@type\":\"ReadAction\",\"target\":[\"https:\\\/\\\/congovirtuel.com\\\/information\\\/rdc-muzito-fayulu-vers-de-nouvelles-batailles-pour-2023\\\/\"]}]},{\"@type\":\"ImageObject\",\"inLanguage\":\"fr-FR\",\"@id\":\"https:\\\/\\\/congovirtuel.com\\\/information\\\/rdc-muzito-fayulu-vers-de-nouvelles-batailles-pour-2023\\\/#primaryimage\",\"url\":\"https:\\\/\\\/congovirtuel.com\\\/information\\\/wp-content\\\/uploads\\\/2020\\\/08\\\/muzitu_fayulu_avion-1200-x-675.jpg\",\"contentUrl\":\"https:\\\/\\\/congovirtuel.com\\\/information\\\/wp-content\\\/uploads\\\/2020\\\/08\\\/muzitu_fayulu_avion-1200-x-675.jpg\",\"width\":1200,\"height\":675,\"caption\":\"muzitu et fayulu en avion\"},{\"@type\":\"BreadcrumbList\",\"@id\":\"https:\\\/\\\/congovirtuel.com\\\/information\\\/rdc-muzito-fayulu-vers-de-nouvelles-batailles-pour-2023\\\/#breadcrumb\",\"itemListElement\":[{\"@type\":\"ListItem\",\"position\":1,\"name\":\"Accueil\",\"item\":\"https:\\\/\\\/congovirtuel.com\\\/information\\\/\"},{\"@type\":\"ListItem\",\"position\":2,\"name\":\"RDC, Muzito-Fayulu : vers de nouvelles batailles pour 2023\"}]},{\"@type\":\"WebSite\",\"@id\":\"https:\\\/\\\/congovirtuel.com\\\/information\\\/#website\",\"url\":\"https:\\\/\\\/congovirtuel.com\\\/information\\\/\",\"name\":\"Actualit\u00e9s congolaises et internationales\",\"description\":\"site d&#039;analyse et de traitement d&#039;information\",\"publisher\":{\"@id\":\"https:\\\/\\\/congovirtuel.com\\\/information\\\/#organization\"},\"potentialAction\":[{\"@type\":\"SearchAction\",\"target\":{\"@type\":\"EntryPoint\",\"urlTemplate\":\"https:\\\/\\\/congovirtuel.com\\\/information\\\/?s={search_term_string}\"},\"query-input\":{\"@type\":\"PropertyValueSpecification\",\"valueRequired\":true,\"valueName\":\"search_term_string\"}}],\"inLanguage\":\"fr-FR\"},{\"@type\":\"Organization\",\"@id\":\"https:\\\/\\\/congovirtuel.com\\\/information\\\/#organization\",\"name\":\"Biblioth\u00e8que Virtuelle de la RDC\",\"url\":\"https:\\\/\\\/congovirtuel.com\\\/information\\\/\",\"logo\":{\"@type\":\"ImageObject\",\"inLanguage\":\"fr-FR\",\"@id\":\"https:\\\/\\\/congovirtuel.com\\\/information\\\/#\\\/schema\\\/logo\\\/image\\\/\",\"url\":\"https:\\\/\\\/congovirtuel.com\\\/information\\\/wp-content\\\/uploads\\\/2018\\\/10\\\/header-info-congovirtuel-vraie.jpg\",\"contentUrl\":\"https:\\\/\\\/congovirtuel.com\\\/information\\\/wp-content\\\/uploads\\\/2018\\\/10\\\/header-info-congovirtuel-vraie.jpg\",\"width\":728,\"height\":90,\"caption\":\"Biblioth\u00e8que Virtuelle de la RDC\"},\"image\":{\"@id\":\"https:\\\/\\\/congovirtuel.com\\\/information\\\/#\\\/schema\\\/logo\\\/image\\\/\"},\"sameAs\":[\"https:\\\/\\\/web.facebook.com\\\/Congovirtuel-763617960319601\\\/?ref=aymt_homepage_panel&amp;amp;amp;amp;amp;amp;amp;amp;amp;amp;amp;eid=ARCoxULa66767kIgF_KYav6VdjXTI4yk_LW4yoVO9s6NXpysgb7Cb65vpxcxgqzOAKvIbLQxaAETcqHT\",\"https:\\\/\\\/x.com\\\/congovirtuel\",\"https:\\\/\\\/www.youtube.com\\\/channel\\\/UCkFfprYzGgS3EWNpeMXpToQ?view_as=subscriber\"]},{\"@type\":\"Person\",\"@id\":\"https:\\\/\\\/congovirtuel.com\\\/information\\\/#\\\/schema\\\/person\\\/739a44bf7990966cb53d58d2fdeca0b6\",\"name\":\"infocongovirtuel\",\"image\":{\"@type\":\"ImageObject\",\"inLanguage\":\"fr-FR\",\"@id\":\"https:\\\/\\\/secure.gravatar.com\\\/avatar\\\/4d76991aa72469f0eb22e772586c99113c6997f88da636a9db8f2ce3a2c05e69?s=96&d=mm&r=g\",\"url\":\"https:\\\/\\\/secure.gravatar.com\\\/avatar\\\/4d76991aa72469f0eb22e772586c99113c6997f88da636a9db8f2ce3a2c05e69?s=96&d=mm&r=g\",\"contentUrl\":\"https:\\\/\\\/secure.gravatar.com\\\/avatar\\\/4d76991aa72469f0eb22e772586c99113c6997f88da636a9db8f2ce3a2c05e69?s=96&d=mm&r=g\",\"caption\":\"infocongovirtuel\"},\"url\":\"https:\\\/\\\/congovirtuel.com\\\/information\\\/author\\\/infocongovirtuel\\\/\"}]}<\/script>\n<!-- \/ Yoast SEO plugin. -->","yoast_head_json":{"title":"RDC, Muzito-Fayulu : vers de nouvelles batailles pour 2023 - Actualit\u00e9s congolaises et internationales","robots":{"index":"index","follow":"follow","max-snippet":"max-snippet:-1","max-image-preview":"max-image-preview:large","max-video-preview":"max-video-preview:-1"},"canonical":"https:\/\/congovirtuel.com\/information\/rdc-muzito-fayulu-vers-de-nouvelles-batailles-pour-2023\/","og_locale":"fr_FR","og_type":"article","og_title":"RDC, Muzito-Fayulu : vers de nouvelles batailles pour 2023 - Actualit\u00e9s congolaises et internationales","og_description":"Au bord d\u2019un m\u00eame avion, \u00e0 la m\u00eame minute pr\u00e8s, Muzito et Fayulu reviennent \u00e0 Kinshasa, le 22 ao\u00fbt prochain. La confirmation en a \u00e9t\u00e9 donn\u00e9e hier, par des voix&nbsp; autoris\u00e9es de Lamuka. Ce jour-l\u00e0, ce&nbsp; sera, comme il faudra s\u2019y attendre,&nbsp; un samedi ensoleill\u00e9. Car, aux derni\u00e8res nouvelles, ils pr\u00e9voient un meeting populaire \u00e0&nbsp; l\u2019issue d\u2019une marche spontan\u00e9e&nbsp; qui partirait d\u00e8s&nbsp; leur sortie du parvis&nbsp;&nbsp; de l\u2019a\u00e9roport international de N\u2019djili jusqu\u2019au si\u00e8ge de l\u2019Ecid\u00e9, situ\u00e9 le long de l\u2019avenue de l\u2019enseignement, \u00e0&nbsp; proximit\u00e9 du Boulevard Triomphal.&nbsp;&nbsp; Une passation de&hellip;","og_url":"https:\/\/congovirtuel.com\/information\/rdc-muzito-fayulu-vers-de-nouvelles-batailles-pour-2023\/","og_site_name":"Actualit\u00e9s congolaises et internationales","article_publisher":"https:\/\/web.facebook.com\/Congovirtuel-763617960319601\/?ref=aymt_homepage_panel&amp%3bamp%3bamp%3bamp%3bamp%3bamp%3bamp%3bamp%3bamp%3bamp%3bamp%3beid=ARCoxULa66767kIgF_KYav6VdjXTI4yk_LW4yoVO9s6NXpysgb7Cb65vpxcxgqzOAKvIbLQxaAETcqHT","article_published_time":"2020-08-14T05:36:58+00:00","article_modified_time":"2020-08-14T05:37:07+00:00","og_image":[{"width":1200,"height":675,"url":"https:\/\/congovirtuel.com\/information\/wp-content\/uploads\/2020\/08\/muzitu_fayulu_avion-1200-x-675.jpg","type":"image\/jpeg"}],"author":"infocongovirtuel","twitter_card":"summary_large_image","twitter_creator":"@congovirtuel","twitter_site":"@congovirtuel","twitter_misc":{"\u00c9crit par":"infocongovirtuel","Dur\u00e9e de lecture estim\u00e9e":"4 minutes"},"schema":{"@context":"https:\/\/schema.org","@graph":[{"@type":"Article","@id":"https:\/\/congovirtuel.com\/information\/rdc-muzito-fayulu-vers-de-nouvelles-batailles-pour-2023\/#article","isPartOf":{"@id":"https:\/\/congovirtuel.com\/information\/rdc-muzito-fayulu-vers-de-nouvelles-batailles-pour-2023\/"},"author":{"name":"infocongovirtuel","@id":"https:\/\/congovirtuel.com\/information\/#\/schema\/person\/739a44bf7990966cb53d58d2fdeca0b6"},"headline":"RDC, Muzito-Fayulu : vers de nouvelles batailles pour 2023","datePublished":"2020-08-14T05:36:58+00:00","dateModified":"2020-08-14T05:37:07+00:00","mainEntityOfPage":{"@id":"https:\/\/congovirtuel.com\/information\/rdc-muzito-fayulu-vers-de-nouvelles-batailles-pour-2023\/"},"wordCount":860,"commentCount":0,"publisher":{"@id":"https:\/\/congovirtuel.com\/information\/#organization"},"image":{"@id":"https:\/\/congovirtuel.com\/information\/rdc-muzito-fayulu-vers-de-nouvelles-batailles-pour-2023\/#primaryimage"},"thumbnailUrl":"https:\/\/congovirtuel.com\/information\/wp-content\/uploads\/2020\/08\/muzitu_fayulu_avion-1200-x-675.jpg","keywords":["Retour Martin fayulu"],"articleSection":["Opposition"],"inLanguage":"fr-FR","potentialAction":[{"@type":"CommentAction","name":"Comment","target":["https:\/\/congovirtuel.com\/information\/rdc-muzito-fayulu-vers-de-nouvelles-batailles-pour-2023\/#respond"]}]},{"@type":"WebPage","@id":"https:\/\/congovirtuel.com\/information\/rdc-muzito-fayulu-vers-de-nouvelles-batailles-pour-2023\/","url":"https:\/\/congovirtuel.com\/information\/rdc-muzito-fayulu-vers-de-nouvelles-batailles-pour-2023\/","name":"RDC, Muzito-Fayulu : vers de nouvelles batailles pour 2023 - Actualit\u00e9s congolaises et internationales","isPartOf":{"@id":"https:\/\/congovirtuel.com\/information\/#website"},"primaryImageOfPage":{"@id":"https:\/\/congovirtuel.com\/information\/rdc-muzito-fayulu-vers-de-nouvelles-batailles-pour-2023\/#primaryimage"},"image":{"@id":"https:\/\/congovirtuel.com\/information\/rdc-muzito-fayulu-vers-de-nouvelles-batailles-pour-2023\/#primaryimage"},"thumbnailUrl":"https:\/\/congovirtuel.com\/information\/wp-content\/uploads\/2020\/08\/muzitu_fayulu_avion-1200-x-675.jpg","datePublished":"2020-08-14T05:36:58+00:00","dateModified":"2020-08-14T05:37:07+00:00","breadcrumb":{"@id":"https:\/\/congovirtuel.com\/information\/rdc-muzito-fayulu-vers-de-nouvelles-batailles-pour-2023\/#breadcrumb"},"inLanguage":"fr-FR","potentialAction":[{"@type":"ReadAction","target":["https:\/\/congovirtuel.com\/information\/rdc-muzito-fayulu-vers-de-nouvelles-batailles-pour-2023\/"]}]},{"@type":"ImageObject","inLanguage":"fr-FR","@id":"https:\/\/congovirtuel.com\/information\/rdc-muzito-fayulu-vers-de-nouvelles-batailles-pour-2023\/#primaryimage","url":"https:\/\/congovirtuel.com\/information\/wp-content\/uploads\/2020\/08\/muzitu_fayulu_avion-1200-x-675.jpg","contentUrl":"https:\/\/congovirtuel.com\/information\/wp-content\/uploads\/2020\/08\/muzitu_fayulu_avion-1200-x-675.jpg","width":1200,"height":675,"caption":"muzitu et fayulu en avion"},{"@type":"BreadcrumbList","@id":"https:\/\/congovirtuel.com\/information\/rdc-muzito-fayulu-vers-de-nouvelles-batailles-pour-2023\/#breadcrumb","itemListElement":[{"@type":"ListItem","position":1,"name":"Accueil","item":"https:\/\/congovirtuel.com\/information\/"},{"@type":"ListItem","position":2,"name":"RDC, Muzito-Fayulu : vers de nouvelles batailles pour 2023"}]},{"@type":"WebSite","@id":"https:\/\/congovirtuel.com\/information\/#website","url":"https:\/\/congovirtuel.com\/information\/","name":"Actualit\u00e9s congolaises et internationales","description":"site d&#039;analyse et de traitement d&#039;information","publisher":{"@id":"https:\/\/congovirtuel.com\/information\/#organization"},"potentialAction":[{"@type":"SearchAction","target":{"@type":"EntryPoint","urlTemplate":"https:\/\/congovirtuel.com\/information\/?s={search_term_string}"},"query-input":{"@type":"PropertyValueSpecification","valueRequired":true,"valueName":"search_term_string"}}],"inLanguage":"fr-FR"},{"@type":"Organization","@id":"https:\/\/congovirtuel.com\/information\/#organization","name":"Biblioth\u00e8que Virtuelle de la RDC","url":"https:\/\/congovirtuel.com\/information\/","logo":{"@type":"ImageObject","inLanguage":"fr-FR","@id":"https:\/\/congovirtuel.com\/information\/#\/schema\/logo\/image\/","url":"https:\/\/congovirtuel.com\/information\/wp-content\/uploads\/2018\/10\/header-info-congovirtuel-vraie.jpg","contentUrl":"https:\/\/congovirtuel.com\/information\/wp-content\/uploads\/2018\/10\/header-info-congovirtuel-vraie.jpg","width":728,"height":90,"caption":"Biblioth\u00e8que Virtuelle de la RDC"},"image":{"@id":"https:\/\/congovirtuel.com\/information\/#\/schema\/logo\/image\/"},"sameAs":["https:\/\/web.facebook.com\/Congovirtuel-763617960319601\/?ref=aymt_homepage_panel&amp;amp;amp;amp;amp;amp;amp;amp;amp;amp;amp;eid=ARCoxULa66767kIgF_KYav6VdjXTI4yk_LW4yoVO9s6NXpysgb7Cb65vpxcxgqzOAKvIbLQxaAETcqHT","https:\/\/x.com\/congovirtuel","https:\/\/www.youtube.com\/channel\/UCkFfprYzGgS3EWNpeMXpToQ?view_as=subscriber"]},{"@type":"Person","@id":"https:\/\/congovirtuel.com\/information\/#\/schema\/person\/739a44bf7990966cb53d58d2fdeca0b6","name":"infocongovirtuel","image":{"@type":"ImageObject","inLanguage":"fr-FR","@id":"https:\/\/secure.gravatar.com\/avatar\/4d76991aa72469f0eb22e772586c99113c6997f88da636a9db8f2ce3a2c05e69?s=96&d=mm&r=g","url":"https:\/\/secure.gravatar.com\/avatar\/4d76991aa72469f0eb22e772586c99113c6997f88da636a9db8f2ce3a2c05e69?s=96&d=mm&r=g","contentUrl":"https:\/\/secure.gravatar.com\/avatar\/4d76991aa72469f0eb22e772586c99113c6997f88da636a9db8f2ce3a2c05e69?s=96&d=mm&r=g","caption":"infocongovirtuel"},"url":"https:\/\/congovirtuel.com\/information\/author\/infocongovirtuel\/"}]}},"gt_translate_keys":[{"key":"link","format":"url"}],"_links":{"self":[{"href":"https:\/\/congovirtuel.com\/information\/wp-json\/wp\/v2\/posts\/2813","targetHints":{"allow":["GET"]}}],"collection":[{"href":"https:\/\/congovirtuel.com\/information\/wp-json\/wp\/v2\/posts"}],"about":[{"href":"https:\/\/congovirtuel.com\/information\/wp-json\/wp\/v2\/types\/post"}],"author":[{"embeddable":true,"href":"https:\/\/congovirtuel.com\/information\/wp-json\/wp\/v2\/users\/1"}],"replies":[{"embeddable":true,"href":"https:\/\/congovirtuel.com\/information\/wp-json\/wp\/v2\/comments?post=2813"}],"version-history":[{"count":1,"href":"https:\/\/congovirtuel.com\/information\/wp-json\/wp\/v2\/posts\/2813\/revisions"}],"predecessor-version":[{"id":2815,"href":"https:\/\/congovirtuel.com\/information\/wp-json\/wp\/v2\/posts\/2813\/revisions\/2815"}],"wp:featuredmedia":[{"embeddable":true,"href":"https:\/\/congovirtuel.com\/information\/wp-json\/wp\/v2\/media\/2814"}],"wp:attachment":[{"href":"https:\/\/congovirtuel.com\/information\/wp-json\/wp\/v2\/media?parent=2813"}],"wp:term":[{"taxonomy":"category","embeddable":true,"href":"https:\/\/congovirtuel.com\/information\/wp-json\/wp\/v2\/categories?post=2813"},{"taxonomy":"post_tag","embeddable":true,"href":"https:\/\/congovirtuel.com\/information\/wp-json\/wp\/v2\/tags?post=2813"}],"curies":[{"name":"wp","href":"https:\/\/api.w.org\/{rel}","templated":true}]}}