{"id":2823,"date":"2020-08-14T07:05:57","date_gmt":"2020-08-14T06:05:57","guid":{"rendered":"https:\/\/congovirtuel.com\/information\/?p=2823"},"modified":"2020-08-14T07:06:11","modified_gmt":"2020-08-14T06:06:11","slug":"usa-trump-remet-en-cause-la-nationalite-americaine-de-kamala-harris","status":"publish","type":"post","link":"https:\/\/congovirtuel.com\/information\/usa-trump-remet-en-cause-la-nationalite-americaine-de-kamala-harris\/","title":{"rendered":"USA: Trump remet en cause la nationalit\u00e9 am\u00e9ricaine de Kamala Harris","gt_translate_keys":[{"key":"rendered","format":"text"}]},"content":{"rendered":"\n<p class=\"wp-block-paragraph\">\u00abElle ne remplirait pas les conditions pour \u00eatre candidate\u00bb.Donald Trump avait d\u00e9j\u00e0 contest\u00e9 pendant des ann\u00e9es la nationalit\u00e9 am\u00e9ricaine de Barack Obama, soutenant de fausses th\u00e9ories selon lesquelles il serait n\u00e9 au Kenya.<\/p>\n\n\n\n<p class=\"wp-block-paragraph\">Le pr\u00e9sident des Etats-Unis Donald Trump tente de jeter le doute sur la nationalit\u00e9 am\u00e9ricaine de la candidate d\u00e9mocrate \u00e0 la vice-pr\u00e9sidence, Kamala Harris. \u00ab\u00a0J\u2019ai entendu aujourd\u2019hui que Kamala Harris ne remplirait pas les conditions pour \u00eatre candidate \u00e0 la vice-pr\u00e9sidence\u00a0\u00bb, a-t-il insinu\u00e9 au cours d\u2019une conf\u00e9rence de presse \u00e0 la Maison blanche.<\/p>\n\n\n\n<p class=\"wp-block-paragraph\">Kamala Harris est la fille d\u2019une m\u00e8re indienne et d\u2019un p\u00e8re jama\u00efcain. Elle est surtout n\u00e9e dans la ville d\u2019Oakland, ce qui lui conf\u00e8re automatiquement la nationalit\u00e9 am\u00e9ricaine.<\/p>\n\n\n\n<p class=\"wp-block-paragraph\">Le Parti d\u00e9mocrate a imm\u00e9diatement r\u00e9agi, en ne se disant \u00ab\u00a0pas \u00e9tonn\u00e9\u00a0\u00bb des insinuations de Donald Trump. \u00ab\u00a0Ce qui nous \u00e9tonne par contre c\u2019est que cela intervienne si rapidement apr\u00e8s sa nomination\u00a0\u00bb, ont ajout\u00e9 les d\u00e9mocrates sur CNN.<\/p>\n\n\n\n<p class=\"wp-block-paragraph\">Donald Trump avait d\u00e9j\u00e0 contest\u00e9 pendant des ann\u00e9es la nationalit\u00e9 am\u00e9ricaine de Barack Obama, soutenant de fausses th\u00e9ories selon lesquelles il serait n\u00e9 au Kenya. Obama avait fini par rendre public en 2011 son acte de naissance. Un pr\u00e9sident am\u00e9ricain doit en effet \u00eatre n\u00e9 sur le sol am\u00e9ricain.<\/p>\n\n\n\n<p class=\"wp-block-paragraph\"><strong>Lesoir.be<\/strong><\/p>\n","protected":false,"gt_translate_keys":[{"key":"rendered","format":"html"}]},"excerpt":{"rendered":"<p>\u00abElle ne remplirait pas les conditions pour \u00eatre candidate\u00bb.Donald Trump avait d\u00e9j\u00e0 contest\u00e9 pendant des ann\u00e9es la nationalit\u00e9 am\u00e9ricaine de Barack Obama, soutenant de fausses th\u00e9ories selon lesquelles il serait n\u00e9 au Kenya. Le pr\u00e9sident des Etats-Unis Donald Trump tente de jeter le doute sur la nationalit\u00e9 am\u00e9ricaine de la candidate d\u00e9mocrate \u00e0 la vice-pr\u00e9sidence, Kamala Harris. \u00ab\u00a0J\u2019ai entendu aujourd\u2019hui que Kamala Harris ne remplirait pas les conditions pour \u00eatre candidate \u00e0 la vice-pr\u00e9sidence\u00a0\u00bb, a-t-il insinu\u00e9 au cours d\u2019une conf\u00e9rence de presse \u00e0 la Maison blanche. Kamala Harris est la&hellip;<\/p>\n","protected":false,"gt_translate_keys":[{"key":"rendered","format":"html"}]},"author":1,"featured_media":2824,"comment_status":"open","ping_status":"open","sticky":false,"template":"","format":"standard","meta":{"_crdt_document":"","footnotes":""},"categories":[9],"tags":[2097],"class_list":["post-2823","post","type-post","status-publish","format-standard","has-post-thumbnail","hentry","category-usa","tag-nationalite-kamala-harris"],"gutentor_comment":0,"yoast_head":"<!-- This site is optimized with the Yoast SEO plugin v27.5 - https:\/\/yoast.com\/product\/yoast-seo-wordpress\/ -->\n<title>USA: Trump remet en cause la nationalit\u00e9 am\u00e9ricaine de Kamala Harris - Actualit\u00e9s congolaises et internationales<\/title>\n<meta name=\"robots\" content=\"index, follow, max-snippet:-1, max-image-preview:large, max-video-preview:-1\" \/>\n<link rel=\"canonical\" href=\"https:\/\/congovirtuel.com\/information\/usa-trump-remet-en-cause-la-nationalite-americaine-de-kamala-harris\/\" \/>\n<meta property=\"og:locale\" content=\"fr_FR\" \/>\n<meta property=\"og:type\" content=\"article\" \/>\n<meta property=\"og:title\" content=\"USA: Trump remet en cause la nationalit\u00e9 am\u00e9ricaine de Kamala Harris - Actualit\u00e9s congolaises et internationales\" \/>\n<meta property=\"og:description\" content=\"\u00abElle ne remplirait pas les conditions pour \u00eatre candidate\u00bb.Donald Trump avait d\u00e9j\u00e0 contest\u00e9 pendant des ann\u00e9es la nationalit\u00e9 am\u00e9ricaine de Barack Obama, soutenant de fausses th\u00e9ories selon lesquelles il serait n\u00e9 au Kenya. Le pr\u00e9sident des Etats-Unis Donald Trump tente de jeter le doute sur la nationalit\u00e9 am\u00e9ricaine de la candidate d\u00e9mocrate \u00e0 la vice-pr\u00e9sidence, Kamala Harris. \u00ab\u00a0J\u2019ai entendu aujourd\u2019hui que Kamala Harris ne remplirait pas les conditions pour \u00eatre candidate \u00e0 la vice-pr\u00e9sidence\u00a0\u00bb, a-t-il insinu\u00e9 au cours d\u2019une conf\u00e9rence de presse \u00e0 la Maison blanche. Kamala Harris est la&hellip;\" \/>\n<meta property=\"og:url\" content=\"https:\/\/congovirtuel.com\/information\/usa-trump-remet-en-cause-la-nationalite-americaine-de-kamala-harris\/\" \/>\n<meta property=\"og:site_name\" content=\"Actualit\u00e9s congolaises et internationales\" \/>\n<meta property=\"article:publisher\" content=\"https:\/\/web.facebook.com\/Congovirtuel-763617960319601\/?ref=aymt_homepage_panel&amp;amp%3bamp%3bamp%3bamp%3bamp%3bamp%3bamp%3bamp%3bamp%3bamp%3bamp%3beid=ARCoxULa66767kIgF_KYav6VdjXTI4yk_LW4yoVO9s6NXpysgb7Cb65vpxcxgqzOAKvIbLQxaAETcqHT\" \/>\n<meta property=\"article:published_time\" content=\"2020-08-14T06:05:57+00:00\" \/>\n<meta property=\"article:modified_time\" content=\"2020-08-14T06:06:11+00:00\" \/>\n<meta property=\"og:image\" content=\"https:\/\/congovirtuel.com\/information\/wp-content\/uploads\/2020\/08\/kamala_harris.jpg\" \/>\n\t<meta property=\"og:image:width\" content=\"1004\" \/>\n\t<meta property=\"og:image:height\" content=\"669\" \/>\n\t<meta property=\"og:image:type\" content=\"image\/jpeg\" \/>\n<meta name=\"author\" content=\"infocongovirtuel\" \/>\n<meta name=\"twitter:card\" content=\"summary_large_image\" \/>\n<meta name=\"twitter:creator\" content=\"@congovirtuel\" \/>\n<meta name=\"twitter:site\" content=\"@congovirtuel\" \/>\n<meta name=\"twitter:label1\" content=\"\u00c9crit par\" \/>\n\t<meta name=\"twitter:data1\" content=\"infocongovirtuel\" \/>\n\t<meta name=\"twitter:label2\" content=\"Dur\u00e9e de lecture estim\u00e9e\" \/>\n\t<meta name=\"twitter:data2\" content=\"1 minute\" \/>\n<script type=\"application\/ld+json\" class=\"yoast-schema-graph\">{\"@context\":\"https:\\\/\\\/schema.org\",\"@graph\":[{\"@type\":\"Article\",\"@id\":\"https:\\\/\\\/congovirtuel.com\\\/information\\\/usa-trump-remet-en-cause-la-nationalite-americaine-de-kamala-harris\\\/#article\",\"isPartOf\":{\"@id\":\"https:\\\/\\\/congovirtuel.com\\\/information\\\/usa-trump-remet-en-cause-la-nationalite-americaine-de-kamala-harris\\\/\"},\"author\":{\"name\":\"infocongovirtuel\",\"@id\":\"https:\\\/\\\/congovirtuel.com\\\/information\\\/#\\\/schema\\\/person\\\/739a44bf7990966cb53d58d2fdeca0b6\"},\"headline\":\"USA: Trump remet en cause la nationalit\u00e9 am\u00e9ricaine de Kamala Harris\",\"datePublished\":\"2020-08-14T06:05:57+00:00\",\"dateModified\":\"2020-08-14T06:06:11+00:00\",\"mainEntityOfPage\":{\"@id\":\"https:\\\/\\\/congovirtuel.com\\\/information\\\/usa-trump-remet-en-cause-la-nationalite-americaine-de-kamala-harris\\\/\"},\"wordCount\":247,\"commentCount\":0,\"publisher\":{\"@id\":\"https:\\\/\\\/congovirtuel.com\\\/information\\\/#organization\"},\"image\":{\"@id\":\"https:\\\/\\\/congovirtuel.com\\\/information\\\/usa-trump-remet-en-cause-la-nationalite-americaine-de-kamala-harris\\\/#primaryimage\"},\"thumbnailUrl\":\"https:\\\/\\\/congovirtuel.com\\\/information\\\/wp-content\\\/uploads\\\/2020\\\/08\\\/kamala_harris.jpg\",\"keywords\":[\"nationalit\u00e9 Kamala Harris\"],\"articleSection\":[\"USA\"],\"inLanguage\":\"fr-FR\",\"potentialAction\":[{\"@type\":\"CommentAction\",\"name\":\"Comment\",\"target\":[\"https:\\\/\\\/congovirtuel.com\\\/information\\\/usa-trump-remet-en-cause-la-nationalite-americaine-de-kamala-harris\\\/#respond\"]}]},{\"@type\":\"WebPage\",\"@id\":\"https:\\\/\\\/congovirtuel.com\\\/information\\\/usa-trump-remet-en-cause-la-nationalite-americaine-de-kamala-harris\\\/\",\"url\":\"https:\\\/\\\/congovirtuel.com\\\/information\\\/usa-trump-remet-en-cause-la-nationalite-americaine-de-kamala-harris\\\/\",\"name\":\"USA: Trump remet en cause la nationalit\u00e9 am\u00e9ricaine de Kamala Harris - Actualit\u00e9s congolaises et internationales\",\"isPartOf\":{\"@id\":\"https:\\\/\\\/congovirtuel.com\\\/information\\\/#website\"},\"primaryImageOfPage\":{\"@id\":\"https:\\\/\\\/congovirtuel.com\\\/information\\\/usa-trump-remet-en-cause-la-nationalite-americaine-de-kamala-harris\\\/#primaryimage\"},\"image\":{\"@id\":\"https:\\\/\\\/congovirtuel.com\\\/information\\\/usa-trump-remet-en-cause-la-nationalite-americaine-de-kamala-harris\\\/#primaryimage\"},\"thumbnailUrl\":\"https:\\\/\\\/congovirtuel.com\\\/information\\\/wp-content\\\/uploads\\\/2020\\\/08\\\/kamala_harris.jpg\",\"datePublished\":\"2020-08-14T06:05:57+00:00\",\"dateModified\":\"2020-08-14T06:06:11+00:00\",\"breadcrumb\":{\"@id\":\"https:\\\/\\\/congovirtuel.com\\\/information\\\/usa-trump-remet-en-cause-la-nationalite-americaine-de-kamala-harris\\\/#breadcrumb\"},\"inLanguage\":\"fr-FR\",\"potentialAction\":[{\"@type\":\"ReadAction\",\"target\":[\"https:\\\/\\\/congovirtuel.com\\\/information\\\/usa-trump-remet-en-cause-la-nationalite-americaine-de-kamala-harris\\\/\"]}]},{\"@type\":\"ImageObject\",\"inLanguage\":\"fr-FR\",\"@id\":\"https:\\\/\\\/congovirtuel.com\\\/information\\\/usa-trump-remet-en-cause-la-nationalite-americaine-de-kamala-harris\\\/#primaryimage\",\"url\":\"https:\\\/\\\/congovirtuel.com\\\/information\\\/wp-content\\\/uploads\\\/2020\\\/08\\\/kamala_harris.jpg\",\"contentUrl\":\"https:\\\/\\\/congovirtuel.com\\\/information\\\/wp-content\\\/uploads\\\/2020\\\/08\\\/kamala_harris.jpg\",\"width\":1004,\"height\":669},{\"@type\":\"BreadcrumbList\",\"@id\":\"https:\\\/\\\/congovirtuel.com\\\/information\\\/usa-trump-remet-en-cause-la-nationalite-americaine-de-kamala-harris\\\/#breadcrumb\",\"itemListElement\":[{\"@type\":\"ListItem\",\"position\":1,\"name\":\"Accueil\",\"item\":\"https:\\\/\\\/congovirtuel.com\\\/information\\\/\"},{\"@type\":\"ListItem\",\"position\":2,\"name\":\"USA: Trump remet en cause la nationalit\u00e9 am\u00e9ricaine de Kamala Harris\"}]},{\"@type\":\"WebSite\",\"@id\":\"https:\\\/\\\/congovirtuel.com\\\/information\\\/#website\",\"url\":\"https:\\\/\\\/congovirtuel.com\\\/information\\\/\",\"name\":\"Actualit\u00e9s congolaises et internationales\",\"description\":\"site d&#039;analyse et de traitement d&#039;information\",\"publisher\":{\"@id\":\"https:\\\/\\\/congovirtuel.com\\\/information\\\/#organization\"},\"potentialAction\":[{\"@type\":\"SearchAction\",\"target\":{\"@type\":\"EntryPoint\",\"urlTemplate\":\"https:\\\/\\\/congovirtuel.com\\\/information\\\/?s={search_term_string}\"},\"query-input\":{\"@type\":\"PropertyValueSpecification\",\"valueRequired\":true,\"valueName\":\"search_term_string\"}}],\"inLanguage\":\"fr-FR\"},{\"@type\":\"Organization\",\"@id\":\"https:\\\/\\\/congovirtuel.com\\\/information\\\/#organization\",\"name\":\"Biblioth\u00e8que Virtuelle de la RDC\",\"url\":\"https:\\\/\\\/congovirtuel.com\\\/information\\\/\",\"logo\":{\"@type\":\"ImageObject\",\"inLanguage\":\"fr-FR\",\"@id\":\"https:\\\/\\\/congovirtuel.com\\\/information\\\/#\\\/schema\\\/logo\\\/image\\\/\",\"url\":\"https:\\\/\\\/congovirtuel.com\\\/information\\\/wp-content\\\/uploads\\\/2018\\\/10\\\/header-info-congovirtuel-vraie.jpg\",\"contentUrl\":\"https:\\\/\\\/congovirtuel.com\\\/information\\\/wp-content\\\/uploads\\\/2018\\\/10\\\/header-info-congovirtuel-vraie.jpg\",\"width\":728,\"height\":90,\"caption\":\"Biblioth\u00e8que Virtuelle de la RDC\"},\"image\":{\"@id\":\"https:\\\/\\\/congovirtuel.com\\\/information\\\/#\\\/schema\\\/logo\\\/image\\\/\"},\"sameAs\":[\"https:\\\/\\\/web.facebook.com\\\/Congovirtuel-763617960319601\\\/?ref=aymt_homepage_panel&amp;amp;amp;amp;amp;amp;amp;amp;amp;amp;amp;eid=ARCoxULa66767kIgF_KYav6VdjXTI4yk_LW4yoVO9s6NXpysgb7Cb65vpxcxgqzOAKvIbLQxaAETcqHT\",\"https:\\\/\\\/x.com\\\/congovirtuel\",\"https:\\\/\\\/www.youtube.com\\\/channel\\\/UCkFfprYzGgS3EWNpeMXpToQ?view_as=subscriber\"]},{\"@type\":\"Person\",\"@id\":\"https:\\\/\\\/congovirtuel.com\\\/information\\\/#\\\/schema\\\/person\\\/739a44bf7990966cb53d58d2fdeca0b6\",\"name\":\"infocongovirtuel\",\"image\":{\"@type\":\"ImageObject\",\"inLanguage\":\"fr-FR\",\"@id\":\"https:\\\/\\\/secure.gravatar.com\\\/avatar\\\/4d76991aa72469f0eb22e772586c99113c6997f88da636a9db8f2ce3a2c05e69?s=96&d=mm&r=g\",\"url\":\"https:\\\/\\\/secure.gravatar.com\\\/avatar\\\/4d76991aa72469f0eb22e772586c99113c6997f88da636a9db8f2ce3a2c05e69?s=96&d=mm&r=g\",\"contentUrl\":\"https:\\\/\\\/secure.gravatar.com\\\/avatar\\\/4d76991aa72469f0eb22e772586c99113c6997f88da636a9db8f2ce3a2c05e69?s=96&d=mm&r=g\",\"caption\":\"infocongovirtuel\"},\"url\":\"https:\\\/\\\/congovirtuel.com\\\/information\\\/author\\\/infocongovirtuel\\\/\"}]}<\/script>\n<!-- \/ Yoast SEO plugin. -->","yoast_head_json":{"title":"USA: Trump remet en cause la nationalit\u00e9 am\u00e9ricaine de Kamala Harris - Actualit\u00e9s congolaises et internationales","robots":{"index":"index","follow":"follow","max-snippet":"max-snippet:-1","max-image-preview":"max-image-preview:large","max-video-preview":"max-video-preview:-1"},"canonical":"https:\/\/congovirtuel.com\/information\/usa-trump-remet-en-cause-la-nationalite-americaine-de-kamala-harris\/","og_locale":"fr_FR","og_type":"article","og_title":"USA: Trump remet en cause la nationalit\u00e9 am\u00e9ricaine de Kamala Harris - Actualit\u00e9s congolaises et internationales","og_description":"\u00abElle ne remplirait pas les conditions pour \u00eatre candidate\u00bb.Donald Trump avait d\u00e9j\u00e0 contest\u00e9 pendant des ann\u00e9es la nationalit\u00e9 am\u00e9ricaine de Barack Obama, soutenant de fausses th\u00e9ories selon lesquelles il serait n\u00e9 au Kenya. Le pr\u00e9sident des Etats-Unis Donald Trump tente de jeter le doute sur la nationalit\u00e9 am\u00e9ricaine de la candidate d\u00e9mocrate \u00e0 la vice-pr\u00e9sidence, Kamala Harris. \u00ab\u00a0J\u2019ai entendu aujourd\u2019hui que Kamala Harris ne remplirait pas les conditions pour \u00eatre candidate \u00e0 la vice-pr\u00e9sidence\u00a0\u00bb, a-t-il insinu\u00e9 au cours d\u2019une conf\u00e9rence de presse \u00e0 la Maison blanche. Kamala Harris est la&hellip;","og_url":"https:\/\/congovirtuel.com\/information\/usa-trump-remet-en-cause-la-nationalite-americaine-de-kamala-harris\/","og_site_name":"Actualit\u00e9s congolaises et internationales","article_publisher":"https:\/\/web.facebook.com\/Congovirtuel-763617960319601\/?ref=aymt_homepage_panel&amp%3bamp%3bamp%3bamp%3bamp%3bamp%3bamp%3bamp%3bamp%3bamp%3bamp%3beid=ARCoxULa66767kIgF_KYav6VdjXTI4yk_LW4yoVO9s6NXpysgb7Cb65vpxcxgqzOAKvIbLQxaAETcqHT","article_published_time":"2020-08-14T06:05:57+00:00","article_modified_time":"2020-08-14T06:06:11+00:00","og_image":[{"width":1004,"height":669,"url":"https:\/\/congovirtuel.com\/information\/wp-content\/uploads\/2020\/08\/kamala_harris.jpg","type":"image\/jpeg"}],"author":"infocongovirtuel","twitter_card":"summary_large_image","twitter_creator":"@congovirtuel","twitter_site":"@congovirtuel","twitter_misc":{"\u00c9crit par":"infocongovirtuel","Dur\u00e9e de lecture estim\u00e9e":"1 minute"},"schema":{"@context":"https:\/\/schema.org","@graph":[{"@type":"Article","@id":"https:\/\/congovirtuel.com\/information\/usa-trump-remet-en-cause-la-nationalite-americaine-de-kamala-harris\/#article","isPartOf":{"@id":"https:\/\/congovirtuel.com\/information\/usa-trump-remet-en-cause-la-nationalite-americaine-de-kamala-harris\/"},"author":{"name":"infocongovirtuel","@id":"https:\/\/congovirtuel.com\/information\/#\/schema\/person\/739a44bf7990966cb53d58d2fdeca0b6"},"headline":"USA: Trump remet en cause la nationalit\u00e9 am\u00e9ricaine de Kamala Harris","datePublished":"2020-08-14T06:05:57+00:00","dateModified":"2020-08-14T06:06:11+00:00","mainEntityOfPage":{"@id":"https:\/\/congovirtuel.com\/information\/usa-trump-remet-en-cause-la-nationalite-americaine-de-kamala-harris\/"},"wordCount":247,"commentCount":0,"publisher":{"@id":"https:\/\/congovirtuel.com\/information\/#organization"},"image":{"@id":"https:\/\/congovirtuel.com\/information\/usa-trump-remet-en-cause-la-nationalite-americaine-de-kamala-harris\/#primaryimage"},"thumbnailUrl":"https:\/\/congovirtuel.com\/information\/wp-content\/uploads\/2020\/08\/kamala_harris.jpg","keywords":["nationalit\u00e9 Kamala Harris"],"articleSection":["USA"],"inLanguage":"fr-FR","potentialAction":[{"@type":"CommentAction","name":"Comment","target":["https:\/\/congovirtuel.com\/information\/usa-trump-remet-en-cause-la-nationalite-americaine-de-kamala-harris\/#respond"]}]},{"@type":"WebPage","@id":"https:\/\/congovirtuel.com\/information\/usa-trump-remet-en-cause-la-nationalite-americaine-de-kamala-harris\/","url":"https:\/\/congovirtuel.com\/information\/usa-trump-remet-en-cause-la-nationalite-americaine-de-kamala-harris\/","name":"USA: Trump remet en cause la nationalit\u00e9 am\u00e9ricaine de Kamala Harris - Actualit\u00e9s congolaises et internationales","isPartOf":{"@id":"https:\/\/congovirtuel.com\/information\/#website"},"primaryImageOfPage":{"@id":"https:\/\/congovirtuel.com\/information\/usa-trump-remet-en-cause-la-nationalite-americaine-de-kamala-harris\/#primaryimage"},"image":{"@id":"https:\/\/congovirtuel.com\/information\/usa-trump-remet-en-cause-la-nationalite-americaine-de-kamala-harris\/#primaryimage"},"thumbnailUrl":"https:\/\/congovirtuel.com\/information\/wp-content\/uploads\/2020\/08\/kamala_harris.jpg","datePublished":"2020-08-14T06:05:57+00:00","dateModified":"2020-08-14T06:06:11+00:00","breadcrumb":{"@id":"https:\/\/congovirtuel.com\/information\/usa-trump-remet-en-cause-la-nationalite-americaine-de-kamala-harris\/#breadcrumb"},"inLanguage":"fr-FR","potentialAction":[{"@type":"ReadAction","target":["https:\/\/congovirtuel.com\/information\/usa-trump-remet-en-cause-la-nationalite-americaine-de-kamala-harris\/"]}]},{"@type":"ImageObject","inLanguage":"fr-FR","@id":"https:\/\/congovirtuel.com\/information\/usa-trump-remet-en-cause-la-nationalite-americaine-de-kamala-harris\/#primaryimage","url":"https:\/\/congovirtuel.com\/information\/wp-content\/uploads\/2020\/08\/kamala_harris.jpg","contentUrl":"https:\/\/congovirtuel.com\/information\/wp-content\/uploads\/2020\/08\/kamala_harris.jpg","width":1004,"height":669},{"@type":"BreadcrumbList","@id":"https:\/\/congovirtuel.com\/information\/usa-trump-remet-en-cause-la-nationalite-americaine-de-kamala-harris\/#breadcrumb","itemListElement":[{"@type":"ListItem","position":1,"name":"Accueil","item":"https:\/\/congovirtuel.com\/information\/"},{"@type":"ListItem","position":2,"name":"USA: Trump remet en cause la nationalit\u00e9 am\u00e9ricaine de Kamala Harris"}]},{"@type":"WebSite","@id":"https:\/\/congovirtuel.com\/information\/#website","url":"https:\/\/congovirtuel.com\/information\/","name":"Actualit\u00e9s congolaises et internationales","description":"site d&#039;analyse et de traitement d&#039;information","publisher":{"@id":"https:\/\/congovirtuel.com\/information\/#organization"},"potentialAction":[{"@type":"SearchAction","target":{"@type":"EntryPoint","urlTemplate":"https:\/\/congovirtuel.com\/information\/?s={search_term_string}"},"query-input":{"@type":"PropertyValueSpecification","valueRequired":true,"valueName":"search_term_string"}}],"inLanguage":"fr-FR"},{"@type":"Organization","@id":"https:\/\/congovirtuel.com\/information\/#organization","name":"Biblioth\u00e8que Virtuelle de la RDC","url":"https:\/\/congovirtuel.com\/information\/","logo":{"@type":"ImageObject","inLanguage":"fr-FR","@id":"https:\/\/congovirtuel.com\/information\/#\/schema\/logo\/image\/","url":"https:\/\/congovirtuel.com\/information\/wp-content\/uploads\/2018\/10\/header-info-congovirtuel-vraie.jpg","contentUrl":"https:\/\/congovirtuel.com\/information\/wp-content\/uploads\/2018\/10\/header-info-congovirtuel-vraie.jpg","width":728,"height":90,"caption":"Biblioth\u00e8que Virtuelle de la RDC"},"image":{"@id":"https:\/\/congovirtuel.com\/information\/#\/schema\/logo\/image\/"},"sameAs":["https:\/\/web.facebook.com\/Congovirtuel-763617960319601\/?ref=aymt_homepage_panel&amp;amp;amp;amp;amp;amp;amp;amp;amp;amp;amp;eid=ARCoxULa66767kIgF_KYav6VdjXTI4yk_LW4yoVO9s6NXpysgb7Cb65vpxcxgqzOAKvIbLQxaAETcqHT","https:\/\/x.com\/congovirtuel","https:\/\/www.youtube.com\/channel\/UCkFfprYzGgS3EWNpeMXpToQ?view_as=subscriber"]},{"@type":"Person","@id":"https:\/\/congovirtuel.com\/information\/#\/schema\/person\/739a44bf7990966cb53d58d2fdeca0b6","name":"infocongovirtuel","image":{"@type":"ImageObject","inLanguage":"fr-FR","@id":"https:\/\/secure.gravatar.com\/avatar\/4d76991aa72469f0eb22e772586c99113c6997f88da636a9db8f2ce3a2c05e69?s=96&d=mm&r=g","url":"https:\/\/secure.gravatar.com\/avatar\/4d76991aa72469f0eb22e772586c99113c6997f88da636a9db8f2ce3a2c05e69?s=96&d=mm&r=g","contentUrl":"https:\/\/secure.gravatar.com\/avatar\/4d76991aa72469f0eb22e772586c99113c6997f88da636a9db8f2ce3a2c05e69?s=96&d=mm&r=g","caption":"infocongovirtuel"},"url":"https:\/\/congovirtuel.com\/information\/author\/infocongovirtuel\/"}]}},"gt_translate_keys":[{"key":"link","format":"url"}],"_links":{"self":[{"href":"https:\/\/congovirtuel.com\/information\/wp-json\/wp\/v2\/posts\/2823","targetHints":{"allow":["GET"]}}],"collection":[{"href":"https:\/\/congovirtuel.com\/information\/wp-json\/wp\/v2\/posts"}],"about":[{"href":"https:\/\/congovirtuel.com\/information\/wp-json\/wp\/v2\/types\/post"}],"author":[{"embeddable":true,"href":"https:\/\/congovirtuel.com\/information\/wp-json\/wp\/v2\/users\/1"}],"replies":[{"embeddable":true,"href":"https:\/\/congovirtuel.com\/information\/wp-json\/wp\/v2\/comments?post=2823"}],"version-history":[{"count":1,"href":"https:\/\/congovirtuel.com\/information\/wp-json\/wp\/v2\/posts\/2823\/revisions"}],"predecessor-version":[{"id":2825,"href":"https:\/\/congovirtuel.com\/information\/wp-json\/wp\/v2\/posts\/2823\/revisions\/2825"}],"wp:featuredmedia":[{"embeddable":true,"href":"https:\/\/congovirtuel.com\/information\/wp-json\/wp\/v2\/media\/2824"}],"wp:attachment":[{"href":"https:\/\/congovirtuel.com\/information\/wp-json\/wp\/v2\/media?parent=2823"}],"wp:term":[{"taxonomy":"category","embeddable":true,"href":"https:\/\/congovirtuel.com\/information\/wp-json\/wp\/v2\/categories?post=2823"},{"taxonomy":"post_tag","embeddable":true,"href":"https:\/\/congovirtuel.com\/information\/wp-json\/wp\/v2\/tags?post=2823"}],"curies":[{"name":"wp","href":"https:\/\/api.w.org\/{rel}","templated":true}]}}