{"id":284,"date":"2019-10-12T11:13:03","date_gmt":"2019-10-12T10:13:03","guid":{"rendered":"https:\/\/congovirtuel.com\/information\/?p=284"},"modified":"2019-10-12T12:17:24","modified_gmt":"2019-10-12T11:17:24","slug":"deux-citoyens-russes-etaient-a-bord-dun-an-72-qui-sest-ecrase-en-rd-congo-ambassade","status":"publish","type":"post","link":"https:\/\/congovirtuel.com\/information\/deux-citoyens-russes-etaient-a-bord-dun-an-72-qui-sest-ecrase-en-rd-congo-ambassade\/","title":{"rendered":"Deux citoyens russes \u00e9taient \u00e0 bord d&rsquo;un An-72 qui s&rsquo;est \u00e9cras\u00e9 en RD Congo \u2013 Ambassade","gt_translate_keys":[{"key":"rendered","format":"text"}]},"content":{"rendered":"\n<p class=\"wp-block-paragraph\">L&rsquo;avion-cargo transportant huit personnes a disparu jeudi\napr\u00e8s-midi, une heure apr\u00e8s son d\u00e9collage de Goma. Une op\u00e9ration de recherche\net de sauvetage est en cours. \u00c0 l&rsquo;heure actuelle, il n&rsquo;y a aucune information\nofficielle sur la cause de la catastrophe.<\/p>\n\n\n\n<p class=\"wp-block-paragraph\">Au moins deux citoyens russes se trouvaient \u00e0 bord de l&rsquo;avion de transport An-72 qui s&rsquo;est \u00e9cras\u00e9 en R\u00e9publique d\u00e9mocratique du Congo (RDC), a annonc\u00e9 samedi l&rsquo;ambassade de Russie dans le pays. Les diplomates ont annonc\u00e9 leurs noms et ont confirm\u00e9 que les responsables sont toujours \u00e0 la recherche de l&rsquo;avion dans la jungle.<\/p>\n\n\n\n<script async=\"\" src=\"\/\/pagead2.googlesyndication.com\/pagead\/js\/adsbygoogle.js\"><\/script>\n<!-- code responsive -->\n<ins class=\"adsbygoogle\" style=\"display:block\" data-ad-client=\"ca-pub-2119363214666215\" data-ad-slot=\"1973679082\" data-ad-format=\"auto\"><\/ins>\n<script>\n(adsbygoogle = window.adsbygoogle || []).push({});\n<\/script>\n\n\n\n<p class=\"wp-block-paragraph\">\u00ab\u00a0Des citoyens russes se trouvaient \u00e0 bord de l&rsquo;avion An-72 qui s&rsquo;est \u00e9cras\u00e9: 1. Sadovnichiy Vladimir Vladimirovich, n\u00e9 le 07.02.1958; 2. Shumkov Vitaly Stepanovich n\u00e9 le 15.02.1955\u00a0\u00bb, \u00e9crit l&rsquo;ambassade, pr\u00e9cisant que ces deux personnes \u00e9taient des pilotes de transport. L&rsquo;avion, qui effectuait des vols \u00e0 la demande du pr\u00e9sident de la RDC, Felix Tshisekedi, a quitt\u00e9 l&rsquo;a\u00e9roport international de Goma jeudi et devait atterrir \u00e0 Kinshasa, la capitale de la RDC, mais est parti du radar. Les autorit\u00e9s ont par la suite confirm\u00e9 qu&rsquo;il s&rsquo;\u00e9tait \u00e9cras\u00e9 dans l&rsquo;est du pays. <\/p>\n\n\n\n<p class=\"wp-block-paragraph\">RIA<\/p>\n","protected":false,"gt_translate_keys":[{"key":"rendered","format":"html"}]},"excerpt":{"rendered":"<p>L&rsquo;avion-cargo transportant huit personnes a disparu jeudi apr\u00e8s-midi, une heure apr\u00e8s son d\u00e9collage de Goma. Une op\u00e9ration de recherche et de sauvetage est en cours. \u00c0 l&rsquo;heure actuelle, il n&rsquo;y a aucune information officielle sur la cause de la catastrophe. Au moins deux citoyens russes se trouvaient \u00e0 bord de l&rsquo;avion de transport An-72 qui s&rsquo;est \u00e9cras\u00e9 en R\u00e9publique d\u00e9mocratique du Congo (RDC), a annonc\u00e9 samedi l&rsquo;ambassade de Russie dans le pays. Les diplomates ont annonc\u00e9 leurs noms et ont confirm\u00e9 que les responsables sont toujours \u00e0 la recherche de&hellip;<\/p>\n","protected":false,"gt_translate_keys":[{"key":"rendered","format":"html"}]},"author":1,"featured_media":285,"comment_status":"open","ping_status":"open","sticky":false,"template":"","format":"standard","meta":{"_crdt_document":"","footnotes":""},"categories":[13],"tags":[14,15],"class_list":["post-284","post","type-post","status-publish","format-standard","has-post-thumbnail","hentry","category-accidents","tag-crash-avion-antonov-72-a-punia","tag-felix-tshisekedi-attentat"],"gutentor_comment":0,"yoast_head":"<!-- This site is optimized with the Yoast SEO plugin v27.5 - https:\/\/yoast.com\/product\/yoast-seo-wordpress\/ -->\n<title>Deux citoyens russes \u00e9taient \u00e0 bord d&#039;un An-72 qui s&#039;est \u00e9cras\u00e9 en RD Congo \u2013 Ambassade - Actualit\u00e9s congolaises et internationales<\/title>\n<meta name=\"robots\" content=\"index, follow, max-snippet:-1, max-image-preview:large, max-video-preview:-1\" \/>\n<link rel=\"canonical\" href=\"https:\/\/congovirtuel.com\/information\/deux-citoyens-russes-etaient-a-bord-dun-an-72-qui-sest-ecrase-en-rd-congo-ambassade\/\" \/>\n<meta property=\"og:locale\" content=\"fr_FR\" \/>\n<meta property=\"og:type\" content=\"article\" \/>\n<meta property=\"og:title\" content=\"Deux citoyens russes \u00e9taient \u00e0 bord d&#039;un An-72 qui s&#039;est \u00e9cras\u00e9 en RD Congo \u2013 Ambassade - Actualit\u00e9s congolaises et internationales\" \/>\n<meta property=\"og:description\" content=\"L&rsquo;avion-cargo transportant huit personnes a disparu jeudi apr\u00e8s-midi, une heure apr\u00e8s son d\u00e9collage de Goma. Une op\u00e9ration de recherche et de sauvetage est en cours. \u00c0 l&rsquo;heure actuelle, il n&rsquo;y a aucune information officielle sur la cause de la catastrophe. Au moins deux citoyens russes se trouvaient \u00e0 bord de l&rsquo;avion de transport An-72 qui s&rsquo;est \u00e9cras\u00e9 en R\u00e9publique d\u00e9mocratique du Congo (RDC), a annonc\u00e9 samedi l&rsquo;ambassade de Russie dans le pays. Les diplomates ont annonc\u00e9 leurs noms et ont confirm\u00e9 que les responsables sont toujours \u00e0 la recherche de&hellip;\" \/>\n<meta property=\"og:url\" content=\"https:\/\/congovirtuel.com\/information\/deux-citoyens-russes-etaient-a-bord-dun-an-72-qui-sest-ecrase-en-rd-congo-ambassade\/\" \/>\n<meta property=\"og:site_name\" content=\"Actualit\u00e9s congolaises et internationales\" \/>\n<meta property=\"article:publisher\" content=\"https:\/\/web.facebook.com\/Congovirtuel-763617960319601\/?ref=aymt_homepage_panel&amp;amp%3bamp%3bamp%3bamp%3bamp%3bamp%3bamp%3bamp%3bamp%3bamp%3bamp%3beid=ARCoxULa66767kIgF_KYav6VdjXTI4yk_LW4yoVO9s6NXpysgb7Cb65vpxcxgqzOAKvIbLQxaAETcqHT\" \/>\n<meta property=\"article:published_time\" content=\"2019-10-12T10:13:03+00:00\" \/>\n<meta property=\"article:modified_time\" content=\"2019-10-12T11:17:24+00:00\" \/>\n<meta property=\"og:image\" content=\"https:\/\/congovirtuel.com\/information\/wp-content\/uploads\/2019\/10\/antonov-72.jpg\" \/>\n\t<meta property=\"og:image:width\" content=\"1000\" \/>\n\t<meta property=\"og:image:height\" content=\"541\" \/>\n\t<meta property=\"og:image:type\" content=\"image\/jpeg\" \/>\n<meta name=\"author\" content=\"infocongovirtuel\" \/>\n<meta name=\"twitter:card\" content=\"summary_large_image\" \/>\n<meta name=\"twitter:creator\" content=\"@congovirtuel\" \/>\n<meta name=\"twitter:site\" content=\"@congovirtuel\" \/>\n<meta name=\"twitter:label1\" content=\"\u00c9crit par\" \/>\n\t<meta name=\"twitter:data1\" content=\"infocongovirtuel\" \/>\n\t<meta name=\"twitter:label2\" content=\"Dur\u00e9e de lecture estim\u00e9e\" \/>\n\t<meta name=\"twitter:data2\" content=\"1 minute\" \/>\n<script type=\"application\/ld+json\" class=\"yoast-schema-graph\">{\"@context\":\"https:\\\/\\\/schema.org\",\"@graph\":[{\"@type\":\"Article\",\"@id\":\"https:\\\/\\\/congovirtuel.com\\\/information\\\/deux-citoyens-russes-etaient-a-bord-dun-an-72-qui-sest-ecrase-en-rd-congo-ambassade\\\/#article\",\"isPartOf\":{\"@id\":\"https:\\\/\\\/congovirtuel.com\\\/information\\\/deux-citoyens-russes-etaient-a-bord-dun-an-72-qui-sest-ecrase-en-rd-congo-ambassade\\\/\"},\"author\":{\"name\":\"infocongovirtuel\",\"@id\":\"https:\\\/\\\/congovirtuel.com\\\/information\\\/#\\\/schema\\\/person\\\/739a44bf7990966cb53d58d2fdeca0b6\"},\"headline\":\"Deux citoyens russes \u00e9taient \u00e0 bord d&rsquo;un An-72 qui s&rsquo;est \u00e9cras\u00e9 en RD Congo \u2013 Ambassade\",\"datePublished\":\"2019-10-12T10:13:03+00:00\",\"dateModified\":\"2019-10-12T11:17:24+00:00\",\"mainEntityOfPage\":{\"@id\":\"https:\\\/\\\/congovirtuel.com\\\/information\\\/deux-citoyens-russes-etaient-a-bord-dun-an-72-qui-sest-ecrase-en-rd-congo-ambassade\\\/\"},\"wordCount\":216,\"commentCount\":0,\"publisher\":{\"@id\":\"https:\\\/\\\/congovirtuel.com\\\/information\\\/#organization\"},\"image\":{\"@id\":\"https:\\\/\\\/congovirtuel.com\\\/information\\\/deux-citoyens-russes-etaient-a-bord-dun-an-72-qui-sest-ecrase-en-rd-congo-ambassade\\\/#primaryimage\"},\"thumbnailUrl\":\"https:\\\/\\\/congovirtuel.com\\\/information\\\/wp-content\\\/uploads\\\/2019\\\/10\\\/antonov-72.jpg\",\"keywords\":[\"Crash Avion Antonov 72 \u00e0 Punia\",\"F\u00e9lix Tshisekedi Attentat\"],\"articleSection\":[\"Accidents\"],\"inLanguage\":\"fr-FR\",\"potentialAction\":[{\"@type\":\"CommentAction\",\"name\":\"Comment\",\"target\":[\"https:\\\/\\\/congovirtuel.com\\\/information\\\/deux-citoyens-russes-etaient-a-bord-dun-an-72-qui-sest-ecrase-en-rd-congo-ambassade\\\/#respond\"]}]},{\"@type\":\"WebPage\",\"@id\":\"https:\\\/\\\/congovirtuel.com\\\/information\\\/deux-citoyens-russes-etaient-a-bord-dun-an-72-qui-sest-ecrase-en-rd-congo-ambassade\\\/\",\"url\":\"https:\\\/\\\/congovirtuel.com\\\/information\\\/deux-citoyens-russes-etaient-a-bord-dun-an-72-qui-sest-ecrase-en-rd-congo-ambassade\\\/\",\"name\":\"Deux citoyens russes \u00e9taient \u00e0 bord d'un An-72 qui s'est \u00e9cras\u00e9 en RD Congo \u2013 Ambassade - Actualit\u00e9s congolaises et internationales\",\"isPartOf\":{\"@id\":\"https:\\\/\\\/congovirtuel.com\\\/information\\\/#website\"},\"primaryImageOfPage\":{\"@id\":\"https:\\\/\\\/congovirtuel.com\\\/information\\\/deux-citoyens-russes-etaient-a-bord-dun-an-72-qui-sest-ecrase-en-rd-congo-ambassade\\\/#primaryimage\"},\"image\":{\"@id\":\"https:\\\/\\\/congovirtuel.com\\\/information\\\/deux-citoyens-russes-etaient-a-bord-dun-an-72-qui-sest-ecrase-en-rd-congo-ambassade\\\/#primaryimage\"},\"thumbnailUrl\":\"https:\\\/\\\/congovirtuel.com\\\/information\\\/wp-content\\\/uploads\\\/2019\\\/10\\\/antonov-72.jpg\",\"datePublished\":\"2019-10-12T10:13:03+00:00\",\"dateModified\":\"2019-10-12T11:17:24+00:00\",\"breadcrumb\":{\"@id\":\"https:\\\/\\\/congovirtuel.com\\\/information\\\/deux-citoyens-russes-etaient-a-bord-dun-an-72-qui-sest-ecrase-en-rd-congo-ambassade\\\/#breadcrumb\"},\"inLanguage\":\"fr-FR\",\"potentialAction\":[{\"@type\":\"ReadAction\",\"target\":[\"https:\\\/\\\/congovirtuel.com\\\/information\\\/deux-citoyens-russes-etaient-a-bord-dun-an-72-qui-sest-ecrase-en-rd-congo-ambassade\\\/\"]}]},{\"@type\":\"ImageObject\",\"inLanguage\":\"fr-FR\",\"@id\":\"https:\\\/\\\/congovirtuel.com\\\/information\\\/deux-citoyens-russes-etaient-a-bord-dun-an-72-qui-sest-ecrase-en-rd-congo-ambassade\\\/#primaryimage\",\"url\":\"https:\\\/\\\/congovirtuel.com\\\/information\\\/wp-content\\\/uploads\\\/2019\\\/10\\\/antonov-72.jpg\",\"contentUrl\":\"https:\\\/\\\/congovirtuel.com\\\/information\\\/wp-content\\\/uploads\\\/2019\\\/10\\\/antonov-72.jpg\",\"width\":1000,\"height\":541},{\"@type\":\"BreadcrumbList\",\"@id\":\"https:\\\/\\\/congovirtuel.com\\\/information\\\/deux-citoyens-russes-etaient-a-bord-dun-an-72-qui-sest-ecrase-en-rd-congo-ambassade\\\/#breadcrumb\",\"itemListElement\":[{\"@type\":\"ListItem\",\"position\":1,\"name\":\"Accueil\",\"item\":\"https:\\\/\\\/congovirtuel.com\\\/information\\\/\"},{\"@type\":\"ListItem\",\"position\":2,\"name\":\"Deux citoyens russes \u00e9taient \u00e0 bord d&rsquo;un An-72 qui s&rsquo;est \u00e9cras\u00e9 en RD Congo \u2013 Ambassade\"}]},{\"@type\":\"WebSite\",\"@id\":\"https:\\\/\\\/congovirtuel.com\\\/information\\\/#website\",\"url\":\"https:\\\/\\\/congovirtuel.com\\\/information\\\/\",\"name\":\"Actualit\u00e9s congolaises et internationales\",\"description\":\"site d&#039;analyse et de traitement d&#039;information\",\"publisher\":{\"@id\":\"https:\\\/\\\/congovirtuel.com\\\/information\\\/#organization\"},\"potentialAction\":[{\"@type\":\"SearchAction\",\"target\":{\"@type\":\"EntryPoint\",\"urlTemplate\":\"https:\\\/\\\/congovirtuel.com\\\/information\\\/?s={search_term_string}\"},\"query-input\":{\"@type\":\"PropertyValueSpecification\",\"valueRequired\":true,\"valueName\":\"search_term_string\"}}],\"inLanguage\":\"fr-FR\"},{\"@type\":\"Organization\",\"@id\":\"https:\\\/\\\/congovirtuel.com\\\/information\\\/#organization\",\"name\":\"Biblioth\u00e8que Virtuelle de la RDC\",\"url\":\"https:\\\/\\\/congovirtuel.com\\\/information\\\/\",\"logo\":{\"@type\":\"ImageObject\",\"inLanguage\":\"fr-FR\",\"@id\":\"https:\\\/\\\/congovirtuel.com\\\/information\\\/#\\\/schema\\\/logo\\\/image\\\/\",\"url\":\"https:\\\/\\\/congovirtuel.com\\\/information\\\/wp-content\\\/uploads\\\/2018\\\/10\\\/header-info-congovirtuel-vraie.jpg\",\"contentUrl\":\"https:\\\/\\\/congovirtuel.com\\\/information\\\/wp-content\\\/uploads\\\/2018\\\/10\\\/header-info-congovirtuel-vraie.jpg\",\"width\":728,\"height\":90,\"caption\":\"Biblioth\u00e8que Virtuelle de la RDC\"},\"image\":{\"@id\":\"https:\\\/\\\/congovirtuel.com\\\/information\\\/#\\\/schema\\\/logo\\\/image\\\/\"},\"sameAs\":[\"https:\\\/\\\/web.facebook.com\\\/Congovirtuel-763617960319601\\\/?ref=aymt_homepage_panel&amp;amp;amp;amp;amp;amp;amp;amp;amp;amp;amp;eid=ARCoxULa66767kIgF_KYav6VdjXTI4yk_LW4yoVO9s6NXpysgb7Cb65vpxcxgqzOAKvIbLQxaAETcqHT\",\"https:\\\/\\\/x.com\\\/congovirtuel\",\"https:\\\/\\\/www.youtube.com\\\/channel\\\/UCkFfprYzGgS3EWNpeMXpToQ?view_as=subscriber\"]},{\"@type\":\"Person\",\"@id\":\"https:\\\/\\\/congovirtuel.com\\\/information\\\/#\\\/schema\\\/person\\\/739a44bf7990966cb53d58d2fdeca0b6\",\"name\":\"infocongovirtuel\",\"image\":{\"@type\":\"ImageObject\",\"inLanguage\":\"fr-FR\",\"@id\":\"https:\\\/\\\/secure.gravatar.com\\\/avatar\\\/4d76991aa72469f0eb22e772586c99113c6997f88da636a9db8f2ce3a2c05e69?s=96&d=mm&r=g\",\"url\":\"https:\\\/\\\/secure.gravatar.com\\\/avatar\\\/4d76991aa72469f0eb22e772586c99113c6997f88da636a9db8f2ce3a2c05e69?s=96&d=mm&r=g\",\"contentUrl\":\"https:\\\/\\\/secure.gravatar.com\\\/avatar\\\/4d76991aa72469f0eb22e772586c99113c6997f88da636a9db8f2ce3a2c05e69?s=96&d=mm&r=g\",\"caption\":\"infocongovirtuel\"},\"url\":\"https:\\\/\\\/congovirtuel.com\\\/information\\\/author\\\/infocongovirtuel\\\/\"}]}<\/script>\n<!-- \/ Yoast SEO plugin. -->","yoast_head_json":{"title":"Deux citoyens russes \u00e9taient \u00e0 bord d'un An-72 qui s'est \u00e9cras\u00e9 en RD Congo \u2013 Ambassade - Actualit\u00e9s congolaises et internationales","robots":{"index":"index","follow":"follow","max-snippet":"max-snippet:-1","max-image-preview":"max-image-preview:large","max-video-preview":"max-video-preview:-1"},"canonical":"https:\/\/congovirtuel.com\/information\/deux-citoyens-russes-etaient-a-bord-dun-an-72-qui-sest-ecrase-en-rd-congo-ambassade\/","og_locale":"fr_FR","og_type":"article","og_title":"Deux citoyens russes \u00e9taient \u00e0 bord d'un An-72 qui s'est \u00e9cras\u00e9 en RD Congo \u2013 Ambassade - Actualit\u00e9s congolaises et internationales","og_description":"L&rsquo;avion-cargo transportant huit personnes a disparu jeudi apr\u00e8s-midi, une heure apr\u00e8s son d\u00e9collage de Goma. Une op\u00e9ration de recherche et de sauvetage est en cours. \u00c0 l&rsquo;heure actuelle, il n&rsquo;y a aucune information officielle sur la cause de la catastrophe. Au moins deux citoyens russes se trouvaient \u00e0 bord de l&rsquo;avion de transport An-72 qui s&rsquo;est \u00e9cras\u00e9 en R\u00e9publique d\u00e9mocratique du Congo (RDC), a annonc\u00e9 samedi l&rsquo;ambassade de Russie dans le pays. Les diplomates ont annonc\u00e9 leurs noms et ont confirm\u00e9 que les responsables sont toujours \u00e0 la recherche de&hellip;","og_url":"https:\/\/congovirtuel.com\/information\/deux-citoyens-russes-etaient-a-bord-dun-an-72-qui-sest-ecrase-en-rd-congo-ambassade\/","og_site_name":"Actualit\u00e9s congolaises et internationales","article_publisher":"https:\/\/web.facebook.com\/Congovirtuel-763617960319601\/?ref=aymt_homepage_panel&amp%3bamp%3bamp%3bamp%3bamp%3bamp%3bamp%3bamp%3bamp%3bamp%3bamp%3beid=ARCoxULa66767kIgF_KYav6VdjXTI4yk_LW4yoVO9s6NXpysgb7Cb65vpxcxgqzOAKvIbLQxaAETcqHT","article_published_time":"2019-10-12T10:13:03+00:00","article_modified_time":"2019-10-12T11:17:24+00:00","og_image":[{"width":1000,"height":541,"url":"https:\/\/congovirtuel.com\/information\/wp-content\/uploads\/2019\/10\/antonov-72.jpg","type":"image\/jpeg"}],"author":"infocongovirtuel","twitter_card":"summary_large_image","twitter_creator":"@congovirtuel","twitter_site":"@congovirtuel","twitter_misc":{"\u00c9crit par":"infocongovirtuel","Dur\u00e9e de lecture estim\u00e9e":"1 minute"},"schema":{"@context":"https:\/\/schema.org","@graph":[{"@type":"Article","@id":"https:\/\/congovirtuel.com\/information\/deux-citoyens-russes-etaient-a-bord-dun-an-72-qui-sest-ecrase-en-rd-congo-ambassade\/#article","isPartOf":{"@id":"https:\/\/congovirtuel.com\/information\/deux-citoyens-russes-etaient-a-bord-dun-an-72-qui-sest-ecrase-en-rd-congo-ambassade\/"},"author":{"name":"infocongovirtuel","@id":"https:\/\/congovirtuel.com\/information\/#\/schema\/person\/739a44bf7990966cb53d58d2fdeca0b6"},"headline":"Deux citoyens russes \u00e9taient \u00e0 bord d&rsquo;un An-72 qui s&rsquo;est \u00e9cras\u00e9 en RD Congo \u2013 Ambassade","datePublished":"2019-10-12T10:13:03+00:00","dateModified":"2019-10-12T11:17:24+00:00","mainEntityOfPage":{"@id":"https:\/\/congovirtuel.com\/information\/deux-citoyens-russes-etaient-a-bord-dun-an-72-qui-sest-ecrase-en-rd-congo-ambassade\/"},"wordCount":216,"commentCount":0,"publisher":{"@id":"https:\/\/congovirtuel.com\/information\/#organization"},"image":{"@id":"https:\/\/congovirtuel.com\/information\/deux-citoyens-russes-etaient-a-bord-dun-an-72-qui-sest-ecrase-en-rd-congo-ambassade\/#primaryimage"},"thumbnailUrl":"https:\/\/congovirtuel.com\/information\/wp-content\/uploads\/2019\/10\/antonov-72.jpg","keywords":["Crash Avion Antonov 72 \u00e0 Punia","F\u00e9lix Tshisekedi Attentat"],"articleSection":["Accidents"],"inLanguage":"fr-FR","potentialAction":[{"@type":"CommentAction","name":"Comment","target":["https:\/\/congovirtuel.com\/information\/deux-citoyens-russes-etaient-a-bord-dun-an-72-qui-sest-ecrase-en-rd-congo-ambassade\/#respond"]}]},{"@type":"WebPage","@id":"https:\/\/congovirtuel.com\/information\/deux-citoyens-russes-etaient-a-bord-dun-an-72-qui-sest-ecrase-en-rd-congo-ambassade\/","url":"https:\/\/congovirtuel.com\/information\/deux-citoyens-russes-etaient-a-bord-dun-an-72-qui-sest-ecrase-en-rd-congo-ambassade\/","name":"Deux citoyens russes \u00e9taient \u00e0 bord d'un An-72 qui s'est \u00e9cras\u00e9 en RD Congo \u2013 Ambassade - Actualit\u00e9s congolaises et internationales","isPartOf":{"@id":"https:\/\/congovirtuel.com\/information\/#website"},"primaryImageOfPage":{"@id":"https:\/\/congovirtuel.com\/information\/deux-citoyens-russes-etaient-a-bord-dun-an-72-qui-sest-ecrase-en-rd-congo-ambassade\/#primaryimage"},"image":{"@id":"https:\/\/congovirtuel.com\/information\/deux-citoyens-russes-etaient-a-bord-dun-an-72-qui-sest-ecrase-en-rd-congo-ambassade\/#primaryimage"},"thumbnailUrl":"https:\/\/congovirtuel.com\/information\/wp-content\/uploads\/2019\/10\/antonov-72.jpg","datePublished":"2019-10-12T10:13:03+00:00","dateModified":"2019-10-12T11:17:24+00:00","breadcrumb":{"@id":"https:\/\/congovirtuel.com\/information\/deux-citoyens-russes-etaient-a-bord-dun-an-72-qui-sest-ecrase-en-rd-congo-ambassade\/#breadcrumb"},"inLanguage":"fr-FR","potentialAction":[{"@type":"ReadAction","target":["https:\/\/congovirtuel.com\/information\/deux-citoyens-russes-etaient-a-bord-dun-an-72-qui-sest-ecrase-en-rd-congo-ambassade\/"]}]},{"@type":"ImageObject","inLanguage":"fr-FR","@id":"https:\/\/congovirtuel.com\/information\/deux-citoyens-russes-etaient-a-bord-dun-an-72-qui-sest-ecrase-en-rd-congo-ambassade\/#primaryimage","url":"https:\/\/congovirtuel.com\/information\/wp-content\/uploads\/2019\/10\/antonov-72.jpg","contentUrl":"https:\/\/congovirtuel.com\/information\/wp-content\/uploads\/2019\/10\/antonov-72.jpg","width":1000,"height":541},{"@type":"BreadcrumbList","@id":"https:\/\/congovirtuel.com\/information\/deux-citoyens-russes-etaient-a-bord-dun-an-72-qui-sest-ecrase-en-rd-congo-ambassade\/#breadcrumb","itemListElement":[{"@type":"ListItem","position":1,"name":"Accueil","item":"https:\/\/congovirtuel.com\/information\/"},{"@type":"ListItem","position":2,"name":"Deux citoyens russes \u00e9taient \u00e0 bord d&rsquo;un An-72 qui s&rsquo;est \u00e9cras\u00e9 en RD Congo \u2013 Ambassade"}]},{"@type":"WebSite","@id":"https:\/\/congovirtuel.com\/information\/#website","url":"https:\/\/congovirtuel.com\/information\/","name":"Actualit\u00e9s congolaises et internationales","description":"site d&#039;analyse et de traitement d&#039;information","publisher":{"@id":"https:\/\/congovirtuel.com\/information\/#organization"},"potentialAction":[{"@type":"SearchAction","target":{"@type":"EntryPoint","urlTemplate":"https:\/\/congovirtuel.com\/information\/?s={search_term_string}"},"query-input":{"@type":"PropertyValueSpecification","valueRequired":true,"valueName":"search_term_string"}}],"inLanguage":"fr-FR"},{"@type":"Organization","@id":"https:\/\/congovirtuel.com\/information\/#organization","name":"Biblioth\u00e8que Virtuelle de la RDC","url":"https:\/\/congovirtuel.com\/information\/","logo":{"@type":"ImageObject","inLanguage":"fr-FR","@id":"https:\/\/congovirtuel.com\/information\/#\/schema\/logo\/image\/","url":"https:\/\/congovirtuel.com\/information\/wp-content\/uploads\/2018\/10\/header-info-congovirtuel-vraie.jpg","contentUrl":"https:\/\/congovirtuel.com\/information\/wp-content\/uploads\/2018\/10\/header-info-congovirtuel-vraie.jpg","width":728,"height":90,"caption":"Biblioth\u00e8que Virtuelle de la RDC"},"image":{"@id":"https:\/\/congovirtuel.com\/information\/#\/schema\/logo\/image\/"},"sameAs":["https:\/\/web.facebook.com\/Congovirtuel-763617960319601\/?ref=aymt_homepage_panel&amp;amp;amp;amp;amp;amp;amp;amp;amp;amp;amp;eid=ARCoxULa66767kIgF_KYav6VdjXTI4yk_LW4yoVO9s6NXpysgb7Cb65vpxcxgqzOAKvIbLQxaAETcqHT","https:\/\/x.com\/congovirtuel","https:\/\/www.youtube.com\/channel\/UCkFfprYzGgS3EWNpeMXpToQ?view_as=subscriber"]},{"@type":"Person","@id":"https:\/\/congovirtuel.com\/information\/#\/schema\/person\/739a44bf7990966cb53d58d2fdeca0b6","name":"infocongovirtuel","image":{"@type":"ImageObject","inLanguage":"fr-FR","@id":"https:\/\/secure.gravatar.com\/avatar\/4d76991aa72469f0eb22e772586c99113c6997f88da636a9db8f2ce3a2c05e69?s=96&d=mm&r=g","url":"https:\/\/secure.gravatar.com\/avatar\/4d76991aa72469f0eb22e772586c99113c6997f88da636a9db8f2ce3a2c05e69?s=96&d=mm&r=g","contentUrl":"https:\/\/secure.gravatar.com\/avatar\/4d76991aa72469f0eb22e772586c99113c6997f88da636a9db8f2ce3a2c05e69?s=96&d=mm&r=g","caption":"infocongovirtuel"},"url":"https:\/\/congovirtuel.com\/information\/author\/infocongovirtuel\/"}]}},"gt_translate_keys":[{"key":"link","format":"url"}],"_links":{"self":[{"href":"https:\/\/congovirtuel.com\/information\/wp-json\/wp\/v2\/posts\/284","targetHints":{"allow":["GET"]}}],"collection":[{"href":"https:\/\/congovirtuel.com\/information\/wp-json\/wp\/v2\/posts"}],"about":[{"href":"https:\/\/congovirtuel.com\/information\/wp-json\/wp\/v2\/types\/post"}],"author":[{"embeddable":true,"href":"https:\/\/congovirtuel.com\/information\/wp-json\/wp\/v2\/users\/1"}],"replies":[{"embeddable":true,"href":"https:\/\/congovirtuel.com\/information\/wp-json\/wp\/v2\/comments?post=284"}],"version-history":[{"count":2,"href":"https:\/\/congovirtuel.com\/information\/wp-json\/wp\/v2\/posts\/284\/revisions"}],"predecessor-version":[{"id":288,"href":"https:\/\/congovirtuel.com\/information\/wp-json\/wp\/v2\/posts\/284\/revisions\/288"}],"wp:featuredmedia":[{"embeddable":true,"href":"https:\/\/congovirtuel.com\/information\/wp-json\/wp\/v2\/media\/285"}],"wp:attachment":[{"href":"https:\/\/congovirtuel.com\/information\/wp-json\/wp\/v2\/media?parent=284"}],"wp:term":[{"taxonomy":"category","embeddable":true,"href":"https:\/\/congovirtuel.com\/information\/wp-json\/wp\/v2\/categories?post=284"},{"taxonomy":"post_tag","embeddable":true,"href":"https:\/\/congovirtuel.com\/information\/wp-json\/wp\/v2\/tags?post=284"}],"curies":[{"name":"wp","href":"https:\/\/api.w.org\/{rel}","templated":true}]}}