{"id":293,"date":"2019-10-14T08:47:31","date_gmt":"2019-10-14T07:47:31","guid":{"rendered":"https:\/\/congovirtuel.com\/information\/?p=293"},"modified":"2019-10-14T08:47:36","modified_gmt":"2019-10-14T07:47:36","slug":"espoirs-de-nation-mohamed-salah-de-liverpool-recoit-la-couverture-de-gq-pour-le-moyen-orient-doctobre","status":"publish","type":"post","link":"https:\/\/congovirtuel.com\/information\/espoirs-de-nation-mohamed-salah-de-liverpool-recoit-la-couverture-de-gq-pour-le-moyen-orient-doctobre\/","title":{"rendered":"\u2018Espoirs de nation\u2019: Mohamed Salah de Liverpool re\u00e7oit la couverture de GQ pour le Moyen-Orient d\u2019octobre","gt_translate_keys":[{"key":"rendered","format":"text"}]},"content":{"rendered":"\n<p class=\"wp-block-paragraph\">Le joueur de Liverpool est accompagn\u00e9 par l&rsquo;ic\u00f4ne de la\nmode, Alessandra Ambrosio, qui vient de se s\u00e9parer de son employeur de longue\ndate, Victoria\u2019s Secret.<\/p>\n\n\n\n<p class=\"wp-block-paragraph\">Mohamed Salah, l&rsquo;attaquant de Liverpool n\u00e9 en \u00c9gypte, nomm\u00e9\nl&rsquo;homme de l&rsquo;ann\u00e9e par l&rsquo;\u00e9dition de GQ au Moyen-Orient plus t\u00f4t ce mois-ci, est\nla star de la couverture de ce mois-ci. Le joueur renomm\u00e9 porte une cr\u00e8me et un\ncostume noir lors d&rsquo;une s\u00e9ance photo r\u00e9alis\u00e9e peu apr\u00e8s avoir re\u00e7u le prix.<\/p>\n\n\n\n<p class=\"wp-block-paragraph\">Le mannequin br\u00e9silien Alessandra Ambrosio, repr\u00e9sentante de\nlongue date de la marque Victoria\u2019s Secret, a \u00e9t\u00e9 nomm\u00e9e ic\u00f4ne de la mode par\nGQ dans sa s\u00e9rie de prix.<\/p>\n\n\n\n<p class=\"wp-block-paragraph\">\u00abTous mes r\u00eaves et objectifs \u00e9taient de devenir un professionnel bien connu, mais je ne pouvais pas imaginer atteindre le niveau auquel je suis maintenant\u00bb, a d\u00e9clar\u00e9 Salah \u00e0 GQ dans une interview apr\u00e8s avoir re\u00e7u le prix ce mois-ci. \u00abTous les enfants r\u00eavent de passer \u00e0 la t\u00e9l\u00e9vision, mais mes objectifs ont chang\u00e9 d\u00e8s que je l&rsquo;ai faite. Je voulais devenir un professionnel \u00e0 l&rsquo;\u00e9tranger et ensuite, je voulais \u00eatre le meilleur.<\/p>\n\n\n\n<script async src=\"\/\/pagead2.googlesyndication.com\/pagead\/js\/adsbygoogle.js\"><\/script>\n<!-- code responsive -->\n<ins class=\"adsbygoogle\"\n     style=\"display:block\"\n     data-ad-client=\"ca-pub-2119363214666215\"\n     data-ad-slot=\"1973679082\"\n     data-ad-format=\"auto\"><\/ins>\n<script>\n(adsbygoogle = window.adsbygoogle || []).push({});\n<\/script>\n\n\n\n<p class=\"wp-block-paragraph\">Dans une interview avec GQ, Ambrosio a d\u00e9clar\u00e9 qu&rsquo;elle\npensait que sa d\u00e9cision d&rsquo;abandonner Victoria&rsquo;s Secret avait \u00e9t\u00e9 prise au bon\nmoment. Elle a particip\u00e9 pour la premi\u00e8re fois au salon de la marque de lingerie\nen 2001 et, en 2004, elle est devenue le visage de la ligne jeunesse \u00abPink\u00bb de\nla soci\u00e9t\u00e9.<\/p>\n\n\n\n<p class=\"wp-block-paragraph\">\u00ab\u00a0Celui-l\u00e0 \u00e9tait bien en retard\u00a0\u00bb, a admis le\nmod\u00e8le.<\/p>\n\n\n\n<p class=\"wp-block-paragraph\">Selon GQ, Salah a \u00e9t\u00e9 nomm\u00e9 Homme de l&rsquo;ann\u00e9e en raison de la\npression qu&rsquo;il subit lorsqu&rsquo;il se rend sur le terrain de football.<\/p>\n\n\n\n<p class=\"wp-block-paragraph\">\u00abChaque fois qu\u2019il monte sur un terrain, Mohamed Salah\n\u00e9quilibre les attentes d\u2019une nation et de l\u2019un des clubs de football les plus\nc\u00e9l\u00e8bres au monde. C\u2019est le genre de pression qui peut faire ou d\u00e9faire un\nhomme\u2026 mais nous savons ceci: Salah ne sera pas arr\u00eat\u00e9 \u00bb, \u00e9crit le magazine\ndans sa justification du prix.<\/p>\n\n\n\n<p class=\"wp-block-paragraph\">Salah subit actuellement un traitement \u00e0 la cheville avant le match de Liverpool contre Manchester United le 20 octobre. Bien que l\u2019examen m\u00e9dical indique qu\u2019il n\u2019a pas subi de blessures graves, son club de football a d\u00e9clar\u00e9 qu\u2019il \u00e9tait trop t\u00f4t pour dire si Salah jouerait, a rapport\u00e9 le Daily Mail.<\/p>\n\n\n\n<p class=\"wp-block-paragraph\">Sputnik<\/p>\n","protected":false,"gt_translate_keys":[{"key":"rendered","format":"html"}]},"excerpt":{"rendered":"<p>Le joueur de Liverpool est accompagn\u00e9 par l&rsquo;ic\u00f4ne de la mode, Alessandra Ambrosio, qui vient de se s\u00e9parer de son employeur de longue date, Victoria\u2019s Secret. Mohamed Salah, l&rsquo;attaquant de Liverpool n\u00e9 en \u00c9gypte, nomm\u00e9 l&rsquo;homme de l&rsquo;ann\u00e9e par l&rsquo;\u00e9dition de GQ au Moyen-Orient plus t\u00f4t ce mois-ci, est la star de la couverture de ce mois-ci. Le joueur renomm\u00e9 porte une cr\u00e8me et un costume noir lors d&rsquo;une s\u00e9ance photo r\u00e9alis\u00e9e peu apr\u00e8s avoir re\u00e7u le prix. Le mannequin br\u00e9silien Alessandra Ambrosio, repr\u00e9sentante de longue date de la marque&hellip;<\/p>\n","protected":false,"gt_translate_keys":[{"key":"rendered","format":"html"}]},"author":1,"featured_media":294,"comment_status":"open","ping_status":"open","sticky":false,"template":"","format":"standard","meta":{"_crdt_document":"","footnotes":""},"categories":[8],"tags":[],"class_list":["post-293","post","type-post","status-publish","format-standard","has-post-thumbnail","hentry","category-football"],"gutentor_comment":0,"yoast_head":"<!-- This site is optimized with the Yoast SEO plugin v27.5 - https:\/\/yoast.com\/product\/yoast-seo-wordpress\/ -->\n<title>\u2018Espoirs de nation\u2019: Mohamed Salah de Liverpool re\u00e7oit la couverture de GQ pour le Moyen-Orient d\u2019octobre - Actualit\u00e9s congolaises et internationales<\/title>\n<meta name=\"robots\" content=\"index, follow, max-snippet:-1, max-image-preview:large, max-video-preview:-1\" \/>\n<link rel=\"canonical\" href=\"https:\/\/congovirtuel.com\/information\/espoirs-de-nation-mohamed-salah-de-liverpool-recoit-la-couverture-de-gq-pour-le-moyen-orient-doctobre\/\" \/>\n<meta property=\"og:locale\" content=\"fr_FR\" \/>\n<meta property=\"og:type\" content=\"article\" \/>\n<meta property=\"og:title\" content=\"\u2018Espoirs de nation\u2019: Mohamed Salah de Liverpool re\u00e7oit la couverture de GQ pour le Moyen-Orient d\u2019octobre - Actualit\u00e9s congolaises et internationales\" \/>\n<meta property=\"og:description\" content=\"Le joueur de Liverpool est accompagn\u00e9 par l&rsquo;ic\u00f4ne de la mode, Alessandra Ambrosio, qui vient de se s\u00e9parer de son employeur de longue date, Victoria\u2019s Secret. Mohamed Salah, l&rsquo;attaquant de Liverpool n\u00e9 en \u00c9gypte, nomm\u00e9 l&rsquo;homme de l&rsquo;ann\u00e9e par l&rsquo;\u00e9dition de GQ au Moyen-Orient plus t\u00f4t ce mois-ci, est la star de la couverture de ce mois-ci. Le joueur renomm\u00e9 porte une cr\u00e8me et un costume noir lors d&rsquo;une s\u00e9ance photo r\u00e9alis\u00e9e peu apr\u00e8s avoir re\u00e7u le prix. Le mannequin br\u00e9silien Alessandra Ambrosio, repr\u00e9sentante de longue date de la marque&hellip;\" \/>\n<meta property=\"og:url\" content=\"https:\/\/congovirtuel.com\/information\/espoirs-de-nation-mohamed-salah-de-liverpool-recoit-la-couverture-de-gq-pour-le-moyen-orient-doctobre\/\" \/>\n<meta property=\"og:site_name\" content=\"Actualit\u00e9s congolaises et internationales\" \/>\n<meta property=\"article:publisher\" content=\"https:\/\/web.facebook.com\/Congovirtuel-763617960319601\/?ref=aymt_homepage_panel&amp;amp%3bamp%3bamp%3bamp%3bamp%3bamp%3bamp%3bamp%3bamp%3bamp%3bamp%3beid=ARCoxULa66767kIgF_KYav6VdjXTI4yk_LW4yoVO9s6NXpysgb7Cb65vpxcxgqzOAKvIbLQxaAETcqHT\" \/>\n<meta property=\"article:published_time\" content=\"2019-10-14T07:47:31+00:00\" \/>\n<meta property=\"article:modified_time\" content=\"2019-10-14T07:47:36+00:00\" \/>\n<meta property=\"og:image\" content=\"https:\/\/congovirtuel.com\/information\/wp-content\/uploads\/2019\/10\/salah.jpg\" \/>\n\t<meta property=\"og:image:width\" content=\"544\" \/>\n\t<meta property=\"og:image:height\" content=\"680\" \/>\n\t<meta property=\"og:image:type\" content=\"image\/jpeg\" \/>\n<meta name=\"author\" content=\"infocongovirtuel\" \/>\n<meta name=\"twitter:card\" content=\"summary_large_image\" \/>\n<meta name=\"twitter:creator\" content=\"@congovirtuel\" \/>\n<meta name=\"twitter:site\" content=\"@congovirtuel\" \/>\n<meta name=\"twitter:label1\" content=\"\u00c9crit par\" \/>\n\t<meta name=\"twitter:data1\" content=\"infocongovirtuel\" \/>\n\t<meta name=\"twitter:label2\" content=\"Dur\u00e9e de lecture estim\u00e9e\" \/>\n\t<meta name=\"twitter:data2\" content=\"2 minutes\" \/>\n<script type=\"application\/ld+json\" class=\"yoast-schema-graph\">{\"@context\":\"https:\\\/\\\/schema.org\",\"@graph\":[{\"@type\":\"Article\",\"@id\":\"https:\\\/\\\/congovirtuel.com\\\/information\\\/espoirs-de-nation-mohamed-salah-de-liverpool-recoit-la-couverture-de-gq-pour-le-moyen-orient-doctobre\\\/#article\",\"isPartOf\":{\"@id\":\"https:\\\/\\\/congovirtuel.com\\\/information\\\/espoirs-de-nation-mohamed-salah-de-liverpool-recoit-la-couverture-de-gq-pour-le-moyen-orient-doctobre\\\/\"},\"author\":{\"name\":\"infocongovirtuel\",\"@id\":\"https:\\\/\\\/congovirtuel.com\\\/information\\\/#\\\/schema\\\/person\\\/739a44bf7990966cb53d58d2fdeca0b6\"},\"headline\":\"\u2018Espoirs de nation\u2019: Mohamed Salah de Liverpool re\u00e7oit la couverture de GQ pour le Moyen-Orient d\u2019octobre\",\"datePublished\":\"2019-10-14T07:47:31+00:00\",\"dateModified\":\"2019-10-14T07:47:36+00:00\",\"mainEntityOfPage\":{\"@id\":\"https:\\\/\\\/congovirtuel.com\\\/information\\\/espoirs-de-nation-mohamed-salah-de-liverpool-recoit-la-couverture-de-gq-pour-le-moyen-orient-doctobre\\\/\"},\"wordCount\":444,\"commentCount\":0,\"publisher\":{\"@id\":\"https:\\\/\\\/congovirtuel.com\\\/information\\\/#organization\"},\"image\":{\"@id\":\"https:\\\/\\\/congovirtuel.com\\\/information\\\/espoirs-de-nation-mohamed-salah-de-liverpool-recoit-la-couverture-de-gq-pour-le-moyen-orient-doctobre\\\/#primaryimage\"},\"thumbnailUrl\":\"https:\\\/\\\/congovirtuel.com\\\/information\\\/wp-content\\\/uploads\\\/2019\\\/10\\\/salah.jpg\",\"articleSection\":[\"Football\"],\"inLanguage\":\"fr-FR\",\"potentialAction\":[{\"@type\":\"CommentAction\",\"name\":\"Comment\",\"target\":[\"https:\\\/\\\/congovirtuel.com\\\/information\\\/espoirs-de-nation-mohamed-salah-de-liverpool-recoit-la-couverture-de-gq-pour-le-moyen-orient-doctobre\\\/#respond\"]}]},{\"@type\":\"WebPage\",\"@id\":\"https:\\\/\\\/congovirtuel.com\\\/information\\\/espoirs-de-nation-mohamed-salah-de-liverpool-recoit-la-couverture-de-gq-pour-le-moyen-orient-doctobre\\\/\",\"url\":\"https:\\\/\\\/congovirtuel.com\\\/information\\\/espoirs-de-nation-mohamed-salah-de-liverpool-recoit-la-couverture-de-gq-pour-le-moyen-orient-doctobre\\\/\",\"name\":\"\u2018Espoirs de nation\u2019: Mohamed Salah de Liverpool re\u00e7oit la couverture de GQ pour le Moyen-Orient d\u2019octobre - Actualit\u00e9s congolaises et internationales\",\"isPartOf\":{\"@id\":\"https:\\\/\\\/congovirtuel.com\\\/information\\\/#website\"},\"primaryImageOfPage\":{\"@id\":\"https:\\\/\\\/congovirtuel.com\\\/information\\\/espoirs-de-nation-mohamed-salah-de-liverpool-recoit-la-couverture-de-gq-pour-le-moyen-orient-doctobre\\\/#primaryimage\"},\"image\":{\"@id\":\"https:\\\/\\\/congovirtuel.com\\\/information\\\/espoirs-de-nation-mohamed-salah-de-liverpool-recoit-la-couverture-de-gq-pour-le-moyen-orient-doctobre\\\/#primaryimage\"},\"thumbnailUrl\":\"https:\\\/\\\/congovirtuel.com\\\/information\\\/wp-content\\\/uploads\\\/2019\\\/10\\\/salah.jpg\",\"datePublished\":\"2019-10-14T07:47:31+00:00\",\"dateModified\":\"2019-10-14T07:47:36+00:00\",\"breadcrumb\":{\"@id\":\"https:\\\/\\\/congovirtuel.com\\\/information\\\/espoirs-de-nation-mohamed-salah-de-liverpool-recoit-la-couverture-de-gq-pour-le-moyen-orient-doctobre\\\/#breadcrumb\"},\"inLanguage\":\"fr-FR\",\"potentialAction\":[{\"@type\":\"ReadAction\",\"target\":[\"https:\\\/\\\/congovirtuel.com\\\/information\\\/espoirs-de-nation-mohamed-salah-de-liverpool-recoit-la-couverture-de-gq-pour-le-moyen-orient-doctobre\\\/\"]}]},{\"@type\":\"ImageObject\",\"inLanguage\":\"fr-FR\",\"@id\":\"https:\\\/\\\/congovirtuel.com\\\/information\\\/espoirs-de-nation-mohamed-salah-de-liverpool-recoit-la-couverture-de-gq-pour-le-moyen-orient-doctobre\\\/#primaryimage\",\"url\":\"https:\\\/\\\/congovirtuel.com\\\/information\\\/wp-content\\\/uploads\\\/2019\\\/10\\\/salah.jpg\",\"contentUrl\":\"https:\\\/\\\/congovirtuel.com\\\/information\\\/wp-content\\\/uploads\\\/2019\\\/10\\\/salah.jpg\",\"width\":544,\"height\":680},{\"@type\":\"BreadcrumbList\",\"@id\":\"https:\\\/\\\/congovirtuel.com\\\/information\\\/espoirs-de-nation-mohamed-salah-de-liverpool-recoit-la-couverture-de-gq-pour-le-moyen-orient-doctobre\\\/#breadcrumb\",\"itemListElement\":[{\"@type\":\"ListItem\",\"position\":1,\"name\":\"Accueil\",\"item\":\"https:\\\/\\\/congovirtuel.com\\\/information\\\/\"},{\"@type\":\"ListItem\",\"position\":2,\"name\":\"\u2018Espoirs de nation\u2019: Mohamed Salah de Liverpool re\u00e7oit la couverture de GQ pour le Moyen-Orient d\u2019octobre\"}]},{\"@type\":\"WebSite\",\"@id\":\"https:\\\/\\\/congovirtuel.com\\\/information\\\/#website\",\"url\":\"https:\\\/\\\/congovirtuel.com\\\/information\\\/\",\"name\":\"Actualit\u00e9s congolaises et internationales\",\"description\":\"site d&#039;analyse et de traitement d&#039;information\",\"publisher\":{\"@id\":\"https:\\\/\\\/congovirtuel.com\\\/information\\\/#organization\"},\"potentialAction\":[{\"@type\":\"SearchAction\",\"target\":{\"@type\":\"EntryPoint\",\"urlTemplate\":\"https:\\\/\\\/congovirtuel.com\\\/information\\\/?s={search_term_string}\"},\"query-input\":{\"@type\":\"PropertyValueSpecification\",\"valueRequired\":true,\"valueName\":\"search_term_string\"}}],\"inLanguage\":\"fr-FR\"},{\"@type\":\"Organization\",\"@id\":\"https:\\\/\\\/congovirtuel.com\\\/information\\\/#organization\",\"name\":\"Biblioth\u00e8que Virtuelle de la RDC\",\"url\":\"https:\\\/\\\/congovirtuel.com\\\/information\\\/\",\"logo\":{\"@type\":\"ImageObject\",\"inLanguage\":\"fr-FR\",\"@id\":\"https:\\\/\\\/congovirtuel.com\\\/information\\\/#\\\/schema\\\/logo\\\/image\\\/\",\"url\":\"https:\\\/\\\/congovirtuel.com\\\/information\\\/wp-content\\\/uploads\\\/2018\\\/10\\\/header-info-congovirtuel-vraie.jpg\",\"contentUrl\":\"https:\\\/\\\/congovirtuel.com\\\/information\\\/wp-content\\\/uploads\\\/2018\\\/10\\\/header-info-congovirtuel-vraie.jpg\",\"width\":728,\"height\":90,\"caption\":\"Biblioth\u00e8que Virtuelle de la RDC\"},\"image\":{\"@id\":\"https:\\\/\\\/congovirtuel.com\\\/information\\\/#\\\/schema\\\/logo\\\/image\\\/\"},\"sameAs\":[\"https:\\\/\\\/web.facebook.com\\\/Congovirtuel-763617960319601\\\/?ref=aymt_homepage_panel&amp;amp;amp;amp;amp;amp;amp;amp;amp;amp;amp;eid=ARCoxULa66767kIgF_KYav6VdjXTI4yk_LW4yoVO9s6NXpysgb7Cb65vpxcxgqzOAKvIbLQxaAETcqHT\",\"https:\\\/\\\/x.com\\\/congovirtuel\",\"https:\\\/\\\/www.youtube.com\\\/channel\\\/UCkFfprYzGgS3EWNpeMXpToQ?view_as=subscriber\"]},{\"@type\":\"Person\",\"@id\":\"https:\\\/\\\/congovirtuel.com\\\/information\\\/#\\\/schema\\\/person\\\/739a44bf7990966cb53d58d2fdeca0b6\",\"name\":\"infocongovirtuel\",\"image\":{\"@type\":\"ImageObject\",\"inLanguage\":\"fr-FR\",\"@id\":\"https:\\\/\\\/secure.gravatar.com\\\/avatar\\\/4d76991aa72469f0eb22e772586c99113c6997f88da636a9db8f2ce3a2c05e69?s=96&d=mm&r=g\",\"url\":\"https:\\\/\\\/secure.gravatar.com\\\/avatar\\\/4d76991aa72469f0eb22e772586c99113c6997f88da636a9db8f2ce3a2c05e69?s=96&d=mm&r=g\",\"contentUrl\":\"https:\\\/\\\/secure.gravatar.com\\\/avatar\\\/4d76991aa72469f0eb22e772586c99113c6997f88da636a9db8f2ce3a2c05e69?s=96&d=mm&r=g\",\"caption\":\"infocongovirtuel\"},\"url\":\"https:\\\/\\\/congovirtuel.com\\\/information\\\/author\\\/infocongovirtuel\\\/\"}]}<\/script>\n<!-- \/ Yoast SEO plugin. -->","yoast_head_json":{"title":"\u2018Espoirs de nation\u2019: Mohamed Salah de Liverpool re\u00e7oit la couverture de GQ pour le Moyen-Orient d\u2019octobre - Actualit\u00e9s congolaises et internationales","robots":{"index":"index","follow":"follow","max-snippet":"max-snippet:-1","max-image-preview":"max-image-preview:large","max-video-preview":"max-video-preview:-1"},"canonical":"https:\/\/congovirtuel.com\/information\/espoirs-de-nation-mohamed-salah-de-liverpool-recoit-la-couverture-de-gq-pour-le-moyen-orient-doctobre\/","og_locale":"fr_FR","og_type":"article","og_title":"\u2018Espoirs de nation\u2019: Mohamed Salah de Liverpool re\u00e7oit la couverture de GQ pour le Moyen-Orient d\u2019octobre - Actualit\u00e9s congolaises et internationales","og_description":"Le joueur de Liverpool est accompagn\u00e9 par l&rsquo;ic\u00f4ne de la mode, Alessandra Ambrosio, qui vient de se s\u00e9parer de son employeur de longue date, Victoria\u2019s Secret. Mohamed Salah, l&rsquo;attaquant de Liverpool n\u00e9 en \u00c9gypte, nomm\u00e9 l&rsquo;homme de l&rsquo;ann\u00e9e par l&rsquo;\u00e9dition de GQ au Moyen-Orient plus t\u00f4t ce mois-ci, est la star de la couverture de ce mois-ci. Le joueur renomm\u00e9 porte une cr\u00e8me et un costume noir lors d&rsquo;une s\u00e9ance photo r\u00e9alis\u00e9e peu apr\u00e8s avoir re\u00e7u le prix. Le mannequin br\u00e9silien Alessandra Ambrosio, repr\u00e9sentante de longue date de la marque&hellip;","og_url":"https:\/\/congovirtuel.com\/information\/espoirs-de-nation-mohamed-salah-de-liverpool-recoit-la-couverture-de-gq-pour-le-moyen-orient-doctobre\/","og_site_name":"Actualit\u00e9s congolaises et internationales","article_publisher":"https:\/\/web.facebook.com\/Congovirtuel-763617960319601\/?ref=aymt_homepage_panel&amp%3bamp%3bamp%3bamp%3bamp%3bamp%3bamp%3bamp%3bamp%3bamp%3bamp%3beid=ARCoxULa66767kIgF_KYav6VdjXTI4yk_LW4yoVO9s6NXpysgb7Cb65vpxcxgqzOAKvIbLQxaAETcqHT","article_published_time":"2019-10-14T07:47:31+00:00","article_modified_time":"2019-10-14T07:47:36+00:00","og_image":[{"width":544,"height":680,"url":"https:\/\/congovirtuel.com\/information\/wp-content\/uploads\/2019\/10\/salah.jpg","type":"image\/jpeg"}],"author":"infocongovirtuel","twitter_card":"summary_large_image","twitter_creator":"@congovirtuel","twitter_site":"@congovirtuel","twitter_misc":{"\u00c9crit par":"infocongovirtuel","Dur\u00e9e de lecture estim\u00e9e":"2 minutes"},"schema":{"@context":"https:\/\/schema.org","@graph":[{"@type":"Article","@id":"https:\/\/congovirtuel.com\/information\/espoirs-de-nation-mohamed-salah-de-liverpool-recoit-la-couverture-de-gq-pour-le-moyen-orient-doctobre\/#article","isPartOf":{"@id":"https:\/\/congovirtuel.com\/information\/espoirs-de-nation-mohamed-salah-de-liverpool-recoit-la-couverture-de-gq-pour-le-moyen-orient-doctobre\/"},"author":{"name":"infocongovirtuel","@id":"https:\/\/congovirtuel.com\/information\/#\/schema\/person\/739a44bf7990966cb53d58d2fdeca0b6"},"headline":"\u2018Espoirs de nation\u2019: Mohamed Salah de Liverpool re\u00e7oit la couverture de GQ pour le Moyen-Orient d\u2019octobre","datePublished":"2019-10-14T07:47:31+00:00","dateModified":"2019-10-14T07:47:36+00:00","mainEntityOfPage":{"@id":"https:\/\/congovirtuel.com\/information\/espoirs-de-nation-mohamed-salah-de-liverpool-recoit-la-couverture-de-gq-pour-le-moyen-orient-doctobre\/"},"wordCount":444,"commentCount":0,"publisher":{"@id":"https:\/\/congovirtuel.com\/information\/#organization"},"image":{"@id":"https:\/\/congovirtuel.com\/information\/espoirs-de-nation-mohamed-salah-de-liverpool-recoit-la-couverture-de-gq-pour-le-moyen-orient-doctobre\/#primaryimage"},"thumbnailUrl":"https:\/\/congovirtuel.com\/information\/wp-content\/uploads\/2019\/10\/salah.jpg","articleSection":["Football"],"inLanguage":"fr-FR","potentialAction":[{"@type":"CommentAction","name":"Comment","target":["https:\/\/congovirtuel.com\/information\/espoirs-de-nation-mohamed-salah-de-liverpool-recoit-la-couverture-de-gq-pour-le-moyen-orient-doctobre\/#respond"]}]},{"@type":"WebPage","@id":"https:\/\/congovirtuel.com\/information\/espoirs-de-nation-mohamed-salah-de-liverpool-recoit-la-couverture-de-gq-pour-le-moyen-orient-doctobre\/","url":"https:\/\/congovirtuel.com\/information\/espoirs-de-nation-mohamed-salah-de-liverpool-recoit-la-couverture-de-gq-pour-le-moyen-orient-doctobre\/","name":"\u2018Espoirs de nation\u2019: Mohamed Salah de Liverpool re\u00e7oit la couverture de GQ pour le Moyen-Orient d\u2019octobre - Actualit\u00e9s congolaises et internationales","isPartOf":{"@id":"https:\/\/congovirtuel.com\/information\/#website"},"primaryImageOfPage":{"@id":"https:\/\/congovirtuel.com\/information\/espoirs-de-nation-mohamed-salah-de-liverpool-recoit-la-couverture-de-gq-pour-le-moyen-orient-doctobre\/#primaryimage"},"image":{"@id":"https:\/\/congovirtuel.com\/information\/espoirs-de-nation-mohamed-salah-de-liverpool-recoit-la-couverture-de-gq-pour-le-moyen-orient-doctobre\/#primaryimage"},"thumbnailUrl":"https:\/\/congovirtuel.com\/information\/wp-content\/uploads\/2019\/10\/salah.jpg","datePublished":"2019-10-14T07:47:31+00:00","dateModified":"2019-10-14T07:47:36+00:00","breadcrumb":{"@id":"https:\/\/congovirtuel.com\/information\/espoirs-de-nation-mohamed-salah-de-liverpool-recoit-la-couverture-de-gq-pour-le-moyen-orient-doctobre\/#breadcrumb"},"inLanguage":"fr-FR","potentialAction":[{"@type":"ReadAction","target":["https:\/\/congovirtuel.com\/information\/espoirs-de-nation-mohamed-salah-de-liverpool-recoit-la-couverture-de-gq-pour-le-moyen-orient-doctobre\/"]}]},{"@type":"ImageObject","inLanguage":"fr-FR","@id":"https:\/\/congovirtuel.com\/information\/espoirs-de-nation-mohamed-salah-de-liverpool-recoit-la-couverture-de-gq-pour-le-moyen-orient-doctobre\/#primaryimage","url":"https:\/\/congovirtuel.com\/information\/wp-content\/uploads\/2019\/10\/salah.jpg","contentUrl":"https:\/\/congovirtuel.com\/information\/wp-content\/uploads\/2019\/10\/salah.jpg","width":544,"height":680},{"@type":"BreadcrumbList","@id":"https:\/\/congovirtuel.com\/information\/espoirs-de-nation-mohamed-salah-de-liverpool-recoit-la-couverture-de-gq-pour-le-moyen-orient-doctobre\/#breadcrumb","itemListElement":[{"@type":"ListItem","position":1,"name":"Accueil","item":"https:\/\/congovirtuel.com\/information\/"},{"@type":"ListItem","position":2,"name":"\u2018Espoirs de nation\u2019: Mohamed Salah de Liverpool re\u00e7oit la couverture de GQ pour le Moyen-Orient d\u2019octobre"}]},{"@type":"WebSite","@id":"https:\/\/congovirtuel.com\/information\/#website","url":"https:\/\/congovirtuel.com\/information\/","name":"Actualit\u00e9s congolaises et internationales","description":"site d&#039;analyse et de traitement d&#039;information","publisher":{"@id":"https:\/\/congovirtuel.com\/information\/#organization"},"potentialAction":[{"@type":"SearchAction","target":{"@type":"EntryPoint","urlTemplate":"https:\/\/congovirtuel.com\/information\/?s={search_term_string}"},"query-input":{"@type":"PropertyValueSpecification","valueRequired":true,"valueName":"search_term_string"}}],"inLanguage":"fr-FR"},{"@type":"Organization","@id":"https:\/\/congovirtuel.com\/information\/#organization","name":"Biblioth\u00e8que Virtuelle de la RDC","url":"https:\/\/congovirtuel.com\/information\/","logo":{"@type":"ImageObject","inLanguage":"fr-FR","@id":"https:\/\/congovirtuel.com\/information\/#\/schema\/logo\/image\/","url":"https:\/\/congovirtuel.com\/information\/wp-content\/uploads\/2018\/10\/header-info-congovirtuel-vraie.jpg","contentUrl":"https:\/\/congovirtuel.com\/information\/wp-content\/uploads\/2018\/10\/header-info-congovirtuel-vraie.jpg","width":728,"height":90,"caption":"Biblioth\u00e8que Virtuelle de la RDC"},"image":{"@id":"https:\/\/congovirtuel.com\/information\/#\/schema\/logo\/image\/"},"sameAs":["https:\/\/web.facebook.com\/Congovirtuel-763617960319601\/?ref=aymt_homepage_panel&amp;amp;amp;amp;amp;amp;amp;amp;amp;amp;amp;eid=ARCoxULa66767kIgF_KYav6VdjXTI4yk_LW4yoVO9s6NXpysgb7Cb65vpxcxgqzOAKvIbLQxaAETcqHT","https:\/\/x.com\/congovirtuel","https:\/\/www.youtube.com\/channel\/UCkFfprYzGgS3EWNpeMXpToQ?view_as=subscriber"]},{"@type":"Person","@id":"https:\/\/congovirtuel.com\/information\/#\/schema\/person\/739a44bf7990966cb53d58d2fdeca0b6","name":"infocongovirtuel","image":{"@type":"ImageObject","inLanguage":"fr-FR","@id":"https:\/\/secure.gravatar.com\/avatar\/4d76991aa72469f0eb22e772586c99113c6997f88da636a9db8f2ce3a2c05e69?s=96&d=mm&r=g","url":"https:\/\/secure.gravatar.com\/avatar\/4d76991aa72469f0eb22e772586c99113c6997f88da636a9db8f2ce3a2c05e69?s=96&d=mm&r=g","contentUrl":"https:\/\/secure.gravatar.com\/avatar\/4d76991aa72469f0eb22e772586c99113c6997f88da636a9db8f2ce3a2c05e69?s=96&d=mm&r=g","caption":"infocongovirtuel"},"url":"https:\/\/congovirtuel.com\/information\/author\/infocongovirtuel\/"}]}},"gt_translate_keys":[{"key":"link","format":"url"}],"_links":{"self":[{"href":"https:\/\/congovirtuel.com\/information\/wp-json\/wp\/v2\/posts\/293","targetHints":{"allow":["GET"]}}],"collection":[{"href":"https:\/\/congovirtuel.com\/information\/wp-json\/wp\/v2\/posts"}],"about":[{"href":"https:\/\/congovirtuel.com\/information\/wp-json\/wp\/v2\/types\/post"}],"author":[{"embeddable":true,"href":"https:\/\/congovirtuel.com\/information\/wp-json\/wp\/v2\/users\/1"}],"replies":[{"embeddable":true,"href":"https:\/\/congovirtuel.com\/information\/wp-json\/wp\/v2\/comments?post=293"}],"version-history":[{"count":1,"href":"https:\/\/congovirtuel.com\/information\/wp-json\/wp\/v2\/posts\/293\/revisions"}],"predecessor-version":[{"id":295,"href":"https:\/\/congovirtuel.com\/information\/wp-json\/wp\/v2\/posts\/293\/revisions\/295"}],"wp:featuredmedia":[{"embeddable":true,"href":"https:\/\/congovirtuel.com\/information\/wp-json\/wp\/v2\/media\/294"}],"wp:attachment":[{"href":"https:\/\/congovirtuel.com\/information\/wp-json\/wp\/v2\/media?parent=293"}],"wp:term":[{"taxonomy":"category","embeddable":true,"href":"https:\/\/congovirtuel.com\/information\/wp-json\/wp\/v2\/categories?post=293"},{"taxonomy":"post_tag","embeddable":true,"href":"https:\/\/congovirtuel.com\/information\/wp-json\/wp\/v2\/tags?post=293"}],"curies":[{"name":"wp","href":"https:\/\/api.w.org\/{rel}","templated":true}]}}