{"id":299,"date":"2019-10-15T08:57:46","date_gmt":"2019-10-15T07:57:46","guid":{"rendered":"https:\/\/congovirtuel.com\/information\/?p=299"},"modified":"2019-10-15T08:57:49","modified_gmt":"2019-10-15T07:57:49","slug":"4-manifestants-et-un-gendarme-tues-pendant-la-mobilisation-contre-un-3e-mandat-de-conde","status":"publish","type":"post","link":"https:\/\/congovirtuel.com\/information\/4-manifestants-et-un-gendarme-tues-pendant-la-mobilisation-contre-un-3e-mandat-de-conde\/","title":{"rendered":"4 manifestants et un gendarme tu\u00e9s pendant la mobilisation contre un 3\u00e8 mandat de Cond\u00e9","gt_translate_keys":[{"key":"rendered","format":"text"}]},"content":{"rendered":"\n<p class=\"wp-block-paragraph\">Au moins quatre jeunes manifestants et un gendarme ont \u00e9t\u00e9 tu\u00e9s lundi en Guin\u00e9e dans des heurts entre les forces de s\u00e9curit\u00e9 massivement d\u00e9ploy\u00e9es dans la capitale Conakry et des milliers d&rsquo;opposants \u00e0 un troisi\u00e8me mandat de l&rsquo;actuel pr\u00e9sident Alpha Cond\u00e9, selon des proches et le gouvernement.<\/p>\n\n\n\n<p class=\"wp-block-paragraph\">Cette journ\u00e9e de mobilisation \u00e0 l&rsquo;appel d&rsquo;un collectif farouchement oppos\u00e9 \u00e0 une r\u00e9vision de la Constitution qui servirait les desseins pr\u00eat\u00e9s \u00e0 M. Cond\u00e9 s&rsquo;annon\u00e7ait \u00e0 hauts risques dans un pays en pleine crise politique o\u00f9 les manifestations donnent r\u00e9guli\u00e8rement lieu \u00e0 des effusions de sang.<\/p>\n\n\n\n<p class=\"wp-block-paragraph\">Les craintes se sont confirm\u00e9es, nourrissant l&rsquo;inqui\u00e9tude dans l&rsquo;\u00e9ventualit\u00e9 o\u00f9 M. Cond\u00e9, 81 ans, confirmerait son intention de briguer un troisi\u00e8me mandat fin 2020.<\/p>\n\n\n\n<script async src=\"\/\/pagead2.googlesyndication.com\/pagead\/js\/adsbygoogle.js\"><\/script>\n<!-- code responsive -->\n<ins class=\"adsbygoogle\"\n     style=\"display:block\"\n     data-ad-client=\"ca-pub-2119363214666215\"\n     data-ad-slot=\"1973679082\"\n     data-ad-format=\"auto\"><\/ins>\n<script>\n(adsbygoogle = window.adsbygoogle || []).push({});\n<\/script>\n\n\n\n<p class=\"wp-block-paragraph\">Quatre jeunes sont morts sous les balles tir\u00e9es par les forces de l&rsquo;ordre dans la capitale, ont rapport\u00e9 un m\u00e9decin et des proches. Le gouvernement a pour sa part fait \u00e9tat d&rsquo;un gendarme tu\u00e9 par balle dans la ville de Mamou, \u00e0 l&rsquo;est de Conakry, et d&rsquo;un habitant tu\u00e9 dans la capitale dans des circonstances qui \u00ab\u00a0restent \u00e0 \u00e9lucider\u00a0\u00bb.<\/p>\n\n\n\n<p class=\"wp-block-paragraph\">Selon son p\u00e8re T\u00e9ly Oury Bah, l&rsquo;un des manifestants tu\u00e9s, Mamadou Lamarana Bah, \u00ab\u00a0a \u00e9t\u00e9 froidement abattu par un agent de la force publique, arm\u00e9 par l&rsquo;Etat guin\u00e9en\u00a0\u00bb.<\/p>\n\n\n\n<p class=\"wp-block-paragraph\">\u00ab\u00a0Je ne peux m\u00eame pas aller voir le corps \u00e0 la morgue de l&rsquo;h\u00f4pital puisqu&rsquo;il n&rsquo;y a pas de passage, les routes sont bloqu\u00e9es\u00a0\u00bb, s&rsquo;est \u00e9mu le p\u00e8re.<\/p>\n\n\n\n<p class=\"wp-block-paragraph\">La quasi-totalit\u00e9 des quartiers p\u00e9riph\u00e9riques de Conakry a \u00e9t\u00e9 la proie d&rsquo;affrontements entre petits groupes \u00e9clat\u00e9s dressant des barricades, incendiant des pneus, lan\u00e7ant des pierres, et des centaines de policiers et gendarmes r\u00e9pliquant par des tirs de gaz lacrymog\u00e8ne et de grenades assourdissantes, mais aussi \u00e0 balle r\u00e9elle, a rapport\u00e9 un correspondant de l&rsquo;AFP.<\/p>\n\n\n\n<p class=\"wp-block-paragraph\">Le centre, si\u00e8ge de la pr\u00e9sidence, des minist\u00e8res et des ambassades, plac\u00e9 sous protection, pr\u00e9sentait un air de ville fant\u00f4me avec ses magasins ferm\u00e9s.<\/p>\n\n\n\n<p class=\"wp-block-paragraph\">Le gouvernement a d\u00e9clar\u00e9 que la mobilisation \u00e9tait ill\u00e9gale faute de d\u00e9claration pr\u00e9alable. Il avait pr\u00e9venu qu&rsquo;il ne c\u00e9derait \u00ab\u00a0pas le moindre centim\u00e8tre carr\u00e9 au r\u00e8gne de l&rsquo;anarchie\u00a0\u00bb.<\/p>\n\n\n\n<p class=\"wp-block-paragraph\"><strong>&#8211; \u00ab\u00a0Quelques \u00e9chauffour\u00e9es\u00a0\u00bb &#8211;<\/strong><\/p>\n\n\n\n<p class=\"wp-block-paragraph\">L&rsquo;opposition a justifi\u00e9 l&rsquo;absence d&rsquo;une telle d\u00e9claration par l&rsquo;existence depuis juillet 2018 d&rsquo;une interdiction officieuse de toute protestation des adversaires du gouvernement.<\/p>\n\n\n\n<p class=\"wp-block-paragraph\">Les activit\u00e9s \u00e9taient paralys\u00e9es dans plusieurs autres villes o\u00f9 les \u00e9coles ont renvoy\u00e9 les \u00e9l\u00e8ves chez eux, ont indiqu\u00e9 des habitants et des journalistes sur place.<\/p>\n\n\n\n<p class=\"wp-block-paragraph\">Le ministre de l&rsquo;Int\u00e9rieur, le g\u00e9n\u00e9ral Bour\u00e9ma Cond\u00e9, a indiqu\u00e9 que la mobilisation s&rsquo;\u00e9tait limit\u00e9e \u00e0 \u00ab\u00a0quelques regroupements et \u00e9chauffour\u00e9es\u00a0\u00bb, marqu\u00e9s par des \u00ab\u00a0actes d&rsquo;incivisme (&#8230;) mettant en p\u00e9ril la vie de nos concitoyens\u00a0\u00bb.<\/p>\n\n\n\n<script async src=\"\/\/pagead2.googlesyndication.com\/pagead\/js\/adsbygoogle.js\"><\/script>\n<!-- code responsive -->\n<ins class=\"adsbygoogle\"\n     style=\"display:block\"\n     data-ad-client=\"ca-pub-2119363214666215\"\n     data-ad-slot=\"1973679082\"\n     data-ad-format=\"auto\"><\/ins>\n<script>\n(adsbygoogle = window.adsbygoogle || []).push({});\n<\/script>\n\n\n\n<p class=\"wp-block-paragraph\">Plusieurs personnes ont \u00e9t\u00e9 arr\u00eat\u00e9es, \u00ab\u00a0les forces de l&rsquo;ordre ma\u00eetrisent globalement la situation et le calme r\u00e8gne sur la majorit\u00e9 du pays\u00a0\u00bb, a-t-il dit dans un communiqu\u00e9.<\/p>\n\n\n\n<p class=\"wp-block-paragraph\">La tension n&rsquo;a cess\u00e9 de monter depuis l&rsquo;appel \u00e0 la manifestation lanc\u00e9 il y a une semaine par le Front national pour la d\u00e9fense de la Constitution (FNDC). Cette coalition rassemblant des partis d&rsquo;opposition, des syndicats et des membres de la soci\u00e9t\u00e9 civile s&rsquo;oppose r\u00e9solument \u00e0 une r\u00e9vision de la Constitution \u00e9voqu\u00e9e par le pouvoir.<\/p>\n\n\n\n<p class=\"wp-block-paragraph\">Elle permettrait \u00e0 Alpha Cond\u00e9 de se pr\u00e9senter pour un troisi\u00e8me mandat, alors que la Constitution en limite actuellement le nombre \u00e0 deux. L&rsquo;opposition s&rsquo;attend \u00e0 ce qu&rsquo;il officialise bient\u00f4t la tenue d&rsquo;un r\u00e9f\u00e9rendum constitutionnel. Fin septembre, il avait demand\u00e9 aux Guin\u00e9ens de s&rsquo;y \u00ab\u00a0pr\u00e9parer\u00a0\u00bb.<\/p>\n\n\n\n<p class=\"wp-block-paragraph\">L&rsquo;opposition d\u00e9nonce un projet de coup d&rsquo;Etat institutionnel et la d\u00e9rive \u00ab\u00a0dictatoriale\u00a0\u00bb de celui qui fut lui-m\u00eame un opposant historique ayant connu la prison pour son engagement contre diff\u00e9rents r\u00e9gimes autoritaires, avant de devenir le premier pr\u00e9sident d\u00e9mocratiquement \u00e9lu de cette ex-colonie fran\u00e7aise d&rsquo;Afrique de l&rsquo;Ouest.<\/p>\n\n\n\n<p class=\"wp-block-paragraph\">Au moins une vingtaine d&rsquo;opposants ont \u00e9t\u00e9 arr\u00eat\u00e9s depuis samedi, selon le FNDC.<\/p>\n\n\n\n<p class=\"wp-block-paragraph\">Policiers et gendarmes ont boucl\u00e9 lundi les abords des domiciles du chef de l&rsquo;opposition et pr\u00e9sident de l&rsquo;Union des forces d\u00e9mocratiques de Guin\u00e9e (UFDG), Cellou Dalein Diallo, et du pr\u00e9sident de l&rsquo;Union des forces r\u00e9publicaines (UFR), Sidya Tour\u00e9. \u00ab\u00a0Je demande aux Guin\u00e9ens de continuer \u00e0 manifester, et \u00e0 bloquer les voies jusqu&rsquo;\u00e0 ce que ce pouvoir comprenne qu&rsquo;on ne nous imposera pas une dictature par la force\u00a0\u00bb, a promis Sidya Tour\u00e9, joint au t\u00e9l\u00e9phone par l&rsquo;AFP.<\/p>\n\n\n\n<p class=\"wp-block-paragraph\">BBC Avec AFP<\/p>\n","protected":false,"gt_translate_keys":[{"key":"rendered","format":"html"}]},"excerpt":{"rendered":"<p>Au moins quatre jeunes manifestants et un gendarme ont \u00e9t\u00e9 tu\u00e9s lundi en Guin\u00e9e dans des heurts entre les forces de s\u00e9curit\u00e9 massivement d\u00e9ploy\u00e9es dans la capitale Conakry et des milliers d&rsquo;opposants \u00e0 un troisi\u00e8me mandat de l&rsquo;actuel pr\u00e9sident Alpha Cond\u00e9, selon des proches et le gouvernement. Cette journ\u00e9e de mobilisation \u00e0 l&rsquo;appel d&rsquo;un collectif farouchement oppos\u00e9 \u00e0 une r\u00e9vision de la Constitution qui servirait les desseins pr\u00eat\u00e9s \u00e0 M. Cond\u00e9 s&rsquo;annon\u00e7ait \u00e0 hauts risques dans un pays en pleine crise politique o\u00f9 les manifestations donnent r\u00e9guli\u00e8rement lieu \u00e0 des&hellip;<\/p>\n","protected":false,"gt_translate_keys":[{"key":"rendered","format":"html"}]},"author":1,"featured_media":300,"comment_status":"open","ping_status":"open","sticky":false,"template":"","format":"standard","meta":{"_crdt_document":"","footnotes":""},"categories":[19,18],"tags":[],"class_list":["post-299","post","type-post","status-publish","format-standard","has-post-thumbnail","hentry","category-afrique-democratie","category-democratie"],"gutentor_comment":0,"yoast_head":"<!-- This site is optimized with the Yoast SEO plugin v27.5 - https:\/\/yoast.com\/product\/yoast-seo-wordpress\/ -->\n<title>4 manifestants et un gendarme tu\u00e9s pendant la mobilisation contre un 3\u00e8 mandat de Cond\u00e9 - Actualit\u00e9s congolaises et internationales<\/title>\n<meta name=\"robots\" content=\"index, follow, max-snippet:-1, max-image-preview:large, max-video-preview:-1\" \/>\n<link rel=\"canonical\" href=\"https:\/\/congovirtuel.com\/information\/4-manifestants-et-un-gendarme-tues-pendant-la-mobilisation-contre-un-3e-mandat-de-conde\/\" \/>\n<meta property=\"og:locale\" content=\"fr_FR\" \/>\n<meta property=\"og:type\" content=\"article\" \/>\n<meta property=\"og:title\" content=\"4 manifestants et un gendarme tu\u00e9s pendant la mobilisation contre un 3\u00e8 mandat de Cond\u00e9 - Actualit\u00e9s congolaises et internationales\" \/>\n<meta property=\"og:description\" content=\"Au moins quatre jeunes manifestants et un gendarme ont \u00e9t\u00e9 tu\u00e9s lundi en Guin\u00e9e dans des heurts entre les forces de s\u00e9curit\u00e9 massivement d\u00e9ploy\u00e9es dans la capitale Conakry et des milliers d&rsquo;opposants \u00e0 un troisi\u00e8me mandat de l&rsquo;actuel pr\u00e9sident Alpha Cond\u00e9, selon des proches et le gouvernement. Cette journ\u00e9e de mobilisation \u00e0 l&rsquo;appel d&rsquo;un collectif farouchement oppos\u00e9 \u00e0 une r\u00e9vision de la Constitution qui servirait les desseins pr\u00eat\u00e9s \u00e0 M. Cond\u00e9 s&rsquo;annon\u00e7ait \u00e0 hauts risques dans un pays en pleine crise politique o\u00f9 les manifestations donnent r\u00e9guli\u00e8rement lieu \u00e0 des&hellip;\" \/>\n<meta property=\"og:url\" content=\"https:\/\/congovirtuel.com\/information\/4-manifestants-et-un-gendarme-tues-pendant-la-mobilisation-contre-un-3e-mandat-de-conde\/\" \/>\n<meta property=\"og:site_name\" content=\"Actualit\u00e9s congolaises et internationales\" \/>\n<meta property=\"article:publisher\" content=\"https:\/\/web.facebook.com\/Congovirtuel-763617960319601\/?ref=aymt_homepage_panel&amp;amp%3bamp%3bamp%3bamp%3bamp%3bamp%3bamp%3bamp%3bamp%3bamp%3bamp%3beid=ARCoxULa66767kIgF_KYav6VdjXTI4yk_LW4yoVO9s6NXpysgb7Cb65vpxcxgqzOAKvIbLQxaAETcqHT\" \/>\n<meta property=\"article:published_time\" content=\"2019-10-15T07:57:46+00:00\" \/>\n<meta property=\"article:modified_time\" content=\"2019-10-15T07:57:49+00:00\" \/>\n<meta property=\"og:image\" content=\"https:\/\/congovirtuel.com\/information\/wp-content\/uploads\/2019\/10\/guin\u00e9e_violence.jpg\" \/>\n\t<meta property=\"og:image:width\" content=\"1023\" \/>\n\t<meta property=\"og:image:height\" content=\"575\" \/>\n\t<meta property=\"og:image:type\" content=\"image\/jpeg\" \/>\n<meta name=\"author\" content=\"infocongovirtuel\" \/>\n<meta name=\"twitter:card\" content=\"summary_large_image\" \/>\n<meta name=\"twitter:creator\" content=\"@congovirtuel\" \/>\n<meta name=\"twitter:site\" content=\"@congovirtuel\" \/>\n<meta name=\"twitter:label1\" content=\"\u00c9crit par\" \/>\n\t<meta name=\"twitter:data1\" content=\"infocongovirtuel\" \/>\n\t<meta name=\"twitter:label2\" content=\"Dur\u00e9e de lecture estim\u00e9e\" \/>\n\t<meta name=\"twitter:data2\" content=\"4 minutes\" \/>\n<script type=\"application\/ld+json\" class=\"yoast-schema-graph\">{\"@context\":\"https:\\\/\\\/schema.org\",\"@graph\":[{\"@type\":\"Article\",\"@id\":\"https:\\\/\\\/congovirtuel.com\\\/information\\\/4-manifestants-et-un-gendarme-tues-pendant-la-mobilisation-contre-un-3e-mandat-de-conde\\\/#article\",\"isPartOf\":{\"@id\":\"https:\\\/\\\/congovirtuel.com\\\/information\\\/4-manifestants-et-un-gendarme-tues-pendant-la-mobilisation-contre-un-3e-mandat-de-conde\\\/\"},\"author\":{\"name\":\"infocongovirtuel\",\"@id\":\"https:\\\/\\\/congovirtuel.com\\\/information\\\/#\\\/schema\\\/person\\\/739a44bf7990966cb53d58d2fdeca0b6\"},\"headline\":\"4 manifestants et un gendarme tu\u00e9s pendant la mobilisation contre un 3\u00e8 mandat de Cond\u00e9\",\"datePublished\":\"2019-10-15T07:57:46+00:00\",\"dateModified\":\"2019-10-15T07:57:49+00:00\",\"mainEntityOfPage\":{\"@id\":\"https:\\\/\\\/congovirtuel.com\\\/information\\\/4-manifestants-et-un-gendarme-tues-pendant-la-mobilisation-contre-un-3e-mandat-de-conde\\\/\"},\"wordCount\":825,\"commentCount\":0,\"publisher\":{\"@id\":\"https:\\\/\\\/congovirtuel.com\\\/information\\\/#organization\"},\"image\":{\"@id\":\"https:\\\/\\\/congovirtuel.com\\\/information\\\/4-manifestants-et-un-gendarme-tues-pendant-la-mobilisation-contre-un-3e-mandat-de-conde\\\/#primaryimage\"},\"thumbnailUrl\":\"https:\\\/\\\/congovirtuel.com\\\/information\\\/wp-content\\\/uploads\\\/2019\\\/10\\\/guin\u00e9e_violence.jpg\",\"articleSection\":[\"Afrique\",\"D\u00e9mocratie\"],\"inLanguage\":\"fr-FR\",\"potentialAction\":[{\"@type\":\"CommentAction\",\"name\":\"Comment\",\"target\":[\"https:\\\/\\\/congovirtuel.com\\\/information\\\/4-manifestants-et-un-gendarme-tues-pendant-la-mobilisation-contre-un-3e-mandat-de-conde\\\/#respond\"]}]},{\"@type\":\"WebPage\",\"@id\":\"https:\\\/\\\/congovirtuel.com\\\/information\\\/4-manifestants-et-un-gendarme-tues-pendant-la-mobilisation-contre-un-3e-mandat-de-conde\\\/\",\"url\":\"https:\\\/\\\/congovirtuel.com\\\/information\\\/4-manifestants-et-un-gendarme-tues-pendant-la-mobilisation-contre-un-3e-mandat-de-conde\\\/\",\"name\":\"4 manifestants et un gendarme tu\u00e9s pendant la mobilisation contre un 3\u00e8 mandat de Cond\u00e9 - Actualit\u00e9s congolaises et internationales\",\"isPartOf\":{\"@id\":\"https:\\\/\\\/congovirtuel.com\\\/information\\\/#website\"},\"primaryImageOfPage\":{\"@id\":\"https:\\\/\\\/congovirtuel.com\\\/information\\\/4-manifestants-et-un-gendarme-tues-pendant-la-mobilisation-contre-un-3e-mandat-de-conde\\\/#primaryimage\"},\"image\":{\"@id\":\"https:\\\/\\\/congovirtuel.com\\\/information\\\/4-manifestants-et-un-gendarme-tues-pendant-la-mobilisation-contre-un-3e-mandat-de-conde\\\/#primaryimage\"},\"thumbnailUrl\":\"https:\\\/\\\/congovirtuel.com\\\/information\\\/wp-content\\\/uploads\\\/2019\\\/10\\\/guin\u00e9e_violence.jpg\",\"datePublished\":\"2019-10-15T07:57:46+00:00\",\"dateModified\":\"2019-10-15T07:57:49+00:00\",\"breadcrumb\":{\"@id\":\"https:\\\/\\\/congovirtuel.com\\\/information\\\/4-manifestants-et-un-gendarme-tues-pendant-la-mobilisation-contre-un-3e-mandat-de-conde\\\/#breadcrumb\"},\"inLanguage\":\"fr-FR\",\"potentialAction\":[{\"@type\":\"ReadAction\",\"target\":[\"https:\\\/\\\/congovirtuel.com\\\/information\\\/4-manifestants-et-un-gendarme-tues-pendant-la-mobilisation-contre-un-3e-mandat-de-conde\\\/\"]}]},{\"@type\":\"ImageObject\",\"inLanguage\":\"fr-FR\",\"@id\":\"https:\\\/\\\/congovirtuel.com\\\/information\\\/4-manifestants-et-un-gendarme-tues-pendant-la-mobilisation-contre-un-3e-mandat-de-conde\\\/#primaryimage\",\"url\":\"https:\\\/\\\/congovirtuel.com\\\/information\\\/wp-content\\\/uploads\\\/2019\\\/10\\\/guin\u00e9e_violence.jpg\",\"contentUrl\":\"https:\\\/\\\/congovirtuel.com\\\/information\\\/wp-content\\\/uploads\\\/2019\\\/10\\\/guin\u00e9e_violence.jpg\",\"width\":1023,\"height\":575},{\"@type\":\"BreadcrumbList\",\"@id\":\"https:\\\/\\\/congovirtuel.com\\\/information\\\/4-manifestants-et-un-gendarme-tues-pendant-la-mobilisation-contre-un-3e-mandat-de-conde\\\/#breadcrumb\",\"itemListElement\":[{\"@type\":\"ListItem\",\"position\":1,\"name\":\"Accueil\",\"item\":\"https:\\\/\\\/congovirtuel.com\\\/information\\\/\"},{\"@type\":\"ListItem\",\"position\":2,\"name\":\"4 manifestants et un gendarme tu\u00e9s pendant la mobilisation contre un 3\u00e8 mandat de Cond\u00e9\"}]},{\"@type\":\"WebSite\",\"@id\":\"https:\\\/\\\/congovirtuel.com\\\/information\\\/#website\",\"url\":\"https:\\\/\\\/congovirtuel.com\\\/information\\\/\",\"name\":\"Actualit\u00e9s congolaises et internationales\",\"description\":\"site d&#039;analyse et de traitement d&#039;information\",\"publisher\":{\"@id\":\"https:\\\/\\\/congovirtuel.com\\\/information\\\/#organization\"},\"potentialAction\":[{\"@type\":\"SearchAction\",\"target\":{\"@type\":\"EntryPoint\",\"urlTemplate\":\"https:\\\/\\\/congovirtuel.com\\\/information\\\/?s={search_term_string}\"},\"query-input\":{\"@type\":\"PropertyValueSpecification\",\"valueRequired\":true,\"valueName\":\"search_term_string\"}}],\"inLanguage\":\"fr-FR\"},{\"@type\":\"Organization\",\"@id\":\"https:\\\/\\\/congovirtuel.com\\\/information\\\/#organization\",\"name\":\"Biblioth\u00e8que Virtuelle de la RDC\",\"url\":\"https:\\\/\\\/congovirtuel.com\\\/information\\\/\",\"logo\":{\"@type\":\"ImageObject\",\"inLanguage\":\"fr-FR\",\"@id\":\"https:\\\/\\\/congovirtuel.com\\\/information\\\/#\\\/schema\\\/logo\\\/image\\\/\",\"url\":\"https:\\\/\\\/congovirtuel.com\\\/information\\\/wp-content\\\/uploads\\\/2018\\\/10\\\/header-info-congovirtuel-vraie.jpg\",\"contentUrl\":\"https:\\\/\\\/congovirtuel.com\\\/information\\\/wp-content\\\/uploads\\\/2018\\\/10\\\/header-info-congovirtuel-vraie.jpg\",\"width\":728,\"height\":90,\"caption\":\"Biblioth\u00e8que Virtuelle de la RDC\"},\"image\":{\"@id\":\"https:\\\/\\\/congovirtuel.com\\\/information\\\/#\\\/schema\\\/logo\\\/image\\\/\"},\"sameAs\":[\"https:\\\/\\\/web.facebook.com\\\/Congovirtuel-763617960319601\\\/?ref=aymt_homepage_panel&amp;amp;amp;amp;amp;amp;amp;amp;amp;amp;amp;eid=ARCoxULa66767kIgF_KYav6VdjXTI4yk_LW4yoVO9s6NXpysgb7Cb65vpxcxgqzOAKvIbLQxaAETcqHT\",\"https:\\\/\\\/x.com\\\/congovirtuel\",\"https:\\\/\\\/www.youtube.com\\\/channel\\\/UCkFfprYzGgS3EWNpeMXpToQ?view_as=subscriber\"]},{\"@type\":\"Person\",\"@id\":\"https:\\\/\\\/congovirtuel.com\\\/information\\\/#\\\/schema\\\/person\\\/739a44bf7990966cb53d58d2fdeca0b6\",\"name\":\"infocongovirtuel\",\"image\":{\"@type\":\"ImageObject\",\"inLanguage\":\"fr-FR\",\"@id\":\"https:\\\/\\\/secure.gravatar.com\\\/avatar\\\/4d76991aa72469f0eb22e772586c99113c6997f88da636a9db8f2ce3a2c05e69?s=96&d=mm&r=g\",\"url\":\"https:\\\/\\\/secure.gravatar.com\\\/avatar\\\/4d76991aa72469f0eb22e772586c99113c6997f88da636a9db8f2ce3a2c05e69?s=96&d=mm&r=g\",\"contentUrl\":\"https:\\\/\\\/secure.gravatar.com\\\/avatar\\\/4d76991aa72469f0eb22e772586c99113c6997f88da636a9db8f2ce3a2c05e69?s=96&d=mm&r=g\",\"caption\":\"infocongovirtuel\"},\"url\":\"https:\\\/\\\/congovirtuel.com\\\/information\\\/author\\\/infocongovirtuel\\\/\"}]}<\/script>\n<!-- \/ Yoast SEO plugin. -->","yoast_head_json":{"title":"4 manifestants et un gendarme tu\u00e9s pendant la mobilisation contre un 3\u00e8 mandat de Cond\u00e9 - Actualit\u00e9s congolaises et internationales","robots":{"index":"index","follow":"follow","max-snippet":"max-snippet:-1","max-image-preview":"max-image-preview:large","max-video-preview":"max-video-preview:-1"},"canonical":"https:\/\/congovirtuel.com\/information\/4-manifestants-et-un-gendarme-tues-pendant-la-mobilisation-contre-un-3e-mandat-de-conde\/","og_locale":"fr_FR","og_type":"article","og_title":"4 manifestants et un gendarme tu\u00e9s pendant la mobilisation contre un 3\u00e8 mandat de Cond\u00e9 - Actualit\u00e9s congolaises et internationales","og_description":"Au moins quatre jeunes manifestants et un gendarme ont \u00e9t\u00e9 tu\u00e9s lundi en Guin\u00e9e dans des heurts entre les forces de s\u00e9curit\u00e9 massivement d\u00e9ploy\u00e9es dans la capitale Conakry et des milliers d&rsquo;opposants \u00e0 un troisi\u00e8me mandat de l&rsquo;actuel pr\u00e9sident Alpha Cond\u00e9, selon des proches et le gouvernement. Cette journ\u00e9e de mobilisation \u00e0 l&rsquo;appel d&rsquo;un collectif farouchement oppos\u00e9 \u00e0 une r\u00e9vision de la Constitution qui servirait les desseins pr\u00eat\u00e9s \u00e0 M. Cond\u00e9 s&rsquo;annon\u00e7ait \u00e0 hauts risques dans un pays en pleine crise politique o\u00f9 les manifestations donnent r\u00e9guli\u00e8rement lieu \u00e0 des&hellip;","og_url":"https:\/\/congovirtuel.com\/information\/4-manifestants-et-un-gendarme-tues-pendant-la-mobilisation-contre-un-3e-mandat-de-conde\/","og_site_name":"Actualit\u00e9s congolaises et internationales","article_publisher":"https:\/\/web.facebook.com\/Congovirtuel-763617960319601\/?ref=aymt_homepage_panel&amp%3bamp%3bamp%3bamp%3bamp%3bamp%3bamp%3bamp%3bamp%3bamp%3bamp%3beid=ARCoxULa66767kIgF_KYav6VdjXTI4yk_LW4yoVO9s6NXpysgb7Cb65vpxcxgqzOAKvIbLQxaAETcqHT","article_published_time":"2019-10-15T07:57:46+00:00","article_modified_time":"2019-10-15T07:57:49+00:00","og_image":[{"width":1023,"height":575,"url":"https:\/\/congovirtuel.com\/information\/wp-content\/uploads\/2019\/10\/guin\u00e9e_violence.jpg","type":"image\/jpeg"}],"author":"infocongovirtuel","twitter_card":"summary_large_image","twitter_creator":"@congovirtuel","twitter_site":"@congovirtuel","twitter_misc":{"\u00c9crit par":"infocongovirtuel","Dur\u00e9e de lecture estim\u00e9e":"4 minutes"},"schema":{"@context":"https:\/\/schema.org","@graph":[{"@type":"Article","@id":"https:\/\/congovirtuel.com\/information\/4-manifestants-et-un-gendarme-tues-pendant-la-mobilisation-contre-un-3e-mandat-de-conde\/#article","isPartOf":{"@id":"https:\/\/congovirtuel.com\/information\/4-manifestants-et-un-gendarme-tues-pendant-la-mobilisation-contre-un-3e-mandat-de-conde\/"},"author":{"name":"infocongovirtuel","@id":"https:\/\/congovirtuel.com\/information\/#\/schema\/person\/739a44bf7990966cb53d58d2fdeca0b6"},"headline":"4 manifestants et un gendarme tu\u00e9s pendant la mobilisation contre un 3\u00e8 mandat de Cond\u00e9","datePublished":"2019-10-15T07:57:46+00:00","dateModified":"2019-10-15T07:57:49+00:00","mainEntityOfPage":{"@id":"https:\/\/congovirtuel.com\/information\/4-manifestants-et-un-gendarme-tues-pendant-la-mobilisation-contre-un-3e-mandat-de-conde\/"},"wordCount":825,"commentCount":0,"publisher":{"@id":"https:\/\/congovirtuel.com\/information\/#organization"},"image":{"@id":"https:\/\/congovirtuel.com\/information\/4-manifestants-et-un-gendarme-tues-pendant-la-mobilisation-contre-un-3e-mandat-de-conde\/#primaryimage"},"thumbnailUrl":"https:\/\/congovirtuel.com\/information\/wp-content\/uploads\/2019\/10\/guin\u00e9e_violence.jpg","articleSection":["Afrique","D\u00e9mocratie"],"inLanguage":"fr-FR","potentialAction":[{"@type":"CommentAction","name":"Comment","target":["https:\/\/congovirtuel.com\/information\/4-manifestants-et-un-gendarme-tues-pendant-la-mobilisation-contre-un-3e-mandat-de-conde\/#respond"]}]},{"@type":"WebPage","@id":"https:\/\/congovirtuel.com\/information\/4-manifestants-et-un-gendarme-tues-pendant-la-mobilisation-contre-un-3e-mandat-de-conde\/","url":"https:\/\/congovirtuel.com\/information\/4-manifestants-et-un-gendarme-tues-pendant-la-mobilisation-contre-un-3e-mandat-de-conde\/","name":"4 manifestants et un gendarme tu\u00e9s pendant la mobilisation contre un 3\u00e8 mandat de Cond\u00e9 - Actualit\u00e9s congolaises et internationales","isPartOf":{"@id":"https:\/\/congovirtuel.com\/information\/#website"},"primaryImageOfPage":{"@id":"https:\/\/congovirtuel.com\/information\/4-manifestants-et-un-gendarme-tues-pendant-la-mobilisation-contre-un-3e-mandat-de-conde\/#primaryimage"},"image":{"@id":"https:\/\/congovirtuel.com\/information\/4-manifestants-et-un-gendarme-tues-pendant-la-mobilisation-contre-un-3e-mandat-de-conde\/#primaryimage"},"thumbnailUrl":"https:\/\/congovirtuel.com\/information\/wp-content\/uploads\/2019\/10\/guin\u00e9e_violence.jpg","datePublished":"2019-10-15T07:57:46+00:00","dateModified":"2019-10-15T07:57:49+00:00","breadcrumb":{"@id":"https:\/\/congovirtuel.com\/information\/4-manifestants-et-un-gendarme-tues-pendant-la-mobilisation-contre-un-3e-mandat-de-conde\/#breadcrumb"},"inLanguage":"fr-FR","potentialAction":[{"@type":"ReadAction","target":["https:\/\/congovirtuel.com\/information\/4-manifestants-et-un-gendarme-tues-pendant-la-mobilisation-contre-un-3e-mandat-de-conde\/"]}]},{"@type":"ImageObject","inLanguage":"fr-FR","@id":"https:\/\/congovirtuel.com\/information\/4-manifestants-et-un-gendarme-tues-pendant-la-mobilisation-contre-un-3e-mandat-de-conde\/#primaryimage","url":"https:\/\/congovirtuel.com\/information\/wp-content\/uploads\/2019\/10\/guin\u00e9e_violence.jpg","contentUrl":"https:\/\/congovirtuel.com\/information\/wp-content\/uploads\/2019\/10\/guin\u00e9e_violence.jpg","width":1023,"height":575},{"@type":"BreadcrumbList","@id":"https:\/\/congovirtuel.com\/information\/4-manifestants-et-un-gendarme-tues-pendant-la-mobilisation-contre-un-3e-mandat-de-conde\/#breadcrumb","itemListElement":[{"@type":"ListItem","position":1,"name":"Accueil","item":"https:\/\/congovirtuel.com\/information\/"},{"@type":"ListItem","position":2,"name":"4 manifestants et un gendarme tu\u00e9s pendant la mobilisation contre un 3\u00e8 mandat de Cond\u00e9"}]},{"@type":"WebSite","@id":"https:\/\/congovirtuel.com\/information\/#website","url":"https:\/\/congovirtuel.com\/information\/","name":"Actualit\u00e9s congolaises et internationales","description":"site d&#039;analyse et de traitement d&#039;information","publisher":{"@id":"https:\/\/congovirtuel.com\/information\/#organization"},"potentialAction":[{"@type":"SearchAction","target":{"@type":"EntryPoint","urlTemplate":"https:\/\/congovirtuel.com\/information\/?s={search_term_string}"},"query-input":{"@type":"PropertyValueSpecification","valueRequired":true,"valueName":"search_term_string"}}],"inLanguage":"fr-FR"},{"@type":"Organization","@id":"https:\/\/congovirtuel.com\/information\/#organization","name":"Biblioth\u00e8que Virtuelle de la RDC","url":"https:\/\/congovirtuel.com\/information\/","logo":{"@type":"ImageObject","inLanguage":"fr-FR","@id":"https:\/\/congovirtuel.com\/information\/#\/schema\/logo\/image\/","url":"https:\/\/congovirtuel.com\/information\/wp-content\/uploads\/2018\/10\/header-info-congovirtuel-vraie.jpg","contentUrl":"https:\/\/congovirtuel.com\/information\/wp-content\/uploads\/2018\/10\/header-info-congovirtuel-vraie.jpg","width":728,"height":90,"caption":"Biblioth\u00e8que Virtuelle de la RDC"},"image":{"@id":"https:\/\/congovirtuel.com\/information\/#\/schema\/logo\/image\/"},"sameAs":["https:\/\/web.facebook.com\/Congovirtuel-763617960319601\/?ref=aymt_homepage_panel&amp;amp;amp;amp;amp;amp;amp;amp;amp;amp;amp;eid=ARCoxULa66767kIgF_KYav6VdjXTI4yk_LW4yoVO9s6NXpysgb7Cb65vpxcxgqzOAKvIbLQxaAETcqHT","https:\/\/x.com\/congovirtuel","https:\/\/www.youtube.com\/channel\/UCkFfprYzGgS3EWNpeMXpToQ?view_as=subscriber"]},{"@type":"Person","@id":"https:\/\/congovirtuel.com\/information\/#\/schema\/person\/739a44bf7990966cb53d58d2fdeca0b6","name":"infocongovirtuel","image":{"@type":"ImageObject","inLanguage":"fr-FR","@id":"https:\/\/secure.gravatar.com\/avatar\/4d76991aa72469f0eb22e772586c99113c6997f88da636a9db8f2ce3a2c05e69?s=96&d=mm&r=g","url":"https:\/\/secure.gravatar.com\/avatar\/4d76991aa72469f0eb22e772586c99113c6997f88da636a9db8f2ce3a2c05e69?s=96&d=mm&r=g","contentUrl":"https:\/\/secure.gravatar.com\/avatar\/4d76991aa72469f0eb22e772586c99113c6997f88da636a9db8f2ce3a2c05e69?s=96&d=mm&r=g","caption":"infocongovirtuel"},"url":"https:\/\/congovirtuel.com\/information\/author\/infocongovirtuel\/"}]}},"gt_translate_keys":[{"key":"link","format":"url"}],"_links":{"self":[{"href":"https:\/\/congovirtuel.com\/information\/wp-json\/wp\/v2\/posts\/299","targetHints":{"allow":["GET"]}}],"collection":[{"href":"https:\/\/congovirtuel.com\/information\/wp-json\/wp\/v2\/posts"}],"about":[{"href":"https:\/\/congovirtuel.com\/information\/wp-json\/wp\/v2\/types\/post"}],"author":[{"embeddable":true,"href":"https:\/\/congovirtuel.com\/information\/wp-json\/wp\/v2\/users\/1"}],"replies":[{"embeddable":true,"href":"https:\/\/congovirtuel.com\/information\/wp-json\/wp\/v2\/comments?post=299"}],"version-history":[{"count":1,"href":"https:\/\/congovirtuel.com\/information\/wp-json\/wp\/v2\/posts\/299\/revisions"}],"predecessor-version":[{"id":301,"href":"https:\/\/congovirtuel.com\/information\/wp-json\/wp\/v2\/posts\/299\/revisions\/301"}],"wp:featuredmedia":[{"embeddable":true,"href":"https:\/\/congovirtuel.com\/information\/wp-json\/wp\/v2\/media\/300"}],"wp:attachment":[{"href":"https:\/\/congovirtuel.com\/information\/wp-json\/wp\/v2\/media?parent=299"}],"wp:term":[{"taxonomy":"category","embeddable":true,"href":"https:\/\/congovirtuel.com\/information\/wp-json\/wp\/v2\/categories?post=299"},{"taxonomy":"post_tag","embeddable":true,"href":"https:\/\/congovirtuel.com\/information\/wp-json\/wp\/v2\/tags?post=299"}],"curies":[{"name":"wp","href":"https:\/\/api.w.org\/{rel}","templated":true}]}}