{"id":2993,"date":"2020-08-23T09:59:10","date_gmt":"2020-08-23T08:59:10","guid":{"rendered":"https:\/\/congovirtuel.com\/information\/?p=2993"},"modified":"2020-08-23T09:59:40","modified_gmt":"2020-08-23T08:59:40","slug":"ligue-des-champions-bernat-sa-revanche-face-au-bayern","status":"publish","type":"post","link":"https:\/\/congovirtuel.com\/information\/ligue-des-champions-bernat-sa-revanche-face-au-bayern\/","title":{"rendered":"Ligue des Champions: Bernat, sa revanche face au Bayern ?","gt_translate_keys":[{"key":"rendered","format":"text"}]},"content":{"rendered":"\n<p class=\"wp-block-paragraph\"><strong>Vendu par le Bayern, puis m\u00e9chamment critiqu\u00e9 par Uli Hoeness, Juan Bernat retrouve son ancien club en finale de la Ligue des champions. Avec le statut de titulaire solide au Paris Saint-Germain.<\/strong><\/p>\n\n\n\n<p class=\"wp-block-paragraph\">On disserte r\u00e9guli\u00e8rement sur le comportement des grands d\u2019Europe, leur attitude noble ou non dans la d\u00e9faite ou la victoire. En novembre 2018, Uli Hoeness n\u2019avait certainement pas \u00e9t\u00e9 \u00e9touff\u00e9 par la classe lorsqu\u2019il s\u2019en \u00e9tait pris gratuitement \u00e0\u00a0<a href=\"https:\/\/www.sports.fr\/football\/joueurs\/juan-bernat-55708.html\/\"><strong>Juan Bernat<\/strong><\/a>. Lors d\u2019une conf\u00e9rence de presse, celui qui \u00e9tait alors le pr\u00e9sident du\u00a0<a href=\"https:\/\/www.sports.fr\/football\/equipe\/bayern-munich-13454.html\/\"><strong>Bayern Munich<\/strong><\/a>\u00a0avait gliss\u00e9 un tacle venu de nulle part au lat\u00e9ral espagnol, vendu par le club bavarois au\u00a0<a href=\"https:\/\/www.sports.fr\/football\/equipe\/psg-13394.html\/\"><strong>PSG<\/strong><\/a>\u00a0quelques mois plus t\u00f4t.<\/p>\n\n\n\n<p class=\"wp-block-paragraph\"><em>\u00ab&nbsp;Quand nous avons rencontr\u00e9 S\u00e9ville en Ligue des champions (2-1, 0-0 en quarts de finale ndlr), nous avons failli \u00eatre \u00e9limin\u00e9s et Bernat en \u00e9tait le seul responsable,&nbsp;<\/em>avait lanc\u00e9 Hoeness.&nbsp;<em>Ce jour-l\u00e0, nous avons d\u00e9cid\u00e9 de le vendre. Notre bonheur ou notre malheur ne doit pas d\u00e9pendre de Juan Bernat.&nbsp;\u00bb<\/em><\/p>\n\n\n\n<h2 class=\"wp-block-heading\">A Paris, il donne satisfaction<\/h2>\n\n\n\n<p class=\"wp-block-paragraph\">Et s\u2019il s\u2019av\u00e9rait finalement que si ? Que le bonheur ou surtout le malheur du Bayern allait venir de Bernat. Car si l\u2019ancien joueur de Valence avait r\u00e9alis\u00e9&nbsp;<em>\u00ab&nbsp;un match de merde&nbsp;\u00bb<\/em>&nbsp;selon Hoeness contre S\u00e9ville, il donne globalement satisfaction depuis son arriv\u00e9e \u00e0 Paris. L\u2019Espagnol s\u2019est m\u00eame impos\u00e9 comme un titulaire pratiquement indiscutable, ce qui n\u2019\u00e9tait pas forc\u00e9ment pr\u00e9vu au d\u00e9part.<\/p>\n\n\n\n<p class=\"wp-block-paragraph\">Bernat n\u2019est sans doute pas le meilleur d\u00e9fenseur du monde, mais rares sont les lat\u00e9raux en Europe \u00e0 donner de v\u00e9ritables garanties sur le plan d\u00e9fensif. Le poste a \u00e9volu\u00e9 au fil des ann\u00e9es, et dans son apport offensif, l\u2019international espagnol (11 s\u00e9lections) est tr\u00e8s utile: actif, propre techniquement, il s\u2019entend bien avec ses partenaires, notamment Neymar, et se permet de m\u00eame marquer.<\/p>\n\n\n\n<p class=\"wp-block-paragraph\">Cette saison, il a inscrit deux buts: en huiti\u00e8me de finale retour de Ligue des champions<a href=\"https:\/\/www.sports.fr\/direct-foot\/50183\/171886\/psg-borussia-dortmund.shtml\"><strong>\u00a0contre Dortmund (2-0)<\/strong><\/a>, et en demi-finale\u00a0<a href=\"https:\/\/www.sports.fr\/direct-foot\/50185\/177330\/rb-leipzig-psg.shtml\"><strong>contre Leipzig (3-0)<\/strong><\/a>. Face \u00e0 deux clubs allemands\u2026 Vous voyez o\u00f9 on veut en venir ? Bernat a l\u2019occasion, ce dimanche, de prendre la plus belle des revanches.<\/p>\n\n\n\n<p class=\"wp-block-paragraph\"><strong>Football.fr<\/strong><\/p>\n","protected":false,"gt_translate_keys":[{"key":"rendered","format":"html"}]},"excerpt":{"rendered":"<p>Vendu par le Bayern, puis m\u00e9chamment critiqu\u00e9 par Uli Hoeness, Juan Bernat retrouve son ancien club en finale de la Ligue des champions. Avec le statut de titulaire solide au Paris Saint-Germain. On disserte r\u00e9guli\u00e8rement sur le comportement des grands d\u2019Europe, leur attitude noble ou non dans la d\u00e9faite ou la victoire. En novembre 2018, Uli Hoeness n\u2019avait certainement pas \u00e9t\u00e9 \u00e9touff\u00e9 par la classe lorsqu\u2019il s\u2019en \u00e9tait pris gratuitement \u00e0\u00a0Juan Bernat. Lors d\u2019une conf\u00e9rence de presse, celui qui \u00e9tait alors le pr\u00e9sident du\u00a0Bayern Munich\u00a0avait gliss\u00e9 un tacle venu de&hellip;<\/p>\n","protected":false,"gt_translate_keys":[{"key":"rendered","format":"html"}]},"author":1,"featured_media":2994,"comment_status":"open","ping_status":"open","sticky":false,"template":"","format":"standard","meta":{"_crdt_document":"","footnotes":""},"categories":[8],"tags":[2277,2276],"class_list":["post-2993","post","type-post","status-publish","format-standard","has-post-thumbnail","hentry","category-football","tag-bernat-juan-retrouve-le-bayern","tag-finale-bayern-paris-saint-germain"],"gutentor_comment":0,"yoast_head":"<!-- This site is optimized with the Yoast SEO plugin v27.5 - https:\/\/yoast.com\/product\/yoast-seo-wordpress\/ -->\n<title>Ligue des Champions: Bernat, sa revanche face au Bayern ? - Actualit\u00e9s congolaises et internationales<\/title>\n<meta name=\"robots\" content=\"index, follow, max-snippet:-1, max-image-preview:large, max-video-preview:-1\" \/>\n<link rel=\"canonical\" href=\"https:\/\/congovirtuel.com\/information\/ligue-des-champions-bernat-sa-revanche-face-au-bayern\/\" \/>\n<meta property=\"og:locale\" content=\"fr_FR\" \/>\n<meta property=\"og:type\" content=\"article\" \/>\n<meta property=\"og:title\" content=\"Ligue des Champions: Bernat, sa revanche face au Bayern ? - Actualit\u00e9s congolaises et internationales\" \/>\n<meta property=\"og:description\" content=\"Vendu par le Bayern, puis m\u00e9chamment critiqu\u00e9 par Uli Hoeness, Juan Bernat retrouve son ancien club en finale de la Ligue des champions. Avec le statut de titulaire solide au Paris Saint-Germain. On disserte r\u00e9guli\u00e8rement sur le comportement des grands d\u2019Europe, leur attitude noble ou non dans la d\u00e9faite ou la victoire. En novembre 2018, Uli Hoeness n\u2019avait certainement pas \u00e9t\u00e9 \u00e9touff\u00e9 par la classe lorsqu\u2019il s\u2019en \u00e9tait pris gratuitement \u00e0\u00a0Juan Bernat. Lors d\u2019une conf\u00e9rence de presse, celui qui \u00e9tait alors le pr\u00e9sident du\u00a0Bayern Munich\u00a0avait gliss\u00e9 un tacle venu de&hellip;\" \/>\n<meta property=\"og:url\" content=\"https:\/\/congovirtuel.com\/information\/ligue-des-champions-bernat-sa-revanche-face-au-bayern\/\" \/>\n<meta property=\"og:site_name\" content=\"Actualit\u00e9s congolaises et internationales\" \/>\n<meta property=\"article:publisher\" content=\"https:\/\/web.facebook.com\/Congovirtuel-763617960319601\/?ref=aymt_homepage_panel&amp;amp%3bamp%3bamp%3bamp%3bamp%3bamp%3bamp%3bamp%3bamp%3bamp%3bamp%3beid=ARCoxULa66767kIgF_KYav6VdjXTI4yk_LW4yoVO9s6NXpysgb7Cb65vpxcxgqzOAKvIbLQxaAETcqHT\" \/>\n<meta property=\"article:published_time\" content=\"2020-08-23T08:59:10+00:00\" \/>\n<meta property=\"article:modified_time\" content=\"2020-08-23T08:59:40+00:00\" \/>\n<meta property=\"og:image\" content=\"https:\/\/congovirtuel.com\/information\/wp-content\/uploads\/2020\/08\/bernat_psg.jpg\" \/>\n\t<meta property=\"og:image:width\" content=\"750\" \/>\n\t<meta property=\"og:image:height\" content=\"368\" \/>\n\t<meta property=\"og:image:type\" content=\"image\/jpeg\" \/>\n<meta name=\"author\" content=\"infocongovirtuel\" \/>\n<meta name=\"twitter:card\" content=\"summary_large_image\" \/>\n<meta name=\"twitter:creator\" content=\"@congovirtuel\" \/>\n<meta name=\"twitter:site\" content=\"@congovirtuel\" \/>\n<meta name=\"twitter:label1\" content=\"\u00c9crit par\" \/>\n\t<meta name=\"twitter:data1\" content=\"infocongovirtuel\" \/>\n\t<meta name=\"twitter:label2\" content=\"Dur\u00e9e de lecture estim\u00e9e\" \/>\n\t<meta name=\"twitter:data2\" content=\"2 minutes\" \/>\n<script type=\"application\/ld+json\" class=\"yoast-schema-graph\">{\"@context\":\"https:\\\/\\\/schema.org\",\"@graph\":[{\"@type\":\"Article\",\"@id\":\"https:\\\/\\\/congovirtuel.com\\\/information\\\/ligue-des-champions-bernat-sa-revanche-face-au-bayern\\\/#article\",\"isPartOf\":{\"@id\":\"https:\\\/\\\/congovirtuel.com\\\/information\\\/ligue-des-champions-bernat-sa-revanche-face-au-bayern\\\/\"},\"author\":{\"name\":\"infocongovirtuel\",\"@id\":\"https:\\\/\\\/congovirtuel.com\\\/information\\\/#\\\/schema\\\/person\\\/739a44bf7990966cb53d58d2fdeca0b6\"},\"headline\":\"Ligue des Champions: Bernat, sa revanche face au Bayern ?\",\"datePublished\":\"2020-08-23T08:59:10+00:00\",\"dateModified\":\"2020-08-23T08:59:40+00:00\",\"mainEntityOfPage\":{\"@id\":\"https:\\\/\\\/congovirtuel.com\\\/information\\\/ligue-des-champions-bernat-sa-revanche-face-au-bayern\\\/\"},\"wordCount\":395,\"commentCount\":0,\"publisher\":{\"@id\":\"https:\\\/\\\/congovirtuel.com\\\/information\\\/#organization\"},\"image\":{\"@id\":\"https:\\\/\\\/congovirtuel.com\\\/information\\\/ligue-des-champions-bernat-sa-revanche-face-au-bayern\\\/#primaryimage\"},\"thumbnailUrl\":\"https:\\\/\\\/congovirtuel.com\\\/information\\\/wp-content\\\/uploads\\\/2020\\\/08\\\/bernat_psg.jpg\",\"keywords\":[\"Bernat Juan retrouve le Bayern\",\"Finale Bayern - Paris Saint Germain\"],\"articleSection\":[\"Football\"],\"inLanguage\":\"fr-FR\",\"potentialAction\":[{\"@type\":\"CommentAction\",\"name\":\"Comment\",\"target\":[\"https:\\\/\\\/congovirtuel.com\\\/information\\\/ligue-des-champions-bernat-sa-revanche-face-au-bayern\\\/#respond\"]}]},{\"@type\":\"WebPage\",\"@id\":\"https:\\\/\\\/congovirtuel.com\\\/information\\\/ligue-des-champions-bernat-sa-revanche-face-au-bayern\\\/\",\"url\":\"https:\\\/\\\/congovirtuel.com\\\/information\\\/ligue-des-champions-bernat-sa-revanche-face-au-bayern\\\/\",\"name\":\"Ligue des Champions: Bernat, sa revanche face au Bayern ? - Actualit\u00e9s congolaises et internationales\",\"isPartOf\":{\"@id\":\"https:\\\/\\\/congovirtuel.com\\\/information\\\/#website\"},\"primaryImageOfPage\":{\"@id\":\"https:\\\/\\\/congovirtuel.com\\\/information\\\/ligue-des-champions-bernat-sa-revanche-face-au-bayern\\\/#primaryimage\"},\"image\":{\"@id\":\"https:\\\/\\\/congovirtuel.com\\\/information\\\/ligue-des-champions-bernat-sa-revanche-face-au-bayern\\\/#primaryimage\"},\"thumbnailUrl\":\"https:\\\/\\\/congovirtuel.com\\\/information\\\/wp-content\\\/uploads\\\/2020\\\/08\\\/bernat_psg.jpg\",\"datePublished\":\"2020-08-23T08:59:10+00:00\",\"dateModified\":\"2020-08-23T08:59:40+00:00\",\"breadcrumb\":{\"@id\":\"https:\\\/\\\/congovirtuel.com\\\/information\\\/ligue-des-champions-bernat-sa-revanche-face-au-bayern\\\/#breadcrumb\"},\"inLanguage\":\"fr-FR\",\"potentialAction\":[{\"@type\":\"ReadAction\",\"target\":[\"https:\\\/\\\/congovirtuel.com\\\/information\\\/ligue-des-champions-bernat-sa-revanche-face-au-bayern\\\/\"]}]},{\"@type\":\"ImageObject\",\"inLanguage\":\"fr-FR\",\"@id\":\"https:\\\/\\\/congovirtuel.com\\\/information\\\/ligue-des-champions-bernat-sa-revanche-face-au-bayern\\\/#primaryimage\",\"url\":\"https:\\\/\\\/congovirtuel.com\\\/information\\\/wp-content\\\/uploads\\\/2020\\\/08\\\/bernat_psg.jpg\",\"contentUrl\":\"https:\\\/\\\/congovirtuel.com\\\/information\\\/wp-content\\\/uploads\\\/2020\\\/08\\\/bernat_psg.jpg\",\"width\":750,\"height\":368,\"caption\":\"Bernat Juan\"},{\"@type\":\"BreadcrumbList\",\"@id\":\"https:\\\/\\\/congovirtuel.com\\\/information\\\/ligue-des-champions-bernat-sa-revanche-face-au-bayern\\\/#breadcrumb\",\"itemListElement\":[{\"@type\":\"ListItem\",\"position\":1,\"name\":\"Accueil\",\"item\":\"https:\\\/\\\/congovirtuel.com\\\/information\\\/\"},{\"@type\":\"ListItem\",\"position\":2,\"name\":\"Ligue des Champions: Bernat, sa revanche face au Bayern ?\"}]},{\"@type\":\"WebSite\",\"@id\":\"https:\\\/\\\/congovirtuel.com\\\/information\\\/#website\",\"url\":\"https:\\\/\\\/congovirtuel.com\\\/information\\\/\",\"name\":\"Actualit\u00e9s congolaises et internationales\",\"description\":\"site d&#039;analyse et de traitement d&#039;information\",\"publisher\":{\"@id\":\"https:\\\/\\\/congovirtuel.com\\\/information\\\/#organization\"},\"potentialAction\":[{\"@type\":\"SearchAction\",\"target\":{\"@type\":\"EntryPoint\",\"urlTemplate\":\"https:\\\/\\\/congovirtuel.com\\\/information\\\/?s={search_term_string}\"},\"query-input\":{\"@type\":\"PropertyValueSpecification\",\"valueRequired\":true,\"valueName\":\"search_term_string\"}}],\"inLanguage\":\"fr-FR\"},{\"@type\":\"Organization\",\"@id\":\"https:\\\/\\\/congovirtuel.com\\\/information\\\/#organization\",\"name\":\"Biblioth\u00e8que Virtuelle de la RDC\",\"url\":\"https:\\\/\\\/congovirtuel.com\\\/information\\\/\",\"logo\":{\"@type\":\"ImageObject\",\"inLanguage\":\"fr-FR\",\"@id\":\"https:\\\/\\\/congovirtuel.com\\\/information\\\/#\\\/schema\\\/logo\\\/image\\\/\",\"url\":\"https:\\\/\\\/congovirtuel.com\\\/information\\\/wp-content\\\/uploads\\\/2018\\\/10\\\/header-info-congovirtuel-vraie.jpg\",\"contentUrl\":\"https:\\\/\\\/congovirtuel.com\\\/information\\\/wp-content\\\/uploads\\\/2018\\\/10\\\/header-info-congovirtuel-vraie.jpg\",\"width\":728,\"height\":90,\"caption\":\"Biblioth\u00e8que Virtuelle de la RDC\"},\"image\":{\"@id\":\"https:\\\/\\\/congovirtuel.com\\\/information\\\/#\\\/schema\\\/logo\\\/image\\\/\"},\"sameAs\":[\"https:\\\/\\\/web.facebook.com\\\/Congovirtuel-763617960319601\\\/?ref=aymt_homepage_panel&amp;amp;amp;amp;amp;amp;amp;amp;amp;amp;amp;eid=ARCoxULa66767kIgF_KYav6VdjXTI4yk_LW4yoVO9s6NXpysgb7Cb65vpxcxgqzOAKvIbLQxaAETcqHT\",\"https:\\\/\\\/x.com\\\/congovirtuel\",\"https:\\\/\\\/www.youtube.com\\\/channel\\\/UCkFfprYzGgS3EWNpeMXpToQ?view_as=subscriber\"]},{\"@type\":\"Person\",\"@id\":\"https:\\\/\\\/congovirtuel.com\\\/information\\\/#\\\/schema\\\/person\\\/739a44bf7990966cb53d58d2fdeca0b6\",\"name\":\"infocongovirtuel\",\"image\":{\"@type\":\"ImageObject\",\"inLanguage\":\"fr-FR\",\"@id\":\"https:\\\/\\\/secure.gravatar.com\\\/avatar\\\/4d76991aa72469f0eb22e772586c99113c6997f88da636a9db8f2ce3a2c05e69?s=96&d=mm&r=g\",\"url\":\"https:\\\/\\\/secure.gravatar.com\\\/avatar\\\/4d76991aa72469f0eb22e772586c99113c6997f88da636a9db8f2ce3a2c05e69?s=96&d=mm&r=g\",\"contentUrl\":\"https:\\\/\\\/secure.gravatar.com\\\/avatar\\\/4d76991aa72469f0eb22e772586c99113c6997f88da636a9db8f2ce3a2c05e69?s=96&d=mm&r=g\",\"caption\":\"infocongovirtuel\"},\"url\":\"https:\\\/\\\/congovirtuel.com\\\/information\\\/author\\\/infocongovirtuel\\\/\"}]}<\/script>\n<!-- \/ Yoast SEO plugin. -->","yoast_head_json":{"title":"Ligue des Champions: Bernat, sa revanche face au Bayern ? - Actualit\u00e9s congolaises et internationales","robots":{"index":"index","follow":"follow","max-snippet":"max-snippet:-1","max-image-preview":"max-image-preview:large","max-video-preview":"max-video-preview:-1"},"canonical":"https:\/\/congovirtuel.com\/information\/ligue-des-champions-bernat-sa-revanche-face-au-bayern\/","og_locale":"fr_FR","og_type":"article","og_title":"Ligue des Champions: Bernat, sa revanche face au Bayern ? - Actualit\u00e9s congolaises et internationales","og_description":"Vendu par le Bayern, puis m\u00e9chamment critiqu\u00e9 par Uli Hoeness, Juan Bernat retrouve son ancien club en finale de la Ligue des champions. Avec le statut de titulaire solide au Paris Saint-Germain. On disserte r\u00e9guli\u00e8rement sur le comportement des grands d\u2019Europe, leur attitude noble ou non dans la d\u00e9faite ou la victoire. En novembre 2018, Uli Hoeness n\u2019avait certainement pas \u00e9t\u00e9 \u00e9touff\u00e9 par la classe lorsqu\u2019il s\u2019en \u00e9tait pris gratuitement \u00e0\u00a0Juan Bernat. Lors d\u2019une conf\u00e9rence de presse, celui qui \u00e9tait alors le pr\u00e9sident du\u00a0Bayern Munich\u00a0avait gliss\u00e9 un tacle venu de&hellip;","og_url":"https:\/\/congovirtuel.com\/information\/ligue-des-champions-bernat-sa-revanche-face-au-bayern\/","og_site_name":"Actualit\u00e9s congolaises et internationales","article_publisher":"https:\/\/web.facebook.com\/Congovirtuel-763617960319601\/?ref=aymt_homepage_panel&amp%3bamp%3bamp%3bamp%3bamp%3bamp%3bamp%3bamp%3bamp%3bamp%3bamp%3beid=ARCoxULa66767kIgF_KYav6VdjXTI4yk_LW4yoVO9s6NXpysgb7Cb65vpxcxgqzOAKvIbLQxaAETcqHT","article_published_time":"2020-08-23T08:59:10+00:00","article_modified_time":"2020-08-23T08:59:40+00:00","og_image":[{"width":750,"height":368,"url":"https:\/\/congovirtuel.com\/information\/wp-content\/uploads\/2020\/08\/bernat_psg.jpg","type":"image\/jpeg"}],"author":"infocongovirtuel","twitter_card":"summary_large_image","twitter_creator":"@congovirtuel","twitter_site":"@congovirtuel","twitter_misc":{"\u00c9crit par":"infocongovirtuel","Dur\u00e9e de lecture estim\u00e9e":"2 minutes"},"schema":{"@context":"https:\/\/schema.org","@graph":[{"@type":"Article","@id":"https:\/\/congovirtuel.com\/information\/ligue-des-champions-bernat-sa-revanche-face-au-bayern\/#article","isPartOf":{"@id":"https:\/\/congovirtuel.com\/information\/ligue-des-champions-bernat-sa-revanche-face-au-bayern\/"},"author":{"name":"infocongovirtuel","@id":"https:\/\/congovirtuel.com\/information\/#\/schema\/person\/739a44bf7990966cb53d58d2fdeca0b6"},"headline":"Ligue des Champions: Bernat, sa revanche face au Bayern ?","datePublished":"2020-08-23T08:59:10+00:00","dateModified":"2020-08-23T08:59:40+00:00","mainEntityOfPage":{"@id":"https:\/\/congovirtuel.com\/information\/ligue-des-champions-bernat-sa-revanche-face-au-bayern\/"},"wordCount":395,"commentCount":0,"publisher":{"@id":"https:\/\/congovirtuel.com\/information\/#organization"},"image":{"@id":"https:\/\/congovirtuel.com\/information\/ligue-des-champions-bernat-sa-revanche-face-au-bayern\/#primaryimage"},"thumbnailUrl":"https:\/\/congovirtuel.com\/information\/wp-content\/uploads\/2020\/08\/bernat_psg.jpg","keywords":["Bernat Juan retrouve le Bayern","Finale Bayern - Paris Saint Germain"],"articleSection":["Football"],"inLanguage":"fr-FR","potentialAction":[{"@type":"CommentAction","name":"Comment","target":["https:\/\/congovirtuel.com\/information\/ligue-des-champions-bernat-sa-revanche-face-au-bayern\/#respond"]}]},{"@type":"WebPage","@id":"https:\/\/congovirtuel.com\/information\/ligue-des-champions-bernat-sa-revanche-face-au-bayern\/","url":"https:\/\/congovirtuel.com\/information\/ligue-des-champions-bernat-sa-revanche-face-au-bayern\/","name":"Ligue des Champions: Bernat, sa revanche face au Bayern ? - Actualit\u00e9s congolaises et internationales","isPartOf":{"@id":"https:\/\/congovirtuel.com\/information\/#website"},"primaryImageOfPage":{"@id":"https:\/\/congovirtuel.com\/information\/ligue-des-champions-bernat-sa-revanche-face-au-bayern\/#primaryimage"},"image":{"@id":"https:\/\/congovirtuel.com\/information\/ligue-des-champions-bernat-sa-revanche-face-au-bayern\/#primaryimage"},"thumbnailUrl":"https:\/\/congovirtuel.com\/information\/wp-content\/uploads\/2020\/08\/bernat_psg.jpg","datePublished":"2020-08-23T08:59:10+00:00","dateModified":"2020-08-23T08:59:40+00:00","breadcrumb":{"@id":"https:\/\/congovirtuel.com\/information\/ligue-des-champions-bernat-sa-revanche-face-au-bayern\/#breadcrumb"},"inLanguage":"fr-FR","potentialAction":[{"@type":"ReadAction","target":["https:\/\/congovirtuel.com\/information\/ligue-des-champions-bernat-sa-revanche-face-au-bayern\/"]}]},{"@type":"ImageObject","inLanguage":"fr-FR","@id":"https:\/\/congovirtuel.com\/information\/ligue-des-champions-bernat-sa-revanche-face-au-bayern\/#primaryimage","url":"https:\/\/congovirtuel.com\/information\/wp-content\/uploads\/2020\/08\/bernat_psg.jpg","contentUrl":"https:\/\/congovirtuel.com\/information\/wp-content\/uploads\/2020\/08\/bernat_psg.jpg","width":750,"height":368,"caption":"Bernat Juan"},{"@type":"BreadcrumbList","@id":"https:\/\/congovirtuel.com\/information\/ligue-des-champions-bernat-sa-revanche-face-au-bayern\/#breadcrumb","itemListElement":[{"@type":"ListItem","position":1,"name":"Accueil","item":"https:\/\/congovirtuel.com\/information\/"},{"@type":"ListItem","position":2,"name":"Ligue des Champions: Bernat, sa revanche face au Bayern ?"}]},{"@type":"WebSite","@id":"https:\/\/congovirtuel.com\/information\/#website","url":"https:\/\/congovirtuel.com\/information\/","name":"Actualit\u00e9s congolaises et internationales","description":"site d&#039;analyse et de traitement d&#039;information","publisher":{"@id":"https:\/\/congovirtuel.com\/information\/#organization"},"potentialAction":[{"@type":"SearchAction","target":{"@type":"EntryPoint","urlTemplate":"https:\/\/congovirtuel.com\/information\/?s={search_term_string}"},"query-input":{"@type":"PropertyValueSpecification","valueRequired":true,"valueName":"search_term_string"}}],"inLanguage":"fr-FR"},{"@type":"Organization","@id":"https:\/\/congovirtuel.com\/information\/#organization","name":"Biblioth\u00e8que Virtuelle de la RDC","url":"https:\/\/congovirtuel.com\/information\/","logo":{"@type":"ImageObject","inLanguage":"fr-FR","@id":"https:\/\/congovirtuel.com\/information\/#\/schema\/logo\/image\/","url":"https:\/\/congovirtuel.com\/information\/wp-content\/uploads\/2018\/10\/header-info-congovirtuel-vraie.jpg","contentUrl":"https:\/\/congovirtuel.com\/information\/wp-content\/uploads\/2018\/10\/header-info-congovirtuel-vraie.jpg","width":728,"height":90,"caption":"Biblioth\u00e8que Virtuelle de la RDC"},"image":{"@id":"https:\/\/congovirtuel.com\/information\/#\/schema\/logo\/image\/"},"sameAs":["https:\/\/web.facebook.com\/Congovirtuel-763617960319601\/?ref=aymt_homepage_panel&amp;amp;amp;amp;amp;amp;amp;amp;amp;amp;amp;eid=ARCoxULa66767kIgF_KYav6VdjXTI4yk_LW4yoVO9s6NXpysgb7Cb65vpxcxgqzOAKvIbLQxaAETcqHT","https:\/\/x.com\/congovirtuel","https:\/\/www.youtube.com\/channel\/UCkFfprYzGgS3EWNpeMXpToQ?view_as=subscriber"]},{"@type":"Person","@id":"https:\/\/congovirtuel.com\/information\/#\/schema\/person\/739a44bf7990966cb53d58d2fdeca0b6","name":"infocongovirtuel","image":{"@type":"ImageObject","inLanguage":"fr-FR","@id":"https:\/\/secure.gravatar.com\/avatar\/4d76991aa72469f0eb22e772586c99113c6997f88da636a9db8f2ce3a2c05e69?s=96&d=mm&r=g","url":"https:\/\/secure.gravatar.com\/avatar\/4d76991aa72469f0eb22e772586c99113c6997f88da636a9db8f2ce3a2c05e69?s=96&d=mm&r=g","contentUrl":"https:\/\/secure.gravatar.com\/avatar\/4d76991aa72469f0eb22e772586c99113c6997f88da636a9db8f2ce3a2c05e69?s=96&d=mm&r=g","caption":"infocongovirtuel"},"url":"https:\/\/congovirtuel.com\/information\/author\/infocongovirtuel\/"}]}},"gt_translate_keys":[{"key":"link","format":"url"}],"_links":{"self":[{"href":"https:\/\/congovirtuel.com\/information\/wp-json\/wp\/v2\/posts\/2993","targetHints":{"allow":["GET"]}}],"collection":[{"href":"https:\/\/congovirtuel.com\/information\/wp-json\/wp\/v2\/posts"}],"about":[{"href":"https:\/\/congovirtuel.com\/information\/wp-json\/wp\/v2\/types\/post"}],"author":[{"embeddable":true,"href":"https:\/\/congovirtuel.com\/information\/wp-json\/wp\/v2\/users\/1"}],"replies":[{"embeddable":true,"href":"https:\/\/congovirtuel.com\/information\/wp-json\/wp\/v2\/comments?post=2993"}],"version-history":[{"count":1,"href":"https:\/\/congovirtuel.com\/information\/wp-json\/wp\/v2\/posts\/2993\/revisions"}],"predecessor-version":[{"id":2995,"href":"https:\/\/congovirtuel.com\/information\/wp-json\/wp\/v2\/posts\/2993\/revisions\/2995"}],"wp:featuredmedia":[{"embeddable":true,"href":"https:\/\/congovirtuel.com\/information\/wp-json\/wp\/v2\/media\/2994"}],"wp:attachment":[{"href":"https:\/\/congovirtuel.com\/information\/wp-json\/wp\/v2\/media?parent=2993"}],"wp:term":[{"taxonomy":"category","embeddable":true,"href":"https:\/\/congovirtuel.com\/information\/wp-json\/wp\/v2\/categories?post=2993"},{"taxonomy":"post_tag","embeddable":true,"href":"https:\/\/congovirtuel.com\/information\/wp-json\/wp\/v2\/tags?post=2993"}],"curies":[{"name":"wp","href":"https:\/\/api.w.org\/{rel}","templated":true}]}}