{"id":3306,"date":"2020-09-18T18:26:54","date_gmt":"2020-09-18T17:26:54","guid":{"rendered":"https:\/\/congovirtuel.com\/information\/?p=3306"},"modified":"2020-09-18T18:27:06","modified_gmt":"2020-09-18T17:27:06","slug":"rdc-une-reserve-dokapis-attaquee-deux-gardes-tues","status":"publish","type":"post","link":"https:\/\/congovirtuel.com\/information\/rdc-une-reserve-dokapis-attaquee-deux-gardes-tues\/","title":{"rendered":"RDC: une r\u00e9serve d&rsquo;okapis attaqu\u00e9e, deux gardes tu\u00e9s","gt_translate_keys":[{"key":"rendered","format":"text"}]},"content":{"rendered":"\n<p class=\"wp-block-paragraph\">Deux gardes d&rsquo;une r\u00e9serve naturelle d&rsquo;okapis, class\u00e9e au patrimoine mondial de l&rsquo;Unesco, ont \u00e9t\u00e9 tu\u00e9s par des hommes arm\u00e9s en Ituri dans le nord-est de la R\u00e9publique du Congo, a-t-on appris vendredi aupr\u00e8s de l&rsquo;Institut congolais de la Conservation de la Nature (ICCN).<\/p>\n\n\n\n<p class=\"wp-block-paragraph\">\u00ab\u00a0<em>Dans l&rsquo;attaque surprise de jeudi de la R\u00e9serve de faune \u00e0 okapis (RFO), deux \u00e9co-gardes (rangers) ont \u00e9t\u00e9 tu\u00e9s par des Ma\u00ef-Ma\u00ef (milices communautaires d&rsquo;autod\u00e9fense) pour des raisons qu&rsquo;on ignore jusqu&rsquo;\u00e0 pr\u00e9sent<\/em>\u00ab\u00a0, a d\u00e9clar\u00e9 le directeur g\u00e9n\u00e9ral de l&rsquo;ICCN, qui a la tutelle sur cette zone prot\u00e9g\u00e9e, Cosma Wilungula, \u00e0 l&rsquo;AFP.<\/p>\n\n\n\n<blockquote class=\"wp-block-quote is-layout-flow wp-block-quote-is-layout-flow\"><p>Des traces de sang sont visibles<\/p><\/blockquote>\n\n\n\n<p class=\"wp-block-paragraph\">\u00ab\u00a0<em>L&rsquo;arm\u00e9e qui \u00e9tait dans les environs est venue \u00e0 la rescousse des \u00e9co-gardes. Ensemble, ils ont chass\u00e9 les assaillants<\/em>\u00ab\u00a0, a ajout\u00e9 M. Wilungula. Les rangers sont g\u00e9n\u00e9ralement arm\u00e9s en RDC.<\/p>\n\n\n\n<p class=\"wp-block-paragraph\">\u00ab\u00a0<em>Du c\u00f4t\u00e9 des assaillants, (il n&rsquo;y a) pas de pr\u00e9cisions sur le nombre de morts, mais ils doivent avoir transport\u00e9 des corps parce que des traces de sang sont visibles<\/em>\u00ab\u00a0, a expliqu\u00e9 \u00e0 l&rsquo;AFP Muyisa Muzaliwa, charg\u00e9 de la communication \u00e0 la r\u00e9serve.<\/p>\n\n\n\n<h3 class=\"wp-block-heading\">La r\u00e9serve est souvent attaqu\u00e9e<\/h3>\n\n\n\n<p class=\"wp-block-paragraph\">L&rsquo;okapi, appel\u00e9 aussi girafe de for\u00eat, est un mammif\u00e8re qui ne vit que dans cette r\u00e9gion de la RDC. En voie de disparition, il appartient \u00e0 une esp\u00e8ce de mammif\u00e8res ruminants de la m\u00eame famille que la girafe, avec des rayures de z\u00e9bres.<\/p>\n\n\n\n<p class=\"wp-block-paragraph\">Inscrite au patrimoine mondiale de l&rsquo;Unesco, la R\u00e9serve de faune \u00e0 okapis couvre une superficie de 13.726 km2 sur le territoire de Mambassa dans la province de l&rsquo;Ituri (nord-est). Elle abrite un sixi\u00e8me de la population d&rsquo;okapis (environ 5.000 sur les 30.000 vivant \u00e0 l&rsquo;\u00e9tat sauvage), ainsi que de nombreuses esp\u00e8ces end\u00e9miques et menac\u00e9es.<\/p>\n\n\n\n<p class=\"wp-block-paragraph\">La RFO est la cible de fr\u00e9quentes attaques des miliciens actifs dans la r\u00e9gion depuis plusieurs ann\u00e9es. En 2017, une dizaine d&rsquo;\u00e9co-gardes avaient \u00e9t\u00e9 tu\u00e9s lors d&rsquo;une attaque d&rsquo;hommes arm\u00e9s contre des postes de s\u00e9curit\u00e9 de la r\u00e9serve.<\/p>\n\n\n\n<p class=\"wp-block-paragraph\">Ma\u00ef-Ma\u00ef est un terme g\u00e9n\u00e9rique qui d\u00e9signe des milices communautaires dont les actions vont de la d\u00e9fense des int\u00e9r\u00eats d&rsquo;un groupe \u00e0 la grande criminalit\u00e9.<\/p>\n\n\n\n<p class=\"wp-block-paragraph\">Les zones prot\u00e9g\u00e9es couvrent 17% de la superficie du territoire national de la RDC, deuxi\u00e8me pays le plus grand d&rsquo;Afrique juste derri\u00e8re l&rsquo;Alg\u00e9rie (2,345 millions de km2).<\/p>\n\n\n\n<p class=\"wp-block-paragraph\"><strong>RTBF<\/strong><\/p>\n","protected":false,"gt_translate_keys":[{"key":"rendered","format":"html"}]},"excerpt":{"rendered":"<p>Deux gardes d&rsquo;une r\u00e9serve naturelle d&rsquo;okapis, class\u00e9e au patrimoine mondial de l&rsquo;Unesco, ont \u00e9t\u00e9 tu\u00e9s par des hommes arm\u00e9s en Ituri dans le nord-est de la R\u00e9publique du Congo, a-t-on appris vendredi aupr\u00e8s de l&rsquo;Institut congolais de la Conservation de la Nature (ICCN). \u00ab\u00a0Dans l&rsquo;attaque surprise de jeudi de la R\u00e9serve de faune \u00e0 okapis (RFO), deux \u00e9co-gardes (rangers) ont \u00e9t\u00e9 tu\u00e9s par des Ma\u00ef-Ma\u00ef (milices communautaires d&rsquo;autod\u00e9fense) pour des raisons qu&rsquo;on ignore jusqu&rsquo;\u00e0 pr\u00e9sent\u00ab\u00a0, a d\u00e9clar\u00e9 le directeur g\u00e9n\u00e9ral de l&rsquo;ICCN, qui a la tutelle sur cette zone prot\u00e9g\u00e9e,&hellip;<\/p>\n","protected":false,"gt_translate_keys":[{"key":"rendered","format":"html"}]},"author":1,"featured_media":3307,"comment_status":"open","ping_status":"open","sticky":false,"template":"","format":"standard","meta":{"_crdt_document":"","footnotes":""},"categories":[22,2539],"tags":[2615,2616],"class_list":["post-3306","post","type-post","status-publish","format-standard","has-post-thumbnail","hentry","category-climat","category-environnement","tag-epulu","tag-reserve-dokapi"],"gutentor_comment":0,"yoast_head":"<!-- This site is optimized with the Yoast SEO plugin v27.5 - https:\/\/yoast.com\/product\/yoast-seo-wordpress\/ -->\n<title>RDC: une r\u00e9serve d&#039;okapis attaqu\u00e9e, deux gardes tu\u00e9s - Actualit\u00e9s congolaises et internationales<\/title>\n<meta name=\"robots\" content=\"index, follow, max-snippet:-1, max-image-preview:large, max-video-preview:-1\" \/>\n<link rel=\"canonical\" href=\"https:\/\/congovirtuel.com\/information\/rdc-une-reserve-dokapis-attaquee-deux-gardes-tues\/\" \/>\n<meta property=\"og:locale\" content=\"fr_FR\" \/>\n<meta property=\"og:type\" content=\"article\" \/>\n<meta property=\"og:title\" content=\"RDC: une r\u00e9serve d&#039;okapis attaqu\u00e9e, deux gardes tu\u00e9s - Actualit\u00e9s congolaises et internationales\" \/>\n<meta property=\"og:description\" content=\"Deux gardes d&rsquo;une r\u00e9serve naturelle d&rsquo;okapis, class\u00e9e au patrimoine mondial de l&rsquo;Unesco, ont \u00e9t\u00e9 tu\u00e9s par des hommes arm\u00e9s en Ituri dans le nord-est de la R\u00e9publique du Congo, a-t-on appris vendredi aupr\u00e8s de l&rsquo;Institut congolais de la Conservation de la Nature (ICCN). \u00ab\u00a0Dans l&rsquo;attaque surprise de jeudi de la R\u00e9serve de faune \u00e0 okapis (RFO), deux \u00e9co-gardes (rangers) ont \u00e9t\u00e9 tu\u00e9s par des Ma\u00ef-Ma\u00ef (milices communautaires d&rsquo;autod\u00e9fense) pour des raisons qu&rsquo;on ignore jusqu&rsquo;\u00e0 pr\u00e9sent\u00ab\u00a0, a d\u00e9clar\u00e9 le directeur g\u00e9n\u00e9ral de l&rsquo;ICCN, qui a la tutelle sur cette zone prot\u00e9g\u00e9e,&hellip;\" \/>\n<meta property=\"og:url\" content=\"https:\/\/congovirtuel.com\/information\/rdc-une-reserve-dokapis-attaquee-deux-gardes-tues\/\" \/>\n<meta property=\"og:site_name\" content=\"Actualit\u00e9s congolaises et internationales\" \/>\n<meta property=\"article:publisher\" content=\"https:\/\/web.facebook.com\/Congovirtuel-763617960319601\/?ref=aymt_homepage_panel&amp;amp%3bamp%3bamp%3bamp%3bamp%3bamp%3bamp%3bamp%3bamp%3bamp%3bamp%3beid=ARCoxULa66767kIgF_KYav6VdjXTI4yk_LW4yoVO9s6NXpysgb7Cb65vpxcxgqzOAKvIbLQxaAETcqHT\" \/>\n<meta property=\"article:published_time\" content=\"2020-09-18T17:26:54+00:00\" \/>\n<meta property=\"article:modified_time\" content=\"2020-09-18T17:27:06+00:00\" \/>\n<meta property=\"og:image\" content=\"https:\/\/congovirtuel.com\/information\/wp-content\/uploads\/2020\/09\/reserve_okapi.jpg\" \/>\n\t<meta property=\"og:image:width\" content=\"1248\" \/>\n\t<meta property=\"og:image:height\" content=\"701\" \/>\n\t<meta property=\"og:image:type\" content=\"image\/jpeg\" \/>\n<meta name=\"author\" content=\"infocongovirtuel\" \/>\n<meta name=\"twitter:card\" content=\"summary_large_image\" \/>\n<meta name=\"twitter:creator\" content=\"@congovirtuel\" \/>\n<meta name=\"twitter:site\" content=\"@congovirtuel\" \/>\n<meta name=\"twitter:label1\" content=\"\u00c9crit par\" \/>\n\t<meta name=\"twitter:data1\" content=\"infocongovirtuel\" \/>\n\t<meta name=\"twitter:label2\" content=\"Dur\u00e9e de lecture estim\u00e9e\" \/>\n\t<meta name=\"twitter:data2\" content=\"2 minutes\" \/>\n<script type=\"application\/ld+json\" class=\"yoast-schema-graph\">{\"@context\":\"https:\\\/\\\/schema.org\",\"@graph\":[{\"@type\":\"Article\",\"@id\":\"https:\\\/\\\/congovirtuel.com\\\/information\\\/rdc-une-reserve-dokapis-attaquee-deux-gardes-tues\\\/#article\",\"isPartOf\":{\"@id\":\"https:\\\/\\\/congovirtuel.com\\\/information\\\/rdc-une-reserve-dokapis-attaquee-deux-gardes-tues\\\/\"},\"author\":{\"name\":\"infocongovirtuel\",\"@id\":\"https:\\\/\\\/congovirtuel.com\\\/information\\\/#\\\/schema\\\/person\\\/739a44bf7990966cb53d58d2fdeca0b6\"},\"headline\":\"RDC: une r\u00e9serve d&rsquo;okapis attaqu\u00e9e, deux gardes tu\u00e9s\",\"datePublished\":\"2020-09-18T17:26:54+00:00\",\"dateModified\":\"2020-09-18T17:27:06+00:00\",\"mainEntityOfPage\":{\"@id\":\"https:\\\/\\\/congovirtuel.com\\\/information\\\/rdc-une-reserve-dokapis-attaquee-deux-gardes-tues\\\/\"},\"wordCount\":442,\"commentCount\":0,\"publisher\":{\"@id\":\"https:\\\/\\\/congovirtuel.com\\\/information\\\/#organization\"},\"image\":{\"@id\":\"https:\\\/\\\/congovirtuel.com\\\/information\\\/rdc-une-reserve-dokapis-attaquee-deux-gardes-tues\\\/#primaryimage\"},\"thumbnailUrl\":\"https:\\\/\\\/congovirtuel.com\\\/information\\\/wp-content\\\/uploads\\\/2020\\\/09\\\/reserve_okapi.jpg\",\"keywords\":[\"Epulu\",\"r\u00e9serve d&#039;okapi\"],\"articleSection\":[\"Climat\",\"Environnement\"],\"inLanguage\":\"fr-FR\",\"potentialAction\":[{\"@type\":\"CommentAction\",\"name\":\"Comment\",\"target\":[\"https:\\\/\\\/congovirtuel.com\\\/information\\\/rdc-une-reserve-dokapis-attaquee-deux-gardes-tues\\\/#respond\"]}]},{\"@type\":\"WebPage\",\"@id\":\"https:\\\/\\\/congovirtuel.com\\\/information\\\/rdc-une-reserve-dokapis-attaquee-deux-gardes-tues\\\/\",\"url\":\"https:\\\/\\\/congovirtuel.com\\\/information\\\/rdc-une-reserve-dokapis-attaquee-deux-gardes-tues\\\/\",\"name\":\"RDC: une r\u00e9serve d'okapis attaqu\u00e9e, deux gardes tu\u00e9s - Actualit\u00e9s congolaises et internationales\",\"isPartOf\":{\"@id\":\"https:\\\/\\\/congovirtuel.com\\\/information\\\/#website\"},\"primaryImageOfPage\":{\"@id\":\"https:\\\/\\\/congovirtuel.com\\\/information\\\/rdc-une-reserve-dokapis-attaquee-deux-gardes-tues\\\/#primaryimage\"},\"image\":{\"@id\":\"https:\\\/\\\/congovirtuel.com\\\/information\\\/rdc-une-reserve-dokapis-attaquee-deux-gardes-tues\\\/#primaryimage\"},\"thumbnailUrl\":\"https:\\\/\\\/congovirtuel.com\\\/information\\\/wp-content\\\/uploads\\\/2020\\\/09\\\/reserve_okapi.jpg\",\"datePublished\":\"2020-09-18T17:26:54+00:00\",\"dateModified\":\"2020-09-18T17:27:06+00:00\",\"breadcrumb\":{\"@id\":\"https:\\\/\\\/congovirtuel.com\\\/information\\\/rdc-une-reserve-dokapis-attaquee-deux-gardes-tues\\\/#breadcrumb\"},\"inLanguage\":\"fr-FR\",\"potentialAction\":[{\"@type\":\"ReadAction\",\"target\":[\"https:\\\/\\\/congovirtuel.com\\\/information\\\/rdc-une-reserve-dokapis-attaquee-deux-gardes-tues\\\/\"]}]},{\"@type\":\"ImageObject\",\"inLanguage\":\"fr-FR\",\"@id\":\"https:\\\/\\\/congovirtuel.com\\\/information\\\/rdc-une-reserve-dokapis-attaquee-deux-gardes-tues\\\/#primaryimage\",\"url\":\"https:\\\/\\\/congovirtuel.com\\\/information\\\/wp-content\\\/uploads\\\/2020\\\/09\\\/reserve_okapi.jpg\",\"contentUrl\":\"https:\\\/\\\/congovirtuel.com\\\/information\\\/wp-content\\\/uploads\\\/2020\\\/09\\\/reserve_okapi.jpg\",\"width\":1248,\"height\":701,\"caption\":\"r\u00e9serve_okapi\"},{\"@type\":\"BreadcrumbList\",\"@id\":\"https:\\\/\\\/congovirtuel.com\\\/information\\\/rdc-une-reserve-dokapis-attaquee-deux-gardes-tues\\\/#breadcrumb\",\"itemListElement\":[{\"@type\":\"ListItem\",\"position\":1,\"name\":\"Accueil\",\"item\":\"https:\\\/\\\/congovirtuel.com\\\/information\\\/\"},{\"@type\":\"ListItem\",\"position\":2,\"name\":\"RDC: une r\u00e9serve d&rsquo;okapis attaqu\u00e9e, deux gardes tu\u00e9s\"}]},{\"@type\":\"WebSite\",\"@id\":\"https:\\\/\\\/congovirtuel.com\\\/information\\\/#website\",\"url\":\"https:\\\/\\\/congovirtuel.com\\\/information\\\/\",\"name\":\"Actualit\u00e9s congolaises et internationales\",\"description\":\"site d&#039;analyse et de traitement d&#039;information\",\"publisher\":{\"@id\":\"https:\\\/\\\/congovirtuel.com\\\/information\\\/#organization\"},\"potentialAction\":[{\"@type\":\"SearchAction\",\"target\":{\"@type\":\"EntryPoint\",\"urlTemplate\":\"https:\\\/\\\/congovirtuel.com\\\/information\\\/?s={search_term_string}\"},\"query-input\":{\"@type\":\"PropertyValueSpecification\",\"valueRequired\":true,\"valueName\":\"search_term_string\"}}],\"inLanguage\":\"fr-FR\"},{\"@type\":\"Organization\",\"@id\":\"https:\\\/\\\/congovirtuel.com\\\/information\\\/#organization\",\"name\":\"Biblioth\u00e8que Virtuelle de la RDC\",\"url\":\"https:\\\/\\\/congovirtuel.com\\\/information\\\/\",\"logo\":{\"@type\":\"ImageObject\",\"inLanguage\":\"fr-FR\",\"@id\":\"https:\\\/\\\/congovirtuel.com\\\/information\\\/#\\\/schema\\\/logo\\\/image\\\/\",\"url\":\"https:\\\/\\\/congovirtuel.com\\\/information\\\/wp-content\\\/uploads\\\/2018\\\/10\\\/header-info-congovirtuel-vraie.jpg\",\"contentUrl\":\"https:\\\/\\\/congovirtuel.com\\\/information\\\/wp-content\\\/uploads\\\/2018\\\/10\\\/header-info-congovirtuel-vraie.jpg\",\"width\":728,\"height\":90,\"caption\":\"Biblioth\u00e8que Virtuelle de la RDC\"},\"image\":{\"@id\":\"https:\\\/\\\/congovirtuel.com\\\/information\\\/#\\\/schema\\\/logo\\\/image\\\/\"},\"sameAs\":[\"https:\\\/\\\/web.facebook.com\\\/Congovirtuel-763617960319601\\\/?ref=aymt_homepage_panel&amp;amp;amp;amp;amp;amp;amp;amp;amp;amp;amp;eid=ARCoxULa66767kIgF_KYav6VdjXTI4yk_LW4yoVO9s6NXpysgb7Cb65vpxcxgqzOAKvIbLQxaAETcqHT\",\"https:\\\/\\\/x.com\\\/congovirtuel\",\"https:\\\/\\\/www.youtube.com\\\/channel\\\/UCkFfprYzGgS3EWNpeMXpToQ?view_as=subscriber\"]},{\"@type\":\"Person\",\"@id\":\"https:\\\/\\\/congovirtuel.com\\\/information\\\/#\\\/schema\\\/person\\\/739a44bf7990966cb53d58d2fdeca0b6\",\"name\":\"infocongovirtuel\",\"image\":{\"@type\":\"ImageObject\",\"inLanguage\":\"fr-FR\",\"@id\":\"https:\\\/\\\/secure.gravatar.com\\\/avatar\\\/4d76991aa72469f0eb22e772586c99113c6997f88da636a9db8f2ce3a2c05e69?s=96&d=mm&r=g\",\"url\":\"https:\\\/\\\/secure.gravatar.com\\\/avatar\\\/4d76991aa72469f0eb22e772586c99113c6997f88da636a9db8f2ce3a2c05e69?s=96&d=mm&r=g\",\"contentUrl\":\"https:\\\/\\\/secure.gravatar.com\\\/avatar\\\/4d76991aa72469f0eb22e772586c99113c6997f88da636a9db8f2ce3a2c05e69?s=96&d=mm&r=g\",\"caption\":\"infocongovirtuel\"},\"url\":\"https:\\\/\\\/congovirtuel.com\\\/information\\\/author\\\/infocongovirtuel\\\/\"}]}<\/script>\n<!-- \/ Yoast SEO plugin. -->","yoast_head_json":{"title":"RDC: une r\u00e9serve d'okapis attaqu\u00e9e, deux gardes tu\u00e9s - Actualit\u00e9s congolaises et internationales","robots":{"index":"index","follow":"follow","max-snippet":"max-snippet:-1","max-image-preview":"max-image-preview:large","max-video-preview":"max-video-preview:-1"},"canonical":"https:\/\/congovirtuel.com\/information\/rdc-une-reserve-dokapis-attaquee-deux-gardes-tues\/","og_locale":"fr_FR","og_type":"article","og_title":"RDC: une r\u00e9serve d'okapis attaqu\u00e9e, deux gardes tu\u00e9s - Actualit\u00e9s congolaises et internationales","og_description":"Deux gardes d&rsquo;une r\u00e9serve naturelle d&rsquo;okapis, class\u00e9e au patrimoine mondial de l&rsquo;Unesco, ont \u00e9t\u00e9 tu\u00e9s par des hommes arm\u00e9s en Ituri dans le nord-est de la R\u00e9publique du Congo, a-t-on appris vendredi aupr\u00e8s de l&rsquo;Institut congolais de la Conservation de la Nature (ICCN). \u00ab\u00a0Dans l&rsquo;attaque surprise de jeudi de la R\u00e9serve de faune \u00e0 okapis (RFO), deux \u00e9co-gardes (rangers) ont \u00e9t\u00e9 tu\u00e9s par des Ma\u00ef-Ma\u00ef (milices communautaires d&rsquo;autod\u00e9fense) pour des raisons qu&rsquo;on ignore jusqu&rsquo;\u00e0 pr\u00e9sent\u00ab\u00a0, a d\u00e9clar\u00e9 le directeur g\u00e9n\u00e9ral de l&rsquo;ICCN, qui a la tutelle sur cette zone prot\u00e9g\u00e9e,&hellip;","og_url":"https:\/\/congovirtuel.com\/information\/rdc-une-reserve-dokapis-attaquee-deux-gardes-tues\/","og_site_name":"Actualit\u00e9s congolaises et internationales","article_publisher":"https:\/\/web.facebook.com\/Congovirtuel-763617960319601\/?ref=aymt_homepage_panel&amp%3bamp%3bamp%3bamp%3bamp%3bamp%3bamp%3bamp%3bamp%3bamp%3bamp%3beid=ARCoxULa66767kIgF_KYav6VdjXTI4yk_LW4yoVO9s6NXpysgb7Cb65vpxcxgqzOAKvIbLQxaAETcqHT","article_published_time":"2020-09-18T17:26:54+00:00","article_modified_time":"2020-09-18T17:27:06+00:00","og_image":[{"width":1248,"height":701,"url":"https:\/\/congovirtuel.com\/information\/wp-content\/uploads\/2020\/09\/reserve_okapi.jpg","type":"image\/jpeg"}],"author":"infocongovirtuel","twitter_card":"summary_large_image","twitter_creator":"@congovirtuel","twitter_site":"@congovirtuel","twitter_misc":{"\u00c9crit par":"infocongovirtuel","Dur\u00e9e de lecture estim\u00e9e":"2 minutes"},"schema":{"@context":"https:\/\/schema.org","@graph":[{"@type":"Article","@id":"https:\/\/congovirtuel.com\/information\/rdc-une-reserve-dokapis-attaquee-deux-gardes-tues\/#article","isPartOf":{"@id":"https:\/\/congovirtuel.com\/information\/rdc-une-reserve-dokapis-attaquee-deux-gardes-tues\/"},"author":{"name":"infocongovirtuel","@id":"https:\/\/congovirtuel.com\/information\/#\/schema\/person\/739a44bf7990966cb53d58d2fdeca0b6"},"headline":"RDC: une r\u00e9serve d&rsquo;okapis attaqu\u00e9e, deux gardes tu\u00e9s","datePublished":"2020-09-18T17:26:54+00:00","dateModified":"2020-09-18T17:27:06+00:00","mainEntityOfPage":{"@id":"https:\/\/congovirtuel.com\/information\/rdc-une-reserve-dokapis-attaquee-deux-gardes-tues\/"},"wordCount":442,"commentCount":0,"publisher":{"@id":"https:\/\/congovirtuel.com\/information\/#organization"},"image":{"@id":"https:\/\/congovirtuel.com\/information\/rdc-une-reserve-dokapis-attaquee-deux-gardes-tues\/#primaryimage"},"thumbnailUrl":"https:\/\/congovirtuel.com\/information\/wp-content\/uploads\/2020\/09\/reserve_okapi.jpg","keywords":["Epulu","r\u00e9serve d&#039;okapi"],"articleSection":["Climat","Environnement"],"inLanguage":"fr-FR","potentialAction":[{"@type":"CommentAction","name":"Comment","target":["https:\/\/congovirtuel.com\/information\/rdc-une-reserve-dokapis-attaquee-deux-gardes-tues\/#respond"]}]},{"@type":"WebPage","@id":"https:\/\/congovirtuel.com\/information\/rdc-une-reserve-dokapis-attaquee-deux-gardes-tues\/","url":"https:\/\/congovirtuel.com\/information\/rdc-une-reserve-dokapis-attaquee-deux-gardes-tues\/","name":"RDC: une r\u00e9serve d'okapis attaqu\u00e9e, deux gardes tu\u00e9s - Actualit\u00e9s congolaises et internationales","isPartOf":{"@id":"https:\/\/congovirtuel.com\/information\/#website"},"primaryImageOfPage":{"@id":"https:\/\/congovirtuel.com\/information\/rdc-une-reserve-dokapis-attaquee-deux-gardes-tues\/#primaryimage"},"image":{"@id":"https:\/\/congovirtuel.com\/information\/rdc-une-reserve-dokapis-attaquee-deux-gardes-tues\/#primaryimage"},"thumbnailUrl":"https:\/\/congovirtuel.com\/information\/wp-content\/uploads\/2020\/09\/reserve_okapi.jpg","datePublished":"2020-09-18T17:26:54+00:00","dateModified":"2020-09-18T17:27:06+00:00","breadcrumb":{"@id":"https:\/\/congovirtuel.com\/information\/rdc-une-reserve-dokapis-attaquee-deux-gardes-tues\/#breadcrumb"},"inLanguage":"fr-FR","potentialAction":[{"@type":"ReadAction","target":["https:\/\/congovirtuel.com\/information\/rdc-une-reserve-dokapis-attaquee-deux-gardes-tues\/"]}]},{"@type":"ImageObject","inLanguage":"fr-FR","@id":"https:\/\/congovirtuel.com\/information\/rdc-une-reserve-dokapis-attaquee-deux-gardes-tues\/#primaryimage","url":"https:\/\/congovirtuel.com\/information\/wp-content\/uploads\/2020\/09\/reserve_okapi.jpg","contentUrl":"https:\/\/congovirtuel.com\/information\/wp-content\/uploads\/2020\/09\/reserve_okapi.jpg","width":1248,"height":701,"caption":"r\u00e9serve_okapi"},{"@type":"BreadcrumbList","@id":"https:\/\/congovirtuel.com\/information\/rdc-une-reserve-dokapis-attaquee-deux-gardes-tues\/#breadcrumb","itemListElement":[{"@type":"ListItem","position":1,"name":"Accueil","item":"https:\/\/congovirtuel.com\/information\/"},{"@type":"ListItem","position":2,"name":"RDC: une r\u00e9serve d&rsquo;okapis attaqu\u00e9e, deux gardes tu\u00e9s"}]},{"@type":"WebSite","@id":"https:\/\/congovirtuel.com\/information\/#website","url":"https:\/\/congovirtuel.com\/information\/","name":"Actualit\u00e9s congolaises et internationales","description":"site d&#039;analyse et de traitement d&#039;information","publisher":{"@id":"https:\/\/congovirtuel.com\/information\/#organization"},"potentialAction":[{"@type":"SearchAction","target":{"@type":"EntryPoint","urlTemplate":"https:\/\/congovirtuel.com\/information\/?s={search_term_string}"},"query-input":{"@type":"PropertyValueSpecification","valueRequired":true,"valueName":"search_term_string"}}],"inLanguage":"fr-FR"},{"@type":"Organization","@id":"https:\/\/congovirtuel.com\/information\/#organization","name":"Biblioth\u00e8que Virtuelle de la RDC","url":"https:\/\/congovirtuel.com\/information\/","logo":{"@type":"ImageObject","inLanguage":"fr-FR","@id":"https:\/\/congovirtuel.com\/information\/#\/schema\/logo\/image\/","url":"https:\/\/congovirtuel.com\/information\/wp-content\/uploads\/2018\/10\/header-info-congovirtuel-vraie.jpg","contentUrl":"https:\/\/congovirtuel.com\/information\/wp-content\/uploads\/2018\/10\/header-info-congovirtuel-vraie.jpg","width":728,"height":90,"caption":"Biblioth\u00e8que Virtuelle de la RDC"},"image":{"@id":"https:\/\/congovirtuel.com\/information\/#\/schema\/logo\/image\/"},"sameAs":["https:\/\/web.facebook.com\/Congovirtuel-763617960319601\/?ref=aymt_homepage_panel&amp;amp;amp;amp;amp;amp;amp;amp;amp;amp;amp;eid=ARCoxULa66767kIgF_KYav6VdjXTI4yk_LW4yoVO9s6NXpysgb7Cb65vpxcxgqzOAKvIbLQxaAETcqHT","https:\/\/x.com\/congovirtuel","https:\/\/www.youtube.com\/channel\/UCkFfprYzGgS3EWNpeMXpToQ?view_as=subscriber"]},{"@type":"Person","@id":"https:\/\/congovirtuel.com\/information\/#\/schema\/person\/739a44bf7990966cb53d58d2fdeca0b6","name":"infocongovirtuel","image":{"@type":"ImageObject","inLanguage":"fr-FR","@id":"https:\/\/secure.gravatar.com\/avatar\/4d76991aa72469f0eb22e772586c99113c6997f88da636a9db8f2ce3a2c05e69?s=96&d=mm&r=g","url":"https:\/\/secure.gravatar.com\/avatar\/4d76991aa72469f0eb22e772586c99113c6997f88da636a9db8f2ce3a2c05e69?s=96&d=mm&r=g","contentUrl":"https:\/\/secure.gravatar.com\/avatar\/4d76991aa72469f0eb22e772586c99113c6997f88da636a9db8f2ce3a2c05e69?s=96&d=mm&r=g","caption":"infocongovirtuel"},"url":"https:\/\/congovirtuel.com\/information\/author\/infocongovirtuel\/"}]}},"gt_translate_keys":[{"key":"link","format":"url"}],"_links":{"self":[{"href":"https:\/\/congovirtuel.com\/information\/wp-json\/wp\/v2\/posts\/3306","targetHints":{"allow":["GET"]}}],"collection":[{"href":"https:\/\/congovirtuel.com\/information\/wp-json\/wp\/v2\/posts"}],"about":[{"href":"https:\/\/congovirtuel.com\/information\/wp-json\/wp\/v2\/types\/post"}],"author":[{"embeddable":true,"href":"https:\/\/congovirtuel.com\/information\/wp-json\/wp\/v2\/users\/1"}],"replies":[{"embeddable":true,"href":"https:\/\/congovirtuel.com\/information\/wp-json\/wp\/v2\/comments?post=3306"}],"version-history":[{"count":1,"href":"https:\/\/congovirtuel.com\/information\/wp-json\/wp\/v2\/posts\/3306\/revisions"}],"predecessor-version":[{"id":3308,"href":"https:\/\/congovirtuel.com\/information\/wp-json\/wp\/v2\/posts\/3306\/revisions\/3308"}],"wp:featuredmedia":[{"embeddable":true,"href":"https:\/\/congovirtuel.com\/information\/wp-json\/wp\/v2\/media\/3307"}],"wp:attachment":[{"href":"https:\/\/congovirtuel.com\/information\/wp-json\/wp\/v2\/media?parent=3306"}],"wp:term":[{"taxonomy":"category","embeddable":true,"href":"https:\/\/congovirtuel.com\/information\/wp-json\/wp\/v2\/categories?post=3306"},{"taxonomy":"post_tag","embeddable":true,"href":"https:\/\/congovirtuel.com\/information\/wp-json\/wp\/v2\/tags?post=3306"}],"curies":[{"name":"wp","href":"https:\/\/api.w.org\/{rel}","templated":true}]}}