{"id":337,"date":"2019-10-24T18:49:19","date_gmt":"2019-10-24T17:49:19","guid":{"rendered":"https:\/\/congovirtuel.com\/information\/?p=337"},"modified":"2019-10-24T18:49:21","modified_gmt":"2019-10-24T17:49:21","slug":"aucun-obstacle-au-retour-de-kabila-comme-president-en-2023-partisans","status":"publish","type":"post","link":"https:\/\/congovirtuel.com\/information\/aucun-obstacle-au-retour-de-kabila-comme-president-en-2023-partisans\/","title":{"rendered":"\u00ab\u00a0Aucun obstacle\u00a0\u00bb au retour de Kabila comme pr\u00e9sident en 2023 (partisans)","gt_translate_keys":[{"key":"rendered","format":"text"}]},"content":{"rendered":"\n<p class=\"wp-block-paragraph\">Les partisans de l&rsquo;ancien pr\u00e9sident congolais Joseph Kabila ont d\u00e9clar\u00e9 jeudi qu&rsquo;aucune disposition constitutionnelle ne l&#8217;emp\u00eachait de revenir \u00e0 la t\u00eate de la R\u00e9publique d\u00e9mocratique du Congo \u00e0 l&rsquo;expiration du mandat du pr\u00e9sident F\u00e9lix Tshisekedi en 2023.<\/p>\n\n\n\n<p class=\"wp-block-paragraph\">\u00ab\u00a0Ce qui est s\u00fbr c&rsquo;est qu&rsquo;aujourd&rsquo;hui, aucun obstacle constitutionnel ou institutionnel voire politique n&#8217;emp\u00eacherait le retour [de l&rsquo;ancien] pr\u00e9sident Kabila et surtout ne pourrait emp\u00eacher qu&rsquo;il soit candidat\u00a0\u00bb \u00e0 la pr\u00e9sidentielle, a d\u00e9clar\u00e9 \u00e0 la presse N\u00e9h\u00e9mie Mwilanya, coordonnateur du Front commun pour le Congo (FCC)<\/p>\n\n\n\n<script async src=\"\/\/pagead2.googlesyndication.com\/pagead\/js\/adsbygoogle.js\"><\/script>\n<!-- code responsive -->\n<ins class=\"adsbygoogle\"\n     style=\"display:block\"\n     data-ad-client=\"ca-pub-2119363214666215\"\n     data-ad-slot=\"1973679082\"\n     data-ad-format=\"auto\"><\/ins>\n<script>\n(adsbygoogle = window.adsbygoogle || []).push({});\n<\/script>\n\n\n\n<p class=\"wp-block-paragraph\">Le FCC est la plateforme politique cr\u00e9\u00e9e par M. Kabila avant de quitter le pouvoir.<\/p>\n\n\n\n<p class=\"wp-block-paragraph\">\u00ab\u00a0Au moment opportun, le bureau politique et les instances habilit\u00e9es vont se prononcer sur la question. Pour le moment, il va assumer son r\u00f4le de s\u00e9nateur \u00e0 vie. Il occupera son si\u00e8ge au S\u00e9nat\u00a0\u00bb, a ajout\u00e9 cet ancien directeur de cabinet de M. Kabila.<\/p>\n\n\n\n<p class=\"wp-block-paragraph\">Cette d\u00e9claration a \u00e9t\u00e9 faite \u00e0 l&rsquo;issue d&rsquo;une r\u00e9union d&rsquo;\u00e9valuation du Parti du peuple pour la reconstruction et la d\u00e9mocratie (PPRD) tenue \u00e0 Lubumbashi (Haut-Katanga, sud-est), fief de M. Kabila.<\/p>\n\n\n\n<p class=\"wp-block-paragraph\">La veille, le PPRD avait annonc\u00e9 \u00ab\u00a0la fin des vacances\u00a0\u00bb pour l&rsquo;ex-pr\u00e9sident Kabila, lui proposant les fonctions de pr\u00e9sident national du parti, un poste qui n&rsquo;existait pas auparavant.<\/p>\n\n\n\n<p class=\"wp-block-paragraph\">Joseph Kabila est s\u00e9nateur \u00e0 vie, selon la loi sur le statut des anciens chefs de l&rsquo;\u00c9tat, vot\u00e9e en juillet 2018, et qui ne concerne pour l&rsquo;instant que lui-m\u00eame.<\/p>\n\n\n\n<p class=\"wp-block-paragraph\">L&rsquo;ex-pr\u00e9sident congolais a acc\u00e9d\u00e9 au pouvoir en janvier 2001 apr\u00e8s l&rsquo;assassinat de son p\u00e8re, Laurent-D\u00e9sir\u00e9 Kabila. Il a \u00e9t\u00e9 \u00e9lu pr\u00e9sident de la RDC en 2006 puis r\u00e9\u00e9lu en 2011 pour un deuxi\u00e8me mandat de cinq ans.<\/p>\n\n\n\n<p class=\"wp-block-paragraph\">Son dauphin \u00e0 la pr\u00e9sidentielle de d\u00e9cembre 2018 \u00e9tait class\u00e9 troisi\u00e8me \u00e0 l&rsquo;issue du scrutin qui a proclam\u00e9 l&rsquo;ex-opposant F\u00e9lix Tshisekedi vainqueur.<\/p>\n\n\n\n<p class=\"wp-block-paragraph\">Le pr\u00e9sident Tshisekedi est en coalition avec le FCC de M. Kabila, majoritaire au parlement et dans les gouvernorats des provinces.<\/p>\n\n\n\n<p class=\"wp-block-paragraph\">\u00ab\u00a0Dans la vie comme en politique, je n&rsquo;exclus rien\u00a0\u00bb, a r\u00e9p\u00e9t\u00e9 M. Kabila \u00e0 plusieurs reprises avant de quitter le pouvoir en d\u00e9cembre 2018, laissant planer l&rsquo;hypoth\u00e8se d&rsquo;un possible retour en 2023, \u00e0 la fin du prochain quinquennat.<\/p>\n\n\n\n<p class=\"wp-block-paragraph\">La Constitution congolaise pr\u00e9voit que \u00ab\u00a0le pr\u00e9sident de la R\u00e9publique est \u00e9lu au suffrage universel direct pour un mandat de cinq ans renouvelable une seule fois\u00a0\u00bb.<\/p>\n","protected":false,"gt_translate_keys":[{"key":"rendered","format":"html"}]},"excerpt":{"rendered":"<p>Les partisans de l&rsquo;ancien pr\u00e9sident congolais Joseph Kabila ont d\u00e9clar\u00e9 jeudi qu&rsquo;aucune disposition constitutionnelle ne l&#8217;emp\u00eachait de revenir \u00e0 la t\u00eate de la R\u00e9publique d\u00e9mocratique du Congo \u00e0 l&rsquo;expiration du mandat du pr\u00e9sident F\u00e9lix Tshisekedi en 2023. \u00ab\u00a0Ce qui est s\u00fbr c&rsquo;est qu&rsquo;aujourd&rsquo;hui, aucun obstacle constitutionnel ou institutionnel voire politique n&#8217;emp\u00eacherait le retour [de l&rsquo;ancien] pr\u00e9sident Kabila et surtout ne pourrait emp\u00eacher qu&rsquo;il soit candidat\u00a0\u00bb \u00e0 la pr\u00e9sidentielle, a d\u00e9clar\u00e9 \u00e0 la presse N\u00e9h\u00e9mie Mwilanya, coordonnateur du Front commun pour le Congo (FCC) Le FCC est la plateforme politique cr\u00e9\u00e9e&hellip;<\/p>\n","protected":false,"gt_translate_keys":[{"key":"rendered","format":"html"}]},"author":1,"featured_media":338,"comment_status":"open","ping_status":"open","sticky":false,"template":"","format":"standard","meta":{"_crdt_document":"","footnotes":""},"categories":[2],"tags":[],"class_list":["post-337","post","type-post","status-publish","format-standard","has-post-thumbnail","hentry","category-politique"],"gutentor_comment":0,"yoast_head":"<!-- This site is optimized with the Yoast SEO plugin v27.5 - https:\/\/yoast.com\/product\/yoast-seo-wordpress\/ -->\n<title>&quot;Aucun obstacle&quot; au retour de Kabila comme pr\u00e9sident en 2023 (partisans) - Actualit\u00e9s congolaises et internationales<\/title>\n<meta name=\"robots\" content=\"index, follow, max-snippet:-1, max-image-preview:large, max-video-preview:-1\" \/>\n<link rel=\"canonical\" href=\"https:\/\/congovirtuel.com\/information\/aucun-obstacle-au-retour-de-kabila-comme-president-en-2023-partisans\/\" \/>\n<meta property=\"og:locale\" content=\"fr_FR\" \/>\n<meta property=\"og:type\" content=\"article\" \/>\n<meta property=\"og:title\" content=\"&quot;Aucun obstacle&quot; au retour de Kabila comme pr\u00e9sident en 2023 (partisans) - Actualit\u00e9s congolaises et internationales\" \/>\n<meta property=\"og:description\" content=\"Les partisans de l&rsquo;ancien pr\u00e9sident congolais Joseph Kabila ont d\u00e9clar\u00e9 jeudi qu&rsquo;aucune disposition constitutionnelle ne l&#8217;emp\u00eachait de revenir \u00e0 la t\u00eate de la R\u00e9publique d\u00e9mocratique du Congo \u00e0 l&rsquo;expiration du mandat du pr\u00e9sident F\u00e9lix Tshisekedi en 2023. \u00ab\u00a0Ce qui est s\u00fbr c&rsquo;est qu&rsquo;aujourd&rsquo;hui, aucun obstacle constitutionnel ou institutionnel voire politique n&#8217;emp\u00eacherait le retour [de l&rsquo;ancien] pr\u00e9sident Kabila et surtout ne pourrait emp\u00eacher qu&rsquo;il soit candidat\u00a0\u00bb \u00e0 la pr\u00e9sidentielle, a d\u00e9clar\u00e9 \u00e0 la presse N\u00e9h\u00e9mie Mwilanya, coordonnateur du Front commun pour le Congo (FCC) Le FCC est la plateforme politique cr\u00e9\u00e9e&hellip;\" \/>\n<meta property=\"og:url\" content=\"https:\/\/congovirtuel.com\/information\/aucun-obstacle-au-retour-de-kabila-comme-president-en-2023-partisans\/\" \/>\n<meta property=\"og:site_name\" content=\"Actualit\u00e9s congolaises et internationales\" \/>\n<meta property=\"article:publisher\" content=\"https:\/\/web.facebook.com\/Congovirtuel-763617960319601\/?ref=aymt_homepage_panel&amp;amp%3bamp%3bamp%3bamp%3bamp%3bamp%3bamp%3bamp%3bamp%3bamp%3bamp%3beid=ARCoxULa66767kIgF_KYav6VdjXTI4yk_LW4yoVO9s6NXpysgb7Cb65vpxcxgqzOAKvIbLQxaAETcqHT\" \/>\n<meta property=\"article:published_time\" content=\"2019-10-24T17:49:19+00:00\" \/>\n<meta property=\"article:modified_time\" content=\"2019-10-24T17:49:21+00:00\" \/>\n<meta property=\"og:image\" content=\"https:\/\/congovirtuel.com\/information\/wp-content\/uploads\/2019\/10\/rais.jpg\" \/>\n\t<meta property=\"og:image:width\" content=\"1023\" \/>\n\t<meta property=\"og:image:height\" content=\"575\" \/>\n\t<meta property=\"og:image:type\" content=\"image\/jpeg\" \/>\n<meta name=\"author\" content=\"infocongovirtuel\" \/>\n<meta name=\"twitter:card\" content=\"summary_large_image\" \/>\n<meta name=\"twitter:creator\" content=\"@congovirtuel\" \/>\n<meta name=\"twitter:site\" content=\"@congovirtuel\" \/>\n<meta name=\"twitter:label1\" content=\"\u00c9crit par\" \/>\n\t<meta name=\"twitter:data1\" content=\"infocongovirtuel\" \/>\n\t<meta name=\"twitter:label2\" content=\"Dur\u00e9e de lecture estim\u00e9e\" \/>\n\t<meta name=\"twitter:data2\" content=\"2 minutes\" \/>\n<script type=\"application\/ld+json\" class=\"yoast-schema-graph\">{\"@context\":\"https:\\\/\\\/schema.org\",\"@graph\":[{\"@type\":\"Article\",\"@id\":\"https:\\\/\\\/congovirtuel.com\\\/information\\\/aucun-obstacle-au-retour-de-kabila-comme-president-en-2023-partisans\\\/#article\",\"isPartOf\":{\"@id\":\"https:\\\/\\\/congovirtuel.com\\\/information\\\/aucun-obstacle-au-retour-de-kabila-comme-president-en-2023-partisans\\\/\"},\"author\":{\"name\":\"infocongovirtuel\",\"@id\":\"https:\\\/\\\/congovirtuel.com\\\/information\\\/#\\\/schema\\\/person\\\/739a44bf7990966cb53d58d2fdeca0b6\"},\"headline\":\"\u00ab\u00a0Aucun obstacle\u00a0\u00bb au retour de Kabila comme pr\u00e9sident en 2023 (partisans)\",\"datePublished\":\"2019-10-24T17:49:19+00:00\",\"dateModified\":\"2019-10-24T17:49:21+00:00\",\"mainEntityOfPage\":{\"@id\":\"https:\\\/\\\/congovirtuel.com\\\/information\\\/aucun-obstacle-au-retour-de-kabila-comme-president-en-2023-partisans\\\/\"},\"wordCount\":438,\"commentCount\":0,\"publisher\":{\"@id\":\"https:\\\/\\\/congovirtuel.com\\\/information\\\/#organization\"},\"image\":{\"@id\":\"https:\\\/\\\/congovirtuel.com\\\/information\\\/aucun-obstacle-au-retour-de-kabila-comme-president-en-2023-partisans\\\/#primaryimage\"},\"thumbnailUrl\":\"https:\\\/\\\/congovirtuel.com\\\/information\\\/wp-content\\\/uploads\\\/2019\\\/10\\\/rais.jpg\",\"articleSection\":[\"Politique\"],\"inLanguage\":\"fr-FR\",\"potentialAction\":[{\"@type\":\"CommentAction\",\"name\":\"Comment\",\"target\":[\"https:\\\/\\\/congovirtuel.com\\\/information\\\/aucun-obstacle-au-retour-de-kabila-comme-president-en-2023-partisans\\\/#respond\"]}]},{\"@type\":\"WebPage\",\"@id\":\"https:\\\/\\\/congovirtuel.com\\\/information\\\/aucun-obstacle-au-retour-de-kabila-comme-president-en-2023-partisans\\\/\",\"url\":\"https:\\\/\\\/congovirtuel.com\\\/information\\\/aucun-obstacle-au-retour-de-kabila-comme-president-en-2023-partisans\\\/\",\"name\":\"\\\"Aucun obstacle\\\" au retour de Kabila comme pr\u00e9sident en 2023 (partisans) - Actualit\u00e9s congolaises et internationales\",\"isPartOf\":{\"@id\":\"https:\\\/\\\/congovirtuel.com\\\/information\\\/#website\"},\"primaryImageOfPage\":{\"@id\":\"https:\\\/\\\/congovirtuel.com\\\/information\\\/aucun-obstacle-au-retour-de-kabila-comme-president-en-2023-partisans\\\/#primaryimage\"},\"image\":{\"@id\":\"https:\\\/\\\/congovirtuel.com\\\/information\\\/aucun-obstacle-au-retour-de-kabila-comme-president-en-2023-partisans\\\/#primaryimage\"},\"thumbnailUrl\":\"https:\\\/\\\/congovirtuel.com\\\/information\\\/wp-content\\\/uploads\\\/2019\\\/10\\\/rais.jpg\",\"datePublished\":\"2019-10-24T17:49:19+00:00\",\"dateModified\":\"2019-10-24T17:49:21+00:00\",\"breadcrumb\":{\"@id\":\"https:\\\/\\\/congovirtuel.com\\\/information\\\/aucun-obstacle-au-retour-de-kabila-comme-president-en-2023-partisans\\\/#breadcrumb\"},\"inLanguage\":\"fr-FR\",\"potentialAction\":[{\"@type\":\"ReadAction\",\"target\":[\"https:\\\/\\\/congovirtuel.com\\\/information\\\/aucun-obstacle-au-retour-de-kabila-comme-president-en-2023-partisans\\\/\"]}]},{\"@type\":\"ImageObject\",\"inLanguage\":\"fr-FR\",\"@id\":\"https:\\\/\\\/congovirtuel.com\\\/information\\\/aucun-obstacle-au-retour-de-kabila-comme-president-en-2023-partisans\\\/#primaryimage\",\"url\":\"https:\\\/\\\/congovirtuel.com\\\/information\\\/wp-content\\\/uploads\\\/2019\\\/10\\\/rais.jpg\",\"contentUrl\":\"https:\\\/\\\/congovirtuel.com\\\/information\\\/wp-content\\\/uploads\\\/2019\\\/10\\\/rais.jpg\",\"width\":1023,\"height\":575},{\"@type\":\"BreadcrumbList\",\"@id\":\"https:\\\/\\\/congovirtuel.com\\\/information\\\/aucun-obstacle-au-retour-de-kabila-comme-president-en-2023-partisans\\\/#breadcrumb\",\"itemListElement\":[{\"@type\":\"ListItem\",\"position\":1,\"name\":\"Accueil\",\"item\":\"https:\\\/\\\/congovirtuel.com\\\/information\\\/\"},{\"@type\":\"ListItem\",\"position\":2,\"name\":\"\u00ab\u00a0Aucun obstacle\u00a0\u00bb au retour de Kabila comme pr\u00e9sident en 2023 (partisans)\"}]},{\"@type\":\"WebSite\",\"@id\":\"https:\\\/\\\/congovirtuel.com\\\/information\\\/#website\",\"url\":\"https:\\\/\\\/congovirtuel.com\\\/information\\\/\",\"name\":\"Actualit\u00e9s congolaises et internationales\",\"description\":\"site d&#039;analyse et de traitement d&#039;information\",\"publisher\":{\"@id\":\"https:\\\/\\\/congovirtuel.com\\\/information\\\/#organization\"},\"potentialAction\":[{\"@type\":\"SearchAction\",\"target\":{\"@type\":\"EntryPoint\",\"urlTemplate\":\"https:\\\/\\\/congovirtuel.com\\\/information\\\/?s={search_term_string}\"},\"query-input\":{\"@type\":\"PropertyValueSpecification\",\"valueRequired\":true,\"valueName\":\"search_term_string\"}}],\"inLanguage\":\"fr-FR\"},{\"@type\":\"Organization\",\"@id\":\"https:\\\/\\\/congovirtuel.com\\\/information\\\/#organization\",\"name\":\"Biblioth\u00e8que Virtuelle de la RDC\",\"url\":\"https:\\\/\\\/congovirtuel.com\\\/information\\\/\",\"logo\":{\"@type\":\"ImageObject\",\"inLanguage\":\"fr-FR\",\"@id\":\"https:\\\/\\\/congovirtuel.com\\\/information\\\/#\\\/schema\\\/logo\\\/image\\\/\",\"url\":\"https:\\\/\\\/congovirtuel.com\\\/information\\\/wp-content\\\/uploads\\\/2018\\\/10\\\/header-info-congovirtuel-vraie.jpg\",\"contentUrl\":\"https:\\\/\\\/congovirtuel.com\\\/information\\\/wp-content\\\/uploads\\\/2018\\\/10\\\/header-info-congovirtuel-vraie.jpg\",\"width\":728,\"height\":90,\"caption\":\"Biblioth\u00e8que Virtuelle de la RDC\"},\"image\":{\"@id\":\"https:\\\/\\\/congovirtuel.com\\\/information\\\/#\\\/schema\\\/logo\\\/image\\\/\"},\"sameAs\":[\"https:\\\/\\\/web.facebook.com\\\/Congovirtuel-763617960319601\\\/?ref=aymt_homepage_panel&amp;amp;amp;amp;amp;amp;amp;amp;amp;amp;amp;eid=ARCoxULa66767kIgF_KYav6VdjXTI4yk_LW4yoVO9s6NXpysgb7Cb65vpxcxgqzOAKvIbLQxaAETcqHT\",\"https:\\\/\\\/x.com\\\/congovirtuel\",\"https:\\\/\\\/www.youtube.com\\\/channel\\\/UCkFfprYzGgS3EWNpeMXpToQ?view_as=subscriber\"]},{\"@type\":\"Person\",\"@id\":\"https:\\\/\\\/congovirtuel.com\\\/information\\\/#\\\/schema\\\/person\\\/739a44bf7990966cb53d58d2fdeca0b6\",\"name\":\"infocongovirtuel\",\"image\":{\"@type\":\"ImageObject\",\"inLanguage\":\"fr-FR\",\"@id\":\"https:\\\/\\\/secure.gravatar.com\\\/avatar\\\/4d76991aa72469f0eb22e772586c99113c6997f88da636a9db8f2ce3a2c05e69?s=96&d=mm&r=g\",\"url\":\"https:\\\/\\\/secure.gravatar.com\\\/avatar\\\/4d76991aa72469f0eb22e772586c99113c6997f88da636a9db8f2ce3a2c05e69?s=96&d=mm&r=g\",\"contentUrl\":\"https:\\\/\\\/secure.gravatar.com\\\/avatar\\\/4d76991aa72469f0eb22e772586c99113c6997f88da636a9db8f2ce3a2c05e69?s=96&d=mm&r=g\",\"caption\":\"infocongovirtuel\"},\"url\":\"https:\\\/\\\/congovirtuel.com\\\/information\\\/author\\\/infocongovirtuel\\\/\"}]}<\/script>\n<!-- \/ Yoast SEO plugin. -->","yoast_head_json":{"title":"\"Aucun obstacle\" au retour de Kabila comme pr\u00e9sident en 2023 (partisans) - Actualit\u00e9s congolaises et internationales","robots":{"index":"index","follow":"follow","max-snippet":"max-snippet:-1","max-image-preview":"max-image-preview:large","max-video-preview":"max-video-preview:-1"},"canonical":"https:\/\/congovirtuel.com\/information\/aucun-obstacle-au-retour-de-kabila-comme-president-en-2023-partisans\/","og_locale":"fr_FR","og_type":"article","og_title":"\"Aucun obstacle\" au retour de Kabila comme pr\u00e9sident en 2023 (partisans) - Actualit\u00e9s congolaises et internationales","og_description":"Les partisans de l&rsquo;ancien pr\u00e9sident congolais Joseph Kabila ont d\u00e9clar\u00e9 jeudi qu&rsquo;aucune disposition constitutionnelle ne l&#8217;emp\u00eachait de revenir \u00e0 la t\u00eate de la R\u00e9publique d\u00e9mocratique du Congo \u00e0 l&rsquo;expiration du mandat du pr\u00e9sident F\u00e9lix Tshisekedi en 2023. \u00ab\u00a0Ce qui est s\u00fbr c&rsquo;est qu&rsquo;aujourd&rsquo;hui, aucun obstacle constitutionnel ou institutionnel voire politique n&#8217;emp\u00eacherait le retour [de l&rsquo;ancien] pr\u00e9sident Kabila et surtout ne pourrait emp\u00eacher qu&rsquo;il soit candidat\u00a0\u00bb \u00e0 la pr\u00e9sidentielle, a d\u00e9clar\u00e9 \u00e0 la presse N\u00e9h\u00e9mie Mwilanya, coordonnateur du Front commun pour le Congo (FCC) Le FCC est la plateforme politique cr\u00e9\u00e9e&hellip;","og_url":"https:\/\/congovirtuel.com\/information\/aucun-obstacle-au-retour-de-kabila-comme-president-en-2023-partisans\/","og_site_name":"Actualit\u00e9s congolaises et internationales","article_publisher":"https:\/\/web.facebook.com\/Congovirtuel-763617960319601\/?ref=aymt_homepage_panel&amp%3bamp%3bamp%3bamp%3bamp%3bamp%3bamp%3bamp%3bamp%3bamp%3bamp%3beid=ARCoxULa66767kIgF_KYav6VdjXTI4yk_LW4yoVO9s6NXpysgb7Cb65vpxcxgqzOAKvIbLQxaAETcqHT","article_published_time":"2019-10-24T17:49:19+00:00","article_modified_time":"2019-10-24T17:49:21+00:00","og_image":[{"width":1023,"height":575,"url":"https:\/\/congovirtuel.com\/information\/wp-content\/uploads\/2019\/10\/rais.jpg","type":"image\/jpeg"}],"author":"infocongovirtuel","twitter_card":"summary_large_image","twitter_creator":"@congovirtuel","twitter_site":"@congovirtuel","twitter_misc":{"\u00c9crit par":"infocongovirtuel","Dur\u00e9e de lecture estim\u00e9e":"2 minutes"},"schema":{"@context":"https:\/\/schema.org","@graph":[{"@type":"Article","@id":"https:\/\/congovirtuel.com\/information\/aucun-obstacle-au-retour-de-kabila-comme-president-en-2023-partisans\/#article","isPartOf":{"@id":"https:\/\/congovirtuel.com\/information\/aucun-obstacle-au-retour-de-kabila-comme-president-en-2023-partisans\/"},"author":{"name":"infocongovirtuel","@id":"https:\/\/congovirtuel.com\/information\/#\/schema\/person\/739a44bf7990966cb53d58d2fdeca0b6"},"headline":"\u00ab\u00a0Aucun obstacle\u00a0\u00bb au retour de Kabila comme pr\u00e9sident en 2023 (partisans)","datePublished":"2019-10-24T17:49:19+00:00","dateModified":"2019-10-24T17:49:21+00:00","mainEntityOfPage":{"@id":"https:\/\/congovirtuel.com\/information\/aucun-obstacle-au-retour-de-kabila-comme-president-en-2023-partisans\/"},"wordCount":438,"commentCount":0,"publisher":{"@id":"https:\/\/congovirtuel.com\/information\/#organization"},"image":{"@id":"https:\/\/congovirtuel.com\/information\/aucun-obstacle-au-retour-de-kabila-comme-president-en-2023-partisans\/#primaryimage"},"thumbnailUrl":"https:\/\/congovirtuel.com\/information\/wp-content\/uploads\/2019\/10\/rais.jpg","articleSection":["Politique"],"inLanguage":"fr-FR","potentialAction":[{"@type":"CommentAction","name":"Comment","target":["https:\/\/congovirtuel.com\/information\/aucun-obstacle-au-retour-de-kabila-comme-president-en-2023-partisans\/#respond"]}]},{"@type":"WebPage","@id":"https:\/\/congovirtuel.com\/information\/aucun-obstacle-au-retour-de-kabila-comme-president-en-2023-partisans\/","url":"https:\/\/congovirtuel.com\/information\/aucun-obstacle-au-retour-de-kabila-comme-president-en-2023-partisans\/","name":"\"Aucun obstacle\" au retour de Kabila comme pr\u00e9sident en 2023 (partisans) - Actualit\u00e9s congolaises et internationales","isPartOf":{"@id":"https:\/\/congovirtuel.com\/information\/#website"},"primaryImageOfPage":{"@id":"https:\/\/congovirtuel.com\/information\/aucun-obstacle-au-retour-de-kabila-comme-president-en-2023-partisans\/#primaryimage"},"image":{"@id":"https:\/\/congovirtuel.com\/information\/aucun-obstacle-au-retour-de-kabila-comme-president-en-2023-partisans\/#primaryimage"},"thumbnailUrl":"https:\/\/congovirtuel.com\/information\/wp-content\/uploads\/2019\/10\/rais.jpg","datePublished":"2019-10-24T17:49:19+00:00","dateModified":"2019-10-24T17:49:21+00:00","breadcrumb":{"@id":"https:\/\/congovirtuel.com\/information\/aucun-obstacle-au-retour-de-kabila-comme-president-en-2023-partisans\/#breadcrumb"},"inLanguage":"fr-FR","potentialAction":[{"@type":"ReadAction","target":["https:\/\/congovirtuel.com\/information\/aucun-obstacle-au-retour-de-kabila-comme-president-en-2023-partisans\/"]}]},{"@type":"ImageObject","inLanguage":"fr-FR","@id":"https:\/\/congovirtuel.com\/information\/aucun-obstacle-au-retour-de-kabila-comme-president-en-2023-partisans\/#primaryimage","url":"https:\/\/congovirtuel.com\/information\/wp-content\/uploads\/2019\/10\/rais.jpg","contentUrl":"https:\/\/congovirtuel.com\/information\/wp-content\/uploads\/2019\/10\/rais.jpg","width":1023,"height":575},{"@type":"BreadcrumbList","@id":"https:\/\/congovirtuel.com\/information\/aucun-obstacle-au-retour-de-kabila-comme-president-en-2023-partisans\/#breadcrumb","itemListElement":[{"@type":"ListItem","position":1,"name":"Accueil","item":"https:\/\/congovirtuel.com\/information\/"},{"@type":"ListItem","position":2,"name":"\u00ab\u00a0Aucun obstacle\u00a0\u00bb au retour de Kabila comme pr\u00e9sident en 2023 (partisans)"}]},{"@type":"WebSite","@id":"https:\/\/congovirtuel.com\/information\/#website","url":"https:\/\/congovirtuel.com\/information\/","name":"Actualit\u00e9s congolaises et internationales","description":"site d&#039;analyse et de traitement d&#039;information","publisher":{"@id":"https:\/\/congovirtuel.com\/information\/#organization"},"potentialAction":[{"@type":"SearchAction","target":{"@type":"EntryPoint","urlTemplate":"https:\/\/congovirtuel.com\/information\/?s={search_term_string}"},"query-input":{"@type":"PropertyValueSpecification","valueRequired":true,"valueName":"search_term_string"}}],"inLanguage":"fr-FR"},{"@type":"Organization","@id":"https:\/\/congovirtuel.com\/information\/#organization","name":"Biblioth\u00e8que Virtuelle de la RDC","url":"https:\/\/congovirtuel.com\/information\/","logo":{"@type":"ImageObject","inLanguage":"fr-FR","@id":"https:\/\/congovirtuel.com\/information\/#\/schema\/logo\/image\/","url":"https:\/\/congovirtuel.com\/information\/wp-content\/uploads\/2018\/10\/header-info-congovirtuel-vraie.jpg","contentUrl":"https:\/\/congovirtuel.com\/information\/wp-content\/uploads\/2018\/10\/header-info-congovirtuel-vraie.jpg","width":728,"height":90,"caption":"Biblioth\u00e8que Virtuelle de la RDC"},"image":{"@id":"https:\/\/congovirtuel.com\/information\/#\/schema\/logo\/image\/"},"sameAs":["https:\/\/web.facebook.com\/Congovirtuel-763617960319601\/?ref=aymt_homepage_panel&amp;amp;amp;amp;amp;amp;amp;amp;amp;amp;amp;eid=ARCoxULa66767kIgF_KYav6VdjXTI4yk_LW4yoVO9s6NXpysgb7Cb65vpxcxgqzOAKvIbLQxaAETcqHT","https:\/\/x.com\/congovirtuel","https:\/\/www.youtube.com\/channel\/UCkFfprYzGgS3EWNpeMXpToQ?view_as=subscriber"]},{"@type":"Person","@id":"https:\/\/congovirtuel.com\/information\/#\/schema\/person\/739a44bf7990966cb53d58d2fdeca0b6","name":"infocongovirtuel","image":{"@type":"ImageObject","inLanguage":"fr-FR","@id":"https:\/\/secure.gravatar.com\/avatar\/4d76991aa72469f0eb22e772586c99113c6997f88da636a9db8f2ce3a2c05e69?s=96&d=mm&r=g","url":"https:\/\/secure.gravatar.com\/avatar\/4d76991aa72469f0eb22e772586c99113c6997f88da636a9db8f2ce3a2c05e69?s=96&d=mm&r=g","contentUrl":"https:\/\/secure.gravatar.com\/avatar\/4d76991aa72469f0eb22e772586c99113c6997f88da636a9db8f2ce3a2c05e69?s=96&d=mm&r=g","caption":"infocongovirtuel"},"url":"https:\/\/congovirtuel.com\/information\/author\/infocongovirtuel\/"}]}},"gt_translate_keys":[{"key":"link","format":"url"}],"_links":{"self":[{"href":"https:\/\/congovirtuel.com\/information\/wp-json\/wp\/v2\/posts\/337","targetHints":{"allow":["GET"]}}],"collection":[{"href":"https:\/\/congovirtuel.com\/information\/wp-json\/wp\/v2\/posts"}],"about":[{"href":"https:\/\/congovirtuel.com\/information\/wp-json\/wp\/v2\/types\/post"}],"author":[{"embeddable":true,"href":"https:\/\/congovirtuel.com\/information\/wp-json\/wp\/v2\/users\/1"}],"replies":[{"embeddable":true,"href":"https:\/\/congovirtuel.com\/information\/wp-json\/wp\/v2\/comments?post=337"}],"version-history":[{"count":1,"href":"https:\/\/congovirtuel.com\/information\/wp-json\/wp\/v2\/posts\/337\/revisions"}],"predecessor-version":[{"id":339,"href":"https:\/\/congovirtuel.com\/information\/wp-json\/wp\/v2\/posts\/337\/revisions\/339"}],"wp:featuredmedia":[{"embeddable":true,"href":"https:\/\/congovirtuel.com\/information\/wp-json\/wp\/v2\/media\/338"}],"wp:attachment":[{"href":"https:\/\/congovirtuel.com\/information\/wp-json\/wp\/v2\/media?parent=337"}],"wp:term":[{"taxonomy":"category","embeddable":true,"href":"https:\/\/congovirtuel.com\/information\/wp-json\/wp\/v2\/categories?post=337"},{"taxonomy":"post_tag","embeddable":true,"href":"https:\/\/congovirtuel.com\/information\/wp-json\/wp\/v2\/tags?post=337"}],"curies":[{"name":"wp","href":"https:\/\/api.w.org\/{rel}","templated":true}]}}