{"id":340,"date":"2019-10-25T08:49:40","date_gmt":"2019-10-25T07:49:40","guid":{"rendered":"https:\/\/congovirtuel.com\/information\/?p=340"},"modified":"2019-10-25T10:25:32","modified_gmt":"2019-10-25T09:25:32","slug":"pprd-come-back-politique-j-kabila-va-perdre-son-statut-de-senateur-a-vie","status":"publish","type":"post","link":"https:\/\/congovirtuel.com\/information\/pprd-come-back-politique-j-kabila-va-perdre-son-statut-de-senateur-a-vie\/","title":{"rendered":"PPRD, Come-back Politique : J. Kabila va perdre son statut de s\u00e9nateur \u00e0 vie","gt_translate_keys":[{"key":"rendered","format":"text"}]},"content":{"rendered":"\n<p class=\"wp-block-paragraph\">S\u2019il est vrai qu\u2019aucune disposition constitutionnelle ne l\u2019emp\u00eache de\npostuler \u00e0 la pr\u00e9sidence de la R\u00e9publique, cependant la loi sur le statut\nd\u2019anciens Chef de l\u2019Etat, stipule que les droits et avantages accord\u00e9s<strong><a href=\"http:\/\/www.rfi.fr\/afrique\/20180630-rdc-parlementaires-divises-statut-anciens-chefs-etat\" target=\"_blank\" rel=\"noreferrer noopener\">&nbsp;aux anciens chefs d&rsquo;Etat \u00e9lus&nbsp;<\/a><\/strong>ne sont pas\ncumulatifs avec d&rsquo;autres, notamment ceux dont les b\u00e9n\u00e9ficiaires pourraient\njouir en tant que s\u00e9nateurs. Pr\u00e9cision, tout ancien pr\u00e9sident de la R\u00e9publique\n\u00e9lu est, de droit, s\u00e9nateur \u00e0 vie.<\/p>\n\n\n\n<p class=\"wp-block-paragraph\">Le S\u00e9nateur \u00e0 vie est membre de droit \u00e0 vie de par la Constitution. Il repr\u00e9sente sa province d\u2019origine, mais son mandat est national. Le R\u00e8glement Int\u00e9rieur fixe les obligations au S\u00e9nateur \u00e0 vie comme pour tout autre s\u00e9nateur. Il est donc tenu par ces obligations et ne peut donc s\u2019en d\u00e9rober. Il est soumis \u00e0 toute incompatibilit\u00e9 comme les autres s\u00e9nateurs. Il lui est interdit d\u2019accepter une autre fonction r\u00e9mun\u00e9r\u00e9e sauf dans le cas d\u2019une Institution internationale \u00e0 laquelle la RDC est partie.<\/p>\n\n\n\n<script async=\"\" src=\"\/\/pagead2.googlesyndication.com\/pagead\/js\/adsbygoogle.js\"><\/script>\n<!-- code responsive -->\n<ins class=\"adsbygoogle\" style=\"display:block\" data-ad-client=\"ca-pub-2119363214666215\" data-ad-slot=\"1973679082\" data-ad-format=\"auto\"><\/ins>\n<script>\n(adsbygoogle = window.adsbygoogle || []).push({});\n<\/script>\n\n\n\n<p class=\"wp-block-paragraph\">Des mesures et des\ndispositions particuli\u00e8res en mati\u00e8re de s\u00e9curit\u00e9 pour la protection de sa\npersonne, de sa famille et de ses biens sont \u00e9galement pr\u00e9vues. Et c&rsquo;est \u00e0\ntravers la loi budg\u00e9taire qu&rsquo;est examin\u00e9e chaque ann\u00e9e sa r\u00e9mun\u00e9ration.<\/p>\n\n\n\n<p class=\"wp-block-paragraph\">Les partisans de l\u2019ancien\npr\u00e9sident congolais Joseph Kabila ont d\u00e9clar\u00e9 jeudi 24 octobre, qu\u2019aucune\ndisposition constitutionnelle ne l\u2019emp\u00eachait de revenir \u00e0 la t\u00eate de la\nR\u00e9publique d\u00e9mocratique du Congo, force est de constater cependant qu\u2019on ne\npeut \u00e0 la fois jouir du statut d\u2019un s\u00e9nateur \u00e0 vie et concourir \u00e0 la Pr\u00e9sidence\nde la R\u00e9publique&nbsp;; cela au nom de l\u2019\u00e9quit\u00e9.<\/p>\n\n\n\n<p class=\"wp-block-paragraph\"><strong>Utiliser des moyens publics de l\u2019Etat \u00e0 des fins priv\u00e9s<\/strong><\/p>\n\n\n\n<p class=\"wp-block-paragraph\">En effet, on ne peut pr\u00e9tendre\njouir des privil\u00e8ges dus au statut d\u2019un ancien pr\u00e9sident de la R\u00e9publique et\nchercher encore \u00e0 briguer \u00e0 nouveau un mandat de la Pr\u00e9sidence de la R\u00e9publique,\ncar il sera difficile de d\u00e9terminer la source du financement de ses activit\u00e9s\npolitiques priv\u00e9es, du fait qu\u2019il lui est dot\u00e9 d\u2019une enveloppe financi\u00e8re\ncons\u00e9quente par l\u2019Etat congolais dont il va utiliser \u00e9videmment \u00e0 de fins\npriv\u00e9es biaisant ainsi la course \u00e0 la magistrature supr\u00eame de mani\u00e8re \u00e9galitaire.<\/p>\n\n\n\n<p class=\"wp-block-paragraph\">Aussi cette perte du statut du\ns\u00e9nateur \u00e0 vie va l\u2019exposer \u00e0 des poursuites judiciaires &nbsp;pour avoir perdu de mani\u00e8re automatique son\nimmunit\u00e9 lui conf\u00e9r\u00e9e par son ancien statut du s\u00e9nateur \u00e0 vie.<\/p>\n\n\n\n<p class=\"wp-block-paragraph\">Roger Lazio<\/p>\n","protected":false,"gt_translate_keys":[{"key":"rendered","format":"html"}]},"excerpt":{"rendered":"<p>S\u2019il est vrai qu\u2019aucune disposition constitutionnelle ne l\u2019emp\u00eache de postuler \u00e0 la pr\u00e9sidence de la R\u00e9publique, cependant la loi sur le statut d\u2019anciens Chef de l\u2019Etat, stipule que les droits et avantages accord\u00e9s&nbsp;aux anciens chefs d&rsquo;Etat \u00e9lus&nbsp;ne sont pas cumulatifs avec d&rsquo;autres, notamment ceux dont les b\u00e9n\u00e9ficiaires pourraient jouir en tant que s\u00e9nateurs. Pr\u00e9cision, tout ancien pr\u00e9sident de la R\u00e9publique \u00e9lu est, de droit, s\u00e9nateur \u00e0 vie. Le S\u00e9nateur \u00e0 vie est membre de droit \u00e0 vie de par la Constitution. Il repr\u00e9sente sa province d\u2019origine, mais son mandat est&hellip;<\/p>\n","protected":false,"gt_translate_keys":[{"key":"rendered","format":"html"}]},"author":1,"featured_media":244,"comment_status":"open","ping_status":"open","sticky":false,"template":"","format":"standard","meta":{"_crdt_document":"","footnotes":""},"categories":[18],"tags":[],"class_list":["post-340","post","type-post","status-publish","format-standard","has-post-thumbnail","hentry","category-democratie"],"gutentor_comment":0,"yoast_head":"<!-- This site is optimized with the Yoast SEO plugin v27.5 - https:\/\/yoast.com\/product\/yoast-seo-wordpress\/ -->\n<title>PPRD, Come-back Politique : J. Kabila va perdre son statut de s\u00e9nateur \u00e0 vie - Actualit\u00e9s congolaises et internationales<\/title>\n<meta name=\"robots\" content=\"index, follow, max-snippet:-1, max-image-preview:large, max-video-preview:-1\" \/>\n<link rel=\"canonical\" href=\"https:\/\/congovirtuel.com\/information\/pprd-come-back-politique-j-kabila-va-perdre-son-statut-de-senateur-a-vie\/\" \/>\n<meta property=\"og:locale\" content=\"fr_FR\" \/>\n<meta property=\"og:type\" content=\"article\" \/>\n<meta property=\"og:title\" content=\"PPRD, Come-back Politique : J. Kabila va perdre son statut de s\u00e9nateur \u00e0 vie - Actualit\u00e9s congolaises et internationales\" \/>\n<meta property=\"og:description\" content=\"S\u2019il est vrai qu\u2019aucune disposition constitutionnelle ne l\u2019emp\u00eache de postuler \u00e0 la pr\u00e9sidence de la R\u00e9publique, cependant la loi sur le statut d\u2019anciens Chef de l\u2019Etat, stipule que les droits et avantages accord\u00e9s&nbsp;aux anciens chefs d&rsquo;Etat \u00e9lus&nbsp;ne sont pas cumulatifs avec d&rsquo;autres, notamment ceux dont les b\u00e9n\u00e9ficiaires pourraient jouir en tant que s\u00e9nateurs. Pr\u00e9cision, tout ancien pr\u00e9sident de la R\u00e9publique \u00e9lu est, de droit, s\u00e9nateur \u00e0 vie. Le S\u00e9nateur \u00e0 vie est membre de droit \u00e0 vie de par la Constitution. Il repr\u00e9sente sa province d\u2019origine, mais son mandat est&hellip;\" \/>\n<meta property=\"og:url\" content=\"https:\/\/congovirtuel.com\/information\/pprd-come-back-politique-j-kabila-va-perdre-son-statut-de-senateur-a-vie\/\" \/>\n<meta property=\"og:site_name\" content=\"Actualit\u00e9s congolaises et internationales\" \/>\n<meta property=\"article:publisher\" content=\"https:\/\/web.facebook.com\/Congovirtuel-763617960319601\/?ref=aymt_homepage_panel&amp;amp%3bamp%3bamp%3bamp%3bamp%3bamp%3bamp%3bamp%3bamp%3bamp%3bamp%3beid=ARCoxULa66767kIgF_KYav6VdjXTI4yk_LW4yoVO9s6NXpysgb7Cb65vpxcxgqzOAKvIbLQxaAETcqHT\" \/>\n<meta property=\"article:published_time\" content=\"2019-10-25T07:49:40+00:00\" \/>\n<meta property=\"article:modified_time\" content=\"2019-10-25T09:25:32+00:00\" \/>\n<meta property=\"og:image\" content=\"https:\/\/congovirtuel.com\/information\/wp-content\/uploads\/2019\/10\/kabila.jpg\" \/>\n\t<meta property=\"og:image:width\" content=\"1023\" \/>\n\t<meta property=\"og:image:height\" content=\"575\" \/>\n\t<meta property=\"og:image:type\" content=\"image\/jpeg\" \/>\n<meta name=\"author\" content=\"infocongovirtuel\" \/>\n<meta name=\"twitter:card\" content=\"summary_large_image\" \/>\n<meta name=\"twitter:creator\" content=\"@congovirtuel\" \/>\n<meta name=\"twitter:site\" content=\"@congovirtuel\" \/>\n<meta name=\"twitter:label1\" content=\"\u00c9crit par\" \/>\n\t<meta name=\"twitter:data1\" content=\"infocongovirtuel\" \/>\n\t<meta name=\"twitter:label2\" content=\"Dur\u00e9e de lecture estim\u00e9e\" \/>\n\t<meta name=\"twitter:data2\" content=\"2 minutes\" \/>\n<script type=\"application\/ld+json\" class=\"yoast-schema-graph\">{\"@context\":\"https:\\\/\\\/schema.org\",\"@graph\":[{\"@type\":\"Article\",\"@id\":\"https:\\\/\\\/congovirtuel.com\\\/information\\\/pprd-come-back-politique-j-kabila-va-perdre-son-statut-de-senateur-a-vie\\\/#article\",\"isPartOf\":{\"@id\":\"https:\\\/\\\/congovirtuel.com\\\/information\\\/pprd-come-back-politique-j-kabila-va-perdre-son-statut-de-senateur-a-vie\\\/\"},\"author\":{\"name\":\"infocongovirtuel\",\"@id\":\"https:\\\/\\\/congovirtuel.com\\\/information\\\/#\\\/schema\\\/person\\\/739a44bf7990966cb53d58d2fdeca0b6\"},\"headline\":\"PPRD, Come-back Politique : J. Kabila va perdre son statut de s\u00e9nateur \u00e0 vie\",\"datePublished\":\"2019-10-25T07:49:40+00:00\",\"dateModified\":\"2019-10-25T09:25:32+00:00\",\"mainEntityOfPage\":{\"@id\":\"https:\\\/\\\/congovirtuel.com\\\/information\\\/pprd-come-back-politique-j-kabila-va-perdre-son-statut-de-senateur-a-vie\\\/\"},\"wordCount\":459,\"commentCount\":0,\"publisher\":{\"@id\":\"https:\\\/\\\/congovirtuel.com\\\/information\\\/#organization\"},\"image\":{\"@id\":\"https:\\\/\\\/congovirtuel.com\\\/information\\\/pprd-come-back-politique-j-kabila-va-perdre-son-statut-de-senateur-a-vie\\\/#primaryimage\"},\"thumbnailUrl\":\"https:\\\/\\\/congovirtuel.com\\\/information\\\/wp-content\\\/uploads\\\/2019\\\/10\\\/kabila.jpg\",\"articleSection\":[\"D\u00e9mocratie\"],\"inLanguage\":\"fr-FR\",\"potentialAction\":[{\"@type\":\"CommentAction\",\"name\":\"Comment\",\"target\":[\"https:\\\/\\\/congovirtuel.com\\\/information\\\/pprd-come-back-politique-j-kabila-va-perdre-son-statut-de-senateur-a-vie\\\/#respond\"]}]},{\"@type\":\"WebPage\",\"@id\":\"https:\\\/\\\/congovirtuel.com\\\/information\\\/pprd-come-back-politique-j-kabila-va-perdre-son-statut-de-senateur-a-vie\\\/\",\"url\":\"https:\\\/\\\/congovirtuel.com\\\/information\\\/pprd-come-back-politique-j-kabila-va-perdre-son-statut-de-senateur-a-vie\\\/\",\"name\":\"PPRD, Come-back Politique : J. Kabila va perdre son statut de s\u00e9nateur \u00e0 vie - Actualit\u00e9s congolaises et internationales\",\"isPartOf\":{\"@id\":\"https:\\\/\\\/congovirtuel.com\\\/information\\\/#website\"},\"primaryImageOfPage\":{\"@id\":\"https:\\\/\\\/congovirtuel.com\\\/information\\\/pprd-come-back-politique-j-kabila-va-perdre-son-statut-de-senateur-a-vie\\\/#primaryimage\"},\"image\":{\"@id\":\"https:\\\/\\\/congovirtuel.com\\\/information\\\/pprd-come-back-politique-j-kabila-va-perdre-son-statut-de-senateur-a-vie\\\/#primaryimage\"},\"thumbnailUrl\":\"https:\\\/\\\/congovirtuel.com\\\/information\\\/wp-content\\\/uploads\\\/2019\\\/10\\\/kabila.jpg\",\"datePublished\":\"2019-10-25T07:49:40+00:00\",\"dateModified\":\"2019-10-25T09:25:32+00:00\",\"breadcrumb\":{\"@id\":\"https:\\\/\\\/congovirtuel.com\\\/information\\\/pprd-come-back-politique-j-kabila-va-perdre-son-statut-de-senateur-a-vie\\\/#breadcrumb\"},\"inLanguage\":\"fr-FR\",\"potentialAction\":[{\"@type\":\"ReadAction\",\"target\":[\"https:\\\/\\\/congovirtuel.com\\\/information\\\/pprd-come-back-politique-j-kabila-va-perdre-son-statut-de-senateur-a-vie\\\/\"]}]},{\"@type\":\"ImageObject\",\"inLanguage\":\"fr-FR\",\"@id\":\"https:\\\/\\\/congovirtuel.com\\\/information\\\/pprd-come-back-politique-j-kabila-va-perdre-son-statut-de-senateur-a-vie\\\/#primaryimage\",\"url\":\"https:\\\/\\\/congovirtuel.com\\\/information\\\/wp-content\\\/uploads\\\/2019\\\/10\\\/kabila.jpg\",\"contentUrl\":\"https:\\\/\\\/congovirtuel.com\\\/information\\\/wp-content\\\/uploads\\\/2019\\\/10\\\/kabila.jpg\",\"width\":1023,\"height\":575},{\"@type\":\"BreadcrumbList\",\"@id\":\"https:\\\/\\\/congovirtuel.com\\\/information\\\/pprd-come-back-politique-j-kabila-va-perdre-son-statut-de-senateur-a-vie\\\/#breadcrumb\",\"itemListElement\":[{\"@type\":\"ListItem\",\"position\":1,\"name\":\"Accueil\",\"item\":\"https:\\\/\\\/congovirtuel.com\\\/information\\\/\"},{\"@type\":\"ListItem\",\"position\":2,\"name\":\"PPRD, Come-back Politique : J. Kabila va perdre son statut de s\u00e9nateur \u00e0 vie\"}]},{\"@type\":\"WebSite\",\"@id\":\"https:\\\/\\\/congovirtuel.com\\\/information\\\/#website\",\"url\":\"https:\\\/\\\/congovirtuel.com\\\/information\\\/\",\"name\":\"Actualit\u00e9s congolaises et internationales\",\"description\":\"site d&#039;analyse et de traitement d&#039;information\",\"publisher\":{\"@id\":\"https:\\\/\\\/congovirtuel.com\\\/information\\\/#organization\"},\"potentialAction\":[{\"@type\":\"SearchAction\",\"target\":{\"@type\":\"EntryPoint\",\"urlTemplate\":\"https:\\\/\\\/congovirtuel.com\\\/information\\\/?s={search_term_string}\"},\"query-input\":{\"@type\":\"PropertyValueSpecification\",\"valueRequired\":true,\"valueName\":\"search_term_string\"}}],\"inLanguage\":\"fr-FR\"},{\"@type\":\"Organization\",\"@id\":\"https:\\\/\\\/congovirtuel.com\\\/information\\\/#organization\",\"name\":\"Biblioth\u00e8que Virtuelle de la RDC\",\"url\":\"https:\\\/\\\/congovirtuel.com\\\/information\\\/\",\"logo\":{\"@type\":\"ImageObject\",\"inLanguage\":\"fr-FR\",\"@id\":\"https:\\\/\\\/congovirtuel.com\\\/information\\\/#\\\/schema\\\/logo\\\/image\\\/\",\"url\":\"https:\\\/\\\/congovirtuel.com\\\/information\\\/wp-content\\\/uploads\\\/2018\\\/10\\\/header-info-congovirtuel-vraie.jpg\",\"contentUrl\":\"https:\\\/\\\/congovirtuel.com\\\/information\\\/wp-content\\\/uploads\\\/2018\\\/10\\\/header-info-congovirtuel-vraie.jpg\",\"width\":728,\"height\":90,\"caption\":\"Biblioth\u00e8que Virtuelle de la RDC\"},\"image\":{\"@id\":\"https:\\\/\\\/congovirtuel.com\\\/information\\\/#\\\/schema\\\/logo\\\/image\\\/\"},\"sameAs\":[\"https:\\\/\\\/web.facebook.com\\\/Congovirtuel-763617960319601\\\/?ref=aymt_homepage_panel&amp;amp;amp;amp;amp;amp;amp;amp;amp;amp;amp;eid=ARCoxULa66767kIgF_KYav6VdjXTI4yk_LW4yoVO9s6NXpysgb7Cb65vpxcxgqzOAKvIbLQxaAETcqHT\",\"https:\\\/\\\/x.com\\\/congovirtuel\",\"https:\\\/\\\/www.youtube.com\\\/channel\\\/UCkFfprYzGgS3EWNpeMXpToQ?view_as=subscriber\"]},{\"@type\":\"Person\",\"@id\":\"https:\\\/\\\/congovirtuel.com\\\/information\\\/#\\\/schema\\\/person\\\/739a44bf7990966cb53d58d2fdeca0b6\",\"name\":\"infocongovirtuel\",\"image\":{\"@type\":\"ImageObject\",\"inLanguage\":\"fr-FR\",\"@id\":\"https:\\\/\\\/secure.gravatar.com\\\/avatar\\\/4d76991aa72469f0eb22e772586c99113c6997f88da636a9db8f2ce3a2c05e69?s=96&d=mm&r=g\",\"url\":\"https:\\\/\\\/secure.gravatar.com\\\/avatar\\\/4d76991aa72469f0eb22e772586c99113c6997f88da636a9db8f2ce3a2c05e69?s=96&d=mm&r=g\",\"contentUrl\":\"https:\\\/\\\/secure.gravatar.com\\\/avatar\\\/4d76991aa72469f0eb22e772586c99113c6997f88da636a9db8f2ce3a2c05e69?s=96&d=mm&r=g\",\"caption\":\"infocongovirtuel\"},\"url\":\"https:\\\/\\\/congovirtuel.com\\\/information\\\/author\\\/infocongovirtuel\\\/\"}]}<\/script>\n<!-- \/ Yoast SEO plugin. -->","yoast_head_json":{"title":"PPRD, Come-back Politique : J. Kabila va perdre son statut de s\u00e9nateur \u00e0 vie - Actualit\u00e9s congolaises et internationales","robots":{"index":"index","follow":"follow","max-snippet":"max-snippet:-1","max-image-preview":"max-image-preview:large","max-video-preview":"max-video-preview:-1"},"canonical":"https:\/\/congovirtuel.com\/information\/pprd-come-back-politique-j-kabila-va-perdre-son-statut-de-senateur-a-vie\/","og_locale":"fr_FR","og_type":"article","og_title":"PPRD, Come-back Politique : J. Kabila va perdre son statut de s\u00e9nateur \u00e0 vie - Actualit\u00e9s congolaises et internationales","og_description":"S\u2019il est vrai qu\u2019aucune disposition constitutionnelle ne l\u2019emp\u00eache de postuler \u00e0 la pr\u00e9sidence de la R\u00e9publique, cependant la loi sur le statut d\u2019anciens Chef de l\u2019Etat, stipule que les droits et avantages accord\u00e9s&nbsp;aux anciens chefs d&rsquo;Etat \u00e9lus&nbsp;ne sont pas cumulatifs avec d&rsquo;autres, notamment ceux dont les b\u00e9n\u00e9ficiaires pourraient jouir en tant que s\u00e9nateurs. Pr\u00e9cision, tout ancien pr\u00e9sident de la R\u00e9publique \u00e9lu est, de droit, s\u00e9nateur \u00e0 vie. Le S\u00e9nateur \u00e0 vie est membre de droit \u00e0 vie de par la Constitution. Il repr\u00e9sente sa province d\u2019origine, mais son mandat est&hellip;","og_url":"https:\/\/congovirtuel.com\/information\/pprd-come-back-politique-j-kabila-va-perdre-son-statut-de-senateur-a-vie\/","og_site_name":"Actualit\u00e9s congolaises et internationales","article_publisher":"https:\/\/web.facebook.com\/Congovirtuel-763617960319601\/?ref=aymt_homepage_panel&amp%3bamp%3bamp%3bamp%3bamp%3bamp%3bamp%3bamp%3bamp%3bamp%3bamp%3beid=ARCoxULa66767kIgF_KYav6VdjXTI4yk_LW4yoVO9s6NXpysgb7Cb65vpxcxgqzOAKvIbLQxaAETcqHT","article_published_time":"2019-10-25T07:49:40+00:00","article_modified_time":"2019-10-25T09:25:32+00:00","og_image":[{"width":1023,"height":575,"url":"https:\/\/congovirtuel.com\/information\/wp-content\/uploads\/2019\/10\/kabila.jpg","type":"image\/jpeg"}],"author":"infocongovirtuel","twitter_card":"summary_large_image","twitter_creator":"@congovirtuel","twitter_site":"@congovirtuel","twitter_misc":{"\u00c9crit par":"infocongovirtuel","Dur\u00e9e de lecture estim\u00e9e":"2 minutes"},"schema":{"@context":"https:\/\/schema.org","@graph":[{"@type":"Article","@id":"https:\/\/congovirtuel.com\/information\/pprd-come-back-politique-j-kabila-va-perdre-son-statut-de-senateur-a-vie\/#article","isPartOf":{"@id":"https:\/\/congovirtuel.com\/information\/pprd-come-back-politique-j-kabila-va-perdre-son-statut-de-senateur-a-vie\/"},"author":{"name":"infocongovirtuel","@id":"https:\/\/congovirtuel.com\/information\/#\/schema\/person\/739a44bf7990966cb53d58d2fdeca0b6"},"headline":"PPRD, Come-back Politique : J. Kabila va perdre son statut de s\u00e9nateur \u00e0 vie","datePublished":"2019-10-25T07:49:40+00:00","dateModified":"2019-10-25T09:25:32+00:00","mainEntityOfPage":{"@id":"https:\/\/congovirtuel.com\/information\/pprd-come-back-politique-j-kabila-va-perdre-son-statut-de-senateur-a-vie\/"},"wordCount":459,"commentCount":0,"publisher":{"@id":"https:\/\/congovirtuel.com\/information\/#organization"},"image":{"@id":"https:\/\/congovirtuel.com\/information\/pprd-come-back-politique-j-kabila-va-perdre-son-statut-de-senateur-a-vie\/#primaryimage"},"thumbnailUrl":"https:\/\/congovirtuel.com\/information\/wp-content\/uploads\/2019\/10\/kabila.jpg","articleSection":["D\u00e9mocratie"],"inLanguage":"fr-FR","potentialAction":[{"@type":"CommentAction","name":"Comment","target":["https:\/\/congovirtuel.com\/information\/pprd-come-back-politique-j-kabila-va-perdre-son-statut-de-senateur-a-vie\/#respond"]}]},{"@type":"WebPage","@id":"https:\/\/congovirtuel.com\/information\/pprd-come-back-politique-j-kabila-va-perdre-son-statut-de-senateur-a-vie\/","url":"https:\/\/congovirtuel.com\/information\/pprd-come-back-politique-j-kabila-va-perdre-son-statut-de-senateur-a-vie\/","name":"PPRD, Come-back Politique : J. Kabila va perdre son statut de s\u00e9nateur \u00e0 vie - Actualit\u00e9s congolaises et internationales","isPartOf":{"@id":"https:\/\/congovirtuel.com\/information\/#website"},"primaryImageOfPage":{"@id":"https:\/\/congovirtuel.com\/information\/pprd-come-back-politique-j-kabila-va-perdre-son-statut-de-senateur-a-vie\/#primaryimage"},"image":{"@id":"https:\/\/congovirtuel.com\/information\/pprd-come-back-politique-j-kabila-va-perdre-son-statut-de-senateur-a-vie\/#primaryimage"},"thumbnailUrl":"https:\/\/congovirtuel.com\/information\/wp-content\/uploads\/2019\/10\/kabila.jpg","datePublished":"2019-10-25T07:49:40+00:00","dateModified":"2019-10-25T09:25:32+00:00","breadcrumb":{"@id":"https:\/\/congovirtuel.com\/information\/pprd-come-back-politique-j-kabila-va-perdre-son-statut-de-senateur-a-vie\/#breadcrumb"},"inLanguage":"fr-FR","potentialAction":[{"@type":"ReadAction","target":["https:\/\/congovirtuel.com\/information\/pprd-come-back-politique-j-kabila-va-perdre-son-statut-de-senateur-a-vie\/"]}]},{"@type":"ImageObject","inLanguage":"fr-FR","@id":"https:\/\/congovirtuel.com\/information\/pprd-come-back-politique-j-kabila-va-perdre-son-statut-de-senateur-a-vie\/#primaryimage","url":"https:\/\/congovirtuel.com\/information\/wp-content\/uploads\/2019\/10\/kabila.jpg","contentUrl":"https:\/\/congovirtuel.com\/information\/wp-content\/uploads\/2019\/10\/kabila.jpg","width":1023,"height":575},{"@type":"BreadcrumbList","@id":"https:\/\/congovirtuel.com\/information\/pprd-come-back-politique-j-kabila-va-perdre-son-statut-de-senateur-a-vie\/#breadcrumb","itemListElement":[{"@type":"ListItem","position":1,"name":"Accueil","item":"https:\/\/congovirtuel.com\/information\/"},{"@type":"ListItem","position":2,"name":"PPRD, Come-back Politique : J. Kabila va perdre son statut de s\u00e9nateur \u00e0 vie"}]},{"@type":"WebSite","@id":"https:\/\/congovirtuel.com\/information\/#website","url":"https:\/\/congovirtuel.com\/information\/","name":"Actualit\u00e9s congolaises et internationales","description":"site d&#039;analyse et de traitement d&#039;information","publisher":{"@id":"https:\/\/congovirtuel.com\/information\/#organization"},"potentialAction":[{"@type":"SearchAction","target":{"@type":"EntryPoint","urlTemplate":"https:\/\/congovirtuel.com\/information\/?s={search_term_string}"},"query-input":{"@type":"PropertyValueSpecification","valueRequired":true,"valueName":"search_term_string"}}],"inLanguage":"fr-FR"},{"@type":"Organization","@id":"https:\/\/congovirtuel.com\/information\/#organization","name":"Biblioth\u00e8que Virtuelle de la RDC","url":"https:\/\/congovirtuel.com\/information\/","logo":{"@type":"ImageObject","inLanguage":"fr-FR","@id":"https:\/\/congovirtuel.com\/information\/#\/schema\/logo\/image\/","url":"https:\/\/congovirtuel.com\/information\/wp-content\/uploads\/2018\/10\/header-info-congovirtuel-vraie.jpg","contentUrl":"https:\/\/congovirtuel.com\/information\/wp-content\/uploads\/2018\/10\/header-info-congovirtuel-vraie.jpg","width":728,"height":90,"caption":"Biblioth\u00e8que Virtuelle de la RDC"},"image":{"@id":"https:\/\/congovirtuel.com\/information\/#\/schema\/logo\/image\/"},"sameAs":["https:\/\/web.facebook.com\/Congovirtuel-763617960319601\/?ref=aymt_homepage_panel&amp;amp;amp;amp;amp;amp;amp;amp;amp;amp;amp;eid=ARCoxULa66767kIgF_KYav6VdjXTI4yk_LW4yoVO9s6NXpysgb7Cb65vpxcxgqzOAKvIbLQxaAETcqHT","https:\/\/x.com\/congovirtuel","https:\/\/www.youtube.com\/channel\/UCkFfprYzGgS3EWNpeMXpToQ?view_as=subscriber"]},{"@type":"Person","@id":"https:\/\/congovirtuel.com\/information\/#\/schema\/person\/739a44bf7990966cb53d58d2fdeca0b6","name":"infocongovirtuel","image":{"@type":"ImageObject","inLanguage":"fr-FR","@id":"https:\/\/secure.gravatar.com\/avatar\/4d76991aa72469f0eb22e772586c99113c6997f88da636a9db8f2ce3a2c05e69?s=96&d=mm&r=g","url":"https:\/\/secure.gravatar.com\/avatar\/4d76991aa72469f0eb22e772586c99113c6997f88da636a9db8f2ce3a2c05e69?s=96&d=mm&r=g","contentUrl":"https:\/\/secure.gravatar.com\/avatar\/4d76991aa72469f0eb22e772586c99113c6997f88da636a9db8f2ce3a2c05e69?s=96&d=mm&r=g","caption":"infocongovirtuel"},"url":"https:\/\/congovirtuel.com\/information\/author\/infocongovirtuel\/"}]}},"gt_translate_keys":[{"key":"link","format":"url"}],"_links":{"self":[{"href":"https:\/\/congovirtuel.com\/information\/wp-json\/wp\/v2\/posts\/340","targetHints":{"allow":["GET"]}}],"collection":[{"href":"https:\/\/congovirtuel.com\/information\/wp-json\/wp\/v2\/posts"}],"about":[{"href":"https:\/\/congovirtuel.com\/information\/wp-json\/wp\/v2\/types\/post"}],"author":[{"embeddable":true,"href":"https:\/\/congovirtuel.com\/information\/wp-json\/wp\/v2\/users\/1"}],"replies":[{"embeddable":true,"href":"https:\/\/congovirtuel.com\/information\/wp-json\/wp\/v2\/comments?post=340"}],"version-history":[{"count":1,"href":"https:\/\/congovirtuel.com\/information\/wp-json\/wp\/v2\/posts\/340\/revisions"}],"predecessor-version":[{"id":341,"href":"https:\/\/congovirtuel.com\/information\/wp-json\/wp\/v2\/posts\/340\/revisions\/341"}],"wp:featuredmedia":[{"embeddable":true,"href":"https:\/\/congovirtuel.com\/information\/wp-json\/wp\/v2\/media\/244"}],"wp:attachment":[{"href":"https:\/\/congovirtuel.com\/information\/wp-json\/wp\/v2\/media?parent=340"}],"wp:term":[{"taxonomy":"category","embeddable":true,"href":"https:\/\/congovirtuel.com\/information\/wp-json\/wp\/v2\/categories?post=340"},{"taxonomy":"post_tag","embeddable":true,"href":"https:\/\/congovirtuel.com\/information\/wp-json\/wp\/v2\/tags?post=340"}],"curies":[{"name":"wp","href":"https:\/\/api.w.org\/{rel}","templated":true}]}}