{"id":3461,"date":"2020-09-29T09:59:47","date_gmt":"2020-09-29T08:59:47","guid":{"rendered":"https:\/\/congovirtuel.com\/information\/?p=3461"},"modified":"2020-09-29T10:00:00","modified_gmt":"2020-09-29T09:00:00","slug":"coronavirus-afrique-la-vie-redevient-presque-normale-mais-pas-partout","status":"publish","type":"post","link":"https:\/\/congovirtuel.com\/information\/coronavirus-afrique-la-vie-redevient-presque-normale-mais-pas-partout\/","title":{"rendered":"Coronavirus Afrique : la vie redevient \u00ab\u00a0presque normale\u00a0\u00bb, mais pas partout","gt_translate_keys":[{"key":"rendered","format":"text"}]},"content":{"rendered":"\n<p class=\"wp-block-paragraph\">\u00ab\u00a0<em>Le quotidien redevient presque normal mais on ne retrouvera pas la vie d\u2019avant<\/em>\u00ab\u00a0, philosophe Petunia Maseko, dans un bar de Soweto. L\u2019Afrique, plut\u00f4t \u00e9pargn\u00e9e par le Covid-19 qui a en revanche assomm\u00e9 son \u00e9conomie, reprend un peu son souffle apr\u00e8s la paralysie li\u00e9e \u00e0 la pand\u00e9mie.<\/p>\n\n\n\n<p class=\"wp-block-paragraph\">\u00ab\u00a0<em>C\u2019\u00e9tait dur d\u2019\u00eatre priv\u00e9e de vie sociale<\/em>\u00ab\u00a0, soupire la jeune fille en tenue traditionnelle Ndebele aux couleurs vives. \u00ab\u00a0<em>C\u2019est quand m\u00eame important pour d\u00e9stresser et se faire un r\u00e9seau<\/em>\u00ab\u00a0, ajoute l\u2019\u00e9tudiante avec le s\u00e9rieux de ses 21 ans.<\/p>\n\n\n\n<p class=\"wp-block-paragraph\">Au Black and White Lifestyle Pub, l\u2019excitation est \u00e0 son comble en ce premier week-end de printemps, qui co\u00efncide avec le passage au niveau 1 de confinement, le plus faible depuis six mois en Afrique du Sud. Masqu\u00e9s, les clients font contr\u00f4ler leur temp\u00e9rature \u00e0 l\u2019entr\u00e9e.<\/p>\n\n\n\n<p class=\"wp-block-paragraph\">Gel hydroalcoolique en main, le DJ Tiisetso Tenyane joue\u00a0\u00bb<em>de nouveau pour des gens, en vrai<\/em>\u00ab\u00a0. Apr\u00e8s des s\u00e9ances en visio, \u00ab\u00a0<em>\u00e7a fait un bien fou<\/em>\u00ab\u00a0.<\/p>\n\n\n\n<p class=\"wp-block-paragraph\">D\u00e9sormais,\u00a0\u00bb<em>je porte un masque quand je sors de chez moi, mais c\u2019est le dernier vrai marqueur de la pand\u00e9mie<\/em>\u00ab\u00a0, note Petunia.<\/p>\n\n\n\n<p class=\"wp-block-paragraph\">Sur le reste du continent, le quotidien fait le grand \u00e9cart entre application stricte des mesures sanitaires et rel\u00e2chement total.<\/p>\n\n\n\n<p class=\"wp-block-paragraph\"><strong>On reprend nos habitudes<\/strong><\/p>\n\n\n\n<p class=\"wp-block-paragraph\">\u00ab\u00a0<em>On s\u2019en fout du corona<\/em>\u00ab\u00a0: la phrase est du pr\u00e9sident ivoirien Alassane Ouattara qui ne pensait pas \u00eatre capt\u00e9 par les micros, avant d\u2019embrasser au m\u00e9pris des mesures barri\u00e8re une figure de son parti devant des milliers de personnes en ao\u00fbt.<\/p>\n\n\n\n<p class=\"wp-block-paragraph\">En C\u00f4te d\u2019Ivoire, si le masque reste obligatoire en milieu ferm\u00e9,\u00a0\u00bb<em>ce n\u2019est respect\u00e9 nulle part ou presque<\/em>\u00ab\u00a0, confie un agent de sant\u00e9 sous couvert d\u2019anonymat.<\/p>\n\n\n\n<p class=\"wp-block-paragraph\">\u00ab\u00a0<em>La psychose est partie et l\u2019Etat ne communique plus trop sur le sujet<\/em>\u00ab\u00a0<em>.<\/em><\/p>\n\n\n\n<p class=\"wp-block-paragraph\">A Kinshasa, prise des temp\u00e9ratures et lavage des mains sont observ\u00e9s dans le quartier d\u2019affaires de Gombe. Mais dans les communes populaires, le rel\u00e2chement est partout&nbsp;: masques sur le menton et mains serr\u00e9es.<\/p>\n\n\n\n<p class=\"wp-block-paragraph\">Pour beaucoup,\u00a0\u00bb<em>corona eza te<\/em>\u00ab\u00a0<em>&nbsp;(<\/em>\u00ab\u00a0<em>Il n\u2019y a pas de corona<\/em>\u00ab\u00a0, en lingala).<\/p>\n\n\n\n<p class=\"wp-block-paragraph\">Au Burkina, pays qui traverse une grave crise humanitaire et s\u00e9curitaire, Ousmane Ouedraogo, 43 ans, vendeur de poissons, trouve que le masque, \u00ab\u00a0<em>on ne peut pas en porter \u00e9ternellement<\/em>\u00ab\u00a0<em>.<\/em><\/p>\n\n\n\n<p class=\"wp-block-paragraph\">\u00ab\u00a0<em>On essayait de porter \u00e7a chaque jour mais ce sont les autorit\u00e9s qui ont donn\u00e9 l\u2019exemple en faisant comme si la maladie est finie. Donc on reprend nos habitudes<\/em>\u00ab\u00a0<em>.<\/em><\/p>\n\n\n\n<p class=\"wp-block-paragraph\">Le dispositif de lavage de mains \u00e0 l\u2019entr\u00e9e du caf\u00e9-restaurant de Guillaume Traor\u00e9,\u00a0\u00bb<em>plus personne ne l\u2019utilise<\/em>\u00ab\u00a0. Et \u00ab\u00a0<em>quand tu interpelles un client, il te dit que le coronavirus n\u2019existe pas ou que lui ne porte pas le virus<\/em>\u00ab\u00a0<em>.<\/em><\/p>\n\n\n\n<p class=\"wp-block-paragraph\">Au Tchad comme au Gabon, le masque est port\u00e9 bas, couvrant seulement la bouche voire le menton, pour dire qu\u2019on le porte ou pouvoir le relever \u00e0 la h\u00e2te en pr\u00e9sence de policiers.<\/p>\n\n\n\n<p class=\"wp-block-paragraph\">Dans les \u00e9glises et mosqu\u00e9es, sur les march\u00e9s, les gens se bousculent, se saluent au contact. Le soir, un couvre-feu strict reste pourtant impos\u00e9.<\/p>\n\n\n\n<h2 class=\"wp-block-heading\">N\u00e9gligence contagieuse<\/h2>\n\n\n\n<p class=\"wp-block-paragraph\">A Lagos, Isiaka Okesanya, 41 ans, offre son visage entier aux passants&nbsp;: son masque est rest\u00e9 chez lui.<\/p>\n\n\n\n<p class=\"wp-block-paragraph\">\u00ab\u00a0<em>Ces derniers jours, je l\u2019oublie r\u00e9guli\u00e8rement. Dieu nous a aid\u00e9s \u00e0 nous d\u00e9barrasser de la maladie, on ne voit plus de gros chiffres effrayants<\/em>\u00ab\u00a0, explique le fonctionnaire.<\/p>\n\n\n\n<p class=\"wp-block-paragraph\">Le gouvernement nig\u00e9rian s\u2019inqui\u00e8te d\u2019une n\u00e9gligence contagieuse.\u00a0\u00bb<em>Les chiffres baissent mais on ne peut pas encore se f\u00e9liciter<\/em>\u00ab\u00a0, pr\u00e9vient le ministre de la Sant\u00e9 Osagie Ehanire, citant l\u2019irruption de deuxi\u00e8mes vagues\u00a0\u00bb<em>dans des pays riches qui pensaient avoir terrass\u00e9 le coronavirus<\/em>\u00ab\u00a0<em>.<\/em><\/p>\n\n\n\n<p class=\"wp-block-paragraph\">\u00ab\u00a0<em>Il est encore bien l\u00e0, bien r\u00e9el. Il faut continuer \u00e0 prendre des pr\u00e9cautions jusqu\u2019\u00e0 ce que nous soyons en mesure de le ma\u00eetriser<\/em>\u00ab\u00a0, insiste Emmanuel Akinyemi, directeur de l\u2019Estate Clinic \u00e0 Lagos.<\/p>\n\n\n\n<p class=\"wp-block-paragraph\">L\u2019Afrique a \u00e9t\u00e9 \u00e9pargn\u00e9e par la\u00a0\u00bb<em>propagation exponentielle<\/em>\u00ab\u00a0de l\u2019\u00e9pid\u00e9mie (moyenne d\u2019\u00e2ge inf\u00e9rieure, faibles densit\u00e9s de population\u2026), a relev\u00e9 l\u2019OMS la semaine derni\u00e8re. Mais\u00a0\u00bb<em>il faut faire attention \u00e0 ne pas surm\u00e9diatiser un succ\u00e8s<\/em>\u00a0\u00bb qui reste fragile, pr\u00e9vient le directeur du Centre de contr\u00f4le et de pr\u00e9vention des maladies (CDC) de l\u2019Union africaine, John Nkengasong.<\/p>\n\n\n\n<p class=\"wp-block-paragraph\">Le Kenya, o\u00f9 les contaminations baissent doucement, rouvre mardi ses bars et retarde de deux heures l\u2019entr\u00e9e en vigueur du couvre-feu nocturne, mais garde ses \u00e9coles ferm\u00e9es.<\/p>\n\n\n\n<p class=\"wp-block-paragraph\">Au S\u00e9n\u00e9gal, la vie a repris presque normalement depuis juin.<\/p>\n\n\n\n<p class=\"wp-block-paragraph\">Contraste saisissant avec le Rwanda, o\u00f9 l\u2019un des confinements les plus stricts se prolonge&nbsp;: arrestations de ceux qui \u00ab\u00a0<em>ne portent pas le masque correctement<\/em>\u00a0\u00bb et patrouilles de police pour emp\u00eacher les rassemblements, y compris priv\u00e9s.<\/p>\n\n\n\n<p class=\"wp-block-paragraph\">Le couvre-feu \u00e9teint la soir\u00e9e, comme en Ouganda et au Kenya.<\/p>\n\n\n\n<p class=\"wp-block-paragraph\">Face \u00e0 l\u2019Europe, le Maroc reste en \u00e9tat de \u00ab\u00a0semi-confinement\u00a0\u00bb comme \u00e0 Casablanca, entre couvre-feu et restrictions strictes. Des quartiers populaires sont \u00e9troitement boucl\u00e9s, des barrages de police r\u00e9apparaissent sur les routes.<\/p>\n\n\n\n<p class=\"wp-block-paragraph\"><strong>RTBF<\/strong><\/p>\n","protected":false,"gt_translate_keys":[{"key":"rendered","format":"html"}]},"excerpt":{"rendered":"<p>\u00ab\u00a0Le quotidien redevient presque normal mais on ne retrouvera pas la vie d\u2019avant\u00ab\u00a0, philosophe Petunia Maseko, dans un bar de Soweto. L\u2019Afrique, plut\u00f4t \u00e9pargn\u00e9e par le Covid-19 qui a en revanche assomm\u00e9 son \u00e9conomie, reprend un peu son souffle apr\u00e8s la paralysie li\u00e9e \u00e0 la pand\u00e9mie. \u00ab\u00a0C\u2019\u00e9tait dur d\u2019\u00eatre priv\u00e9e de vie sociale\u00ab\u00a0, soupire la jeune fille en tenue traditionnelle Ndebele aux couleurs vives. \u00ab\u00a0C\u2019est quand m\u00eame important pour d\u00e9stresser et se faire un r\u00e9seau\u00ab\u00a0, ajoute l\u2019\u00e9tudiante avec le s\u00e9rieux de ses 21 ans. Au Black and White Lifestyle Pub,&hellip;<\/p>\n","protected":false,"gt_translate_keys":[{"key":"rendered","format":"html"}]},"author":1,"featured_media":3462,"comment_status":"open","ping_status":"open","sticky":false,"template":"","format":"standard","meta":{"_crdt_document":"","footnotes":""},"categories":[12,220],"tags":[2771,2772],"class_list":["post-3461","post","type-post","status-publish","format-standard","has-post-thumbnail","hentry","category-afrique","category-coronnavirus","tag-coronavirus-en-afrique-mythe-ou-realite","tag-la-vie-redevient-normale-en-afrique-face-au-coronavirus"],"gutentor_comment":0,"yoast_head":"<!-- This site is optimized with the Yoast SEO plugin v27.5 - https:\/\/yoast.com\/product\/yoast-seo-wordpress\/ -->\n<title>Coronavirus Afrique : la vie redevient &quot;presque normale&quot;, mais pas partout - Actualit\u00e9s congolaises et internationales<\/title>\n<meta name=\"robots\" content=\"index, follow, max-snippet:-1, max-image-preview:large, max-video-preview:-1\" \/>\n<link rel=\"canonical\" href=\"https:\/\/congovirtuel.com\/information\/coronavirus-afrique-la-vie-redevient-presque-normale-mais-pas-partout\/\" \/>\n<meta property=\"og:locale\" content=\"fr_FR\" \/>\n<meta property=\"og:type\" content=\"article\" \/>\n<meta property=\"og:title\" content=\"Coronavirus Afrique : la vie redevient &quot;presque normale&quot;, mais pas partout - Actualit\u00e9s congolaises et internationales\" \/>\n<meta property=\"og:description\" content=\"\u00ab\u00a0Le quotidien redevient presque normal mais on ne retrouvera pas la vie d\u2019avant\u00ab\u00a0, philosophe Petunia Maseko, dans un bar de Soweto. L\u2019Afrique, plut\u00f4t \u00e9pargn\u00e9e par le Covid-19 qui a en revanche assomm\u00e9 son \u00e9conomie, reprend un peu son souffle apr\u00e8s la paralysie li\u00e9e \u00e0 la pand\u00e9mie. \u00ab\u00a0C\u2019\u00e9tait dur d\u2019\u00eatre priv\u00e9e de vie sociale\u00ab\u00a0, soupire la jeune fille en tenue traditionnelle Ndebele aux couleurs vives. \u00ab\u00a0C\u2019est quand m\u00eame important pour d\u00e9stresser et se faire un r\u00e9seau\u00ab\u00a0, ajoute l\u2019\u00e9tudiante avec le s\u00e9rieux de ses 21 ans. Au Black and White Lifestyle Pub,&hellip;\" \/>\n<meta property=\"og:url\" content=\"https:\/\/congovirtuel.com\/information\/coronavirus-afrique-la-vie-redevient-presque-normale-mais-pas-partout\/\" \/>\n<meta property=\"og:site_name\" content=\"Actualit\u00e9s congolaises et internationales\" \/>\n<meta property=\"article:publisher\" content=\"https:\/\/web.facebook.com\/Congovirtuel-763617960319601\/?ref=aymt_homepage_panel&amp;amp%3bamp%3bamp%3bamp%3bamp%3bamp%3bamp%3bamp%3bamp%3bamp%3bamp%3beid=ARCoxULa66767kIgF_KYav6VdjXTI4yk_LW4yoVO9s6NXpysgb7Cb65vpxcxgqzOAKvIbLQxaAETcqHT\" \/>\n<meta property=\"article:published_time\" content=\"2020-09-29T08:59:47+00:00\" \/>\n<meta property=\"article:modified_time\" content=\"2020-09-29T09:00:00+00:00\" \/>\n<meta property=\"og:image\" content=\"https:\/\/congovirtuel.com\/information\/wp-content\/uploads\/2020\/09\/marche_abidjan.jpg\" \/>\n\t<meta property=\"og:image:width\" content=\"1248\" \/>\n\t<meta property=\"og:image:height\" content=\"701\" \/>\n\t<meta property=\"og:image:type\" content=\"image\/jpeg\" \/>\n<meta name=\"author\" content=\"infocongovirtuel\" \/>\n<meta name=\"twitter:card\" content=\"summary_large_image\" \/>\n<meta name=\"twitter:creator\" content=\"@congovirtuel\" \/>\n<meta name=\"twitter:site\" content=\"@congovirtuel\" \/>\n<meta name=\"twitter:label1\" content=\"\u00c9crit par\" \/>\n\t<meta name=\"twitter:data1\" content=\"infocongovirtuel\" \/>\n\t<meta name=\"twitter:label2\" content=\"Dur\u00e9e de lecture estim\u00e9e\" \/>\n\t<meta name=\"twitter:data2\" content=\"4 minutes\" \/>\n<script type=\"application\/ld+json\" class=\"yoast-schema-graph\">{\"@context\":\"https:\\\/\\\/schema.org\",\"@graph\":[{\"@type\":\"Article\",\"@id\":\"https:\\\/\\\/congovirtuel.com\\\/information\\\/coronavirus-afrique-la-vie-redevient-presque-normale-mais-pas-partout\\\/#article\",\"isPartOf\":{\"@id\":\"https:\\\/\\\/congovirtuel.com\\\/information\\\/coronavirus-afrique-la-vie-redevient-presque-normale-mais-pas-partout\\\/\"},\"author\":{\"name\":\"infocongovirtuel\",\"@id\":\"https:\\\/\\\/congovirtuel.com\\\/information\\\/#\\\/schema\\\/person\\\/739a44bf7990966cb53d58d2fdeca0b6\"},\"headline\":\"Coronavirus Afrique : la vie redevient \u00ab\u00a0presque normale\u00a0\u00bb, mais pas partout\",\"datePublished\":\"2020-09-29T08:59:47+00:00\",\"dateModified\":\"2020-09-29T09:00:00+00:00\",\"mainEntityOfPage\":{\"@id\":\"https:\\\/\\\/congovirtuel.com\\\/information\\\/coronavirus-afrique-la-vie-redevient-presque-normale-mais-pas-partout\\\/\"},\"wordCount\":878,\"commentCount\":0,\"publisher\":{\"@id\":\"https:\\\/\\\/congovirtuel.com\\\/information\\\/#organization\"},\"image\":{\"@id\":\"https:\\\/\\\/congovirtuel.com\\\/information\\\/coronavirus-afrique-la-vie-redevient-presque-normale-mais-pas-partout\\\/#primaryimage\"},\"thumbnailUrl\":\"https:\\\/\\\/congovirtuel.com\\\/information\\\/wp-content\\\/uploads\\\/2020\\\/09\\\/marche_abidjan.jpg\",\"keywords\":[\"coronavirus en Afrique mythe ou r\u00e9alit\u00e9\",\"la vie redevient normale en Afrique face au coronavirus\"],\"articleSection\":[\"Afrique\",\"Coronnavirus\"],\"inLanguage\":\"fr-FR\",\"potentialAction\":[{\"@type\":\"CommentAction\",\"name\":\"Comment\",\"target\":[\"https:\\\/\\\/congovirtuel.com\\\/information\\\/coronavirus-afrique-la-vie-redevient-presque-normale-mais-pas-partout\\\/#respond\"]}]},{\"@type\":\"WebPage\",\"@id\":\"https:\\\/\\\/congovirtuel.com\\\/information\\\/coronavirus-afrique-la-vie-redevient-presque-normale-mais-pas-partout\\\/\",\"url\":\"https:\\\/\\\/congovirtuel.com\\\/information\\\/coronavirus-afrique-la-vie-redevient-presque-normale-mais-pas-partout\\\/\",\"name\":\"Coronavirus Afrique : la vie redevient \\\"presque normale\\\", mais pas partout - Actualit\u00e9s congolaises et internationales\",\"isPartOf\":{\"@id\":\"https:\\\/\\\/congovirtuel.com\\\/information\\\/#website\"},\"primaryImageOfPage\":{\"@id\":\"https:\\\/\\\/congovirtuel.com\\\/information\\\/coronavirus-afrique-la-vie-redevient-presque-normale-mais-pas-partout\\\/#primaryimage\"},\"image\":{\"@id\":\"https:\\\/\\\/congovirtuel.com\\\/information\\\/coronavirus-afrique-la-vie-redevient-presque-normale-mais-pas-partout\\\/#primaryimage\"},\"thumbnailUrl\":\"https:\\\/\\\/congovirtuel.com\\\/information\\\/wp-content\\\/uploads\\\/2020\\\/09\\\/marche_abidjan.jpg\",\"datePublished\":\"2020-09-29T08:59:47+00:00\",\"dateModified\":\"2020-09-29T09:00:00+00:00\",\"breadcrumb\":{\"@id\":\"https:\\\/\\\/congovirtuel.com\\\/information\\\/coronavirus-afrique-la-vie-redevient-presque-normale-mais-pas-partout\\\/#breadcrumb\"},\"inLanguage\":\"fr-FR\",\"potentialAction\":[{\"@type\":\"ReadAction\",\"target\":[\"https:\\\/\\\/congovirtuel.com\\\/information\\\/coronavirus-afrique-la-vie-redevient-presque-normale-mais-pas-partout\\\/\"]}]},{\"@type\":\"ImageObject\",\"inLanguage\":\"fr-FR\",\"@id\":\"https:\\\/\\\/congovirtuel.com\\\/information\\\/coronavirus-afrique-la-vie-redevient-presque-normale-mais-pas-partout\\\/#primaryimage\",\"url\":\"https:\\\/\\\/congovirtuel.com\\\/information\\\/wp-content\\\/uploads\\\/2020\\\/09\\\/marche_abidjan.jpg\",\"contentUrl\":\"https:\\\/\\\/congovirtuel.com\\\/information\\\/wp-content\\\/uploads\\\/2020\\\/09\\\/marche_abidjan.jpg\",\"width\":1248,\"height\":701,\"caption\":\"march\u00e9 poisson abidjan\"},{\"@type\":\"BreadcrumbList\",\"@id\":\"https:\\\/\\\/congovirtuel.com\\\/information\\\/coronavirus-afrique-la-vie-redevient-presque-normale-mais-pas-partout\\\/#breadcrumb\",\"itemListElement\":[{\"@type\":\"ListItem\",\"position\":1,\"name\":\"Accueil\",\"item\":\"https:\\\/\\\/congovirtuel.com\\\/information\\\/\"},{\"@type\":\"ListItem\",\"position\":2,\"name\":\"Coronavirus Afrique : la vie redevient \u00ab\u00a0presque normale\u00a0\u00bb, mais pas partout\"}]},{\"@type\":\"WebSite\",\"@id\":\"https:\\\/\\\/congovirtuel.com\\\/information\\\/#website\",\"url\":\"https:\\\/\\\/congovirtuel.com\\\/information\\\/\",\"name\":\"Actualit\u00e9s congolaises et internationales\",\"description\":\"site d&#039;analyse et de traitement d&#039;information\",\"publisher\":{\"@id\":\"https:\\\/\\\/congovirtuel.com\\\/information\\\/#organization\"},\"potentialAction\":[{\"@type\":\"SearchAction\",\"target\":{\"@type\":\"EntryPoint\",\"urlTemplate\":\"https:\\\/\\\/congovirtuel.com\\\/information\\\/?s={search_term_string}\"},\"query-input\":{\"@type\":\"PropertyValueSpecification\",\"valueRequired\":true,\"valueName\":\"search_term_string\"}}],\"inLanguage\":\"fr-FR\"},{\"@type\":\"Organization\",\"@id\":\"https:\\\/\\\/congovirtuel.com\\\/information\\\/#organization\",\"name\":\"Biblioth\u00e8que Virtuelle de la RDC\",\"url\":\"https:\\\/\\\/congovirtuel.com\\\/information\\\/\",\"logo\":{\"@type\":\"ImageObject\",\"inLanguage\":\"fr-FR\",\"@id\":\"https:\\\/\\\/congovirtuel.com\\\/information\\\/#\\\/schema\\\/logo\\\/image\\\/\",\"url\":\"https:\\\/\\\/congovirtuel.com\\\/information\\\/wp-content\\\/uploads\\\/2018\\\/10\\\/header-info-congovirtuel-vraie.jpg\",\"contentUrl\":\"https:\\\/\\\/congovirtuel.com\\\/information\\\/wp-content\\\/uploads\\\/2018\\\/10\\\/header-info-congovirtuel-vraie.jpg\",\"width\":728,\"height\":90,\"caption\":\"Biblioth\u00e8que Virtuelle de la RDC\"},\"image\":{\"@id\":\"https:\\\/\\\/congovirtuel.com\\\/information\\\/#\\\/schema\\\/logo\\\/image\\\/\"},\"sameAs\":[\"https:\\\/\\\/web.facebook.com\\\/Congovirtuel-763617960319601\\\/?ref=aymt_homepage_panel&amp;amp;amp;amp;amp;amp;amp;amp;amp;amp;amp;eid=ARCoxULa66767kIgF_KYav6VdjXTI4yk_LW4yoVO9s6NXpysgb7Cb65vpxcxgqzOAKvIbLQxaAETcqHT\",\"https:\\\/\\\/x.com\\\/congovirtuel\",\"https:\\\/\\\/www.youtube.com\\\/channel\\\/UCkFfprYzGgS3EWNpeMXpToQ?view_as=subscriber\"]},{\"@type\":\"Person\",\"@id\":\"https:\\\/\\\/congovirtuel.com\\\/information\\\/#\\\/schema\\\/person\\\/739a44bf7990966cb53d58d2fdeca0b6\",\"name\":\"infocongovirtuel\",\"image\":{\"@type\":\"ImageObject\",\"inLanguage\":\"fr-FR\",\"@id\":\"https:\\\/\\\/secure.gravatar.com\\\/avatar\\\/4d76991aa72469f0eb22e772586c99113c6997f88da636a9db8f2ce3a2c05e69?s=96&d=mm&r=g\",\"url\":\"https:\\\/\\\/secure.gravatar.com\\\/avatar\\\/4d76991aa72469f0eb22e772586c99113c6997f88da636a9db8f2ce3a2c05e69?s=96&d=mm&r=g\",\"contentUrl\":\"https:\\\/\\\/secure.gravatar.com\\\/avatar\\\/4d76991aa72469f0eb22e772586c99113c6997f88da636a9db8f2ce3a2c05e69?s=96&d=mm&r=g\",\"caption\":\"infocongovirtuel\"},\"url\":\"https:\\\/\\\/congovirtuel.com\\\/information\\\/author\\\/infocongovirtuel\\\/\"}]}<\/script>\n<!-- \/ Yoast SEO plugin. -->","yoast_head_json":{"title":"Coronavirus Afrique : la vie redevient \"presque normale\", mais pas partout - Actualit\u00e9s congolaises et internationales","robots":{"index":"index","follow":"follow","max-snippet":"max-snippet:-1","max-image-preview":"max-image-preview:large","max-video-preview":"max-video-preview:-1"},"canonical":"https:\/\/congovirtuel.com\/information\/coronavirus-afrique-la-vie-redevient-presque-normale-mais-pas-partout\/","og_locale":"fr_FR","og_type":"article","og_title":"Coronavirus Afrique : la vie redevient \"presque normale\", mais pas partout - Actualit\u00e9s congolaises et internationales","og_description":"\u00ab\u00a0Le quotidien redevient presque normal mais on ne retrouvera pas la vie d\u2019avant\u00ab\u00a0, philosophe Petunia Maseko, dans un bar de Soweto. L\u2019Afrique, plut\u00f4t \u00e9pargn\u00e9e par le Covid-19 qui a en revanche assomm\u00e9 son \u00e9conomie, reprend un peu son souffle apr\u00e8s la paralysie li\u00e9e \u00e0 la pand\u00e9mie. \u00ab\u00a0C\u2019\u00e9tait dur d\u2019\u00eatre priv\u00e9e de vie sociale\u00ab\u00a0, soupire la jeune fille en tenue traditionnelle Ndebele aux couleurs vives. \u00ab\u00a0C\u2019est quand m\u00eame important pour d\u00e9stresser et se faire un r\u00e9seau\u00ab\u00a0, ajoute l\u2019\u00e9tudiante avec le s\u00e9rieux de ses 21 ans. Au Black and White Lifestyle Pub,&hellip;","og_url":"https:\/\/congovirtuel.com\/information\/coronavirus-afrique-la-vie-redevient-presque-normale-mais-pas-partout\/","og_site_name":"Actualit\u00e9s congolaises et internationales","article_publisher":"https:\/\/web.facebook.com\/Congovirtuel-763617960319601\/?ref=aymt_homepage_panel&amp%3bamp%3bamp%3bamp%3bamp%3bamp%3bamp%3bamp%3bamp%3bamp%3bamp%3beid=ARCoxULa66767kIgF_KYav6VdjXTI4yk_LW4yoVO9s6NXpysgb7Cb65vpxcxgqzOAKvIbLQxaAETcqHT","article_published_time":"2020-09-29T08:59:47+00:00","article_modified_time":"2020-09-29T09:00:00+00:00","og_image":[{"width":1248,"height":701,"url":"https:\/\/congovirtuel.com\/information\/wp-content\/uploads\/2020\/09\/marche_abidjan.jpg","type":"image\/jpeg"}],"author":"infocongovirtuel","twitter_card":"summary_large_image","twitter_creator":"@congovirtuel","twitter_site":"@congovirtuel","twitter_misc":{"\u00c9crit par":"infocongovirtuel","Dur\u00e9e de lecture estim\u00e9e":"4 minutes"},"schema":{"@context":"https:\/\/schema.org","@graph":[{"@type":"Article","@id":"https:\/\/congovirtuel.com\/information\/coronavirus-afrique-la-vie-redevient-presque-normale-mais-pas-partout\/#article","isPartOf":{"@id":"https:\/\/congovirtuel.com\/information\/coronavirus-afrique-la-vie-redevient-presque-normale-mais-pas-partout\/"},"author":{"name":"infocongovirtuel","@id":"https:\/\/congovirtuel.com\/information\/#\/schema\/person\/739a44bf7990966cb53d58d2fdeca0b6"},"headline":"Coronavirus Afrique : la vie redevient \u00ab\u00a0presque normale\u00a0\u00bb, mais pas partout","datePublished":"2020-09-29T08:59:47+00:00","dateModified":"2020-09-29T09:00:00+00:00","mainEntityOfPage":{"@id":"https:\/\/congovirtuel.com\/information\/coronavirus-afrique-la-vie-redevient-presque-normale-mais-pas-partout\/"},"wordCount":878,"commentCount":0,"publisher":{"@id":"https:\/\/congovirtuel.com\/information\/#organization"},"image":{"@id":"https:\/\/congovirtuel.com\/information\/coronavirus-afrique-la-vie-redevient-presque-normale-mais-pas-partout\/#primaryimage"},"thumbnailUrl":"https:\/\/congovirtuel.com\/information\/wp-content\/uploads\/2020\/09\/marche_abidjan.jpg","keywords":["coronavirus en Afrique mythe ou r\u00e9alit\u00e9","la vie redevient normale en Afrique face au coronavirus"],"articleSection":["Afrique","Coronnavirus"],"inLanguage":"fr-FR","potentialAction":[{"@type":"CommentAction","name":"Comment","target":["https:\/\/congovirtuel.com\/information\/coronavirus-afrique-la-vie-redevient-presque-normale-mais-pas-partout\/#respond"]}]},{"@type":"WebPage","@id":"https:\/\/congovirtuel.com\/information\/coronavirus-afrique-la-vie-redevient-presque-normale-mais-pas-partout\/","url":"https:\/\/congovirtuel.com\/information\/coronavirus-afrique-la-vie-redevient-presque-normale-mais-pas-partout\/","name":"Coronavirus Afrique : la vie redevient \"presque normale\", mais pas partout - Actualit\u00e9s congolaises et internationales","isPartOf":{"@id":"https:\/\/congovirtuel.com\/information\/#website"},"primaryImageOfPage":{"@id":"https:\/\/congovirtuel.com\/information\/coronavirus-afrique-la-vie-redevient-presque-normale-mais-pas-partout\/#primaryimage"},"image":{"@id":"https:\/\/congovirtuel.com\/information\/coronavirus-afrique-la-vie-redevient-presque-normale-mais-pas-partout\/#primaryimage"},"thumbnailUrl":"https:\/\/congovirtuel.com\/information\/wp-content\/uploads\/2020\/09\/marche_abidjan.jpg","datePublished":"2020-09-29T08:59:47+00:00","dateModified":"2020-09-29T09:00:00+00:00","breadcrumb":{"@id":"https:\/\/congovirtuel.com\/information\/coronavirus-afrique-la-vie-redevient-presque-normale-mais-pas-partout\/#breadcrumb"},"inLanguage":"fr-FR","potentialAction":[{"@type":"ReadAction","target":["https:\/\/congovirtuel.com\/information\/coronavirus-afrique-la-vie-redevient-presque-normale-mais-pas-partout\/"]}]},{"@type":"ImageObject","inLanguage":"fr-FR","@id":"https:\/\/congovirtuel.com\/information\/coronavirus-afrique-la-vie-redevient-presque-normale-mais-pas-partout\/#primaryimage","url":"https:\/\/congovirtuel.com\/information\/wp-content\/uploads\/2020\/09\/marche_abidjan.jpg","contentUrl":"https:\/\/congovirtuel.com\/information\/wp-content\/uploads\/2020\/09\/marche_abidjan.jpg","width":1248,"height":701,"caption":"march\u00e9 poisson abidjan"},{"@type":"BreadcrumbList","@id":"https:\/\/congovirtuel.com\/information\/coronavirus-afrique-la-vie-redevient-presque-normale-mais-pas-partout\/#breadcrumb","itemListElement":[{"@type":"ListItem","position":1,"name":"Accueil","item":"https:\/\/congovirtuel.com\/information\/"},{"@type":"ListItem","position":2,"name":"Coronavirus Afrique : la vie redevient \u00ab\u00a0presque normale\u00a0\u00bb, mais pas partout"}]},{"@type":"WebSite","@id":"https:\/\/congovirtuel.com\/information\/#website","url":"https:\/\/congovirtuel.com\/information\/","name":"Actualit\u00e9s congolaises et internationales","description":"site d&#039;analyse et de traitement d&#039;information","publisher":{"@id":"https:\/\/congovirtuel.com\/information\/#organization"},"potentialAction":[{"@type":"SearchAction","target":{"@type":"EntryPoint","urlTemplate":"https:\/\/congovirtuel.com\/information\/?s={search_term_string}"},"query-input":{"@type":"PropertyValueSpecification","valueRequired":true,"valueName":"search_term_string"}}],"inLanguage":"fr-FR"},{"@type":"Organization","@id":"https:\/\/congovirtuel.com\/information\/#organization","name":"Biblioth\u00e8que Virtuelle de la RDC","url":"https:\/\/congovirtuel.com\/information\/","logo":{"@type":"ImageObject","inLanguage":"fr-FR","@id":"https:\/\/congovirtuel.com\/information\/#\/schema\/logo\/image\/","url":"https:\/\/congovirtuel.com\/information\/wp-content\/uploads\/2018\/10\/header-info-congovirtuel-vraie.jpg","contentUrl":"https:\/\/congovirtuel.com\/information\/wp-content\/uploads\/2018\/10\/header-info-congovirtuel-vraie.jpg","width":728,"height":90,"caption":"Biblioth\u00e8que Virtuelle de la RDC"},"image":{"@id":"https:\/\/congovirtuel.com\/information\/#\/schema\/logo\/image\/"},"sameAs":["https:\/\/web.facebook.com\/Congovirtuel-763617960319601\/?ref=aymt_homepage_panel&amp;amp;amp;amp;amp;amp;amp;amp;amp;amp;amp;eid=ARCoxULa66767kIgF_KYav6VdjXTI4yk_LW4yoVO9s6NXpysgb7Cb65vpxcxgqzOAKvIbLQxaAETcqHT","https:\/\/x.com\/congovirtuel","https:\/\/www.youtube.com\/channel\/UCkFfprYzGgS3EWNpeMXpToQ?view_as=subscriber"]},{"@type":"Person","@id":"https:\/\/congovirtuel.com\/information\/#\/schema\/person\/739a44bf7990966cb53d58d2fdeca0b6","name":"infocongovirtuel","image":{"@type":"ImageObject","inLanguage":"fr-FR","@id":"https:\/\/secure.gravatar.com\/avatar\/4d76991aa72469f0eb22e772586c99113c6997f88da636a9db8f2ce3a2c05e69?s=96&d=mm&r=g","url":"https:\/\/secure.gravatar.com\/avatar\/4d76991aa72469f0eb22e772586c99113c6997f88da636a9db8f2ce3a2c05e69?s=96&d=mm&r=g","contentUrl":"https:\/\/secure.gravatar.com\/avatar\/4d76991aa72469f0eb22e772586c99113c6997f88da636a9db8f2ce3a2c05e69?s=96&d=mm&r=g","caption":"infocongovirtuel"},"url":"https:\/\/congovirtuel.com\/information\/author\/infocongovirtuel\/"}]}},"gt_translate_keys":[{"key":"link","format":"url"}],"_links":{"self":[{"href":"https:\/\/congovirtuel.com\/information\/wp-json\/wp\/v2\/posts\/3461","targetHints":{"allow":["GET"]}}],"collection":[{"href":"https:\/\/congovirtuel.com\/information\/wp-json\/wp\/v2\/posts"}],"about":[{"href":"https:\/\/congovirtuel.com\/information\/wp-json\/wp\/v2\/types\/post"}],"author":[{"embeddable":true,"href":"https:\/\/congovirtuel.com\/information\/wp-json\/wp\/v2\/users\/1"}],"replies":[{"embeddable":true,"href":"https:\/\/congovirtuel.com\/information\/wp-json\/wp\/v2\/comments?post=3461"}],"version-history":[{"count":1,"href":"https:\/\/congovirtuel.com\/information\/wp-json\/wp\/v2\/posts\/3461\/revisions"}],"predecessor-version":[{"id":3463,"href":"https:\/\/congovirtuel.com\/information\/wp-json\/wp\/v2\/posts\/3461\/revisions\/3463"}],"wp:featuredmedia":[{"embeddable":true,"href":"https:\/\/congovirtuel.com\/information\/wp-json\/wp\/v2\/media\/3462"}],"wp:attachment":[{"href":"https:\/\/congovirtuel.com\/information\/wp-json\/wp\/v2\/media?parent=3461"}],"wp:term":[{"taxonomy":"category","embeddable":true,"href":"https:\/\/congovirtuel.com\/information\/wp-json\/wp\/v2\/categories?post=3461"},{"taxonomy":"post_tag","embeddable":true,"href":"https:\/\/congovirtuel.com\/information\/wp-json\/wp\/v2\/tags?post=3461"}],"curies":[{"name":"wp","href":"https:\/\/api.w.org\/{rel}","templated":true}]}}