{"id":3605,"date":"2020-10-08T06:00:27","date_gmt":"2020-10-08T05:00:27","guid":{"rendered":"https:\/\/congovirtuel.com\/information\/?p=3605"},"modified":"2020-10-08T06:00:46","modified_gmt":"2020-10-08T05:00:46","slug":"saga-afriland-bank-image-7-na-pas-donne-suites-aux-sollicitations-de-dan-gertler-pour-sa-contre-attaque-judiciaire","status":"publish","type":"post","link":"https:\/\/congovirtuel.com\/information\/saga-afriland-bank-image-7-na-pas-donne-suites-aux-sollicitations-de-dan-gertler-pour-sa-contre-attaque-judiciaire\/","title":{"rendered":"Saga Afriland Bank, Image 7 n\u2019a  pas donn\u00e9 suites aux sollicitations de Dan Gertler pour sa contre-attaque judiciaire","gt_translate_keys":[{"key":"rendered","format":"text"}]},"content":{"rendered":"\n<p class=\"wp-block-paragraph\"><strong>En pleine offensive judiciaire, le milliardaire isra\u00e9lien Dan Gertler approche Image 7<\/strong><br><br>Accus\u00e9 par deux ONG d&rsquo;avoir contourn\u00e9 les sanctions am\u00e9ricaines dont il fait l&rsquo;objet, le magnat minier a tent\u00e9, sans succ\u00e8s, de s&rsquo;allouer les services du cabinet d&rsquo;influence pour appuyer sa contre-attaque judiciaire.<br>Lanc\u00e9 depuis la fin de l&rsquo;\u00e9t\u00e9 dans un bras de fer judiciaire contre l&rsquo;ONG Global Witness et la Plateforme de protection des lanceurs d&rsquo;alerte en Afrique (PPLAAF ), le magnat minier Dan Gertler a approch\u00e9 en toute discr\u00e9tion le cabinet de communication &nbsp;Image 7. Parall\u00e8lement aux plaintes d\u00e9pos\u00e9es contre les deux ONG cet automne, Dan Gertler souhaite mener la bataille sur le terrain m\u00e9diatique.<br><br>Mais, apr\u00e8s s&rsquo;\u00eatre bri\u00e8vement pench\u00e9 sur le curriculum vitae de l&rsquo;homme d&rsquo;affaires, le cabinet dirig\u00e9 par Anne M\u00e9aux a pr\u00e9f\u00e9r\u00e9 ne pas donner suites aux sollicitations de Gertler. Il faut dire que le milliardaire isra\u00e9lien est sous sanctions des Etats-Unis depuis d\u00e9cembre 2017. Le Tr\u00e9sor am\u00e9ricain soup\u00e7onne Gertler d&rsquo;avoir amass\u00e9 sa fortune via des op\u00e9rations mini\u00e8res \u00ab\u00a0opaques\u00a0\u00bb et \u00ab\u00a0corrompues\u00a0\u00bb ayant fait perdre pr\u00e8s d&rsquo;un milliard et demi de dollars \u00e0 l&rsquo;Etat congolais entre 2010 et 2012.<br><br><strong>Un rapport g\u00eanant pour Gertler<\/strong><\/p>\n\n\n\n<p class=\"wp-block-paragraph\"><br>En juillet, Global Witness et la PPLAAF avaient publi\u00e9 un rapport dans lequel les deux ONG accusaient Dan Gertler d&rsquo;avoir utilis\u00e9 la filiale congolaise de la banque camerounaise Afriland First Bank pour r\u00e9aliser des transactions en euros (le diamantaire, cibl\u00e9 par des sanctions am\u00e9ricaines, se retrouve largement exclu du syst\u00e8me bancaire en dollars). Des \u00ab\u00a0all\u00e9gations\u00a0\u00bb que conteste largement l&rsquo;homme d&rsquo;affaires isra\u00e9lien d\u00e9fendu depuis peu par l&rsquo;avocat Emmanuel Daoud (Vigo Avocats).<br><br>Plusieurs plaintes en diffamation ont \u00e9t\u00e9 d\u00e9pos\u00e9es aupr\u00e8s du Tribunal judiciaire de Paris ces derniers jours contre Global Witness et la PPLAAF par Gertler et la banque camerounaise ainsi que par des associ\u00e9s de l&rsquo;homme d&rsquo;affaires isra\u00e9lien \u00e9galement mis en cause dans le rapport des deux ONG.<br><br><strong>Africa Intelligence<\/strong>\/titrage congovirtuel<\/p>\n","protected":false,"gt_translate_keys":[{"key":"rendered","format":"html"}]},"excerpt":{"rendered":"<p>En pleine offensive judiciaire, le milliardaire isra\u00e9lien Dan Gertler approche Image 7 Accus\u00e9 par deux ONG d&rsquo;avoir contourn\u00e9 les sanctions am\u00e9ricaines dont il fait l&rsquo;objet, le magnat minier a tent\u00e9, sans succ\u00e8s, de s&rsquo;allouer les services du cabinet d&rsquo;influence pour appuyer sa contre-attaque judiciaire.Lanc\u00e9 depuis la fin de l&rsquo;\u00e9t\u00e9 dans un bras de fer judiciaire contre l&rsquo;ONG Global Witness et la Plateforme de protection des lanceurs d&rsquo;alerte en Afrique (PPLAAF ), le magnat minier Dan Gertler a approch\u00e9 en toute discr\u00e9tion le cabinet de communication &nbsp;Image 7. Parall\u00e8lement aux plaintes&hellip;<\/p>\n","protected":false,"gt_translate_keys":[{"key":"rendered","format":"html"}]},"author":1,"featured_media":2184,"comment_status":"open","ping_status":"open","sticky":false,"template":"","format":"standard","meta":{"_crdt_document":"","footnotes":""},"categories":[1598],"tags":[],"class_list":["post-3605","post","type-post","status-publish","format-standard","has-post-thumbnail","hentry","category-sanction"],"gutentor_comment":0,"yoast_head":"<!-- This site is optimized with the Yoast SEO plugin v27.5 - https:\/\/yoast.com\/product\/yoast-seo-wordpress\/ -->\n<title>Saga Afriland Bank, Image 7 n\u2019a pas donn\u00e9 suites aux sollicitations de Dan Gertler pour sa contre-attaque judiciaire - Actualit\u00e9s congolaises et internationales<\/title>\n<meta name=\"robots\" content=\"index, follow, max-snippet:-1, max-image-preview:large, max-video-preview:-1\" \/>\n<link rel=\"canonical\" href=\"https:\/\/congovirtuel.com\/information\/saga-afriland-bank-image-7-na-pas-donne-suites-aux-sollicitations-de-dan-gertler-pour-sa-contre-attaque-judiciaire\/\" \/>\n<meta property=\"og:locale\" content=\"fr_FR\" \/>\n<meta property=\"og:type\" content=\"article\" \/>\n<meta property=\"og:title\" content=\"Saga Afriland Bank, Image 7 n\u2019a pas donn\u00e9 suites aux sollicitations de Dan Gertler pour sa contre-attaque judiciaire - Actualit\u00e9s congolaises et internationales\" \/>\n<meta property=\"og:description\" content=\"En pleine offensive judiciaire, le milliardaire isra\u00e9lien Dan Gertler approche Image 7 Accus\u00e9 par deux ONG d&rsquo;avoir contourn\u00e9 les sanctions am\u00e9ricaines dont il fait l&rsquo;objet, le magnat minier a tent\u00e9, sans succ\u00e8s, de s&rsquo;allouer les services du cabinet d&rsquo;influence pour appuyer sa contre-attaque judiciaire.Lanc\u00e9 depuis la fin de l&rsquo;\u00e9t\u00e9 dans un bras de fer judiciaire contre l&rsquo;ONG Global Witness et la Plateforme de protection des lanceurs d&rsquo;alerte en Afrique (PPLAAF ), le magnat minier Dan Gertler a approch\u00e9 en toute discr\u00e9tion le cabinet de communication &nbsp;Image 7. Parall\u00e8lement aux plaintes&hellip;\" \/>\n<meta property=\"og:url\" content=\"https:\/\/congovirtuel.com\/information\/saga-afriland-bank-image-7-na-pas-donne-suites-aux-sollicitations-de-dan-gertler-pour-sa-contre-attaque-judiciaire\/\" \/>\n<meta property=\"og:site_name\" content=\"Actualit\u00e9s congolaises et internationales\" \/>\n<meta property=\"article:publisher\" content=\"https:\/\/web.facebook.com\/Congovirtuel-763617960319601\/?ref=aymt_homepage_panel&amp;amp%3bamp%3bamp%3bamp%3bamp%3bamp%3bamp%3bamp%3bamp%3bamp%3bamp%3beid=ARCoxULa66767kIgF_KYav6VdjXTI4yk_LW4yoVO9s6NXpysgb7Cb65vpxcxgqzOAKvIbLQxaAETcqHT\" \/>\n<meta property=\"article:published_time\" content=\"2020-10-08T05:00:27+00:00\" \/>\n<meta property=\"article:modified_time\" content=\"2020-10-08T05:00:46+00:00\" \/>\n<meta property=\"og:image\" content=\"https:\/\/congovirtuel.com\/information\/wp-content\/uploads\/2020\/07\/dan_gerteler-horz-800-x-400.jpg\" \/>\n\t<meta property=\"og:image:width\" content=\"800\" \/>\n\t<meta property=\"og:image:height\" content=\"400\" \/>\n\t<meta property=\"og:image:type\" content=\"image\/jpeg\" \/>\n<meta name=\"author\" content=\"infocongovirtuel\" \/>\n<meta name=\"twitter:card\" content=\"summary_large_image\" \/>\n<meta name=\"twitter:creator\" content=\"@congovirtuel\" \/>\n<meta name=\"twitter:site\" content=\"@congovirtuel\" \/>\n<meta name=\"twitter:label1\" content=\"\u00c9crit par\" \/>\n\t<meta name=\"twitter:data1\" content=\"infocongovirtuel\" \/>\n\t<meta name=\"twitter:label2\" content=\"Dur\u00e9e de lecture estim\u00e9e\" \/>\n\t<meta name=\"twitter:data2\" content=\"2 minutes\" \/>\n<script type=\"application\/ld+json\" class=\"yoast-schema-graph\">{\"@context\":\"https:\\\/\\\/schema.org\",\"@graph\":[{\"@type\":\"Article\",\"@id\":\"https:\\\/\\\/congovirtuel.com\\\/information\\\/saga-afriland-bank-image-7-na-pas-donne-suites-aux-sollicitations-de-dan-gertler-pour-sa-contre-attaque-judiciaire\\\/#article\",\"isPartOf\":{\"@id\":\"https:\\\/\\\/congovirtuel.com\\\/information\\\/saga-afriland-bank-image-7-na-pas-donne-suites-aux-sollicitations-de-dan-gertler-pour-sa-contre-attaque-judiciaire\\\/\"},\"author\":{\"name\":\"infocongovirtuel\",\"@id\":\"https:\\\/\\\/congovirtuel.com\\\/information\\\/#\\\/schema\\\/person\\\/739a44bf7990966cb53d58d2fdeca0b6\"},\"headline\":\"Saga Afriland Bank, Image 7 n\u2019a pas donn\u00e9 suites aux sollicitations de Dan Gertler pour sa contre-attaque judiciaire\",\"datePublished\":\"2020-10-08T05:00:27+00:00\",\"dateModified\":\"2020-10-08T05:00:46+00:00\",\"mainEntityOfPage\":{\"@id\":\"https:\\\/\\\/congovirtuel.com\\\/information\\\/saga-afriland-bank-image-7-na-pas-donne-suites-aux-sollicitations-de-dan-gertler-pour-sa-contre-attaque-judiciaire\\\/\"},\"wordCount\":374,\"commentCount\":0,\"publisher\":{\"@id\":\"https:\\\/\\\/congovirtuel.com\\\/information\\\/#organization\"},\"image\":{\"@id\":\"https:\\\/\\\/congovirtuel.com\\\/information\\\/saga-afriland-bank-image-7-na-pas-donne-suites-aux-sollicitations-de-dan-gertler-pour-sa-contre-attaque-judiciaire\\\/#primaryimage\"},\"thumbnailUrl\":\"https:\\\/\\\/congovirtuel.com\\\/information\\\/wp-content\\\/uploads\\\/2020\\\/07\\\/dan_gerteler-horz-800-x-400.jpg\",\"articleSection\":[\"Sanction\"],\"inLanguage\":\"fr-FR\",\"potentialAction\":[{\"@type\":\"CommentAction\",\"name\":\"Comment\",\"target\":[\"https:\\\/\\\/congovirtuel.com\\\/information\\\/saga-afriland-bank-image-7-na-pas-donne-suites-aux-sollicitations-de-dan-gertler-pour-sa-contre-attaque-judiciaire\\\/#respond\"]}]},{\"@type\":\"WebPage\",\"@id\":\"https:\\\/\\\/congovirtuel.com\\\/information\\\/saga-afriland-bank-image-7-na-pas-donne-suites-aux-sollicitations-de-dan-gertler-pour-sa-contre-attaque-judiciaire\\\/\",\"url\":\"https:\\\/\\\/congovirtuel.com\\\/information\\\/saga-afriland-bank-image-7-na-pas-donne-suites-aux-sollicitations-de-dan-gertler-pour-sa-contre-attaque-judiciaire\\\/\",\"name\":\"Saga Afriland Bank, Image 7 n\u2019a pas donn\u00e9 suites aux sollicitations de Dan Gertler pour sa contre-attaque judiciaire - Actualit\u00e9s congolaises et internationales\",\"isPartOf\":{\"@id\":\"https:\\\/\\\/congovirtuel.com\\\/information\\\/#website\"},\"primaryImageOfPage\":{\"@id\":\"https:\\\/\\\/congovirtuel.com\\\/information\\\/saga-afriland-bank-image-7-na-pas-donne-suites-aux-sollicitations-de-dan-gertler-pour-sa-contre-attaque-judiciaire\\\/#primaryimage\"},\"image\":{\"@id\":\"https:\\\/\\\/congovirtuel.com\\\/information\\\/saga-afriland-bank-image-7-na-pas-donne-suites-aux-sollicitations-de-dan-gertler-pour-sa-contre-attaque-judiciaire\\\/#primaryimage\"},\"thumbnailUrl\":\"https:\\\/\\\/congovirtuel.com\\\/information\\\/wp-content\\\/uploads\\\/2020\\\/07\\\/dan_gerteler-horz-800-x-400.jpg\",\"datePublished\":\"2020-10-08T05:00:27+00:00\",\"dateModified\":\"2020-10-08T05:00:46+00:00\",\"breadcrumb\":{\"@id\":\"https:\\\/\\\/congovirtuel.com\\\/information\\\/saga-afriland-bank-image-7-na-pas-donne-suites-aux-sollicitations-de-dan-gertler-pour-sa-contre-attaque-judiciaire\\\/#breadcrumb\"},\"inLanguage\":\"fr-FR\",\"potentialAction\":[{\"@type\":\"ReadAction\",\"target\":[\"https:\\\/\\\/congovirtuel.com\\\/information\\\/saga-afriland-bank-image-7-na-pas-donne-suites-aux-sollicitations-de-dan-gertler-pour-sa-contre-attaque-judiciaire\\\/\"]}]},{\"@type\":\"ImageObject\",\"inLanguage\":\"fr-FR\",\"@id\":\"https:\\\/\\\/congovirtuel.com\\\/information\\\/saga-afriland-bank-image-7-na-pas-donne-suites-aux-sollicitations-de-dan-gertler-pour-sa-contre-attaque-judiciaire\\\/#primaryimage\",\"url\":\"https:\\\/\\\/congovirtuel.com\\\/information\\\/wp-content\\\/uploads\\\/2020\\\/07\\\/dan_gerteler-horz-800-x-400.jpg\",\"contentUrl\":\"https:\\\/\\\/congovirtuel.com\\\/information\\\/wp-content\\\/uploads\\\/2020\\\/07\\\/dan_gerteler-horz-800-x-400.jpg\",\"width\":800,\"height\":400,\"caption\":\"Dan Gertler et Afriland RDC\"},{\"@type\":\"BreadcrumbList\",\"@id\":\"https:\\\/\\\/congovirtuel.com\\\/information\\\/saga-afriland-bank-image-7-na-pas-donne-suites-aux-sollicitations-de-dan-gertler-pour-sa-contre-attaque-judiciaire\\\/#breadcrumb\",\"itemListElement\":[{\"@type\":\"ListItem\",\"position\":1,\"name\":\"Accueil\",\"item\":\"https:\\\/\\\/congovirtuel.com\\\/information\\\/\"},{\"@type\":\"ListItem\",\"position\":2,\"name\":\"Saga Afriland Bank, Image 7 n\u2019a pas donn\u00e9 suites aux sollicitations de Dan Gertler pour sa contre-attaque judiciaire\"}]},{\"@type\":\"WebSite\",\"@id\":\"https:\\\/\\\/congovirtuel.com\\\/information\\\/#website\",\"url\":\"https:\\\/\\\/congovirtuel.com\\\/information\\\/\",\"name\":\"Actualit\u00e9s congolaises et internationales\",\"description\":\"site d&#039;analyse et de traitement d&#039;information\",\"publisher\":{\"@id\":\"https:\\\/\\\/congovirtuel.com\\\/information\\\/#organization\"},\"potentialAction\":[{\"@type\":\"SearchAction\",\"target\":{\"@type\":\"EntryPoint\",\"urlTemplate\":\"https:\\\/\\\/congovirtuel.com\\\/information\\\/?s={search_term_string}\"},\"query-input\":{\"@type\":\"PropertyValueSpecification\",\"valueRequired\":true,\"valueName\":\"search_term_string\"}}],\"inLanguage\":\"fr-FR\"},{\"@type\":\"Organization\",\"@id\":\"https:\\\/\\\/congovirtuel.com\\\/information\\\/#organization\",\"name\":\"Biblioth\u00e8que Virtuelle de la RDC\",\"url\":\"https:\\\/\\\/congovirtuel.com\\\/information\\\/\",\"logo\":{\"@type\":\"ImageObject\",\"inLanguage\":\"fr-FR\",\"@id\":\"https:\\\/\\\/congovirtuel.com\\\/information\\\/#\\\/schema\\\/logo\\\/image\\\/\",\"url\":\"https:\\\/\\\/congovirtuel.com\\\/information\\\/wp-content\\\/uploads\\\/2018\\\/10\\\/header-info-congovirtuel-vraie.jpg\",\"contentUrl\":\"https:\\\/\\\/congovirtuel.com\\\/information\\\/wp-content\\\/uploads\\\/2018\\\/10\\\/header-info-congovirtuel-vraie.jpg\",\"width\":728,\"height\":90,\"caption\":\"Biblioth\u00e8que Virtuelle de la RDC\"},\"image\":{\"@id\":\"https:\\\/\\\/congovirtuel.com\\\/information\\\/#\\\/schema\\\/logo\\\/image\\\/\"},\"sameAs\":[\"https:\\\/\\\/web.facebook.com\\\/Congovirtuel-763617960319601\\\/?ref=aymt_homepage_panel&amp;amp;amp;amp;amp;amp;amp;amp;amp;amp;amp;eid=ARCoxULa66767kIgF_KYav6VdjXTI4yk_LW4yoVO9s6NXpysgb7Cb65vpxcxgqzOAKvIbLQxaAETcqHT\",\"https:\\\/\\\/x.com\\\/congovirtuel\",\"https:\\\/\\\/www.youtube.com\\\/channel\\\/UCkFfprYzGgS3EWNpeMXpToQ?view_as=subscriber\"]},{\"@type\":\"Person\",\"@id\":\"https:\\\/\\\/congovirtuel.com\\\/information\\\/#\\\/schema\\\/person\\\/739a44bf7990966cb53d58d2fdeca0b6\",\"name\":\"infocongovirtuel\",\"image\":{\"@type\":\"ImageObject\",\"inLanguage\":\"fr-FR\",\"@id\":\"https:\\\/\\\/secure.gravatar.com\\\/avatar\\\/4d76991aa72469f0eb22e772586c99113c6997f88da636a9db8f2ce3a2c05e69?s=96&d=mm&r=g\",\"url\":\"https:\\\/\\\/secure.gravatar.com\\\/avatar\\\/4d76991aa72469f0eb22e772586c99113c6997f88da636a9db8f2ce3a2c05e69?s=96&d=mm&r=g\",\"contentUrl\":\"https:\\\/\\\/secure.gravatar.com\\\/avatar\\\/4d76991aa72469f0eb22e772586c99113c6997f88da636a9db8f2ce3a2c05e69?s=96&d=mm&r=g\",\"caption\":\"infocongovirtuel\"},\"url\":\"https:\\\/\\\/congovirtuel.com\\\/information\\\/author\\\/infocongovirtuel\\\/\"}]}<\/script>\n<!-- \/ Yoast SEO plugin. -->","yoast_head_json":{"title":"Saga Afriland Bank, Image 7 n\u2019a pas donn\u00e9 suites aux sollicitations de Dan Gertler pour sa contre-attaque judiciaire - Actualit\u00e9s congolaises et internationales","robots":{"index":"index","follow":"follow","max-snippet":"max-snippet:-1","max-image-preview":"max-image-preview:large","max-video-preview":"max-video-preview:-1"},"canonical":"https:\/\/congovirtuel.com\/information\/saga-afriland-bank-image-7-na-pas-donne-suites-aux-sollicitations-de-dan-gertler-pour-sa-contre-attaque-judiciaire\/","og_locale":"fr_FR","og_type":"article","og_title":"Saga Afriland Bank, Image 7 n\u2019a pas donn\u00e9 suites aux sollicitations de Dan Gertler pour sa contre-attaque judiciaire - Actualit\u00e9s congolaises et internationales","og_description":"En pleine offensive judiciaire, le milliardaire isra\u00e9lien Dan Gertler approche Image 7 Accus\u00e9 par deux ONG d&rsquo;avoir contourn\u00e9 les sanctions am\u00e9ricaines dont il fait l&rsquo;objet, le magnat minier a tent\u00e9, sans succ\u00e8s, de s&rsquo;allouer les services du cabinet d&rsquo;influence pour appuyer sa contre-attaque judiciaire.Lanc\u00e9 depuis la fin de l&rsquo;\u00e9t\u00e9 dans un bras de fer judiciaire contre l&rsquo;ONG Global Witness et la Plateforme de protection des lanceurs d&rsquo;alerte en Afrique (PPLAAF ), le magnat minier Dan Gertler a approch\u00e9 en toute discr\u00e9tion le cabinet de communication &nbsp;Image 7. Parall\u00e8lement aux plaintes&hellip;","og_url":"https:\/\/congovirtuel.com\/information\/saga-afriland-bank-image-7-na-pas-donne-suites-aux-sollicitations-de-dan-gertler-pour-sa-contre-attaque-judiciaire\/","og_site_name":"Actualit\u00e9s congolaises et internationales","article_publisher":"https:\/\/web.facebook.com\/Congovirtuel-763617960319601\/?ref=aymt_homepage_panel&amp%3bamp%3bamp%3bamp%3bamp%3bamp%3bamp%3bamp%3bamp%3bamp%3bamp%3beid=ARCoxULa66767kIgF_KYav6VdjXTI4yk_LW4yoVO9s6NXpysgb7Cb65vpxcxgqzOAKvIbLQxaAETcqHT","article_published_time":"2020-10-08T05:00:27+00:00","article_modified_time":"2020-10-08T05:00:46+00:00","og_image":[{"width":800,"height":400,"url":"https:\/\/congovirtuel.com\/information\/wp-content\/uploads\/2020\/07\/dan_gerteler-horz-800-x-400.jpg","type":"image\/jpeg"}],"author":"infocongovirtuel","twitter_card":"summary_large_image","twitter_creator":"@congovirtuel","twitter_site":"@congovirtuel","twitter_misc":{"\u00c9crit par":"infocongovirtuel","Dur\u00e9e de lecture estim\u00e9e":"2 minutes"},"schema":{"@context":"https:\/\/schema.org","@graph":[{"@type":"Article","@id":"https:\/\/congovirtuel.com\/information\/saga-afriland-bank-image-7-na-pas-donne-suites-aux-sollicitations-de-dan-gertler-pour-sa-contre-attaque-judiciaire\/#article","isPartOf":{"@id":"https:\/\/congovirtuel.com\/information\/saga-afriland-bank-image-7-na-pas-donne-suites-aux-sollicitations-de-dan-gertler-pour-sa-contre-attaque-judiciaire\/"},"author":{"name":"infocongovirtuel","@id":"https:\/\/congovirtuel.com\/information\/#\/schema\/person\/739a44bf7990966cb53d58d2fdeca0b6"},"headline":"Saga Afriland Bank, Image 7 n\u2019a pas donn\u00e9 suites aux sollicitations de Dan Gertler pour sa contre-attaque judiciaire","datePublished":"2020-10-08T05:00:27+00:00","dateModified":"2020-10-08T05:00:46+00:00","mainEntityOfPage":{"@id":"https:\/\/congovirtuel.com\/information\/saga-afriland-bank-image-7-na-pas-donne-suites-aux-sollicitations-de-dan-gertler-pour-sa-contre-attaque-judiciaire\/"},"wordCount":374,"commentCount":0,"publisher":{"@id":"https:\/\/congovirtuel.com\/information\/#organization"},"image":{"@id":"https:\/\/congovirtuel.com\/information\/saga-afriland-bank-image-7-na-pas-donne-suites-aux-sollicitations-de-dan-gertler-pour-sa-contre-attaque-judiciaire\/#primaryimage"},"thumbnailUrl":"https:\/\/congovirtuel.com\/information\/wp-content\/uploads\/2020\/07\/dan_gerteler-horz-800-x-400.jpg","articleSection":["Sanction"],"inLanguage":"fr-FR","potentialAction":[{"@type":"CommentAction","name":"Comment","target":["https:\/\/congovirtuel.com\/information\/saga-afriland-bank-image-7-na-pas-donne-suites-aux-sollicitations-de-dan-gertler-pour-sa-contre-attaque-judiciaire\/#respond"]}]},{"@type":"WebPage","@id":"https:\/\/congovirtuel.com\/information\/saga-afriland-bank-image-7-na-pas-donne-suites-aux-sollicitations-de-dan-gertler-pour-sa-contre-attaque-judiciaire\/","url":"https:\/\/congovirtuel.com\/information\/saga-afriland-bank-image-7-na-pas-donne-suites-aux-sollicitations-de-dan-gertler-pour-sa-contre-attaque-judiciaire\/","name":"Saga Afriland Bank, Image 7 n\u2019a pas donn\u00e9 suites aux sollicitations de Dan Gertler pour sa contre-attaque judiciaire - Actualit\u00e9s congolaises et internationales","isPartOf":{"@id":"https:\/\/congovirtuel.com\/information\/#website"},"primaryImageOfPage":{"@id":"https:\/\/congovirtuel.com\/information\/saga-afriland-bank-image-7-na-pas-donne-suites-aux-sollicitations-de-dan-gertler-pour-sa-contre-attaque-judiciaire\/#primaryimage"},"image":{"@id":"https:\/\/congovirtuel.com\/information\/saga-afriland-bank-image-7-na-pas-donne-suites-aux-sollicitations-de-dan-gertler-pour-sa-contre-attaque-judiciaire\/#primaryimage"},"thumbnailUrl":"https:\/\/congovirtuel.com\/information\/wp-content\/uploads\/2020\/07\/dan_gerteler-horz-800-x-400.jpg","datePublished":"2020-10-08T05:00:27+00:00","dateModified":"2020-10-08T05:00:46+00:00","breadcrumb":{"@id":"https:\/\/congovirtuel.com\/information\/saga-afriland-bank-image-7-na-pas-donne-suites-aux-sollicitations-de-dan-gertler-pour-sa-contre-attaque-judiciaire\/#breadcrumb"},"inLanguage":"fr-FR","potentialAction":[{"@type":"ReadAction","target":["https:\/\/congovirtuel.com\/information\/saga-afriland-bank-image-7-na-pas-donne-suites-aux-sollicitations-de-dan-gertler-pour-sa-contre-attaque-judiciaire\/"]}]},{"@type":"ImageObject","inLanguage":"fr-FR","@id":"https:\/\/congovirtuel.com\/information\/saga-afriland-bank-image-7-na-pas-donne-suites-aux-sollicitations-de-dan-gertler-pour-sa-contre-attaque-judiciaire\/#primaryimage","url":"https:\/\/congovirtuel.com\/information\/wp-content\/uploads\/2020\/07\/dan_gerteler-horz-800-x-400.jpg","contentUrl":"https:\/\/congovirtuel.com\/information\/wp-content\/uploads\/2020\/07\/dan_gerteler-horz-800-x-400.jpg","width":800,"height":400,"caption":"Dan Gertler et Afriland RDC"},{"@type":"BreadcrumbList","@id":"https:\/\/congovirtuel.com\/information\/saga-afriland-bank-image-7-na-pas-donne-suites-aux-sollicitations-de-dan-gertler-pour-sa-contre-attaque-judiciaire\/#breadcrumb","itemListElement":[{"@type":"ListItem","position":1,"name":"Accueil","item":"https:\/\/congovirtuel.com\/information\/"},{"@type":"ListItem","position":2,"name":"Saga Afriland Bank, Image 7 n\u2019a pas donn\u00e9 suites aux sollicitations de Dan Gertler pour sa contre-attaque judiciaire"}]},{"@type":"WebSite","@id":"https:\/\/congovirtuel.com\/information\/#website","url":"https:\/\/congovirtuel.com\/information\/","name":"Actualit\u00e9s congolaises et internationales","description":"site d&#039;analyse et de traitement d&#039;information","publisher":{"@id":"https:\/\/congovirtuel.com\/information\/#organization"},"potentialAction":[{"@type":"SearchAction","target":{"@type":"EntryPoint","urlTemplate":"https:\/\/congovirtuel.com\/information\/?s={search_term_string}"},"query-input":{"@type":"PropertyValueSpecification","valueRequired":true,"valueName":"search_term_string"}}],"inLanguage":"fr-FR"},{"@type":"Organization","@id":"https:\/\/congovirtuel.com\/information\/#organization","name":"Biblioth\u00e8que Virtuelle de la RDC","url":"https:\/\/congovirtuel.com\/information\/","logo":{"@type":"ImageObject","inLanguage":"fr-FR","@id":"https:\/\/congovirtuel.com\/information\/#\/schema\/logo\/image\/","url":"https:\/\/congovirtuel.com\/information\/wp-content\/uploads\/2018\/10\/header-info-congovirtuel-vraie.jpg","contentUrl":"https:\/\/congovirtuel.com\/information\/wp-content\/uploads\/2018\/10\/header-info-congovirtuel-vraie.jpg","width":728,"height":90,"caption":"Biblioth\u00e8que Virtuelle de la RDC"},"image":{"@id":"https:\/\/congovirtuel.com\/information\/#\/schema\/logo\/image\/"},"sameAs":["https:\/\/web.facebook.com\/Congovirtuel-763617960319601\/?ref=aymt_homepage_panel&amp;amp;amp;amp;amp;amp;amp;amp;amp;amp;amp;eid=ARCoxULa66767kIgF_KYav6VdjXTI4yk_LW4yoVO9s6NXpysgb7Cb65vpxcxgqzOAKvIbLQxaAETcqHT","https:\/\/x.com\/congovirtuel","https:\/\/www.youtube.com\/channel\/UCkFfprYzGgS3EWNpeMXpToQ?view_as=subscriber"]},{"@type":"Person","@id":"https:\/\/congovirtuel.com\/information\/#\/schema\/person\/739a44bf7990966cb53d58d2fdeca0b6","name":"infocongovirtuel","image":{"@type":"ImageObject","inLanguage":"fr-FR","@id":"https:\/\/secure.gravatar.com\/avatar\/4d76991aa72469f0eb22e772586c99113c6997f88da636a9db8f2ce3a2c05e69?s=96&d=mm&r=g","url":"https:\/\/secure.gravatar.com\/avatar\/4d76991aa72469f0eb22e772586c99113c6997f88da636a9db8f2ce3a2c05e69?s=96&d=mm&r=g","contentUrl":"https:\/\/secure.gravatar.com\/avatar\/4d76991aa72469f0eb22e772586c99113c6997f88da636a9db8f2ce3a2c05e69?s=96&d=mm&r=g","caption":"infocongovirtuel"},"url":"https:\/\/congovirtuel.com\/information\/author\/infocongovirtuel\/"}]}},"gt_translate_keys":[{"key":"link","format":"url"}],"_links":{"self":[{"href":"https:\/\/congovirtuel.com\/information\/wp-json\/wp\/v2\/posts\/3605","targetHints":{"allow":["GET"]}}],"collection":[{"href":"https:\/\/congovirtuel.com\/information\/wp-json\/wp\/v2\/posts"}],"about":[{"href":"https:\/\/congovirtuel.com\/information\/wp-json\/wp\/v2\/types\/post"}],"author":[{"embeddable":true,"href":"https:\/\/congovirtuel.com\/information\/wp-json\/wp\/v2\/users\/1"}],"replies":[{"embeddable":true,"href":"https:\/\/congovirtuel.com\/information\/wp-json\/wp\/v2\/comments?post=3605"}],"version-history":[{"count":1,"href":"https:\/\/congovirtuel.com\/information\/wp-json\/wp\/v2\/posts\/3605\/revisions"}],"predecessor-version":[{"id":3606,"href":"https:\/\/congovirtuel.com\/information\/wp-json\/wp\/v2\/posts\/3605\/revisions\/3606"}],"wp:featuredmedia":[{"embeddable":true,"href":"https:\/\/congovirtuel.com\/information\/wp-json\/wp\/v2\/media\/2184"}],"wp:attachment":[{"href":"https:\/\/congovirtuel.com\/information\/wp-json\/wp\/v2\/media?parent=3605"}],"wp:term":[{"taxonomy":"category","embeddable":true,"href":"https:\/\/congovirtuel.com\/information\/wp-json\/wp\/v2\/categories?post=3605"},{"taxonomy":"post_tag","embeddable":true,"href":"https:\/\/congovirtuel.com\/information\/wp-json\/wp\/v2\/tags?post=3605"}],"curies":[{"name":"wp","href":"https:\/\/api.w.org\/{rel}","templated":true}]}}