{"id":362,"date":"2019-11-15T17:20:45","date_gmt":"2019-11-15T16:20:45","guid":{"rendered":"https:\/\/congovirtuel.com\/information\/?p=362"},"modified":"2019-11-15T17:32:53","modified_gmt":"2019-11-15T16:32:53","slug":"on-ne-va-pas-se-faire-des-bisous-lance-tshisekedi-au-sujet-de-son-alliance-avec-kabila","status":"publish","type":"post","link":"https:\/\/congovirtuel.com\/information\/on-ne-va-pas-se-faire-des-bisous-lance-tshisekedi-au-sujet-de-son-alliance-avec-kabila\/","title":{"rendered":"\u00ab\u00a0On ne va pas se faire des bisous!\u00a0\u00bb, lance Tshisekedi au sujet de son alliance avec Kabila","gt_translate_keys":[{"key":"rendered","format":"text"}]},"content":{"rendered":"\n<p class=\"wp-block-paragraph\">\u00ab\u00a0Il y a quelques mois, ces gens-l\u00e0 \u00e9taient nos adversaires. On ne va pas soudainement se faire des bisous sur la bouche!\u00a0\u00bb, a d\u00e9clar\u00e9 le pr\u00e9sident F\u00e9lix Tshisekedi au sujet de sa coalition avec son pr\u00e9d\u00e9cesseur, Joseph Kabila, qui conna\u00eet des tensions ces derniers jours.<\/p>\n\n\n\n<p class=\"wp-block-paragraph\">\u00ab\u00a0Dans le camp Kabila, certains n&rsquo;acceptent toujours pas d&rsquo;avoir perdu leurs privil\u00e8ges. Et dans notre propre camp, certains n&rsquo;acceptent pas de se coaliser avec ceux qui \u00e9taient hier encore nos bourreaux\u00a0\u00bb, a dit le chef de l&rsquo;Etat congolais au quotidien fran\u00e7ais Lib\u00e9ration \u00e0 l&rsquo;occasion de sa visite \u00e0 Paris.<\/p>\n\n\n\n<script async src=\"\/\/pagead2.googlesyndication.com\/pagead\/js\/adsbygoogle.js\"><\/script>\n<!-- code responsive -->\n<ins class=\"adsbygoogle\"\n     style=\"display:block\"\n     data-ad-client=\"ca-pub-2119363214666215\"\n     data-ad-slot=\"1973679082\"\n     data-ad-format=\"auto\"><\/ins>\n<script>\n(adsbygoogle = window.adsbygoogle || []).push({});\n<\/script>\n\n\n\n<p class=\"wp-block-paragraph\">\u00ab\u00a0Le courant (avec Kabila, NDLR) passe bien\u00a0\u00bb, a d\u00e9clar\u00e9 M. Tshisekedi vendredi \u00e0 Berlin lors d&rsquo;une conf\u00e9rence de presse avec la chanceli\u00e8re Angela Merkel.<\/p>\n\n\n\n<p class=\"wp-block-paragraph\">\u00ab\u00a0Nous parlons aussi des probl\u00e8mes de la coalition. Mais dans l&rsquo;ensemble, il sait que je dirige ce pays et il se tient vraiment \u00e0 sa place, celle d&rsquo;un consultant quand j&rsquo;en ai de temps en temps besoin et il le fait vraiment de gaiet\u00e9 de c\u0153ur\u00a0\u00bb, a ajout\u00e9 le pr\u00e9sident investi le 24 janvier.<\/p>\n\n\n\n<p class=\"wp-block-paragraph\">En son absence en RDC, des responsables des deux camps ont multipli\u00e9 les d\u00e9clarations incendiaires.<\/p>\n\n\n\n<p class=\"wp-block-paragraph\">Les deux camps s&rsquo;accusent mutuellement de la d\u00e9gradation ponctuelle d&rsquo;affiches \u00e0 l&rsquo;effigie de leurs deux leaders.<\/p>\n\n\n\n<p class=\"wp-block-paragraph\">Une d\u00e9l\u00e9gation gouvernementale est arriv\u00e9e ce vendredi \u00e0 Kolwezi (sud-est) pour calmer les esprits apr\u00e8s des incidents entre les deux camps la semaine derni\u00e8re.<\/p>\n\n\n\n<p class=\"wp-block-paragraph\">Un porte-parole de la Mission des Nations unies au Congo (Monusco) a propos\u00e9 \u00ab\u00a0les bons offices\u00a0\u00bb de la mission onusienne \u00ab\u00a0pour r\u00e9soudre des probl\u00e8mes\u00a0\u00bb, si les Congolais en font la demande.<\/p>\n\n\n\n<p class=\"wp-block-paragraph\">\u00ab\u00a0Il faut aussi que les acteurs politiques jouent le r\u00f4le d&rsquo;hommes d&rsquo;Etat\u00a0\u00bb, a ajout\u00e9 ce repr\u00e9sentant, Fran\u00e7ois Grignon, mercredi lors de la conf\u00e9rence de presse hebdomadaire de la Monusco.<\/p>\n\n\n\n<p class=\"wp-block-paragraph\">Issu de l&rsquo;opposition, le pr\u00e9sident Tshisekedi a \u00e9t\u00e9 proclam\u00e9 vainqueur de l&rsquo;\u00e9lection pr\u00e9sidentielle du 30 d\u00e9cembre. Les forces de son pr\u00e9d\u00e9cesseur ont gard\u00e9 la majorit\u00e9 au parlement et dans les 26 provinces.<\/p>\n\n\n\n<p class=\"wp-block-paragraph\">MM. Tshisekedi et Kabila ont mis plus de sept mois pour s&rsquo;entendre sur un gouvernement de 67 membres, dont les deux tiers sont affili\u00e9s au Front commun pour le Congo (FCC) pro-Kabila<\/p>\n\n\n\n<p class=\"wp-block-paragraph\">VOA<\/p>\n","protected":false,"gt_translate_keys":[{"key":"rendered","format":"html"}]},"excerpt":{"rendered":"<p>\u00ab\u00a0Il y a quelques mois, ces gens-l\u00e0 \u00e9taient nos adversaires. On ne va pas soudainement se faire des bisous sur la bouche!\u00a0\u00bb, a d\u00e9clar\u00e9 le pr\u00e9sident F\u00e9lix Tshisekedi au sujet de sa coalition avec son pr\u00e9d\u00e9cesseur, Joseph Kabila, qui conna\u00eet des tensions ces derniers jours. \u00ab\u00a0Dans le camp Kabila, certains n&rsquo;acceptent toujours pas d&rsquo;avoir perdu leurs privil\u00e8ges. Et dans notre propre camp, certains n&rsquo;acceptent pas de se coaliser avec ceux qui \u00e9taient hier encore nos bourreaux\u00a0\u00bb, a dit le chef de l&rsquo;Etat congolais au quotidien fran\u00e7ais Lib\u00e9ration \u00e0 l&rsquo;occasion de&hellip;<\/p>\n","protected":false,"gt_translate_keys":[{"key":"rendered","format":"html"}]},"author":1,"featured_media":363,"comment_status":"open","ping_status":"open","sticky":false,"template":"","format":"standard","meta":{"_crdt_document":"","footnotes":""},"categories":[2],"tags":[],"class_list":["post-362","post","type-post","status-publish","format-standard","has-post-thumbnail","hentry","category-politique"],"gutentor_comment":0,"yoast_head":"<!-- This site is optimized with the Yoast SEO plugin v27.5 - https:\/\/yoast.com\/product\/yoast-seo-wordpress\/ -->\n<title>&quot;On ne va pas se faire des bisous!&quot;, lance Tshisekedi au sujet de son alliance avec Kabila - Actualit\u00e9s congolaises et internationales<\/title>\n<meta name=\"robots\" content=\"index, follow, max-snippet:-1, max-image-preview:large, max-video-preview:-1\" \/>\n<link rel=\"canonical\" href=\"https:\/\/congovirtuel.com\/information\/on-ne-va-pas-se-faire-des-bisous-lance-tshisekedi-au-sujet-de-son-alliance-avec-kabila\/\" \/>\n<meta property=\"og:locale\" content=\"fr_FR\" \/>\n<meta property=\"og:type\" content=\"article\" \/>\n<meta property=\"og:title\" content=\"&quot;On ne va pas se faire des bisous!&quot;, lance Tshisekedi au sujet de son alliance avec Kabila - Actualit\u00e9s congolaises et internationales\" \/>\n<meta property=\"og:description\" content=\"\u00ab\u00a0Il y a quelques mois, ces gens-l\u00e0 \u00e9taient nos adversaires. On ne va pas soudainement se faire des bisous sur la bouche!\u00a0\u00bb, a d\u00e9clar\u00e9 le pr\u00e9sident F\u00e9lix Tshisekedi au sujet de sa coalition avec son pr\u00e9d\u00e9cesseur, Joseph Kabila, qui conna\u00eet des tensions ces derniers jours. \u00ab\u00a0Dans le camp Kabila, certains n&rsquo;acceptent toujours pas d&rsquo;avoir perdu leurs privil\u00e8ges. Et dans notre propre camp, certains n&rsquo;acceptent pas de se coaliser avec ceux qui \u00e9taient hier encore nos bourreaux\u00a0\u00bb, a dit le chef de l&rsquo;Etat congolais au quotidien fran\u00e7ais Lib\u00e9ration \u00e0 l&rsquo;occasion de&hellip;\" \/>\n<meta property=\"og:url\" content=\"https:\/\/congovirtuel.com\/information\/on-ne-va-pas-se-faire-des-bisous-lance-tshisekedi-au-sujet-de-son-alliance-avec-kabila\/\" \/>\n<meta property=\"og:site_name\" content=\"Actualit\u00e9s congolaises et internationales\" \/>\n<meta property=\"article:publisher\" content=\"https:\/\/web.facebook.com\/Congovirtuel-763617960319601\/?ref=aymt_homepage_panel&amp;amp%3bamp%3bamp%3bamp%3bamp%3bamp%3bamp%3bamp%3bamp%3bamp%3bamp%3beid=ARCoxULa66767kIgF_KYav6VdjXTI4yk_LW4yoVO9s6NXpysgb7Cb65vpxcxgqzOAKvIbLQxaAETcqHT\" \/>\n<meta property=\"article:published_time\" content=\"2019-11-15T16:20:45+00:00\" \/>\n<meta property=\"article:modified_time\" content=\"2019-11-15T16:32:53+00:00\" \/>\n<meta property=\"og:image\" content=\"https:\/\/congovirtuel.com\/information\/wp-content\/uploads\/2019\/11\/photo_passation.jpg\" \/>\n\t<meta property=\"og:image:width\" content=\"1023\" \/>\n\t<meta property=\"og:image:height\" content=\"575\" \/>\n\t<meta property=\"og:image:type\" content=\"image\/jpeg\" \/>\n<meta name=\"author\" content=\"infocongovirtuel\" \/>\n<meta name=\"twitter:card\" content=\"summary_large_image\" \/>\n<meta name=\"twitter:creator\" content=\"@congovirtuel\" \/>\n<meta name=\"twitter:site\" content=\"@congovirtuel\" \/>\n<meta name=\"twitter:label1\" content=\"\u00c9crit par\" \/>\n\t<meta name=\"twitter:data1\" content=\"infocongovirtuel\" \/>\n\t<meta name=\"twitter:label2\" content=\"Dur\u00e9e de lecture estim\u00e9e\" \/>\n\t<meta name=\"twitter:data2\" content=\"2 minutes\" \/>\n<script type=\"application\/ld+json\" class=\"yoast-schema-graph\">{\"@context\":\"https:\\\/\\\/schema.org\",\"@graph\":[{\"@type\":\"Article\",\"@id\":\"https:\\\/\\\/congovirtuel.com\\\/information\\\/on-ne-va-pas-se-faire-des-bisous-lance-tshisekedi-au-sujet-de-son-alliance-avec-kabila\\\/#article\",\"isPartOf\":{\"@id\":\"https:\\\/\\\/congovirtuel.com\\\/information\\\/on-ne-va-pas-se-faire-des-bisous-lance-tshisekedi-au-sujet-de-son-alliance-avec-kabila\\\/\"},\"author\":{\"name\":\"infocongovirtuel\",\"@id\":\"https:\\\/\\\/congovirtuel.com\\\/information\\\/#\\\/schema\\\/person\\\/739a44bf7990966cb53d58d2fdeca0b6\"},\"headline\":\"\u00ab\u00a0On ne va pas se faire des bisous!\u00a0\u00bb, lance Tshisekedi au sujet de son alliance avec Kabila\",\"datePublished\":\"2019-11-15T16:20:45+00:00\",\"dateModified\":\"2019-11-15T16:32:53+00:00\",\"mainEntityOfPage\":{\"@id\":\"https:\\\/\\\/congovirtuel.com\\\/information\\\/on-ne-va-pas-se-faire-des-bisous-lance-tshisekedi-au-sujet-de-son-alliance-avec-kabila\\\/\"},\"wordCount\":410,\"commentCount\":0,\"publisher\":{\"@id\":\"https:\\\/\\\/congovirtuel.com\\\/information\\\/#organization\"},\"image\":{\"@id\":\"https:\\\/\\\/congovirtuel.com\\\/information\\\/on-ne-va-pas-se-faire-des-bisous-lance-tshisekedi-au-sujet-de-son-alliance-avec-kabila\\\/#primaryimage\"},\"thumbnailUrl\":\"https:\\\/\\\/congovirtuel.com\\\/information\\\/wp-content\\\/uploads\\\/2019\\\/11\\\/photo_passation.jpg\",\"articleSection\":[\"Politique\"],\"inLanguage\":\"fr-FR\",\"potentialAction\":[{\"@type\":\"CommentAction\",\"name\":\"Comment\",\"target\":[\"https:\\\/\\\/congovirtuel.com\\\/information\\\/on-ne-va-pas-se-faire-des-bisous-lance-tshisekedi-au-sujet-de-son-alliance-avec-kabila\\\/#respond\"]}]},{\"@type\":\"WebPage\",\"@id\":\"https:\\\/\\\/congovirtuel.com\\\/information\\\/on-ne-va-pas-se-faire-des-bisous-lance-tshisekedi-au-sujet-de-son-alliance-avec-kabila\\\/\",\"url\":\"https:\\\/\\\/congovirtuel.com\\\/information\\\/on-ne-va-pas-se-faire-des-bisous-lance-tshisekedi-au-sujet-de-son-alliance-avec-kabila\\\/\",\"name\":\"\\\"On ne va pas se faire des bisous!\\\", lance Tshisekedi au sujet de son alliance avec Kabila - Actualit\u00e9s congolaises et internationales\",\"isPartOf\":{\"@id\":\"https:\\\/\\\/congovirtuel.com\\\/information\\\/#website\"},\"primaryImageOfPage\":{\"@id\":\"https:\\\/\\\/congovirtuel.com\\\/information\\\/on-ne-va-pas-se-faire-des-bisous-lance-tshisekedi-au-sujet-de-son-alliance-avec-kabila\\\/#primaryimage\"},\"image\":{\"@id\":\"https:\\\/\\\/congovirtuel.com\\\/information\\\/on-ne-va-pas-se-faire-des-bisous-lance-tshisekedi-au-sujet-de-son-alliance-avec-kabila\\\/#primaryimage\"},\"thumbnailUrl\":\"https:\\\/\\\/congovirtuel.com\\\/information\\\/wp-content\\\/uploads\\\/2019\\\/11\\\/photo_passation.jpg\",\"datePublished\":\"2019-11-15T16:20:45+00:00\",\"dateModified\":\"2019-11-15T16:32:53+00:00\",\"breadcrumb\":{\"@id\":\"https:\\\/\\\/congovirtuel.com\\\/information\\\/on-ne-va-pas-se-faire-des-bisous-lance-tshisekedi-au-sujet-de-son-alliance-avec-kabila\\\/#breadcrumb\"},\"inLanguage\":\"fr-FR\",\"potentialAction\":[{\"@type\":\"ReadAction\",\"target\":[\"https:\\\/\\\/congovirtuel.com\\\/information\\\/on-ne-va-pas-se-faire-des-bisous-lance-tshisekedi-au-sujet-de-son-alliance-avec-kabila\\\/\"]}]},{\"@type\":\"ImageObject\",\"inLanguage\":\"fr-FR\",\"@id\":\"https:\\\/\\\/congovirtuel.com\\\/information\\\/on-ne-va-pas-se-faire-des-bisous-lance-tshisekedi-au-sujet-de-son-alliance-avec-kabila\\\/#primaryimage\",\"url\":\"https:\\\/\\\/congovirtuel.com\\\/information\\\/wp-content\\\/uploads\\\/2019\\\/11\\\/photo_passation.jpg\",\"contentUrl\":\"https:\\\/\\\/congovirtuel.com\\\/information\\\/wp-content\\\/uploads\\\/2019\\\/11\\\/photo_passation.jpg\",\"width\":1023,\"height\":575,\"caption\":\"photo passation pouvoir kabila tshisekedi\"},{\"@type\":\"BreadcrumbList\",\"@id\":\"https:\\\/\\\/congovirtuel.com\\\/information\\\/on-ne-va-pas-se-faire-des-bisous-lance-tshisekedi-au-sujet-de-son-alliance-avec-kabila\\\/#breadcrumb\",\"itemListElement\":[{\"@type\":\"ListItem\",\"position\":1,\"name\":\"Accueil\",\"item\":\"https:\\\/\\\/congovirtuel.com\\\/information\\\/\"},{\"@type\":\"ListItem\",\"position\":2,\"name\":\"\u00ab\u00a0On ne va pas se faire des bisous!\u00a0\u00bb, lance Tshisekedi au sujet de son alliance avec Kabila\"}]},{\"@type\":\"WebSite\",\"@id\":\"https:\\\/\\\/congovirtuel.com\\\/information\\\/#website\",\"url\":\"https:\\\/\\\/congovirtuel.com\\\/information\\\/\",\"name\":\"Actualit\u00e9s congolaises et internationales\",\"description\":\"site d&#039;analyse et de traitement d&#039;information\",\"publisher\":{\"@id\":\"https:\\\/\\\/congovirtuel.com\\\/information\\\/#organization\"},\"potentialAction\":[{\"@type\":\"SearchAction\",\"target\":{\"@type\":\"EntryPoint\",\"urlTemplate\":\"https:\\\/\\\/congovirtuel.com\\\/information\\\/?s={search_term_string}\"},\"query-input\":{\"@type\":\"PropertyValueSpecification\",\"valueRequired\":true,\"valueName\":\"search_term_string\"}}],\"inLanguage\":\"fr-FR\"},{\"@type\":\"Organization\",\"@id\":\"https:\\\/\\\/congovirtuel.com\\\/information\\\/#organization\",\"name\":\"Biblioth\u00e8que Virtuelle de la RDC\",\"url\":\"https:\\\/\\\/congovirtuel.com\\\/information\\\/\",\"logo\":{\"@type\":\"ImageObject\",\"inLanguage\":\"fr-FR\",\"@id\":\"https:\\\/\\\/congovirtuel.com\\\/information\\\/#\\\/schema\\\/logo\\\/image\\\/\",\"url\":\"https:\\\/\\\/congovirtuel.com\\\/information\\\/wp-content\\\/uploads\\\/2018\\\/10\\\/header-info-congovirtuel-vraie.jpg\",\"contentUrl\":\"https:\\\/\\\/congovirtuel.com\\\/information\\\/wp-content\\\/uploads\\\/2018\\\/10\\\/header-info-congovirtuel-vraie.jpg\",\"width\":728,\"height\":90,\"caption\":\"Biblioth\u00e8que Virtuelle de la RDC\"},\"image\":{\"@id\":\"https:\\\/\\\/congovirtuel.com\\\/information\\\/#\\\/schema\\\/logo\\\/image\\\/\"},\"sameAs\":[\"https:\\\/\\\/web.facebook.com\\\/Congovirtuel-763617960319601\\\/?ref=aymt_homepage_panel&amp;amp;amp;amp;amp;amp;amp;amp;amp;amp;amp;eid=ARCoxULa66767kIgF_KYav6VdjXTI4yk_LW4yoVO9s6NXpysgb7Cb65vpxcxgqzOAKvIbLQxaAETcqHT\",\"https:\\\/\\\/x.com\\\/congovirtuel\",\"https:\\\/\\\/www.youtube.com\\\/channel\\\/UCkFfprYzGgS3EWNpeMXpToQ?view_as=subscriber\"]},{\"@type\":\"Person\",\"@id\":\"https:\\\/\\\/congovirtuel.com\\\/information\\\/#\\\/schema\\\/person\\\/739a44bf7990966cb53d58d2fdeca0b6\",\"name\":\"infocongovirtuel\",\"image\":{\"@type\":\"ImageObject\",\"inLanguage\":\"fr-FR\",\"@id\":\"https:\\\/\\\/secure.gravatar.com\\\/avatar\\\/4d76991aa72469f0eb22e772586c99113c6997f88da636a9db8f2ce3a2c05e69?s=96&d=mm&r=g\",\"url\":\"https:\\\/\\\/secure.gravatar.com\\\/avatar\\\/4d76991aa72469f0eb22e772586c99113c6997f88da636a9db8f2ce3a2c05e69?s=96&d=mm&r=g\",\"contentUrl\":\"https:\\\/\\\/secure.gravatar.com\\\/avatar\\\/4d76991aa72469f0eb22e772586c99113c6997f88da636a9db8f2ce3a2c05e69?s=96&d=mm&r=g\",\"caption\":\"infocongovirtuel\"},\"url\":\"https:\\\/\\\/congovirtuel.com\\\/information\\\/author\\\/infocongovirtuel\\\/\"}]}<\/script>\n<!-- \/ Yoast SEO plugin. -->","yoast_head_json":{"title":"\"On ne va pas se faire des bisous!\", lance Tshisekedi au sujet de son alliance avec Kabila - Actualit\u00e9s congolaises et internationales","robots":{"index":"index","follow":"follow","max-snippet":"max-snippet:-1","max-image-preview":"max-image-preview:large","max-video-preview":"max-video-preview:-1"},"canonical":"https:\/\/congovirtuel.com\/information\/on-ne-va-pas-se-faire-des-bisous-lance-tshisekedi-au-sujet-de-son-alliance-avec-kabila\/","og_locale":"fr_FR","og_type":"article","og_title":"\"On ne va pas se faire des bisous!\", lance Tshisekedi au sujet de son alliance avec Kabila - Actualit\u00e9s congolaises et internationales","og_description":"\u00ab\u00a0Il y a quelques mois, ces gens-l\u00e0 \u00e9taient nos adversaires. On ne va pas soudainement se faire des bisous sur la bouche!\u00a0\u00bb, a d\u00e9clar\u00e9 le pr\u00e9sident F\u00e9lix Tshisekedi au sujet de sa coalition avec son pr\u00e9d\u00e9cesseur, Joseph Kabila, qui conna\u00eet des tensions ces derniers jours. \u00ab\u00a0Dans le camp Kabila, certains n&rsquo;acceptent toujours pas d&rsquo;avoir perdu leurs privil\u00e8ges. Et dans notre propre camp, certains n&rsquo;acceptent pas de se coaliser avec ceux qui \u00e9taient hier encore nos bourreaux\u00a0\u00bb, a dit le chef de l&rsquo;Etat congolais au quotidien fran\u00e7ais Lib\u00e9ration \u00e0 l&rsquo;occasion de&hellip;","og_url":"https:\/\/congovirtuel.com\/information\/on-ne-va-pas-se-faire-des-bisous-lance-tshisekedi-au-sujet-de-son-alliance-avec-kabila\/","og_site_name":"Actualit\u00e9s congolaises et internationales","article_publisher":"https:\/\/web.facebook.com\/Congovirtuel-763617960319601\/?ref=aymt_homepage_panel&amp%3bamp%3bamp%3bamp%3bamp%3bamp%3bamp%3bamp%3bamp%3bamp%3bamp%3beid=ARCoxULa66767kIgF_KYav6VdjXTI4yk_LW4yoVO9s6NXpysgb7Cb65vpxcxgqzOAKvIbLQxaAETcqHT","article_published_time":"2019-11-15T16:20:45+00:00","article_modified_time":"2019-11-15T16:32:53+00:00","og_image":[{"width":1023,"height":575,"url":"https:\/\/congovirtuel.com\/information\/wp-content\/uploads\/2019\/11\/photo_passation.jpg","type":"image\/jpeg"}],"author":"infocongovirtuel","twitter_card":"summary_large_image","twitter_creator":"@congovirtuel","twitter_site":"@congovirtuel","twitter_misc":{"\u00c9crit par":"infocongovirtuel","Dur\u00e9e de lecture estim\u00e9e":"2 minutes"},"schema":{"@context":"https:\/\/schema.org","@graph":[{"@type":"Article","@id":"https:\/\/congovirtuel.com\/information\/on-ne-va-pas-se-faire-des-bisous-lance-tshisekedi-au-sujet-de-son-alliance-avec-kabila\/#article","isPartOf":{"@id":"https:\/\/congovirtuel.com\/information\/on-ne-va-pas-se-faire-des-bisous-lance-tshisekedi-au-sujet-de-son-alliance-avec-kabila\/"},"author":{"name":"infocongovirtuel","@id":"https:\/\/congovirtuel.com\/information\/#\/schema\/person\/739a44bf7990966cb53d58d2fdeca0b6"},"headline":"\u00ab\u00a0On ne va pas se faire des bisous!\u00a0\u00bb, lance Tshisekedi au sujet de son alliance avec Kabila","datePublished":"2019-11-15T16:20:45+00:00","dateModified":"2019-11-15T16:32:53+00:00","mainEntityOfPage":{"@id":"https:\/\/congovirtuel.com\/information\/on-ne-va-pas-se-faire-des-bisous-lance-tshisekedi-au-sujet-de-son-alliance-avec-kabila\/"},"wordCount":410,"commentCount":0,"publisher":{"@id":"https:\/\/congovirtuel.com\/information\/#organization"},"image":{"@id":"https:\/\/congovirtuel.com\/information\/on-ne-va-pas-se-faire-des-bisous-lance-tshisekedi-au-sujet-de-son-alliance-avec-kabila\/#primaryimage"},"thumbnailUrl":"https:\/\/congovirtuel.com\/information\/wp-content\/uploads\/2019\/11\/photo_passation.jpg","articleSection":["Politique"],"inLanguage":"fr-FR","potentialAction":[{"@type":"CommentAction","name":"Comment","target":["https:\/\/congovirtuel.com\/information\/on-ne-va-pas-se-faire-des-bisous-lance-tshisekedi-au-sujet-de-son-alliance-avec-kabila\/#respond"]}]},{"@type":"WebPage","@id":"https:\/\/congovirtuel.com\/information\/on-ne-va-pas-se-faire-des-bisous-lance-tshisekedi-au-sujet-de-son-alliance-avec-kabila\/","url":"https:\/\/congovirtuel.com\/information\/on-ne-va-pas-se-faire-des-bisous-lance-tshisekedi-au-sujet-de-son-alliance-avec-kabila\/","name":"\"On ne va pas se faire des bisous!\", lance Tshisekedi au sujet de son alliance avec Kabila - Actualit\u00e9s congolaises et internationales","isPartOf":{"@id":"https:\/\/congovirtuel.com\/information\/#website"},"primaryImageOfPage":{"@id":"https:\/\/congovirtuel.com\/information\/on-ne-va-pas-se-faire-des-bisous-lance-tshisekedi-au-sujet-de-son-alliance-avec-kabila\/#primaryimage"},"image":{"@id":"https:\/\/congovirtuel.com\/information\/on-ne-va-pas-se-faire-des-bisous-lance-tshisekedi-au-sujet-de-son-alliance-avec-kabila\/#primaryimage"},"thumbnailUrl":"https:\/\/congovirtuel.com\/information\/wp-content\/uploads\/2019\/11\/photo_passation.jpg","datePublished":"2019-11-15T16:20:45+00:00","dateModified":"2019-11-15T16:32:53+00:00","breadcrumb":{"@id":"https:\/\/congovirtuel.com\/information\/on-ne-va-pas-se-faire-des-bisous-lance-tshisekedi-au-sujet-de-son-alliance-avec-kabila\/#breadcrumb"},"inLanguage":"fr-FR","potentialAction":[{"@type":"ReadAction","target":["https:\/\/congovirtuel.com\/information\/on-ne-va-pas-se-faire-des-bisous-lance-tshisekedi-au-sujet-de-son-alliance-avec-kabila\/"]}]},{"@type":"ImageObject","inLanguage":"fr-FR","@id":"https:\/\/congovirtuel.com\/information\/on-ne-va-pas-se-faire-des-bisous-lance-tshisekedi-au-sujet-de-son-alliance-avec-kabila\/#primaryimage","url":"https:\/\/congovirtuel.com\/information\/wp-content\/uploads\/2019\/11\/photo_passation.jpg","contentUrl":"https:\/\/congovirtuel.com\/information\/wp-content\/uploads\/2019\/11\/photo_passation.jpg","width":1023,"height":575,"caption":"photo passation pouvoir kabila tshisekedi"},{"@type":"BreadcrumbList","@id":"https:\/\/congovirtuel.com\/information\/on-ne-va-pas-se-faire-des-bisous-lance-tshisekedi-au-sujet-de-son-alliance-avec-kabila\/#breadcrumb","itemListElement":[{"@type":"ListItem","position":1,"name":"Accueil","item":"https:\/\/congovirtuel.com\/information\/"},{"@type":"ListItem","position":2,"name":"\u00ab\u00a0On ne va pas se faire des bisous!\u00a0\u00bb, lance Tshisekedi au sujet de son alliance avec Kabila"}]},{"@type":"WebSite","@id":"https:\/\/congovirtuel.com\/information\/#website","url":"https:\/\/congovirtuel.com\/information\/","name":"Actualit\u00e9s congolaises et internationales","description":"site d&#039;analyse et de traitement d&#039;information","publisher":{"@id":"https:\/\/congovirtuel.com\/information\/#organization"},"potentialAction":[{"@type":"SearchAction","target":{"@type":"EntryPoint","urlTemplate":"https:\/\/congovirtuel.com\/information\/?s={search_term_string}"},"query-input":{"@type":"PropertyValueSpecification","valueRequired":true,"valueName":"search_term_string"}}],"inLanguage":"fr-FR"},{"@type":"Organization","@id":"https:\/\/congovirtuel.com\/information\/#organization","name":"Biblioth\u00e8que Virtuelle de la RDC","url":"https:\/\/congovirtuel.com\/information\/","logo":{"@type":"ImageObject","inLanguage":"fr-FR","@id":"https:\/\/congovirtuel.com\/information\/#\/schema\/logo\/image\/","url":"https:\/\/congovirtuel.com\/information\/wp-content\/uploads\/2018\/10\/header-info-congovirtuel-vraie.jpg","contentUrl":"https:\/\/congovirtuel.com\/information\/wp-content\/uploads\/2018\/10\/header-info-congovirtuel-vraie.jpg","width":728,"height":90,"caption":"Biblioth\u00e8que Virtuelle de la RDC"},"image":{"@id":"https:\/\/congovirtuel.com\/information\/#\/schema\/logo\/image\/"},"sameAs":["https:\/\/web.facebook.com\/Congovirtuel-763617960319601\/?ref=aymt_homepage_panel&amp;amp;amp;amp;amp;amp;amp;amp;amp;amp;amp;eid=ARCoxULa66767kIgF_KYav6VdjXTI4yk_LW4yoVO9s6NXpysgb7Cb65vpxcxgqzOAKvIbLQxaAETcqHT","https:\/\/x.com\/congovirtuel","https:\/\/www.youtube.com\/channel\/UCkFfprYzGgS3EWNpeMXpToQ?view_as=subscriber"]},{"@type":"Person","@id":"https:\/\/congovirtuel.com\/information\/#\/schema\/person\/739a44bf7990966cb53d58d2fdeca0b6","name":"infocongovirtuel","image":{"@type":"ImageObject","inLanguage":"fr-FR","@id":"https:\/\/secure.gravatar.com\/avatar\/4d76991aa72469f0eb22e772586c99113c6997f88da636a9db8f2ce3a2c05e69?s=96&d=mm&r=g","url":"https:\/\/secure.gravatar.com\/avatar\/4d76991aa72469f0eb22e772586c99113c6997f88da636a9db8f2ce3a2c05e69?s=96&d=mm&r=g","contentUrl":"https:\/\/secure.gravatar.com\/avatar\/4d76991aa72469f0eb22e772586c99113c6997f88da636a9db8f2ce3a2c05e69?s=96&d=mm&r=g","caption":"infocongovirtuel"},"url":"https:\/\/congovirtuel.com\/information\/author\/infocongovirtuel\/"}]}},"gt_translate_keys":[{"key":"link","format":"url"}],"_links":{"self":[{"href":"https:\/\/congovirtuel.com\/information\/wp-json\/wp\/v2\/posts\/362","targetHints":{"allow":["GET"]}}],"collection":[{"href":"https:\/\/congovirtuel.com\/information\/wp-json\/wp\/v2\/posts"}],"about":[{"href":"https:\/\/congovirtuel.com\/information\/wp-json\/wp\/v2\/types\/post"}],"author":[{"embeddable":true,"href":"https:\/\/congovirtuel.com\/information\/wp-json\/wp\/v2\/users\/1"}],"replies":[{"embeddable":true,"href":"https:\/\/congovirtuel.com\/information\/wp-json\/wp\/v2\/comments?post=362"}],"version-history":[{"count":2,"href":"https:\/\/congovirtuel.com\/information\/wp-json\/wp\/v2\/posts\/362\/revisions"}],"predecessor-version":[{"id":365,"href":"https:\/\/congovirtuel.com\/information\/wp-json\/wp\/v2\/posts\/362\/revisions\/365"}],"wp:featuredmedia":[{"embeddable":true,"href":"https:\/\/congovirtuel.com\/information\/wp-json\/wp\/v2\/media\/363"}],"wp:attachment":[{"href":"https:\/\/congovirtuel.com\/information\/wp-json\/wp\/v2\/media?parent=362"}],"wp:term":[{"taxonomy":"category","embeddable":true,"href":"https:\/\/congovirtuel.com\/information\/wp-json\/wp\/v2\/categories?post=362"},{"taxonomy":"post_tag","embeddable":true,"href":"https:\/\/congovirtuel.com\/information\/wp-json\/wp\/v2\/tags?post=362"}],"curies":[{"name":"wp","href":"https:\/\/api.w.org\/{rel}","templated":true}]}}