{"id":366,"date":"2019-11-15T17:41:54","date_gmt":"2019-11-15T16:41:54","guid":{"rendered":"https:\/\/congovirtuel.com\/information\/?p=366"},"modified":"2019-11-15T17:41:58","modified_gmt":"2019-11-15T16:41:58","slug":"salif-keita-a-ibk-arretes-de-te-soumettre-a-ce-petit-macron","status":"publish","type":"post","link":"https:\/\/congovirtuel.com\/information\/salif-keita-a-ibk-arretes-de-te-soumettre-a-ce-petit-macron\/","title":{"rendered":"Salif Keita \u00e0 IBK: \u00ab\u00a0arr\u00eates de te soumettre \u00e0 ce petit Macron\u00a0\u00bb","gt_translate_keys":[{"key":"rendered","format":"text"}]},"content":{"rendered":"\n<p class=\"wp-block-paragraph\">La star internationale malienne, Salif Ke\u00efta, demande \u00e0 son \u00ab\u00a0koro\u00a0\u00bb (grand fr\u00e8re en bambara), Ibrahim Boubacar Keita, \u00ab\u00a0de dire la v\u00e9rit\u00e9\u00a0\u00bb au pr\u00e9sident fran\u00e7ais Emmanuel Macron ou de \u00ab\u00a0quitter le pouvoir\u00a0\u00bb.<\/p>\n\n\n\n<p class=\"wp-block-paragraph\">Dans une vid\u00e9o diffus\u00e9e en live sur le r\u00e9seau social Facebook et intitul\u00e9e \u00ab\u00a0Message Urgent: Il faut que je parle. Le Mali avant tout\u00a0\u00bb, le chanteur reproche au pr\u00e9sident malien de se soumettre au \u00ab\u00a0petit Macron\u00a0\u00bb.<\/p>\n\n\n\n<p class=\"wp-block-paragraph\">\u00ab\u00a0Koro si tu as peur de dire la v\u00e9rit\u00e9 \u00e0 la France, si tu ne peux pas g\u00e9rer ce pays, quitte le pouvoir, celui qui n&rsquo;a pas peur le prendra, tu passes ton temps \u00e0 te soumettre \u00e0 ce petit Emmanuel Macron, c&rsquo;est un gamin. Koro tu n&rsquo;es pas au courant que c&rsquo;est la France qui finance nos ennemis (djihadistes) contre nos enfants?\u00a0\u00bb, d\u00e9clare l&rsquo;artiste.<\/p>\n\n\n\n<p class=\"wp-block-paragraph\">S&rsquo;exprimant en langue Bambara, Salif Keita d\u00e9plore la mort des militaires maliens dans le nord du pays.<\/p>\n\n\n\n<script async src=\"\/\/pagead2.googlesyndication.com\/pagead\/js\/adsbygoogle.js\"><\/script>\n<!-- code responsive -->\n<ins class=\"adsbygoogle\"\n     style=\"display:block\"\n     data-ad-client=\"ca-pub-2119363214666215\"\n     data-ad-slot=\"1973679082\"\n     data-ad-format=\"auto\"><\/ins>\n<script>\n(adsbygoogle = window.adsbygoogle || []).push({});\n<\/script>\n\n\n\n<p class=\"wp-block-paragraph\">Selon lui, ces derniers sont tu\u00e9s par des djihadistes financ\u00e9s et arm\u00e9s par la France.<\/p>\n\n\n\n<p class=\"wp-block-paragraph\">\u00ab\u00a0Les Maliens sont fatigu\u00e9s, les maliens sont pauvres \u00e0 cause de cette guerre qui ne finit jamais\u00a0\u00bb.<\/p>\n\n\n\n<p class=\"wp-block-paragraph\">Pour lui, son grand fr\u00e8re doit dire la v\u00e9rit\u00e9 \u00e0 la France, dit-il.<\/p>\n\n\n\n<p class=\"wp-block-paragraph\">Il a tenu \u00e0 pr\u00e9ciser qu&rsquo;il n&rsquo;a rien contre le pr\u00e9sident Ibrahim Boubacar Keita et son r\u00e9gime mais qu&rsquo;il est temps de lui dire la v\u00e9rit\u00e9.<\/p>\n\n\n\n<p class=\"wp-block-paragraph\">En 2018, lors de la derni\u00e8re pr\u00e9sidentielle au Mali, l&rsquo;artiste Salif Keita avait soutenu le candidat de l&rsquo;opposition Souma\u00efla Ciss\u00e9.<\/p>\n\n\n\n<p class=\"wp-block-paragraph\">Le pr\u00e9sident malien et son gouvernement n&rsquo;ont pas encore r\u00e9agi \u00e0 cette sortie.<\/p>\n\n\n\n<p class=\"wp-block-paragraph\">BBC<\/p>\n\n\n\n<p class=\"wp-block-paragraph\"><br><\/p>\n","protected":false,"gt_translate_keys":[{"key":"rendered","format":"html"}]},"excerpt":{"rendered":"<p>La star internationale malienne, Salif Ke\u00efta, demande \u00e0 son \u00ab\u00a0koro\u00a0\u00bb (grand fr\u00e8re en bambara), Ibrahim Boubacar Keita, \u00ab\u00a0de dire la v\u00e9rit\u00e9\u00a0\u00bb au pr\u00e9sident fran\u00e7ais Emmanuel Macron ou de \u00ab\u00a0quitter le pouvoir\u00a0\u00bb. Dans une vid\u00e9o diffus\u00e9e en live sur le r\u00e9seau social Facebook et intitul\u00e9e \u00ab\u00a0Message Urgent: Il faut que je parle. Le Mali avant tout\u00a0\u00bb, le chanteur reproche au pr\u00e9sident malien de se soumettre au \u00ab\u00a0petit Macron\u00a0\u00bb. \u00ab\u00a0Koro si tu as peur de dire la v\u00e9rit\u00e9 \u00e0 la France, si tu ne peux pas g\u00e9rer ce pays, quitte le pouvoir,&hellip;<\/p>\n","protected":false,"gt_translate_keys":[{"key":"rendered","format":"html"}]},"author":1,"featured_media":367,"comment_status":"open","ping_status":"open","sticky":false,"template":"","format":"standard","meta":{"_crdt_document":"","footnotes":""},"categories":[12],"tags":[],"class_list":["post-366","post","type-post","status-publish","format-standard","has-post-thumbnail","hentry","category-afrique"],"gutentor_comment":0,"yoast_head":"<!-- This site is optimized with the Yoast SEO plugin v27.5 - https:\/\/yoast.com\/product\/yoast-seo-wordpress\/ -->\n<title>Salif Keita \u00e0 IBK: &quot;arr\u00eates de te soumettre \u00e0 ce petit Macron&quot; - Actualit\u00e9s congolaises et internationales<\/title>\n<meta name=\"robots\" content=\"index, follow, max-snippet:-1, max-image-preview:large, max-video-preview:-1\" \/>\n<link rel=\"canonical\" href=\"https:\/\/congovirtuel.com\/information\/salif-keita-a-ibk-arretes-de-te-soumettre-a-ce-petit-macron\/\" \/>\n<meta property=\"og:locale\" content=\"fr_FR\" \/>\n<meta property=\"og:type\" content=\"article\" \/>\n<meta property=\"og:title\" content=\"Salif Keita \u00e0 IBK: &quot;arr\u00eates de te soumettre \u00e0 ce petit Macron&quot; - Actualit\u00e9s congolaises et internationales\" \/>\n<meta property=\"og:description\" content=\"La star internationale malienne, Salif Ke\u00efta, demande \u00e0 son \u00ab\u00a0koro\u00a0\u00bb (grand fr\u00e8re en bambara), Ibrahim Boubacar Keita, \u00ab\u00a0de dire la v\u00e9rit\u00e9\u00a0\u00bb au pr\u00e9sident fran\u00e7ais Emmanuel Macron ou de \u00ab\u00a0quitter le pouvoir\u00a0\u00bb. Dans une vid\u00e9o diffus\u00e9e en live sur le r\u00e9seau social Facebook et intitul\u00e9e \u00ab\u00a0Message Urgent: Il faut que je parle. Le Mali avant tout\u00a0\u00bb, le chanteur reproche au pr\u00e9sident malien de se soumettre au \u00ab\u00a0petit Macron\u00a0\u00bb. \u00ab\u00a0Koro si tu as peur de dire la v\u00e9rit\u00e9 \u00e0 la France, si tu ne peux pas g\u00e9rer ce pays, quitte le pouvoir,&hellip;\" \/>\n<meta property=\"og:url\" content=\"https:\/\/congovirtuel.com\/information\/salif-keita-a-ibk-arretes-de-te-soumettre-a-ce-petit-macron\/\" \/>\n<meta property=\"og:site_name\" content=\"Actualit\u00e9s congolaises et internationales\" \/>\n<meta property=\"article:publisher\" content=\"https:\/\/web.facebook.com\/Congovirtuel-763617960319601\/?ref=aymt_homepage_panel&amp;amp%3bamp%3bamp%3bamp%3bamp%3bamp%3bamp%3bamp%3bamp%3bamp%3bamp%3beid=ARCoxULa66767kIgF_KYav6VdjXTI4yk_LW4yoVO9s6NXpysgb7Cb65vpxcxgqzOAKvIbLQxaAETcqHT\" \/>\n<meta property=\"article:published_time\" content=\"2019-11-15T16:41:54+00:00\" \/>\n<meta property=\"article:modified_time\" content=\"2019-11-15T16:41:58+00:00\" \/>\n<meta property=\"og:image\" content=\"https:\/\/congovirtuel.com\/information\/wp-content\/uploads\/2019\/11\/salif_keita.jpg\" \/>\n\t<meta property=\"og:image:width\" content=\"678\" \/>\n\t<meta property=\"og:image:height\" content=\"452\" \/>\n\t<meta property=\"og:image:type\" content=\"image\/jpeg\" \/>\n<meta name=\"author\" content=\"infocongovirtuel\" \/>\n<meta name=\"twitter:card\" content=\"summary_large_image\" \/>\n<meta name=\"twitter:creator\" content=\"@congovirtuel\" \/>\n<meta name=\"twitter:site\" content=\"@congovirtuel\" \/>\n<meta name=\"twitter:label1\" content=\"\u00c9crit par\" \/>\n\t<meta name=\"twitter:data1\" content=\"infocongovirtuel\" \/>\n\t<meta name=\"twitter:label2\" content=\"Dur\u00e9e de lecture estim\u00e9e\" \/>\n\t<meta name=\"twitter:data2\" content=\"1 minute\" \/>\n<script type=\"application\/ld+json\" class=\"yoast-schema-graph\">{\"@context\":\"https:\\\/\\\/schema.org\",\"@graph\":[{\"@type\":\"Article\",\"@id\":\"https:\\\/\\\/congovirtuel.com\\\/information\\\/salif-keita-a-ibk-arretes-de-te-soumettre-a-ce-petit-macron\\\/#article\",\"isPartOf\":{\"@id\":\"https:\\\/\\\/congovirtuel.com\\\/information\\\/salif-keita-a-ibk-arretes-de-te-soumettre-a-ce-petit-macron\\\/\"},\"author\":{\"name\":\"infocongovirtuel\",\"@id\":\"https:\\\/\\\/congovirtuel.com\\\/information\\\/#\\\/schema\\\/person\\\/739a44bf7990966cb53d58d2fdeca0b6\"},\"headline\":\"Salif Keita \u00e0 IBK: \u00ab\u00a0arr\u00eates de te soumettre \u00e0 ce petit Macron\u00a0\u00bb\",\"datePublished\":\"2019-11-15T16:41:54+00:00\",\"dateModified\":\"2019-11-15T16:41:58+00:00\",\"mainEntityOfPage\":{\"@id\":\"https:\\\/\\\/congovirtuel.com\\\/information\\\/salif-keita-a-ibk-arretes-de-te-soumettre-a-ce-petit-macron\\\/\"},\"wordCount\":297,\"commentCount\":0,\"publisher\":{\"@id\":\"https:\\\/\\\/congovirtuel.com\\\/information\\\/#organization\"},\"image\":{\"@id\":\"https:\\\/\\\/congovirtuel.com\\\/information\\\/salif-keita-a-ibk-arretes-de-te-soumettre-a-ce-petit-macron\\\/#primaryimage\"},\"thumbnailUrl\":\"https:\\\/\\\/congovirtuel.com\\\/information\\\/wp-content\\\/uploads\\\/2019\\\/11\\\/salif_keita.jpg\",\"articleSection\":[\"Afrique\"],\"inLanguage\":\"fr-FR\",\"potentialAction\":[{\"@type\":\"CommentAction\",\"name\":\"Comment\",\"target\":[\"https:\\\/\\\/congovirtuel.com\\\/information\\\/salif-keita-a-ibk-arretes-de-te-soumettre-a-ce-petit-macron\\\/#respond\"]}]},{\"@type\":\"WebPage\",\"@id\":\"https:\\\/\\\/congovirtuel.com\\\/information\\\/salif-keita-a-ibk-arretes-de-te-soumettre-a-ce-petit-macron\\\/\",\"url\":\"https:\\\/\\\/congovirtuel.com\\\/information\\\/salif-keita-a-ibk-arretes-de-te-soumettre-a-ce-petit-macron\\\/\",\"name\":\"Salif Keita \u00e0 IBK: \\\"arr\u00eates de te soumettre \u00e0 ce petit Macron\\\" - Actualit\u00e9s congolaises et internationales\",\"isPartOf\":{\"@id\":\"https:\\\/\\\/congovirtuel.com\\\/information\\\/#website\"},\"primaryImageOfPage\":{\"@id\":\"https:\\\/\\\/congovirtuel.com\\\/information\\\/salif-keita-a-ibk-arretes-de-te-soumettre-a-ce-petit-macron\\\/#primaryimage\"},\"image\":{\"@id\":\"https:\\\/\\\/congovirtuel.com\\\/information\\\/salif-keita-a-ibk-arretes-de-te-soumettre-a-ce-petit-macron\\\/#primaryimage\"},\"thumbnailUrl\":\"https:\\\/\\\/congovirtuel.com\\\/information\\\/wp-content\\\/uploads\\\/2019\\\/11\\\/salif_keita.jpg\",\"datePublished\":\"2019-11-15T16:41:54+00:00\",\"dateModified\":\"2019-11-15T16:41:58+00:00\",\"breadcrumb\":{\"@id\":\"https:\\\/\\\/congovirtuel.com\\\/information\\\/salif-keita-a-ibk-arretes-de-te-soumettre-a-ce-petit-macron\\\/#breadcrumb\"},\"inLanguage\":\"fr-FR\",\"potentialAction\":[{\"@type\":\"ReadAction\",\"target\":[\"https:\\\/\\\/congovirtuel.com\\\/information\\\/salif-keita-a-ibk-arretes-de-te-soumettre-a-ce-petit-macron\\\/\"]}]},{\"@type\":\"ImageObject\",\"inLanguage\":\"fr-FR\",\"@id\":\"https:\\\/\\\/congovirtuel.com\\\/information\\\/salif-keita-a-ibk-arretes-de-te-soumettre-a-ce-petit-macron\\\/#primaryimage\",\"url\":\"https:\\\/\\\/congovirtuel.com\\\/information\\\/wp-content\\\/uploads\\\/2019\\\/11\\\/salif_keita.jpg\",\"contentUrl\":\"https:\\\/\\\/congovirtuel.com\\\/information\\\/wp-content\\\/uploads\\\/2019\\\/11\\\/salif_keita.jpg\",\"width\":678,\"height\":452},{\"@type\":\"BreadcrumbList\",\"@id\":\"https:\\\/\\\/congovirtuel.com\\\/information\\\/salif-keita-a-ibk-arretes-de-te-soumettre-a-ce-petit-macron\\\/#breadcrumb\",\"itemListElement\":[{\"@type\":\"ListItem\",\"position\":1,\"name\":\"Accueil\",\"item\":\"https:\\\/\\\/congovirtuel.com\\\/information\\\/\"},{\"@type\":\"ListItem\",\"position\":2,\"name\":\"Salif Keita \u00e0 IBK: \u00ab\u00a0arr\u00eates de te soumettre \u00e0 ce petit Macron\u00a0\u00bb\"}]},{\"@type\":\"WebSite\",\"@id\":\"https:\\\/\\\/congovirtuel.com\\\/information\\\/#website\",\"url\":\"https:\\\/\\\/congovirtuel.com\\\/information\\\/\",\"name\":\"Actualit\u00e9s congolaises et internationales\",\"description\":\"site d&#039;analyse et de traitement d&#039;information\",\"publisher\":{\"@id\":\"https:\\\/\\\/congovirtuel.com\\\/information\\\/#organization\"},\"potentialAction\":[{\"@type\":\"SearchAction\",\"target\":{\"@type\":\"EntryPoint\",\"urlTemplate\":\"https:\\\/\\\/congovirtuel.com\\\/information\\\/?s={search_term_string}\"},\"query-input\":{\"@type\":\"PropertyValueSpecification\",\"valueRequired\":true,\"valueName\":\"search_term_string\"}}],\"inLanguage\":\"fr-FR\"},{\"@type\":\"Organization\",\"@id\":\"https:\\\/\\\/congovirtuel.com\\\/information\\\/#organization\",\"name\":\"Biblioth\u00e8que Virtuelle de la RDC\",\"url\":\"https:\\\/\\\/congovirtuel.com\\\/information\\\/\",\"logo\":{\"@type\":\"ImageObject\",\"inLanguage\":\"fr-FR\",\"@id\":\"https:\\\/\\\/congovirtuel.com\\\/information\\\/#\\\/schema\\\/logo\\\/image\\\/\",\"url\":\"https:\\\/\\\/congovirtuel.com\\\/information\\\/wp-content\\\/uploads\\\/2018\\\/10\\\/header-info-congovirtuel-vraie.jpg\",\"contentUrl\":\"https:\\\/\\\/congovirtuel.com\\\/information\\\/wp-content\\\/uploads\\\/2018\\\/10\\\/header-info-congovirtuel-vraie.jpg\",\"width\":728,\"height\":90,\"caption\":\"Biblioth\u00e8que Virtuelle de la RDC\"},\"image\":{\"@id\":\"https:\\\/\\\/congovirtuel.com\\\/information\\\/#\\\/schema\\\/logo\\\/image\\\/\"},\"sameAs\":[\"https:\\\/\\\/web.facebook.com\\\/Congovirtuel-763617960319601\\\/?ref=aymt_homepage_panel&amp;amp;amp;amp;amp;amp;amp;amp;amp;amp;amp;eid=ARCoxULa66767kIgF_KYav6VdjXTI4yk_LW4yoVO9s6NXpysgb7Cb65vpxcxgqzOAKvIbLQxaAETcqHT\",\"https:\\\/\\\/x.com\\\/congovirtuel\",\"https:\\\/\\\/www.youtube.com\\\/channel\\\/UCkFfprYzGgS3EWNpeMXpToQ?view_as=subscriber\"]},{\"@type\":\"Person\",\"@id\":\"https:\\\/\\\/congovirtuel.com\\\/information\\\/#\\\/schema\\\/person\\\/739a44bf7990966cb53d58d2fdeca0b6\",\"name\":\"infocongovirtuel\",\"image\":{\"@type\":\"ImageObject\",\"inLanguage\":\"fr-FR\",\"@id\":\"https:\\\/\\\/secure.gravatar.com\\\/avatar\\\/4d76991aa72469f0eb22e772586c99113c6997f88da636a9db8f2ce3a2c05e69?s=96&d=mm&r=g\",\"url\":\"https:\\\/\\\/secure.gravatar.com\\\/avatar\\\/4d76991aa72469f0eb22e772586c99113c6997f88da636a9db8f2ce3a2c05e69?s=96&d=mm&r=g\",\"contentUrl\":\"https:\\\/\\\/secure.gravatar.com\\\/avatar\\\/4d76991aa72469f0eb22e772586c99113c6997f88da636a9db8f2ce3a2c05e69?s=96&d=mm&r=g\",\"caption\":\"infocongovirtuel\"},\"url\":\"https:\\\/\\\/congovirtuel.com\\\/information\\\/author\\\/infocongovirtuel\\\/\"}]}<\/script>\n<!-- \/ Yoast SEO plugin. -->","yoast_head_json":{"title":"Salif Keita \u00e0 IBK: \"arr\u00eates de te soumettre \u00e0 ce petit Macron\" - Actualit\u00e9s congolaises et internationales","robots":{"index":"index","follow":"follow","max-snippet":"max-snippet:-1","max-image-preview":"max-image-preview:large","max-video-preview":"max-video-preview:-1"},"canonical":"https:\/\/congovirtuel.com\/information\/salif-keita-a-ibk-arretes-de-te-soumettre-a-ce-petit-macron\/","og_locale":"fr_FR","og_type":"article","og_title":"Salif Keita \u00e0 IBK: \"arr\u00eates de te soumettre \u00e0 ce petit Macron\" - Actualit\u00e9s congolaises et internationales","og_description":"La star internationale malienne, Salif Ke\u00efta, demande \u00e0 son \u00ab\u00a0koro\u00a0\u00bb (grand fr\u00e8re en bambara), Ibrahim Boubacar Keita, \u00ab\u00a0de dire la v\u00e9rit\u00e9\u00a0\u00bb au pr\u00e9sident fran\u00e7ais Emmanuel Macron ou de \u00ab\u00a0quitter le pouvoir\u00a0\u00bb. Dans une vid\u00e9o diffus\u00e9e en live sur le r\u00e9seau social Facebook et intitul\u00e9e \u00ab\u00a0Message Urgent: Il faut que je parle. Le Mali avant tout\u00a0\u00bb, le chanteur reproche au pr\u00e9sident malien de se soumettre au \u00ab\u00a0petit Macron\u00a0\u00bb. \u00ab\u00a0Koro si tu as peur de dire la v\u00e9rit\u00e9 \u00e0 la France, si tu ne peux pas g\u00e9rer ce pays, quitte le pouvoir,&hellip;","og_url":"https:\/\/congovirtuel.com\/information\/salif-keita-a-ibk-arretes-de-te-soumettre-a-ce-petit-macron\/","og_site_name":"Actualit\u00e9s congolaises et internationales","article_publisher":"https:\/\/web.facebook.com\/Congovirtuel-763617960319601\/?ref=aymt_homepage_panel&amp%3bamp%3bamp%3bamp%3bamp%3bamp%3bamp%3bamp%3bamp%3bamp%3bamp%3beid=ARCoxULa66767kIgF_KYav6VdjXTI4yk_LW4yoVO9s6NXpysgb7Cb65vpxcxgqzOAKvIbLQxaAETcqHT","article_published_time":"2019-11-15T16:41:54+00:00","article_modified_time":"2019-11-15T16:41:58+00:00","og_image":[{"width":678,"height":452,"url":"https:\/\/congovirtuel.com\/information\/wp-content\/uploads\/2019\/11\/salif_keita.jpg","type":"image\/jpeg"}],"author":"infocongovirtuel","twitter_card":"summary_large_image","twitter_creator":"@congovirtuel","twitter_site":"@congovirtuel","twitter_misc":{"\u00c9crit par":"infocongovirtuel","Dur\u00e9e de lecture estim\u00e9e":"1 minute"},"schema":{"@context":"https:\/\/schema.org","@graph":[{"@type":"Article","@id":"https:\/\/congovirtuel.com\/information\/salif-keita-a-ibk-arretes-de-te-soumettre-a-ce-petit-macron\/#article","isPartOf":{"@id":"https:\/\/congovirtuel.com\/information\/salif-keita-a-ibk-arretes-de-te-soumettre-a-ce-petit-macron\/"},"author":{"name":"infocongovirtuel","@id":"https:\/\/congovirtuel.com\/information\/#\/schema\/person\/739a44bf7990966cb53d58d2fdeca0b6"},"headline":"Salif Keita \u00e0 IBK: \u00ab\u00a0arr\u00eates de te soumettre \u00e0 ce petit Macron\u00a0\u00bb","datePublished":"2019-11-15T16:41:54+00:00","dateModified":"2019-11-15T16:41:58+00:00","mainEntityOfPage":{"@id":"https:\/\/congovirtuel.com\/information\/salif-keita-a-ibk-arretes-de-te-soumettre-a-ce-petit-macron\/"},"wordCount":297,"commentCount":0,"publisher":{"@id":"https:\/\/congovirtuel.com\/information\/#organization"},"image":{"@id":"https:\/\/congovirtuel.com\/information\/salif-keita-a-ibk-arretes-de-te-soumettre-a-ce-petit-macron\/#primaryimage"},"thumbnailUrl":"https:\/\/congovirtuel.com\/information\/wp-content\/uploads\/2019\/11\/salif_keita.jpg","articleSection":["Afrique"],"inLanguage":"fr-FR","potentialAction":[{"@type":"CommentAction","name":"Comment","target":["https:\/\/congovirtuel.com\/information\/salif-keita-a-ibk-arretes-de-te-soumettre-a-ce-petit-macron\/#respond"]}]},{"@type":"WebPage","@id":"https:\/\/congovirtuel.com\/information\/salif-keita-a-ibk-arretes-de-te-soumettre-a-ce-petit-macron\/","url":"https:\/\/congovirtuel.com\/information\/salif-keita-a-ibk-arretes-de-te-soumettre-a-ce-petit-macron\/","name":"Salif Keita \u00e0 IBK: \"arr\u00eates de te soumettre \u00e0 ce petit Macron\" - Actualit\u00e9s congolaises et internationales","isPartOf":{"@id":"https:\/\/congovirtuel.com\/information\/#website"},"primaryImageOfPage":{"@id":"https:\/\/congovirtuel.com\/information\/salif-keita-a-ibk-arretes-de-te-soumettre-a-ce-petit-macron\/#primaryimage"},"image":{"@id":"https:\/\/congovirtuel.com\/information\/salif-keita-a-ibk-arretes-de-te-soumettre-a-ce-petit-macron\/#primaryimage"},"thumbnailUrl":"https:\/\/congovirtuel.com\/information\/wp-content\/uploads\/2019\/11\/salif_keita.jpg","datePublished":"2019-11-15T16:41:54+00:00","dateModified":"2019-11-15T16:41:58+00:00","breadcrumb":{"@id":"https:\/\/congovirtuel.com\/information\/salif-keita-a-ibk-arretes-de-te-soumettre-a-ce-petit-macron\/#breadcrumb"},"inLanguage":"fr-FR","potentialAction":[{"@type":"ReadAction","target":["https:\/\/congovirtuel.com\/information\/salif-keita-a-ibk-arretes-de-te-soumettre-a-ce-petit-macron\/"]}]},{"@type":"ImageObject","inLanguage":"fr-FR","@id":"https:\/\/congovirtuel.com\/information\/salif-keita-a-ibk-arretes-de-te-soumettre-a-ce-petit-macron\/#primaryimage","url":"https:\/\/congovirtuel.com\/information\/wp-content\/uploads\/2019\/11\/salif_keita.jpg","contentUrl":"https:\/\/congovirtuel.com\/information\/wp-content\/uploads\/2019\/11\/salif_keita.jpg","width":678,"height":452},{"@type":"BreadcrumbList","@id":"https:\/\/congovirtuel.com\/information\/salif-keita-a-ibk-arretes-de-te-soumettre-a-ce-petit-macron\/#breadcrumb","itemListElement":[{"@type":"ListItem","position":1,"name":"Accueil","item":"https:\/\/congovirtuel.com\/information\/"},{"@type":"ListItem","position":2,"name":"Salif Keita \u00e0 IBK: \u00ab\u00a0arr\u00eates de te soumettre \u00e0 ce petit Macron\u00a0\u00bb"}]},{"@type":"WebSite","@id":"https:\/\/congovirtuel.com\/information\/#website","url":"https:\/\/congovirtuel.com\/information\/","name":"Actualit\u00e9s congolaises et internationales","description":"site d&#039;analyse et de traitement d&#039;information","publisher":{"@id":"https:\/\/congovirtuel.com\/information\/#organization"},"potentialAction":[{"@type":"SearchAction","target":{"@type":"EntryPoint","urlTemplate":"https:\/\/congovirtuel.com\/information\/?s={search_term_string}"},"query-input":{"@type":"PropertyValueSpecification","valueRequired":true,"valueName":"search_term_string"}}],"inLanguage":"fr-FR"},{"@type":"Organization","@id":"https:\/\/congovirtuel.com\/information\/#organization","name":"Biblioth\u00e8que Virtuelle de la RDC","url":"https:\/\/congovirtuel.com\/information\/","logo":{"@type":"ImageObject","inLanguage":"fr-FR","@id":"https:\/\/congovirtuel.com\/information\/#\/schema\/logo\/image\/","url":"https:\/\/congovirtuel.com\/information\/wp-content\/uploads\/2018\/10\/header-info-congovirtuel-vraie.jpg","contentUrl":"https:\/\/congovirtuel.com\/information\/wp-content\/uploads\/2018\/10\/header-info-congovirtuel-vraie.jpg","width":728,"height":90,"caption":"Biblioth\u00e8que Virtuelle de la RDC"},"image":{"@id":"https:\/\/congovirtuel.com\/information\/#\/schema\/logo\/image\/"},"sameAs":["https:\/\/web.facebook.com\/Congovirtuel-763617960319601\/?ref=aymt_homepage_panel&amp;amp;amp;amp;amp;amp;amp;amp;amp;amp;amp;eid=ARCoxULa66767kIgF_KYav6VdjXTI4yk_LW4yoVO9s6NXpysgb7Cb65vpxcxgqzOAKvIbLQxaAETcqHT","https:\/\/x.com\/congovirtuel","https:\/\/www.youtube.com\/channel\/UCkFfprYzGgS3EWNpeMXpToQ?view_as=subscriber"]},{"@type":"Person","@id":"https:\/\/congovirtuel.com\/information\/#\/schema\/person\/739a44bf7990966cb53d58d2fdeca0b6","name":"infocongovirtuel","image":{"@type":"ImageObject","inLanguage":"fr-FR","@id":"https:\/\/secure.gravatar.com\/avatar\/4d76991aa72469f0eb22e772586c99113c6997f88da636a9db8f2ce3a2c05e69?s=96&d=mm&r=g","url":"https:\/\/secure.gravatar.com\/avatar\/4d76991aa72469f0eb22e772586c99113c6997f88da636a9db8f2ce3a2c05e69?s=96&d=mm&r=g","contentUrl":"https:\/\/secure.gravatar.com\/avatar\/4d76991aa72469f0eb22e772586c99113c6997f88da636a9db8f2ce3a2c05e69?s=96&d=mm&r=g","caption":"infocongovirtuel"},"url":"https:\/\/congovirtuel.com\/information\/author\/infocongovirtuel\/"}]}},"gt_translate_keys":[{"key":"link","format":"url"}],"_links":{"self":[{"href":"https:\/\/congovirtuel.com\/information\/wp-json\/wp\/v2\/posts\/366","targetHints":{"allow":["GET"]}}],"collection":[{"href":"https:\/\/congovirtuel.com\/information\/wp-json\/wp\/v2\/posts"}],"about":[{"href":"https:\/\/congovirtuel.com\/information\/wp-json\/wp\/v2\/types\/post"}],"author":[{"embeddable":true,"href":"https:\/\/congovirtuel.com\/information\/wp-json\/wp\/v2\/users\/1"}],"replies":[{"embeddable":true,"href":"https:\/\/congovirtuel.com\/information\/wp-json\/wp\/v2\/comments?post=366"}],"version-history":[{"count":1,"href":"https:\/\/congovirtuel.com\/information\/wp-json\/wp\/v2\/posts\/366\/revisions"}],"predecessor-version":[{"id":368,"href":"https:\/\/congovirtuel.com\/information\/wp-json\/wp\/v2\/posts\/366\/revisions\/368"}],"wp:featuredmedia":[{"embeddable":true,"href":"https:\/\/congovirtuel.com\/information\/wp-json\/wp\/v2\/media\/367"}],"wp:attachment":[{"href":"https:\/\/congovirtuel.com\/information\/wp-json\/wp\/v2\/media?parent=366"}],"wp:term":[{"taxonomy":"category","embeddable":true,"href":"https:\/\/congovirtuel.com\/information\/wp-json\/wp\/v2\/categories?post=366"},{"taxonomy":"post_tag","embeddable":true,"href":"https:\/\/congovirtuel.com\/information\/wp-json\/wp\/v2\/tags?post=366"}],"curies":[{"name":"wp","href":"https:\/\/api.w.org\/{rel}","templated":true}]}}