{"id":390,"date":"2019-11-22T07:32:41","date_gmt":"2019-11-22T06:32:41","guid":{"rendered":"https:\/\/congovirtuel.com\/information\/?p=390"},"modified":"2019-11-22T07:32:46","modified_gmt":"2019-11-22T06:32:46","slug":"fin-de-course-a-abidjan-pour-deux-fugitifs-recherches-depuis-20-ans","status":"publish","type":"post","link":"https:\/\/congovirtuel.com\/information\/fin-de-course-a-abidjan-pour-deux-fugitifs-recherches-depuis-20-ans\/","title":{"rendered":"Fin de course \u00e0 Abidjan pour deux fugitifs recherch\u00e9s depuis 20 ans","gt_translate_keys":[{"key":"rendered","format":"text"}]},"content":{"rendered":"\n<p class=\"wp-block-paragraph\"><strong>Une cavale de 20 ans se termine \u00e0 Abidjan pour un couple condamn\u00e9 \u00e0 la perp\u00e9tuit\u00e9 par une juridiction belge.<\/strong><\/p>\n\n\n\n<p class=\"wp-block-paragraph\">Jean-Claude Lacote, 53 ans, et Hilde Van Acker 56 ans, \u00e9taient sur la liste des personnes les plus recherch\u00e9es par Interpol.<\/p>\n\n\n\n<p class=\"wp-block-paragraph\">\u00ab\u00a0Les deux personnes ont \u00e9t\u00e9 arr\u00eat\u00e9es \u00e0 Abidjan, M. Lacote mercredi soir et Mme Van Acker jeudi matin\u00a0\u00bb, a confirm\u00e9 \u00e0 l&rsquo;AFP C\u00e9line D&rsquo;Hav\u00e9, porte-parole du parquet \u00e0 Bruges\u00a0\u00bb.<\/p>\n\n\n\n<script async src=\"\/\/pagead2.googlesyndication.com\/pagead\/js\/adsbygoogle.js\"><\/script>\n<!-- code responsive -->\n<ins class=\"adsbygoogle\"\n     style=\"display:block\"\n     data-ad-client=\"ca-pub-2119363214666215\"\n     data-ad-slot=\"1973679082\"\n     data-ad-format=\"auto\"><\/ins>\n<script>\n(adsbygoogle = window.adsbygoogle || []).push({});\n<\/script>\n\n\n\n<p class=\"wp-block-paragraph\">Le franco ivoirien Jean claude Lacote et la belge Hilde Van Acker ont \u00e9t\u00e9 condamn\u00e9s en leur absence par la cour d&rsquo;assises de Bruges en 2011.<\/p>\n\n\n\n<p class=\"wp-block-paragraph\">Ils ont \u00e9t\u00e9 reconnus coupables du meurtre en 1996 d&rsquo;un ressortissant britannique tu\u00e9 par balle.<\/p>\n\n\n\n<p class=\"wp-block-paragraph\">Pour l&rsquo;instant on ne sait pas depuis combien de temps le couple en cavale \u00e9tait install\u00e9 en C\u00f4te d&rsquo;Ivoire.<\/p>\n\n\n\n<p class=\"wp-block-paragraph\">La Belgique a annonc\u00e9 qu&rsquo;elle demandera l&rsquo;extradition de Jean- Claude Lacote et Hilde Van Acker. Si la proc\u00e9dure de d\u00e9roule comme le souhaite le parquet de Bruges ils seront incarc\u00e9r\u00e9s d\u00e8s leur arriv\u00e9e en Belgique<\/p>\n\n\n\n<p class=\"wp-block-paragraph\">BBC<\/p>\n","protected":false,"gt_translate_keys":[{"key":"rendered","format":"html"}]},"excerpt":{"rendered":"<p>Une cavale de 20 ans se termine \u00e0 Abidjan pour un couple condamn\u00e9 \u00e0 la perp\u00e9tuit\u00e9 par une juridiction belge. Jean-Claude Lacote, 53 ans, et Hilde Van Acker 56 ans, \u00e9taient sur la liste des personnes les plus recherch\u00e9es par Interpol. \u00ab\u00a0Les deux personnes ont \u00e9t\u00e9 arr\u00eat\u00e9es \u00e0 Abidjan, M. Lacote mercredi soir et Mme Van Acker jeudi matin\u00a0\u00bb, a confirm\u00e9 \u00e0 l&rsquo;AFP C\u00e9line D&rsquo;Hav\u00e9, porte-parole du parquet \u00e0 Bruges\u00a0\u00bb. Le franco ivoirien Jean claude Lacote et la belge Hilde Van Acker ont \u00e9t\u00e9 condamn\u00e9s en leur absence par la&hellip;<\/p>\n","protected":false,"gt_translate_keys":[{"key":"rendered","format":"html"}]},"author":1,"featured_media":391,"comment_status":"open","ping_status":"open","sticky":false,"template":"","format":"standard","meta":{"_crdt_document":"","footnotes":""},"categories":[1],"tags":[],"class_list":["post-390","post","type-post","status-publish","format-standard","has-post-thumbnail","hentry","category-non-classe"],"gutentor_comment":0,"yoast_head":"<!-- This site is optimized with the Yoast SEO plugin v27.5 - https:\/\/yoast.com\/product\/yoast-seo-wordpress\/ -->\n<title>Fin de course \u00e0 Abidjan pour deux fugitifs recherch\u00e9s depuis 20 ans - Actualit\u00e9s congolaises et internationales<\/title>\n<meta name=\"robots\" content=\"index, follow, max-snippet:-1, max-image-preview:large, max-video-preview:-1\" \/>\n<link rel=\"canonical\" href=\"https:\/\/congovirtuel.com\/information\/fin-de-course-a-abidjan-pour-deux-fugitifs-recherches-depuis-20-ans\/\" \/>\n<meta property=\"og:locale\" content=\"fr_FR\" \/>\n<meta property=\"og:type\" content=\"article\" \/>\n<meta property=\"og:title\" content=\"Fin de course \u00e0 Abidjan pour deux fugitifs recherch\u00e9s depuis 20 ans - Actualit\u00e9s congolaises et internationales\" \/>\n<meta property=\"og:description\" content=\"Une cavale de 20 ans se termine \u00e0 Abidjan pour un couple condamn\u00e9 \u00e0 la perp\u00e9tuit\u00e9 par une juridiction belge. Jean-Claude Lacote, 53 ans, et Hilde Van Acker 56 ans, \u00e9taient sur la liste des personnes les plus recherch\u00e9es par Interpol. \u00ab\u00a0Les deux personnes ont \u00e9t\u00e9 arr\u00eat\u00e9es \u00e0 Abidjan, M. Lacote mercredi soir et Mme Van Acker jeudi matin\u00a0\u00bb, a confirm\u00e9 \u00e0 l&rsquo;AFP C\u00e9line D&rsquo;Hav\u00e9, porte-parole du parquet \u00e0 Bruges\u00a0\u00bb. Le franco ivoirien Jean claude Lacote et la belge Hilde Van Acker ont \u00e9t\u00e9 condamn\u00e9s en leur absence par la&hellip;\" \/>\n<meta property=\"og:url\" content=\"https:\/\/congovirtuel.com\/information\/fin-de-course-a-abidjan-pour-deux-fugitifs-recherches-depuis-20-ans\/\" \/>\n<meta property=\"og:site_name\" content=\"Actualit\u00e9s congolaises et internationales\" \/>\n<meta property=\"article:publisher\" content=\"https:\/\/web.facebook.com\/Congovirtuel-763617960319601\/?ref=aymt_homepage_panel&amp;amp%3bamp%3bamp%3bamp%3bamp%3bamp%3bamp%3bamp%3bamp%3bamp%3bamp%3beid=ARCoxULa66767kIgF_KYav6VdjXTI4yk_LW4yoVO9s6NXpysgb7Cb65vpxcxgqzOAKvIbLQxaAETcqHT\" \/>\n<meta property=\"article:published_time\" content=\"2019-11-22T06:32:41+00:00\" \/>\n<meta property=\"article:modified_time\" content=\"2019-11-22T06:32:46+00:00\" \/>\n<meta property=\"og:image\" content=\"https:\/\/congovirtuel.com\/information\/wp-content\/uploads\/2019\/11\/interpol.jpg\" \/>\n\t<meta property=\"og:image:width\" content=\"624\" \/>\n\t<meta property=\"og:image:height\" content=\"351\" \/>\n\t<meta property=\"og:image:type\" content=\"image\/jpeg\" \/>\n<meta name=\"author\" content=\"infocongovirtuel\" \/>\n<meta name=\"twitter:card\" content=\"summary_large_image\" \/>\n<meta name=\"twitter:creator\" content=\"@congovirtuel\" \/>\n<meta name=\"twitter:site\" content=\"@congovirtuel\" \/>\n<meta name=\"twitter:label1\" content=\"\u00c9crit par\" \/>\n\t<meta name=\"twitter:data1\" content=\"infocongovirtuel\" \/>\n\t<meta name=\"twitter:label2\" content=\"Dur\u00e9e de lecture estim\u00e9e\" \/>\n\t<meta name=\"twitter:data2\" content=\"1 minute\" \/>\n<script type=\"application\/ld+json\" class=\"yoast-schema-graph\">{\"@context\":\"https:\\\/\\\/schema.org\",\"@graph\":[{\"@type\":\"Article\",\"@id\":\"https:\\\/\\\/congovirtuel.com\\\/information\\\/fin-de-course-a-abidjan-pour-deux-fugitifs-recherches-depuis-20-ans\\\/#article\",\"isPartOf\":{\"@id\":\"https:\\\/\\\/congovirtuel.com\\\/information\\\/fin-de-course-a-abidjan-pour-deux-fugitifs-recherches-depuis-20-ans\\\/\"},\"author\":{\"name\":\"infocongovirtuel\",\"@id\":\"https:\\\/\\\/congovirtuel.com\\\/information\\\/#\\\/schema\\\/person\\\/739a44bf7990966cb53d58d2fdeca0b6\"},\"headline\":\"Fin de course \u00e0 Abidjan pour deux fugitifs recherch\u00e9s depuis 20 ans\",\"datePublished\":\"2019-11-22T06:32:41+00:00\",\"dateModified\":\"2019-11-22T06:32:46+00:00\",\"mainEntityOfPage\":{\"@id\":\"https:\\\/\\\/congovirtuel.com\\\/information\\\/fin-de-course-a-abidjan-pour-deux-fugitifs-recherches-depuis-20-ans\\\/\"},\"wordCount\":188,\"commentCount\":0,\"publisher\":{\"@id\":\"https:\\\/\\\/congovirtuel.com\\\/information\\\/#organization\"},\"image\":{\"@id\":\"https:\\\/\\\/congovirtuel.com\\\/information\\\/fin-de-course-a-abidjan-pour-deux-fugitifs-recherches-depuis-20-ans\\\/#primaryimage\"},\"thumbnailUrl\":\"https:\\\/\\\/congovirtuel.com\\\/information\\\/wp-content\\\/uploads\\\/2019\\\/11\\\/interpol.jpg\",\"inLanguage\":\"fr-FR\",\"potentialAction\":[{\"@type\":\"CommentAction\",\"name\":\"Comment\",\"target\":[\"https:\\\/\\\/congovirtuel.com\\\/information\\\/fin-de-course-a-abidjan-pour-deux-fugitifs-recherches-depuis-20-ans\\\/#respond\"]}]},{\"@type\":\"WebPage\",\"@id\":\"https:\\\/\\\/congovirtuel.com\\\/information\\\/fin-de-course-a-abidjan-pour-deux-fugitifs-recherches-depuis-20-ans\\\/\",\"url\":\"https:\\\/\\\/congovirtuel.com\\\/information\\\/fin-de-course-a-abidjan-pour-deux-fugitifs-recherches-depuis-20-ans\\\/\",\"name\":\"Fin de course \u00e0 Abidjan pour deux fugitifs recherch\u00e9s depuis 20 ans - Actualit\u00e9s congolaises et internationales\",\"isPartOf\":{\"@id\":\"https:\\\/\\\/congovirtuel.com\\\/information\\\/#website\"},\"primaryImageOfPage\":{\"@id\":\"https:\\\/\\\/congovirtuel.com\\\/information\\\/fin-de-course-a-abidjan-pour-deux-fugitifs-recherches-depuis-20-ans\\\/#primaryimage\"},\"image\":{\"@id\":\"https:\\\/\\\/congovirtuel.com\\\/information\\\/fin-de-course-a-abidjan-pour-deux-fugitifs-recherches-depuis-20-ans\\\/#primaryimage\"},\"thumbnailUrl\":\"https:\\\/\\\/congovirtuel.com\\\/information\\\/wp-content\\\/uploads\\\/2019\\\/11\\\/interpol.jpg\",\"datePublished\":\"2019-11-22T06:32:41+00:00\",\"dateModified\":\"2019-11-22T06:32:46+00:00\",\"breadcrumb\":{\"@id\":\"https:\\\/\\\/congovirtuel.com\\\/information\\\/fin-de-course-a-abidjan-pour-deux-fugitifs-recherches-depuis-20-ans\\\/#breadcrumb\"},\"inLanguage\":\"fr-FR\",\"potentialAction\":[{\"@type\":\"ReadAction\",\"target\":[\"https:\\\/\\\/congovirtuel.com\\\/information\\\/fin-de-course-a-abidjan-pour-deux-fugitifs-recherches-depuis-20-ans\\\/\"]}]},{\"@type\":\"ImageObject\",\"inLanguage\":\"fr-FR\",\"@id\":\"https:\\\/\\\/congovirtuel.com\\\/information\\\/fin-de-course-a-abidjan-pour-deux-fugitifs-recherches-depuis-20-ans\\\/#primaryimage\",\"url\":\"https:\\\/\\\/congovirtuel.com\\\/information\\\/wp-content\\\/uploads\\\/2019\\\/11\\\/interpol.jpg\",\"contentUrl\":\"https:\\\/\\\/congovirtuel.com\\\/information\\\/wp-content\\\/uploads\\\/2019\\\/11\\\/interpol.jpg\",\"width\":624,\"height\":351},{\"@type\":\"BreadcrumbList\",\"@id\":\"https:\\\/\\\/congovirtuel.com\\\/information\\\/fin-de-course-a-abidjan-pour-deux-fugitifs-recherches-depuis-20-ans\\\/#breadcrumb\",\"itemListElement\":[{\"@type\":\"ListItem\",\"position\":1,\"name\":\"Accueil\",\"item\":\"https:\\\/\\\/congovirtuel.com\\\/information\\\/\"},{\"@type\":\"ListItem\",\"position\":2,\"name\":\"Fin de course \u00e0 Abidjan pour deux fugitifs recherch\u00e9s depuis 20 ans\"}]},{\"@type\":\"WebSite\",\"@id\":\"https:\\\/\\\/congovirtuel.com\\\/information\\\/#website\",\"url\":\"https:\\\/\\\/congovirtuel.com\\\/information\\\/\",\"name\":\"Actualit\u00e9s congolaises et internationales\",\"description\":\"site d&#039;analyse et de traitement d&#039;information\",\"publisher\":{\"@id\":\"https:\\\/\\\/congovirtuel.com\\\/information\\\/#organization\"},\"potentialAction\":[{\"@type\":\"SearchAction\",\"target\":{\"@type\":\"EntryPoint\",\"urlTemplate\":\"https:\\\/\\\/congovirtuel.com\\\/information\\\/?s={search_term_string}\"},\"query-input\":{\"@type\":\"PropertyValueSpecification\",\"valueRequired\":true,\"valueName\":\"search_term_string\"}}],\"inLanguage\":\"fr-FR\"},{\"@type\":\"Organization\",\"@id\":\"https:\\\/\\\/congovirtuel.com\\\/information\\\/#organization\",\"name\":\"Biblioth\u00e8que Virtuelle de la RDC\",\"url\":\"https:\\\/\\\/congovirtuel.com\\\/information\\\/\",\"logo\":{\"@type\":\"ImageObject\",\"inLanguage\":\"fr-FR\",\"@id\":\"https:\\\/\\\/congovirtuel.com\\\/information\\\/#\\\/schema\\\/logo\\\/image\\\/\",\"url\":\"https:\\\/\\\/congovirtuel.com\\\/information\\\/wp-content\\\/uploads\\\/2018\\\/10\\\/header-info-congovirtuel-vraie.jpg\",\"contentUrl\":\"https:\\\/\\\/congovirtuel.com\\\/information\\\/wp-content\\\/uploads\\\/2018\\\/10\\\/header-info-congovirtuel-vraie.jpg\",\"width\":728,\"height\":90,\"caption\":\"Biblioth\u00e8que Virtuelle de la RDC\"},\"image\":{\"@id\":\"https:\\\/\\\/congovirtuel.com\\\/information\\\/#\\\/schema\\\/logo\\\/image\\\/\"},\"sameAs\":[\"https:\\\/\\\/web.facebook.com\\\/Congovirtuel-763617960319601\\\/?ref=aymt_homepage_panel&amp;amp;amp;amp;amp;amp;amp;amp;amp;amp;amp;eid=ARCoxULa66767kIgF_KYav6VdjXTI4yk_LW4yoVO9s6NXpysgb7Cb65vpxcxgqzOAKvIbLQxaAETcqHT\",\"https:\\\/\\\/x.com\\\/congovirtuel\",\"https:\\\/\\\/www.youtube.com\\\/channel\\\/UCkFfprYzGgS3EWNpeMXpToQ?view_as=subscriber\"]},{\"@type\":\"Person\",\"@id\":\"https:\\\/\\\/congovirtuel.com\\\/information\\\/#\\\/schema\\\/person\\\/739a44bf7990966cb53d58d2fdeca0b6\",\"name\":\"infocongovirtuel\",\"image\":{\"@type\":\"ImageObject\",\"inLanguage\":\"fr-FR\",\"@id\":\"https:\\\/\\\/secure.gravatar.com\\\/avatar\\\/4d76991aa72469f0eb22e772586c99113c6997f88da636a9db8f2ce3a2c05e69?s=96&d=mm&r=g\",\"url\":\"https:\\\/\\\/secure.gravatar.com\\\/avatar\\\/4d76991aa72469f0eb22e772586c99113c6997f88da636a9db8f2ce3a2c05e69?s=96&d=mm&r=g\",\"contentUrl\":\"https:\\\/\\\/secure.gravatar.com\\\/avatar\\\/4d76991aa72469f0eb22e772586c99113c6997f88da636a9db8f2ce3a2c05e69?s=96&d=mm&r=g\",\"caption\":\"infocongovirtuel\"},\"url\":\"https:\\\/\\\/congovirtuel.com\\\/information\\\/author\\\/infocongovirtuel\\\/\"}]}<\/script>\n<!-- \/ Yoast SEO plugin. -->","yoast_head_json":{"title":"Fin de course \u00e0 Abidjan pour deux fugitifs recherch\u00e9s depuis 20 ans - Actualit\u00e9s congolaises et internationales","robots":{"index":"index","follow":"follow","max-snippet":"max-snippet:-1","max-image-preview":"max-image-preview:large","max-video-preview":"max-video-preview:-1"},"canonical":"https:\/\/congovirtuel.com\/information\/fin-de-course-a-abidjan-pour-deux-fugitifs-recherches-depuis-20-ans\/","og_locale":"fr_FR","og_type":"article","og_title":"Fin de course \u00e0 Abidjan pour deux fugitifs recherch\u00e9s depuis 20 ans - Actualit\u00e9s congolaises et internationales","og_description":"Une cavale de 20 ans se termine \u00e0 Abidjan pour un couple condamn\u00e9 \u00e0 la perp\u00e9tuit\u00e9 par une juridiction belge. Jean-Claude Lacote, 53 ans, et Hilde Van Acker 56 ans, \u00e9taient sur la liste des personnes les plus recherch\u00e9es par Interpol. \u00ab\u00a0Les deux personnes ont \u00e9t\u00e9 arr\u00eat\u00e9es \u00e0 Abidjan, M. Lacote mercredi soir et Mme Van Acker jeudi matin\u00a0\u00bb, a confirm\u00e9 \u00e0 l&rsquo;AFP C\u00e9line D&rsquo;Hav\u00e9, porte-parole du parquet \u00e0 Bruges\u00a0\u00bb. Le franco ivoirien Jean claude Lacote et la belge Hilde Van Acker ont \u00e9t\u00e9 condamn\u00e9s en leur absence par la&hellip;","og_url":"https:\/\/congovirtuel.com\/information\/fin-de-course-a-abidjan-pour-deux-fugitifs-recherches-depuis-20-ans\/","og_site_name":"Actualit\u00e9s congolaises et internationales","article_publisher":"https:\/\/web.facebook.com\/Congovirtuel-763617960319601\/?ref=aymt_homepage_panel&amp%3bamp%3bamp%3bamp%3bamp%3bamp%3bamp%3bamp%3bamp%3bamp%3bamp%3beid=ARCoxULa66767kIgF_KYav6VdjXTI4yk_LW4yoVO9s6NXpysgb7Cb65vpxcxgqzOAKvIbLQxaAETcqHT","article_published_time":"2019-11-22T06:32:41+00:00","article_modified_time":"2019-11-22T06:32:46+00:00","og_image":[{"width":624,"height":351,"url":"https:\/\/congovirtuel.com\/information\/wp-content\/uploads\/2019\/11\/interpol.jpg","type":"image\/jpeg"}],"author":"infocongovirtuel","twitter_card":"summary_large_image","twitter_creator":"@congovirtuel","twitter_site":"@congovirtuel","twitter_misc":{"\u00c9crit par":"infocongovirtuel","Dur\u00e9e de lecture estim\u00e9e":"1 minute"},"schema":{"@context":"https:\/\/schema.org","@graph":[{"@type":"Article","@id":"https:\/\/congovirtuel.com\/information\/fin-de-course-a-abidjan-pour-deux-fugitifs-recherches-depuis-20-ans\/#article","isPartOf":{"@id":"https:\/\/congovirtuel.com\/information\/fin-de-course-a-abidjan-pour-deux-fugitifs-recherches-depuis-20-ans\/"},"author":{"name":"infocongovirtuel","@id":"https:\/\/congovirtuel.com\/information\/#\/schema\/person\/739a44bf7990966cb53d58d2fdeca0b6"},"headline":"Fin de course \u00e0 Abidjan pour deux fugitifs recherch\u00e9s depuis 20 ans","datePublished":"2019-11-22T06:32:41+00:00","dateModified":"2019-11-22T06:32:46+00:00","mainEntityOfPage":{"@id":"https:\/\/congovirtuel.com\/information\/fin-de-course-a-abidjan-pour-deux-fugitifs-recherches-depuis-20-ans\/"},"wordCount":188,"commentCount":0,"publisher":{"@id":"https:\/\/congovirtuel.com\/information\/#organization"},"image":{"@id":"https:\/\/congovirtuel.com\/information\/fin-de-course-a-abidjan-pour-deux-fugitifs-recherches-depuis-20-ans\/#primaryimage"},"thumbnailUrl":"https:\/\/congovirtuel.com\/information\/wp-content\/uploads\/2019\/11\/interpol.jpg","inLanguage":"fr-FR","potentialAction":[{"@type":"CommentAction","name":"Comment","target":["https:\/\/congovirtuel.com\/information\/fin-de-course-a-abidjan-pour-deux-fugitifs-recherches-depuis-20-ans\/#respond"]}]},{"@type":"WebPage","@id":"https:\/\/congovirtuel.com\/information\/fin-de-course-a-abidjan-pour-deux-fugitifs-recherches-depuis-20-ans\/","url":"https:\/\/congovirtuel.com\/information\/fin-de-course-a-abidjan-pour-deux-fugitifs-recherches-depuis-20-ans\/","name":"Fin de course \u00e0 Abidjan pour deux fugitifs recherch\u00e9s depuis 20 ans - Actualit\u00e9s congolaises et internationales","isPartOf":{"@id":"https:\/\/congovirtuel.com\/information\/#website"},"primaryImageOfPage":{"@id":"https:\/\/congovirtuel.com\/information\/fin-de-course-a-abidjan-pour-deux-fugitifs-recherches-depuis-20-ans\/#primaryimage"},"image":{"@id":"https:\/\/congovirtuel.com\/information\/fin-de-course-a-abidjan-pour-deux-fugitifs-recherches-depuis-20-ans\/#primaryimage"},"thumbnailUrl":"https:\/\/congovirtuel.com\/information\/wp-content\/uploads\/2019\/11\/interpol.jpg","datePublished":"2019-11-22T06:32:41+00:00","dateModified":"2019-11-22T06:32:46+00:00","breadcrumb":{"@id":"https:\/\/congovirtuel.com\/information\/fin-de-course-a-abidjan-pour-deux-fugitifs-recherches-depuis-20-ans\/#breadcrumb"},"inLanguage":"fr-FR","potentialAction":[{"@type":"ReadAction","target":["https:\/\/congovirtuel.com\/information\/fin-de-course-a-abidjan-pour-deux-fugitifs-recherches-depuis-20-ans\/"]}]},{"@type":"ImageObject","inLanguage":"fr-FR","@id":"https:\/\/congovirtuel.com\/information\/fin-de-course-a-abidjan-pour-deux-fugitifs-recherches-depuis-20-ans\/#primaryimage","url":"https:\/\/congovirtuel.com\/information\/wp-content\/uploads\/2019\/11\/interpol.jpg","contentUrl":"https:\/\/congovirtuel.com\/information\/wp-content\/uploads\/2019\/11\/interpol.jpg","width":624,"height":351},{"@type":"BreadcrumbList","@id":"https:\/\/congovirtuel.com\/information\/fin-de-course-a-abidjan-pour-deux-fugitifs-recherches-depuis-20-ans\/#breadcrumb","itemListElement":[{"@type":"ListItem","position":1,"name":"Accueil","item":"https:\/\/congovirtuel.com\/information\/"},{"@type":"ListItem","position":2,"name":"Fin de course \u00e0 Abidjan pour deux fugitifs recherch\u00e9s depuis 20 ans"}]},{"@type":"WebSite","@id":"https:\/\/congovirtuel.com\/information\/#website","url":"https:\/\/congovirtuel.com\/information\/","name":"Actualit\u00e9s congolaises et internationales","description":"site d&#039;analyse et de traitement d&#039;information","publisher":{"@id":"https:\/\/congovirtuel.com\/information\/#organization"},"potentialAction":[{"@type":"SearchAction","target":{"@type":"EntryPoint","urlTemplate":"https:\/\/congovirtuel.com\/information\/?s={search_term_string}"},"query-input":{"@type":"PropertyValueSpecification","valueRequired":true,"valueName":"search_term_string"}}],"inLanguage":"fr-FR"},{"@type":"Organization","@id":"https:\/\/congovirtuel.com\/information\/#organization","name":"Biblioth\u00e8que Virtuelle de la RDC","url":"https:\/\/congovirtuel.com\/information\/","logo":{"@type":"ImageObject","inLanguage":"fr-FR","@id":"https:\/\/congovirtuel.com\/information\/#\/schema\/logo\/image\/","url":"https:\/\/congovirtuel.com\/information\/wp-content\/uploads\/2018\/10\/header-info-congovirtuel-vraie.jpg","contentUrl":"https:\/\/congovirtuel.com\/information\/wp-content\/uploads\/2018\/10\/header-info-congovirtuel-vraie.jpg","width":728,"height":90,"caption":"Biblioth\u00e8que Virtuelle de la RDC"},"image":{"@id":"https:\/\/congovirtuel.com\/information\/#\/schema\/logo\/image\/"},"sameAs":["https:\/\/web.facebook.com\/Congovirtuel-763617960319601\/?ref=aymt_homepage_panel&amp;amp;amp;amp;amp;amp;amp;amp;amp;amp;amp;eid=ARCoxULa66767kIgF_KYav6VdjXTI4yk_LW4yoVO9s6NXpysgb7Cb65vpxcxgqzOAKvIbLQxaAETcqHT","https:\/\/x.com\/congovirtuel","https:\/\/www.youtube.com\/channel\/UCkFfprYzGgS3EWNpeMXpToQ?view_as=subscriber"]},{"@type":"Person","@id":"https:\/\/congovirtuel.com\/information\/#\/schema\/person\/739a44bf7990966cb53d58d2fdeca0b6","name":"infocongovirtuel","image":{"@type":"ImageObject","inLanguage":"fr-FR","@id":"https:\/\/secure.gravatar.com\/avatar\/4d76991aa72469f0eb22e772586c99113c6997f88da636a9db8f2ce3a2c05e69?s=96&d=mm&r=g","url":"https:\/\/secure.gravatar.com\/avatar\/4d76991aa72469f0eb22e772586c99113c6997f88da636a9db8f2ce3a2c05e69?s=96&d=mm&r=g","contentUrl":"https:\/\/secure.gravatar.com\/avatar\/4d76991aa72469f0eb22e772586c99113c6997f88da636a9db8f2ce3a2c05e69?s=96&d=mm&r=g","caption":"infocongovirtuel"},"url":"https:\/\/congovirtuel.com\/information\/author\/infocongovirtuel\/"}]}},"gt_translate_keys":[{"key":"link","format":"url"}],"_links":{"self":[{"href":"https:\/\/congovirtuel.com\/information\/wp-json\/wp\/v2\/posts\/390","targetHints":{"allow":["GET"]}}],"collection":[{"href":"https:\/\/congovirtuel.com\/information\/wp-json\/wp\/v2\/posts"}],"about":[{"href":"https:\/\/congovirtuel.com\/information\/wp-json\/wp\/v2\/types\/post"}],"author":[{"embeddable":true,"href":"https:\/\/congovirtuel.com\/information\/wp-json\/wp\/v2\/users\/1"}],"replies":[{"embeddable":true,"href":"https:\/\/congovirtuel.com\/information\/wp-json\/wp\/v2\/comments?post=390"}],"version-history":[{"count":1,"href":"https:\/\/congovirtuel.com\/information\/wp-json\/wp\/v2\/posts\/390\/revisions"}],"predecessor-version":[{"id":392,"href":"https:\/\/congovirtuel.com\/information\/wp-json\/wp\/v2\/posts\/390\/revisions\/392"}],"wp:featuredmedia":[{"embeddable":true,"href":"https:\/\/congovirtuel.com\/information\/wp-json\/wp\/v2\/media\/391"}],"wp:attachment":[{"href":"https:\/\/congovirtuel.com\/information\/wp-json\/wp\/v2\/media?parent=390"}],"wp:term":[{"taxonomy":"category","embeddable":true,"href":"https:\/\/congovirtuel.com\/information\/wp-json\/wp\/v2\/categories?post=390"},{"taxonomy":"post_tag","embeddable":true,"href":"https:\/\/congovirtuel.com\/information\/wp-json\/wp\/v2\/tags?post=390"}],"curies":[{"name":"wp","href":"https:\/\/api.w.org\/{rel}","templated":true}]}}