{"id":3907,"date":"2020-10-23T07:34:21","date_gmt":"2020-10-23T06:34:21","guid":{"rendered":"https:\/\/congovirtuel.com\/information\/?p=3907"},"modified":"2020-10-23T07:34:29","modified_gmt":"2020-10-23T06:34:29","slug":"rdc-f-tshisekedi-veut-des-drones-pour-surveiller-les-zones-maritimes-portuaires-et-frontalieres","status":"publish","type":"post","link":"https:\/\/congovirtuel.com\/information\/rdc-f-tshisekedi-veut-des-drones-pour-surveiller-les-zones-maritimes-portuaires-et-frontalieres\/","title":{"rendered":"RDC : F. Tshisekedi veut des drones pour surveiller les zones maritimes, portuaires et frontali\u00e8res","gt_translate_keys":[{"key":"rendered","format":"text"}]},"content":{"rendered":"\n<h3 class=\"wp-block-heading\"><strong>Qui est le VRP isra\u00e9lien qui veut \u00e9quiper Kinshasa en drones ?<\/strong><\/h3>\n\n\n\n<p class=\"wp-block-paragraph\">Un consultant isra\u00e9lien a rencontr\u00e9 \u00e0 plusieurs reprises des conseillers de la pr\u00e9sidence congolaise pour \u00e9voquer des projets de surveillance par drone, notamment dans la zone maritime exclusive du pays.<br><br>Depuis janvier, Oded Baloush, un consultant isra\u00e9lien, s&rsquo;est rendu \u00e0 plusieurs reprises en RDC et a rencontr\u00e9 les conseillers s\u00e9curit\u00e9 de F\u00e9lix Tshisekedi. Il a \u00e9voqu\u00e9 avec eux plusieurs projets de surveillance par drone de zones p\u00e9troli\u00e8res, mini\u00e8res ou frontali\u00e8res. La RDC cherche depuis plusieurs ann\u00e9es \u00e0 renforcer son contr\u00f4le sur certaines zones de son territoire, \u00e0 l&rsquo;est pour pr\u00e9venir les incursions de groupes arm\u00e9s, et \u00e0 l&rsquo;ouest pour s&rsquo;affirmer sur ses tr\u00e8s \u00e9troites eaux territoriales, dont le contour exact est \u00e2prement disput\u00e9 avec l&rsquo;Angola voisin.<br><br>Baloush dispose d&rsquo;une exp\u00e9rience en Angola : il a un temps travaill\u00e9 pour WWC Holding, la soci\u00e9t\u00e9 luxembourgeoise dirig\u00e9e par le Portugais Filipe Cardoso. Celle-ci a longtemps compt\u00e9 parmi ses actionnaires et administrateurs le g\u00e9n\u00e9ral Manuel H\u00e9lder Vieira Dias, dit \u00ab\u00a0Kopelipa\u00a0\u00bb, chef de la Casa Militar de l&rsquo;ancien pr\u00e9sident Jos\u00e9 Eduardo dos Santos.<br><br>Plusieurs pays africains travaillent d&rsquo;ores et d\u00e9j\u00e0 avec l&rsquo;industrie isra\u00e9lienne sur des projets de surveillance territoriale par drone. C&rsquo;est, entre autres, le cas du Nigeria, qui m\u00e8ne le m\u00e9ga-projet Deep Blue avec la soci\u00e9t\u00e9 Blue Octagon.<br><br>En RDC, un autre consultant, Victor Nassar, ancien conseiller s\u00e9curit\u00e9 du magnat minier isra\u00e9lien Beny Steinmetz, tente \u00e9galement de mettre en place plusieurs projets de surveillance maritime ainsi que de mise aux normes internationales des ports congolais (ISP). Nassar op\u00e8re la soci\u00e9t\u00e9 Broxel Port Security Solutions, enregistr\u00e9e \u00e0 Chypre.<br><br><strong>Africa Intelligence<\/strong><\/p>\n","protected":false,"gt_translate_keys":[{"key":"rendered","format":"html"}]},"excerpt":{"rendered":"<p>Qui est le VRP isra\u00e9lien qui veut \u00e9quiper Kinshasa en drones ? Un consultant isra\u00e9lien a rencontr\u00e9 \u00e0 plusieurs reprises des conseillers de la pr\u00e9sidence congolaise pour \u00e9voquer des projets de surveillance par drone, notamment dans la zone maritime exclusive du pays. Depuis janvier, Oded Baloush, un consultant isra\u00e9lien, s&rsquo;est rendu \u00e0 plusieurs reprises en RDC et a rencontr\u00e9 les conseillers s\u00e9curit\u00e9 de F\u00e9lix Tshisekedi. Il a \u00e9voqu\u00e9 avec eux plusieurs projets de surveillance par drone de zones p\u00e9troli\u00e8res, mini\u00e8res ou frontali\u00e8res. La RDC cherche depuis plusieurs ann\u00e9es \u00e0 renforcer&hellip;<\/p>\n","protected":false,"gt_translate_keys":[{"key":"rendered","format":"html"}]},"author":1,"featured_media":3908,"comment_status":"open","ping_status":"open","sticky":false,"template":"","format":"standard","meta":{"_crdt_document":"","footnotes":""},"categories":[230],"tags":[3242,3244,3243],"class_list":["post-3907","post","type-post","status-publish","format-standard","has-post-thumbnail","hentry","category-rdc-israel","tag-des-drones-pour-surveiller-les-frontieres-congolais","tag-obed-baloush","tag-vrp-israeliens"],"gutentor_comment":0,"yoast_head":"<!-- This site is optimized with the Yoast SEO plugin v27.5 - https:\/\/yoast.com\/product\/yoast-seo-wordpress\/ -->\n<title>RDC : F. Tshisekedi veut des drones pour surveiller les zones maritimes, portuaires et frontali\u00e8res - Actualit\u00e9s congolaises et internationales<\/title>\n<meta name=\"robots\" content=\"index, follow, max-snippet:-1, max-image-preview:large, max-video-preview:-1\" \/>\n<link rel=\"canonical\" href=\"https:\/\/congovirtuel.com\/information\/rdc-f-tshisekedi-veut-des-drones-pour-surveiller-les-zones-maritimes-portuaires-et-frontalieres\/\" \/>\n<meta property=\"og:locale\" content=\"fr_FR\" \/>\n<meta property=\"og:type\" content=\"article\" \/>\n<meta property=\"og:title\" content=\"RDC : F. Tshisekedi veut des drones pour surveiller les zones maritimes, portuaires et frontali\u00e8res - Actualit\u00e9s congolaises et internationales\" \/>\n<meta property=\"og:description\" content=\"Qui est le VRP isra\u00e9lien qui veut \u00e9quiper Kinshasa en drones ? Un consultant isra\u00e9lien a rencontr\u00e9 \u00e0 plusieurs reprises des conseillers de la pr\u00e9sidence congolaise pour \u00e9voquer des projets de surveillance par drone, notamment dans la zone maritime exclusive du pays. Depuis janvier, Oded Baloush, un consultant isra\u00e9lien, s&rsquo;est rendu \u00e0 plusieurs reprises en RDC et a rencontr\u00e9 les conseillers s\u00e9curit\u00e9 de F\u00e9lix Tshisekedi. Il a \u00e9voqu\u00e9 avec eux plusieurs projets de surveillance par drone de zones p\u00e9troli\u00e8res, mini\u00e8res ou frontali\u00e8res. La RDC cherche depuis plusieurs ann\u00e9es \u00e0 renforcer&hellip;\" \/>\n<meta property=\"og:url\" content=\"https:\/\/congovirtuel.com\/information\/rdc-f-tshisekedi-veut-des-drones-pour-surveiller-les-zones-maritimes-portuaires-et-frontalieres\/\" \/>\n<meta property=\"og:site_name\" content=\"Actualit\u00e9s congolaises et internationales\" \/>\n<meta property=\"article:publisher\" content=\"https:\/\/web.facebook.com\/Congovirtuel-763617960319601\/?ref=aymt_homepage_panel&amp;amp%3bamp%3bamp%3bamp%3bamp%3bamp%3bamp%3bamp%3bamp%3bamp%3bamp%3beid=ARCoxULa66767kIgF_KYav6VdjXTI4yk_LW4yoVO9s6NXpysgb7Cb65vpxcxgqzOAKvIbLQxaAETcqHT\" \/>\n<meta property=\"article:published_time\" content=\"2020-10-23T06:34:21+00:00\" \/>\n<meta property=\"article:modified_time\" content=\"2020-10-23T06:34:29+00:00\" \/>\n<meta property=\"og:image\" content=\"https:\/\/congovirtuel.com\/information\/wp-content\/uploads\/2020\/10\/felix_fatshi-900-x-450.jpg\" \/>\n\t<meta property=\"og:image:width\" content=\"900\" \/>\n\t<meta property=\"og:image:height\" content=\"450\" \/>\n\t<meta property=\"og:image:type\" content=\"image\/jpeg\" \/>\n<meta name=\"author\" content=\"infocongovirtuel\" \/>\n<meta name=\"twitter:card\" content=\"summary_large_image\" \/>\n<meta name=\"twitter:creator\" content=\"@congovirtuel\" \/>\n<meta name=\"twitter:site\" content=\"@congovirtuel\" \/>\n<meta name=\"twitter:label1\" content=\"\u00c9crit par\" \/>\n\t<meta name=\"twitter:data1\" content=\"infocongovirtuel\" \/>\n\t<meta name=\"twitter:label2\" content=\"Dur\u00e9e de lecture estim\u00e9e\" \/>\n\t<meta name=\"twitter:data2\" content=\"1 minute\" \/>\n<script type=\"application\/ld+json\" class=\"yoast-schema-graph\">{\"@context\":\"https:\\\/\\\/schema.org\",\"@graph\":[{\"@type\":\"Article\",\"@id\":\"https:\\\/\\\/congovirtuel.com\\\/information\\\/rdc-f-tshisekedi-veut-des-drones-pour-surveiller-les-zones-maritimes-portuaires-et-frontalieres\\\/#article\",\"isPartOf\":{\"@id\":\"https:\\\/\\\/congovirtuel.com\\\/information\\\/rdc-f-tshisekedi-veut-des-drones-pour-surveiller-les-zones-maritimes-portuaires-et-frontalieres\\\/\"},\"author\":{\"name\":\"infocongovirtuel\",\"@id\":\"https:\\\/\\\/congovirtuel.com\\\/information\\\/#\\\/schema\\\/person\\\/739a44bf7990966cb53d58d2fdeca0b6\"},\"headline\":\"RDC : F. Tshisekedi veut des drones pour surveiller les zones maritimes, portuaires et frontali\u00e8res\",\"datePublished\":\"2020-10-23T06:34:21+00:00\",\"dateModified\":\"2020-10-23T06:34:29+00:00\",\"mainEntityOfPage\":{\"@id\":\"https:\\\/\\\/congovirtuel.com\\\/information\\\/rdc-f-tshisekedi-veut-des-drones-pour-surveiller-les-zones-maritimes-portuaires-et-frontalieres\\\/\"},\"wordCount\":317,\"commentCount\":0,\"publisher\":{\"@id\":\"https:\\\/\\\/congovirtuel.com\\\/information\\\/#organization\"},\"image\":{\"@id\":\"https:\\\/\\\/congovirtuel.com\\\/information\\\/rdc-f-tshisekedi-veut-des-drones-pour-surveiller-les-zones-maritimes-portuaires-et-frontalieres\\\/#primaryimage\"},\"thumbnailUrl\":\"https:\\\/\\\/congovirtuel.com\\\/information\\\/wp-content\\\/uploads\\\/2020\\\/10\\\/felix_fatshi-900-x-450.jpg\",\"keywords\":[\"des dr\u00f4nes pour surv\u00e9iller les fronti\u00e8res congolais\",\"Obed Baloush\",\"VRP israeliens\"],\"articleSection\":[\"RDC-ISRAEL\"],\"inLanguage\":\"fr-FR\",\"potentialAction\":[{\"@type\":\"CommentAction\",\"name\":\"Comment\",\"target\":[\"https:\\\/\\\/congovirtuel.com\\\/information\\\/rdc-f-tshisekedi-veut-des-drones-pour-surveiller-les-zones-maritimes-portuaires-et-frontalieres\\\/#respond\"]}]},{\"@type\":\"WebPage\",\"@id\":\"https:\\\/\\\/congovirtuel.com\\\/information\\\/rdc-f-tshisekedi-veut-des-drones-pour-surveiller-les-zones-maritimes-portuaires-et-frontalieres\\\/\",\"url\":\"https:\\\/\\\/congovirtuel.com\\\/information\\\/rdc-f-tshisekedi-veut-des-drones-pour-surveiller-les-zones-maritimes-portuaires-et-frontalieres\\\/\",\"name\":\"RDC : F. Tshisekedi veut des drones pour surveiller les zones maritimes, portuaires et frontali\u00e8res - Actualit\u00e9s congolaises et internationales\",\"isPartOf\":{\"@id\":\"https:\\\/\\\/congovirtuel.com\\\/information\\\/#website\"},\"primaryImageOfPage\":{\"@id\":\"https:\\\/\\\/congovirtuel.com\\\/information\\\/rdc-f-tshisekedi-veut-des-drones-pour-surveiller-les-zones-maritimes-portuaires-et-frontalieres\\\/#primaryimage\"},\"image\":{\"@id\":\"https:\\\/\\\/congovirtuel.com\\\/information\\\/rdc-f-tshisekedi-veut-des-drones-pour-surveiller-les-zones-maritimes-portuaires-et-frontalieres\\\/#primaryimage\"},\"thumbnailUrl\":\"https:\\\/\\\/congovirtuel.com\\\/information\\\/wp-content\\\/uploads\\\/2020\\\/10\\\/felix_fatshi-900-x-450.jpg\",\"datePublished\":\"2020-10-23T06:34:21+00:00\",\"dateModified\":\"2020-10-23T06:34:29+00:00\",\"breadcrumb\":{\"@id\":\"https:\\\/\\\/congovirtuel.com\\\/information\\\/rdc-f-tshisekedi-veut-des-drones-pour-surveiller-les-zones-maritimes-portuaires-et-frontalieres\\\/#breadcrumb\"},\"inLanguage\":\"fr-FR\",\"potentialAction\":[{\"@type\":\"ReadAction\",\"target\":[\"https:\\\/\\\/congovirtuel.com\\\/information\\\/rdc-f-tshisekedi-veut-des-drones-pour-surveiller-les-zones-maritimes-portuaires-et-frontalieres\\\/\"]}]},{\"@type\":\"ImageObject\",\"inLanguage\":\"fr-FR\",\"@id\":\"https:\\\/\\\/congovirtuel.com\\\/information\\\/rdc-f-tshisekedi-veut-des-drones-pour-surveiller-les-zones-maritimes-portuaires-et-frontalieres\\\/#primaryimage\",\"url\":\"https:\\\/\\\/congovirtuel.com\\\/information\\\/wp-content\\\/uploads\\\/2020\\\/10\\\/felix_fatshi-900-x-450.jpg\",\"contentUrl\":\"https:\\\/\\\/congovirtuel.com\\\/information\\\/wp-content\\\/uploads\\\/2020\\\/10\\\/felix_fatshi-900-x-450.jpg\",\"width\":900,\"height\":450,\"caption\":\"felix_fatshi\"},{\"@type\":\"BreadcrumbList\",\"@id\":\"https:\\\/\\\/congovirtuel.com\\\/information\\\/rdc-f-tshisekedi-veut-des-drones-pour-surveiller-les-zones-maritimes-portuaires-et-frontalieres\\\/#breadcrumb\",\"itemListElement\":[{\"@type\":\"ListItem\",\"position\":1,\"name\":\"Accueil\",\"item\":\"https:\\\/\\\/congovirtuel.com\\\/information\\\/\"},{\"@type\":\"ListItem\",\"position\":2,\"name\":\"RDC : F. Tshisekedi veut des drones pour surveiller les zones maritimes, portuaires et frontali\u00e8res\"}]},{\"@type\":\"WebSite\",\"@id\":\"https:\\\/\\\/congovirtuel.com\\\/information\\\/#website\",\"url\":\"https:\\\/\\\/congovirtuel.com\\\/information\\\/\",\"name\":\"Actualit\u00e9s congolaises et internationales\",\"description\":\"site d&#039;analyse et de traitement d&#039;information\",\"publisher\":{\"@id\":\"https:\\\/\\\/congovirtuel.com\\\/information\\\/#organization\"},\"potentialAction\":[{\"@type\":\"SearchAction\",\"target\":{\"@type\":\"EntryPoint\",\"urlTemplate\":\"https:\\\/\\\/congovirtuel.com\\\/information\\\/?s={search_term_string}\"},\"query-input\":{\"@type\":\"PropertyValueSpecification\",\"valueRequired\":true,\"valueName\":\"search_term_string\"}}],\"inLanguage\":\"fr-FR\"},{\"@type\":\"Organization\",\"@id\":\"https:\\\/\\\/congovirtuel.com\\\/information\\\/#organization\",\"name\":\"Biblioth\u00e8que Virtuelle de la RDC\",\"url\":\"https:\\\/\\\/congovirtuel.com\\\/information\\\/\",\"logo\":{\"@type\":\"ImageObject\",\"inLanguage\":\"fr-FR\",\"@id\":\"https:\\\/\\\/congovirtuel.com\\\/information\\\/#\\\/schema\\\/logo\\\/image\\\/\",\"url\":\"https:\\\/\\\/congovirtuel.com\\\/information\\\/wp-content\\\/uploads\\\/2018\\\/10\\\/header-info-congovirtuel-vraie.jpg\",\"contentUrl\":\"https:\\\/\\\/congovirtuel.com\\\/information\\\/wp-content\\\/uploads\\\/2018\\\/10\\\/header-info-congovirtuel-vraie.jpg\",\"width\":728,\"height\":90,\"caption\":\"Biblioth\u00e8que Virtuelle de la RDC\"},\"image\":{\"@id\":\"https:\\\/\\\/congovirtuel.com\\\/information\\\/#\\\/schema\\\/logo\\\/image\\\/\"},\"sameAs\":[\"https:\\\/\\\/web.facebook.com\\\/Congovirtuel-763617960319601\\\/?ref=aymt_homepage_panel&amp;amp;amp;amp;amp;amp;amp;amp;amp;amp;amp;eid=ARCoxULa66767kIgF_KYav6VdjXTI4yk_LW4yoVO9s6NXpysgb7Cb65vpxcxgqzOAKvIbLQxaAETcqHT\",\"https:\\\/\\\/x.com\\\/congovirtuel\",\"https:\\\/\\\/www.youtube.com\\\/channel\\\/UCkFfprYzGgS3EWNpeMXpToQ?view_as=subscriber\"]},{\"@type\":\"Person\",\"@id\":\"https:\\\/\\\/congovirtuel.com\\\/information\\\/#\\\/schema\\\/person\\\/739a44bf7990966cb53d58d2fdeca0b6\",\"name\":\"infocongovirtuel\",\"image\":{\"@type\":\"ImageObject\",\"inLanguage\":\"fr-FR\",\"@id\":\"https:\\\/\\\/secure.gravatar.com\\\/avatar\\\/4d76991aa72469f0eb22e772586c99113c6997f88da636a9db8f2ce3a2c05e69?s=96&d=mm&r=g\",\"url\":\"https:\\\/\\\/secure.gravatar.com\\\/avatar\\\/4d76991aa72469f0eb22e772586c99113c6997f88da636a9db8f2ce3a2c05e69?s=96&d=mm&r=g\",\"contentUrl\":\"https:\\\/\\\/secure.gravatar.com\\\/avatar\\\/4d76991aa72469f0eb22e772586c99113c6997f88da636a9db8f2ce3a2c05e69?s=96&d=mm&r=g\",\"caption\":\"infocongovirtuel\"},\"url\":\"https:\\\/\\\/congovirtuel.com\\\/information\\\/author\\\/infocongovirtuel\\\/\"}]}<\/script>\n<!-- \/ Yoast SEO plugin. -->","yoast_head_json":{"title":"RDC : F. Tshisekedi veut des drones pour surveiller les zones maritimes, portuaires et frontali\u00e8res - Actualit\u00e9s congolaises et internationales","robots":{"index":"index","follow":"follow","max-snippet":"max-snippet:-1","max-image-preview":"max-image-preview:large","max-video-preview":"max-video-preview:-1"},"canonical":"https:\/\/congovirtuel.com\/information\/rdc-f-tshisekedi-veut-des-drones-pour-surveiller-les-zones-maritimes-portuaires-et-frontalieres\/","og_locale":"fr_FR","og_type":"article","og_title":"RDC : F. Tshisekedi veut des drones pour surveiller les zones maritimes, portuaires et frontali\u00e8res - Actualit\u00e9s congolaises et internationales","og_description":"Qui est le VRP isra\u00e9lien qui veut \u00e9quiper Kinshasa en drones ? Un consultant isra\u00e9lien a rencontr\u00e9 \u00e0 plusieurs reprises des conseillers de la pr\u00e9sidence congolaise pour \u00e9voquer des projets de surveillance par drone, notamment dans la zone maritime exclusive du pays. Depuis janvier, Oded Baloush, un consultant isra\u00e9lien, s&rsquo;est rendu \u00e0 plusieurs reprises en RDC et a rencontr\u00e9 les conseillers s\u00e9curit\u00e9 de F\u00e9lix Tshisekedi. Il a \u00e9voqu\u00e9 avec eux plusieurs projets de surveillance par drone de zones p\u00e9troli\u00e8res, mini\u00e8res ou frontali\u00e8res. La RDC cherche depuis plusieurs ann\u00e9es \u00e0 renforcer&hellip;","og_url":"https:\/\/congovirtuel.com\/information\/rdc-f-tshisekedi-veut-des-drones-pour-surveiller-les-zones-maritimes-portuaires-et-frontalieres\/","og_site_name":"Actualit\u00e9s congolaises et internationales","article_publisher":"https:\/\/web.facebook.com\/Congovirtuel-763617960319601\/?ref=aymt_homepage_panel&amp%3bamp%3bamp%3bamp%3bamp%3bamp%3bamp%3bamp%3bamp%3bamp%3bamp%3beid=ARCoxULa66767kIgF_KYav6VdjXTI4yk_LW4yoVO9s6NXpysgb7Cb65vpxcxgqzOAKvIbLQxaAETcqHT","article_published_time":"2020-10-23T06:34:21+00:00","article_modified_time":"2020-10-23T06:34:29+00:00","og_image":[{"width":900,"height":450,"url":"https:\/\/congovirtuel.com\/information\/wp-content\/uploads\/2020\/10\/felix_fatshi-900-x-450.jpg","type":"image\/jpeg"}],"author":"infocongovirtuel","twitter_card":"summary_large_image","twitter_creator":"@congovirtuel","twitter_site":"@congovirtuel","twitter_misc":{"\u00c9crit par":"infocongovirtuel","Dur\u00e9e de lecture estim\u00e9e":"1 minute"},"schema":{"@context":"https:\/\/schema.org","@graph":[{"@type":"Article","@id":"https:\/\/congovirtuel.com\/information\/rdc-f-tshisekedi-veut-des-drones-pour-surveiller-les-zones-maritimes-portuaires-et-frontalieres\/#article","isPartOf":{"@id":"https:\/\/congovirtuel.com\/information\/rdc-f-tshisekedi-veut-des-drones-pour-surveiller-les-zones-maritimes-portuaires-et-frontalieres\/"},"author":{"name":"infocongovirtuel","@id":"https:\/\/congovirtuel.com\/information\/#\/schema\/person\/739a44bf7990966cb53d58d2fdeca0b6"},"headline":"RDC : F. Tshisekedi veut des drones pour surveiller les zones maritimes, portuaires et frontali\u00e8res","datePublished":"2020-10-23T06:34:21+00:00","dateModified":"2020-10-23T06:34:29+00:00","mainEntityOfPage":{"@id":"https:\/\/congovirtuel.com\/information\/rdc-f-tshisekedi-veut-des-drones-pour-surveiller-les-zones-maritimes-portuaires-et-frontalieres\/"},"wordCount":317,"commentCount":0,"publisher":{"@id":"https:\/\/congovirtuel.com\/information\/#organization"},"image":{"@id":"https:\/\/congovirtuel.com\/information\/rdc-f-tshisekedi-veut-des-drones-pour-surveiller-les-zones-maritimes-portuaires-et-frontalieres\/#primaryimage"},"thumbnailUrl":"https:\/\/congovirtuel.com\/information\/wp-content\/uploads\/2020\/10\/felix_fatshi-900-x-450.jpg","keywords":["des dr\u00f4nes pour surv\u00e9iller les fronti\u00e8res congolais","Obed Baloush","VRP israeliens"],"articleSection":["RDC-ISRAEL"],"inLanguage":"fr-FR","potentialAction":[{"@type":"CommentAction","name":"Comment","target":["https:\/\/congovirtuel.com\/information\/rdc-f-tshisekedi-veut-des-drones-pour-surveiller-les-zones-maritimes-portuaires-et-frontalieres\/#respond"]}]},{"@type":"WebPage","@id":"https:\/\/congovirtuel.com\/information\/rdc-f-tshisekedi-veut-des-drones-pour-surveiller-les-zones-maritimes-portuaires-et-frontalieres\/","url":"https:\/\/congovirtuel.com\/information\/rdc-f-tshisekedi-veut-des-drones-pour-surveiller-les-zones-maritimes-portuaires-et-frontalieres\/","name":"RDC : F. Tshisekedi veut des drones pour surveiller les zones maritimes, portuaires et frontali\u00e8res - Actualit\u00e9s congolaises et internationales","isPartOf":{"@id":"https:\/\/congovirtuel.com\/information\/#website"},"primaryImageOfPage":{"@id":"https:\/\/congovirtuel.com\/information\/rdc-f-tshisekedi-veut-des-drones-pour-surveiller-les-zones-maritimes-portuaires-et-frontalieres\/#primaryimage"},"image":{"@id":"https:\/\/congovirtuel.com\/information\/rdc-f-tshisekedi-veut-des-drones-pour-surveiller-les-zones-maritimes-portuaires-et-frontalieres\/#primaryimage"},"thumbnailUrl":"https:\/\/congovirtuel.com\/information\/wp-content\/uploads\/2020\/10\/felix_fatshi-900-x-450.jpg","datePublished":"2020-10-23T06:34:21+00:00","dateModified":"2020-10-23T06:34:29+00:00","breadcrumb":{"@id":"https:\/\/congovirtuel.com\/information\/rdc-f-tshisekedi-veut-des-drones-pour-surveiller-les-zones-maritimes-portuaires-et-frontalieres\/#breadcrumb"},"inLanguage":"fr-FR","potentialAction":[{"@type":"ReadAction","target":["https:\/\/congovirtuel.com\/information\/rdc-f-tshisekedi-veut-des-drones-pour-surveiller-les-zones-maritimes-portuaires-et-frontalieres\/"]}]},{"@type":"ImageObject","inLanguage":"fr-FR","@id":"https:\/\/congovirtuel.com\/information\/rdc-f-tshisekedi-veut-des-drones-pour-surveiller-les-zones-maritimes-portuaires-et-frontalieres\/#primaryimage","url":"https:\/\/congovirtuel.com\/information\/wp-content\/uploads\/2020\/10\/felix_fatshi-900-x-450.jpg","contentUrl":"https:\/\/congovirtuel.com\/information\/wp-content\/uploads\/2020\/10\/felix_fatshi-900-x-450.jpg","width":900,"height":450,"caption":"felix_fatshi"},{"@type":"BreadcrumbList","@id":"https:\/\/congovirtuel.com\/information\/rdc-f-tshisekedi-veut-des-drones-pour-surveiller-les-zones-maritimes-portuaires-et-frontalieres\/#breadcrumb","itemListElement":[{"@type":"ListItem","position":1,"name":"Accueil","item":"https:\/\/congovirtuel.com\/information\/"},{"@type":"ListItem","position":2,"name":"RDC : F. Tshisekedi veut des drones pour surveiller les zones maritimes, portuaires et frontali\u00e8res"}]},{"@type":"WebSite","@id":"https:\/\/congovirtuel.com\/information\/#website","url":"https:\/\/congovirtuel.com\/information\/","name":"Actualit\u00e9s congolaises et internationales","description":"site d&#039;analyse et de traitement d&#039;information","publisher":{"@id":"https:\/\/congovirtuel.com\/information\/#organization"},"potentialAction":[{"@type":"SearchAction","target":{"@type":"EntryPoint","urlTemplate":"https:\/\/congovirtuel.com\/information\/?s={search_term_string}"},"query-input":{"@type":"PropertyValueSpecification","valueRequired":true,"valueName":"search_term_string"}}],"inLanguage":"fr-FR"},{"@type":"Organization","@id":"https:\/\/congovirtuel.com\/information\/#organization","name":"Biblioth\u00e8que Virtuelle de la RDC","url":"https:\/\/congovirtuel.com\/information\/","logo":{"@type":"ImageObject","inLanguage":"fr-FR","@id":"https:\/\/congovirtuel.com\/information\/#\/schema\/logo\/image\/","url":"https:\/\/congovirtuel.com\/information\/wp-content\/uploads\/2018\/10\/header-info-congovirtuel-vraie.jpg","contentUrl":"https:\/\/congovirtuel.com\/information\/wp-content\/uploads\/2018\/10\/header-info-congovirtuel-vraie.jpg","width":728,"height":90,"caption":"Biblioth\u00e8que Virtuelle de la RDC"},"image":{"@id":"https:\/\/congovirtuel.com\/information\/#\/schema\/logo\/image\/"},"sameAs":["https:\/\/web.facebook.com\/Congovirtuel-763617960319601\/?ref=aymt_homepage_panel&amp;amp;amp;amp;amp;amp;amp;amp;amp;amp;amp;eid=ARCoxULa66767kIgF_KYav6VdjXTI4yk_LW4yoVO9s6NXpysgb7Cb65vpxcxgqzOAKvIbLQxaAETcqHT","https:\/\/x.com\/congovirtuel","https:\/\/www.youtube.com\/channel\/UCkFfprYzGgS3EWNpeMXpToQ?view_as=subscriber"]},{"@type":"Person","@id":"https:\/\/congovirtuel.com\/information\/#\/schema\/person\/739a44bf7990966cb53d58d2fdeca0b6","name":"infocongovirtuel","image":{"@type":"ImageObject","inLanguage":"fr-FR","@id":"https:\/\/secure.gravatar.com\/avatar\/4d76991aa72469f0eb22e772586c99113c6997f88da636a9db8f2ce3a2c05e69?s=96&d=mm&r=g","url":"https:\/\/secure.gravatar.com\/avatar\/4d76991aa72469f0eb22e772586c99113c6997f88da636a9db8f2ce3a2c05e69?s=96&d=mm&r=g","contentUrl":"https:\/\/secure.gravatar.com\/avatar\/4d76991aa72469f0eb22e772586c99113c6997f88da636a9db8f2ce3a2c05e69?s=96&d=mm&r=g","caption":"infocongovirtuel"},"url":"https:\/\/congovirtuel.com\/information\/author\/infocongovirtuel\/"}]}},"gt_translate_keys":[{"key":"link","format":"url"}],"_links":{"self":[{"href":"https:\/\/congovirtuel.com\/information\/wp-json\/wp\/v2\/posts\/3907","targetHints":{"allow":["GET"]}}],"collection":[{"href":"https:\/\/congovirtuel.com\/information\/wp-json\/wp\/v2\/posts"}],"about":[{"href":"https:\/\/congovirtuel.com\/information\/wp-json\/wp\/v2\/types\/post"}],"author":[{"embeddable":true,"href":"https:\/\/congovirtuel.com\/information\/wp-json\/wp\/v2\/users\/1"}],"replies":[{"embeddable":true,"href":"https:\/\/congovirtuel.com\/information\/wp-json\/wp\/v2\/comments?post=3907"}],"version-history":[{"count":1,"href":"https:\/\/congovirtuel.com\/information\/wp-json\/wp\/v2\/posts\/3907\/revisions"}],"predecessor-version":[{"id":3909,"href":"https:\/\/congovirtuel.com\/information\/wp-json\/wp\/v2\/posts\/3907\/revisions\/3909"}],"wp:featuredmedia":[{"embeddable":true,"href":"https:\/\/congovirtuel.com\/information\/wp-json\/wp\/v2\/media\/3908"}],"wp:attachment":[{"href":"https:\/\/congovirtuel.com\/information\/wp-json\/wp\/v2\/media?parent=3907"}],"wp:term":[{"taxonomy":"category","embeddable":true,"href":"https:\/\/congovirtuel.com\/information\/wp-json\/wp\/v2\/categories?post=3907"},{"taxonomy":"post_tag","embeddable":true,"href":"https:\/\/congovirtuel.com\/information\/wp-json\/wp\/v2\/tags?post=3907"}],"curies":[{"name":"wp","href":"https:\/\/api.w.org\/{rel}","templated":true}]}}