{"id":4029,"date":"2020-10-30T06:29:36","date_gmt":"2020-10-30T05:29:36","guid":{"rendered":"https:\/\/congovirtuel.com\/information\/?p=4029"},"modified":"2020-10-30T06:29:44","modified_gmt":"2020-10-30T05:29:44","slug":"migration-140-les-morts-saccumulent-le-long-des-cotes-dafrique-louest","status":"publish","type":"post","link":"https:\/\/congovirtuel.com\/information\/migration-140-les-morts-saccumulent-le-long-des-cotes-dafrique-louest\/","title":{"rendered":"Migration: 140, les morts s&rsquo;accumulent le long des c\u00f4tes d&rsquo;Afrique l&rsquo;Ouest","gt_translate_keys":[{"key":"rendered","format":"text"}]},"content":{"rendered":"\n<p class=\"wp-block-paragraph\"><strong>\u00ab\u00a0<em>Au moins 140 personnes se sont noy\u00e9es apr\u00e8s que leur bateau, qui transportait environ 200 personnes, a coul\u00e9 au large du S\u00e9n\u00e9gal<\/em>\u00ab\u00a0, a indiqu\u00e9 jeudi l&rsquo;Organisation internationale des Migrations (OIM) dans un communiqu\u00e9.<\/strong><\/p>\n\n\n\n<p class=\"wp-block-paragraph\">\u00ab\u00a0<em>Il s&rsquo;agit du naufrage le plus meurtrier en 2020<\/em>\u00ab\u00a0, selon l&rsquo;OIM.<\/p>\n\n\n\n<p class=\"wp-block-paragraph\">Sans pr\u00e9ciser le nombre de passagers, les autorit\u00e9s s\u00e9n\u00e9galaises avaient annonc\u00e9 un bilan d&rsquo;au moins 10 morts, pour une soixantaine de personnes secourues.<\/p>\n\n\n\n<p class=\"wp-block-paragraph\">\u00ab\u00a0<em>Les communaut\u00e9s locales nous ont dit qu&rsquo;ils \u00e9taient environ 200 \u00e0 bord, donc cela fait 140 disparus<\/em>\u00ab\u00a0, a expliqu\u00e9 \u00e0 l&rsquo;AFP une porte-parole de l&rsquo;OIM \u00e0 Dakar.<\/p>\n\n\n\n<h2 class=\"wp-block-heading\"><strong>Incendie \u00e0 bord<\/strong><\/h2>\n\n\n\n<p class=\"wp-block-paragraph\">Entre le 7 et le 25 octobre, la marine s\u00e9n\u00e9galaise, appuy\u00e9e par la Guardia Civil espagnole, a intercept\u00e9 cinq pirogues en partance pour l&rsquo;Europe, secourant au total 388 personnes, selon le gouvernement s\u00e9n\u00e9galais, qui fait \u00e9tat de \u00ab\u00a0<em>28 pr\u00e9sum\u00e9s convoyeurs<\/em>\u00a0\u00bb interpell\u00e9s.<\/p>\n\n\n\n<p class=\"wp-block-paragraph\">Une de ces pirogues avait connu une avarie grave, lorsqu&rsquo;un incendie s&rsquo;est d\u00e9clar\u00e9 \u00e0 bord le 23 octobre au large de Mbour, \u00e0 plus de 80 km au sud-est de Dakar, provoqu\u00e9 par \u00ab\u00a0<em>une explosion du moteur et des f\u00fbts de carburant \u00e0 bord<\/em>\u00ab\u00a0, selon le gouvernement.<\/p>\n\n\n\n<p class=\"wp-block-paragraph\">La version de l&rsquo;OIM est l\u00e9g\u00e8rement diff\u00e9rente. Des membres des communaut\u00e9s locales lui ont indiqu\u00e9 que la bateau avec quitt\u00e9 Mbour le 24 octobre, et non le 23, et que c&rsquo;est au large de Saint-Louis, derni\u00e8re ville s\u00e9n\u00e9galaise avant la Mauritanie, que l&rsquo;incendie s&rsquo;est produit quelques heures plus tard et que le bateau a chavir\u00e9.<\/p>\n\n\n\n<p class=\"wp-block-paragraph\">La gendarmerie s\u00e9n\u00e9galaise a de son c\u00f4t\u00e9 indiqu\u00e9 jeudi que \u00ab\u00a0<em>six corps<\/em>\u00a0\u00bb non-identifi\u00e9s avaient \u00e9t\u00e9 \u00ab\u00a0<em>pris dans les filets d&rsquo;un bateau de p\u00eache au large de Dakar<\/em>\u00a0\u00bb mercredi soir, sans que l&rsquo;on sache s&rsquo;il s&rsquo;agit de victimes de cet accident.<\/p>\n\n\n\n<p class=\"wp-block-paragraph\">Selon les informations de l&rsquo;OIM, le bateau avait pour intention de rallier l&rsquo;archipel espagnol des Canaries, au large du Maroc, porte d&rsquo;entr\u00e9e de l&rsquo;Union europ\u00e9enne.<\/p>\n\n\n\n<h2 class=\"wp-block-heading\"><strong>Plus de 400 morts<\/strong><\/h2>\n\n\n\n<p class=\"wp-block-paragraph\">L&rsquo;organisation souligne que \u00ab\u00a0<em>le nombre de d\u00e9part des c\u00f4tes de l&rsquo;Afrique de l&rsquo;Ouest vers les Canaries a augment\u00e9 sensiblement ces derni\u00e8res semaines<\/em>\u00ab\u00a0.<\/p>\n\n\n\n<p class=\"wp-block-paragraph\">Selon les informations recueillies localement par l&rsquo;OIM, rien que pour le mois de septembre, \u00ab\u00a0<em>14 bateaux transportant 663 migrants<\/em>\u00a0\u00bb ont quitt\u00e9 le S\u00e9n\u00e9gal pour rejoindre l&rsquo;archipel espagnol.<\/p>\n\n\n\n<p class=\"wp-block-paragraph\">Le quart environ de ces bateaux, souvent des pirogues \u00e0 moteur, ont connu des avarie ou un naufrage, selon l&rsquo;OIM.<\/p>\n\n\n\n<p class=\"wp-block-paragraph\">Elle \u00e9value \u00e0 environ 11.000 le nombre d&rsquo;arriv\u00e9es de migrants aux Canaries cette ann\u00e9e, contre 2557 sur la m\u00eame p\u00e9riode de l&rsquo;an dernier, loin toutefois du pic de plus de 32.000 enregistr\u00e9 en 2006.<\/p>\n\n\n\n<p class=\"wp-block-paragraph\">Avec la mort probable des 140 naufrag\u00e9s, le bilan des morts sur cette route maritime s&rsquo;\u00e9l\u00e8ve \u00e0 414, selon les relev\u00e9s de l&rsquo;OIM, contre 210 sur l&rsquo;ensemble de l&rsquo;ann\u00e9e 2019.<\/p>\n\n\n\n<h2 class=\"wp-block-heading\"><strong>Appel aux populations<\/strong><\/h2>\n\n\n\n<p class=\"wp-block-paragraph\">Alarm\u00e9 par cette \u00ab\u00a0<em>recrudescence<\/em>\u00a0\u00bb des tentatives d&rsquo;\u00e9migration clandestine et de son lot de victimes et l&rsquo;\u00e9motion dans le pays, le pr\u00e9sident s\u00e9n\u00e9galais Macky Sall avait lanc\u00e9 mardi \u00ab\u00a0<em>un appel aux populations \u00e0 plus de vigilance et \u00e0 la collaboration avec les forces de d\u00e9fense et de s\u00e9curit\u00e9 pour pr\u00e9server la vie des jeunes tent\u00e9s par l&rsquo;\u00e9migration<\/em>\u00ab\u00a0.<\/p>\n\n\n\n<p class=\"wp-block-paragraph\">Las, une nouvelle pirogue partie du S\u00e9n\u00e9gal a fait naufrage jeudi au large de la Mauritanie, selon une source hospitali\u00e8re \u00e0 Nouadhibou, ville c\u00f4ti\u00e8re du nord-ouest de la Mauritanie, et une source s\u00e9curitaire mauritanienne.<\/p>\n\n\n\n<p class=\"wp-block-paragraph\">\u00ab\u00a0<em>Les garde-c\u00f4tes mauritaniens ont secouru jeudi 24 migrants ill\u00e9gaux dans le naufrage d&rsquo;une pirogue qui se dirigeait vers les Iles Canaries,tandis 36 ont perdu la vie<\/em>\u00ab\u00a0, a indiqu\u00e9 cette source hospitali\u00e8re ayant requis l&rsquo;anonymat.<\/p>\n\n\n\n<p class=\"wp-block-paragraph\">Leurs corps n&rsquo;ont toutefois pas \u00e9t\u00e9 retrouv\u00e9s, mais la pirogue comptait 60 personnes \u00e0 bord, selon la m\u00eame source. Les recherches se poursuivaient jeudi en d\u00e9but de soir\u00e9e pour retrouver des survivants, a indiqu\u00e9 une source s\u00e9curitaire.<\/p>\n\n\n\n<p class=\"wp-block-paragraph\"><strong>RTBF<\/strong><\/p>\n","protected":false,"gt_translate_keys":[{"key":"rendered","format":"html"}]},"excerpt":{"rendered":"<p>\u00ab\u00a0Au moins 140 personnes se sont noy\u00e9es apr\u00e8s que leur bateau, qui transportait environ 200 personnes, a coul\u00e9 au large du S\u00e9n\u00e9gal\u00ab\u00a0, a indiqu\u00e9 jeudi l&rsquo;Organisation internationale des Migrations (OIM) dans un communiqu\u00e9. \u00ab\u00a0Il s&rsquo;agit du naufrage le plus meurtrier en 2020\u00ab\u00a0, selon l&rsquo;OIM. Sans pr\u00e9ciser le nombre de passagers, les autorit\u00e9s s\u00e9n\u00e9galaises avaient annonc\u00e9 un bilan d&rsquo;au moins 10 morts, pour une soixantaine de personnes secourues. \u00ab\u00a0Les communaut\u00e9s locales nous ont dit qu&rsquo;ils \u00e9taient environ 200 \u00e0 bord, donc cela fait 140 disparus\u00ab\u00a0, a expliqu\u00e9 \u00e0 l&rsquo;AFP une porte-parole&hellip;<\/p>\n","protected":false,"gt_translate_keys":[{"key":"rendered","format":"html"}]},"author":1,"featured_media":4030,"comment_status":"open","ping_status":"open","sticky":false,"template":"","format":"standard","meta":{"_crdt_document":"","footnotes":""},"categories":[29],"tags":[],"class_list":["post-4029","post","type-post","status-publish","format-standard","has-post-thumbnail","hentry","category-immigration"],"gutentor_comment":0,"yoast_head":"<!-- This site is optimized with the Yoast SEO plugin v27.5 - https:\/\/yoast.com\/product\/yoast-seo-wordpress\/ -->\n<title>Migration: 140, les morts s&#039;accumulent le long des c\u00f4tes d&#039;Afrique l&#039;Ouest - Actualit\u00e9s congolaises et internationales<\/title>\n<meta name=\"robots\" content=\"index, follow, max-snippet:-1, max-image-preview:large, max-video-preview:-1\" \/>\n<link rel=\"canonical\" href=\"https:\/\/congovirtuel.com\/information\/migration-140-les-morts-saccumulent-le-long-des-cotes-dafrique-louest\/\" \/>\n<meta property=\"og:locale\" content=\"fr_FR\" \/>\n<meta property=\"og:type\" content=\"article\" \/>\n<meta property=\"og:title\" content=\"Migration: 140, les morts s&#039;accumulent le long des c\u00f4tes d&#039;Afrique l&#039;Ouest - Actualit\u00e9s congolaises et internationales\" \/>\n<meta property=\"og:description\" content=\"\u00ab\u00a0Au moins 140 personnes se sont noy\u00e9es apr\u00e8s que leur bateau, qui transportait environ 200 personnes, a coul\u00e9 au large du S\u00e9n\u00e9gal\u00ab\u00a0, a indiqu\u00e9 jeudi l&rsquo;Organisation internationale des Migrations (OIM) dans un communiqu\u00e9. \u00ab\u00a0Il s&rsquo;agit du naufrage le plus meurtrier en 2020\u00ab\u00a0, selon l&rsquo;OIM. Sans pr\u00e9ciser le nombre de passagers, les autorit\u00e9s s\u00e9n\u00e9galaises avaient annonc\u00e9 un bilan d&rsquo;au moins 10 morts, pour une soixantaine de personnes secourues. \u00ab\u00a0Les communaut\u00e9s locales nous ont dit qu&rsquo;ils \u00e9taient environ 200 \u00e0 bord, donc cela fait 140 disparus\u00ab\u00a0, a expliqu\u00e9 \u00e0 l&rsquo;AFP une porte-parole&hellip;\" \/>\n<meta property=\"og:url\" content=\"https:\/\/congovirtuel.com\/information\/migration-140-les-morts-saccumulent-le-long-des-cotes-dafrique-louest\/\" \/>\n<meta property=\"og:site_name\" content=\"Actualit\u00e9s congolaises et internationales\" \/>\n<meta property=\"article:publisher\" content=\"https:\/\/web.facebook.com\/Congovirtuel-763617960319601\/?ref=aymt_homepage_panel&amp;amp%3bamp%3bamp%3bamp%3bamp%3bamp%3bamp%3bamp%3bamp%3bamp%3bamp%3beid=ARCoxULa66767kIgF_KYav6VdjXTI4yk_LW4yoVO9s6NXpysgb7Cb65vpxcxgqzOAKvIbLQxaAETcqHT\" \/>\n<meta property=\"article:published_time\" content=\"2020-10-30T05:29:36+00:00\" \/>\n<meta property=\"article:modified_time\" content=\"2020-10-30T05:29:44+00:00\" \/>\n<meta property=\"og:image\" content=\"https:\/\/congovirtuel.com\/information\/wp-content\/uploads\/2020\/10\/plage_dakar.jpg\" \/>\n\t<meta property=\"og:image:width\" content=\"1248\" \/>\n\t<meta property=\"og:image:height\" content=\"701\" \/>\n\t<meta property=\"og:image:type\" content=\"image\/jpeg\" \/>\n<meta name=\"author\" content=\"infocongovirtuel\" \/>\n<meta name=\"twitter:card\" content=\"summary_large_image\" \/>\n<meta name=\"twitter:creator\" content=\"@congovirtuel\" \/>\n<meta name=\"twitter:site\" content=\"@congovirtuel\" \/>\n<meta name=\"twitter:label1\" content=\"\u00c9crit par\" \/>\n\t<meta name=\"twitter:data1\" content=\"infocongovirtuel\" \/>\n\t<meta name=\"twitter:label2\" content=\"Dur\u00e9e de lecture estim\u00e9e\" \/>\n\t<meta name=\"twitter:data2\" content=\"3 minutes\" \/>\n<script type=\"application\/ld+json\" class=\"yoast-schema-graph\">{\"@context\":\"https:\\\/\\\/schema.org\",\"@graph\":[{\"@type\":\"Article\",\"@id\":\"https:\\\/\\\/congovirtuel.com\\\/information\\\/migration-140-les-morts-saccumulent-le-long-des-cotes-dafrique-louest\\\/#article\",\"isPartOf\":{\"@id\":\"https:\\\/\\\/congovirtuel.com\\\/information\\\/migration-140-les-morts-saccumulent-le-long-des-cotes-dafrique-louest\\\/\"},\"author\":{\"name\":\"infocongovirtuel\",\"@id\":\"https:\\\/\\\/congovirtuel.com\\\/information\\\/#\\\/schema\\\/person\\\/739a44bf7990966cb53d58d2fdeca0b6\"},\"headline\":\"Migration: 140, les morts s&rsquo;accumulent le long des c\u00f4tes d&rsquo;Afrique l&rsquo;Ouest\",\"datePublished\":\"2020-10-30T05:29:36+00:00\",\"dateModified\":\"2020-10-30T05:29:44+00:00\",\"mainEntityOfPage\":{\"@id\":\"https:\\\/\\\/congovirtuel.com\\\/information\\\/migration-140-les-morts-saccumulent-le-long-des-cotes-dafrique-louest\\\/\"},\"wordCount\":687,\"commentCount\":0,\"publisher\":{\"@id\":\"https:\\\/\\\/congovirtuel.com\\\/information\\\/#organization\"},\"image\":{\"@id\":\"https:\\\/\\\/congovirtuel.com\\\/information\\\/migration-140-les-morts-saccumulent-le-long-des-cotes-dafrique-louest\\\/#primaryimage\"},\"thumbnailUrl\":\"https:\\\/\\\/congovirtuel.com\\\/information\\\/wp-content\\\/uploads\\\/2020\\\/10\\\/plage_dakar.jpg\",\"articleSection\":[\"Immigration\"],\"inLanguage\":\"fr-FR\",\"potentialAction\":[{\"@type\":\"CommentAction\",\"name\":\"Comment\",\"target\":[\"https:\\\/\\\/congovirtuel.com\\\/information\\\/migration-140-les-morts-saccumulent-le-long-des-cotes-dafrique-louest\\\/#respond\"]}]},{\"@type\":\"WebPage\",\"@id\":\"https:\\\/\\\/congovirtuel.com\\\/information\\\/migration-140-les-morts-saccumulent-le-long-des-cotes-dafrique-louest\\\/\",\"url\":\"https:\\\/\\\/congovirtuel.com\\\/information\\\/migration-140-les-morts-saccumulent-le-long-des-cotes-dafrique-louest\\\/\",\"name\":\"Migration: 140, les morts s'accumulent le long des c\u00f4tes d'Afrique l'Ouest - Actualit\u00e9s congolaises et internationales\",\"isPartOf\":{\"@id\":\"https:\\\/\\\/congovirtuel.com\\\/information\\\/#website\"},\"primaryImageOfPage\":{\"@id\":\"https:\\\/\\\/congovirtuel.com\\\/information\\\/migration-140-les-morts-saccumulent-le-long-des-cotes-dafrique-louest\\\/#primaryimage\"},\"image\":{\"@id\":\"https:\\\/\\\/congovirtuel.com\\\/information\\\/migration-140-les-morts-saccumulent-le-long-des-cotes-dafrique-louest\\\/#primaryimage\"},\"thumbnailUrl\":\"https:\\\/\\\/congovirtuel.com\\\/information\\\/wp-content\\\/uploads\\\/2020\\\/10\\\/plage_dakar.jpg\",\"datePublished\":\"2020-10-30T05:29:36+00:00\",\"dateModified\":\"2020-10-30T05:29:44+00:00\",\"breadcrumb\":{\"@id\":\"https:\\\/\\\/congovirtuel.com\\\/information\\\/migration-140-les-morts-saccumulent-le-long-des-cotes-dafrique-louest\\\/#breadcrumb\"},\"inLanguage\":\"fr-FR\",\"potentialAction\":[{\"@type\":\"ReadAction\",\"target\":[\"https:\\\/\\\/congovirtuel.com\\\/information\\\/migration-140-les-morts-saccumulent-le-long-des-cotes-dafrique-louest\\\/\"]}]},{\"@type\":\"ImageObject\",\"inLanguage\":\"fr-FR\",\"@id\":\"https:\\\/\\\/congovirtuel.com\\\/information\\\/migration-140-les-morts-saccumulent-le-long-des-cotes-dafrique-louest\\\/#primaryimage\",\"url\":\"https:\\\/\\\/congovirtuel.com\\\/information\\\/wp-content\\\/uploads\\\/2020\\\/10\\\/plage_dakar.jpg\",\"contentUrl\":\"https:\\\/\\\/congovirtuel.com\\\/information\\\/wp-content\\\/uploads\\\/2020\\\/10\\\/plage_dakar.jpg\",\"width\":1248,\"height\":701},{\"@type\":\"BreadcrumbList\",\"@id\":\"https:\\\/\\\/congovirtuel.com\\\/information\\\/migration-140-les-morts-saccumulent-le-long-des-cotes-dafrique-louest\\\/#breadcrumb\",\"itemListElement\":[{\"@type\":\"ListItem\",\"position\":1,\"name\":\"Accueil\",\"item\":\"https:\\\/\\\/congovirtuel.com\\\/information\\\/\"},{\"@type\":\"ListItem\",\"position\":2,\"name\":\"Migration: 140, les morts s&rsquo;accumulent le long des c\u00f4tes d&rsquo;Afrique l&rsquo;Ouest\"}]},{\"@type\":\"WebSite\",\"@id\":\"https:\\\/\\\/congovirtuel.com\\\/information\\\/#website\",\"url\":\"https:\\\/\\\/congovirtuel.com\\\/information\\\/\",\"name\":\"Actualit\u00e9s congolaises et internationales\",\"description\":\"site d&#039;analyse et de traitement d&#039;information\",\"publisher\":{\"@id\":\"https:\\\/\\\/congovirtuel.com\\\/information\\\/#organization\"},\"potentialAction\":[{\"@type\":\"SearchAction\",\"target\":{\"@type\":\"EntryPoint\",\"urlTemplate\":\"https:\\\/\\\/congovirtuel.com\\\/information\\\/?s={search_term_string}\"},\"query-input\":{\"@type\":\"PropertyValueSpecification\",\"valueRequired\":true,\"valueName\":\"search_term_string\"}}],\"inLanguage\":\"fr-FR\"},{\"@type\":\"Organization\",\"@id\":\"https:\\\/\\\/congovirtuel.com\\\/information\\\/#organization\",\"name\":\"Biblioth\u00e8que Virtuelle de la RDC\",\"url\":\"https:\\\/\\\/congovirtuel.com\\\/information\\\/\",\"logo\":{\"@type\":\"ImageObject\",\"inLanguage\":\"fr-FR\",\"@id\":\"https:\\\/\\\/congovirtuel.com\\\/information\\\/#\\\/schema\\\/logo\\\/image\\\/\",\"url\":\"https:\\\/\\\/congovirtuel.com\\\/information\\\/wp-content\\\/uploads\\\/2018\\\/10\\\/header-info-congovirtuel-vraie.jpg\",\"contentUrl\":\"https:\\\/\\\/congovirtuel.com\\\/information\\\/wp-content\\\/uploads\\\/2018\\\/10\\\/header-info-congovirtuel-vraie.jpg\",\"width\":728,\"height\":90,\"caption\":\"Biblioth\u00e8que Virtuelle de la RDC\"},\"image\":{\"@id\":\"https:\\\/\\\/congovirtuel.com\\\/information\\\/#\\\/schema\\\/logo\\\/image\\\/\"},\"sameAs\":[\"https:\\\/\\\/web.facebook.com\\\/Congovirtuel-763617960319601\\\/?ref=aymt_homepage_panel&amp;amp;amp;amp;amp;amp;amp;amp;amp;amp;amp;eid=ARCoxULa66767kIgF_KYav6VdjXTI4yk_LW4yoVO9s6NXpysgb7Cb65vpxcxgqzOAKvIbLQxaAETcqHT\",\"https:\\\/\\\/x.com\\\/congovirtuel\",\"https:\\\/\\\/www.youtube.com\\\/channel\\\/UCkFfprYzGgS3EWNpeMXpToQ?view_as=subscriber\"]},{\"@type\":\"Person\",\"@id\":\"https:\\\/\\\/congovirtuel.com\\\/information\\\/#\\\/schema\\\/person\\\/739a44bf7990966cb53d58d2fdeca0b6\",\"name\":\"infocongovirtuel\",\"image\":{\"@type\":\"ImageObject\",\"inLanguage\":\"fr-FR\",\"@id\":\"https:\\\/\\\/secure.gravatar.com\\\/avatar\\\/4d76991aa72469f0eb22e772586c99113c6997f88da636a9db8f2ce3a2c05e69?s=96&d=mm&r=g\",\"url\":\"https:\\\/\\\/secure.gravatar.com\\\/avatar\\\/4d76991aa72469f0eb22e772586c99113c6997f88da636a9db8f2ce3a2c05e69?s=96&d=mm&r=g\",\"contentUrl\":\"https:\\\/\\\/secure.gravatar.com\\\/avatar\\\/4d76991aa72469f0eb22e772586c99113c6997f88da636a9db8f2ce3a2c05e69?s=96&d=mm&r=g\",\"caption\":\"infocongovirtuel\"},\"url\":\"https:\\\/\\\/congovirtuel.com\\\/information\\\/author\\\/infocongovirtuel\\\/\"}]}<\/script>\n<!-- \/ Yoast SEO plugin. -->","yoast_head_json":{"title":"Migration: 140, les morts s'accumulent le long des c\u00f4tes d'Afrique l'Ouest - Actualit\u00e9s congolaises et internationales","robots":{"index":"index","follow":"follow","max-snippet":"max-snippet:-1","max-image-preview":"max-image-preview:large","max-video-preview":"max-video-preview:-1"},"canonical":"https:\/\/congovirtuel.com\/information\/migration-140-les-morts-saccumulent-le-long-des-cotes-dafrique-louest\/","og_locale":"fr_FR","og_type":"article","og_title":"Migration: 140, les morts s'accumulent le long des c\u00f4tes d'Afrique l'Ouest - Actualit\u00e9s congolaises et internationales","og_description":"\u00ab\u00a0Au moins 140 personnes se sont noy\u00e9es apr\u00e8s que leur bateau, qui transportait environ 200 personnes, a coul\u00e9 au large du S\u00e9n\u00e9gal\u00ab\u00a0, a indiqu\u00e9 jeudi l&rsquo;Organisation internationale des Migrations (OIM) dans un communiqu\u00e9. \u00ab\u00a0Il s&rsquo;agit du naufrage le plus meurtrier en 2020\u00ab\u00a0, selon l&rsquo;OIM. Sans pr\u00e9ciser le nombre de passagers, les autorit\u00e9s s\u00e9n\u00e9galaises avaient annonc\u00e9 un bilan d&rsquo;au moins 10 morts, pour une soixantaine de personnes secourues. \u00ab\u00a0Les communaut\u00e9s locales nous ont dit qu&rsquo;ils \u00e9taient environ 200 \u00e0 bord, donc cela fait 140 disparus\u00ab\u00a0, a expliqu\u00e9 \u00e0 l&rsquo;AFP une porte-parole&hellip;","og_url":"https:\/\/congovirtuel.com\/information\/migration-140-les-morts-saccumulent-le-long-des-cotes-dafrique-louest\/","og_site_name":"Actualit\u00e9s congolaises et internationales","article_publisher":"https:\/\/web.facebook.com\/Congovirtuel-763617960319601\/?ref=aymt_homepage_panel&amp%3bamp%3bamp%3bamp%3bamp%3bamp%3bamp%3bamp%3bamp%3bamp%3bamp%3beid=ARCoxULa66767kIgF_KYav6VdjXTI4yk_LW4yoVO9s6NXpysgb7Cb65vpxcxgqzOAKvIbLQxaAETcqHT","article_published_time":"2020-10-30T05:29:36+00:00","article_modified_time":"2020-10-30T05:29:44+00:00","og_image":[{"width":1248,"height":701,"url":"https:\/\/congovirtuel.com\/information\/wp-content\/uploads\/2020\/10\/plage_dakar.jpg","type":"image\/jpeg"}],"author":"infocongovirtuel","twitter_card":"summary_large_image","twitter_creator":"@congovirtuel","twitter_site":"@congovirtuel","twitter_misc":{"\u00c9crit par":"infocongovirtuel","Dur\u00e9e de lecture estim\u00e9e":"3 minutes"},"schema":{"@context":"https:\/\/schema.org","@graph":[{"@type":"Article","@id":"https:\/\/congovirtuel.com\/information\/migration-140-les-morts-saccumulent-le-long-des-cotes-dafrique-louest\/#article","isPartOf":{"@id":"https:\/\/congovirtuel.com\/information\/migration-140-les-morts-saccumulent-le-long-des-cotes-dafrique-louest\/"},"author":{"name":"infocongovirtuel","@id":"https:\/\/congovirtuel.com\/information\/#\/schema\/person\/739a44bf7990966cb53d58d2fdeca0b6"},"headline":"Migration: 140, les morts s&rsquo;accumulent le long des c\u00f4tes d&rsquo;Afrique l&rsquo;Ouest","datePublished":"2020-10-30T05:29:36+00:00","dateModified":"2020-10-30T05:29:44+00:00","mainEntityOfPage":{"@id":"https:\/\/congovirtuel.com\/information\/migration-140-les-morts-saccumulent-le-long-des-cotes-dafrique-louest\/"},"wordCount":687,"commentCount":0,"publisher":{"@id":"https:\/\/congovirtuel.com\/information\/#organization"},"image":{"@id":"https:\/\/congovirtuel.com\/information\/migration-140-les-morts-saccumulent-le-long-des-cotes-dafrique-louest\/#primaryimage"},"thumbnailUrl":"https:\/\/congovirtuel.com\/information\/wp-content\/uploads\/2020\/10\/plage_dakar.jpg","articleSection":["Immigration"],"inLanguage":"fr-FR","potentialAction":[{"@type":"CommentAction","name":"Comment","target":["https:\/\/congovirtuel.com\/information\/migration-140-les-morts-saccumulent-le-long-des-cotes-dafrique-louest\/#respond"]}]},{"@type":"WebPage","@id":"https:\/\/congovirtuel.com\/information\/migration-140-les-morts-saccumulent-le-long-des-cotes-dafrique-louest\/","url":"https:\/\/congovirtuel.com\/information\/migration-140-les-morts-saccumulent-le-long-des-cotes-dafrique-louest\/","name":"Migration: 140, les morts s'accumulent le long des c\u00f4tes d'Afrique l'Ouest - Actualit\u00e9s congolaises et internationales","isPartOf":{"@id":"https:\/\/congovirtuel.com\/information\/#website"},"primaryImageOfPage":{"@id":"https:\/\/congovirtuel.com\/information\/migration-140-les-morts-saccumulent-le-long-des-cotes-dafrique-louest\/#primaryimage"},"image":{"@id":"https:\/\/congovirtuel.com\/information\/migration-140-les-morts-saccumulent-le-long-des-cotes-dafrique-louest\/#primaryimage"},"thumbnailUrl":"https:\/\/congovirtuel.com\/information\/wp-content\/uploads\/2020\/10\/plage_dakar.jpg","datePublished":"2020-10-30T05:29:36+00:00","dateModified":"2020-10-30T05:29:44+00:00","breadcrumb":{"@id":"https:\/\/congovirtuel.com\/information\/migration-140-les-morts-saccumulent-le-long-des-cotes-dafrique-louest\/#breadcrumb"},"inLanguage":"fr-FR","potentialAction":[{"@type":"ReadAction","target":["https:\/\/congovirtuel.com\/information\/migration-140-les-morts-saccumulent-le-long-des-cotes-dafrique-louest\/"]}]},{"@type":"ImageObject","inLanguage":"fr-FR","@id":"https:\/\/congovirtuel.com\/information\/migration-140-les-morts-saccumulent-le-long-des-cotes-dafrique-louest\/#primaryimage","url":"https:\/\/congovirtuel.com\/information\/wp-content\/uploads\/2020\/10\/plage_dakar.jpg","contentUrl":"https:\/\/congovirtuel.com\/information\/wp-content\/uploads\/2020\/10\/plage_dakar.jpg","width":1248,"height":701},{"@type":"BreadcrumbList","@id":"https:\/\/congovirtuel.com\/information\/migration-140-les-morts-saccumulent-le-long-des-cotes-dafrique-louest\/#breadcrumb","itemListElement":[{"@type":"ListItem","position":1,"name":"Accueil","item":"https:\/\/congovirtuel.com\/information\/"},{"@type":"ListItem","position":2,"name":"Migration: 140, les morts s&rsquo;accumulent le long des c\u00f4tes d&rsquo;Afrique l&rsquo;Ouest"}]},{"@type":"WebSite","@id":"https:\/\/congovirtuel.com\/information\/#website","url":"https:\/\/congovirtuel.com\/information\/","name":"Actualit\u00e9s congolaises et internationales","description":"site d&#039;analyse et de traitement d&#039;information","publisher":{"@id":"https:\/\/congovirtuel.com\/information\/#organization"},"potentialAction":[{"@type":"SearchAction","target":{"@type":"EntryPoint","urlTemplate":"https:\/\/congovirtuel.com\/information\/?s={search_term_string}"},"query-input":{"@type":"PropertyValueSpecification","valueRequired":true,"valueName":"search_term_string"}}],"inLanguage":"fr-FR"},{"@type":"Organization","@id":"https:\/\/congovirtuel.com\/information\/#organization","name":"Biblioth\u00e8que Virtuelle de la RDC","url":"https:\/\/congovirtuel.com\/information\/","logo":{"@type":"ImageObject","inLanguage":"fr-FR","@id":"https:\/\/congovirtuel.com\/information\/#\/schema\/logo\/image\/","url":"https:\/\/congovirtuel.com\/information\/wp-content\/uploads\/2018\/10\/header-info-congovirtuel-vraie.jpg","contentUrl":"https:\/\/congovirtuel.com\/information\/wp-content\/uploads\/2018\/10\/header-info-congovirtuel-vraie.jpg","width":728,"height":90,"caption":"Biblioth\u00e8que Virtuelle de la RDC"},"image":{"@id":"https:\/\/congovirtuel.com\/information\/#\/schema\/logo\/image\/"},"sameAs":["https:\/\/web.facebook.com\/Congovirtuel-763617960319601\/?ref=aymt_homepage_panel&amp;amp;amp;amp;amp;amp;amp;amp;amp;amp;amp;eid=ARCoxULa66767kIgF_KYav6VdjXTI4yk_LW4yoVO9s6NXpysgb7Cb65vpxcxgqzOAKvIbLQxaAETcqHT","https:\/\/x.com\/congovirtuel","https:\/\/www.youtube.com\/channel\/UCkFfprYzGgS3EWNpeMXpToQ?view_as=subscriber"]},{"@type":"Person","@id":"https:\/\/congovirtuel.com\/information\/#\/schema\/person\/739a44bf7990966cb53d58d2fdeca0b6","name":"infocongovirtuel","image":{"@type":"ImageObject","inLanguage":"fr-FR","@id":"https:\/\/secure.gravatar.com\/avatar\/4d76991aa72469f0eb22e772586c99113c6997f88da636a9db8f2ce3a2c05e69?s=96&d=mm&r=g","url":"https:\/\/secure.gravatar.com\/avatar\/4d76991aa72469f0eb22e772586c99113c6997f88da636a9db8f2ce3a2c05e69?s=96&d=mm&r=g","contentUrl":"https:\/\/secure.gravatar.com\/avatar\/4d76991aa72469f0eb22e772586c99113c6997f88da636a9db8f2ce3a2c05e69?s=96&d=mm&r=g","caption":"infocongovirtuel"},"url":"https:\/\/congovirtuel.com\/information\/author\/infocongovirtuel\/"}]}},"gt_translate_keys":[{"key":"link","format":"url"}],"_links":{"self":[{"href":"https:\/\/congovirtuel.com\/information\/wp-json\/wp\/v2\/posts\/4029","targetHints":{"allow":["GET"]}}],"collection":[{"href":"https:\/\/congovirtuel.com\/information\/wp-json\/wp\/v2\/posts"}],"about":[{"href":"https:\/\/congovirtuel.com\/information\/wp-json\/wp\/v2\/types\/post"}],"author":[{"embeddable":true,"href":"https:\/\/congovirtuel.com\/information\/wp-json\/wp\/v2\/users\/1"}],"replies":[{"embeddable":true,"href":"https:\/\/congovirtuel.com\/information\/wp-json\/wp\/v2\/comments?post=4029"}],"version-history":[{"count":1,"href":"https:\/\/congovirtuel.com\/information\/wp-json\/wp\/v2\/posts\/4029\/revisions"}],"predecessor-version":[{"id":4031,"href":"https:\/\/congovirtuel.com\/information\/wp-json\/wp\/v2\/posts\/4029\/revisions\/4031"}],"wp:featuredmedia":[{"embeddable":true,"href":"https:\/\/congovirtuel.com\/information\/wp-json\/wp\/v2\/media\/4030"}],"wp:attachment":[{"href":"https:\/\/congovirtuel.com\/information\/wp-json\/wp\/v2\/media?parent=4029"}],"wp:term":[{"taxonomy":"category","embeddable":true,"href":"https:\/\/congovirtuel.com\/information\/wp-json\/wp\/v2\/categories?post=4029"},{"taxonomy":"post_tag","embeddable":true,"href":"https:\/\/congovirtuel.com\/information\/wp-json\/wp\/v2\/tags?post=4029"}],"curies":[{"name":"wp","href":"https:\/\/api.w.org\/{rel}","templated":true}]}}