{"id":4155,"date":"2020-11-07T11:39:34","date_gmt":"2020-11-07T10:39:34","guid":{"rendered":"https:\/\/congovirtuel.com\/information\/?p=4155"},"modified":"2020-11-07T11:39:47","modified_gmt":"2020-11-07T10:39:47","slug":"presidentielle-en-cote-divoire-le-porte-parole-de-lopposition-ivoirienne-affi-nguessan-arrete","status":"publish","type":"post","link":"https:\/\/congovirtuel.com\/information\/presidentielle-en-cote-divoire-le-porte-parole-de-lopposition-ivoirienne-affi-nguessan-arrete\/","title":{"rendered":"Pr\u00e9sidentielle en C\u00f4te d&rsquo;Ivoire : le porte-parole de l&rsquo;opposition ivoirienne, Affi N&rsquo;Guessan arr\u00eat\u00e9","gt_translate_keys":[{"key":"rendered","format":"text"}]},"content":{"rendered":"\n<p class=\"wp-block-paragraph\">Le porte-parole de l\u2019opposition ivoirienne Pascal Affi NGuessan, a \u00e9t\u00e9 arr\u00eat\u00e9 dans la nuit de vendredi \u00e0 samedi en se rendant dans son fief de Bongouanou (centre-est), a appris l\u2019AFP aupr\u00e8s d\u2019un cadre de son parti.<\/p>\n\n\n\n<p class=\"wp-block-paragraph\">Le procureur d\u2019Abidjan Richard Adou a annonc\u00e9 jeudi que M. Affi N\u2019Guessan ainsi que l\u2019ancien ministre Abdallah Mabri Toikeusse \u00e9taient \u00ab\u00a0<em>en fuite et activement recherch\u00e9s<\/em>\u00a0\u00bb apr\u00e8s l\u2019appel \u00e0 la d\u00e9sob\u00e9issance et la cr\u00e9ation d\u2019un Conseil national de Transiton par l\u2019opposition\u00a0<a href=\"https:\/\/www.rtbf.be\/info\/monde\/detail_cote-d-ivoire-le-president-ouattara-reelu-pour-un-un-3e-mandat?id=10623652\">dans le cadre de la pr\u00e9sidentielle du 31\u00a0octobre remport\u00e9e par Alassane Ouattara.<\/a><\/p>\n\n\n\n<p class=\"wp-block-paragraph\"><strong>RTBF<\/strong><\/p>\n","protected":false,"gt_translate_keys":[{"key":"rendered","format":"html"}]},"excerpt":{"rendered":"<p>Le porte-parole de l\u2019opposition ivoirienne Pascal Affi NGuessan, a \u00e9t\u00e9 arr\u00eat\u00e9 dans la nuit de vendredi \u00e0 samedi en se rendant dans son fief de Bongouanou (centre-est), a appris l\u2019AFP aupr\u00e8s d\u2019un cadre de son parti. Le procureur d\u2019Abidjan Richard Adou a annonc\u00e9 jeudi que M. Affi N\u2019Guessan ainsi que l\u2019ancien ministre Abdallah Mabri Toikeusse \u00e9taient \u00ab\u00a0en fuite et activement recherch\u00e9s\u00a0\u00bb apr\u00e8s l\u2019appel \u00e0 la d\u00e9sob\u00e9issance et la cr\u00e9ation d\u2019un Conseil national de Transiton par l\u2019opposition\u00a0dans le cadre de la pr\u00e9sidentielle du 31\u00a0octobre remport\u00e9e par Alassane Ouattara. RTBF<\/p>\n","protected":false,"gt_translate_keys":[{"key":"rendered","format":"html"}]},"author":1,"featured_media":4156,"comment_status":"open","ping_status":"open","sticky":false,"template":"","format":"standard","meta":{"_crdt_document":"","footnotes":""},"categories":[299],"tags":[],"class_list":["post-4155","post","type-post","status-publish","format-standard","has-post-thumbnail","hentry","category-cote-divoire"],"gutentor_comment":0,"yoast_head":"<!-- This site is optimized with the Yoast SEO plugin v27.5 - https:\/\/yoast.com\/product\/yoast-seo-wordpress\/ -->\n<title>Pr\u00e9sidentielle en C\u00f4te d&#039;Ivoire : le porte-parole de l&#039;opposition ivoirienne, Affi N&#039;Guessan arr\u00eat\u00e9 - Actualit\u00e9s congolaises et internationales<\/title>\n<meta name=\"robots\" content=\"index, follow, max-snippet:-1, max-image-preview:large, max-video-preview:-1\" \/>\n<link rel=\"canonical\" href=\"https:\/\/congovirtuel.com\/information\/presidentielle-en-cote-divoire-le-porte-parole-de-lopposition-ivoirienne-affi-nguessan-arrete\/\" \/>\n<meta property=\"og:locale\" content=\"fr_FR\" \/>\n<meta property=\"og:type\" content=\"article\" \/>\n<meta property=\"og:title\" content=\"Pr\u00e9sidentielle en C\u00f4te d&#039;Ivoire : le porte-parole de l&#039;opposition ivoirienne, Affi N&#039;Guessan arr\u00eat\u00e9 - Actualit\u00e9s congolaises et internationales\" \/>\n<meta property=\"og:description\" content=\"Le porte-parole de l\u2019opposition ivoirienne Pascal Affi NGuessan, a \u00e9t\u00e9 arr\u00eat\u00e9 dans la nuit de vendredi \u00e0 samedi en se rendant dans son fief de Bongouanou (centre-est), a appris l\u2019AFP aupr\u00e8s d\u2019un cadre de son parti. Le procureur d\u2019Abidjan Richard Adou a annonc\u00e9 jeudi que M. Affi N\u2019Guessan ainsi que l\u2019ancien ministre Abdallah Mabri Toikeusse \u00e9taient \u00ab\u00a0en fuite et activement recherch\u00e9s\u00a0\u00bb apr\u00e8s l\u2019appel \u00e0 la d\u00e9sob\u00e9issance et la cr\u00e9ation d\u2019un Conseil national de Transiton par l\u2019opposition\u00a0dans le cadre de la pr\u00e9sidentielle du 31\u00a0octobre remport\u00e9e par Alassane Ouattara. RTBF\" \/>\n<meta property=\"og:url\" content=\"https:\/\/congovirtuel.com\/information\/presidentielle-en-cote-divoire-le-porte-parole-de-lopposition-ivoirienne-affi-nguessan-arrete\/\" \/>\n<meta property=\"og:site_name\" content=\"Actualit\u00e9s congolaises et internationales\" \/>\n<meta property=\"article:publisher\" content=\"https:\/\/web.facebook.com\/Congovirtuel-763617960319601\/?ref=aymt_homepage_panel&amp;amp%3bamp%3bamp%3bamp%3bamp%3bamp%3bamp%3bamp%3bamp%3bamp%3bamp%3beid=ARCoxULa66767kIgF_KYav6VdjXTI4yk_LW4yoVO9s6NXpysgb7Cb65vpxcxgqzOAKvIbLQxaAETcqHT\" \/>\n<meta property=\"article:published_time\" content=\"2020-11-07T10:39:34+00:00\" \/>\n<meta property=\"article:modified_time\" content=\"2020-11-07T10:39:47+00:00\" \/>\n<meta property=\"og:image\" content=\"https:\/\/congovirtuel.com\/information\/wp-content\/uploads\/2020\/11\/afinguessa-1200-x-674.jpg\" \/>\n\t<meta property=\"og:image:width\" content=\"1200\" \/>\n\t<meta property=\"og:image:height\" content=\"674\" \/>\n\t<meta property=\"og:image:type\" content=\"image\/jpeg\" \/>\n<meta name=\"author\" content=\"infocongovirtuel\" \/>\n<meta name=\"twitter:card\" content=\"summary_large_image\" \/>\n<meta name=\"twitter:creator\" content=\"@congovirtuel\" \/>\n<meta name=\"twitter:site\" content=\"@congovirtuel\" \/>\n<meta name=\"twitter:label1\" content=\"\u00c9crit par\" \/>\n\t<meta name=\"twitter:data1\" content=\"infocongovirtuel\" \/>\n\t<meta name=\"twitter:label2\" content=\"Dur\u00e9e de lecture estim\u00e9e\" \/>\n\t<meta name=\"twitter:data2\" content=\"1 minute\" \/>\n<script type=\"application\/ld+json\" class=\"yoast-schema-graph\">{\"@context\":\"https:\\\/\\\/schema.org\",\"@graph\":[{\"@type\":\"Article\",\"@id\":\"https:\\\/\\\/congovirtuel.com\\\/information\\\/presidentielle-en-cote-divoire-le-porte-parole-de-lopposition-ivoirienne-affi-nguessan-arrete\\\/#article\",\"isPartOf\":{\"@id\":\"https:\\\/\\\/congovirtuel.com\\\/information\\\/presidentielle-en-cote-divoire-le-porte-parole-de-lopposition-ivoirienne-affi-nguessan-arrete\\\/\"},\"author\":{\"name\":\"infocongovirtuel\",\"@id\":\"https:\\\/\\\/congovirtuel.com\\\/information\\\/#\\\/schema\\\/person\\\/739a44bf7990966cb53d58d2fdeca0b6\"},\"headline\":\"Pr\u00e9sidentielle en C\u00f4te d&rsquo;Ivoire : le porte-parole de l&rsquo;opposition ivoirienne, Affi N&rsquo;Guessan arr\u00eat\u00e9\",\"datePublished\":\"2020-11-07T10:39:34+00:00\",\"dateModified\":\"2020-11-07T10:39:47+00:00\",\"mainEntityOfPage\":{\"@id\":\"https:\\\/\\\/congovirtuel.com\\\/information\\\/presidentielle-en-cote-divoire-le-porte-parole-de-lopposition-ivoirienne-affi-nguessan-arrete\\\/\"},\"wordCount\":123,\"commentCount\":0,\"publisher\":{\"@id\":\"https:\\\/\\\/congovirtuel.com\\\/information\\\/#organization\"},\"image\":{\"@id\":\"https:\\\/\\\/congovirtuel.com\\\/information\\\/presidentielle-en-cote-divoire-le-porte-parole-de-lopposition-ivoirienne-affi-nguessan-arrete\\\/#primaryimage\"},\"thumbnailUrl\":\"https:\\\/\\\/congovirtuel.com\\\/information\\\/wp-content\\\/uploads\\\/2020\\\/11\\\/afinguessa-1200-x-674.jpg\",\"articleSection\":[\"C\u00f4te d'ivoire\"],\"inLanguage\":\"fr-FR\",\"potentialAction\":[{\"@type\":\"CommentAction\",\"name\":\"Comment\",\"target\":[\"https:\\\/\\\/congovirtuel.com\\\/information\\\/presidentielle-en-cote-divoire-le-porte-parole-de-lopposition-ivoirienne-affi-nguessan-arrete\\\/#respond\"]}]},{\"@type\":\"WebPage\",\"@id\":\"https:\\\/\\\/congovirtuel.com\\\/information\\\/presidentielle-en-cote-divoire-le-porte-parole-de-lopposition-ivoirienne-affi-nguessan-arrete\\\/\",\"url\":\"https:\\\/\\\/congovirtuel.com\\\/information\\\/presidentielle-en-cote-divoire-le-porte-parole-de-lopposition-ivoirienne-affi-nguessan-arrete\\\/\",\"name\":\"Pr\u00e9sidentielle en C\u00f4te d'Ivoire : le porte-parole de l'opposition ivoirienne, Affi N'Guessan arr\u00eat\u00e9 - Actualit\u00e9s congolaises et internationales\",\"isPartOf\":{\"@id\":\"https:\\\/\\\/congovirtuel.com\\\/information\\\/#website\"},\"primaryImageOfPage\":{\"@id\":\"https:\\\/\\\/congovirtuel.com\\\/information\\\/presidentielle-en-cote-divoire-le-porte-parole-de-lopposition-ivoirienne-affi-nguessan-arrete\\\/#primaryimage\"},\"image\":{\"@id\":\"https:\\\/\\\/congovirtuel.com\\\/information\\\/presidentielle-en-cote-divoire-le-porte-parole-de-lopposition-ivoirienne-affi-nguessan-arrete\\\/#primaryimage\"},\"thumbnailUrl\":\"https:\\\/\\\/congovirtuel.com\\\/information\\\/wp-content\\\/uploads\\\/2020\\\/11\\\/afinguessa-1200-x-674.jpg\",\"datePublished\":\"2020-11-07T10:39:34+00:00\",\"dateModified\":\"2020-11-07T10:39:47+00:00\",\"breadcrumb\":{\"@id\":\"https:\\\/\\\/congovirtuel.com\\\/information\\\/presidentielle-en-cote-divoire-le-porte-parole-de-lopposition-ivoirienne-affi-nguessan-arrete\\\/#breadcrumb\"},\"inLanguage\":\"fr-FR\",\"potentialAction\":[{\"@type\":\"ReadAction\",\"target\":[\"https:\\\/\\\/congovirtuel.com\\\/information\\\/presidentielle-en-cote-divoire-le-porte-parole-de-lopposition-ivoirienne-affi-nguessan-arrete\\\/\"]}]},{\"@type\":\"ImageObject\",\"inLanguage\":\"fr-FR\",\"@id\":\"https:\\\/\\\/congovirtuel.com\\\/information\\\/presidentielle-en-cote-divoire-le-porte-parole-de-lopposition-ivoirienne-affi-nguessan-arrete\\\/#primaryimage\",\"url\":\"https:\\\/\\\/congovirtuel.com\\\/information\\\/wp-content\\\/uploads\\\/2020\\\/11\\\/afinguessa-1200-x-674.jpg\",\"contentUrl\":\"https:\\\/\\\/congovirtuel.com\\\/information\\\/wp-content\\\/uploads\\\/2020\\\/11\\\/afinguessa-1200-x-674.jpg\",\"width\":1200,\"height\":674,\"caption\":\"Affi N'Guessan arr\u00eat\u00e9\"},{\"@type\":\"BreadcrumbList\",\"@id\":\"https:\\\/\\\/congovirtuel.com\\\/information\\\/presidentielle-en-cote-divoire-le-porte-parole-de-lopposition-ivoirienne-affi-nguessan-arrete\\\/#breadcrumb\",\"itemListElement\":[{\"@type\":\"ListItem\",\"position\":1,\"name\":\"Accueil\",\"item\":\"https:\\\/\\\/congovirtuel.com\\\/information\\\/\"},{\"@type\":\"ListItem\",\"position\":2,\"name\":\"Pr\u00e9sidentielle en C\u00f4te d&rsquo;Ivoire : le porte-parole de l&rsquo;opposition ivoirienne, Affi N&rsquo;Guessan arr\u00eat\u00e9\"}]},{\"@type\":\"WebSite\",\"@id\":\"https:\\\/\\\/congovirtuel.com\\\/information\\\/#website\",\"url\":\"https:\\\/\\\/congovirtuel.com\\\/information\\\/\",\"name\":\"Actualit\u00e9s congolaises et internationales\",\"description\":\"site d&#039;analyse et de traitement d&#039;information\",\"publisher\":{\"@id\":\"https:\\\/\\\/congovirtuel.com\\\/information\\\/#organization\"},\"potentialAction\":[{\"@type\":\"SearchAction\",\"target\":{\"@type\":\"EntryPoint\",\"urlTemplate\":\"https:\\\/\\\/congovirtuel.com\\\/information\\\/?s={search_term_string}\"},\"query-input\":{\"@type\":\"PropertyValueSpecification\",\"valueRequired\":true,\"valueName\":\"search_term_string\"}}],\"inLanguage\":\"fr-FR\"},{\"@type\":\"Organization\",\"@id\":\"https:\\\/\\\/congovirtuel.com\\\/information\\\/#organization\",\"name\":\"Biblioth\u00e8que Virtuelle de la RDC\",\"url\":\"https:\\\/\\\/congovirtuel.com\\\/information\\\/\",\"logo\":{\"@type\":\"ImageObject\",\"inLanguage\":\"fr-FR\",\"@id\":\"https:\\\/\\\/congovirtuel.com\\\/information\\\/#\\\/schema\\\/logo\\\/image\\\/\",\"url\":\"https:\\\/\\\/congovirtuel.com\\\/information\\\/wp-content\\\/uploads\\\/2018\\\/10\\\/header-info-congovirtuel-vraie.jpg\",\"contentUrl\":\"https:\\\/\\\/congovirtuel.com\\\/information\\\/wp-content\\\/uploads\\\/2018\\\/10\\\/header-info-congovirtuel-vraie.jpg\",\"width\":728,\"height\":90,\"caption\":\"Biblioth\u00e8que Virtuelle de la RDC\"},\"image\":{\"@id\":\"https:\\\/\\\/congovirtuel.com\\\/information\\\/#\\\/schema\\\/logo\\\/image\\\/\"},\"sameAs\":[\"https:\\\/\\\/web.facebook.com\\\/Congovirtuel-763617960319601\\\/?ref=aymt_homepage_panel&amp;amp;amp;amp;amp;amp;amp;amp;amp;amp;amp;eid=ARCoxULa66767kIgF_KYav6VdjXTI4yk_LW4yoVO9s6NXpysgb7Cb65vpxcxgqzOAKvIbLQxaAETcqHT\",\"https:\\\/\\\/x.com\\\/congovirtuel\",\"https:\\\/\\\/www.youtube.com\\\/channel\\\/UCkFfprYzGgS3EWNpeMXpToQ?view_as=subscriber\"]},{\"@type\":\"Person\",\"@id\":\"https:\\\/\\\/congovirtuel.com\\\/information\\\/#\\\/schema\\\/person\\\/739a44bf7990966cb53d58d2fdeca0b6\",\"name\":\"infocongovirtuel\",\"image\":{\"@type\":\"ImageObject\",\"inLanguage\":\"fr-FR\",\"@id\":\"https:\\\/\\\/secure.gravatar.com\\\/avatar\\\/4d76991aa72469f0eb22e772586c99113c6997f88da636a9db8f2ce3a2c05e69?s=96&d=mm&r=g\",\"url\":\"https:\\\/\\\/secure.gravatar.com\\\/avatar\\\/4d76991aa72469f0eb22e772586c99113c6997f88da636a9db8f2ce3a2c05e69?s=96&d=mm&r=g\",\"contentUrl\":\"https:\\\/\\\/secure.gravatar.com\\\/avatar\\\/4d76991aa72469f0eb22e772586c99113c6997f88da636a9db8f2ce3a2c05e69?s=96&d=mm&r=g\",\"caption\":\"infocongovirtuel\"},\"url\":\"https:\\\/\\\/congovirtuel.com\\\/information\\\/author\\\/infocongovirtuel\\\/\"}]}<\/script>\n<!-- \/ Yoast SEO plugin. -->","yoast_head_json":{"title":"Pr\u00e9sidentielle en C\u00f4te d'Ivoire : le porte-parole de l'opposition ivoirienne, Affi N'Guessan arr\u00eat\u00e9 - Actualit\u00e9s congolaises et internationales","robots":{"index":"index","follow":"follow","max-snippet":"max-snippet:-1","max-image-preview":"max-image-preview:large","max-video-preview":"max-video-preview:-1"},"canonical":"https:\/\/congovirtuel.com\/information\/presidentielle-en-cote-divoire-le-porte-parole-de-lopposition-ivoirienne-affi-nguessan-arrete\/","og_locale":"fr_FR","og_type":"article","og_title":"Pr\u00e9sidentielle en C\u00f4te d'Ivoire : le porte-parole de l'opposition ivoirienne, Affi N'Guessan arr\u00eat\u00e9 - Actualit\u00e9s congolaises et internationales","og_description":"Le porte-parole de l\u2019opposition ivoirienne Pascal Affi NGuessan, a \u00e9t\u00e9 arr\u00eat\u00e9 dans la nuit de vendredi \u00e0 samedi en se rendant dans son fief de Bongouanou (centre-est), a appris l\u2019AFP aupr\u00e8s d\u2019un cadre de son parti. Le procureur d\u2019Abidjan Richard Adou a annonc\u00e9 jeudi que M. Affi N\u2019Guessan ainsi que l\u2019ancien ministre Abdallah Mabri Toikeusse \u00e9taient \u00ab\u00a0en fuite et activement recherch\u00e9s\u00a0\u00bb apr\u00e8s l\u2019appel \u00e0 la d\u00e9sob\u00e9issance et la cr\u00e9ation d\u2019un Conseil national de Transiton par l\u2019opposition\u00a0dans le cadre de la pr\u00e9sidentielle du 31\u00a0octobre remport\u00e9e par Alassane Ouattara. RTBF","og_url":"https:\/\/congovirtuel.com\/information\/presidentielle-en-cote-divoire-le-porte-parole-de-lopposition-ivoirienne-affi-nguessan-arrete\/","og_site_name":"Actualit\u00e9s congolaises et internationales","article_publisher":"https:\/\/web.facebook.com\/Congovirtuel-763617960319601\/?ref=aymt_homepage_panel&amp%3bamp%3bamp%3bamp%3bamp%3bamp%3bamp%3bamp%3bamp%3bamp%3bamp%3beid=ARCoxULa66767kIgF_KYav6VdjXTI4yk_LW4yoVO9s6NXpysgb7Cb65vpxcxgqzOAKvIbLQxaAETcqHT","article_published_time":"2020-11-07T10:39:34+00:00","article_modified_time":"2020-11-07T10:39:47+00:00","og_image":[{"width":1200,"height":674,"url":"https:\/\/congovirtuel.com\/information\/wp-content\/uploads\/2020\/11\/afinguessa-1200-x-674.jpg","type":"image\/jpeg"}],"author":"infocongovirtuel","twitter_card":"summary_large_image","twitter_creator":"@congovirtuel","twitter_site":"@congovirtuel","twitter_misc":{"\u00c9crit par":"infocongovirtuel","Dur\u00e9e de lecture estim\u00e9e":"1 minute"},"schema":{"@context":"https:\/\/schema.org","@graph":[{"@type":"Article","@id":"https:\/\/congovirtuel.com\/information\/presidentielle-en-cote-divoire-le-porte-parole-de-lopposition-ivoirienne-affi-nguessan-arrete\/#article","isPartOf":{"@id":"https:\/\/congovirtuel.com\/information\/presidentielle-en-cote-divoire-le-porte-parole-de-lopposition-ivoirienne-affi-nguessan-arrete\/"},"author":{"name":"infocongovirtuel","@id":"https:\/\/congovirtuel.com\/information\/#\/schema\/person\/739a44bf7990966cb53d58d2fdeca0b6"},"headline":"Pr\u00e9sidentielle en C\u00f4te d&rsquo;Ivoire : le porte-parole de l&rsquo;opposition ivoirienne, Affi N&rsquo;Guessan arr\u00eat\u00e9","datePublished":"2020-11-07T10:39:34+00:00","dateModified":"2020-11-07T10:39:47+00:00","mainEntityOfPage":{"@id":"https:\/\/congovirtuel.com\/information\/presidentielle-en-cote-divoire-le-porte-parole-de-lopposition-ivoirienne-affi-nguessan-arrete\/"},"wordCount":123,"commentCount":0,"publisher":{"@id":"https:\/\/congovirtuel.com\/information\/#organization"},"image":{"@id":"https:\/\/congovirtuel.com\/information\/presidentielle-en-cote-divoire-le-porte-parole-de-lopposition-ivoirienne-affi-nguessan-arrete\/#primaryimage"},"thumbnailUrl":"https:\/\/congovirtuel.com\/information\/wp-content\/uploads\/2020\/11\/afinguessa-1200-x-674.jpg","articleSection":["C\u00f4te d'ivoire"],"inLanguage":"fr-FR","potentialAction":[{"@type":"CommentAction","name":"Comment","target":["https:\/\/congovirtuel.com\/information\/presidentielle-en-cote-divoire-le-porte-parole-de-lopposition-ivoirienne-affi-nguessan-arrete\/#respond"]}]},{"@type":"WebPage","@id":"https:\/\/congovirtuel.com\/information\/presidentielle-en-cote-divoire-le-porte-parole-de-lopposition-ivoirienne-affi-nguessan-arrete\/","url":"https:\/\/congovirtuel.com\/information\/presidentielle-en-cote-divoire-le-porte-parole-de-lopposition-ivoirienne-affi-nguessan-arrete\/","name":"Pr\u00e9sidentielle en C\u00f4te d'Ivoire : le porte-parole de l'opposition ivoirienne, Affi N'Guessan arr\u00eat\u00e9 - Actualit\u00e9s congolaises et internationales","isPartOf":{"@id":"https:\/\/congovirtuel.com\/information\/#website"},"primaryImageOfPage":{"@id":"https:\/\/congovirtuel.com\/information\/presidentielle-en-cote-divoire-le-porte-parole-de-lopposition-ivoirienne-affi-nguessan-arrete\/#primaryimage"},"image":{"@id":"https:\/\/congovirtuel.com\/information\/presidentielle-en-cote-divoire-le-porte-parole-de-lopposition-ivoirienne-affi-nguessan-arrete\/#primaryimage"},"thumbnailUrl":"https:\/\/congovirtuel.com\/information\/wp-content\/uploads\/2020\/11\/afinguessa-1200-x-674.jpg","datePublished":"2020-11-07T10:39:34+00:00","dateModified":"2020-11-07T10:39:47+00:00","breadcrumb":{"@id":"https:\/\/congovirtuel.com\/information\/presidentielle-en-cote-divoire-le-porte-parole-de-lopposition-ivoirienne-affi-nguessan-arrete\/#breadcrumb"},"inLanguage":"fr-FR","potentialAction":[{"@type":"ReadAction","target":["https:\/\/congovirtuel.com\/information\/presidentielle-en-cote-divoire-le-porte-parole-de-lopposition-ivoirienne-affi-nguessan-arrete\/"]}]},{"@type":"ImageObject","inLanguage":"fr-FR","@id":"https:\/\/congovirtuel.com\/information\/presidentielle-en-cote-divoire-le-porte-parole-de-lopposition-ivoirienne-affi-nguessan-arrete\/#primaryimage","url":"https:\/\/congovirtuel.com\/information\/wp-content\/uploads\/2020\/11\/afinguessa-1200-x-674.jpg","contentUrl":"https:\/\/congovirtuel.com\/information\/wp-content\/uploads\/2020\/11\/afinguessa-1200-x-674.jpg","width":1200,"height":674,"caption":"Affi N'Guessan arr\u00eat\u00e9"},{"@type":"BreadcrumbList","@id":"https:\/\/congovirtuel.com\/information\/presidentielle-en-cote-divoire-le-porte-parole-de-lopposition-ivoirienne-affi-nguessan-arrete\/#breadcrumb","itemListElement":[{"@type":"ListItem","position":1,"name":"Accueil","item":"https:\/\/congovirtuel.com\/information\/"},{"@type":"ListItem","position":2,"name":"Pr\u00e9sidentielle en C\u00f4te d&rsquo;Ivoire : le porte-parole de l&rsquo;opposition ivoirienne, Affi N&rsquo;Guessan arr\u00eat\u00e9"}]},{"@type":"WebSite","@id":"https:\/\/congovirtuel.com\/information\/#website","url":"https:\/\/congovirtuel.com\/information\/","name":"Actualit\u00e9s congolaises et internationales","description":"site d&#039;analyse et de traitement d&#039;information","publisher":{"@id":"https:\/\/congovirtuel.com\/information\/#organization"},"potentialAction":[{"@type":"SearchAction","target":{"@type":"EntryPoint","urlTemplate":"https:\/\/congovirtuel.com\/information\/?s={search_term_string}"},"query-input":{"@type":"PropertyValueSpecification","valueRequired":true,"valueName":"search_term_string"}}],"inLanguage":"fr-FR"},{"@type":"Organization","@id":"https:\/\/congovirtuel.com\/information\/#organization","name":"Biblioth\u00e8que Virtuelle de la RDC","url":"https:\/\/congovirtuel.com\/information\/","logo":{"@type":"ImageObject","inLanguage":"fr-FR","@id":"https:\/\/congovirtuel.com\/information\/#\/schema\/logo\/image\/","url":"https:\/\/congovirtuel.com\/information\/wp-content\/uploads\/2018\/10\/header-info-congovirtuel-vraie.jpg","contentUrl":"https:\/\/congovirtuel.com\/information\/wp-content\/uploads\/2018\/10\/header-info-congovirtuel-vraie.jpg","width":728,"height":90,"caption":"Biblioth\u00e8que Virtuelle de la RDC"},"image":{"@id":"https:\/\/congovirtuel.com\/information\/#\/schema\/logo\/image\/"},"sameAs":["https:\/\/web.facebook.com\/Congovirtuel-763617960319601\/?ref=aymt_homepage_panel&amp;amp;amp;amp;amp;amp;amp;amp;amp;amp;amp;eid=ARCoxULa66767kIgF_KYav6VdjXTI4yk_LW4yoVO9s6NXpysgb7Cb65vpxcxgqzOAKvIbLQxaAETcqHT","https:\/\/x.com\/congovirtuel","https:\/\/www.youtube.com\/channel\/UCkFfprYzGgS3EWNpeMXpToQ?view_as=subscriber"]},{"@type":"Person","@id":"https:\/\/congovirtuel.com\/information\/#\/schema\/person\/739a44bf7990966cb53d58d2fdeca0b6","name":"infocongovirtuel","image":{"@type":"ImageObject","inLanguage":"fr-FR","@id":"https:\/\/secure.gravatar.com\/avatar\/4d76991aa72469f0eb22e772586c99113c6997f88da636a9db8f2ce3a2c05e69?s=96&d=mm&r=g","url":"https:\/\/secure.gravatar.com\/avatar\/4d76991aa72469f0eb22e772586c99113c6997f88da636a9db8f2ce3a2c05e69?s=96&d=mm&r=g","contentUrl":"https:\/\/secure.gravatar.com\/avatar\/4d76991aa72469f0eb22e772586c99113c6997f88da636a9db8f2ce3a2c05e69?s=96&d=mm&r=g","caption":"infocongovirtuel"},"url":"https:\/\/congovirtuel.com\/information\/author\/infocongovirtuel\/"}]}},"gt_translate_keys":[{"key":"link","format":"url"}],"_links":{"self":[{"href":"https:\/\/congovirtuel.com\/information\/wp-json\/wp\/v2\/posts\/4155","targetHints":{"allow":["GET"]}}],"collection":[{"href":"https:\/\/congovirtuel.com\/information\/wp-json\/wp\/v2\/posts"}],"about":[{"href":"https:\/\/congovirtuel.com\/information\/wp-json\/wp\/v2\/types\/post"}],"author":[{"embeddable":true,"href":"https:\/\/congovirtuel.com\/information\/wp-json\/wp\/v2\/users\/1"}],"replies":[{"embeddable":true,"href":"https:\/\/congovirtuel.com\/information\/wp-json\/wp\/v2\/comments?post=4155"}],"version-history":[{"count":1,"href":"https:\/\/congovirtuel.com\/information\/wp-json\/wp\/v2\/posts\/4155\/revisions"}],"predecessor-version":[{"id":4157,"href":"https:\/\/congovirtuel.com\/information\/wp-json\/wp\/v2\/posts\/4155\/revisions\/4157"}],"wp:featuredmedia":[{"embeddable":true,"href":"https:\/\/congovirtuel.com\/information\/wp-json\/wp\/v2\/media\/4156"}],"wp:attachment":[{"href":"https:\/\/congovirtuel.com\/information\/wp-json\/wp\/v2\/media?parent=4155"}],"wp:term":[{"taxonomy":"category","embeddable":true,"href":"https:\/\/congovirtuel.com\/information\/wp-json\/wp\/v2\/categories?post=4155"},{"taxonomy":"post_tag","embeddable":true,"href":"https:\/\/congovirtuel.com\/information\/wp-json\/wp\/v2\/tags?post=4155"}],"curies":[{"name":"wp","href":"https:\/\/api.w.org\/{rel}","templated":true}]}}