{"id":4190,"date":"2020-11-09T17:17:13","date_gmt":"2020-11-09T16:17:13","guid":{"rendered":"https:\/\/congovirtuel.com\/information\/?p=4190"},"modified":"2020-11-09T17:17:22","modified_gmt":"2020-11-09T16:17:22","slug":"rdc-angola-joao-lourenco-ne-voit-pas-dun-bon-oeil-lorganisation-dune-ceremonie-en-hommage-a-sindika-dokolo","status":"publish","type":"post","link":"https:\/\/congovirtuel.com\/information\/rdc-angola-joao-lourenco-ne-voit-pas-dun-bon-oeil-lorganisation-dune-ceremonie-en-hommage-a-sindika-dokolo\/","title":{"rendered":"RDC \/ ANGOLA : Jo\u00e3o Louren\u00e7o ne voit pas d&rsquo;un bon \u0153il l&rsquo;organisation  d&rsquo;une c\u00e9r\u00e9monie en hommage  \u00e0 Sindika Dokolo","gt_translate_keys":[{"key":"rendered","format":"text"}]},"content":{"rendered":"\n<p class=\"wp-block-paragraph\">Apr\u00e8s la c\u00e9r\u00e9monie d&rsquo;hommage \u00e0 l&rsquo;homme d&rsquo;affaires congolais Sindika Dokolo organis\u00e9e le 5 novembre par son \u00e9pouse Isabel dos Santos \u00e0 Duba\u00ef, o\u00f9 le couple r\u00e9sidait et o\u00f9 Dokolo est d\u00e9c\u00e9d\u00e9 le 29 octobre, la famille de l&rsquo;ex-pr\u00e9sident Jos\u00e9 Eduardo dos Santos a pr\u00e9vu d&rsquo;organiser le 17 novembre trois messes simultan\u00e9es \u00e0 Londres, Kinshasa et Luanda. <\/p>\n\n\n\n<p class=\"wp-block-paragraph\">Si les lieux des c\u00e9r\u00e9monies londonienne &#8211; la cath\u00e9drale de Westminster &#8211; et congolaise &#8211; le Mus\u00e9e national &#8211; sont d&rsquo;ores et d\u00e9j\u00e0 fix\u00e9s, la localisation de la messe pr\u00e9vue \u00e0 Luanda est encore en suspens. Le r\u00e9gime angolais, qui m\u00e8ne depuis plusieurs ann\u00e9es une v\u00e9ritable gu\u00e9rilla judiciaire contre Isabel dos Santos et son mari, ne voit pas d&rsquo;un bon \u0153il l&rsquo;organisation d&rsquo;un tel \u00e9v\u00e9nement en pleine capitale angolaise, et craint que le rassemblement ne serve de ralliement aux nostalgiques de l&rsquo;\u00e8re dos Santos.<br><br>Jo\u00e3o Louren\u00e7o a appel\u00e9 son pr\u00e9d\u00e9cesseur Jos\u00e9 Eduardo dos Santos peu apr\u00e8s le d\u00e9c\u00e8s de Dokolo pour lui pr\u00e9senter ses condol\u00e9ances, premi\u00e8re conversation entre les deux hommes depuis plusieurs ann\u00e9es. La famille de l&rsquo;ex-pr\u00e9sident voudrait que l&rsquo;Angola abandonne les poursuites lanc\u00e9es contre la soci\u00e9t\u00e9 Exem Energy, qui appartient \u00e0 Dokolo mais le pr\u00e9sident angolais n&rsquo;a \u00e0 ce jour pris aucun engagement en ce sens.<br><br><br><strong>Africa Intelligence<\/strong><\/p>\n","protected":false,"gt_translate_keys":[{"key":"rendered","format":"html"}]},"excerpt":{"rendered":"<p>Apr\u00e8s la c\u00e9r\u00e9monie d&rsquo;hommage \u00e0 l&rsquo;homme d&rsquo;affaires congolais Sindika Dokolo organis\u00e9e le 5 novembre par son \u00e9pouse Isabel dos Santos \u00e0 Duba\u00ef, o\u00f9 le couple r\u00e9sidait et o\u00f9 Dokolo est d\u00e9c\u00e9d\u00e9 le 29 octobre, la famille de l&rsquo;ex-pr\u00e9sident Jos\u00e9 Eduardo dos Santos a pr\u00e9vu d&rsquo;organiser le 17 novembre trois messes simultan\u00e9es \u00e0 Londres, Kinshasa et Luanda. Si les lieux des c\u00e9r\u00e9monies londonienne &#8211; la cath\u00e9drale de Westminster &#8211; et congolaise &#8211; le Mus\u00e9e national &#8211; sont d&rsquo;ores et d\u00e9j\u00e0 fix\u00e9s, la localisation de la messe pr\u00e9vue \u00e0 Luanda est encore&hellip;<\/p>\n","protected":false,"gt_translate_keys":[{"key":"rendered","format":"html"}]},"author":1,"featured_media":4191,"comment_status":"open","ping_status":"open","sticky":false,"template":"","format":"standard","meta":{"_crdt_document":"","footnotes":""},"categories":[266],"tags":[],"class_list":["post-4190","post","type-post","status-publish","format-standard","has-post-thumbnail","hentry","category-rdc-angola"],"gutentor_comment":0,"yoast_head":"<!-- This site is optimized with the Yoast SEO plugin v27.5 - https:\/\/yoast.com\/product\/yoast-seo-wordpress\/ -->\n<title>RDC \/ ANGOLA : Jo\u00e3o Louren\u00e7o ne voit pas d&#039;un bon \u0153il l&#039;organisation d&#039;une c\u00e9r\u00e9monie en hommage \u00e0 Sindika Dokolo - Actualit\u00e9s congolaises et internationales<\/title>\n<meta name=\"robots\" content=\"index, follow, max-snippet:-1, max-image-preview:large, max-video-preview:-1\" \/>\n<link rel=\"canonical\" href=\"https:\/\/congovirtuel.com\/information\/rdc-angola-joao-lourenco-ne-voit-pas-dun-bon-oeil-lorganisation-dune-ceremonie-en-hommage-a-sindika-dokolo\/\" \/>\n<meta property=\"og:locale\" content=\"fr_FR\" \/>\n<meta property=\"og:type\" content=\"article\" \/>\n<meta property=\"og:title\" content=\"RDC \/ ANGOLA : Jo\u00e3o Louren\u00e7o ne voit pas d&#039;un bon \u0153il l&#039;organisation d&#039;une c\u00e9r\u00e9monie en hommage \u00e0 Sindika Dokolo - Actualit\u00e9s congolaises et internationales\" \/>\n<meta property=\"og:description\" content=\"Apr\u00e8s la c\u00e9r\u00e9monie d&rsquo;hommage \u00e0 l&rsquo;homme d&rsquo;affaires congolais Sindika Dokolo organis\u00e9e le 5 novembre par son \u00e9pouse Isabel dos Santos \u00e0 Duba\u00ef, o\u00f9 le couple r\u00e9sidait et o\u00f9 Dokolo est d\u00e9c\u00e9d\u00e9 le 29 octobre, la famille de l&rsquo;ex-pr\u00e9sident Jos\u00e9 Eduardo dos Santos a pr\u00e9vu d&rsquo;organiser le 17 novembre trois messes simultan\u00e9es \u00e0 Londres, Kinshasa et Luanda. Si les lieux des c\u00e9r\u00e9monies londonienne &#8211; la cath\u00e9drale de Westminster &#8211; et congolaise &#8211; le Mus\u00e9e national &#8211; sont d&rsquo;ores et d\u00e9j\u00e0 fix\u00e9s, la localisation de la messe pr\u00e9vue \u00e0 Luanda est encore&hellip;\" \/>\n<meta property=\"og:url\" content=\"https:\/\/congovirtuel.com\/information\/rdc-angola-joao-lourenco-ne-voit-pas-dun-bon-oeil-lorganisation-dune-ceremonie-en-hommage-a-sindika-dokolo\/\" \/>\n<meta property=\"og:site_name\" content=\"Actualit\u00e9s congolaises et internationales\" \/>\n<meta property=\"article:publisher\" content=\"https:\/\/web.facebook.com\/Congovirtuel-763617960319601\/?ref=aymt_homepage_panel&amp;amp%3bamp%3bamp%3bamp%3bamp%3bamp%3bamp%3bamp%3bamp%3bamp%3bamp%3beid=ARCoxULa66767kIgF_KYav6VdjXTI4yk_LW4yoVO9s6NXpysgb7Cb65vpxcxgqzOAKvIbLQxaAETcqHT\" \/>\n<meta property=\"article:published_time\" content=\"2020-11-09T16:17:13+00:00\" \/>\n<meta property=\"article:modified_time\" content=\"2020-11-09T16:17:22+00:00\" \/>\n<meta property=\"og:image\" content=\"https:\/\/congovirtuel.com\/information\/wp-content\/uploads\/2020\/11\/sindika_dokolo5-1200-x-661.jpg\" \/>\n\t<meta property=\"og:image:width\" content=\"1200\" \/>\n\t<meta property=\"og:image:height\" content=\"661\" \/>\n\t<meta property=\"og:image:type\" content=\"image\/jpeg\" \/>\n<meta name=\"author\" content=\"infocongovirtuel\" \/>\n<meta name=\"twitter:card\" content=\"summary_large_image\" \/>\n<meta name=\"twitter:creator\" content=\"@congovirtuel\" \/>\n<meta name=\"twitter:site\" content=\"@congovirtuel\" \/>\n<meta name=\"twitter:label1\" content=\"\u00c9crit par\" \/>\n\t<meta name=\"twitter:data1\" content=\"infocongovirtuel\" \/>\n\t<meta name=\"twitter:label2\" content=\"Dur\u00e9e de lecture estim\u00e9e\" \/>\n\t<meta name=\"twitter:data2\" content=\"1 minute\" \/>\n<script type=\"application\/ld+json\" class=\"yoast-schema-graph\">{\"@context\":\"https:\\\/\\\/schema.org\",\"@graph\":[{\"@type\":\"Article\",\"@id\":\"https:\\\/\\\/congovirtuel.com\\\/information\\\/rdc-angola-joao-lourenco-ne-voit-pas-dun-bon-oeil-lorganisation-dune-ceremonie-en-hommage-a-sindika-dokolo\\\/#article\",\"isPartOf\":{\"@id\":\"https:\\\/\\\/congovirtuel.com\\\/information\\\/rdc-angola-joao-lourenco-ne-voit-pas-dun-bon-oeil-lorganisation-dune-ceremonie-en-hommage-a-sindika-dokolo\\\/\"},\"author\":{\"name\":\"infocongovirtuel\",\"@id\":\"https:\\\/\\\/congovirtuel.com\\\/information\\\/#\\\/schema\\\/person\\\/739a44bf7990966cb53d58d2fdeca0b6\"},\"headline\":\"RDC \\\/ ANGOLA : Jo\u00e3o Louren\u00e7o ne voit pas d&rsquo;un bon \u0153il l&rsquo;organisation d&rsquo;une c\u00e9r\u00e9monie en hommage \u00e0 Sindika Dokolo\",\"datePublished\":\"2020-11-09T16:17:13+00:00\",\"dateModified\":\"2020-11-09T16:17:22+00:00\",\"mainEntityOfPage\":{\"@id\":\"https:\\\/\\\/congovirtuel.com\\\/information\\\/rdc-angola-joao-lourenco-ne-voit-pas-dun-bon-oeil-lorganisation-dune-ceremonie-en-hommage-a-sindika-dokolo\\\/\"},\"wordCount\":272,\"commentCount\":0,\"publisher\":{\"@id\":\"https:\\\/\\\/congovirtuel.com\\\/information\\\/#organization\"},\"image\":{\"@id\":\"https:\\\/\\\/congovirtuel.com\\\/information\\\/rdc-angola-joao-lourenco-ne-voit-pas-dun-bon-oeil-lorganisation-dune-ceremonie-en-hommage-a-sindika-dokolo\\\/#primaryimage\"},\"thumbnailUrl\":\"https:\\\/\\\/congovirtuel.com\\\/information\\\/wp-content\\\/uploads\\\/2020\\\/11\\\/sindika_dokolo5-1200-x-661.jpg\",\"articleSection\":[\"RDC-ANGOLA\"],\"inLanguage\":\"fr-FR\",\"potentialAction\":[{\"@type\":\"CommentAction\",\"name\":\"Comment\",\"target\":[\"https:\\\/\\\/congovirtuel.com\\\/information\\\/rdc-angola-joao-lourenco-ne-voit-pas-dun-bon-oeil-lorganisation-dune-ceremonie-en-hommage-a-sindika-dokolo\\\/#respond\"]}]},{\"@type\":\"WebPage\",\"@id\":\"https:\\\/\\\/congovirtuel.com\\\/information\\\/rdc-angola-joao-lourenco-ne-voit-pas-dun-bon-oeil-lorganisation-dune-ceremonie-en-hommage-a-sindika-dokolo\\\/\",\"url\":\"https:\\\/\\\/congovirtuel.com\\\/information\\\/rdc-angola-joao-lourenco-ne-voit-pas-dun-bon-oeil-lorganisation-dune-ceremonie-en-hommage-a-sindika-dokolo\\\/\",\"name\":\"RDC \\\/ ANGOLA : Jo\u00e3o Louren\u00e7o ne voit pas d'un bon \u0153il l'organisation d'une c\u00e9r\u00e9monie en hommage \u00e0 Sindika Dokolo - Actualit\u00e9s congolaises et internationales\",\"isPartOf\":{\"@id\":\"https:\\\/\\\/congovirtuel.com\\\/information\\\/#website\"},\"primaryImageOfPage\":{\"@id\":\"https:\\\/\\\/congovirtuel.com\\\/information\\\/rdc-angola-joao-lourenco-ne-voit-pas-dun-bon-oeil-lorganisation-dune-ceremonie-en-hommage-a-sindika-dokolo\\\/#primaryimage\"},\"image\":{\"@id\":\"https:\\\/\\\/congovirtuel.com\\\/information\\\/rdc-angola-joao-lourenco-ne-voit-pas-dun-bon-oeil-lorganisation-dune-ceremonie-en-hommage-a-sindika-dokolo\\\/#primaryimage\"},\"thumbnailUrl\":\"https:\\\/\\\/congovirtuel.com\\\/information\\\/wp-content\\\/uploads\\\/2020\\\/11\\\/sindika_dokolo5-1200-x-661.jpg\",\"datePublished\":\"2020-11-09T16:17:13+00:00\",\"dateModified\":\"2020-11-09T16:17:22+00:00\",\"breadcrumb\":{\"@id\":\"https:\\\/\\\/congovirtuel.com\\\/information\\\/rdc-angola-joao-lourenco-ne-voit-pas-dun-bon-oeil-lorganisation-dune-ceremonie-en-hommage-a-sindika-dokolo\\\/#breadcrumb\"},\"inLanguage\":\"fr-FR\",\"potentialAction\":[{\"@type\":\"ReadAction\",\"target\":[\"https:\\\/\\\/congovirtuel.com\\\/information\\\/rdc-angola-joao-lourenco-ne-voit-pas-dun-bon-oeil-lorganisation-dune-ceremonie-en-hommage-a-sindika-dokolo\\\/\"]}]},{\"@type\":\"ImageObject\",\"inLanguage\":\"fr-FR\",\"@id\":\"https:\\\/\\\/congovirtuel.com\\\/information\\\/rdc-angola-joao-lourenco-ne-voit-pas-dun-bon-oeil-lorganisation-dune-ceremonie-en-hommage-a-sindika-dokolo\\\/#primaryimage\",\"url\":\"https:\\\/\\\/congovirtuel.com\\\/information\\\/wp-content\\\/uploads\\\/2020\\\/11\\\/sindika_dokolo5-1200-x-661.jpg\",\"contentUrl\":\"https:\\\/\\\/congovirtuel.com\\\/information\\\/wp-content\\\/uploads\\\/2020\\\/11\\\/sindika_dokolo5-1200-x-661.jpg\",\"width\":1200,\"height\":661,\"caption\":\"sindika_dokolo\"},{\"@type\":\"BreadcrumbList\",\"@id\":\"https:\\\/\\\/congovirtuel.com\\\/information\\\/rdc-angola-joao-lourenco-ne-voit-pas-dun-bon-oeil-lorganisation-dune-ceremonie-en-hommage-a-sindika-dokolo\\\/#breadcrumb\",\"itemListElement\":[{\"@type\":\"ListItem\",\"position\":1,\"name\":\"Accueil\",\"item\":\"https:\\\/\\\/congovirtuel.com\\\/information\\\/\"},{\"@type\":\"ListItem\",\"position\":2,\"name\":\"RDC \\\/ ANGOLA : Jo\u00e3o Louren\u00e7o ne voit pas d&rsquo;un bon \u0153il l&rsquo;organisation d&rsquo;une c\u00e9r\u00e9monie en hommage \u00e0 Sindika Dokolo\"}]},{\"@type\":\"WebSite\",\"@id\":\"https:\\\/\\\/congovirtuel.com\\\/information\\\/#website\",\"url\":\"https:\\\/\\\/congovirtuel.com\\\/information\\\/\",\"name\":\"Actualit\u00e9s congolaises et internationales\",\"description\":\"site d&#039;analyse et de traitement d&#039;information\",\"publisher\":{\"@id\":\"https:\\\/\\\/congovirtuel.com\\\/information\\\/#organization\"},\"potentialAction\":[{\"@type\":\"SearchAction\",\"target\":{\"@type\":\"EntryPoint\",\"urlTemplate\":\"https:\\\/\\\/congovirtuel.com\\\/information\\\/?s={search_term_string}\"},\"query-input\":{\"@type\":\"PropertyValueSpecification\",\"valueRequired\":true,\"valueName\":\"search_term_string\"}}],\"inLanguage\":\"fr-FR\"},{\"@type\":\"Organization\",\"@id\":\"https:\\\/\\\/congovirtuel.com\\\/information\\\/#organization\",\"name\":\"Biblioth\u00e8que Virtuelle de la RDC\",\"url\":\"https:\\\/\\\/congovirtuel.com\\\/information\\\/\",\"logo\":{\"@type\":\"ImageObject\",\"inLanguage\":\"fr-FR\",\"@id\":\"https:\\\/\\\/congovirtuel.com\\\/information\\\/#\\\/schema\\\/logo\\\/image\\\/\",\"url\":\"https:\\\/\\\/congovirtuel.com\\\/information\\\/wp-content\\\/uploads\\\/2018\\\/10\\\/header-info-congovirtuel-vraie.jpg\",\"contentUrl\":\"https:\\\/\\\/congovirtuel.com\\\/information\\\/wp-content\\\/uploads\\\/2018\\\/10\\\/header-info-congovirtuel-vraie.jpg\",\"width\":728,\"height\":90,\"caption\":\"Biblioth\u00e8que Virtuelle de la RDC\"},\"image\":{\"@id\":\"https:\\\/\\\/congovirtuel.com\\\/information\\\/#\\\/schema\\\/logo\\\/image\\\/\"},\"sameAs\":[\"https:\\\/\\\/web.facebook.com\\\/Congovirtuel-763617960319601\\\/?ref=aymt_homepage_panel&amp;amp;amp;amp;amp;amp;amp;amp;amp;amp;amp;eid=ARCoxULa66767kIgF_KYav6VdjXTI4yk_LW4yoVO9s6NXpysgb7Cb65vpxcxgqzOAKvIbLQxaAETcqHT\",\"https:\\\/\\\/x.com\\\/congovirtuel\",\"https:\\\/\\\/www.youtube.com\\\/channel\\\/UCkFfprYzGgS3EWNpeMXpToQ?view_as=subscriber\"]},{\"@type\":\"Person\",\"@id\":\"https:\\\/\\\/congovirtuel.com\\\/information\\\/#\\\/schema\\\/person\\\/739a44bf7990966cb53d58d2fdeca0b6\",\"name\":\"infocongovirtuel\",\"image\":{\"@type\":\"ImageObject\",\"inLanguage\":\"fr-FR\",\"@id\":\"https:\\\/\\\/secure.gravatar.com\\\/avatar\\\/4d76991aa72469f0eb22e772586c99113c6997f88da636a9db8f2ce3a2c05e69?s=96&d=mm&r=g\",\"url\":\"https:\\\/\\\/secure.gravatar.com\\\/avatar\\\/4d76991aa72469f0eb22e772586c99113c6997f88da636a9db8f2ce3a2c05e69?s=96&d=mm&r=g\",\"contentUrl\":\"https:\\\/\\\/secure.gravatar.com\\\/avatar\\\/4d76991aa72469f0eb22e772586c99113c6997f88da636a9db8f2ce3a2c05e69?s=96&d=mm&r=g\",\"caption\":\"infocongovirtuel\"},\"url\":\"https:\\\/\\\/congovirtuel.com\\\/information\\\/author\\\/infocongovirtuel\\\/\"}]}<\/script>\n<!-- \/ Yoast SEO plugin. -->","yoast_head_json":{"title":"RDC \/ ANGOLA : Jo\u00e3o Louren\u00e7o ne voit pas d'un bon \u0153il l'organisation d'une c\u00e9r\u00e9monie en hommage \u00e0 Sindika Dokolo - Actualit\u00e9s congolaises et internationales","robots":{"index":"index","follow":"follow","max-snippet":"max-snippet:-1","max-image-preview":"max-image-preview:large","max-video-preview":"max-video-preview:-1"},"canonical":"https:\/\/congovirtuel.com\/information\/rdc-angola-joao-lourenco-ne-voit-pas-dun-bon-oeil-lorganisation-dune-ceremonie-en-hommage-a-sindika-dokolo\/","og_locale":"fr_FR","og_type":"article","og_title":"RDC \/ ANGOLA : Jo\u00e3o Louren\u00e7o ne voit pas d'un bon \u0153il l'organisation d'une c\u00e9r\u00e9monie en hommage \u00e0 Sindika Dokolo - Actualit\u00e9s congolaises et internationales","og_description":"Apr\u00e8s la c\u00e9r\u00e9monie d&rsquo;hommage \u00e0 l&rsquo;homme d&rsquo;affaires congolais Sindika Dokolo organis\u00e9e le 5 novembre par son \u00e9pouse Isabel dos Santos \u00e0 Duba\u00ef, o\u00f9 le couple r\u00e9sidait et o\u00f9 Dokolo est d\u00e9c\u00e9d\u00e9 le 29 octobre, la famille de l&rsquo;ex-pr\u00e9sident Jos\u00e9 Eduardo dos Santos a pr\u00e9vu d&rsquo;organiser le 17 novembre trois messes simultan\u00e9es \u00e0 Londres, Kinshasa et Luanda. Si les lieux des c\u00e9r\u00e9monies londonienne &#8211; la cath\u00e9drale de Westminster &#8211; et congolaise &#8211; le Mus\u00e9e national &#8211; sont d&rsquo;ores et d\u00e9j\u00e0 fix\u00e9s, la localisation de la messe pr\u00e9vue \u00e0 Luanda est encore&hellip;","og_url":"https:\/\/congovirtuel.com\/information\/rdc-angola-joao-lourenco-ne-voit-pas-dun-bon-oeil-lorganisation-dune-ceremonie-en-hommage-a-sindika-dokolo\/","og_site_name":"Actualit\u00e9s congolaises et internationales","article_publisher":"https:\/\/web.facebook.com\/Congovirtuel-763617960319601\/?ref=aymt_homepage_panel&amp%3bamp%3bamp%3bamp%3bamp%3bamp%3bamp%3bamp%3bamp%3bamp%3bamp%3beid=ARCoxULa66767kIgF_KYav6VdjXTI4yk_LW4yoVO9s6NXpysgb7Cb65vpxcxgqzOAKvIbLQxaAETcqHT","article_published_time":"2020-11-09T16:17:13+00:00","article_modified_time":"2020-11-09T16:17:22+00:00","og_image":[{"width":1200,"height":661,"url":"https:\/\/congovirtuel.com\/information\/wp-content\/uploads\/2020\/11\/sindika_dokolo5-1200-x-661.jpg","type":"image\/jpeg"}],"author":"infocongovirtuel","twitter_card":"summary_large_image","twitter_creator":"@congovirtuel","twitter_site":"@congovirtuel","twitter_misc":{"\u00c9crit par":"infocongovirtuel","Dur\u00e9e de lecture estim\u00e9e":"1 minute"},"schema":{"@context":"https:\/\/schema.org","@graph":[{"@type":"Article","@id":"https:\/\/congovirtuel.com\/information\/rdc-angola-joao-lourenco-ne-voit-pas-dun-bon-oeil-lorganisation-dune-ceremonie-en-hommage-a-sindika-dokolo\/#article","isPartOf":{"@id":"https:\/\/congovirtuel.com\/information\/rdc-angola-joao-lourenco-ne-voit-pas-dun-bon-oeil-lorganisation-dune-ceremonie-en-hommage-a-sindika-dokolo\/"},"author":{"name":"infocongovirtuel","@id":"https:\/\/congovirtuel.com\/information\/#\/schema\/person\/739a44bf7990966cb53d58d2fdeca0b6"},"headline":"RDC \/ ANGOLA : Jo\u00e3o Louren\u00e7o ne voit pas d&rsquo;un bon \u0153il l&rsquo;organisation d&rsquo;une c\u00e9r\u00e9monie en hommage \u00e0 Sindika Dokolo","datePublished":"2020-11-09T16:17:13+00:00","dateModified":"2020-11-09T16:17:22+00:00","mainEntityOfPage":{"@id":"https:\/\/congovirtuel.com\/information\/rdc-angola-joao-lourenco-ne-voit-pas-dun-bon-oeil-lorganisation-dune-ceremonie-en-hommage-a-sindika-dokolo\/"},"wordCount":272,"commentCount":0,"publisher":{"@id":"https:\/\/congovirtuel.com\/information\/#organization"},"image":{"@id":"https:\/\/congovirtuel.com\/information\/rdc-angola-joao-lourenco-ne-voit-pas-dun-bon-oeil-lorganisation-dune-ceremonie-en-hommage-a-sindika-dokolo\/#primaryimage"},"thumbnailUrl":"https:\/\/congovirtuel.com\/information\/wp-content\/uploads\/2020\/11\/sindika_dokolo5-1200-x-661.jpg","articleSection":["RDC-ANGOLA"],"inLanguage":"fr-FR","potentialAction":[{"@type":"CommentAction","name":"Comment","target":["https:\/\/congovirtuel.com\/information\/rdc-angola-joao-lourenco-ne-voit-pas-dun-bon-oeil-lorganisation-dune-ceremonie-en-hommage-a-sindika-dokolo\/#respond"]}]},{"@type":"WebPage","@id":"https:\/\/congovirtuel.com\/information\/rdc-angola-joao-lourenco-ne-voit-pas-dun-bon-oeil-lorganisation-dune-ceremonie-en-hommage-a-sindika-dokolo\/","url":"https:\/\/congovirtuel.com\/information\/rdc-angola-joao-lourenco-ne-voit-pas-dun-bon-oeil-lorganisation-dune-ceremonie-en-hommage-a-sindika-dokolo\/","name":"RDC \/ ANGOLA : Jo\u00e3o Louren\u00e7o ne voit pas d'un bon \u0153il l'organisation d'une c\u00e9r\u00e9monie en hommage \u00e0 Sindika Dokolo - Actualit\u00e9s congolaises et internationales","isPartOf":{"@id":"https:\/\/congovirtuel.com\/information\/#website"},"primaryImageOfPage":{"@id":"https:\/\/congovirtuel.com\/information\/rdc-angola-joao-lourenco-ne-voit-pas-dun-bon-oeil-lorganisation-dune-ceremonie-en-hommage-a-sindika-dokolo\/#primaryimage"},"image":{"@id":"https:\/\/congovirtuel.com\/information\/rdc-angola-joao-lourenco-ne-voit-pas-dun-bon-oeil-lorganisation-dune-ceremonie-en-hommage-a-sindika-dokolo\/#primaryimage"},"thumbnailUrl":"https:\/\/congovirtuel.com\/information\/wp-content\/uploads\/2020\/11\/sindika_dokolo5-1200-x-661.jpg","datePublished":"2020-11-09T16:17:13+00:00","dateModified":"2020-11-09T16:17:22+00:00","breadcrumb":{"@id":"https:\/\/congovirtuel.com\/information\/rdc-angola-joao-lourenco-ne-voit-pas-dun-bon-oeil-lorganisation-dune-ceremonie-en-hommage-a-sindika-dokolo\/#breadcrumb"},"inLanguage":"fr-FR","potentialAction":[{"@type":"ReadAction","target":["https:\/\/congovirtuel.com\/information\/rdc-angola-joao-lourenco-ne-voit-pas-dun-bon-oeil-lorganisation-dune-ceremonie-en-hommage-a-sindika-dokolo\/"]}]},{"@type":"ImageObject","inLanguage":"fr-FR","@id":"https:\/\/congovirtuel.com\/information\/rdc-angola-joao-lourenco-ne-voit-pas-dun-bon-oeil-lorganisation-dune-ceremonie-en-hommage-a-sindika-dokolo\/#primaryimage","url":"https:\/\/congovirtuel.com\/information\/wp-content\/uploads\/2020\/11\/sindika_dokolo5-1200-x-661.jpg","contentUrl":"https:\/\/congovirtuel.com\/information\/wp-content\/uploads\/2020\/11\/sindika_dokolo5-1200-x-661.jpg","width":1200,"height":661,"caption":"sindika_dokolo"},{"@type":"BreadcrumbList","@id":"https:\/\/congovirtuel.com\/information\/rdc-angola-joao-lourenco-ne-voit-pas-dun-bon-oeil-lorganisation-dune-ceremonie-en-hommage-a-sindika-dokolo\/#breadcrumb","itemListElement":[{"@type":"ListItem","position":1,"name":"Accueil","item":"https:\/\/congovirtuel.com\/information\/"},{"@type":"ListItem","position":2,"name":"RDC \/ ANGOLA : Jo\u00e3o Louren\u00e7o ne voit pas d&rsquo;un bon \u0153il l&rsquo;organisation d&rsquo;une c\u00e9r\u00e9monie en hommage \u00e0 Sindika Dokolo"}]},{"@type":"WebSite","@id":"https:\/\/congovirtuel.com\/information\/#website","url":"https:\/\/congovirtuel.com\/information\/","name":"Actualit\u00e9s congolaises et internationales","description":"site d&#039;analyse et de traitement d&#039;information","publisher":{"@id":"https:\/\/congovirtuel.com\/information\/#organization"},"potentialAction":[{"@type":"SearchAction","target":{"@type":"EntryPoint","urlTemplate":"https:\/\/congovirtuel.com\/information\/?s={search_term_string}"},"query-input":{"@type":"PropertyValueSpecification","valueRequired":true,"valueName":"search_term_string"}}],"inLanguage":"fr-FR"},{"@type":"Organization","@id":"https:\/\/congovirtuel.com\/information\/#organization","name":"Biblioth\u00e8que Virtuelle de la RDC","url":"https:\/\/congovirtuel.com\/information\/","logo":{"@type":"ImageObject","inLanguage":"fr-FR","@id":"https:\/\/congovirtuel.com\/information\/#\/schema\/logo\/image\/","url":"https:\/\/congovirtuel.com\/information\/wp-content\/uploads\/2018\/10\/header-info-congovirtuel-vraie.jpg","contentUrl":"https:\/\/congovirtuel.com\/information\/wp-content\/uploads\/2018\/10\/header-info-congovirtuel-vraie.jpg","width":728,"height":90,"caption":"Biblioth\u00e8que Virtuelle de la RDC"},"image":{"@id":"https:\/\/congovirtuel.com\/information\/#\/schema\/logo\/image\/"},"sameAs":["https:\/\/web.facebook.com\/Congovirtuel-763617960319601\/?ref=aymt_homepage_panel&amp;amp;amp;amp;amp;amp;amp;amp;amp;amp;amp;eid=ARCoxULa66767kIgF_KYav6VdjXTI4yk_LW4yoVO9s6NXpysgb7Cb65vpxcxgqzOAKvIbLQxaAETcqHT","https:\/\/x.com\/congovirtuel","https:\/\/www.youtube.com\/channel\/UCkFfprYzGgS3EWNpeMXpToQ?view_as=subscriber"]},{"@type":"Person","@id":"https:\/\/congovirtuel.com\/information\/#\/schema\/person\/739a44bf7990966cb53d58d2fdeca0b6","name":"infocongovirtuel","image":{"@type":"ImageObject","inLanguage":"fr-FR","@id":"https:\/\/secure.gravatar.com\/avatar\/4d76991aa72469f0eb22e772586c99113c6997f88da636a9db8f2ce3a2c05e69?s=96&d=mm&r=g","url":"https:\/\/secure.gravatar.com\/avatar\/4d76991aa72469f0eb22e772586c99113c6997f88da636a9db8f2ce3a2c05e69?s=96&d=mm&r=g","contentUrl":"https:\/\/secure.gravatar.com\/avatar\/4d76991aa72469f0eb22e772586c99113c6997f88da636a9db8f2ce3a2c05e69?s=96&d=mm&r=g","caption":"infocongovirtuel"},"url":"https:\/\/congovirtuel.com\/information\/author\/infocongovirtuel\/"}]}},"gt_translate_keys":[{"key":"link","format":"url"}],"_links":{"self":[{"href":"https:\/\/congovirtuel.com\/information\/wp-json\/wp\/v2\/posts\/4190","targetHints":{"allow":["GET"]}}],"collection":[{"href":"https:\/\/congovirtuel.com\/information\/wp-json\/wp\/v2\/posts"}],"about":[{"href":"https:\/\/congovirtuel.com\/information\/wp-json\/wp\/v2\/types\/post"}],"author":[{"embeddable":true,"href":"https:\/\/congovirtuel.com\/information\/wp-json\/wp\/v2\/users\/1"}],"replies":[{"embeddable":true,"href":"https:\/\/congovirtuel.com\/information\/wp-json\/wp\/v2\/comments?post=4190"}],"version-history":[{"count":1,"href":"https:\/\/congovirtuel.com\/information\/wp-json\/wp\/v2\/posts\/4190\/revisions"}],"predecessor-version":[{"id":4192,"href":"https:\/\/congovirtuel.com\/information\/wp-json\/wp\/v2\/posts\/4190\/revisions\/4192"}],"wp:featuredmedia":[{"embeddable":true,"href":"https:\/\/congovirtuel.com\/information\/wp-json\/wp\/v2\/media\/4191"}],"wp:attachment":[{"href":"https:\/\/congovirtuel.com\/information\/wp-json\/wp\/v2\/media?parent=4190"}],"wp:term":[{"taxonomy":"category","embeddable":true,"href":"https:\/\/congovirtuel.com\/information\/wp-json\/wp\/v2\/categories?post=4190"},{"taxonomy":"post_tag","embeddable":true,"href":"https:\/\/congovirtuel.com\/information\/wp-json\/wp\/v2\/tags?post=4190"}],"curies":[{"name":"wp","href":"https:\/\/api.w.org\/{rel}","templated":true}]}}