{"id":4354,"date":"2020-11-16T15:22:07","date_gmt":"2020-11-16T14:22:07","guid":{"rendered":"https:\/\/congovirtuel.com\/information\/?p=4354"},"modified":"2020-11-16T15:22:21","modified_gmt":"2020-11-16T14:22:21","slug":"les-gabonais-sequestres-a-laeroport-en-gambie","status":"publish","type":"post","link":"https:\/\/congovirtuel.com\/information\/les-gabonais-sequestres-a-laeroport-en-gambie\/","title":{"rendered":"Les Gabonais \u00ab s\u00e9questr\u00e9s \u00bb \u00e0 l\u2019a\u00e9roport en Gambie !","gt_translate_keys":[{"key":"rendered","format":"text"}]},"content":{"rendered":"\n<p class=\"wp-block-paragraph\"><strong>Pierre-Emerick Aubameyang et ses co\u00e9quipiers ont pass\u00e9 \u00e0 la nuit \u00e0 l\u2019a\u00e9roport de Banjul, retenus \u00ab&nbsp;en otage&nbsp;\u00bb par les autorit\u00e9s gambiennes. Le Gabon et la Gambie s\u2019affrontent ce lundi en \u00e9liminatoires de la CAN.<\/strong><\/p>\n\n\n\n<p class=\"wp-block-paragraph\"><em>\u00ab\u00a0On dirait que nous sommes de retour dans les ann\u00e9es 90.\u00a0\u00bb<\/em>\u00a0La formule est sign\u00e9e de Pierre-Emerick Aubameyang. Dimanche soir, et jusqu\u2019\u00e0 lundi matin, l\u2019attaquant gabonais et ses co\u00e9quipiers ont \u00e9t\u00e9 contraints de patienter de longues heures, \u00e0 l\u2019a\u00e9roport de Banjul, \u00e0 leur arriv\u00e9e en Gambie. Pour une raison inconnue.<\/p>\n\n\n\n<figure class=\"wp-block-embed is-type-rich is-provider-twitter wp-block-embed-twitter\"><div class=\"wp-block-embed__wrapper\">\n<blockquote class=\"twitter-tweet\" data-width=\"550\" data-dnt=\"true\"><p lang=\"en\" dir=\"ltr\">\ud83d\udc4f\ud83c\udffd\ud83d\udc4f\ud83c\udffdrecord <a href=\"https:\/\/t.co\/ycUGbPa6Cf\">pic.twitter.com\/ycUGbPa6Cf<\/a><\/p>&mdash; AUBA\u26a1\ufe0f (@Auba) <a href=\"https:\/\/twitter.com\/Auba\/status\/1328196381115355136?ref_src=twsrc%5Etfw\">November 16, 2020<\/a><\/blockquote><script async src=\"https:\/\/platform.twitter.com\/widgets.js\" charset=\"utf-8\"><\/script>\n<\/div><\/figure>\n\n\n\n<p class=\"wp-block-paragraph\">Sur Facebook, la f\u00e9d\u00e9ration gabonaise a relay\u00e9\u00a0<a href=\"https:\/\/www.facebook.com\/FEGAFOOT\/posts\/3598395966903734\"><strong>les images des joueurs \u00ab\u00a0s\u00e9questr\u00e9s\u00a0\u00bb par les autorit\u00e9s gambiennes<\/strong><\/a>. Aubameyang, lui, a tent\u00e9 d\u2019interpeller la CAF via Twitter.\u00a0<em>\u00ab\u00a0Je veux juste savoir pourquoi la Gambie garde nos passeports pendant des heures. Ils nous gardent \u00e0 l\u2019a\u00e9roport, sommes-nous en otage ou quoi? Allez-vous fermer\u00a0les yeux?\u00a0\u00bb<\/em>, s\u2019est agac\u00e9 l\u2019attaquant d\u2019Arsenal.<\/p>\n\n\n\n<p class=\"wp-block-paragraph\">Finalement, apr\u00e8s une nuit impossible, les Gabonais ont enfin pu prendre le bus pour leur h\u00f4tel. Il \u00e9tait alors pratiquement 6 heures du matin. Et le coup d\u2019envoi de la rencontre entre la Gambie et les Panth\u00e8res est programm\u00e9 \u00e0 18 heures, heure locale (17h en France).<\/p>\n\n\n\n<p class=\"wp-block-paragraph\">Aubameyang pr\u00e9f\u00e8re voir le positif:\u00a0<em>\u00ab\u00a0Merci pour la motivation suppl\u00e9mentaire\u00a0\u00bb<\/em>, a conclu le Gunner. Le Gabon est actuellement en t\u00eate de son groupe en \u00e9liminatoires de la CAN, avec trois points d\u2019avance sur la Gambie. Un succ\u00e8s sur le terrain des Scorpions serait presque assur\u00e9ment d\u00e9cisif pour le Gabon.<\/p>\n\n\n\n<p class=\"wp-block-paragraph\"><strong>Football.fr<\/strong><\/p>\n","protected":false,"gt_translate_keys":[{"key":"rendered","format":"html"}]},"excerpt":{"rendered":"<p>Pierre-Emerick Aubameyang et ses co\u00e9quipiers ont pass\u00e9 \u00e0 la nuit \u00e0 l\u2019a\u00e9roport de Banjul, retenus \u00ab&nbsp;en otage&nbsp;\u00bb par les autorit\u00e9s gambiennes. Le Gabon et la Gambie s\u2019affrontent ce lundi en \u00e9liminatoires de la CAN. \u00ab\u00a0On dirait que nous sommes de retour dans les ann\u00e9es 90.\u00a0\u00bb\u00a0La formule est sign\u00e9e de Pierre-Emerick Aubameyang. Dimanche soir, et jusqu\u2019\u00e0 lundi matin, l\u2019attaquant gabonais et ses co\u00e9quipiers ont \u00e9t\u00e9 contraints de patienter de longues heures, \u00e0 l\u2019a\u00e9roport de Banjul, \u00e0 leur arriv\u00e9e en Gambie. Pour une raison inconnue. Sur Facebook, la f\u00e9d\u00e9ration gabonaise a relay\u00e9\u00a0les&hellip;<\/p>\n","protected":false,"gt_translate_keys":[{"key":"rendered","format":"html"}]},"author":1,"featured_media":4356,"comment_status":"open","ping_status":"open","sticky":false,"template":"","format":"standard","meta":{"_crdt_document":"","footnotes":""},"categories":[8],"tags":[3645],"class_list":["post-4354","post","type-post","status-publish","format-standard","has-post-thumbnail","hentry","category-football","tag-les-gabonais-sequestres-airport"],"gutentor_comment":0,"yoast_head":"<!-- This site is optimized with the Yoast SEO plugin v27.5 - https:\/\/yoast.com\/product\/yoast-seo-wordpress\/ -->\n<title>Les Gabonais \u00ab s\u00e9questr\u00e9s \u00bb \u00e0 l\u2019a\u00e9roport en Gambie ! - Actualit\u00e9s congolaises et internationales<\/title>\n<meta name=\"robots\" content=\"index, follow, max-snippet:-1, max-image-preview:large, max-video-preview:-1\" \/>\n<link rel=\"canonical\" href=\"https:\/\/congovirtuel.com\/information\/les-gabonais-sequestres-a-laeroport-en-gambie\/\" \/>\n<meta property=\"og:locale\" content=\"fr_FR\" \/>\n<meta property=\"og:type\" content=\"article\" \/>\n<meta property=\"og:title\" content=\"Les Gabonais \u00ab s\u00e9questr\u00e9s \u00bb \u00e0 l\u2019a\u00e9roport en Gambie ! - Actualit\u00e9s congolaises et internationales\" \/>\n<meta property=\"og:description\" content=\"Pierre-Emerick Aubameyang et ses co\u00e9quipiers ont pass\u00e9 \u00e0 la nuit \u00e0 l\u2019a\u00e9roport de Banjul, retenus \u00ab&nbsp;en otage&nbsp;\u00bb par les autorit\u00e9s gambiennes. Le Gabon et la Gambie s\u2019affrontent ce lundi en \u00e9liminatoires de la CAN. \u00ab\u00a0On dirait que nous sommes de retour dans les ann\u00e9es 90.\u00a0\u00bb\u00a0La formule est sign\u00e9e de Pierre-Emerick Aubameyang. Dimanche soir, et jusqu\u2019\u00e0 lundi matin, l\u2019attaquant gabonais et ses co\u00e9quipiers ont \u00e9t\u00e9 contraints de patienter de longues heures, \u00e0 l\u2019a\u00e9roport de Banjul, \u00e0 leur arriv\u00e9e en Gambie. Pour une raison inconnue. Sur Facebook, la f\u00e9d\u00e9ration gabonaise a relay\u00e9\u00a0les&hellip;\" \/>\n<meta property=\"og:url\" content=\"https:\/\/congovirtuel.com\/information\/les-gabonais-sequestres-a-laeroport-en-gambie\/\" \/>\n<meta property=\"og:site_name\" content=\"Actualit\u00e9s congolaises et internationales\" \/>\n<meta property=\"article:publisher\" content=\"https:\/\/web.facebook.com\/Congovirtuel-763617960319601\/?ref=aymt_homepage_panel&amp;amp%3bamp%3bamp%3bamp%3bamp%3bamp%3bamp%3bamp%3bamp%3bamp%3bamp%3beid=ARCoxULa66767kIgF_KYav6VdjXTI4yk_LW4yoVO9s6NXpysgb7Cb65vpxcxgqzOAKvIbLQxaAETcqHT\" \/>\n<meta property=\"article:published_time\" content=\"2020-11-16T14:22:07+00:00\" \/>\n<meta property=\"article:modified_time\" content=\"2020-11-16T14:22:21+00:00\" \/>\n<meta property=\"og:image\" content=\"https:\/\/congovirtuel.com\/information\/wp-content\/uploads\/2020\/11\/gabonais.jpg\" \/>\n\t<meta property=\"og:image:width\" content=\"720\" \/>\n\t<meta property=\"og:image:height\" content=\"360\" \/>\n\t<meta property=\"og:image:type\" content=\"image\/jpeg\" \/>\n<meta name=\"author\" content=\"infocongovirtuel\" \/>\n<meta name=\"twitter:card\" content=\"summary_large_image\" \/>\n<meta name=\"twitter:creator\" content=\"@congovirtuel\" \/>\n<meta name=\"twitter:site\" content=\"@congovirtuel\" \/>\n<meta name=\"twitter:label1\" content=\"\u00c9crit par\" \/>\n\t<meta name=\"twitter:data1\" content=\"infocongovirtuel\" \/>\n\t<meta name=\"twitter:label2\" content=\"Dur\u00e9e de lecture estim\u00e9e\" \/>\n\t<meta name=\"twitter:data2\" content=\"1 minute\" \/>\n<script type=\"application\/ld+json\" class=\"yoast-schema-graph\">{\"@context\":\"https:\\\/\\\/schema.org\",\"@graph\":[{\"@type\":\"Article\",\"@id\":\"https:\\\/\\\/congovirtuel.com\\\/information\\\/les-gabonais-sequestres-a-laeroport-en-gambie\\\/#article\",\"isPartOf\":{\"@id\":\"https:\\\/\\\/congovirtuel.com\\\/information\\\/les-gabonais-sequestres-a-laeroport-en-gambie\\\/\"},\"author\":{\"name\":\"infocongovirtuel\",\"@id\":\"https:\\\/\\\/congovirtuel.com\\\/information\\\/#\\\/schema\\\/person\\\/739a44bf7990966cb53d58d2fdeca0b6\"},\"headline\":\"Les Gabonais \u00ab s\u00e9questr\u00e9s \u00bb \u00e0 l\u2019a\u00e9roport en Gambie !\",\"datePublished\":\"2020-11-16T14:22:07+00:00\",\"dateModified\":\"2020-11-16T14:22:21+00:00\",\"mainEntityOfPage\":{\"@id\":\"https:\\\/\\\/congovirtuel.com\\\/information\\\/les-gabonais-sequestres-a-laeroport-en-gambie\\\/\"},\"wordCount\":282,\"commentCount\":0,\"publisher\":{\"@id\":\"https:\\\/\\\/congovirtuel.com\\\/information\\\/#organization\"},\"image\":{\"@id\":\"https:\\\/\\\/congovirtuel.com\\\/information\\\/les-gabonais-sequestres-a-laeroport-en-gambie\\\/#primaryimage\"},\"thumbnailUrl\":\"https:\\\/\\\/congovirtuel.com\\\/information\\\/wp-content\\\/uploads\\\/2020\\\/11\\\/gabonais.jpg\",\"keywords\":[\"les gabonais s\u00e9questr\u00e9s airport\"],\"articleSection\":[\"Football\"],\"inLanguage\":\"fr-FR\",\"potentialAction\":[{\"@type\":\"CommentAction\",\"name\":\"Comment\",\"target\":[\"https:\\\/\\\/congovirtuel.com\\\/information\\\/les-gabonais-sequestres-a-laeroport-en-gambie\\\/#respond\"]}]},{\"@type\":\"WebPage\",\"@id\":\"https:\\\/\\\/congovirtuel.com\\\/information\\\/les-gabonais-sequestres-a-laeroport-en-gambie\\\/\",\"url\":\"https:\\\/\\\/congovirtuel.com\\\/information\\\/les-gabonais-sequestres-a-laeroport-en-gambie\\\/\",\"name\":\"Les Gabonais \u00ab s\u00e9questr\u00e9s \u00bb \u00e0 l\u2019a\u00e9roport en Gambie ! - Actualit\u00e9s congolaises et internationales\",\"isPartOf\":{\"@id\":\"https:\\\/\\\/congovirtuel.com\\\/information\\\/#website\"},\"primaryImageOfPage\":{\"@id\":\"https:\\\/\\\/congovirtuel.com\\\/information\\\/les-gabonais-sequestres-a-laeroport-en-gambie\\\/#primaryimage\"},\"image\":{\"@id\":\"https:\\\/\\\/congovirtuel.com\\\/information\\\/les-gabonais-sequestres-a-laeroport-en-gambie\\\/#primaryimage\"},\"thumbnailUrl\":\"https:\\\/\\\/congovirtuel.com\\\/information\\\/wp-content\\\/uploads\\\/2020\\\/11\\\/gabonais.jpg\",\"datePublished\":\"2020-11-16T14:22:07+00:00\",\"dateModified\":\"2020-11-16T14:22:21+00:00\",\"breadcrumb\":{\"@id\":\"https:\\\/\\\/congovirtuel.com\\\/information\\\/les-gabonais-sequestres-a-laeroport-en-gambie\\\/#breadcrumb\"},\"inLanguage\":\"fr-FR\",\"potentialAction\":[{\"@type\":\"ReadAction\",\"target\":[\"https:\\\/\\\/congovirtuel.com\\\/information\\\/les-gabonais-sequestres-a-laeroport-en-gambie\\\/\"]}]},{\"@type\":\"ImageObject\",\"inLanguage\":\"fr-FR\",\"@id\":\"https:\\\/\\\/congovirtuel.com\\\/information\\\/les-gabonais-sequestres-a-laeroport-en-gambie\\\/#primaryimage\",\"url\":\"https:\\\/\\\/congovirtuel.com\\\/information\\\/wp-content\\\/uploads\\\/2020\\\/11\\\/gabonais.jpg\",\"contentUrl\":\"https:\\\/\\\/congovirtuel.com\\\/information\\\/wp-content\\\/uploads\\\/2020\\\/11\\\/gabonais.jpg\",\"width\":720,\"height\":360},{\"@type\":\"BreadcrumbList\",\"@id\":\"https:\\\/\\\/congovirtuel.com\\\/information\\\/les-gabonais-sequestres-a-laeroport-en-gambie\\\/#breadcrumb\",\"itemListElement\":[{\"@type\":\"ListItem\",\"position\":1,\"name\":\"Accueil\",\"item\":\"https:\\\/\\\/congovirtuel.com\\\/information\\\/\"},{\"@type\":\"ListItem\",\"position\":2,\"name\":\"Les Gabonais \u00ab s\u00e9questr\u00e9s \u00bb \u00e0 l\u2019a\u00e9roport en Gambie !\"}]},{\"@type\":\"WebSite\",\"@id\":\"https:\\\/\\\/congovirtuel.com\\\/information\\\/#website\",\"url\":\"https:\\\/\\\/congovirtuel.com\\\/information\\\/\",\"name\":\"Actualit\u00e9s congolaises et internationales\",\"description\":\"site d&#039;analyse et de traitement d&#039;information\",\"publisher\":{\"@id\":\"https:\\\/\\\/congovirtuel.com\\\/information\\\/#organization\"},\"potentialAction\":[{\"@type\":\"SearchAction\",\"target\":{\"@type\":\"EntryPoint\",\"urlTemplate\":\"https:\\\/\\\/congovirtuel.com\\\/information\\\/?s={search_term_string}\"},\"query-input\":{\"@type\":\"PropertyValueSpecification\",\"valueRequired\":true,\"valueName\":\"search_term_string\"}}],\"inLanguage\":\"fr-FR\"},{\"@type\":\"Organization\",\"@id\":\"https:\\\/\\\/congovirtuel.com\\\/information\\\/#organization\",\"name\":\"Biblioth\u00e8que Virtuelle de la RDC\",\"url\":\"https:\\\/\\\/congovirtuel.com\\\/information\\\/\",\"logo\":{\"@type\":\"ImageObject\",\"inLanguage\":\"fr-FR\",\"@id\":\"https:\\\/\\\/congovirtuel.com\\\/information\\\/#\\\/schema\\\/logo\\\/image\\\/\",\"url\":\"https:\\\/\\\/congovirtuel.com\\\/information\\\/wp-content\\\/uploads\\\/2018\\\/10\\\/header-info-congovirtuel-vraie.jpg\",\"contentUrl\":\"https:\\\/\\\/congovirtuel.com\\\/information\\\/wp-content\\\/uploads\\\/2018\\\/10\\\/header-info-congovirtuel-vraie.jpg\",\"width\":728,\"height\":90,\"caption\":\"Biblioth\u00e8que Virtuelle de la RDC\"},\"image\":{\"@id\":\"https:\\\/\\\/congovirtuel.com\\\/information\\\/#\\\/schema\\\/logo\\\/image\\\/\"},\"sameAs\":[\"https:\\\/\\\/web.facebook.com\\\/Congovirtuel-763617960319601\\\/?ref=aymt_homepage_panel&amp;amp;amp;amp;amp;amp;amp;amp;amp;amp;amp;eid=ARCoxULa66767kIgF_KYav6VdjXTI4yk_LW4yoVO9s6NXpysgb7Cb65vpxcxgqzOAKvIbLQxaAETcqHT\",\"https:\\\/\\\/x.com\\\/congovirtuel\",\"https:\\\/\\\/www.youtube.com\\\/channel\\\/UCkFfprYzGgS3EWNpeMXpToQ?view_as=subscriber\"]},{\"@type\":\"Person\",\"@id\":\"https:\\\/\\\/congovirtuel.com\\\/information\\\/#\\\/schema\\\/person\\\/739a44bf7990966cb53d58d2fdeca0b6\",\"name\":\"infocongovirtuel\",\"image\":{\"@type\":\"ImageObject\",\"inLanguage\":\"fr-FR\",\"@id\":\"https:\\\/\\\/secure.gravatar.com\\\/avatar\\\/4d76991aa72469f0eb22e772586c99113c6997f88da636a9db8f2ce3a2c05e69?s=96&d=mm&r=g\",\"url\":\"https:\\\/\\\/secure.gravatar.com\\\/avatar\\\/4d76991aa72469f0eb22e772586c99113c6997f88da636a9db8f2ce3a2c05e69?s=96&d=mm&r=g\",\"contentUrl\":\"https:\\\/\\\/secure.gravatar.com\\\/avatar\\\/4d76991aa72469f0eb22e772586c99113c6997f88da636a9db8f2ce3a2c05e69?s=96&d=mm&r=g\",\"caption\":\"infocongovirtuel\"},\"url\":\"https:\\\/\\\/congovirtuel.com\\\/information\\\/author\\\/infocongovirtuel\\\/\"}]}<\/script>\n<!-- \/ Yoast SEO plugin. -->","yoast_head_json":{"title":"Les Gabonais \u00ab s\u00e9questr\u00e9s \u00bb \u00e0 l\u2019a\u00e9roport en Gambie ! - Actualit\u00e9s congolaises et internationales","robots":{"index":"index","follow":"follow","max-snippet":"max-snippet:-1","max-image-preview":"max-image-preview:large","max-video-preview":"max-video-preview:-1"},"canonical":"https:\/\/congovirtuel.com\/information\/les-gabonais-sequestres-a-laeroport-en-gambie\/","og_locale":"fr_FR","og_type":"article","og_title":"Les Gabonais \u00ab s\u00e9questr\u00e9s \u00bb \u00e0 l\u2019a\u00e9roport en Gambie ! - Actualit\u00e9s congolaises et internationales","og_description":"Pierre-Emerick Aubameyang et ses co\u00e9quipiers ont pass\u00e9 \u00e0 la nuit \u00e0 l\u2019a\u00e9roport de Banjul, retenus \u00ab&nbsp;en otage&nbsp;\u00bb par les autorit\u00e9s gambiennes. Le Gabon et la Gambie s\u2019affrontent ce lundi en \u00e9liminatoires de la CAN. \u00ab\u00a0On dirait que nous sommes de retour dans les ann\u00e9es 90.\u00a0\u00bb\u00a0La formule est sign\u00e9e de Pierre-Emerick Aubameyang. Dimanche soir, et jusqu\u2019\u00e0 lundi matin, l\u2019attaquant gabonais et ses co\u00e9quipiers ont \u00e9t\u00e9 contraints de patienter de longues heures, \u00e0 l\u2019a\u00e9roport de Banjul, \u00e0 leur arriv\u00e9e en Gambie. Pour une raison inconnue. Sur Facebook, la f\u00e9d\u00e9ration gabonaise a relay\u00e9\u00a0les&hellip;","og_url":"https:\/\/congovirtuel.com\/information\/les-gabonais-sequestres-a-laeroport-en-gambie\/","og_site_name":"Actualit\u00e9s congolaises et internationales","article_publisher":"https:\/\/web.facebook.com\/Congovirtuel-763617960319601\/?ref=aymt_homepage_panel&amp%3bamp%3bamp%3bamp%3bamp%3bamp%3bamp%3bamp%3bamp%3bamp%3bamp%3beid=ARCoxULa66767kIgF_KYav6VdjXTI4yk_LW4yoVO9s6NXpysgb7Cb65vpxcxgqzOAKvIbLQxaAETcqHT","article_published_time":"2020-11-16T14:22:07+00:00","article_modified_time":"2020-11-16T14:22:21+00:00","og_image":[{"width":720,"height":360,"url":"https:\/\/congovirtuel.com\/information\/wp-content\/uploads\/2020\/11\/gabonais.jpg","type":"image\/jpeg"}],"author":"infocongovirtuel","twitter_card":"summary_large_image","twitter_creator":"@congovirtuel","twitter_site":"@congovirtuel","twitter_misc":{"\u00c9crit par":"infocongovirtuel","Dur\u00e9e de lecture estim\u00e9e":"1 minute"},"schema":{"@context":"https:\/\/schema.org","@graph":[{"@type":"Article","@id":"https:\/\/congovirtuel.com\/information\/les-gabonais-sequestres-a-laeroport-en-gambie\/#article","isPartOf":{"@id":"https:\/\/congovirtuel.com\/information\/les-gabonais-sequestres-a-laeroport-en-gambie\/"},"author":{"name":"infocongovirtuel","@id":"https:\/\/congovirtuel.com\/information\/#\/schema\/person\/739a44bf7990966cb53d58d2fdeca0b6"},"headline":"Les Gabonais \u00ab s\u00e9questr\u00e9s \u00bb \u00e0 l\u2019a\u00e9roport en Gambie !","datePublished":"2020-11-16T14:22:07+00:00","dateModified":"2020-11-16T14:22:21+00:00","mainEntityOfPage":{"@id":"https:\/\/congovirtuel.com\/information\/les-gabonais-sequestres-a-laeroport-en-gambie\/"},"wordCount":282,"commentCount":0,"publisher":{"@id":"https:\/\/congovirtuel.com\/information\/#organization"},"image":{"@id":"https:\/\/congovirtuel.com\/information\/les-gabonais-sequestres-a-laeroport-en-gambie\/#primaryimage"},"thumbnailUrl":"https:\/\/congovirtuel.com\/information\/wp-content\/uploads\/2020\/11\/gabonais.jpg","keywords":["les gabonais s\u00e9questr\u00e9s airport"],"articleSection":["Football"],"inLanguage":"fr-FR","potentialAction":[{"@type":"CommentAction","name":"Comment","target":["https:\/\/congovirtuel.com\/information\/les-gabonais-sequestres-a-laeroport-en-gambie\/#respond"]}]},{"@type":"WebPage","@id":"https:\/\/congovirtuel.com\/information\/les-gabonais-sequestres-a-laeroport-en-gambie\/","url":"https:\/\/congovirtuel.com\/information\/les-gabonais-sequestres-a-laeroport-en-gambie\/","name":"Les Gabonais \u00ab s\u00e9questr\u00e9s \u00bb \u00e0 l\u2019a\u00e9roport en Gambie ! - Actualit\u00e9s congolaises et internationales","isPartOf":{"@id":"https:\/\/congovirtuel.com\/information\/#website"},"primaryImageOfPage":{"@id":"https:\/\/congovirtuel.com\/information\/les-gabonais-sequestres-a-laeroport-en-gambie\/#primaryimage"},"image":{"@id":"https:\/\/congovirtuel.com\/information\/les-gabonais-sequestres-a-laeroport-en-gambie\/#primaryimage"},"thumbnailUrl":"https:\/\/congovirtuel.com\/information\/wp-content\/uploads\/2020\/11\/gabonais.jpg","datePublished":"2020-11-16T14:22:07+00:00","dateModified":"2020-11-16T14:22:21+00:00","breadcrumb":{"@id":"https:\/\/congovirtuel.com\/information\/les-gabonais-sequestres-a-laeroport-en-gambie\/#breadcrumb"},"inLanguage":"fr-FR","potentialAction":[{"@type":"ReadAction","target":["https:\/\/congovirtuel.com\/information\/les-gabonais-sequestres-a-laeroport-en-gambie\/"]}]},{"@type":"ImageObject","inLanguage":"fr-FR","@id":"https:\/\/congovirtuel.com\/information\/les-gabonais-sequestres-a-laeroport-en-gambie\/#primaryimage","url":"https:\/\/congovirtuel.com\/information\/wp-content\/uploads\/2020\/11\/gabonais.jpg","contentUrl":"https:\/\/congovirtuel.com\/information\/wp-content\/uploads\/2020\/11\/gabonais.jpg","width":720,"height":360},{"@type":"BreadcrumbList","@id":"https:\/\/congovirtuel.com\/information\/les-gabonais-sequestres-a-laeroport-en-gambie\/#breadcrumb","itemListElement":[{"@type":"ListItem","position":1,"name":"Accueil","item":"https:\/\/congovirtuel.com\/information\/"},{"@type":"ListItem","position":2,"name":"Les Gabonais \u00ab s\u00e9questr\u00e9s \u00bb \u00e0 l\u2019a\u00e9roport en Gambie !"}]},{"@type":"WebSite","@id":"https:\/\/congovirtuel.com\/information\/#website","url":"https:\/\/congovirtuel.com\/information\/","name":"Actualit\u00e9s congolaises et internationales","description":"site d&#039;analyse et de traitement d&#039;information","publisher":{"@id":"https:\/\/congovirtuel.com\/information\/#organization"},"potentialAction":[{"@type":"SearchAction","target":{"@type":"EntryPoint","urlTemplate":"https:\/\/congovirtuel.com\/information\/?s={search_term_string}"},"query-input":{"@type":"PropertyValueSpecification","valueRequired":true,"valueName":"search_term_string"}}],"inLanguage":"fr-FR"},{"@type":"Organization","@id":"https:\/\/congovirtuel.com\/information\/#organization","name":"Biblioth\u00e8que Virtuelle de la RDC","url":"https:\/\/congovirtuel.com\/information\/","logo":{"@type":"ImageObject","inLanguage":"fr-FR","@id":"https:\/\/congovirtuel.com\/information\/#\/schema\/logo\/image\/","url":"https:\/\/congovirtuel.com\/information\/wp-content\/uploads\/2018\/10\/header-info-congovirtuel-vraie.jpg","contentUrl":"https:\/\/congovirtuel.com\/information\/wp-content\/uploads\/2018\/10\/header-info-congovirtuel-vraie.jpg","width":728,"height":90,"caption":"Biblioth\u00e8que Virtuelle de la RDC"},"image":{"@id":"https:\/\/congovirtuel.com\/information\/#\/schema\/logo\/image\/"},"sameAs":["https:\/\/web.facebook.com\/Congovirtuel-763617960319601\/?ref=aymt_homepage_panel&amp;amp;amp;amp;amp;amp;amp;amp;amp;amp;amp;eid=ARCoxULa66767kIgF_KYav6VdjXTI4yk_LW4yoVO9s6NXpysgb7Cb65vpxcxgqzOAKvIbLQxaAETcqHT","https:\/\/x.com\/congovirtuel","https:\/\/www.youtube.com\/channel\/UCkFfprYzGgS3EWNpeMXpToQ?view_as=subscriber"]},{"@type":"Person","@id":"https:\/\/congovirtuel.com\/information\/#\/schema\/person\/739a44bf7990966cb53d58d2fdeca0b6","name":"infocongovirtuel","image":{"@type":"ImageObject","inLanguage":"fr-FR","@id":"https:\/\/secure.gravatar.com\/avatar\/4d76991aa72469f0eb22e772586c99113c6997f88da636a9db8f2ce3a2c05e69?s=96&d=mm&r=g","url":"https:\/\/secure.gravatar.com\/avatar\/4d76991aa72469f0eb22e772586c99113c6997f88da636a9db8f2ce3a2c05e69?s=96&d=mm&r=g","contentUrl":"https:\/\/secure.gravatar.com\/avatar\/4d76991aa72469f0eb22e772586c99113c6997f88da636a9db8f2ce3a2c05e69?s=96&d=mm&r=g","caption":"infocongovirtuel"},"url":"https:\/\/congovirtuel.com\/information\/author\/infocongovirtuel\/"}]}},"gt_translate_keys":[{"key":"link","format":"url"}],"_links":{"self":[{"href":"https:\/\/congovirtuel.com\/information\/wp-json\/wp\/v2\/posts\/4354","targetHints":{"allow":["GET"]}}],"collection":[{"href":"https:\/\/congovirtuel.com\/information\/wp-json\/wp\/v2\/posts"}],"about":[{"href":"https:\/\/congovirtuel.com\/information\/wp-json\/wp\/v2\/types\/post"}],"author":[{"embeddable":true,"href":"https:\/\/congovirtuel.com\/information\/wp-json\/wp\/v2\/users\/1"}],"replies":[{"embeddable":true,"href":"https:\/\/congovirtuel.com\/information\/wp-json\/wp\/v2\/comments?post=4354"}],"version-history":[{"count":1,"href":"https:\/\/congovirtuel.com\/information\/wp-json\/wp\/v2\/posts\/4354\/revisions"}],"predecessor-version":[{"id":4357,"href":"https:\/\/congovirtuel.com\/information\/wp-json\/wp\/v2\/posts\/4354\/revisions\/4357"}],"wp:featuredmedia":[{"embeddable":true,"href":"https:\/\/congovirtuel.com\/information\/wp-json\/wp\/v2\/media\/4356"}],"wp:attachment":[{"href":"https:\/\/congovirtuel.com\/information\/wp-json\/wp\/v2\/media?parent=4354"}],"wp:term":[{"taxonomy":"category","embeddable":true,"href":"https:\/\/congovirtuel.com\/information\/wp-json\/wp\/v2\/categories?post=4354"},{"taxonomy":"post_tag","embeddable":true,"href":"https:\/\/congovirtuel.com\/information\/wp-json\/wp\/v2\/tags?post=4354"}],"curies":[{"name":"wp","href":"https:\/\/api.w.org\/{rel}","templated":true}]}}