{"id":4482,"date":"2020-11-23T07:11:43","date_gmt":"2020-11-23T06:11:43","guid":{"rendered":"https:\/\/congovirtuel.com\/information\/?p=4482"},"modified":"2020-11-23T07:15:42","modified_gmt":"2020-11-23T06:15:42","slug":"kinshasa-fosse-commune-presumee-a-nsele","status":"publish","type":"post","link":"https:\/\/congovirtuel.com\/information\/kinshasa-fosse-commune-presumee-a-nsele\/","title":{"rendered":"Kinshasa: \u00ab Fosse commune \u00bb pr\u00e9sum\u00e9e \u00e0 Nsele","gt_translate_keys":[{"key":"rendered","format":"text"}]},"content":{"rendered":"\n<p class=\"wp-block-paragraph\"><strong>Des informations parcellaires font \u00e9tat de la d\u00e9couverte, samedi 21 novembre, d\u2019une fosse commune \u00e0 Nsele, agglom\u00e9ration situ\u00e9e \u00e0 une soixantaine de kilom\u00e8tres de la capitale. L\u2019annonce a \u00e9t\u00e9 faite, dimanche, par Georges Kapiamba, pr\u00e9sident de l\u2019Association Congolaise pour l\u2019Acc\u00e8s \u00e0 la Justice (ACAJ). Celui-ci a aussit\u00f4t demand\u00e9 aux autorit\u00e9s de \u00ab&nbsp;s\u00e9curiser&nbsp;\u00bb l\u2019endroit. Le moment est peut-\u00eatre venu de faire la clart\u00e9 sur toutes les fosses communes et autres \u00ab&nbsp;<em>disparitions<\/em>\u00ab&nbsp;.<\/strong><\/p>\n\n\n\n<p class=\"wp-block-paragraph\">Pr\u00e8s de vingt-trois mois apr\u00e8s le changement intervenu au sommet de l\u2019Etat congolais, on apprend l\u2019existence d\u2019une fosse commune \u00e0 une soixantaine de kilom\u00e8tres de Kinshasa. \u00ab&nbsp;<em>Une nouvelle fosse commune a \u00e9t\u00e9 d\u00e9couverte hier dans la commune de Nsele. Nous demandons la s\u00e9curisation urgente des lieux et une enqu\u00eate judiciaire cr\u00e9dible. C\u2019est troublant<\/em>\u00ab&nbsp;. L\u2019homme qui parle s\u2019appelle Georges Kapiamba. Il s\u2019agit d\u2019un activiste de la soci\u00e9t\u00e9 civile bien connu. C\u2019est le message qu\u2019il a post\u00e9, dimanche, sur son compte Twitter.<\/p>\n\n\n\n<p class=\"wp-block-paragraph\">A en croire Kapiamba, ce pr\u00e9sum\u00e9 charnier se trouverait \u00ab&nbsp;<em>non loin du mausol\u00e9e de feu Etienne Tshisekedi wa Mulumba<\/em>\u00ab&nbsp;.<\/p>\n\n\n\n<p class=\"wp-block-paragraph\">Cette information lugubre doit faire fr\u00e9mir des familles kinoises. Elle vient rappeler \u00e0 la m\u00e9moire des Congolais quelques cas des personnes tu\u00e9es \u2013 au cours des dix-huit ann\u00e9es du pouvoir f\u00e9roce de \u00ab&nbsp;<em>Joseph Kabila<\/em>&nbsp;\u00bb \u2013 &nbsp;dont les corps n\u2019ont jamais \u00e9t\u00e9 retrouv\u00e9s. Une situation douloureuse pour des parents et proches qui ne peuvent faire le travail de deuil.<\/p>\n\n\n\n<p class=\"wp-block-paragraph\">Ci-apr\u00e8s quelques cas c\u00e9l\u00e8bres:<\/p>\n\n\n\n<figure class=\"wp-block-image\" id=\"attachment_11842\"><img decoding=\"async\" src=\"http:\/\/www.congoindependant.com\/wp-content\/uploads\/2020\/11\/bazana-veuve-300x225.jpg\" alt=\"\" class=\"wp-image-11842\"\/><figcaption>Veuve Bazana<\/figcaption><\/figure>\n\n\n\n<p class=\"wp-block-paragraph\"><strong>Fid\u00e8le Bazana Edadi.&nbsp;<\/strong>Le 2 juin 2010, le corps sans vie de Floribert Chebeya Bahizire, directeur ex\u00e9cutif de la \u00ab&nbsp;<em>VSV<\/em>&nbsp;\u00bb (La Voix des Sans Voix pour les droits de l\u2019Homme) est retrouv\u00e9 sur la banquette arri\u00e8re de sa voiture, sur la Route de Matadi, au Quartier Mitendi. La veille, \u00e0 la fin de l\u2019apr\u00e8s-midi, ce d\u00e9fenseur des droits de l\u2019Homme avait rendez-vous au \u00ab&nbsp;<em>QG&nbsp;\u00bb<\/em>&nbsp;de la police avec le g\u00e9n\u00e9ral John Numbi Banza, alors inspecteur g\u00e9n\u00e9ral de la police congolaise. Chebeya \u00e9tait accompagn\u00e9 de son chauffeur Fid\u00e8le Bazana Edadi. Celui-ci s\u2019est \u00ab&nbsp;<em>volatilis\u00e9<\/em>\u00ab&nbsp;. Son corps n\u2019a jamais \u00e9t\u00e9 retrouv\u00e9e. Selon l\u2019officier de police Paul Mwilambwe, alors responsable de s\u00e9curit\u00e9 au si\u00e8ge de la police, c\u2019est l\u2019ex-major \u2013 promu colonel apr\u00e8s les faits \u2013 Christian Ngoy Kenga Kenga qui avait tortur\u00e9 \u00e0 mort \u00ab&nbsp;<em>Floribert<\/em>\u00ab&nbsp;. On imagine que c\u2019est le m\u00eame homme qui se serait \u00ab&nbsp;<em>occup\u00e9<\/em>&nbsp;\u00bb de Bazana. Le but \u00e9tait sans doute d\u2019effacer toute trace de passage du d\u00e9fenseur des droits humains en ce lieu fatal. &nbsp;&nbsp;<\/p>\n\n\n\n<p class=\"wp-block-paragraph\"><strong>Armand Tungulu Mudiandambu.&nbsp;<\/strong>Fin septembre 2010, le Bruxellois Armand Tungulu se rend en visite familiale \u00e0 Kinshasa. Le 1<sup>er<\/sup>&nbsp;octobre, on apprend qu\u2019il a \u00e9t\u00e9 arr\u00eat\u00e9 sur l\u2019avenue du 24 novembre par des \u00e9l\u00e9ments de la garde pr\u00e9torienne de \u00ab&nbsp;<em>Kabila<\/em>\u00ab&nbsp;. Il est reproch\u00e9 \u00e0 Tungulu d\u2019avoir \u00ab&nbsp;<em>lapid\u00e9<\/em>&nbsp;\u00bb le cort\u00e8ge pr\u00e9sidentiel. \u00ab&nbsp;Armand&nbsp;\u00bb ne pourra jamais dire sa part de v\u00e9rit\u00e9. D\u00e8s le 2 octobre, un communiqu\u00e9 du parquet g\u00e9n\u00e9ral de la R\u00e9publique annonce son d\u00e9c\u00e8s \u00ab&nbsp;<em>par pendaison<\/em>\u00ab&nbsp;. Les faits se seraient pass\u00e9s au Camp Tshatshi qui sert de \u00ab&nbsp;<em>QG<\/em>&nbsp;\u00bb aux troupes de la garde pr\u00e9sidentielle, pompeusement appel\u00e9s \u00ab&nbsp;<em>Garde r\u00e9publicaine<\/em>&nbsp;\u00bb (GR).<\/p>\n\n\n\n<figure class=\"wp-block-image\" id=\"attachment_11841\"><img decoding=\"async\" src=\"http:\/\/www.congoindependant.com\/wp-content\/uploads\/2020\/11\/Tungulu2016-300x225.jpg\" alt=\"\" class=\"wp-image-11841\"\/><figcaption>Au centre la veuve Tungulu n\u00e9e Philo Nzomina et ses deux filles. C\u2019\u00e9tait lors d\u2019une comm\u00e9moration. Eglise St Boniface<\/figcaption><\/figure>\n\n\n\n<p class=\"wp-block-paragraph\">Selon des t\u00e9moins ayant assist\u00e9 \u00e0 son interpellation, Tungulu aurait \u00e9t\u00e9 pass\u00e9 \u00e0 tabac avant d\u2019\u00eatre \u00ab&nbsp;<em>balanc\u00e9<\/em>\u00ab&nbsp;, tel un sac de riz, dans un des v\u00e9hicules du convoi pr\u00e9sidentiel qui se rendait \u00e0 la Ferme de Kingakati. Il sera, par la suite, transf\u00e9r\u00e9 au Camp Tshatshi. Dans quel \u00e9tat? Toute la question est l\u00e0. Dix ann\u00e9es apr\u00e8s, la famille du d\u00e9funt n\u2019a jamais vu le corps. Elle ne sait pas non plus l\u2019endroit o\u00f9 celui-ci a \u00e9t\u00e9 enseveli.<\/p>\n\n\n\n<p class=\"wp-block-paragraph\"><strong>Op\u00e9ration \u00ab&nbsp;Likofi&nbsp;\u00bb.&nbsp;<\/strong>En novembre 2013, \u00ab&nbsp;<em>Joseph Kabila<\/em>&nbsp;\u00bb donne l\u2019ordre \u00e0 la police kinoise, dirig\u00e9e alors par le g\u00e9n\u00e9ral C\u00e9lestin Kanyama, de \u00ab&nbsp;<em>nettoyer<\/em>&nbsp;\u00bb la capitale en \u00e9liminant tous les bandits dits \u00ab&nbsp;Kuluna&nbsp;\u00bb. Cette information a \u00e9t\u00e9 confirm\u00e9e par le porte-parole de la police, le colonel Pierrot Mwana Mputu. L\u2019op\u00e9ration prend fin en f\u00e9vrier 2014. Le bilan est terrifiant.<\/p>\n\n\n\n<figure class=\"wp-block-image\" id=\"attachment_11840\"><img decoding=\"async\" src=\"http:\/\/www.congoindependant.com\/wp-content\/uploads\/2020\/11\/kanyama-kabila-300x199.jpg\" alt=\"\" class=\"wp-image-11840\"\/><figcaption>Le g\u00e9n\u00e9ral C\u00e9lestin Kanyama face \u00e0 \u00ab&nbsp;Joseph Kabila&nbsp;\u00bb<\/figcaption><\/figure>\n\n\n\n<p class=\"wp-block-paragraph\">Dans un rapport publi\u00e9 en novembre 2014, l\u2019ONG am\u00e9ricaine \u00ab&nbsp;<em>Human Right Watch<\/em>&nbsp;\u00bb fait \u00e9tat de 51 tu\u00e9s et de 33 cas de disparition forc\u00e9e. HRW d\u00e9crit par le menu les m\u00e9thodes employ\u00e9es par des policiers cagoul\u00e9s. Ceux-ci op\u00e9raient la nuit. Ils amenaient des pr\u00e9sum\u00e9s \u00ab&nbsp;<em>Kulunas<\/em>&nbsp;\u00bb hors de leurs domiciles. Certains jeunes gens sont \u00e9t\u00e9 abattus sur place. D\u2019autres sont emmen\u00e9s ailleurs. Ces atrocit\u00e9s ont \u00e9t\u00e9 r\u00e9v\u00e9l\u00e9es par trente-quatre familles dont les enfants et proches n\u2019ont plus donn\u00e9 sign\u00e9 de vie apr\u00e8s ces rafles. Les familles sont toujours \u00e0 la recherche des corps.<\/p>\n\n\n\n<p class=\"wp-block-paragraph\"><strong>Fosse commune de Maluku.&nbsp;<\/strong>En juin 2015, l\u2019ONG Human Right Watch, toujours elle, invite les autorit\u00e9s congolaises \u00e0 exhumer 421 corps enterr\u00e9s au mois de mars dans une fosse commune \u00e0 Maluku. Les officiels ont pr\u00e9tendu que le charnier dont question ne contenaient \u00ab&nbsp;<em>que<\/em>&nbsp;\u00bb des f\u0153tus, des enfants mort-n\u00e9s et des \u00ab&nbsp;<em>indigents<\/em>\u00ab&nbsp;. Le but, selon eux, est de \u00ab&nbsp;<em>d\u00e9sengorger<\/em>&nbsp;\u00bb la morgue de l\u2019h\u00f4pital g\u00e9n\u00e9ral de Kinshasa dont la capacit\u00e9 est de 300 corps.<\/p>\n\n\n\n<p class=\"wp-block-paragraph\">Seulement voil\u00e0, cette fosse commune a \u00e9t\u00e9 d\u00e9couverte deux mois apr\u00e8s la r\u00e9pression violente des manifestations du 19, 20 et 21 janvier 2015. Des Kinois protestaient contre la tentative de modification de la loi \u00e9lectorale \u00e0 une ann\u00e9e de l\u2019expiration du second mandat du Pr\u00e9sident en exercice. Une mani\u00e8re de modifier les r\u00e8gles du jeu au cours du match. Des \u00e9l\u00e9ments de la garde pr\u00e9torienne de \u00ab&nbsp;<em>Kabila<\/em>&nbsp;\u00bb ont \u00e9t\u00e9 surpris en train d\u2019entasser des cadavres dans des camions. &nbsp;<\/p>\n\n\n\n<figure class=\"wp-block-image\" id=\"attachment_845\"><img decoding=\"async\" src=\"http:\/\/www.congoindependant.com\/wp-content\/uploads\/2017\/11\/sharp-catalan-300x158.jpg\" alt=\"\" class=\"wp-image-845\"\/><figcaption>Za\u00efda Catalan et Micha\u00ebl Sharp<\/figcaption><\/figure>\n\n\n\n<p class=\"wp-block-paragraph\"><strong>Affaire Kamuina Nsapu<\/strong>. En f\u00e9vrier 2017, la force publique congolaise (arm\u00e9e, police, services de s\u00e9curit\u00e9) est accus\u00e9e d\u2019avoir fait un usage disproportionn\u00e9 de la force dans la r\u00e9pression des \u00ab&nbsp;<em>jacqueries<\/em>&nbsp;\u00bb survenues suite \u00e0 l\u2019ex\u00e9cution du Chef Jean-Pierre Mpadi, le Kamuina Nsapu. Selon des sources, des ex-miliciens Bakata Katanga ont \u00e9paul\u00e9 l\u2019arm\u00e9e et la police lors de ces op\u00e9rations.<\/p>\n\n\n\n<p class=\"wp-block-paragraph\">Inform\u00e9 de l\u2019existence des fosses communes dans le \u00ab&nbsp;<em>Grand Kasa\u00ef<\/em>\u00ab&nbsp;, le Conseil de s\u00e9curit\u00e9 des Nations Unies a d\u00e9p\u00each\u00e9 sur le terrain deux de ses experts: Za\u00efdan Catalan et Micha\u00ebl Sharp. Ceux-ci sont arriv\u00e9s au mois de mars 2017 \u00e0 Kananga. Le 12 de ce m\u00eame mois, les deux envoy\u00e9s de l\u2019Onu sont ex\u00e9cut\u00e9s par des pr\u00e9tendus miliciens Kamuina Nsapu vers la localit\u00e9 de Bukonde. De l\u2019avis g\u00e9n\u00e9ral, cette zone \u00e9tait sous le contr\u00f4le des FARDC. A qui profite le crime? En tous cas pas aux \u00ab&nbsp;<em>miliciens<\/em>&nbsp;\u00bb Kamuina Nsapu qui \u00e9taient victimes de la r\u00e9pression. Ce crime ne peut profiter \u00e0 ceux qui n\u2019avaient pas int\u00e9r\u00eat \u00e0 la divulgation des informations, photographies et autres indices obtenus par les deux agents onusiens.<\/p>\n\n\n\n<p class=\"wp-block-paragraph\">Depuis le mois de juillet 2017, une parodie de proc\u00e8s a lieu devant la Haute cour militaire \u00e0 Kananga. Trois ann\u00e9es apr\u00e8s, cette juridiction militaire parait d\u00e9lib\u00e9r\u00e9ment incapable d\u2019identifier tant le commanditaire de ce double homicide que les tueurs.<\/p>\n\n\n\n<p class=\"wp-block-paragraph\">Vingt-trois mois apr\u00e8s le changement intervenu \u00e0 la t\u00eate de l\u2019Etat congolais, on esp\u00e8re qu\u2019une commission d\u2019enqu\u00eate pourrait travailler en toute ind\u00e9pendante pour faire la lumi\u00e8re sur ces fosses communes et autres \u00ab&nbsp;<em>disparitions<\/em>\u00ab&nbsp;. Et d\u00e9terminer les responsabilit\u00e9s.<\/p>\n\n\n\n<p class=\"wp-block-paragraph\"><strong>B.A.W.\/congoindependant \u00a0\u00a0\u00a0\u00a0\u00a0\u00a0\u00a0<\/strong><\/p>\n","protected":false,"gt_translate_keys":[{"key":"rendered","format":"html"}]},"excerpt":{"rendered":"<p>Des informations parcellaires font \u00e9tat de la d\u00e9couverte, samedi 21 novembre, d\u2019une fosse commune \u00e0 Nsele, agglom\u00e9ration situ\u00e9e \u00e0 une soixantaine de kilom\u00e8tres de la capitale. L\u2019annonce a \u00e9t\u00e9 faite, dimanche, par Georges Kapiamba, pr\u00e9sident de l\u2019Association Congolaise pour l\u2019Acc\u00e8s \u00e0 la Justice (ACAJ). Celui-ci a aussit\u00f4t demand\u00e9 aux autorit\u00e9s de \u00ab&nbsp;s\u00e9curiser&nbsp;\u00bb l\u2019endroit. Le moment est peut-\u00eatre venu de faire la clart\u00e9 sur toutes les fosses communes et autres \u00ab&nbsp;disparitions\u00ab&nbsp;. Pr\u00e8s de vingt-trois mois apr\u00e8s le changement intervenu au sommet de l\u2019Etat congolais, on apprend l\u2019existence d\u2019une fosse commune \u00e0&hellip;<\/p>\n","protected":false,"gt_translate_keys":[{"key":"rendered","format":"html"}]},"author":1,"featured_media":4483,"comment_status":"open","ping_status":"open","sticky":false,"template":"","format":"standard","meta":{"_crdt_document":"","footnotes":""},"categories":[3752],"tags":[3753],"class_list":["post-4482","post","type-post","status-publish","format-standard","has-post-thumbnail","hentry","category-fosse-commune","tag-fosse-commune-nsele"],"gutentor_comment":0,"yoast_head":"<!-- This site is optimized with the Yoast SEO plugin v27.5 - https:\/\/yoast.com\/product\/yoast-seo-wordpress\/ -->\n<title>Kinshasa: \u00ab Fosse commune \u00bb pr\u00e9sum\u00e9e \u00e0 Nsele - Actualit\u00e9s congolaises et internationales<\/title>\n<meta name=\"robots\" content=\"index, follow, max-snippet:-1, max-image-preview:large, max-video-preview:-1\" \/>\n<link rel=\"canonical\" href=\"https:\/\/congovirtuel.com\/information\/kinshasa-fosse-commune-presumee-a-nsele\/\" \/>\n<meta property=\"og:locale\" content=\"fr_FR\" \/>\n<meta property=\"og:type\" content=\"article\" \/>\n<meta property=\"og:title\" content=\"Kinshasa: \u00ab Fosse commune \u00bb pr\u00e9sum\u00e9e \u00e0 Nsele - Actualit\u00e9s congolaises et internationales\" \/>\n<meta property=\"og:description\" content=\"Des informations parcellaires font \u00e9tat de la d\u00e9couverte, samedi 21 novembre, d\u2019une fosse commune \u00e0 Nsele, agglom\u00e9ration situ\u00e9e \u00e0 une soixantaine de kilom\u00e8tres de la capitale. L\u2019annonce a \u00e9t\u00e9 faite, dimanche, par Georges Kapiamba, pr\u00e9sident de l\u2019Association Congolaise pour l\u2019Acc\u00e8s \u00e0 la Justice (ACAJ). Celui-ci a aussit\u00f4t demand\u00e9 aux autorit\u00e9s de \u00ab&nbsp;s\u00e9curiser&nbsp;\u00bb l\u2019endroit. Le moment est peut-\u00eatre venu de faire la clart\u00e9 sur toutes les fosses communes et autres \u00ab&nbsp;disparitions\u00ab&nbsp;. Pr\u00e8s de vingt-trois mois apr\u00e8s le changement intervenu au sommet de l\u2019Etat congolais, on apprend l\u2019existence d\u2019une fosse commune \u00e0&hellip;\" \/>\n<meta property=\"og:url\" content=\"https:\/\/congovirtuel.com\/information\/kinshasa-fosse-commune-presumee-a-nsele\/\" \/>\n<meta property=\"og:site_name\" content=\"Actualit\u00e9s congolaises et internationales\" \/>\n<meta property=\"article:publisher\" content=\"https:\/\/web.facebook.com\/Congovirtuel-763617960319601\/?ref=aymt_homepage_panel&amp;amp%3bamp%3bamp%3bamp%3bamp%3bamp%3bamp%3bamp%3bamp%3bamp%3bamp%3beid=ARCoxULa66767kIgF_KYav6VdjXTI4yk_LW4yoVO9s6NXpysgb7Cb65vpxcxgqzOAKvIbLQxaAETcqHT\" \/>\n<meta property=\"article:published_time\" content=\"2020-11-23T06:11:43+00:00\" \/>\n<meta property=\"article:modified_time\" content=\"2020-11-23T06:15:42+00:00\" \/>\n<meta property=\"og:image\" content=\"https:\/\/congovirtuel.com\/information\/wp-content\/uploads\/2020\/11\/fosse_commune_nsele-900-x-450.jpg\" \/>\n\t<meta property=\"og:image:width\" content=\"900\" \/>\n\t<meta property=\"og:image:height\" content=\"450\" \/>\n\t<meta property=\"og:image:type\" content=\"image\/jpeg\" \/>\n<meta name=\"author\" content=\"infocongovirtuel\" \/>\n<meta name=\"twitter:card\" content=\"summary_large_image\" \/>\n<meta name=\"twitter:creator\" content=\"@congovirtuel\" \/>\n<meta name=\"twitter:site\" content=\"@congovirtuel\" \/>\n<meta name=\"twitter:label1\" content=\"\u00c9crit par\" \/>\n\t<meta name=\"twitter:data1\" content=\"infocongovirtuel\" \/>\n\t<meta name=\"twitter:label2\" content=\"Dur\u00e9e de lecture estim\u00e9e\" \/>\n\t<meta name=\"twitter:data2\" content=\"7 minutes\" \/>\n<script type=\"application\/ld+json\" class=\"yoast-schema-graph\">{\"@context\":\"https:\\\/\\\/schema.org\",\"@graph\":[{\"@type\":\"Article\",\"@id\":\"https:\\\/\\\/congovirtuel.com\\\/information\\\/kinshasa-fosse-commune-presumee-a-nsele\\\/#article\",\"isPartOf\":{\"@id\":\"https:\\\/\\\/congovirtuel.com\\\/information\\\/kinshasa-fosse-commune-presumee-a-nsele\\\/\"},\"author\":{\"name\":\"infocongovirtuel\",\"@id\":\"https:\\\/\\\/congovirtuel.com\\\/information\\\/#\\\/schema\\\/person\\\/739a44bf7990966cb53d58d2fdeca0b6\"},\"headline\":\"Kinshasa: \u00ab Fosse commune \u00bb pr\u00e9sum\u00e9e \u00e0 Nsele\",\"datePublished\":\"2020-11-23T06:11:43+00:00\",\"dateModified\":\"2020-11-23T06:15:42+00:00\",\"mainEntityOfPage\":{\"@id\":\"https:\\\/\\\/congovirtuel.com\\\/information\\\/kinshasa-fosse-commune-presumee-a-nsele\\\/\"},\"wordCount\":1406,\"commentCount\":0,\"publisher\":{\"@id\":\"https:\\\/\\\/congovirtuel.com\\\/information\\\/#organization\"},\"image\":{\"@id\":\"https:\\\/\\\/congovirtuel.com\\\/information\\\/kinshasa-fosse-commune-presumee-a-nsele\\\/#primaryimage\"},\"thumbnailUrl\":\"https:\\\/\\\/congovirtuel.com\\\/information\\\/wp-content\\\/uploads\\\/2020\\\/11\\\/fosse_commune_nsele-900-x-450.jpg\",\"keywords\":[\"fosse commune nsele\"],\"articleSection\":[\"fosse commune\"],\"inLanguage\":\"fr-FR\",\"potentialAction\":[{\"@type\":\"CommentAction\",\"name\":\"Comment\",\"target\":[\"https:\\\/\\\/congovirtuel.com\\\/information\\\/kinshasa-fosse-commune-presumee-a-nsele\\\/#respond\"]}]},{\"@type\":\"WebPage\",\"@id\":\"https:\\\/\\\/congovirtuel.com\\\/information\\\/kinshasa-fosse-commune-presumee-a-nsele\\\/\",\"url\":\"https:\\\/\\\/congovirtuel.com\\\/information\\\/kinshasa-fosse-commune-presumee-a-nsele\\\/\",\"name\":\"Kinshasa: \u00ab Fosse commune \u00bb pr\u00e9sum\u00e9e \u00e0 Nsele - Actualit\u00e9s congolaises et internationales\",\"isPartOf\":{\"@id\":\"https:\\\/\\\/congovirtuel.com\\\/information\\\/#website\"},\"primaryImageOfPage\":{\"@id\":\"https:\\\/\\\/congovirtuel.com\\\/information\\\/kinshasa-fosse-commune-presumee-a-nsele\\\/#primaryimage\"},\"image\":{\"@id\":\"https:\\\/\\\/congovirtuel.com\\\/information\\\/kinshasa-fosse-commune-presumee-a-nsele\\\/#primaryimage\"},\"thumbnailUrl\":\"https:\\\/\\\/congovirtuel.com\\\/information\\\/wp-content\\\/uploads\\\/2020\\\/11\\\/fosse_commune_nsele-900-x-450.jpg\",\"datePublished\":\"2020-11-23T06:11:43+00:00\",\"dateModified\":\"2020-11-23T06:15:42+00:00\",\"breadcrumb\":{\"@id\":\"https:\\\/\\\/congovirtuel.com\\\/information\\\/kinshasa-fosse-commune-presumee-a-nsele\\\/#breadcrumb\"},\"inLanguage\":\"fr-FR\",\"potentialAction\":[{\"@type\":\"ReadAction\",\"target\":[\"https:\\\/\\\/congovirtuel.com\\\/information\\\/kinshasa-fosse-commune-presumee-a-nsele\\\/\"]}]},{\"@type\":\"ImageObject\",\"inLanguage\":\"fr-FR\",\"@id\":\"https:\\\/\\\/congovirtuel.com\\\/information\\\/kinshasa-fosse-commune-presumee-a-nsele\\\/#primaryimage\",\"url\":\"https:\\\/\\\/congovirtuel.com\\\/information\\\/wp-content\\\/uploads\\\/2020\\\/11\\\/fosse_commune_nsele-900-x-450.jpg\",\"contentUrl\":\"https:\\\/\\\/congovirtuel.com\\\/information\\\/wp-content\\\/uploads\\\/2020\\\/11\\\/fosse_commune_nsele-900-x-450.jpg\",\"width\":900,\"height\":450,\"caption\":\"fosse commune nsele\"},{\"@type\":\"BreadcrumbList\",\"@id\":\"https:\\\/\\\/congovirtuel.com\\\/information\\\/kinshasa-fosse-commune-presumee-a-nsele\\\/#breadcrumb\",\"itemListElement\":[{\"@type\":\"ListItem\",\"position\":1,\"name\":\"Accueil\",\"item\":\"https:\\\/\\\/congovirtuel.com\\\/information\\\/\"},{\"@type\":\"ListItem\",\"position\":2,\"name\":\"Kinshasa: \u00ab Fosse commune \u00bb pr\u00e9sum\u00e9e \u00e0 Nsele\"}]},{\"@type\":\"WebSite\",\"@id\":\"https:\\\/\\\/congovirtuel.com\\\/information\\\/#website\",\"url\":\"https:\\\/\\\/congovirtuel.com\\\/information\\\/\",\"name\":\"Actualit\u00e9s congolaises et internationales\",\"description\":\"site d&#039;analyse et de traitement d&#039;information\",\"publisher\":{\"@id\":\"https:\\\/\\\/congovirtuel.com\\\/information\\\/#organization\"},\"potentialAction\":[{\"@type\":\"SearchAction\",\"target\":{\"@type\":\"EntryPoint\",\"urlTemplate\":\"https:\\\/\\\/congovirtuel.com\\\/information\\\/?s={search_term_string}\"},\"query-input\":{\"@type\":\"PropertyValueSpecification\",\"valueRequired\":true,\"valueName\":\"search_term_string\"}}],\"inLanguage\":\"fr-FR\"},{\"@type\":\"Organization\",\"@id\":\"https:\\\/\\\/congovirtuel.com\\\/information\\\/#organization\",\"name\":\"Biblioth\u00e8que Virtuelle de la RDC\",\"url\":\"https:\\\/\\\/congovirtuel.com\\\/information\\\/\",\"logo\":{\"@type\":\"ImageObject\",\"inLanguage\":\"fr-FR\",\"@id\":\"https:\\\/\\\/congovirtuel.com\\\/information\\\/#\\\/schema\\\/logo\\\/image\\\/\",\"url\":\"https:\\\/\\\/congovirtuel.com\\\/information\\\/wp-content\\\/uploads\\\/2018\\\/10\\\/header-info-congovirtuel-vraie.jpg\",\"contentUrl\":\"https:\\\/\\\/congovirtuel.com\\\/information\\\/wp-content\\\/uploads\\\/2018\\\/10\\\/header-info-congovirtuel-vraie.jpg\",\"width\":728,\"height\":90,\"caption\":\"Biblioth\u00e8que Virtuelle de la RDC\"},\"image\":{\"@id\":\"https:\\\/\\\/congovirtuel.com\\\/information\\\/#\\\/schema\\\/logo\\\/image\\\/\"},\"sameAs\":[\"https:\\\/\\\/web.facebook.com\\\/Congovirtuel-763617960319601\\\/?ref=aymt_homepage_panel&amp;amp;amp;amp;amp;amp;amp;amp;amp;amp;amp;eid=ARCoxULa66767kIgF_KYav6VdjXTI4yk_LW4yoVO9s6NXpysgb7Cb65vpxcxgqzOAKvIbLQxaAETcqHT\",\"https:\\\/\\\/x.com\\\/congovirtuel\",\"https:\\\/\\\/www.youtube.com\\\/channel\\\/UCkFfprYzGgS3EWNpeMXpToQ?view_as=subscriber\"]},{\"@type\":\"Person\",\"@id\":\"https:\\\/\\\/congovirtuel.com\\\/information\\\/#\\\/schema\\\/person\\\/739a44bf7990966cb53d58d2fdeca0b6\",\"name\":\"infocongovirtuel\",\"image\":{\"@type\":\"ImageObject\",\"inLanguage\":\"fr-FR\",\"@id\":\"https:\\\/\\\/secure.gravatar.com\\\/avatar\\\/4d76991aa72469f0eb22e772586c99113c6997f88da636a9db8f2ce3a2c05e69?s=96&d=mm&r=g\",\"url\":\"https:\\\/\\\/secure.gravatar.com\\\/avatar\\\/4d76991aa72469f0eb22e772586c99113c6997f88da636a9db8f2ce3a2c05e69?s=96&d=mm&r=g\",\"contentUrl\":\"https:\\\/\\\/secure.gravatar.com\\\/avatar\\\/4d76991aa72469f0eb22e772586c99113c6997f88da636a9db8f2ce3a2c05e69?s=96&d=mm&r=g\",\"caption\":\"infocongovirtuel\"},\"url\":\"https:\\\/\\\/congovirtuel.com\\\/information\\\/author\\\/infocongovirtuel\\\/\"}]}<\/script>\n<!-- \/ Yoast SEO plugin. -->","yoast_head_json":{"title":"Kinshasa: \u00ab Fosse commune \u00bb pr\u00e9sum\u00e9e \u00e0 Nsele - Actualit\u00e9s congolaises et internationales","robots":{"index":"index","follow":"follow","max-snippet":"max-snippet:-1","max-image-preview":"max-image-preview:large","max-video-preview":"max-video-preview:-1"},"canonical":"https:\/\/congovirtuel.com\/information\/kinshasa-fosse-commune-presumee-a-nsele\/","og_locale":"fr_FR","og_type":"article","og_title":"Kinshasa: \u00ab Fosse commune \u00bb pr\u00e9sum\u00e9e \u00e0 Nsele - Actualit\u00e9s congolaises et internationales","og_description":"Des informations parcellaires font \u00e9tat de la d\u00e9couverte, samedi 21 novembre, d\u2019une fosse commune \u00e0 Nsele, agglom\u00e9ration situ\u00e9e \u00e0 une soixantaine de kilom\u00e8tres de la capitale. L\u2019annonce a \u00e9t\u00e9 faite, dimanche, par Georges Kapiamba, pr\u00e9sident de l\u2019Association Congolaise pour l\u2019Acc\u00e8s \u00e0 la Justice (ACAJ). Celui-ci a aussit\u00f4t demand\u00e9 aux autorit\u00e9s de \u00ab&nbsp;s\u00e9curiser&nbsp;\u00bb l\u2019endroit. Le moment est peut-\u00eatre venu de faire la clart\u00e9 sur toutes les fosses communes et autres \u00ab&nbsp;disparitions\u00ab&nbsp;. Pr\u00e8s de vingt-trois mois apr\u00e8s le changement intervenu au sommet de l\u2019Etat congolais, on apprend l\u2019existence d\u2019une fosse commune \u00e0&hellip;","og_url":"https:\/\/congovirtuel.com\/information\/kinshasa-fosse-commune-presumee-a-nsele\/","og_site_name":"Actualit\u00e9s congolaises et internationales","article_publisher":"https:\/\/web.facebook.com\/Congovirtuel-763617960319601\/?ref=aymt_homepage_panel&amp%3bamp%3bamp%3bamp%3bamp%3bamp%3bamp%3bamp%3bamp%3bamp%3bamp%3beid=ARCoxULa66767kIgF_KYav6VdjXTI4yk_LW4yoVO9s6NXpysgb7Cb65vpxcxgqzOAKvIbLQxaAETcqHT","article_published_time":"2020-11-23T06:11:43+00:00","article_modified_time":"2020-11-23T06:15:42+00:00","og_image":[{"width":900,"height":450,"url":"https:\/\/congovirtuel.com\/information\/wp-content\/uploads\/2020\/11\/fosse_commune_nsele-900-x-450.jpg","type":"image\/jpeg"}],"author":"infocongovirtuel","twitter_card":"summary_large_image","twitter_creator":"@congovirtuel","twitter_site":"@congovirtuel","twitter_misc":{"\u00c9crit par":"infocongovirtuel","Dur\u00e9e de lecture estim\u00e9e":"7 minutes"},"schema":{"@context":"https:\/\/schema.org","@graph":[{"@type":"Article","@id":"https:\/\/congovirtuel.com\/information\/kinshasa-fosse-commune-presumee-a-nsele\/#article","isPartOf":{"@id":"https:\/\/congovirtuel.com\/information\/kinshasa-fosse-commune-presumee-a-nsele\/"},"author":{"name":"infocongovirtuel","@id":"https:\/\/congovirtuel.com\/information\/#\/schema\/person\/739a44bf7990966cb53d58d2fdeca0b6"},"headline":"Kinshasa: \u00ab Fosse commune \u00bb pr\u00e9sum\u00e9e \u00e0 Nsele","datePublished":"2020-11-23T06:11:43+00:00","dateModified":"2020-11-23T06:15:42+00:00","mainEntityOfPage":{"@id":"https:\/\/congovirtuel.com\/information\/kinshasa-fosse-commune-presumee-a-nsele\/"},"wordCount":1406,"commentCount":0,"publisher":{"@id":"https:\/\/congovirtuel.com\/information\/#organization"},"image":{"@id":"https:\/\/congovirtuel.com\/information\/kinshasa-fosse-commune-presumee-a-nsele\/#primaryimage"},"thumbnailUrl":"https:\/\/congovirtuel.com\/information\/wp-content\/uploads\/2020\/11\/fosse_commune_nsele-900-x-450.jpg","keywords":["fosse commune nsele"],"articleSection":["fosse commune"],"inLanguage":"fr-FR","potentialAction":[{"@type":"CommentAction","name":"Comment","target":["https:\/\/congovirtuel.com\/information\/kinshasa-fosse-commune-presumee-a-nsele\/#respond"]}]},{"@type":"WebPage","@id":"https:\/\/congovirtuel.com\/information\/kinshasa-fosse-commune-presumee-a-nsele\/","url":"https:\/\/congovirtuel.com\/information\/kinshasa-fosse-commune-presumee-a-nsele\/","name":"Kinshasa: \u00ab Fosse commune \u00bb pr\u00e9sum\u00e9e \u00e0 Nsele - Actualit\u00e9s congolaises et internationales","isPartOf":{"@id":"https:\/\/congovirtuel.com\/information\/#website"},"primaryImageOfPage":{"@id":"https:\/\/congovirtuel.com\/information\/kinshasa-fosse-commune-presumee-a-nsele\/#primaryimage"},"image":{"@id":"https:\/\/congovirtuel.com\/information\/kinshasa-fosse-commune-presumee-a-nsele\/#primaryimage"},"thumbnailUrl":"https:\/\/congovirtuel.com\/information\/wp-content\/uploads\/2020\/11\/fosse_commune_nsele-900-x-450.jpg","datePublished":"2020-11-23T06:11:43+00:00","dateModified":"2020-11-23T06:15:42+00:00","breadcrumb":{"@id":"https:\/\/congovirtuel.com\/information\/kinshasa-fosse-commune-presumee-a-nsele\/#breadcrumb"},"inLanguage":"fr-FR","potentialAction":[{"@type":"ReadAction","target":["https:\/\/congovirtuel.com\/information\/kinshasa-fosse-commune-presumee-a-nsele\/"]}]},{"@type":"ImageObject","inLanguage":"fr-FR","@id":"https:\/\/congovirtuel.com\/information\/kinshasa-fosse-commune-presumee-a-nsele\/#primaryimage","url":"https:\/\/congovirtuel.com\/information\/wp-content\/uploads\/2020\/11\/fosse_commune_nsele-900-x-450.jpg","contentUrl":"https:\/\/congovirtuel.com\/information\/wp-content\/uploads\/2020\/11\/fosse_commune_nsele-900-x-450.jpg","width":900,"height":450,"caption":"fosse commune nsele"},{"@type":"BreadcrumbList","@id":"https:\/\/congovirtuel.com\/information\/kinshasa-fosse-commune-presumee-a-nsele\/#breadcrumb","itemListElement":[{"@type":"ListItem","position":1,"name":"Accueil","item":"https:\/\/congovirtuel.com\/information\/"},{"@type":"ListItem","position":2,"name":"Kinshasa: \u00ab Fosse commune \u00bb pr\u00e9sum\u00e9e \u00e0 Nsele"}]},{"@type":"WebSite","@id":"https:\/\/congovirtuel.com\/information\/#website","url":"https:\/\/congovirtuel.com\/information\/","name":"Actualit\u00e9s congolaises et internationales","description":"site d&#039;analyse et de traitement d&#039;information","publisher":{"@id":"https:\/\/congovirtuel.com\/information\/#organization"},"potentialAction":[{"@type":"SearchAction","target":{"@type":"EntryPoint","urlTemplate":"https:\/\/congovirtuel.com\/information\/?s={search_term_string}"},"query-input":{"@type":"PropertyValueSpecification","valueRequired":true,"valueName":"search_term_string"}}],"inLanguage":"fr-FR"},{"@type":"Organization","@id":"https:\/\/congovirtuel.com\/information\/#organization","name":"Biblioth\u00e8que Virtuelle de la RDC","url":"https:\/\/congovirtuel.com\/information\/","logo":{"@type":"ImageObject","inLanguage":"fr-FR","@id":"https:\/\/congovirtuel.com\/information\/#\/schema\/logo\/image\/","url":"https:\/\/congovirtuel.com\/information\/wp-content\/uploads\/2018\/10\/header-info-congovirtuel-vraie.jpg","contentUrl":"https:\/\/congovirtuel.com\/information\/wp-content\/uploads\/2018\/10\/header-info-congovirtuel-vraie.jpg","width":728,"height":90,"caption":"Biblioth\u00e8que Virtuelle de la RDC"},"image":{"@id":"https:\/\/congovirtuel.com\/information\/#\/schema\/logo\/image\/"},"sameAs":["https:\/\/web.facebook.com\/Congovirtuel-763617960319601\/?ref=aymt_homepage_panel&amp;amp;amp;amp;amp;amp;amp;amp;amp;amp;amp;eid=ARCoxULa66767kIgF_KYav6VdjXTI4yk_LW4yoVO9s6NXpysgb7Cb65vpxcxgqzOAKvIbLQxaAETcqHT","https:\/\/x.com\/congovirtuel","https:\/\/www.youtube.com\/channel\/UCkFfprYzGgS3EWNpeMXpToQ?view_as=subscriber"]},{"@type":"Person","@id":"https:\/\/congovirtuel.com\/information\/#\/schema\/person\/739a44bf7990966cb53d58d2fdeca0b6","name":"infocongovirtuel","image":{"@type":"ImageObject","inLanguage":"fr-FR","@id":"https:\/\/secure.gravatar.com\/avatar\/4d76991aa72469f0eb22e772586c99113c6997f88da636a9db8f2ce3a2c05e69?s=96&d=mm&r=g","url":"https:\/\/secure.gravatar.com\/avatar\/4d76991aa72469f0eb22e772586c99113c6997f88da636a9db8f2ce3a2c05e69?s=96&d=mm&r=g","contentUrl":"https:\/\/secure.gravatar.com\/avatar\/4d76991aa72469f0eb22e772586c99113c6997f88da636a9db8f2ce3a2c05e69?s=96&d=mm&r=g","caption":"infocongovirtuel"},"url":"https:\/\/congovirtuel.com\/information\/author\/infocongovirtuel\/"}]}},"gt_translate_keys":[{"key":"link","format":"url"}],"_links":{"self":[{"href":"https:\/\/congovirtuel.com\/information\/wp-json\/wp\/v2\/posts\/4482","targetHints":{"allow":["GET"]}}],"collection":[{"href":"https:\/\/congovirtuel.com\/information\/wp-json\/wp\/v2\/posts"}],"about":[{"href":"https:\/\/congovirtuel.com\/information\/wp-json\/wp\/v2\/types\/post"}],"author":[{"embeddable":true,"href":"https:\/\/congovirtuel.com\/information\/wp-json\/wp\/v2\/users\/1"}],"replies":[{"embeddable":true,"href":"https:\/\/congovirtuel.com\/information\/wp-json\/wp\/v2\/comments?post=4482"}],"version-history":[{"count":2,"href":"https:\/\/congovirtuel.com\/information\/wp-json\/wp\/v2\/posts\/4482\/revisions"}],"predecessor-version":[{"id":4486,"href":"https:\/\/congovirtuel.com\/information\/wp-json\/wp\/v2\/posts\/4482\/revisions\/4486"}],"wp:featuredmedia":[{"embeddable":true,"href":"https:\/\/congovirtuel.com\/information\/wp-json\/wp\/v2\/media\/4483"}],"wp:attachment":[{"href":"https:\/\/congovirtuel.com\/information\/wp-json\/wp\/v2\/media?parent=4482"}],"wp:term":[{"taxonomy":"category","embeddable":true,"href":"https:\/\/congovirtuel.com\/information\/wp-json\/wp\/v2\/categories?post=4482"},{"taxonomy":"post_tag","embeddable":true,"href":"https:\/\/congovirtuel.com\/information\/wp-json\/wp\/v2\/tags?post=4482"}],"curies":[{"name":"wp","href":"https:\/\/api.w.org\/{rel}","templated":true}]}}