{"id":4653,"date":"2020-12-02T16:06:37","date_gmt":"2020-12-02T15:06:37","guid":{"rendered":"https:\/\/congovirtuel.com\/information\/?p=4653"},"modified":"2020-12-02T16:06:48","modified_gmt":"2020-12-02T15:06:48","slug":"rdc-le-patron-de-lonu-preoccupe-par-les-tensions-au-sein-de-la-coalition-au-pouvoir","status":"publish","type":"post","link":"https:\/\/congovirtuel.com\/information\/rdc-le-patron-de-lonu-preoccupe-par-les-tensions-au-sein-de-la-coalition-au-pouvoir\/","title":{"rendered":"RDC : le patron de l&rsquo;ONU \u00ab\u00a0pr\u00e9occup\u00e9\u00a0\u00bb par les \u00ab\u00a0tensions\u00a0\u00bb au sein de la coalition au pouvoir","gt_translate_keys":[{"key":"rendered","format":"text"}]},"content":{"rendered":"\n<p class=\"wp-block-paragraph\">Le secr\u00e9taire g\u00e9n\u00e9ral des Nations unies, Antonio Guterres, s&rsquo;est d\u00e9clar\u00e9 \u00ab\u00a0<em>pr\u00e9occup\u00e9<\/em>\u00a0\u00bb par les tensions au sein de la coalition au pouvoir en R\u00e9publique d\u00e9mocratique du Congo, o\u00f9 l&rsquo;arm\u00e9e et la police ont r\u00e9it\u00e9r\u00e9 devant le chef de l&rsquo;Etat leur sermon de rester \u00ab\u00a0<em>a-politiques<\/em>\u00a0\u00bb et \u00ab\u00a0<em>r\u00e9publicaines<\/em>\u00ab\u00a0.<\/p>\n\n\n\n<p class=\"wp-block-paragraph\">\u00ab\u00a0<em>Je reste pr\u00e9occup\u00e9 par les tensions politiques au sein de la coalition au pouvoir, qui pourraient saper la fragile stabilit\u00e9 politique, inverser les progr\u00e8s r\u00e9alis\u00e9s depuis les \u00e9lections de 2018 et le transfert pacifique du pouvoir qui en r\u00e9sulte<\/em>\u00ab\u00a0, a \u00e9crit Antonio Guterres dans un rapport remis ce lundi au Conseil de s\u00e9curit\u00e9, puis obtenu par l&rsquo;AFP.<\/p>\n\n\n\n<p class=\"wp-block-paragraph\">Proclam\u00e9 vainqueur des \u00e9lections, le pr\u00e9sident F\u00e9lix Tshisekedi a \u00e9t\u00e9 investi en janvier 2019, apr\u00e8s un accord de coalition avec son pr\u00e9d\u00e9cesseur Joseph Kabila, qui a gard\u00e9 le contr\u00f4le du Parlement.<\/p>\n\n\n\n<h2 class=\"wp-block-heading\">Multiples tensions<\/h2>\n\n\n\n<p class=\"wp-block-paragraph\">Cet accord secret a permis la premi\u00e8re transition pacifique du pouvoir d&rsquo;un pr\u00e9sident \u00e0 l&rsquo;autre dans l&rsquo;histoire du Congo. Mais les tensions se sont multipli\u00e9es au sein de la coalition en moins de deux ans.<\/p>\n\n\n\n<p class=\"wp-block-paragraph\">\u00ab\u00a0<em>J&rsquo;appelle toutes les parties prenantes \u00e0 r\u00e9soudre leurs diff\u00e9rends par le dialogue, conform\u00e9ment \u00e0 la Constitution<\/em>\u00ab\u00a0, a pr\u00e9conis\u00e9 Antonio Guterres.<\/p>\n\n\n\n<p class=\"wp-block-paragraph\">Le pr\u00e9sident Tshisekedi a lanc\u00e9 le 2 novembre des \u00ab\u00a0<em>consultations politiques<\/em>\u00a0\u00bb qui ont pris fin ce mercredi. Objectif selon le chef de l&rsquo;Etat: \u00ab\u00a0<em>l&rsquo;union sacr\u00e9e<\/em>\u00a0\u00bb de la Nation.<\/p>\n\n\n\n<p class=\"wp-block-paragraph\">Tshisekedi doit d\u00e9sormais annoncer ses d\u00e9cisions d&rsquo;un jour \u00e0 l&rsquo;autre. Les dirigeants de son parti, l&rsquo;UDPS, estiment qu&rsquo;il doit \u00ab\u00a0<em>tourner la page<\/em>\u00a0\u00bb de la coalition, donc rompre avec l&rsquo;accord secret sign\u00e9 avec son pr\u00e9d\u00e9cesseur en janvier 2019.<\/p>\n\n\n\n<p class=\"wp-block-paragraph\">C&rsquo;est dans ce contexte de crise et d&rsquo;attente que le pr\u00e9sident a re\u00e7u mardi soir \u00ab\u00a0<em>pendant pr\u00e8s de quatre heures<\/em>\u00a0\u00bb une centaine de hauts-responsables de l&rsquo;appareil s\u00e9curitaire (officiers de l&rsquo;Etat-major de l&rsquo;arm\u00e9e et de la police), a indiqu\u00e9 la presse pr\u00e9sidentielle dans un communiqu\u00e9 mercredi.<\/p>\n\n\n\n<p class=\"wp-block-paragraph\">\u00ab\u00a0<em>Les forces arm\u00e9es et la police nationale congolaise rassurent votre supr\u00eame autorit\u00e9: aucune campagne de s\u00e9dition de quelque nature que ce soit ne viendra \u00e9branler notre engagement citoyen et notre d\u00e9termination \u00e0 demeurer a-politiques (&#8230;) et r\u00e9publicains<\/em>\u00ab\u00a0, a d\u00e9clar\u00e9 le porte-parole de l&rsquo;arm\u00e9e, le g\u00e9n\u00e9ral L\u00e9on Kasonga, dans une vid\u00e9o diffus\u00e9e par la pr\u00e9sidence.<\/p>\n\n\n\n<p class=\"wp-block-paragraph\">En d\u00e9but de semaine, le patron de la Garde r\u00e9publicaine a aussi enjoint ses troupes \u00e0 ne pas \u00ab\u00a0<em>comploter<\/em>\u00a0\u00bb contre le chef de l&rsquo;Etat dont ce corps d&rsquo;\u00e9lite assure la s\u00e9curit\u00e9 rapproch\u00e9e.<\/p>\n\n\n\n<p class=\"wp-block-paragraph\">RTBF<\/p>\n","protected":false,"gt_translate_keys":[{"key":"rendered","format":"html"}]},"excerpt":{"rendered":"<p>Le secr\u00e9taire g\u00e9n\u00e9ral des Nations unies, Antonio Guterres, s&rsquo;est d\u00e9clar\u00e9 \u00ab\u00a0pr\u00e9occup\u00e9\u00a0\u00bb par les tensions au sein de la coalition au pouvoir en R\u00e9publique d\u00e9mocratique du Congo, o\u00f9 l&rsquo;arm\u00e9e et la police ont r\u00e9it\u00e9r\u00e9 devant le chef de l&rsquo;Etat leur sermon de rester \u00ab\u00a0a-politiques\u00a0\u00bb et \u00ab\u00a0r\u00e9publicaines\u00ab\u00a0. \u00ab\u00a0Je reste pr\u00e9occup\u00e9 par les tensions politiques au sein de la coalition au pouvoir, qui pourraient saper la fragile stabilit\u00e9 politique, inverser les progr\u00e8s r\u00e9alis\u00e9s depuis les \u00e9lections de 2018 et le transfert pacifique du pouvoir qui en r\u00e9sulte\u00ab\u00a0, a \u00e9crit Antonio Guterres dans un&hellip;<\/p>\n","protected":false,"gt_translate_keys":[{"key":"rendered","format":"html"}]},"author":1,"featured_media":4654,"comment_status":"open","ping_status":"open","sticky":false,"template":"","format":"standard","meta":{"_crdt_document":"","footnotes":""},"categories":[758],"tags":[3914],"class_list":["post-4653","post","type-post","status-publish","format-standard","has-post-thumbnail","hentry","category-nations-unies","tag-le-patron-de-lonu-preoccupe-par-les-tensions-au-sein-de-la-coalition-au-pouvoir-en-rdc"],"gutentor_comment":0,"yoast_head":"<!-- This site is optimized with the Yoast SEO plugin v27.5 - https:\/\/yoast.com\/product\/yoast-seo-wordpress\/ -->\n<title>RDC : le patron de l&#039;ONU &quot;pr\u00e9occup\u00e9&quot; par les &quot;tensions&quot; au sein de la coalition au pouvoir - Actualit\u00e9s congolaises et internationales<\/title>\n<meta name=\"robots\" content=\"index, follow, max-snippet:-1, max-image-preview:large, max-video-preview:-1\" \/>\n<link rel=\"canonical\" href=\"https:\/\/congovirtuel.com\/information\/rdc-le-patron-de-lonu-preoccupe-par-les-tensions-au-sein-de-la-coalition-au-pouvoir\/\" \/>\n<meta property=\"og:locale\" content=\"fr_FR\" \/>\n<meta property=\"og:type\" content=\"article\" \/>\n<meta property=\"og:title\" content=\"RDC : le patron de l&#039;ONU &quot;pr\u00e9occup\u00e9&quot; par les &quot;tensions&quot; au sein de la coalition au pouvoir - Actualit\u00e9s congolaises et internationales\" \/>\n<meta property=\"og:description\" content=\"Le secr\u00e9taire g\u00e9n\u00e9ral des Nations unies, Antonio Guterres, s&rsquo;est d\u00e9clar\u00e9 \u00ab\u00a0pr\u00e9occup\u00e9\u00a0\u00bb par les tensions au sein de la coalition au pouvoir en R\u00e9publique d\u00e9mocratique du Congo, o\u00f9 l&rsquo;arm\u00e9e et la police ont r\u00e9it\u00e9r\u00e9 devant le chef de l&rsquo;Etat leur sermon de rester \u00ab\u00a0a-politiques\u00a0\u00bb et \u00ab\u00a0r\u00e9publicaines\u00ab\u00a0. \u00ab\u00a0Je reste pr\u00e9occup\u00e9 par les tensions politiques au sein de la coalition au pouvoir, qui pourraient saper la fragile stabilit\u00e9 politique, inverser les progr\u00e8s r\u00e9alis\u00e9s depuis les \u00e9lections de 2018 et le transfert pacifique du pouvoir qui en r\u00e9sulte\u00ab\u00a0, a \u00e9crit Antonio Guterres dans un&hellip;\" \/>\n<meta property=\"og:url\" content=\"https:\/\/congovirtuel.com\/information\/rdc-le-patron-de-lonu-preoccupe-par-les-tensions-au-sein-de-la-coalition-au-pouvoir\/\" \/>\n<meta property=\"og:site_name\" content=\"Actualit\u00e9s congolaises et internationales\" \/>\n<meta property=\"article:publisher\" content=\"https:\/\/web.facebook.com\/Congovirtuel-763617960319601\/?ref=aymt_homepage_panel&amp;amp%3bamp%3bamp%3bamp%3bamp%3bamp%3bamp%3bamp%3bamp%3bamp%3bamp%3beid=ARCoxULa66767kIgF_KYav6VdjXTI4yk_LW4yoVO9s6NXpysgb7Cb65vpxcxgqzOAKvIbLQxaAETcqHT\" \/>\n<meta property=\"article:published_time\" content=\"2020-12-02T15:06:37+00:00\" \/>\n<meta property=\"article:modified_time\" content=\"2020-12-02T15:06:48+00:00\" \/>\n<meta property=\"og:image\" content=\"https:\/\/congovirtuel.com\/information\/wp-content\/uploads\/2020\/12\/Felix_signe_victoire-1000-x-620.jpg\" \/>\n\t<meta property=\"og:image:width\" content=\"1000\" \/>\n\t<meta property=\"og:image:height\" content=\"620\" \/>\n\t<meta property=\"og:image:type\" content=\"image\/jpeg\" \/>\n<meta name=\"author\" content=\"infocongovirtuel\" \/>\n<meta name=\"twitter:card\" content=\"summary_large_image\" \/>\n<meta name=\"twitter:creator\" content=\"@congovirtuel\" \/>\n<meta name=\"twitter:site\" content=\"@congovirtuel\" \/>\n<meta name=\"twitter:label1\" content=\"\u00c9crit par\" \/>\n\t<meta name=\"twitter:data1\" content=\"infocongovirtuel\" \/>\n\t<meta name=\"twitter:label2\" content=\"Dur\u00e9e de lecture estim\u00e9e\" \/>\n\t<meta name=\"twitter:data2\" content=\"2 minutes\" \/>\n<script type=\"application\/ld+json\" class=\"yoast-schema-graph\">{\"@context\":\"https:\\\/\\\/schema.org\",\"@graph\":[{\"@type\":\"Article\",\"@id\":\"https:\\\/\\\/congovirtuel.com\\\/information\\\/rdc-le-patron-de-lonu-preoccupe-par-les-tensions-au-sein-de-la-coalition-au-pouvoir\\\/#article\",\"isPartOf\":{\"@id\":\"https:\\\/\\\/congovirtuel.com\\\/information\\\/rdc-le-patron-de-lonu-preoccupe-par-les-tensions-au-sein-de-la-coalition-au-pouvoir\\\/\"},\"author\":{\"name\":\"infocongovirtuel\",\"@id\":\"https:\\\/\\\/congovirtuel.com\\\/information\\\/#\\\/schema\\\/person\\\/739a44bf7990966cb53d58d2fdeca0b6\"},\"headline\":\"RDC : le patron de l&rsquo;ONU \u00ab\u00a0pr\u00e9occup\u00e9\u00a0\u00bb par les \u00ab\u00a0tensions\u00a0\u00bb au sein de la coalition au pouvoir\",\"datePublished\":\"2020-12-02T15:06:37+00:00\",\"dateModified\":\"2020-12-02T15:06:48+00:00\",\"mainEntityOfPage\":{\"@id\":\"https:\\\/\\\/congovirtuel.com\\\/information\\\/rdc-le-patron-de-lonu-preoccupe-par-les-tensions-au-sein-de-la-coalition-au-pouvoir\\\/\"},\"wordCount\":476,\"commentCount\":0,\"publisher\":{\"@id\":\"https:\\\/\\\/congovirtuel.com\\\/information\\\/#organization\"},\"image\":{\"@id\":\"https:\\\/\\\/congovirtuel.com\\\/information\\\/rdc-le-patron-de-lonu-preoccupe-par-les-tensions-au-sein-de-la-coalition-au-pouvoir\\\/#primaryimage\"},\"thumbnailUrl\":\"https:\\\/\\\/congovirtuel.com\\\/information\\\/wp-content\\\/uploads\\\/2020\\\/12\\\/Felix_signe_victoire-1000-x-620.jpg\",\"keywords\":[\"le patron de l&#039;ONU &quot;pr\u00e9occup\u00e9&quot; par les &quot;tensions&quot; au sein de la coalition au pouvoir en RDC\"],\"articleSection\":[\"Nations-Unies\"],\"inLanguage\":\"fr-FR\",\"potentialAction\":[{\"@type\":\"CommentAction\",\"name\":\"Comment\",\"target\":[\"https:\\\/\\\/congovirtuel.com\\\/information\\\/rdc-le-patron-de-lonu-preoccupe-par-les-tensions-au-sein-de-la-coalition-au-pouvoir\\\/#respond\"]}]},{\"@type\":\"WebPage\",\"@id\":\"https:\\\/\\\/congovirtuel.com\\\/information\\\/rdc-le-patron-de-lonu-preoccupe-par-les-tensions-au-sein-de-la-coalition-au-pouvoir\\\/\",\"url\":\"https:\\\/\\\/congovirtuel.com\\\/information\\\/rdc-le-patron-de-lonu-preoccupe-par-les-tensions-au-sein-de-la-coalition-au-pouvoir\\\/\",\"name\":\"RDC : le patron de l'ONU \\\"pr\u00e9occup\u00e9\\\" par les \\\"tensions\\\" au sein de la coalition au pouvoir - Actualit\u00e9s congolaises et internationales\",\"isPartOf\":{\"@id\":\"https:\\\/\\\/congovirtuel.com\\\/information\\\/#website\"},\"primaryImageOfPage\":{\"@id\":\"https:\\\/\\\/congovirtuel.com\\\/information\\\/rdc-le-patron-de-lonu-preoccupe-par-les-tensions-au-sein-de-la-coalition-au-pouvoir\\\/#primaryimage\"},\"image\":{\"@id\":\"https:\\\/\\\/congovirtuel.com\\\/information\\\/rdc-le-patron-de-lonu-preoccupe-par-les-tensions-au-sein-de-la-coalition-au-pouvoir\\\/#primaryimage\"},\"thumbnailUrl\":\"https:\\\/\\\/congovirtuel.com\\\/information\\\/wp-content\\\/uploads\\\/2020\\\/12\\\/Felix_signe_victoire-1000-x-620.jpg\",\"datePublished\":\"2020-12-02T15:06:37+00:00\",\"dateModified\":\"2020-12-02T15:06:48+00:00\",\"breadcrumb\":{\"@id\":\"https:\\\/\\\/congovirtuel.com\\\/information\\\/rdc-le-patron-de-lonu-preoccupe-par-les-tensions-au-sein-de-la-coalition-au-pouvoir\\\/#breadcrumb\"},\"inLanguage\":\"fr-FR\",\"potentialAction\":[{\"@type\":\"ReadAction\",\"target\":[\"https:\\\/\\\/congovirtuel.com\\\/information\\\/rdc-le-patron-de-lonu-preoccupe-par-les-tensions-au-sein-de-la-coalition-au-pouvoir\\\/\"]}]},{\"@type\":\"ImageObject\",\"inLanguage\":\"fr-FR\",\"@id\":\"https:\\\/\\\/congovirtuel.com\\\/information\\\/rdc-le-patron-de-lonu-preoccupe-par-les-tensions-au-sein-de-la-coalition-au-pouvoir\\\/#primaryimage\",\"url\":\"https:\\\/\\\/congovirtuel.com\\\/information\\\/wp-content\\\/uploads\\\/2020\\\/12\\\/Felix_signe_victoire-1000-x-620.jpg\",\"contentUrl\":\"https:\\\/\\\/congovirtuel.com\\\/information\\\/wp-content\\\/uploads\\\/2020\\\/12\\\/Felix_signe_victoire-1000-x-620.jpg\",\"width\":1000,\"height\":620},{\"@type\":\"BreadcrumbList\",\"@id\":\"https:\\\/\\\/congovirtuel.com\\\/information\\\/rdc-le-patron-de-lonu-preoccupe-par-les-tensions-au-sein-de-la-coalition-au-pouvoir\\\/#breadcrumb\",\"itemListElement\":[{\"@type\":\"ListItem\",\"position\":1,\"name\":\"Accueil\",\"item\":\"https:\\\/\\\/congovirtuel.com\\\/information\\\/\"},{\"@type\":\"ListItem\",\"position\":2,\"name\":\"RDC : le patron de l&rsquo;ONU \u00ab\u00a0pr\u00e9occup\u00e9\u00a0\u00bb par les \u00ab\u00a0tensions\u00a0\u00bb au sein de la coalition au pouvoir\"}]},{\"@type\":\"WebSite\",\"@id\":\"https:\\\/\\\/congovirtuel.com\\\/information\\\/#website\",\"url\":\"https:\\\/\\\/congovirtuel.com\\\/information\\\/\",\"name\":\"Actualit\u00e9s congolaises et internationales\",\"description\":\"site d&#039;analyse et de traitement d&#039;information\",\"publisher\":{\"@id\":\"https:\\\/\\\/congovirtuel.com\\\/information\\\/#organization\"},\"potentialAction\":[{\"@type\":\"SearchAction\",\"target\":{\"@type\":\"EntryPoint\",\"urlTemplate\":\"https:\\\/\\\/congovirtuel.com\\\/information\\\/?s={search_term_string}\"},\"query-input\":{\"@type\":\"PropertyValueSpecification\",\"valueRequired\":true,\"valueName\":\"search_term_string\"}}],\"inLanguage\":\"fr-FR\"},{\"@type\":\"Organization\",\"@id\":\"https:\\\/\\\/congovirtuel.com\\\/information\\\/#organization\",\"name\":\"Biblioth\u00e8que Virtuelle de la RDC\",\"url\":\"https:\\\/\\\/congovirtuel.com\\\/information\\\/\",\"logo\":{\"@type\":\"ImageObject\",\"inLanguage\":\"fr-FR\",\"@id\":\"https:\\\/\\\/congovirtuel.com\\\/information\\\/#\\\/schema\\\/logo\\\/image\\\/\",\"url\":\"https:\\\/\\\/congovirtuel.com\\\/information\\\/wp-content\\\/uploads\\\/2018\\\/10\\\/header-info-congovirtuel-vraie.jpg\",\"contentUrl\":\"https:\\\/\\\/congovirtuel.com\\\/information\\\/wp-content\\\/uploads\\\/2018\\\/10\\\/header-info-congovirtuel-vraie.jpg\",\"width\":728,\"height\":90,\"caption\":\"Biblioth\u00e8que Virtuelle de la RDC\"},\"image\":{\"@id\":\"https:\\\/\\\/congovirtuel.com\\\/information\\\/#\\\/schema\\\/logo\\\/image\\\/\"},\"sameAs\":[\"https:\\\/\\\/web.facebook.com\\\/Congovirtuel-763617960319601\\\/?ref=aymt_homepage_panel&amp;amp;amp;amp;amp;amp;amp;amp;amp;amp;amp;eid=ARCoxULa66767kIgF_KYav6VdjXTI4yk_LW4yoVO9s6NXpysgb7Cb65vpxcxgqzOAKvIbLQxaAETcqHT\",\"https:\\\/\\\/x.com\\\/congovirtuel\",\"https:\\\/\\\/www.youtube.com\\\/channel\\\/UCkFfprYzGgS3EWNpeMXpToQ?view_as=subscriber\"]},{\"@type\":\"Person\",\"@id\":\"https:\\\/\\\/congovirtuel.com\\\/information\\\/#\\\/schema\\\/person\\\/739a44bf7990966cb53d58d2fdeca0b6\",\"name\":\"infocongovirtuel\",\"image\":{\"@type\":\"ImageObject\",\"inLanguage\":\"fr-FR\",\"@id\":\"https:\\\/\\\/secure.gravatar.com\\\/avatar\\\/4d76991aa72469f0eb22e772586c99113c6997f88da636a9db8f2ce3a2c05e69?s=96&d=mm&r=g\",\"url\":\"https:\\\/\\\/secure.gravatar.com\\\/avatar\\\/4d76991aa72469f0eb22e772586c99113c6997f88da636a9db8f2ce3a2c05e69?s=96&d=mm&r=g\",\"contentUrl\":\"https:\\\/\\\/secure.gravatar.com\\\/avatar\\\/4d76991aa72469f0eb22e772586c99113c6997f88da636a9db8f2ce3a2c05e69?s=96&d=mm&r=g\",\"caption\":\"infocongovirtuel\"},\"url\":\"https:\\\/\\\/congovirtuel.com\\\/information\\\/author\\\/infocongovirtuel\\\/\"}]}<\/script>\n<!-- \/ Yoast SEO plugin. -->","yoast_head_json":{"title":"RDC : le patron de l'ONU \"pr\u00e9occup\u00e9\" par les \"tensions\" au sein de la coalition au pouvoir - Actualit\u00e9s congolaises et internationales","robots":{"index":"index","follow":"follow","max-snippet":"max-snippet:-1","max-image-preview":"max-image-preview:large","max-video-preview":"max-video-preview:-1"},"canonical":"https:\/\/congovirtuel.com\/information\/rdc-le-patron-de-lonu-preoccupe-par-les-tensions-au-sein-de-la-coalition-au-pouvoir\/","og_locale":"fr_FR","og_type":"article","og_title":"RDC : le patron de l'ONU \"pr\u00e9occup\u00e9\" par les \"tensions\" au sein de la coalition au pouvoir - Actualit\u00e9s congolaises et internationales","og_description":"Le secr\u00e9taire g\u00e9n\u00e9ral des Nations unies, Antonio Guterres, s&rsquo;est d\u00e9clar\u00e9 \u00ab\u00a0pr\u00e9occup\u00e9\u00a0\u00bb par les tensions au sein de la coalition au pouvoir en R\u00e9publique d\u00e9mocratique du Congo, o\u00f9 l&rsquo;arm\u00e9e et la police ont r\u00e9it\u00e9r\u00e9 devant le chef de l&rsquo;Etat leur sermon de rester \u00ab\u00a0a-politiques\u00a0\u00bb et \u00ab\u00a0r\u00e9publicaines\u00ab\u00a0. \u00ab\u00a0Je reste pr\u00e9occup\u00e9 par les tensions politiques au sein de la coalition au pouvoir, qui pourraient saper la fragile stabilit\u00e9 politique, inverser les progr\u00e8s r\u00e9alis\u00e9s depuis les \u00e9lections de 2018 et le transfert pacifique du pouvoir qui en r\u00e9sulte\u00ab\u00a0, a \u00e9crit Antonio Guterres dans un&hellip;","og_url":"https:\/\/congovirtuel.com\/information\/rdc-le-patron-de-lonu-preoccupe-par-les-tensions-au-sein-de-la-coalition-au-pouvoir\/","og_site_name":"Actualit\u00e9s congolaises et internationales","article_publisher":"https:\/\/web.facebook.com\/Congovirtuel-763617960319601\/?ref=aymt_homepage_panel&amp%3bamp%3bamp%3bamp%3bamp%3bamp%3bamp%3bamp%3bamp%3bamp%3bamp%3beid=ARCoxULa66767kIgF_KYav6VdjXTI4yk_LW4yoVO9s6NXpysgb7Cb65vpxcxgqzOAKvIbLQxaAETcqHT","article_published_time":"2020-12-02T15:06:37+00:00","article_modified_time":"2020-12-02T15:06:48+00:00","og_image":[{"width":1000,"height":620,"url":"https:\/\/congovirtuel.com\/information\/wp-content\/uploads\/2020\/12\/Felix_signe_victoire-1000-x-620.jpg","type":"image\/jpeg"}],"author":"infocongovirtuel","twitter_card":"summary_large_image","twitter_creator":"@congovirtuel","twitter_site":"@congovirtuel","twitter_misc":{"\u00c9crit par":"infocongovirtuel","Dur\u00e9e de lecture estim\u00e9e":"2 minutes"},"schema":{"@context":"https:\/\/schema.org","@graph":[{"@type":"Article","@id":"https:\/\/congovirtuel.com\/information\/rdc-le-patron-de-lonu-preoccupe-par-les-tensions-au-sein-de-la-coalition-au-pouvoir\/#article","isPartOf":{"@id":"https:\/\/congovirtuel.com\/information\/rdc-le-patron-de-lonu-preoccupe-par-les-tensions-au-sein-de-la-coalition-au-pouvoir\/"},"author":{"name":"infocongovirtuel","@id":"https:\/\/congovirtuel.com\/information\/#\/schema\/person\/739a44bf7990966cb53d58d2fdeca0b6"},"headline":"RDC : le patron de l&rsquo;ONU \u00ab\u00a0pr\u00e9occup\u00e9\u00a0\u00bb par les \u00ab\u00a0tensions\u00a0\u00bb au sein de la coalition au pouvoir","datePublished":"2020-12-02T15:06:37+00:00","dateModified":"2020-12-02T15:06:48+00:00","mainEntityOfPage":{"@id":"https:\/\/congovirtuel.com\/information\/rdc-le-patron-de-lonu-preoccupe-par-les-tensions-au-sein-de-la-coalition-au-pouvoir\/"},"wordCount":476,"commentCount":0,"publisher":{"@id":"https:\/\/congovirtuel.com\/information\/#organization"},"image":{"@id":"https:\/\/congovirtuel.com\/information\/rdc-le-patron-de-lonu-preoccupe-par-les-tensions-au-sein-de-la-coalition-au-pouvoir\/#primaryimage"},"thumbnailUrl":"https:\/\/congovirtuel.com\/information\/wp-content\/uploads\/2020\/12\/Felix_signe_victoire-1000-x-620.jpg","keywords":["le patron de l&#039;ONU &quot;pr\u00e9occup\u00e9&quot; par les &quot;tensions&quot; au sein de la coalition au pouvoir en RDC"],"articleSection":["Nations-Unies"],"inLanguage":"fr-FR","potentialAction":[{"@type":"CommentAction","name":"Comment","target":["https:\/\/congovirtuel.com\/information\/rdc-le-patron-de-lonu-preoccupe-par-les-tensions-au-sein-de-la-coalition-au-pouvoir\/#respond"]}]},{"@type":"WebPage","@id":"https:\/\/congovirtuel.com\/information\/rdc-le-patron-de-lonu-preoccupe-par-les-tensions-au-sein-de-la-coalition-au-pouvoir\/","url":"https:\/\/congovirtuel.com\/information\/rdc-le-patron-de-lonu-preoccupe-par-les-tensions-au-sein-de-la-coalition-au-pouvoir\/","name":"RDC : le patron de l'ONU \"pr\u00e9occup\u00e9\" par les \"tensions\" au sein de la coalition au pouvoir - Actualit\u00e9s congolaises et internationales","isPartOf":{"@id":"https:\/\/congovirtuel.com\/information\/#website"},"primaryImageOfPage":{"@id":"https:\/\/congovirtuel.com\/information\/rdc-le-patron-de-lonu-preoccupe-par-les-tensions-au-sein-de-la-coalition-au-pouvoir\/#primaryimage"},"image":{"@id":"https:\/\/congovirtuel.com\/information\/rdc-le-patron-de-lonu-preoccupe-par-les-tensions-au-sein-de-la-coalition-au-pouvoir\/#primaryimage"},"thumbnailUrl":"https:\/\/congovirtuel.com\/information\/wp-content\/uploads\/2020\/12\/Felix_signe_victoire-1000-x-620.jpg","datePublished":"2020-12-02T15:06:37+00:00","dateModified":"2020-12-02T15:06:48+00:00","breadcrumb":{"@id":"https:\/\/congovirtuel.com\/information\/rdc-le-patron-de-lonu-preoccupe-par-les-tensions-au-sein-de-la-coalition-au-pouvoir\/#breadcrumb"},"inLanguage":"fr-FR","potentialAction":[{"@type":"ReadAction","target":["https:\/\/congovirtuel.com\/information\/rdc-le-patron-de-lonu-preoccupe-par-les-tensions-au-sein-de-la-coalition-au-pouvoir\/"]}]},{"@type":"ImageObject","inLanguage":"fr-FR","@id":"https:\/\/congovirtuel.com\/information\/rdc-le-patron-de-lonu-preoccupe-par-les-tensions-au-sein-de-la-coalition-au-pouvoir\/#primaryimage","url":"https:\/\/congovirtuel.com\/information\/wp-content\/uploads\/2020\/12\/Felix_signe_victoire-1000-x-620.jpg","contentUrl":"https:\/\/congovirtuel.com\/information\/wp-content\/uploads\/2020\/12\/Felix_signe_victoire-1000-x-620.jpg","width":1000,"height":620},{"@type":"BreadcrumbList","@id":"https:\/\/congovirtuel.com\/information\/rdc-le-patron-de-lonu-preoccupe-par-les-tensions-au-sein-de-la-coalition-au-pouvoir\/#breadcrumb","itemListElement":[{"@type":"ListItem","position":1,"name":"Accueil","item":"https:\/\/congovirtuel.com\/information\/"},{"@type":"ListItem","position":2,"name":"RDC : le patron de l&rsquo;ONU \u00ab\u00a0pr\u00e9occup\u00e9\u00a0\u00bb par les \u00ab\u00a0tensions\u00a0\u00bb au sein de la coalition au pouvoir"}]},{"@type":"WebSite","@id":"https:\/\/congovirtuel.com\/information\/#website","url":"https:\/\/congovirtuel.com\/information\/","name":"Actualit\u00e9s congolaises et internationales","description":"site d&#039;analyse et de traitement d&#039;information","publisher":{"@id":"https:\/\/congovirtuel.com\/information\/#organization"},"potentialAction":[{"@type":"SearchAction","target":{"@type":"EntryPoint","urlTemplate":"https:\/\/congovirtuel.com\/information\/?s={search_term_string}"},"query-input":{"@type":"PropertyValueSpecification","valueRequired":true,"valueName":"search_term_string"}}],"inLanguage":"fr-FR"},{"@type":"Organization","@id":"https:\/\/congovirtuel.com\/information\/#organization","name":"Biblioth\u00e8que Virtuelle de la RDC","url":"https:\/\/congovirtuel.com\/information\/","logo":{"@type":"ImageObject","inLanguage":"fr-FR","@id":"https:\/\/congovirtuel.com\/information\/#\/schema\/logo\/image\/","url":"https:\/\/congovirtuel.com\/information\/wp-content\/uploads\/2018\/10\/header-info-congovirtuel-vraie.jpg","contentUrl":"https:\/\/congovirtuel.com\/information\/wp-content\/uploads\/2018\/10\/header-info-congovirtuel-vraie.jpg","width":728,"height":90,"caption":"Biblioth\u00e8que Virtuelle de la RDC"},"image":{"@id":"https:\/\/congovirtuel.com\/information\/#\/schema\/logo\/image\/"},"sameAs":["https:\/\/web.facebook.com\/Congovirtuel-763617960319601\/?ref=aymt_homepage_panel&amp;amp;amp;amp;amp;amp;amp;amp;amp;amp;amp;eid=ARCoxULa66767kIgF_KYav6VdjXTI4yk_LW4yoVO9s6NXpysgb7Cb65vpxcxgqzOAKvIbLQxaAETcqHT","https:\/\/x.com\/congovirtuel","https:\/\/www.youtube.com\/channel\/UCkFfprYzGgS3EWNpeMXpToQ?view_as=subscriber"]},{"@type":"Person","@id":"https:\/\/congovirtuel.com\/information\/#\/schema\/person\/739a44bf7990966cb53d58d2fdeca0b6","name":"infocongovirtuel","image":{"@type":"ImageObject","inLanguage":"fr-FR","@id":"https:\/\/secure.gravatar.com\/avatar\/4d76991aa72469f0eb22e772586c99113c6997f88da636a9db8f2ce3a2c05e69?s=96&d=mm&r=g","url":"https:\/\/secure.gravatar.com\/avatar\/4d76991aa72469f0eb22e772586c99113c6997f88da636a9db8f2ce3a2c05e69?s=96&d=mm&r=g","contentUrl":"https:\/\/secure.gravatar.com\/avatar\/4d76991aa72469f0eb22e772586c99113c6997f88da636a9db8f2ce3a2c05e69?s=96&d=mm&r=g","caption":"infocongovirtuel"},"url":"https:\/\/congovirtuel.com\/information\/author\/infocongovirtuel\/"}]}},"gt_translate_keys":[{"key":"link","format":"url"}],"_links":{"self":[{"href":"https:\/\/congovirtuel.com\/information\/wp-json\/wp\/v2\/posts\/4653","targetHints":{"allow":["GET"]}}],"collection":[{"href":"https:\/\/congovirtuel.com\/information\/wp-json\/wp\/v2\/posts"}],"about":[{"href":"https:\/\/congovirtuel.com\/information\/wp-json\/wp\/v2\/types\/post"}],"author":[{"embeddable":true,"href":"https:\/\/congovirtuel.com\/information\/wp-json\/wp\/v2\/users\/1"}],"replies":[{"embeddable":true,"href":"https:\/\/congovirtuel.com\/information\/wp-json\/wp\/v2\/comments?post=4653"}],"version-history":[{"count":1,"href":"https:\/\/congovirtuel.com\/information\/wp-json\/wp\/v2\/posts\/4653\/revisions"}],"predecessor-version":[{"id":4655,"href":"https:\/\/congovirtuel.com\/information\/wp-json\/wp\/v2\/posts\/4653\/revisions\/4655"}],"wp:featuredmedia":[{"embeddable":true,"href":"https:\/\/congovirtuel.com\/information\/wp-json\/wp\/v2\/media\/4654"}],"wp:attachment":[{"href":"https:\/\/congovirtuel.com\/information\/wp-json\/wp\/v2\/media?parent=4653"}],"wp:term":[{"taxonomy":"category","embeddable":true,"href":"https:\/\/congovirtuel.com\/information\/wp-json\/wp\/v2\/categories?post=4653"},{"taxonomy":"post_tag","embeddable":true,"href":"https:\/\/congovirtuel.com\/information\/wp-json\/wp\/v2\/tags?post=4653"}],"curies":[{"name":"wp","href":"https:\/\/api.w.org\/{rel}","templated":true}]}}