{"id":4676,"date":"2020-12-03T17:16:27","date_gmt":"2020-12-03T16:16:27","guid":{"rendered":"https:\/\/congovirtuel.com\/information\/?p=4676"},"modified":"2020-12-03T17:16:37","modified_gmt":"2020-12-03T16:16:37","slug":"la-namibie-frappee-de-secheresse-met-en-vente-170-elephants","status":"publish","type":"post","link":"https:\/\/congovirtuel.com\/information\/la-namibie-frappee-de-secheresse-met-en-vente-170-elephants\/","title":{"rendered":"La Namibie, frapp\u00e9e de s\u00e9cheresse, met en vente 170 \u00e9l\u00e9phants","gt_translate_keys":[{"key":"rendered","format":"text"}]},"content":{"rendered":"\n<p class=\"wp-block-paragraph\">La Namibie, en proie \u00e0 la s\u00e9cheresse, a mis en vente 170 \u00e9l\u00e9phants vivants pour restreindre leur nombre sur son territoire, en raison notamment des conflits croissants entre les humains et les animaux de cette esp\u00e8ce menac\u00e9e que la pression internationale emp\u00eache d&rsquo;abattre.<\/p>\n\n\n\n<p class=\"wp-block-paragraph\">Un encart publicitaire paru mercredi dans le quotidien gouvernemental New Era a propos\u00e9 170 \u00e9l\u00e9phants \u00ab\u00a0<em>de grande valeur<\/em>\u00a0\u00bb \u00e0 la vente et appel\u00e9 les acheteurs nationaux et internationaux \u00e0 se manifester.<\/p>\n\n\n\n<p class=\"wp-block-paragraph\">Pays semi-aride et peu peupl\u00e9 d&rsquo;Afrique australe, la Namibie abrite quelque 28.000 pachydermes, selon son ministre de l&rsquo;Environnement Pohamba Shifeta. Le gouvernement a choisi de vendre des \u00e9l\u00e9phants vivants pour plusieurs raisons, en particulier leur nombre croissant, a-t-il expliqu\u00e9 \u00e0 l&rsquo;AFP.<\/p>\n\n\n\n<p class=\"wp-block-paragraph\">\u00ab\u00a0<em>Certains pays se sont plaints de ce que la Namibie abattait les \u00e9l\u00e9phants m\u00e2les<\/em>\u00ab\u00a0, a-t-il dit. \u00ab\u00a0<em>A la place, nous avons d\u00e9cid\u00e9, apr\u00e8s avoir effectu\u00e9 des recherches, de les vendre.<\/em>\u00ab\u00a0<\/p>\n\n\n\n<p class=\"wp-block-paragraph\">Selon l&rsquo;encart publicitaire, des troupeaux entiers seront captur\u00e9s afin de ne pas laisser des petits ou jeunes animaux abandonn\u00e9s. M. Shifeta a averti que la Namibie ne comptait aucunement vendre ces \u00e9l\u00e9phants de mani\u00e8re inconsid\u00e9r\u00e9e. \u00ab\u00a0<em>Nous devons \u00eatre certains que le pays soit propice<\/em>\u00a0\u00bb pour les accueillir, a-t-il dit.<\/p>\n\n\n\n<p class=\"wp-block-paragraph\">Pour exporter ces animaux, les acheteurs devront s&rsquo;assurer que les exigences de la CITES (Convention sur le commerce international des esp\u00e8ces de faune et de flore sauvages menac\u00e9es d&rsquo;extinction) soient remplies tant dans le pays d&rsquo;exportation que dans celui d&rsquo;importation afin que la transaction soit autoris\u00e9e, selon l&rsquo;encart.<\/p>\n\n\n\n<p class=\"wp-block-paragraph\">RTBF<\/p>\n\n\n\n<p class=\"wp-block-paragraph\"><\/p>\n","protected":false,"gt_translate_keys":[{"key":"rendered","format":"html"}]},"excerpt":{"rendered":"<p>La Namibie, en proie \u00e0 la s\u00e9cheresse, a mis en vente 170 \u00e9l\u00e9phants vivants pour restreindre leur nombre sur son territoire, en raison notamment des conflits croissants entre les humains et les animaux de cette esp\u00e8ce menac\u00e9e que la pression internationale emp\u00eache d&rsquo;abattre. Un encart publicitaire paru mercredi dans le quotidien gouvernemental New Era a propos\u00e9 170 \u00e9l\u00e9phants \u00ab\u00a0de grande valeur\u00a0\u00bb \u00e0 la vente et appel\u00e9 les acheteurs nationaux et internationaux \u00e0 se manifester. Pays semi-aride et peu peupl\u00e9 d&rsquo;Afrique australe, la Namibie abrite quelque 28.000 pachydermes, selon son ministre&hellip;<\/p>\n","protected":false,"gt_translate_keys":[{"key":"rendered","format":"html"}]},"author":1,"featured_media":4677,"comment_status":"open","ping_status":"open","sticky":false,"template":"","format":"standard","meta":{"_crdt_document":"","footnotes":""},"categories":[2539],"tags":[3929],"class_list":["post-4676","post","type-post","status-publish","format-standard","has-post-thumbnail","hentry","category-environnement","tag-namibie-secheresse-vend-elephant"],"gutentor_comment":0,"yoast_head":"<!-- This site is optimized with the Yoast SEO plugin v27.5 - https:\/\/yoast.com\/product\/yoast-seo-wordpress\/ -->\n<title>La Namibie, frapp\u00e9e de s\u00e9cheresse, met en vente 170 \u00e9l\u00e9phants - Actualit\u00e9s congolaises et internationales<\/title>\n<meta name=\"robots\" content=\"index, follow, max-snippet:-1, max-image-preview:large, max-video-preview:-1\" \/>\n<link rel=\"canonical\" href=\"https:\/\/congovirtuel.com\/information\/la-namibie-frappee-de-secheresse-met-en-vente-170-elephants\/\" \/>\n<meta property=\"og:locale\" content=\"fr_FR\" \/>\n<meta property=\"og:type\" content=\"article\" \/>\n<meta property=\"og:title\" content=\"La Namibie, frapp\u00e9e de s\u00e9cheresse, met en vente 170 \u00e9l\u00e9phants - Actualit\u00e9s congolaises et internationales\" \/>\n<meta property=\"og:description\" content=\"La Namibie, en proie \u00e0 la s\u00e9cheresse, a mis en vente 170 \u00e9l\u00e9phants vivants pour restreindre leur nombre sur son territoire, en raison notamment des conflits croissants entre les humains et les animaux de cette esp\u00e8ce menac\u00e9e que la pression internationale emp\u00eache d&rsquo;abattre. Un encart publicitaire paru mercredi dans le quotidien gouvernemental New Era a propos\u00e9 170 \u00e9l\u00e9phants \u00ab\u00a0de grande valeur\u00a0\u00bb \u00e0 la vente et appel\u00e9 les acheteurs nationaux et internationaux \u00e0 se manifester. Pays semi-aride et peu peupl\u00e9 d&rsquo;Afrique australe, la Namibie abrite quelque 28.000 pachydermes, selon son ministre&hellip;\" \/>\n<meta property=\"og:url\" content=\"https:\/\/congovirtuel.com\/information\/la-namibie-frappee-de-secheresse-met-en-vente-170-elephants\/\" \/>\n<meta property=\"og:site_name\" content=\"Actualit\u00e9s congolaises et internationales\" \/>\n<meta property=\"article:publisher\" content=\"https:\/\/web.facebook.com\/Congovirtuel-763617960319601\/?ref=aymt_homepage_panel&amp;amp%3bamp%3bamp%3bamp%3bamp%3bamp%3bamp%3bamp%3bamp%3bamp%3bamp%3beid=ARCoxULa66767kIgF_KYav6VdjXTI4yk_LW4yoVO9s6NXpysgb7Cb65vpxcxgqzOAKvIbLQxaAETcqHT\" \/>\n<meta property=\"article:published_time\" content=\"2020-12-03T16:16:27+00:00\" \/>\n<meta property=\"article:modified_time\" content=\"2020-12-03T16:16:37+00:00\" \/>\n<meta property=\"og:image\" content=\"https:\/\/congovirtuel.com\/information\/wp-content\/uploads\/2020\/12\/elephant6.jpg\" \/>\n\t<meta property=\"og:image:width\" content=\"1248\" \/>\n\t<meta property=\"og:image:height\" content=\"701\" \/>\n\t<meta property=\"og:image:type\" content=\"image\/jpeg\" \/>\n<meta name=\"author\" content=\"infocongovirtuel\" \/>\n<meta name=\"twitter:card\" content=\"summary_large_image\" \/>\n<meta name=\"twitter:creator\" content=\"@congovirtuel\" \/>\n<meta name=\"twitter:site\" content=\"@congovirtuel\" \/>\n<meta name=\"twitter:label1\" content=\"\u00c9crit par\" \/>\n\t<meta name=\"twitter:data1\" content=\"infocongovirtuel\" \/>\n\t<meta name=\"twitter:label2\" content=\"Dur\u00e9e de lecture estim\u00e9e\" \/>\n\t<meta name=\"twitter:data2\" content=\"1 minute\" \/>\n<script type=\"application\/ld+json\" class=\"yoast-schema-graph\">{\"@context\":\"https:\\\/\\\/schema.org\",\"@graph\":[{\"@type\":\"Article\",\"@id\":\"https:\\\/\\\/congovirtuel.com\\\/information\\\/la-namibie-frappee-de-secheresse-met-en-vente-170-elephants\\\/#article\",\"isPartOf\":{\"@id\":\"https:\\\/\\\/congovirtuel.com\\\/information\\\/la-namibie-frappee-de-secheresse-met-en-vente-170-elephants\\\/\"},\"author\":{\"name\":\"infocongovirtuel\",\"@id\":\"https:\\\/\\\/congovirtuel.com\\\/information\\\/#\\\/schema\\\/person\\\/739a44bf7990966cb53d58d2fdeca0b6\"},\"headline\":\"La Namibie, frapp\u00e9e de s\u00e9cheresse, met en vente 170 \u00e9l\u00e9phants\",\"datePublished\":\"2020-12-03T16:16:27+00:00\",\"dateModified\":\"2020-12-03T16:16:37+00:00\",\"mainEntityOfPage\":{\"@id\":\"https:\\\/\\\/congovirtuel.com\\\/information\\\/la-namibie-frappee-de-secheresse-met-en-vente-170-elephants\\\/\"},\"wordCount\":278,\"commentCount\":0,\"publisher\":{\"@id\":\"https:\\\/\\\/congovirtuel.com\\\/information\\\/#organization\"},\"image\":{\"@id\":\"https:\\\/\\\/congovirtuel.com\\\/information\\\/la-namibie-frappee-de-secheresse-met-en-vente-170-elephants\\\/#primaryimage\"},\"thumbnailUrl\":\"https:\\\/\\\/congovirtuel.com\\\/information\\\/wp-content\\\/uploads\\\/2020\\\/12\\\/elephant6.jpg\",\"keywords\":[\"Namibie secheresse vend elephant\"],\"articleSection\":[\"Environnement\"],\"inLanguage\":\"fr-FR\",\"potentialAction\":[{\"@type\":\"CommentAction\",\"name\":\"Comment\",\"target\":[\"https:\\\/\\\/congovirtuel.com\\\/information\\\/la-namibie-frappee-de-secheresse-met-en-vente-170-elephants\\\/#respond\"]}]},{\"@type\":\"WebPage\",\"@id\":\"https:\\\/\\\/congovirtuel.com\\\/information\\\/la-namibie-frappee-de-secheresse-met-en-vente-170-elephants\\\/\",\"url\":\"https:\\\/\\\/congovirtuel.com\\\/information\\\/la-namibie-frappee-de-secheresse-met-en-vente-170-elephants\\\/\",\"name\":\"La Namibie, frapp\u00e9e de s\u00e9cheresse, met en vente 170 \u00e9l\u00e9phants - Actualit\u00e9s congolaises et internationales\",\"isPartOf\":{\"@id\":\"https:\\\/\\\/congovirtuel.com\\\/information\\\/#website\"},\"primaryImageOfPage\":{\"@id\":\"https:\\\/\\\/congovirtuel.com\\\/information\\\/la-namibie-frappee-de-secheresse-met-en-vente-170-elephants\\\/#primaryimage\"},\"image\":{\"@id\":\"https:\\\/\\\/congovirtuel.com\\\/information\\\/la-namibie-frappee-de-secheresse-met-en-vente-170-elephants\\\/#primaryimage\"},\"thumbnailUrl\":\"https:\\\/\\\/congovirtuel.com\\\/information\\\/wp-content\\\/uploads\\\/2020\\\/12\\\/elephant6.jpg\",\"datePublished\":\"2020-12-03T16:16:27+00:00\",\"dateModified\":\"2020-12-03T16:16:37+00:00\",\"breadcrumb\":{\"@id\":\"https:\\\/\\\/congovirtuel.com\\\/information\\\/la-namibie-frappee-de-secheresse-met-en-vente-170-elephants\\\/#breadcrumb\"},\"inLanguage\":\"fr-FR\",\"potentialAction\":[{\"@type\":\"ReadAction\",\"target\":[\"https:\\\/\\\/congovirtuel.com\\\/information\\\/la-namibie-frappee-de-secheresse-met-en-vente-170-elephants\\\/\"]}]},{\"@type\":\"ImageObject\",\"inLanguage\":\"fr-FR\",\"@id\":\"https:\\\/\\\/congovirtuel.com\\\/information\\\/la-namibie-frappee-de-secheresse-met-en-vente-170-elephants\\\/#primaryimage\",\"url\":\"https:\\\/\\\/congovirtuel.com\\\/information\\\/wp-content\\\/uploads\\\/2020\\\/12\\\/elephant6.jpg\",\"contentUrl\":\"https:\\\/\\\/congovirtuel.com\\\/information\\\/wp-content\\\/uploads\\\/2020\\\/12\\\/elephant6.jpg\",\"width\":1248,\"height\":701},{\"@type\":\"BreadcrumbList\",\"@id\":\"https:\\\/\\\/congovirtuel.com\\\/information\\\/la-namibie-frappee-de-secheresse-met-en-vente-170-elephants\\\/#breadcrumb\",\"itemListElement\":[{\"@type\":\"ListItem\",\"position\":1,\"name\":\"Accueil\",\"item\":\"https:\\\/\\\/congovirtuel.com\\\/information\\\/\"},{\"@type\":\"ListItem\",\"position\":2,\"name\":\"La Namibie, frapp\u00e9e de s\u00e9cheresse, met en vente 170 \u00e9l\u00e9phants\"}]},{\"@type\":\"WebSite\",\"@id\":\"https:\\\/\\\/congovirtuel.com\\\/information\\\/#website\",\"url\":\"https:\\\/\\\/congovirtuel.com\\\/information\\\/\",\"name\":\"Actualit\u00e9s congolaises et internationales\",\"description\":\"site d&#039;analyse et de traitement d&#039;information\",\"publisher\":{\"@id\":\"https:\\\/\\\/congovirtuel.com\\\/information\\\/#organization\"},\"potentialAction\":[{\"@type\":\"SearchAction\",\"target\":{\"@type\":\"EntryPoint\",\"urlTemplate\":\"https:\\\/\\\/congovirtuel.com\\\/information\\\/?s={search_term_string}\"},\"query-input\":{\"@type\":\"PropertyValueSpecification\",\"valueRequired\":true,\"valueName\":\"search_term_string\"}}],\"inLanguage\":\"fr-FR\"},{\"@type\":\"Organization\",\"@id\":\"https:\\\/\\\/congovirtuel.com\\\/information\\\/#organization\",\"name\":\"Biblioth\u00e8que Virtuelle de la RDC\",\"url\":\"https:\\\/\\\/congovirtuel.com\\\/information\\\/\",\"logo\":{\"@type\":\"ImageObject\",\"inLanguage\":\"fr-FR\",\"@id\":\"https:\\\/\\\/congovirtuel.com\\\/information\\\/#\\\/schema\\\/logo\\\/image\\\/\",\"url\":\"https:\\\/\\\/congovirtuel.com\\\/information\\\/wp-content\\\/uploads\\\/2018\\\/10\\\/header-info-congovirtuel-vraie.jpg\",\"contentUrl\":\"https:\\\/\\\/congovirtuel.com\\\/information\\\/wp-content\\\/uploads\\\/2018\\\/10\\\/header-info-congovirtuel-vraie.jpg\",\"width\":728,\"height\":90,\"caption\":\"Biblioth\u00e8que Virtuelle de la RDC\"},\"image\":{\"@id\":\"https:\\\/\\\/congovirtuel.com\\\/information\\\/#\\\/schema\\\/logo\\\/image\\\/\"},\"sameAs\":[\"https:\\\/\\\/web.facebook.com\\\/Congovirtuel-763617960319601\\\/?ref=aymt_homepage_panel&amp;amp;amp;amp;amp;amp;amp;amp;amp;amp;amp;eid=ARCoxULa66767kIgF_KYav6VdjXTI4yk_LW4yoVO9s6NXpysgb7Cb65vpxcxgqzOAKvIbLQxaAETcqHT\",\"https:\\\/\\\/x.com\\\/congovirtuel\",\"https:\\\/\\\/www.youtube.com\\\/channel\\\/UCkFfprYzGgS3EWNpeMXpToQ?view_as=subscriber\"]},{\"@type\":\"Person\",\"@id\":\"https:\\\/\\\/congovirtuel.com\\\/information\\\/#\\\/schema\\\/person\\\/739a44bf7990966cb53d58d2fdeca0b6\",\"name\":\"infocongovirtuel\",\"image\":{\"@type\":\"ImageObject\",\"inLanguage\":\"fr-FR\",\"@id\":\"https:\\\/\\\/secure.gravatar.com\\\/avatar\\\/4d76991aa72469f0eb22e772586c99113c6997f88da636a9db8f2ce3a2c05e69?s=96&d=mm&r=g\",\"url\":\"https:\\\/\\\/secure.gravatar.com\\\/avatar\\\/4d76991aa72469f0eb22e772586c99113c6997f88da636a9db8f2ce3a2c05e69?s=96&d=mm&r=g\",\"contentUrl\":\"https:\\\/\\\/secure.gravatar.com\\\/avatar\\\/4d76991aa72469f0eb22e772586c99113c6997f88da636a9db8f2ce3a2c05e69?s=96&d=mm&r=g\",\"caption\":\"infocongovirtuel\"},\"url\":\"https:\\\/\\\/congovirtuel.com\\\/information\\\/author\\\/infocongovirtuel\\\/\"}]}<\/script>\n<!-- \/ Yoast SEO plugin. -->","yoast_head_json":{"title":"La Namibie, frapp\u00e9e de s\u00e9cheresse, met en vente 170 \u00e9l\u00e9phants - Actualit\u00e9s congolaises et internationales","robots":{"index":"index","follow":"follow","max-snippet":"max-snippet:-1","max-image-preview":"max-image-preview:large","max-video-preview":"max-video-preview:-1"},"canonical":"https:\/\/congovirtuel.com\/information\/la-namibie-frappee-de-secheresse-met-en-vente-170-elephants\/","og_locale":"fr_FR","og_type":"article","og_title":"La Namibie, frapp\u00e9e de s\u00e9cheresse, met en vente 170 \u00e9l\u00e9phants - Actualit\u00e9s congolaises et internationales","og_description":"La Namibie, en proie \u00e0 la s\u00e9cheresse, a mis en vente 170 \u00e9l\u00e9phants vivants pour restreindre leur nombre sur son territoire, en raison notamment des conflits croissants entre les humains et les animaux de cette esp\u00e8ce menac\u00e9e que la pression internationale emp\u00eache d&rsquo;abattre. Un encart publicitaire paru mercredi dans le quotidien gouvernemental New Era a propos\u00e9 170 \u00e9l\u00e9phants \u00ab\u00a0de grande valeur\u00a0\u00bb \u00e0 la vente et appel\u00e9 les acheteurs nationaux et internationaux \u00e0 se manifester. Pays semi-aride et peu peupl\u00e9 d&rsquo;Afrique australe, la Namibie abrite quelque 28.000 pachydermes, selon son ministre&hellip;","og_url":"https:\/\/congovirtuel.com\/information\/la-namibie-frappee-de-secheresse-met-en-vente-170-elephants\/","og_site_name":"Actualit\u00e9s congolaises et internationales","article_publisher":"https:\/\/web.facebook.com\/Congovirtuel-763617960319601\/?ref=aymt_homepage_panel&amp%3bamp%3bamp%3bamp%3bamp%3bamp%3bamp%3bamp%3bamp%3bamp%3bamp%3beid=ARCoxULa66767kIgF_KYav6VdjXTI4yk_LW4yoVO9s6NXpysgb7Cb65vpxcxgqzOAKvIbLQxaAETcqHT","article_published_time":"2020-12-03T16:16:27+00:00","article_modified_time":"2020-12-03T16:16:37+00:00","og_image":[{"width":1248,"height":701,"url":"https:\/\/congovirtuel.com\/information\/wp-content\/uploads\/2020\/12\/elephant6.jpg","type":"image\/jpeg"}],"author":"infocongovirtuel","twitter_card":"summary_large_image","twitter_creator":"@congovirtuel","twitter_site":"@congovirtuel","twitter_misc":{"\u00c9crit par":"infocongovirtuel","Dur\u00e9e de lecture estim\u00e9e":"1 minute"},"schema":{"@context":"https:\/\/schema.org","@graph":[{"@type":"Article","@id":"https:\/\/congovirtuel.com\/information\/la-namibie-frappee-de-secheresse-met-en-vente-170-elephants\/#article","isPartOf":{"@id":"https:\/\/congovirtuel.com\/information\/la-namibie-frappee-de-secheresse-met-en-vente-170-elephants\/"},"author":{"name":"infocongovirtuel","@id":"https:\/\/congovirtuel.com\/information\/#\/schema\/person\/739a44bf7990966cb53d58d2fdeca0b6"},"headline":"La Namibie, frapp\u00e9e de s\u00e9cheresse, met en vente 170 \u00e9l\u00e9phants","datePublished":"2020-12-03T16:16:27+00:00","dateModified":"2020-12-03T16:16:37+00:00","mainEntityOfPage":{"@id":"https:\/\/congovirtuel.com\/information\/la-namibie-frappee-de-secheresse-met-en-vente-170-elephants\/"},"wordCount":278,"commentCount":0,"publisher":{"@id":"https:\/\/congovirtuel.com\/information\/#organization"},"image":{"@id":"https:\/\/congovirtuel.com\/information\/la-namibie-frappee-de-secheresse-met-en-vente-170-elephants\/#primaryimage"},"thumbnailUrl":"https:\/\/congovirtuel.com\/information\/wp-content\/uploads\/2020\/12\/elephant6.jpg","keywords":["Namibie secheresse vend elephant"],"articleSection":["Environnement"],"inLanguage":"fr-FR","potentialAction":[{"@type":"CommentAction","name":"Comment","target":["https:\/\/congovirtuel.com\/information\/la-namibie-frappee-de-secheresse-met-en-vente-170-elephants\/#respond"]}]},{"@type":"WebPage","@id":"https:\/\/congovirtuel.com\/information\/la-namibie-frappee-de-secheresse-met-en-vente-170-elephants\/","url":"https:\/\/congovirtuel.com\/information\/la-namibie-frappee-de-secheresse-met-en-vente-170-elephants\/","name":"La Namibie, frapp\u00e9e de s\u00e9cheresse, met en vente 170 \u00e9l\u00e9phants - Actualit\u00e9s congolaises et internationales","isPartOf":{"@id":"https:\/\/congovirtuel.com\/information\/#website"},"primaryImageOfPage":{"@id":"https:\/\/congovirtuel.com\/information\/la-namibie-frappee-de-secheresse-met-en-vente-170-elephants\/#primaryimage"},"image":{"@id":"https:\/\/congovirtuel.com\/information\/la-namibie-frappee-de-secheresse-met-en-vente-170-elephants\/#primaryimage"},"thumbnailUrl":"https:\/\/congovirtuel.com\/information\/wp-content\/uploads\/2020\/12\/elephant6.jpg","datePublished":"2020-12-03T16:16:27+00:00","dateModified":"2020-12-03T16:16:37+00:00","breadcrumb":{"@id":"https:\/\/congovirtuel.com\/information\/la-namibie-frappee-de-secheresse-met-en-vente-170-elephants\/#breadcrumb"},"inLanguage":"fr-FR","potentialAction":[{"@type":"ReadAction","target":["https:\/\/congovirtuel.com\/information\/la-namibie-frappee-de-secheresse-met-en-vente-170-elephants\/"]}]},{"@type":"ImageObject","inLanguage":"fr-FR","@id":"https:\/\/congovirtuel.com\/information\/la-namibie-frappee-de-secheresse-met-en-vente-170-elephants\/#primaryimage","url":"https:\/\/congovirtuel.com\/information\/wp-content\/uploads\/2020\/12\/elephant6.jpg","contentUrl":"https:\/\/congovirtuel.com\/information\/wp-content\/uploads\/2020\/12\/elephant6.jpg","width":1248,"height":701},{"@type":"BreadcrumbList","@id":"https:\/\/congovirtuel.com\/information\/la-namibie-frappee-de-secheresse-met-en-vente-170-elephants\/#breadcrumb","itemListElement":[{"@type":"ListItem","position":1,"name":"Accueil","item":"https:\/\/congovirtuel.com\/information\/"},{"@type":"ListItem","position":2,"name":"La Namibie, frapp\u00e9e de s\u00e9cheresse, met en vente 170 \u00e9l\u00e9phants"}]},{"@type":"WebSite","@id":"https:\/\/congovirtuel.com\/information\/#website","url":"https:\/\/congovirtuel.com\/information\/","name":"Actualit\u00e9s congolaises et internationales","description":"site d&#039;analyse et de traitement d&#039;information","publisher":{"@id":"https:\/\/congovirtuel.com\/information\/#organization"},"potentialAction":[{"@type":"SearchAction","target":{"@type":"EntryPoint","urlTemplate":"https:\/\/congovirtuel.com\/information\/?s={search_term_string}"},"query-input":{"@type":"PropertyValueSpecification","valueRequired":true,"valueName":"search_term_string"}}],"inLanguage":"fr-FR"},{"@type":"Organization","@id":"https:\/\/congovirtuel.com\/information\/#organization","name":"Biblioth\u00e8que Virtuelle de la RDC","url":"https:\/\/congovirtuel.com\/information\/","logo":{"@type":"ImageObject","inLanguage":"fr-FR","@id":"https:\/\/congovirtuel.com\/information\/#\/schema\/logo\/image\/","url":"https:\/\/congovirtuel.com\/information\/wp-content\/uploads\/2018\/10\/header-info-congovirtuel-vraie.jpg","contentUrl":"https:\/\/congovirtuel.com\/information\/wp-content\/uploads\/2018\/10\/header-info-congovirtuel-vraie.jpg","width":728,"height":90,"caption":"Biblioth\u00e8que Virtuelle de la RDC"},"image":{"@id":"https:\/\/congovirtuel.com\/information\/#\/schema\/logo\/image\/"},"sameAs":["https:\/\/web.facebook.com\/Congovirtuel-763617960319601\/?ref=aymt_homepage_panel&amp;amp;amp;amp;amp;amp;amp;amp;amp;amp;amp;eid=ARCoxULa66767kIgF_KYav6VdjXTI4yk_LW4yoVO9s6NXpysgb7Cb65vpxcxgqzOAKvIbLQxaAETcqHT","https:\/\/x.com\/congovirtuel","https:\/\/www.youtube.com\/channel\/UCkFfprYzGgS3EWNpeMXpToQ?view_as=subscriber"]},{"@type":"Person","@id":"https:\/\/congovirtuel.com\/information\/#\/schema\/person\/739a44bf7990966cb53d58d2fdeca0b6","name":"infocongovirtuel","image":{"@type":"ImageObject","inLanguage":"fr-FR","@id":"https:\/\/secure.gravatar.com\/avatar\/4d76991aa72469f0eb22e772586c99113c6997f88da636a9db8f2ce3a2c05e69?s=96&d=mm&r=g","url":"https:\/\/secure.gravatar.com\/avatar\/4d76991aa72469f0eb22e772586c99113c6997f88da636a9db8f2ce3a2c05e69?s=96&d=mm&r=g","contentUrl":"https:\/\/secure.gravatar.com\/avatar\/4d76991aa72469f0eb22e772586c99113c6997f88da636a9db8f2ce3a2c05e69?s=96&d=mm&r=g","caption":"infocongovirtuel"},"url":"https:\/\/congovirtuel.com\/information\/author\/infocongovirtuel\/"}]}},"gt_translate_keys":[{"key":"link","format":"url"}],"_links":{"self":[{"href":"https:\/\/congovirtuel.com\/information\/wp-json\/wp\/v2\/posts\/4676","targetHints":{"allow":["GET"]}}],"collection":[{"href":"https:\/\/congovirtuel.com\/information\/wp-json\/wp\/v2\/posts"}],"about":[{"href":"https:\/\/congovirtuel.com\/information\/wp-json\/wp\/v2\/types\/post"}],"author":[{"embeddable":true,"href":"https:\/\/congovirtuel.com\/information\/wp-json\/wp\/v2\/users\/1"}],"replies":[{"embeddable":true,"href":"https:\/\/congovirtuel.com\/information\/wp-json\/wp\/v2\/comments?post=4676"}],"version-history":[{"count":1,"href":"https:\/\/congovirtuel.com\/information\/wp-json\/wp\/v2\/posts\/4676\/revisions"}],"predecessor-version":[{"id":4678,"href":"https:\/\/congovirtuel.com\/information\/wp-json\/wp\/v2\/posts\/4676\/revisions\/4678"}],"wp:featuredmedia":[{"embeddable":true,"href":"https:\/\/congovirtuel.com\/information\/wp-json\/wp\/v2\/media\/4677"}],"wp:attachment":[{"href":"https:\/\/congovirtuel.com\/information\/wp-json\/wp\/v2\/media?parent=4676"}],"wp:term":[{"taxonomy":"category","embeddable":true,"href":"https:\/\/congovirtuel.com\/information\/wp-json\/wp\/v2\/categories?post=4676"},{"taxonomy":"post_tag","embeddable":true,"href":"https:\/\/congovirtuel.com\/information\/wp-json\/wp\/v2\/tags?post=4676"}],"curies":[{"name":"wp","href":"https:\/\/api.w.org\/{rel}","templated":true}]}}