{"id":4772,"date":"2020-12-09T08:48:30","date_gmt":"2020-12-09T07:48:30","guid":{"rendered":"https:\/\/congovirtuel.com\/information\/?p=4772"},"modified":"2020-12-09T08:48:42","modified_gmt":"2020-12-09T07:48:42","slug":"assemblee-nationale-simon-mboso-designe-jeanine-mabunda-resiste","status":"publish","type":"post","link":"https:\/\/congovirtuel.com\/information\/assemblee-nationale-simon-mboso-designe-jeanine-mabunda-resiste\/","title":{"rendered":"Assembl\u00e9e Nationale : Simon Mboso d\u00e9sign\u00e9, Jeanine Mabunda r\u00e9siste !","gt_translate_keys":[{"key":"rendered","format":"text"}]},"content":{"rendered":"\n<p class=\"wp-block-paragraph\">Apr\u00e8s plusieurs tentatives et tiraillements, Simon Mboso Nkodia, 78 ans, \u00e9lu&nbsp; de Kenge, FCC,&nbsp;&nbsp; Gael Bussa, 27 ans, \u00e9lu de Budjala, au Sud-Ubangi, CDR et du Regroupement CODE,&nbsp;&nbsp;&nbsp; et Aminata Namasiya, 27 ans, \u00e9lue de Bambesa, au&nbsp; Bas-U\u00e9l\u00e9, PPRD, ont \u00e9t\u00e9 port\u00e9s \u00e0 la t\u00eate du Bureau Provisoire de l\u2019Assembl\u00e9e Nationale. Aussit\u00f4t, le Doyen d\u2019\u00e2ge, Simon Mboso Nkodia Mpuanga, a fix\u00e9 rendez-vous aux D\u00e9put\u00e9s pour une pl\u00e9ni\u00e8re, le jeudi 10 d\u00e9cembre 2020. Il a \u00e9galement annonc\u00e9 qu\u2019il adresserait aujourd\u2019hui \u00e0 tous les&nbsp; membres du Bureau vis\u00e9s par les p\u00e9titions afin qu\u2019ils se pr\u00e9parent \u00e0 pr\u00e9senter ce jour-l\u00e0,&nbsp; devant la Repr\u00e9sentation Nationale,&nbsp; leurs moyens de d\u00e9fense. 279 D\u00e9put\u00e9s, selon des statitistiques avanc\u00e9es dans la foul\u00e9e,&nbsp; auraient particip\u00e9 \u00e0 l\u2019installation de ce nouveau Bureau provisoire \u00e0 l\u2019initiative du Secr\u00e9taire G\u00e9n\u00e9ral de l\u2019Assembl\u00e9e Nationale. Mais, parall\u00e8ment, alors qu\u2019il \u00e9tait question d\u2019en savoir un peu plus sur la position officielle&nbsp; de Jeanine Mabunda, la Speaker de la chambre basse,&nbsp; c\u2019est plut\u00f4t de Boniface&nbsp; Balamage N\u2019kolo&nbsp; qui, dans un communiqu\u00e9, rappelle, cependant, que seule, la Pr\u00e9sidente du Bureau de l\u2019Assembl\u00e9e Nationale a le pouvoir exclusif de convoquer les pl\u00e9ni\u00e8res sur pied de l\u2019article 34 alin\u00e9a 7 du R\u00e8glement Int\u00e9rieur. Et qu\u2019en raison de l\u2019aggravation des troubles, il a \u00e9t\u00e9 d\u00e9cid\u00e9 de suspendre la tenue des pl\u00e9ni\u00e8res et des activit\u00e9s des commissions jusqu\u2019\u00e0 nouvel ordre, conform\u00e9ment, cite-t-il, \u00e0 l\u2019article 34 point 7, 8 et 9 de ce m\u00eame R\u00e8glement Int\u00e9rieur. Au cas contraire, \u2018\u2019les auteurs de tous les autres d\u00e9marches convoquant les pl\u00e9ni\u00e8res en dehors de la Pr\u00e9sidente de l\u2019Assembl\u00e9e Nationale&nbsp; s\u2019exposent \u00e0 des graves cons\u00e9quences\u2019\u2019, pr\u00e9vient-il.<\/p>\n\n\n\n<h2 class=\"wp-block-heading\">Bras de fer<\/h2>\n\n\n\n<p class=\"wp-block-paragraph\">D\u00e9j\u00e0, dans la journ\u00e9e d\u2019hier, la tension \u00e9tait si vive qu\u2019elle a pouss\u00e9 la Ministre de la Fonction Publique, Yollande Ebongo, \u00e0 suspendre le Secr\u00e9taire G\u00e9n\u00e9ral de l\u2019Assembl\u00e9e Nationale pour usurpation des pr\u00e9rogatives du Bureau de l\u2019Assembl\u00e9e Nationale.<\/p>\n\n\n\n<p class=\"wp-block-paragraph\">Chose que lui contestent certains l\u00e9galistes qui rappellent qu\u2019il existe, pourtant,&nbsp; un Ministre des Relations avec le Parlement au sein du nouveau. Ce dernier, m\u00eame en cas de fautes graves, ne pourrait y arriver que si, au pr\u00e9alable, il y a ouverture d\u2019une action disciplinaire.<\/p>\n\n\n\n<p class=\"wp-block-paragraph\">Plus tard, dans la soir\u00e9e de ce mardi 8 d\u00e9cembre 2020, des sources proches de la Ministre Ebongo ont laiss\u00e9 entendre qu\u2019elle aurait \u00e9t\u00e9 d\u00e9pouill\u00e9e de sa garde. La m\u00eame tension pourrait \u00e9galement affecter, dans les prochains jours, le S\u00e9nat ainsi que les autres institutions o\u00f9 les soci\u00e9taires de la coalition, apr\u00e8s&nbsp; environ deux ans de leur marche commune, travaillaient encore ensemble jusqu\u2019\u00e0 ce que le Pr\u00e9sident de la R\u00e9publique, \u00e0 l\u2019issue des consultations, ait d\u00e9cid\u00e9, ce dimanche 6 d\u00e9cembre 2020, d\u2019y mettre fin et d\u2019orienter les choses vers la nomination imminente d\u2019un Informateur, l\u2019identification de la nouvelle majorit\u00e9 ainsi que la formation d\u2019un nouveau gouvernement avec ses nouveaux alli\u00e9s coagul\u00e9s autour de l\u2019Union Sacr\u00e9e de la Nation.<\/p>\n\n\n\n<p class=\"wp-block-paragraph\">Aux cadres dont les esprits sont d\u00e9j\u00e0 surchauff\u00e9s, l\u2019intrusion des bases respectives des partis et regroupements membres du Front Commun pour le Congo, de l\u2019Udps ou, simplement, du Cap pour le changement, risque de donner une&nbsp; tournure&nbsp; vertigineuse \u00e0 l\u2019escalade de la violence remarquable au Palais du Peuple.<\/p>\n\n\n\n<h2 class=\"wp-block-heading\">Comment en sortir&nbsp;?<\/h2>\n\n\n\n<p class=\"wp-block-paragraph\">Apparemment, ce bic\u00e9phalisme \u00e0 la t\u00eate de l\u2019Assembl\u00e9e Nationale ne saurait trouver son exutoire dans un dialogue. Ni Mabunda, ni Mboso n\u2019ont la m\u00eame lecture des faits. Le changement op\u00e9r\u00e9 est per\u00e7u par l\u2019\u00e9quipe vis\u00e9e&nbsp; comme un coup de force sur fond de la violation des lois, des r\u00e9glements et de la Constitution.<\/p>\n\n\n\n<p class=\"wp-block-paragraph\">Alors qu\u2019au niveau du tout nouveau Bureau Provisoire, Mboso croit, dur comme fer, qu\u2019il est dans ses droits de r\u00e9pondre \u00e0 l\u2019appel de la nation, de jouer un r\u00f4le en tant que Doyen, pour arbitrer cette contradiction en pl\u00e9ni\u00e8re,&nbsp; d\u00e8s&nbsp; ce jeudi 10&nbsp; d\u00e9cembre 2020.<\/p>\n\n\n\n<p class=\"wp-block-paragraph\">Mais, comment Jeanine Mabunda qui lui conteste la qualit\u00e9 et remet en cause&nbsp; la r\u00e9gularit\u00e9 de la proc\u00e9dure de sa d\u00e9signation va-t-elle participer \u00e0 une telle pl\u00e9ni\u00e8re sans se faire taper sur le doigt par sa famille politique, ni marcher contre ses propres convictions et int\u00e9r\u00eats politiques&nbsp;?<\/p>\n\n\n\n<p class=\"wp-block-paragraph\">Tout compte fait, au regard du dispositif arr\u00eat\u00e9 au FCC et dans les rangs des D\u00e9put\u00e9s qui ont port\u00e9 Mboso au portillon, le soleil de ce jeudi 10 d\u00e9cembre 2020&nbsp; dardera encore&nbsp; plus fort, il l\u00e2chera des rayons&nbsp; plus&nbsp; astringents&nbsp; au Palais du Peuple et dans ses alentours.<\/p>\n\n\n\n<p class=\"wp-block-paragraph\">Les sages o\u00f9 sont-ils&nbsp;? Les Princes d\u2019\u00e9glise o\u00f9 sont-ils&nbsp;? Aux extremistes de tous bords, est-il vraiment trop tard de remettre&nbsp; leurs&nbsp; \u00e9p\u00e9es dans les fourreaux&nbsp;?<\/p>\n\n\n\n<p class=\"wp-block-paragraph\"><strong>LPM<\/strong><\/p>\n","protected":false,"gt_translate_keys":[{"key":"rendered","format":"html"}]},"excerpt":{"rendered":"<p>Apr\u00e8s plusieurs tentatives et tiraillements, Simon Mboso Nkodia, 78 ans, \u00e9lu&nbsp; de Kenge, FCC,&nbsp;&nbsp; Gael Bussa, 27 ans, \u00e9lu de Budjala, au Sud-Ubangi, CDR et du Regroupement CODE,&nbsp;&nbsp;&nbsp; et Aminata Namasiya, 27 ans, \u00e9lue de Bambesa, au&nbsp; Bas-U\u00e9l\u00e9, PPRD, ont \u00e9t\u00e9 port\u00e9s \u00e0 la t\u00eate du Bureau Provisoire de l\u2019Assembl\u00e9e Nationale. Aussit\u00f4t, le Doyen d\u2019\u00e2ge, Simon Mboso Nkodia Mpuanga, a fix\u00e9 rendez-vous aux D\u00e9put\u00e9s pour une pl\u00e9ni\u00e8re, le jeudi 10 d\u00e9cembre 2020. Il a \u00e9galement annonc\u00e9 qu\u2019il adresserait aujourd\u2019hui \u00e0 tous les&nbsp; membres du Bureau vis\u00e9s par les p\u00e9titions afin&hellip;<\/p>\n","protected":false,"gt_translate_keys":[{"key":"rendered","format":"html"}]},"author":1,"featured_media":4773,"comment_status":"open","ping_status":"open","sticky":false,"template":"","format":"standard","meta":{"_crdt_document":"","footnotes":""},"categories":[343],"tags":[451],"class_list":["post-4772","post","type-post","status-publish","format-standard","has-post-thumbnail","hentry","category-parlement","tag-yollande-ebongo"],"gutentor_comment":0,"yoast_head":"<!-- This site is optimized with the Yoast SEO plugin v27.5 - https:\/\/yoast.com\/product\/yoast-seo-wordpress\/ -->\n<title>Assembl\u00e9e Nationale : Simon Mboso d\u00e9sign\u00e9, Jeanine Mabunda r\u00e9siste ! - Actualit\u00e9s congolaises et internationales<\/title>\n<meta name=\"robots\" content=\"index, follow, max-snippet:-1, max-image-preview:large, max-video-preview:-1\" \/>\n<link rel=\"canonical\" href=\"https:\/\/congovirtuel.com\/information\/assemblee-nationale-simon-mboso-designe-jeanine-mabunda-resiste\/\" \/>\n<meta property=\"og:locale\" content=\"fr_FR\" \/>\n<meta property=\"og:type\" content=\"article\" \/>\n<meta property=\"og:title\" content=\"Assembl\u00e9e Nationale : Simon Mboso d\u00e9sign\u00e9, Jeanine Mabunda r\u00e9siste ! - Actualit\u00e9s congolaises et internationales\" \/>\n<meta property=\"og:description\" content=\"Apr\u00e8s plusieurs tentatives et tiraillements, Simon Mboso Nkodia, 78 ans, \u00e9lu&nbsp; de Kenge, FCC,&nbsp;&nbsp; Gael Bussa, 27 ans, \u00e9lu de Budjala, au Sud-Ubangi, CDR et du Regroupement CODE,&nbsp;&nbsp;&nbsp; et Aminata Namasiya, 27 ans, \u00e9lue de Bambesa, au&nbsp; Bas-U\u00e9l\u00e9, PPRD, ont \u00e9t\u00e9 port\u00e9s \u00e0 la t\u00eate du Bureau Provisoire de l\u2019Assembl\u00e9e Nationale. Aussit\u00f4t, le Doyen d\u2019\u00e2ge, Simon Mboso Nkodia Mpuanga, a fix\u00e9 rendez-vous aux D\u00e9put\u00e9s pour une pl\u00e9ni\u00e8re, le jeudi 10 d\u00e9cembre 2020. Il a \u00e9galement annonc\u00e9 qu\u2019il adresserait aujourd\u2019hui \u00e0 tous les&nbsp; membres du Bureau vis\u00e9s par les p\u00e9titions afin&hellip;\" \/>\n<meta property=\"og:url\" content=\"https:\/\/congovirtuel.com\/information\/assemblee-nationale-simon-mboso-designe-jeanine-mabunda-resiste\/\" \/>\n<meta property=\"og:site_name\" content=\"Actualit\u00e9s congolaises et internationales\" \/>\n<meta property=\"article:publisher\" content=\"https:\/\/web.facebook.com\/Congovirtuel-763617960319601\/?ref=aymt_homepage_panel&amp;amp%3bamp%3bamp%3bamp%3bamp%3bamp%3bamp%3bamp%3bamp%3bamp%3bamp%3beid=ARCoxULa66767kIgF_KYav6VdjXTI4yk_LW4yoVO9s6NXpysgb7Cb65vpxcxgqzOAKvIbLQxaAETcqHT\" \/>\n<meta property=\"article:published_time\" content=\"2020-12-09T07:48:30+00:00\" \/>\n<meta property=\"article:modified_time\" content=\"2020-12-09T07:48:42+00:00\" \/>\n<meta property=\"og:image\" content=\"https:\/\/congovirtuel.com\/information\/wp-content\/uploads\/2020\/12\/equipe_mboso.jpg\" \/>\n\t<meta property=\"og:image:width\" content=\"800\" \/>\n\t<meta property=\"og:image:height\" content=\"405\" \/>\n\t<meta property=\"og:image:type\" content=\"image\/jpeg\" \/>\n<meta name=\"author\" content=\"infocongovirtuel\" \/>\n<meta name=\"twitter:card\" content=\"summary_large_image\" \/>\n<meta name=\"twitter:creator\" content=\"@congovirtuel\" \/>\n<meta name=\"twitter:site\" content=\"@congovirtuel\" \/>\n<meta name=\"twitter:label1\" content=\"\u00c9crit par\" \/>\n\t<meta name=\"twitter:data1\" content=\"infocongovirtuel\" \/>\n\t<meta name=\"twitter:label2\" content=\"Dur\u00e9e de lecture estim\u00e9e\" \/>\n\t<meta name=\"twitter:data2\" content=\"4 minutes\" \/>\n<script type=\"application\/ld+json\" class=\"yoast-schema-graph\">{\"@context\":\"https:\\\/\\\/schema.org\",\"@graph\":[{\"@type\":\"Article\",\"@id\":\"https:\\\/\\\/congovirtuel.com\\\/information\\\/assemblee-nationale-simon-mboso-designe-jeanine-mabunda-resiste\\\/#article\",\"isPartOf\":{\"@id\":\"https:\\\/\\\/congovirtuel.com\\\/information\\\/assemblee-nationale-simon-mboso-designe-jeanine-mabunda-resiste\\\/\"},\"author\":{\"name\":\"infocongovirtuel\",\"@id\":\"https:\\\/\\\/congovirtuel.com\\\/information\\\/#\\\/schema\\\/person\\\/739a44bf7990966cb53d58d2fdeca0b6\"},\"headline\":\"Assembl\u00e9e Nationale : Simon Mboso d\u00e9sign\u00e9, Jeanine Mabunda r\u00e9siste !\",\"datePublished\":\"2020-12-09T07:48:30+00:00\",\"dateModified\":\"2020-12-09T07:48:42+00:00\",\"mainEntityOfPage\":{\"@id\":\"https:\\\/\\\/congovirtuel.com\\\/information\\\/assemblee-nationale-simon-mboso-designe-jeanine-mabunda-resiste\\\/\"},\"wordCount\":897,\"commentCount\":0,\"publisher\":{\"@id\":\"https:\\\/\\\/congovirtuel.com\\\/information\\\/#organization\"},\"image\":{\"@id\":\"https:\\\/\\\/congovirtuel.com\\\/information\\\/assemblee-nationale-simon-mboso-designe-jeanine-mabunda-resiste\\\/#primaryimage\"},\"thumbnailUrl\":\"https:\\\/\\\/congovirtuel.com\\\/information\\\/wp-content\\\/uploads\\\/2020\\\/12\\\/equipe_mboso.jpg\",\"keywords\":[\"Yollande Ebongo\"],\"articleSection\":[\"Parlement\"],\"inLanguage\":\"fr-FR\",\"potentialAction\":[{\"@type\":\"CommentAction\",\"name\":\"Comment\",\"target\":[\"https:\\\/\\\/congovirtuel.com\\\/information\\\/assemblee-nationale-simon-mboso-designe-jeanine-mabunda-resiste\\\/#respond\"]}]},{\"@type\":\"WebPage\",\"@id\":\"https:\\\/\\\/congovirtuel.com\\\/information\\\/assemblee-nationale-simon-mboso-designe-jeanine-mabunda-resiste\\\/\",\"url\":\"https:\\\/\\\/congovirtuel.com\\\/information\\\/assemblee-nationale-simon-mboso-designe-jeanine-mabunda-resiste\\\/\",\"name\":\"Assembl\u00e9e Nationale : Simon Mboso d\u00e9sign\u00e9, Jeanine Mabunda r\u00e9siste ! - Actualit\u00e9s congolaises et internationales\",\"isPartOf\":{\"@id\":\"https:\\\/\\\/congovirtuel.com\\\/information\\\/#website\"},\"primaryImageOfPage\":{\"@id\":\"https:\\\/\\\/congovirtuel.com\\\/information\\\/assemblee-nationale-simon-mboso-designe-jeanine-mabunda-resiste\\\/#primaryimage\"},\"image\":{\"@id\":\"https:\\\/\\\/congovirtuel.com\\\/information\\\/assemblee-nationale-simon-mboso-designe-jeanine-mabunda-resiste\\\/#primaryimage\"},\"thumbnailUrl\":\"https:\\\/\\\/congovirtuel.com\\\/information\\\/wp-content\\\/uploads\\\/2020\\\/12\\\/equipe_mboso.jpg\",\"datePublished\":\"2020-12-09T07:48:30+00:00\",\"dateModified\":\"2020-12-09T07:48:42+00:00\",\"breadcrumb\":{\"@id\":\"https:\\\/\\\/congovirtuel.com\\\/information\\\/assemblee-nationale-simon-mboso-designe-jeanine-mabunda-resiste\\\/#breadcrumb\"},\"inLanguage\":\"fr-FR\",\"potentialAction\":[{\"@type\":\"ReadAction\",\"target\":[\"https:\\\/\\\/congovirtuel.com\\\/information\\\/assemblee-nationale-simon-mboso-designe-jeanine-mabunda-resiste\\\/\"]}]},{\"@type\":\"ImageObject\",\"inLanguage\":\"fr-FR\",\"@id\":\"https:\\\/\\\/congovirtuel.com\\\/information\\\/assemblee-nationale-simon-mboso-designe-jeanine-mabunda-resiste\\\/#primaryimage\",\"url\":\"https:\\\/\\\/congovirtuel.com\\\/information\\\/wp-content\\\/uploads\\\/2020\\\/12\\\/equipe_mboso.jpg\",\"contentUrl\":\"https:\\\/\\\/congovirtuel.com\\\/information\\\/wp-content\\\/uploads\\\/2020\\\/12\\\/equipe_mboso.jpg\",\"width\":800,\"height\":405},{\"@type\":\"BreadcrumbList\",\"@id\":\"https:\\\/\\\/congovirtuel.com\\\/information\\\/assemblee-nationale-simon-mboso-designe-jeanine-mabunda-resiste\\\/#breadcrumb\",\"itemListElement\":[{\"@type\":\"ListItem\",\"position\":1,\"name\":\"Accueil\",\"item\":\"https:\\\/\\\/congovirtuel.com\\\/information\\\/\"},{\"@type\":\"ListItem\",\"position\":2,\"name\":\"Assembl\u00e9e Nationale : Simon Mboso d\u00e9sign\u00e9, Jeanine Mabunda r\u00e9siste !\"}]},{\"@type\":\"WebSite\",\"@id\":\"https:\\\/\\\/congovirtuel.com\\\/information\\\/#website\",\"url\":\"https:\\\/\\\/congovirtuel.com\\\/information\\\/\",\"name\":\"Actualit\u00e9s congolaises et internationales\",\"description\":\"site d&#039;analyse et de traitement d&#039;information\",\"publisher\":{\"@id\":\"https:\\\/\\\/congovirtuel.com\\\/information\\\/#organization\"},\"potentialAction\":[{\"@type\":\"SearchAction\",\"target\":{\"@type\":\"EntryPoint\",\"urlTemplate\":\"https:\\\/\\\/congovirtuel.com\\\/information\\\/?s={search_term_string}\"},\"query-input\":{\"@type\":\"PropertyValueSpecification\",\"valueRequired\":true,\"valueName\":\"search_term_string\"}}],\"inLanguage\":\"fr-FR\"},{\"@type\":\"Organization\",\"@id\":\"https:\\\/\\\/congovirtuel.com\\\/information\\\/#organization\",\"name\":\"Biblioth\u00e8que Virtuelle de la RDC\",\"url\":\"https:\\\/\\\/congovirtuel.com\\\/information\\\/\",\"logo\":{\"@type\":\"ImageObject\",\"inLanguage\":\"fr-FR\",\"@id\":\"https:\\\/\\\/congovirtuel.com\\\/information\\\/#\\\/schema\\\/logo\\\/image\\\/\",\"url\":\"https:\\\/\\\/congovirtuel.com\\\/information\\\/wp-content\\\/uploads\\\/2018\\\/10\\\/header-info-congovirtuel-vraie.jpg\",\"contentUrl\":\"https:\\\/\\\/congovirtuel.com\\\/information\\\/wp-content\\\/uploads\\\/2018\\\/10\\\/header-info-congovirtuel-vraie.jpg\",\"width\":728,\"height\":90,\"caption\":\"Biblioth\u00e8que Virtuelle de la RDC\"},\"image\":{\"@id\":\"https:\\\/\\\/congovirtuel.com\\\/information\\\/#\\\/schema\\\/logo\\\/image\\\/\"},\"sameAs\":[\"https:\\\/\\\/web.facebook.com\\\/Congovirtuel-763617960319601\\\/?ref=aymt_homepage_panel&amp;amp;amp;amp;amp;amp;amp;amp;amp;amp;amp;eid=ARCoxULa66767kIgF_KYav6VdjXTI4yk_LW4yoVO9s6NXpysgb7Cb65vpxcxgqzOAKvIbLQxaAETcqHT\",\"https:\\\/\\\/x.com\\\/congovirtuel\",\"https:\\\/\\\/www.youtube.com\\\/channel\\\/UCkFfprYzGgS3EWNpeMXpToQ?view_as=subscriber\"]},{\"@type\":\"Person\",\"@id\":\"https:\\\/\\\/congovirtuel.com\\\/information\\\/#\\\/schema\\\/person\\\/739a44bf7990966cb53d58d2fdeca0b6\",\"name\":\"infocongovirtuel\",\"image\":{\"@type\":\"ImageObject\",\"inLanguage\":\"fr-FR\",\"@id\":\"https:\\\/\\\/secure.gravatar.com\\\/avatar\\\/4d76991aa72469f0eb22e772586c99113c6997f88da636a9db8f2ce3a2c05e69?s=96&d=mm&r=g\",\"url\":\"https:\\\/\\\/secure.gravatar.com\\\/avatar\\\/4d76991aa72469f0eb22e772586c99113c6997f88da636a9db8f2ce3a2c05e69?s=96&d=mm&r=g\",\"contentUrl\":\"https:\\\/\\\/secure.gravatar.com\\\/avatar\\\/4d76991aa72469f0eb22e772586c99113c6997f88da636a9db8f2ce3a2c05e69?s=96&d=mm&r=g\",\"caption\":\"infocongovirtuel\"},\"url\":\"https:\\\/\\\/congovirtuel.com\\\/information\\\/author\\\/infocongovirtuel\\\/\"}]}<\/script>\n<!-- \/ Yoast SEO plugin. -->","yoast_head_json":{"title":"Assembl\u00e9e Nationale : Simon Mboso d\u00e9sign\u00e9, Jeanine Mabunda r\u00e9siste ! - Actualit\u00e9s congolaises et internationales","robots":{"index":"index","follow":"follow","max-snippet":"max-snippet:-1","max-image-preview":"max-image-preview:large","max-video-preview":"max-video-preview:-1"},"canonical":"https:\/\/congovirtuel.com\/information\/assemblee-nationale-simon-mboso-designe-jeanine-mabunda-resiste\/","og_locale":"fr_FR","og_type":"article","og_title":"Assembl\u00e9e Nationale : Simon Mboso d\u00e9sign\u00e9, Jeanine Mabunda r\u00e9siste ! - Actualit\u00e9s congolaises et internationales","og_description":"Apr\u00e8s plusieurs tentatives et tiraillements, Simon Mboso Nkodia, 78 ans, \u00e9lu&nbsp; de Kenge, FCC,&nbsp;&nbsp; Gael Bussa, 27 ans, \u00e9lu de Budjala, au Sud-Ubangi, CDR et du Regroupement CODE,&nbsp;&nbsp;&nbsp; et Aminata Namasiya, 27 ans, \u00e9lue de Bambesa, au&nbsp; Bas-U\u00e9l\u00e9, PPRD, ont \u00e9t\u00e9 port\u00e9s \u00e0 la t\u00eate du Bureau Provisoire de l\u2019Assembl\u00e9e Nationale. Aussit\u00f4t, le Doyen d\u2019\u00e2ge, Simon Mboso Nkodia Mpuanga, a fix\u00e9 rendez-vous aux D\u00e9put\u00e9s pour une pl\u00e9ni\u00e8re, le jeudi 10 d\u00e9cembre 2020. Il a \u00e9galement annonc\u00e9 qu\u2019il adresserait aujourd\u2019hui \u00e0 tous les&nbsp; membres du Bureau vis\u00e9s par les p\u00e9titions afin&hellip;","og_url":"https:\/\/congovirtuel.com\/information\/assemblee-nationale-simon-mboso-designe-jeanine-mabunda-resiste\/","og_site_name":"Actualit\u00e9s congolaises et internationales","article_publisher":"https:\/\/web.facebook.com\/Congovirtuel-763617960319601\/?ref=aymt_homepage_panel&amp%3bamp%3bamp%3bamp%3bamp%3bamp%3bamp%3bamp%3bamp%3bamp%3bamp%3beid=ARCoxULa66767kIgF_KYav6VdjXTI4yk_LW4yoVO9s6NXpysgb7Cb65vpxcxgqzOAKvIbLQxaAETcqHT","article_published_time":"2020-12-09T07:48:30+00:00","article_modified_time":"2020-12-09T07:48:42+00:00","og_image":[{"width":800,"height":405,"url":"https:\/\/congovirtuel.com\/information\/wp-content\/uploads\/2020\/12\/equipe_mboso.jpg","type":"image\/jpeg"}],"author":"infocongovirtuel","twitter_card":"summary_large_image","twitter_creator":"@congovirtuel","twitter_site":"@congovirtuel","twitter_misc":{"\u00c9crit par":"infocongovirtuel","Dur\u00e9e de lecture estim\u00e9e":"4 minutes"},"schema":{"@context":"https:\/\/schema.org","@graph":[{"@type":"Article","@id":"https:\/\/congovirtuel.com\/information\/assemblee-nationale-simon-mboso-designe-jeanine-mabunda-resiste\/#article","isPartOf":{"@id":"https:\/\/congovirtuel.com\/information\/assemblee-nationale-simon-mboso-designe-jeanine-mabunda-resiste\/"},"author":{"name":"infocongovirtuel","@id":"https:\/\/congovirtuel.com\/information\/#\/schema\/person\/739a44bf7990966cb53d58d2fdeca0b6"},"headline":"Assembl\u00e9e Nationale : Simon Mboso d\u00e9sign\u00e9, Jeanine Mabunda r\u00e9siste !","datePublished":"2020-12-09T07:48:30+00:00","dateModified":"2020-12-09T07:48:42+00:00","mainEntityOfPage":{"@id":"https:\/\/congovirtuel.com\/information\/assemblee-nationale-simon-mboso-designe-jeanine-mabunda-resiste\/"},"wordCount":897,"commentCount":0,"publisher":{"@id":"https:\/\/congovirtuel.com\/information\/#organization"},"image":{"@id":"https:\/\/congovirtuel.com\/information\/assemblee-nationale-simon-mboso-designe-jeanine-mabunda-resiste\/#primaryimage"},"thumbnailUrl":"https:\/\/congovirtuel.com\/information\/wp-content\/uploads\/2020\/12\/equipe_mboso.jpg","keywords":["Yollande Ebongo"],"articleSection":["Parlement"],"inLanguage":"fr-FR","potentialAction":[{"@type":"CommentAction","name":"Comment","target":["https:\/\/congovirtuel.com\/information\/assemblee-nationale-simon-mboso-designe-jeanine-mabunda-resiste\/#respond"]}]},{"@type":"WebPage","@id":"https:\/\/congovirtuel.com\/information\/assemblee-nationale-simon-mboso-designe-jeanine-mabunda-resiste\/","url":"https:\/\/congovirtuel.com\/information\/assemblee-nationale-simon-mboso-designe-jeanine-mabunda-resiste\/","name":"Assembl\u00e9e Nationale : Simon Mboso d\u00e9sign\u00e9, Jeanine Mabunda r\u00e9siste ! - Actualit\u00e9s congolaises et internationales","isPartOf":{"@id":"https:\/\/congovirtuel.com\/information\/#website"},"primaryImageOfPage":{"@id":"https:\/\/congovirtuel.com\/information\/assemblee-nationale-simon-mboso-designe-jeanine-mabunda-resiste\/#primaryimage"},"image":{"@id":"https:\/\/congovirtuel.com\/information\/assemblee-nationale-simon-mboso-designe-jeanine-mabunda-resiste\/#primaryimage"},"thumbnailUrl":"https:\/\/congovirtuel.com\/information\/wp-content\/uploads\/2020\/12\/equipe_mboso.jpg","datePublished":"2020-12-09T07:48:30+00:00","dateModified":"2020-12-09T07:48:42+00:00","breadcrumb":{"@id":"https:\/\/congovirtuel.com\/information\/assemblee-nationale-simon-mboso-designe-jeanine-mabunda-resiste\/#breadcrumb"},"inLanguage":"fr-FR","potentialAction":[{"@type":"ReadAction","target":["https:\/\/congovirtuel.com\/information\/assemblee-nationale-simon-mboso-designe-jeanine-mabunda-resiste\/"]}]},{"@type":"ImageObject","inLanguage":"fr-FR","@id":"https:\/\/congovirtuel.com\/information\/assemblee-nationale-simon-mboso-designe-jeanine-mabunda-resiste\/#primaryimage","url":"https:\/\/congovirtuel.com\/information\/wp-content\/uploads\/2020\/12\/equipe_mboso.jpg","contentUrl":"https:\/\/congovirtuel.com\/information\/wp-content\/uploads\/2020\/12\/equipe_mboso.jpg","width":800,"height":405},{"@type":"BreadcrumbList","@id":"https:\/\/congovirtuel.com\/information\/assemblee-nationale-simon-mboso-designe-jeanine-mabunda-resiste\/#breadcrumb","itemListElement":[{"@type":"ListItem","position":1,"name":"Accueil","item":"https:\/\/congovirtuel.com\/information\/"},{"@type":"ListItem","position":2,"name":"Assembl\u00e9e Nationale : Simon Mboso d\u00e9sign\u00e9, Jeanine Mabunda r\u00e9siste !"}]},{"@type":"WebSite","@id":"https:\/\/congovirtuel.com\/information\/#website","url":"https:\/\/congovirtuel.com\/information\/","name":"Actualit\u00e9s congolaises et internationales","description":"site d&#039;analyse et de traitement d&#039;information","publisher":{"@id":"https:\/\/congovirtuel.com\/information\/#organization"},"potentialAction":[{"@type":"SearchAction","target":{"@type":"EntryPoint","urlTemplate":"https:\/\/congovirtuel.com\/information\/?s={search_term_string}"},"query-input":{"@type":"PropertyValueSpecification","valueRequired":true,"valueName":"search_term_string"}}],"inLanguage":"fr-FR"},{"@type":"Organization","@id":"https:\/\/congovirtuel.com\/information\/#organization","name":"Biblioth\u00e8que Virtuelle de la RDC","url":"https:\/\/congovirtuel.com\/information\/","logo":{"@type":"ImageObject","inLanguage":"fr-FR","@id":"https:\/\/congovirtuel.com\/information\/#\/schema\/logo\/image\/","url":"https:\/\/congovirtuel.com\/information\/wp-content\/uploads\/2018\/10\/header-info-congovirtuel-vraie.jpg","contentUrl":"https:\/\/congovirtuel.com\/information\/wp-content\/uploads\/2018\/10\/header-info-congovirtuel-vraie.jpg","width":728,"height":90,"caption":"Biblioth\u00e8que Virtuelle de la RDC"},"image":{"@id":"https:\/\/congovirtuel.com\/information\/#\/schema\/logo\/image\/"},"sameAs":["https:\/\/web.facebook.com\/Congovirtuel-763617960319601\/?ref=aymt_homepage_panel&amp;amp;amp;amp;amp;amp;amp;amp;amp;amp;amp;eid=ARCoxULa66767kIgF_KYav6VdjXTI4yk_LW4yoVO9s6NXpysgb7Cb65vpxcxgqzOAKvIbLQxaAETcqHT","https:\/\/x.com\/congovirtuel","https:\/\/www.youtube.com\/channel\/UCkFfprYzGgS3EWNpeMXpToQ?view_as=subscriber"]},{"@type":"Person","@id":"https:\/\/congovirtuel.com\/information\/#\/schema\/person\/739a44bf7990966cb53d58d2fdeca0b6","name":"infocongovirtuel","image":{"@type":"ImageObject","inLanguage":"fr-FR","@id":"https:\/\/secure.gravatar.com\/avatar\/4d76991aa72469f0eb22e772586c99113c6997f88da636a9db8f2ce3a2c05e69?s=96&d=mm&r=g","url":"https:\/\/secure.gravatar.com\/avatar\/4d76991aa72469f0eb22e772586c99113c6997f88da636a9db8f2ce3a2c05e69?s=96&d=mm&r=g","contentUrl":"https:\/\/secure.gravatar.com\/avatar\/4d76991aa72469f0eb22e772586c99113c6997f88da636a9db8f2ce3a2c05e69?s=96&d=mm&r=g","caption":"infocongovirtuel"},"url":"https:\/\/congovirtuel.com\/information\/author\/infocongovirtuel\/"}]}},"gt_translate_keys":[{"key":"link","format":"url"}],"_links":{"self":[{"href":"https:\/\/congovirtuel.com\/information\/wp-json\/wp\/v2\/posts\/4772","targetHints":{"allow":["GET"]}}],"collection":[{"href":"https:\/\/congovirtuel.com\/information\/wp-json\/wp\/v2\/posts"}],"about":[{"href":"https:\/\/congovirtuel.com\/information\/wp-json\/wp\/v2\/types\/post"}],"author":[{"embeddable":true,"href":"https:\/\/congovirtuel.com\/information\/wp-json\/wp\/v2\/users\/1"}],"replies":[{"embeddable":true,"href":"https:\/\/congovirtuel.com\/information\/wp-json\/wp\/v2\/comments?post=4772"}],"version-history":[{"count":1,"href":"https:\/\/congovirtuel.com\/information\/wp-json\/wp\/v2\/posts\/4772\/revisions"}],"predecessor-version":[{"id":4774,"href":"https:\/\/congovirtuel.com\/information\/wp-json\/wp\/v2\/posts\/4772\/revisions\/4774"}],"wp:featuredmedia":[{"embeddable":true,"href":"https:\/\/congovirtuel.com\/information\/wp-json\/wp\/v2\/media\/4773"}],"wp:attachment":[{"href":"https:\/\/congovirtuel.com\/information\/wp-json\/wp\/v2\/media?parent=4772"}],"wp:term":[{"taxonomy":"category","embeddable":true,"href":"https:\/\/congovirtuel.com\/information\/wp-json\/wp\/v2\/categories?post=4772"},{"taxonomy":"post_tag","embeddable":true,"href":"https:\/\/congovirtuel.com\/information\/wp-json\/wp\/v2\/tags?post=4772"}],"curies":[{"name":"wp","href":"https:\/\/api.w.org\/{rel}","templated":true}]}}