{"id":494,"date":"2020-02-13T10:24:30","date_gmt":"2020-02-13T09:24:30","guid":{"rendered":"https:\/\/congovirtuel.com\/information\/?p=494"},"modified":"2020-02-13T10:24:33","modified_gmt":"2020-02-13T09:24:33","slug":"rdc-plus-de-cinq-millions-de-deplaces-internes-la-plus-grave-crise-en-afrique","status":"publish","type":"post","link":"https:\/\/congovirtuel.com\/information\/rdc-plus-de-cinq-millions-de-deplaces-internes-la-plus-grave-crise-en-afrique\/","title":{"rendered":"RDC: plus de cinq millions de d\u00e9plac\u00e9s internes, la plus grave crise en Afrique","gt_translate_keys":[{"key":"rendered","format":"text"}]},"content":{"rendered":"\n<p class=\"wp-block-paragraph\"> Plus de cinq millions de personnes sont aujourd&rsquo;hui d\u00e9plac\u00e9es en R\u00e9publique d\u00e9mocratique du Congo (RDC), ce qui repr\u00e9sente la plus importante situation de d\u00e9placement interne en Afrique, devant des pays comme le Soudan du sud ou la r\u00e9gion du Sahel, a indiqu\u00e9 mercredi le Haut commissariat des Nations unies pour les R\u00e9fugi\u00e9s (HCR). <\/p>\n\n\n\n<p class=\"wp-block-paragraph\">Le HCR s&rsquo;est d\u00e9clar\u00e9 dans un communiqu\u00e9 publi\u00e9 \u00e0 Gen\u00e8ve \u00eatre \u00e0 la recherche de 150 millions de dollars pour r\u00e9pondre aux besoins des r\u00e9fugi\u00e9s et des personnes d\u00e9plac\u00e9es en RDC en 2020, tout en pr\u00e9cisant n&rsquo;avoir re\u00e7u que 4% de ce montant.<\/p>\n\n\n\n<script async src=\"\/\/pagead2.googlesyndication.com\/pagead\/js\/adsbygoogle.js\"><\/script>\n<!-- code responsive -->\n<ins class=\"adsbygoogle\"\n     style=\"display:block\"\n     data-ad-client=\"ca-pub-2119363214666215\"\n     data-ad-slot=\"1973679082\"\n     data-ad-format=\"auto\"><\/ins>\n<script>\n(adsbygoogle = window.adsbygoogle || []).push({});\n<\/script>\n\n\n\n<p class=\"wp-block-paragraph\">Selon le HCR, qui cite la conf\u00e9rence bihebdomadaire de la Mission de l&rsquo;Organisation des Nations-Unies pour la Stabilisation du Congo (Monusco), des milliers de civils vivent dans des conditions effroyables dans une centaine d&rsquo;installations informelles, dormant dans des huttes fabriqu\u00e9es \u00e0 l&rsquo;aide de branchages. \u00ab\u00a0<em>Ils font face \u00e0 de graves menaces pour leur s\u00e9curit\u00e9 et leur protection en raison du manque d&rsquo;intimit\u00e9<\/em>\u00ab\u00a0, souligne le communiqu\u00e9.<\/p>\n\n\n\n<p class=\"wp-block-paragraph\">Le HCR s&rsquo;est dit vivement pr\u00e9occup\u00e9 par l&rsquo;aggravation de la situation dans le territoire de Beni, dans la province du Nord-Kivu (est de la RDC), o\u00f9 la violence a d\u00e9j\u00e0 forc\u00e9 plus de 100.000 civils \u00e0 fuir leur foyer ces deux derniers mois.<\/p>\n\n\n\n<p class=\"wp-block-paragraph\">Les tensions dans la r\u00e9gion s&rsquo;intensifient depuis le lancement d&rsquo;une op\u00e9ration militaire dirig\u00e9e par le gouvernement en d\u00e9cembre contre les rebelles ougandais des Forces d\u00e9mocratiques alli\u00e9es (ADF).<\/p>\n\n\n\n<p class=\"wp-block-paragraph\">\u00ab\u00a0<em>Les civils, y compris les personnes d\u00e9plac\u00e9es en novembre et d\u00e9cembre, comptent parmi les cibles des groupes arm\u00e9s, y compris les ADF. Selon les autorit\u00e9s locales, environ 252 civils auraient \u00e9t\u00e9 tu\u00e9s dans le territoire de Beni depuis d\u00e9cembre 2019<\/em>\u00ab\u00a0, a soulign\u00e9 le HCR.<\/p>\n","protected":false,"gt_translate_keys":[{"key":"rendered","format":"html"}]},"excerpt":{"rendered":"<p>Le HCR s&rsquo;est dit vivement pr\u00e9occup\u00e9 par l&rsquo;aggravation de la situation dans le territoire de Beni, dans la province du Nord-Kivu (est de la RDC), o\u00f9 la violence <\/p>\n","protected":false,"gt_translate_keys":[{"key":"rendered","format":"html"}]},"author":1,"featured_media":495,"comment_status":"open","ping_status":"open","sticky":false,"template":"","format":"standard","meta":{"_crdt_document":"","footnotes":""},"categories":[65,66],"tags":[147,146],"class_list":["post-494","post","type-post","status-publish","format-standard","has-post-thumbnail","hentry","category-rdc","category-rebellions","tag-crise-beni","tag-refugies-congolais"],"gutentor_comment":0,"yoast_head":"<!-- This site is optimized with the Yoast SEO plugin v27.5 - https:\/\/yoast.com\/product\/yoast-seo-wordpress\/ -->\n<title>RDC: plus de cinq millions de d\u00e9plac\u00e9s internes, la plus grave crise en Afrique - Actualit\u00e9s congolaises et internationales<\/title>\n<meta name=\"robots\" content=\"index, follow, max-snippet:-1, max-image-preview:large, max-video-preview:-1\" \/>\n<link rel=\"canonical\" href=\"https:\/\/congovirtuel.com\/information\/rdc-plus-de-cinq-millions-de-deplaces-internes-la-plus-grave-crise-en-afrique\/\" \/>\n<meta property=\"og:locale\" content=\"fr_FR\" \/>\n<meta property=\"og:type\" content=\"article\" \/>\n<meta property=\"og:title\" content=\"RDC: plus de cinq millions de d\u00e9plac\u00e9s internes, la plus grave crise en Afrique - Actualit\u00e9s congolaises et internationales\" \/>\n<meta property=\"og:description\" content=\"Le HCR s&#039;est dit vivement pr\u00e9occup\u00e9 par l&#039;aggravation de la situation dans le territoire de Beni, dans la province du Nord-Kivu (est de la RDC), o\u00f9 la violence\" \/>\n<meta property=\"og:url\" content=\"https:\/\/congovirtuel.com\/information\/rdc-plus-de-cinq-millions-de-deplaces-internes-la-plus-grave-crise-en-afrique\/\" \/>\n<meta property=\"og:site_name\" content=\"Actualit\u00e9s congolaises et internationales\" \/>\n<meta property=\"article:publisher\" content=\"https:\/\/web.facebook.com\/Congovirtuel-763617960319601\/?ref=aymt_homepage_panel&amp;amp%3bamp%3bamp%3bamp%3bamp%3bamp%3bamp%3bamp%3bamp%3bamp%3bamp%3beid=ARCoxULa66767kIgF_KYav6VdjXTI4yk_LW4yoVO9s6NXpysgb7Cb65vpxcxgqzOAKvIbLQxaAETcqHT\" \/>\n<meta property=\"article:published_time\" content=\"2020-02-13T09:24:30+00:00\" \/>\n<meta property=\"article:modified_time\" content=\"2020-02-13T09:24:33+00:00\" \/>\n<meta property=\"og:image\" content=\"https:\/\/congovirtuel.com\/information\/wp-content\/uploads\/2020\/02\/savane_rdc.jpg\" \/>\n\t<meta property=\"og:image:width\" content=\"1248\" \/>\n\t<meta property=\"og:image:height\" content=\"701\" \/>\n\t<meta property=\"og:image:type\" content=\"image\/jpeg\" \/>\n<meta name=\"author\" content=\"infocongovirtuel\" \/>\n<meta name=\"twitter:card\" content=\"summary_large_image\" \/>\n<meta name=\"twitter:creator\" content=\"@congovirtuel\" \/>\n<meta name=\"twitter:site\" content=\"@congovirtuel\" \/>\n<meta name=\"twitter:label1\" content=\"\u00c9crit par\" \/>\n\t<meta name=\"twitter:data1\" content=\"infocongovirtuel\" \/>\n\t<meta name=\"twitter:label2\" content=\"Dur\u00e9e de lecture estim\u00e9e\" \/>\n\t<meta name=\"twitter:data2\" content=\"2 minutes\" \/>\n<script type=\"application\/ld+json\" class=\"yoast-schema-graph\">{\"@context\":\"https:\\\/\\\/schema.org\",\"@graph\":[{\"@type\":\"Article\",\"@id\":\"https:\\\/\\\/congovirtuel.com\\\/information\\\/rdc-plus-de-cinq-millions-de-deplaces-internes-la-plus-grave-crise-en-afrique\\\/#article\",\"isPartOf\":{\"@id\":\"https:\\\/\\\/congovirtuel.com\\\/information\\\/rdc-plus-de-cinq-millions-de-deplaces-internes-la-plus-grave-crise-en-afrique\\\/\"},\"author\":{\"name\":\"infocongovirtuel\",\"@id\":\"https:\\\/\\\/congovirtuel.com\\\/information\\\/#\\\/schema\\\/person\\\/739a44bf7990966cb53d58d2fdeca0b6\"},\"headline\":\"RDC: plus de cinq millions de d\u00e9plac\u00e9s internes, la plus grave crise en Afrique\",\"datePublished\":\"2020-02-13T09:24:30+00:00\",\"dateModified\":\"2020-02-13T09:24:33+00:00\",\"mainEntityOfPage\":{\"@id\":\"https:\\\/\\\/congovirtuel.com\\\/information\\\/rdc-plus-de-cinq-millions-de-deplaces-internes-la-plus-grave-crise-en-afrique\\\/\"},\"wordCount\":327,\"commentCount\":0,\"publisher\":{\"@id\":\"https:\\\/\\\/congovirtuel.com\\\/information\\\/#organization\"},\"image\":{\"@id\":\"https:\\\/\\\/congovirtuel.com\\\/information\\\/rdc-plus-de-cinq-millions-de-deplaces-internes-la-plus-grave-crise-en-afrique\\\/#primaryimage\"},\"thumbnailUrl\":\"https:\\\/\\\/congovirtuel.com\\\/information\\\/wp-content\\\/uploads\\\/2020\\\/02\\\/savane_rdc.jpg\",\"keywords\":[\"crise Beni\",\"r\u00e9fugi\u00e9s congolais\"],\"articleSection\":[\"RDC\",\"Rebellions\"],\"inLanguage\":\"fr-FR\",\"potentialAction\":[{\"@type\":\"CommentAction\",\"name\":\"Comment\",\"target\":[\"https:\\\/\\\/congovirtuel.com\\\/information\\\/rdc-plus-de-cinq-millions-de-deplaces-internes-la-plus-grave-crise-en-afrique\\\/#respond\"]}]},{\"@type\":\"WebPage\",\"@id\":\"https:\\\/\\\/congovirtuel.com\\\/information\\\/rdc-plus-de-cinq-millions-de-deplaces-internes-la-plus-grave-crise-en-afrique\\\/\",\"url\":\"https:\\\/\\\/congovirtuel.com\\\/information\\\/rdc-plus-de-cinq-millions-de-deplaces-internes-la-plus-grave-crise-en-afrique\\\/\",\"name\":\"RDC: plus de cinq millions de d\u00e9plac\u00e9s internes, la plus grave crise en Afrique - Actualit\u00e9s congolaises et internationales\",\"isPartOf\":{\"@id\":\"https:\\\/\\\/congovirtuel.com\\\/information\\\/#website\"},\"primaryImageOfPage\":{\"@id\":\"https:\\\/\\\/congovirtuel.com\\\/information\\\/rdc-plus-de-cinq-millions-de-deplaces-internes-la-plus-grave-crise-en-afrique\\\/#primaryimage\"},\"image\":{\"@id\":\"https:\\\/\\\/congovirtuel.com\\\/information\\\/rdc-plus-de-cinq-millions-de-deplaces-internes-la-plus-grave-crise-en-afrique\\\/#primaryimage\"},\"thumbnailUrl\":\"https:\\\/\\\/congovirtuel.com\\\/information\\\/wp-content\\\/uploads\\\/2020\\\/02\\\/savane_rdc.jpg\",\"datePublished\":\"2020-02-13T09:24:30+00:00\",\"dateModified\":\"2020-02-13T09:24:33+00:00\",\"breadcrumb\":{\"@id\":\"https:\\\/\\\/congovirtuel.com\\\/information\\\/rdc-plus-de-cinq-millions-de-deplaces-internes-la-plus-grave-crise-en-afrique\\\/#breadcrumb\"},\"inLanguage\":\"fr-FR\",\"potentialAction\":[{\"@type\":\"ReadAction\",\"target\":[\"https:\\\/\\\/congovirtuel.com\\\/information\\\/rdc-plus-de-cinq-millions-de-deplaces-internes-la-plus-grave-crise-en-afrique\\\/\"]}]},{\"@type\":\"ImageObject\",\"inLanguage\":\"fr-FR\",\"@id\":\"https:\\\/\\\/congovirtuel.com\\\/information\\\/rdc-plus-de-cinq-millions-de-deplaces-internes-la-plus-grave-crise-en-afrique\\\/#primaryimage\",\"url\":\"https:\\\/\\\/congovirtuel.com\\\/information\\\/wp-content\\\/uploads\\\/2020\\\/02\\\/savane_rdc.jpg\",\"contentUrl\":\"https:\\\/\\\/congovirtuel.com\\\/information\\\/wp-content\\\/uploads\\\/2020\\\/02\\\/savane_rdc.jpg\",\"width\":1248,\"height\":701,\"caption\":\"savane Beni\"},{\"@type\":\"BreadcrumbList\",\"@id\":\"https:\\\/\\\/congovirtuel.com\\\/information\\\/rdc-plus-de-cinq-millions-de-deplaces-internes-la-plus-grave-crise-en-afrique\\\/#breadcrumb\",\"itemListElement\":[{\"@type\":\"ListItem\",\"position\":1,\"name\":\"Accueil\",\"item\":\"https:\\\/\\\/congovirtuel.com\\\/information\\\/\"},{\"@type\":\"ListItem\",\"position\":2,\"name\":\"RDC: plus de cinq millions de d\u00e9plac\u00e9s internes, la plus grave crise en Afrique\"}]},{\"@type\":\"WebSite\",\"@id\":\"https:\\\/\\\/congovirtuel.com\\\/information\\\/#website\",\"url\":\"https:\\\/\\\/congovirtuel.com\\\/information\\\/\",\"name\":\"Actualit\u00e9s congolaises et internationales\",\"description\":\"site d&#039;analyse et de traitement d&#039;information\",\"publisher\":{\"@id\":\"https:\\\/\\\/congovirtuel.com\\\/information\\\/#organization\"},\"potentialAction\":[{\"@type\":\"SearchAction\",\"target\":{\"@type\":\"EntryPoint\",\"urlTemplate\":\"https:\\\/\\\/congovirtuel.com\\\/information\\\/?s={search_term_string}\"},\"query-input\":{\"@type\":\"PropertyValueSpecification\",\"valueRequired\":true,\"valueName\":\"search_term_string\"}}],\"inLanguage\":\"fr-FR\"},{\"@type\":\"Organization\",\"@id\":\"https:\\\/\\\/congovirtuel.com\\\/information\\\/#organization\",\"name\":\"Biblioth\u00e8que Virtuelle de la RDC\",\"url\":\"https:\\\/\\\/congovirtuel.com\\\/information\\\/\",\"logo\":{\"@type\":\"ImageObject\",\"inLanguage\":\"fr-FR\",\"@id\":\"https:\\\/\\\/congovirtuel.com\\\/information\\\/#\\\/schema\\\/logo\\\/image\\\/\",\"url\":\"https:\\\/\\\/congovirtuel.com\\\/information\\\/wp-content\\\/uploads\\\/2018\\\/10\\\/header-info-congovirtuel-vraie.jpg\",\"contentUrl\":\"https:\\\/\\\/congovirtuel.com\\\/information\\\/wp-content\\\/uploads\\\/2018\\\/10\\\/header-info-congovirtuel-vraie.jpg\",\"width\":728,\"height\":90,\"caption\":\"Biblioth\u00e8que Virtuelle de la RDC\"},\"image\":{\"@id\":\"https:\\\/\\\/congovirtuel.com\\\/information\\\/#\\\/schema\\\/logo\\\/image\\\/\"},\"sameAs\":[\"https:\\\/\\\/web.facebook.com\\\/Congovirtuel-763617960319601\\\/?ref=aymt_homepage_panel&amp;amp;amp;amp;amp;amp;amp;amp;amp;amp;amp;eid=ARCoxULa66767kIgF_KYav6VdjXTI4yk_LW4yoVO9s6NXpysgb7Cb65vpxcxgqzOAKvIbLQxaAETcqHT\",\"https:\\\/\\\/x.com\\\/congovirtuel\",\"https:\\\/\\\/www.youtube.com\\\/channel\\\/UCkFfprYzGgS3EWNpeMXpToQ?view_as=subscriber\"]},{\"@type\":\"Person\",\"@id\":\"https:\\\/\\\/congovirtuel.com\\\/information\\\/#\\\/schema\\\/person\\\/739a44bf7990966cb53d58d2fdeca0b6\",\"name\":\"infocongovirtuel\",\"image\":{\"@type\":\"ImageObject\",\"inLanguage\":\"fr-FR\",\"@id\":\"https:\\\/\\\/secure.gravatar.com\\\/avatar\\\/4d76991aa72469f0eb22e772586c99113c6997f88da636a9db8f2ce3a2c05e69?s=96&d=mm&r=g\",\"url\":\"https:\\\/\\\/secure.gravatar.com\\\/avatar\\\/4d76991aa72469f0eb22e772586c99113c6997f88da636a9db8f2ce3a2c05e69?s=96&d=mm&r=g\",\"contentUrl\":\"https:\\\/\\\/secure.gravatar.com\\\/avatar\\\/4d76991aa72469f0eb22e772586c99113c6997f88da636a9db8f2ce3a2c05e69?s=96&d=mm&r=g\",\"caption\":\"infocongovirtuel\"},\"url\":\"https:\\\/\\\/congovirtuel.com\\\/information\\\/author\\\/infocongovirtuel\\\/\"}]}<\/script>\n<!-- \/ Yoast SEO plugin. -->","yoast_head_json":{"title":"RDC: plus de cinq millions de d\u00e9plac\u00e9s internes, la plus grave crise en Afrique - Actualit\u00e9s congolaises et internationales","robots":{"index":"index","follow":"follow","max-snippet":"max-snippet:-1","max-image-preview":"max-image-preview:large","max-video-preview":"max-video-preview:-1"},"canonical":"https:\/\/congovirtuel.com\/information\/rdc-plus-de-cinq-millions-de-deplaces-internes-la-plus-grave-crise-en-afrique\/","og_locale":"fr_FR","og_type":"article","og_title":"RDC: plus de cinq millions de d\u00e9plac\u00e9s internes, la plus grave crise en Afrique - Actualit\u00e9s congolaises et internationales","og_description":"Le HCR s'est dit vivement pr\u00e9occup\u00e9 par l'aggravation de la situation dans le territoire de Beni, dans la province du Nord-Kivu (est de la RDC), o\u00f9 la violence","og_url":"https:\/\/congovirtuel.com\/information\/rdc-plus-de-cinq-millions-de-deplaces-internes-la-plus-grave-crise-en-afrique\/","og_site_name":"Actualit\u00e9s congolaises et internationales","article_publisher":"https:\/\/web.facebook.com\/Congovirtuel-763617960319601\/?ref=aymt_homepage_panel&amp%3bamp%3bamp%3bamp%3bamp%3bamp%3bamp%3bamp%3bamp%3bamp%3bamp%3beid=ARCoxULa66767kIgF_KYav6VdjXTI4yk_LW4yoVO9s6NXpysgb7Cb65vpxcxgqzOAKvIbLQxaAETcqHT","article_published_time":"2020-02-13T09:24:30+00:00","article_modified_time":"2020-02-13T09:24:33+00:00","og_image":[{"width":1248,"height":701,"url":"https:\/\/congovirtuel.com\/information\/wp-content\/uploads\/2020\/02\/savane_rdc.jpg","type":"image\/jpeg"}],"author":"infocongovirtuel","twitter_card":"summary_large_image","twitter_creator":"@congovirtuel","twitter_site":"@congovirtuel","twitter_misc":{"\u00c9crit par":"infocongovirtuel","Dur\u00e9e de lecture estim\u00e9e":"2 minutes"},"schema":{"@context":"https:\/\/schema.org","@graph":[{"@type":"Article","@id":"https:\/\/congovirtuel.com\/information\/rdc-plus-de-cinq-millions-de-deplaces-internes-la-plus-grave-crise-en-afrique\/#article","isPartOf":{"@id":"https:\/\/congovirtuel.com\/information\/rdc-plus-de-cinq-millions-de-deplaces-internes-la-plus-grave-crise-en-afrique\/"},"author":{"name":"infocongovirtuel","@id":"https:\/\/congovirtuel.com\/information\/#\/schema\/person\/739a44bf7990966cb53d58d2fdeca0b6"},"headline":"RDC: plus de cinq millions de d\u00e9plac\u00e9s internes, la plus grave crise en Afrique","datePublished":"2020-02-13T09:24:30+00:00","dateModified":"2020-02-13T09:24:33+00:00","mainEntityOfPage":{"@id":"https:\/\/congovirtuel.com\/information\/rdc-plus-de-cinq-millions-de-deplaces-internes-la-plus-grave-crise-en-afrique\/"},"wordCount":327,"commentCount":0,"publisher":{"@id":"https:\/\/congovirtuel.com\/information\/#organization"},"image":{"@id":"https:\/\/congovirtuel.com\/information\/rdc-plus-de-cinq-millions-de-deplaces-internes-la-plus-grave-crise-en-afrique\/#primaryimage"},"thumbnailUrl":"https:\/\/congovirtuel.com\/information\/wp-content\/uploads\/2020\/02\/savane_rdc.jpg","keywords":["crise Beni","r\u00e9fugi\u00e9s congolais"],"articleSection":["RDC","Rebellions"],"inLanguage":"fr-FR","potentialAction":[{"@type":"CommentAction","name":"Comment","target":["https:\/\/congovirtuel.com\/information\/rdc-plus-de-cinq-millions-de-deplaces-internes-la-plus-grave-crise-en-afrique\/#respond"]}]},{"@type":"WebPage","@id":"https:\/\/congovirtuel.com\/information\/rdc-plus-de-cinq-millions-de-deplaces-internes-la-plus-grave-crise-en-afrique\/","url":"https:\/\/congovirtuel.com\/information\/rdc-plus-de-cinq-millions-de-deplaces-internes-la-plus-grave-crise-en-afrique\/","name":"RDC: plus de cinq millions de d\u00e9plac\u00e9s internes, la plus grave crise en Afrique - Actualit\u00e9s congolaises et internationales","isPartOf":{"@id":"https:\/\/congovirtuel.com\/information\/#website"},"primaryImageOfPage":{"@id":"https:\/\/congovirtuel.com\/information\/rdc-plus-de-cinq-millions-de-deplaces-internes-la-plus-grave-crise-en-afrique\/#primaryimage"},"image":{"@id":"https:\/\/congovirtuel.com\/information\/rdc-plus-de-cinq-millions-de-deplaces-internes-la-plus-grave-crise-en-afrique\/#primaryimage"},"thumbnailUrl":"https:\/\/congovirtuel.com\/information\/wp-content\/uploads\/2020\/02\/savane_rdc.jpg","datePublished":"2020-02-13T09:24:30+00:00","dateModified":"2020-02-13T09:24:33+00:00","breadcrumb":{"@id":"https:\/\/congovirtuel.com\/information\/rdc-plus-de-cinq-millions-de-deplaces-internes-la-plus-grave-crise-en-afrique\/#breadcrumb"},"inLanguage":"fr-FR","potentialAction":[{"@type":"ReadAction","target":["https:\/\/congovirtuel.com\/information\/rdc-plus-de-cinq-millions-de-deplaces-internes-la-plus-grave-crise-en-afrique\/"]}]},{"@type":"ImageObject","inLanguage":"fr-FR","@id":"https:\/\/congovirtuel.com\/information\/rdc-plus-de-cinq-millions-de-deplaces-internes-la-plus-grave-crise-en-afrique\/#primaryimage","url":"https:\/\/congovirtuel.com\/information\/wp-content\/uploads\/2020\/02\/savane_rdc.jpg","contentUrl":"https:\/\/congovirtuel.com\/information\/wp-content\/uploads\/2020\/02\/savane_rdc.jpg","width":1248,"height":701,"caption":"savane Beni"},{"@type":"BreadcrumbList","@id":"https:\/\/congovirtuel.com\/information\/rdc-plus-de-cinq-millions-de-deplaces-internes-la-plus-grave-crise-en-afrique\/#breadcrumb","itemListElement":[{"@type":"ListItem","position":1,"name":"Accueil","item":"https:\/\/congovirtuel.com\/information\/"},{"@type":"ListItem","position":2,"name":"RDC: plus de cinq millions de d\u00e9plac\u00e9s internes, la plus grave crise en Afrique"}]},{"@type":"WebSite","@id":"https:\/\/congovirtuel.com\/information\/#website","url":"https:\/\/congovirtuel.com\/information\/","name":"Actualit\u00e9s congolaises et internationales","description":"site d&#039;analyse et de traitement d&#039;information","publisher":{"@id":"https:\/\/congovirtuel.com\/information\/#organization"},"potentialAction":[{"@type":"SearchAction","target":{"@type":"EntryPoint","urlTemplate":"https:\/\/congovirtuel.com\/information\/?s={search_term_string}"},"query-input":{"@type":"PropertyValueSpecification","valueRequired":true,"valueName":"search_term_string"}}],"inLanguage":"fr-FR"},{"@type":"Organization","@id":"https:\/\/congovirtuel.com\/information\/#organization","name":"Biblioth\u00e8que Virtuelle de la RDC","url":"https:\/\/congovirtuel.com\/information\/","logo":{"@type":"ImageObject","inLanguage":"fr-FR","@id":"https:\/\/congovirtuel.com\/information\/#\/schema\/logo\/image\/","url":"https:\/\/congovirtuel.com\/information\/wp-content\/uploads\/2018\/10\/header-info-congovirtuel-vraie.jpg","contentUrl":"https:\/\/congovirtuel.com\/information\/wp-content\/uploads\/2018\/10\/header-info-congovirtuel-vraie.jpg","width":728,"height":90,"caption":"Biblioth\u00e8que Virtuelle de la RDC"},"image":{"@id":"https:\/\/congovirtuel.com\/information\/#\/schema\/logo\/image\/"},"sameAs":["https:\/\/web.facebook.com\/Congovirtuel-763617960319601\/?ref=aymt_homepage_panel&amp;amp;amp;amp;amp;amp;amp;amp;amp;amp;amp;eid=ARCoxULa66767kIgF_KYav6VdjXTI4yk_LW4yoVO9s6NXpysgb7Cb65vpxcxgqzOAKvIbLQxaAETcqHT","https:\/\/x.com\/congovirtuel","https:\/\/www.youtube.com\/channel\/UCkFfprYzGgS3EWNpeMXpToQ?view_as=subscriber"]},{"@type":"Person","@id":"https:\/\/congovirtuel.com\/information\/#\/schema\/person\/739a44bf7990966cb53d58d2fdeca0b6","name":"infocongovirtuel","image":{"@type":"ImageObject","inLanguage":"fr-FR","@id":"https:\/\/secure.gravatar.com\/avatar\/4d76991aa72469f0eb22e772586c99113c6997f88da636a9db8f2ce3a2c05e69?s=96&d=mm&r=g","url":"https:\/\/secure.gravatar.com\/avatar\/4d76991aa72469f0eb22e772586c99113c6997f88da636a9db8f2ce3a2c05e69?s=96&d=mm&r=g","contentUrl":"https:\/\/secure.gravatar.com\/avatar\/4d76991aa72469f0eb22e772586c99113c6997f88da636a9db8f2ce3a2c05e69?s=96&d=mm&r=g","caption":"infocongovirtuel"},"url":"https:\/\/congovirtuel.com\/information\/author\/infocongovirtuel\/"}]}},"gt_translate_keys":[{"key":"link","format":"url"}],"_links":{"self":[{"href":"https:\/\/congovirtuel.com\/information\/wp-json\/wp\/v2\/posts\/494","targetHints":{"allow":["GET"]}}],"collection":[{"href":"https:\/\/congovirtuel.com\/information\/wp-json\/wp\/v2\/posts"}],"about":[{"href":"https:\/\/congovirtuel.com\/information\/wp-json\/wp\/v2\/types\/post"}],"author":[{"embeddable":true,"href":"https:\/\/congovirtuel.com\/information\/wp-json\/wp\/v2\/users\/1"}],"replies":[{"embeddable":true,"href":"https:\/\/congovirtuel.com\/information\/wp-json\/wp\/v2\/comments?post=494"}],"version-history":[{"count":1,"href":"https:\/\/congovirtuel.com\/information\/wp-json\/wp\/v2\/posts\/494\/revisions"}],"predecessor-version":[{"id":496,"href":"https:\/\/congovirtuel.com\/information\/wp-json\/wp\/v2\/posts\/494\/revisions\/496"}],"wp:featuredmedia":[{"embeddable":true,"href":"https:\/\/congovirtuel.com\/information\/wp-json\/wp\/v2\/media\/495"}],"wp:attachment":[{"href":"https:\/\/congovirtuel.com\/information\/wp-json\/wp\/v2\/media?parent=494"}],"wp:term":[{"taxonomy":"category","embeddable":true,"href":"https:\/\/congovirtuel.com\/information\/wp-json\/wp\/v2\/categories?post=494"},{"taxonomy":"post_tag","embeddable":true,"href":"https:\/\/congovirtuel.com\/information\/wp-json\/wp\/v2\/tags?post=494"}],"curies":[{"name":"wp","href":"https:\/\/api.w.org\/{rel}","templated":true}]}}