{"id":4981,"date":"2020-12-22T17:54:55","date_gmt":"2020-12-22T16:54:55","guid":{"rendered":"https:\/\/congovirtuel.com\/information\/?p=4981"},"modified":"2020-12-22T17:55:05","modified_gmt":"2020-12-22T16:55:05","slug":"le-rwanda-devrait-cesser-denfermer-les-pauvres","status":"publish","type":"post","link":"https:\/\/congovirtuel.com\/information\/le-rwanda-devrait-cesser-denfermer-les-pauvres\/","title":{"rendered":"Le Rwanda devrait cesser d\u2019enfermer les pauvres","gt_translate_keys":[{"key":"rendered","format":"text"}]},"content":{"rendered":"\n<p class=\"wp-block-paragraph\">La Cour africaine des droits de l\u2019homme et des peuples a soutenu que les lois permettant la d\u00e9tention de personnes qui, souvent par pauvret\u00e9, sont contraintes de vivre dans la rue violent le droit relatif aux droits humains.<\/p>\n\n\n\n<p class=\"wp-block-paragraph\">Le 4&nbsp;d\u00e9cembre, la cour r\u00e9gionale des droits humains a prononc\u00e9 un&nbsp;<a href=\"https:\/\/www.african-court.org\/en\/images\/Cases\/Advisory%20Opinion\/Advisory%20Opinions\/001-2018_-_PALU-Advisory_Opinion.pdf\">jugement<\/a>&nbsp;d\u00e9fendant les droits des personnes consid\u00e9r\u00e9es comme des \u00ab&nbsp;vagabonds&nbsp;\u00bb par l\u2019\u00c9tat. Le jugement, rendu en r\u00e9ponse \u00e0 une&nbsp;<a href=\"https:\/\/www.african-court.org\/en\/images\/Cases\/Advisory%20Opinion\/Case%20Summaries\/AO_001_-_2018_Summary_of_Application.pdf\">demande de l\u2019Union panafricaine des avocats<\/a>, a conclu que les lois permettant le d\u00e9placement de force ou l\u2019arrestation sans mandat d\u2019une personne d\u00e9clar\u00e9e comme \u00ab&nbsp;vagabonde&nbsp;\u00bb enfreignent la&nbsp;<a href=\"https:\/\/www.achpr.org\/legalinstruments\/detail?id=49\" target=\"_blank\" rel=\"noreferrer noopener\">Charte africaine des Droits de l\u2019Homme et des Peuples<\/a>&nbsp;et d\u2019autres instruments des droits humains.<\/p>\n\n\n\n<p class=\"wp-block-paragraph\">Depuis 2006, Human Rights Watch a&nbsp;<a href=\"https:\/\/www.hrw.org\/fr\/report\/2015\/09\/23\/pourquoi-ne-pas-appeler-cet-endroit-une-prison\/detention-illegale-et-mauvais\">document\u00e9<\/a>&nbsp;que des vendeurs ambulants, des travailleurs du sexe, des personnes sans abri, des personnes suspect\u00e9es de petite d\u00e9linquance et des enfants des rues ont \u00e9t\u00e9 arbitrairement d\u00e9tenus dans de soi-disant \u00ab&nbsp;centres de transit&nbsp;\u00bb au&nbsp;<a href=\"https:\/\/www.hrw.org\/fr\/africa\/rwanda\">Rwanda<\/a>. Le gouvernement&nbsp;<a href=\"http:\/\/www.topafricanews.com\/2018\/06\/07\/rwanda-pledges-to-eradicate-all-forms-of-delinquency-demands-security-forces-to-intervene\/\">pr\u00e9tend<\/a>&nbsp;que cette pratique fait partie de sa&nbsp;<a href=\"https:\/\/c\/Users\/kanezac.LOCAL\/AppData\/Local\/Microsoft\/Windows\/INetCache\/Content.Outlook\/1SDNCJ3U\/nrs.gov.rw\/fileadmin\/Laws_and_Regulations\/Policies\/National%20Policy%20Against%20Delinquency%20%20Final%20Version%20of%207th%20December%202016.pdf\">strat\u00e9gie de r\u00e9habilitation<\/a>.<\/p>\n\n\n\n<p class=\"wp-block-paragraph\">Alors que le \u00ab&nbsp;<em>vagabondage<\/em>&nbsp;\u00bb et la \u00ab&nbsp;<em>mendicit\u00e9<\/em>&nbsp;\u00bb ne figurent plus comme des d\u00e9lits p\u00e9naux dans le Code p\u00e9nal de 2018 du Rwanda, une nouvelle&nbsp;<a href=\"https:\/\/www.nrs.gov.rw\/fileadmin\/Laws_and_Regulations\/Laws\/Ministerial%20Order%20determining%20mission%2C%20organization%20and%20functioning%20of%20transit%20centers.pdf\">l\u00e9gislation<\/a>&nbsp;instaurant un Service national de r\u00e9habilitation a introduit le concept de \u00ab&nbsp;<em>comportements d\u00e9viants<\/em>&nbsp;\u00bb qui incluent \u00ab&nbsp;<em>la prostitution, l\u2019usage des stup\u00e9fiants, la mendicit\u00e9, le vagabondage, le commerce ambulant informel ou tout autre comportement qui porte atteinte au public<\/em>&nbsp;\u00bb. Ces \u00ab&nbsp;<em>comportements<\/em>&nbsp;\u00bb sont de fait&nbsp;<a href=\"https:\/\/www.hrw.org\/fr\/report\/2020\/01\/27\/tant-que-nous-vivrons-dans-la-rue-ils-nous-frapperont\/tant-que-nous-vivrons-dans#8511\">trait\u00e9s comme criminels<\/a>&nbsp;: les personnes suspect\u00e9es d\u2019avoir commis ces actes sont arr\u00eat\u00e9es arbitrairement et d\u00e9tenues dans des centres de transit ou de \u00ab&nbsp;<em>r\u00e9habilitation<\/em>&nbsp;\u00bb.<\/p>\n\n\n\n<p class=\"wp-block-paragraph\">En janvier, un&nbsp;<a href=\"https:\/\/www.hrw.org\/fr\/report\/2020\/01\/27\/tant-que-nous-vivrons-dans-la-rue-ils-nous-frapperont\/tant-que-nous-vivrons-dans#8508\">rapport<\/a>&nbsp;de Human Rights Watch a document\u00e9 que le centre de transit de Gikondo \u00e0 Kigali op\u00e8re de fait comme un \u00e9tablissement de d\u00e9tention, o\u00f9 des enfants \u2013 dont certains d\u2019\u00e0 peine 11&nbsp;ans \u2013 sont sous-aliment\u00e9s, frapp\u00e9s et d\u00e9tenus pendant des p\u00e9riodes allant jusqu\u2019\u00e0 six mois dans des salles surpeupl\u00e9es et insalubres, sans avoir \u00e9t\u00e9 inculp\u00e9s ou sans avoir vu un juge, un avocat ou un tuteur. En f\u00e9vrier, le&nbsp;<a href=\"https:\/\/undocs.org\/fr\/CRC\/C\/RWA\/CO\/5-6\">Comit\u00e9 des droits de l\u2019enfant des Nations Unies a appel\u00e9<\/a>&nbsp;le Rwanda \u00e0 mettre fin \u00e0 la d\u00e9tention d\u2019enfants dans des centres de transit, \u00e0 enqu\u00eater sur les all\u00e9gations de mauvais traitements et \u00e0 modifier les lois qui r\u00e9gularisent cet abus.<\/p>\n\n\n\n<p class=\"wp-block-paragraph\">Le 14&nbsp;d\u00e9cembre, Human Rights Watch a&nbsp;<a href=\"https:\/\/www.hrw.org\/sites\/default\/files\/media_2020\/12\/HRW%20Letter%20December%202020.pdf\">\u00e9crit au ministre rwandais de la Justice<\/a>, Johnston Busingye, pour demander des informations sur les mesures prises par les autorit\u00e9s rwandaises pour rem\u00e9dier au cadre juridique abusif r\u00e9gissant son Service national de r\u00e9habilitation, et n\u2019a pas re\u00e7u de r\u00e9ponse.<\/p>\n\n\n\n<p class=\"wp-block-paragraph\">Le Rwanda dit vouloir s\u2019attaquer s\u00e9rieusement \u00e0 la probl\u00e9matique des personnes sans abri, mais arr\u00eater des personnes pour \u00ab\u00a0<em>vagabondage<\/em>\u00a0\u00bb ou \u00ab\u00a0<em>mendicit\u00e9<\/em>\u00a0\u00bb et les traiter comme des criminels n\u2019est pas une solution. Les autorit\u00e9s rwandaises devraient prendre des mesures pour mettre en \u0153uvre les recommandations du Comit\u00e9 des Nations Unies et de la Cour africaine et garantir que justice soit rendue pour les abus commis dans les centres de transit.<\/p>\n\n\n\n<p class=\"wp-block-paragraph\"><strong>HRW<\/strong><\/p>\n","protected":false,"gt_translate_keys":[{"key":"rendered","format":"html"}]},"excerpt":{"rendered":"<p>La Cour africaine des droits de l\u2019homme et des peuples a soutenu que les lois permettant la d\u00e9tention de personnes qui, souvent par pauvret\u00e9, sont contraintes de vivre dans la rue violent le droit relatif aux droits humains. Le 4&nbsp;d\u00e9cembre, la cour r\u00e9gionale des droits humains a prononc\u00e9 un&nbsp;jugement&nbsp;d\u00e9fendant les droits des personnes consid\u00e9r\u00e9es comme des \u00ab&nbsp;vagabonds&nbsp;\u00bb par l\u2019\u00c9tat. Le jugement, rendu en r\u00e9ponse \u00e0 une&nbsp;demande de l\u2019Union panafricaine des avocats, a conclu que les lois permettant le d\u00e9placement de force ou l\u2019arrestation sans mandat d\u2019une personne d\u00e9clar\u00e9e comme \u00ab&nbsp;vagabonde&nbsp;\u00bb&hellip;<\/p>\n","protected":false,"gt_translate_keys":[{"key":"rendered","format":"html"}]},"author":1,"featured_media":4982,"comment_status":"open","ping_status":"open","sticky":false,"template":"","format":"standard","meta":{"_crdt_document":"","footnotes":""},"categories":[148],"tags":[4238],"class_list":["post-4981","post","type-post","status-publish","format-standard","has-post-thumbnail","hentry","category-rwanda-democratie","tag-pauvres-enfermes-au-rwanda"],"gutentor_comment":0,"yoast_head":"<!-- This site is optimized with the Yoast SEO plugin v27.5 - https:\/\/yoast.com\/product\/yoast-seo-wordpress\/ -->\n<title>Le Rwanda devrait cesser d\u2019enfermer les pauvres - Actualit\u00e9s congolaises et internationales<\/title>\n<meta name=\"robots\" content=\"index, follow, max-snippet:-1, max-image-preview:large, max-video-preview:-1\" \/>\n<link rel=\"canonical\" href=\"https:\/\/congovirtuel.com\/information\/le-rwanda-devrait-cesser-denfermer-les-pauvres\/\" \/>\n<meta property=\"og:locale\" content=\"fr_FR\" \/>\n<meta property=\"og:type\" content=\"article\" \/>\n<meta property=\"og:title\" content=\"Le Rwanda devrait cesser d\u2019enfermer les pauvres - Actualit\u00e9s congolaises et internationales\" \/>\n<meta property=\"og:description\" content=\"La Cour africaine des droits de l\u2019homme et des peuples a soutenu que les lois permettant la d\u00e9tention de personnes qui, souvent par pauvret\u00e9, sont contraintes de vivre dans la rue violent le droit relatif aux droits humains. Le 4&nbsp;d\u00e9cembre, la cour r\u00e9gionale des droits humains a prononc\u00e9 un&nbsp;jugement&nbsp;d\u00e9fendant les droits des personnes consid\u00e9r\u00e9es comme des \u00ab&nbsp;vagabonds&nbsp;\u00bb par l\u2019\u00c9tat. Le jugement, rendu en r\u00e9ponse \u00e0 une&nbsp;demande de l\u2019Union panafricaine des avocats, a conclu que les lois permettant le d\u00e9placement de force ou l\u2019arrestation sans mandat d\u2019une personne d\u00e9clar\u00e9e comme \u00ab&nbsp;vagabonde&nbsp;\u00bb&hellip;\" \/>\n<meta property=\"og:url\" content=\"https:\/\/congovirtuel.com\/information\/le-rwanda-devrait-cesser-denfermer-les-pauvres\/\" \/>\n<meta property=\"og:site_name\" content=\"Actualit\u00e9s congolaises et internationales\" \/>\n<meta property=\"article:publisher\" content=\"https:\/\/web.facebook.com\/Congovirtuel-763617960319601\/?ref=aymt_homepage_panel&amp;amp%3bamp%3bamp%3bamp%3bamp%3bamp%3bamp%3bamp%3bamp%3bamp%3bamp%3beid=ARCoxULa66767kIgF_KYav6VdjXTI4yk_LW4yoVO9s6NXpysgb7Cb65vpxcxgqzOAKvIbLQxaAETcqHT\" \/>\n<meta property=\"article:published_time\" content=\"2020-12-22T16:54:55+00:00\" \/>\n<meta property=\"article:modified_time\" content=\"2020-12-22T16:55:05+00:00\" \/>\n<meta property=\"og:image\" content=\"https:\/\/congovirtuel.com\/information\/wp-content\/uploads\/2020\/12\/exsulum_rwanda.jpg\" \/>\n\t<meta property=\"og:image:width\" content=\"870\" \/>\n\t<meta property=\"og:image:height\" content=\"653\" \/>\n\t<meta property=\"og:image:type\" content=\"image\/jpeg\" \/>\n<meta name=\"author\" content=\"infocongovirtuel\" \/>\n<meta name=\"twitter:card\" content=\"summary_large_image\" \/>\n<meta name=\"twitter:creator\" content=\"@congovirtuel\" \/>\n<meta name=\"twitter:site\" content=\"@congovirtuel\" \/>\n<meta name=\"twitter:label1\" content=\"\u00c9crit par\" \/>\n\t<meta name=\"twitter:data1\" content=\"infocongovirtuel\" \/>\n\t<meta name=\"twitter:label2\" content=\"Dur\u00e9e de lecture estim\u00e9e\" \/>\n\t<meta name=\"twitter:data2\" content=\"3 minutes\" \/>\n<script type=\"application\/ld+json\" class=\"yoast-schema-graph\">{\"@context\":\"https:\\\/\\\/schema.org\",\"@graph\":[{\"@type\":\"Article\",\"@id\":\"https:\\\/\\\/congovirtuel.com\\\/information\\\/le-rwanda-devrait-cesser-denfermer-les-pauvres\\\/#article\",\"isPartOf\":{\"@id\":\"https:\\\/\\\/congovirtuel.com\\\/information\\\/le-rwanda-devrait-cesser-denfermer-les-pauvres\\\/\"},\"author\":{\"name\":\"infocongovirtuel\",\"@id\":\"https:\\\/\\\/congovirtuel.com\\\/information\\\/#\\\/schema\\\/person\\\/739a44bf7990966cb53d58d2fdeca0b6\"},\"headline\":\"Le Rwanda devrait cesser d\u2019enfermer les pauvres\",\"datePublished\":\"2020-12-22T16:54:55+00:00\",\"dateModified\":\"2020-12-22T16:55:05+00:00\",\"mainEntityOfPage\":{\"@id\":\"https:\\\/\\\/congovirtuel.com\\\/information\\\/le-rwanda-devrait-cesser-denfermer-les-pauvres\\\/\"},\"wordCount\":589,\"commentCount\":0,\"publisher\":{\"@id\":\"https:\\\/\\\/congovirtuel.com\\\/information\\\/#organization\"},\"image\":{\"@id\":\"https:\\\/\\\/congovirtuel.com\\\/information\\\/le-rwanda-devrait-cesser-denfermer-les-pauvres\\\/#primaryimage\"},\"thumbnailUrl\":\"https:\\\/\\\/congovirtuel.com\\\/information\\\/wp-content\\\/uploads\\\/2020\\\/12\\\/exsulum_rwanda.jpg\",\"keywords\":[\"pauvres enferm\u00e9s au Rwanda\"],\"articleSection\":[\"Rwanda\"],\"inLanguage\":\"fr-FR\",\"potentialAction\":[{\"@type\":\"CommentAction\",\"name\":\"Comment\",\"target\":[\"https:\\\/\\\/congovirtuel.com\\\/information\\\/le-rwanda-devrait-cesser-denfermer-les-pauvres\\\/#respond\"]}]},{\"@type\":\"WebPage\",\"@id\":\"https:\\\/\\\/congovirtuel.com\\\/information\\\/le-rwanda-devrait-cesser-denfermer-les-pauvres\\\/\",\"url\":\"https:\\\/\\\/congovirtuel.com\\\/information\\\/le-rwanda-devrait-cesser-denfermer-les-pauvres\\\/\",\"name\":\"Le Rwanda devrait cesser d\u2019enfermer les pauvres - Actualit\u00e9s congolaises et internationales\",\"isPartOf\":{\"@id\":\"https:\\\/\\\/congovirtuel.com\\\/information\\\/#website\"},\"primaryImageOfPage\":{\"@id\":\"https:\\\/\\\/congovirtuel.com\\\/information\\\/le-rwanda-devrait-cesser-denfermer-les-pauvres\\\/#primaryimage\"},\"image\":{\"@id\":\"https:\\\/\\\/congovirtuel.com\\\/information\\\/le-rwanda-devrait-cesser-denfermer-les-pauvres\\\/#primaryimage\"},\"thumbnailUrl\":\"https:\\\/\\\/congovirtuel.com\\\/information\\\/wp-content\\\/uploads\\\/2020\\\/12\\\/exsulum_rwanda.jpg\",\"datePublished\":\"2020-12-22T16:54:55+00:00\",\"dateModified\":\"2020-12-22T16:55:05+00:00\",\"breadcrumb\":{\"@id\":\"https:\\\/\\\/congovirtuel.com\\\/information\\\/le-rwanda-devrait-cesser-denfermer-les-pauvres\\\/#breadcrumb\"},\"inLanguage\":\"fr-FR\",\"potentialAction\":[{\"@type\":\"ReadAction\",\"target\":[\"https:\\\/\\\/congovirtuel.com\\\/information\\\/le-rwanda-devrait-cesser-denfermer-les-pauvres\\\/\"]}]},{\"@type\":\"ImageObject\",\"inLanguage\":\"fr-FR\",\"@id\":\"https:\\\/\\\/congovirtuel.com\\\/information\\\/le-rwanda-devrait-cesser-denfermer-les-pauvres\\\/#primaryimage\",\"url\":\"https:\\\/\\\/congovirtuel.com\\\/information\\\/wp-content\\\/uploads\\\/2020\\\/12\\\/exsulum_rwanda.jpg\",\"contentUrl\":\"https:\\\/\\\/congovirtuel.com\\\/information\\\/wp-content\\\/uploads\\\/2020\\\/12\\\/exsulum_rwanda.jpg\",\"width\":870,\"height\":653,\"caption\":\"exsulum_rwanda\"},{\"@type\":\"BreadcrumbList\",\"@id\":\"https:\\\/\\\/congovirtuel.com\\\/information\\\/le-rwanda-devrait-cesser-denfermer-les-pauvres\\\/#breadcrumb\",\"itemListElement\":[{\"@type\":\"ListItem\",\"position\":1,\"name\":\"Accueil\",\"item\":\"https:\\\/\\\/congovirtuel.com\\\/information\\\/\"},{\"@type\":\"ListItem\",\"position\":2,\"name\":\"Le Rwanda devrait cesser d\u2019enfermer les pauvres\"}]},{\"@type\":\"WebSite\",\"@id\":\"https:\\\/\\\/congovirtuel.com\\\/information\\\/#website\",\"url\":\"https:\\\/\\\/congovirtuel.com\\\/information\\\/\",\"name\":\"Actualit\u00e9s congolaises et internationales\",\"description\":\"site d&#039;analyse et de traitement d&#039;information\",\"publisher\":{\"@id\":\"https:\\\/\\\/congovirtuel.com\\\/information\\\/#organization\"},\"potentialAction\":[{\"@type\":\"SearchAction\",\"target\":{\"@type\":\"EntryPoint\",\"urlTemplate\":\"https:\\\/\\\/congovirtuel.com\\\/information\\\/?s={search_term_string}\"},\"query-input\":{\"@type\":\"PropertyValueSpecification\",\"valueRequired\":true,\"valueName\":\"search_term_string\"}}],\"inLanguage\":\"fr-FR\"},{\"@type\":\"Organization\",\"@id\":\"https:\\\/\\\/congovirtuel.com\\\/information\\\/#organization\",\"name\":\"Biblioth\u00e8que Virtuelle de la RDC\",\"url\":\"https:\\\/\\\/congovirtuel.com\\\/information\\\/\",\"logo\":{\"@type\":\"ImageObject\",\"inLanguage\":\"fr-FR\",\"@id\":\"https:\\\/\\\/congovirtuel.com\\\/information\\\/#\\\/schema\\\/logo\\\/image\\\/\",\"url\":\"https:\\\/\\\/congovirtuel.com\\\/information\\\/wp-content\\\/uploads\\\/2018\\\/10\\\/header-info-congovirtuel-vraie.jpg\",\"contentUrl\":\"https:\\\/\\\/congovirtuel.com\\\/information\\\/wp-content\\\/uploads\\\/2018\\\/10\\\/header-info-congovirtuel-vraie.jpg\",\"width\":728,\"height\":90,\"caption\":\"Biblioth\u00e8que Virtuelle de la RDC\"},\"image\":{\"@id\":\"https:\\\/\\\/congovirtuel.com\\\/information\\\/#\\\/schema\\\/logo\\\/image\\\/\"},\"sameAs\":[\"https:\\\/\\\/web.facebook.com\\\/Congovirtuel-763617960319601\\\/?ref=aymt_homepage_panel&amp;amp;amp;amp;amp;amp;amp;amp;amp;amp;amp;eid=ARCoxULa66767kIgF_KYav6VdjXTI4yk_LW4yoVO9s6NXpysgb7Cb65vpxcxgqzOAKvIbLQxaAETcqHT\",\"https:\\\/\\\/x.com\\\/congovirtuel\",\"https:\\\/\\\/www.youtube.com\\\/channel\\\/UCkFfprYzGgS3EWNpeMXpToQ?view_as=subscriber\"]},{\"@type\":\"Person\",\"@id\":\"https:\\\/\\\/congovirtuel.com\\\/information\\\/#\\\/schema\\\/person\\\/739a44bf7990966cb53d58d2fdeca0b6\",\"name\":\"infocongovirtuel\",\"image\":{\"@type\":\"ImageObject\",\"inLanguage\":\"fr-FR\",\"@id\":\"https:\\\/\\\/secure.gravatar.com\\\/avatar\\\/4d76991aa72469f0eb22e772586c99113c6997f88da636a9db8f2ce3a2c05e69?s=96&d=mm&r=g\",\"url\":\"https:\\\/\\\/secure.gravatar.com\\\/avatar\\\/4d76991aa72469f0eb22e772586c99113c6997f88da636a9db8f2ce3a2c05e69?s=96&d=mm&r=g\",\"contentUrl\":\"https:\\\/\\\/secure.gravatar.com\\\/avatar\\\/4d76991aa72469f0eb22e772586c99113c6997f88da636a9db8f2ce3a2c05e69?s=96&d=mm&r=g\",\"caption\":\"infocongovirtuel\"},\"url\":\"https:\\\/\\\/congovirtuel.com\\\/information\\\/author\\\/infocongovirtuel\\\/\"}]}<\/script>\n<!-- \/ Yoast SEO plugin. -->","yoast_head_json":{"title":"Le Rwanda devrait cesser d\u2019enfermer les pauvres - Actualit\u00e9s congolaises et internationales","robots":{"index":"index","follow":"follow","max-snippet":"max-snippet:-1","max-image-preview":"max-image-preview:large","max-video-preview":"max-video-preview:-1"},"canonical":"https:\/\/congovirtuel.com\/information\/le-rwanda-devrait-cesser-denfermer-les-pauvres\/","og_locale":"fr_FR","og_type":"article","og_title":"Le Rwanda devrait cesser d\u2019enfermer les pauvres - Actualit\u00e9s congolaises et internationales","og_description":"La Cour africaine des droits de l\u2019homme et des peuples a soutenu que les lois permettant la d\u00e9tention de personnes qui, souvent par pauvret\u00e9, sont contraintes de vivre dans la rue violent le droit relatif aux droits humains. Le 4&nbsp;d\u00e9cembre, la cour r\u00e9gionale des droits humains a prononc\u00e9 un&nbsp;jugement&nbsp;d\u00e9fendant les droits des personnes consid\u00e9r\u00e9es comme des \u00ab&nbsp;vagabonds&nbsp;\u00bb par l\u2019\u00c9tat. Le jugement, rendu en r\u00e9ponse \u00e0 une&nbsp;demande de l\u2019Union panafricaine des avocats, a conclu que les lois permettant le d\u00e9placement de force ou l\u2019arrestation sans mandat d\u2019une personne d\u00e9clar\u00e9e comme \u00ab&nbsp;vagabonde&nbsp;\u00bb&hellip;","og_url":"https:\/\/congovirtuel.com\/information\/le-rwanda-devrait-cesser-denfermer-les-pauvres\/","og_site_name":"Actualit\u00e9s congolaises et internationales","article_publisher":"https:\/\/web.facebook.com\/Congovirtuel-763617960319601\/?ref=aymt_homepage_panel&amp%3bamp%3bamp%3bamp%3bamp%3bamp%3bamp%3bamp%3bamp%3bamp%3bamp%3beid=ARCoxULa66767kIgF_KYav6VdjXTI4yk_LW4yoVO9s6NXpysgb7Cb65vpxcxgqzOAKvIbLQxaAETcqHT","article_published_time":"2020-12-22T16:54:55+00:00","article_modified_time":"2020-12-22T16:55:05+00:00","og_image":[{"width":870,"height":653,"url":"https:\/\/congovirtuel.com\/information\/wp-content\/uploads\/2020\/12\/exsulum_rwanda.jpg","type":"image\/jpeg"}],"author":"infocongovirtuel","twitter_card":"summary_large_image","twitter_creator":"@congovirtuel","twitter_site":"@congovirtuel","twitter_misc":{"\u00c9crit par":"infocongovirtuel","Dur\u00e9e de lecture estim\u00e9e":"3 minutes"},"schema":{"@context":"https:\/\/schema.org","@graph":[{"@type":"Article","@id":"https:\/\/congovirtuel.com\/information\/le-rwanda-devrait-cesser-denfermer-les-pauvres\/#article","isPartOf":{"@id":"https:\/\/congovirtuel.com\/information\/le-rwanda-devrait-cesser-denfermer-les-pauvres\/"},"author":{"name":"infocongovirtuel","@id":"https:\/\/congovirtuel.com\/information\/#\/schema\/person\/739a44bf7990966cb53d58d2fdeca0b6"},"headline":"Le Rwanda devrait cesser d\u2019enfermer les pauvres","datePublished":"2020-12-22T16:54:55+00:00","dateModified":"2020-12-22T16:55:05+00:00","mainEntityOfPage":{"@id":"https:\/\/congovirtuel.com\/information\/le-rwanda-devrait-cesser-denfermer-les-pauvres\/"},"wordCount":589,"commentCount":0,"publisher":{"@id":"https:\/\/congovirtuel.com\/information\/#organization"},"image":{"@id":"https:\/\/congovirtuel.com\/information\/le-rwanda-devrait-cesser-denfermer-les-pauvres\/#primaryimage"},"thumbnailUrl":"https:\/\/congovirtuel.com\/information\/wp-content\/uploads\/2020\/12\/exsulum_rwanda.jpg","keywords":["pauvres enferm\u00e9s au Rwanda"],"articleSection":["Rwanda"],"inLanguage":"fr-FR","potentialAction":[{"@type":"CommentAction","name":"Comment","target":["https:\/\/congovirtuel.com\/information\/le-rwanda-devrait-cesser-denfermer-les-pauvres\/#respond"]}]},{"@type":"WebPage","@id":"https:\/\/congovirtuel.com\/information\/le-rwanda-devrait-cesser-denfermer-les-pauvres\/","url":"https:\/\/congovirtuel.com\/information\/le-rwanda-devrait-cesser-denfermer-les-pauvres\/","name":"Le Rwanda devrait cesser d\u2019enfermer les pauvres - Actualit\u00e9s congolaises et internationales","isPartOf":{"@id":"https:\/\/congovirtuel.com\/information\/#website"},"primaryImageOfPage":{"@id":"https:\/\/congovirtuel.com\/information\/le-rwanda-devrait-cesser-denfermer-les-pauvres\/#primaryimage"},"image":{"@id":"https:\/\/congovirtuel.com\/information\/le-rwanda-devrait-cesser-denfermer-les-pauvres\/#primaryimage"},"thumbnailUrl":"https:\/\/congovirtuel.com\/information\/wp-content\/uploads\/2020\/12\/exsulum_rwanda.jpg","datePublished":"2020-12-22T16:54:55+00:00","dateModified":"2020-12-22T16:55:05+00:00","breadcrumb":{"@id":"https:\/\/congovirtuel.com\/information\/le-rwanda-devrait-cesser-denfermer-les-pauvres\/#breadcrumb"},"inLanguage":"fr-FR","potentialAction":[{"@type":"ReadAction","target":["https:\/\/congovirtuel.com\/information\/le-rwanda-devrait-cesser-denfermer-les-pauvres\/"]}]},{"@type":"ImageObject","inLanguage":"fr-FR","@id":"https:\/\/congovirtuel.com\/information\/le-rwanda-devrait-cesser-denfermer-les-pauvres\/#primaryimage","url":"https:\/\/congovirtuel.com\/information\/wp-content\/uploads\/2020\/12\/exsulum_rwanda.jpg","contentUrl":"https:\/\/congovirtuel.com\/information\/wp-content\/uploads\/2020\/12\/exsulum_rwanda.jpg","width":870,"height":653,"caption":"exsulum_rwanda"},{"@type":"BreadcrumbList","@id":"https:\/\/congovirtuel.com\/information\/le-rwanda-devrait-cesser-denfermer-les-pauvres\/#breadcrumb","itemListElement":[{"@type":"ListItem","position":1,"name":"Accueil","item":"https:\/\/congovirtuel.com\/information\/"},{"@type":"ListItem","position":2,"name":"Le Rwanda devrait cesser d\u2019enfermer les pauvres"}]},{"@type":"WebSite","@id":"https:\/\/congovirtuel.com\/information\/#website","url":"https:\/\/congovirtuel.com\/information\/","name":"Actualit\u00e9s congolaises et internationales","description":"site d&#039;analyse et de traitement d&#039;information","publisher":{"@id":"https:\/\/congovirtuel.com\/information\/#organization"},"potentialAction":[{"@type":"SearchAction","target":{"@type":"EntryPoint","urlTemplate":"https:\/\/congovirtuel.com\/information\/?s={search_term_string}"},"query-input":{"@type":"PropertyValueSpecification","valueRequired":true,"valueName":"search_term_string"}}],"inLanguage":"fr-FR"},{"@type":"Organization","@id":"https:\/\/congovirtuel.com\/information\/#organization","name":"Biblioth\u00e8que Virtuelle de la RDC","url":"https:\/\/congovirtuel.com\/information\/","logo":{"@type":"ImageObject","inLanguage":"fr-FR","@id":"https:\/\/congovirtuel.com\/information\/#\/schema\/logo\/image\/","url":"https:\/\/congovirtuel.com\/information\/wp-content\/uploads\/2018\/10\/header-info-congovirtuel-vraie.jpg","contentUrl":"https:\/\/congovirtuel.com\/information\/wp-content\/uploads\/2018\/10\/header-info-congovirtuel-vraie.jpg","width":728,"height":90,"caption":"Biblioth\u00e8que Virtuelle de la RDC"},"image":{"@id":"https:\/\/congovirtuel.com\/information\/#\/schema\/logo\/image\/"},"sameAs":["https:\/\/web.facebook.com\/Congovirtuel-763617960319601\/?ref=aymt_homepage_panel&amp;amp;amp;amp;amp;amp;amp;amp;amp;amp;amp;eid=ARCoxULa66767kIgF_KYav6VdjXTI4yk_LW4yoVO9s6NXpysgb7Cb65vpxcxgqzOAKvIbLQxaAETcqHT","https:\/\/x.com\/congovirtuel","https:\/\/www.youtube.com\/channel\/UCkFfprYzGgS3EWNpeMXpToQ?view_as=subscriber"]},{"@type":"Person","@id":"https:\/\/congovirtuel.com\/information\/#\/schema\/person\/739a44bf7990966cb53d58d2fdeca0b6","name":"infocongovirtuel","image":{"@type":"ImageObject","inLanguage":"fr-FR","@id":"https:\/\/secure.gravatar.com\/avatar\/4d76991aa72469f0eb22e772586c99113c6997f88da636a9db8f2ce3a2c05e69?s=96&d=mm&r=g","url":"https:\/\/secure.gravatar.com\/avatar\/4d76991aa72469f0eb22e772586c99113c6997f88da636a9db8f2ce3a2c05e69?s=96&d=mm&r=g","contentUrl":"https:\/\/secure.gravatar.com\/avatar\/4d76991aa72469f0eb22e772586c99113c6997f88da636a9db8f2ce3a2c05e69?s=96&d=mm&r=g","caption":"infocongovirtuel"},"url":"https:\/\/congovirtuel.com\/information\/author\/infocongovirtuel\/"}]}},"gt_translate_keys":[{"key":"link","format":"url"}],"_links":{"self":[{"href":"https:\/\/congovirtuel.com\/information\/wp-json\/wp\/v2\/posts\/4981","targetHints":{"allow":["GET"]}}],"collection":[{"href":"https:\/\/congovirtuel.com\/information\/wp-json\/wp\/v2\/posts"}],"about":[{"href":"https:\/\/congovirtuel.com\/information\/wp-json\/wp\/v2\/types\/post"}],"author":[{"embeddable":true,"href":"https:\/\/congovirtuel.com\/information\/wp-json\/wp\/v2\/users\/1"}],"replies":[{"embeddable":true,"href":"https:\/\/congovirtuel.com\/information\/wp-json\/wp\/v2\/comments?post=4981"}],"version-history":[{"count":1,"href":"https:\/\/congovirtuel.com\/information\/wp-json\/wp\/v2\/posts\/4981\/revisions"}],"predecessor-version":[{"id":4983,"href":"https:\/\/congovirtuel.com\/information\/wp-json\/wp\/v2\/posts\/4981\/revisions\/4983"}],"wp:featuredmedia":[{"embeddable":true,"href":"https:\/\/congovirtuel.com\/information\/wp-json\/wp\/v2\/media\/4982"}],"wp:attachment":[{"href":"https:\/\/congovirtuel.com\/information\/wp-json\/wp\/v2\/media?parent=4981"}],"wp:term":[{"taxonomy":"category","embeddable":true,"href":"https:\/\/congovirtuel.com\/information\/wp-json\/wp\/v2\/categories?post=4981"},{"taxonomy":"post_tag","embeddable":true,"href":"https:\/\/congovirtuel.com\/information\/wp-json\/wp\/v2\/tags?post=4981"}],"curies":[{"name":"wp","href":"https:\/\/api.w.org\/{rel}","templated":true}]}}