{"id":5085,"date":"2020-12-26T13:00:36","date_gmt":"2020-12-26T12:00:36","guid":{"rendered":"https:\/\/congovirtuel.com\/information\/?p=5085"},"modified":"2020-12-26T13:00:53","modified_gmt":"2020-12-26T12:00:53","slug":"rdc-remise-et-reprise-a-lassemblee-nationale-jeanine-mabunda-prete-pour-ce-samedi","status":"publish","type":"post","link":"https:\/\/congovirtuel.com\/information\/rdc-remise-et-reprise-a-lassemblee-nationale-jeanine-mabunda-prete-pour-ce-samedi\/","title":{"rendered":"RDC: Remise et reprise \u00e0 l&rsquo;Assembl\u00e9e nationale : Jeanine Mabunda pr\u00eate pour ce samedi","gt_translate_keys":[{"key":"rendered","format":"text"}]},"content":{"rendered":"\n<p class=\"wp-block-paragraph\">Dans une correspondance adress\u00e9e au bureau d\u2019\u00e2ge en date du 23 d\u00e9cembre dernier, l\u2019ex-pr\u00e9sidente, Jeanine &nbsp;Mabunda a indiqu\u00e9 qu\u2019il s\u2019agit bel et bien d\u2019une ex\u00e9cution de l\u2019arr\u00eat de la Cour constitutionnelle rendu le 15 d\u00e9cembre de l\u2019ann\u00e9e en cours, qu\u2019elle mettrait les cl\u00e9s de son bureau et de celui du secr\u00e9tariat g\u00e9n\u00e9ral \u00e0 la disposition de l\u2019actuelle administration.<\/p>\n\n\n\n<p class=\"wp-block-paragraph\">\u00ab En effet, c&rsquo;est dans une d\u00e9marche r\u00e9publicaine, depuis le vendredi 18 d\u00e9cembre 2020, que nous avions \u00e9chang\u00e9 sur l&rsquo;organisation de cette remise et reprise, d\u00e8s lors que la Cour constitutionnelle a jug\u00e9 dans son arr\u00eat susmentionn\u00e9 que les dispositions de notre R\u00e8glement Int\u00e9rieur relatives au bureau provisoire s&rsquo;appliquent mutatis mutandis \u00e0 votre bureau d&rsquo;\u00e2ge \u00bb, indique le document.<\/p>\n\n\n\n<p class=\"wp-block-paragraph\">\u00ab Je salue la cordialit\u00e9 de nos \u00e9changes tr\u00e8s positifs sur les modalit\u00e9s de cette remise et reprise, et note que votre r\u00e9cente indisponibilit\u00e9 pour des raisons de sant\u00e9 n&rsquo;avait pas permis la finalisation du processus et la tenue de la c\u00e9r\u00e9monie que le bureau sortant avait sugg\u00e9r\u00e9 de tenir en d\u00e9but de semaine (semaine du 21 d\u00e9cembre 2020) \u00bb, poursuit &nbsp;la correspondance.<\/p>\n\n\n\n<p class=\"wp-block-paragraph\">Et de signaler que le bureau Mabunda avait d\u00e9j\u00e0 transmis \u00e0 l\u2019\u00e9quipe de Mboso N\u2019Kodia le projet t du proc\u00e8s-verbal de remise et reprise et toute la documentation n\u00e9cessaire et se dit enti\u00e8rement dispos\u00e9e pour la c\u00e9r\u00e9monie de ce samedi.<\/p>\n\n\n\n<p class=\"wp-block-paragraph\">Avant de pr\u00e9ciser qu\u2019une session extraordinaire est toujours attendue \u00e0 l\u2019Assembl\u00e9e nationale en vue de proc\u00e9der \u00e0 l\u2019\u00e9lection et l\u2019installation d\u2019un bureau d\u00e9finitif.<\/p>\n\n\n\n<p class=\"wp-block-paragraph\"><strong>Gis\u00e8le Mbuyi\/Digital<\/strong><\/p>\n","protected":false,"gt_translate_keys":[{"key":"rendered","format":"html"}]},"excerpt":{"rendered":"<p>Dans une correspondance adress\u00e9e au bureau d\u2019\u00e2ge en date du 23 d\u00e9cembre dernier, l\u2019ex-pr\u00e9sidente, Jeanine &nbsp;Mabunda a indiqu\u00e9 qu\u2019il s\u2019agit bel et bien d\u2019une ex\u00e9cution de l\u2019arr\u00eat de la Cour constitutionnelle rendu le 15 d\u00e9cembre de l\u2019ann\u00e9e en cours, qu\u2019elle mettrait les cl\u00e9s de son bureau et de celui du secr\u00e9tariat g\u00e9n\u00e9ral \u00e0 la disposition de l\u2019actuelle administration. \u00ab En effet, c&rsquo;est dans une d\u00e9marche r\u00e9publicaine, depuis le vendredi 18 d\u00e9cembre 2020, que nous avions \u00e9chang\u00e9 sur l&rsquo;organisation de cette remise et reprise, d\u00e8s lors que la Cour constitutionnelle a&hellip;<\/p>\n","protected":false,"gt_translate_keys":[{"key":"rendered","format":"html"}]},"author":1,"featured_media":4220,"comment_status":"open","ping_status":"open","sticky":false,"template":"","format":"standard","meta":{"_crdt_document":"","footnotes":""},"categories":[343],"tags":[4334],"class_list":["post-5085","post","type-post","status-publish","format-standard","has-post-thumbnail","hentry","category-parlement","tag-remise-et-reprise-bureau-age-bureau-mabunda"],"gutentor_comment":0,"yoast_head":"<!-- This site is optimized with the Yoast SEO plugin v27.5 - https:\/\/yoast.com\/product\/yoast-seo-wordpress\/ -->\n<title>RDC: Remise et reprise \u00e0 l&#039;Assembl\u00e9e nationale : Jeanine Mabunda pr\u00eate pour ce samedi - Actualit\u00e9s congolaises et internationales<\/title>\n<meta name=\"robots\" content=\"index, follow, max-snippet:-1, max-image-preview:large, max-video-preview:-1\" \/>\n<link rel=\"canonical\" href=\"https:\/\/congovirtuel.com\/information\/rdc-remise-et-reprise-a-lassemblee-nationale-jeanine-mabunda-prete-pour-ce-samedi\/\" \/>\n<meta property=\"og:locale\" content=\"fr_FR\" \/>\n<meta property=\"og:type\" content=\"article\" \/>\n<meta property=\"og:title\" content=\"RDC: Remise et reprise \u00e0 l&#039;Assembl\u00e9e nationale : Jeanine Mabunda pr\u00eate pour ce samedi - Actualit\u00e9s congolaises et internationales\" \/>\n<meta property=\"og:description\" content=\"Dans une correspondance adress\u00e9e au bureau d\u2019\u00e2ge en date du 23 d\u00e9cembre dernier, l\u2019ex-pr\u00e9sidente, Jeanine &nbsp;Mabunda a indiqu\u00e9 qu\u2019il s\u2019agit bel et bien d\u2019une ex\u00e9cution de l\u2019arr\u00eat de la Cour constitutionnelle rendu le 15 d\u00e9cembre de l\u2019ann\u00e9e en cours, qu\u2019elle mettrait les cl\u00e9s de son bureau et de celui du secr\u00e9tariat g\u00e9n\u00e9ral \u00e0 la disposition de l\u2019actuelle administration. \u00ab En effet, c&rsquo;est dans une d\u00e9marche r\u00e9publicaine, depuis le vendredi 18 d\u00e9cembre 2020, que nous avions \u00e9chang\u00e9 sur l&rsquo;organisation de cette remise et reprise, d\u00e8s lors que la Cour constitutionnelle a&hellip;\" \/>\n<meta property=\"og:url\" content=\"https:\/\/congovirtuel.com\/information\/rdc-remise-et-reprise-a-lassemblee-nationale-jeanine-mabunda-prete-pour-ce-samedi\/\" \/>\n<meta property=\"og:site_name\" content=\"Actualit\u00e9s congolaises et internationales\" \/>\n<meta property=\"article:publisher\" content=\"https:\/\/web.facebook.com\/Congovirtuel-763617960319601\/?ref=aymt_homepage_panel&amp;amp%3bamp%3bamp%3bamp%3bamp%3bamp%3bamp%3bamp%3bamp%3bamp%3bamp%3beid=ARCoxULa66767kIgF_KYav6VdjXTI4yk_LW4yoVO9s6NXpysgb7Cb65vpxcxgqzOAKvIbLQxaAETcqHT\" \/>\n<meta property=\"article:published_time\" content=\"2020-12-26T12:00:36+00:00\" \/>\n<meta property=\"article:modified_time\" content=\"2020-12-26T12:00:53+00:00\" \/>\n<meta property=\"og:image\" content=\"https:\/\/congovirtuel.com\/information\/wp-content\/uploads\/2020\/11\/mabunda_jeanine-1013-x-675.jpg\" \/>\n\t<meta property=\"og:image:width\" content=\"1013\" \/>\n\t<meta property=\"og:image:height\" content=\"675\" \/>\n\t<meta property=\"og:image:type\" content=\"image\/jpeg\" \/>\n<meta name=\"author\" content=\"infocongovirtuel\" \/>\n<meta name=\"twitter:card\" content=\"summary_large_image\" \/>\n<meta name=\"twitter:creator\" content=\"@congovirtuel\" \/>\n<meta name=\"twitter:site\" content=\"@congovirtuel\" \/>\n<meta name=\"twitter:label1\" content=\"\u00c9crit par\" \/>\n\t<meta name=\"twitter:data1\" content=\"infocongovirtuel\" \/>\n\t<meta name=\"twitter:label2\" content=\"Dur\u00e9e de lecture estim\u00e9e\" \/>\n\t<meta name=\"twitter:data2\" content=\"1 minute\" \/>\n<script type=\"application\/ld+json\" class=\"yoast-schema-graph\">{\"@context\":\"https:\\\/\\\/schema.org\",\"@graph\":[{\"@type\":\"Article\",\"@id\":\"https:\\\/\\\/congovirtuel.com\\\/information\\\/rdc-remise-et-reprise-a-lassemblee-nationale-jeanine-mabunda-prete-pour-ce-samedi\\\/#article\",\"isPartOf\":{\"@id\":\"https:\\\/\\\/congovirtuel.com\\\/information\\\/rdc-remise-et-reprise-a-lassemblee-nationale-jeanine-mabunda-prete-pour-ce-samedi\\\/\"},\"author\":{\"name\":\"infocongovirtuel\",\"@id\":\"https:\\\/\\\/congovirtuel.com\\\/information\\\/#\\\/schema\\\/person\\\/739a44bf7990966cb53d58d2fdeca0b6\"},\"headline\":\"RDC: Remise et reprise \u00e0 l&rsquo;Assembl\u00e9e nationale : Jeanine Mabunda pr\u00eate pour ce samedi\",\"datePublished\":\"2020-12-26T12:00:36+00:00\",\"dateModified\":\"2020-12-26T12:00:53+00:00\",\"mainEntityOfPage\":{\"@id\":\"https:\\\/\\\/congovirtuel.com\\\/information\\\/rdc-remise-et-reprise-a-lassemblee-nationale-jeanine-mabunda-prete-pour-ce-samedi\\\/\"},\"wordCount\":307,\"commentCount\":0,\"publisher\":{\"@id\":\"https:\\\/\\\/congovirtuel.com\\\/information\\\/#organization\"},\"image\":{\"@id\":\"https:\\\/\\\/congovirtuel.com\\\/information\\\/rdc-remise-et-reprise-a-lassemblee-nationale-jeanine-mabunda-prete-pour-ce-samedi\\\/#primaryimage\"},\"thumbnailUrl\":\"https:\\\/\\\/congovirtuel.com\\\/information\\\/wp-content\\\/uploads\\\/2020\\\/11\\\/mabunda_jeanine-1013-x-675.jpg\",\"keywords\":[\"remise et reprise bureau \u00e2ge bureau mabunda\"],\"articleSection\":[\"Parlement\"],\"inLanguage\":\"fr-FR\",\"potentialAction\":[{\"@type\":\"CommentAction\",\"name\":\"Comment\",\"target\":[\"https:\\\/\\\/congovirtuel.com\\\/information\\\/rdc-remise-et-reprise-a-lassemblee-nationale-jeanine-mabunda-prete-pour-ce-samedi\\\/#respond\"]}]},{\"@type\":\"WebPage\",\"@id\":\"https:\\\/\\\/congovirtuel.com\\\/information\\\/rdc-remise-et-reprise-a-lassemblee-nationale-jeanine-mabunda-prete-pour-ce-samedi\\\/\",\"url\":\"https:\\\/\\\/congovirtuel.com\\\/information\\\/rdc-remise-et-reprise-a-lassemblee-nationale-jeanine-mabunda-prete-pour-ce-samedi\\\/\",\"name\":\"RDC: Remise et reprise \u00e0 l'Assembl\u00e9e nationale : Jeanine Mabunda pr\u00eate pour ce samedi - Actualit\u00e9s congolaises et internationales\",\"isPartOf\":{\"@id\":\"https:\\\/\\\/congovirtuel.com\\\/information\\\/#website\"},\"primaryImageOfPage\":{\"@id\":\"https:\\\/\\\/congovirtuel.com\\\/information\\\/rdc-remise-et-reprise-a-lassemblee-nationale-jeanine-mabunda-prete-pour-ce-samedi\\\/#primaryimage\"},\"image\":{\"@id\":\"https:\\\/\\\/congovirtuel.com\\\/information\\\/rdc-remise-et-reprise-a-lassemblee-nationale-jeanine-mabunda-prete-pour-ce-samedi\\\/#primaryimage\"},\"thumbnailUrl\":\"https:\\\/\\\/congovirtuel.com\\\/information\\\/wp-content\\\/uploads\\\/2020\\\/11\\\/mabunda_jeanine-1013-x-675.jpg\",\"datePublished\":\"2020-12-26T12:00:36+00:00\",\"dateModified\":\"2020-12-26T12:00:53+00:00\",\"breadcrumb\":{\"@id\":\"https:\\\/\\\/congovirtuel.com\\\/information\\\/rdc-remise-et-reprise-a-lassemblee-nationale-jeanine-mabunda-prete-pour-ce-samedi\\\/#breadcrumb\"},\"inLanguage\":\"fr-FR\",\"potentialAction\":[{\"@type\":\"ReadAction\",\"target\":[\"https:\\\/\\\/congovirtuel.com\\\/information\\\/rdc-remise-et-reprise-a-lassemblee-nationale-jeanine-mabunda-prete-pour-ce-samedi\\\/\"]}]},{\"@type\":\"ImageObject\",\"inLanguage\":\"fr-FR\",\"@id\":\"https:\\\/\\\/congovirtuel.com\\\/information\\\/rdc-remise-et-reprise-a-lassemblee-nationale-jeanine-mabunda-prete-pour-ce-samedi\\\/#primaryimage\",\"url\":\"https:\\\/\\\/congovirtuel.com\\\/information\\\/wp-content\\\/uploads\\\/2020\\\/11\\\/mabunda_jeanine-1013-x-675.jpg\",\"contentUrl\":\"https:\\\/\\\/congovirtuel.com\\\/information\\\/wp-content\\\/uploads\\\/2020\\\/11\\\/mabunda_jeanine-1013-x-675.jpg\",\"width\":1013,\"height\":675,\"caption\":\"mabunda jeanine\"},{\"@type\":\"BreadcrumbList\",\"@id\":\"https:\\\/\\\/congovirtuel.com\\\/information\\\/rdc-remise-et-reprise-a-lassemblee-nationale-jeanine-mabunda-prete-pour-ce-samedi\\\/#breadcrumb\",\"itemListElement\":[{\"@type\":\"ListItem\",\"position\":1,\"name\":\"Accueil\",\"item\":\"https:\\\/\\\/congovirtuel.com\\\/information\\\/\"},{\"@type\":\"ListItem\",\"position\":2,\"name\":\"RDC: Remise et reprise \u00e0 l&rsquo;Assembl\u00e9e nationale : Jeanine Mabunda pr\u00eate pour ce samedi\"}]},{\"@type\":\"WebSite\",\"@id\":\"https:\\\/\\\/congovirtuel.com\\\/information\\\/#website\",\"url\":\"https:\\\/\\\/congovirtuel.com\\\/information\\\/\",\"name\":\"Actualit\u00e9s congolaises et internationales\",\"description\":\"site d&#039;analyse et de traitement d&#039;information\",\"publisher\":{\"@id\":\"https:\\\/\\\/congovirtuel.com\\\/information\\\/#organization\"},\"potentialAction\":[{\"@type\":\"SearchAction\",\"target\":{\"@type\":\"EntryPoint\",\"urlTemplate\":\"https:\\\/\\\/congovirtuel.com\\\/information\\\/?s={search_term_string}\"},\"query-input\":{\"@type\":\"PropertyValueSpecification\",\"valueRequired\":true,\"valueName\":\"search_term_string\"}}],\"inLanguage\":\"fr-FR\"},{\"@type\":\"Organization\",\"@id\":\"https:\\\/\\\/congovirtuel.com\\\/information\\\/#organization\",\"name\":\"Biblioth\u00e8que Virtuelle de la RDC\",\"url\":\"https:\\\/\\\/congovirtuel.com\\\/information\\\/\",\"logo\":{\"@type\":\"ImageObject\",\"inLanguage\":\"fr-FR\",\"@id\":\"https:\\\/\\\/congovirtuel.com\\\/information\\\/#\\\/schema\\\/logo\\\/image\\\/\",\"url\":\"https:\\\/\\\/congovirtuel.com\\\/information\\\/wp-content\\\/uploads\\\/2018\\\/10\\\/header-info-congovirtuel-vraie.jpg\",\"contentUrl\":\"https:\\\/\\\/congovirtuel.com\\\/information\\\/wp-content\\\/uploads\\\/2018\\\/10\\\/header-info-congovirtuel-vraie.jpg\",\"width\":728,\"height\":90,\"caption\":\"Biblioth\u00e8que Virtuelle de la RDC\"},\"image\":{\"@id\":\"https:\\\/\\\/congovirtuel.com\\\/information\\\/#\\\/schema\\\/logo\\\/image\\\/\"},\"sameAs\":[\"https:\\\/\\\/web.facebook.com\\\/Congovirtuel-763617960319601\\\/?ref=aymt_homepage_panel&amp;amp;amp;amp;amp;amp;amp;amp;amp;amp;amp;eid=ARCoxULa66767kIgF_KYav6VdjXTI4yk_LW4yoVO9s6NXpysgb7Cb65vpxcxgqzOAKvIbLQxaAETcqHT\",\"https:\\\/\\\/x.com\\\/congovirtuel\",\"https:\\\/\\\/www.youtube.com\\\/channel\\\/UCkFfprYzGgS3EWNpeMXpToQ?view_as=subscriber\"]},{\"@type\":\"Person\",\"@id\":\"https:\\\/\\\/congovirtuel.com\\\/information\\\/#\\\/schema\\\/person\\\/739a44bf7990966cb53d58d2fdeca0b6\",\"name\":\"infocongovirtuel\",\"image\":{\"@type\":\"ImageObject\",\"inLanguage\":\"fr-FR\",\"@id\":\"https:\\\/\\\/secure.gravatar.com\\\/avatar\\\/4d76991aa72469f0eb22e772586c99113c6997f88da636a9db8f2ce3a2c05e69?s=96&d=mm&r=g\",\"url\":\"https:\\\/\\\/secure.gravatar.com\\\/avatar\\\/4d76991aa72469f0eb22e772586c99113c6997f88da636a9db8f2ce3a2c05e69?s=96&d=mm&r=g\",\"contentUrl\":\"https:\\\/\\\/secure.gravatar.com\\\/avatar\\\/4d76991aa72469f0eb22e772586c99113c6997f88da636a9db8f2ce3a2c05e69?s=96&d=mm&r=g\",\"caption\":\"infocongovirtuel\"},\"url\":\"https:\\\/\\\/congovirtuel.com\\\/information\\\/author\\\/infocongovirtuel\\\/\"}]}<\/script>\n<!-- \/ Yoast SEO plugin. -->","yoast_head_json":{"title":"RDC: Remise et reprise \u00e0 l'Assembl\u00e9e nationale : Jeanine Mabunda pr\u00eate pour ce samedi - Actualit\u00e9s congolaises et internationales","robots":{"index":"index","follow":"follow","max-snippet":"max-snippet:-1","max-image-preview":"max-image-preview:large","max-video-preview":"max-video-preview:-1"},"canonical":"https:\/\/congovirtuel.com\/information\/rdc-remise-et-reprise-a-lassemblee-nationale-jeanine-mabunda-prete-pour-ce-samedi\/","og_locale":"fr_FR","og_type":"article","og_title":"RDC: Remise et reprise \u00e0 l'Assembl\u00e9e nationale : Jeanine Mabunda pr\u00eate pour ce samedi - Actualit\u00e9s congolaises et internationales","og_description":"Dans une correspondance adress\u00e9e au bureau d\u2019\u00e2ge en date du 23 d\u00e9cembre dernier, l\u2019ex-pr\u00e9sidente, Jeanine &nbsp;Mabunda a indiqu\u00e9 qu\u2019il s\u2019agit bel et bien d\u2019une ex\u00e9cution de l\u2019arr\u00eat de la Cour constitutionnelle rendu le 15 d\u00e9cembre de l\u2019ann\u00e9e en cours, qu\u2019elle mettrait les cl\u00e9s de son bureau et de celui du secr\u00e9tariat g\u00e9n\u00e9ral \u00e0 la disposition de l\u2019actuelle administration. \u00ab En effet, c&rsquo;est dans une d\u00e9marche r\u00e9publicaine, depuis le vendredi 18 d\u00e9cembre 2020, que nous avions \u00e9chang\u00e9 sur l&rsquo;organisation de cette remise et reprise, d\u00e8s lors que la Cour constitutionnelle a&hellip;","og_url":"https:\/\/congovirtuel.com\/information\/rdc-remise-et-reprise-a-lassemblee-nationale-jeanine-mabunda-prete-pour-ce-samedi\/","og_site_name":"Actualit\u00e9s congolaises et internationales","article_publisher":"https:\/\/web.facebook.com\/Congovirtuel-763617960319601\/?ref=aymt_homepage_panel&amp%3bamp%3bamp%3bamp%3bamp%3bamp%3bamp%3bamp%3bamp%3bamp%3bamp%3beid=ARCoxULa66767kIgF_KYav6VdjXTI4yk_LW4yoVO9s6NXpysgb7Cb65vpxcxgqzOAKvIbLQxaAETcqHT","article_published_time":"2020-12-26T12:00:36+00:00","article_modified_time":"2020-12-26T12:00:53+00:00","og_image":[{"width":1013,"height":675,"url":"https:\/\/congovirtuel.com\/information\/wp-content\/uploads\/2020\/11\/mabunda_jeanine-1013-x-675.jpg","type":"image\/jpeg"}],"author":"infocongovirtuel","twitter_card":"summary_large_image","twitter_creator":"@congovirtuel","twitter_site":"@congovirtuel","twitter_misc":{"\u00c9crit par":"infocongovirtuel","Dur\u00e9e de lecture estim\u00e9e":"1 minute"},"schema":{"@context":"https:\/\/schema.org","@graph":[{"@type":"Article","@id":"https:\/\/congovirtuel.com\/information\/rdc-remise-et-reprise-a-lassemblee-nationale-jeanine-mabunda-prete-pour-ce-samedi\/#article","isPartOf":{"@id":"https:\/\/congovirtuel.com\/information\/rdc-remise-et-reprise-a-lassemblee-nationale-jeanine-mabunda-prete-pour-ce-samedi\/"},"author":{"name":"infocongovirtuel","@id":"https:\/\/congovirtuel.com\/information\/#\/schema\/person\/739a44bf7990966cb53d58d2fdeca0b6"},"headline":"RDC: Remise et reprise \u00e0 l&rsquo;Assembl\u00e9e nationale : Jeanine Mabunda pr\u00eate pour ce samedi","datePublished":"2020-12-26T12:00:36+00:00","dateModified":"2020-12-26T12:00:53+00:00","mainEntityOfPage":{"@id":"https:\/\/congovirtuel.com\/information\/rdc-remise-et-reprise-a-lassemblee-nationale-jeanine-mabunda-prete-pour-ce-samedi\/"},"wordCount":307,"commentCount":0,"publisher":{"@id":"https:\/\/congovirtuel.com\/information\/#organization"},"image":{"@id":"https:\/\/congovirtuel.com\/information\/rdc-remise-et-reprise-a-lassemblee-nationale-jeanine-mabunda-prete-pour-ce-samedi\/#primaryimage"},"thumbnailUrl":"https:\/\/congovirtuel.com\/information\/wp-content\/uploads\/2020\/11\/mabunda_jeanine-1013-x-675.jpg","keywords":["remise et reprise bureau \u00e2ge bureau mabunda"],"articleSection":["Parlement"],"inLanguage":"fr-FR","potentialAction":[{"@type":"CommentAction","name":"Comment","target":["https:\/\/congovirtuel.com\/information\/rdc-remise-et-reprise-a-lassemblee-nationale-jeanine-mabunda-prete-pour-ce-samedi\/#respond"]}]},{"@type":"WebPage","@id":"https:\/\/congovirtuel.com\/information\/rdc-remise-et-reprise-a-lassemblee-nationale-jeanine-mabunda-prete-pour-ce-samedi\/","url":"https:\/\/congovirtuel.com\/information\/rdc-remise-et-reprise-a-lassemblee-nationale-jeanine-mabunda-prete-pour-ce-samedi\/","name":"RDC: Remise et reprise \u00e0 l'Assembl\u00e9e nationale : Jeanine Mabunda pr\u00eate pour ce samedi - Actualit\u00e9s congolaises et internationales","isPartOf":{"@id":"https:\/\/congovirtuel.com\/information\/#website"},"primaryImageOfPage":{"@id":"https:\/\/congovirtuel.com\/information\/rdc-remise-et-reprise-a-lassemblee-nationale-jeanine-mabunda-prete-pour-ce-samedi\/#primaryimage"},"image":{"@id":"https:\/\/congovirtuel.com\/information\/rdc-remise-et-reprise-a-lassemblee-nationale-jeanine-mabunda-prete-pour-ce-samedi\/#primaryimage"},"thumbnailUrl":"https:\/\/congovirtuel.com\/information\/wp-content\/uploads\/2020\/11\/mabunda_jeanine-1013-x-675.jpg","datePublished":"2020-12-26T12:00:36+00:00","dateModified":"2020-12-26T12:00:53+00:00","breadcrumb":{"@id":"https:\/\/congovirtuel.com\/information\/rdc-remise-et-reprise-a-lassemblee-nationale-jeanine-mabunda-prete-pour-ce-samedi\/#breadcrumb"},"inLanguage":"fr-FR","potentialAction":[{"@type":"ReadAction","target":["https:\/\/congovirtuel.com\/information\/rdc-remise-et-reprise-a-lassemblee-nationale-jeanine-mabunda-prete-pour-ce-samedi\/"]}]},{"@type":"ImageObject","inLanguage":"fr-FR","@id":"https:\/\/congovirtuel.com\/information\/rdc-remise-et-reprise-a-lassemblee-nationale-jeanine-mabunda-prete-pour-ce-samedi\/#primaryimage","url":"https:\/\/congovirtuel.com\/information\/wp-content\/uploads\/2020\/11\/mabunda_jeanine-1013-x-675.jpg","contentUrl":"https:\/\/congovirtuel.com\/information\/wp-content\/uploads\/2020\/11\/mabunda_jeanine-1013-x-675.jpg","width":1013,"height":675,"caption":"mabunda jeanine"},{"@type":"BreadcrumbList","@id":"https:\/\/congovirtuel.com\/information\/rdc-remise-et-reprise-a-lassemblee-nationale-jeanine-mabunda-prete-pour-ce-samedi\/#breadcrumb","itemListElement":[{"@type":"ListItem","position":1,"name":"Accueil","item":"https:\/\/congovirtuel.com\/information\/"},{"@type":"ListItem","position":2,"name":"RDC: Remise et reprise \u00e0 l&rsquo;Assembl\u00e9e nationale : Jeanine Mabunda pr\u00eate pour ce samedi"}]},{"@type":"WebSite","@id":"https:\/\/congovirtuel.com\/information\/#website","url":"https:\/\/congovirtuel.com\/information\/","name":"Actualit\u00e9s congolaises et internationales","description":"site d&#039;analyse et de traitement d&#039;information","publisher":{"@id":"https:\/\/congovirtuel.com\/information\/#organization"},"potentialAction":[{"@type":"SearchAction","target":{"@type":"EntryPoint","urlTemplate":"https:\/\/congovirtuel.com\/information\/?s={search_term_string}"},"query-input":{"@type":"PropertyValueSpecification","valueRequired":true,"valueName":"search_term_string"}}],"inLanguage":"fr-FR"},{"@type":"Organization","@id":"https:\/\/congovirtuel.com\/information\/#organization","name":"Biblioth\u00e8que Virtuelle de la RDC","url":"https:\/\/congovirtuel.com\/information\/","logo":{"@type":"ImageObject","inLanguage":"fr-FR","@id":"https:\/\/congovirtuel.com\/information\/#\/schema\/logo\/image\/","url":"https:\/\/congovirtuel.com\/information\/wp-content\/uploads\/2018\/10\/header-info-congovirtuel-vraie.jpg","contentUrl":"https:\/\/congovirtuel.com\/information\/wp-content\/uploads\/2018\/10\/header-info-congovirtuel-vraie.jpg","width":728,"height":90,"caption":"Biblioth\u00e8que Virtuelle de la RDC"},"image":{"@id":"https:\/\/congovirtuel.com\/information\/#\/schema\/logo\/image\/"},"sameAs":["https:\/\/web.facebook.com\/Congovirtuel-763617960319601\/?ref=aymt_homepage_panel&amp;amp;amp;amp;amp;amp;amp;amp;amp;amp;amp;eid=ARCoxULa66767kIgF_KYav6VdjXTI4yk_LW4yoVO9s6NXpysgb7Cb65vpxcxgqzOAKvIbLQxaAETcqHT","https:\/\/x.com\/congovirtuel","https:\/\/www.youtube.com\/channel\/UCkFfprYzGgS3EWNpeMXpToQ?view_as=subscriber"]},{"@type":"Person","@id":"https:\/\/congovirtuel.com\/information\/#\/schema\/person\/739a44bf7990966cb53d58d2fdeca0b6","name":"infocongovirtuel","image":{"@type":"ImageObject","inLanguage":"fr-FR","@id":"https:\/\/secure.gravatar.com\/avatar\/4d76991aa72469f0eb22e772586c99113c6997f88da636a9db8f2ce3a2c05e69?s=96&d=mm&r=g","url":"https:\/\/secure.gravatar.com\/avatar\/4d76991aa72469f0eb22e772586c99113c6997f88da636a9db8f2ce3a2c05e69?s=96&d=mm&r=g","contentUrl":"https:\/\/secure.gravatar.com\/avatar\/4d76991aa72469f0eb22e772586c99113c6997f88da636a9db8f2ce3a2c05e69?s=96&d=mm&r=g","caption":"infocongovirtuel"},"url":"https:\/\/congovirtuel.com\/information\/author\/infocongovirtuel\/"}]}},"gt_translate_keys":[{"key":"link","format":"url"}],"_links":{"self":[{"href":"https:\/\/congovirtuel.com\/information\/wp-json\/wp\/v2\/posts\/5085","targetHints":{"allow":["GET"]}}],"collection":[{"href":"https:\/\/congovirtuel.com\/information\/wp-json\/wp\/v2\/posts"}],"about":[{"href":"https:\/\/congovirtuel.com\/information\/wp-json\/wp\/v2\/types\/post"}],"author":[{"embeddable":true,"href":"https:\/\/congovirtuel.com\/information\/wp-json\/wp\/v2\/users\/1"}],"replies":[{"embeddable":true,"href":"https:\/\/congovirtuel.com\/information\/wp-json\/wp\/v2\/comments?post=5085"}],"version-history":[{"count":1,"href":"https:\/\/congovirtuel.com\/information\/wp-json\/wp\/v2\/posts\/5085\/revisions"}],"predecessor-version":[{"id":5086,"href":"https:\/\/congovirtuel.com\/information\/wp-json\/wp\/v2\/posts\/5085\/revisions\/5086"}],"wp:featuredmedia":[{"embeddable":true,"href":"https:\/\/congovirtuel.com\/information\/wp-json\/wp\/v2\/media\/4220"}],"wp:attachment":[{"href":"https:\/\/congovirtuel.com\/information\/wp-json\/wp\/v2\/media?parent=5085"}],"wp:term":[{"taxonomy":"category","embeddable":true,"href":"https:\/\/congovirtuel.com\/information\/wp-json\/wp\/v2\/categories?post=5085"},{"taxonomy":"post_tag","embeddable":true,"href":"https:\/\/congovirtuel.com\/information\/wp-json\/wp\/v2\/tags?post=5085"}],"curies":[{"name":"wp","href":"https:\/\/api.w.org\/{rel}","templated":true}]}}