{"id":5098,"date":"2020-12-27T08:26:35","date_gmt":"2020-12-27T07:26:35","guid":{"rendered":"https:\/\/congovirtuel.com\/information\/?p=5098"},"modified":"2020-12-27T08:26:45","modified_gmt":"2020-12-27T07:26:45","slug":"la-federation-ivoirienne-de-foot-placee-sous-tutelle-par-la-fifa","status":"publish","type":"post","link":"https:\/\/congovirtuel.com\/information\/la-federation-ivoirienne-de-foot-placee-sous-tutelle-par-la-fifa\/","title":{"rendered":"La F\u00e9d\u00e9ration ivoirienne de foot plac\u00e9e sous tutelle par la FIFA","gt_translate_keys":[{"key":"rendered","format":"text"}]},"content":{"rendered":"\n<p class=\"wp-block-paragraph\">La F\u00e9d\u00e9ration internationale de football association (Fifa) a annonc\u00e9 vendredi le placement sous tutelle de la F\u00e9d\u00e9ration ivoirienne de football (FIF), plong\u00e9e dans une crise de succession, qui sera g\u00e9r\u00e9e par un \u00ab\u00a0comit\u00e9 de normalisation\u00a0\u00bb.<\/p>\n\n\n\n<p class=\"wp-block-paragraph\">\u00ab\u00a0Le bureau du conseil de la Fifa a d\u00e9cid\u00e9 de nommer un comit\u00e9 de normalisation pour la f\u00e9d\u00e9ration ivoirienne de football\u00a0\u00bb, dont les membres seront \u00ab\u00a0d\u00e9sign\u00e9s par la Fifa et la Conf\u00e9d\u00e9ration africaine de football\u00a0\u00bb (CAF), indique l&rsquo;instance sportive internationale dans un communiqu\u00e9.<\/p>\n\n\n\n<p class=\"wp-block-paragraph\">\u00ab\u00a0Ce comit\u00e9 de normalisation g\u00e8rera les affaires courantes de la f\u00e9d\u00e9ration ivoirienne (et) r\u00e9visera partiellement les statuts et le code \u00e9lectoral de la FIF afin de garantir leur conformit\u00e9\u00a0\u00bb, selon le communiqu\u00e9.<\/p>\n\n\n\n<p class=\"wp-block-paragraph\">\u00ab\u00a0Cette situation r\u00e9sulte du fait que les instances dirigeantes du football ivoirien ne sont pas parvenues \u00e0 organiser une proc\u00e9dure \u00e9lectorale conforme aux exigences statutaires et r\u00e9glementaires applicables \u00e0 toutes les associations membres de la Fifa\u00a0\u00bb, explique la Fifa.<\/p>\n\n\n\n<p class=\"wp-block-paragraph\">Le comit\u00e9 de normalisation agira en qualit\u00e9 de \u00ab\u00a0commission \u00e9lectorale pour l&rsquo;organisation de l&rsquo;\u00e9lection d&rsquo;un nouveau Comit\u00e9 ex\u00e9cutif de la FIF\u00a0\u00bb, poursuit la Fifa.<\/p>\n\n\n\n<p class=\"wp-block-paragraph\">La FIF, plong\u00e9e depuis six mois dans une querelle de succession pour le poste de pr\u00e9sident que brigue Didier Drogba, avait annonc\u00e9 lundi soir saisir le Tribunal arbitral du sport (TAS) contre une d\u00e9cision de la Fifa de bloquer le processus d&rsquo;\u00e9lection.<\/p>\n\n\n\n<p class=\"wp-block-paragraph\">Apr\u00e8s le rejet de la candidature de l&rsquo;ancienne star Didier Drogba, la Fifa avait bloqu\u00e9 le processus en ao\u00fbt, puis avait auditionn\u00e9 l&rsquo;ensemble des acteurs en septembre.<\/p>\n\n\n\n<p class=\"wp-block-paragraph\">\u00ab\u00a0La f\u00e9d\u00e9ration internationale nous impose un comit\u00e9 de normalisation. \u00c7a n&rsquo;a pas de sens. C&rsquo;est un complot contre le football ivoirien. Nous, les acteurs du football ivoirien, nous ne comprenons rien dans cette d\u00e9cision qui a pour seul but de tuer notre football\u00a0\u00bb, a r\u00e9agi aupr\u00e8s de l&rsquo;AFP l&rsquo;ancien international ivoirien Oumar Ben Salah.<\/p>\n\n\n\n<p class=\"wp-block-paragraph\">Malgr\u00e9 son immense popularit\u00e9 en C\u00f4te d&rsquo;Ivoire, le soutien de nombreux anciens partenaires comme Eug\u00e8ne Diomand\u00e9, les fr\u00e8res Yaya et Kolo Tour\u00e9 ainsi que de plusieurs personnalit\u00e9s, Didier Drogba, l&rsquo;ex-attaquant de Marseille et Chelsea, qui a aussi longtemps port\u00e9 la s\u00e9lection ivoirienne sur ses \u00e9paules, avait vu sa candidature invalid\u00e9e.<\/p>\n\n\n\n<p class=\"wp-block-paragraph\">Le pr\u00e9sident sortant de la FIF, Augustin Sidy Diallo, qui ne se repr\u00e9sentait pas apr\u00e8s deux mandats et assurait depuis ao\u00fbt les affaires courantes, est d\u00e9c\u00e9d\u00e9 le 21 novembre de maladie.<\/p>\n\n\n\n<p class=\"wp-block-paragraph\"><strong>VOA<\/strong><\/p>\n","protected":false,"gt_translate_keys":[{"key":"rendered","format":"html"}]},"excerpt":{"rendered":"<p>La F\u00e9d\u00e9ration internationale de football association (Fifa) a annonc\u00e9 vendredi le placement sous tutelle de la F\u00e9d\u00e9ration ivoirienne de football (FIF), plong\u00e9e dans une crise de succession, qui sera g\u00e9r\u00e9e par un \u00ab\u00a0comit\u00e9 de normalisation\u00a0\u00bb. \u00ab\u00a0Le bureau du conseil de la Fifa a d\u00e9cid\u00e9 de nommer un comit\u00e9 de normalisation pour la f\u00e9d\u00e9ration ivoirienne de football\u00a0\u00bb, dont les membres seront \u00ab\u00a0d\u00e9sign\u00e9s par la Fifa et la Conf\u00e9d\u00e9ration africaine de football\u00a0\u00bb (CAF), indique l&rsquo;instance sportive internationale dans un communiqu\u00e9. \u00ab\u00a0Ce comit\u00e9 de normalisation g\u00e8rera les affaires courantes de la f\u00e9d\u00e9ration ivoirienne&hellip;<\/p>\n","protected":false,"gt_translate_keys":[{"key":"rendered","format":"html"}]},"author":1,"featured_media":5099,"comment_status":"open","ping_status":"open","sticky":false,"template":"","format":"standard","meta":{"_crdt_document":"","footnotes":""},"categories":[299],"tags":[4347],"class_list":["post-5098","post","type-post","status-publish","format-standard","has-post-thumbnail","hentry","category-cote-divoire","tag-la-federation-ivoirienne-de-foot-placee-sous-tutelle-par-la-fifa"],"gutentor_comment":0,"yoast_head":"<!-- This site is optimized with the Yoast SEO plugin v27.5 - https:\/\/yoast.com\/product\/yoast-seo-wordpress\/ -->\n<title>La F\u00e9d\u00e9ration ivoirienne de foot plac\u00e9e sous tutelle par la FIFA - Actualit\u00e9s congolaises et internationales<\/title>\n<meta name=\"robots\" content=\"index, follow, max-snippet:-1, max-image-preview:large, max-video-preview:-1\" \/>\n<link rel=\"canonical\" href=\"https:\/\/congovirtuel.com\/information\/la-federation-ivoirienne-de-foot-placee-sous-tutelle-par-la-fifa\/\" \/>\n<meta property=\"og:locale\" content=\"fr_FR\" \/>\n<meta property=\"og:type\" content=\"article\" \/>\n<meta property=\"og:title\" content=\"La F\u00e9d\u00e9ration ivoirienne de foot plac\u00e9e sous tutelle par la FIFA - Actualit\u00e9s congolaises et internationales\" \/>\n<meta property=\"og:description\" content=\"La F\u00e9d\u00e9ration internationale de football association (Fifa) a annonc\u00e9 vendredi le placement sous tutelle de la F\u00e9d\u00e9ration ivoirienne de football (FIF), plong\u00e9e dans une crise de succession, qui sera g\u00e9r\u00e9e par un \u00ab\u00a0comit\u00e9 de normalisation\u00a0\u00bb. \u00ab\u00a0Le bureau du conseil de la Fifa a d\u00e9cid\u00e9 de nommer un comit\u00e9 de normalisation pour la f\u00e9d\u00e9ration ivoirienne de football\u00a0\u00bb, dont les membres seront \u00ab\u00a0d\u00e9sign\u00e9s par la Fifa et la Conf\u00e9d\u00e9ration africaine de football\u00a0\u00bb (CAF), indique l&rsquo;instance sportive internationale dans un communiqu\u00e9. \u00ab\u00a0Ce comit\u00e9 de normalisation g\u00e8rera les affaires courantes de la f\u00e9d\u00e9ration ivoirienne&hellip;\" \/>\n<meta property=\"og:url\" content=\"https:\/\/congovirtuel.com\/information\/la-federation-ivoirienne-de-foot-placee-sous-tutelle-par-la-fifa\/\" \/>\n<meta property=\"og:site_name\" content=\"Actualit\u00e9s congolaises et internationales\" \/>\n<meta property=\"article:publisher\" content=\"https:\/\/web.facebook.com\/Congovirtuel-763617960319601\/?ref=aymt_homepage_panel&amp;amp%3bamp%3bamp%3bamp%3bamp%3bamp%3bamp%3bamp%3bamp%3bamp%3bamp%3beid=ARCoxULa66767kIgF_KYav6VdjXTI4yk_LW4yoVO9s6NXpysgb7Cb65vpxcxgqzOAKvIbLQxaAETcqHT\" \/>\n<meta property=\"article:published_time\" content=\"2020-12-27T07:26:35+00:00\" \/>\n<meta property=\"article:modified_time\" content=\"2020-12-27T07:26:45+00:00\" \/>\n<meta property=\"og:image\" content=\"https:\/\/congovirtuel.com\/information\/wp-content\/uploads\/2020\/12\/fif.jpg\" \/>\n\t<meta property=\"og:image:width\" content=\"1023\" \/>\n\t<meta property=\"og:image:height\" content=\"575\" \/>\n\t<meta property=\"og:image:type\" content=\"image\/jpeg\" \/>\n<meta name=\"author\" content=\"infocongovirtuel\" \/>\n<meta name=\"twitter:card\" content=\"summary_large_image\" \/>\n<meta name=\"twitter:creator\" content=\"@congovirtuel\" \/>\n<meta name=\"twitter:site\" content=\"@congovirtuel\" \/>\n<meta name=\"twitter:label1\" content=\"\u00c9crit par\" \/>\n\t<meta name=\"twitter:data1\" content=\"infocongovirtuel\" \/>\n\t<meta name=\"twitter:label2\" content=\"Dur\u00e9e de lecture estim\u00e9e\" \/>\n\t<meta name=\"twitter:data2\" content=\"2 minutes\" \/>\n<script type=\"application\/ld+json\" class=\"yoast-schema-graph\">{\"@context\":\"https:\\\/\\\/schema.org\",\"@graph\":[{\"@type\":\"Article\",\"@id\":\"https:\\\/\\\/congovirtuel.com\\\/information\\\/la-federation-ivoirienne-de-foot-placee-sous-tutelle-par-la-fifa\\\/#article\",\"isPartOf\":{\"@id\":\"https:\\\/\\\/congovirtuel.com\\\/information\\\/la-federation-ivoirienne-de-foot-placee-sous-tutelle-par-la-fifa\\\/\"},\"author\":{\"name\":\"infocongovirtuel\",\"@id\":\"https:\\\/\\\/congovirtuel.com\\\/information\\\/#\\\/schema\\\/person\\\/739a44bf7990966cb53d58d2fdeca0b6\"},\"headline\":\"La F\u00e9d\u00e9ration ivoirienne de foot plac\u00e9e sous tutelle par la FIFA\",\"datePublished\":\"2020-12-27T07:26:35+00:00\",\"dateModified\":\"2020-12-27T07:26:45+00:00\",\"mainEntityOfPage\":{\"@id\":\"https:\\\/\\\/congovirtuel.com\\\/information\\\/la-federation-ivoirienne-de-foot-placee-sous-tutelle-par-la-fifa\\\/\"},\"wordCount\":446,\"commentCount\":0,\"publisher\":{\"@id\":\"https:\\\/\\\/congovirtuel.com\\\/information\\\/#organization\"},\"image\":{\"@id\":\"https:\\\/\\\/congovirtuel.com\\\/information\\\/la-federation-ivoirienne-de-foot-placee-sous-tutelle-par-la-fifa\\\/#primaryimage\"},\"thumbnailUrl\":\"https:\\\/\\\/congovirtuel.com\\\/information\\\/wp-content\\\/uploads\\\/2020\\\/12\\\/fif.jpg\",\"keywords\":[\"La F\u00e9d\u00e9ration ivoirienne de foot plac\u00e9e sous tutelle par la FIFA\"],\"articleSection\":[\"C\u00f4te d'ivoire\"],\"inLanguage\":\"fr-FR\",\"potentialAction\":[{\"@type\":\"CommentAction\",\"name\":\"Comment\",\"target\":[\"https:\\\/\\\/congovirtuel.com\\\/information\\\/la-federation-ivoirienne-de-foot-placee-sous-tutelle-par-la-fifa\\\/#respond\"]}]},{\"@type\":\"WebPage\",\"@id\":\"https:\\\/\\\/congovirtuel.com\\\/information\\\/la-federation-ivoirienne-de-foot-placee-sous-tutelle-par-la-fifa\\\/\",\"url\":\"https:\\\/\\\/congovirtuel.com\\\/information\\\/la-federation-ivoirienne-de-foot-placee-sous-tutelle-par-la-fifa\\\/\",\"name\":\"La F\u00e9d\u00e9ration ivoirienne de foot plac\u00e9e sous tutelle par la FIFA - Actualit\u00e9s congolaises et internationales\",\"isPartOf\":{\"@id\":\"https:\\\/\\\/congovirtuel.com\\\/information\\\/#website\"},\"primaryImageOfPage\":{\"@id\":\"https:\\\/\\\/congovirtuel.com\\\/information\\\/la-federation-ivoirienne-de-foot-placee-sous-tutelle-par-la-fifa\\\/#primaryimage\"},\"image\":{\"@id\":\"https:\\\/\\\/congovirtuel.com\\\/information\\\/la-federation-ivoirienne-de-foot-placee-sous-tutelle-par-la-fifa\\\/#primaryimage\"},\"thumbnailUrl\":\"https:\\\/\\\/congovirtuel.com\\\/information\\\/wp-content\\\/uploads\\\/2020\\\/12\\\/fif.jpg\",\"datePublished\":\"2020-12-27T07:26:35+00:00\",\"dateModified\":\"2020-12-27T07:26:45+00:00\",\"breadcrumb\":{\"@id\":\"https:\\\/\\\/congovirtuel.com\\\/information\\\/la-federation-ivoirienne-de-foot-placee-sous-tutelle-par-la-fifa\\\/#breadcrumb\"},\"inLanguage\":\"fr-FR\",\"potentialAction\":[{\"@type\":\"ReadAction\",\"target\":[\"https:\\\/\\\/congovirtuel.com\\\/information\\\/la-federation-ivoirienne-de-foot-placee-sous-tutelle-par-la-fifa\\\/\"]}]},{\"@type\":\"ImageObject\",\"inLanguage\":\"fr-FR\",\"@id\":\"https:\\\/\\\/congovirtuel.com\\\/information\\\/la-federation-ivoirienne-de-foot-placee-sous-tutelle-par-la-fifa\\\/#primaryimage\",\"url\":\"https:\\\/\\\/congovirtuel.com\\\/information\\\/wp-content\\\/uploads\\\/2020\\\/12\\\/fif.jpg\",\"contentUrl\":\"https:\\\/\\\/congovirtuel.com\\\/information\\\/wp-content\\\/uploads\\\/2020\\\/12\\\/fif.jpg\",\"width\":1023,\"height\":575,\"caption\":\"fif_logo\"},{\"@type\":\"BreadcrumbList\",\"@id\":\"https:\\\/\\\/congovirtuel.com\\\/information\\\/la-federation-ivoirienne-de-foot-placee-sous-tutelle-par-la-fifa\\\/#breadcrumb\",\"itemListElement\":[{\"@type\":\"ListItem\",\"position\":1,\"name\":\"Accueil\",\"item\":\"https:\\\/\\\/congovirtuel.com\\\/information\\\/\"},{\"@type\":\"ListItem\",\"position\":2,\"name\":\"La F\u00e9d\u00e9ration ivoirienne de foot plac\u00e9e sous tutelle par la FIFA\"}]},{\"@type\":\"WebSite\",\"@id\":\"https:\\\/\\\/congovirtuel.com\\\/information\\\/#website\",\"url\":\"https:\\\/\\\/congovirtuel.com\\\/information\\\/\",\"name\":\"Actualit\u00e9s congolaises et internationales\",\"description\":\"site d&#039;analyse et de traitement d&#039;information\",\"publisher\":{\"@id\":\"https:\\\/\\\/congovirtuel.com\\\/information\\\/#organization\"},\"potentialAction\":[{\"@type\":\"SearchAction\",\"target\":{\"@type\":\"EntryPoint\",\"urlTemplate\":\"https:\\\/\\\/congovirtuel.com\\\/information\\\/?s={search_term_string}\"},\"query-input\":{\"@type\":\"PropertyValueSpecification\",\"valueRequired\":true,\"valueName\":\"search_term_string\"}}],\"inLanguage\":\"fr-FR\"},{\"@type\":\"Organization\",\"@id\":\"https:\\\/\\\/congovirtuel.com\\\/information\\\/#organization\",\"name\":\"Biblioth\u00e8que Virtuelle de la RDC\",\"url\":\"https:\\\/\\\/congovirtuel.com\\\/information\\\/\",\"logo\":{\"@type\":\"ImageObject\",\"inLanguage\":\"fr-FR\",\"@id\":\"https:\\\/\\\/congovirtuel.com\\\/information\\\/#\\\/schema\\\/logo\\\/image\\\/\",\"url\":\"https:\\\/\\\/congovirtuel.com\\\/information\\\/wp-content\\\/uploads\\\/2018\\\/10\\\/header-info-congovirtuel-vraie.jpg\",\"contentUrl\":\"https:\\\/\\\/congovirtuel.com\\\/information\\\/wp-content\\\/uploads\\\/2018\\\/10\\\/header-info-congovirtuel-vraie.jpg\",\"width\":728,\"height\":90,\"caption\":\"Biblioth\u00e8que Virtuelle de la RDC\"},\"image\":{\"@id\":\"https:\\\/\\\/congovirtuel.com\\\/information\\\/#\\\/schema\\\/logo\\\/image\\\/\"},\"sameAs\":[\"https:\\\/\\\/web.facebook.com\\\/Congovirtuel-763617960319601\\\/?ref=aymt_homepage_panel&amp;amp;amp;amp;amp;amp;amp;amp;amp;amp;amp;eid=ARCoxULa66767kIgF_KYav6VdjXTI4yk_LW4yoVO9s6NXpysgb7Cb65vpxcxgqzOAKvIbLQxaAETcqHT\",\"https:\\\/\\\/x.com\\\/congovirtuel\",\"https:\\\/\\\/www.youtube.com\\\/channel\\\/UCkFfprYzGgS3EWNpeMXpToQ?view_as=subscriber\"]},{\"@type\":\"Person\",\"@id\":\"https:\\\/\\\/congovirtuel.com\\\/information\\\/#\\\/schema\\\/person\\\/739a44bf7990966cb53d58d2fdeca0b6\",\"name\":\"infocongovirtuel\",\"image\":{\"@type\":\"ImageObject\",\"inLanguage\":\"fr-FR\",\"@id\":\"https:\\\/\\\/secure.gravatar.com\\\/avatar\\\/4d76991aa72469f0eb22e772586c99113c6997f88da636a9db8f2ce3a2c05e69?s=96&d=mm&r=g\",\"url\":\"https:\\\/\\\/secure.gravatar.com\\\/avatar\\\/4d76991aa72469f0eb22e772586c99113c6997f88da636a9db8f2ce3a2c05e69?s=96&d=mm&r=g\",\"contentUrl\":\"https:\\\/\\\/secure.gravatar.com\\\/avatar\\\/4d76991aa72469f0eb22e772586c99113c6997f88da636a9db8f2ce3a2c05e69?s=96&d=mm&r=g\",\"caption\":\"infocongovirtuel\"},\"url\":\"https:\\\/\\\/congovirtuel.com\\\/information\\\/author\\\/infocongovirtuel\\\/\"}]}<\/script>\n<!-- \/ Yoast SEO plugin. -->","yoast_head_json":{"title":"La F\u00e9d\u00e9ration ivoirienne de foot plac\u00e9e sous tutelle par la FIFA - Actualit\u00e9s congolaises et internationales","robots":{"index":"index","follow":"follow","max-snippet":"max-snippet:-1","max-image-preview":"max-image-preview:large","max-video-preview":"max-video-preview:-1"},"canonical":"https:\/\/congovirtuel.com\/information\/la-federation-ivoirienne-de-foot-placee-sous-tutelle-par-la-fifa\/","og_locale":"fr_FR","og_type":"article","og_title":"La F\u00e9d\u00e9ration ivoirienne de foot plac\u00e9e sous tutelle par la FIFA - Actualit\u00e9s congolaises et internationales","og_description":"La F\u00e9d\u00e9ration internationale de football association (Fifa) a annonc\u00e9 vendredi le placement sous tutelle de la F\u00e9d\u00e9ration ivoirienne de football (FIF), plong\u00e9e dans une crise de succession, qui sera g\u00e9r\u00e9e par un \u00ab\u00a0comit\u00e9 de normalisation\u00a0\u00bb. \u00ab\u00a0Le bureau du conseil de la Fifa a d\u00e9cid\u00e9 de nommer un comit\u00e9 de normalisation pour la f\u00e9d\u00e9ration ivoirienne de football\u00a0\u00bb, dont les membres seront \u00ab\u00a0d\u00e9sign\u00e9s par la Fifa et la Conf\u00e9d\u00e9ration africaine de football\u00a0\u00bb (CAF), indique l&rsquo;instance sportive internationale dans un communiqu\u00e9. \u00ab\u00a0Ce comit\u00e9 de normalisation g\u00e8rera les affaires courantes de la f\u00e9d\u00e9ration ivoirienne&hellip;","og_url":"https:\/\/congovirtuel.com\/information\/la-federation-ivoirienne-de-foot-placee-sous-tutelle-par-la-fifa\/","og_site_name":"Actualit\u00e9s congolaises et internationales","article_publisher":"https:\/\/web.facebook.com\/Congovirtuel-763617960319601\/?ref=aymt_homepage_panel&amp%3bamp%3bamp%3bamp%3bamp%3bamp%3bamp%3bamp%3bamp%3bamp%3bamp%3beid=ARCoxULa66767kIgF_KYav6VdjXTI4yk_LW4yoVO9s6NXpysgb7Cb65vpxcxgqzOAKvIbLQxaAETcqHT","article_published_time":"2020-12-27T07:26:35+00:00","article_modified_time":"2020-12-27T07:26:45+00:00","og_image":[{"width":1023,"height":575,"url":"https:\/\/congovirtuel.com\/information\/wp-content\/uploads\/2020\/12\/fif.jpg","type":"image\/jpeg"}],"author":"infocongovirtuel","twitter_card":"summary_large_image","twitter_creator":"@congovirtuel","twitter_site":"@congovirtuel","twitter_misc":{"\u00c9crit par":"infocongovirtuel","Dur\u00e9e de lecture estim\u00e9e":"2 minutes"},"schema":{"@context":"https:\/\/schema.org","@graph":[{"@type":"Article","@id":"https:\/\/congovirtuel.com\/information\/la-federation-ivoirienne-de-foot-placee-sous-tutelle-par-la-fifa\/#article","isPartOf":{"@id":"https:\/\/congovirtuel.com\/information\/la-federation-ivoirienne-de-foot-placee-sous-tutelle-par-la-fifa\/"},"author":{"name":"infocongovirtuel","@id":"https:\/\/congovirtuel.com\/information\/#\/schema\/person\/739a44bf7990966cb53d58d2fdeca0b6"},"headline":"La F\u00e9d\u00e9ration ivoirienne de foot plac\u00e9e sous tutelle par la FIFA","datePublished":"2020-12-27T07:26:35+00:00","dateModified":"2020-12-27T07:26:45+00:00","mainEntityOfPage":{"@id":"https:\/\/congovirtuel.com\/information\/la-federation-ivoirienne-de-foot-placee-sous-tutelle-par-la-fifa\/"},"wordCount":446,"commentCount":0,"publisher":{"@id":"https:\/\/congovirtuel.com\/information\/#organization"},"image":{"@id":"https:\/\/congovirtuel.com\/information\/la-federation-ivoirienne-de-foot-placee-sous-tutelle-par-la-fifa\/#primaryimage"},"thumbnailUrl":"https:\/\/congovirtuel.com\/information\/wp-content\/uploads\/2020\/12\/fif.jpg","keywords":["La F\u00e9d\u00e9ration ivoirienne de foot plac\u00e9e sous tutelle par la FIFA"],"articleSection":["C\u00f4te d'ivoire"],"inLanguage":"fr-FR","potentialAction":[{"@type":"CommentAction","name":"Comment","target":["https:\/\/congovirtuel.com\/information\/la-federation-ivoirienne-de-foot-placee-sous-tutelle-par-la-fifa\/#respond"]}]},{"@type":"WebPage","@id":"https:\/\/congovirtuel.com\/information\/la-federation-ivoirienne-de-foot-placee-sous-tutelle-par-la-fifa\/","url":"https:\/\/congovirtuel.com\/information\/la-federation-ivoirienne-de-foot-placee-sous-tutelle-par-la-fifa\/","name":"La F\u00e9d\u00e9ration ivoirienne de foot plac\u00e9e sous tutelle par la FIFA - Actualit\u00e9s congolaises et internationales","isPartOf":{"@id":"https:\/\/congovirtuel.com\/information\/#website"},"primaryImageOfPage":{"@id":"https:\/\/congovirtuel.com\/information\/la-federation-ivoirienne-de-foot-placee-sous-tutelle-par-la-fifa\/#primaryimage"},"image":{"@id":"https:\/\/congovirtuel.com\/information\/la-federation-ivoirienne-de-foot-placee-sous-tutelle-par-la-fifa\/#primaryimage"},"thumbnailUrl":"https:\/\/congovirtuel.com\/information\/wp-content\/uploads\/2020\/12\/fif.jpg","datePublished":"2020-12-27T07:26:35+00:00","dateModified":"2020-12-27T07:26:45+00:00","breadcrumb":{"@id":"https:\/\/congovirtuel.com\/information\/la-federation-ivoirienne-de-foot-placee-sous-tutelle-par-la-fifa\/#breadcrumb"},"inLanguage":"fr-FR","potentialAction":[{"@type":"ReadAction","target":["https:\/\/congovirtuel.com\/information\/la-federation-ivoirienne-de-foot-placee-sous-tutelle-par-la-fifa\/"]}]},{"@type":"ImageObject","inLanguage":"fr-FR","@id":"https:\/\/congovirtuel.com\/information\/la-federation-ivoirienne-de-foot-placee-sous-tutelle-par-la-fifa\/#primaryimage","url":"https:\/\/congovirtuel.com\/information\/wp-content\/uploads\/2020\/12\/fif.jpg","contentUrl":"https:\/\/congovirtuel.com\/information\/wp-content\/uploads\/2020\/12\/fif.jpg","width":1023,"height":575,"caption":"fif_logo"},{"@type":"BreadcrumbList","@id":"https:\/\/congovirtuel.com\/information\/la-federation-ivoirienne-de-foot-placee-sous-tutelle-par-la-fifa\/#breadcrumb","itemListElement":[{"@type":"ListItem","position":1,"name":"Accueil","item":"https:\/\/congovirtuel.com\/information\/"},{"@type":"ListItem","position":2,"name":"La F\u00e9d\u00e9ration ivoirienne de foot plac\u00e9e sous tutelle par la FIFA"}]},{"@type":"WebSite","@id":"https:\/\/congovirtuel.com\/information\/#website","url":"https:\/\/congovirtuel.com\/information\/","name":"Actualit\u00e9s congolaises et internationales","description":"site d&#039;analyse et de traitement d&#039;information","publisher":{"@id":"https:\/\/congovirtuel.com\/information\/#organization"},"potentialAction":[{"@type":"SearchAction","target":{"@type":"EntryPoint","urlTemplate":"https:\/\/congovirtuel.com\/information\/?s={search_term_string}"},"query-input":{"@type":"PropertyValueSpecification","valueRequired":true,"valueName":"search_term_string"}}],"inLanguage":"fr-FR"},{"@type":"Organization","@id":"https:\/\/congovirtuel.com\/information\/#organization","name":"Biblioth\u00e8que Virtuelle de la RDC","url":"https:\/\/congovirtuel.com\/information\/","logo":{"@type":"ImageObject","inLanguage":"fr-FR","@id":"https:\/\/congovirtuel.com\/information\/#\/schema\/logo\/image\/","url":"https:\/\/congovirtuel.com\/information\/wp-content\/uploads\/2018\/10\/header-info-congovirtuel-vraie.jpg","contentUrl":"https:\/\/congovirtuel.com\/information\/wp-content\/uploads\/2018\/10\/header-info-congovirtuel-vraie.jpg","width":728,"height":90,"caption":"Biblioth\u00e8que Virtuelle de la RDC"},"image":{"@id":"https:\/\/congovirtuel.com\/information\/#\/schema\/logo\/image\/"},"sameAs":["https:\/\/web.facebook.com\/Congovirtuel-763617960319601\/?ref=aymt_homepage_panel&amp;amp;amp;amp;amp;amp;amp;amp;amp;amp;amp;eid=ARCoxULa66767kIgF_KYav6VdjXTI4yk_LW4yoVO9s6NXpysgb7Cb65vpxcxgqzOAKvIbLQxaAETcqHT","https:\/\/x.com\/congovirtuel","https:\/\/www.youtube.com\/channel\/UCkFfprYzGgS3EWNpeMXpToQ?view_as=subscriber"]},{"@type":"Person","@id":"https:\/\/congovirtuel.com\/information\/#\/schema\/person\/739a44bf7990966cb53d58d2fdeca0b6","name":"infocongovirtuel","image":{"@type":"ImageObject","inLanguage":"fr-FR","@id":"https:\/\/secure.gravatar.com\/avatar\/4d76991aa72469f0eb22e772586c99113c6997f88da636a9db8f2ce3a2c05e69?s=96&d=mm&r=g","url":"https:\/\/secure.gravatar.com\/avatar\/4d76991aa72469f0eb22e772586c99113c6997f88da636a9db8f2ce3a2c05e69?s=96&d=mm&r=g","contentUrl":"https:\/\/secure.gravatar.com\/avatar\/4d76991aa72469f0eb22e772586c99113c6997f88da636a9db8f2ce3a2c05e69?s=96&d=mm&r=g","caption":"infocongovirtuel"},"url":"https:\/\/congovirtuel.com\/information\/author\/infocongovirtuel\/"}]}},"gt_translate_keys":[{"key":"link","format":"url"}],"_links":{"self":[{"href":"https:\/\/congovirtuel.com\/information\/wp-json\/wp\/v2\/posts\/5098","targetHints":{"allow":["GET"]}}],"collection":[{"href":"https:\/\/congovirtuel.com\/information\/wp-json\/wp\/v2\/posts"}],"about":[{"href":"https:\/\/congovirtuel.com\/information\/wp-json\/wp\/v2\/types\/post"}],"author":[{"embeddable":true,"href":"https:\/\/congovirtuel.com\/information\/wp-json\/wp\/v2\/users\/1"}],"replies":[{"embeddable":true,"href":"https:\/\/congovirtuel.com\/information\/wp-json\/wp\/v2\/comments?post=5098"}],"version-history":[{"count":1,"href":"https:\/\/congovirtuel.com\/information\/wp-json\/wp\/v2\/posts\/5098\/revisions"}],"predecessor-version":[{"id":5100,"href":"https:\/\/congovirtuel.com\/information\/wp-json\/wp\/v2\/posts\/5098\/revisions\/5100"}],"wp:featuredmedia":[{"embeddable":true,"href":"https:\/\/congovirtuel.com\/information\/wp-json\/wp\/v2\/media\/5099"}],"wp:attachment":[{"href":"https:\/\/congovirtuel.com\/information\/wp-json\/wp\/v2\/media?parent=5098"}],"wp:term":[{"taxonomy":"category","embeddable":true,"href":"https:\/\/congovirtuel.com\/information\/wp-json\/wp\/v2\/categories?post=5098"},{"taxonomy":"post_tag","embeddable":true,"href":"https:\/\/congovirtuel.com\/information\/wp-json\/wp\/v2\/tags?post=5098"}],"curies":[{"name":"wp","href":"https:\/\/api.w.org\/{rel}","templated":true}]}}