{"id":5115,"date":"2020-12-28T06:42:54","date_gmt":"2020-12-28T05:42:54","guid":{"rendered":"https:\/\/congovirtuel.com\/information\/?p=5115"},"modified":"2020-12-28T06:43:06","modified_gmt":"2020-12-28T05:43:06","slug":"rdc-fatshi-scelle-la-reconciliation-avec-bemba-et-katumbi-grincement-de-dents-chez-kabila","status":"publish","type":"post","link":"https:\/\/congovirtuel.com\/information\/rdc-fatshi-scelle-la-reconciliation-avec-bemba-et-katumbi-grincement-de-dents-chez-kabila\/","title":{"rendered":"RDC: \u00abFatshi\u00bb scelle la r\u00e9conciliation avec Bemba et Katumbi, grincement de dents chez \u00abKABILA\u00bb","gt_translate_keys":[{"key":"rendered","format":"text"}]},"content":{"rendered":"\n<p class=\"wp-block-paragraph\"><strong>Deux ann\u00e9es apr\u00e8s l\u2019accord capot\u00e9 \u00e0 Gen\u00e8ve, Felix Tshisekedi a eu pour la premi\u00e8re fois une entrevue \u00e0 trois avec ses anciens \u00ab&nbsp;<em>camarades<\/em>&nbsp;\u00bb Jean-Pierre Bemba Gombo et Mo\u00efse Katumbi Chapwe qui avaient pris position en faveur de l\u2019Union sacr\u00e9e de la nation. On imagine que les trois locuteurs se sont livr\u00e9s, au pr\u00e9alable, \u00e0 une \u00ab&nbsp;<em>franche explication<\/em>&nbsp;\u00bb sur le rendez-vous manqu\u00e9 de cette ville suisse. La rencontre qui a lieu, samedi 27 d\u00e9cembre \u00e0 Kinshasa, a d\u00fb d\u00e9plaire \u00e0 \u00ab&nbsp;<em>Joseph Kabila<\/em>\u00ab&nbsp;. L\u2019ancien Pr\u00e9sident n\u2019a jamais cess\u00e9 de consid\u00e9rer le leader du Mouvement de lib\u00e9ration du Congo et l\u2019ancien gouverneur du Katanga comme ses \u00ab&nbsp;<em>ennemis intimes<\/em>\u00ab&nbsp;.<\/strong>&nbsp;&nbsp;&nbsp;&nbsp;&nbsp;<\/p>\n\n\n\n<p class=\"wp-block-paragraph\">Des sources concordantes indiquent que l\u2019entretien entre les trois leaders politiques a dur\u00e9 trois heures dans le bureau priv\u00e9 du chef de l\u2019Etat. De quoi ont-ils parl\u00e9? C\u2019est la question qui turlupine les esprits.<\/p>\n\n\n\n<p class=\"wp-block-paragraph\">La \u00ab&nbsp;<em>presse pr\u00e9sidentielle<\/em>&nbsp;\u00bb n\u2019a pas \u00e9t\u00e9 d\u2019un grand secours. \u00ab&nbsp;<em>Les deux invit\u00e9s n\u2019ont pas voulu s\u2019exprimer devant la presse \u00e0 l\u2019issue de l\u2019entrevue mais l\u2019on croit savoir qu\u2019ils ont \u00e9voqu\u00e9 les grandes questions politiques de l\u2019heure notamment la mat\u00e9rialisation de l\u2019Union sacr\u00e9e qu\u2019ils soutiennent<\/em>\u00ab&nbsp;, rapporte-t-elle. M\u00eame son de cloche dans le bulletin de l\u2019Agence congolaise de presse (ACP) dat\u00e9 du 27 d\u00e9cembre.<\/p>\n\n\n\n<p class=\"wp-block-paragraph\">La volte-face de Gen\u00e8ve, un certain 20 novembre 2018, a sans doute laiss\u00e9 des \u00ab&nbsp;<em>plaies b\u00e9antes<\/em>&nbsp;\u00bb au plan psychologique. On peut gager que les trois interlocuteurs ont eu une \u00ab&nbsp;<em>franche explication<\/em>&nbsp;\u00bb avant de lever l\u2019option de s\u2019engager dans une nouvelle \u00ab&nbsp;<em>aventure commune<\/em>\u00ab&nbsp;. Le fait que l\u2019\u00e9change ait \u00e9t\u00e9 poursuivi autour d\u2019un repas incline \u00e0 penser qu\u2019une certaine r\u00e9conciliation a \u00e9t\u00e9 scell\u00e9e le samedi 27 d\u00e9cembre 2020.<\/p>\n\n\n\n<figure class=\"wp-block-image\" id=\"attachment_2667\"><img decoding=\"async\" src=\"http:\/\/www.congoindependant.com\/wp-content\/uploads\/2018\/03\/palais-peuple-300x169.jpg\" alt=\"\" class=\"wp-image-2667\"\/><figcaption>Le Palais du peuple \u00e0 Kinshasa, si\u00e8ge du Parlement congolais<\/figcaption><\/figure>\n\n\n\n<p class=\"wp-block-paragraph\">Le pr\u00e9sident Felix Tshisekedi est en qu\u00eate d\u2019au moins 251 d\u00e9put\u00e9s pour former une coalition majoritaire au sein de l\u2019Assembl\u00e9e nationale congolaise qui en compte 500. Sauf erreur, l\u2019Ensemble pour la R\u00e9publique de Katumbi, le MLC de Bemba et l\u2019UDPS\/Tshisekedi alignent respectivement 76, 22 et 32 d\u00e9put\u00e9s soit un total de 126. AFDC-A de Modeste Bahati Lukwebo pourrait \u00ab&nbsp;<em>apporter<\/em>&nbsp;\u00bb 41 \u00e9lus. On apprenait que \u00ab&nbsp;<em>Fatshi<\/em>&nbsp;\u00bb a re\u00e7u le m\u00eame samedi les d\u00e9l\u00e9gations de quatre groupes parlementaires. Va-t-t-il reprendre les m\u00eames et recommencer? &nbsp;&nbsp;<\/p>\n\n\n\n<p class=\"wp-block-paragraph\"><strong>QUID DE LA PLATEFORME POLITIQUE \u00ab&nbsp;LAMUKA&nbsp;\u00bb?<\/strong><\/p>\n\n\n\n<p class=\"wp-block-paragraph\">Qu\u2019en est-il de \u00ab&nbsp;<em>Lamuka<\/em>&nbsp;\u00bb dont Bemba et Katumbi sont membres du Pr\u00e9sidium au m\u00eame titre que Martin Fayulu Madidi et Adolphe Muzito?<\/p>\n\n\n\n<p class=\"wp-block-paragraph\">Depuis la signature de la Convention du 27 avril 2019 portant cr\u00e9ation de la plateforme politique \u00ab\u00a0<em>Lamuka<\/em>\u00ab\u00a0, celle-ci parait \u00e9cartel\u00e9e entre deux tendances dissonantes.<\/p>\n\n\n\n<p class=\"wp-block-paragraph\">Il y a d\u2019une part, les&nbsp;<em>\u00ab&nbsp;mod\u00e9r\u00e9s<\/em>&nbsp;\u00bb incarn\u00e9s par Jean-Pierre Bemba et Mo\u00efse Katumbi. Depuis la date pr\u00e9cit\u00e9e, ces derniers ont adapt\u00e9 leur discours aux \u00ab&nbsp;<em>quatre axes<\/em>&nbsp;\u00bb contenus dans ladite Convention. A savoir: la promotion de l\u2019Etat de droit et la bonne gouvernance, la d\u00e9fense de la Constitution, la mobilisation des citoyens&nbsp;\u00e0 une alternance d\u00e9mocratique et politique refl\u00e9tant la v\u00e9rit\u00e9 du choix des \u00e9lecteurs et l\u2019\u00e9radication des antivaleurs. D\u2019autre part, il y a les \u00ab&nbsp;<em>radicaux<\/em>&nbsp;\u00bb que symbolisent Martin Fayulu et Adolphe Muzito. Ici,&nbsp;<em>\u00ab&nbsp;la v\u00e9rit\u00e9 des urnes<\/em>&nbsp;\u00bb tient lieu de credo. Deux ann\u00e9es apr\u00e8s la proclamation des r\u00e9sultats de l\u2019\u00e9lection pr\u00e9sidentielle par la Commission \u00e9lectorale nationale ind\u00e9pendante (Ceni) et la confirmation de ceux-ci par la Cour constitutionnelle, Fayulu se consid\u00e8re toujours comme le \u00ab&nbsp;<em>Pr\u00e9sident \u00e9lu<\/em>\u00ab&nbsp;.<\/p>\n\n\n\n<figure class=\"wp-block-image\" id=\"attachment_12140\"><img decoding=\"async\" src=\"http:\/\/www.congoindependant.com\/wp-content\/uploads\/2020\/12\/Lamuka-27-5-2019-300x225.jpg\" alt=\"\" class=\"wp-image-12140\"\/><figcaption>Les leaders de \u00ab&nbsp;Lamuka&nbsp;\u00bb originelle. 27 avril 2019<\/figcaption><\/figure>\n\n\n\n<p class=\"wp-block-paragraph\">Sur le plan juridique, \u00ab&nbsp;<em>Lamuka<\/em>&nbsp;\u00bb existe encore en tant qu\u2019une organisation politique. En fait, elle n\u2019est plus qu\u2019une \u00ab&nbsp;<em>coquille vide<\/em>\u00ab&nbsp;. Deux \u00e9v\u00e9nements intervenus au cours de douze derniers mois ont vid\u00e9 \u00ab&nbsp;<em>Lamuka<\/em>&nbsp;\u00bb de sa substance.<\/p>\n\n\n\n<p class=\"wp-block-paragraph\">Le premier \u00e9v\u00e9nement remonte au 23 d\u00e9cembre 2019. Il s\u2019agit de la d\u00e9claration faite par Muzito selon laquelle \u00ab&nbsp;<em>notre pays devrait engager une guerre contre le Rwanda et l\u2019annexer \u00e0 la RDC<\/em>\u00ab&nbsp;. Comme pour confirmer la fracture existante entre les deux courants, les membres du pr\u00e9sidium Jean-Pierre Bemba et Mo\u00efse Katumbi se sont empress\u00e9s de se \u00ab&nbsp;<em>d\u00e9solidariser<\/em>&nbsp;\u00bb de leur camarade Adolphe Muzito dans un communiqu\u00e9 publi\u00e9 le m\u00eame jour. \u00ab&nbsp;(\u2026),&nbsp;<em>Lamuka lutte pour l\u2019\u00e9rection d\u2019un Etat de droit fort, pacifi\u00e9, inclusif&nbsp; et prosp\u00e8re; toute autre consid\u00e9ration de nature \u00e0 s\u2019\u00e9carter de cet id\u00e9al ne saurait recueillir notre soutien<\/em>\u00ab&nbsp;, souligne le texte. Le second \u00e9v\u00e9nement concerne l\u2019appui apport\u00e9 aux \u00ab&nbsp;<em>consultations pr\u00e9sidentielles<\/em>&nbsp;\u00bb par les leaders d\u2019Ensemble pour la R\u00e9publique et le MLC. &nbsp;&nbsp;&nbsp;&nbsp;&nbsp;&nbsp;&nbsp;&nbsp;&nbsp;&nbsp;&nbsp;<\/p>\n\n\n\n<p class=\"wp-block-paragraph\"><strong>GRINCEMENT DE DENTS CHEZ \u00ab&nbsp;KABILA&nbsp;\u00bb<\/strong><\/p>\n\n\n\n<p class=\"wp-block-paragraph\">La tripartite Fatshi-Bemba-Katumbi n\u2019a pas manqu\u00e9 de provoquer de grincement de dent au sein du \u00ab&nbsp;<em>Front commun pour le Congo<\/em>&nbsp;\u00bb en g\u00e9n\u00e9ral et dans le proche entourage de \u00ab&nbsp;<em>Kabila<\/em>&nbsp;\u00bb en particulier. Ce dernier consid\u00e8re \u00ab&nbsp;<em>Jean-Pierre<\/em>&nbsp;\u00bb et \u00ab&nbsp;<em>Mo\u00efse<\/em>&nbsp;\u00bb comme ses \u00ab&nbsp;ennemis intimes&nbsp;\u00bb. Durant sa pr\u00e9sidence, le successeur de Mzee a us\u00e9 et abus\u00e9 des moyens de l&nbsp;\u00bbEtat pour mettre hors course ses deux&nbsp;<em>\u00ab&nbsp;rivaux<\/em>\u00ab&nbsp;.<\/p>\n\n\n\n<p class=\"wp-block-paragraph\">S\u2019agissant de Bemba, \u00ab&nbsp;<em>Kabila<\/em>&nbsp;\u00bb a jou\u00e9 un r\u00f4le obscur dans l\u2019arrestation du leader du MLC par des \u00e9l\u00e9ments de la police judiciaire belge et son transfert \u00e0 la Cour p\u00e9nale internationale \u00e0 La Haye o\u00f9 il a pass\u00e9 dix ann\u00e9es de d\u00e9tention.<\/p>\n\n\n\n<p class=\"wp-block-paragraph\">D\u00e8s 2003, L\u00e9onard She Okitundu, alors directeur de cabinet du pr\u00e9sident&nbsp;<em>\u00ab&nbsp;Kabila<\/em>&nbsp;\u00bb a effectu\u00e9 plusieurs voyages \u00e0 Bangui o\u00f9 tr\u00f4nait le g\u00e9n\u00e9ral Fran\u00e7ois Boziz\u00e9, le tombeur du pr\u00e9sident Ange-Felix Patass\u00e9. L\u2019objectif consistait \u00e0 faire acc\u00e9l\u00e9rer la r\u00e9daction de la plainte \u00e0 adresser \u00e0 cette juridiction internationale. &nbsp;Quid de la contrepartie?<\/p>\n\n\n\n<p class=\"wp-block-paragraph\">Pour les adeptes de \u00ab&nbsp;<em>Saint Thomas<\/em>\u00ab&nbsp;, il y a ce courrier \u00e9lectronique dat\u00e9 du 21 avril 2006. L\u2019exp\u00e9diteur s\u2019appelle Abdoul Karim Meckassoua, alors ministre de la Communication de Boziz\u00e9. Le destinataire n\u2019est autre que le \u00ab&nbsp;<em>dircab<\/em>&nbsp;\u00bb \u00e0 la Pr\u00e9sidence \u00e0 l\u2019\u00e9poque, She Okitundu. Ambassadeur du Congo-Kinshasa en RCA au moment des faits, Mugaruka bin Mubibi re\u00e7ut copie. Objet du message: \u00ab&nbsp;<em>JPB CPI<\/em>\u00ab&nbsp;. \u00ab&nbsp;<em>chers amis, je vous transmets les infos n\u00e9cessaires \u00e0 la tr\u00e8s haute attention du PR. Merci de mettre 2 billets A\/R \u00e0 disposition sur AF, pour un d\u00e9part le 22 avril de Bangui et retour le 24 avril via Douala pour A. Karim Meckassoua et Me Goungaye Wanfiyo Nganatoua. Je confirme le rendez-vous avec Antoine qui a mon contact de Paris<\/em>&nbsp;(\u2026).<em>&nbsp;Mes respects au PR et merci pour votre diligence<\/em>\u00ab&nbsp;. Pour ceux qui ne le savent l\u2019avocat Nganatoua \u00e9tait le pr\u00e9sident de la Ligue centrafricaine des droits de l\u2019homme. La CPI l\u2019avait sous-trait\u00e9 pour r\u00e9colter les \u00ab&nbsp;<em>t\u00e9moignages<\/em>&nbsp;\u00bb des \u00ab&nbsp;<em>victimes<\/em>&nbsp;\u00bb des troupes du MLC. L\u2019homme sera tu\u00e9 dans un myst\u00e9rieux accident de circulation.<\/p>\n\n\n\n<p class=\"wp-block-paragraph\">Qu\u2019en est-il de l\u2019ancien gouverneur du Katanga? De retour d\u2019un s\u00e9jour m\u00e9dical en Europe, Mo\u00efse Katumbi a eu l\u2019id\u00e9e de tenir un meeting \u00e0 la Place de la Poste \u00e0 Lubumbashi. C\u2019\u00e9tait le 24 d\u00e9cembre 2014. \u00ab&nbsp;<em>Kabila<\/em>&nbsp;\u00bb se trouvait dans la ville. C\u2019est \u00e0 cette occasion qu\u2019il lance son all\u00e9gorie d\u2019un \u00ab&nbsp;<em>troisi\u00e8me faux p\u00e9nalty inacceptable<\/em>\u00ab&nbsp;. En fran\u00e7ais facile,&nbsp;<em>\u00ab&nbsp;Mo\u00efse<\/em>&nbsp;\u00bb invitait les Congolais \u00e0 barrer la route \u00e0 la volont\u00e9 de \u00ab&nbsp;<em>Kabila<\/em>&nbsp;\u00bb \u2013 dont le deuxi\u00e8me mandat expirait le 19 d\u00e9cembre 2016 \u2013 de briguer un troisi\u00e8me mandat en violation de la Constitution. La suite est connue.<\/p>\n\n\n\n<p class=\"wp-block-paragraph\"><strong>\u00ab&nbsp;KABILA&nbsp;\u00bb ET LE FCC N\u2019ONT PAS ENCORE DIT LEUR DERNIER MOT<\/strong><\/p>\n\n\n\n<figure class=\"wp-block-image\" id=\"attachment_6850\"><img decoding=\"async\" src=\"http:\/\/www.congoindependant.com\/wp-content\/uploads\/2019\/03\/kabila-fcc-kingakati-225x300.jpg\" alt=\"\" class=\"wp-image-6850\"\/><figcaption>\u00ab&nbsp;Joseph Kabila&nbsp;\u00bb et ses janissaires<\/figcaption><\/figure>\n\n\n\n<p class=\"wp-block-paragraph\">Katumbi devint un homme \u00e0 abattre pour avoir exprim\u00e9 notamment sa volont\u00e9 de se lancer \u00e0 la course \u00e0 l\u2019\u00e9lection pr\u00e9sidentielle de 2016. Outre le fameux contentieux immobilier avec le Grec Stoupis, l\u2019ancien gouverneur fut accus\u00e9, en mai 2016, par Alexis Thambwe Mwamba, alors ministre de la Justice, d\u2019avoir recrut\u00e9 600 mercenaires am\u00e9ricains. Une d\u00e9claration qui sera balay\u00e9e du revers de main par l\u2019ambassade des Etats-Unis \u00e0 Kinshasa. Dans une interview accord\u00e9e \u00e0 la RTBF, Thambwe finira par revoir \u00e0 la baisse ses chiffres en parlant de 11 mercenaires. Ces deux affaires permirent au pouvoir kabiliste de forcer Katumbi \u00e0 aller exil. Le changement intervenu le 24 janvier 2019 au sommet de l\u2019Etat permit \u00e0 l\u2019ancien gouverneur \u00e0 regagner le pays en mai 2019. &nbsp;&nbsp;<\/p>\n\n\n\n<p class=\"wp-block-paragraph\">Revenons \u00e0 la rencontre sous examen. Des observateurs esp\u00e8rent que le chef de l\u2019Etat va extraire des propositions pr\u00e9sent\u00e9es par les \u00ab&nbsp;<em>consult\u00e9s<\/em>&nbsp;\u00bb des priorit\u00e9s et lancer des r\u00e9formes au plan \u00e9conomique et social. Les m\u00eames observateurs estiment que le premier magistrat du pays devrait r\u00e9former son cabinet \u2013 dans le sens de l\u2019efficacit\u00e9 \u2013 et renforcer les conditions de s\u00e9lection de futurs membres du gouvernement. La puissante Am\u00e9rique compte 15 ministres. La France d\u2019Emmanuel Macron en a 31. La population congolaise piaffe d\u2019impatience de flairer les premiers fr\u00e9missements du changement.<\/p>\n\n\n\n<p class=\"wp-block-paragraph\">Au moment o\u00f9 ces lignes sont \u00e9crites, le myst\u00e8re plane encore sur le r\u00f4le respectif que pourraient jouer Jean-Pierre Bemba et Mo\u00efse Katumbi dans la future configuration institutionnelle. Une certitude: les deux leaders politiques tra\u00eenent derri\u00e8re eux une exp\u00e9rience \u00e9prouv\u00e9e en mati\u00e8re politico-administrative. Autre certitude: \u00ab&nbsp;<em>Joseph Kabila<\/em>&nbsp;\u00bb et le Fcc n\u2019ont pas encore dit leur dernier mot\u2026 &nbsp;&nbsp;<\/p>\n\n\n\n<p class=\"wp-block-paragraph\"><strong>Baudouin Amba Wetshi<\/strong>\/Congoindependant<\/p>\n","protected":false,"gt_translate_keys":[{"key":"rendered","format":"html"}]},"excerpt":{"rendered":"<p>Deux ann\u00e9es apr\u00e8s l\u2019accord capot\u00e9 \u00e0 Gen\u00e8ve, Felix Tshisekedi a eu pour la premi\u00e8re fois une entrevue \u00e0 trois avec ses anciens \u00ab&nbsp;camarades&nbsp;\u00bb Jean-Pierre Bemba Gombo et Mo\u00efse Katumbi Chapwe qui avaient pris position en faveur de l\u2019Union sacr\u00e9e de la nation. On imagine que les trois locuteurs se sont livr\u00e9s, au pr\u00e9alable, \u00e0 une \u00ab&nbsp;franche explication&nbsp;\u00bb sur le rendez-vous manqu\u00e9 de cette ville suisse. La rencontre qui a lieu, samedi 27 d\u00e9cembre \u00e0 Kinshasa, a d\u00fb d\u00e9plaire \u00e0 \u00ab&nbsp;Joseph Kabila\u00ab&nbsp;. L\u2019ancien Pr\u00e9sident n\u2019a jamais cess\u00e9 de consid\u00e9rer le leader&hellip;<\/p>\n","protected":false,"gt_translate_keys":[{"key":"rendered","format":"html"}]},"author":1,"featured_media":5116,"comment_status":"open","ping_status":"open","sticky":false,"template":"","format":"standard","meta":{"_crdt_document":"","footnotes":""},"categories":[4241],"tags":[4357,3257],"class_list":["post-5115","post","type-post","status-publish","format-standard","has-post-thumbnail","hentry","category-union-sacree","tag-rencontre-felix-bemba-katumbi","tag-retour-aux-accords-de-geneve"],"gutentor_comment":0,"yoast_head":"<!-- This site is optimized with the Yoast SEO plugin v27.5 - https:\/\/yoast.com\/product\/yoast-seo-wordpress\/ -->\n<title>RDC: \u00abFatshi\u00bb scelle la r\u00e9conciliation avec Bemba et Katumbi, grincement de dents chez \u00abKABILA\u00bb - Actualit\u00e9s congolaises et internationales<\/title>\n<meta name=\"robots\" content=\"index, follow, max-snippet:-1, max-image-preview:large, max-video-preview:-1\" \/>\n<link rel=\"canonical\" href=\"https:\/\/congovirtuel.com\/information\/rdc-fatshi-scelle-la-reconciliation-avec-bemba-et-katumbi-grincement-de-dents-chez-kabila\/\" \/>\n<meta property=\"og:locale\" content=\"fr_FR\" \/>\n<meta property=\"og:type\" content=\"article\" \/>\n<meta property=\"og:title\" content=\"RDC: \u00abFatshi\u00bb scelle la r\u00e9conciliation avec Bemba et Katumbi, grincement de dents chez \u00abKABILA\u00bb - Actualit\u00e9s congolaises et internationales\" \/>\n<meta property=\"og:description\" content=\"Deux ann\u00e9es apr\u00e8s l\u2019accord capot\u00e9 \u00e0 Gen\u00e8ve, Felix Tshisekedi a eu pour la premi\u00e8re fois une entrevue \u00e0 trois avec ses anciens \u00ab&nbsp;camarades&nbsp;\u00bb Jean-Pierre Bemba Gombo et Mo\u00efse Katumbi Chapwe qui avaient pris position en faveur de l\u2019Union sacr\u00e9e de la nation. On imagine que les trois locuteurs se sont livr\u00e9s, au pr\u00e9alable, \u00e0 une \u00ab&nbsp;franche explication&nbsp;\u00bb sur le rendez-vous manqu\u00e9 de cette ville suisse. La rencontre qui a lieu, samedi 27 d\u00e9cembre \u00e0 Kinshasa, a d\u00fb d\u00e9plaire \u00e0 \u00ab&nbsp;Joseph Kabila\u00ab&nbsp;. L\u2019ancien Pr\u00e9sident n\u2019a jamais cess\u00e9 de consid\u00e9rer le leader&hellip;\" \/>\n<meta property=\"og:url\" content=\"https:\/\/congovirtuel.com\/information\/rdc-fatshi-scelle-la-reconciliation-avec-bemba-et-katumbi-grincement-de-dents-chez-kabila\/\" \/>\n<meta property=\"og:site_name\" content=\"Actualit\u00e9s congolaises et internationales\" \/>\n<meta property=\"article:publisher\" content=\"https:\/\/web.facebook.com\/Congovirtuel-763617960319601\/?ref=aymt_homepage_panel&amp;amp%3bamp%3bamp%3bamp%3bamp%3bamp%3bamp%3bamp%3bamp%3bamp%3bamp%3beid=ARCoxULa66767kIgF_KYav6VdjXTI4yk_LW4yoVO9s6NXpysgb7Cb65vpxcxgqzOAKvIbLQxaAETcqHT\" \/>\n<meta property=\"article:published_time\" content=\"2020-12-28T05:42:54+00:00\" \/>\n<meta property=\"article:modified_time\" content=\"2020-12-28T05:43:06+00:00\" \/>\n<meta property=\"og:image\" content=\"https:\/\/congovirtuel.com\/information\/wp-content\/uploads\/2020\/12\/Felix_bemba_katumbi-1200-x-675.jpg\" \/>\n\t<meta property=\"og:image:width\" content=\"1200\" \/>\n\t<meta property=\"og:image:height\" content=\"675\" \/>\n\t<meta property=\"og:image:type\" content=\"image\/jpeg\" \/>\n<meta name=\"author\" content=\"infocongovirtuel\" \/>\n<meta name=\"twitter:card\" content=\"summary_large_image\" \/>\n<meta name=\"twitter:creator\" content=\"@congovirtuel\" \/>\n<meta name=\"twitter:site\" content=\"@congovirtuel\" \/>\n<meta name=\"twitter:label1\" content=\"\u00c9crit par\" \/>\n\t<meta name=\"twitter:data1\" content=\"infocongovirtuel\" \/>\n\t<meta name=\"twitter:label2\" content=\"Dur\u00e9e de lecture estim\u00e9e\" \/>\n\t<meta name=\"twitter:data2\" content=\"8 minutes\" \/>\n<script type=\"application\/ld+json\" class=\"yoast-schema-graph\">{\"@context\":\"https:\\\/\\\/schema.org\",\"@graph\":[{\"@type\":\"Article\",\"@id\":\"https:\\\/\\\/congovirtuel.com\\\/information\\\/rdc-fatshi-scelle-la-reconciliation-avec-bemba-et-katumbi-grincement-de-dents-chez-kabila\\\/#article\",\"isPartOf\":{\"@id\":\"https:\\\/\\\/congovirtuel.com\\\/information\\\/rdc-fatshi-scelle-la-reconciliation-avec-bemba-et-katumbi-grincement-de-dents-chez-kabila\\\/\"},\"author\":{\"name\":\"infocongovirtuel\",\"@id\":\"https:\\\/\\\/congovirtuel.com\\\/information\\\/#\\\/schema\\\/person\\\/739a44bf7990966cb53d58d2fdeca0b6\"},\"headline\":\"RDC: \u00abFatshi\u00bb scelle la r\u00e9conciliation avec Bemba et Katumbi, grincement de dents chez \u00abKABILA\u00bb\",\"datePublished\":\"2020-12-28T05:42:54+00:00\",\"dateModified\":\"2020-12-28T05:43:06+00:00\",\"mainEntityOfPage\":{\"@id\":\"https:\\\/\\\/congovirtuel.com\\\/information\\\/rdc-fatshi-scelle-la-reconciliation-avec-bemba-et-katumbi-grincement-de-dents-chez-kabila\\\/\"},\"wordCount\":1712,\"commentCount\":0,\"publisher\":{\"@id\":\"https:\\\/\\\/congovirtuel.com\\\/information\\\/#organization\"},\"image\":{\"@id\":\"https:\\\/\\\/congovirtuel.com\\\/information\\\/rdc-fatshi-scelle-la-reconciliation-avec-bemba-et-katumbi-grincement-de-dents-chez-kabila\\\/#primaryimage\"},\"thumbnailUrl\":\"https:\\\/\\\/congovirtuel.com\\\/information\\\/wp-content\\\/uploads\\\/2020\\\/12\\\/Felix_bemba_katumbi-1200-x-675.jpg\",\"keywords\":[\"rencontre felix bemba katumbi\",\"retour aux accords de G\u00e9n\u00e8ve\"],\"articleSection\":[\"Union sacr\u00e9e\"],\"inLanguage\":\"fr-FR\",\"potentialAction\":[{\"@type\":\"CommentAction\",\"name\":\"Comment\",\"target\":[\"https:\\\/\\\/congovirtuel.com\\\/information\\\/rdc-fatshi-scelle-la-reconciliation-avec-bemba-et-katumbi-grincement-de-dents-chez-kabila\\\/#respond\"]}]},{\"@type\":\"WebPage\",\"@id\":\"https:\\\/\\\/congovirtuel.com\\\/information\\\/rdc-fatshi-scelle-la-reconciliation-avec-bemba-et-katumbi-grincement-de-dents-chez-kabila\\\/\",\"url\":\"https:\\\/\\\/congovirtuel.com\\\/information\\\/rdc-fatshi-scelle-la-reconciliation-avec-bemba-et-katumbi-grincement-de-dents-chez-kabila\\\/\",\"name\":\"RDC: \u00abFatshi\u00bb scelle la r\u00e9conciliation avec Bemba et Katumbi, grincement de dents chez \u00abKABILA\u00bb - Actualit\u00e9s congolaises et internationales\",\"isPartOf\":{\"@id\":\"https:\\\/\\\/congovirtuel.com\\\/information\\\/#website\"},\"primaryImageOfPage\":{\"@id\":\"https:\\\/\\\/congovirtuel.com\\\/information\\\/rdc-fatshi-scelle-la-reconciliation-avec-bemba-et-katumbi-grincement-de-dents-chez-kabila\\\/#primaryimage\"},\"image\":{\"@id\":\"https:\\\/\\\/congovirtuel.com\\\/information\\\/rdc-fatshi-scelle-la-reconciliation-avec-bemba-et-katumbi-grincement-de-dents-chez-kabila\\\/#primaryimage\"},\"thumbnailUrl\":\"https:\\\/\\\/congovirtuel.com\\\/information\\\/wp-content\\\/uploads\\\/2020\\\/12\\\/Felix_bemba_katumbi-1200-x-675.jpg\",\"datePublished\":\"2020-12-28T05:42:54+00:00\",\"dateModified\":\"2020-12-28T05:43:06+00:00\",\"breadcrumb\":{\"@id\":\"https:\\\/\\\/congovirtuel.com\\\/information\\\/rdc-fatshi-scelle-la-reconciliation-avec-bemba-et-katumbi-grincement-de-dents-chez-kabila\\\/#breadcrumb\"},\"inLanguage\":\"fr-FR\",\"potentialAction\":[{\"@type\":\"ReadAction\",\"target\":[\"https:\\\/\\\/congovirtuel.com\\\/information\\\/rdc-fatshi-scelle-la-reconciliation-avec-bemba-et-katumbi-grincement-de-dents-chez-kabila\\\/\"]}]},{\"@type\":\"ImageObject\",\"inLanguage\":\"fr-FR\",\"@id\":\"https:\\\/\\\/congovirtuel.com\\\/information\\\/rdc-fatshi-scelle-la-reconciliation-avec-bemba-et-katumbi-grincement-de-dents-chez-kabila\\\/#primaryimage\",\"url\":\"https:\\\/\\\/congovirtuel.com\\\/information\\\/wp-content\\\/uploads\\\/2020\\\/12\\\/Felix_bemba_katumbi-1200-x-675.jpg\",\"contentUrl\":\"https:\\\/\\\/congovirtuel.com\\\/information\\\/wp-content\\\/uploads\\\/2020\\\/12\\\/Felix_bemba_katumbi-1200-x-675.jpg\",\"width\":1200,\"height\":675,\"caption\":\"Felix_bemba_katumbi (1200 x 675)\"},{\"@type\":\"BreadcrumbList\",\"@id\":\"https:\\\/\\\/congovirtuel.com\\\/information\\\/rdc-fatshi-scelle-la-reconciliation-avec-bemba-et-katumbi-grincement-de-dents-chez-kabila\\\/#breadcrumb\",\"itemListElement\":[{\"@type\":\"ListItem\",\"position\":1,\"name\":\"Accueil\",\"item\":\"https:\\\/\\\/congovirtuel.com\\\/information\\\/\"},{\"@type\":\"ListItem\",\"position\":2,\"name\":\"RDC: \u00abFatshi\u00bb scelle la r\u00e9conciliation avec Bemba et Katumbi, grincement de dents chez \u00abKABILA\u00bb\"}]},{\"@type\":\"WebSite\",\"@id\":\"https:\\\/\\\/congovirtuel.com\\\/information\\\/#website\",\"url\":\"https:\\\/\\\/congovirtuel.com\\\/information\\\/\",\"name\":\"Actualit\u00e9s congolaises et internationales\",\"description\":\"site d&#039;analyse et de traitement d&#039;information\",\"publisher\":{\"@id\":\"https:\\\/\\\/congovirtuel.com\\\/information\\\/#organization\"},\"potentialAction\":[{\"@type\":\"SearchAction\",\"target\":{\"@type\":\"EntryPoint\",\"urlTemplate\":\"https:\\\/\\\/congovirtuel.com\\\/information\\\/?s={search_term_string}\"},\"query-input\":{\"@type\":\"PropertyValueSpecification\",\"valueRequired\":true,\"valueName\":\"search_term_string\"}}],\"inLanguage\":\"fr-FR\"},{\"@type\":\"Organization\",\"@id\":\"https:\\\/\\\/congovirtuel.com\\\/information\\\/#organization\",\"name\":\"Biblioth\u00e8que Virtuelle de la RDC\",\"url\":\"https:\\\/\\\/congovirtuel.com\\\/information\\\/\",\"logo\":{\"@type\":\"ImageObject\",\"inLanguage\":\"fr-FR\",\"@id\":\"https:\\\/\\\/congovirtuel.com\\\/information\\\/#\\\/schema\\\/logo\\\/image\\\/\",\"url\":\"https:\\\/\\\/congovirtuel.com\\\/information\\\/wp-content\\\/uploads\\\/2018\\\/10\\\/header-info-congovirtuel-vraie.jpg\",\"contentUrl\":\"https:\\\/\\\/congovirtuel.com\\\/information\\\/wp-content\\\/uploads\\\/2018\\\/10\\\/header-info-congovirtuel-vraie.jpg\",\"width\":728,\"height\":90,\"caption\":\"Biblioth\u00e8que Virtuelle de la RDC\"},\"image\":{\"@id\":\"https:\\\/\\\/congovirtuel.com\\\/information\\\/#\\\/schema\\\/logo\\\/image\\\/\"},\"sameAs\":[\"https:\\\/\\\/web.facebook.com\\\/Congovirtuel-763617960319601\\\/?ref=aymt_homepage_panel&amp;amp;amp;amp;amp;amp;amp;amp;amp;amp;amp;eid=ARCoxULa66767kIgF_KYav6VdjXTI4yk_LW4yoVO9s6NXpysgb7Cb65vpxcxgqzOAKvIbLQxaAETcqHT\",\"https:\\\/\\\/x.com\\\/congovirtuel\",\"https:\\\/\\\/www.youtube.com\\\/channel\\\/UCkFfprYzGgS3EWNpeMXpToQ?view_as=subscriber\"]},{\"@type\":\"Person\",\"@id\":\"https:\\\/\\\/congovirtuel.com\\\/information\\\/#\\\/schema\\\/person\\\/739a44bf7990966cb53d58d2fdeca0b6\",\"name\":\"infocongovirtuel\",\"image\":{\"@type\":\"ImageObject\",\"inLanguage\":\"fr-FR\",\"@id\":\"https:\\\/\\\/secure.gravatar.com\\\/avatar\\\/4d76991aa72469f0eb22e772586c99113c6997f88da636a9db8f2ce3a2c05e69?s=96&d=mm&r=g\",\"url\":\"https:\\\/\\\/secure.gravatar.com\\\/avatar\\\/4d76991aa72469f0eb22e772586c99113c6997f88da636a9db8f2ce3a2c05e69?s=96&d=mm&r=g\",\"contentUrl\":\"https:\\\/\\\/secure.gravatar.com\\\/avatar\\\/4d76991aa72469f0eb22e772586c99113c6997f88da636a9db8f2ce3a2c05e69?s=96&d=mm&r=g\",\"caption\":\"infocongovirtuel\"},\"url\":\"https:\\\/\\\/congovirtuel.com\\\/information\\\/author\\\/infocongovirtuel\\\/\"}]}<\/script>\n<!-- \/ Yoast SEO plugin. -->","yoast_head_json":{"title":"RDC: \u00abFatshi\u00bb scelle la r\u00e9conciliation avec Bemba et Katumbi, grincement de dents chez \u00abKABILA\u00bb - Actualit\u00e9s congolaises et internationales","robots":{"index":"index","follow":"follow","max-snippet":"max-snippet:-1","max-image-preview":"max-image-preview:large","max-video-preview":"max-video-preview:-1"},"canonical":"https:\/\/congovirtuel.com\/information\/rdc-fatshi-scelle-la-reconciliation-avec-bemba-et-katumbi-grincement-de-dents-chez-kabila\/","og_locale":"fr_FR","og_type":"article","og_title":"RDC: \u00abFatshi\u00bb scelle la r\u00e9conciliation avec Bemba et Katumbi, grincement de dents chez \u00abKABILA\u00bb - Actualit\u00e9s congolaises et internationales","og_description":"Deux ann\u00e9es apr\u00e8s l\u2019accord capot\u00e9 \u00e0 Gen\u00e8ve, Felix Tshisekedi a eu pour la premi\u00e8re fois une entrevue \u00e0 trois avec ses anciens \u00ab&nbsp;camarades&nbsp;\u00bb Jean-Pierre Bemba Gombo et Mo\u00efse Katumbi Chapwe qui avaient pris position en faveur de l\u2019Union sacr\u00e9e de la nation. On imagine que les trois locuteurs se sont livr\u00e9s, au pr\u00e9alable, \u00e0 une \u00ab&nbsp;franche explication&nbsp;\u00bb sur le rendez-vous manqu\u00e9 de cette ville suisse. La rencontre qui a lieu, samedi 27 d\u00e9cembre \u00e0 Kinshasa, a d\u00fb d\u00e9plaire \u00e0 \u00ab&nbsp;Joseph Kabila\u00ab&nbsp;. L\u2019ancien Pr\u00e9sident n\u2019a jamais cess\u00e9 de consid\u00e9rer le leader&hellip;","og_url":"https:\/\/congovirtuel.com\/information\/rdc-fatshi-scelle-la-reconciliation-avec-bemba-et-katumbi-grincement-de-dents-chez-kabila\/","og_site_name":"Actualit\u00e9s congolaises et internationales","article_publisher":"https:\/\/web.facebook.com\/Congovirtuel-763617960319601\/?ref=aymt_homepage_panel&amp%3bamp%3bamp%3bamp%3bamp%3bamp%3bamp%3bamp%3bamp%3bamp%3bamp%3beid=ARCoxULa66767kIgF_KYav6VdjXTI4yk_LW4yoVO9s6NXpysgb7Cb65vpxcxgqzOAKvIbLQxaAETcqHT","article_published_time":"2020-12-28T05:42:54+00:00","article_modified_time":"2020-12-28T05:43:06+00:00","og_image":[{"width":1200,"height":675,"url":"https:\/\/congovirtuel.com\/information\/wp-content\/uploads\/2020\/12\/Felix_bemba_katumbi-1200-x-675.jpg","type":"image\/jpeg"}],"author":"infocongovirtuel","twitter_card":"summary_large_image","twitter_creator":"@congovirtuel","twitter_site":"@congovirtuel","twitter_misc":{"\u00c9crit par":"infocongovirtuel","Dur\u00e9e de lecture estim\u00e9e":"8 minutes"},"schema":{"@context":"https:\/\/schema.org","@graph":[{"@type":"Article","@id":"https:\/\/congovirtuel.com\/information\/rdc-fatshi-scelle-la-reconciliation-avec-bemba-et-katumbi-grincement-de-dents-chez-kabila\/#article","isPartOf":{"@id":"https:\/\/congovirtuel.com\/information\/rdc-fatshi-scelle-la-reconciliation-avec-bemba-et-katumbi-grincement-de-dents-chez-kabila\/"},"author":{"name":"infocongovirtuel","@id":"https:\/\/congovirtuel.com\/information\/#\/schema\/person\/739a44bf7990966cb53d58d2fdeca0b6"},"headline":"RDC: \u00abFatshi\u00bb scelle la r\u00e9conciliation avec Bemba et Katumbi, grincement de dents chez \u00abKABILA\u00bb","datePublished":"2020-12-28T05:42:54+00:00","dateModified":"2020-12-28T05:43:06+00:00","mainEntityOfPage":{"@id":"https:\/\/congovirtuel.com\/information\/rdc-fatshi-scelle-la-reconciliation-avec-bemba-et-katumbi-grincement-de-dents-chez-kabila\/"},"wordCount":1712,"commentCount":0,"publisher":{"@id":"https:\/\/congovirtuel.com\/information\/#organization"},"image":{"@id":"https:\/\/congovirtuel.com\/information\/rdc-fatshi-scelle-la-reconciliation-avec-bemba-et-katumbi-grincement-de-dents-chez-kabila\/#primaryimage"},"thumbnailUrl":"https:\/\/congovirtuel.com\/information\/wp-content\/uploads\/2020\/12\/Felix_bemba_katumbi-1200-x-675.jpg","keywords":["rencontre felix bemba katumbi","retour aux accords de G\u00e9n\u00e8ve"],"articleSection":["Union sacr\u00e9e"],"inLanguage":"fr-FR","potentialAction":[{"@type":"CommentAction","name":"Comment","target":["https:\/\/congovirtuel.com\/information\/rdc-fatshi-scelle-la-reconciliation-avec-bemba-et-katumbi-grincement-de-dents-chez-kabila\/#respond"]}]},{"@type":"WebPage","@id":"https:\/\/congovirtuel.com\/information\/rdc-fatshi-scelle-la-reconciliation-avec-bemba-et-katumbi-grincement-de-dents-chez-kabila\/","url":"https:\/\/congovirtuel.com\/information\/rdc-fatshi-scelle-la-reconciliation-avec-bemba-et-katumbi-grincement-de-dents-chez-kabila\/","name":"RDC: \u00abFatshi\u00bb scelle la r\u00e9conciliation avec Bemba et Katumbi, grincement de dents chez \u00abKABILA\u00bb - Actualit\u00e9s congolaises et internationales","isPartOf":{"@id":"https:\/\/congovirtuel.com\/information\/#website"},"primaryImageOfPage":{"@id":"https:\/\/congovirtuel.com\/information\/rdc-fatshi-scelle-la-reconciliation-avec-bemba-et-katumbi-grincement-de-dents-chez-kabila\/#primaryimage"},"image":{"@id":"https:\/\/congovirtuel.com\/information\/rdc-fatshi-scelle-la-reconciliation-avec-bemba-et-katumbi-grincement-de-dents-chez-kabila\/#primaryimage"},"thumbnailUrl":"https:\/\/congovirtuel.com\/information\/wp-content\/uploads\/2020\/12\/Felix_bemba_katumbi-1200-x-675.jpg","datePublished":"2020-12-28T05:42:54+00:00","dateModified":"2020-12-28T05:43:06+00:00","breadcrumb":{"@id":"https:\/\/congovirtuel.com\/information\/rdc-fatshi-scelle-la-reconciliation-avec-bemba-et-katumbi-grincement-de-dents-chez-kabila\/#breadcrumb"},"inLanguage":"fr-FR","potentialAction":[{"@type":"ReadAction","target":["https:\/\/congovirtuel.com\/information\/rdc-fatshi-scelle-la-reconciliation-avec-bemba-et-katumbi-grincement-de-dents-chez-kabila\/"]}]},{"@type":"ImageObject","inLanguage":"fr-FR","@id":"https:\/\/congovirtuel.com\/information\/rdc-fatshi-scelle-la-reconciliation-avec-bemba-et-katumbi-grincement-de-dents-chez-kabila\/#primaryimage","url":"https:\/\/congovirtuel.com\/information\/wp-content\/uploads\/2020\/12\/Felix_bemba_katumbi-1200-x-675.jpg","contentUrl":"https:\/\/congovirtuel.com\/information\/wp-content\/uploads\/2020\/12\/Felix_bemba_katumbi-1200-x-675.jpg","width":1200,"height":675,"caption":"Felix_bemba_katumbi (1200 x 675)"},{"@type":"BreadcrumbList","@id":"https:\/\/congovirtuel.com\/information\/rdc-fatshi-scelle-la-reconciliation-avec-bemba-et-katumbi-grincement-de-dents-chez-kabila\/#breadcrumb","itemListElement":[{"@type":"ListItem","position":1,"name":"Accueil","item":"https:\/\/congovirtuel.com\/information\/"},{"@type":"ListItem","position":2,"name":"RDC: \u00abFatshi\u00bb scelle la r\u00e9conciliation avec Bemba et Katumbi, grincement de dents chez \u00abKABILA\u00bb"}]},{"@type":"WebSite","@id":"https:\/\/congovirtuel.com\/information\/#website","url":"https:\/\/congovirtuel.com\/information\/","name":"Actualit\u00e9s congolaises et internationales","description":"site d&#039;analyse et de traitement d&#039;information","publisher":{"@id":"https:\/\/congovirtuel.com\/information\/#organization"},"potentialAction":[{"@type":"SearchAction","target":{"@type":"EntryPoint","urlTemplate":"https:\/\/congovirtuel.com\/information\/?s={search_term_string}"},"query-input":{"@type":"PropertyValueSpecification","valueRequired":true,"valueName":"search_term_string"}}],"inLanguage":"fr-FR"},{"@type":"Organization","@id":"https:\/\/congovirtuel.com\/information\/#organization","name":"Biblioth\u00e8que Virtuelle de la RDC","url":"https:\/\/congovirtuel.com\/information\/","logo":{"@type":"ImageObject","inLanguage":"fr-FR","@id":"https:\/\/congovirtuel.com\/information\/#\/schema\/logo\/image\/","url":"https:\/\/congovirtuel.com\/information\/wp-content\/uploads\/2018\/10\/header-info-congovirtuel-vraie.jpg","contentUrl":"https:\/\/congovirtuel.com\/information\/wp-content\/uploads\/2018\/10\/header-info-congovirtuel-vraie.jpg","width":728,"height":90,"caption":"Biblioth\u00e8que Virtuelle de la RDC"},"image":{"@id":"https:\/\/congovirtuel.com\/information\/#\/schema\/logo\/image\/"},"sameAs":["https:\/\/web.facebook.com\/Congovirtuel-763617960319601\/?ref=aymt_homepage_panel&amp;amp;amp;amp;amp;amp;amp;amp;amp;amp;amp;eid=ARCoxULa66767kIgF_KYav6VdjXTI4yk_LW4yoVO9s6NXpysgb7Cb65vpxcxgqzOAKvIbLQxaAETcqHT","https:\/\/x.com\/congovirtuel","https:\/\/www.youtube.com\/channel\/UCkFfprYzGgS3EWNpeMXpToQ?view_as=subscriber"]},{"@type":"Person","@id":"https:\/\/congovirtuel.com\/information\/#\/schema\/person\/739a44bf7990966cb53d58d2fdeca0b6","name":"infocongovirtuel","image":{"@type":"ImageObject","inLanguage":"fr-FR","@id":"https:\/\/secure.gravatar.com\/avatar\/4d76991aa72469f0eb22e772586c99113c6997f88da636a9db8f2ce3a2c05e69?s=96&d=mm&r=g","url":"https:\/\/secure.gravatar.com\/avatar\/4d76991aa72469f0eb22e772586c99113c6997f88da636a9db8f2ce3a2c05e69?s=96&d=mm&r=g","contentUrl":"https:\/\/secure.gravatar.com\/avatar\/4d76991aa72469f0eb22e772586c99113c6997f88da636a9db8f2ce3a2c05e69?s=96&d=mm&r=g","caption":"infocongovirtuel"},"url":"https:\/\/congovirtuel.com\/information\/author\/infocongovirtuel\/"}]}},"gt_translate_keys":[{"key":"link","format":"url"}],"_links":{"self":[{"href":"https:\/\/congovirtuel.com\/information\/wp-json\/wp\/v2\/posts\/5115","targetHints":{"allow":["GET"]}}],"collection":[{"href":"https:\/\/congovirtuel.com\/information\/wp-json\/wp\/v2\/posts"}],"about":[{"href":"https:\/\/congovirtuel.com\/information\/wp-json\/wp\/v2\/types\/post"}],"author":[{"embeddable":true,"href":"https:\/\/congovirtuel.com\/information\/wp-json\/wp\/v2\/users\/1"}],"replies":[{"embeddable":true,"href":"https:\/\/congovirtuel.com\/information\/wp-json\/wp\/v2\/comments?post=5115"}],"version-history":[{"count":1,"href":"https:\/\/congovirtuel.com\/information\/wp-json\/wp\/v2\/posts\/5115\/revisions"}],"predecessor-version":[{"id":5117,"href":"https:\/\/congovirtuel.com\/information\/wp-json\/wp\/v2\/posts\/5115\/revisions\/5117"}],"wp:featuredmedia":[{"embeddable":true,"href":"https:\/\/congovirtuel.com\/information\/wp-json\/wp\/v2\/media\/5116"}],"wp:attachment":[{"href":"https:\/\/congovirtuel.com\/information\/wp-json\/wp\/v2\/media?parent=5115"}],"wp:term":[{"taxonomy":"category","embeddable":true,"href":"https:\/\/congovirtuel.com\/information\/wp-json\/wp\/v2\/categories?post=5115"},{"taxonomy":"post_tag","embeddable":true,"href":"https:\/\/congovirtuel.com\/information\/wp-json\/wp\/v2\/tags?post=5115"}],"curies":[{"name":"wp","href":"https:\/\/api.w.org\/{rel}","templated":true}]}}