{"id":5119,"date":"2020-12-28T11:23:41","date_gmt":"2020-12-28T10:23:41","guid":{"rendered":"https:\/\/congovirtuel.com\/information\/?p=5119"},"modified":"2020-12-28T11:23:52","modified_gmt":"2020-12-28T10:23:52","slug":"sud-ubangi-le-gouverneur-mabenze-et-son-gouvernement-adherent-a-lunion-sacree-de-la-nation","status":"publish","type":"post","link":"https:\/\/congovirtuel.com\/information\/sud-ubangi-le-gouverneur-mabenze-et-son-gouvernement-adherent-a-lunion-sacree-de-la-nation\/","title":{"rendered":"Sud-Ubangi : le gouverneur Mabenze et son gouvernement adh\u00e8rent \u00e0 l\u2019Union sacr\u00e9e de la nation","gt_translate_keys":[{"key":"rendered","format":"text"}]},"content":{"rendered":"\n<p class=\"wp-block-paragraph\">Le gouverneur du Sud-Ubangi, Jean-Claude Mabenze, a adh\u00e9r\u00e9 \u00e0 l\u2019Union sacr\u00e9e de la nation avec son gouvernement provincial. Dans un communiqu\u00e9 publi\u00e9 dimanche 27 d\u00e9cembre \u00e0 Kinshasa et dont copie est parvenue \u00e0 Radio Okapi, le gouverneur du Sud-Ubangi affirme qu\u2019il va participer \u00e0 la mise en \u0153uvre des r\u00e9formes initi\u00e9es par le Chef de l\u2019Etat.<\/p>\n\n\n\n<p class=\"wp-block-paragraph\">Jean-Claude Mabenze dit se conformer ainsi \u00e0 la d\u00e9cision de son regroupement politique, Coalition des d\u00e9mocrates (CODE), qui a lev\u00e9 l\u2019option d\u2019adh\u00e9rer \u00e0 l\u2019Union sacr\u00e9e de la nation, pr\u00f4n\u00e9e par le pr\u00e9sident F\u00e9lix Antoine Tshisekedi.<\/p>\n\n\n\n<p class=\"wp-block-paragraph\"><strong>OKAPI<\/strong><\/p>\n","protected":false,"gt_translate_keys":[{"key":"rendered","format":"html"}]},"excerpt":{"rendered":"<p>Le gouverneur du Sud-Ubangi, Jean-Claude Mabenze, a adh\u00e9r\u00e9 \u00e0 l\u2019Union sacr\u00e9e de la nation avec son gouvernement provincial. Dans un communiqu\u00e9 publi\u00e9 dimanche 27 d\u00e9cembre \u00e0 Kinshasa et dont copie est parvenue \u00e0 Radio Okapi, le gouverneur du Sud-Ubangi affirme qu\u2019il va participer \u00e0 la mise en \u0153uvre des r\u00e9formes initi\u00e9es par le Chef de l\u2019Etat. Jean-Claude Mabenze dit se conformer ainsi \u00e0 la d\u00e9cision de son regroupement politique, Coalition des d\u00e9mocrates (CODE), qui a lev\u00e9 l\u2019option d\u2019adh\u00e9rer \u00e0 l\u2019Union sacr\u00e9e de la nation, pr\u00f4n\u00e9e par le pr\u00e9sident F\u00e9lix Antoine&hellip;<\/p>\n","protected":false,"gt_translate_keys":[{"key":"rendered","format":"html"}]},"author":1,"featured_media":3893,"comment_status":"open","ping_status":"open","sticky":false,"template":"","format":"standard","meta":{"_crdt_document":"","footnotes":""},"categories":[4241],"tags":[4361,3342],"class_list":["post-5119","post","type-post","status-publish","format-standard","has-post-thumbnail","hentry","category-union-sacree","tag-le-gouverneur-mabenze-et-son-gouvernement-adherent-a-lunion-sacree","tag-union-sacree-de-la-nation"],"gutentor_comment":0,"yoast_head":"<!-- This site is optimized with the Yoast SEO plugin v27.5 - https:\/\/yoast.com\/product\/yoast-seo-wordpress\/ -->\n<title>Sud-Ubangi : le gouverneur Mabenze et son gouvernement adh\u00e8rent \u00e0 l\u2019Union sacr\u00e9e de la nation - Actualit\u00e9s congolaises et internationales<\/title>\n<meta name=\"robots\" content=\"index, follow, max-snippet:-1, max-image-preview:large, max-video-preview:-1\" \/>\n<link rel=\"canonical\" href=\"https:\/\/congovirtuel.com\/information\/sud-ubangi-le-gouverneur-mabenze-et-son-gouvernement-adherent-a-lunion-sacree-de-la-nation\/\" \/>\n<meta property=\"og:locale\" content=\"fr_FR\" \/>\n<meta property=\"og:type\" content=\"article\" \/>\n<meta property=\"og:title\" content=\"Sud-Ubangi : le gouverneur Mabenze et son gouvernement adh\u00e8rent \u00e0 l\u2019Union sacr\u00e9e de la nation - Actualit\u00e9s congolaises et internationales\" \/>\n<meta property=\"og:description\" content=\"Le gouverneur du Sud-Ubangi, Jean-Claude Mabenze, a adh\u00e9r\u00e9 \u00e0 l\u2019Union sacr\u00e9e de la nation avec son gouvernement provincial. Dans un communiqu\u00e9 publi\u00e9 dimanche 27 d\u00e9cembre \u00e0 Kinshasa et dont copie est parvenue \u00e0 Radio Okapi, le gouverneur du Sud-Ubangi affirme qu\u2019il va participer \u00e0 la mise en \u0153uvre des r\u00e9formes initi\u00e9es par le Chef de l\u2019Etat. Jean-Claude Mabenze dit se conformer ainsi \u00e0 la d\u00e9cision de son regroupement politique, Coalition des d\u00e9mocrates (CODE), qui a lev\u00e9 l\u2019option d\u2019adh\u00e9rer \u00e0 l\u2019Union sacr\u00e9e de la nation, pr\u00f4n\u00e9e par le pr\u00e9sident F\u00e9lix Antoine&hellip;\" \/>\n<meta property=\"og:url\" content=\"https:\/\/congovirtuel.com\/information\/sud-ubangi-le-gouverneur-mabenze-et-son-gouvernement-adherent-a-lunion-sacree-de-la-nation\/\" \/>\n<meta property=\"og:site_name\" content=\"Actualit\u00e9s congolaises et internationales\" \/>\n<meta property=\"article:publisher\" content=\"https:\/\/web.facebook.com\/Congovirtuel-763617960319601\/?ref=aymt_homepage_panel&amp;amp%3bamp%3bamp%3bamp%3bamp%3bamp%3bamp%3bamp%3bamp%3bamp%3bamp%3beid=ARCoxULa66767kIgF_KYav6VdjXTI4yk_LW4yoVO9s6NXpysgb7Cb65vpxcxgqzOAKvIbLQxaAETcqHT\" \/>\n<meta property=\"article:published_time\" content=\"2020-12-28T10:23:41+00:00\" \/>\n<meta property=\"article:modified_time\" content=\"2020-12-28T10:23:52+00:00\" \/>\n<meta property=\"og:image\" content=\"https:\/\/congovirtuel.com\/information\/wp-content\/uploads\/2020\/10\/felix_tshisekedi23.jpg\" \/>\n\t<meta property=\"og:image:width\" content=\"800\" \/>\n\t<meta property=\"og:image:height\" content=\"400\" \/>\n\t<meta property=\"og:image:type\" content=\"image\/jpeg\" \/>\n<meta name=\"author\" content=\"infocongovirtuel\" \/>\n<meta name=\"twitter:card\" content=\"summary_large_image\" \/>\n<meta name=\"twitter:creator\" content=\"@congovirtuel\" \/>\n<meta name=\"twitter:site\" content=\"@congovirtuel\" \/>\n<meta name=\"twitter:label1\" content=\"\u00c9crit par\" \/>\n\t<meta name=\"twitter:data1\" content=\"infocongovirtuel\" \/>\n\t<meta name=\"twitter:label2\" content=\"Dur\u00e9e de lecture estim\u00e9e\" \/>\n\t<meta name=\"twitter:data2\" content=\"1 minute\" \/>\n<script type=\"application\/ld+json\" class=\"yoast-schema-graph\">{\"@context\":\"https:\\\/\\\/schema.org\",\"@graph\":[{\"@type\":\"Article\",\"@id\":\"https:\\\/\\\/congovirtuel.com\\\/information\\\/sud-ubangi-le-gouverneur-mabenze-et-son-gouvernement-adherent-a-lunion-sacree-de-la-nation\\\/#article\",\"isPartOf\":{\"@id\":\"https:\\\/\\\/congovirtuel.com\\\/information\\\/sud-ubangi-le-gouverneur-mabenze-et-son-gouvernement-adherent-a-lunion-sacree-de-la-nation\\\/\"},\"author\":{\"name\":\"infocongovirtuel\",\"@id\":\"https:\\\/\\\/congovirtuel.com\\\/information\\\/#\\\/schema\\\/person\\\/739a44bf7990966cb53d58d2fdeca0b6\"},\"headline\":\"Sud-Ubangi : le gouverneur Mabenze et son gouvernement adh\u00e8rent \u00e0 l\u2019Union sacr\u00e9e de la nation\",\"datePublished\":\"2020-12-28T10:23:41+00:00\",\"dateModified\":\"2020-12-28T10:23:52+00:00\",\"mainEntityOfPage\":{\"@id\":\"https:\\\/\\\/congovirtuel.com\\\/information\\\/sud-ubangi-le-gouverneur-mabenze-et-son-gouvernement-adherent-a-lunion-sacree-de-la-nation\\\/\"},\"wordCount\":120,\"commentCount\":0,\"publisher\":{\"@id\":\"https:\\\/\\\/congovirtuel.com\\\/information\\\/#organization\"},\"image\":{\"@id\":\"https:\\\/\\\/congovirtuel.com\\\/information\\\/sud-ubangi-le-gouverneur-mabenze-et-son-gouvernement-adherent-a-lunion-sacree-de-la-nation\\\/#primaryimage\"},\"thumbnailUrl\":\"https:\\\/\\\/congovirtuel.com\\\/information\\\/wp-content\\\/uploads\\\/2020\\\/10\\\/felix_tshisekedi23.jpg\",\"keywords\":[\"le gouverneur Mabenze et son gouvernement adh\u00e8rent \u00e0 l\u2019Union sacr\u00e9e\",\"union sacr\u00e9e de la Nation\"],\"articleSection\":[\"Union sacr\u00e9e\"],\"inLanguage\":\"fr-FR\",\"potentialAction\":[{\"@type\":\"CommentAction\",\"name\":\"Comment\",\"target\":[\"https:\\\/\\\/congovirtuel.com\\\/information\\\/sud-ubangi-le-gouverneur-mabenze-et-son-gouvernement-adherent-a-lunion-sacree-de-la-nation\\\/#respond\"]}]},{\"@type\":\"WebPage\",\"@id\":\"https:\\\/\\\/congovirtuel.com\\\/information\\\/sud-ubangi-le-gouverneur-mabenze-et-son-gouvernement-adherent-a-lunion-sacree-de-la-nation\\\/\",\"url\":\"https:\\\/\\\/congovirtuel.com\\\/information\\\/sud-ubangi-le-gouverneur-mabenze-et-son-gouvernement-adherent-a-lunion-sacree-de-la-nation\\\/\",\"name\":\"Sud-Ubangi : le gouverneur Mabenze et son gouvernement adh\u00e8rent \u00e0 l\u2019Union sacr\u00e9e de la nation - Actualit\u00e9s congolaises et internationales\",\"isPartOf\":{\"@id\":\"https:\\\/\\\/congovirtuel.com\\\/information\\\/#website\"},\"primaryImageOfPage\":{\"@id\":\"https:\\\/\\\/congovirtuel.com\\\/information\\\/sud-ubangi-le-gouverneur-mabenze-et-son-gouvernement-adherent-a-lunion-sacree-de-la-nation\\\/#primaryimage\"},\"image\":{\"@id\":\"https:\\\/\\\/congovirtuel.com\\\/information\\\/sud-ubangi-le-gouverneur-mabenze-et-son-gouvernement-adherent-a-lunion-sacree-de-la-nation\\\/#primaryimage\"},\"thumbnailUrl\":\"https:\\\/\\\/congovirtuel.com\\\/information\\\/wp-content\\\/uploads\\\/2020\\\/10\\\/felix_tshisekedi23.jpg\",\"datePublished\":\"2020-12-28T10:23:41+00:00\",\"dateModified\":\"2020-12-28T10:23:52+00:00\",\"breadcrumb\":{\"@id\":\"https:\\\/\\\/congovirtuel.com\\\/information\\\/sud-ubangi-le-gouverneur-mabenze-et-son-gouvernement-adherent-a-lunion-sacree-de-la-nation\\\/#breadcrumb\"},\"inLanguage\":\"fr-FR\",\"potentialAction\":[{\"@type\":\"ReadAction\",\"target\":[\"https:\\\/\\\/congovirtuel.com\\\/information\\\/sud-ubangi-le-gouverneur-mabenze-et-son-gouvernement-adherent-a-lunion-sacree-de-la-nation\\\/\"]}]},{\"@type\":\"ImageObject\",\"inLanguage\":\"fr-FR\",\"@id\":\"https:\\\/\\\/congovirtuel.com\\\/information\\\/sud-ubangi-le-gouverneur-mabenze-et-son-gouvernement-adherent-a-lunion-sacree-de-la-nation\\\/#primaryimage\",\"url\":\"https:\\\/\\\/congovirtuel.com\\\/information\\\/wp-content\\\/uploads\\\/2020\\\/10\\\/felix_tshisekedi23.jpg\",\"contentUrl\":\"https:\\\/\\\/congovirtuel.com\\\/information\\\/wp-content\\\/uploads\\\/2020\\\/10\\\/felix_tshisekedi23.jpg\",\"width\":800,\"height\":400,\"caption\":\"felix doigt de victoire\"},{\"@type\":\"BreadcrumbList\",\"@id\":\"https:\\\/\\\/congovirtuel.com\\\/information\\\/sud-ubangi-le-gouverneur-mabenze-et-son-gouvernement-adherent-a-lunion-sacree-de-la-nation\\\/#breadcrumb\",\"itemListElement\":[{\"@type\":\"ListItem\",\"position\":1,\"name\":\"Accueil\",\"item\":\"https:\\\/\\\/congovirtuel.com\\\/information\\\/\"},{\"@type\":\"ListItem\",\"position\":2,\"name\":\"Sud-Ubangi : le gouverneur Mabenze et son gouvernement adh\u00e8rent \u00e0 l\u2019Union sacr\u00e9e de la nation\"}]},{\"@type\":\"WebSite\",\"@id\":\"https:\\\/\\\/congovirtuel.com\\\/information\\\/#website\",\"url\":\"https:\\\/\\\/congovirtuel.com\\\/information\\\/\",\"name\":\"Actualit\u00e9s congolaises et internationales\",\"description\":\"site d&#039;analyse et de traitement d&#039;information\",\"publisher\":{\"@id\":\"https:\\\/\\\/congovirtuel.com\\\/information\\\/#organization\"},\"potentialAction\":[{\"@type\":\"SearchAction\",\"target\":{\"@type\":\"EntryPoint\",\"urlTemplate\":\"https:\\\/\\\/congovirtuel.com\\\/information\\\/?s={search_term_string}\"},\"query-input\":{\"@type\":\"PropertyValueSpecification\",\"valueRequired\":true,\"valueName\":\"search_term_string\"}}],\"inLanguage\":\"fr-FR\"},{\"@type\":\"Organization\",\"@id\":\"https:\\\/\\\/congovirtuel.com\\\/information\\\/#organization\",\"name\":\"Biblioth\u00e8que Virtuelle de la RDC\",\"url\":\"https:\\\/\\\/congovirtuel.com\\\/information\\\/\",\"logo\":{\"@type\":\"ImageObject\",\"inLanguage\":\"fr-FR\",\"@id\":\"https:\\\/\\\/congovirtuel.com\\\/information\\\/#\\\/schema\\\/logo\\\/image\\\/\",\"url\":\"https:\\\/\\\/congovirtuel.com\\\/information\\\/wp-content\\\/uploads\\\/2018\\\/10\\\/header-info-congovirtuel-vraie.jpg\",\"contentUrl\":\"https:\\\/\\\/congovirtuel.com\\\/information\\\/wp-content\\\/uploads\\\/2018\\\/10\\\/header-info-congovirtuel-vraie.jpg\",\"width\":728,\"height\":90,\"caption\":\"Biblioth\u00e8que Virtuelle de la RDC\"},\"image\":{\"@id\":\"https:\\\/\\\/congovirtuel.com\\\/information\\\/#\\\/schema\\\/logo\\\/image\\\/\"},\"sameAs\":[\"https:\\\/\\\/web.facebook.com\\\/Congovirtuel-763617960319601\\\/?ref=aymt_homepage_panel&amp;amp;amp;amp;amp;amp;amp;amp;amp;amp;amp;eid=ARCoxULa66767kIgF_KYav6VdjXTI4yk_LW4yoVO9s6NXpysgb7Cb65vpxcxgqzOAKvIbLQxaAETcqHT\",\"https:\\\/\\\/x.com\\\/congovirtuel\",\"https:\\\/\\\/www.youtube.com\\\/channel\\\/UCkFfprYzGgS3EWNpeMXpToQ?view_as=subscriber\"]},{\"@type\":\"Person\",\"@id\":\"https:\\\/\\\/congovirtuel.com\\\/information\\\/#\\\/schema\\\/person\\\/739a44bf7990966cb53d58d2fdeca0b6\",\"name\":\"infocongovirtuel\",\"image\":{\"@type\":\"ImageObject\",\"inLanguage\":\"fr-FR\",\"@id\":\"https:\\\/\\\/secure.gravatar.com\\\/avatar\\\/4d76991aa72469f0eb22e772586c99113c6997f88da636a9db8f2ce3a2c05e69?s=96&d=mm&r=g\",\"url\":\"https:\\\/\\\/secure.gravatar.com\\\/avatar\\\/4d76991aa72469f0eb22e772586c99113c6997f88da636a9db8f2ce3a2c05e69?s=96&d=mm&r=g\",\"contentUrl\":\"https:\\\/\\\/secure.gravatar.com\\\/avatar\\\/4d76991aa72469f0eb22e772586c99113c6997f88da636a9db8f2ce3a2c05e69?s=96&d=mm&r=g\",\"caption\":\"infocongovirtuel\"},\"url\":\"https:\\\/\\\/congovirtuel.com\\\/information\\\/author\\\/infocongovirtuel\\\/\"}]}<\/script>\n<!-- \/ Yoast SEO plugin. -->","yoast_head_json":{"title":"Sud-Ubangi : le gouverneur Mabenze et son gouvernement adh\u00e8rent \u00e0 l\u2019Union sacr\u00e9e de la nation - Actualit\u00e9s congolaises et internationales","robots":{"index":"index","follow":"follow","max-snippet":"max-snippet:-1","max-image-preview":"max-image-preview:large","max-video-preview":"max-video-preview:-1"},"canonical":"https:\/\/congovirtuel.com\/information\/sud-ubangi-le-gouverneur-mabenze-et-son-gouvernement-adherent-a-lunion-sacree-de-la-nation\/","og_locale":"fr_FR","og_type":"article","og_title":"Sud-Ubangi : le gouverneur Mabenze et son gouvernement adh\u00e8rent \u00e0 l\u2019Union sacr\u00e9e de la nation - Actualit\u00e9s congolaises et internationales","og_description":"Le gouverneur du Sud-Ubangi, Jean-Claude Mabenze, a adh\u00e9r\u00e9 \u00e0 l\u2019Union sacr\u00e9e de la nation avec son gouvernement provincial. Dans un communiqu\u00e9 publi\u00e9 dimanche 27 d\u00e9cembre \u00e0 Kinshasa et dont copie est parvenue \u00e0 Radio Okapi, le gouverneur du Sud-Ubangi affirme qu\u2019il va participer \u00e0 la mise en \u0153uvre des r\u00e9formes initi\u00e9es par le Chef de l\u2019Etat. Jean-Claude Mabenze dit se conformer ainsi \u00e0 la d\u00e9cision de son regroupement politique, Coalition des d\u00e9mocrates (CODE), qui a lev\u00e9 l\u2019option d\u2019adh\u00e9rer \u00e0 l\u2019Union sacr\u00e9e de la nation, pr\u00f4n\u00e9e par le pr\u00e9sident F\u00e9lix Antoine&hellip;","og_url":"https:\/\/congovirtuel.com\/information\/sud-ubangi-le-gouverneur-mabenze-et-son-gouvernement-adherent-a-lunion-sacree-de-la-nation\/","og_site_name":"Actualit\u00e9s congolaises et internationales","article_publisher":"https:\/\/web.facebook.com\/Congovirtuel-763617960319601\/?ref=aymt_homepage_panel&amp%3bamp%3bamp%3bamp%3bamp%3bamp%3bamp%3bamp%3bamp%3bamp%3bamp%3beid=ARCoxULa66767kIgF_KYav6VdjXTI4yk_LW4yoVO9s6NXpysgb7Cb65vpxcxgqzOAKvIbLQxaAETcqHT","article_published_time":"2020-12-28T10:23:41+00:00","article_modified_time":"2020-12-28T10:23:52+00:00","og_image":[{"width":800,"height":400,"url":"https:\/\/congovirtuel.com\/information\/wp-content\/uploads\/2020\/10\/felix_tshisekedi23.jpg","type":"image\/jpeg"}],"author":"infocongovirtuel","twitter_card":"summary_large_image","twitter_creator":"@congovirtuel","twitter_site":"@congovirtuel","twitter_misc":{"\u00c9crit par":"infocongovirtuel","Dur\u00e9e de lecture estim\u00e9e":"1 minute"},"schema":{"@context":"https:\/\/schema.org","@graph":[{"@type":"Article","@id":"https:\/\/congovirtuel.com\/information\/sud-ubangi-le-gouverneur-mabenze-et-son-gouvernement-adherent-a-lunion-sacree-de-la-nation\/#article","isPartOf":{"@id":"https:\/\/congovirtuel.com\/information\/sud-ubangi-le-gouverneur-mabenze-et-son-gouvernement-adherent-a-lunion-sacree-de-la-nation\/"},"author":{"name":"infocongovirtuel","@id":"https:\/\/congovirtuel.com\/information\/#\/schema\/person\/739a44bf7990966cb53d58d2fdeca0b6"},"headline":"Sud-Ubangi : le gouverneur Mabenze et son gouvernement adh\u00e8rent \u00e0 l\u2019Union sacr\u00e9e de la nation","datePublished":"2020-12-28T10:23:41+00:00","dateModified":"2020-12-28T10:23:52+00:00","mainEntityOfPage":{"@id":"https:\/\/congovirtuel.com\/information\/sud-ubangi-le-gouverneur-mabenze-et-son-gouvernement-adherent-a-lunion-sacree-de-la-nation\/"},"wordCount":120,"commentCount":0,"publisher":{"@id":"https:\/\/congovirtuel.com\/information\/#organization"},"image":{"@id":"https:\/\/congovirtuel.com\/information\/sud-ubangi-le-gouverneur-mabenze-et-son-gouvernement-adherent-a-lunion-sacree-de-la-nation\/#primaryimage"},"thumbnailUrl":"https:\/\/congovirtuel.com\/information\/wp-content\/uploads\/2020\/10\/felix_tshisekedi23.jpg","keywords":["le gouverneur Mabenze et son gouvernement adh\u00e8rent \u00e0 l\u2019Union sacr\u00e9e","union sacr\u00e9e de la Nation"],"articleSection":["Union sacr\u00e9e"],"inLanguage":"fr-FR","potentialAction":[{"@type":"CommentAction","name":"Comment","target":["https:\/\/congovirtuel.com\/information\/sud-ubangi-le-gouverneur-mabenze-et-son-gouvernement-adherent-a-lunion-sacree-de-la-nation\/#respond"]}]},{"@type":"WebPage","@id":"https:\/\/congovirtuel.com\/information\/sud-ubangi-le-gouverneur-mabenze-et-son-gouvernement-adherent-a-lunion-sacree-de-la-nation\/","url":"https:\/\/congovirtuel.com\/information\/sud-ubangi-le-gouverneur-mabenze-et-son-gouvernement-adherent-a-lunion-sacree-de-la-nation\/","name":"Sud-Ubangi : le gouverneur Mabenze et son gouvernement adh\u00e8rent \u00e0 l\u2019Union sacr\u00e9e de la nation - Actualit\u00e9s congolaises et internationales","isPartOf":{"@id":"https:\/\/congovirtuel.com\/information\/#website"},"primaryImageOfPage":{"@id":"https:\/\/congovirtuel.com\/information\/sud-ubangi-le-gouverneur-mabenze-et-son-gouvernement-adherent-a-lunion-sacree-de-la-nation\/#primaryimage"},"image":{"@id":"https:\/\/congovirtuel.com\/information\/sud-ubangi-le-gouverneur-mabenze-et-son-gouvernement-adherent-a-lunion-sacree-de-la-nation\/#primaryimage"},"thumbnailUrl":"https:\/\/congovirtuel.com\/information\/wp-content\/uploads\/2020\/10\/felix_tshisekedi23.jpg","datePublished":"2020-12-28T10:23:41+00:00","dateModified":"2020-12-28T10:23:52+00:00","breadcrumb":{"@id":"https:\/\/congovirtuel.com\/information\/sud-ubangi-le-gouverneur-mabenze-et-son-gouvernement-adherent-a-lunion-sacree-de-la-nation\/#breadcrumb"},"inLanguage":"fr-FR","potentialAction":[{"@type":"ReadAction","target":["https:\/\/congovirtuel.com\/information\/sud-ubangi-le-gouverneur-mabenze-et-son-gouvernement-adherent-a-lunion-sacree-de-la-nation\/"]}]},{"@type":"ImageObject","inLanguage":"fr-FR","@id":"https:\/\/congovirtuel.com\/information\/sud-ubangi-le-gouverneur-mabenze-et-son-gouvernement-adherent-a-lunion-sacree-de-la-nation\/#primaryimage","url":"https:\/\/congovirtuel.com\/information\/wp-content\/uploads\/2020\/10\/felix_tshisekedi23.jpg","contentUrl":"https:\/\/congovirtuel.com\/information\/wp-content\/uploads\/2020\/10\/felix_tshisekedi23.jpg","width":800,"height":400,"caption":"felix doigt de victoire"},{"@type":"BreadcrumbList","@id":"https:\/\/congovirtuel.com\/information\/sud-ubangi-le-gouverneur-mabenze-et-son-gouvernement-adherent-a-lunion-sacree-de-la-nation\/#breadcrumb","itemListElement":[{"@type":"ListItem","position":1,"name":"Accueil","item":"https:\/\/congovirtuel.com\/information\/"},{"@type":"ListItem","position":2,"name":"Sud-Ubangi : le gouverneur Mabenze et son gouvernement adh\u00e8rent \u00e0 l\u2019Union sacr\u00e9e de la nation"}]},{"@type":"WebSite","@id":"https:\/\/congovirtuel.com\/information\/#website","url":"https:\/\/congovirtuel.com\/information\/","name":"Actualit\u00e9s congolaises et internationales","description":"site d&#039;analyse et de traitement d&#039;information","publisher":{"@id":"https:\/\/congovirtuel.com\/information\/#organization"},"potentialAction":[{"@type":"SearchAction","target":{"@type":"EntryPoint","urlTemplate":"https:\/\/congovirtuel.com\/information\/?s={search_term_string}"},"query-input":{"@type":"PropertyValueSpecification","valueRequired":true,"valueName":"search_term_string"}}],"inLanguage":"fr-FR"},{"@type":"Organization","@id":"https:\/\/congovirtuel.com\/information\/#organization","name":"Biblioth\u00e8que Virtuelle de la RDC","url":"https:\/\/congovirtuel.com\/information\/","logo":{"@type":"ImageObject","inLanguage":"fr-FR","@id":"https:\/\/congovirtuel.com\/information\/#\/schema\/logo\/image\/","url":"https:\/\/congovirtuel.com\/information\/wp-content\/uploads\/2018\/10\/header-info-congovirtuel-vraie.jpg","contentUrl":"https:\/\/congovirtuel.com\/information\/wp-content\/uploads\/2018\/10\/header-info-congovirtuel-vraie.jpg","width":728,"height":90,"caption":"Biblioth\u00e8que Virtuelle de la RDC"},"image":{"@id":"https:\/\/congovirtuel.com\/information\/#\/schema\/logo\/image\/"},"sameAs":["https:\/\/web.facebook.com\/Congovirtuel-763617960319601\/?ref=aymt_homepage_panel&amp;amp;amp;amp;amp;amp;amp;amp;amp;amp;amp;eid=ARCoxULa66767kIgF_KYav6VdjXTI4yk_LW4yoVO9s6NXpysgb7Cb65vpxcxgqzOAKvIbLQxaAETcqHT","https:\/\/x.com\/congovirtuel","https:\/\/www.youtube.com\/channel\/UCkFfprYzGgS3EWNpeMXpToQ?view_as=subscriber"]},{"@type":"Person","@id":"https:\/\/congovirtuel.com\/information\/#\/schema\/person\/739a44bf7990966cb53d58d2fdeca0b6","name":"infocongovirtuel","image":{"@type":"ImageObject","inLanguage":"fr-FR","@id":"https:\/\/secure.gravatar.com\/avatar\/4d76991aa72469f0eb22e772586c99113c6997f88da636a9db8f2ce3a2c05e69?s=96&d=mm&r=g","url":"https:\/\/secure.gravatar.com\/avatar\/4d76991aa72469f0eb22e772586c99113c6997f88da636a9db8f2ce3a2c05e69?s=96&d=mm&r=g","contentUrl":"https:\/\/secure.gravatar.com\/avatar\/4d76991aa72469f0eb22e772586c99113c6997f88da636a9db8f2ce3a2c05e69?s=96&d=mm&r=g","caption":"infocongovirtuel"},"url":"https:\/\/congovirtuel.com\/information\/author\/infocongovirtuel\/"}]}},"gt_translate_keys":[{"key":"link","format":"url"}],"_links":{"self":[{"href":"https:\/\/congovirtuel.com\/information\/wp-json\/wp\/v2\/posts\/5119","targetHints":{"allow":["GET"]}}],"collection":[{"href":"https:\/\/congovirtuel.com\/information\/wp-json\/wp\/v2\/posts"}],"about":[{"href":"https:\/\/congovirtuel.com\/information\/wp-json\/wp\/v2\/types\/post"}],"author":[{"embeddable":true,"href":"https:\/\/congovirtuel.com\/information\/wp-json\/wp\/v2\/users\/1"}],"replies":[{"embeddable":true,"href":"https:\/\/congovirtuel.com\/information\/wp-json\/wp\/v2\/comments?post=5119"}],"version-history":[{"count":1,"href":"https:\/\/congovirtuel.com\/information\/wp-json\/wp\/v2\/posts\/5119\/revisions"}],"predecessor-version":[{"id":5120,"href":"https:\/\/congovirtuel.com\/information\/wp-json\/wp\/v2\/posts\/5119\/revisions\/5120"}],"wp:featuredmedia":[{"embeddable":true,"href":"https:\/\/congovirtuel.com\/information\/wp-json\/wp\/v2\/media\/3893"}],"wp:attachment":[{"href":"https:\/\/congovirtuel.com\/information\/wp-json\/wp\/v2\/media?parent=5119"}],"wp:term":[{"taxonomy":"category","embeddable":true,"href":"https:\/\/congovirtuel.com\/information\/wp-json\/wp\/v2\/categories?post=5119"},{"taxonomy":"post_tag","embeddable":true,"href":"https:\/\/congovirtuel.com\/information\/wp-json\/wp\/v2\/tags?post=5119"}],"curies":[{"name":"wp","href":"https:\/\/api.w.org\/{rel}","templated":true}]}}