{"id":5122,"date":"2020-12-28T15:09:05","date_gmt":"2020-12-28T14:09:05","guid":{"rendered":"https:\/\/congovirtuel.com\/information\/?p=5122"},"modified":"2020-12-28T15:09:18","modified_gmt":"2020-12-28T14:09:18","slug":"rdc-ce-que-tshisekedi-compte-faire-des-provinces-dans-le-cadre-de-lunion-sacree","status":"publish","type":"post","link":"https:\/\/congovirtuel.com\/information\/rdc-ce-que-tshisekedi-compte-faire-des-provinces-dans-le-cadre-de-lunion-sacree\/","title":{"rendered":"RDC : Ce que Tshisekedi compte faire des provinces dans le cadre de l\u2019Union sacr\u00e9e","gt_translate_keys":[{"key":"rendered","format":"text"}]},"content":{"rendered":"\n<p class=\"wp-block-paragraph\">Le pr\u00e9sident de la R\u00e9publique, F\u00e9lix-Antoine Tshisekedi, a ouvert ce lundi 28 d\u00e9cembre \u00e0 Kinshasa la 7e conf\u00e9rence annuelle de gouverneurs de province. Lors de son adresse, le chef de l\u2019Etat est revenu sur l\u2019arriv\u00e9e d\u2019un nouveau cadre politique appel\u00e9 \u00ab&nbsp;union sacr\u00e9e&nbsp;\u00bb et ses exigences pour le fonctionnement des provinces.<\/p>\n\n\n\n<p class=\"wp-block-paragraph\">\u00ab&nbsp;L\u2019Union sacr\u00e9e de la nation se veut justement comme vous l&rsquo;avez sugg\u00e9r\u00e9, de s\u00e9curiser dans le respect de la Constitution et des lois de la R\u00e9publique, la fonction de gouverneur de province, repr\u00e9sentant de la haute autorit\u00e9 en province contre les diverses vell\u00e9it\u00e9s de d\u00e9stabilisation par des d\u00e9put\u00e9s provinciaux dans le but d&rsquo;assurer la stabilit\u00e9 provinciale en vue de booster le d\u00e9veloppement \u00e0 la base&nbsp;\u00bb, a affirm\u00e9 le pr\u00e9sident de la R\u00e9publique.<\/p>\n\n\n\n<p class=\"wp-block-paragraph\">Et d\u2019ajouter&nbsp;: \u00ab&nbsp;Je ne me fais aucun doute que le nouveau cadre dans lequel \u00e9volueront les institutions permettra la stabilit\u00e9 des gouvernements provinciaux, gage d&rsquo;un d\u00e9veloppement continu. Ce m\u00eame cadre accordera beaucoup plus d&rsquo;attention aux priorit\u00e9s financi\u00e8res des provinces, \u00e0 la construction des infrastructures et il acc\u00e9l\u00e9ra le processus de pacification, accordera beaucoup plus de facilit\u00e9 aux investisseurs, mettra davantage d&rsquo;accent sur le contr\u00f4le des finances, poursuivant les r\u00e9formes \u00bb.<\/p>\n\n\n\n<p class=\"wp-block-paragraph\">Par ailleurs, le pr\u00e9sident de la R\u00e9publique a pr\u00e9venu chaque gouverneur contre tous \u00ab&nbsp;les actes de sabotage de nouvelle politique publique que je compte impulser pour le reste de mon quinquennat ne seront plus tol\u00e9r\u00e9s ni impunis \u00bb.<\/p>\n\n\n\n<p class=\"wp-block-paragraph\">Comme l\u2019ann\u00e9e derni\u00e8re, F\u00e9lix Tshisekedi a encore promis une \u00e9valuation trimestrielle de la mise en \u0153uvre de son programme dans les provinces.<\/p>\n\n\n\n<p class=\"wp-block-paragraph\"><strong>Socrate Nsimba<\/strong>\/Digitalcongo<\/p>\n","protected":false,"gt_translate_keys":[{"key":"rendered","format":"html"}]},"excerpt":{"rendered":"<p>Le pr\u00e9sident de la R\u00e9publique, F\u00e9lix-Antoine Tshisekedi, a ouvert ce lundi 28 d\u00e9cembre \u00e0 Kinshasa la 7e conf\u00e9rence annuelle de gouverneurs de province. Lors de son adresse, le chef de l\u2019Etat est revenu sur l\u2019arriv\u00e9e d\u2019un nouveau cadre politique appel\u00e9 \u00ab&nbsp;union sacr\u00e9e&nbsp;\u00bb et ses exigences pour le fonctionnement des provinces. \u00ab&nbsp;L\u2019Union sacr\u00e9e de la nation se veut justement comme vous l&rsquo;avez sugg\u00e9r\u00e9, de s\u00e9curiser dans le respect de la Constitution et des lois de la R\u00e9publique, la fonction de gouverneur de province, repr\u00e9sentant de la haute autorit\u00e9 en province contre&hellip;<\/p>\n","protected":false,"gt_translate_keys":[{"key":"rendered","format":"html"}]},"author":1,"featured_media":5123,"comment_status":"open","ping_status":"open","sticky":false,"template":"","format":"standard","meta":{"_crdt_document":"","footnotes":""},"categories":[4241],"tags":[4364,4365],"class_list":["post-5122","post","type-post","status-publish","format-standard","has-post-thumbnail","hentry","category-union-sacree","tag-conference-des-gouverneurs-rdc-2020","tag-ouverture-conference-gouverneurs-tshisekedi"],"gutentor_comment":0,"yoast_head":"<!-- This site is optimized with the Yoast SEO plugin v27.5 - https:\/\/yoast.com\/product\/yoast-seo-wordpress\/ -->\n<title>RDC : Ce que Tshisekedi compte faire des provinces dans le cadre de l\u2019Union sacr\u00e9e - Actualit\u00e9s congolaises et internationales<\/title>\n<meta name=\"robots\" content=\"index, follow, max-snippet:-1, max-image-preview:large, max-video-preview:-1\" \/>\n<link rel=\"canonical\" href=\"https:\/\/congovirtuel.com\/information\/rdc-ce-que-tshisekedi-compte-faire-des-provinces-dans-le-cadre-de-lunion-sacree\/\" \/>\n<meta property=\"og:locale\" content=\"fr_FR\" \/>\n<meta property=\"og:type\" content=\"article\" \/>\n<meta property=\"og:title\" content=\"RDC : Ce que Tshisekedi compte faire des provinces dans le cadre de l\u2019Union sacr\u00e9e - Actualit\u00e9s congolaises et internationales\" \/>\n<meta property=\"og:description\" content=\"Le pr\u00e9sident de la R\u00e9publique, F\u00e9lix-Antoine Tshisekedi, a ouvert ce lundi 28 d\u00e9cembre \u00e0 Kinshasa la 7e conf\u00e9rence annuelle de gouverneurs de province. Lors de son adresse, le chef de l\u2019Etat est revenu sur l\u2019arriv\u00e9e d\u2019un nouveau cadre politique appel\u00e9 \u00ab&nbsp;union sacr\u00e9e&nbsp;\u00bb et ses exigences pour le fonctionnement des provinces. \u00ab&nbsp;L\u2019Union sacr\u00e9e de la nation se veut justement comme vous l&rsquo;avez sugg\u00e9r\u00e9, de s\u00e9curiser dans le respect de la Constitution et des lois de la R\u00e9publique, la fonction de gouverneur de province, repr\u00e9sentant de la haute autorit\u00e9 en province contre&hellip;\" \/>\n<meta property=\"og:url\" content=\"https:\/\/congovirtuel.com\/information\/rdc-ce-que-tshisekedi-compte-faire-des-provinces-dans-le-cadre-de-lunion-sacree\/\" \/>\n<meta property=\"og:site_name\" content=\"Actualit\u00e9s congolaises et internationales\" \/>\n<meta property=\"article:publisher\" content=\"https:\/\/web.facebook.com\/Congovirtuel-763617960319601\/?ref=aymt_homepage_panel&amp;amp%3bamp%3bamp%3bamp%3bamp%3bamp%3bamp%3bamp%3bamp%3bamp%3bamp%3beid=ARCoxULa66767kIgF_KYav6VdjXTI4yk_LW4yoVO9s6NXpysgb7Cb65vpxcxgqzOAKvIbLQxaAETcqHT\" \/>\n<meta property=\"article:published_time\" content=\"2020-12-28T14:09:05+00:00\" \/>\n<meta property=\"article:modified_time\" content=\"2020-12-28T14:09:18+00:00\" \/>\n<meta property=\"og:image\" content=\"https:\/\/congovirtuel.com\/information\/wp-content\/uploads\/2020\/12\/tshisekedi_ua.jpg\" \/>\n\t<meta property=\"og:image:width\" content=\"800\" \/>\n\t<meta property=\"og:image:height\" content=\"480\" \/>\n\t<meta property=\"og:image:type\" content=\"image\/jpeg\" \/>\n<meta name=\"author\" content=\"infocongovirtuel\" \/>\n<meta name=\"twitter:card\" content=\"summary_large_image\" \/>\n<meta name=\"twitter:creator\" content=\"@congovirtuel\" \/>\n<meta name=\"twitter:site\" content=\"@congovirtuel\" \/>\n<meta name=\"twitter:label1\" content=\"\u00c9crit par\" \/>\n\t<meta name=\"twitter:data1\" content=\"infocongovirtuel\" \/>\n\t<meta name=\"twitter:label2\" content=\"Dur\u00e9e de lecture estim\u00e9e\" \/>\n\t<meta name=\"twitter:data2\" content=\"1 minute\" \/>\n<script type=\"application\/ld+json\" class=\"yoast-schema-graph\">{\"@context\":\"https:\\\/\\\/schema.org\",\"@graph\":[{\"@type\":\"Article\",\"@id\":\"https:\\\/\\\/congovirtuel.com\\\/information\\\/rdc-ce-que-tshisekedi-compte-faire-des-provinces-dans-le-cadre-de-lunion-sacree\\\/#article\",\"isPartOf\":{\"@id\":\"https:\\\/\\\/congovirtuel.com\\\/information\\\/rdc-ce-que-tshisekedi-compte-faire-des-provinces-dans-le-cadre-de-lunion-sacree\\\/\"},\"author\":{\"name\":\"infocongovirtuel\",\"@id\":\"https:\\\/\\\/congovirtuel.com\\\/information\\\/#\\\/schema\\\/person\\\/739a44bf7990966cb53d58d2fdeca0b6\"},\"headline\":\"RDC : Ce que Tshisekedi compte faire des provinces dans le cadre de l\u2019Union sacr\u00e9e\",\"datePublished\":\"2020-12-28T14:09:05+00:00\",\"dateModified\":\"2020-12-28T14:09:18+00:00\",\"mainEntityOfPage\":{\"@id\":\"https:\\\/\\\/congovirtuel.com\\\/information\\\/rdc-ce-que-tshisekedi-compte-faire-des-provinces-dans-le-cadre-de-lunion-sacree\\\/\"},\"wordCount\":319,\"commentCount\":0,\"publisher\":{\"@id\":\"https:\\\/\\\/congovirtuel.com\\\/information\\\/#organization\"},\"image\":{\"@id\":\"https:\\\/\\\/congovirtuel.com\\\/information\\\/rdc-ce-que-tshisekedi-compte-faire-des-provinces-dans-le-cadre-de-lunion-sacree\\\/#primaryimage\"},\"thumbnailUrl\":\"https:\\\/\\\/congovirtuel.com\\\/information\\\/wp-content\\\/uploads\\\/2020\\\/12\\\/tshisekedi_ua.jpg\",\"keywords\":[\"conf\u00e9rence des gouverneurs RDC 2020\",\"ouverture conf\u00e9rence gouverneurs tshisekedi\"],\"articleSection\":[\"Union sacr\u00e9e\"],\"inLanguage\":\"fr-FR\",\"potentialAction\":[{\"@type\":\"CommentAction\",\"name\":\"Comment\",\"target\":[\"https:\\\/\\\/congovirtuel.com\\\/information\\\/rdc-ce-que-tshisekedi-compte-faire-des-provinces-dans-le-cadre-de-lunion-sacree\\\/#respond\"]}]},{\"@type\":\"WebPage\",\"@id\":\"https:\\\/\\\/congovirtuel.com\\\/information\\\/rdc-ce-que-tshisekedi-compte-faire-des-provinces-dans-le-cadre-de-lunion-sacree\\\/\",\"url\":\"https:\\\/\\\/congovirtuel.com\\\/information\\\/rdc-ce-que-tshisekedi-compte-faire-des-provinces-dans-le-cadre-de-lunion-sacree\\\/\",\"name\":\"RDC : Ce que Tshisekedi compte faire des provinces dans le cadre de l\u2019Union sacr\u00e9e - Actualit\u00e9s congolaises et internationales\",\"isPartOf\":{\"@id\":\"https:\\\/\\\/congovirtuel.com\\\/information\\\/#website\"},\"primaryImageOfPage\":{\"@id\":\"https:\\\/\\\/congovirtuel.com\\\/information\\\/rdc-ce-que-tshisekedi-compte-faire-des-provinces-dans-le-cadre-de-lunion-sacree\\\/#primaryimage\"},\"image\":{\"@id\":\"https:\\\/\\\/congovirtuel.com\\\/information\\\/rdc-ce-que-tshisekedi-compte-faire-des-provinces-dans-le-cadre-de-lunion-sacree\\\/#primaryimage\"},\"thumbnailUrl\":\"https:\\\/\\\/congovirtuel.com\\\/information\\\/wp-content\\\/uploads\\\/2020\\\/12\\\/tshisekedi_ua.jpg\",\"datePublished\":\"2020-12-28T14:09:05+00:00\",\"dateModified\":\"2020-12-28T14:09:18+00:00\",\"breadcrumb\":{\"@id\":\"https:\\\/\\\/congovirtuel.com\\\/information\\\/rdc-ce-que-tshisekedi-compte-faire-des-provinces-dans-le-cadre-de-lunion-sacree\\\/#breadcrumb\"},\"inLanguage\":\"fr-FR\",\"potentialAction\":[{\"@type\":\"ReadAction\",\"target\":[\"https:\\\/\\\/congovirtuel.com\\\/information\\\/rdc-ce-que-tshisekedi-compte-faire-des-provinces-dans-le-cadre-de-lunion-sacree\\\/\"]}]},{\"@type\":\"ImageObject\",\"inLanguage\":\"fr-FR\",\"@id\":\"https:\\\/\\\/congovirtuel.com\\\/information\\\/rdc-ce-que-tshisekedi-compte-faire-des-provinces-dans-le-cadre-de-lunion-sacree\\\/#primaryimage\",\"url\":\"https:\\\/\\\/congovirtuel.com\\\/information\\\/wp-content\\\/uploads\\\/2020\\\/12\\\/tshisekedi_ua.jpg\",\"contentUrl\":\"https:\\\/\\\/congovirtuel.com\\\/information\\\/wp-content\\\/uploads\\\/2020\\\/12\\\/tshisekedi_ua.jpg\",\"width\":800,\"height\":480,\"caption\":\"tshisekedi_ua\"},{\"@type\":\"BreadcrumbList\",\"@id\":\"https:\\\/\\\/congovirtuel.com\\\/information\\\/rdc-ce-que-tshisekedi-compte-faire-des-provinces-dans-le-cadre-de-lunion-sacree\\\/#breadcrumb\",\"itemListElement\":[{\"@type\":\"ListItem\",\"position\":1,\"name\":\"Accueil\",\"item\":\"https:\\\/\\\/congovirtuel.com\\\/information\\\/\"},{\"@type\":\"ListItem\",\"position\":2,\"name\":\"RDC : Ce que Tshisekedi compte faire des provinces dans le cadre de l\u2019Union sacr\u00e9e\"}]},{\"@type\":\"WebSite\",\"@id\":\"https:\\\/\\\/congovirtuel.com\\\/information\\\/#website\",\"url\":\"https:\\\/\\\/congovirtuel.com\\\/information\\\/\",\"name\":\"Actualit\u00e9s congolaises et internationales\",\"description\":\"site d&#039;analyse et de traitement d&#039;information\",\"publisher\":{\"@id\":\"https:\\\/\\\/congovirtuel.com\\\/information\\\/#organization\"},\"potentialAction\":[{\"@type\":\"SearchAction\",\"target\":{\"@type\":\"EntryPoint\",\"urlTemplate\":\"https:\\\/\\\/congovirtuel.com\\\/information\\\/?s={search_term_string}\"},\"query-input\":{\"@type\":\"PropertyValueSpecification\",\"valueRequired\":true,\"valueName\":\"search_term_string\"}}],\"inLanguage\":\"fr-FR\"},{\"@type\":\"Organization\",\"@id\":\"https:\\\/\\\/congovirtuel.com\\\/information\\\/#organization\",\"name\":\"Biblioth\u00e8que Virtuelle de la RDC\",\"url\":\"https:\\\/\\\/congovirtuel.com\\\/information\\\/\",\"logo\":{\"@type\":\"ImageObject\",\"inLanguage\":\"fr-FR\",\"@id\":\"https:\\\/\\\/congovirtuel.com\\\/information\\\/#\\\/schema\\\/logo\\\/image\\\/\",\"url\":\"https:\\\/\\\/congovirtuel.com\\\/information\\\/wp-content\\\/uploads\\\/2018\\\/10\\\/header-info-congovirtuel-vraie.jpg\",\"contentUrl\":\"https:\\\/\\\/congovirtuel.com\\\/information\\\/wp-content\\\/uploads\\\/2018\\\/10\\\/header-info-congovirtuel-vraie.jpg\",\"width\":728,\"height\":90,\"caption\":\"Biblioth\u00e8que Virtuelle de la RDC\"},\"image\":{\"@id\":\"https:\\\/\\\/congovirtuel.com\\\/information\\\/#\\\/schema\\\/logo\\\/image\\\/\"},\"sameAs\":[\"https:\\\/\\\/web.facebook.com\\\/Congovirtuel-763617960319601\\\/?ref=aymt_homepage_panel&amp;amp;amp;amp;amp;amp;amp;amp;amp;amp;amp;eid=ARCoxULa66767kIgF_KYav6VdjXTI4yk_LW4yoVO9s6NXpysgb7Cb65vpxcxgqzOAKvIbLQxaAETcqHT\",\"https:\\\/\\\/x.com\\\/congovirtuel\",\"https:\\\/\\\/www.youtube.com\\\/channel\\\/UCkFfprYzGgS3EWNpeMXpToQ?view_as=subscriber\"]},{\"@type\":\"Person\",\"@id\":\"https:\\\/\\\/congovirtuel.com\\\/information\\\/#\\\/schema\\\/person\\\/739a44bf7990966cb53d58d2fdeca0b6\",\"name\":\"infocongovirtuel\",\"image\":{\"@type\":\"ImageObject\",\"inLanguage\":\"fr-FR\",\"@id\":\"https:\\\/\\\/secure.gravatar.com\\\/avatar\\\/4d76991aa72469f0eb22e772586c99113c6997f88da636a9db8f2ce3a2c05e69?s=96&d=mm&r=g\",\"url\":\"https:\\\/\\\/secure.gravatar.com\\\/avatar\\\/4d76991aa72469f0eb22e772586c99113c6997f88da636a9db8f2ce3a2c05e69?s=96&d=mm&r=g\",\"contentUrl\":\"https:\\\/\\\/secure.gravatar.com\\\/avatar\\\/4d76991aa72469f0eb22e772586c99113c6997f88da636a9db8f2ce3a2c05e69?s=96&d=mm&r=g\",\"caption\":\"infocongovirtuel\"},\"url\":\"https:\\\/\\\/congovirtuel.com\\\/information\\\/author\\\/infocongovirtuel\\\/\"}]}<\/script>\n<!-- \/ Yoast SEO plugin. -->","yoast_head_json":{"title":"RDC : Ce que Tshisekedi compte faire des provinces dans le cadre de l\u2019Union sacr\u00e9e - Actualit\u00e9s congolaises et internationales","robots":{"index":"index","follow":"follow","max-snippet":"max-snippet:-1","max-image-preview":"max-image-preview:large","max-video-preview":"max-video-preview:-1"},"canonical":"https:\/\/congovirtuel.com\/information\/rdc-ce-que-tshisekedi-compte-faire-des-provinces-dans-le-cadre-de-lunion-sacree\/","og_locale":"fr_FR","og_type":"article","og_title":"RDC : Ce que Tshisekedi compte faire des provinces dans le cadre de l\u2019Union sacr\u00e9e - Actualit\u00e9s congolaises et internationales","og_description":"Le pr\u00e9sident de la R\u00e9publique, F\u00e9lix-Antoine Tshisekedi, a ouvert ce lundi 28 d\u00e9cembre \u00e0 Kinshasa la 7e conf\u00e9rence annuelle de gouverneurs de province. Lors de son adresse, le chef de l\u2019Etat est revenu sur l\u2019arriv\u00e9e d\u2019un nouveau cadre politique appel\u00e9 \u00ab&nbsp;union sacr\u00e9e&nbsp;\u00bb et ses exigences pour le fonctionnement des provinces. \u00ab&nbsp;L\u2019Union sacr\u00e9e de la nation se veut justement comme vous l&rsquo;avez sugg\u00e9r\u00e9, de s\u00e9curiser dans le respect de la Constitution et des lois de la R\u00e9publique, la fonction de gouverneur de province, repr\u00e9sentant de la haute autorit\u00e9 en province contre&hellip;","og_url":"https:\/\/congovirtuel.com\/information\/rdc-ce-que-tshisekedi-compte-faire-des-provinces-dans-le-cadre-de-lunion-sacree\/","og_site_name":"Actualit\u00e9s congolaises et internationales","article_publisher":"https:\/\/web.facebook.com\/Congovirtuel-763617960319601\/?ref=aymt_homepage_panel&amp%3bamp%3bamp%3bamp%3bamp%3bamp%3bamp%3bamp%3bamp%3bamp%3bamp%3beid=ARCoxULa66767kIgF_KYav6VdjXTI4yk_LW4yoVO9s6NXpysgb7Cb65vpxcxgqzOAKvIbLQxaAETcqHT","article_published_time":"2020-12-28T14:09:05+00:00","article_modified_time":"2020-12-28T14:09:18+00:00","og_image":[{"width":800,"height":480,"url":"https:\/\/congovirtuel.com\/information\/wp-content\/uploads\/2020\/12\/tshisekedi_ua.jpg","type":"image\/jpeg"}],"author":"infocongovirtuel","twitter_card":"summary_large_image","twitter_creator":"@congovirtuel","twitter_site":"@congovirtuel","twitter_misc":{"\u00c9crit par":"infocongovirtuel","Dur\u00e9e de lecture estim\u00e9e":"1 minute"},"schema":{"@context":"https:\/\/schema.org","@graph":[{"@type":"Article","@id":"https:\/\/congovirtuel.com\/information\/rdc-ce-que-tshisekedi-compte-faire-des-provinces-dans-le-cadre-de-lunion-sacree\/#article","isPartOf":{"@id":"https:\/\/congovirtuel.com\/information\/rdc-ce-que-tshisekedi-compte-faire-des-provinces-dans-le-cadre-de-lunion-sacree\/"},"author":{"name":"infocongovirtuel","@id":"https:\/\/congovirtuel.com\/information\/#\/schema\/person\/739a44bf7990966cb53d58d2fdeca0b6"},"headline":"RDC : Ce que Tshisekedi compte faire des provinces dans le cadre de l\u2019Union sacr\u00e9e","datePublished":"2020-12-28T14:09:05+00:00","dateModified":"2020-12-28T14:09:18+00:00","mainEntityOfPage":{"@id":"https:\/\/congovirtuel.com\/information\/rdc-ce-que-tshisekedi-compte-faire-des-provinces-dans-le-cadre-de-lunion-sacree\/"},"wordCount":319,"commentCount":0,"publisher":{"@id":"https:\/\/congovirtuel.com\/information\/#organization"},"image":{"@id":"https:\/\/congovirtuel.com\/information\/rdc-ce-que-tshisekedi-compte-faire-des-provinces-dans-le-cadre-de-lunion-sacree\/#primaryimage"},"thumbnailUrl":"https:\/\/congovirtuel.com\/information\/wp-content\/uploads\/2020\/12\/tshisekedi_ua.jpg","keywords":["conf\u00e9rence des gouverneurs RDC 2020","ouverture conf\u00e9rence gouverneurs tshisekedi"],"articleSection":["Union sacr\u00e9e"],"inLanguage":"fr-FR","potentialAction":[{"@type":"CommentAction","name":"Comment","target":["https:\/\/congovirtuel.com\/information\/rdc-ce-que-tshisekedi-compte-faire-des-provinces-dans-le-cadre-de-lunion-sacree\/#respond"]}]},{"@type":"WebPage","@id":"https:\/\/congovirtuel.com\/information\/rdc-ce-que-tshisekedi-compte-faire-des-provinces-dans-le-cadre-de-lunion-sacree\/","url":"https:\/\/congovirtuel.com\/information\/rdc-ce-que-tshisekedi-compte-faire-des-provinces-dans-le-cadre-de-lunion-sacree\/","name":"RDC : Ce que Tshisekedi compte faire des provinces dans le cadre de l\u2019Union sacr\u00e9e - Actualit\u00e9s congolaises et internationales","isPartOf":{"@id":"https:\/\/congovirtuel.com\/information\/#website"},"primaryImageOfPage":{"@id":"https:\/\/congovirtuel.com\/information\/rdc-ce-que-tshisekedi-compte-faire-des-provinces-dans-le-cadre-de-lunion-sacree\/#primaryimage"},"image":{"@id":"https:\/\/congovirtuel.com\/information\/rdc-ce-que-tshisekedi-compte-faire-des-provinces-dans-le-cadre-de-lunion-sacree\/#primaryimage"},"thumbnailUrl":"https:\/\/congovirtuel.com\/information\/wp-content\/uploads\/2020\/12\/tshisekedi_ua.jpg","datePublished":"2020-12-28T14:09:05+00:00","dateModified":"2020-12-28T14:09:18+00:00","breadcrumb":{"@id":"https:\/\/congovirtuel.com\/information\/rdc-ce-que-tshisekedi-compte-faire-des-provinces-dans-le-cadre-de-lunion-sacree\/#breadcrumb"},"inLanguage":"fr-FR","potentialAction":[{"@type":"ReadAction","target":["https:\/\/congovirtuel.com\/information\/rdc-ce-que-tshisekedi-compte-faire-des-provinces-dans-le-cadre-de-lunion-sacree\/"]}]},{"@type":"ImageObject","inLanguage":"fr-FR","@id":"https:\/\/congovirtuel.com\/information\/rdc-ce-que-tshisekedi-compte-faire-des-provinces-dans-le-cadre-de-lunion-sacree\/#primaryimage","url":"https:\/\/congovirtuel.com\/information\/wp-content\/uploads\/2020\/12\/tshisekedi_ua.jpg","contentUrl":"https:\/\/congovirtuel.com\/information\/wp-content\/uploads\/2020\/12\/tshisekedi_ua.jpg","width":800,"height":480,"caption":"tshisekedi_ua"},{"@type":"BreadcrumbList","@id":"https:\/\/congovirtuel.com\/information\/rdc-ce-que-tshisekedi-compte-faire-des-provinces-dans-le-cadre-de-lunion-sacree\/#breadcrumb","itemListElement":[{"@type":"ListItem","position":1,"name":"Accueil","item":"https:\/\/congovirtuel.com\/information\/"},{"@type":"ListItem","position":2,"name":"RDC : Ce que Tshisekedi compte faire des provinces dans le cadre de l\u2019Union sacr\u00e9e"}]},{"@type":"WebSite","@id":"https:\/\/congovirtuel.com\/information\/#website","url":"https:\/\/congovirtuel.com\/information\/","name":"Actualit\u00e9s congolaises et internationales","description":"site d&#039;analyse et de traitement d&#039;information","publisher":{"@id":"https:\/\/congovirtuel.com\/information\/#organization"},"potentialAction":[{"@type":"SearchAction","target":{"@type":"EntryPoint","urlTemplate":"https:\/\/congovirtuel.com\/information\/?s={search_term_string}"},"query-input":{"@type":"PropertyValueSpecification","valueRequired":true,"valueName":"search_term_string"}}],"inLanguage":"fr-FR"},{"@type":"Organization","@id":"https:\/\/congovirtuel.com\/information\/#organization","name":"Biblioth\u00e8que Virtuelle de la RDC","url":"https:\/\/congovirtuel.com\/information\/","logo":{"@type":"ImageObject","inLanguage":"fr-FR","@id":"https:\/\/congovirtuel.com\/information\/#\/schema\/logo\/image\/","url":"https:\/\/congovirtuel.com\/information\/wp-content\/uploads\/2018\/10\/header-info-congovirtuel-vraie.jpg","contentUrl":"https:\/\/congovirtuel.com\/information\/wp-content\/uploads\/2018\/10\/header-info-congovirtuel-vraie.jpg","width":728,"height":90,"caption":"Biblioth\u00e8que Virtuelle de la RDC"},"image":{"@id":"https:\/\/congovirtuel.com\/information\/#\/schema\/logo\/image\/"},"sameAs":["https:\/\/web.facebook.com\/Congovirtuel-763617960319601\/?ref=aymt_homepage_panel&amp;amp;amp;amp;amp;amp;amp;amp;amp;amp;amp;eid=ARCoxULa66767kIgF_KYav6VdjXTI4yk_LW4yoVO9s6NXpysgb7Cb65vpxcxgqzOAKvIbLQxaAETcqHT","https:\/\/x.com\/congovirtuel","https:\/\/www.youtube.com\/channel\/UCkFfprYzGgS3EWNpeMXpToQ?view_as=subscriber"]},{"@type":"Person","@id":"https:\/\/congovirtuel.com\/information\/#\/schema\/person\/739a44bf7990966cb53d58d2fdeca0b6","name":"infocongovirtuel","image":{"@type":"ImageObject","inLanguage":"fr-FR","@id":"https:\/\/secure.gravatar.com\/avatar\/4d76991aa72469f0eb22e772586c99113c6997f88da636a9db8f2ce3a2c05e69?s=96&d=mm&r=g","url":"https:\/\/secure.gravatar.com\/avatar\/4d76991aa72469f0eb22e772586c99113c6997f88da636a9db8f2ce3a2c05e69?s=96&d=mm&r=g","contentUrl":"https:\/\/secure.gravatar.com\/avatar\/4d76991aa72469f0eb22e772586c99113c6997f88da636a9db8f2ce3a2c05e69?s=96&d=mm&r=g","caption":"infocongovirtuel"},"url":"https:\/\/congovirtuel.com\/information\/author\/infocongovirtuel\/"}]}},"gt_translate_keys":[{"key":"link","format":"url"}],"_links":{"self":[{"href":"https:\/\/congovirtuel.com\/information\/wp-json\/wp\/v2\/posts\/5122","targetHints":{"allow":["GET"]}}],"collection":[{"href":"https:\/\/congovirtuel.com\/information\/wp-json\/wp\/v2\/posts"}],"about":[{"href":"https:\/\/congovirtuel.com\/information\/wp-json\/wp\/v2\/types\/post"}],"author":[{"embeddable":true,"href":"https:\/\/congovirtuel.com\/information\/wp-json\/wp\/v2\/users\/1"}],"replies":[{"embeddable":true,"href":"https:\/\/congovirtuel.com\/information\/wp-json\/wp\/v2\/comments?post=5122"}],"version-history":[{"count":1,"href":"https:\/\/congovirtuel.com\/information\/wp-json\/wp\/v2\/posts\/5122\/revisions"}],"predecessor-version":[{"id":5124,"href":"https:\/\/congovirtuel.com\/information\/wp-json\/wp\/v2\/posts\/5122\/revisions\/5124"}],"wp:featuredmedia":[{"embeddable":true,"href":"https:\/\/congovirtuel.com\/information\/wp-json\/wp\/v2\/media\/5123"}],"wp:attachment":[{"href":"https:\/\/congovirtuel.com\/information\/wp-json\/wp\/v2\/media?parent=5122"}],"wp:term":[{"taxonomy":"category","embeddable":true,"href":"https:\/\/congovirtuel.com\/information\/wp-json\/wp\/v2\/categories?post=5122"},{"taxonomy":"post_tag","embeddable":true,"href":"https:\/\/congovirtuel.com\/information\/wp-json\/wp\/v2\/tags?post=5122"}],"curies":[{"name":"wp","href":"https:\/\/api.w.org\/{rel}","templated":true}]}}