{"id":5137,"date":"2020-12-29T13:26:16","date_gmt":"2020-12-29T12:26:16","guid":{"rendered":"https:\/\/congovirtuel.com\/information\/?p=5137"},"modified":"2020-12-29T13:31:59","modified_gmt":"2020-12-29T12:31:59","slug":"le-couturier-francais-pierre-cardin-est-mort","status":"publish","type":"post","link":"https:\/\/congovirtuel.com\/information\/le-couturier-francais-pierre-cardin-est-mort\/","title":{"rendered":"Le couturier fran\u00e7ais Pierre Cardin est mort","gt_translate_keys":[{"key":"rendered","format":"text"}]},"content":{"rendered":"\n<p class=\"wp-block-paragraph\">Le couturier fran\u00e7ais Pierre Cardin, styliste visionnaire et pionnier du pr\u00eat-\u00e0-porter, est d\u00e9c\u00e9d\u00e9 mardi \u00e0 l\u2019\u00e2ge de 98 ans, a annonc\u00e9 sa famille \u00e0 l\u2019AFP.<\/p>\n\n\n\n<p class=\"wp-block-paragraph\">Fils d\u2019immigr\u00e9s italiens devenu un homme d\u2019affaires au nom mondialement connu, Pierre Cardin est mort dans la matin\u00e9e \u00e0 l\u2019h\u00f4pital am\u00e9ricain de Neuilly, dans l\u2019ouest de Paris.<\/p>\n\n\n\n<p class=\"wp-block-paragraph\"><strong>Lesoir<\/strong><\/p>\n","protected":false,"gt_translate_keys":[{"key":"rendered","format":"html"}]},"excerpt":{"rendered":"<p>Le couturier fran\u00e7ais Pierre Cardin, styliste visionnaire et pionnier du pr\u00eat-\u00e0-porter, est d\u00e9c\u00e9d\u00e9 mardi \u00e0 l\u2019\u00e2ge de 98 ans, a annonc\u00e9 sa famille \u00e0 l\u2019AFP. Fils d\u2019immigr\u00e9s italiens devenu un homme d\u2019affaires au nom mondialement connu, Pierre Cardin est mort dans la matin\u00e9e \u00e0 l\u2019h\u00f4pital am\u00e9ricain de Neuilly, dans l\u2019ouest de Paris. Lesoir<\/p>\n","protected":false,"gt_translate_keys":[{"key":"rendered","format":"html"}]},"author":1,"featured_media":5138,"comment_status":"open","ping_status":"open","sticky":false,"template":"","format":"standard","meta":{"_crdt_document":"","footnotes":""},"categories":[1762],"tags":[4379,4380,4381],"class_list":["post-5137","post","type-post","status-publish","format-standard","has-post-thumbnail","hentry","category-france","tag-pierre-cardin","tag-pierre-cardin-est-mort","tag-pierre-cardin-mort-a-98-ans"],"gutentor_comment":0,"yoast_head":"<!-- This site is optimized with the Yoast SEO plugin v27.5 - https:\/\/yoast.com\/product\/yoast-seo-wordpress\/ -->\n<title>Le couturier fran\u00e7ais Pierre Cardin est mort - Actualit\u00e9s congolaises et internationales<\/title>\n<meta name=\"robots\" content=\"index, follow, max-snippet:-1, max-image-preview:large, max-video-preview:-1\" \/>\n<link rel=\"canonical\" href=\"https:\/\/congovirtuel.com\/information\/le-couturier-francais-pierre-cardin-est-mort\/\" \/>\n<meta property=\"og:locale\" content=\"fr_FR\" \/>\n<meta property=\"og:type\" content=\"article\" \/>\n<meta property=\"og:title\" content=\"Le couturier fran\u00e7ais Pierre Cardin est mort - Actualit\u00e9s congolaises et internationales\" \/>\n<meta property=\"og:description\" content=\"Le couturier fran\u00e7ais Pierre Cardin, styliste visionnaire et pionnier du pr\u00eat-\u00e0-porter, est d\u00e9c\u00e9d\u00e9 mardi \u00e0 l\u2019\u00e2ge de 98 ans, a annonc\u00e9 sa famille \u00e0 l\u2019AFP. Fils d\u2019immigr\u00e9s italiens devenu un homme d\u2019affaires au nom mondialement connu, Pierre Cardin est mort dans la matin\u00e9e \u00e0 l\u2019h\u00f4pital am\u00e9ricain de Neuilly, dans l\u2019ouest de Paris. Lesoir\" \/>\n<meta property=\"og:url\" content=\"https:\/\/congovirtuel.com\/information\/le-couturier-francais-pierre-cardin-est-mort\/\" \/>\n<meta property=\"og:site_name\" content=\"Actualit\u00e9s congolaises et internationales\" \/>\n<meta property=\"article:publisher\" content=\"https:\/\/web.facebook.com\/Congovirtuel-763617960319601\/?ref=aymt_homepage_panel&amp;amp%3bamp%3bamp%3bamp%3bamp%3bamp%3bamp%3bamp%3bamp%3bamp%3bamp%3beid=ARCoxULa66767kIgF_KYav6VdjXTI4yk_LW4yoVO9s6NXpysgb7Cb65vpxcxgqzOAKvIbLQxaAETcqHT\" \/>\n<meta property=\"article:published_time\" content=\"2020-12-29T12:26:16+00:00\" \/>\n<meta property=\"article:modified_time\" content=\"2020-12-29T12:31:59+00:00\" \/>\n<meta property=\"og:image\" content=\"https:\/\/congovirtuel.com\/information\/wp-content\/uploads\/2020\/12\/pierre_cardin-1200-x-675.jpg\" \/>\n\t<meta property=\"og:image:width\" content=\"1200\" \/>\n\t<meta property=\"og:image:height\" content=\"675\" \/>\n\t<meta property=\"og:image:type\" content=\"image\/jpeg\" \/>\n<meta name=\"author\" content=\"infocongovirtuel\" \/>\n<meta name=\"twitter:card\" content=\"summary_large_image\" \/>\n<meta name=\"twitter:creator\" content=\"@congovirtuel\" \/>\n<meta name=\"twitter:site\" content=\"@congovirtuel\" \/>\n<meta name=\"twitter:label1\" content=\"\u00c9crit par\" \/>\n\t<meta name=\"twitter:data1\" content=\"infocongovirtuel\" \/>\n<script type=\"application\/ld+json\" class=\"yoast-schema-graph\">{\"@context\":\"https:\\\/\\\/schema.org\",\"@graph\":[{\"@type\":\"Article\",\"@id\":\"https:\\\/\\\/congovirtuel.com\\\/information\\\/le-couturier-francais-pierre-cardin-est-mort\\\/#article\",\"isPartOf\":{\"@id\":\"https:\\\/\\\/congovirtuel.com\\\/information\\\/le-couturier-francais-pierre-cardin-est-mort\\\/\"},\"author\":{\"name\":\"infocongovirtuel\",\"@id\":\"https:\\\/\\\/congovirtuel.com\\\/information\\\/#\\\/schema\\\/person\\\/739a44bf7990966cb53d58d2fdeca0b6\"},\"headline\":\"Le couturier fran\u00e7ais Pierre Cardin est mort\",\"datePublished\":\"2020-12-29T12:26:16+00:00\",\"dateModified\":\"2020-12-29T12:31:59+00:00\",\"mainEntityOfPage\":{\"@id\":\"https:\\\/\\\/congovirtuel.com\\\/information\\\/le-couturier-francais-pierre-cardin-est-mort\\\/\"},\"wordCount\":72,\"commentCount\":0,\"publisher\":{\"@id\":\"https:\\\/\\\/congovirtuel.com\\\/information\\\/#organization\"},\"image\":{\"@id\":\"https:\\\/\\\/congovirtuel.com\\\/information\\\/le-couturier-francais-pierre-cardin-est-mort\\\/#primaryimage\"},\"thumbnailUrl\":\"https:\\\/\\\/congovirtuel.com\\\/information\\\/wp-content\\\/uploads\\\/2020\\\/12\\\/pierre_cardin-1200-x-675.jpg\",\"keywords\":[\"Pierre Cardin\",\"Pierre Cardin est mort\",\"pierre cardin mort \u00e0 98 ans\"],\"articleSection\":[\"France\"],\"inLanguage\":\"fr-FR\",\"potentialAction\":[{\"@type\":\"CommentAction\",\"name\":\"Comment\",\"target\":[\"https:\\\/\\\/congovirtuel.com\\\/information\\\/le-couturier-francais-pierre-cardin-est-mort\\\/#respond\"]}]},{\"@type\":\"WebPage\",\"@id\":\"https:\\\/\\\/congovirtuel.com\\\/information\\\/le-couturier-francais-pierre-cardin-est-mort\\\/\",\"url\":\"https:\\\/\\\/congovirtuel.com\\\/information\\\/le-couturier-francais-pierre-cardin-est-mort\\\/\",\"name\":\"Le couturier fran\u00e7ais Pierre Cardin est mort - Actualit\u00e9s congolaises et internationales\",\"isPartOf\":{\"@id\":\"https:\\\/\\\/congovirtuel.com\\\/information\\\/#website\"},\"primaryImageOfPage\":{\"@id\":\"https:\\\/\\\/congovirtuel.com\\\/information\\\/le-couturier-francais-pierre-cardin-est-mort\\\/#primaryimage\"},\"image\":{\"@id\":\"https:\\\/\\\/congovirtuel.com\\\/information\\\/le-couturier-francais-pierre-cardin-est-mort\\\/#primaryimage\"},\"thumbnailUrl\":\"https:\\\/\\\/congovirtuel.com\\\/information\\\/wp-content\\\/uploads\\\/2020\\\/12\\\/pierre_cardin-1200-x-675.jpg\",\"datePublished\":\"2020-12-29T12:26:16+00:00\",\"dateModified\":\"2020-12-29T12:31:59+00:00\",\"breadcrumb\":{\"@id\":\"https:\\\/\\\/congovirtuel.com\\\/information\\\/le-couturier-francais-pierre-cardin-est-mort\\\/#breadcrumb\"},\"inLanguage\":\"fr-FR\",\"potentialAction\":[{\"@type\":\"ReadAction\",\"target\":[\"https:\\\/\\\/congovirtuel.com\\\/information\\\/le-couturier-francais-pierre-cardin-est-mort\\\/\"]}]},{\"@type\":\"ImageObject\",\"inLanguage\":\"fr-FR\",\"@id\":\"https:\\\/\\\/congovirtuel.com\\\/information\\\/le-couturier-francais-pierre-cardin-est-mort\\\/#primaryimage\",\"url\":\"https:\\\/\\\/congovirtuel.com\\\/information\\\/wp-content\\\/uploads\\\/2020\\\/12\\\/pierre_cardin-1200-x-675.jpg\",\"contentUrl\":\"https:\\\/\\\/congovirtuel.com\\\/information\\\/wp-content\\\/uploads\\\/2020\\\/12\\\/pierre_cardin-1200-x-675.jpg\",\"width\":1200,\"height\":675,\"caption\":\"pierre_cardin\"},{\"@type\":\"BreadcrumbList\",\"@id\":\"https:\\\/\\\/congovirtuel.com\\\/information\\\/le-couturier-francais-pierre-cardin-est-mort\\\/#breadcrumb\",\"itemListElement\":[{\"@type\":\"ListItem\",\"position\":1,\"name\":\"Accueil\",\"item\":\"https:\\\/\\\/congovirtuel.com\\\/information\\\/\"},{\"@type\":\"ListItem\",\"position\":2,\"name\":\"Le couturier fran\u00e7ais Pierre Cardin est mort\"}]},{\"@type\":\"WebSite\",\"@id\":\"https:\\\/\\\/congovirtuel.com\\\/information\\\/#website\",\"url\":\"https:\\\/\\\/congovirtuel.com\\\/information\\\/\",\"name\":\"Actualit\u00e9s congolaises et internationales\",\"description\":\"site d&#039;analyse et de traitement d&#039;information\",\"publisher\":{\"@id\":\"https:\\\/\\\/congovirtuel.com\\\/information\\\/#organization\"},\"potentialAction\":[{\"@type\":\"SearchAction\",\"target\":{\"@type\":\"EntryPoint\",\"urlTemplate\":\"https:\\\/\\\/congovirtuel.com\\\/information\\\/?s={search_term_string}\"},\"query-input\":{\"@type\":\"PropertyValueSpecification\",\"valueRequired\":true,\"valueName\":\"search_term_string\"}}],\"inLanguage\":\"fr-FR\"},{\"@type\":\"Organization\",\"@id\":\"https:\\\/\\\/congovirtuel.com\\\/information\\\/#organization\",\"name\":\"Biblioth\u00e8que Virtuelle de la RDC\",\"url\":\"https:\\\/\\\/congovirtuel.com\\\/information\\\/\",\"logo\":{\"@type\":\"ImageObject\",\"inLanguage\":\"fr-FR\",\"@id\":\"https:\\\/\\\/congovirtuel.com\\\/information\\\/#\\\/schema\\\/logo\\\/image\\\/\",\"url\":\"https:\\\/\\\/congovirtuel.com\\\/information\\\/wp-content\\\/uploads\\\/2018\\\/10\\\/header-info-congovirtuel-vraie.jpg\",\"contentUrl\":\"https:\\\/\\\/congovirtuel.com\\\/information\\\/wp-content\\\/uploads\\\/2018\\\/10\\\/header-info-congovirtuel-vraie.jpg\",\"width\":728,\"height\":90,\"caption\":\"Biblioth\u00e8que Virtuelle de la RDC\"},\"image\":{\"@id\":\"https:\\\/\\\/congovirtuel.com\\\/information\\\/#\\\/schema\\\/logo\\\/image\\\/\"},\"sameAs\":[\"https:\\\/\\\/web.facebook.com\\\/Congovirtuel-763617960319601\\\/?ref=aymt_homepage_panel&amp;amp;amp;amp;amp;amp;amp;amp;amp;amp;amp;eid=ARCoxULa66767kIgF_KYav6VdjXTI4yk_LW4yoVO9s6NXpysgb7Cb65vpxcxgqzOAKvIbLQxaAETcqHT\",\"https:\\\/\\\/x.com\\\/congovirtuel\",\"https:\\\/\\\/www.youtube.com\\\/channel\\\/UCkFfprYzGgS3EWNpeMXpToQ?view_as=subscriber\"]},{\"@type\":\"Person\",\"@id\":\"https:\\\/\\\/congovirtuel.com\\\/information\\\/#\\\/schema\\\/person\\\/739a44bf7990966cb53d58d2fdeca0b6\",\"name\":\"infocongovirtuel\",\"image\":{\"@type\":\"ImageObject\",\"inLanguage\":\"fr-FR\",\"@id\":\"https:\\\/\\\/secure.gravatar.com\\\/avatar\\\/4d76991aa72469f0eb22e772586c99113c6997f88da636a9db8f2ce3a2c05e69?s=96&d=mm&r=g\",\"url\":\"https:\\\/\\\/secure.gravatar.com\\\/avatar\\\/4d76991aa72469f0eb22e772586c99113c6997f88da636a9db8f2ce3a2c05e69?s=96&d=mm&r=g\",\"contentUrl\":\"https:\\\/\\\/secure.gravatar.com\\\/avatar\\\/4d76991aa72469f0eb22e772586c99113c6997f88da636a9db8f2ce3a2c05e69?s=96&d=mm&r=g\",\"caption\":\"infocongovirtuel\"},\"url\":\"https:\\\/\\\/congovirtuel.com\\\/information\\\/author\\\/infocongovirtuel\\\/\"}]}<\/script>\n<!-- \/ Yoast SEO plugin. -->","yoast_head_json":{"title":"Le couturier fran\u00e7ais Pierre Cardin est mort - Actualit\u00e9s congolaises et internationales","robots":{"index":"index","follow":"follow","max-snippet":"max-snippet:-1","max-image-preview":"max-image-preview:large","max-video-preview":"max-video-preview:-1"},"canonical":"https:\/\/congovirtuel.com\/information\/le-couturier-francais-pierre-cardin-est-mort\/","og_locale":"fr_FR","og_type":"article","og_title":"Le couturier fran\u00e7ais Pierre Cardin est mort - Actualit\u00e9s congolaises et internationales","og_description":"Le couturier fran\u00e7ais Pierre Cardin, styliste visionnaire et pionnier du pr\u00eat-\u00e0-porter, est d\u00e9c\u00e9d\u00e9 mardi \u00e0 l\u2019\u00e2ge de 98 ans, a annonc\u00e9 sa famille \u00e0 l\u2019AFP. Fils d\u2019immigr\u00e9s italiens devenu un homme d\u2019affaires au nom mondialement connu, Pierre Cardin est mort dans la matin\u00e9e \u00e0 l\u2019h\u00f4pital am\u00e9ricain de Neuilly, dans l\u2019ouest de Paris. Lesoir","og_url":"https:\/\/congovirtuel.com\/information\/le-couturier-francais-pierre-cardin-est-mort\/","og_site_name":"Actualit\u00e9s congolaises et internationales","article_publisher":"https:\/\/web.facebook.com\/Congovirtuel-763617960319601\/?ref=aymt_homepage_panel&amp%3bamp%3bamp%3bamp%3bamp%3bamp%3bamp%3bamp%3bamp%3bamp%3bamp%3beid=ARCoxULa66767kIgF_KYav6VdjXTI4yk_LW4yoVO9s6NXpysgb7Cb65vpxcxgqzOAKvIbLQxaAETcqHT","article_published_time":"2020-12-29T12:26:16+00:00","article_modified_time":"2020-12-29T12:31:59+00:00","og_image":[{"width":1200,"height":675,"url":"https:\/\/congovirtuel.com\/information\/wp-content\/uploads\/2020\/12\/pierre_cardin-1200-x-675.jpg","type":"image\/jpeg"}],"author":"infocongovirtuel","twitter_card":"summary_large_image","twitter_creator":"@congovirtuel","twitter_site":"@congovirtuel","twitter_misc":{"\u00c9crit par":"infocongovirtuel"},"schema":{"@context":"https:\/\/schema.org","@graph":[{"@type":"Article","@id":"https:\/\/congovirtuel.com\/information\/le-couturier-francais-pierre-cardin-est-mort\/#article","isPartOf":{"@id":"https:\/\/congovirtuel.com\/information\/le-couturier-francais-pierre-cardin-est-mort\/"},"author":{"name":"infocongovirtuel","@id":"https:\/\/congovirtuel.com\/information\/#\/schema\/person\/739a44bf7990966cb53d58d2fdeca0b6"},"headline":"Le couturier fran\u00e7ais Pierre Cardin est mort","datePublished":"2020-12-29T12:26:16+00:00","dateModified":"2020-12-29T12:31:59+00:00","mainEntityOfPage":{"@id":"https:\/\/congovirtuel.com\/information\/le-couturier-francais-pierre-cardin-est-mort\/"},"wordCount":72,"commentCount":0,"publisher":{"@id":"https:\/\/congovirtuel.com\/information\/#organization"},"image":{"@id":"https:\/\/congovirtuel.com\/information\/le-couturier-francais-pierre-cardin-est-mort\/#primaryimage"},"thumbnailUrl":"https:\/\/congovirtuel.com\/information\/wp-content\/uploads\/2020\/12\/pierre_cardin-1200-x-675.jpg","keywords":["Pierre Cardin","Pierre Cardin est mort","pierre cardin mort \u00e0 98 ans"],"articleSection":["France"],"inLanguage":"fr-FR","potentialAction":[{"@type":"CommentAction","name":"Comment","target":["https:\/\/congovirtuel.com\/information\/le-couturier-francais-pierre-cardin-est-mort\/#respond"]}]},{"@type":"WebPage","@id":"https:\/\/congovirtuel.com\/information\/le-couturier-francais-pierre-cardin-est-mort\/","url":"https:\/\/congovirtuel.com\/information\/le-couturier-francais-pierre-cardin-est-mort\/","name":"Le couturier fran\u00e7ais Pierre Cardin est mort - Actualit\u00e9s congolaises et internationales","isPartOf":{"@id":"https:\/\/congovirtuel.com\/information\/#website"},"primaryImageOfPage":{"@id":"https:\/\/congovirtuel.com\/information\/le-couturier-francais-pierre-cardin-est-mort\/#primaryimage"},"image":{"@id":"https:\/\/congovirtuel.com\/information\/le-couturier-francais-pierre-cardin-est-mort\/#primaryimage"},"thumbnailUrl":"https:\/\/congovirtuel.com\/information\/wp-content\/uploads\/2020\/12\/pierre_cardin-1200-x-675.jpg","datePublished":"2020-12-29T12:26:16+00:00","dateModified":"2020-12-29T12:31:59+00:00","breadcrumb":{"@id":"https:\/\/congovirtuel.com\/information\/le-couturier-francais-pierre-cardin-est-mort\/#breadcrumb"},"inLanguage":"fr-FR","potentialAction":[{"@type":"ReadAction","target":["https:\/\/congovirtuel.com\/information\/le-couturier-francais-pierre-cardin-est-mort\/"]}]},{"@type":"ImageObject","inLanguage":"fr-FR","@id":"https:\/\/congovirtuel.com\/information\/le-couturier-francais-pierre-cardin-est-mort\/#primaryimage","url":"https:\/\/congovirtuel.com\/information\/wp-content\/uploads\/2020\/12\/pierre_cardin-1200-x-675.jpg","contentUrl":"https:\/\/congovirtuel.com\/information\/wp-content\/uploads\/2020\/12\/pierre_cardin-1200-x-675.jpg","width":1200,"height":675,"caption":"pierre_cardin"},{"@type":"BreadcrumbList","@id":"https:\/\/congovirtuel.com\/information\/le-couturier-francais-pierre-cardin-est-mort\/#breadcrumb","itemListElement":[{"@type":"ListItem","position":1,"name":"Accueil","item":"https:\/\/congovirtuel.com\/information\/"},{"@type":"ListItem","position":2,"name":"Le couturier fran\u00e7ais Pierre Cardin est mort"}]},{"@type":"WebSite","@id":"https:\/\/congovirtuel.com\/information\/#website","url":"https:\/\/congovirtuel.com\/information\/","name":"Actualit\u00e9s congolaises et internationales","description":"site d&#039;analyse et de traitement d&#039;information","publisher":{"@id":"https:\/\/congovirtuel.com\/information\/#organization"},"potentialAction":[{"@type":"SearchAction","target":{"@type":"EntryPoint","urlTemplate":"https:\/\/congovirtuel.com\/information\/?s={search_term_string}"},"query-input":{"@type":"PropertyValueSpecification","valueRequired":true,"valueName":"search_term_string"}}],"inLanguage":"fr-FR"},{"@type":"Organization","@id":"https:\/\/congovirtuel.com\/information\/#organization","name":"Biblioth\u00e8que Virtuelle de la RDC","url":"https:\/\/congovirtuel.com\/information\/","logo":{"@type":"ImageObject","inLanguage":"fr-FR","@id":"https:\/\/congovirtuel.com\/information\/#\/schema\/logo\/image\/","url":"https:\/\/congovirtuel.com\/information\/wp-content\/uploads\/2018\/10\/header-info-congovirtuel-vraie.jpg","contentUrl":"https:\/\/congovirtuel.com\/information\/wp-content\/uploads\/2018\/10\/header-info-congovirtuel-vraie.jpg","width":728,"height":90,"caption":"Biblioth\u00e8que Virtuelle de la RDC"},"image":{"@id":"https:\/\/congovirtuel.com\/information\/#\/schema\/logo\/image\/"},"sameAs":["https:\/\/web.facebook.com\/Congovirtuel-763617960319601\/?ref=aymt_homepage_panel&amp;amp;amp;amp;amp;amp;amp;amp;amp;amp;amp;eid=ARCoxULa66767kIgF_KYav6VdjXTI4yk_LW4yoVO9s6NXpysgb7Cb65vpxcxgqzOAKvIbLQxaAETcqHT","https:\/\/x.com\/congovirtuel","https:\/\/www.youtube.com\/channel\/UCkFfprYzGgS3EWNpeMXpToQ?view_as=subscriber"]},{"@type":"Person","@id":"https:\/\/congovirtuel.com\/information\/#\/schema\/person\/739a44bf7990966cb53d58d2fdeca0b6","name":"infocongovirtuel","image":{"@type":"ImageObject","inLanguage":"fr-FR","@id":"https:\/\/secure.gravatar.com\/avatar\/4d76991aa72469f0eb22e772586c99113c6997f88da636a9db8f2ce3a2c05e69?s=96&d=mm&r=g","url":"https:\/\/secure.gravatar.com\/avatar\/4d76991aa72469f0eb22e772586c99113c6997f88da636a9db8f2ce3a2c05e69?s=96&d=mm&r=g","contentUrl":"https:\/\/secure.gravatar.com\/avatar\/4d76991aa72469f0eb22e772586c99113c6997f88da636a9db8f2ce3a2c05e69?s=96&d=mm&r=g","caption":"infocongovirtuel"},"url":"https:\/\/congovirtuel.com\/information\/author\/infocongovirtuel\/"}]}},"gt_translate_keys":[{"key":"link","format":"url"}],"_links":{"self":[{"href":"https:\/\/congovirtuel.com\/information\/wp-json\/wp\/v2\/posts\/5137","targetHints":{"allow":["GET"]}}],"collection":[{"href":"https:\/\/congovirtuel.com\/information\/wp-json\/wp\/v2\/posts"}],"about":[{"href":"https:\/\/congovirtuel.com\/information\/wp-json\/wp\/v2\/types\/post"}],"author":[{"embeddable":true,"href":"https:\/\/congovirtuel.com\/information\/wp-json\/wp\/v2\/users\/1"}],"replies":[{"embeddable":true,"href":"https:\/\/congovirtuel.com\/information\/wp-json\/wp\/v2\/comments?post=5137"}],"version-history":[{"count":2,"href":"https:\/\/congovirtuel.com\/information\/wp-json\/wp\/v2\/posts\/5137\/revisions"}],"predecessor-version":[{"id":5141,"href":"https:\/\/congovirtuel.com\/information\/wp-json\/wp\/v2\/posts\/5137\/revisions\/5141"}],"wp:featuredmedia":[{"embeddable":true,"href":"https:\/\/congovirtuel.com\/information\/wp-json\/wp\/v2\/media\/5138"}],"wp:attachment":[{"href":"https:\/\/congovirtuel.com\/information\/wp-json\/wp\/v2\/media?parent=5137"}],"wp:term":[{"taxonomy":"category","embeddable":true,"href":"https:\/\/congovirtuel.com\/information\/wp-json\/wp\/v2\/categories?post=5137"},{"taxonomy":"post_tag","embeddable":true,"href":"https:\/\/congovirtuel.com\/information\/wp-json\/wp\/v2\/tags?post=5137"}],"curies":[{"name":"wp","href":"https:\/\/api.w.org\/{rel}","templated":true}]}}