{"id":5152,"date":"2020-12-30T08:33:51","date_gmt":"2020-12-30T07:33:51","guid":{"rendered":"https:\/\/congovirtuel.com\/information\/?p=5152"},"modified":"2020-12-30T08:34:03","modified_gmt":"2020-12-30T07:34:03","slug":"fratrie-kabila-la-societe-egal-broie-du-noir-au-kongo-central","status":"publish","type":"post","link":"https:\/\/congovirtuel.com\/information\/fratrie-kabila-la-societe-egal-broie-du-noir-au-kongo-central\/","title":{"rendered":"Fratrie \u00ab Kabila \u00bb: la soci\u00e9t\u00e9 \u00ab Egal \u00bb broie du noir au Kongo Central\u2026","gt_translate_keys":[{"key":"rendered","format":"text"}]},"content":{"rendered":"\n<p class=\"wp-block-paragraph\"><strong>Devrait-on parler de temps des \u00ab&nbsp;<em>vaches maigres<\/em>\u00ab&nbsp;? Deux ann\u00e9es apr\u00e8s le changement intervenu au somment de l\u2019Etat congolais, la soci\u00e9t\u00e9 alimentaire \u00ab&nbsp;Egal&nbsp;\u00bb (Entreprise g\u00e9n\u00e9rale d\u2019alimentation et de logistique), r\u00e9put\u00e9e appartenir \u00e0 concurrence de 40% de son capital \u00e0 la fratrie \u00ab&nbsp;<em>Kabila<\/em>&nbsp;\u00bb fait face \u00e0 des \u00ab&nbsp;<em>difficult\u00e9s<\/em>&nbsp;\u00bb qu\u2019elle dans ses activit\u00e9s agricoles dans l\u2019ex-Bas Za\u00efre. Qui l\u2019aurait cru? Il y a encore peu, le tout-Kinshasa-affairiste glosait sur les \u00ab&nbsp;<em>privil\u00e8ges<\/em>&nbsp;\u00bb dont b\u00e9n\u00e9ficierait ind\u00fbment cette entreprise priv\u00e9e. Est-ce \u00ab&nbsp;<em>l\u2019effet IGF<\/em>\u00ab&nbsp;?<\/strong><\/p>\n\n\n\n<p class=\"wp-block-paragraph\">Dans un communiqu\u00e9 dat\u00e9 du 29 d\u00e9cembre 2020, rev\u00eatu de la signature de son directeur-g\u00e9rant Franck Tshibangu, l\u2019Entreprise g\u00e9n\u00e9rale d\u2019alimentation et de logistique (Egal) \u00ab&nbsp;<em>informe ses partenaires et sa client\u00e8le<\/em>&nbsp;\u00bb qu\u2019elle a d\u00e9cid\u00e9 la cessation, d\u00e8s jeudi 31 d\u00e9cembre, de ses \u00ab&nbsp;<em>activit\u00e9s agricoles<\/em>&nbsp;\u00bb dans la vall\u00e9e de Kanga au Kongo Central.<\/p>\n\n\n\n<p class=\"wp-block-paragraph\">Cette mesure touche, selon ledit communiqu\u00e9, la production de l\u2019huile de palme, de riz et de la viande de b\u0153uf. A en croire le directeur Tshibangu qui ne brille pas par la pr\u00e9cision, \u00ab&nbsp;<em>Egal&nbsp;\u00bb<\/em>&nbsp;ferait face \u00e0 de \u00ab&nbsp;<em>nombreux blocages et difficult\u00e9s<\/em>&nbsp;\u00bb en mati\u00e8re notamment de p\u00eache et d\u2019importation.<\/p>\n\n\n\n<p class=\"wp-block-paragraph\">Ce communiqu\u00e9 n\u2019est pas sans rappeler le point de presse anim\u00e9 le 13 ao\u00fbt dernier par l\u2019Inspecteur g\u00e9n\u00e9ral des finances, chef de service, Jules Alingete Key. Ce dernier avait port\u00e9 \u00e0 la connaissance du public le rapport pr\u00e9liminaire des investigations multisectorielles men\u00e9es depuis mi-juillet par des enqu\u00eateurs de l\u2019IGF (Inspection g\u00e9n\u00e9rale des finances). Au final, 1.300 cas d\u2019exon\u00e9rations frauduleuses furent d\u00e9cel\u00e9s. Le minist\u00e8re public serait d\u00e9j\u00e0 saisi. \u00ab&nbsp;<em>Cette situation entra\u00eene, chaque ann\u00e9e, un manque \u00e0 gagner de cinq milliards $ pour le Tr\u00e9sor public<\/em>\u00ab&nbsp;, d\u00e9clarait Alingete en soulignant que \u00ab&nbsp;<em>les exon\u00e9rations et les compensations sont devenues les modes<\/em>&nbsp;<em>savamment con\u00e7us pour d\u00e9tourner les deniers publics<\/em>\u00ab&nbsp;.<\/p>\n\n\n\n<p class=\"wp-block-paragraph\"><strong>L\u2019ALERTE DE JEAN-JACQUES LUMUMBA<\/strong><\/p>\n\n\n\n<figure class=\"wp-block-image\" id=\"attachment_5017\"><img decoding=\"async\" src=\"http:\/\/www.congoindependant.com\/wp-content\/uploads\/2018\/11\/lumumba2-jj-300x169.jpg\" alt=\"\" class=\"wp-image-5017\"\/><figcaption>Jean-Jacques Lumumba, ancien cadre de BGFI Bank, devenu lanceur d\u2019alerte<\/figcaption><\/figure>\n\n\n\n<p class=\"wp-block-paragraph\">A Kinshasa, c\u2019est devenu un secret de Polichinelle d\u2019affirmer que les produits import\u00e9s par \u00ab&nbsp;<em>Egal<\/em>&nbsp;\u00bb sont \u2013 \u00e9taient? \u2013 exempt\u00e9s des droits d\u2019entr\u00e9e. C\u2019est le cas des vivres frais: poissons, abats, b\u0153uf, poulet. Cette soci\u00e9t\u00e9 s\u2019approvisionne aupr\u00e8s des producteurs Pulvera, Wilky et Sabco. \u00ab&nbsp;<em>Egal vend parfois des produits avari\u00e9s. L\u2019Office congolais de contr\u00f4le ferme les g\u00e9n\u00e9ralement les yeux<\/em>\u00ab&nbsp;. Propos \u00e9manant des \u00ab&nbsp;<em>mauvaises langues<\/em>\u00ab&nbsp;? Il semble bien que non. \u00ab&nbsp;<em>Un carton de poulet est vendu en C\u00f4te d\u2019Ivoire \u00e0 10<\/em>&nbsp;$.&nbsp;<em>Il en est de m\u00eame en Angola et au Gabon<\/em>, confie un n\u00e9gociant kinois.&nbsp;<em>Le m\u00eame carton de poulet est vendu \u00e0 45 $ en RDC<\/em>\u00ab&nbsp;. Egal fait un profit faramineux.<\/p>\n\n\n\n<p class=\"wp-block-paragraph\">Selon des sources bien inform\u00e9es, la fratrie \u00ab&nbsp;<em>Kabila<\/em>&nbsp;\u00bb d\u00e9tiendrait 40% du capital de cette compagnie. Quelques sujets libanais auraient 35% des parts. Les 25% restant reviendraient \u00e0 quelques hommes d\u2019affaires proches du couple \u00ab&nbsp;<em>Kabila<\/em>\u00ab&nbsp;. A en croire ces m\u00eames sources, Egal aurait rachet\u00e9 toutes les boulangeries industrielles de la capitale congolaise.<\/p>\n\n\n\n<p class=\"wp-block-paragraph\">C\u2019est Jean-Jacques Lumumba, ancien cadre \u00e0 la BGFI Bank, qui a lanc\u00e9 l\u2019alerte en r\u00e9v\u00e9lant que la soci\u00e9t\u00e9 Egal a \u00e9t\u00e9 fond\u00e9e le 29 novembre 2013 (voir Le Soir dat\u00e9 du 29-30 octobre 2016). Et que la Banque centrale du Congo (BCC) avait transf\u00e9r\u00e9 un montant total de 42,999 millions $ \u00e0 la BGFI Bank avec pour communication: \u00ab&nbsp;<em>Provision investissement<\/em>\u00ab&nbsp;. Lumumba est formel: Egal n\u2019a jamais mentionn\u00e9 cet apport financier dans sa comptabilit\u00e9. Il ne s\u2019agit ni plus ni moins que d\u2019un d\u00e9tournement de l\u2019argent public au profit de \u00ab&nbsp;<em>Kabila<\/em>&nbsp;\u00bb et sa fratrie.<\/p>\n\n\n\n<p class=\"wp-block-paragraph\">&nbsp;L\u2019\u00e9pouse \u00ab&nbsp;<em>Kabila<\/em>&nbsp;\u00bb n\u00e9e Marie-Olive Lembe di Sita jouerait un r\u00f4le qui n\u2019a rien \u00e0 envier \u00e0 celui d\u2019une&nbsp;<em>\u00ab&nbsp;marraine<\/em>&nbsp;\u00bb au sens mafieux du terme. Elle serait \u2013 \u00e9tait? \u2013 la \u00ab&nbsp;<em>protectrice<\/em>&nbsp;\u00bb de plusieurs soci\u00e9t\u00e9s suspect\u00e9es par le d\u00e9partement du Tr\u00e9sor am\u00e9ricain de se livrer au blanchiment ainsi qu\u2019au financement du terrorisme. C\u2019est le cas notamment de \u00ab&nbsp;<em>Mino Congo<\/em>\u00ab&nbsp;, \u00ab&nbsp;<em>Congo Futur<\/em>&nbsp;\u00bb et \u00ab&nbsp;<em>Pain Victoire<\/em>\u00ab&nbsp;.<\/p>\n\n\n\n<p class=\"wp-block-paragraph\"><strong>DEMANTELER L\u2019EMPIRE FINANCIER DE LA FRATRIE \u00ab&nbsp;KABILA<\/strong>\u00ab&nbsp;<\/p>\n\n\n\n<figure class=\"wp-block-image\" id=\"attachment_680\"><img decoding=\"async\" src=\"http:\/\/www.congoindependant.com\/wp-content\/uploads\/2017\/11\/Joseph-Kabila3-300x183.jpg\" alt=\"\" class=\"wp-image-680\"\/><figcaption>\u00ab&nbsp;Joseph Kabila&nbsp;\u00bb , alors aide de camp du Rwandais James Kabarebe, \u00e0 l\u2019\u00e9poque colonel<\/figcaption><\/figure>\n\n\n\n<p class=\"wp-block-paragraph\">Arriv\u00e9e, fin octobre 1996, sans un sous en poche \u2013 sous le couvert de la pr\u00e9tendue guerre de lib\u00e9ration de l\u2019Alliance des forces d\u00e9mocratiques pour la lib\u00e9ration du Congo \u2013 dans ce pays qui s\u2019appelait encore Za\u00efre, \u00ab&nbsp;<em>Joseph Kabila<\/em>\u00ab&nbsp;, qui est devenu pr\u00e9sident de la R\u00e9publique le 26 janvier 2001, se trouve maintenant \u00e0 la t\u00eate d\u2019une immense fortune estim\u00e9e \u00e0 une vingtaine de milliards de dollars US (voir Richard Miniter, magazine Forbes 2014).<\/p>\n\n\n\n<p class=\"wp-block-paragraph\">Au fil du temps, l\u2019ex-Pr\u00e9sident congolais est devenu propri\u00e9taire de plusieurs \u00ab&nbsp;<em>ranchs<\/em>&nbsp;\u00bb \u00e0 travers le pays: Kingakati (banlieue de Kinshasa) Kashamata et Kundelungu (Haut Katanga), Kabasha (Nord Kivu), Ile de Mateba (Kongo Central). On devrait ajouter la concession litigieuse de Mbobero (Sud Kivu). A Kinshasa, le successeur de Mzee s\u2019est appropri\u00e9 la r\u00e9sidence officielle du Pr\u00e9sident du Conseil l\u00e9gislatif (Assembl\u00e9e nationale). Cette b\u00e2tisse fut inaugur\u00e9e au d\u00e9but des ann\u00e9es 80 par le pr\u00e9sident Alfred Nzondomyo A Dokpe Lingo.<\/p>\n\n\n\n<p class=\"wp-block-paragraph\">Qu\u2019en est-il de la fratrie? Apr\u00e8s avoir d\u00e9tenu le monopole des \u00ab&nbsp;<em>imprim\u00e9s de valeur<\/em>\u00ab&nbsp;, Zo\u00e9 \u00ab&nbsp;<em>Kabila<\/em>&nbsp;\u00bb \u2013 qui a \u00e9t\u00e9 \u00ab&nbsp;\u00e9lu&nbsp;\u00bb en 2019 gouverneur de la province de Tanganyika \u2013 s\u2019est fait construire auparavant un luxueux complexe h\u00f4telier au bord de la mer \u00e0 Moanda, au Kongo Central. La s\u0153ur Jaynet, elle, \u00ab&nbsp;<em>sous-traite<\/em>&nbsp;\u00bb les activit\u00e9s de la DGDA (Douanes &amp; Accises) au poste frontalier de Kasumbalesa dans le Haut Katanga. Deux soci\u00e9t\u00e9s lui servent de couvertures: Trafigo Sarl et Pacific Trading. Le p\u00e9age sur la route Kasumbalesa-Lubumbashi serait g\u00e9r\u00e9 par un certain Simon Kong, de nationalit\u00e9 chinoise, pour le compte de \u00ab&nbsp;<em>Zo\u00e9<\/em>\u00ab&nbsp;. Quelle famille! &nbsp;&nbsp;&nbsp;<\/p>\n\n\n\n<p class=\"wp-block-paragraph\">La soci\u00e9t\u00e9 Egal n\u2019a pas fini de broyer du noir. On esp\u00e8re que les enqu\u00eateurs de l\u2019IGF vont poursuivre leurs investigations jusqu\u2019au d\u00e9mant\u00e8lement total de l\u2019empire financier de cette \u00ab\u00a0<em>famille<\/em>\u00a0\u00bb dont l\u2019enrichissement est proportionnel \u00e0 l\u2019appauvrissement de l\u2019Etat congolais et sa population.<\/p>\n\n\n\n<p class=\"wp-block-paragraph\"><strong>Congoindependant<\/strong><\/p>\n","protected":false,"gt_translate_keys":[{"key":"rendered","format":"html"}]},"excerpt":{"rendered":"<p>Devrait-on parler de temps des \u00ab&nbsp;vaches maigres\u00ab&nbsp;? Deux ann\u00e9es apr\u00e8s le changement intervenu au somment de l\u2019Etat congolais, la soci\u00e9t\u00e9 alimentaire \u00ab&nbsp;Egal&nbsp;\u00bb (Entreprise g\u00e9n\u00e9rale d\u2019alimentation et de logistique), r\u00e9put\u00e9e appartenir \u00e0 concurrence de 40% de son capital \u00e0 la fratrie \u00ab&nbsp;Kabila&nbsp;\u00bb fait face \u00e0 des \u00ab&nbsp;difficult\u00e9s&nbsp;\u00bb qu\u2019elle dans ses activit\u00e9s agricoles dans l\u2019ex-Bas Za\u00efre. Qui l\u2019aurait cru? Il y a encore peu, le tout-Kinshasa-affairiste glosait sur les \u00ab&nbsp;privil\u00e8ges&nbsp;\u00bb dont b\u00e9n\u00e9ficierait ind\u00fbment cette entreprise priv\u00e9e. Est-ce \u00ab&nbsp;l\u2019effet IGF\u00ab&nbsp;? Dans un communiqu\u00e9 dat\u00e9 du 29 d\u00e9cembre 2020, rev\u00eatu de la signature de&hellip;<\/p>\n","protected":false,"gt_translate_keys":[{"key":"rendered","format":"html"}]},"author":1,"featured_media":5153,"comment_status":"open","ping_status":"open","sticky":false,"template":"","format":"standard","meta":{"_crdt_document":"","footnotes":""},"categories":[1175],"tags":[4392,4393,2454],"class_list":["post-5152","post","type-post","status-publish","format-standard","has-post-thumbnail","hentry","category-entreprises","tag-egal","tag-egal-ferme-ses-portes-kongo-central","tag-societe-egal"],"gutentor_comment":0,"yoast_head":"<!-- This site is optimized with the Yoast SEO plugin v27.5 - https:\/\/yoast.com\/product\/yoast-seo-wordpress\/ -->\n<title>Fratrie \u00ab Kabila \u00bb: la soci\u00e9t\u00e9 \u00ab Egal \u00bb broie du noir au Kongo Central\u2026 - Actualit\u00e9s congolaises et internationales<\/title>\n<meta name=\"robots\" content=\"index, follow, max-snippet:-1, max-image-preview:large, max-video-preview:-1\" \/>\n<link rel=\"canonical\" href=\"https:\/\/congovirtuel.com\/information\/fratrie-kabila-la-societe-egal-broie-du-noir-au-kongo-central\/\" \/>\n<meta property=\"og:locale\" content=\"fr_FR\" \/>\n<meta property=\"og:type\" content=\"article\" \/>\n<meta property=\"og:title\" content=\"Fratrie \u00ab Kabila \u00bb: la soci\u00e9t\u00e9 \u00ab Egal \u00bb broie du noir au Kongo Central\u2026 - Actualit\u00e9s congolaises et internationales\" \/>\n<meta property=\"og:description\" content=\"Devrait-on parler de temps des \u00ab&nbsp;vaches maigres\u00ab&nbsp;? Deux ann\u00e9es apr\u00e8s le changement intervenu au somment de l\u2019Etat congolais, la soci\u00e9t\u00e9 alimentaire \u00ab&nbsp;Egal&nbsp;\u00bb (Entreprise g\u00e9n\u00e9rale d\u2019alimentation et de logistique), r\u00e9put\u00e9e appartenir \u00e0 concurrence de 40% de son capital \u00e0 la fratrie \u00ab&nbsp;Kabila&nbsp;\u00bb fait face \u00e0 des \u00ab&nbsp;difficult\u00e9s&nbsp;\u00bb qu\u2019elle dans ses activit\u00e9s agricoles dans l\u2019ex-Bas Za\u00efre. Qui l\u2019aurait cru? Il y a encore peu, le tout-Kinshasa-affairiste glosait sur les \u00ab&nbsp;privil\u00e8ges&nbsp;\u00bb dont b\u00e9n\u00e9ficierait ind\u00fbment cette entreprise priv\u00e9e. Est-ce \u00ab&nbsp;l\u2019effet IGF\u00ab&nbsp;? Dans un communiqu\u00e9 dat\u00e9 du 29 d\u00e9cembre 2020, rev\u00eatu de la signature de&hellip;\" \/>\n<meta property=\"og:url\" content=\"https:\/\/congovirtuel.com\/information\/fratrie-kabila-la-societe-egal-broie-du-noir-au-kongo-central\/\" \/>\n<meta property=\"og:site_name\" content=\"Actualit\u00e9s congolaises et internationales\" \/>\n<meta property=\"article:publisher\" content=\"https:\/\/web.facebook.com\/Congovirtuel-763617960319601\/?ref=aymt_homepage_panel&amp;amp%3bamp%3bamp%3bamp%3bamp%3bamp%3bamp%3bamp%3bamp%3bamp%3bamp%3beid=ARCoxULa66767kIgF_KYav6VdjXTI4yk_LW4yoVO9s6NXpysgb7Cb65vpxcxgqzOAKvIbLQxaAETcqHT\" \/>\n<meta property=\"article:published_time\" content=\"2020-12-30T07:33:51+00:00\" \/>\n<meta property=\"article:modified_time\" content=\"2020-12-30T07:34:03+00:00\" \/>\n<meta property=\"og:image\" content=\"https:\/\/congovirtuel.com\/information\/wp-content\/uploads\/2020\/12\/egal_firme.jpg\" \/>\n\t<meta property=\"og:image:width\" content=\"1024\" \/>\n\t<meta property=\"og:image:height\" content=\"720\" \/>\n\t<meta property=\"og:image:type\" content=\"image\/jpeg\" \/>\n<meta name=\"author\" content=\"infocongovirtuel\" \/>\n<meta name=\"twitter:card\" content=\"summary_large_image\" \/>\n<meta name=\"twitter:creator\" content=\"@congovirtuel\" \/>\n<meta name=\"twitter:site\" content=\"@congovirtuel\" \/>\n<meta name=\"twitter:label1\" content=\"\u00c9crit par\" \/>\n\t<meta name=\"twitter:data1\" content=\"infocongovirtuel\" \/>\n\t<meta name=\"twitter:label2\" content=\"Dur\u00e9e de lecture estim\u00e9e\" \/>\n\t<meta name=\"twitter:data2\" content=\"6 minutes\" \/>\n<script type=\"application\/ld+json\" class=\"yoast-schema-graph\">{\"@context\":\"https:\\\/\\\/schema.org\",\"@graph\":[{\"@type\":\"Article\",\"@id\":\"https:\\\/\\\/congovirtuel.com\\\/information\\\/fratrie-kabila-la-societe-egal-broie-du-noir-au-kongo-central\\\/#article\",\"isPartOf\":{\"@id\":\"https:\\\/\\\/congovirtuel.com\\\/information\\\/fratrie-kabila-la-societe-egal-broie-du-noir-au-kongo-central\\\/\"},\"author\":{\"name\":\"infocongovirtuel\",\"@id\":\"https:\\\/\\\/congovirtuel.com\\\/information\\\/#\\\/schema\\\/person\\\/739a44bf7990966cb53d58d2fdeca0b6\"},\"headline\":\"Fratrie \u00ab Kabila \u00bb: la soci\u00e9t\u00e9 \u00ab Egal \u00bb broie du noir au Kongo Central\u2026\",\"datePublished\":\"2020-12-30T07:33:51+00:00\",\"dateModified\":\"2020-12-30T07:34:03+00:00\",\"mainEntityOfPage\":{\"@id\":\"https:\\\/\\\/congovirtuel.com\\\/information\\\/fratrie-kabila-la-societe-egal-broie-du-noir-au-kongo-central\\\/\"},\"wordCount\":1143,\"commentCount\":0,\"publisher\":{\"@id\":\"https:\\\/\\\/congovirtuel.com\\\/information\\\/#organization\"},\"image\":{\"@id\":\"https:\\\/\\\/congovirtuel.com\\\/information\\\/fratrie-kabila-la-societe-egal-broie-du-noir-au-kongo-central\\\/#primaryimage\"},\"thumbnailUrl\":\"https:\\\/\\\/congovirtuel.com\\\/information\\\/wp-content\\\/uploads\\\/2020\\\/12\\\/egal_firme.jpg\",\"keywords\":[\"Egal\",\"Egal ferme ses portes Kongo Central\",\"Soci\u00e9t\u00e9 EGAL\"],\"articleSection\":[\"Entreprises\"],\"inLanguage\":\"fr-FR\",\"potentialAction\":[{\"@type\":\"CommentAction\",\"name\":\"Comment\",\"target\":[\"https:\\\/\\\/congovirtuel.com\\\/information\\\/fratrie-kabila-la-societe-egal-broie-du-noir-au-kongo-central\\\/#respond\"]}]},{\"@type\":\"WebPage\",\"@id\":\"https:\\\/\\\/congovirtuel.com\\\/information\\\/fratrie-kabila-la-societe-egal-broie-du-noir-au-kongo-central\\\/\",\"url\":\"https:\\\/\\\/congovirtuel.com\\\/information\\\/fratrie-kabila-la-societe-egal-broie-du-noir-au-kongo-central\\\/\",\"name\":\"Fratrie \u00ab Kabila \u00bb: la soci\u00e9t\u00e9 \u00ab Egal \u00bb broie du noir au Kongo Central\u2026 - Actualit\u00e9s congolaises et internationales\",\"isPartOf\":{\"@id\":\"https:\\\/\\\/congovirtuel.com\\\/information\\\/#website\"},\"primaryImageOfPage\":{\"@id\":\"https:\\\/\\\/congovirtuel.com\\\/information\\\/fratrie-kabila-la-societe-egal-broie-du-noir-au-kongo-central\\\/#primaryimage\"},\"image\":{\"@id\":\"https:\\\/\\\/congovirtuel.com\\\/information\\\/fratrie-kabila-la-societe-egal-broie-du-noir-au-kongo-central\\\/#primaryimage\"},\"thumbnailUrl\":\"https:\\\/\\\/congovirtuel.com\\\/information\\\/wp-content\\\/uploads\\\/2020\\\/12\\\/egal_firme.jpg\",\"datePublished\":\"2020-12-30T07:33:51+00:00\",\"dateModified\":\"2020-12-30T07:34:03+00:00\",\"breadcrumb\":{\"@id\":\"https:\\\/\\\/congovirtuel.com\\\/information\\\/fratrie-kabila-la-societe-egal-broie-du-noir-au-kongo-central\\\/#breadcrumb\"},\"inLanguage\":\"fr-FR\",\"potentialAction\":[{\"@type\":\"ReadAction\",\"target\":[\"https:\\\/\\\/congovirtuel.com\\\/information\\\/fratrie-kabila-la-societe-egal-broie-du-noir-au-kongo-central\\\/\"]}]},{\"@type\":\"ImageObject\",\"inLanguage\":\"fr-FR\",\"@id\":\"https:\\\/\\\/congovirtuel.com\\\/information\\\/fratrie-kabila-la-societe-egal-broie-du-noir-au-kongo-central\\\/#primaryimage\",\"url\":\"https:\\\/\\\/congovirtuel.com\\\/information\\\/wp-content\\\/uploads\\\/2020\\\/12\\\/egal_firme.jpg\",\"contentUrl\":\"https:\\\/\\\/congovirtuel.com\\\/information\\\/wp-content\\\/uploads\\\/2020\\\/12\\\/egal_firme.jpg\",\"width\":1024,\"height\":720,\"caption\":\"Egal RDC\"},{\"@type\":\"BreadcrumbList\",\"@id\":\"https:\\\/\\\/congovirtuel.com\\\/information\\\/fratrie-kabila-la-societe-egal-broie-du-noir-au-kongo-central\\\/#breadcrumb\",\"itemListElement\":[{\"@type\":\"ListItem\",\"position\":1,\"name\":\"Accueil\",\"item\":\"https:\\\/\\\/congovirtuel.com\\\/information\\\/\"},{\"@type\":\"ListItem\",\"position\":2,\"name\":\"Fratrie \u00ab Kabila \u00bb: la soci\u00e9t\u00e9 \u00ab Egal \u00bb broie du noir au Kongo Central\u2026\"}]},{\"@type\":\"WebSite\",\"@id\":\"https:\\\/\\\/congovirtuel.com\\\/information\\\/#website\",\"url\":\"https:\\\/\\\/congovirtuel.com\\\/information\\\/\",\"name\":\"Actualit\u00e9s congolaises et internationales\",\"description\":\"site d&#039;analyse et de traitement d&#039;information\",\"publisher\":{\"@id\":\"https:\\\/\\\/congovirtuel.com\\\/information\\\/#organization\"},\"potentialAction\":[{\"@type\":\"SearchAction\",\"target\":{\"@type\":\"EntryPoint\",\"urlTemplate\":\"https:\\\/\\\/congovirtuel.com\\\/information\\\/?s={search_term_string}\"},\"query-input\":{\"@type\":\"PropertyValueSpecification\",\"valueRequired\":true,\"valueName\":\"search_term_string\"}}],\"inLanguage\":\"fr-FR\"},{\"@type\":\"Organization\",\"@id\":\"https:\\\/\\\/congovirtuel.com\\\/information\\\/#organization\",\"name\":\"Biblioth\u00e8que Virtuelle de la RDC\",\"url\":\"https:\\\/\\\/congovirtuel.com\\\/information\\\/\",\"logo\":{\"@type\":\"ImageObject\",\"inLanguage\":\"fr-FR\",\"@id\":\"https:\\\/\\\/congovirtuel.com\\\/information\\\/#\\\/schema\\\/logo\\\/image\\\/\",\"url\":\"https:\\\/\\\/congovirtuel.com\\\/information\\\/wp-content\\\/uploads\\\/2018\\\/10\\\/header-info-congovirtuel-vraie.jpg\",\"contentUrl\":\"https:\\\/\\\/congovirtuel.com\\\/information\\\/wp-content\\\/uploads\\\/2018\\\/10\\\/header-info-congovirtuel-vraie.jpg\",\"width\":728,\"height\":90,\"caption\":\"Biblioth\u00e8que Virtuelle de la RDC\"},\"image\":{\"@id\":\"https:\\\/\\\/congovirtuel.com\\\/information\\\/#\\\/schema\\\/logo\\\/image\\\/\"},\"sameAs\":[\"https:\\\/\\\/web.facebook.com\\\/Congovirtuel-763617960319601\\\/?ref=aymt_homepage_panel&amp;amp;amp;amp;amp;amp;amp;amp;amp;amp;amp;eid=ARCoxULa66767kIgF_KYav6VdjXTI4yk_LW4yoVO9s6NXpysgb7Cb65vpxcxgqzOAKvIbLQxaAETcqHT\",\"https:\\\/\\\/x.com\\\/congovirtuel\",\"https:\\\/\\\/www.youtube.com\\\/channel\\\/UCkFfprYzGgS3EWNpeMXpToQ?view_as=subscriber\"]},{\"@type\":\"Person\",\"@id\":\"https:\\\/\\\/congovirtuel.com\\\/information\\\/#\\\/schema\\\/person\\\/739a44bf7990966cb53d58d2fdeca0b6\",\"name\":\"infocongovirtuel\",\"image\":{\"@type\":\"ImageObject\",\"inLanguage\":\"fr-FR\",\"@id\":\"https:\\\/\\\/secure.gravatar.com\\\/avatar\\\/4d76991aa72469f0eb22e772586c99113c6997f88da636a9db8f2ce3a2c05e69?s=96&d=mm&r=g\",\"url\":\"https:\\\/\\\/secure.gravatar.com\\\/avatar\\\/4d76991aa72469f0eb22e772586c99113c6997f88da636a9db8f2ce3a2c05e69?s=96&d=mm&r=g\",\"contentUrl\":\"https:\\\/\\\/secure.gravatar.com\\\/avatar\\\/4d76991aa72469f0eb22e772586c99113c6997f88da636a9db8f2ce3a2c05e69?s=96&d=mm&r=g\",\"caption\":\"infocongovirtuel\"},\"url\":\"https:\\\/\\\/congovirtuel.com\\\/information\\\/author\\\/infocongovirtuel\\\/\"}]}<\/script>\n<!-- \/ Yoast SEO plugin. -->","yoast_head_json":{"title":"Fratrie \u00ab Kabila \u00bb: la soci\u00e9t\u00e9 \u00ab Egal \u00bb broie du noir au Kongo Central\u2026 - Actualit\u00e9s congolaises et internationales","robots":{"index":"index","follow":"follow","max-snippet":"max-snippet:-1","max-image-preview":"max-image-preview:large","max-video-preview":"max-video-preview:-1"},"canonical":"https:\/\/congovirtuel.com\/information\/fratrie-kabila-la-societe-egal-broie-du-noir-au-kongo-central\/","og_locale":"fr_FR","og_type":"article","og_title":"Fratrie \u00ab Kabila \u00bb: la soci\u00e9t\u00e9 \u00ab Egal \u00bb broie du noir au Kongo Central\u2026 - Actualit\u00e9s congolaises et internationales","og_description":"Devrait-on parler de temps des \u00ab&nbsp;vaches maigres\u00ab&nbsp;? Deux ann\u00e9es apr\u00e8s le changement intervenu au somment de l\u2019Etat congolais, la soci\u00e9t\u00e9 alimentaire \u00ab&nbsp;Egal&nbsp;\u00bb (Entreprise g\u00e9n\u00e9rale d\u2019alimentation et de logistique), r\u00e9put\u00e9e appartenir \u00e0 concurrence de 40% de son capital \u00e0 la fratrie \u00ab&nbsp;Kabila&nbsp;\u00bb fait face \u00e0 des \u00ab&nbsp;difficult\u00e9s&nbsp;\u00bb qu\u2019elle dans ses activit\u00e9s agricoles dans l\u2019ex-Bas Za\u00efre. Qui l\u2019aurait cru? Il y a encore peu, le tout-Kinshasa-affairiste glosait sur les \u00ab&nbsp;privil\u00e8ges&nbsp;\u00bb dont b\u00e9n\u00e9ficierait ind\u00fbment cette entreprise priv\u00e9e. Est-ce \u00ab&nbsp;l\u2019effet IGF\u00ab&nbsp;? Dans un communiqu\u00e9 dat\u00e9 du 29 d\u00e9cembre 2020, rev\u00eatu de la signature de&hellip;","og_url":"https:\/\/congovirtuel.com\/information\/fratrie-kabila-la-societe-egal-broie-du-noir-au-kongo-central\/","og_site_name":"Actualit\u00e9s congolaises et internationales","article_publisher":"https:\/\/web.facebook.com\/Congovirtuel-763617960319601\/?ref=aymt_homepage_panel&amp%3bamp%3bamp%3bamp%3bamp%3bamp%3bamp%3bamp%3bamp%3bamp%3bamp%3beid=ARCoxULa66767kIgF_KYav6VdjXTI4yk_LW4yoVO9s6NXpysgb7Cb65vpxcxgqzOAKvIbLQxaAETcqHT","article_published_time":"2020-12-30T07:33:51+00:00","article_modified_time":"2020-12-30T07:34:03+00:00","og_image":[{"width":1024,"height":720,"url":"https:\/\/congovirtuel.com\/information\/wp-content\/uploads\/2020\/12\/egal_firme.jpg","type":"image\/jpeg"}],"author":"infocongovirtuel","twitter_card":"summary_large_image","twitter_creator":"@congovirtuel","twitter_site":"@congovirtuel","twitter_misc":{"\u00c9crit par":"infocongovirtuel","Dur\u00e9e de lecture estim\u00e9e":"6 minutes"},"schema":{"@context":"https:\/\/schema.org","@graph":[{"@type":"Article","@id":"https:\/\/congovirtuel.com\/information\/fratrie-kabila-la-societe-egal-broie-du-noir-au-kongo-central\/#article","isPartOf":{"@id":"https:\/\/congovirtuel.com\/information\/fratrie-kabila-la-societe-egal-broie-du-noir-au-kongo-central\/"},"author":{"name":"infocongovirtuel","@id":"https:\/\/congovirtuel.com\/information\/#\/schema\/person\/739a44bf7990966cb53d58d2fdeca0b6"},"headline":"Fratrie \u00ab Kabila \u00bb: la soci\u00e9t\u00e9 \u00ab Egal \u00bb broie du noir au Kongo Central\u2026","datePublished":"2020-12-30T07:33:51+00:00","dateModified":"2020-12-30T07:34:03+00:00","mainEntityOfPage":{"@id":"https:\/\/congovirtuel.com\/information\/fratrie-kabila-la-societe-egal-broie-du-noir-au-kongo-central\/"},"wordCount":1143,"commentCount":0,"publisher":{"@id":"https:\/\/congovirtuel.com\/information\/#organization"},"image":{"@id":"https:\/\/congovirtuel.com\/information\/fratrie-kabila-la-societe-egal-broie-du-noir-au-kongo-central\/#primaryimage"},"thumbnailUrl":"https:\/\/congovirtuel.com\/information\/wp-content\/uploads\/2020\/12\/egal_firme.jpg","keywords":["Egal","Egal ferme ses portes Kongo Central","Soci\u00e9t\u00e9 EGAL"],"articleSection":["Entreprises"],"inLanguage":"fr-FR","potentialAction":[{"@type":"CommentAction","name":"Comment","target":["https:\/\/congovirtuel.com\/information\/fratrie-kabila-la-societe-egal-broie-du-noir-au-kongo-central\/#respond"]}]},{"@type":"WebPage","@id":"https:\/\/congovirtuel.com\/information\/fratrie-kabila-la-societe-egal-broie-du-noir-au-kongo-central\/","url":"https:\/\/congovirtuel.com\/information\/fratrie-kabila-la-societe-egal-broie-du-noir-au-kongo-central\/","name":"Fratrie \u00ab Kabila \u00bb: la soci\u00e9t\u00e9 \u00ab Egal \u00bb broie du noir au Kongo Central\u2026 - Actualit\u00e9s congolaises et internationales","isPartOf":{"@id":"https:\/\/congovirtuel.com\/information\/#website"},"primaryImageOfPage":{"@id":"https:\/\/congovirtuel.com\/information\/fratrie-kabila-la-societe-egal-broie-du-noir-au-kongo-central\/#primaryimage"},"image":{"@id":"https:\/\/congovirtuel.com\/information\/fratrie-kabila-la-societe-egal-broie-du-noir-au-kongo-central\/#primaryimage"},"thumbnailUrl":"https:\/\/congovirtuel.com\/information\/wp-content\/uploads\/2020\/12\/egal_firme.jpg","datePublished":"2020-12-30T07:33:51+00:00","dateModified":"2020-12-30T07:34:03+00:00","breadcrumb":{"@id":"https:\/\/congovirtuel.com\/information\/fratrie-kabila-la-societe-egal-broie-du-noir-au-kongo-central\/#breadcrumb"},"inLanguage":"fr-FR","potentialAction":[{"@type":"ReadAction","target":["https:\/\/congovirtuel.com\/information\/fratrie-kabila-la-societe-egal-broie-du-noir-au-kongo-central\/"]}]},{"@type":"ImageObject","inLanguage":"fr-FR","@id":"https:\/\/congovirtuel.com\/information\/fratrie-kabila-la-societe-egal-broie-du-noir-au-kongo-central\/#primaryimage","url":"https:\/\/congovirtuel.com\/information\/wp-content\/uploads\/2020\/12\/egal_firme.jpg","contentUrl":"https:\/\/congovirtuel.com\/information\/wp-content\/uploads\/2020\/12\/egal_firme.jpg","width":1024,"height":720,"caption":"Egal RDC"},{"@type":"BreadcrumbList","@id":"https:\/\/congovirtuel.com\/information\/fratrie-kabila-la-societe-egal-broie-du-noir-au-kongo-central\/#breadcrumb","itemListElement":[{"@type":"ListItem","position":1,"name":"Accueil","item":"https:\/\/congovirtuel.com\/information\/"},{"@type":"ListItem","position":2,"name":"Fratrie \u00ab Kabila \u00bb: la soci\u00e9t\u00e9 \u00ab Egal \u00bb broie du noir au Kongo Central\u2026"}]},{"@type":"WebSite","@id":"https:\/\/congovirtuel.com\/information\/#website","url":"https:\/\/congovirtuel.com\/information\/","name":"Actualit\u00e9s congolaises et internationales","description":"site d&#039;analyse et de traitement d&#039;information","publisher":{"@id":"https:\/\/congovirtuel.com\/information\/#organization"},"potentialAction":[{"@type":"SearchAction","target":{"@type":"EntryPoint","urlTemplate":"https:\/\/congovirtuel.com\/information\/?s={search_term_string}"},"query-input":{"@type":"PropertyValueSpecification","valueRequired":true,"valueName":"search_term_string"}}],"inLanguage":"fr-FR"},{"@type":"Organization","@id":"https:\/\/congovirtuel.com\/information\/#organization","name":"Biblioth\u00e8que Virtuelle de la RDC","url":"https:\/\/congovirtuel.com\/information\/","logo":{"@type":"ImageObject","inLanguage":"fr-FR","@id":"https:\/\/congovirtuel.com\/information\/#\/schema\/logo\/image\/","url":"https:\/\/congovirtuel.com\/information\/wp-content\/uploads\/2018\/10\/header-info-congovirtuel-vraie.jpg","contentUrl":"https:\/\/congovirtuel.com\/information\/wp-content\/uploads\/2018\/10\/header-info-congovirtuel-vraie.jpg","width":728,"height":90,"caption":"Biblioth\u00e8que Virtuelle de la RDC"},"image":{"@id":"https:\/\/congovirtuel.com\/information\/#\/schema\/logo\/image\/"},"sameAs":["https:\/\/web.facebook.com\/Congovirtuel-763617960319601\/?ref=aymt_homepage_panel&amp;amp;amp;amp;amp;amp;amp;amp;amp;amp;amp;eid=ARCoxULa66767kIgF_KYav6VdjXTI4yk_LW4yoVO9s6NXpysgb7Cb65vpxcxgqzOAKvIbLQxaAETcqHT","https:\/\/x.com\/congovirtuel","https:\/\/www.youtube.com\/channel\/UCkFfprYzGgS3EWNpeMXpToQ?view_as=subscriber"]},{"@type":"Person","@id":"https:\/\/congovirtuel.com\/information\/#\/schema\/person\/739a44bf7990966cb53d58d2fdeca0b6","name":"infocongovirtuel","image":{"@type":"ImageObject","inLanguage":"fr-FR","@id":"https:\/\/secure.gravatar.com\/avatar\/4d76991aa72469f0eb22e772586c99113c6997f88da636a9db8f2ce3a2c05e69?s=96&d=mm&r=g","url":"https:\/\/secure.gravatar.com\/avatar\/4d76991aa72469f0eb22e772586c99113c6997f88da636a9db8f2ce3a2c05e69?s=96&d=mm&r=g","contentUrl":"https:\/\/secure.gravatar.com\/avatar\/4d76991aa72469f0eb22e772586c99113c6997f88da636a9db8f2ce3a2c05e69?s=96&d=mm&r=g","caption":"infocongovirtuel"},"url":"https:\/\/congovirtuel.com\/information\/author\/infocongovirtuel\/"}]}},"gt_translate_keys":[{"key":"link","format":"url"}],"_links":{"self":[{"href":"https:\/\/congovirtuel.com\/information\/wp-json\/wp\/v2\/posts\/5152","targetHints":{"allow":["GET"]}}],"collection":[{"href":"https:\/\/congovirtuel.com\/information\/wp-json\/wp\/v2\/posts"}],"about":[{"href":"https:\/\/congovirtuel.com\/information\/wp-json\/wp\/v2\/types\/post"}],"author":[{"embeddable":true,"href":"https:\/\/congovirtuel.com\/information\/wp-json\/wp\/v2\/users\/1"}],"replies":[{"embeddable":true,"href":"https:\/\/congovirtuel.com\/information\/wp-json\/wp\/v2\/comments?post=5152"}],"version-history":[{"count":2,"href":"https:\/\/congovirtuel.com\/information\/wp-json\/wp\/v2\/posts\/5152\/revisions"}],"predecessor-version":[{"id":5156,"href":"https:\/\/congovirtuel.com\/information\/wp-json\/wp\/v2\/posts\/5152\/revisions\/5156"}],"wp:featuredmedia":[{"embeddable":true,"href":"https:\/\/congovirtuel.com\/information\/wp-json\/wp\/v2\/media\/5153"}],"wp:attachment":[{"href":"https:\/\/congovirtuel.com\/information\/wp-json\/wp\/v2\/media?parent=5152"}],"wp:term":[{"taxonomy":"category","embeddable":true,"href":"https:\/\/congovirtuel.com\/information\/wp-json\/wp\/v2\/categories?post=5152"},{"taxonomy":"post_tag","embeddable":true,"href":"https:\/\/congovirtuel.com\/information\/wp-json\/wp\/v2\/tags?post=5152"}],"curies":[{"name":"wp","href":"https:\/\/api.w.org\/{rel}","templated":true}]}}