{"id":5269,"date":"2021-01-06T07:33:21","date_gmt":"2021-01-06T06:33:21","guid":{"rendered":"https:\/\/congovirtuel.com\/information\/?p=5269"},"modified":"2021-01-06T07:33:35","modified_gmt":"2021-01-06T06:33:35","slug":"rdc-plainte-degal-sarl-contre-jean-jacques-lumumba-et-noel-tshani","status":"publish","type":"post","link":"https:\/\/congovirtuel.com\/information\/rdc-plainte-degal-sarl-contre-jean-jacques-lumumba-et-noel-tshani\/","title":{"rendered":"RDC : plainte d\u2019EGAL Sarl contre Jean-Jacques Lumumba et No\u00eal Tshani","gt_translate_keys":[{"key":"rendered","format":"text"}]},"content":{"rendered":"\n<p class=\"wp-block-paragraph\">Le R\u00e9seau Panafricain de Lutte contre la Corruption (UNIS) a dress\u00e9 une mise au point apr\u00e8s la plainte de la soci\u00e9t\u00e9 EGAL Sarl contre son coordonnateur, Jean-Jacques Lumumba, d\u00e9pos\u00e9e aupr\u00e8s du procureur de la R\u00e9publique du parquet pr\u00e8s le TGI\/Gombe, pour imputations dommageables.<\/p>\n\n\n\n<p class=\"wp-block-paragraph\">UNIS rappelle que ses diverses sorties de presse concernant la soci\u00e9t\u00e9 EGAL ont simplement consist\u00e9 \u00e0 \u00e9num\u00e9rer des indices irr\u00e9futables remettant en cause l\u2019int\u00e9grit\u00e9, la transparence et davantage la citoyennet\u00e9 de cette soci\u00e9t\u00e9.<\/p>\n\n\n\n<p class=\"wp-block-paragraph\">Concernant la \u00ab&nbsp;source frauduleuse du capital&nbsp;\u00bb, dont Jean-Jacques Lumumba fait mention dans ses r\u00e9centes sorties m\u00e9diatiques, UNIS, estime que les derni\u00e8res r\u00e9actions de EGAL n\u2019en font m\u00eame pas mention, alors que c\u2019est le fait le plus lourd pour une entreprise dont l\u2019importance du capital et l\u2019extension actuelle sont en rupture totale avec la r\u00e9alit\u00e9 \u00e9conomique du pays.<\/p>\n\n\n\n<p class=\"wp-block-paragraph\">\u00ab&nbsp;EGAL oublie- t-il ce fait important que nous avons relev\u00e9 faisant \u00e9tat du b\u00e9n\u00e9fice direct d\u2019un transfert de la banque centrale ?&nbsp;\u00bb, s\u2019interroge UNIS.<\/p>\n\n\n\n<p class=\"wp-block-paragraph\">Le R\u00e9seau Panafricain de Lutte contre la Corruption promet \u00e0 son tour de saisir la justice pour la permettre de prendre sa responsabilit\u00e9 devant le nombre de faits qu\u2019il reproche \u00e0 EGAL Sarl et cela en lui disponibilisant les \u00e9l\u00e9ments pouvant servir de preuve en sa possession.<\/p>\n\n\n\n<p class=\"wp-block-paragraph\">L\u2019avocat-conseil d&rsquo;Egal a \u00e9galement port\u00e9 plainte aupr\u00e8s du procureur g\u00e9n\u00e9ral pr\u00e8s la Cour d\u2019appel de Kinshasa\/Gombe, contre Noel Tshani pour des \u00e9crits jug\u00e9es inacceptables sur son compte Twitter contre sa cliente.<\/p>\n\n\n\n<p class=\"wp-block-paragraph\"><strong>Quelques messages de l\u2019ancien fonctionnaire de la Banque mondiale ont \u00e9t\u00e9 repris \u00e0 l\u2019intention du procureur, \u00e0 savoir :<\/strong><\/p>\n\n\n\n<ol class=\"wp-block-list\"><li><em>&nbsp;\u00bb Egal devrait avoir honte d\u2019avoir b\u00e9n\u00e9fici\u00e9 des fonds publics \u00e0 des fins priv\u00e9es profitant \u00e0 la famille de Joseph Kabila. Egal devrait se pr\u00e9parer \u00e0 rembourser au tr\u00e9sor public toutes les sommes d\u00e9tourn\u00e9es. A d\u00e9faut, Egal devra \u00eatre nationalis\u00e9e&nbsp;\u00bb.<\/em><\/li><li><em>\u00ab&nbsp;Egal a \u00e9t\u00e9 cr\u00e9\u00e9e avec un transfert de 42,9 millions de la BCC \u00e0 la BGFI. En r\u00e9alit\u00e9, Egal est une entreprise publique cr\u00e9\u00e9e avec des fonds publics mais profitant aux priv\u00e9s (\u2026)&nbsp;\u00bb .<\/em><\/li><\/ol>\n\n\n\n<p class=\"wp-block-paragraph\">Ainsi, l\u2019avocat-conseil a estim\u00e9 que ces propos ont d\u00e9pass\u00e9 la limite acceptable et causent \u00e9norm\u00e9ment du tort \u00e0 l\u2019entreprise qui est \u00e0 ce jour victime d\u2019une campagne de diabolisation qui tente de d\u00e9vier l\u2019opinion en lui attribuant faussement la pr\u00e9sence politique de l\u2019ancien r\u00e9gime.<\/p>\n\n\n\n<p class=\"wp-block-paragraph\"><strong>Descwondo avec Ouraganfm<\/strong><\/p>\n","protected":false,"gt_translate_keys":[{"key":"rendered","format":"html"}]},"excerpt":{"rendered":"<p>Le R\u00e9seau Panafricain de Lutte contre la Corruption (UNIS) a dress\u00e9 une mise au point apr\u00e8s la plainte de la soci\u00e9t\u00e9 EGAL Sarl contre son coordonnateur, Jean-Jacques Lumumba, d\u00e9pos\u00e9e aupr\u00e8s du procureur de la R\u00e9publique du parquet pr\u00e8s le TGI\/Gombe, pour imputations dommageables. UNIS rappelle que ses diverses sorties de presse concernant la soci\u00e9t\u00e9 EGAL ont simplement consist\u00e9 \u00e0 \u00e9num\u00e9rer des indices irr\u00e9futables remettant en cause l\u2019int\u00e9grit\u00e9, la transparence et davantage la citoyennet\u00e9 de cette soci\u00e9t\u00e9. Concernant la \u00ab&nbsp;source frauduleuse du capital&nbsp;\u00bb, dont Jean-Jacques Lumumba fait mention dans ses r\u00e9centes&hellip;<\/p>\n","protected":false,"gt_translate_keys":[{"key":"rendered","format":"html"}]},"author":1,"featured_media":5153,"comment_status":"open","ping_status":"open","sticky":false,"template":"","format":"standard","meta":{"_crdt_document":"","footnotes":""},"categories":[660],"tags":[4491],"class_list":["post-5269","post","type-post","status-publish","format-standard","has-post-thumbnail","hentry","category-detournement","tag-egal-porte-plainte-contre-lumumba-et-tshani"],"gutentor_comment":0,"yoast_head":"<!-- This site is optimized with the Yoast SEO plugin v27.5 - https:\/\/yoast.com\/product\/yoast-seo-wordpress\/ -->\n<title>RDC : plainte d\u2019EGAL Sarl contre Jean-Jacques Lumumba et No\u00eal Tshani - Actualit\u00e9s congolaises et internationales<\/title>\n<meta name=\"robots\" content=\"index, follow, max-snippet:-1, max-image-preview:large, max-video-preview:-1\" \/>\n<link rel=\"canonical\" href=\"https:\/\/congovirtuel.com\/information\/rdc-plainte-degal-sarl-contre-jean-jacques-lumumba-et-noel-tshani\/\" \/>\n<meta property=\"og:locale\" content=\"fr_FR\" \/>\n<meta property=\"og:type\" content=\"article\" \/>\n<meta property=\"og:title\" content=\"RDC : plainte d\u2019EGAL Sarl contre Jean-Jacques Lumumba et No\u00eal Tshani - Actualit\u00e9s congolaises et internationales\" \/>\n<meta property=\"og:description\" content=\"Le R\u00e9seau Panafricain de Lutte contre la Corruption (UNIS) a dress\u00e9 une mise au point apr\u00e8s la plainte de la soci\u00e9t\u00e9 EGAL Sarl contre son coordonnateur, Jean-Jacques Lumumba, d\u00e9pos\u00e9e aupr\u00e8s du procureur de la R\u00e9publique du parquet pr\u00e8s le TGI\/Gombe, pour imputations dommageables. UNIS rappelle que ses diverses sorties de presse concernant la soci\u00e9t\u00e9 EGAL ont simplement consist\u00e9 \u00e0 \u00e9num\u00e9rer des indices irr\u00e9futables remettant en cause l\u2019int\u00e9grit\u00e9, la transparence et davantage la citoyennet\u00e9 de cette soci\u00e9t\u00e9. Concernant la \u00ab&nbsp;source frauduleuse du capital&nbsp;\u00bb, dont Jean-Jacques Lumumba fait mention dans ses r\u00e9centes&hellip;\" \/>\n<meta property=\"og:url\" content=\"https:\/\/congovirtuel.com\/information\/rdc-plainte-degal-sarl-contre-jean-jacques-lumumba-et-noel-tshani\/\" \/>\n<meta property=\"og:site_name\" content=\"Actualit\u00e9s congolaises et internationales\" \/>\n<meta property=\"article:publisher\" content=\"https:\/\/web.facebook.com\/Congovirtuel-763617960319601\/?ref=aymt_homepage_panel&amp;amp%3bamp%3bamp%3bamp%3bamp%3bamp%3bamp%3bamp%3bamp%3bamp%3bamp%3beid=ARCoxULa66767kIgF_KYav6VdjXTI4yk_LW4yoVO9s6NXpysgb7Cb65vpxcxgqzOAKvIbLQxaAETcqHT\" \/>\n<meta property=\"article:published_time\" content=\"2021-01-06T06:33:21+00:00\" \/>\n<meta property=\"article:modified_time\" content=\"2021-01-06T06:33:35+00:00\" \/>\n<meta property=\"og:image\" content=\"https:\/\/congovirtuel.com\/information\/wp-content\/uploads\/2020\/12\/egal_firme.jpg\" \/>\n\t<meta property=\"og:image:width\" content=\"1024\" \/>\n\t<meta property=\"og:image:height\" content=\"720\" \/>\n\t<meta property=\"og:image:type\" content=\"image\/jpeg\" \/>\n<meta name=\"author\" content=\"infocongovirtuel\" \/>\n<meta name=\"twitter:card\" content=\"summary_large_image\" \/>\n<meta name=\"twitter:creator\" content=\"@congovirtuel\" \/>\n<meta name=\"twitter:site\" content=\"@congovirtuel\" \/>\n<meta name=\"twitter:label1\" content=\"\u00c9crit par\" \/>\n\t<meta name=\"twitter:data1\" content=\"infocongovirtuel\" \/>\n\t<meta name=\"twitter:label2\" content=\"Dur\u00e9e de lecture estim\u00e9e\" \/>\n\t<meta name=\"twitter:data2\" content=\"2 minutes\" \/>\n<script type=\"application\/ld+json\" class=\"yoast-schema-graph\">{\"@context\":\"https:\\\/\\\/schema.org\",\"@graph\":[{\"@type\":\"Article\",\"@id\":\"https:\\\/\\\/congovirtuel.com\\\/information\\\/rdc-plainte-degal-sarl-contre-jean-jacques-lumumba-et-noel-tshani\\\/#article\",\"isPartOf\":{\"@id\":\"https:\\\/\\\/congovirtuel.com\\\/information\\\/rdc-plainte-degal-sarl-contre-jean-jacques-lumumba-et-noel-tshani\\\/\"},\"author\":{\"name\":\"infocongovirtuel\",\"@id\":\"https:\\\/\\\/congovirtuel.com\\\/information\\\/#\\\/schema\\\/person\\\/739a44bf7990966cb53d58d2fdeca0b6\"},\"headline\":\"RDC : plainte d\u2019EGAL Sarl contre Jean-Jacques Lumumba et No\u00eal Tshani\",\"datePublished\":\"2021-01-06T06:33:21+00:00\",\"dateModified\":\"2021-01-06T06:33:35+00:00\",\"mainEntityOfPage\":{\"@id\":\"https:\\\/\\\/congovirtuel.com\\\/information\\\/rdc-plainte-degal-sarl-contre-jean-jacques-lumumba-et-noel-tshani\\\/\"},\"wordCount\":445,\"commentCount\":0,\"publisher\":{\"@id\":\"https:\\\/\\\/congovirtuel.com\\\/information\\\/#organization\"},\"image\":{\"@id\":\"https:\\\/\\\/congovirtuel.com\\\/information\\\/rdc-plainte-degal-sarl-contre-jean-jacques-lumumba-et-noel-tshani\\\/#primaryimage\"},\"thumbnailUrl\":\"https:\\\/\\\/congovirtuel.com\\\/information\\\/wp-content\\\/uploads\\\/2020\\\/12\\\/egal_firme.jpg\",\"keywords\":[\"Egal porte plainte contre Lumumba et Tshani\"],\"articleSection\":[\"D\u00e9tournement\"],\"inLanguage\":\"fr-FR\",\"potentialAction\":[{\"@type\":\"CommentAction\",\"name\":\"Comment\",\"target\":[\"https:\\\/\\\/congovirtuel.com\\\/information\\\/rdc-plainte-degal-sarl-contre-jean-jacques-lumumba-et-noel-tshani\\\/#respond\"]}]},{\"@type\":\"WebPage\",\"@id\":\"https:\\\/\\\/congovirtuel.com\\\/information\\\/rdc-plainte-degal-sarl-contre-jean-jacques-lumumba-et-noel-tshani\\\/\",\"url\":\"https:\\\/\\\/congovirtuel.com\\\/information\\\/rdc-plainte-degal-sarl-contre-jean-jacques-lumumba-et-noel-tshani\\\/\",\"name\":\"RDC : plainte d\u2019EGAL Sarl contre Jean-Jacques Lumumba et No\u00eal Tshani - Actualit\u00e9s congolaises et internationales\",\"isPartOf\":{\"@id\":\"https:\\\/\\\/congovirtuel.com\\\/information\\\/#website\"},\"primaryImageOfPage\":{\"@id\":\"https:\\\/\\\/congovirtuel.com\\\/information\\\/rdc-plainte-degal-sarl-contre-jean-jacques-lumumba-et-noel-tshani\\\/#primaryimage\"},\"image\":{\"@id\":\"https:\\\/\\\/congovirtuel.com\\\/information\\\/rdc-plainte-degal-sarl-contre-jean-jacques-lumumba-et-noel-tshani\\\/#primaryimage\"},\"thumbnailUrl\":\"https:\\\/\\\/congovirtuel.com\\\/information\\\/wp-content\\\/uploads\\\/2020\\\/12\\\/egal_firme.jpg\",\"datePublished\":\"2021-01-06T06:33:21+00:00\",\"dateModified\":\"2021-01-06T06:33:35+00:00\",\"breadcrumb\":{\"@id\":\"https:\\\/\\\/congovirtuel.com\\\/information\\\/rdc-plainte-degal-sarl-contre-jean-jacques-lumumba-et-noel-tshani\\\/#breadcrumb\"},\"inLanguage\":\"fr-FR\",\"potentialAction\":[{\"@type\":\"ReadAction\",\"target\":[\"https:\\\/\\\/congovirtuel.com\\\/information\\\/rdc-plainte-degal-sarl-contre-jean-jacques-lumumba-et-noel-tshani\\\/\"]}]},{\"@type\":\"ImageObject\",\"inLanguage\":\"fr-FR\",\"@id\":\"https:\\\/\\\/congovirtuel.com\\\/information\\\/rdc-plainte-degal-sarl-contre-jean-jacques-lumumba-et-noel-tshani\\\/#primaryimage\",\"url\":\"https:\\\/\\\/congovirtuel.com\\\/information\\\/wp-content\\\/uploads\\\/2020\\\/12\\\/egal_firme.jpg\",\"contentUrl\":\"https:\\\/\\\/congovirtuel.com\\\/information\\\/wp-content\\\/uploads\\\/2020\\\/12\\\/egal_firme.jpg\",\"width\":1024,\"height\":720,\"caption\":\"Egal RDC\"},{\"@type\":\"BreadcrumbList\",\"@id\":\"https:\\\/\\\/congovirtuel.com\\\/information\\\/rdc-plainte-degal-sarl-contre-jean-jacques-lumumba-et-noel-tshani\\\/#breadcrumb\",\"itemListElement\":[{\"@type\":\"ListItem\",\"position\":1,\"name\":\"Accueil\",\"item\":\"https:\\\/\\\/congovirtuel.com\\\/information\\\/\"},{\"@type\":\"ListItem\",\"position\":2,\"name\":\"RDC : plainte d\u2019EGAL Sarl contre Jean-Jacques Lumumba et No\u00eal Tshani\"}]},{\"@type\":\"WebSite\",\"@id\":\"https:\\\/\\\/congovirtuel.com\\\/information\\\/#website\",\"url\":\"https:\\\/\\\/congovirtuel.com\\\/information\\\/\",\"name\":\"Actualit\u00e9s congolaises et internationales\",\"description\":\"site d&#039;analyse et de traitement d&#039;information\",\"publisher\":{\"@id\":\"https:\\\/\\\/congovirtuel.com\\\/information\\\/#organization\"},\"potentialAction\":[{\"@type\":\"SearchAction\",\"target\":{\"@type\":\"EntryPoint\",\"urlTemplate\":\"https:\\\/\\\/congovirtuel.com\\\/information\\\/?s={search_term_string}\"},\"query-input\":{\"@type\":\"PropertyValueSpecification\",\"valueRequired\":true,\"valueName\":\"search_term_string\"}}],\"inLanguage\":\"fr-FR\"},{\"@type\":\"Organization\",\"@id\":\"https:\\\/\\\/congovirtuel.com\\\/information\\\/#organization\",\"name\":\"Biblioth\u00e8que Virtuelle de la RDC\",\"url\":\"https:\\\/\\\/congovirtuel.com\\\/information\\\/\",\"logo\":{\"@type\":\"ImageObject\",\"inLanguage\":\"fr-FR\",\"@id\":\"https:\\\/\\\/congovirtuel.com\\\/information\\\/#\\\/schema\\\/logo\\\/image\\\/\",\"url\":\"https:\\\/\\\/congovirtuel.com\\\/information\\\/wp-content\\\/uploads\\\/2018\\\/10\\\/header-info-congovirtuel-vraie.jpg\",\"contentUrl\":\"https:\\\/\\\/congovirtuel.com\\\/information\\\/wp-content\\\/uploads\\\/2018\\\/10\\\/header-info-congovirtuel-vraie.jpg\",\"width\":728,\"height\":90,\"caption\":\"Biblioth\u00e8que Virtuelle de la RDC\"},\"image\":{\"@id\":\"https:\\\/\\\/congovirtuel.com\\\/information\\\/#\\\/schema\\\/logo\\\/image\\\/\"},\"sameAs\":[\"https:\\\/\\\/web.facebook.com\\\/Congovirtuel-763617960319601\\\/?ref=aymt_homepage_panel&amp;amp;amp;amp;amp;amp;amp;amp;amp;amp;amp;eid=ARCoxULa66767kIgF_KYav6VdjXTI4yk_LW4yoVO9s6NXpysgb7Cb65vpxcxgqzOAKvIbLQxaAETcqHT\",\"https:\\\/\\\/x.com\\\/congovirtuel\",\"https:\\\/\\\/www.youtube.com\\\/channel\\\/UCkFfprYzGgS3EWNpeMXpToQ?view_as=subscriber\"]},{\"@type\":\"Person\",\"@id\":\"https:\\\/\\\/congovirtuel.com\\\/information\\\/#\\\/schema\\\/person\\\/739a44bf7990966cb53d58d2fdeca0b6\",\"name\":\"infocongovirtuel\",\"image\":{\"@type\":\"ImageObject\",\"inLanguage\":\"fr-FR\",\"@id\":\"https:\\\/\\\/secure.gravatar.com\\\/avatar\\\/4d76991aa72469f0eb22e772586c99113c6997f88da636a9db8f2ce3a2c05e69?s=96&d=mm&r=g\",\"url\":\"https:\\\/\\\/secure.gravatar.com\\\/avatar\\\/4d76991aa72469f0eb22e772586c99113c6997f88da636a9db8f2ce3a2c05e69?s=96&d=mm&r=g\",\"contentUrl\":\"https:\\\/\\\/secure.gravatar.com\\\/avatar\\\/4d76991aa72469f0eb22e772586c99113c6997f88da636a9db8f2ce3a2c05e69?s=96&d=mm&r=g\",\"caption\":\"infocongovirtuel\"},\"url\":\"https:\\\/\\\/congovirtuel.com\\\/information\\\/author\\\/infocongovirtuel\\\/\"}]}<\/script>\n<!-- \/ Yoast SEO plugin. -->","yoast_head_json":{"title":"RDC : plainte d\u2019EGAL Sarl contre Jean-Jacques Lumumba et No\u00eal Tshani - Actualit\u00e9s congolaises et internationales","robots":{"index":"index","follow":"follow","max-snippet":"max-snippet:-1","max-image-preview":"max-image-preview:large","max-video-preview":"max-video-preview:-1"},"canonical":"https:\/\/congovirtuel.com\/information\/rdc-plainte-degal-sarl-contre-jean-jacques-lumumba-et-noel-tshani\/","og_locale":"fr_FR","og_type":"article","og_title":"RDC : plainte d\u2019EGAL Sarl contre Jean-Jacques Lumumba et No\u00eal Tshani - Actualit\u00e9s congolaises et internationales","og_description":"Le R\u00e9seau Panafricain de Lutte contre la Corruption (UNIS) a dress\u00e9 une mise au point apr\u00e8s la plainte de la soci\u00e9t\u00e9 EGAL Sarl contre son coordonnateur, Jean-Jacques Lumumba, d\u00e9pos\u00e9e aupr\u00e8s du procureur de la R\u00e9publique du parquet pr\u00e8s le TGI\/Gombe, pour imputations dommageables. UNIS rappelle que ses diverses sorties de presse concernant la soci\u00e9t\u00e9 EGAL ont simplement consist\u00e9 \u00e0 \u00e9num\u00e9rer des indices irr\u00e9futables remettant en cause l\u2019int\u00e9grit\u00e9, la transparence et davantage la citoyennet\u00e9 de cette soci\u00e9t\u00e9. Concernant la \u00ab&nbsp;source frauduleuse du capital&nbsp;\u00bb, dont Jean-Jacques Lumumba fait mention dans ses r\u00e9centes&hellip;","og_url":"https:\/\/congovirtuel.com\/information\/rdc-plainte-degal-sarl-contre-jean-jacques-lumumba-et-noel-tshani\/","og_site_name":"Actualit\u00e9s congolaises et internationales","article_publisher":"https:\/\/web.facebook.com\/Congovirtuel-763617960319601\/?ref=aymt_homepage_panel&amp%3bamp%3bamp%3bamp%3bamp%3bamp%3bamp%3bamp%3bamp%3bamp%3bamp%3beid=ARCoxULa66767kIgF_KYav6VdjXTI4yk_LW4yoVO9s6NXpysgb7Cb65vpxcxgqzOAKvIbLQxaAETcqHT","article_published_time":"2021-01-06T06:33:21+00:00","article_modified_time":"2021-01-06T06:33:35+00:00","og_image":[{"width":1024,"height":720,"url":"https:\/\/congovirtuel.com\/information\/wp-content\/uploads\/2020\/12\/egal_firme.jpg","type":"image\/jpeg"}],"author":"infocongovirtuel","twitter_card":"summary_large_image","twitter_creator":"@congovirtuel","twitter_site":"@congovirtuel","twitter_misc":{"\u00c9crit par":"infocongovirtuel","Dur\u00e9e de lecture estim\u00e9e":"2 minutes"},"schema":{"@context":"https:\/\/schema.org","@graph":[{"@type":"Article","@id":"https:\/\/congovirtuel.com\/information\/rdc-plainte-degal-sarl-contre-jean-jacques-lumumba-et-noel-tshani\/#article","isPartOf":{"@id":"https:\/\/congovirtuel.com\/information\/rdc-plainte-degal-sarl-contre-jean-jacques-lumumba-et-noel-tshani\/"},"author":{"name":"infocongovirtuel","@id":"https:\/\/congovirtuel.com\/information\/#\/schema\/person\/739a44bf7990966cb53d58d2fdeca0b6"},"headline":"RDC : plainte d\u2019EGAL Sarl contre Jean-Jacques Lumumba et No\u00eal Tshani","datePublished":"2021-01-06T06:33:21+00:00","dateModified":"2021-01-06T06:33:35+00:00","mainEntityOfPage":{"@id":"https:\/\/congovirtuel.com\/information\/rdc-plainte-degal-sarl-contre-jean-jacques-lumumba-et-noel-tshani\/"},"wordCount":445,"commentCount":0,"publisher":{"@id":"https:\/\/congovirtuel.com\/information\/#organization"},"image":{"@id":"https:\/\/congovirtuel.com\/information\/rdc-plainte-degal-sarl-contre-jean-jacques-lumumba-et-noel-tshani\/#primaryimage"},"thumbnailUrl":"https:\/\/congovirtuel.com\/information\/wp-content\/uploads\/2020\/12\/egal_firme.jpg","keywords":["Egal porte plainte contre Lumumba et Tshani"],"articleSection":["D\u00e9tournement"],"inLanguage":"fr-FR","potentialAction":[{"@type":"CommentAction","name":"Comment","target":["https:\/\/congovirtuel.com\/information\/rdc-plainte-degal-sarl-contre-jean-jacques-lumumba-et-noel-tshani\/#respond"]}]},{"@type":"WebPage","@id":"https:\/\/congovirtuel.com\/information\/rdc-plainte-degal-sarl-contre-jean-jacques-lumumba-et-noel-tshani\/","url":"https:\/\/congovirtuel.com\/information\/rdc-plainte-degal-sarl-contre-jean-jacques-lumumba-et-noel-tshani\/","name":"RDC : plainte d\u2019EGAL Sarl contre Jean-Jacques Lumumba et No\u00eal Tshani - Actualit\u00e9s congolaises et internationales","isPartOf":{"@id":"https:\/\/congovirtuel.com\/information\/#website"},"primaryImageOfPage":{"@id":"https:\/\/congovirtuel.com\/information\/rdc-plainte-degal-sarl-contre-jean-jacques-lumumba-et-noel-tshani\/#primaryimage"},"image":{"@id":"https:\/\/congovirtuel.com\/information\/rdc-plainte-degal-sarl-contre-jean-jacques-lumumba-et-noel-tshani\/#primaryimage"},"thumbnailUrl":"https:\/\/congovirtuel.com\/information\/wp-content\/uploads\/2020\/12\/egal_firme.jpg","datePublished":"2021-01-06T06:33:21+00:00","dateModified":"2021-01-06T06:33:35+00:00","breadcrumb":{"@id":"https:\/\/congovirtuel.com\/information\/rdc-plainte-degal-sarl-contre-jean-jacques-lumumba-et-noel-tshani\/#breadcrumb"},"inLanguage":"fr-FR","potentialAction":[{"@type":"ReadAction","target":["https:\/\/congovirtuel.com\/information\/rdc-plainte-degal-sarl-contre-jean-jacques-lumumba-et-noel-tshani\/"]}]},{"@type":"ImageObject","inLanguage":"fr-FR","@id":"https:\/\/congovirtuel.com\/information\/rdc-plainte-degal-sarl-contre-jean-jacques-lumumba-et-noel-tshani\/#primaryimage","url":"https:\/\/congovirtuel.com\/information\/wp-content\/uploads\/2020\/12\/egal_firme.jpg","contentUrl":"https:\/\/congovirtuel.com\/information\/wp-content\/uploads\/2020\/12\/egal_firme.jpg","width":1024,"height":720,"caption":"Egal RDC"},{"@type":"BreadcrumbList","@id":"https:\/\/congovirtuel.com\/information\/rdc-plainte-degal-sarl-contre-jean-jacques-lumumba-et-noel-tshani\/#breadcrumb","itemListElement":[{"@type":"ListItem","position":1,"name":"Accueil","item":"https:\/\/congovirtuel.com\/information\/"},{"@type":"ListItem","position":2,"name":"RDC : plainte d\u2019EGAL Sarl contre Jean-Jacques Lumumba et No\u00eal Tshani"}]},{"@type":"WebSite","@id":"https:\/\/congovirtuel.com\/information\/#website","url":"https:\/\/congovirtuel.com\/information\/","name":"Actualit\u00e9s congolaises et internationales","description":"site d&#039;analyse et de traitement d&#039;information","publisher":{"@id":"https:\/\/congovirtuel.com\/information\/#organization"},"potentialAction":[{"@type":"SearchAction","target":{"@type":"EntryPoint","urlTemplate":"https:\/\/congovirtuel.com\/information\/?s={search_term_string}"},"query-input":{"@type":"PropertyValueSpecification","valueRequired":true,"valueName":"search_term_string"}}],"inLanguage":"fr-FR"},{"@type":"Organization","@id":"https:\/\/congovirtuel.com\/information\/#organization","name":"Biblioth\u00e8que Virtuelle de la RDC","url":"https:\/\/congovirtuel.com\/information\/","logo":{"@type":"ImageObject","inLanguage":"fr-FR","@id":"https:\/\/congovirtuel.com\/information\/#\/schema\/logo\/image\/","url":"https:\/\/congovirtuel.com\/information\/wp-content\/uploads\/2018\/10\/header-info-congovirtuel-vraie.jpg","contentUrl":"https:\/\/congovirtuel.com\/information\/wp-content\/uploads\/2018\/10\/header-info-congovirtuel-vraie.jpg","width":728,"height":90,"caption":"Biblioth\u00e8que Virtuelle de la RDC"},"image":{"@id":"https:\/\/congovirtuel.com\/information\/#\/schema\/logo\/image\/"},"sameAs":["https:\/\/web.facebook.com\/Congovirtuel-763617960319601\/?ref=aymt_homepage_panel&amp;amp;amp;amp;amp;amp;amp;amp;amp;amp;amp;eid=ARCoxULa66767kIgF_KYav6VdjXTI4yk_LW4yoVO9s6NXpysgb7Cb65vpxcxgqzOAKvIbLQxaAETcqHT","https:\/\/x.com\/congovirtuel","https:\/\/www.youtube.com\/channel\/UCkFfprYzGgS3EWNpeMXpToQ?view_as=subscriber"]},{"@type":"Person","@id":"https:\/\/congovirtuel.com\/information\/#\/schema\/person\/739a44bf7990966cb53d58d2fdeca0b6","name":"infocongovirtuel","image":{"@type":"ImageObject","inLanguage":"fr-FR","@id":"https:\/\/secure.gravatar.com\/avatar\/4d76991aa72469f0eb22e772586c99113c6997f88da636a9db8f2ce3a2c05e69?s=96&d=mm&r=g","url":"https:\/\/secure.gravatar.com\/avatar\/4d76991aa72469f0eb22e772586c99113c6997f88da636a9db8f2ce3a2c05e69?s=96&d=mm&r=g","contentUrl":"https:\/\/secure.gravatar.com\/avatar\/4d76991aa72469f0eb22e772586c99113c6997f88da636a9db8f2ce3a2c05e69?s=96&d=mm&r=g","caption":"infocongovirtuel"},"url":"https:\/\/congovirtuel.com\/information\/author\/infocongovirtuel\/"}]}},"gt_translate_keys":[{"key":"link","format":"url"}],"_links":{"self":[{"href":"https:\/\/congovirtuel.com\/information\/wp-json\/wp\/v2\/posts\/5269","targetHints":{"allow":["GET"]}}],"collection":[{"href":"https:\/\/congovirtuel.com\/information\/wp-json\/wp\/v2\/posts"}],"about":[{"href":"https:\/\/congovirtuel.com\/information\/wp-json\/wp\/v2\/types\/post"}],"author":[{"embeddable":true,"href":"https:\/\/congovirtuel.com\/information\/wp-json\/wp\/v2\/users\/1"}],"replies":[{"embeddable":true,"href":"https:\/\/congovirtuel.com\/information\/wp-json\/wp\/v2\/comments?post=5269"}],"version-history":[{"count":1,"href":"https:\/\/congovirtuel.com\/information\/wp-json\/wp\/v2\/posts\/5269\/revisions"}],"predecessor-version":[{"id":5270,"href":"https:\/\/congovirtuel.com\/information\/wp-json\/wp\/v2\/posts\/5269\/revisions\/5270"}],"wp:featuredmedia":[{"embeddable":true,"href":"https:\/\/congovirtuel.com\/information\/wp-json\/wp\/v2\/media\/5153"}],"wp:attachment":[{"href":"https:\/\/congovirtuel.com\/information\/wp-json\/wp\/v2\/media?parent=5269"}],"wp:term":[{"taxonomy":"category","embeddable":true,"href":"https:\/\/congovirtuel.com\/information\/wp-json\/wp\/v2\/categories?post=5269"},{"taxonomy":"post_tag","embeddable":true,"href":"https:\/\/congovirtuel.com\/information\/wp-json\/wp\/v2\/tags?post=5269"}],"curies":[{"name":"wp","href":"https:\/\/api.w.org\/{rel}","templated":true}]}}