{"id":5702,"date":"2021-01-22T17:26:29","date_gmt":"2021-01-22T16:26:29","guid":{"rendered":"https:\/\/congovirtuel.com\/information\/?p=5702"},"modified":"2021-01-22T17:26:38","modified_gmt":"2021-01-22T16:26:38","slug":"rdc-educ-tv-le-conseil-detat-rehabilite-lancien-comite-de-gestion","status":"publish","type":"post","link":"https:\/\/congovirtuel.com\/information\/rdc-educ-tv-le-conseil-detat-rehabilite-lancien-comite-de-gestion\/","title":{"rendered":"RDC, Educ-TV : le Conseil d\u2019Etat r\u00e9habilite l\u2019ancien comit\u00e9 de gestion","gt_translate_keys":[{"key":"rendered","format":"text"}]},"content":{"rendered":"\n<p class=\"wp-block-paragraph\">Le Conseil d\u2019Etat a suspendu, dans son Ordonnance du 4 septembre 2020, \u00ab les effets de l\u2019Arr\u00eat\u00e9 du ministre d\u2019Etat, ministre de l\u2019Enseignement primaire, secondaire et technique \u00bb du 19 d\u00e9cembre 2019. Cet Arr\u00eat\u00e9 portait sur la mise en place d\u2019un nouveau comit\u00e9 de gestion de la cha\u00eene de t\u00e9l\u00e9vision th\u00e9matique de l&rsquo;\u00e9ducation du minist\u00e8re de l&rsquo;Epst \u00ab\u00a0EDUC TV\u00a0\u00bb.<\/p>\n\n\n\n<p class=\"wp-block-paragraph\">Cette Ordonnance du Conseil d\u2019Etat notifi\u00e9e \u00e0 l\u2019accus\u00e9e- la R\u00e9publique- depuis le 9 d\u00e9cembre 2020 r\u00e9habilite les membres de l\u2019ancien comit\u00e9 de gestion, Dieudonn\u00e9 Mfisia, Guy Shungu et Floris Badisa, Mimie Engumba et consorts.<\/p>\n\n\n\n<p class=\"wp-block-paragraph\"><strong>Historique<\/strong><\/p>\n\n\n\n<p class=\"wp-block-paragraph\">Depuis le 3 juillet 2020, les membres de l&rsquo;ancien comit\u00e9 de gestion, agents de carri\u00e8re de ce service public de l\u2019Etat avaient saisi le Conseil d\u2019Etat pour d\u00e9noncer le fait d\u2019\u00eatre \u00ab demis arbitrairement de leurs fonctions \u00bb par le ministre Willy Bakonga, sans avoir fait l\u2019objet au pr\u00e9alable d\u2019une demande d\u2019explication, d\u2019une action disciplinaire ou d\u2019un simple reproche dans l\u2019exercice de leurs fonctions. Ce, pour \u00eatre remplac\u00e9 par de nouvelles unit\u00e9s \u00e0 ces postes de commandement.<\/p>\n\n\n\n<p class=\"wp-block-paragraph\">Dieudonn\u00e9 Mfisia, Guy Shungu et Floris Badisa, Mimie Engumba et consorts se sont aussi plaints de la privation de leurs r\u00e9mun\u00e9rations mensuelles depuis janvier 2020 \u00ab suivant l\u2019instruction ill\u00e9gale du ministre faite au directeur du Service de contr\u00f4le et de la paie des enseignants du minist\u00e8re de l\u2019EPST (SECOPE) \u00bb.<\/p>\n\n\n\n<p class=\"wp-block-paragraph\">Face \u00e0 ces accusations, la d\u00e9fense avait sollicit\u00e9 du Conseil d\u2019Etat l\u2019irrecevabilit\u00e9 de cette requ\u00eate pour, entre autres, \u00ab d\u00e9faut des pr\u00e9cisions dans la procuration dite sp\u00e9ciale \u00bb, pour son caract\u00e8re identique \u00e0 une autre requ\u00eate d\u00e9pos\u00e9e par les m\u00eames demandeurs ou encore pour incomp\u00e9tence du juge.<\/p>\n\n\n\n<p class=\"wp-block-paragraph\">Mais le Conseil d\u2019Etat a rejet\u00e9 toutes ces exceptions d\u2019irr\u00e9gularit\u00e9s et d\u2019incomp\u00e9tence. Le mardi 19 janvier, une \u00e9quipe du Conseil d&rsquo;Etat est m\u00eame pass\u00e9e au cabinet du ministre et deux jours apr\u00e8s, au bureau du secr\u00e9taire g\u00e9n\u00e9ral a.i \u00e0 l&rsquo;EPST pour veiller au respect de cette ordonnance. L\u2019actuel comit\u00e9 dirig\u00e9 par Mme Carine Kabututu, b\u00e9n\u00e9ficiaire de l\u2019Arr\u00eat\u00e9 du 19 d\u00e9cembre 2019, n\u2019a plus le droit de g\u00e9rer la cha\u00eene \u00c9duc TV depuis la notification du Conseil d\u2019Etat.<\/p>\n\n\n\n<p class=\"wp-block-paragraph\"><strong>Digitalcongo<\/strong><\/p>\n","protected":false,"gt_translate_keys":[{"key":"rendered","format":"html"}]},"excerpt":{"rendered":"<p>Le Conseil d\u2019Etat a suspendu, dans son Ordonnance du 4 septembre 2020, \u00ab les effets de l\u2019Arr\u00eat\u00e9 du ministre d\u2019Etat, ministre de l\u2019Enseignement primaire, secondaire et technique \u00bb du 19 d\u00e9cembre 2019. Cet Arr\u00eat\u00e9 portait sur la mise en place d\u2019un nouveau comit\u00e9 de gestion de la cha\u00eene de t\u00e9l\u00e9vision th\u00e9matique de l&rsquo;\u00e9ducation du minist\u00e8re de l&rsquo;Epst \u00ab\u00a0EDUC TV\u00a0\u00bb. Cette Ordonnance du Conseil d\u2019Etat notifi\u00e9e \u00e0 l\u2019accus\u00e9e- la R\u00e9publique- depuis le 9 d\u00e9cembre 2020 r\u00e9habilite les membres de l\u2019ancien comit\u00e9 de gestion, Dieudonn\u00e9 Mfisia, Guy Shungu et Floris Badisa, Mimie&hellip;<\/p>\n","protected":false,"gt_translate_keys":[{"key":"rendered","format":"html"}]},"author":1,"featured_media":5703,"comment_status":"open","ping_status":"open","sticky":false,"template":"","format":"standard","meta":{"_crdt_document":"","footnotes":""},"categories":[4911],"tags":[4912],"class_list":["post-5702","post","type-post","status-publish","format-standard","has-post-thumbnail","hentry","category-medias","tag-rehabilitation-comite-de-gestion-educ-tv"],"gutentor_comment":1,"yoast_head":"<!-- This site is optimized with the Yoast SEO plugin v27.5 - https:\/\/yoast.com\/product\/yoast-seo-wordpress\/ -->\n<title>RDC, Educ-TV : le Conseil d\u2019Etat r\u00e9habilite l\u2019ancien comit\u00e9 de gestion - Actualit\u00e9s congolaises et internationales<\/title>\n<meta name=\"robots\" content=\"index, follow, max-snippet:-1, max-image-preview:large, max-video-preview:-1\" \/>\n<link rel=\"canonical\" href=\"https:\/\/congovirtuel.com\/information\/rdc-educ-tv-le-conseil-detat-rehabilite-lancien-comite-de-gestion\/\" \/>\n<meta property=\"og:locale\" content=\"fr_FR\" \/>\n<meta property=\"og:type\" content=\"article\" \/>\n<meta property=\"og:title\" content=\"RDC, Educ-TV : le Conseil d\u2019Etat r\u00e9habilite l\u2019ancien comit\u00e9 de gestion - Actualit\u00e9s congolaises et internationales\" \/>\n<meta property=\"og:description\" content=\"Le Conseil d\u2019Etat a suspendu, dans son Ordonnance du 4 septembre 2020, \u00ab les effets de l\u2019Arr\u00eat\u00e9 du ministre d\u2019Etat, ministre de l\u2019Enseignement primaire, secondaire et technique \u00bb du 19 d\u00e9cembre 2019. Cet Arr\u00eat\u00e9 portait sur la mise en place d\u2019un nouveau comit\u00e9 de gestion de la cha\u00eene de t\u00e9l\u00e9vision th\u00e9matique de l&rsquo;\u00e9ducation du minist\u00e8re de l&rsquo;Epst \u00ab\u00a0EDUC TV\u00a0\u00bb. Cette Ordonnance du Conseil d\u2019Etat notifi\u00e9e \u00e0 l\u2019accus\u00e9e- la R\u00e9publique- depuis le 9 d\u00e9cembre 2020 r\u00e9habilite les membres de l\u2019ancien comit\u00e9 de gestion, Dieudonn\u00e9 Mfisia, Guy Shungu et Floris Badisa, Mimie&hellip;\" \/>\n<meta property=\"og:url\" content=\"https:\/\/congovirtuel.com\/information\/rdc-educ-tv-le-conseil-detat-rehabilite-lancien-comite-de-gestion\/\" \/>\n<meta property=\"og:site_name\" content=\"Actualit\u00e9s congolaises et internationales\" \/>\n<meta property=\"article:publisher\" content=\"https:\/\/web.facebook.com\/Congovirtuel-763617960319601\/?ref=aymt_homepage_panel&amp;amp%3bamp%3bamp%3bamp%3bamp%3bamp%3bamp%3bamp%3bamp%3bamp%3bamp%3beid=ARCoxULa66767kIgF_KYav6VdjXTI4yk_LW4yoVO9s6NXpysgb7Cb65vpxcxgqzOAKvIbLQxaAETcqHT\" \/>\n<meta property=\"article:published_time\" content=\"2021-01-22T16:26:29+00:00\" \/>\n<meta property=\"article:modified_time\" content=\"2021-01-22T16:26:38+00:00\" \/>\n<meta property=\"og:image\" content=\"https:\/\/congovirtuel.com\/information\/wp-content\/uploads\/2021\/01\/willy_bakonga.jpg\" \/>\n\t<meta property=\"og:image:width\" content=\"799\" \/>\n\t<meta property=\"og:image:height\" content=\"480\" \/>\n\t<meta property=\"og:image:type\" content=\"image\/jpeg\" \/>\n<meta name=\"author\" content=\"infocongovirtuel\" \/>\n<meta name=\"twitter:card\" content=\"summary_large_image\" \/>\n<meta name=\"twitter:creator\" content=\"@congovirtuel\" \/>\n<meta name=\"twitter:site\" content=\"@congovirtuel\" \/>\n<meta name=\"twitter:label1\" content=\"\u00c9crit par\" \/>\n\t<meta name=\"twitter:data1\" content=\"infocongovirtuel\" \/>\n\t<meta name=\"twitter:label2\" content=\"Dur\u00e9e de lecture estim\u00e9e\" \/>\n\t<meta name=\"twitter:data2\" content=\"2 minutes\" \/>\n<script type=\"application\/ld+json\" class=\"yoast-schema-graph\">{\"@context\":\"https:\\\/\\\/schema.org\",\"@graph\":[{\"@type\":\"Article\",\"@id\":\"https:\\\/\\\/congovirtuel.com\\\/information\\\/rdc-educ-tv-le-conseil-detat-rehabilite-lancien-comite-de-gestion\\\/#article\",\"isPartOf\":{\"@id\":\"https:\\\/\\\/congovirtuel.com\\\/information\\\/rdc-educ-tv-le-conseil-detat-rehabilite-lancien-comite-de-gestion\\\/\"},\"author\":{\"name\":\"infocongovirtuel\",\"@id\":\"https:\\\/\\\/congovirtuel.com\\\/information\\\/#\\\/schema\\\/person\\\/739a44bf7990966cb53d58d2fdeca0b6\"},\"headline\":\"RDC, Educ-TV : le Conseil d\u2019Etat r\u00e9habilite l\u2019ancien comit\u00e9 de gestion\",\"datePublished\":\"2021-01-22T16:26:29+00:00\",\"dateModified\":\"2021-01-22T16:26:38+00:00\",\"mainEntityOfPage\":{\"@id\":\"https:\\\/\\\/congovirtuel.com\\\/information\\\/rdc-educ-tv-le-conseil-detat-rehabilite-lancien-comite-de-gestion\\\/\"},\"wordCount\":416,\"commentCount\":1,\"publisher\":{\"@id\":\"https:\\\/\\\/congovirtuel.com\\\/information\\\/#organization\"},\"image\":{\"@id\":\"https:\\\/\\\/congovirtuel.com\\\/information\\\/rdc-educ-tv-le-conseil-detat-rehabilite-lancien-comite-de-gestion\\\/#primaryimage\"},\"thumbnailUrl\":\"https:\\\/\\\/congovirtuel.com\\\/information\\\/wp-content\\\/uploads\\\/2021\\\/01\\\/willy_bakonga.jpg\",\"keywords\":[\"r\u00e9habilitation comit\u00e9 de gestion EDUC-TV\"],\"articleSection\":[\"M\u00e9dias\"],\"inLanguage\":\"fr-FR\",\"potentialAction\":[{\"@type\":\"CommentAction\",\"name\":\"Comment\",\"target\":[\"https:\\\/\\\/congovirtuel.com\\\/information\\\/rdc-educ-tv-le-conseil-detat-rehabilite-lancien-comite-de-gestion\\\/#respond\"]}]},{\"@type\":\"WebPage\",\"@id\":\"https:\\\/\\\/congovirtuel.com\\\/information\\\/rdc-educ-tv-le-conseil-detat-rehabilite-lancien-comite-de-gestion\\\/\",\"url\":\"https:\\\/\\\/congovirtuel.com\\\/information\\\/rdc-educ-tv-le-conseil-detat-rehabilite-lancien-comite-de-gestion\\\/\",\"name\":\"RDC, Educ-TV : le Conseil d\u2019Etat r\u00e9habilite l\u2019ancien comit\u00e9 de gestion - Actualit\u00e9s congolaises et internationales\",\"isPartOf\":{\"@id\":\"https:\\\/\\\/congovirtuel.com\\\/information\\\/#website\"},\"primaryImageOfPage\":{\"@id\":\"https:\\\/\\\/congovirtuel.com\\\/information\\\/rdc-educ-tv-le-conseil-detat-rehabilite-lancien-comite-de-gestion\\\/#primaryimage\"},\"image\":{\"@id\":\"https:\\\/\\\/congovirtuel.com\\\/information\\\/rdc-educ-tv-le-conseil-detat-rehabilite-lancien-comite-de-gestion\\\/#primaryimage\"},\"thumbnailUrl\":\"https:\\\/\\\/congovirtuel.com\\\/information\\\/wp-content\\\/uploads\\\/2021\\\/01\\\/willy_bakonga.jpg\",\"datePublished\":\"2021-01-22T16:26:29+00:00\",\"dateModified\":\"2021-01-22T16:26:38+00:00\",\"breadcrumb\":{\"@id\":\"https:\\\/\\\/congovirtuel.com\\\/information\\\/rdc-educ-tv-le-conseil-detat-rehabilite-lancien-comite-de-gestion\\\/#breadcrumb\"},\"inLanguage\":\"fr-FR\",\"potentialAction\":[{\"@type\":\"ReadAction\",\"target\":[\"https:\\\/\\\/congovirtuel.com\\\/information\\\/rdc-educ-tv-le-conseil-detat-rehabilite-lancien-comite-de-gestion\\\/\"]}]},{\"@type\":\"ImageObject\",\"inLanguage\":\"fr-FR\",\"@id\":\"https:\\\/\\\/congovirtuel.com\\\/information\\\/rdc-educ-tv-le-conseil-detat-rehabilite-lancien-comite-de-gestion\\\/#primaryimage\",\"url\":\"https:\\\/\\\/congovirtuel.com\\\/information\\\/wp-content\\\/uploads\\\/2021\\\/01\\\/willy_bakonga.jpg\",\"contentUrl\":\"https:\\\/\\\/congovirtuel.com\\\/information\\\/wp-content\\\/uploads\\\/2021\\\/01\\\/willy_bakonga.jpg\",\"width\":799,\"height\":480},{\"@type\":\"BreadcrumbList\",\"@id\":\"https:\\\/\\\/congovirtuel.com\\\/information\\\/rdc-educ-tv-le-conseil-detat-rehabilite-lancien-comite-de-gestion\\\/#breadcrumb\",\"itemListElement\":[{\"@type\":\"ListItem\",\"position\":1,\"name\":\"Accueil\",\"item\":\"https:\\\/\\\/congovirtuel.com\\\/information\\\/\"},{\"@type\":\"ListItem\",\"position\":2,\"name\":\"RDC, Educ-TV : le Conseil d\u2019Etat r\u00e9habilite l\u2019ancien comit\u00e9 de gestion\"}]},{\"@type\":\"WebSite\",\"@id\":\"https:\\\/\\\/congovirtuel.com\\\/information\\\/#website\",\"url\":\"https:\\\/\\\/congovirtuel.com\\\/information\\\/\",\"name\":\"Actualit\u00e9s congolaises et internationales\",\"description\":\"site d&#039;analyse et de traitement d&#039;information\",\"publisher\":{\"@id\":\"https:\\\/\\\/congovirtuel.com\\\/information\\\/#organization\"},\"potentialAction\":[{\"@type\":\"SearchAction\",\"target\":{\"@type\":\"EntryPoint\",\"urlTemplate\":\"https:\\\/\\\/congovirtuel.com\\\/information\\\/?s={search_term_string}\"},\"query-input\":{\"@type\":\"PropertyValueSpecification\",\"valueRequired\":true,\"valueName\":\"search_term_string\"}}],\"inLanguage\":\"fr-FR\"},{\"@type\":\"Organization\",\"@id\":\"https:\\\/\\\/congovirtuel.com\\\/information\\\/#organization\",\"name\":\"Biblioth\u00e8que Virtuelle de la RDC\",\"url\":\"https:\\\/\\\/congovirtuel.com\\\/information\\\/\",\"logo\":{\"@type\":\"ImageObject\",\"inLanguage\":\"fr-FR\",\"@id\":\"https:\\\/\\\/congovirtuel.com\\\/information\\\/#\\\/schema\\\/logo\\\/image\\\/\",\"url\":\"https:\\\/\\\/congovirtuel.com\\\/information\\\/wp-content\\\/uploads\\\/2018\\\/10\\\/header-info-congovirtuel-vraie.jpg\",\"contentUrl\":\"https:\\\/\\\/congovirtuel.com\\\/information\\\/wp-content\\\/uploads\\\/2018\\\/10\\\/header-info-congovirtuel-vraie.jpg\",\"width\":728,\"height\":90,\"caption\":\"Biblioth\u00e8que Virtuelle de la RDC\"},\"image\":{\"@id\":\"https:\\\/\\\/congovirtuel.com\\\/information\\\/#\\\/schema\\\/logo\\\/image\\\/\"},\"sameAs\":[\"https:\\\/\\\/web.facebook.com\\\/Congovirtuel-763617960319601\\\/?ref=aymt_homepage_panel&amp;amp;amp;amp;amp;amp;amp;amp;amp;amp;amp;eid=ARCoxULa66767kIgF_KYav6VdjXTI4yk_LW4yoVO9s6NXpysgb7Cb65vpxcxgqzOAKvIbLQxaAETcqHT\",\"https:\\\/\\\/x.com\\\/congovirtuel\",\"https:\\\/\\\/www.youtube.com\\\/channel\\\/UCkFfprYzGgS3EWNpeMXpToQ?view_as=subscriber\"]},{\"@type\":\"Person\",\"@id\":\"https:\\\/\\\/congovirtuel.com\\\/information\\\/#\\\/schema\\\/person\\\/739a44bf7990966cb53d58d2fdeca0b6\",\"name\":\"infocongovirtuel\",\"image\":{\"@type\":\"ImageObject\",\"inLanguage\":\"fr-FR\",\"@id\":\"https:\\\/\\\/secure.gravatar.com\\\/avatar\\\/4d76991aa72469f0eb22e772586c99113c6997f88da636a9db8f2ce3a2c05e69?s=96&d=mm&r=g\",\"url\":\"https:\\\/\\\/secure.gravatar.com\\\/avatar\\\/4d76991aa72469f0eb22e772586c99113c6997f88da636a9db8f2ce3a2c05e69?s=96&d=mm&r=g\",\"contentUrl\":\"https:\\\/\\\/secure.gravatar.com\\\/avatar\\\/4d76991aa72469f0eb22e772586c99113c6997f88da636a9db8f2ce3a2c05e69?s=96&d=mm&r=g\",\"caption\":\"infocongovirtuel\"},\"url\":\"https:\\\/\\\/congovirtuel.com\\\/information\\\/author\\\/infocongovirtuel\\\/\"}]}<\/script>\n<!-- \/ Yoast SEO plugin. -->","yoast_head_json":{"title":"RDC, Educ-TV : le Conseil d\u2019Etat r\u00e9habilite l\u2019ancien comit\u00e9 de gestion - Actualit\u00e9s congolaises et internationales","robots":{"index":"index","follow":"follow","max-snippet":"max-snippet:-1","max-image-preview":"max-image-preview:large","max-video-preview":"max-video-preview:-1"},"canonical":"https:\/\/congovirtuel.com\/information\/rdc-educ-tv-le-conseil-detat-rehabilite-lancien-comite-de-gestion\/","og_locale":"fr_FR","og_type":"article","og_title":"RDC, Educ-TV : le Conseil d\u2019Etat r\u00e9habilite l\u2019ancien comit\u00e9 de gestion - Actualit\u00e9s congolaises et internationales","og_description":"Le Conseil d\u2019Etat a suspendu, dans son Ordonnance du 4 septembre 2020, \u00ab les effets de l\u2019Arr\u00eat\u00e9 du ministre d\u2019Etat, ministre de l\u2019Enseignement primaire, secondaire et technique \u00bb du 19 d\u00e9cembre 2019. Cet Arr\u00eat\u00e9 portait sur la mise en place d\u2019un nouveau comit\u00e9 de gestion de la cha\u00eene de t\u00e9l\u00e9vision th\u00e9matique de l&rsquo;\u00e9ducation du minist\u00e8re de l&rsquo;Epst \u00ab\u00a0EDUC TV\u00a0\u00bb. Cette Ordonnance du Conseil d\u2019Etat notifi\u00e9e \u00e0 l\u2019accus\u00e9e- la R\u00e9publique- depuis le 9 d\u00e9cembre 2020 r\u00e9habilite les membres de l\u2019ancien comit\u00e9 de gestion, Dieudonn\u00e9 Mfisia, Guy Shungu et Floris Badisa, Mimie&hellip;","og_url":"https:\/\/congovirtuel.com\/information\/rdc-educ-tv-le-conseil-detat-rehabilite-lancien-comite-de-gestion\/","og_site_name":"Actualit\u00e9s congolaises et internationales","article_publisher":"https:\/\/web.facebook.com\/Congovirtuel-763617960319601\/?ref=aymt_homepage_panel&amp%3bamp%3bamp%3bamp%3bamp%3bamp%3bamp%3bamp%3bamp%3bamp%3bamp%3beid=ARCoxULa66767kIgF_KYav6VdjXTI4yk_LW4yoVO9s6NXpysgb7Cb65vpxcxgqzOAKvIbLQxaAETcqHT","article_published_time":"2021-01-22T16:26:29+00:00","article_modified_time":"2021-01-22T16:26:38+00:00","og_image":[{"width":799,"height":480,"url":"https:\/\/congovirtuel.com\/information\/wp-content\/uploads\/2021\/01\/willy_bakonga.jpg","type":"image\/jpeg"}],"author":"infocongovirtuel","twitter_card":"summary_large_image","twitter_creator":"@congovirtuel","twitter_site":"@congovirtuel","twitter_misc":{"\u00c9crit par":"infocongovirtuel","Dur\u00e9e de lecture estim\u00e9e":"2 minutes"},"schema":{"@context":"https:\/\/schema.org","@graph":[{"@type":"Article","@id":"https:\/\/congovirtuel.com\/information\/rdc-educ-tv-le-conseil-detat-rehabilite-lancien-comite-de-gestion\/#article","isPartOf":{"@id":"https:\/\/congovirtuel.com\/information\/rdc-educ-tv-le-conseil-detat-rehabilite-lancien-comite-de-gestion\/"},"author":{"name":"infocongovirtuel","@id":"https:\/\/congovirtuel.com\/information\/#\/schema\/person\/739a44bf7990966cb53d58d2fdeca0b6"},"headline":"RDC, Educ-TV : le Conseil d\u2019Etat r\u00e9habilite l\u2019ancien comit\u00e9 de gestion","datePublished":"2021-01-22T16:26:29+00:00","dateModified":"2021-01-22T16:26:38+00:00","mainEntityOfPage":{"@id":"https:\/\/congovirtuel.com\/information\/rdc-educ-tv-le-conseil-detat-rehabilite-lancien-comite-de-gestion\/"},"wordCount":416,"commentCount":1,"publisher":{"@id":"https:\/\/congovirtuel.com\/information\/#organization"},"image":{"@id":"https:\/\/congovirtuel.com\/information\/rdc-educ-tv-le-conseil-detat-rehabilite-lancien-comite-de-gestion\/#primaryimage"},"thumbnailUrl":"https:\/\/congovirtuel.com\/information\/wp-content\/uploads\/2021\/01\/willy_bakonga.jpg","keywords":["r\u00e9habilitation comit\u00e9 de gestion EDUC-TV"],"articleSection":["M\u00e9dias"],"inLanguage":"fr-FR","potentialAction":[{"@type":"CommentAction","name":"Comment","target":["https:\/\/congovirtuel.com\/information\/rdc-educ-tv-le-conseil-detat-rehabilite-lancien-comite-de-gestion\/#respond"]}]},{"@type":"WebPage","@id":"https:\/\/congovirtuel.com\/information\/rdc-educ-tv-le-conseil-detat-rehabilite-lancien-comite-de-gestion\/","url":"https:\/\/congovirtuel.com\/information\/rdc-educ-tv-le-conseil-detat-rehabilite-lancien-comite-de-gestion\/","name":"RDC, Educ-TV : le Conseil d\u2019Etat r\u00e9habilite l\u2019ancien comit\u00e9 de gestion - Actualit\u00e9s congolaises et internationales","isPartOf":{"@id":"https:\/\/congovirtuel.com\/information\/#website"},"primaryImageOfPage":{"@id":"https:\/\/congovirtuel.com\/information\/rdc-educ-tv-le-conseil-detat-rehabilite-lancien-comite-de-gestion\/#primaryimage"},"image":{"@id":"https:\/\/congovirtuel.com\/information\/rdc-educ-tv-le-conseil-detat-rehabilite-lancien-comite-de-gestion\/#primaryimage"},"thumbnailUrl":"https:\/\/congovirtuel.com\/information\/wp-content\/uploads\/2021\/01\/willy_bakonga.jpg","datePublished":"2021-01-22T16:26:29+00:00","dateModified":"2021-01-22T16:26:38+00:00","breadcrumb":{"@id":"https:\/\/congovirtuel.com\/information\/rdc-educ-tv-le-conseil-detat-rehabilite-lancien-comite-de-gestion\/#breadcrumb"},"inLanguage":"fr-FR","potentialAction":[{"@type":"ReadAction","target":["https:\/\/congovirtuel.com\/information\/rdc-educ-tv-le-conseil-detat-rehabilite-lancien-comite-de-gestion\/"]}]},{"@type":"ImageObject","inLanguage":"fr-FR","@id":"https:\/\/congovirtuel.com\/information\/rdc-educ-tv-le-conseil-detat-rehabilite-lancien-comite-de-gestion\/#primaryimage","url":"https:\/\/congovirtuel.com\/information\/wp-content\/uploads\/2021\/01\/willy_bakonga.jpg","contentUrl":"https:\/\/congovirtuel.com\/information\/wp-content\/uploads\/2021\/01\/willy_bakonga.jpg","width":799,"height":480},{"@type":"BreadcrumbList","@id":"https:\/\/congovirtuel.com\/information\/rdc-educ-tv-le-conseil-detat-rehabilite-lancien-comite-de-gestion\/#breadcrumb","itemListElement":[{"@type":"ListItem","position":1,"name":"Accueil","item":"https:\/\/congovirtuel.com\/information\/"},{"@type":"ListItem","position":2,"name":"RDC, Educ-TV : le Conseil d\u2019Etat r\u00e9habilite l\u2019ancien comit\u00e9 de gestion"}]},{"@type":"WebSite","@id":"https:\/\/congovirtuel.com\/information\/#website","url":"https:\/\/congovirtuel.com\/information\/","name":"Actualit\u00e9s congolaises et internationales","description":"site d&#039;analyse et de traitement d&#039;information","publisher":{"@id":"https:\/\/congovirtuel.com\/information\/#organization"},"potentialAction":[{"@type":"SearchAction","target":{"@type":"EntryPoint","urlTemplate":"https:\/\/congovirtuel.com\/information\/?s={search_term_string}"},"query-input":{"@type":"PropertyValueSpecification","valueRequired":true,"valueName":"search_term_string"}}],"inLanguage":"fr-FR"},{"@type":"Organization","@id":"https:\/\/congovirtuel.com\/information\/#organization","name":"Biblioth\u00e8que Virtuelle de la RDC","url":"https:\/\/congovirtuel.com\/information\/","logo":{"@type":"ImageObject","inLanguage":"fr-FR","@id":"https:\/\/congovirtuel.com\/information\/#\/schema\/logo\/image\/","url":"https:\/\/congovirtuel.com\/information\/wp-content\/uploads\/2018\/10\/header-info-congovirtuel-vraie.jpg","contentUrl":"https:\/\/congovirtuel.com\/information\/wp-content\/uploads\/2018\/10\/header-info-congovirtuel-vraie.jpg","width":728,"height":90,"caption":"Biblioth\u00e8que Virtuelle de la RDC"},"image":{"@id":"https:\/\/congovirtuel.com\/information\/#\/schema\/logo\/image\/"},"sameAs":["https:\/\/web.facebook.com\/Congovirtuel-763617960319601\/?ref=aymt_homepage_panel&amp;amp;amp;amp;amp;amp;amp;amp;amp;amp;amp;eid=ARCoxULa66767kIgF_KYav6VdjXTI4yk_LW4yoVO9s6NXpysgb7Cb65vpxcxgqzOAKvIbLQxaAETcqHT","https:\/\/x.com\/congovirtuel","https:\/\/www.youtube.com\/channel\/UCkFfprYzGgS3EWNpeMXpToQ?view_as=subscriber"]},{"@type":"Person","@id":"https:\/\/congovirtuel.com\/information\/#\/schema\/person\/739a44bf7990966cb53d58d2fdeca0b6","name":"infocongovirtuel","image":{"@type":"ImageObject","inLanguage":"fr-FR","@id":"https:\/\/secure.gravatar.com\/avatar\/4d76991aa72469f0eb22e772586c99113c6997f88da636a9db8f2ce3a2c05e69?s=96&d=mm&r=g","url":"https:\/\/secure.gravatar.com\/avatar\/4d76991aa72469f0eb22e772586c99113c6997f88da636a9db8f2ce3a2c05e69?s=96&d=mm&r=g","contentUrl":"https:\/\/secure.gravatar.com\/avatar\/4d76991aa72469f0eb22e772586c99113c6997f88da636a9db8f2ce3a2c05e69?s=96&d=mm&r=g","caption":"infocongovirtuel"},"url":"https:\/\/congovirtuel.com\/information\/author\/infocongovirtuel\/"}]}},"gt_translate_keys":[{"key":"link","format":"url"}],"_links":{"self":[{"href":"https:\/\/congovirtuel.com\/information\/wp-json\/wp\/v2\/posts\/5702","targetHints":{"allow":["GET"]}}],"collection":[{"href":"https:\/\/congovirtuel.com\/information\/wp-json\/wp\/v2\/posts"}],"about":[{"href":"https:\/\/congovirtuel.com\/information\/wp-json\/wp\/v2\/types\/post"}],"author":[{"embeddable":true,"href":"https:\/\/congovirtuel.com\/information\/wp-json\/wp\/v2\/users\/1"}],"replies":[{"embeddable":true,"href":"https:\/\/congovirtuel.com\/information\/wp-json\/wp\/v2\/comments?post=5702"}],"version-history":[{"count":1,"href":"https:\/\/congovirtuel.com\/information\/wp-json\/wp\/v2\/posts\/5702\/revisions"}],"predecessor-version":[{"id":5704,"href":"https:\/\/congovirtuel.com\/information\/wp-json\/wp\/v2\/posts\/5702\/revisions\/5704"}],"wp:featuredmedia":[{"embeddable":true,"href":"https:\/\/congovirtuel.com\/information\/wp-json\/wp\/v2\/media\/5703"}],"wp:attachment":[{"href":"https:\/\/congovirtuel.com\/information\/wp-json\/wp\/v2\/media?parent=5702"}],"wp:term":[{"taxonomy":"category","embeddable":true,"href":"https:\/\/congovirtuel.com\/information\/wp-json\/wp\/v2\/categories?post=5702"},{"taxonomy":"post_tag","embeddable":true,"href":"https:\/\/congovirtuel.com\/information\/wp-json\/wp\/v2\/tags?post=5702"}],"curies":[{"name":"wp","href":"https:\/\/api.w.org\/{rel}","templated":true}]}}