{"id":5771,"date":"2021-01-25T11:25:34","date_gmt":"2021-01-25T10:25:34","guid":{"rendered":"https:\/\/congovirtuel.com\/information\/?p=5771"},"modified":"2021-01-25T11:25:45","modified_gmt":"2021-01-25T10:25:45","slug":"mende-adhere-a-lunion-sacree-atundu-quitte-la-ccu-et-allies-et-reste-fidele-a-kabila","status":"publish","type":"post","link":"https:\/\/congovirtuel.com\/information\/mende-adhere-a-lunion-sacree-atundu-quitte-la-ccu-et-allies-et-reste-fidele-a-kabila\/","title":{"rendered":"Mende adh\u00e8re \u00e0 l&rsquo;Union sacr\u00e9e, Atundu quitte la \u00ab\u00a0CCU et Alli\u00e9s\u00a0\u00bb et reste fid\u00e8le \u00e0 Kabila","gt_translate_keys":[{"key":"rendered","format":"text"}]},"content":{"rendered":"\n<p class=\"wp-block-paragraph\">\u00a0Dans une d\u00e9claration lue par Andr\u00e9-Alain Atundu Liongo, dimanche 24 janvier 2021 \u00e0 Kinshasa, son parti ainsi que deux autres quittent le regroupement CCU et Alli\u00e9s. Ils accusent son autorit\u00e9 morale, Lambert Mende, d&rsquo;avoir adh\u00e9r\u00e9 \u00e0 l&rsquo;Union sacr\u00e9e et, par cons\u00e9quent, quitter le FCC.<\/p>\n\n\n\n<p class=\"wp-block-paragraph\">Pour les partis Convention pour la D\u00e9mocratie et la R\u00e9publique (CDR), le Parti F\u00e9d\u00e9ral Chr\u00e9tien (PFC) et l&rsquo;Union R\u00e9publicaine, ils ne peuvent pas s&rsquo;associer \u00e0 la d\u00e9cision de Lambert Mende d&rsquo;avoir adh\u00e9r\u00e9 \u00e0 l&rsquo;Union sacr\u00e9e de la Nation initi\u00e9e par le pr\u00e9sident de la R\u00e9publique, F\u00e9lix Tshisekedi. Le parti d&rsquo;Andr\u00e9-Alain Atundu ainsi que les deux autres jugent \u00ab\u00a0turbides et peu convaincantes\u00a0\u00bb les motivations ayant conduit \u00e0 l&rsquo;adh\u00e9sion de Lambert Mende dans l&rsquo;Union sacr\u00e9e de la Nation.&nbsp;<\/p>\n\n\n\n<p class=\"wp-block-paragraph\">Ce qui a suscit\u00e9 leur d\u00e9part du regroupement politique Convention des Congolais Unis et Alli\u00e9s (CCU-A) de Lambert Mende Omalanga.<\/p>\n\n\n\n<p class=\"wp-block-paragraph\">Et d&rsquo;office, ces formations politiques d\u00e9cident de rester dans le Front Commun pour le Congo (FCC). \u00ab\u00a0Nous, les partis politiques CDR, UR et PFC, membres du regroupement politique CCU et Alli\u00e9s, avons pris acte, ce mercredi 13 janvier 2021, de la d\u00e9cision de l&rsquo;honorable Lambert Mende Omalanga, lue par la circonstance par un porte-parole, de rallier l&rsquo;Union sacr\u00e9e de la Nation et partant de quitter le FCC. Ne pouvant nous associer \u00e0 cette d\u00e9cision, aux motivations turbides et peu convaincantes, nous avons d\u00e9cid\u00e9 de rester dans le FCC par loyaut\u00e9 et de quitter par cons\u00e9quent le regroupement CCU et Alli\u00e9s\u00a0\u00bb, note cette d\u00e9claration lue par Andre-Alain Atundu Liongo, pr\u00e9sident de la CDR.&nbsp;<\/p>\n\n\n\n<p class=\"wp-block-paragraph\">De ce fait, les partis CDR, PFC et UR ont cr\u00e9\u00e9 une plateforme d\u00e9nomm\u00e9e : \u00ab\u00a0Ligue des Patriotes\u00a0\u00bb pour, disent-ils, sauvegarder leur personnalit\u00e9 identitaire.&nbsp;<\/p>\n\n\n\n<p class=\"wp-block-paragraph\">Pour rappel, Lambert Mende, l&rsquo;\u00e9ternel ministre de Communication et m\u00e9dias sous Joseph Kabila a rejoint l&rsquo;Union sacr\u00e9e de F\u00e9lix Tshisekedi. Un ralliement qui a surpris plus d&rsquo;un, vu que l&rsquo;homme reste une des figures de proue du r\u00e9gime de l&rsquo;ex-pr\u00e9sident Joseph Kabila. Mais Lambert Mende nie toujours son d\u00e9part du FCC de Kabila. \u00ab\u00a0Je suis toujours membre du FCC\u00a0\u00bb, a-t-il plusieurs fois insist\u00e9 sur le plateau de T\u00e9l\u00e9 50, estimant qu&rsquo;il va convaincre ses pairs de la plateforme politique de Joseph Kabila afin qu&rsquo;ils rejoignent, eux aussi, l&rsquo;Union sacr\u00e9e de la Nation.&nbsp;<\/p>\n\n\n\n<p class=\"wp-block-paragraph\"><strong>Dido Nsapu<\/strong>\/Digital<\/p>\n","protected":false,"gt_translate_keys":[{"key":"rendered","format":"html"}]},"excerpt":{"rendered":"<p>\u00a0Dans une d\u00e9claration lue par Andr\u00e9-Alain Atundu Liongo, dimanche 24 janvier 2021 \u00e0 Kinshasa, son parti ainsi que deux autres quittent le regroupement CCU et Alli\u00e9s. Ils accusent son autorit\u00e9 morale, Lambert Mende, d&rsquo;avoir adh\u00e9r\u00e9 \u00e0 l&rsquo;Union sacr\u00e9e et, par cons\u00e9quent, quitter le FCC. Pour les partis Convention pour la D\u00e9mocratie et la R\u00e9publique (CDR), le Parti F\u00e9d\u00e9ral Chr\u00e9tien (PFC) et l&rsquo;Union R\u00e9publicaine, ils ne peuvent pas s&rsquo;associer \u00e0 la d\u00e9cision de Lambert Mende d&rsquo;avoir adh\u00e9r\u00e9 \u00e0 l&rsquo;Union sacr\u00e9e de la Nation initi\u00e9e par le pr\u00e9sident de la R\u00e9publique, F\u00e9lix&hellip;<\/p>\n","protected":false,"gt_translate_keys":[{"key":"rendered","format":"html"}]},"author":1,"featured_media":2313,"comment_status":"open","ping_status":"open","sticky":false,"template":"","format":"standard","meta":{"_crdt_document":"","footnotes":""},"categories":[4241],"tags":[4979,4495],"class_list":["post-5771","post","type-post","status-publish","format-standard","has-post-thumbnail","hentry","category-union-sacree","tag-atundu-fidele-a-kabila","tag-mende-adhere-union-sacree"],"gutentor_comment":0,"yoast_head":"<!-- This site is optimized with the Yoast SEO plugin v27.5 - https:\/\/yoast.com\/product\/yoast-seo-wordpress\/ -->\n<title>Mende adh\u00e8re \u00e0 l&#039;Union sacr\u00e9e, Atundu quitte la &quot;CCU et Alli\u00e9s&quot; et reste fid\u00e8le \u00e0 Kabila - Actualit\u00e9s congolaises et internationales<\/title>\n<meta name=\"robots\" content=\"index, follow, max-snippet:-1, max-image-preview:large, max-video-preview:-1\" \/>\n<link rel=\"canonical\" href=\"https:\/\/congovirtuel.com\/information\/mende-adhere-a-lunion-sacree-atundu-quitte-la-ccu-et-allies-et-reste-fidele-a-kabila\/\" \/>\n<meta property=\"og:locale\" content=\"fr_FR\" \/>\n<meta property=\"og:type\" content=\"article\" \/>\n<meta property=\"og:title\" content=\"Mende adh\u00e8re \u00e0 l&#039;Union sacr\u00e9e, Atundu quitte la &quot;CCU et Alli\u00e9s&quot; et reste fid\u00e8le \u00e0 Kabila - Actualit\u00e9s congolaises et internationales\" \/>\n<meta property=\"og:description\" content=\"\u00a0Dans une d\u00e9claration lue par Andr\u00e9-Alain Atundu Liongo, dimanche 24 janvier 2021 \u00e0 Kinshasa, son parti ainsi que deux autres quittent le regroupement CCU et Alli\u00e9s. Ils accusent son autorit\u00e9 morale, Lambert Mende, d&rsquo;avoir adh\u00e9r\u00e9 \u00e0 l&rsquo;Union sacr\u00e9e et, par cons\u00e9quent, quitter le FCC. Pour les partis Convention pour la D\u00e9mocratie et la R\u00e9publique (CDR), le Parti F\u00e9d\u00e9ral Chr\u00e9tien (PFC) et l&rsquo;Union R\u00e9publicaine, ils ne peuvent pas s&rsquo;associer \u00e0 la d\u00e9cision de Lambert Mende d&rsquo;avoir adh\u00e9r\u00e9 \u00e0 l&rsquo;Union sacr\u00e9e de la Nation initi\u00e9e par le pr\u00e9sident de la R\u00e9publique, F\u00e9lix&hellip;\" \/>\n<meta property=\"og:url\" content=\"https:\/\/congovirtuel.com\/information\/mende-adhere-a-lunion-sacree-atundu-quitte-la-ccu-et-allies-et-reste-fidele-a-kabila\/\" \/>\n<meta property=\"og:site_name\" content=\"Actualit\u00e9s congolaises et internationales\" \/>\n<meta property=\"article:publisher\" content=\"https:\/\/web.facebook.com\/Congovirtuel-763617960319601\/?ref=aymt_homepage_panel&amp;amp%3bamp%3bamp%3bamp%3bamp%3bamp%3bamp%3bamp%3bamp%3bamp%3bamp%3beid=ARCoxULa66767kIgF_KYav6VdjXTI4yk_LW4yoVO9s6NXpysgb7Cb65vpxcxgqzOAKvIbLQxaAETcqHT\" \/>\n<meta property=\"article:published_time\" content=\"2021-01-25T10:25:34+00:00\" \/>\n<meta property=\"article:modified_time\" content=\"2021-01-25T10:25:45+00:00\" \/>\n<meta property=\"og:image\" content=\"https:\/\/congovirtuel.com\/information\/wp-content\/uploads\/2020\/07\/alain_atundu.jpg\" \/>\n\t<meta property=\"og:image:width\" content=\"980\" \/>\n\t<meta property=\"og:image:height\" content=\"551\" \/>\n\t<meta property=\"og:image:type\" content=\"image\/jpeg\" \/>\n<meta name=\"author\" content=\"infocongovirtuel\" \/>\n<meta name=\"twitter:card\" content=\"summary_large_image\" \/>\n<meta name=\"twitter:creator\" content=\"@congovirtuel\" \/>\n<meta name=\"twitter:site\" content=\"@congovirtuel\" \/>\n<meta name=\"twitter:label1\" content=\"\u00c9crit par\" \/>\n\t<meta name=\"twitter:data1\" content=\"infocongovirtuel\" \/>\n\t<meta name=\"twitter:label2\" content=\"Dur\u00e9e de lecture estim\u00e9e\" \/>\n\t<meta name=\"twitter:data2\" content=\"2 minutes\" \/>\n<script type=\"application\/ld+json\" class=\"yoast-schema-graph\">{\"@context\":\"https:\\\/\\\/schema.org\",\"@graph\":[{\"@type\":\"Article\",\"@id\":\"https:\\\/\\\/congovirtuel.com\\\/information\\\/mende-adhere-a-lunion-sacree-atundu-quitte-la-ccu-et-allies-et-reste-fidele-a-kabila\\\/#article\",\"isPartOf\":{\"@id\":\"https:\\\/\\\/congovirtuel.com\\\/information\\\/mende-adhere-a-lunion-sacree-atundu-quitte-la-ccu-et-allies-et-reste-fidele-a-kabila\\\/\"},\"author\":{\"name\":\"infocongovirtuel\",\"@id\":\"https:\\\/\\\/congovirtuel.com\\\/information\\\/#\\\/schema\\\/person\\\/739a44bf7990966cb53d58d2fdeca0b6\"},\"headline\":\"Mende adh\u00e8re \u00e0 l&rsquo;Union sacr\u00e9e, Atundu quitte la \u00ab\u00a0CCU et Alli\u00e9s\u00a0\u00bb et reste fid\u00e8le \u00e0 Kabila\",\"datePublished\":\"2021-01-25T10:25:34+00:00\",\"dateModified\":\"2021-01-25T10:25:45+00:00\",\"mainEntityOfPage\":{\"@id\":\"https:\\\/\\\/congovirtuel.com\\\/information\\\/mende-adhere-a-lunion-sacree-atundu-quitte-la-ccu-et-allies-et-reste-fidele-a-kabila\\\/\"},\"wordCount\":446,\"commentCount\":0,\"publisher\":{\"@id\":\"https:\\\/\\\/congovirtuel.com\\\/information\\\/#organization\"},\"image\":{\"@id\":\"https:\\\/\\\/congovirtuel.com\\\/information\\\/mende-adhere-a-lunion-sacree-atundu-quitte-la-ccu-et-allies-et-reste-fidele-a-kabila\\\/#primaryimage\"},\"thumbnailUrl\":\"https:\\\/\\\/congovirtuel.com\\\/information\\\/wp-content\\\/uploads\\\/2020\\\/07\\\/alain_atundu.jpg\",\"keywords\":[\"Atundu fid\u00e8le \u00e0 Kabila\",\"mende adh\u00e8re union sacr\u00e9e\"],\"articleSection\":[\"Union sacr\u00e9e\"],\"inLanguage\":\"fr-FR\",\"potentialAction\":[{\"@type\":\"CommentAction\",\"name\":\"Comment\",\"target\":[\"https:\\\/\\\/congovirtuel.com\\\/information\\\/mende-adhere-a-lunion-sacree-atundu-quitte-la-ccu-et-allies-et-reste-fidele-a-kabila\\\/#respond\"]}]},{\"@type\":\"WebPage\",\"@id\":\"https:\\\/\\\/congovirtuel.com\\\/information\\\/mende-adhere-a-lunion-sacree-atundu-quitte-la-ccu-et-allies-et-reste-fidele-a-kabila\\\/\",\"url\":\"https:\\\/\\\/congovirtuel.com\\\/information\\\/mende-adhere-a-lunion-sacree-atundu-quitte-la-ccu-et-allies-et-reste-fidele-a-kabila\\\/\",\"name\":\"Mende adh\u00e8re \u00e0 l'Union sacr\u00e9e, Atundu quitte la \\\"CCU et Alli\u00e9s\\\" et reste fid\u00e8le \u00e0 Kabila - Actualit\u00e9s congolaises et internationales\",\"isPartOf\":{\"@id\":\"https:\\\/\\\/congovirtuel.com\\\/information\\\/#website\"},\"primaryImageOfPage\":{\"@id\":\"https:\\\/\\\/congovirtuel.com\\\/information\\\/mende-adhere-a-lunion-sacree-atundu-quitte-la-ccu-et-allies-et-reste-fidele-a-kabila\\\/#primaryimage\"},\"image\":{\"@id\":\"https:\\\/\\\/congovirtuel.com\\\/information\\\/mende-adhere-a-lunion-sacree-atundu-quitte-la-ccu-et-allies-et-reste-fidele-a-kabila\\\/#primaryimage\"},\"thumbnailUrl\":\"https:\\\/\\\/congovirtuel.com\\\/information\\\/wp-content\\\/uploads\\\/2020\\\/07\\\/alain_atundu.jpg\",\"datePublished\":\"2021-01-25T10:25:34+00:00\",\"dateModified\":\"2021-01-25T10:25:45+00:00\",\"breadcrumb\":{\"@id\":\"https:\\\/\\\/congovirtuel.com\\\/information\\\/mende-adhere-a-lunion-sacree-atundu-quitte-la-ccu-et-allies-et-reste-fidele-a-kabila\\\/#breadcrumb\"},\"inLanguage\":\"fr-FR\",\"potentialAction\":[{\"@type\":\"ReadAction\",\"target\":[\"https:\\\/\\\/congovirtuel.com\\\/information\\\/mende-adhere-a-lunion-sacree-atundu-quitte-la-ccu-et-allies-et-reste-fidele-a-kabila\\\/\"]}]},{\"@type\":\"ImageObject\",\"inLanguage\":\"fr-FR\",\"@id\":\"https:\\\/\\\/congovirtuel.com\\\/information\\\/mende-adhere-a-lunion-sacree-atundu-quitte-la-ccu-et-allies-et-reste-fidele-a-kabila\\\/#primaryimage\",\"url\":\"https:\\\/\\\/congovirtuel.com\\\/information\\\/wp-content\\\/uploads\\\/2020\\\/07\\\/alain_atundu.jpg\",\"contentUrl\":\"https:\\\/\\\/congovirtuel.com\\\/information\\\/wp-content\\\/uploads\\\/2020\\\/07\\\/alain_atundu.jpg\",\"width\":980,\"height\":551,\"caption\":\"alain atundu\"},{\"@type\":\"BreadcrumbList\",\"@id\":\"https:\\\/\\\/congovirtuel.com\\\/information\\\/mende-adhere-a-lunion-sacree-atundu-quitte-la-ccu-et-allies-et-reste-fidele-a-kabila\\\/#breadcrumb\",\"itemListElement\":[{\"@type\":\"ListItem\",\"position\":1,\"name\":\"Accueil\",\"item\":\"https:\\\/\\\/congovirtuel.com\\\/information\\\/\"},{\"@type\":\"ListItem\",\"position\":2,\"name\":\"Mende adh\u00e8re \u00e0 l&rsquo;Union sacr\u00e9e, Atundu quitte la \u00ab\u00a0CCU et Alli\u00e9s\u00a0\u00bb et reste fid\u00e8le \u00e0 Kabila\"}]},{\"@type\":\"WebSite\",\"@id\":\"https:\\\/\\\/congovirtuel.com\\\/information\\\/#website\",\"url\":\"https:\\\/\\\/congovirtuel.com\\\/information\\\/\",\"name\":\"Actualit\u00e9s congolaises et internationales\",\"description\":\"site d&#039;analyse et de traitement d&#039;information\",\"publisher\":{\"@id\":\"https:\\\/\\\/congovirtuel.com\\\/information\\\/#organization\"},\"potentialAction\":[{\"@type\":\"SearchAction\",\"target\":{\"@type\":\"EntryPoint\",\"urlTemplate\":\"https:\\\/\\\/congovirtuel.com\\\/information\\\/?s={search_term_string}\"},\"query-input\":{\"@type\":\"PropertyValueSpecification\",\"valueRequired\":true,\"valueName\":\"search_term_string\"}}],\"inLanguage\":\"fr-FR\"},{\"@type\":\"Organization\",\"@id\":\"https:\\\/\\\/congovirtuel.com\\\/information\\\/#organization\",\"name\":\"Biblioth\u00e8que Virtuelle de la RDC\",\"url\":\"https:\\\/\\\/congovirtuel.com\\\/information\\\/\",\"logo\":{\"@type\":\"ImageObject\",\"inLanguage\":\"fr-FR\",\"@id\":\"https:\\\/\\\/congovirtuel.com\\\/information\\\/#\\\/schema\\\/logo\\\/image\\\/\",\"url\":\"https:\\\/\\\/congovirtuel.com\\\/information\\\/wp-content\\\/uploads\\\/2018\\\/10\\\/header-info-congovirtuel-vraie.jpg\",\"contentUrl\":\"https:\\\/\\\/congovirtuel.com\\\/information\\\/wp-content\\\/uploads\\\/2018\\\/10\\\/header-info-congovirtuel-vraie.jpg\",\"width\":728,\"height\":90,\"caption\":\"Biblioth\u00e8que Virtuelle de la RDC\"},\"image\":{\"@id\":\"https:\\\/\\\/congovirtuel.com\\\/information\\\/#\\\/schema\\\/logo\\\/image\\\/\"},\"sameAs\":[\"https:\\\/\\\/web.facebook.com\\\/Congovirtuel-763617960319601\\\/?ref=aymt_homepage_panel&amp;amp;amp;amp;amp;amp;amp;amp;amp;amp;amp;eid=ARCoxULa66767kIgF_KYav6VdjXTI4yk_LW4yoVO9s6NXpysgb7Cb65vpxcxgqzOAKvIbLQxaAETcqHT\",\"https:\\\/\\\/x.com\\\/congovirtuel\",\"https:\\\/\\\/www.youtube.com\\\/channel\\\/UCkFfprYzGgS3EWNpeMXpToQ?view_as=subscriber\"]},{\"@type\":\"Person\",\"@id\":\"https:\\\/\\\/congovirtuel.com\\\/information\\\/#\\\/schema\\\/person\\\/739a44bf7990966cb53d58d2fdeca0b6\",\"name\":\"infocongovirtuel\",\"image\":{\"@type\":\"ImageObject\",\"inLanguage\":\"fr-FR\",\"@id\":\"https:\\\/\\\/secure.gravatar.com\\\/avatar\\\/4d76991aa72469f0eb22e772586c99113c6997f88da636a9db8f2ce3a2c05e69?s=96&d=mm&r=g\",\"url\":\"https:\\\/\\\/secure.gravatar.com\\\/avatar\\\/4d76991aa72469f0eb22e772586c99113c6997f88da636a9db8f2ce3a2c05e69?s=96&d=mm&r=g\",\"contentUrl\":\"https:\\\/\\\/secure.gravatar.com\\\/avatar\\\/4d76991aa72469f0eb22e772586c99113c6997f88da636a9db8f2ce3a2c05e69?s=96&d=mm&r=g\",\"caption\":\"infocongovirtuel\"},\"url\":\"https:\\\/\\\/congovirtuel.com\\\/information\\\/author\\\/infocongovirtuel\\\/\"}]}<\/script>\n<!-- \/ Yoast SEO plugin. -->","yoast_head_json":{"title":"Mende adh\u00e8re \u00e0 l'Union sacr\u00e9e, Atundu quitte la \"CCU et Alli\u00e9s\" et reste fid\u00e8le \u00e0 Kabila - Actualit\u00e9s congolaises et internationales","robots":{"index":"index","follow":"follow","max-snippet":"max-snippet:-1","max-image-preview":"max-image-preview:large","max-video-preview":"max-video-preview:-1"},"canonical":"https:\/\/congovirtuel.com\/information\/mende-adhere-a-lunion-sacree-atundu-quitte-la-ccu-et-allies-et-reste-fidele-a-kabila\/","og_locale":"fr_FR","og_type":"article","og_title":"Mende adh\u00e8re \u00e0 l'Union sacr\u00e9e, Atundu quitte la \"CCU et Alli\u00e9s\" et reste fid\u00e8le \u00e0 Kabila - Actualit\u00e9s congolaises et internationales","og_description":"\u00a0Dans une d\u00e9claration lue par Andr\u00e9-Alain Atundu Liongo, dimanche 24 janvier 2021 \u00e0 Kinshasa, son parti ainsi que deux autres quittent le regroupement CCU et Alli\u00e9s. Ils accusent son autorit\u00e9 morale, Lambert Mende, d&rsquo;avoir adh\u00e9r\u00e9 \u00e0 l&rsquo;Union sacr\u00e9e et, par cons\u00e9quent, quitter le FCC. Pour les partis Convention pour la D\u00e9mocratie et la R\u00e9publique (CDR), le Parti F\u00e9d\u00e9ral Chr\u00e9tien (PFC) et l&rsquo;Union R\u00e9publicaine, ils ne peuvent pas s&rsquo;associer \u00e0 la d\u00e9cision de Lambert Mende d&rsquo;avoir adh\u00e9r\u00e9 \u00e0 l&rsquo;Union sacr\u00e9e de la Nation initi\u00e9e par le pr\u00e9sident de la R\u00e9publique, F\u00e9lix&hellip;","og_url":"https:\/\/congovirtuel.com\/information\/mende-adhere-a-lunion-sacree-atundu-quitte-la-ccu-et-allies-et-reste-fidele-a-kabila\/","og_site_name":"Actualit\u00e9s congolaises et internationales","article_publisher":"https:\/\/web.facebook.com\/Congovirtuel-763617960319601\/?ref=aymt_homepage_panel&amp%3bamp%3bamp%3bamp%3bamp%3bamp%3bamp%3bamp%3bamp%3bamp%3bamp%3beid=ARCoxULa66767kIgF_KYav6VdjXTI4yk_LW4yoVO9s6NXpysgb7Cb65vpxcxgqzOAKvIbLQxaAETcqHT","article_published_time":"2021-01-25T10:25:34+00:00","article_modified_time":"2021-01-25T10:25:45+00:00","og_image":[{"width":980,"height":551,"url":"https:\/\/congovirtuel.com\/information\/wp-content\/uploads\/2020\/07\/alain_atundu.jpg","type":"image\/jpeg"}],"author":"infocongovirtuel","twitter_card":"summary_large_image","twitter_creator":"@congovirtuel","twitter_site":"@congovirtuel","twitter_misc":{"\u00c9crit par":"infocongovirtuel","Dur\u00e9e de lecture estim\u00e9e":"2 minutes"},"schema":{"@context":"https:\/\/schema.org","@graph":[{"@type":"Article","@id":"https:\/\/congovirtuel.com\/information\/mende-adhere-a-lunion-sacree-atundu-quitte-la-ccu-et-allies-et-reste-fidele-a-kabila\/#article","isPartOf":{"@id":"https:\/\/congovirtuel.com\/information\/mende-adhere-a-lunion-sacree-atundu-quitte-la-ccu-et-allies-et-reste-fidele-a-kabila\/"},"author":{"name":"infocongovirtuel","@id":"https:\/\/congovirtuel.com\/information\/#\/schema\/person\/739a44bf7990966cb53d58d2fdeca0b6"},"headline":"Mende adh\u00e8re \u00e0 l&rsquo;Union sacr\u00e9e, Atundu quitte la \u00ab\u00a0CCU et Alli\u00e9s\u00a0\u00bb et reste fid\u00e8le \u00e0 Kabila","datePublished":"2021-01-25T10:25:34+00:00","dateModified":"2021-01-25T10:25:45+00:00","mainEntityOfPage":{"@id":"https:\/\/congovirtuel.com\/information\/mende-adhere-a-lunion-sacree-atundu-quitte-la-ccu-et-allies-et-reste-fidele-a-kabila\/"},"wordCount":446,"commentCount":0,"publisher":{"@id":"https:\/\/congovirtuel.com\/information\/#organization"},"image":{"@id":"https:\/\/congovirtuel.com\/information\/mende-adhere-a-lunion-sacree-atundu-quitte-la-ccu-et-allies-et-reste-fidele-a-kabila\/#primaryimage"},"thumbnailUrl":"https:\/\/congovirtuel.com\/information\/wp-content\/uploads\/2020\/07\/alain_atundu.jpg","keywords":["Atundu fid\u00e8le \u00e0 Kabila","mende adh\u00e8re union sacr\u00e9e"],"articleSection":["Union sacr\u00e9e"],"inLanguage":"fr-FR","potentialAction":[{"@type":"CommentAction","name":"Comment","target":["https:\/\/congovirtuel.com\/information\/mende-adhere-a-lunion-sacree-atundu-quitte-la-ccu-et-allies-et-reste-fidele-a-kabila\/#respond"]}]},{"@type":"WebPage","@id":"https:\/\/congovirtuel.com\/information\/mende-adhere-a-lunion-sacree-atundu-quitte-la-ccu-et-allies-et-reste-fidele-a-kabila\/","url":"https:\/\/congovirtuel.com\/information\/mende-adhere-a-lunion-sacree-atundu-quitte-la-ccu-et-allies-et-reste-fidele-a-kabila\/","name":"Mende adh\u00e8re \u00e0 l'Union sacr\u00e9e, Atundu quitte la \"CCU et Alli\u00e9s\" et reste fid\u00e8le \u00e0 Kabila - Actualit\u00e9s congolaises et internationales","isPartOf":{"@id":"https:\/\/congovirtuel.com\/information\/#website"},"primaryImageOfPage":{"@id":"https:\/\/congovirtuel.com\/information\/mende-adhere-a-lunion-sacree-atundu-quitte-la-ccu-et-allies-et-reste-fidele-a-kabila\/#primaryimage"},"image":{"@id":"https:\/\/congovirtuel.com\/information\/mende-adhere-a-lunion-sacree-atundu-quitte-la-ccu-et-allies-et-reste-fidele-a-kabila\/#primaryimage"},"thumbnailUrl":"https:\/\/congovirtuel.com\/information\/wp-content\/uploads\/2020\/07\/alain_atundu.jpg","datePublished":"2021-01-25T10:25:34+00:00","dateModified":"2021-01-25T10:25:45+00:00","breadcrumb":{"@id":"https:\/\/congovirtuel.com\/information\/mende-adhere-a-lunion-sacree-atundu-quitte-la-ccu-et-allies-et-reste-fidele-a-kabila\/#breadcrumb"},"inLanguage":"fr-FR","potentialAction":[{"@type":"ReadAction","target":["https:\/\/congovirtuel.com\/information\/mende-adhere-a-lunion-sacree-atundu-quitte-la-ccu-et-allies-et-reste-fidele-a-kabila\/"]}]},{"@type":"ImageObject","inLanguage":"fr-FR","@id":"https:\/\/congovirtuel.com\/information\/mende-adhere-a-lunion-sacree-atundu-quitte-la-ccu-et-allies-et-reste-fidele-a-kabila\/#primaryimage","url":"https:\/\/congovirtuel.com\/information\/wp-content\/uploads\/2020\/07\/alain_atundu.jpg","contentUrl":"https:\/\/congovirtuel.com\/information\/wp-content\/uploads\/2020\/07\/alain_atundu.jpg","width":980,"height":551,"caption":"alain atundu"},{"@type":"BreadcrumbList","@id":"https:\/\/congovirtuel.com\/information\/mende-adhere-a-lunion-sacree-atundu-quitte-la-ccu-et-allies-et-reste-fidele-a-kabila\/#breadcrumb","itemListElement":[{"@type":"ListItem","position":1,"name":"Accueil","item":"https:\/\/congovirtuel.com\/information\/"},{"@type":"ListItem","position":2,"name":"Mende adh\u00e8re \u00e0 l&rsquo;Union sacr\u00e9e, Atundu quitte la \u00ab\u00a0CCU et Alli\u00e9s\u00a0\u00bb et reste fid\u00e8le \u00e0 Kabila"}]},{"@type":"WebSite","@id":"https:\/\/congovirtuel.com\/information\/#website","url":"https:\/\/congovirtuel.com\/information\/","name":"Actualit\u00e9s congolaises et internationales","description":"site d&#039;analyse et de traitement d&#039;information","publisher":{"@id":"https:\/\/congovirtuel.com\/information\/#organization"},"potentialAction":[{"@type":"SearchAction","target":{"@type":"EntryPoint","urlTemplate":"https:\/\/congovirtuel.com\/information\/?s={search_term_string}"},"query-input":{"@type":"PropertyValueSpecification","valueRequired":true,"valueName":"search_term_string"}}],"inLanguage":"fr-FR"},{"@type":"Organization","@id":"https:\/\/congovirtuel.com\/information\/#organization","name":"Biblioth\u00e8que Virtuelle de la RDC","url":"https:\/\/congovirtuel.com\/information\/","logo":{"@type":"ImageObject","inLanguage":"fr-FR","@id":"https:\/\/congovirtuel.com\/information\/#\/schema\/logo\/image\/","url":"https:\/\/congovirtuel.com\/information\/wp-content\/uploads\/2018\/10\/header-info-congovirtuel-vraie.jpg","contentUrl":"https:\/\/congovirtuel.com\/information\/wp-content\/uploads\/2018\/10\/header-info-congovirtuel-vraie.jpg","width":728,"height":90,"caption":"Biblioth\u00e8que Virtuelle de la RDC"},"image":{"@id":"https:\/\/congovirtuel.com\/information\/#\/schema\/logo\/image\/"},"sameAs":["https:\/\/web.facebook.com\/Congovirtuel-763617960319601\/?ref=aymt_homepage_panel&amp;amp;amp;amp;amp;amp;amp;amp;amp;amp;amp;eid=ARCoxULa66767kIgF_KYav6VdjXTI4yk_LW4yoVO9s6NXpysgb7Cb65vpxcxgqzOAKvIbLQxaAETcqHT","https:\/\/x.com\/congovirtuel","https:\/\/www.youtube.com\/channel\/UCkFfprYzGgS3EWNpeMXpToQ?view_as=subscriber"]},{"@type":"Person","@id":"https:\/\/congovirtuel.com\/information\/#\/schema\/person\/739a44bf7990966cb53d58d2fdeca0b6","name":"infocongovirtuel","image":{"@type":"ImageObject","inLanguage":"fr-FR","@id":"https:\/\/secure.gravatar.com\/avatar\/4d76991aa72469f0eb22e772586c99113c6997f88da636a9db8f2ce3a2c05e69?s=96&d=mm&r=g","url":"https:\/\/secure.gravatar.com\/avatar\/4d76991aa72469f0eb22e772586c99113c6997f88da636a9db8f2ce3a2c05e69?s=96&d=mm&r=g","contentUrl":"https:\/\/secure.gravatar.com\/avatar\/4d76991aa72469f0eb22e772586c99113c6997f88da636a9db8f2ce3a2c05e69?s=96&d=mm&r=g","caption":"infocongovirtuel"},"url":"https:\/\/congovirtuel.com\/information\/author\/infocongovirtuel\/"}]}},"gt_translate_keys":[{"key":"link","format":"url"}],"_links":{"self":[{"href":"https:\/\/congovirtuel.com\/information\/wp-json\/wp\/v2\/posts\/5771","targetHints":{"allow":["GET"]}}],"collection":[{"href":"https:\/\/congovirtuel.com\/information\/wp-json\/wp\/v2\/posts"}],"about":[{"href":"https:\/\/congovirtuel.com\/information\/wp-json\/wp\/v2\/types\/post"}],"author":[{"embeddable":true,"href":"https:\/\/congovirtuel.com\/information\/wp-json\/wp\/v2\/users\/1"}],"replies":[{"embeddable":true,"href":"https:\/\/congovirtuel.com\/information\/wp-json\/wp\/v2\/comments?post=5771"}],"version-history":[{"count":1,"href":"https:\/\/congovirtuel.com\/information\/wp-json\/wp\/v2\/posts\/5771\/revisions"}],"predecessor-version":[{"id":5772,"href":"https:\/\/congovirtuel.com\/information\/wp-json\/wp\/v2\/posts\/5771\/revisions\/5772"}],"wp:featuredmedia":[{"embeddable":true,"href":"https:\/\/congovirtuel.com\/information\/wp-json\/wp\/v2\/media\/2313"}],"wp:attachment":[{"href":"https:\/\/congovirtuel.com\/information\/wp-json\/wp\/v2\/media?parent=5771"}],"wp:term":[{"taxonomy":"category","embeddable":true,"href":"https:\/\/congovirtuel.com\/information\/wp-json\/wp\/v2\/categories?post=5771"},{"taxonomy":"post_tag","embeddable":true,"href":"https:\/\/congovirtuel.com\/information\/wp-json\/wp\/v2\/tags?post=5771"}],"curies":[{"name":"wp","href":"https:\/\/api.w.org\/{rel}","templated":true}]}}