{"id":5919,"date":"2021-01-29T17:52:56","date_gmt":"2021-01-29T16:52:56","guid":{"rendered":"https:\/\/congovirtuel.com\/information\/?p=5919"},"modified":"2021-01-29T17:52:56","modified_gmt":"2021-01-29T16:52:56","slug":"diary-sow-est-rentree-au-senegal","status":"publish","type":"post","link":"https:\/\/congovirtuel.com\/information\/diary-sow-est-rentree-au-senegal\/","title":{"rendered":"DIARY SOW EST RENTR\u00c9E AU S\u00c9N\u00c9GAL","gt_translate_keys":[{"key":"rendered","format":"text"}]},"content":{"rendered":"\n<p class=\"wp-block-paragraph\">L\u2019\u00e9tudiante s\u00e9n\u00e9galaise Diary Sow, disparue \u00e0 Paris le 4 janvier, est rentr\u00e9e dans son pays, chez son parrain, a indiqu\u00e9 la presse locale.<\/p>\n\n\n\n<p class=\"wp-block-paragraph\">Ce dernier s\u2019\u00e9tait d\u2019ailleurs rendu dans la capitale fran\u00e7aise la semaine derni\u00e8re, apr\u00e8s que la jeune fille a redonn\u00e9 signe de vie,&nbsp;<a href=\"https:\/\/www.cnews.fr\/france\/2021-01-22\/disparition-letudiante-senegalaise-diary-sow-dit-faire-une-pause-pour-retrouver\" target=\"_blank\" rel=\"noreferrer noopener\">indiquant<\/a>&nbsp;qu\u2019elle avait besoin \u00abd\u2019une petite pause pour retrouver (ses) esprits\u00bb.<\/p>\n\n\n\n<p class=\"wp-block-paragraph\">Inscrite en classe pr\u00e9paratoire au prestigieux lyc\u00e9e parisien Louis-Le-Grand, l\u2019\u00e9tudiante de 20 ans ne s\u2019\u00e9tait pas pr\u00e9sent\u00e9e \u00e0 la reprise des cours le 4 janvier. Une enqu\u00eate avait d&rsquo;abord \u00e9t\u00e9 ouverte en France pour disparition \u00abinqui\u00e9tante\u00bb, avant que la th\u00e8se du d\u00e9part volontaire soit privil\u00e9gi\u00e9e.<\/p>\n\n\n\n<p class=\"wp-block-paragraph\">Sa disparition avait ensuite \u00e9t\u00e9 signal\u00e9e le 7 janvier et les milieux \u00e9tudiants s\u00e9n\u00e9galais s\u2019\u00e9taient mobilis\u00e9s pour la retrouver, sur instructions directes du pr\u00e9sident Macky Sall, a indiqu\u00e9 l\u2019ambassade du S\u00e9n\u00e9gal en France.<\/p>\n\n\n\n<p class=\"wp-block-paragraph\">Diary Sow a \u00e9t\u00e9 d\u00e9sign\u00e9e meilleure \u00e9l\u00e8ve du S\u00e9n\u00e9gal en 2018 et 2019. Elle a \u00e9galement publi\u00e9 un roman dans son pays, dont l\u2019un des personnages disparaissait \u00e9galement. Le consulat du S\u00e9n\u00e9gal \u00e0 Paris avait confirm\u00e9 en d\u00e9but de semaine qu&rsquo;elle \u00e9tait saine et sauve. Une source gouvernementale \u00e0 Dakar a indiqu\u00e9 \u00e0 l\u2019AFP que l\u2019affaire ne les regardait d\u00e9sormais plus.<\/p>\n\n\n\n<p class=\"wp-block-paragraph\"><strong>CNEWS<\/strong><\/p>\n","protected":false,"gt_translate_keys":[{"key":"rendered","format":"html"}]},"excerpt":{"rendered":"<p>L\u2019\u00e9tudiante s\u00e9n\u00e9galaise Diary Sow, disparue \u00e0 Paris le 4 janvier, est rentr\u00e9e dans son pays, chez son parrain, a indiqu\u00e9 la presse locale. Ce dernier s\u2019\u00e9tait d\u2019ailleurs rendu dans la capitale fran\u00e7aise la semaine derni\u00e8re, apr\u00e8s que la jeune fille a redonn\u00e9 signe de vie,&nbsp;indiquant&nbsp;qu\u2019elle avait besoin \u00abd\u2019une petite pause pour retrouver (ses) esprits\u00bb. Inscrite en classe pr\u00e9paratoire au prestigieux lyc\u00e9e parisien Louis-Le-Grand, l\u2019\u00e9tudiante de 20 ans ne s\u2019\u00e9tait pas pr\u00e9sent\u00e9e \u00e0 la reprise des cours le 4 janvier. Une enqu\u00eate avait d&rsquo;abord \u00e9t\u00e9 ouverte en France pour disparition \u00abinqui\u00e9tante\u00bb,&hellip;<\/p>\n","protected":false,"gt_translate_keys":[{"key":"rendered","format":"html"}]},"author":1,"featured_media":5572,"comment_status":"open","ping_status":"open","sticky":false,"template":"","format":"standard","meta":{"_crdt_document":"","footnotes":""},"categories":[1762],"tags":[5102],"class_list":["post-5919","post","type-post","status-publish","format-standard","has-post-thumbnail","hentry","category-france","tag-diary-sow-est-rentree-au-senegal"],"gutentor_comment":0,"yoast_head":"<!-- This site is optimized with the Yoast SEO plugin v27.5 - https:\/\/yoast.com\/product\/yoast-seo-wordpress\/ -->\n<title>DIARY SOW EST RENTR\u00c9E AU S\u00c9N\u00c9GAL - Actualit\u00e9s congolaises et internationales<\/title>\n<meta name=\"robots\" content=\"index, follow, max-snippet:-1, max-image-preview:large, max-video-preview:-1\" \/>\n<link rel=\"canonical\" href=\"https:\/\/congovirtuel.com\/information\/diary-sow-est-rentree-au-senegal\/\" \/>\n<meta property=\"og:locale\" content=\"fr_FR\" \/>\n<meta property=\"og:type\" content=\"article\" \/>\n<meta property=\"og:title\" content=\"DIARY SOW EST RENTR\u00c9E AU S\u00c9N\u00c9GAL - Actualit\u00e9s congolaises et internationales\" \/>\n<meta property=\"og:description\" content=\"L\u2019\u00e9tudiante s\u00e9n\u00e9galaise Diary Sow, disparue \u00e0 Paris le 4 janvier, est rentr\u00e9e dans son pays, chez son parrain, a indiqu\u00e9 la presse locale. Ce dernier s\u2019\u00e9tait d\u2019ailleurs rendu dans la capitale fran\u00e7aise la semaine derni\u00e8re, apr\u00e8s que la jeune fille a redonn\u00e9 signe de vie,&nbsp;indiquant&nbsp;qu\u2019elle avait besoin \u00abd\u2019une petite pause pour retrouver (ses) esprits\u00bb. Inscrite en classe pr\u00e9paratoire au prestigieux lyc\u00e9e parisien Louis-Le-Grand, l\u2019\u00e9tudiante de 20 ans ne s\u2019\u00e9tait pas pr\u00e9sent\u00e9e \u00e0 la reprise des cours le 4 janvier. Une enqu\u00eate avait d&rsquo;abord \u00e9t\u00e9 ouverte en France pour disparition \u00abinqui\u00e9tante\u00bb,&hellip;\" \/>\n<meta property=\"og:url\" content=\"https:\/\/congovirtuel.com\/information\/diary-sow-est-rentree-au-senegal\/\" \/>\n<meta property=\"og:site_name\" content=\"Actualit\u00e9s congolaises et internationales\" \/>\n<meta property=\"article:publisher\" content=\"https:\/\/web.facebook.com\/Congovirtuel-763617960319601\/?ref=aymt_homepage_panel&amp;amp%3bamp%3bamp%3bamp%3bamp%3bamp%3bamp%3bamp%3bamp%3bamp%3bamp%3beid=ARCoxULa66767kIgF_KYav6VdjXTI4yk_LW4yoVO9s6NXpysgb7Cb65vpxcxgqzOAKvIbLQxaAETcqHT\" \/>\n<meta property=\"article:published_time\" content=\"2021-01-29T16:52:56+00:00\" \/>\n<meta property=\"og:image\" content=\"https:\/\/congovirtuel.com\/information\/wp-content\/uploads\/2021\/01\/diary_sow-1000-x-590.jpg\" \/>\n\t<meta property=\"og:image:width\" content=\"1000\" \/>\n\t<meta property=\"og:image:height\" content=\"590\" \/>\n\t<meta property=\"og:image:type\" content=\"image\/jpeg\" \/>\n<meta name=\"author\" content=\"infocongovirtuel\" \/>\n<meta name=\"twitter:card\" content=\"summary_large_image\" \/>\n<meta name=\"twitter:creator\" content=\"@congovirtuel\" \/>\n<meta name=\"twitter:site\" content=\"@congovirtuel\" \/>\n<meta name=\"twitter:label1\" content=\"\u00c9crit par\" \/>\n\t<meta name=\"twitter:data1\" content=\"infocongovirtuel\" \/>\n\t<meta name=\"twitter:label2\" content=\"Dur\u00e9e de lecture estim\u00e9e\" \/>\n\t<meta name=\"twitter:data2\" content=\"1 minute\" \/>\n<script type=\"application\/ld+json\" class=\"yoast-schema-graph\">{\"@context\":\"https:\\\/\\\/schema.org\",\"@graph\":[{\"@type\":\"Article\",\"@id\":\"https:\\\/\\\/congovirtuel.com\\\/information\\\/diary-sow-est-rentree-au-senegal\\\/#article\",\"isPartOf\":{\"@id\":\"https:\\\/\\\/congovirtuel.com\\\/information\\\/diary-sow-est-rentree-au-senegal\\\/\"},\"author\":{\"name\":\"infocongovirtuel\",\"@id\":\"https:\\\/\\\/congovirtuel.com\\\/information\\\/#\\\/schema\\\/person\\\/739a44bf7990966cb53d58d2fdeca0b6\"},\"headline\":\"DIARY SOW EST RENTR\u00c9E AU S\u00c9N\u00c9GAL\",\"datePublished\":\"2021-01-29T16:52:56+00:00\",\"mainEntityOfPage\":{\"@id\":\"https:\\\/\\\/congovirtuel.com\\\/information\\\/diary-sow-est-rentree-au-senegal\\\/\"},\"wordCount\":242,\"commentCount\":0,\"publisher\":{\"@id\":\"https:\\\/\\\/congovirtuel.com\\\/information\\\/#organization\"},\"image\":{\"@id\":\"https:\\\/\\\/congovirtuel.com\\\/information\\\/diary-sow-est-rentree-au-senegal\\\/#primaryimage\"},\"thumbnailUrl\":\"https:\\\/\\\/congovirtuel.com\\\/information\\\/wp-content\\\/uploads\\\/2021\\\/01\\\/diary_sow-1000-x-590.jpg\",\"keywords\":[\"Diary Sow est rentr\u00e9e au S\u00e9n\u00e9gal\"],\"articleSection\":[\"France\"],\"inLanguage\":\"fr-FR\",\"potentialAction\":[{\"@type\":\"CommentAction\",\"name\":\"Comment\",\"target\":[\"https:\\\/\\\/congovirtuel.com\\\/information\\\/diary-sow-est-rentree-au-senegal\\\/#respond\"]}]},{\"@type\":\"WebPage\",\"@id\":\"https:\\\/\\\/congovirtuel.com\\\/information\\\/diary-sow-est-rentree-au-senegal\\\/\",\"url\":\"https:\\\/\\\/congovirtuel.com\\\/information\\\/diary-sow-est-rentree-au-senegal\\\/\",\"name\":\"DIARY SOW EST RENTR\u00c9E AU S\u00c9N\u00c9GAL - Actualit\u00e9s congolaises et internationales\",\"isPartOf\":{\"@id\":\"https:\\\/\\\/congovirtuel.com\\\/information\\\/#website\"},\"primaryImageOfPage\":{\"@id\":\"https:\\\/\\\/congovirtuel.com\\\/information\\\/diary-sow-est-rentree-au-senegal\\\/#primaryimage\"},\"image\":{\"@id\":\"https:\\\/\\\/congovirtuel.com\\\/information\\\/diary-sow-est-rentree-au-senegal\\\/#primaryimage\"},\"thumbnailUrl\":\"https:\\\/\\\/congovirtuel.com\\\/information\\\/wp-content\\\/uploads\\\/2021\\\/01\\\/diary_sow-1000-x-590.jpg\",\"datePublished\":\"2021-01-29T16:52:56+00:00\",\"breadcrumb\":{\"@id\":\"https:\\\/\\\/congovirtuel.com\\\/information\\\/diary-sow-est-rentree-au-senegal\\\/#breadcrumb\"},\"inLanguage\":\"fr-FR\",\"potentialAction\":[{\"@type\":\"ReadAction\",\"target\":[\"https:\\\/\\\/congovirtuel.com\\\/information\\\/diary-sow-est-rentree-au-senegal\\\/\"]}]},{\"@type\":\"ImageObject\",\"inLanguage\":\"fr-FR\",\"@id\":\"https:\\\/\\\/congovirtuel.com\\\/information\\\/diary-sow-est-rentree-au-senegal\\\/#primaryimage\",\"url\":\"https:\\\/\\\/congovirtuel.com\\\/information\\\/wp-content\\\/uploads\\\/2021\\\/01\\\/diary_sow-1000-x-590.jpg\",\"contentUrl\":\"https:\\\/\\\/congovirtuel.com\\\/information\\\/wp-content\\\/uploads\\\/2021\\\/01\\\/diary_sow-1000-x-590.jpg\",\"width\":1000,\"height\":590,\"caption\":\"diary sow\"},{\"@type\":\"BreadcrumbList\",\"@id\":\"https:\\\/\\\/congovirtuel.com\\\/information\\\/diary-sow-est-rentree-au-senegal\\\/#breadcrumb\",\"itemListElement\":[{\"@type\":\"ListItem\",\"position\":1,\"name\":\"Accueil\",\"item\":\"https:\\\/\\\/congovirtuel.com\\\/information\\\/\"},{\"@type\":\"ListItem\",\"position\":2,\"name\":\"DIARY SOW EST RENTR\u00c9E AU S\u00c9N\u00c9GAL\"}]},{\"@type\":\"WebSite\",\"@id\":\"https:\\\/\\\/congovirtuel.com\\\/information\\\/#website\",\"url\":\"https:\\\/\\\/congovirtuel.com\\\/information\\\/\",\"name\":\"Actualit\u00e9s congolaises et internationales\",\"description\":\"site d&#039;analyse et de traitement d&#039;information\",\"publisher\":{\"@id\":\"https:\\\/\\\/congovirtuel.com\\\/information\\\/#organization\"},\"potentialAction\":[{\"@type\":\"SearchAction\",\"target\":{\"@type\":\"EntryPoint\",\"urlTemplate\":\"https:\\\/\\\/congovirtuel.com\\\/information\\\/?s={search_term_string}\"},\"query-input\":{\"@type\":\"PropertyValueSpecification\",\"valueRequired\":true,\"valueName\":\"search_term_string\"}}],\"inLanguage\":\"fr-FR\"},{\"@type\":\"Organization\",\"@id\":\"https:\\\/\\\/congovirtuel.com\\\/information\\\/#organization\",\"name\":\"Biblioth\u00e8que Virtuelle de la RDC\",\"url\":\"https:\\\/\\\/congovirtuel.com\\\/information\\\/\",\"logo\":{\"@type\":\"ImageObject\",\"inLanguage\":\"fr-FR\",\"@id\":\"https:\\\/\\\/congovirtuel.com\\\/information\\\/#\\\/schema\\\/logo\\\/image\\\/\",\"url\":\"https:\\\/\\\/congovirtuel.com\\\/information\\\/wp-content\\\/uploads\\\/2018\\\/10\\\/header-info-congovirtuel-vraie.jpg\",\"contentUrl\":\"https:\\\/\\\/congovirtuel.com\\\/information\\\/wp-content\\\/uploads\\\/2018\\\/10\\\/header-info-congovirtuel-vraie.jpg\",\"width\":728,\"height\":90,\"caption\":\"Biblioth\u00e8que Virtuelle de la RDC\"},\"image\":{\"@id\":\"https:\\\/\\\/congovirtuel.com\\\/information\\\/#\\\/schema\\\/logo\\\/image\\\/\"},\"sameAs\":[\"https:\\\/\\\/web.facebook.com\\\/Congovirtuel-763617960319601\\\/?ref=aymt_homepage_panel&amp;amp;amp;amp;amp;amp;amp;amp;amp;amp;amp;eid=ARCoxULa66767kIgF_KYav6VdjXTI4yk_LW4yoVO9s6NXpysgb7Cb65vpxcxgqzOAKvIbLQxaAETcqHT\",\"https:\\\/\\\/x.com\\\/congovirtuel\",\"https:\\\/\\\/www.youtube.com\\\/channel\\\/UCkFfprYzGgS3EWNpeMXpToQ?view_as=subscriber\"]},{\"@type\":\"Person\",\"@id\":\"https:\\\/\\\/congovirtuel.com\\\/information\\\/#\\\/schema\\\/person\\\/739a44bf7990966cb53d58d2fdeca0b6\",\"name\":\"infocongovirtuel\",\"image\":{\"@type\":\"ImageObject\",\"inLanguage\":\"fr-FR\",\"@id\":\"https:\\\/\\\/secure.gravatar.com\\\/avatar\\\/4d76991aa72469f0eb22e772586c99113c6997f88da636a9db8f2ce3a2c05e69?s=96&d=mm&r=g\",\"url\":\"https:\\\/\\\/secure.gravatar.com\\\/avatar\\\/4d76991aa72469f0eb22e772586c99113c6997f88da636a9db8f2ce3a2c05e69?s=96&d=mm&r=g\",\"contentUrl\":\"https:\\\/\\\/secure.gravatar.com\\\/avatar\\\/4d76991aa72469f0eb22e772586c99113c6997f88da636a9db8f2ce3a2c05e69?s=96&d=mm&r=g\",\"caption\":\"infocongovirtuel\"},\"url\":\"https:\\\/\\\/congovirtuel.com\\\/information\\\/author\\\/infocongovirtuel\\\/\"}]}<\/script>\n<!-- \/ Yoast SEO plugin. -->","yoast_head_json":{"title":"DIARY SOW EST RENTR\u00c9E AU S\u00c9N\u00c9GAL - Actualit\u00e9s congolaises et internationales","robots":{"index":"index","follow":"follow","max-snippet":"max-snippet:-1","max-image-preview":"max-image-preview:large","max-video-preview":"max-video-preview:-1"},"canonical":"https:\/\/congovirtuel.com\/information\/diary-sow-est-rentree-au-senegal\/","og_locale":"fr_FR","og_type":"article","og_title":"DIARY SOW EST RENTR\u00c9E AU S\u00c9N\u00c9GAL - Actualit\u00e9s congolaises et internationales","og_description":"L\u2019\u00e9tudiante s\u00e9n\u00e9galaise Diary Sow, disparue \u00e0 Paris le 4 janvier, est rentr\u00e9e dans son pays, chez son parrain, a indiqu\u00e9 la presse locale. Ce dernier s\u2019\u00e9tait d\u2019ailleurs rendu dans la capitale fran\u00e7aise la semaine derni\u00e8re, apr\u00e8s que la jeune fille a redonn\u00e9 signe de vie,&nbsp;indiquant&nbsp;qu\u2019elle avait besoin \u00abd\u2019une petite pause pour retrouver (ses) esprits\u00bb. Inscrite en classe pr\u00e9paratoire au prestigieux lyc\u00e9e parisien Louis-Le-Grand, l\u2019\u00e9tudiante de 20 ans ne s\u2019\u00e9tait pas pr\u00e9sent\u00e9e \u00e0 la reprise des cours le 4 janvier. Une enqu\u00eate avait d&rsquo;abord \u00e9t\u00e9 ouverte en France pour disparition \u00abinqui\u00e9tante\u00bb,&hellip;","og_url":"https:\/\/congovirtuel.com\/information\/diary-sow-est-rentree-au-senegal\/","og_site_name":"Actualit\u00e9s congolaises et internationales","article_publisher":"https:\/\/web.facebook.com\/Congovirtuel-763617960319601\/?ref=aymt_homepage_panel&amp%3bamp%3bamp%3bamp%3bamp%3bamp%3bamp%3bamp%3bamp%3bamp%3bamp%3beid=ARCoxULa66767kIgF_KYav6VdjXTI4yk_LW4yoVO9s6NXpysgb7Cb65vpxcxgqzOAKvIbLQxaAETcqHT","article_published_time":"2021-01-29T16:52:56+00:00","og_image":[{"width":1000,"height":590,"url":"https:\/\/congovirtuel.com\/information\/wp-content\/uploads\/2021\/01\/diary_sow-1000-x-590.jpg","type":"image\/jpeg"}],"author":"infocongovirtuel","twitter_card":"summary_large_image","twitter_creator":"@congovirtuel","twitter_site":"@congovirtuel","twitter_misc":{"\u00c9crit par":"infocongovirtuel","Dur\u00e9e de lecture estim\u00e9e":"1 minute"},"schema":{"@context":"https:\/\/schema.org","@graph":[{"@type":"Article","@id":"https:\/\/congovirtuel.com\/information\/diary-sow-est-rentree-au-senegal\/#article","isPartOf":{"@id":"https:\/\/congovirtuel.com\/information\/diary-sow-est-rentree-au-senegal\/"},"author":{"name":"infocongovirtuel","@id":"https:\/\/congovirtuel.com\/information\/#\/schema\/person\/739a44bf7990966cb53d58d2fdeca0b6"},"headline":"DIARY SOW EST RENTR\u00c9E AU S\u00c9N\u00c9GAL","datePublished":"2021-01-29T16:52:56+00:00","mainEntityOfPage":{"@id":"https:\/\/congovirtuel.com\/information\/diary-sow-est-rentree-au-senegal\/"},"wordCount":242,"commentCount":0,"publisher":{"@id":"https:\/\/congovirtuel.com\/information\/#organization"},"image":{"@id":"https:\/\/congovirtuel.com\/information\/diary-sow-est-rentree-au-senegal\/#primaryimage"},"thumbnailUrl":"https:\/\/congovirtuel.com\/information\/wp-content\/uploads\/2021\/01\/diary_sow-1000-x-590.jpg","keywords":["Diary Sow est rentr\u00e9e au S\u00e9n\u00e9gal"],"articleSection":["France"],"inLanguage":"fr-FR","potentialAction":[{"@type":"CommentAction","name":"Comment","target":["https:\/\/congovirtuel.com\/information\/diary-sow-est-rentree-au-senegal\/#respond"]}]},{"@type":"WebPage","@id":"https:\/\/congovirtuel.com\/information\/diary-sow-est-rentree-au-senegal\/","url":"https:\/\/congovirtuel.com\/information\/diary-sow-est-rentree-au-senegal\/","name":"DIARY SOW EST RENTR\u00c9E AU S\u00c9N\u00c9GAL - Actualit\u00e9s congolaises et internationales","isPartOf":{"@id":"https:\/\/congovirtuel.com\/information\/#website"},"primaryImageOfPage":{"@id":"https:\/\/congovirtuel.com\/information\/diary-sow-est-rentree-au-senegal\/#primaryimage"},"image":{"@id":"https:\/\/congovirtuel.com\/information\/diary-sow-est-rentree-au-senegal\/#primaryimage"},"thumbnailUrl":"https:\/\/congovirtuel.com\/information\/wp-content\/uploads\/2021\/01\/diary_sow-1000-x-590.jpg","datePublished":"2021-01-29T16:52:56+00:00","breadcrumb":{"@id":"https:\/\/congovirtuel.com\/information\/diary-sow-est-rentree-au-senegal\/#breadcrumb"},"inLanguage":"fr-FR","potentialAction":[{"@type":"ReadAction","target":["https:\/\/congovirtuel.com\/information\/diary-sow-est-rentree-au-senegal\/"]}]},{"@type":"ImageObject","inLanguage":"fr-FR","@id":"https:\/\/congovirtuel.com\/information\/diary-sow-est-rentree-au-senegal\/#primaryimage","url":"https:\/\/congovirtuel.com\/information\/wp-content\/uploads\/2021\/01\/diary_sow-1000-x-590.jpg","contentUrl":"https:\/\/congovirtuel.com\/information\/wp-content\/uploads\/2021\/01\/diary_sow-1000-x-590.jpg","width":1000,"height":590,"caption":"diary sow"},{"@type":"BreadcrumbList","@id":"https:\/\/congovirtuel.com\/information\/diary-sow-est-rentree-au-senegal\/#breadcrumb","itemListElement":[{"@type":"ListItem","position":1,"name":"Accueil","item":"https:\/\/congovirtuel.com\/information\/"},{"@type":"ListItem","position":2,"name":"DIARY SOW EST RENTR\u00c9E AU S\u00c9N\u00c9GAL"}]},{"@type":"WebSite","@id":"https:\/\/congovirtuel.com\/information\/#website","url":"https:\/\/congovirtuel.com\/information\/","name":"Actualit\u00e9s congolaises et internationales","description":"site d&#039;analyse et de traitement d&#039;information","publisher":{"@id":"https:\/\/congovirtuel.com\/information\/#organization"},"potentialAction":[{"@type":"SearchAction","target":{"@type":"EntryPoint","urlTemplate":"https:\/\/congovirtuel.com\/information\/?s={search_term_string}"},"query-input":{"@type":"PropertyValueSpecification","valueRequired":true,"valueName":"search_term_string"}}],"inLanguage":"fr-FR"},{"@type":"Organization","@id":"https:\/\/congovirtuel.com\/information\/#organization","name":"Biblioth\u00e8que Virtuelle de la RDC","url":"https:\/\/congovirtuel.com\/information\/","logo":{"@type":"ImageObject","inLanguage":"fr-FR","@id":"https:\/\/congovirtuel.com\/information\/#\/schema\/logo\/image\/","url":"https:\/\/congovirtuel.com\/information\/wp-content\/uploads\/2018\/10\/header-info-congovirtuel-vraie.jpg","contentUrl":"https:\/\/congovirtuel.com\/information\/wp-content\/uploads\/2018\/10\/header-info-congovirtuel-vraie.jpg","width":728,"height":90,"caption":"Biblioth\u00e8que Virtuelle de la RDC"},"image":{"@id":"https:\/\/congovirtuel.com\/information\/#\/schema\/logo\/image\/"},"sameAs":["https:\/\/web.facebook.com\/Congovirtuel-763617960319601\/?ref=aymt_homepage_panel&amp;amp;amp;amp;amp;amp;amp;amp;amp;amp;amp;eid=ARCoxULa66767kIgF_KYav6VdjXTI4yk_LW4yoVO9s6NXpysgb7Cb65vpxcxgqzOAKvIbLQxaAETcqHT","https:\/\/x.com\/congovirtuel","https:\/\/www.youtube.com\/channel\/UCkFfprYzGgS3EWNpeMXpToQ?view_as=subscriber"]},{"@type":"Person","@id":"https:\/\/congovirtuel.com\/information\/#\/schema\/person\/739a44bf7990966cb53d58d2fdeca0b6","name":"infocongovirtuel","image":{"@type":"ImageObject","inLanguage":"fr-FR","@id":"https:\/\/secure.gravatar.com\/avatar\/4d76991aa72469f0eb22e772586c99113c6997f88da636a9db8f2ce3a2c05e69?s=96&d=mm&r=g","url":"https:\/\/secure.gravatar.com\/avatar\/4d76991aa72469f0eb22e772586c99113c6997f88da636a9db8f2ce3a2c05e69?s=96&d=mm&r=g","contentUrl":"https:\/\/secure.gravatar.com\/avatar\/4d76991aa72469f0eb22e772586c99113c6997f88da636a9db8f2ce3a2c05e69?s=96&d=mm&r=g","caption":"infocongovirtuel"},"url":"https:\/\/congovirtuel.com\/information\/author\/infocongovirtuel\/"}]}},"gt_translate_keys":[{"key":"link","format":"url"}],"_links":{"self":[{"href":"https:\/\/congovirtuel.com\/information\/wp-json\/wp\/v2\/posts\/5919","targetHints":{"allow":["GET"]}}],"collection":[{"href":"https:\/\/congovirtuel.com\/information\/wp-json\/wp\/v2\/posts"}],"about":[{"href":"https:\/\/congovirtuel.com\/information\/wp-json\/wp\/v2\/types\/post"}],"author":[{"embeddable":true,"href":"https:\/\/congovirtuel.com\/information\/wp-json\/wp\/v2\/users\/1"}],"replies":[{"embeddable":true,"href":"https:\/\/congovirtuel.com\/information\/wp-json\/wp\/v2\/comments?post=5919"}],"version-history":[{"count":1,"href":"https:\/\/congovirtuel.com\/information\/wp-json\/wp\/v2\/posts\/5919\/revisions"}],"predecessor-version":[{"id":5922,"href":"https:\/\/congovirtuel.com\/information\/wp-json\/wp\/v2\/posts\/5919\/revisions\/5922"}],"wp:featuredmedia":[{"embeddable":true,"href":"https:\/\/congovirtuel.com\/information\/wp-json\/wp\/v2\/media\/5572"}],"wp:attachment":[{"href":"https:\/\/congovirtuel.com\/information\/wp-json\/wp\/v2\/media?parent=5919"}],"wp:term":[{"taxonomy":"category","embeddable":true,"href":"https:\/\/congovirtuel.com\/information\/wp-json\/wp\/v2\/categories?post=5919"},{"taxonomy":"post_tag","embeddable":true,"href":"https:\/\/congovirtuel.com\/information\/wp-json\/wp\/v2\/tags?post=5919"}],"curies":[{"name":"wp","href":"https:\/\/api.w.org\/{rel}","templated":true}]}}