{"id":5971,"date":"2021-02-01T12:51:07","date_gmt":"2021-02-01T11:51:07","guid":{"rendered":"https:\/\/congovirtuel.com\/information\/?p=5971"},"modified":"2021-02-01T12:51:22","modified_gmt":"2021-02-01T11:51:22","slug":"rd-congo-comment-felix-tshisekedi-a-repris-les-renes-du-pouvoir","status":"publish","type":"post","link":"https:\/\/congovirtuel.com\/information\/rd-congo-comment-felix-tshisekedi-a-repris-les-renes-du-pouvoir\/","title":{"rendered":"RD Congo : comment F\u00e9lix Tshisekedi a repris les r\u00eanes du pouvoir","gt_translate_keys":[{"key":"rendered","format":"text"}]},"content":{"rendered":"\n<p class=\"wp-block-paragraph\">PARI. En moins de deux mois, F\u00e9lix Tshisekedi a fait sauter tous les verrous que son pr\u00e9d\u00e9cesseur&nbsp;avait mis en place avant de lui c\u00e9der le pouvoir, en janvier&nbsp;2019.<\/p>\n\n\n\n<p class=\"wp-block-paragraph\">D\u00e9savou\u00e9 par l&rsquo;Assembl\u00e9e, le Premier ministre de la R\u00e9publique d\u00e9mocratique du\u00a0Congo, Sylvestre Ilunga Ilunkamba, a remis ce vendredi 29\u00a0janvier sa d\u00e9mission\u00a0au pr\u00e9sident F\u00e9lix Tshisekedi, qui a d\u00e9sormais les mains libres pour nommer son propre chef de gouvernement soutenu par sa nouvelle majorit\u00e9 parlementaire. Inimaginable il y a deux ans.\u00a0L&rsquo;arriv\u00e9e au pouvoir de F\u00e9lix Tshisekedi \u00e9tait alors loin de faire\u00a0l&rsquo;unanimit\u00e9, pas plus que les conditions de son \u00e9lection, d&rsquo;autant plus que sa gouvernance s&rsquo;annon\u00e7ait tr\u00e8s difficile.\u00a0Mais, en l&rsquo;espace de deux mois, l&rsquo;actuel chef de l&rsquo;\u00c9tat, plus que jamais soutenu par les Am\u00e9ricains et l&rsquo;Union europ\u00e9enne, a r\u00e9ussi finalement \u00e0 isoler son\u00a0tout-puissant pr\u00e9d\u00e9cesseur,\u00a0Joseph Kabila, qui esp\u00e9rait ainsi revenir aux affaires aux prochaines \u00e9lections de 2023.<\/p>\n\n\n\n<p class=\"wp-block-paragraph\">Habitu\u00e9e aux violences politiques depuis l&rsquo;ind\u00e9pendance en 1960, la RDC vit une r\u00e9volution pacifique et constitutionnelle, que les Congolais suivent avec passion&nbsp;en vaquant normalement \u00e0 leur vie quotidienne.<\/p>\n\n\n\n<p class=\"wp-block-paragraph\"><strong>En route pour l&rsquo;union sacr\u00e9e<\/strong><\/p>\n\n\n\n<p class=\"wp-block-paragraph\">Le pr\u00e9sident doit d\u00e9sormais appliquer les promesses qu&rsquo;il a faites aux quelque 85\u00a0millions de Congolais en annon\u00e7ant la fin de sa coalition avec Joseph Kabila le 6\u00a0d\u00e9cembre\u00a0: lutter contre la corruption et la mis\u00e8re qui touche les deux tiers\u00a0de la population, ramener la paix dans l&rsquo;est du pays, ensanglant\u00e9 par les violences des groupes arm\u00e9s. Le Premier ministre, 73\u00a0ans, \u00ab\u00a0a d\u00e9clar\u00e9 avoir tir\u00e9 les cons\u00e9quences de l&rsquo;\u00e9volution de la situation politique actuelle\u00a0\u00bb, a indiqu\u00e9 la pr\u00e9sidence sur son compte\u00a0Twitter.<\/p>\n\n\n\n<p class=\"wp-block-paragraph\">La situation est d\u00e9sormais plus que favorable \u00e0 l&rsquo;ex-opposant F\u00e9lix Tshisekedi, un civil qui a v\u00e9cu entre le Congo et la\u00a0Belgique, face \u00e0 son pr\u00e9d\u00e9cesseur, Joseph Kabila, militaire de formation. \u00c0 57\u00a0ans, il peut d\u00e9sormais gouverner seul, sans les contraintes de l&rsquo;accord de coalition qu&rsquo;il avait conclu avec l&rsquo;ex-pr\u00e9sident Kabila et sa majorit\u00e9 parlementaire juste avant son investiture le 24\u00a0janvier 2019.<\/p>\n\n\n\n<p class=\"wp-block-paragraph\">Le fils de l&rsquo;opposant historique \u00c9tienne Tshisekedi va commencer par nommer le Premier ministre et le gouvernement de son choix. Pour ce faire, il dispose d&rsquo;une large majorit\u00e9 de\u00a0391\u00a0d\u00e9put\u00e9s sur\u00a0500\u00a0\u00e0 l&rsquo;Assembl\u00e9e nationale, d&rsquo;apr\u00e8s le pointage du charg\u00e9 de mission (un \u00ab\u00a0informateur\u00a0\u00bb en droit congolais) qu&rsquo;il avait nomm\u00e9 pour identifier sa propre \u00ab\u00a0majorit\u00e9 d&rsquo;union sacr\u00e9e de la nation\u00a0\u00bb. Agitant une menace de dissolution, le pr\u00e9sident a ralli\u00e9 \u00e0 sa cause\u00a024\u00a0\u00ab\u00a0regroupements\u00a0\u00bb politiques, dont certains affili\u00e9s hier encore au Front commun pour le Congo (FCC),\u00a0la machine de guerre politique\u00a0que Joseph Kabila avait mise en place pour quitter le pouvoir sans perdre son influence politique. Dans ce pays o\u00f9 la politique et l&rsquo;affairisme font cause commune, des d\u00e9put\u00e9s FCC ont c\u00e9d\u00e9 \u00e0 l&rsquo;app\u00e2t du gain, rapportent des rumeurs persistantes. F\u00e9lix Tshisekedi a aussi ralli\u00e9 \u00e0 sa cause deux opposants de poids, le riche homme d&rsquo;affaires Katangais Mo\u00efse Katumbi, issu de l&rsquo;est, et l&rsquo;ancien chef de guerre Jean-Pierre Bemba, populaire \u00e0 Kinshasa et dans l&rsquo;ouest du pays.<\/p>\n\n\n\n<p class=\"wp-block-paragraph\">Le groupe parlementaire Mouvement de lib\u00e9ration du Congo (MLC, le parti de M. Bemba) \u00ab&nbsp;a adh\u00e9r\u00e9 officiellement \u00e0 l&rsquo;union sacr\u00e9e de la nation&nbsp;\u00bb, a indiqu\u00e9 l&rsquo;un de ses cadres, Mohamed Bule. \u00ab&nbsp;Nos deux leaders Mo\u00efse Katumbi et Jean-Pierre Bemba ont d\u00e9cid\u00e9 de travailler en synergie&nbsp;\u00bb, a-t-il ajout\u00e9. F\u00e9lix Tshisekedi va devoir d\u00e9sormais g\u00e9rer les app\u00e9tits des deux opposants, qui vont exiger des postes et des responsabilit\u00e9s au gouvernement et \u00e0 l&rsquo;Assembl\u00e9e nationale. Le test aura lieu d\u00e8s la semaine prochaine, lors de l&rsquo;\u00e9lection du nouveau bureau de l&rsquo;Assembl\u00e9e.<\/p>\n\n\n\n<p class=\"wp-block-paragraph\"><strong>Silence du\u00a0c\u00f4t\u00e9 de Kabila<\/strong><\/p>\n\n\n\n<p class=\"wp-block-paragraph\">La coalition, la majorit\u00e9 pro-Kabila \u00e0 l&rsquo;Assembl\u00e9e, le Premier ministre et son gouvernement pl\u00e9thorique de&nbsp;65&nbsp;ministres, dont les deux tiers&nbsp;\u00e9taient membres du FCC pro-Kabila&nbsp;: \u00ab&nbsp;B\u00e9ton&nbsp;\u00bb Tshisekedi (l&rsquo;un de ses surnoms) a abattu une par une toutes les murailles qui prot\u00e9geaient Joseph Kabila. D\u00e9sormais isol\u00e9 et repli\u00e9 dans son fief du Katanga, \u00e0 Lubumbashi, avec quelques fid\u00e8les, Joseph Kabila, 49&nbsp;ans, garde toujours le silence.<\/p>\n\n\n\n<p class=\"wp-block-paragraph\">Avant de lancer son offensive, F\u00e9lix Tshisekedi, qu&rsquo;on d\u00e9crit comme un homme de compromis, s&rsquo;\u00e9tait assur\u00e9 de la fid\u00e9lit\u00e9 de l&rsquo;\u00e9tat-major de l&rsquo;arm\u00e9e, dont tous les haut grad\u00e9s avaient \u00e9t\u00e9 nomm\u00e9s pendant le r\u00e8gne de Joseph Kabila, qui avait \u00e9t\u00e9 propuls\u00e9 \u00e0 la t\u00eate de la RDC apr\u00e8s l&rsquo;assassinat, en janvier\u00a02001, de son p\u00e8re, Laurent-D\u00e9sir\u00e9 Kabila. L&rsquo;arm\u00e9e a respect\u00e9 jusqu&rsquo;\u00e0 pr\u00e9sent son pacte r\u00e9publicain\u00a0en restant loyale \u00e0 son commandant en chef, le pr\u00e9sident de la R\u00e9publique.<\/p>\n\n\n\n<p class=\"wp-block-paragraph\"><strong>Lepoint<\/strong><\/p>\n","protected":false,"gt_translate_keys":[{"key":"rendered","format":"html"}]},"excerpt":{"rendered":"<p>PARI. En moins de deux mois, F\u00e9lix Tshisekedi a fait sauter tous les verrous que son pr\u00e9d\u00e9cesseur&nbsp;avait mis en place avant de lui c\u00e9der le pouvoir, en janvier&nbsp;2019. D\u00e9savou\u00e9 par l&rsquo;Assembl\u00e9e, le Premier ministre de la R\u00e9publique d\u00e9mocratique du\u00a0Congo, Sylvestre Ilunga Ilunkamba, a remis ce vendredi 29\u00a0janvier sa d\u00e9mission\u00a0au pr\u00e9sident F\u00e9lix Tshisekedi, qui a d\u00e9sormais les mains libres pour nommer son propre chef de gouvernement soutenu par sa nouvelle majorit\u00e9 parlementaire. Inimaginable il y a deux ans.\u00a0L&rsquo;arriv\u00e9e au pouvoir de F\u00e9lix Tshisekedi \u00e9tait alors loin de faire\u00a0l&rsquo;unanimit\u00e9, pas plus que&hellip;<\/p>\n","protected":false,"gt_translate_keys":[{"key":"rendered","format":"html"}]},"author":1,"featured_media":4745,"comment_status":"open","ping_status":"open","sticky":false,"template":"","format":"standard","meta":{"_crdt_document":"","footnotes":""},"categories":[218],"tags":[5150],"class_list":["post-5971","post","type-post","status-publish","format-standard","has-post-thumbnail","hentry","category-gouvernement","tag-felix-tshisekedi-maitre-du-congo"],"gutentor_comment":0,"yoast_head":"<!-- This site is optimized with the Yoast SEO plugin v27.5 - https:\/\/yoast.com\/product\/yoast-seo-wordpress\/ -->\n<title>RD Congo : comment F\u00e9lix Tshisekedi a repris les r\u00eanes du pouvoir - Actualit\u00e9s congolaises et internationales<\/title>\n<meta name=\"robots\" content=\"index, follow, max-snippet:-1, max-image-preview:large, max-video-preview:-1\" \/>\n<link rel=\"canonical\" href=\"https:\/\/congovirtuel.com\/information\/rd-congo-comment-felix-tshisekedi-a-repris-les-renes-du-pouvoir\/\" \/>\n<meta property=\"og:locale\" content=\"fr_FR\" \/>\n<meta property=\"og:type\" content=\"article\" \/>\n<meta property=\"og:title\" content=\"RD Congo : comment F\u00e9lix Tshisekedi a repris les r\u00eanes du pouvoir - Actualit\u00e9s congolaises et internationales\" \/>\n<meta property=\"og:description\" content=\"PARI. En moins de deux mois, F\u00e9lix Tshisekedi a fait sauter tous les verrous que son pr\u00e9d\u00e9cesseur&nbsp;avait mis en place avant de lui c\u00e9der le pouvoir, en janvier&nbsp;2019. D\u00e9savou\u00e9 par l&rsquo;Assembl\u00e9e, le Premier ministre de la R\u00e9publique d\u00e9mocratique du\u00a0Congo, Sylvestre Ilunga Ilunkamba, a remis ce vendredi 29\u00a0janvier sa d\u00e9mission\u00a0au pr\u00e9sident F\u00e9lix Tshisekedi, qui a d\u00e9sormais les mains libres pour nommer son propre chef de gouvernement soutenu par sa nouvelle majorit\u00e9 parlementaire. Inimaginable il y a deux ans.\u00a0L&rsquo;arriv\u00e9e au pouvoir de F\u00e9lix Tshisekedi \u00e9tait alors loin de faire\u00a0l&rsquo;unanimit\u00e9, pas plus que&hellip;\" \/>\n<meta property=\"og:url\" content=\"https:\/\/congovirtuel.com\/information\/rd-congo-comment-felix-tshisekedi-a-repris-les-renes-du-pouvoir\/\" \/>\n<meta property=\"og:site_name\" content=\"Actualit\u00e9s congolaises et internationales\" \/>\n<meta property=\"article:publisher\" content=\"https:\/\/web.facebook.com\/Congovirtuel-763617960319601\/?ref=aymt_homepage_panel&amp;amp%3bamp%3bamp%3bamp%3bamp%3bamp%3bamp%3bamp%3bamp%3bamp%3bamp%3beid=ARCoxULa66767kIgF_KYav6VdjXTI4yk_LW4yoVO9s6NXpysgb7Cb65vpxcxgqzOAKvIbLQxaAETcqHT\" \/>\n<meta property=\"article:published_time\" content=\"2021-02-01T11:51:07+00:00\" \/>\n<meta property=\"article:modified_time\" content=\"2021-02-01T11:51:22+00:00\" \/>\n<meta property=\"og:image\" content=\"https:\/\/congovirtuel.com\/information\/wp-content\/uploads\/2020\/12\/felix_discours_separation.jpg\" \/>\n\t<meta property=\"og:image:width\" content=\"960\" \/>\n\t<meta property=\"og:image:height\" content=\"525\" \/>\n\t<meta property=\"og:image:type\" content=\"image\/jpeg\" \/>\n<meta name=\"author\" content=\"infocongovirtuel\" \/>\n<meta name=\"twitter:card\" content=\"summary_large_image\" \/>\n<meta name=\"twitter:creator\" content=\"@congovirtuel\" \/>\n<meta name=\"twitter:site\" content=\"@congovirtuel\" \/>\n<meta name=\"twitter:label1\" content=\"\u00c9crit par\" \/>\n\t<meta name=\"twitter:data1\" content=\"infocongovirtuel\" \/>\n\t<meta name=\"twitter:label2\" content=\"Dur\u00e9e de lecture estim\u00e9e\" \/>\n\t<meta name=\"twitter:data2\" content=\"4 minutes\" \/>\n<script type=\"application\/ld+json\" class=\"yoast-schema-graph\">{\"@context\":\"https:\\\/\\\/schema.org\",\"@graph\":[{\"@type\":\"Article\",\"@id\":\"https:\\\/\\\/congovirtuel.com\\\/information\\\/rd-congo-comment-felix-tshisekedi-a-repris-les-renes-du-pouvoir\\\/#article\",\"isPartOf\":{\"@id\":\"https:\\\/\\\/congovirtuel.com\\\/information\\\/rd-congo-comment-felix-tshisekedi-a-repris-les-renes-du-pouvoir\\\/\"},\"author\":{\"name\":\"infocongovirtuel\",\"@id\":\"https:\\\/\\\/congovirtuel.com\\\/information\\\/#\\\/schema\\\/person\\\/739a44bf7990966cb53d58d2fdeca0b6\"},\"headline\":\"RD Congo : comment F\u00e9lix Tshisekedi a repris les r\u00eanes du pouvoir\",\"datePublished\":\"2021-02-01T11:51:07+00:00\",\"dateModified\":\"2021-02-01T11:51:22+00:00\",\"mainEntityOfPage\":{\"@id\":\"https:\\\/\\\/congovirtuel.com\\\/information\\\/rd-congo-comment-felix-tshisekedi-a-repris-les-renes-du-pouvoir\\\/\"},\"wordCount\":870,\"commentCount\":0,\"publisher\":{\"@id\":\"https:\\\/\\\/congovirtuel.com\\\/information\\\/#organization\"},\"image\":{\"@id\":\"https:\\\/\\\/congovirtuel.com\\\/information\\\/rd-congo-comment-felix-tshisekedi-a-repris-les-renes-du-pouvoir\\\/#primaryimage\"},\"thumbnailUrl\":\"https:\\\/\\\/congovirtuel.com\\\/information\\\/wp-content\\\/uploads\\\/2020\\\/12\\\/felix_discours_separation.jpg\",\"keywords\":[\"F\u00e9lix Tshisekedi maitre du Congo\"],\"articleSection\":[\"Gouvernement\"],\"inLanguage\":\"fr-FR\",\"potentialAction\":[{\"@type\":\"CommentAction\",\"name\":\"Comment\",\"target\":[\"https:\\\/\\\/congovirtuel.com\\\/information\\\/rd-congo-comment-felix-tshisekedi-a-repris-les-renes-du-pouvoir\\\/#respond\"]}]},{\"@type\":\"WebPage\",\"@id\":\"https:\\\/\\\/congovirtuel.com\\\/information\\\/rd-congo-comment-felix-tshisekedi-a-repris-les-renes-du-pouvoir\\\/\",\"url\":\"https:\\\/\\\/congovirtuel.com\\\/information\\\/rd-congo-comment-felix-tshisekedi-a-repris-les-renes-du-pouvoir\\\/\",\"name\":\"RD Congo : comment F\u00e9lix Tshisekedi a repris les r\u00eanes du pouvoir - Actualit\u00e9s congolaises et internationales\",\"isPartOf\":{\"@id\":\"https:\\\/\\\/congovirtuel.com\\\/information\\\/#website\"},\"primaryImageOfPage\":{\"@id\":\"https:\\\/\\\/congovirtuel.com\\\/information\\\/rd-congo-comment-felix-tshisekedi-a-repris-les-renes-du-pouvoir\\\/#primaryimage\"},\"image\":{\"@id\":\"https:\\\/\\\/congovirtuel.com\\\/information\\\/rd-congo-comment-felix-tshisekedi-a-repris-les-renes-du-pouvoir\\\/#primaryimage\"},\"thumbnailUrl\":\"https:\\\/\\\/congovirtuel.com\\\/information\\\/wp-content\\\/uploads\\\/2020\\\/12\\\/felix_discours_separation.jpg\",\"datePublished\":\"2021-02-01T11:51:07+00:00\",\"dateModified\":\"2021-02-01T11:51:22+00:00\",\"breadcrumb\":{\"@id\":\"https:\\\/\\\/congovirtuel.com\\\/information\\\/rd-congo-comment-felix-tshisekedi-a-repris-les-renes-du-pouvoir\\\/#breadcrumb\"},\"inLanguage\":\"fr-FR\",\"potentialAction\":[{\"@type\":\"ReadAction\",\"target\":[\"https:\\\/\\\/congovirtuel.com\\\/information\\\/rd-congo-comment-felix-tshisekedi-a-repris-les-renes-du-pouvoir\\\/\"]}]},{\"@type\":\"ImageObject\",\"inLanguage\":\"fr-FR\",\"@id\":\"https:\\\/\\\/congovirtuel.com\\\/information\\\/rd-congo-comment-felix-tshisekedi-a-repris-les-renes-du-pouvoir\\\/#primaryimage\",\"url\":\"https:\\\/\\\/congovirtuel.com\\\/information\\\/wp-content\\\/uploads\\\/2020\\\/12\\\/felix_discours_separation.jpg\",\"contentUrl\":\"https:\\\/\\\/congovirtuel.com\\\/information\\\/wp-content\\\/uploads\\\/2020\\\/12\\\/felix_discours_separation.jpg\",\"width\":960,\"height\":525,\"caption\":\"felix_discours_separation\"},{\"@type\":\"BreadcrumbList\",\"@id\":\"https:\\\/\\\/congovirtuel.com\\\/information\\\/rd-congo-comment-felix-tshisekedi-a-repris-les-renes-du-pouvoir\\\/#breadcrumb\",\"itemListElement\":[{\"@type\":\"ListItem\",\"position\":1,\"name\":\"Accueil\",\"item\":\"https:\\\/\\\/congovirtuel.com\\\/information\\\/\"},{\"@type\":\"ListItem\",\"position\":2,\"name\":\"RD Congo : comment F\u00e9lix Tshisekedi a repris les r\u00eanes du pouvoir\"}]},{\"@type\":\"WebSite\",\"@id\":\"https:\\\/\\\/congovirtuel.com\\\/information\\\/#website\",\"url\":\"https:\\\/\\\/congovirtuel.com\\\/information\\\/\",\"name\":\"Actualit\u00e9s congolaises et internationales\",\"description\":\"site d&#039;analyse et de traitement d&#039;information\",\"publisher\":{\"@id\":\"https:\\\/\\\/congovirtuel.com\\\/information\\\/#organization\"},\"potentialAction\":[{\"@type\":\"SearchAction\",\"target\":{\"@type\":\"EntryPoint\",\"urlTemplate\":\"https:\\\/\\\/congovirtuel.com\\\/information\\\/?s={search_term_string}\"},\"query-input\":{\"@type\":\"PropertyValueSpecification\",\"valueRequired\":true,\"valueName\":\"search_term_string\"}}],\"inLanguage\":\"fr-FR\"},{\"@type\":\"Organization\",\"@id\":\"https:\\\/\\\/congovirtuel.com\\\/information\\\/#organization\",\"name\":\"Biblioth\u00e8que Virtuelle de la RDC\",\"url\":\"https:\\\/\\\/congovirtuel.com\\\/information\\\/\",\"logo\":{\"@type\":\"ImageObject\",\"inLanguage\":\"fr-FR\",\"@id\":\"https:\\\/\\\/congovirtuel.com\\\/information\\\/#\\\/schema\\\/logo\\\/image\\\/\",\"url\":\"https:\\\/\\\/congovirtuel.com\\\/information\\\/wp-content\\\/uploads\\\/2018\\\/10\\\/header-info-congovirtuel-vraie.jpg\",\"contentUrl\":\"https:\\\/\\\/congovirtuel.com\\\/information\\\/wp-content\\\/uploads\\\/2018\\\/10\\\/header-info-congovirtuel-vraie.jpg\",\"width\":728,\"height\":90,\"caption\":\"Biblioth\u00e8que Virtuelle de la RDC\"},\"image\":{\"@id\":\"https:\\\/\\\/congovirtuel.com\\\/information\\\/#\\\/schema\\\/logo\\\/image\\\/\"},\"sameAs\":[\"https:\\\/\\\/web.facebook.com\\\/Congovirtuel-763617960319601\\\/?ref=aymt_homepage_panel&amp;amp;amp;amp;amp;amp;amp;amp;amp;amp;amp;eid=ARCoxULa66767kIgF_KYav6VdjXTI4yk_LW4yoVO9s6NXpysgb7Cb65vpxcxgqzOAKvIbLQxaAETcqHT\",\"https:\\\/\\\/x.com\\\/congovirtuel\",\"https:\\\/\\\/www.youtube.com\\\/channel\\\/UCkFfprYzGgS3EWNpeMXpToQ?view_as=subscriber\"]},{\"@type\":\"Person\",\"@id\":\"https:\\\/\\\/congovirtuel.com\\\/information\\\/#\\\/schema\\\/person\\\/739a44bf7990966cb53d58d2fdeca0b6\",\"name\":\"infocongovirtuel\",\"image\":{\"@type\":\"ImageObject\",\"inLanguage\":\"fr-FR\",\"@id\":\"https:\\\/\\\/secure.gravatar.com\\\/avatar\\\/4d76991aa72469f0eb22e772586c99113c6997f88da636a9db8f2ce3a2c05e69?s=96&d=mm&r=g\",\"url\":\"https:\\\/\\\/secure.gravatar.com\\\/avatar\\\/4d76991aa72469f0eb22e772586c99113c6997f88da636a9db8f2ce3a2c05e69?s=96&d=mm&r=g\",\"contentUrl\":\"https:\\\/\\\/secure.gravatar.com\\\/avatar\\\/4d76991aa72469f0eb22e772586c99113c6997f88da636a9db8f2ce3a2c05e69?s=96&d=mm&r=g\",\"caption\":\"infocongovirtuel\"},\"url\":\"https:\\\/\\\/congovirtuel.com\\\/information\\\/author\\\/infocongovirtuel\\\/\"}]}<\/script>\n<!-- \/ Yoast SEO plugin. -->","yoast_head_json":{"title":"RD Congo : comment F\u00e9lix Tshisekedi a repris les r\u00eanes du pouvoir - Actualit\u00e9s congolaises et internationales","robots":{"index":"index","follow":"follow","max-snippet":"max-snippet:-1","max-image-preview":"max-image-preview:large","max-video-preview":"max-video-preview:-1"},"canonical":"https:\/\/congovirtuel.com\/information\/rd-congo-comment-felix-tshisekedi-a-repris-les-renes-du-pouvoir\/","og_locale":"fr_FR","og_type":"article","og_title":"RD Congo : comment F\u00e9lix Tshisekedi a repris les r\u00eanes du pouvoir - Actualit\u00e9s congolaises et internationales","og_description":"PARI. En moins de deux mois, F\u00e9lix Tshisekedi a fait sauter tous les verrous que son pr\u00e9d\u00e9cesseur&nbsp;avait mis en place avant de lui c\u00e9der le pouvoir, en janvier&nbsp;2019. D\u00e9savou\u00e9 par l&rsquo;Assembl\u00e9e, le Premier ministre de la R\u00e9publique d\u00e9mocratique du\u00a0Congo, Sylvestre Ilunga Ilunkamba, a remis ce vendredi 29\u00a0janvier sa d\u00e9mission\u00a0au pr\u00e9sident F\u00e9lix Tshisekedi, qui a d\u00e9sormais les mains libres pour nommer son propre chef de gouvernement soutenu par sa nouvelle majorit\u00e9 parlementaire. Inimaginable il y a deux ans.\u00a0L&rsquo;arriv\u00e9e au pouvoir de F\u00e9lix Tshisekedi \u00e9tait alors loin de faire\u00a0l&rsquo;unanimit\u00e9, pas plus que&hellip;","og_url":"https:\/\/congovirtuel.com\/information\/rd-congo-comment-felix-tshisekedi-a-repris-les-renes-du-pouvoir\/","og_site_name":"Actualit\u00e9s congolaises et internationales","article_publisher":"https:\/\/web.facebook.com\/Congovirtuel-763617960319601\/?ref=aymt_homepage_panel&amp%3bamp%3bamp%3bamp%3bamp%3bamp%3bamp%3bamp%3bamp%3bamp%3bamp%3beid=ARCoxULa66767kIgF_KYav6VdjXTI4yk_LW4yoVO9s6NXpysgb7Cb65vpxcxgqzOAKvIbLQxaAETcqHT","article_published_time":"2021-02-01T11:51:07+00:00","article_modified_time":"2021-02-01T11:51:22+00:00","og_image":[{"width":960,"height":525,"url":"https:\/\/congovirtuel.com\/information\/wp-content\/uploads\/2020\/12\/felix_discours_separation.jpg","type":"image\/jpeg"}],"author":"infocongovirtuel","twitter_card":"summary_large_image","twitter_creator":"@congovirtuel","twitter_site":"@congovirtuel","twitter_misc":{"\u00c9crit par":"infocongovirtuel","Dur\u00e9e de lecture estim\u00e9e":"4 minutes"},"schema":{"@context":"https:\/\/schema.org","@graph":[{"@type":"Article","@id":"https:\/\/congovirtuel.com\/information\/rd-congo-comment-felix-tshisekedi-a-repris-les-renes-du-pouvoir\/#article","isPartOf":{"@id":"https:\/\/congovirtuel.com\/information\/rd-congo-comment-felix-tshisekedi-a-repris-les-renes-du-pouvoir\/"},"author":{"name":"infocongovirtuel","@id":"https:\/\/congovirtuel.com\/information\/#\/schema\/person\/739a44bf7990966cb53d58d2fdeca0b6"},"headline":"RD Congo : comment F\u00e9lix Tshisekedi a repris les r\u00eanes du pouvoir","datePublished":"2021-02-01T11:51:07+00:00","dateModified":"2021-02-01T11:51:22+00:00","mainEntityOfPage":{"@id":"https:\/\/congovirtuel.com\/information\/rd-congo-comment-felix-tshisekedi-a-repris-les-renes-du-pouvoir\/"},"wordCount":870,"commentCount":0,"publisher":{"@id":"https:\/\/congovirtuel.com\/information\/#organization"},"image":{"@id":"https:\/\/congovirtuel.com\/information\/rd-congo-comment-felix-tshisekedi-a-repris-les-renes-du-pouvoir\/#primaryimage"},"thumbnailUrl":"https:\/\/congovirtuel.com\/information\/wp-content\/uploads\/2020\/12\/felix_discours_separation.jpg","keywords":["F\u00e9lix Tshisekedi maitre du Congo"],"articleSection":["Gouvernement"],"inLanguage":"fr-FR","potentialAction":[{"@type":"CommentAction","name":"Comment","target":["https:\/\/congovirtuel.com\/information\/rd-congo-comment-felix-tshisekedi-a-repris-les-renes-du-pouvoir\/#respond"]}]},{"@type":"WebPage","@id":"https:\/\/congovirtuel.com\/information\/rd-congo-comment-felix-tshisekedi-a-repris-les-renes-du-pouvoir\/","url":"https:\/\/congovirtuel.com\/information\/rd-congo-comment-felix-tshisekedi-a-repris-les-renes-du-pouvoir\/","name":"RD Congo : comment F\u00e9lix Tshisekedi a repris les r\u00eanes du pouvoir - Actualit\u00e9s congolaises et internationales","isPartOf":{"@id":"https:\/\/congovirtuel.com\/information\/#website"},"primaryImageOfPage":{"@id":"https:\/\/congovirtuel.com\/information\/rd-congo-comment-felix-tshisekedi-a-repris-les-renes-du-pouvoir\/#primaryimage"},"image":{"@id":"https:\/\/congovirtuel.com\/information\/rd-congo-comment-felix-tshisekedi-a-repris-les-renes-du-pouvoir\/#primaryimage"},"thumbnailUrl":"https:\/\/congovirtuel.com\/information\/wp-content\/uploads\/2020\/12\/felix_discours_separation.jpg","datePublished":"2021-02-01T11:51:07+00:00","dateModified":"2021-02-01T11:51:22+00:00","breadcrumb":{"@id":"https:\/\/congovirtuel.com\/information\/rd-congo-comment-felix-tshisekedi-a-repris-les-renes-du-pouvoir\/#breadcrumb"},"inLanguage":"fr-FR","potentialAction":[{"@type":"ReadAction","target":["https:\/\/congovirtuel.com\/information\/rd-congo-comment-felix-tshisekedi-a-repris-les-renes-du-pouvoir\/"]}]},{"@type":"ImageObject","inLanguage":"fr-FR","@id":"https:\/\/congovirtuel.com\/information\/rd-congo-comment-felix-tshisekedi-a-repris-les-renes-du-pouvoir\/#primaryimage","url":"https:\/\/congovirtuel.com\/information\/wp-content\/uploads\/2020\/12\/felix_discours_separation.jpg","contentUrl":"https:\/\/congovirtuel.com\/information\/wp-content\/uploads\/2020\/12\/felix_discours_separation.jpg","width":960,"height":525,"caption":"felix_discours_separation"},{"@type":"BreadcrumbList","@id":"https:\/\/congovirtuel.com\/information\/rd-congo-comment-felix-tshisekedi-a-repris-les-renes-du-pouvoir\/#breadcrumb","itemListElement":[{"@type":"ListItem","position":1,"name":"Accueil","item":"https:\/\/congovirtuel.com\/information\/"},{"@type":"ListItem","position":2,"name":"RD Congo : comment F\u00e9lix Tshisekedi a repris les r\u00eanes du pouvoir"}]},{"@type":"WebSite","@id":"https:\/\/congovirtuel.com\/information\/#website","url":"https:\/\/congovirtuel.com\/information\/","name":"Actualit\u00e9s congolaises et internationales","description":"site d&#039;analyse et de traitement d&#039;information","publisher":{"@id":"https:\/\/congovirtuel.com\/information\/#organization"},"potentialAction":[{"@type":"SearchAction","target":{"@type":"EntryPoint","urlTemplate":"https:\/\/congovirtuel.com\/information\/?s={search_term_string}"},"query-input":{"@type":"PropertyValueSpecification","valueRequired":true,"valueName":"search_term_string"}}],"inLanguage":"fr-FR"},{"@type":"Organization","@id":"https:\/\/congovirtuel.com\/information\/#organization","name":"Biblioth\u00e8que Virtuelle de la RDC","url":"https:\/\/congovirtuel.com\/information\/","logo":{"@type":"ImageObject","inLanguage":"fr-FR","@id":"https:\/\/congovirtuel.com\/information\/#\/schema\/logo\/image\/","url":"https:\/\/congovirtuel.com\/information\/wp-content\/uploads\/2018\/10\/header-info-congovirtuel-vraie.jpg","contentUrl":"https:\/\/congovirtuel.com\/information\/wp-content\/uploads\/2018\/10\/header-info-congovirtuel-vraie.jpg","width":728,"height":90,"caption":"Biblioth\u00e8que Virtuelle de la RDC"},"image":{"@id":"https:\/\/congovirtuel.com\/information\/#\/schema\/logo\/image\/"},"sameAs":["https:\/\/web.facebook.com\/Congovirtuel-763617960319601\/?ref=aymt_homepage_panel&amp;amp;amp;amp;amp;amp;amp;amp;amp;amp;amp;eid=ARCoxULa66767kIgF_KYav6VdjXTI4yk_LW4yoVO9s6NXpysgb7Cb65vpxcxgqzOAKvIbLQxaAETcqHT","https:\/\/x.com\/congovirtuel","https:\/\/www.youtube.com\/channel\/UCkFfprYzGgS3EWNpeMXpToQ?view_as=subscriber"]},{"@type":"Person","@id":"https:\/\/congovirtuel.com\/information\/#\/schema\/person\/739a44bf7990966cb53d58d2fdeca0b6","name":"infocongovirtuel","image":{"@type":"ImageObject","inLanguage":"fr-FR","@id":"https:\/\/secure.gravatar.com\/avatar\/4d76991aa72469f0eb22e772586c99113c6997f88da636a9db8f2ce3a2c05e69?s=96&d=mm&r=g","url":"https:\/\/secure.gravatar.com\/avatar\/4d76991aa72469f0eb22e772586c99113c6997f88da636a9db8f2ce3a2c05e69?s=96&d=mm&r=g","contentUrl":"https:\/\/secure.gravatar.com\/avatar\/4d76991aa72469f0eb22e772586c99113c6997f88da636a9db8f2ce3a2c05e69?s=96&d=mm&r=g","caption":"infocongovirtuel"},"url":"https:\/\/congovirtuel.com\/information\/author\/infocongovirtuel\/"}]}},"gt_translate_keys":[{"key":"link","format":"url"}],"_links":{"self":[{"href":"https:\/\/congovirtuel.com\/information\/wp-json\/wp\/v2\/posts\/5971","targetHints":{"allow":["GET"]}}],"collection":[{"href":"https:\/\/congovirtuel.com\/information\/wp-json\/wp\/v2\/posts"}],"about":[{"href":"https:\/\/congovirtuel.com\/information\/wp-json\/wp\/v2\/types\/post"}],"author":[{"embeddable":true,"href":"https:\/\/congovirtuel.com\/information\/wp-json\/wp\/v2\/users\/1"}],"replies":[{"embeddable":true,"href":"https:\/\/congovirtuel.com\/information\/wp-json\/wp\/v2\/comments?post=5971"}],"version-history":[{"count":1,"href":"https:\/\/congovirtuel.com\/information\/wp-json\/wp\/v2\/posts\/5971\/revisions"}],"predecessor-version":[{"id":5972,"href":"https:\/\/congovirtuel.com\/information\/wp-json\/wp\/v2\/posts\/5971\/revisions\/5972"}],"wp:featuredmedia":[{"embeddable":true,"href":"https:\/\/congovirtuel.com\/information\/wp-json\/wp\/v2\/media\/4745"}],"wp:attachment":[{"href":"https:\/\/congovirtuel.com\/information\/wp-json\/wp\/v2\/media?parent=5971"}],"wp:term":[{"taxonomy":"category","embeddable":true,"href":"https:\/\/congovirtuel.com\/information\/wp-json\/wp\/v2\/categories?post=5971"},{"taxonomy":"post_tag","embeddable":true,"href":"https:\/\/congovirtuel.com\/information\/wp-json\/wp\/v2\/tags?post=5971"}],"curies":[{"name":"wp","href":"https:\/\/api.w.org\/{rel}","templated":true}]}}