{"id":6066,"date":"2021-02-06T18:12:39","date_gmt":"2021-02-06T17:12:39","guid":{"rendered":"https:\/\/congovirtuel.com\/information\/?p=6066"},"modified":"2021-02-06T18:12:47","modified_gmt":"2021-02-06T17:12:47","slug":"la-rdc-classee-150eme-au-classement-mondial-de-la-liberte-de-la-presse-2020","status":"publish","type":"post","link":"https:\/\/congovirtuel.com\/information\/la-rdc-classee-150eme-au-classement-mondial-de-la-liberte-de-la-presse-2020\/","title":{"rendered":"LA RDC CLASS\u00c9E 150eme AU CLASSEMENT MONDIAL DE LA LIBERTE DE LA PRESSE 2020","gt_translate_keys":[{"key":"rendered","format":"text"}]},"content":{"rendered":"\n<p class=\"wp-block-paragraph\">Arrestations, agressions, menaces, m\u00e9dias suspendus, pill\u00e9s ou saccag\u00e9s, les atteintes \u00e0 la libert\u00e9 de la presse, qui avaient connu un l\u00e9ger recul \u00e0 l&rsquo;arriv\u00e9e du nouveau pr\u00e9sident<strong>\u00a0F\u00e9lix Tshisekedi\u00a0<\/strong>au pouvoir en janvier 2019, se maintiennent \u00e0 un niveau alarmant. L&rsquo;ann\u00e9e a \u00e9t\u00e9 particuli\u00e8rement sinistre dans les provinces touch\u00e9es par l&rsquo;\u00e9pid\u00e9mie Ebola. Un journaliste a \u00e9t\u00e9 assassin\u00e9, plusieurs de ses confr\u00e8res et cons\u0153urs ont \u00e9t\u00e9 menac\u00e9s, et les m\u00e9dias communautaires participant \u00e0 la lutte contre la maladie en diffusant des messages de pr\u00e9vention ont \u00e9t\u00e9 compl\u00e8tement laiss\u00e9s \u00e0 l&rsquo;abandon par les acteurs en charge de la riposte. Sans mesures concr\u00e8tes, la promesse du chef de l&rsquo;\u00c9tat congolais de faire des m\u00e9dias un \u00ab v\u00e9ritable quatri\u00e8me pouvoir \u00bb risquent de rester lettre morte, et l&rsquo;environnement dans lequel \u00e9voluent les professionnels de l&rsquo;information demeure extr\u00eamement hostile. L\u2019adoption d\u2019un nouveau cadre l\u00e9gal pour remplacer la loi de 1996, qui criminalise les d\u00e9lits de presse, et la mise en place d&rsquo;un m\u00e9canisme d\u00e9di\u00e9 \u00e0 la protection et \u00e0 la s\u00e9curit\u00e9 des journalistes apparaissent comme des pr\u00e9alables indispensables au renouveau promis en mati\u00e8re de libert\u00e9 de la presse. Sans actes forts, l&rsquo;espoir de voir la situation s&rsquo;am\u00e9liorer est vain apr\u00e8s deux d\u00e9cennies d&rsquo;exactions \u00e0 r\u00e9p\u00e9tition contre les professionnels de l&rsquo;information. Pendant les ann\u00e9es\u00a0<strong>Kabila<\/strong>, la banalisation de la violence s\u2019est d\u00e9velopp\u00e9e en totale impunit\u00e9, et les assassins des 10 journalistes tu\u00e9s sous sa pr\u00e9sidence n\u2019ont jamais \u00e9t\u00e9 traduits en justice. La libert\u00e9 d\u2019informer \u00e9tait \u00e9galement malmen\u00e9e en ligne, o\u00f9 internet \u00e9tait r\u00e9guli\u00e8rement coup\u00e9 et o\u00f9 les r\u00e9seaux sociaux \u00e9taient bloqu\u00e9s, comme ce fut le cas lors de la derni\u00e8re \u00e9lection pr\u00e9sidentielle.<br>150au Classement mondial de la libert\u00e9 de la presse 2020<\/p>\n\n\n\n<p class=\"wp-block-paragraph\"><strong>RSF<\/strong><\/p>\n\n\n\n<p class=\"wp-block-paragraph\">CLASSEMENT<\/p>\n\n\n\n<p class=\"wp-block-paragraph\">+4<\/p>\n\n\n\n<p class=\"wp-block-paragraph\">154 en 2019<\/p>\n\n\n\n<p class=\"wp-block-paragraph\">SCORE GLOBAL<\/p>\n\n\n\n<p class=\"wp-block-paragraph\">-2,62<\/p>\n\n\n\n<p class=\"wp-block-paragraph\">51,71 en 2019<\/p>\n","protected":false,"gt_translate_keys":[{"key":"rendered","format":"html"}]},"excerpt":{"rendered":"<p>Arrestations, agressions, menaces, m\u00e9dias suspendus, pill\u00e9s ou saccag\u00e9s, les atteintes \u00e0 la libert\u00e9 de la presse, qui avaient connu un l\u00e9ger recul \u00e0 l&rsquo;arriv\u00e9e du nouveau pr\u00e9sident\u00a0F\u00e9lix Tshisekedi\u00a0au pouvoir en janvier 2019, se maintiennent \u00e0 un niveau alarmant. L&rsquo;ann\u00e9e a \u00e9t\u00e9 particuli\u00e8rement sinistre dans les provinces touch\u00e9es par l&rsquo;\u00e9pid\u00e9mie Ebola. Un journaliste a \u00e9t\u00e9 assassin\u00e9, plusieurs de ses confr\u00e8res et cons\u0153urs ont \u00e9t\u00e9 menac\u00e9s, et les m\u00e9dias communautaires participant \u00e0 la lutte contre la maladie en diffusant des messages de pr\u00e9vention ont \u00e9t\u00e9 compl\u00e8tement laiss\u00e9s \u00e0 l&rsquo;abandon par les acteurs&hellip;<\/p>\n","protected":false,"gt_translate_keys":[{"key":"rendered","format":"html"}]},"author":1,"featured_media":5885,"comment_status":"open","ping_status":"open","sticky":false,"template":"","format":"standard","meta":{"_crdt_document":"","footnotes":""},"categories":[4911],"tags":[5246],"class_list":["post-6066","post","type-post","status-publish","format-standard","has-post-thumbnail","hentry","category-medias","tag-rdc-classement-liberte-de-la-presse"],"gutentor_comment":0,"yoast_head":"<!-- This site is optimized with the Yoast SEO plugin v27.5 - https:\/\/yoast.com\/product\/yoast-seo-wordpress\/ -->\n<title>LA RDC CLASS\u00c9E 150eme AU CLASSEMENT MONDIAL DE LA LIBERTE DE LA PRESSE 2020 - Actualit\u00e9s congolaises et internationales<\/title>\n<meta name=\"robots\" content=\"index, follow, max-snippet:-1, max-image-preview:large, max-video-preview:-1\" \/>\n<link rel=\"canonical\" href=\"https:\/\/congovirtuel.com\/information\/la-rdc-classee-150eme-au-classement-mondial-de-la-liberte-de-la-presse-2020\/\" \/>\n<meta property=\"og:locale\" content=\"fr_FR\" \/>\n<meta property=\"og:type\" content=\"article\" \/>\n<meta property=\"og:title\" content=\"LA RDC CLASS\u00c9E 150eme AU CLASSEMENT MONDIAL DE LA LIBERTE DE LA PRESSE 2020 - Actualit\u00e9s congolaises et internationales\" \/>\n<meta property=\"og:description\" content=\"Arrestations, agressions, menaces, m\u00e9dias suspendus, pill\u00e9s ou saccag\u00e9s, les atteintes \u00e0 la libert\u00e9 de la presse, qui avaient connu un l\u00e9ger recul \u00e0 l&rsquo;arriv\u00e9e du nouveau pr\u00e9sident\u00a0F\u00e9lix Tshisekedi\u00a0au pouvoir en janvier 2019, se maintiennent \u00e0 un niveau alarmant. L&rsquo;ann\u00e9e a \u00e9t\u00e9 particuli\u00e8rement sinistre dans les provinces touch\u00e9es par l&rsquo;\u00e9pid\u00e9mie Ebola. Un journaliste a \u00e9t\u00e9 assassin\u00e9, plusieurs de ses confr\u00e8res et cons\u0153urs ont \u00e9t\u00e9 menac\u00e9s, et les m\u00e9dias communautaires participant \u00e0 la lutte contre la maladie en diffusant des messages de pr\u00e9vention ont \u00e9t\u00e9 compl\u00e8tement laiss\u00e9s \u00e0 l&rsquo;abandon par les acteurs&hellip;\" \/>\n<meta property=\"og:url\" content=\"https:\/\/congovirtuel.com\/information\/la-rdc-classee-150eme-au-classement-mondial-de-la-liberte-de-la-presse-2020\/\" \/>\n<meta property=\"og:site_name\" content=\"Actualit\u00e9s congolaises et internationales\" \/>\n<meta property=\"article:publisher\" content=\"https:\/\/web.facebook.com\/Congovirtuel-763617960319601\/?ref=aymt_homepage_panel&amp;amp%3bamp%3bamp%3bamp%3bamp%3bamp%3bamp%3bamp%3bamp%3bamp%3bamp%3beid=ARCoxULa66767kIgF_KYav6VdjXTI4yk_LW4yoVO9s6NXpysgb7Cb65vpxcxgqzOAKvIbLQxaAETcqHT\" \/>\n<meta property=\"article:published_time\" content=\"2021-02-06T17:12:39+00:00\" \/>\n<meta property=\"article:modified_time\" content=\"2021-02-06T17:12:47+00:00\" \/>\n<meta property=\"og:image\" content=\"https:\/\/congovirtuel.com\/information\/wp-content\/uploads\/2021\/01\/repression_drc.jpg\" \/>\n\t<meta property=\"og:image:width\" content=\"870\" \/>\n\t<meta property=\"og:image:height\" content=\"580\" \/>\n\t<meta property=\"og:image:type\" content=\"image\/jpeg\" \/>\n<meta name=\"author\" content=\"infocongovirtuel\" \/>\n<meta name=\"twitter:card\" content=\"summary_large_image\" \/>\n<meta name=\"twitter:creator\" content=\"@congovirtuel\" \/>\n<meta name=\"twitter:site\" content=\"@congovirtuel\" \/>\n<meta name=\"twitter:label1\" content=\"\u00c9crit par\" \/>\n\t<meta name=\"twitter:data1\" content=\"infocongovirtuel\" \/>\n\t<meta name=\"twitter:label2\" content=\"Dur\u00e9e de lecture estim\u00e9e\" \/>\n\t<meta name=\"twitter:data2\" content=\"2 minutes\" \/>\n<script type=\"application\/ld+json\" class=\"yoast-schema-graph\">{\"@context\":\"https:\\\/\\\/schema.org\",\"@graph\":[{\"@type\":\"Article\",\"@id\":\"https:\\\/\\\/congovirtuel.com\\\/information\\\/la-rdc-classee-150eme-au-classement-mondial-de-la-liberte-de-la-presse-2020\\\/#article\",\"isPartOf\":{\"@id\":\"https:\\\/\\\/congovirtuel.com\\\/information\\\/la-rdc-classee-150eme-au-classement-mondial-de-la-liberte-de-la-presse-2020\\\/\"},\"author\":{\"name\":\"infocongovirtuel\",\"@id\":\"https:\\\/\\\/congovirtuel.com\\\/information\\\/#\\\/schema\\\/person\\\/739a44bf7990966cb53d58d2fdeca0b6\"},\"headline\":\"LA RDC CLASS\u00c9E 150eme AU CLASSEMENT MONDIAL DE LA LIBERTE DE LA PRESSE 2020\",\"datePublished\":\"2021-02-06T17:12:39+00:00\",\"dateModified\":\"2021-02-06T17:12:47+00:00\",\"mainEntityOfPage\":{\"@id\":\"https:\\\/\\\/congovirtuel.com\\\/information\\\/la-rdc-classee-150eme-au-classement-mondial-de-la-liberte-de-la-presse-2020\\\/\"},\"wordCount\":347,\"commentCount\":0,\"publisher\":{\"@id\":\"https:\\\/\\\/congovirtuel.com\\\/information\\\/#organization\"},\"image\":{\"@id\":\"https:\\\/\\\/congovirtuel.com\\\/information\\\/la-rdc-classee-150eme-au-classement-mondial-de-la-liberte-de-la-presse-2020\\\/#primaryimage\"},\"thumbnailUrl\":\"https:\\\/\\\/congovirtuel.com\\\/information\\\/wp-content\\\/uploads\\\/2021\\\/01\\\/repression_drc.jpg\",\"keywords\":[\"RDC classement libert\u00e9 de la presse\"],\"articleSection\":[\"M\u00e9dias\"],\"inLanguage\":\"fr-FR\",\"potentialAction\":[{\"@type\":\"CommentAction\",\"name\":\"Comment\",\"target\":[\"https:\\\/\\\/congovirtuel.com\\\/information\\\/la-rdc-classee-150eme-au-classement-mondial-de-la-liberte-de-la-presse-2020\\\/#respond\"]}]},{\"@type\":\"WebPage\",\"@id\":\"https:\\\/\\\/congovirtuel.com\\\/information\\\/la-rdc-classee-150eme-au-classement-mondial-de-la-liberte-de-la-presse-2020\\\/\",\"url\":\"https:\\\/\\\/congovirtuel.com\\\/information\\\/la-rdc-classee-150eme-au-classement-mondial-de-la-liberte-de-la-presse-2020\\\/\",\"name\":\"LA RDC CLASS\u00c9E 150eme AU CLASSEMENT MONDIAL DE LA LIBERTE DE LA PRESSE 2020 - Actualit\u00e9s congolaises et internationales\",\"isPartOf\":{\"@id\":\"https:\\\/\\\/congovirtuel.com\\\/information\\\/#website\"},\"primaryImageOfPage\":{\"@id\":\"https:\\\/\\\/congovirtuel.com\\\/information\\\/la-rdc-classee-150eme-au-classement-mondial-de-la-liberte-de-la-presse-2020\\\/#primaryimage\"},\"image\":{\"@id\":\"https:\\\/\\\/congovirtuel.com\\\/information\\\/la-rdc-classee-150eme-au-classement-mondial-de-la-liberte-de-la-presse-2020\\\/#primaryimage\"},\"thumbnailUrl\":\"https:\\\/\\\/congovirtuel.com\\\/information\\\/wp-content\\\/uploads\\\/2021\\\/01\\\/repression_drc.jpg\",\"datePublished\":\"2021-02-06T17:12:39+00:00\",\"dateModified\":\"2021-02-06T17:12:47+00:00\",\"breadcrumb\":{\"@id\":\"https:\\\/\\\/congovirtuel.com\\\/information\\\/la-rdc-classee-150eme-au-classement-mondial-de-la-liberte-de-la-presse-2020\\\/#breadcrumb\"},\"inLanguage\":\"fr-FR\",\"potentialAction\":[{\"@type\":\"ReadAction\",\"target\":[\"https:\\\/\\\/congovirtuel.com\\\/information\\\/la-rdc-classee-150eme-au-classement-mondial-de-la-liberte-de-la-presse-2020\\\/\"]}]},{\"@type\":\"ImageObject\",\"inLanguage\":\"fr-FR\",\"@id\":\"https:\\\/\\\/congovirtuel.com\\\/information\\\/la-rdc-classee-150eme-au-classement-mondial-de-la-liberte-de-la-presse-2020\\\/#primaryimage\",\"url\":\"https:\\\/\\\/congovirtuel.com\\\/information\\\/wp-content\\\/uploads\\\/2021\\\/01\\\/repression_drc.jpg\",\"contentUrl\":\"https:\\\/\\\/congovirtuel.com\\\/information\\\/wp-content\\\/uploads\\\/2021\\\/01\\\/repression_drc.jpg\",\"width\":870,\"height\":580,\"caption\":\"repression DRC\"},{\"@type\":\"BreadcrumbList\",\"@id\":\"https:\\\/\\\/congovirtuel.com\\\/information\\\/la-rdc-classee-150eme-au-classement-mondial-de-la-liberte-de-la-presse-2020\\\/#breadcrumb\",\"itemListElement\":[{\"@type\":\"ListItem\",\"position\":1,\"name\":\"Accueil\",\"item\":\"https:\\\/\\\/congovirtuel.com\\\/information\\\/\"},{\"@type\":\"ListItem\",\"position\":2,\"name\":\"LA RDC CLASS\u00c9E 150eme AU CLASSEMENT MONDIAL DE LA LIBERTE DE LA PRESSE 2020\"}]},{\"@type\":\"WebSite\",\"@id\":\"https:\\\/\\\/congovirtuel.com\\\/information\\\/#website\",\"url\":\"https:\\\/\\\/congovirtuel.com\\\/information\\\/\",\"name\":\"Actualit\u00e9s congolaises et internationales\",\"description\":\"site d&#039;analyse et de traitement d&#039;information\",\"publisher\":{\"@id\":\"https:\\\/\\\/congovirtuel.com\\\/information\\\/#organization\"},\"potentialAction\":[{\"@type\":\"SearchAction\",\"target\":{\"@type\":\"EntryPoint\",\"urlTemplate\":\"https:\\\/\\\/congovirtuel.com\\\/information\\\/?s={search_term_string}\"},\"query-input\":{\"@type\":\"PropertyValueSpecification\",\"valueRequired\":true,\"valueName\":\"search_term_string\"}}],\"inLanguage\":\"fr-FR\"},{\"@type\":\"Organization\",\"@id\":\"https:\\\/\\\/congovirtuel.com\\\/information\\\/#organization\",\"name\":\"Biblioth\u00e8que Virtuelle de la RDC\",\"url\":\"https:\\\/\\\/congovirtuel.com\\\/information\\\/\",\"logo\":{\"@type\":\"ImageObject\",\"inLanguage\":\"fr-FR\",\"@id\":\"https:\\\/\\\/congovirtuel.com\\\/information\\\/#\\\/schema\\\/logo\\\/image\\\/\",\"url\":\"https:\\\/\\\/congovirtuel.com\\\/information\\\/wp-content\\\/uploads\\\/2018\\\/10\\\/header-info-congovirtuel-vraie.jpg\",\"contentUrl\":\"https:\\\/\\\/congovirtuel.com\\\/information\\\/wp-content\\\/uploads\\\/2018\\\/10\\\/header-info-congovirtuel-vraie.jpg\",\"width\":728,\"height\":90,\"caption\":\"Biblioth\u00e8que Virtuelle de la RDC\"},\"image\":{\"@id\":\"https:\\\/\\\/congovirtuel.com\\\/information\\\/#\\\/schema\\\/logo\\\/image\\\/\"},\"sameAs\":[\"https:\\\/\\\/web.facebook.com\\\/Congovirtuel-763617960319601\\\/?ref=aymt_homepage_panel&amp;amp;amp;amp;amp;amp;amp;amp;amp;amp;amp;eid=ARCoxULa66767kIgF_KYav6VdjXTI4yk_LW4yoVO9s6NXpysgb7Cb65vpxcxgqzOAKvIbLQxaAETcqHT\",\"https:\\\/\\\/x.com\\\/congovirtuel\",\"https:\\\/\\\/www.youtube.com\\\/channel\\\/UCkFfprYzGgS3EWNpeMXpToQ?view_as=subscriber\"]},{\"@type\":\"Person\",\"@id\":\"https:\\\/\\\/congovirtuel.com\\\/information\\\/#\\\/schema\\\/person\\\/739a44bf7990966cb53d58d2fdeca0b6\",\"name\":\"infocongovirtuel\",\"image\":{\"@type\":\"ImageObject\",\"inLanguage\":\"fr-FR\",\"@id\":\"https:\\\/\\\/secure.gravatar.com\\\/avatar\\\/4d76991aa72469f0eb22e772586c99113c6997f88da636a9db8f2ce3a2c05e69?s=96&d=mm&r=g\",\"url\":\"https:\\\/\\\/secure.gravatar.com\\\/avatar\\\/4d76991aa72469f0eb22e772586c99113c6997f88da636a9db8f2ce3a2c05e69?s=96&d=mm&r=g\",\"contentUrl\":\"https:\\\/\\\/secure.gravatar.com\\\/avatar\\\/4d76991aa72469f0eb22e772586c99113c6997f88da636a9db8f2ce3a2c05e69?s=96&d=mm&r=g\",\"caption\":\"infocongovirtuel\"},\"url\":\"https:\\\/\\\/congovirtuel.com\\\/information\\\/author\\\/infocongovirtuel\\\/\"}]}<\/script>\n<!-- \/ Yoast SEO plugin. -->","yoast_head_json":{"title":"LA RDC CLASS\u00c9E 150eme AU CLASSEMENT MONDIAL DE LA LIBERTE DE LA PRESSE 2020 - Actualit\u00e9s congolaises et internationales","robots":{"index":"index","follow":"follow","max-snippet":"max-snippet:-1","max-image-preview":"max-image-preview:large","max-video-preview":"max-video-preview:-1"},"canonical":"https:\/\/congovirtuel.com\/information\/la-rdc-classee-150eme-au-classement-mondial-de-la-liberte-de-la-presse-2020\/","og_locale":"fr_FR","og_type":"article","og_title":"LA RDC CLASS\u00c9E 150eme AU CLASSEMENT MONDIAL DE LA LIBERTE DE LA PRESSE 2020 - Actualit\u00e9s congolaises et internationales","og_description":"Arrestations, agressions, menaces, m\u00e9dias suspendus, pill\u00e9s ou saccag\u00e9s, les atteintes \u00e0 la libert\u00e9 de la presse, qui avaient connu un l\u00e9ger recul \u00e0 l&rsquo;arriv\u00e9e du nouveau pr\u00e9sident\u00a0F\u00e9lix Tshisekedi\u00a0au pouvoir en janvier 2019, se maintiennent \u00e0 un niveau alarmant. L&rsquo;ann\u00e9e a \u00e9t\u00e9 particuli\u00e8rement sinistre dans les provinces touch\u00e9es par l&rsquo;\u00e9pid\u00e9mie Ebola. Un journaliste a \u00e9t\u00e9 assassin\u00e9, plusieurs de ses confr\u00e8res et cons\u0153urs ont \u00e9t\u00e9 menac\u00e9s, et les m\u00e9dias communautaires participant \u00e0 la lutte contre la maladie en diffusant des messages de pr\u00e9vention ont \u00e9t\u00e9 compl\u00e8tement laiss\u00e9s \u00e0 l&rsquo;abandon par les acteurs&hellip;","og_url":"https:\/\/congovirtuel.com\/information\/la-rdc-classee-150eme-au-classement-mondial-de-la-liberte-de-la-presse-2020\/","og_site_name":"Actualit\u00e9s congolaises et internationales","article_publisher":"https:\/\/web.facebook.com\/Congovirtuel-763617960319601\/?ref=aymt_homepage_panel&amp%3bamp%3bamp%3bamp%3bamp%3bamp%3bamp%3bamp%3bamp%3bamp%3bamp%3beid=ARCoxULa66767kIgF_KYav6VdjXTI4yk_LW4yoVO9s6NXpysgb7Cb65vpxcxgqzOAKvIbLQxaAETcqHT","article_published_time":"2021-02-06T17:12:39+00:00","article_modified_time":"2021-02-06T17:12:47+00:00","og_image":[{"width":870,"height":580,"url":"https:\/\/congovirtuel.com\/information\/wp-content\/uploads\/2021\/01\/repression_drc.jpg","type":"image\/jpeg"}],"author":"infocongovirtuel","twitter_card":"summary_large_image","twitter_creator":"@congovirtuel","twitter_site":"@congovirtuel","twitter_misc":{"\u00c9crit par":"infocongovirtuel","Dur\u00e9e de lecture estim\u00e9e":"2 minutes"},"schema":{"@context":"https:\/\/schema.org","@graph":[{"@type":"Article","@id":"https:\/\/congovirtuel.com\/information\/la-rdc-classee-150eme-au-classement-mondial-de-la-liberte-de-la-presse-2020\/#article","isPartOf":{"@id":"https:\/\/congovirtuel.com\/information\/la-rdc-classee-150eme-au-classement-mondial-de-la-liberte-de-la-presse-2020\/"},"author":{"name":"infocongovirtuel","@id":"https:\/\/congovirtuel.com\/information\/#\/schema\/person\/739a44bf7990966cb53d58d2fdeca0b6"},"headline":"LA RDC CLASS\u00c9E 150eme AU CLASSEMENT MONDIAL DE LA LIBERTE DE LA PRESSE 2020","datePublished":"2021-02-06T17:12:39+00:00","dateModified":"2021-02-06T17:12:47+00:00","mainEntityOfPage":{"@id":"https:\/\/congovirtuel.com\/information\/la-rdc-classee-150eme-au-classement-mondial-de-la-liberte-de-la-presse-2020\/"},"wordCount":347,"commentCount":0,"publisher":{"@id":"https:\/\/congovirtuel.com\/information\/#organization"},"image":{"@id":"https:\/\/congovirtuel.com\/information\/la-rdc-classee-150eme-au-classement-mondial-de-la-liberte-de-la-presse-2020\/#primaryimage"},"thumbnailUrl":"https:\/\/congovirtuel.com\/information\/wp-content\/uploads\/2021\/01\/repression_drc.jpg","keywords":["RDC classement libert\u00e9 de la presse"],"articleSection":["M\u00e9dias"],"inLanguage":"fr-FR","potentialAction":[{"@type":"CommentAction","name":"Comment","target":["https:\/\/congovirtuel.com\/information\/la-rdc-classee-150eme-au-classement-mondial-de-la-liberte-de-la-presse-2020\/#respond"]}]},{"@type":"WebPage","@id":"https:\/\/congovirtuel.com\/information\/la-rdc-classee-150eme-au-classement-mondial-de-la-liberte-de-la-presse-2020\/","url":"https:\/\/congovirtuel.com\/information\/la-rdc-classee-150eme-au-classement-mondial-de-la-liberte-de-la-presse-2020\/","name":"LA RDC CLASS\u00c9E 150eme AU CLASSEMENT MONDIAL DE LA LIBERTE DE LA PRESSE 2020 - Actualit\u00e9s congolaises et internationales","isPartOf":{"@id":"https:\/\/congovirtuel.com\/information\/#website"},"primaryImageOfPage":{"@id":"https:\/\/congovirtuel.com\/information\/la-rdc-classee-150eme-au-classement-mondial-de-la-liberte-de-la-presse-2020\/#primaryimage"},"image":{"@id":"https:\/\/congovirtuel.com\/information\/la-rdc-classee-150eme-au-classement-mondial-de-la-liberte-de-la-presse-2020\/#primaryimage"},"thumbnailUrl":"https:\/\/congovirtuel.com\/information\/wp-content\/uploads\/2021\/01\/repression_drc.jpg","datePublished":"2021-02-06T17:12:39+00:00","dateModified":"2021-02-06T17:12:47+00:00","breadcrumb":{"@id":"https:\/\/congovirtuel.com\/information\/la-rdc-classee-150eme-au-classement-mondial-de-la-liberte-de-la-presse-2020\/#breadcrumb"},"inLanguage":"fr-FR","potentialAction":[{"@type":"ReadAction","target":["https:\/\/congovirtuel.com\/information\/la-rdc-classee-150eme-au-classement-mondial-de-la-liberte-de-la-presse-2020\/"]}]},{"@type":"ImageObject","inLanguage":"fr-FR","@id":"https:\/\/congovirtuel.com\/information\/la-rdc-classee-150eme-au-classement-mondial-de-la-liberte-de-la-presse-2020\/#primaryimage","url":"https:\/\/congovirtuel.com\/information\/wp-content\/uploads\/2021\/01\/repression_drc.jpg","contentUrl":"https:\/\/congovirtuel.com\/information\/wp-content\/uploads\/2021\/01\/repression_drc.jpg","width":870,"height":580,"caption":"repression DRC"},{"@type":"BreadcrumbList","@id":"https:\/\/congovirtuel.com\/information\/la-rdc-classee-150eme-au-classement-mondial-de-la-liberte-de-la-presse-2020\/#breadcrumb","itemListElement":[{"@type":"ListItem","position":1,"name":"Accueil","item":"https:\/\/congovirtuel.com\/information\/"},{"@type":"ListItem","position":2,"name":"LA RDC CLASS\u00c9E 150eme AU CLASSEMENT MONDIAL DE LA LIBERTE DE LA PRESSE 2020"}]},{"@type":"WebSite","@id":"https:\/\/congovirtuel.com\/information\/#website","url":"https:\/\/congovirtuel.com\/information\/","name":"Actualit\u00e9s congolaises et internationales","description":"site d&#039;analyse et de traitement d&#039;information","publisher":{"@id":"https:\/\/congovirtuel.com\/information\/#organization"},"potentialAction":[{"@type":"SearchAction","target":{"@type":"EntryPoint","urlTemplate":"https:\/\/congovirtuel.com\/information\/?s={search_term_string}"},"query-input":{"@type":"PropertyValueSpecification","valueRequired":true,"valueName":"search_term_string"}}],"inLanguage":"fr-FR"},{"@type":"Organization","@id":"https:\/\/congovirtuel.com\/information\/#organization","name":"Biblioth\u00e8que Virtuelle de la RDC","url":"https:\/\/congovirtuel.com\/information\/","logo":{"@type":"ImageObject","inLanguage":"fr-FR","@id":"https:\/\/congovirtuel.com\/information\/#\/schema\/logo\/image\/","url":"https:\/\/congovirtuel.com\/information\/wp-content\/uploads\/2018\/10\/header-info-congovirtuel-vraie.jpg","contentUrl":"https:\/\/congovirtuel.com\/information\/wp-content\/uploads\/2018\/10\/header-info-congovirtuel-vraie.jpg","width":728,"height":90,"caption":"Biblioth\u00e8que Virtuelle de la RDC"},"image":{"@id":"https:\/\/congovirtuel.com\/information\/#\/schema\/logo\/image\/"},"sameAs":["https:\/\/web.facebook.com\/Congovirtuel-763617960319601\/?ref=aymt_homepage_panel&amp;amp;amp;amp;amp;amp;amp;amp;amp;amp;amp;eid=ARCoxULa66767kIgF_KYav6VdjXTI4yk_LW4yoVO9s6NXpysgb7Cb65vpxcxgqzOAKvIbLQxaAETcqHT","https:\/\/x.com\/congovirtuel","https:\/\/www.youtube.com\/channel\/UCkFfprYzGgS3EWNpeMXpToQ?view_as=subscriber"]},{"@type":"Person","@id":"https:\/\/congovirtuel.com\/information\/#\/schema\/person\/739a44bf7990966cb53d58d2fdeca0b6","name":"infocongovirtuel","image":{"@type":"ImageObject","inLanguage":"fr-FR","@id":"https:\/\/secure.gravatar.com\/avatar\/4d76991aa72469f0eb22e772586c99113c6997f88da636a9db8f2ce3a2c05e69?s=96&d=mm&r=g","url":"https:\/\/secure.gravatar.com\/avatar\/4d76991aa72469f0eb22e772586c99113c6997f88da636a9db8f2ce3a2c05e69?s=96&d=mm&r=g","contentUrl":"https:\/\/secure.gravatar.com\/avatar\/4d76991aa72469f0eb22e772586c99113c6997f88da636a9db8f2ce3a2c05e69?s=96&d=mm&r=g","caption":"infocongovirtuel"},"url":"https:\/\/congovirtuel.com\/information\/author\/infocongovirtuel\/"}]}},"gt_translate_keys":[{"key":"link","format":"url"}],"_links":{"self":[{"href":"https:\/\/congovirtuel.com\/information\/wp-json\/wp\/v2\/posts\/6066","targetHints":{"allow":["GET"]}}],"collection":[{"href":"https:\/\/congovirtuel.com\/information\/wp-json\/wp\/v2\/posts"}],"about":[{"href":"https:\/\/congovirtuel.com\/information\/wp-json\/wp\/v2\/types\/post"}],"author":[{"embeddable":true,"href":"https:\/\/congovirtuel.com\/information\/wp-json\/wp\/v2\/users\/1"}],"replies":[{"embeddable":true,"href":"https:\/\/congovirtuel.com\/information\/wp-json\/wp\/v2\/comments?post=6066"}],"version-history":[{"count":1,"href":"https:\/\/congovirtuel.com\/information\/wp-json\/wp\/v2\/posts\/6066\/revisions"}],"predecessor-version":[{"id":6067,"href":"https:\/\/congovirtuel.com\/information\/wp-json\/wp\/v2\/posts\/6066\/revisions\/6067"}],"wp:featuredmedia":[{"embeddable":true,"href":"https:\/\/congovirtuel.com\/information\/wp-json\/wp\/v2\/media\/5885"}],"wp:attachment":[{"href":"https:\/\/congovirtuel.com\/information\/wp-json\/wp\/v2\/media?parent=6066"}],"wp:term":[{"taxonomy":"category","embeddable":true,"href":"https:\/\/congovirtuel.com\/information\/wp-json\/wp\/v2\/categories?post=6066"},{"taxonomy":"post_tag","embeddable":true,"href":"https:\/\/congovirtuel.com\/information\/wp-json\/wp\/v2\/tags?post=6066"}],"curies":[{"name":"wp","href":"https:\/\/api.w.org\/{rel}","templated":true}]}}