{"id":614,"date":"2020-03-10T09:47:19","date_gmt":"2020-03-10T08:47:19","guid":{"rendered":"https:\/\/congovirtuel.com\/information\/?p=614"},"modified":"2020-03-10T09:47:25","modified_gmt":"2020-03-10T08:47:25","slug":"rdc-la-monusco-assure-ne-pas-avoir-ete-sollicitee-pour-enqueter-sur-la-mort-de-kahimbi","status":"publish","type":"post","link":"https:\/\/congovirtuel.com\/information\/rdc-la-monusco-assure-ne-pas-avoir-ete-sollicitee-pour-enqueter-sur-la-mort-de-kahimbi\/","title":{"rendered":"RDC: la Monusco assure ne pas avoir \u00e9t\u00e9 sollicit\u00e9e pour enqu\u00eater sur la mort de Kahimbi","gt_translate_keys":[{"key":"rendered","format":"text"}]},"content":{"rendered":"\n<p class=\"wp-block-paragraph\"> <strong>En R\u00e9publique d\u00e9mocratique du Congo (RDC), une dizaine de jours apr\u00e8s la mort dans des conditions non encore \u00e9lucid\u00e9es du g\u00e9n\u00e9ral Delphin Kahimbi, proche de l&rsquo;ancien pr\u00e9sident congolais, de nombreuses questions se posent sur les enqu\u00eates en cours.<\/strong> <\/p>\n\n\n\n<p class=\"wp-block-paragraph\">En R\u00e9publique d\u00e9mocratique du Congo (RDC), alors que&nbsp;<strong><a target=\"_blank\" href=\"http:\/\/www.rfi.fr\/fr\/afrique\/20200301-rdc-mort-g%C3%A9n%C3%A9ral-major-delphin-kahimbi-r%C3%A9action-arm%C3%A9e\" rel=\"noreferrer noopener\">l&rsquo;enqu\u00eate<\/a><\/strong>&nbsp;est officiellement entre les mains de la justice militaire depuis ce drame, les propos attribu\u00e9s au pr\u00e9sident F\u00e9lix Tshisekedi lors du Conseil des ministres du 6&nbsp;mars&nbsp;semblent indiquer qu&rsquo;il aurait demand\u00e9 \u00e0 la Monusco de diligenter une enqu\u00eate ind\u00e9pendante, ce que nie la mission de l&rsquo;ONU dans le pays.<\/p>\n\n\n\n<p class=\"wp-block-paragraph\">Les propos du pr\u00e9sident Tshisekedi \u00e9taient pourtant on ne peut plus clairs. Il avait inform\u00e9 les membres de son gouvernement, selon le compte-rendu du porte-parole du gouvernement, qu&rsquo;il avait \u00ab\u00a0<em>d\u00e9cid\u00e9 de diligenter une enqu\u00eate ind\u00e9pendante \u00e0 l&rsquo;initiative de la Monusco<\/em>\u00a0\u00bb.<\/p>\n\n\n\n<script async src=\"\/\/pagead2.googlesyndication.com\/pagead\/js\/adsbygoogle.js\"><\/script>\n<!-- code responsive -->\n<ins class=\"adsbygoogle\"\n     style=\"display:block\"\n     data-ad-client=\"ca-pub-2119363214666215\"\n     data-ad-slot=\"1973679082\"\n     data-ad-format=\"auto\"><\/ins>\n<script>\n(adsbygoogle = window.adsbygoogle || []).push({});\n<\/script>\n\n\n\n<p class=\"wp-block-paragraph\">\u00ab&nbsp;<em>Tr\u00e8s bonne initiative<\/em>&nbsp;\u00bb a salu\u00e9 le 9 mars un haut cadre du FCC [Front commun pour le Congo], en parlant d&rsquo;une \u00ab&nbsp;<em>d\u00e9cision de nature \u00e0 instaurer la confiance sur les r\u00e9sultats de l&rsquo;enqu\u00eate en cours sur la disparition du g\u00e9n\u00e9ral Delphin Kahimbi<\/em>&nbsp;\u00bb. \u00ab&nbsp;<em>M\u00eame le pr\u00e9sident&nbsp;<\/em><strong><em><a target=\"_blank\" href=\"http:\/\/www.rfi.fr\/fr\/afrique\/20200307-rdc-pr%C3%A9sident-f%C3%A9lix-tshisekedi-mort-pendaision-g%C3%A9n%C3%A9ral-delphin-kahimbi\" rel=\"noreferrer noopener\">Tshisekedi a parl\u00e9 d&rsquo;une mort par pendaison<\/a><\/em><\/strong><em>&nbsp;sans pr\u00e9ciser si c&rsquo;\u00e9tait le fait de lui-m\u00eame ou d&rsquo;une main autre que la sienne<\/em>&nbsp;\u00bb, a point\u00e9 cette source.<\/p>\n\n\n\n<p class=\"wp-block-paragraph\">Probl\u00e8me, la Monusco assure n&rsquo;avoir re\u00e7u aucune demande dans ce sens, mais son porte-parole reconna\u00eet que la Mission de l&rsquo;ONU a donn\u00e9 son \u00ab&nbsp;<em>appui<\/em>&nbsp;\u00bb \u00e0 une enqu\u00eate men\u00e9e \u00e0 l&rsquo;initiative de la justice congolaise. \u00ab&nbsp;<em>Nous avons apport\u00e9 un soutien technique et scientifique \u00e0 la demande des autorit\u00e9s congolaises,&nbsp;<\/em>explique Mathias Gillmann, porte-parole de la mission onusienne.&nbsp;<em>C&rsquo;est une enqu\u00eate men\u00e9e par les autorit\u00e9s judiciaires nationales, non \u00e0 l&rsquo;initiative de la Mission&nbsp;<\/em>[de l&rsquo;ONU]<em>&nbsp;mais \u00e0 l&rsquo;initiative des autorit\u00e9s congolaises et nous ne ferons aucun commentaire concernant une enqu\u00eate qui est non seulement en cours, mais aussi diligent\u00e9 et men\u00e9e par les autorit\u00e9s nationales<\/em>&nbsp;\u00bb.<\/p>\n\n\n\n<p class=\"wp-block-paragraph\">Les investigations sont men\u00e9es par la justice militaire et non par la Mission de l\u2019ONU dans le pays qui n\u2019a \u00e9t\u00e9 sollicit\u00e9e que pour des raisons techniques, confirme sur RFI le porte-parole du pr\u00e9sident congolais.<\/p>\n\n\n\n<blockquote class=\"wp-block-quote is-layout-flow wp-block-quote-is-layout-flow\"><p>L\u2019enqu\u00eate a \u00e9t\u00e9 confi\u00e9e aux autorit\u00e9s congolaises comp\u00e9tentes et non \u00e0 la Monusco\u2026 le concours de la Monusco a \u00e9t\u00e9 requis sur les plans techniques et scientifiques et uniquement dans ces deux domaines.<\/p><cite>RFI<\/cite><\/blockquote>\n","protected":false,"gt_translate_keys":[{"key":"rendered","format":"html"}]},"excerpt":{"rendered":"<p>En R\u00e9publique d\u00e9mocratique du Congo (RDC), alors que l&rsquo;enqu\u00eate est officiellement entre les mains de la justice militaire depuis ce drame, les propos attribu\u00e9s au pr\u00e9sident F\u00e9lix Tshisekedi lors du Conseil des ministres du 6 mars semblent indiquer qu&rsquo;il aurait demand\u00e9 \u00e0 la Monusco de diligenter une enqu\u00eate ind\u00e9pendante, ce que nie la mission de l&rsquo;ONU dans le pays.<\/p>\n","protected":false,"gt_translate_keys":[{"key":"rendered","format":"html"}]},"author":1,"featured_media":615,"comment_status":"open","ping_status":"open","sticky":false,"template":"","format":"standard","meta":{"_crdt_document":"","footnotes":""},"categories":[218,199,177],"tags":[],"class_list":["post-614","post","type-post","status-publish","format-standard","has-post-thumbnail","hentry","category-gouvernement","category-insecurite","category-rdc-democratie"],"gutentor_comment":0,"yoast_head":"<!-- This site is optimized with the Yoast SEO plugin v27.5 - https:\/\/yoast.com\/product\/yoast-seo-wordpress\/ -->\n<title>RDC: la Monusco assure ne pas avoir \u00e9t\u00e9 sollicit\u00e9e pour enqu\u00eater sur la mort de Kahimbi - Actualit\u00e9s congolaises et internationales<\/title>\n<meta name=\"robots\" content=\"index, follow, max-snippet:-1, max-image-preview:large, max-video-preview:-1\" \/>\n<link rel=\"canonical\" href=\"https:\/\/congovirtuel.com\/information\/rdc-la-monusco-assure-ne-pas-avoir-ete-sollicitee-pour-enqueter-sur-la-mort-de-kahimbi\/\" \/>\n<meta property=\"og:locale\" content=\"fr_FR\" \/>\n<meta property=\"og:type\" content=\"article\" \/>\n<meta property=\"og:title\" content=\"RDC: la Monusco assure ne pas avoir \u00e9t\u00e9 sollicit\u00e9e pour enqu\u00eater sur la mort de Kahimbi - Actualit\u00e9s congolaises et internationales\" \/>\n<meta property=\"og:description\" content=\"En R\u00e9publique d\u00e9mocratique du Congo (RDC), alors que l&#039;enqu\u00eate est officiellement entre les mains de la justice militaire depuis ce drame, les propos attribu\u00e9s au pr\u00e9sident F\u00e9lix Tshisekedi lors du Conseil des ministres du 6 mars semblent indiquer qu&#039;il aurait demand\u00e9 \u00e0 la Monusco de diligenter une enqu\u00eate ind\u00e9pendante, ce que nie la mission de l&#039;ONU dans le pays.\" \/>\n<meta property=\"og:url\" content=\"https:\/\/congovirtuel.com\/information\/rdc-la-monusco-assure-ne-pas-avoir-ete-sollicitee-pour-enqueter-sur-la-mort-de-kahimbi\/\" \/>\n<meta property=\"og:site_name\" content=\"Actualit\u00e9s congolaises et internationales\" \/>\n<meta property=\"article:publisher\" content=\"https:\/\/web.facebook.com\/Congovirtuel-763617960319601\/?ref=aymt_homepage_panel&amp;amp%3bamp%3bamp%3bamp%3bamp%3bamp%3bamp%3bamp%3bamp%3bamp%3bamp%3beid=ARCoxULa66767kIgF_KYav6VdjXTI4yk_LW4yoVO9s6NXpysgb7Cb65vpxcxgqzOAKvIbLQxaAETcqHT\" \/>\n<meta property=\"article:published_time\" content=\"2020-03-10T08:47:19+00:00\" \/>\n<meta property=\"article:modified_time\" content=\"2020-03-10T08:47:25+00:00\" \/>\n<meta property=\"og:image\" content=\"https:\/\/congovirtuel.com\/information\/wp-content\/uploads\/2020\/03\/casque_bleue.jpg\" \/>\n\t<meta property=\"og:image:width\" content=\"980\" \/>\n\t<meta property=\"og:image:height\" content=\"551\" \/>\n\t<meta property=\"og:image:type\" content=\"image\/jpeg\" \/>\n<meta name=\"author\" content=\"infocongovirtuel\" \/>\n<meta name=\"twitter:card\" content=\"summary_large_image\" \/>\n<meta name=\"twitter:creator\" content=\"@congovirtuel\" \/>\n<meta name=\"twitter:site\" content=\"@congovirtuel\" \/>\n<meta name=\"twitter:label1\" content=\"\u00c9crit par\" \/>\n\t<meta name=\"twitter:data1\" content=\"infocongovirtuel\" \/>\n\t<meta name=\"twitter:label2\" content=\"Dur\u00e9e de lecture estim\u00e9e\" \/>\n\t<meta name=\"twitter:data2\" content=\"2 minutes\" \/>\n<script type=\"application\/ld+json\" class=\"yoast-schema-graph\">{\"@context\":\"https:\\\/\\\/schema.org\",\"@graph\":[{\"@type\":\"Article\",\"@id\":\"https:\\\/\\\/congovirtuel.com\\\/information\\\/rdc-la-monusco-assure-ne-pas-avoir-ete-sollicitee-pour-enqueter-sur-la-mort-de-kahimbi\\\/#article\",\"isPartOf\":{\"@id\":\"https:\\\/\\\/congovirtuel.com\\\/information\\\/rdc-la-monusco-assure-ne-pas-avoir-ete-sollicitee-pour-enqueter-sur-la-mort-de-kahimbi\\\/\"},\"author\":{\"name\":\"infocongovirtuel\",\"@id\":\"https:\\\/\\\/congovirtuel.com\\\/information\\\/#\\\/schema\\\/person\\\/739a44bf7990966cb53d58d2fdeca0b6\"},\"headline\":\"RDC: la Monusco assure ne pas avoir \u00e9t\u00e9 sollicit\u00e9e pour enqu\u00eater sur la mort de Kahimbi\",\"datePublished\":\"2020-03-10T08:47:19+00:00\",\"dateModified\":\"2020-03-10T08:47:25+00:00\",\"mainEntityOfPage\":{\"@id\":\"https:\\\/\\\/congovirtuel.com\\\/information\\\/rdc-la-monusco-assure-ne-pas-avoir-ete-sollicitee-pour-enqueter-sur-la-mort-de-kahimbi\\\/\"},\"wordCount\":478,\"commentCount\":0,\"publisher\":{\"@id\":\"https:\\\/\\\/congovirtuel.com\\\/information\\\/#organization\"},\"image\":{\"@id\":\"https:\\\/\\\/congovirtuel.com\\\/information\\\/rdc-la-monusco-assure-ne-pas-avoir-ete-sollicitee-pour-enqueter-sur-la-mort-de-kahimbi\\\/#primaryimage\"},\"thumbnailUrl\":\"https:\\\/\\\/congovirtuel.com\\\/information\\\/wp-content\\\/uploads\\\/2020\\\/03\\\/casque_bleue.jpg\",\"articleSection\":[\"Gouvernement\",\"Ins\u00e9curit\u00e9\",\"RDC\"],\"inLanguage\":\"fr-FR\",\"potentialAction\":[{\"@type\":\"CommentAction\",\"name\":\"Comment\",\"target\":[\"https:\\\/\\\/congovirtuel.com\\\/information\\\/rdc-la-monusco-assure-ne-pas-avoir-ete-sollicitee-pour-enqueter-sur-la-mort-de-kahimbi\\\/#respond\"]}]},{\"@type\":\"WebPage\",\"@id\":\"https:\\\/\\\/congovirtuel.com\\\/information\\\/rdc-la-monusco-assure-ne-pas-avoir-ete-sollicitee-pour-enqueter-sur-la-mort-de-kahimbi\\\/\",\"url\":\"https:\\\/\\\/congovirtuel.com\\\/information\\\/rdc-la-monusco-assure-ne-pas-avoir-ete-sollicitee-pour-enqueter-sur-la-mort-de-kahimbi\\\/\",\"name\":\"RDC: la Monusco assure ne pas avoir \u00e9t\u00e9 sollicit\u00e9e pour enqu\u00eater sur la mort de Kahimbi - Actualit\u00e9s congolaises et internationales\",\"isPartOf\":{\"@id\":\"https:\\\/\\\/congovirtuel.com\\\/information\\\/#website\"},\"primaryImageOfPage\":{\"@id\":\"https:\\\/\\\/congovirtuel.com\\\/information\\\/rdc-la-monusco-assure-ne-pas-avoir-ete-sollicitee-pour-enqueter-sur-la-mort-de-kahimbi\\\/#primaryimage\"},\"image\":{\"@id\":\"https:\\\/\\\/congovirtuel.com\\\/information\\\/rdc-la-monusco-assure-ne-pas-avoir-ete-sollicitee-pour-enqueter-sur-la-mort-de-kahimbi\\\/#primaryimage\"},\"thumbnailUrl\":\"https:\\\/\\\/congovirtuel.com\\\/information\\\/wp-content\\\/uploads\\\/2020\\\/03\\\/casque_bleue.jpg\",\"datePublished\":\"2020-03-10T08:47:19+00:00\",\"dateModified\":\"2020-03-10T08:47:25+00:00\",\"breadcrumb\":{\"@id\":\"https:\\\/\\\/congovirtuel.com\\\/information\\\/rdc-la-monusco-assure-ne-pas-avoir-ete-sollicitee-pour-enqueter-sur-la-mort-de-kahimbi\\\/#breadcrumb\"},\"inLanguage\":\"fr-FR\",\"potentialAction\":[{\"@type\":\"ReadAction\",\"target\":[\"https:\\\/\\\/congovirtuel.com\\\/information\\\/rdc-la-monusco-assure-ne-pas-avoir-ete-sollicitee-pour-enqueter-sur-la-mort-de-kahimbi\\\/\"]}]},{\"@type\":\"ImageObject\",\"inLanguage\":\"fr-FR\",\"@id\":\"https:\\\/\\\/congovirtuel.com\\\/information\\\/rdc-la-monusco-assure-ne-pas-avoir-ete-sollicitee-pour-enqueter-sur-la-mort-de-kahimbi\\\/#primaryimage\",\"url\":\"https:\\\/\\\/congovirtuel.com\\\/information\\\/wp-content\\\/uploads\\\/2020\\\/03\\\/casque_bleue.jpg\",\"contentUrl\":\"https:\\\/\\\/congovirtuel.com\\\/information\\\/wp-content\\\/uploads\\\/2020\\\/03\\\/casque_bleue.jpg\",\"width\":980,\"height\":551},{\"@type\":\"BreadcrumbList\",\"@id\":\"https:\\\/\\\/congovirtuel.com\\\/information\\\/rdc-la-monusco-assure-ne-pas-avoir-ete-sollicitee-pour-enqueter-sur-la-mort-de-kahimbi\\\/#breadcrumb\",\"itemListElement\":[{\"@type\":\"ListItem\",\"position\":1,\"name\":\"Accueil\",\"item\":\"https:\\\/\\\/congovirtuel.com\\\/information\\\/\"},{\"@type\":\"ListItem\",\"position\":2,\"name\":\"RDC: la Monusco assure ne pas avoir \u00e9t\u00e9 sollicit\u00e9e pour enqu\u00eater sur la mort de Kahimbi\"}]},{\"@type\":\"WebSite\",\"@id\":\"https:\\\/\\\/congovirtuel.com\\\/information\\\/#website\",\"url\":\"https:\\\/\\\/congovirtuel.com\\\/information\\\/\",\"name\":\"Actualit\u00e9s congolaises et internationales\",\"description\":\"site d&#039;analyse et de traitement d&#039;information\",\"publisher\":{\"@id\":\"https:\\\/\\\/congovirtuel.com\\\/information\\\/#organization\"},\"potentialAction\":[{\"@type\":\"SearchAction\",\"target\":{\"@type\":\"EntryPoint\",\"urlTemplate\":\"https:\\\/\\\/congovirtuel.com\\\/information\\\/?s={search_term_string}\"},\"query-input\":{\"@type\":\"PropertyValueSpecification\",\"valueRequired\":true,\"valueName\":\"search_term_string\"}}],\"inLanguage\":\"fr-FR\"},{\"@type\":\"Organization\",\"@id\":\"https:\\\/\\\/congovirtuel.com\\\/information\\\/#organization\",\"name\":\"Biblioth\u00e8que Virtuelle de la RDC\",\"url\":\"https:\\\/\\\/congovirtuel.com\\\/information\\\/\",\"logo\":{\"@type\":\"ImageObject\",\"inLanguage\":\"fr-FR\",\"@id\":\"https:\\\/\\\/congovirtuel.com\\\/information\\\/#\\\/schema\\\/logo\\\/image\\\/\",\"url\":\"https:\\\/\\\/congovirtuel.com\\\/information\\\/wp-content\\\/uploads\\\/2018\\\/10\\\/header-info-congovirtuel-vraie.jpg\",\"contentUrl\":\"https:\\\/\\\/congovirtuel.com\\\/information\\\/wp-content\\\/uploads\\\/2018\\\/10\\\/header-info-congovirtuel-vraie.jpg\",\"width\":728,\"height\":90,\"caption\":\"Biblioth\u00e8que Virtuelle de la RDC\"},\"image\":{\"@id\":\"https:\\\/\\\/congovirtuel.com\\\/information\\\/#\\\/schema\\\/logo\\\/image\\\/\"},\"sameAs\":[\"https:\\\/\\\/web.facebook.com\\\/Congovirtuel-763617960319601\\\/?ref=aymt_homepage_panel&amp;amp;amp;amp;amp;amp;amp;amp;amp;amp;amp;eid=ARCoxULa66767kIgF_KYav6VdjXTI4yk_LW4yoVO9s6NXpysgb7Cb65vpxcxgqzOAKvIbLQxaAETcqHT\",\"https:\\\/\\\/x.com\\\/congovirtuel\",\"https:\\\/\\\/www.youtube.com\\\/channel\\\/UCkFfprYzGgS3EWNpeMXpToQ?view_as=subscriber\"]},{\"@type\":\"Person\",\"@id\":\"https:\\\/\\\/congovirtuel.com\\\/information\\\/#\\\/schema\\\/person\\\/739a44bf7990966cb53d58d2fdeca0b6\",\"name\":\"infocongovirtuel\",\"image\":{\"@type\":\"ImageObject\",\"inLanguage\":\"fr-FR\",\"@id\":\"https:\\\/\\\/secure.gravatar.com\\\/avatar\\\/4d76991aa72469f0eb22e772586c99113c6997f88da636a9db8f2ce3a2c05e69?s=96&d=mm&r=g\",\"url\":\"https:\\\/\\\/secure.gravatar.com\\\/avatar\\\/4d76991aa72469f0eb22e772586c99113c6997f88da636a9db8f2ce3a2c05e69?s=96&d=mm&r=g\",\"contentUrl\":\"https:\\\/\\\/secure.gravatar.com\\\/avatar\\\/4d76991aa72469f0eb22e772586c99113c6997f88da636a9db8f2ce3a2c05e69?s=96&d=mm&r=g\",\"caption\":\"infocongovirtuel\"},\"url\":\"https:\\\/\\\/congovirtuel.com\\\/information\\\/author\\\/infocongovirtuel\\\/\"}]}<\/script>\n<!-- \/ Yoast SEO plugin. -->","yoast_head_json":{"title":"RDC: la Monusco assure ne pas avoir \u00e9t\u00e9 sollicit\u00e9e pour enqu\u00eater sur la mort de Kahimbi - Actualit\u00e9s congolaises et internationales","robots":{"index":"index","follow":"follow","max-snippet":"max-snippet:-1","max-image-preview":"max-image-preview:large","max-video-preview":"max-video-preview:-1"},"canonical":"https:\/\/congovirtuel.com\/information\/rdc-la-monusco-assure-ne-pas-avoir-ete-sollicitee-pour-enqueter-sur-la-mort-de-kahimbi\/","og_locale":"fr_FR","og_type":"article","og_title":"RDC: la Monusco assure ne pas avoir \u00e9t\u00e9 sollicit\u00e9e pour enqu\u00eater sur la mort de Kahimbi - Actualit\u00e9s congolaises et internationales","og_description":"En R\u00e9publique d\u00e9mocratique du Congo (RDC), alors que l'enqu\u00eate est officiellement entre les mains de la justice militaire depuis ce drame, les propos attribu\u00e9s au pr\u00e9sident F\u00e9lix Tshisekedi lors du Conseil des ministres du 6 mars semblent indiquer qu'il aurait demand\u00e9 \u00e0 la Monusco de diligenter une enqu\u00eate ind\u00e9pendante, ce que nie la mission de l'ONU dans le pays.","og_url":"https:\/\/congovirtuel.com\/information\/rdc-la-monusco-assure-ne-pas-avoir-ete-sollicitee-pour-enqueter-sur-la-mort-de-kahimbi\/","og_site_name":"Actualit\u00e9s congolaises et internationales","article_publisher":"https:\/\/web.facebook.com\/Congovirtuel-763617960319601\/?ref=aymt_homepage_panel&amp%3bamp%3bamp%3bamp%3bamp%3bamp%3bamp%3bamp%3bamp%3bamp%3bamp%3beid=ARCoxULa66767kIgF_KYav6VdjXTI4yk_LW4yoVO9s6NXpysgb7Cb65vpxcxgqzOAKvIbLQxaAETcqHT","article_published_time":"2020-03-10T08:47:19+00:00","article_modified_time":"2020-03-10T08:47:25+00:00","og_image":[{"width":980,"height":551,"url":"https:\/\/congovirtuel.com\/information\/wp-content\/uploads\/2020\/03\/casque_bleue.jpg","type":"image\/jpeg"}],"author":"infocongovirtuel","twitter_card":"summary_large_image","twitter_creator":"@congovirtuel","twitter_site":"@congovirtuel","twitter_misc":{"\u00c9crit par":"infocongovirtuel","Dur\u00e9e de lecture estim\u00e9e":"2 minutes"},"schema":{"@context":"https:\/\/schema.org","@graph":[{"@type":"Article","@id":"https:\/\/congovirtuel.com\/information\/rdc-la-monusco-assure-ne-pas-avoir-ete-sollicitee-pour-enqueter-sur-la-mort-de-kahimbi\/#article","isPartOf":{"@id":"https:\/\/congovirtuel.com\/information\/rdc-la-monusco-assure-ne-pas-avoir-ete-sollicitee-pour-enqueter-sur-la-mort-de-kahimbi\/"},"author":{"name":"infocongovirtuel","@id":"https:\/\/congovirtuel.com\/information\/#\/schema\/person\/739a44bf7990966cb53d58d2fdeca0b6"},"headline":"RDC: la Monusco assure ne pas avoir \u00e9t\u00e9 sollicit\u00e9e pour enqu\u00eater sur la mort de Kahimbi","datePublished":"2020-03-10T08:47:19+00:00","dateModified":"2020-03-10T08:47:25+00:00","mainEntityOfPage":{"@id":"https:\/\/congovirtuel.com\/information\/rdc-la-monusco-assure-ne-pas-avoir-ete-sollicitee-pour-enqueter-sur-la-mort-de-kahimbi\/"},"wordCount":478,"commentCount":0,"publisher":{"@id":"https:\/\/congovirtuel.com\/information\/#organization"},"image":{"@id":"https:\/\/congovirtuel.com\/information\/rdc-la-monusco-assure-ne-pas-avoir-ete-sollicitee-pour-enqueter-sur-la-mort-de-kahimbi\/#primaryimage"},"thumbnailUrl":"https:\/\/congovirtuel.com\/information\/wp-content\/uploads\/2020\/03\/casque_bleue.jpg","articleSection":["Gouvernement","Ins\u00e9curit\u00e9","RDC"],"inLanguage":"fr-FR","potentialAction":[{"@type":"CommentAction","name":"Comment","target":["https:\/\/congovirtuel.com\/information\/rdc-la-monusco-assure-ne-pas-avoir-ete-sollicitee-pour-enqueter-sur-la-mort-de-kahimbi\/#respond"]}]},{"@type":"WebPage","@id":"https:\/\/congovirtuel.com\/information\/rdc-la-monusco-assure-ne-pas-avoir-ete-sollicitee-pour-enqueter-sur-la-mort-de-kahimbi\/","url":"https:\/\/congovirtuel.com\/information\/rdc-la-monusco-assure-ne-pas-avoir-ete-sollicitee-pour-enqueter-sur-la-mort-de-kahimbi\/","name":"RDC: la Monusco assure ne pas avoir \u00e9t\u00e9 sollicit\u00e9e pour enqu\u00eater sur la mort de Kahimbi - Actualit\u00e9s congolaises et internationales","isPartOf":{"@id":"https:\/\/congovirtuel.com\/information\/#website"},"primaryImageOfPage":{"@id":"https:\/\/congovirtuel.com\/information\/rdc-la-monusco-assure-ne-pas-avoir-ete-sollicitee-pour-enqueter-sur-la-mort-de-kahimbi\/#primaryimage"},"image":{"@id":"https:\/\/congovirtuel.com\/information\/rdc-la-monusco-assure-ne-pas-avoir-ete-sollicitee-pour-enqueter-sur-la-mort-de-kahimbi\/#primaryimage"},"thumbnailUrl":"https:\/\/congovirtuel.com\/information\/wp-content\/uploads\/2020\/03\/casque_bleue.jpg","datePublished":"2020-03-10T08:47:19+00:00","dateModified":"2020-03-10T08:47:25+00:00","breadcrumb":{"@id":"https:\/\/congovirtuel.com\/information\/rdc-la-monusco-assure-ne-pas-avoir-ete-sollicitee-pour-enqueter-sur-la-mort-de-kahimbi\/#breadcrumb"},"inLanguage":"fr-FR","potentialAction":[{"@type":"ReadAction","target":["https:\/\/congovirtuel.com\/information\/rdc-la-monusco-assure-ne-pas-avoir-ete-sollicitee-pour-enqueter-sur-la-mort-de-kahimbi\/"]}]},{"@type":"ImageObject","inLanguage":"fr-FR","@id":"https:\/\/congovirtuel.com\/information\/rdc-la-monusco-assure-ne-pas-avoir-ete-sollicitee-pour-enqueter-sur-la-mort-de-kahimbi\/#primaryimage","url":"https:\/\/congovirtuel.com\/information\/wp-content\/uploads\/2020\/03\/casque_bleue.jpg","contentUrl":"https:\/\/congovirtuel.com\/information\/wp-content\/uploads\/2020\/03\/casque_bleue.jpg","width":980,"height":551},{"@type":"BreadcrumbList","@id":"https:\/\/congovirtuel.com\/information\/rdc-la-monusco-assure-ne-pas-avoir-ete-sollicitee-pour-enqueter-sur-la-mort-de-kahimbi\/#breadcrumb","itemListElement":[{"@type":"ListItem","position":1,"name":"Accueil","item":"https:\/\/congovirtuel.com\/information\/"},{"@type":"ListItem","position":2,"name":"RDC: la Monusco assure ne pas avoir \u00e9t\u00e9 sollicit\u00e9e pour enqu\u00eater sur la mort de Kahimbi"}]},{"@type":"WebSite","@id":"https:\/\/congovirtuel.com\/information\/#website","url":"https:\/\/congovirtuel.com\/information\/","name":"Actualit\u00e9s congolaises et internationales","description":"site d&#039;analyse et de traitement d&#039;information","publisher":{"@id":"https:\/\/congovirtuel.com\/information\/#organization"},"potentialAction":[{"@type":"SearchAction","target":{"@type":"EntryPoint","urlTemplate":"https:\/\/congovirtuel.com\/information\/?s={search_term_string}"},"query-input":{"@type":"PropertyValueSpecification","valueRequired":true,"valueName":"search_term_string"}}],"inLanguage":"fr-FR"},{"@type":"Organization","@id":"https:\/\/congovirtuel.com\/information\/#organization","name":"Biblioth\u00e8que Virtuelle de la RDC","url":"https:\/\/congovirtuel.com\/information\/","logo":{"@type":"ImageObject","inLanguage":"fr-FR","@id":"https:\/\/congovirtuel.com\/information\/#\/schema\/logo\/image\/","url":"https:\/\/congovirtuel.com\/information\/wp-content\/uploads\/2018\/10\/header-info-congovirtuel-vraie.jpg","contentUrl":"https:\/\/congovirtuel.com\/information\/wp-content\/uploads\/2018\/10\/header-info-congovirtuel-vraie.jpg","width":728,"height":90,"caption":"Biblioth\u00e8que Virtuelle de la RDC"},"image":{"@id":"https:\/\/congovirtuel.com\/information\/#\/schema\/logo\/image\/"},"sameAs":["https:\/\/web.facebook.com\/Congovirtuel-763617960319601\/?ref=aymt_homepage_panel&amp;amp;amp;amp;amp;amp;amp;amp;amp;amp;amp;eid=ARCoxULa66767kIgF_KYav6VdjXTI4yk_LW4yoVO9s6NXpysgb7Cb65vpxcxgqzOAKvIbLQxaAETcqHT","https:\/\/x.com\/congovirtuel","https:\/\/www.youtube.com\/channel\/UCkFfprYzGgS3EWNpeMXpToQ?view_as=subscriber"]},{"@type":"Person","@id":"https:\/\/congovirtuel.com\/information\/#\/schema\/person\/739a44bf7990966cb53d58d2fdeca0b6","name":"infocongovirtuel","image":{"@type":"ImageObject","inLanguage":"fr-FR","@id":"https:\/\/secure.gravatar.com\/avatar\/4d76991aa72469f0eb22e772586c99113c6997f88da636a9db8f2ce3a2c05e69?s=96&d=mm&r=g","url":"https:\/\/secure.gravatar.com\/avatar\/4d76991aa72469f0eb22e772586c99113c6997f88da636a9db8f2ce3a2c05e69?s=96&d=mm&r=g","contentUrl":"https:\/\/secure.gravatar.com\/avatar\/4d76991aa72469f0eb22e772586c99113c6997f88da636a9db8f2ce3a2c05e69?s=96&d=mm&r=g","caption":"infocongovirtuel"},"url":"https:\/\/congovirtuel.com\/information\/author\/infocongovirtuel\/"}]}},"gt_translate_keys":[{"key":"link","format":"url"}],"_links":{"self":[{"href":"https:\/\/congovirtuel.com\/information\/wp-json\/wp\/v2\/posts\/614","targetHints":{"allow":["GET"]}}],"collection":[{"href":"https:\/\/congovirtuel.com\/information\/wp-json\/wp\/v2\/posts"}],"about":[{"href":"https:\/\/congovirtuel.com\/information\/wp-json\/wp\/v2\/types\/post"}],"author":[{"embeddable":true,"href":"https:\/\/congovirtuel.com\/information\/wp-json\/wp\/v2\/users\/1"}],"replies":[{"embeddable":true,"href":"https:\/\/congovirtuel.com\/information\/wp-json\/wp\/v2\/comments?post=614"}],"version-history":[{"count":1,"href":"https:\/\/congovirtuel.com\/information\/wp-json\/wp\/v2\/posts\/614\/revisions"}],"predecessor-version":[{"id":616,"href":"https:\/\/congovirtuel.com\/information\/wp-json\/wp\/v2\/posts\/614\/revisions\/616"}],"wp:featuredmedia":[{"embeddable":true,"href":"https:\/\/congovirtuel.com\/information\/wp-json\/wp\/v2\/media\/615"}],"wp:attachment":[{"href":"https:\/\/congovirtuel.com\/information\/wp-json\/wp\/v2\/media?parent=614"}],"wp:term":[{"taxonomy":"category","embeddable":true,"href":"https:\/\/congovirtuel.com\/information\/wp-json\/wp\/v2\/categories?post=614"},{"taxonomy":"post_tag","embeddable":true,"href":"https:\/\/congovirtuel.com\/information\/wp-json\/wp\/v2\/tags?post=614"}],"curies":[{"name":"wp","href":"https:\/\/api.w.org\/{rel}","templated":true}]}}