{"id":6169,"date":"2021-02-10T16:21:11","date_gmt":"2021-02-10T15:21:11","guid":{"rendered":"https:\/\/congovirtuel.com\/information\/?p=6169"},"modified":"2021-02-10T16:26:13","modified_gmt":"2021-02-10T15:26:13","slug":"opposition-rdc-m-fayulu-pourra-toujours-saisir-lunion-africaine-en-depit-de-la-presidence-de-f-tshisekedi","status":"publish","type":"post","link":"https:\/\/congovirtuel.com\/information\/opposition-rdc-m-fayulu-pourra-toujours-saisir-lunion-africaine-en-depit-de-la-presidence-de-f-tshisekedi\/","title":{"rendered":"Opposition RDC : M. Fayulu pourra toujours saisir l\u2019Union Africaine en d\u00e9pit de la pr\u00e9sidence de F. Tshisekedi","gt_translate_keys":[{"key":"rendered","format":"text"}]},"content":{"rendered":"\n<p class=\"wp-block-paragraph\">L\u2019opposant congolais Martin Fayulu qui continue de r\u00e9clamer la v\u00e9rit\u00e9 des urnes apr\u00e8s les \u00e9lections chaotiques de 2018 en R\u00e9publique D\u00e9mocratique du Congo, pourrait techniquement toujours saisir les institutions r\u00e9gionales, sous r\u00e9gionales voir internationales malgr\u00e9\u00a0 que son adversaire politique, Pr\u00e9sident de la R\u00e9publique de la RDC exerce actuellement le r\u00f4le du pr\u00e9sident de l\u2019Union Africaine. Il n\u2019y aura donc pas d&rsquo;obstacles  nonobstant un conflit d&rsquo;int\u00e9r\u00eat naissant.<\/p>\n\n\n\n<p class=\"wp-block-paragraph\">En effet, la pr\u00e9sidence en exercice n\u2019est pas un organe de l\u2019Organisation panafricaine en, car l&rsquo;article 5 de l&rsquo;Acte constitutif de l&rsquo;UA \u00e9num\u00e8re express\u00e9ment ses organes qui sont :&nbsp;<\/p>\n\n\n\n<p class=\"wp-block-paragraph\">&#8211; La Conf\u00e9rence de l\u2019Union ;<\/p>\n\n\n\n<p class=\"wp-block-paragraph\">&#8211; Le Conseil ex\u00e9cutif ;<\/p>\n\n\n\n<p class=\"wp-block-paragraph\">&#8211; Le Parlement panafricain ;<\/p>\n\n\n\n<p class=\"wp-block-paragraph\">&#8211; La Cour de justice ;<\/p>\n\n\n\n<p class=\"wp-block-paragraph\">&#8211; La Commission ;<\/p>\n\n\n\n<p class=\"wp-block-paragraph\">&#8211; Le Comit\u00e9 des repr\u00e9sentants permanents ;<\/p>\n\n\n\n<p class=\"wp-block-paragraph\">&#8211; Les Comit\u00e9s techniques sp\u00e9cialis\u00e9s ;<\/p>\n\n\n\n<p class=\"wp-block-paragraph\">&#8211; Le Conseil \u00e9conomique, social et culturel ;<\/p>\n\n\n\n<p class=\"wp-block-paragraph\">&#8211; Ainsi que le conseil de paix et de s\u00e9curit\u00e9.<\/p>\n\n\n\n<p class=\"wp-block-paragraph\">Ainsi, donc la pr\u00e9sidence en exercice de l&rsquo;UA est une institution d\u00e9riv\u00e9e de la conf\u00e9rence de l\u2019Union, c&rsquo;est-\u00e0-dire cr\u00e9\u00e9e par elle. Bref, la pr\u00e9sidence en exercice de l&rsquo;UA est plut\u00f4t une institution \u00e9tablie de facto et incarn\u00e9e par une personnalit\u00e9 politique supr\u00eame du continent, \u00e0 savoir un chef d\u2019Etat<a href=\"#_ftn1\">[1]<\/a>.<\/p>\n\n\n\n<p class=\"wp-block-paragraph\">En passant, il est \u00e0 noter que c\u2019est donc de mani\u00e8re d\u00e9lib\u00e9r\u00e9e que les r\u00e9dacteurs de l&rsquo;Acte constitutif de l&rsquo;UA n\u2019ont pas conf\u00e9r\u00e9 le statut d\u2019organe \u00e0 la pr\u00e9sidence de l\u2019Organisation. La raison est simple : \u00e9viter, en quelque sorte, d\u2019institutionnaliser un ex\u00e9cutif continental unique. Autrement-dit, pour emp\u00eacher \u00e0 la fois l\u2019\u00e9mergence d\u2019un individu qui risquerait de se consid\u00e9rer comme Chef d\u2019un ex\u00e9cutif continental et la formation, m\u00eame embryonnaire, d\u2019un gouvernement africain<a href=\"#_ftn2\">[2]<\/a>.<\/p>\n\n\n\n<p class=\"wp-block-paragraph\">Les seuls pouvoirs reconnus au Pr\u00e9sident en exercice sont seuls de repr\u00e9sentation de la Conf\u00e9rence, ainsi que les t\u00e2ches proc\u00e9durales et c\u00e9r\u00e9moniales lors des r\u00e9unions ou sommets de la Conf\u00e9rence.<\/p>\n\n\n\n<p class=\"wp-block-paragraph\">Donc, Martin Fayulu pourra toujours saisir l\u2019union africaine via <strong>le Conseil de Paix et S\u00e9curit\u00e9 (CPS), <\/strong>qui est un organe d\u00e9cisionnel permanent de l\u2019Union africaine pour la pr\u00e9vention, la gestion et le r\u00e8glement des conflits. Ses pouvoirs, c\u2019est-\u00e0-dire du Conseil de Paix et S\u00e9curit\u00e9 s\u2019exerce conjointement avec le Pr\u00e9sident de la Commission de l\u2019UA qui est aussi un organe administratif, dont parmi ses comp\u00e9tences c&rsquo;est-\u00e0-dire du CPS il\u00a0 y a entre autres\u00a0:<\/p>\n\n\n\n<ul class=\"wp-block-list\"><li>D\u2019anticiper et pr\u00e9venir les diff\u00e9rends et les conflits, ainsi que les politiques susceptibles de conduire \u00e0 un g\u00e9nocide et \u00e0 des crimes contre l\u2019humanit\u00e9 ;<\/li><li>D\u2019ex\u00e9cuter des fonctions de r\u00e9tablissement et de consolidation de la paix afin de r\u00e9soudre les conflits l\u00e0 o\u00f9 ils se manifestent ;<\/li><li>De suivre la promotion des pratiques d\u00e9mocratiques, la bonne gouvernance, l\u2019\u00e9tat de droit, la protection des droits de l\u2019homme et des libert\u00e9s fondamentales, le respect du caract\u00e8re sacr\u00e9 de la vie humaine et du droit international humanitaire<\/li><\/ul>\n\n\n\n<p class=\"wp-block-paragraph\">En effet, Martin Fayulu peut librement saisir les organes administratifs de l\u2019Union Africaine et y chercher une m\u00e9diation si possible avec comme objectif de froisser ou titiller son actuel Pr\u00e9sident de la Pr\u00e9sidence  (qui cependant pourra bloquer son ex\u00e9cution avant sa d\u00e9lib\u00e9ration au niveau de ses p\u00e8res chefs d\u2019\u2019Etat dans la commission) et de mettre cette institution \u00e0 l&rsquo;\u00e9preuve de la cr\u00e9dibilit\u00e9.<\/p>\n\n\n\n<p class=\"wp-block-paragraph\">Il peut encore aller plus loin en demandant la mise \u00e0 l\u2019\u00e9cart du Pr\u00e9sident de l\u2019Union Africaine F\u00e9lix Tshisekedi par la saisine de la Cour Africaine de Justice pour conflit d\u2019int\u00e9r\u00eat.<\/p>\n\n\n\n<p class=\"wp-block-paragraph\">Toutefois, les diff\u00e9rentes man\u0153uvres que pourrait entreprendre l\u2019opposant Fayulu resteront toujours dans le cadre symbolique s\u2019il y a aucune crise politique majeure en RDC n\u00e9cessitant une r\u00e9solution d\u2019une quelconque organisation r\u00e9gionale ou internationale.<\/p>\n\n\n\n<p class=\"wp-block-paragraph\">Cependant ses actions auront le m\u00e9rite de froisser le Pr\u00e9sident Tshisekedi et continuer de garder son leadership au sein de l\u2019opposition avec l\u2019av\u00e8nement du Front Commun pour le Congo de l\u2019ancien Pr\u00e9sident Kabila \u00e0 l\u2019opposition.<\/p>\n\n\n\n<p class=\"wp-block-paragraph\"><strong>BVR<\/strong><\/p>\n\n\n\n<hr class=\"wp-block-separator\"\/>\n\n\n\n<p class=\"wp-block-paragraph\"><a href=\"#_ftnref1\">[1]<\/a> <a href=\"https:\/\/www.leganews.cd\/index.php\/actualites\/institutions\/2241-presidence-de-l-union-africaine-quelles-sont-les-attributions-du-president-en-exercice\">https:\/\/www.leganews.cd\/index.php\/actualites\/institutions\/2241-presidence-de-l-union-africaine-quelles-sont-les-attributions-du-president-en-exercice<\/a><\/p>\n\n\n\n<p class=\"wp-block-paragraph\"><a href=\"#_ftnref2\">[2]<\/a> Leganet op.cit<\/p>\n","protected":false,"gt_translate_keys":[{"key":"rendered","format":"html"}]},"excerpt":{"rendered":"<p>L\u2019opposant congolais Martin Fayulu qui continue de r\u00e9clamer la v\u00e9rit\u00e9 des urnes apr\u00e8s les \u00e9lections chaotiques de 2018 en R\u00e9publique D\u00e9mocratique du Congo, pourrait techniquement toujours saisir les institutions r\u00e9gionales, sous r\u00e9gionales voir internationales malgr\u00e9\u00a0 que son adversaire politique, Pr\u00e9sident de la R\u00e9publique de la RDC exerce actuellement le r\u00f4le du pr\u00e9sident de l\u2019Union Africaine. Il n\u2019y aura donc pas d&rsquo;obstacles nonobstant un conflit d&rsquo;int\u00e9r\u00eat naissant. En effet, la pr\u00e9sidence en exercice n\u2019est pas un organe de l\u2019Organisation panafricaine en, car l&rsquo;article 5 de l&rsquo;Acte constitutif de l&rsquo;UA \u00e9num\u00e8re express\u00e9ment&hellip;<\/p>\n","protected":false,"gt_translate_keys":[{"key":"rendered","format":"html"}]},"author":1,"featured_media":6170,"comment_status":"open","ping_status":"open","sticky":false,"template":"","format":"standard","meta":{"_crdt_document":"","footnotes":""},"categories":[1260],"tags":[],"class_list":["post-6169","post","type-post","status-publish","format-standard","has-post-thumbnail","hentry","category-opposition"],"gutentor_comment":0,"yoast_head":"<!-- This site is optimized with the Yoast SEO plugin v27.5 - https:\/\/yoast.com\/product\/yoast-seo-wordpress\/ -->\n<title>Opposition RDC : M. Fayulu pourra toujours saisir l\u2019Union Africaine en d\u00e9pit de la pr\u00e9sidence de F. Tshisekedi - Actualit\u00e9s congolaises et internationales<\/title>\n<meta name=\"robots\" content=\"index, follow, max-snippet:-1, max-image-preview:large, max-video-preview:-1\" \/>\n<link rel=\"canonical\" href=\"https:\/\/congovirtuel.com\/information\/opposition-rdc-m-fayulu-pourra-toujours-saisir-lunion-africaine-en-depit-de-la-presidence-de-f-tshisekedi\/\" \/>\n<meta property=\"og:locale\" content=\"fr_FR\" \/>\n<meta property=\"og:type\" content=\"article\" \/>\n<meta property=\"og:title\" content=\"Opposition RDC : M. Fayulu pourra toujours saisir l\u2019Union Africaine en d\u00e9pit de la pr\u00e9sidence de F. Tshisekedi - Actualit\u00e9s congolaises et internationales\" \/>\n<meta property=\"og:description\" content=\"L\u2019opposant congolais Martin Fayulu qui continue de r\u00e9clamer la v\u00e9rit\u00e9 des urnes apr\u00e8s les \u00e9lections chaotiques de 2018 en R\u00e9publique D\u00e9mocratique du Congo, pourrait techniquement toujours saisir les institutions r\u00e9gionales, sous r\u00e9gionales voir internationales malgr\u00e9\u00a0 que son adversaire politique, Pr\u00e9sident de la R\u00e9publique de la RDC exerce actuellement le r\u00f4le du pr\u00e9sident de l\u2019Union Africaine. Il n\u2019y aura donc pas d&rsquo;obstacles nonobstant un conflit d&rsquo;int\u00e9r\u00eat naissant. En effet, la pr\u00e9sidence en exercice n\u2019est pas un organe de l\u2019Organisation panafricaine en, car l&rsquo;article 5 de l&rsquo;Acte constitutif de l&rsquo;UA \u00e9num\u00e8re express\u00e9ment&hellip;\" \/>\n<meta property=\"og:url\" content=\"https:\/\/congovirtuel.com\/information\/opposition-rdc-m-fayulu-pourra-toujours-saisir-lunion-africaine-en-depit-de-la-presidence-de-f-tshisekedi\/\" \/>\n<meta property=\"og:site_name\" content=\"Actualit\u00e9s congolaises et internationales\" \/>\n<meta property=\"article:publisher\" content=\"https:\/\/web.facebook.com\/Congovirtuel-763617960319601\/?ref=aymt_homepage_panel&amp;amp%3bamp%3bamp%3bamp%3bamp%3bamp%3bamp%3bamp%3bamp%3bamp%3bamp%3beid=ARCoxULa66767kIgF_KYav6VdjXTI4yk_LW4yoVO9s6NXpysgb7Cb65vpxcxgqzOAKvIbLQxaAETcqHT\" \/>\n<meta property=\"article:published_time\" content=\"2021-02-10T15:21:11+00:00\" \/>\n<meta property=\"article:modified_time\" content=\"2021-02-10T15:26:13+00:00\" \/>\n<meta property=\"og:image\" content=\"https:\/\/congovirtuel.com\/information\/wp-content\/uploads\/2021\/02\/Fayulu_Tshisekedi2.jpg\" \/>\n\t<meta property=\"og:image:width\" content=\"1500\" \/>\n\t<meta property=\"og:image:height\" content=\"650\" \/>\n\t<meta property=\"og:image:type\" content=\"image\/jpeg\" \/>\n<meta name=\"author\" content=\"infocongovirtuel\" \/>\n<meta name=\"twitter:card\" content=\"summary_large_image\" \/>\n<meta name=\"twitter:creator\" content=\"@congovirtuel\" \/>\n<meta name=\"twitter:site\" content=\"@congovirtuel\" \/>\n<meta name=\"twitter:label1\" content=\"\u00c9crit par\" \/>\n\t<meta name=\"twitter:data1\" content=\"infocongovirtuel\" \/>\n\t<meta name=\"twitter:label2\" content=\"Dur\u00e9e de lecture estim\u00e9e\" \/>\n\t<meta name=\"twitter:data2\" content=\"3 minutes\" \/>\n<script type=\"application\/ld+json\" class=\"yoast-schema-graph\">{\"@context\":\"https:\\\/\\\/schema.org\",\"@graph\":[{\"@type\":\"Article\",\"@id\":\"https:\\\/\\\/congovirtuel.com\\\/information\\\/opposition-rdc-m-fayulu-pourra-toujours-saisir-lunion-africaine-en-depit-de-la-presidence-de-f-tshisekedi\\\/#article\",\"isPartOf\":{\"@id\":\"https:\\\/\\\/congovirtuel.com\\\/information\\\/opposition-rdc-m-fayulu-pourra-toujours-saisir-lunion-africaine-en-depit-de-la-presidence-de-f-tshisekedi\\\/\"},\"author\":{\"name\":\"infocongovirtuel\",\"@id\":\"https:\\\/\\\/congovirtuel.com\\\/information\\\/#\\\/schema\\\/person\\\/739a44bf7990966cb53d58d2fdeca0b6\"},\"headline\":\"Opposition RDC : M. Fayulu pourra toujours saisir l\u2019Union Africaine en d\u00e9pit de la pr\u00e9sidence de F. Tshisekedi\",\"datePublished\":\"2021-02-10T15:21:11+00:00\",\"dateModified\":\"2021-02-10T15:26:13+00:00\",\"mainEntityOfPage\":{\"@id\":\"https:\\\/\\\/congovirtuel.com\\\/information\\\/opposition-rdc-m-fayulu-pourra-toujours-saisir-lunion-africaine-en-depit-de-la-presidence-de-f-tshisekedi\\\/\"},\"wordCount\":775,\"commentCount\":0,\"publisher\":{\"@id\":\"https:\\\/\\\/congovirtuel.com\\\/information\\\/#organization\"},\"image\":{\"@id\":\"https:\\\/\\\/congovirtuel.com\\\/information\\\/opposition-rdc-m-fayulu-pourra-toujours-saisir-lunion-africaine-en-depit-de-la-presidence-de-f-tshisekedi\\\/#primaryimage\"},\"thumbnailUrl\":\"https:\\\/\\\/congovirtuel.com\\\/information\\\/wp-content\\\/uploads\\\/2021\\\/02\\\/Fayulu_Tshisekedi2.jpg\",\"articleSection\":[\"Opposition\"],\"inLanguage\":\"fr-FR\",\"potentialAction\":[{\"@type\":\"CommentAction\",\"name\":\"Comment\",\"target\":[\"https:\\\/\\\/congovirtuel.com\\\/information\\\/opposition-rdc-m-fayulu-pourra-toujours-saisir-lunion-africaine-en-depit-de-la-presidence-de-f-tshisekedi\\\/#respond\"]}]},{\"@type\":\"WebPage\",\"@id\":\"https:\\\/\\\/congovirtuel.com\\\/information\\\/opposition-rdc-m-fayulu-pourra-toujours-saisir-lunion-africaine-en-depit-de-la-presidence-de-f-tshisekedi\\\/\",\"url\":\"https:\\\/\\\/congovirtuel.com\\\/information\\\/opposition-rdc-m-fayulu-pourra-toujours-saisir-lunion-africaine-en-depit-de-la-presidence-de-f-tshisekedi\\\/\",\"name\":\"Opposition RDC : M. Fayulu pourra toujours saisir l\u2019Union Africaine en d\u00e9pit de la pr\u00e9sidence de F. Tshisekedi - Actualit\u00e9s congolaises et internationales\",\"isPartOf\":{\"@id\":\"https:\\\/\\\/congovirtuel.com\\\/information\\\/#website\"},\"primaryImageOfPage\":{\"@id\":\"https:\\\/\\\/congovirtuel.com\\\/information\\\/opposition-rdc-m-fayulu-pourra-toujours-saisir-lunion-africaine-en-depit-de-la-presidence-de-f-tshisekedi\\\/#primaryimage\"},\"image\":{\"@id\":\"https:\\\/\\\/congovirtuel.com\\\/information\\\/opposition-rdc-m-fayulu-pourra-toujours-saisir-lunion-africaine-en-depit-de-la-presidence-de-f-tshisekedi\\\/#primaryimage\"},\"thumbnailUrl\":\"https:\\\/\\\/congovirtuel.com\\\/information\\\/wp-content\\\/uploads\\\/2021\\\/02\\\/Fayulu_Tshisekedi2.jpg\",\"datePublished\":\"2021-02-10T15:21:11+00:00\",\"dateModified\":\"2021-02-10T15:26:13+00:00\",\"breadcrumb\":{\"@id\":\"https:\\\/\\\/congovirtuel.com\\\/information\\\/opposition-rdc-m-fayulu-pourra-toujours-saisir-lunion-africaine-en-depit-de-la-presidence-de-f-tshisekedi\\\/#breadcrumb\"},\"inLanguage\":\"fr-FR\",\"potentialAction\":[{\"@type\":\"ReadAction\",\"target\":[\"https:\\\/\\\/congovirtuel.com\\\/information\\\/opposition-rdc-m-fayulu-pourra-toujours-saisir-lunion-africaine-en-depit-de-la-presidence-de-f-tshisekedi\\\/\"]}]},{\"@type\":\"ImageObject\",\"inLanguage\":\"fr-FR\",\"@id\":\"https:\\\/\\\/congovirtuel.com\\\/information\\\/opposition-rdc-m-fayulu-pourra-toujours-saisir-lunion-africaine-en-depit-de-la-presidence-de-f-tshisekedi\\\/#primaryimage\",\"url\":\"https:\\\/\\\/congovirtuel.com\\\/information\\\/wp-content\\\/uploads\\\/2021\\\/02\\\/Fayulu_Tshisekedi2.jpg\",\"contentUrl\":\"https:\\\/\\\/congovirtuel.com\\\/information\\\/wp-content\\\/uploads\\\/2021\\\/02\\\/Fayulu_Tshisekedi2.jpg\",\"width\":1500,\"height\":650,\"caption\":\"Fayulu et Tshisekedi\"},{\"@type\":\"BreadcrumbList\",\"@id\":\"https:\\\/\\\/congovirtuel.com\\\/information\\\/opposition-rdc-m-fayulu-pourra-toujours-saisir-lunion-africaine-en-depit-de-la-presidence-de-f-tshisekedi\\\/#breadcrumb\",\"itemListElement\":[{\"@type\":\"ListItem\",\"position\":1,\"name\":\"Accueil\",\"item\":\"https:\\\/\\\/congovirtuel.com\\\/information\\\/\"},{\"@type\":\"ListItem\",\"position\":2,\"name\":\"Opposition RDC : M. Fayulu pourra toujours saisir l\u2019Union Africaine en d\u00e9pit de la pr\u00e9sidence de F. Tshisekedi\"}]},{\"@type\":\"WebSite\",\"@id\":\"https:\\\/\\\/congovirtuel.com\\\/information\\\/#website\",\"url\":\"https:\\\/\\\/congovirtuel.com\\\/information\\\/\",\"name\":\"Actualit\u00e9s congolaises et internationales\",\"description\":\"site d&#039;analyse et de traitement d&#039;information\",\"publisher\":{\"@id\":\"https:\\\/\\\/congovirtuel.com\\\/information\\\/#organization\"},\"potentialAction\":[{\"@type\":\"SearchAction\",\"target\":{\"@type\":\"EntryPoint\",\"urlTemplate\":\"https:\\\/\\\/congovirtuel.com\\\/information\\\/?s={search_term_string}\"},\"query-input\":{\"@type\":\"PropertyValueSpecification\",\"valueRequired\":true,\"valueName\":\"search_term_string\"}}],\"inLanguage\":\"fr-FR\"},{\"@type\":\"Organization\",\"@id\":\"https:\\\/\\\/congovirtuel.com\\\/information\\\/#organization\",\"name\":\"Biblioth\u00e8que Virtuelle de la RDC\",\"url\":\"https:\\\/\\\/congovirtuel.com\\\/information\\\/\",\"logo\":{\"@type\":\"ImageObject\",\"inLanguage\":\"fr-FR\",\"@id\":\"https:\\\/\\\/congovirtuel.com\\\/information\\\/#\\\/schema\\\/logo\\\/image\\\/\",\"url\":\"https:\\\/\\\/congovirtuel.com\\\/information\\\/wp-content\\\/uploads\\\/2018\\\/10\\\/header-info-congovirtuel-vraie.jpg\",\"contentUrl\":\"https:\\\/\\\/congovirtuel.com\\\/information\\\/wp-content\\\/uploads\\\/2018\\\/10\\\/header-info-congovirtuel-vraie.jpg\",\"width\":728,\"height\":90,\"caption\":\"Biblioth\u00e8que Virtuelle de la RDC\"},\"image\":{\"@id\":\"https:\\\/\\\/congovirtuel.com\\\/information\\\/#\\\/schema\\\/logo\\\/image\\\/\"},\"sameAs\":[\"https:\\\/\\\/web.facebook.com\\\/Congovirtuel-763617960319601\\\/?ref=aymt_homepage_panel&amp;amp;amp;amp;amp;amp;amp;amp;amp;amp;amp;eid=ARCoxULa66767kIgF_KYav6VdjXTI4yk_LW4yoVO9s6NXpysgb7Cb65vpxcxgqzOAKvIbLQxaAETcqHT\",\"https:\\\/\\\/x.com\\\/congovirtuel\",\"https:\\\/\\\/www.youtube.com\\\/channel\\\/UCkFfprYzGgS3EWNpeMXpToQ?view_as=subscriber\"]},{\"@type\":\"Person\",\"@id\":\"https:\\\/\\\/congovirtuel.com\\\/information\\\/#\\\/schema\\\/person\\\/739a44bf7990966cb53d58d2fdeca0b6\",\"name\":\"infocongovirtuel\",\"image\":{\"@type\":\"ImageObject\",\"inLanguage\":\"fr-FR\",\"@id\":\"https:\\\/\\\/secure.gravatar.com\\\/avatar\\\/4d76991aa72469f0eb22e772586c99113c6997f88da636a9db8f2ce3a2c05e69?s=96&d=mm&r=g\",\"url\":\"https:\\\/\\\/secure.gravatar.com\\\/avatar\\\/4d76991aa72469f0eb22e772586c99113c6997f88da636a9db8f2ce3a2c05e69?s=96&d=mm&r=g\",\"contentUrl\":\"https:\\\/\\\/secure.gravatar.com\\\/avatar\\\/4d76991aa72469f0eb22e772586c99113c6997f88da636a9db8f2ce3a2c05e69?s=96&d=mm&r=g\",\"caption\":\"infocongovirtuel\"},\"url\":\"https:\\\/\\\/congovirtuel.com\\\/information\\\/author\\\/infocongovirtuel\\\/\"}]}<\/script>\n<!-- \/ Yoast SEO plugin. -->","yoast_head_json":{"title":"Opposition RDC : M. Fayulu pourra toujours saisir l\u2019Union Africaine en d\u00e9pit de la pr\u00e9sidence de F. Tshisekedi - Actualit\u00e9s congolaises et internationales","robots":{"index":"index","follow":"follow","max-snippet":"max-snippet:-1","max-image-preview":"max-image-preview:large","max-video-preview":"max-video-preview:-1"},"canonical":"https:\/\/congovirtuel.com\/information\/opposition-rdc-m-fayulu-pourra-toujours-saisir-lunion-africaine-en-depit-de-la-presidence-de-f-tshisekedi\/","og_locale":"fr_FR","og_type":"article","og_title":"Opposition RDC : M. Fayulu pourra toujours saisir l\u2019Union Africaine en d\u00e9pit de la pr\u00e9sidence de F. Tshisekedi - Actualit\u00e9s congolaises et internationales","og_description":"L\u2019opposant congolais Martin Fayulu qui continue de r\u00e9clamer la v\u00e9rit\u00e9 des urnes apr\u00e8s les \u00e9lections chaotiques de 2018 en R\u00e9publique D\u00e9mocratique du Congo, pourrait techniquement toujours saisir les institutions r\u00e9gionales, sous r\u00e9gionales voir internationales malgr\u00e9\u00a0 que son adversaire politique, Pr\u00e9sident de la R\u00e9publique de la RDC exerce actuellement le r\u00f4le du pr\u00e9sident de l\u2019Union Africaine. Il n\u2019y aura donc pas d&rsquo;obstacles nonobstant un conflit d&rsquo;int\u00e9r\u00eat naissant. En effet, la pr\u00e9sidence en exercice n\u2019est pas un organe de l\u2019Organisation panafricaine en, car l&rsquo;article 5 de l&rsquo;Acte constitutif de l&rsquo;UA \u00e9num\u00e8re express\u00e9ment&hellip;","og_url":"https:\/\/congovirtuel.com\/information\/opposition-rdc-m-fayulu-pourra-toujours-saisir-lunion-africaine-en-depit-de-la-presidence-de-f-tshisekedi\/","og_site_name":"Actualit\u00e9s congolaises et internationales","article_publisher":"https:\/\/web.facebook.com\/Congovirtuel-763617960319601\/?ref=aymt_homepage_panel&amp%3bamp%3bamp%3bamp%3bamp%3bamp%3bamp%3bamp%3bamp%3bamp%3bamp%3beid=ARCoxULa66767kIgF_KYav6VdjXTI4yk_LW4yoVO9s6NXpysgb7Cb65vpxcxgqzOAKvIbLQxaAETcqHT","article_published_time":"2021-02-10T15:21:11+00:00","article_modified_time":"2021-02-10T15:26:13+00:00","og_image":[{"width":1500,"height":650,"url":"https:\/\/congovirtuel.com\/information\/wp-content\/uploads\/2021\/02\/Fayulu_Tshisekedi2.jpg","type":"image\/jpeg"}],"author":"infocongovirtuel","twitter_card":"summary_large_image","twitter_creator":"@congovirtuel","twitter_site":"@congovirtuel","twitter_misc":{"\u00c9crit par":"infocongovirtuel","Dur\u00e9e de lecture estim\u00e9e":"3 minutes"},"schema":{"@context":"https:\/\/schema.org","@graph":[{"@type":"Article","@id":"https:\/\/congovirtuel.com\/information\/opposition-rdc-m-fayulu-pourra-toujours-saisir-lunion-africaine-en-depit-de-la-presidence-de-f-tshisekedi\/#article","isPartOf":{"@id":"https:\/\/congovirtuel.com\/information\/opposition-rdc-m-fayulu-pourra-toujours-saisir-lunion-africaine-en-depit-de-la-presidence-de-f-tshisekedi\/"},"author":{"name":"infocongovirtuel","@id":"https:\/\/congovirtuel.com\/information\/#\/schema\/person\/739a44bf7990966cb53d58d2fdeca0b6"},"headline":"Opposition RDC : M. Fayulu pourra toujours saisir l\u2019Union Africaine en d\u00e9pit de la pr\u00e9sidence de F. Tshisekedi","datePublished":"2021-02-10T15:21:11+00:00","dateModified":"2021-02-10T15:26:13+00:00","mainEntityOfPage":{"@id":"https:\/\/congovirtuel.com\/information\/opposition-rdc-m-fayulu-pourra-toujours-saisir-lunion-africaine-en-depit-de-la-presidence-de-f-tshisekedi\/"},"wordCount":775,"commentCount":0,"publisher":{"@id":"https:\/\/congovirtuel.com\/information\/#organization"},"image":{"@id":"https:\/\/congovirtuel.com\/information\/opposition-rdc-m-fayulu-pourra-toujours-saisir-lunion-africaine-en-depit-de-la-presidence-de-f-tshisekedi\/#primaryimage"},"thumbnailUrl":"https:\/\/congovirtuel.com\/information\/wp-content\/uploads\/2021\/02\/Fayulu_Tshisekedi2.jpg","articleSection":["Opposition"],"inLanguage":"fr-FR","potentialAction":[{"@type":"CommentAction","name":"Comment","target":["https:\/\/congovirtuel.com\/information\/opposition-rdc-m-fayulu-pourra-toujours-saisir-lunion-africaine-en-depit-de-la-presidence-de-f-tshisekedi\/#respond"]}]},{"@type":"WebPage","@id":"https:\/\/congovirtuel.com\/information\/opposition-rdc-m-fayulu-pourra-toujours-saisir-lunion-africaine-en-depit-de-la-presidence-de-f-tshisekedi\/","url":"https:\/\/congovirtuel.com\/information\/opposition-rdc-m-fayulu-pourra-toujours-saisir-lunion-africaine-en-depit-de-la-presidence-de-f-tshisekedi\/","name":"Opposition RDC : M. Fayulu pourra toujours saisir l\u2019Union Africaine en d\u00e9pit de la pr\u00e9sidence de F. Tshisekedi - Actualit\u00e9s congolaises et internationales","isPartOf":{"@id":"https:\/\/congovirtuel.com\/information\/#website"},"primaryImageOfPage":{"@id":"https:\/\/congovirtuel.com\/information\/opposition-rdc-m-fayulu-pourra-toujours-saisir-lunion-africaine-en-depit-de-la-presidence-de-f-tshisekedi\/#primaryimage"},"image":{"@id":"https:\/\/congovirtuel.com\/information\/opposition-rdc-m-fayulu-pourra-toujours-saisir-lunion-africaine-en-depit-de-la-presidence-de-f-tshisekedi\/#primaryimage"},"thumbnailUrl":"https:\/\/congovirtuel.com\/information\/wp-content\/uploads\/2021\/02\/Fayulu_Tshisekedi2.jpg","datePublished":"2021-02-10T15:21:11+00:00","dateModified":"2021-02-10T15:26:13+00:00","breadcrumb":{"@id":"https:\/\/congovirtuel.com\/information\/opposition-rdc-m-fayulu-pourra-toujours-saisir-lunion-africaine-en-depit-de-la-presidence-de-f-tshisekedi\/#breadcrumb"},"inLanguage":"fr-FR","potentialAction":[{"@type":"ReadAction","target":["https:\/\/congovirtuel.com\/information\/opposition-rdc-m-fayulu-pourra-toujours-saisir-lunion-africaine-en-depit-de-la-presidence-de-f-tshisekedi\/"]}]},{"@type":"ImageObject","inLanguage":"fr-FR","@id":"https:\/\/congovirtuel.com\/information\/opposition-rdc-m-fayulu-pourra-toujours-saisir-lunion-africaine-en-depit-de-la-presidence-de-f-tshisekedi\/#primaryimage","url":"https:\/\/congovirtuel.com\/information\/wp-content\/uploads\/2021\/02\/Fayulu_Tshisekedi2.jpg","contentUrl":"https:\/\/congovirtuel.com\/information\/wp-content\/uploads\/2021\/02\/Fayulu_Tshisekedi2.jpg","width":1500,"height":650,"caption":"Fayulu et Tshisekedi"},{"@type":"BreadcrumbList","@id":"https:\/\/congovirtuel.com\/information\/opposition-rdc-m-fayulu-pourra-toujours-saisir-lunion-africaine-en-depit-de-la-presidence-de-f-tshisekedi\/#breadcrumb","itemListElement":[{"@type":"ListItem","position":1,"name":"Accueil","item":"https:\/\/congovirtuel.com\/information\/"},{"@type":"ListItem","position":2,"name":"Opposition RDC : M. Fayulu pourra toujours saisir l\u2019Union Africaine en d\u00e9pit de la pr\u00e9sidence de F. Tshisekedi"}]},{"@type":"WebSite","@id":"https:\/\/congovirtuel.com\/information\/#website","url":"https:\/\/congovirtuel.com\/information\/","name":"Actualit\u00e9s congolaises et internationales","description":"site d&#039;analyse et de traitement d&#039;information","publisher":{"@id":"https:\/\/congovirtuel.com\/information\/#organization"},"potentialAction":[{"@type":"SearchAction","target":{"@type":"EntryPoint","urlTemplate":"https:\/\/congovirtuel.com\/information\/?s={search_term_string}"},"query-input":{"@type":"PropertyValueSpecification","valueRequired":true,"valueName":"search_term_string"}}],"inLanguage":"fr-FR"},{"@type":"Organization","@id":"https:\/\/congovirtuel.com\/information\/#organization","name":"Biblioth\u00e8que Virtuelle de la RDC","url":"https:\/\/congovirtuel.com\/information\/","logo":{"@type":"ImageObject","inLanguage":"fr-FR","@id":"https:\/\/congovirtuel.com\/information\/#\/schema\/logo\/image\/","url":"https:\/\/congovirtuel.com\/information\/wp-content\/uploads\/2018\/10\/header-info-congovirtuel-vraie.jpg","contentUrl":"https:\/\/congovirtuel.com\/information\/wp-content\/uploads\/2018\/10\/header-info-congovirtuel-vraie.jpg","width":728,"height":90,"caption":"Biblioth\u00e8que Virtuelle de la RDC"},"image":{"@id":"https:\/\/congovirtuel.com\/information\/#\/schema\/logo\/image\/"},"sameAs":["https:\/\/web.facebook.com\/Congovirtuel-763617960319601\/?ref=aymt_homepage_panel&amp;amp;amp;amp;amp;amp;amp;amp;amp;amp;amp;eid=ARCoxULa66767kIgF_KYav6VdjXTI4yk_LW4yoVO9s6NXpysgb7Cb65vpxcxgqzOAKvIbLQxaAETcqHT","https:\/\/x.com\/congovirtuel","https:\/\/www.youtube.com\/channel\/UCkFfprYzGgS3EWNpeMXpToQ?view_as=subscriber"]},{"@type":"Person","@id":"https:\/\/congovirtuel.com\/information\/#\/schema\/person\/739a44bf7990966cb53d58d2fdeca0b6","name":"infocongovirtuel","image":{"@type":"ImageObject","inLanguage":"fr-FR","@id":"https:\/\/secure.gravatar.com\/avatar\/4d76991aa72469f0eb22e772586c99113c6997f88da636a9db8f2ce3a2c05e69?s=96&d=mm&r=g","url":"https:\/\/secure.gravatar.com\/avatar\/4d76991aa72469f0eb22e772586c99113c6997f88da636a9db8f2ce3a2c05e69?s=96&d=mm&r=g","contentUrl":"https:\/\/secure.gravatar.com\/avatar\/4d76991aa72469f0eb22e772586c99113c6997f88da636a9db8f2ce3a2c05e69?s=96&d=mm&r=g","caption":"infocongovirtuel"},"url":"https:\/\/congovirtuel.com\/information\/author\/infocongovirtuel\/"}]}},"gt_translate_keys":[{"key":"link","format":"url"}],"_links":{"self":[{"href":"https:\/\/congovirtuel.com\/information\/wp-json\/wp\/v2\/posts\/6169","targetHints":{"allow":["GET"]}}],"collection":[{"href":"https:\/\/congovirtuel.com\/information\/wp-json\/wp\/v2\/posts"}],"about":[{"href":"https:\/\/congovirtuel.com\/information\/wp-json\/wp\/v2\/types\/post"}],"author":[{"embeddable":true,"href":"https:\/\/congovirtuel.com\/information\/wp-json\/wp\/v2\/users\/1"}],"replies":[{"embeddable":true,"href":"https:\/\/congovirtuel.com\/information\/wp-json\/wp\/v2\/comments?post=6169"}],"version-history":[{"count":3,"href":"https:\/\/congovirtuel.com\/information\/wp-json\/wp\/v2\/posts\/6169\/revisions"}],"predecessor-version":[{"id":6175,"href":"https:\/\/congovirtuel.com\/information\/wp-json\/wp\/v2\/posts\/6169\/revisions\/6175"}],"wp:featuredmedia":[{"embeddable":true,"href":"https:\/\/congovirtuel.com\/information\/wp-json\/wp\/v2\/media\/6170"}],"wp:attachment":[{"href":"https:\/\/congovirtuel.com\/information\/wp-json\/wp\/v2\/media?parent=6169"}],"wp:term":[{"taxonomy":"category","embeddable":true,"href":"https:\/\/congovirtuel.com\/information\/wp-json\/wp\/v2\/categories?post=6169"},{"taxonomy":"post_tag","embeddable":true,"href":"https:\/\/congovirtuel.com\/information\/wp-json\/wp\/v2\/tags?post=6169"}],"curies":[{"name":"wp","href":"https:\/\/api.w.org\/{rel}","templated":true}]}}