{"id":6319,"date":"2021-02-16T06:21:35","date_gmt":"2021-02-16T05:21:35","guid":{"rendered":"https:\/\/congovirtuel.com\/information\/?p=6319"},"modified":"2021-02-16T06:21:44","modified_gmt":"2021-02-16T05:21:44","slug":"rdc-sama-lukonde-devoile-les-six-axes-prioritaires-de-son-futur-gouvernement","status":"publish","type":"post","link":"https:\/\/congovirtuel.com\/information\/rdc-sama-lukonde-devoile-les-six-axes-prioritaires-de-son-futur-gouvernement\/","title":{"rendered":"RDC: SAMA LUKONDE D\u00c9VOILE LES SIX AXES PRIORITAIRES DE SON FUTUR GOUVERNEMENT","gt_translate_keys":[{"key":"rendered","format":"text"}]},"content":{"rendered":"\n<p class=\"wp-block-paragraph\"><strong>La taille du nouvel Ex\u00e9cutif Union sacr\u00e9e sera \u00e0 format r\u00e9duit, conform\u00e9ment \u00e0 la volont\u00e9 du Pr\u00e9sident F\u00e9lix Tshisekedi, assure le rempla\u00e7ant de Sylvestre Ilunga Ilunkamba<\/strong><\/p>\n\n\n\n<p class=\"wp-block-paragraph\"><strong>Fini le suspense. Le successeur de Sylvestre Ilunga Ilunkamba, Premier ministre sortant en RD Congo, est connu. Il s&rsquo;agit de Jean-Michel Sama Lukonde Kyenge, nomm\u00e9 \u00e0 ce poste hier lundi 15 f\u00e9vrier, au terme d&rsquo;une ordonnance du Pr\u00e9sident F\u00e9lix Tshisekedi, lue \u00e0 la Radiot\u00e9l\u00e9vision nationale congolaise (RTNC), par son porte-parole Tharcisse Kasongo Mwema Yamba Yamba.<\/strong><\/p>\n\n\n\n<p class=\"wp-block-paragraph\">Aussit\u00f4t nomm\u00e9, le nouveau Premier ministre a \u00e9t\u00e9 re\u00e7u en audience pendant plus d&rsquo;une heure par F\u00e9lix Tshisekedi au Palais de la nation \u00e0 Kinshasa. Au sortir de cette r\u00e9ception, Jean-Michel Sama a d\u00e9voil\u00e9 devant les cam\u00e9ras, les principaux axes prioritaires de son futur Gouvernement. A savoir : la s\u00e9curit\u00e9 dans l&rsquo;Est du pays et dans le Katanga, sa province d&rsquo;origine ; l&rsquo;\u00e9ducation, la sant\u00e9, la justice, le social, la bonne gouvernance et les r\u00e9formes \u00e0 entreprendre aussi bien dans certains secteurs de la vie nationale qu&rsquo;\u00e0 la Commission \u00e9lectorale nationale ind\u00e9pendante (CENI).<\/p>\n\n\n\n<p class=\"wp-block-paragraph\">\u00a0\u00bb Il a plu \u00e0 Son Excellence M. le Pr\u00e9sident de la R\u00e9publique F\u00e9lix Tshisekedi, de porter son choix sur ma modeste personne. Mes premiers mots sont ceux de remerciements et de reconnaissance envers son autorit\u00e9 pour ce choix. La s\u00e9curit\u00e9 va \u00eatre un des domaines prioritaires, particuli\u00e8rement \u00e0 l&rsquo;Est de la RDC et dans le Katanga. A c\u00f4t\u00e9 de ces questions, nous allons travailler sur des questions sociales, de justice, d&rsquo;acc\u00e8s \u00e0 l&rsquo;enseignement et \u00e0 des soins de sant\u00e9 pour tous \u00ab\u00a0, a-t-il d\u00e9clar\u00e9.<\/p>\n\n\n\n<p class=\"wp-block-paragraph\">Face \u00e0 ces nombreux d\u00e9fis devant lui, le nouveau locataire du ch\u00e2teau douillet de l&rsquo;avenue Roi Baudouin \u00e0 Gombe, appelle \u00e0 une mobilisation accrue des recettes de l&rsquo;Etat, pour mener \u00e0 bien l&rsquo;ambitieux et l\u00e9gitime Programme de son futur Gouvernement. Ce cahier des charges, faut-il le souligner, sera soumis au verdict de la Chambre basse du Parlement, au cours de la prochaine et premi\u00e8re session ordinaire du Parlement pr\u00e9vue au mois de mars. Ce, conform\u00e9ment aux prescrits de l&rsquo;article 90 de la Constitution du 18 f\u00e9vrier 2006.<\/p>\n\n\n\n<p class=\"wp-block-paragraph\">Cet article stipule qu'\u00a0\u00bbavant d&rsquo;entrer en fonction, le Premier ministre pr\u00e9sente \u00e0 l&rsquo;Assembl\u00e9e nationale le programme du Gouvernement. Lorsque ce programme est approuv\u00e9 \u00e0 la majorit\u00e9 absolue des membres qui composent l&rsquo;Assembl\u00e9e nationale, celle-ci investit le Gouvernement\u00a0\u00bb.<\/p>\n\n\n\n<h2 class=\"wp-block-heading\"><strong>PRATIQUES DE BONNE GOUVERNANCE<\/strong><\/h2>\n\n\n\n<p class=\"wp-block-paragraph\">Pour gagner le pari du d\u00e9veloppement de la RD Congo, Jean-Michel Sama reste convaincu qu&rsquo;il n&rsquo;y a point de miracles \u00e0 op\u00e9rer. Bien au contraire, la recette idoine est la bonne gestion des ressources nationales. \u00a0\u00bb Ca va demander que nous puissions appliquer, avec le Gouvernement qui sera form\u00e9, des pratiques de bonne gouvernance \u00e0 outrance, de rigueur, de lutte contre les antivaleurs et contre la fraude en g\u00e9n\u00e9ral. Nous avons pris l&rsquo;engament et nous allons nous mettre au travail d\u00e8s \u00e0 pr\u00e9sent\u00a0\u00bb, a rassur\u00e9 le nouveau Premier ministre congolais.<\/p>\n\n\n\n<p class=\"wp-block-paragraph\">Par ailleurs, Jean-Michel Sama Lukonde a promis de travailler, avec le contr\u00f4le bienveillant du Parlement, dans le sens de mener des r\u00e9formes importantes qui touchent le secteur fiscal, la loi \u00e9lectorale et de la digitalisation du pays.<\/p>\n\n\n\n<p class=\"wp-block-paragraph\">R\u00e9agissant \u00e0 une question de la presse, en rapport avec ce qui apparait comme une contradiction entre la taille du Gouvernement actuelle jug\u00e9e \u00e9l\u00e9phantesque et la faiblesse constat\u00e9e dans la mobilisation des recettes de l&rsquo;Etat, le nouveau Chef du prochain Ex\u00e9cutif se veut rassurant. Aussi, assure-t-il que la taille de son Gouvernement sera r\u00e9duite. Ce, conform\u00e9ment \u00e0 la volont\u00e9 du Chef de l&rsquo;Etat. D&rsquo;ores et d\u00e9j\u00e0, Jean-Michel Sama promet de tenir compte de la jeunesse et de la gente f\u00e9minine dans la formation de son \u00e9quipe gouvernementale.<\/p>\n\n\n\n<h2 class=\"wp-block-heading\"><strong>BEAUCOUP DE DEFIS<\/strong><\/h2>\n\n\n\n<p class=\"wp-block-paragraph\">La page Sylvestre Ilunga Ilunkamba appartient d\u00e9sormais au pass\u00e9. C&rsquo;est d&rsquo;ores et d\u00e9j\u00e0 l&rsquo;ancien directeur g\u00e9n\u00e9ral de la G\u00e9camines qui dirigera l&rsquo;ex\u00e9cutif national.<\/p>\n\n\n\n<p class=\"wp-block-paragraph\">Si beaucoup d&rsquo;analystes s&rsquo;accordent sur le profil et l&rsquo;exp\u00e9rience de ce nouveau patron de l&rsquo;ex\u00e9cutif national, nombre d&rsquo;entre eux cependant reconnaissent que Sama Lukonde n&rsquo;aura pas la t\u00e2che facile. Il va devoir vite se mettre au travail pour sauver les deux derni\u00e8res ann\u00e9es du premier mandat de F\u00e9lix Tshisekedi.<\/p>\n\n\n\n<p class=\"wp-block-paragraph\">Contrairement \u00e0 son pr\u00e9d\u00e9cesseur, Sama Lukonde a un atout, celui d&rsquo;\u00eatre issu de la coalition majoritaire identifi\u00e9e au sein de l&rsquo;Union sacr\u00e9e de la nation. Il parlera donc le m\u00eame langage avec le sommet du pays, ainsi que les deux chambres du Parlement.<\/p>\n\n\n\n<p class=\"wp-block-paragraph\">Apr\u00e8s plus de soixante ans de son accession \u00e0 la souverainet\u00e9 nationale et internationale le 30 juin 1960, la R\u00e9publique d\u00e9mocratique du Congo, ex-R\u00e9publique du Za\u00efre, aura connu \u00e0 ce jour trente-quatre Premiers ministres. Chronologiquement, Jean-Michel Sama est donc le 34\u00e8me chef du gouvernement du pays depuis son ind\u00e9pendance. Et ? \u00e0 chaque Premier ministre, son contexte politique d&rsquo;accession au pouvoir. Dans ces conditions, les Za\u00efrois d&rsquo;hier et Congolais d&rsquo;aujourd&rsquo;hui, auront quelque peu tout connu et m\u00eame tout entendu. L&rsquo;histoire politique de la RD Congo, dans ses p\u00e9rip\u00e9ties riches et vari\u00e9es, renseigne qu&rsquo;il y a eu des Gouvernements de salut public, d&rsquo;Union nationale, de large Union nationale, des Gouvernements de combat, de missions, des technocrates\u2026Mais aucun d&rsquo;eux n&rsquo;a r\u00e9ussi \u00e0 relever les nombreux d\u00e9fis de d\u00e9veloppement du pays. A preuve, la RD Congo est list\u00e9 parmi les pays les plus pauvres de la plan\u00e8te, pourtant dot\u00e9 d&rsquo;importantes potentialit\u00e9s en termes de ressources du sol et du sous-sol, qui pr\u00e9sente cette grande nation au c\u0153ur de l&rsquo;Afrique, comme un v\u00e9ritable scandale g\u00e9ologique.<\/p>\n\n\n\n<p class=\"wp-block-paragraph\">Peu importera donc le nom qu&rsquo;on aura donn\u00e9 au futur Ex\u00e9cutif. Il pourrait s&rsquo;agir d&rsquo;un Gouvernement estampill\u00e9 \u00ab\u00a0Union sacr\u00e9e\u00a0\u00bb, dans la mesure o\u00f9 le contexte politique qui a concouru \u00e0 son av\u00e8nement s&rsquo;y pr\u00eate. Mais le plus important n&rsquo;est pas l\u00e0. Le futur Gouvernement ne sera r\u00e9ellement \u00ab\u00a0immacul\u00e9\u00a0\u00bb que s&rsquo;il apporterait effectivement des solutions au vrais probl\u00e8mes de la population qui se r\u00e9sument au social. Bref, le bien-\u00eatre des Congolais r\u00e9sum\u00e9 par le credo \u00ab\u00a0le peuple d&rsquo;abord\u00a0\u00bb d&rsquo;Etienne Tshisekedi.<\/p>\n\n\n\n<h2 class=\"wp-block-heading\"><strong>L&rsquo;HOMME ET SON PARCOURS<\/strong><\/h2>\n\n\n\n<p class=\"wp-block-paragraph\">N\u00e9 le 4 Aout 1977 \u00e0 Paris, Jean-Michel Sama est le fils de Faustine Mwansa et de St\u00e9phane Lukonde Kyenge, une figure embl\u00e9matique de la politique Katangaise assassin\u00e9e en 2001. Il est ing\u00e9nieur de formation. Il est dipl\u00f4m\u00e9 en 1996 en Chimie Industrielle \u00e0 l&rsquo;Institut Technique de Mutoshi \u00e0 Kolwezi. En 2000 il obtient son dipl\u00f4me en Informatique\/Technique de l&rsquo;Information en Afrique du Sud ainsi que de l&rsquo;Universit\u00e9 de Lubumbashi en Chimie (Option Inorganique et M\u00e9tallurgie) en 2006.<\/p>\n\n\n\n<p class=\"wp-block-paragraph\">Il est \u00e9galement b\u00e9n\u00e9ficiaire des stages de formation qu&rsquo;il a effectu\u00e9 \u00e0 la G\u00e9camines, pr\u00e9cis\u00e9ment \u00e0 Luilu, \u00e0 EMT Likasi, \u00e0 Shituru, \u00e0 l&rsquo;Usine de Lubumbashi, ainsi qu&rsquo;\u00e0 Nzilo et \u00e0 la SINTEXKIN. Sa carri\u00e8re professionnelle d\u00e9bute en Afrique du Sud \u00e0 Multichoice Africa avant de rentrer au pays en 2001 o\u00f9 il \u0153uvre dans le secteur Minier jusqu&rsquo;en 2004 dans un projet de partenariat G\u00e9camines-Edina et Triples K sur les sites de Kamwale, Luisha et Kabolela.<\/p>\n\n\n\n<p class=\"wp-block-paragraph\">Son parcours professionnel s&rsquo;est \u00e9galement enrichi en 2005 en tant que gestionnaire d&rsquo;une usine de cuivre : Small Mineral Services puis consultant dans plusieurs soci\u00e9t\u00e9s priv\u00e9es \u0153uvrant dans le secteur minier : M\u00e9tal mines, Huashin, Rubamin pour ne citer que celles-l\u00e0. Jean-Michel Sama Lukonde s&rsquo;engage formellement dans la politique en 2003. En 2006, il entame son parcours comme D\u00e9put\u00e9 national jusqu&rsquo;en 2011. En 2015, il est nomm\u00e9 ministre de la Jeunesse, Sports et Loisirs du Gouvernement Matata ; En septembre de la m\u00eame ann\u00e9e, il d\u00e9missionne de son poste pour ob\u00e9ir \u00e0 la consigne de son parti politique Avenir du Congo (ACO), exclu de la Majorit\u00e9 pr\u00e9sidentielle pour avoir protest\u00e9 contre un troisi\u00e8me mandat cons\u00e9cutif de l&rsquo;ancien Pr\u00e9sident Joseph Kabila. Jean-Michel Sama Lukonde a milit\u00e9 au sein de l&rsquo;Opposition sous le leadership de Mo\u00efse Katumbi dans la coalition G7. Depuis le 3 juin 2020, il est Directeur g\u00e9n\u00e9ral de la G\u00e9n\u00e9rale des carri\u00e8res et des mines (GECAMINES), aux c\u00f4t\u00e9s d&rsquo;Albert Yuma Mulimbi, le pr\u00e9sident du Conseil d&rsquo;administration. 43 ans, Jean-Michel Lukonde est membre d&rsquo;ACO dont le pr\u00e9sident Dany Banza est l&rsquo;un des ambassadeurs itin\u00e9rants de F\u00e9lix Tshisekedi.<\/p>\n\n\n\n<p class=\"wp-block-paragraph\">Technocrate et soucieux de l&rsquo;\u00e9conomie et du d\u00e9veloppement de la RD Congo, Jean-Michel Lukonde sera-t-il capable de changer le curseur d&rsquo;une classe politique, consid\u00e9r\u00e9e non sans raison, comme un marigot de pr\u00e9dateurs plus pr\u00e9occup\u00e9s par le pouvoir pour le pouvoir, que par l&rsquo;int\u00e9r\u00eat g\u00e9n\u00e9ral ?\u00a0<\/p>\n\n\n\n<p class=\"wp-block-paragraph\"><strong>Orly-Darel NGIAMBUKULU et Grevisse KABREL\/<\/strong>Forum des As<\/p>\n","protected":false,"gt_translate_keys":[{"key":"rendered","format":"html"}]},"excerpt":{"rendered":"<p>La taille du nouvel Ex\u00e9cutif Union sacr\u00e9e sera \u00e0 format r\u00e9duit, conform\u00e9ment \u00e0 la volont\u00e9 du Pr\u00e9sident F\u00e9lix Tshisekedi, assure le rempla\u00e7ant de Sylvestre Ilunga Ilunkamba Fini le suspense. Le successeur de Sylvestre Ilunga Ilunkamba, Premier ministre sortant en RD Congo, est connu. Il s&rsquo;agit de Jean-Michel Sama Lukonde Kyenge, nomm\u00e9 \u00e0 ce poste hier lundi 15 f\u00e9vrier, au terme d&rsquo;une ordonnance du Pr\u00e9sident F\u00e9lix Tshisekedi, lue \u00e0 la Radiot\u00e9l\u00e9vision nationale congolaise (RTNC), par son porte-parole Tharcisse Kasongo Mwema Yamba Yamba. Aussit\u00f4t nomm\u00e9, le nouveau Premier ministre a \u00e9t\u00e9 re\u00e7u&hellip;<\/p>\n","protected":false,"gt_translate_keys":[{"key":"rendered","format":"html"}]},"author":1,"featured_media":6320,"comment_status":"open","ping_status":"open","sticky":false,"template":"","format":"standard","meta":{"_crdt_document":"","footnotes":""},"categories":[218],"tags":[5498],"class_list":["post-6319","post","type-post","status-publish","format-standard","has-post-thumbnail","hentry","category-gouvernement","tag-priorites-gouvernement-sama-lukonde"],"gutentor_comment":0,"yoast_head":"<!-- This site is optimized with the Yoast SEO plugin v27.5 - https:\/\/yoast.com\/product\/yoast-seo-wordpress\/ -->\n<title>RDC: SAMA LUKONDE D\u00c9VOILE LES SIX AXES PRIORITAIRES DE SON FUTUR GOUVERNEMENT - Actualit\u00e9s congolaises et internationales<\/title>\n<meta name=\"robots\" content=\"index, follow, max-snippet:-1, max-image-preview:large, max-video-preview:-1\" \/>\n<link rel=\"canonical\" href=\"https:\/\/congovirtuel.com\/information\/rdc-sama-lukonde-devoile-les-six-axes-prioritaires-de-son-futur-gouvernement\/\" \/>\n<meta property=\"og:locale\" content=\"fr_FR\" \/>\n<meta property=\"og:type\" content=\"article\" \/>\n<meta property=\"og:title\" content=\"RDC: SAMA LUKONDE D\u00c9VOILE LES SIX AXES PRIORITAIRES DE SON FUTUR GOUVERNEMENT - Actualit\u00e9s congolaises et internationales\" \/>\n<meta property=\"og:description\" content=\"La taille du nouvel Ex\u00e9cutif Union sacr\u00e9e sera \u00e0 format r\u00e9duit, conform\u00e9ment \u00e0 la volont\u00e9 du Pr\u00e9sident F\u00e9lix Tshisekedi, assure le rempla\u00e7ant de Sylvestre Ilunga Ilunkamba Fini le suspense. Le successeur de Sylvestre Ilunga Ilunkamba, Premier ministre sortant en RD Congo, est connu. Il s&rsquo;agit de Jean-Michel Sama Lukonde Kyenge, nomm\u00e9 \u00e0 ce poste hier lundi 15 f\u00e9vrier, au terme d&rsquo;une ordonnance du Pr\u00e9sident F\u00e9lix Tshisekedi, lue \u00e0 la Radiot\u00e9l\u00e9vision nationale congolaise (RTNC), par son porte-parole Tharcisse Kasongo Mwema Yamba Yamba. Aussit\u00f4t nomm\u00e9, le nouveau Premier ministre a \u00e9t\u00e9 re\u00e7u&hellip;\" \/>\n<meta property=\"og:url\" content=\"https:\/\/congovirtuel.com\/information\/rdc-sama-lukonde-devoile-les-six-axes-prioritaires-de-son-futur-gouvernement\/\" \/>\n<meta property=\"og:site_name\" content=\"Actualit\u00e9s congolaises et internationales\" \/>\n<meta property=\"article:publisher\" content=\"https:\/\/web.facebook.com\/Congovirtuel-763617960319601\/?ref=aymt_homepage_panel&amp;amp%3bamp%3bamp%3bamp%3bamp%3bamp%3bamp%3bamp%3bamp%3bamp%3bamp%3beid=ARCoxULa66767kIgF_KYav6VdjXTI4yk_LW4yoVO9s6NXpysgb7Cb65vpxcxgqzOAKvIbLQxaAETcqHT\" \/>\n<meta property=\"article:published_time\" content=\"2021-02-16T05:21:35+00:00\" \/>\n<meta property=\"article:modified_time\" content=\"2021-02-16T05:21:44+00:00\" \/>\n<meta property=\"og:image\" content=\"https:\/\/congovirtuel.com\/information\/wp-content\/uploads\/2021\/02\/arton29682.jpg\" \/>\n\t<meta property=\"og:image:width\" content=\"605\" \/>\n\t<meta property=\"og:image:height\" content=\"340\" \/>\n\t<meta property=\"og:image:type\" content=\"image\/jpeg\" \/>\n<meta name=\"author\" content=\"infocongovirtuel\" \/>\n<meta name=\"twitter:card\" content=\"summary_large_image\" \/>\n<meta name=\"twitter:creator\" content=\"@congovirtuel\" \/>\n<meta name=\"twitter:site\" content=\"@congovirtuel\" \/>\n<meta name=\"twitter:label1\" content=\"\u00c9crit par\" \/>\n\t<meta name=\"twitter:data1\" content=\"infocongovirtuel\" \/>\n\t<meta name=\"twitter:label2\" content=\"Dur\u00e9e de lecture estim\u00e9e\" \/>\n\t<meta name=\"twitter:data2\" content=\"6 minutes\" \/>\n<script type=\"application\/ld+json\" class=\"yoast-schema-graph\">{\"@context\":\"https:\\\/\\\/schema.org\",\"@graph\":[{\"@type\":\"Article\",\"@id\":\"https:\\\/\\\/congovirtuel.com\\\/information\\\/rdc-sama-lukonde-devoile-les-six-axes-prioritaires-de-son-futur-gouvernement\\\/#article\",\"isPartOf\":{\"@id\":\"https:\\\/\\\/congovirtuel.com\\\/information\\\/rdc-sama-lukonde-devoile-les-six-axes-prioritaires-de-son-futur-gouvernement\\\/\"},\"author\":{\"name\":\"infocongovirtuel\",\"@id\":\"https:\\\/\\\/congovirtuel.com\\\/information\\\/#\\\/schema\\\/person\\\/739a44bf7990966cb53d58d2fdeca0b6\"},\"headline\":\"RDC: SAMA LUKONDE D\u00c9VOILE LES SIX AXES PRIORITAIRES DE SON FUTUR GOUVERNEMENT\",\"datePublished\":\"2021-02-16T05:21:35+00:00\",\"dateModified\":\"2021-02-16T05:21:44+00:00\",\"mainEntityOfPage\":{\"@id\":\"https:\\\/\\\/congovirtuel.com\\\/information\\\/rdc-sama-lukonde-devoile-les-six-axes-prioritaires-de-son-futur-gouvernement\\\/\"},\"wordCount\":1539,\"commentCount\":0,\"publisher\":{\"@id\":\"https:\\\/\\\/congovirtuel.com\\\/information\\\/#organization\"},\"image\":{\"@id\":\"https:\\\/\\\/congovirtuel.com\\\/information\\\/rdc-sama-lukonde-devoile-les-six-axes-prioritaires-de-son-futur-gouvernement\\\/#primaryimage\"},\"thumbnailUrl\":\"https:\\\/\\\/congovirtuel.com\\\/information\\\/wp-content\\\/uploads\\\/2021\\\/02\\\/arton29682.jpg\",\"keywords\":[\"Priorit\u00e9s Gouvernement Sama Lukonde\"],\"articleSection\":[\"Gouvernement\"],\"inLanguage\":\"fr-FR\",\"potentialAction\":[{\"@type\":\"CommentAction\",\"name\":\"Comment\",\"target\":[\"https:\\\/\\\/congovirtuel.com\\\/information\\\/rdc-sama-lukonde-devoile-les-six-axes-prioritaires-de-son-futur-gouvernement\\\/#respond\"]}]},{\"@type\":\"WebPage\",\"@id\":\"https:\\\/\\\/congovirtuel.com\\\/information\\\/rdc-sama-lukonde-devoile-les-six-axes-prioritaires-de-son-futur-gouvernement\\\/\",\"url\":\"https:\\\/\\\/congovirtuel.com\\\/information\\\/rdc-sama-lukonde-devoile-les-six-axes-prioritaires-de-son-futur-gouvernement\\\/\",\"name\":\"RDC: SAMA LUKONDE D\u00c9VOILE LES SIX AXES PRIORITAIRES DE SON FUTUR GOUVERNEMENT - Actualit\u00e9s congolaises et internationales\",\"isPartOf\":{\"@id\":\"https:\\\/\\\/congovirtuel.com\\\/information\\\/#website\"},\"primaryImageOfPage\":{\"@id\":\"https:\\\/\\\/congovirtuel.com\\\/information\\\/rdc-sama-lukonde-devoile-les-six-axes-prioritaires-de-son-futur-gouvernement\\\/#primaryimage\"},\"image\":{\"@id\":\"https:\\\/\\\/congovirtuel.com\\\/information\\\/rdc-sama-lukonde-devoile-les-six-axes-prioritaires-de-son-futur-gouvernement\\\/#primaryimage\"},\"thumbnailUrl\":\"https:\\\/\\\/congovirtuel.com\\\/information\\\/wp-content\\\/uploads\\\/2021\\\/02\\\/arton29682.jpg\",\"datePublished\":\"2021-02-16T05:21:35+00:00\",\"dateModified\":\"2021-02-16T05:21:44+00:00\",\"breadcrumb\":{\"@id\":\"https:\\\/\\\/congovirtuel.com\\\/information\\\/rdc-sama-lukonde-devoile-les-six-axes-prioritaires-de-son-futur-gouvernement\\\/#breadcrumb\"},\"inLanguage\":\"fr-FR\",\"potentialAction\":[{\"@type\":\"ReadAction\",\"target\":[\"https:\\\/\\\/congovirtuel.com\\\/information\\\/rdc-sama-lukonde-devoile-les-six-axes-prioritaires-de-son-futur-gouvernement\\\/\"]}]},{\"@type\":\"ImageObject\",\"inLanguage\":\"fr-FR\",\"@id\":\"https:\\\/\\\/congovirtuel.com\\\/information\\\/rdc-sama-lukonde-devoile-les-six-axes-prioritaires-de-son-futur-gouvernement\\\/#primaryimage\",\"url\":\"https:\\\/\\\/congovirtuel.com\\\/information\\\/wp-content\\\/uploads\\\/2021\\\/02\\\/arton29682.jpg\",\"contentUrl\":\"https:\\\/\\\/congovirtuel.com\\\/information\\\/wp-content\\\/uploads\\\/2021\\\/02\\\/arton29682.jpg\",\"width\":605,\"height\":340},{\"@type\":\"BreadcrumbList\",\"@id\":\"https:\\\/\\\/congovirtuel.com\\\/information\\\/rdc-sama-lukonde-devoile-les-six-axes-prioritaires-de-son-futur-gouvernement\\\/#breadcrumb\",\"itemListElement\":[{\"@type\":\"ListItem\",\"position\":1,\"name\":\"Accueil\",\"item\":\"https:\\\/\\\/congovirtuel.com\\\/information\\\/\"},{\"@type\":\"ListItem\",\"position\":2,\"name\":\"RDC: SAMA LUKONDE D\u00c9VOILE LES SIX AXES PRIORITAIRES DE SON FUTUR GOUVERNEMENT\"}]},{\"@type\":\"WebSite\",\"@id\":\"https:\\\/\\\/congovirtuel.com\\\/information\\\/#website\",\"url\":\"https:\\\/\\\/congovirtuel.com\\\/information\\\/\",\"name\":\"Actualit\u00e9s congolaises et internationales\",\"description\":\"site d&#039;analyse et de traitement d&#039;information\",\"publisher\":{\"@id\":\"https:\\\/\\\/congovirtuel.com\\\/information\\\/#organization\"},\"potentialAction\":[{\"@type\":\"SearchAction\",\"target\":{\"@type\":\"EntryPoint\",\"urlTemplate\":\"https:\\\/\\\/congovirtuel.com\\\/information\\\/?s={search_term_string}\"},\"query-input\":{\"@type\":\"PropertyValueSpecification\",\"valueRequired\":true,\"valueName\":\"search_term_string\"}}],\"inLanguage\":\"fr-FR\"},{\"@type\":\"Organization\",\"@id\":\"https:\\\/\\\/congovirtuel.com\\\/information\\\/#organization\",\"name\":\"Biblioth\u00e8que Virtuelle de la RDC\",\"url\":\"https:\\\/\\\/congovirtuel.com\\\/information\\\/\",\"logo\":{\"@type\":\"ImageObject\",\"inLanguage\":\"fr-FR\",\"@id\":\"https:\\\/\\\/congovirtuel.com\\\/information\\\/#\\\/schema\\\/logo\\\/image\\\/\",\"url\":\"https:\\\/\\\/congovirtuel.com\\\/information\\\/wp-content\\\/uploads\\\/2018\\\/10\\\/header-info-congovirtuel-vraie.jpg\",\"contentUrl\":\"https:\\\/\\\/congovirtuel.com\\\/information\\\/wp-content\\\/uploads\\\/2018\\\/10\\\/header-info-congovirtuel-vraie.jpg\",\"width\":728,\"height\":90,\"caption\":\"Biblioth\u00e8que Virtuelle de la RDC\"},\"image\":{\"@id\":\"https:\\\/\\\/congovirtuel.com\\\/information\\\/#\\\/schema\\\/logo\\\/image\\\/\"},\"sameAs\":[\"https:\\\/\\\/web.facebook.com\\\/Congovirtuel-763617960319601\\\/?ref=aymt_homepage_panel&amp;amp;amp;amp;amp;amp;amp;amp;amp;amp;amp;eid=ARCoxULa66767kIgF_KYav6VdjXTI4yk_LW4yoVO9s6NXpysgb7Cb65vpxcxgqzOAKvIbLQxaAETcqHT\",\"https:\\\/\\\/x.com\\\/congovirtuel\",\"https:\\\/\\\/www.youtube.com\\\/channel\\\/UCkFfprYzGgS3EWNpeMXpToQ?view_as=subscriber\"]},{\"@type\":\"Person\",\"@id\":\"https:\\\/\\\/congovirtuel.com\\\/information\\\/#\\\/schema\\\/person\\\/739a44bf7990966cb53d58d2fdeca0b6\",\"name\":\"infocongovirtuel\",\"image\":{\"@type\":\"ImageObject\",\"inLanguage\":\"fr-FR\",\"@id\":\"https:\\\/\\\/secure.gravatar.com\\\/avatar\\\/4d76991aa72469f0eb22e772586c99113c6997f88da636a9db8f2ce3a2c05e69?s=96&d=mm&r=g\",\"url\":\"https:\\\/\\\/secure.gravatar.com\\\/avatar\\\/4d76991aa72469f0eb22e772586c99113c6997f88da636a9db8f2ce3a2c05e69?s=96&d=mm&r=g\",\"contentUrl\":\"https:\\\/\\\/secure.gravatar.com\\\/avatar\\\/4d76991aa72469f0eb22e772586c99113c6997f88da636a9db8f2ce3a2c05e69?s=96&d=mm&r=g\",\"caption\":\"infocongovirtuel\"},\"url\":\"https:\\\/\\\/congovirtuel.com\\\/information\\\/author\\\/infocongovirtuel\\\/\"}]}<\/script>\n<!-- \/ Yoast SEO plugin. -->","yoast_head_json":{"title":"RDC: SAMA LUKONDE D\u00c9VOILE LES SIX AXES PRIORITAIRES DE SON FUTUR GOUVERNEMENT - Actualit\u00e9s congolaises et internationales","robots":{"index":"index","follow":"follow","max-snippet":"max-snippet:-1","max-image-preview":"max-image-preview:large","max-video-preview":"max-video-preview:-1"},"canonical":"https:\/\/congovirtuel.com\/information\/rdc-sama-lukonde-devoile-les-six-axes-prioritaires-de-son-futur-gouvernement\/","og_locale":"fr_FR","og_type":"article","og_title":"RDC: SAMA LUKONDE D\u00c9VOILE LES SIX AXES PRIORITAIRES DE SON FUTUR GOUVERNEMENT - Actualit\u00e9s congolaises et internationales","og_description":"La taille du nouvel Ex\u00e9cutif Union sacr\u00e9e sera \u00e0 format r\u00e9duit, conform\u00e9ment \u00e0 la volont\u00e9 du Pr\u00e9sident F\u00e9lix Tshisekedi, assure le rempla\u00e7ant de Sylvestre Ilunga Ilunkamba Fini le suspense. Le successeur de Sylvestre Ilunga Ilunkamba, Premier ministre sortant en RD Congo, est connu. Il s&rsquo;agit de Jean-Michel Sama Lukonde Kyenge, nomm\u00e9 \u00e0 ce poste hier lundi 15 f\u00e9vrier, au terme d&rsquo;une ordonnance du Pr\u00e9sident F\u00e9lix Tshisekedi, lue \u00e0 la Radiot\u00e9l\u00e9vision nationale congolaise (RTNC), par son porte-parole Tharcisse Kasongo Mwema Yamba Yamba. Aussit\u00f4t nomm\u00e9, le nouveau Premier ministre a \u00e9t\u00e9 re\u00e7u&hellip;","og_url":"https:\/\/congovirtuel.com\/information\/rdc-sama-lukonde-devoile-les-six-axes-prioritaires-de-son-futur-gouvernement\/","og_site_name":"Actualit\u00e9s congolaises et internationales","article_publisher":"https:\/\/web.facebook.com\/Congovirtuel-763617960319601\/?ref=aymt_homepage_panel&amp%3bamp%3bamp%3bamp%3bamp%3bamp%3bamp%3bamp%3bamp%3bamp%3bamp%3beid=ARCoxULa66767kIgF_KYav6VdjXTI4yk_LW4yoVO9s6NXpysgb7Cb65vpxcxgqzOAKvIbLQxaAETcqHT","article_published_time":"2021-02-16T05:21:35+00:00","article_modified_time":"2021-02-16T05:21:44+00:00","og_image":[{"width":605,"height":340,"url":"https:\/\/congovirtuel.com\/information\/wp-content\/uploads\/2021\/02\/arton29682.jpg","type":"image\/jpeg"}],"author":"infocongovirtuel","twitter_card":"summary_large_image","twitter_creator":"@congovirtuel","twitter_site":"@congovirtuel","twitter_misc":{"\u00c9crit par":"infocongovirtuel","Dur\u00e9e de lecture estim\u00e9e":"6 minutes"},"schema":{"@context":"https:\/\/schema.org","@graph":[{"@type":"Article","@id":"https:\/\/congovirtuel.com\/information\/rdc-sama-lukonde-devoile-les-six-axes-prioritaires-de-son-futur-gouvernement\/#article","isPartOf":{"@id":"https:\/\/congovirtuel.com\/information\/rdc-sama-lukonde-devoile-les-six-axes-prioritaires-de-son-futur-gouvernement\/"},"author":{"name":"infocongovirtuel","@id":"https:\/\/congovirtuel.com\/information\/#\/schema\/person\/739a44bf7990966cb53d58d2fdeca0b6"},"headline":"RDC: SAMA LUKONDE D\u00c9VOILE LES SIX AXES PRIORITAIRES DE SON FUTUR GOUVERNEMENT","datePublished":"2021-02-16T05:21:35+00:00","dateModified":"2021-02-16T05:21:44+00:00","mainEntityOfPage":{"@id":"https:\/\/congovirtuel.com\/information\/rdc-sama-lukonde-devoile-les-six-axes-prioritaires-de-son-futur-gouvernement\/"},"wordCount":1539,"commentCount":0,"publisher":{"@id":"https:\/\/congovirtuel.com\/information\/#organization"},"image":{"@id":"https:\/\/congovirtuel.com\/information\/rdc-sama-lukonde-devoile-les-six-axes-prioritaires-de-son-futur-gouvernement\/#primaryimage"},"thumbnailUrl":"https:\/\/congovirtuel.com\/information\/wp-content\/uploads\/2021\/02\/arton29682.jpg","keywords":["Priorit\u00e9s Gouvernement Sama Lukonde"],"articleSection":["Gouvernement"],"inLanguage":"fr-FR","potentialAction":[{"@type":"CommentAction","name":"Comment","target":["https:\/\/congovirtuel.com\/information\/rdc-sama-lukonde-devoile-les-six-axes-prioritaires-de-son-futur-gouvernement\/#respond"]}]},{"@type":"WebPage","@id":"https:\/\/congovirtuel.com\/information\/rdc-sama-lukonde-devoile-les-six-axes-prioritaires-de-son-futur-gouvernement\/","url":"https:\/\/congovirtuel.com\/information\/rdc-sama-lukonde-devoile-les-six-axes-prioritaires-de-son-futur-gouvernement\/","name":"RDC: SAMA LUKONDE D\u00c9VOILE LES SIX AXES PRIORITAIRES DE SON FUTUR GOUVERNEMENT - Actualit\u00e9s congolaises et internationales","isPartOf":{"@id":"https:\/\/congovirtuel.com\/information\/#website"},"primaryImageOfPage":{"@id":"https:\/\/congovirtuel.com\/information\/rdc-sama-lukonde-devoile-les-six-axes-prioritaires-de-son-futur-gouvernement\/#primaryimage"},"image":{"@id":"https:\/\/congovirtuel.com\/information\/rdc-sama-lukonde-devoile-les-six-axes-prioritaires-de-son-futur-gouvernement\/#primaryimage"},"thumbnailUrl":"https:\/\/congovirtuel.com\/information\/wp-content\/uploads\/2021\/02\/arton29682.jpg","datePublished":"2021-02-16T05:21:35+00:00","dateModified":"2021-02-16T05:21:44+00:00","breadcrumb":{"@id":"https:\/\/congovirtuel.com\/information\/rdc-sama-lukonde-devoile-les-six-axes-prioritaires-de-son-futur-gouvernement\/#breadcrumb"},"inLanguage":"fr-FR","potentialAction":[{"@type":"ReadAction","target":["https:\/\/congovirtuel.com\/information\/rdc-sama-lukonde-devoile-les-six-axes-prioritaires-de-son-futur-gouvernement\/"]}]},{"@type":"ImageObject","inLanguage":"fr-FR","@id":"https:\/\/congovirtuel.com\/information\/rdc-sama-lukonde-devoile-les-six-axes-prioritaires-de-son-futur-gouvernement\/#primaryimage","url":"https:\/\/congovirtuel.com\/information\/wp-content\/uploads\/2021\/02\/arton29682.jpg","contentUrl":"https:\/\/congovirtuel.com\/information\/wp-content\/uploads\/2021\/02\/arton29682.jpg","width":605,"height":340},{"@type":"BreadcrumbList","@id":"https:\/\/congovirtuel.com\/information\/rdc-sama-lukonde-devoile-les-six-axes-prioritaires-de-son-futur-gouvernement\/#breadcrumb","itemListElement":[{"@type":"ListItem","position":1,"name":"Accueil","item":"https:\/\/congovirtuel.com\/information\/"},{"@type":"ListItem","position":2,"name":"RDC: SAMA LUKONDE D\u00c9VOILE LES SIX AXES PRIORITAIRES DE SON FUTUR GOUVERNEMENT"}]},{"@type":"WebSite","@id":"https:\/\/congovirtuel.com\/information\/#website","url":"https:\/\/congovirtuel.com\/information\/","name":"Actualit\u00e9s congolaises et internationales","description":"site d&#039;analyse et de traitement d&#039;information","publisher":{"@id":"https:\/\/congovirtuel.com\/information\/#organization"},"potentialAction":[{"@type":"SearchAction","target":{"@type":"EntryPoint","urlTemplate":"https:\/\/congovirtuel.com\/information\/?s={search_term_string}"},"query-input":{"@type":"PropertyValueSpecification","valueRequired":true,"valueName":"search_term_string"}}],"inLanguage":"fr-FR"},{"@type":"Organization","@id":"https:\/\/congovirtuel.com\/information\/#organization","name":"Biblioth\u00e8que Virtuelle de la RDC","url":"https:\/\/congovirtuel.com\/information\/","logo":{"@type":"ImageObject","inLanguage":"fr-FR","@id":"https:\/\/congovirtuel.com\/information\/#\/schema\/logo\/image\/","url":"https:\/\/congovirtuel.com\/information\/wp-content\/uploads\/2018\/10\/header-info-congovirtuel-vraie.jpg","contentUrl":"https:\/\/congovirtuel.com\/information\/wp-content\/uploads\/2018\/10\/header-info-congovirtuel-vraie.jpg","width":728,"height":90,"caption":"Biblioth\u00e8que Virtuelle de la RDC"},"image":{"@id":"https:\/\/congovirtuel.com\/information\/#\/schema\/logo\/image\/"},"sameAs":["https:\/\/web.facebook.com\/Congovirtuel-763617960319601\/?ref=aymt_homepage_panel&amp;amp;amp;amp;amp;amp;amp;amp;amp;amp;amp;eid=ARCoxULa66767kIgF_KYav6VdjXTI4yk_LW4yoVO9s6NXpysgb7Cb65vpxcxgqzOAKvIbLQxaAETcqHT","https:\/\/x.com\/congovirtuel","https:\/\/www.youtube.com\/channel\/UCkFfprYzGgS3EWNpeMXpToQ?view_as=subscriber"]},{"@type":"Person","@id":"https:\/\/congovirtuel.com\/information\/#\/schema\/person\/739a44bf7990966cb53d58d2fdeca0b6","name":"infocongovirtuel","image":{"@type":"ImageObject","inLanguage":"fr-FR","@id":"https:\/\/secure.gravatar.com\/avatar\/4d76991aa72469f0eb22e772586c99113c6997f88da636a9db8f2ce3a2c05e69?s=96&d=mm&r=g","url":"https:\/\/secure.gravatar.com\/avatar\/4d76991aa72469f0eb22e772586c99113c6997f88da636a9db8f2ce3a2c05e69?s=96&d=mm&r=g","contentUrl":"https:\/\/secure.gravatar.com\/avatar\/4d76991aa72469f0eb22e772586c99113c6997f88da636a9db8f2ce3a2c05e69?s=96&d=mm&r=g","caption":"infocongovirtuel"},"url":"https:\/\/congovirtuel.com\/information\/author\/infocongovirtuel\/"}]}},"gt_translate_keys":[{"key":"link","format":"url"}],"_links":{"self":[{"href":"https:\/\/congovirtuel.com\/information\/wp-json\/wp\/v2\/posts\/6319","targetHints":{"allow":["GET"]}}],"collection":[{"href":"https:\/\/congovirtuel.com\/information\/wp-json\/wp\/v2\/posts"}],"about":[{"href":"https:\/\/congovirtuel.com\/information\/wp-json\/wp\/v2\/types\/post"}],"author":[{"embeddable":true,"href":"https:\/\/congovirtuel.com\/information\/wp-json\/wp\/v2\/users\/1"}],"replies":[{"embeddable":true,"href":"https:\/\/congovirtuel.com\/information\/wp-json\/wp\/v2\/comments?post=6319"}],"version-history":[{"count":1,"href":"https:\/\/congovirtuel.com\/information\/wp-json\/wp\/v2\/posts\/6319\/revisions"}],"predecessor-version":[{"id":6321,"href":"https:\/\/congovirtuel.com\/information\/wp-json\/wp\/v2\/posts\/6319\/revisions\/6321"}],"wp:featuredmedia":[{"embeddable":true,"href":"https:\/\/congovirtuel.com\/information\/wp-json\/wp\/v2\/media\/6320"}],"wp:attachment":[{"href":"https:\/\/congovirtuel.com\/information\/wp-json\/wp\/v2\/media?parent=6319"}],"wp:term":[{"taxonomy":"category","embeddable":true,"href":"https:\/\/congovirtuel.com\/information\/wp-json\/wp\/v2\/categories?post=6319"},{"taxonomy":"post_tag","embeddable":true,"href":"https:\/\/congovirtuel.com\/information\/wp-json\/wp\/v2\/tags?post=6319"}],"curies":[{"name":"wp","href":"https:\/\/api.w.org\/{rel}","templated":true}]}}