{"id":6327,"date":"2021-02-16T14:45:00","date_gmt":"2021-02-16T13:45:00","guid":{"rendered":"https:\/\/congovirtuel.com\/information\/?p=6327"},"modified":"2021-02-16T14:53:14","modified_gmt":"2021-02-16T13:53:14","slug":"felix-tshisekedi-le-choix-dun-minier-pour-rassurer-les-marches-des-metaux-et-les-institutions-financieres-internationales","status":"publish","type":"post","link":"https:\/\/congovirtuel.com\/information\/felix-tshisekedi-le-choix-dun-minier-pour-rassurer-les-marches-des-metaux-et-les-institutions-financieres-internationales\/","title":{"rendered":"FELIX TSHISEKEDI, LE CHOIX D&rsquo;UN MINIER POUR RASSURER LES MARCH\u00c9S DES M\u00c9TAUX ET LES INSTITUTIONS FINANCI\u00c8RES INTERNATIONALES","gt_translate_keys":[{"key":"rendered","format":"text"}]},"content":{"rendered":"\n<p class=\"wp-block-paragraph\">Trois mois apr\u00e8s sa prise de fonction, Tshisekedi F\u00e9lix avait d\u00e9j\u00e0 compris l\u2019enjeu et l\u2019importance du secteur&nbsp; minier en signant ses toutes premi\u00e8res ordonnances pr\u00e9sidentielles&nbsp; en nommant entre autres, Sama Lukonde Directeur G\u00e9n\u00e9rale de la G\u00e9camines. Une nomination aussit\u00f4t contest\u00e9e mais qui \u00e9tait r\u00e9v\u00e9latrice des intentions de l\u2019actuel Pr\u00e9sident de la R\u00e9publique d&rsquo;op\u00e9rer des r\u00e9formes dans les secteurs miniers.&nbsp;<\/p>\n\n\n\n<h2 class=\"wp-block-heading\"><strong>SAMA LUKONDE A GRANDI DANS LES MINES&nbsp;<\/strong><\/h2>\n\n\n\n<p class=\"wp-block-paragraph\">Sama Lukonde a grandi dans les mines, titulaire d&rsquo;un dipl\u00f4me d&rsquo;Inorganique et M\u00e9tallurgie de l&rsquo;Universit\u00e9 de Lubumbashi en Chimie en 2006.<\/p>\n\n\n\n<p class=\"wp-block-paragraph\">Sa carri\u00e8re professionnelle d\u00e9bute en Afrique du Sud \u00e0 Multichoice Africa avant de rentrer au pays en 2001 o\u00f9 il \u0153uvre dans le secteur Minier jusqu\u2019en 2004 dans un projet de partenariat G\u00e9camines\u2013Edina et Triples K sur les sites de Kamwale, Luisha et Kabolela.<\/p>\n\n\n\n<p class=\"wp-block-paragraph\">Son parcours professionnel s\u2019est \u00e9galement enrichi en 2005 en tant que gestionnaire d\u2019une usine de cuivre : Small Mineral Services puis consultant dans plusieurs soci\u00e9t\u00e9s priv\u00e9es \u0153uvrant dans le secteur minier : M\u00e9tal mines, Huashin, Rubamin pour ne citer que celles-l\u00e0.<\/p>\n\n\n\n<p class=\"wp-block-paragraph\">Ainsi, apr\u00e8s l\u2019\u00e9chec de la coalition FCC-CACH, unie pour une vision commune dans la gestion \u00e9conomique et sociale du pays. La naissance d\u2019une nouvelle coalition politique, majoritaire au parlement \u00ab&nbsp;L\u2019union sacr\u00e9e&nbsp;\u00bb revigore politiquement Fatshi qui a d\u00e9sormais carte blanche&nbsp; pour diriger et contr\u00f4ler tous les arcanes du pays, principalement les minerais.<\/p>\n\n\n\n<h2 class=\"wp-block-heading\"><strong>Les prix du cuivre ont&nbsp; atteint leur plus haut niveau depuis 2012<\/strong><\/h2>\n\n\n\n<p class=\"wp-block-paragraph\">Les prix du cuivre ont&nbsp; atteint leur plus haut niveau depuis 2012, en raison des inqui\u00e9tudes suscit\u00e9es par un d\u00e9ficit du march\u00e9 provoqu\u00e9 par une offre serr\u00e9e et une forte demande du m\u00e9tal industriel.<\/p>\n\n\n\n<p class=\"wp-block-paragraph\">Selon les analystes de Bloomberg Intelligence Grant Sporre et Andrew Cosgrove, en supposant que leur sc\u00e9nario de croissance de la demande de 5% soit proche, les pr\u00e9visions de production des 25 principaux producteurs de cuivre indiquent que le march\u00e9 pourrait \u00eatre dans un d\u00e9ficit important cette ann\u00e9e.<\/p>\n\n\n\n<p class=\"wp-block-paragraph\">Le prix du cuivre \u00abest aliment\u00e9 par un cocktail de facteurs positifs &#8211; y compris la hausse des anticipations d&rsquo;inflation provoqu\u00e9e par la relance am\u00e9ricaine, une baisse du dollar et des actions historiquement faibles\u00bb, a d\u00e9clar\u00e9 Gavin Wendt, analyste principal des ressources chez MineLife Pty.<\/p>\n\n\n\n<h2 class=\"wp-block-heading\"><strong>Rassurer les march\u00e9s des m\u00e9taux et les institutions internationales<\/strong><\/h2>\n\n\n\n<p class=\"wp-block-paragraph\">Le pr\u00e9sident Tshisekedi qui est plusieurs fois interpell\u00e9 par les institutions de Bretton Woods, FMI, Banque Mondiale sur la transparence et la tra\u00e7abilit\u00e9 des recettes principalement mini\u00e8res, rassure \u00e9galement ces partenaires sur sa volont\u00e9 \u00e0 combattre la corruption et la gabegie financi\u00e8re condition sine qua none pour avoir acc\u00e8s aux capitaux frais.<\/p>\n\n\n\n<p class=\"wp-block-paragraph\">Lui qui a fait de la reprise structurelle avec ces institutions financi\u00e8res parmi ses priorit\u00e9s, le choix de Sama Lukonde comme Premier ministre entre dans cette suite logique. Le choix d&rsquo;un enfant de la maison qui conna\u00eet bien la G\u00e9camines rassure les march\u00e9s des m\u00e9taux sur la volont\u00e9 de la RDC \u00e0 mettre un terme au travail des enfants dans les mines du cobalt et \u00e0 r\u00e9gulariser les secteurs des mines artisanales.<\/p>\n\n\n\n<h2 class=\"wp-block-heading\"><strong>G\u00e9n\u00e9rer davantage de revenus du cuivre et du cobalt<\/strong><\/h2>\n\n\n\n<p class=\"wp-block-paragraph\">F\u00e9lix Tshisekedi\u00a0 qui\u00a0 mise sur la revanche du \u00ab\u00a0sol sur le sous-sol\u00a0\u00bb\u00a0 dans son discours sur l\u2019\u00e9tat de la nation de d\u00e9cembre 2019, compte r\u00e9affecter les b\u00e9n\u00e9fices miniers par la relance d\u2019autres secteurs \u00e9conomiques du pays aux arr\u00eats depuis l\u2019ind\u00e9pendance de 1960. Le d\u00e9fi imm\u00e9diat pour le nouveau gouvernement est\u00a0 de g\u00e9n\u00e9rer davantage de revenus du cuivre et du cobalt\u00a0 pour soutenir l&rsquo;expansion des programmes sociaux retard\u00e9e\u00a0 par la pand\u00e9mie de Covid-19.\u00a0<\/p>\n\n\n\n<figure class=\"wp-block-image size-large\"><img loading=\"lazy\" decoding=\"async\" width=\"768\" height=\"432\" src=\"https:\/\/congovirtuel.com\/information\/wp-content\/uploads\/2021\/02\/368129521-768x432-1.jpg\" alt=\"\" class=\"wp-image-6328\" srcset=\"https:\/\/congovirtuel.com\/information\/wp-content\/uploads\/2021\/02\/368129521-768x432-1.jpg 768w, https:\/\/congovirtuel.com\/information\/wp-content\/uploads\/2021\/02\/368129521-768x432-1-649x365.jpg 649w, https:\/\/congovirtuel.com\/information\/wp-content\/uploads\/2021\/02\/368129521-768x432-1-500x280.jpg 500w\" sizes=\"auto, (max-width: 768px) 100vw, 768px\" \/><\/figure>\n\n\n\n<p class=\"wp-block-paragraph\"><\/p>\n\n\n\n<p class=\"wp-block-paragraph\"><strong>Oliver maluka<\/strong><\/p>\n","protected":false,"gt_translate_keys":[{"key":"rendered","format":"html"}]},"excerpt":{"rendered":"<p>Trois mois apr\u00e8s sa prise de fonction, Tshisekedi F\u00e9lix avait d\u00e9j\u00e0 compris l\u2019enjeu et l\u2019importance du secteur&nbsp; minier en signant ses toutes premi\u00e8res ordonnances pr\u00e9sidentielles&nbsp; en nommant entre autres, Sama Lukonde Directeur G\u00e9n\u00e9rale de la G\u00e9camines. Une nomination aussit\u00f4t contest\u00e9e mais qui \u00e9tait r\u00e9v\u00e9latrice des intentions de l\u2019actuel Pr\u00e9sident de la R\u00e9publique d&rsquo;op\u00e9rer des r\u00e9formes dans les secteurs miniers.&nbsp; SAMA LUKONDE A GRANDI DANS LES MINES&nbsp; Sama Lukonde a grandi dans les mines, titulaire d&rsquo;un dipl\u00f4me d&rsquo;Inorganique et M\u00e9tallurgie de l&rsquo;Universit\u00e9 de Lubumbashi en Chimie en 2006. Sa carri\u00e8re professionnelle&hellip;<\/p>\n","protected":false,"gt_translate_keys":[{"key":"rendered","format":"html"}]},"author":1,"featured_media":6329,"comment_status":"open","ping_status":"open","sticky":false,"template":"","format":"standard","meta":{"_crdt_document":"","footnotes":""},"categories":[372],"tags":[5508],"class_list":["post-6327","post","type-post","status-publish","format-standard","has-post-thumbnail","hentry","category-minerais","tag-sama-lukondo-minier"],"gutentor_comment":0,"yoast_head":"<!-- This site is optimized with the Yoast SEO plugin v27.5 - https:\/\/yoast.com\/product\/yoast-seo-wordpress\/ -->\n<title>FELIX TSHISEKEDI, LE CHOIX D&#039;UN MINIER POUR RASSURER LES MARCH\u00c9S DES M\u00c9TAUX ET LES INSTITUTIONS FINANCI\u00c8RES INTERNATIONALES - Actualit\u00e9s congolaises et internationales<\/title>\n<meta name=\"robots\" content=\"index, follow, max-snippet:-1, max-image-preview:large, max-video-preview:-1\" \/>\n<link rel=\"canonical\" href=\"https:\/\/congovirtuel.com\/information\/felix-tshisekedi-le-choix-dun-minier-pour-rassurer-les-marches-des-metaux-et-les-institutions-financieres-internationales\/\" \/>\n<meta property=\"og:locale\" content=\"fr_FR\" \/>\n<meta property=\"og:type\" content=\"article\" \/>\n<meta property=\"og:title\" content=\"FELIX TSHISEKEDI, LE CHOIX D&#039;UN MINIER POUR RASSURER LES MARCH\u00c9S DES M\u00c9TAUX ET LES INSTITUTIONS FINANCI\u00c8RES INTERNATIONALES - Actualit\u00e9s congolaises et internationales\" \/>\n<meta property=\"og:description\" content=\"Trois mois apr\u00e8s sa prise de fonction, Tshisekedi F\u00e9lix avait d\u00e9j\u00e0 compris l\u2019enjeu et l\u2019importance du secteur&nbsp; minier en signant ses toutes premi\u00e8res ordonnances pr\u00e9sidentielles&nbsp; en nommant entre autres, Sama Lukonde Directeur G\u00e9n\u00e9rale de la G\u00e9camines. Une nomination aussit\u00f4t contest\u00e9e mais qui \u00e9tait r\u00e9v\u00e9latrice des intentions de l\u2019actuel Pr\u00e9sident de la R\u00e9publique d&rsquo;op\u00e9rer des r\u00e9formes dans les secteurs miniers.&nbsp; SAMA LUKONDE A GRANDI DANS LES MINES&nbsp; Sama Lukonde a grandi dans les mines, titulaire d&rsquo;un dipl\u00f4me d&rsquo;Inorganique et M\u00e9tallurgie de l&rsquo;Universit\u00e9 de Lubumbashi en Chimie en 2006. Sa carri\u00e8re professionnelle&hellip;\" \/>\n<meta property=\"og:url\" content=\"https:\/\/congovirtuel.com\/information\/felix-tshisekedi-le-choix-dun-minier-pour-rassurer-les-marches-des-metaux-et-les-institutions-financieres-internationales\/\" \/>\n<meta property=\"og:site_name\" content=\"Actualit\u00e9s congolaises et internationales\" \/>\n<meta property=\"article:publisher\" content=\"https:\/\/web.facebook.com\/Congovirtuel-763617960319601\/?ref=aymt_homepage_panel&amp;amp%3bamp%3bamp%3bamp%3bamp%3bamp%3bamp%3bamp%3bamp%3bamp%3bamp%3beid=ARCoxULa66767kIgF_KYav6VdjXTI4yk_LW4yoVO9s6NXpysgb7Cb65vpxcxgqzOAKvIbLQxaAETcqHT\" \/>\n<meta property=\"article:published_time\" content=\"2021-02-16T13:45:00+00:00\" \/>\n<meta property=\"article:modified_time\" content=\"2021-02-16T13:53:14+00:00\" \/>\n<meta property=\"og:image\" content=\"https:\/\/congovirtuel.com\/information\/wp-content\/uploads\/2021\/02\/sama2.jpg\" \/>\n\t<meta property=\"og:image:width\" content=\"1044\" \/>\n\t<meta property=\"og:image:height\" content=\"560\" \/>\n\t<meta property=\"og:image:type\" content=\"image\/jpeg\" \/>\n<meta name=\"author\" content=\"infocongovirtuel\" \/>\n<meta name=\"twitter:card\" content=\"summary_large_image\" \/>\n<meta name=\"twitter:creator\" content=\"@congovirtuel\" \/>\n<meta name=\"twitter:site\" content=\"@congovirtuel\" \/>\n<meta name=\"twitter:label1\" content=\"\u00c9crit par\" \/>\n\t<meta name=\"twitter:data1\" content=\"infocongovirtuel\" \/>\n\t<meta name=\"twitter:label2\" content=\"Dur\u00e9e de lecture estim\u00e9e\" \/>\n\t<meta name=\"twitter:data2\" content=\"3 minutes\" \/>\n<script type=\"application\/ld+json\" class=\"yoast-schema-graph\">{\"@context\":\"https:\\\/\\\/schema.org\",\"@graph\":[{\"@type\":\"Article\",\"@id\":\"https:\\\/\\\/congovirtuel.com\\\/information\\\/felix-tshisekedi-le-choix-dun-minier-pour-rassurer-les-marches-des-metaux-et-les-institutions-financieres-internationales\\\/#article\",\"isPartOf\":{\"@id\":\"https:\\\/\\\/congovirtuel.com\\\/information\\\/felix-tshisekedi-le-choix-dun-minier-pour-rassurer-les-marches-des-metaux-et-les-institutions-financieres-internationales\\\/\"},\"author\":{\"name\":\"infocongovirtuel\",\"@id\":\"https:\\\/\\\/congovirtuel.com\\\/information\\\/#\\\/schema\\\/person\\\/739a44bf7990966cb53d58d2fdeca0b6\"},\"headline\":\"FELIX TSHISEKEDI, LE CHOIX D&rsquo;UN MINIER POUR RASSURER LES MARCH\u00c9S DES M\u00c9TAUX ET LES INSTITUTIONS FINANCI\u00c8RES INTERNATIONALES\",\"datePublished\":\"2021-02-16T13:45:00+00:00\",\"dateModified\":\"2021-02-16T13:53:14+00:00\",\"mainEntityOfPage\":{\"@id\":\"https:\\\/\\\/congovirtuel.com\\\/information\\\/felix-tshisekedi-le-choix-dun-minier-pour-rassurer-les-marches-des-metaux-et-les-institutions-financieres-internationales\\\/\"},\"wordCount\":681,\"commentCount\":0,\"publisher\":{\"@id\":\"https:\\\/\\\/congovirtuel.com\\\/information\\\/#organization\"},\"image\":{\"@id\":\"https:\\\/\\\/congovirtuel.com\\\/information\\\/felix-tshisekedi-le-choix-dun-minier-pour-rassurer-les-marches-des-metaux-et-les-institutions-financieres-internationales\\\/#primaryimage\"},\"thumbnailUrl\":\"https:\\\/\\\/congovirtuel.com\\\/information\\\/wp-content\\\/uploads\\\/2021\\\/02\\\/sama2.jpg\",\"keywords\":[\"Sama Lukondo minier\"],\"articleSection\":[\"Minerais\"],\"inLanguage\":\"fr-FR\",\"potentialAction\":[{\"@type\":\"CommentAction\",\"name\":\"Comment\",\"target\":[\"https:\\\/\\\/congovirtuel.com\\\/information\\\/felix-tshisekedi-le-choix-dun-minier-pour-rassurer-les-marches-des-metaux-et-les-institutions-financieres-internationales\\\/#respond\"]}]},{\"@type\":\"WebPage\",\"@id\":\"https:\\\/\\\/congovirtuel.com\\\/information\\\/felix-tshisekedi-le-choix-dun-minier-pour-rassurer-les-marches-des-metaux-et-les-institutions-financieres-internationales\\\/\",\"url\":\"https:\\\/\\\/congovirtuel.com\\\/information\\\/felix-tshisekedi-le-choix-dun-minier-pour-rassurer-les-marches-des-metaux-et-les-institutions-financieres-internationales\\\/\",\"name\":\"FELIX TSHISEKEDI, LE CHOIX D'UN MINIER POUR RASSURER LES MARCH\u00c9S DES M\u00c9TAUX ET LES INSTITUTIONS FINANCI\u00c8RES INTERNATIONALES - Actualit\u00e9s congolaises et internationales\",\"isPartOf\":{\"@id\":\"https:\\\/\\\/congovirtuel.com\\\/information\\\/#website\"},\"primaryImageOfPage\":{\"@id\":\"https:\\\/\\\/congovirtuel.com\\\/information\\\/felix-tshisekedi-le-choix-dun-minier-pour-rassurer-les-marches-des-metaux-et-les-institutions-financieres-internationales\\\/#primaryimage\"},\"image\":{\"@id\":\"https:\\\/\\\/congovirtuel.com\\\/information\\\/felix-tshisekedi-le-choix-dun-minier-pour-rassurer-les-marches-des-metaux-et-les-institutions-financieres-internationales\\\/#primaryimage\"},\"thumbnailUrl\":\"https:\\\/\\\/congovirtuel.com\\\/information\\\/wp-content\\\/uploads\\\/2021\\\/02\\\/sama2.jpg\",\"datePublished\":\"2021-02-16T13:45:00+00:00\",\"dateModified\":\"2021-02-16T13:53:14+00:00\",\"breadcrumb\":{\"@id\":\"https:\\\/\\\/congovirtuel.com\\\/information\\\/felix-tshisekedi-le-choix-dun-minier-pour-rassurer-les-marches-des-metaux-et-les-institutions-financieres-internationales\\\/#breadcrumb\"},\"inLanguage\":\"fr-FR\",\"potentialAction\":[{\"@type\":\"ReadAction\",\"target\":[\"https:\\\/\\\/congovirtuel.com\\\/information\\\/felix-tshisekedi-le-choix-dun-minier-pour-rassurer-les-marches-des-metaux-et-les-institutions-financieres-internationales\\\/\"]}]},{\"@type\":\"ImageObject\",\"inLanguage\":\"fr-FR\",\"@id\":\"https:\\\/\\\/congovirtuel.com\\\/information\\\/felix-tshisekedi-le-choix-dun-minier-pour-rassurer-les-marches-des-metaux-et-les-institutions-financieres-internationales\\\/#primaryimage\",\"url\":\"https:\\\/\\\/congovirtuel.com\\\/information\\\/wp-content\\\/uploads\\\/2021\\\/02\\\/sama2.jpg\",\"contentUrl\":\"https:\\\/\\\/congovirtuel.com\\\/information\\\/wp-content\\\/uploads\\\/2021\\\/02\\\/sama2.jpg\",\"width\":1044,\"height\":560},{\"@type\":\"BreadcrumbList\",\"@id\":\"https:\\\/\\\/congovirtuel.com\\\/information\\\/felix-tshisekedi-le-choix-dun-minier-pour-rassurer-les-marches-des-metaux-et-les-institutions-financieres-internationales\\\/#breadcrumb\",\"itemListElement\":[{\"@type\":\"ListItem\",\"position\":1,\"name\":\"Accueil\",\"item\":\"https:\\\/\\\/congovirtuel.com\\\/information\\\/\"},{\"@type\":\"ListItem\",\"position\":2,\"name\":\"FELIX TSHISEKEDI, LE CHOIX D&rsquo;UN MINIER POUR RASSURER LES MARCH\u00c9S DES M\u00c9TAUX ET LES INSTITUTIONS FINANCI\u00c8RES INTERNATIONALES\"}]},{\"@type\":\"WebSite\",\"@id\":\"https:\\\/\\\/congovirtuel.com\\\/information\\\/#website\",\"url\":\"https:\\\/\\\/congovirtuel.com\\\/information\\\/\",\"name\":\"Actualit\u00e9s congolaises et internationales\",\"description\":\"site d&#039;analyse et de traitement d&#039;information\",\"publisher\":{\"@id\":\"https:\\\/\\\/congovirtuel.com\\\/information\\\/#organization\"},\"potentialAction\":[{\"@type\":\"SearchAction\",\"target\":{\"@type\":\"EntryPoint\",\"urlTemplate\":\"https:\\\/\\\/congovirtuel.com\\\/information\\\/?s={search_term_string}\"},\"query-input\":{\"@type\":\"PropertyValueSpecification\",\"valueRequired\":true,\"valueName\":\"search_term_string\"}}],\"inLanguage\":\"fr-FR\"},{\"@type\":\"Organization\",\"@id\":\"https:\\\/\\\/congovirtuel.com\\\/information\\\/#organization\",\"name\":\"Biblioth\u00e8que Virtuelle de la RDC\",\"url\":\"https:\\\/\\\/congovirtuel.com\\\/information\\\/\",\"logo\":{\"@type\":\"ImageObject\",\"inLanguage\":\"fr-FR\",\"@id\":\"https:\\\/\\\/congovirtuel.com\\\/information\\\/#\\\/schema\\\/logo\\\/image\\\/\",\"url\":\"https:\\\/\\\/congovirtuel.com\\\/information\\\/wp-content\\\/uploads\\\/2018\\\/10\\\/header-info-congovirtuel-vraie.jpg\",\"contentUrl\":\"https:\\\/\\\/congovirtuel.com\\\/information\\\/wp-content\\\/uploads\\\/2018\\\/10\\\/header-info-congovirtuel-vraie.jpg\",\"width\":728,\"height\":90,\"caption\":\"Biblioth\u00e8que Virtuelle de la RDC\"},\"image\":{\"@id\":\"https:\\\/\\\/congovirtuel.com\\\/information\\\/#\\\/schema\\\/logo\\\/image\\\/\"},\"sameAs\":[\"https:\\\/\\\/web.facebook.com\\\/Congovirtuel-763617960319601\\\/?ref=aymt_homepage_panel&amp;amp;amp;amp;amp;amp;amp;amp;amp;amp;amp;eid=ARCoxULa66767kIgF_KYav6VdjXTI4yk_LW4yoVO9s6NXpysgb7Cb65vpxcxgqzOAKvIbLQxaAETcqHT\",\"https:\\\/\\\/x.com\\\/congovirtuel\",\"https:\\\/\\\/www.youtube.com\\\/channel\\\/UCkFfprYzGgS3EWNpeMXpToQ?view_as=subscriber\"]},{\"@type\":\"Person\",\"@id\":\"https:\\\/\\\/congovirtuel.com\\\/information\\\/#\\\/schema\\\/person\\\/739a44bf7990966cb53d58d2fdeca0b6\",\"name\":\"infocongovirtuel\",\"image\":{\"@type\":\"ImageObject\",\"inLanguage\":\"fr-FR\",\"@id\":\"https:\\\/\\\/secure.gravatar.com\\\/avatar\\\/4d76991aa72469f0eb22e772586c99113c6997f88da636a9db8f2ce3a2c05e69?s=96&d=mm&r=g\",\"url\":\"https:\\\/\\\/secure.gravatar.com\\\/avatar\\\/4d76991aa72469f0eb22e772586c99113c6997f88da636a9db8f2ce3a2c05e69?s=96&d=mm&r=g\",\"contentUrl\":\"https:\\\/\\\/secure.gravatar.com\\\/avatar\\\/4d76991aa72469f0eb22e772586c99113c6997f88da636a9db8f2ce3a2c05e69?s=96&d=mm&r=g\",\"caption\":\"infocongovirtuel\"},\"url\":\"https:\\\/\\\/congovirtuel.com\\\/information\\\/author\\\/infocongovirtuel\\\/\"}]}<\/script>\n<!-- \/ Yoast SEO plugin. -->","yoast_head_json":{"title":"FELIX TSHISEKEDI, LE CHOIX D'UN MINIER POUR RASSURER LES MARCH\u00c9S DES M\u00c9TAUX ET LES INSTITUTIONS FINANCI\u00c8RES INTERNATIONALES - Actualit\u00e9s congolaises et internationales","robots":{"index":"index","follow":"follow","max-snippet":"max-snippet:-1","max-image-preview":"max-image-preview:large","max-video-preview":"max-video-preview:-1"},"canonical":"https:\/\/congovirtuel.com\/information\/felix-tshisekedi-le-choix-dun-minier-pour-rassurer-les-marches-des-metaux-et-les-institutions-financieres-internationales\/","og_locale":"fr_FR","og_type":"article","og_title":"FELIX TSHISEKEDI, LE CHOIX D'UN MINIER POUR RASSURER LES MARCH\u00c9S DES M\u00c9TAUX ET LES INSTITUTIONS FINANCI\u00c8RES INTERNATIONALES - Actualit\u00e9s congolaises et internationales","og_description":"Trois mois apr\u00e8s sa prise de fonction, Tshisekedi F\u00e9lix avait d\u00e9j\u00e0 compris l\u2019enjeu et l\u2019importance du secteur&nbsp; minier en signant ses toutes premi\u00e8res ordonnances pr\u00e9sidentielles&nbsp; en nommant entre autres, Sama Lukonde Directeur G\u00e9n\u00e9rale de la G\u00e9camines. Une nomination aussit\u00f4t contest\u00e9e mais qui \u00e9tait r\u00e9v\u00e9latrice des intentions de l\u2019actuel Pr\u00e9sident de la R\u00e9publique d&rsquo;op\u00e9rer des r\u00e9formes dans les secteurs miniers.&nbsp; SAMA LUKONDE A GRANDI DANS LES MINES&nbsp; Sama Lukonde a grandi dans les mines, titulaire d&rsquo;un dipl\u00f4me d&rsquo;Inorganique et M\u00e9tallurgie de l&rsquo;Universit\u00e9 de Lubumbashi en Chimie en 2006. Sa carri\u00e8re professionnelle&hellip;","og_url":"https:\/\/congovirtuel.com\/information\/felix-tshisekedi-le-choix-dun-minier-pour-rassurer-les-marches-des-metaux-et-les-institutions-financieres-internationales\/","og_site_name":"Actualit\u00e9s congolaises et internationales","article_publisher":"https:\/\/web.facebook.com\/Congovirtuel-763617960319601\/?ref=aymt_homepage_panel&amp%3bamp%3bamp%3bamp%3bamp%3bamp%3bamp%3bamp%3bamp%3bamp%3bamp%3beid=ARCoxULa66767kIgF_KYav6VdjXTI4yk_LW4yoVO9s6NXpysgb7Cb65vpxcxgqzOAKvIbLQxaAETcqHT","article_published_time":"2021-02-16T13:45:00+00:00","article_modified_time":"2021-02-16T13:53:14+00:00","og_image":[{"width":1044,"height":560,"url":"https:\/\/congovirtuel.com\/information\/wp-content\/uploads\/2021\/02\/sama2.jpg","type":"image\/jpeg"}],"author":"infocongovirtuel","twitter_card":"summary_large_image","twitter_creator":"@congovirtuel","twitter_site":"@congovirtuel","twitter_misc":{"\u00c9crit par":"infocongovirtuel","Dur\u00e9e de lecture estim\u00e9e":"3 minutes"},"schema":{"@context":"https:\/\/schema.org","@graph":[{"@type":"Article","@id":"https:\/\/congovirtuel.com\/information\/felix-tshisekedi-le-choix-dun-minier-pour-rassurer-les-marches-des-metaux-et-les-institutions-financieres-internationales\/#article","isPartOf":{"@id":"https:\/\/congovirtuel.com\/information\/felix-tshisekedi-le-choix-dun-minier-pour-rassurer-les-marches-des-metaux-et-les-institutions-financieres-internationales\/"},"author":{"name":"infocongovirtuel","@id":"https:\/\/congovirtuel.com\/information\/#\/schema\/person\/739a44bf7990966cb53d58d2fdeca0b6"},"headline":"FELIX TSHISEKEDI, LE CHOIX D&rsquo;UN MINIER POUR RASSURER LES MARCH\u00c9S DES M\u00c9TAUX ET LES INSTITUTIONS FINANCI\u00c8RES INTERNATIONALES","datePublished":"2021-02-16T13:45:00+00:00","dateModified":"2021-02-16T13:53:14+00:00","mainEntityOfPage":{"@id":"https:\/\/congovirtuel.com\/information\/felix-tshisekedi-le-choix-dun-minier-pour-rassurer-les-marches-des-metaux-et-les-institutions-financieres-internationales\/"},"wordCount":681,"commentCount":0,"publisher":{"@id":"https:\/\/congovirtuel.com\/information\/#organization"},"image":{"@id":"https:\/\/congovirtuel.com\/information\/felix-tshisekedi-le-choix-dun-minier-pour-rassurer-les-marches-des-metaux-et-les-institutions-financieres-internationales\/#primaryimage"},"thumbnailUrl":"https:\/\/congovirtuel.com\/information\/wp-content\/uploads\/2021\/02\/sama2.jpg","keywords":["Sama Lukondo minier"],"articleSection":["Minerais"],"inLanguage":"fr-FR","potentialAction":[{"@type":"CommentAction","name":"Comment","target":["https:\/\/congovirtuel.com\/information\/felix-tshisekedi-le-choix-dun-minier-pour-rassurer-les-marches-des-metaux-et-les-institutions-financieres-internationales\/#respond"]}]},{"@type":"WebPage","@id":"https:\/\/congovirtuel.com\/information\/felix-tshisekedi-le-choix-dun-minier-pour-rassurer-les-marches-des-metaux-et-les-institutions-financieres-internationales\/","url":"https:\/\/congovirtuel.com\/information\/felix-tshisekedi-le-choix-dun-minier-pour-rassurer-les-marches-des-metaux-et-les-institutions-financieres-internationales\/","name":"FELIX TSHISEKEDI, LE CHOIX D'UN MINIER POUR RASSURER LES MARCH\u00c9S DES M\u00c9TAUX ET LES INSTITUTIONS FINANCI\u00c8RES INTERNATIONALES - Actualit\u00e9s congolaises et internationales","isPartOf":{"@id":"https:\/\/congovirtuel.com\/information\/#website"},"primaryImageOfPage":{"@id":"https:\/\/congovirtuel.com\/information\/felix-tshisekedi-le-choix-dun-minier-pour-rassurer-les-marches-des-metaux-et-les-institutions-financieres-internationales\/#primaryimage"},"image":{"@id":"https:\/\/congovirtuel.com\/information\/felix-tshisekedi-le-choix-dun-minier-pour-rassurer-les-marches-des-metaux-et-les-institutions-financieres-internationales\/#primaryimage"},"thumbnailUrl":"https:\/\/congovirtuel.com\/information\/wp-content\/uploads\/2021\/02\/sama2.jpg","datePublished":"2021-02-16T13:45:00+00:00","dateModified":"2021-02-16T13:53:14+00:00","breadcrumb":{"@id":"https:\/\/congovirtuel.com\/information\/felix-tshisekedi-le-choix-dun-minier-pour-rassurer-les-marches-des-metaux-et-les-institutions-financieres-internationales\/#breadcrumb"},"inLanguage":"fr-FR","potentialAction":[{"@type":"ReadAction","target":["https:\/\/congovirtuel.com\/information\/felix-tshisekedi-le-choix-dun-minier-pour-rassurer-les-marches-des-metaux-et-les-institutions-financieres-internationales\/"]}]},{"@type":"ImageObject","inLanguage":"fr-FR","@id":"https:\/\/congovirtuel.com\/information\/felix-tshisekedi-le-choix-dun-minier-pour-rassurer-les-marches-des-metaux-et-les-institutions-financieres-internationales\/#primaryimage","url":"https:\/\/congovirtuel.com\/information\/wp-content\/uploads\/2021\/02\/sama2.jpg","contentUrl":"https:\/\/congovirtuel.com\/information\/wp-content\/uploads\/2021\/02\/sama2.jpg","width":1044,"height":560},{"@type":"BreadcrumbList","@id":"https:\/\/congovirtuel.com\/information\/felix-tshisekedi-le-choix-dun-minier-pour-rassurer-les-marches-des-metaux-et-les-institutions-financieres-internationales\/#breadcrumb","itemListElement":[{"@type":"ListItem","position":1,"name":"Accueil","item":"https:\/\/congovirtuel.com\/information\/"},{"@type":"ListItem","position":2,"name":"FELIX TSHISEKEDI, LE CHOIX D&rsquo;UN MINIER POUR RASSURER LES MARCH\u00c9S DES M\u00c9TAUX ET LES INSTITUTIONS FINANCI\u00c8RES INTERNATIONALES"}]},{"@type":"WebSite","@id":"https:\/\/congovirtuel.com\/information\/#website","url":"https:\/\/congovirtuel.com\/information\/","name":"Actualit\u00e9s congolaises et internationales","description":"site d&#039;analyse et de traitement d&#039;information","publisher":{"@id":"https:\/\/congovirtuel.com\/information\/#organization"},"potentialAction":[{"@type":"SearchAction","target":{"@type":"EntryPoint","urlTemplate":"https:\/\/congovirtuel.com\/information\/?s={search_term_string}"},"query-input":{"@type":"PropertyValueSpecification","valueRequired":true,"valueName":"search_term_string"}}],"inLanguage":"fr-FR"},{"@type":"Organization","@id":"https:\/\/congovirtuel.com\/information\/#organization","name":"Biblioth\u00e8que Virtuelle de la RDC","url":"https:\/\/congovirtuel.com\/information\/","logo":{"@type":"ImageObject","inLanguage":"fr-FR","@id":"https:\/\/congovirtuel.com\/information\/#\/schema\/logo\/image\/","url":"https:\/\/congovirtuel.com\/information\/wp-content\/uploads\/2018\/10\/header-info-congovirtuel-vraie.jpg","contentUrl":"https:\/\/congovirtuel.com\/information\/wp-content\/uploads\/2018\/10\/header-info-congovirtuel-vraie.jpg","width":728,"height":90,"caption":"Biblioth\u00e8que Virtuelle de la RDC"},"image":{"@id":"https:\/\/congovirtuel.com\/information\/#\/schema\/logo\/image\/"},"sameAs":["https:\/\/web.facebook.com\/Congovirtuel-763617960319601\/?ref=aymt_homepage_panel&amp;amp;amp;amp;amp;amp;amp;amp;amp;amp;amp;eid=ARCoxULa66767kIgF_KYav6VdjXTI4yk_LW4yoVO9s6NXpysgb7Cb65vpxcxgqzOAKvIbLQxaAETcqHT","https:\/\/x.com\/congovirtuel","https:\/\/www.youtube.com\/channel\/UCkFfprYzGgS3EWNpeMXpToQ?view_as=subscriber"]},{"@type":"Person","@id":"https:\/\/congovirtuel.com\/information\/#\/schema\/person\/739a44bf7990966cb53d58d2fdeca0b6","name":"infocongovirtuel","image":{"@type":"ImageObject","inLanguage":"fr-FR","@id":"https:\/\/secure.gravatar.com\/avatar\/4d76991aa72469f0eb22e772586c99113c6997f88da636a9db8f2ce3a2c05e69?s=96&d=mm&r=g","url":"https:\/\/secure.gravatar.com\/avatar\/4d76991aa72469f0eb22e772586c99113c6997f88da636a9db8f2ce3a2c05e69?s=96&d=mm&r=g","contentUrl":"https:\/\/secure.gravatar.com\/avatar\/4d76991aa72469f0eb22e772586c99113c6997f88da636a9db8f2ce3a2c05e69?s=96&d=mm&r=g","caption":"infocongovirtuel"},"url":"https:\/\/congovirtuel.com\/information\/author\/infocongovirtuel\/"}]}},"gt_translate_keys":[{"key":"link","format":"url"}],"_links":{"self":[{"href":"https:\/\/congovirtuel.com\/information\/wp-json\/wp\/v2\/posts\/6327","targetHints":{"allow":["GET"]}}],"collection":[{"href":"https:\/\/congovirtuel.com\/information\/wp-json\/wp\/v2\/posts"}],"about":[{"href":"https:\/\/congovirtuel.com\/information\/wp-json\/wp\/v2\/types\/post"}],"author":[{"embeddable":true,"href":"https:\/\/congovirtuel.com\/information\/wp-json\/wp\/v2\/users\/1"}],"replies":[{"embeddable":true,"href":"https:\/\/congovirtuel.com\/information\/wp-json\/wp\/v2\/comments?post=6327"}],"version-history":[{"count":2,"href":"https:\/\/congovirtuel.com\/information\/wp-json\/wp\/v2\/posts\/6327\/revisions"}],"predecessor-version":[{"id":6333,"href":"https:\/\/congovirtuel.com\/information\/wp-json\/wp\/v2\/posts\/6327\/revisions\/6333"}],"wp:featuredmedia":[{"embeddable":true,"href":"https:\/\/congovirtuel.com\/information\/wp-json\/wp\/v2\/media\/6329"}],"wp:attachment":[{"href":"https:\/\/congovirtuel.com\/information\/wp-json\/wp\/v2\/media?parent=6327"}],"wp:term":[{"taxonomy":"category","embeddable":true,"href":"https:\/\/congovirtuel.com\/information\/wp-json\/wp\/v2\/categories?post=6327"},{"taxonomy":"post_tag","embeddable":true,"href":"https:\/\/congovirtuel.com\/information\/wp-json\/wp\/v2\/tags?post=6327"}],"curies":[{"name":"wp","href":"https:\/\/api.w.org\/{rel}","templated":true}]}}