{"id":6435,"date":"2021-02-21T05:41:21","date_gmt":"2021-02-21T04:41:21","guid":{"rendered":"https:\/\/congovirtuel.com\/information\/?p=6435"},"modified":"2021-02-21T05:41:30","modified_gmt":"2021-02-21T04:41:30","slug":"affaire-chebeya-bazana-en-rdc-le-general-djadjidja-place-en-residence-surveillee","status":"publish","type":"post","link":"https:\/\/congovirtuel.com\/information\/affaire-chebeya-bazana-en-rdc-le-general-djadjidja-place-en-residence-surveillee\/","title":{"rendered":"Affaire Chebeya-Bazana en RDC : le g\u00e9n\u00e9ral Djadjidja plac\u00e9 en r\u00e9sidence surveill\u00e9e","gt_translate_keys":[{"key":"rendered","format":"text"}]},"content":{"rendered":"\n<p class=\"wp-block-paragraph\"><strong>Depuis les r\u00e9v\u00e9lations de RFI sur l\u2019affaire Floribert Chebeya et Fid\u00e8le Bazana, un officier de l\u2019arm\u00e9e congolaise bas\u00e9 \u00e0 l&rsquo;est est pri\u00e9 de rester \u00e0 Kinshasa. Selon une source s\u00e9curitaire haut plac\u00e9e, le g\u00e9n\u00e9ral Zelwa Katanga dit \u00ab\u00a0Djadjidja\u00a0\u00bb est m\u00eame en r\u00e9sidence surveill\u00e9e, dans l\u2019attente de la fin de l\u2019enqu\u00eate de la justice militaire sur son r\u00f4le pr\u00e9sum\u00e9 dans ce double assassinat et les tentatives de cacher la v\u00e9rit<\/strong>\u00e9.<a href=\"https:\/\/www.facebook.com\/dialog\/share?app_id=113191652055439&amp;href=https%3A%2F%2Frfi.my%2F79Zu.F&amp;redirect_uri=https%3A%2F%2Fwww.rfi.fr%2Ffr%2Fafrique%2F20210221-affaire-chebeya-bazana-en-rdc-le-g%C3%A9n%C3%A9ral-djadjidja-plac%C3%A9-en-r%C3%A9sidence-surveill%C3%A9e&amp;locale=fr_FR\" target=\"_blank\" rel=\"noreferrer noopener\"><\/a><a href=\"https:\/\/twitter.com\/intent\/tweet?url=https%3A%2F%2Frfi.my%2F79Zu.T&amp;via=RFI&amp;related=rfi&amp;text=Affaire%20Chebeya-Bazana%20en%20RDC%20%3A%20le%20g%C3%A9n%C3%A9ral%20Djadjidja%20plac%C3%A9%20en%20r%C3%A9sidence%20surveill%C3%A9e&amp;lang=fr\" target=\"_blank\" rel=\"noreferrer noopener\"><\/a><a href=\"\/\/send?text=Affaire%20Chebeya-Bazana%20en%20RDC%20%3A%20le%20g%C3%A9n%C3%A9ral%20Djadjidja%20plac%C3%A9%20en%20r%C3%A9sidence%20surveill%C3%A9e%20-%20https%3A%2F%2Frfi.my%2F79Zu.W\" target=\"_blank\" rel=\"noreferrer noopener\"><\/a><\/p>\n\n\n\n<p class=\"wp-block-paragraph\"><\/p>\n\n\n\n<p class=\"wp-block-paragraph\">Depuis les r\u00e9v\u00e9lations de RFI sur l\u2019affaire Floribert Chebeya et Fid\u00e8le Bazana, un officier de l\u2019arm\u00e9e congolaise bas\u00e9 \u00e0 l&rsquo;est est pri\u00e9 de rester \u00e0 Kinshasa. Selon une source s\u00e9curitaire haut plac\u00e9e, le g\u00e9n\u00e9ral Zelwa Katanga dit \u00ab\u00a0Djadjidja\u00a0\u00bb est m\u00eame en r\u00e9sidence surveill\u00e9e, dans l\u2019attente de la fin de l\u2019enqu\u00eate de la justice militaire sur son r\u00f4le pr\u00e9sum\u00e9 dans ce double assassinat et les tentatives de cacher la v\u00e9rit\u00e9.<\/p>\n\n\n\n<p class=\"wp-block-paragraph\">Le g\u00e9n\u00e9ral Djadjidja n\u2019\u00e9tait pas venu \u00e0 Kinshasa il y a plus de deux semaines pour r\u00e9pondre de son r\u00f4le pr\u00e9sum\u00e9 dans l\u2019affaire Floribert Chebeya et Fid\u00e8le Bazana. Bas\u00e9 \u00e0 Kisangani, il devait \u00eatre entendu dans le cadre d\u2019une enqu\u00eate men\u00e9e sur les crashes de deux h\u00e9licopt\u00e8res militaires fin d\u00e9cembre en Ituri et dans la Tshopo, explique une source s\u00e9curitaire haut plac\u00e9e.<\/p>\n\n\n\n<p class=\"wp-block-paragraph\">Le g\u00e9n\u00e9ral Djadjidja est donc pr\u00e9sent \u00e0 Kinshasa quand<strong><a href=\"https:\/\/www.rfi.fr\/fr\/afrique\/20210208-rdc-ceux-qui-ont-tu%C3%A9-floribert-chebeya-et-fid%C3%A8le-bazana\">&nbsp;les t\u00e9moins de RFI citent son nom<\/a><\/strong>. Selon ces membres du commando charg\u00e9 de tuer les deux membres de l\u2019ONG&nbsp;la Voix des sans voix, c\u2019est sur le terrain du g\u00e9n\u00e9ral Djadjidja que le corps de Fid\u00e8le Bazana aurait \u00e9t\u00e9 enterr\u00e9. C\u2019est une surprise.<\/p>\n\n\n\n<p class=\"wp-block-paragraph\">Jusqu\u2019ici, les parties civiles pensaient que Fid\u00e8le Bazana avait \u00e9t\u00e9 enterr\u00e9 sur un terrain appartenant au g\u00e9n\u00e9ral John Numbi, l\u2019inspecteur g\u00e9n\u00e9rale de la police. Il y a dix jours, un des avocats les repr\u00e9sentant porte alors formellement&nbsp;<strong><a href=\"https:\/\/www.rfi.fr\/fr\/afrique\/20210212-assassinat-de-chebeya-et-bazana-en-rdc-une-plainte-d%C3%A9pos%C3%A9e-contre-le-g%C3%A9n%C3%A9ral-djadjidja\">plainte contre le g\u00e9n\u00e9ral Djadjidja<\/a><\/strong>, comme contre les autres auteurs pr\u00e9sum\u00e9s dont les noms sont cit\u00e9s par RFI.<\/p>\n\n\n\n<p class=\"wp-block-paragraph\">Pour l\u2019heure, la mise en r\u00e9sidence surveill\u00e9e du g\u00e9n\u00e9ral Djadjidja ne serait qu\u2019une mesure disciplinaire. Selon une source au sein de la justice militaire, il n\u2019est poursuivi pour rien \u00e0 ce stade. Mais il a un nouvel accusateur : Jacques Migabo, le dernier membre du commando \u00e0 avoir \u00e9t\u00e9 arr\u00eat\u00e9 lui \u00e0 Lubumbashi. Selon la source s\u00e9curitaire haut plac\u00e9, arr\u00eat\u00e9 avec les Bakata Katanga apr\u00e8s l\u2019attaque du week-end dernier, Jacques Migabo coop\u00e8re pleinement aujourd\u2019hui avec la justice.<\/p>\n\n\n\n<p class=\"wp-block-paragraph\">Interrog\u00e9 par RFI avant la sortie de son enqu\u00eate, le g\u00e9n\u00e9ral Djadjidja avait ni\u00e9 ces accusations, assurant qu&rsquo;il s&rsquo;agissait l\u00e0 de purs mensonges.<\/p>\n\n\n\n<p class=\"wp-block-paragraph\"><strong>RFI\/Sonia Roley<\/strong><\/p>\n","protected":false,"gt_translate_keys":[{"key":"rendered","format":"html"}]},"excerpt":{"rendered":"<p>Depuis les r\u00e9v\u00e9lations de RFI sur l\u2019affaire Floribert Chebeya et Fid\u00e8le Bazana, un officier de l\u2019arm\u00e9e congolaise bas\u00e9 \u00e0 l&rsquo;est est pri\u00e9 de rester \u00e0 Kinshasa. Selon une source s\u00e9curitaire haut plac\u00e9e, le g\u00e9n\u00e9ral Zelwa Katanga dit \u00ab\u00a0Djadjidja\u00a0\u00bb est m\u00eame en r\u00e9sidence surveill\u00e9e, dans l\u2019attente de la fin de l\u2019enqu\u00eate de la justice militaire sur son r\u00f4le pr\u00e9sum\u00e9 dans ce double assassinat et les tentatives de cacher la v\u00e9rit\u00e9. Depuis les r\u00e9v\u00e9lations de RFI sur l\u2019affaire Floribert Chebeya et Fid\u00e8le Bazana, un officier de l\u2019arm\u00e9e congolaise bas\u00e9 \u00e0 l&rsquo;est est&hellip;<\/p>\n","protected":false,"gt_translate_keys":[{"key":"rendered","format":"html"}]},"author":1,"featured_media":6146,"comment_status":"open","ping_status":"open","sticky":false,"template":"","format":"standard","meta":{"_crdt_document":"","footnotes":""},"categories":[5389],"tags":[5295,5614],"class_list":["post-6435","post","type-post","status-publish","format-standard","has-post-thumbnail","hentry","category-assassinat","tag-chebeya","tag-general-djadjidja-arrete"],"gutentor_comment":0,"yoast_head":"<!-- This site is optimized with the Yoast SEO plugin v27.5 - https:\/\/yoast.com\/product\/yoast-seo-wordpress\/ -->\n<title>Affaire Chebeya-Bazana en RDC : le g\u00e9n\u00e9ral Djadjidja plac\u00e9 en r\u00e9sidence surveill\u00e9e - Actualit\u00e9s congolaises et internationales<\/title>\n<meta name=\"robots\" content=\"index, follow, max-snippet:-1, max-image-preview:large, max-video-preview:-1\" \/>\n<link rel=\"canonical\" href=\"https:\/\/congovirtuel.com\/information\/affaire-chebeya-bazana-en-rdc-le-general-djadjidja-place-en-residence-surveillee\/\" \/>\n<meta property=\"og:locale\" content=\"fr_FR\" \/>\n<meta property=\"og:type\" content=\"article\" \/>\n<meta property=\"og:title\" content=\"Affaire Chebeya-Bazana en RDC : le g\u00e9n\u00e9ral Djadjidja plac\u00e9 en r\u00e9sidence surveill\u00e9e - Actualit\u00e9s congolaises et internationales\" \/>\n<meta property=\"og:description\" content=\"Depuis les r\u00e9v\u00e9lations de RFI sur l\u2019affaire Floribert Chebeya et Fid\u00e8le Bazana, un officier de l\u2019arm\u00e9e congolaise bas\u00e9 \u00e0 l&rsquo;est est pri\u00e9 de rester \u00e0 Kinshasa. Selon une source s\u00e9curitaire haut plac\u00e9e, le g\u00e9n\u00e9ral Zelwa Katanga dit \u00ab\u00a0Djadjidja\u00a0\u00bb est m\u00eame en r\u00e9sidence surveill\u00e9e, dans l\u2019attente de la fin de l\u2019enqu\u00eate de la justice militaire sur son r\u00f4le pr\u00e9sum\u00e9 dans ce double assassinat et les tentatives de cacher la v\u00e9rit\u00e9. Depuis les r\u00e9v\u00e9lations de RFI sur l\u2019affaire Floribert Chebeya et Fid\u00e8le Bazana, un officier de l\u2019arm\u00e9e congolaise bas\u00e9 \u00e0 l&rsquo;est est&hellip;\" \/>\n<meta property=\"og:url\" content=\"https:\/\/congovirtuel.com\/information\/affaire-chebeya-bazana-en-rdc-le-general-djadjidja-place-en-residence-surveillee\/\" \/>\n<meta property=\"og:site_name\" content=\"Actualit\u00e9s congolaises et internationales\" \/>\n<meta property=\"article:publisher\" content=\"https:\/\/web.facebook.com\/Congovirtuel-763617960319601\/?ref=aymt_homepage_panel&amp;amp%3bamp%3bamp%3bamp%3bamp%3bamp%3bamp%3bamp%3bamp%3bamp%3bamp%3beid=ARCoxULa66767kIgF_KYav6VdjXTI4yk_LW4yoVO9s6NXpysgb7Cb65vpxcxgqzOAKvIbLQxaAETcqHT\" \/>\n<meta property=\"article:published_time\" content=\"2021-02-21T04:41:21+00:00\" \/>\n<meta property=\"article:modified_time\" content=\"2021-02-21T04:41:30+00:00\" \/>\n<meta property=\"og:image\" content=\"https:\/\/congovirtuel.com\/information\/wp-content\/uploads\/2021\/02\/chebeya.jpg\" \/>\n\t<meta property=\"og:image:width\" content=\"1280\" \/>\n\t<meta property=\"og:image:height\" content=\"720\" \/>\n\t<meta property=\"og:image:type\" content=\"image\/jpeg\" \/>\n<meta name=\"author\" content=\"infocongovirtuel\" \/>\n<meta name=\"twitter:card\" content=\"summary_large_image\" \/>\n<meta name=\"twitter:creator\" content=\"@congovirtuel\" \/>\n<meta name=\"twitter:site\" content=\"@congovirtuel\" \/>\n<meta name=\"twitter:label1\" content=\"\u00c9crit par\" \/>\n\t<meta name=\"twitter:data1\" content=\"infocongovirtuel\" \/>\n\t<meta name=\"twitter:label2\" content=\"Dur\u00e9e de lecture estim\u00e9e\" \/>\n\t<meta name=\"twitter:data2\" content=\"2 minutes\" \/>\n<script type=\"application\/ld+json\" class=\"yoast-schema-graph\">{\"@context\":\"https:\\\/\\\/schema.org\",\"@graph\":[{\"@type\":\"Article\",\"@id\":\"https:\\\/\\\/congovirtuel.com\\\/information\\\/affaire-chebeya-bazana-en-rdc-le-general-djadjidja-place-en-residence-surveillee\\\/#article\",\"isPartOf\":{\"@id\":\"https:\\\/\\\/congovirtuel.com\\\/information\\\/affaire-chebeya-bazana-en-rdc-le-general-djadjidja-place-en-residence-surveillee\\\/\"},\"author\":{\"name\":\"infocongovirtuel\",\"@id\":\"https:\\\/\\\/congovirtuel.com\\\/information\\\/#\\\/schema\\\/person\\\/739a44bf7990966cb53d58d2fdeca0b6\"},\"headline\":\"Affaire Chebeya-Bazana en RDC : le g\u00e9n\u00e9ral Djadjidja plac\u00e9 en r\u00e9sidence surveill\u00e9e\",\"datePublished\":\"2021-02-21T04:41:21+00:00\",\"dateModified\":\"2021-02-21T04:41:30+00:00\",\"mainEntityOfPage\":{\"@id\":\"https:\\\/\\\/congovirtuel.com\\\/information\\\/affaire-chebeya-bazana-en-rdc-le-general-djadjidja-place-en-residence-surveillee\\\/\"},\"wordCount\":516,\"commentCount\":0,\"publisher\":{\"@id\":\"https:\\\/\\\/congovirtuel.com\\\/information\\\/#organization\"},\"image\":{\"@id\":\"https:\\\/\\\/congovirtuel.com\\\/information\\\/affaire-chebeya-bazana-en-rdc-le-general-djadjidja-place-en-residence-surveillee\\\/#primaryimage\"},\"thumbnailUrl\":\"https:\\\/\\\/congovirtuel.com\\\/information\\\/wp-content\\\/uploads\\\/2021\\\/02\\\/chebeya.jpg\",\"keywords\":[\"Chebeya\",\"G\u00e9n\u00e9ral Djadjidja arr\u00eat\u00e9\"],\"articleSection\":[\"Assassinat\"],\"inLanguage\":\"fr-FR\",\"potentialAction\":[{\"@type\":\"CommentAction\",\"name\":\"Comment\",\"target\":[\"https:\\\/\\\/congovirtuel.com\\\/information\\\/affaire-chebeya-bazana-en-rdc-le-general-djadjidja-place-en-residence-surveillee\\\/#respond\"]}]},{\"@type\":\"WebPage\",\"@id\":\"https:\\\/\\\/congovirtuel.com\\\/information\\\/affaire-chebeya-bazana-en-rdc-le-general-djadjidja-place-en-residence-surveillee\\\/\",\"url\":\"https:\\\/\\\/congovirtuel.com\\\/information\\\/affaire-chebeya-bazana-en-rdc-le-general-djadjidja-place-en-residence-surveillee\\\/\",\"name\":\"Affaire Chebeya-Bazana en RDC : le g\u00e9n\u00e9ral Djadjidja plac\u00e9 en r\u00e9sidence surveill\u00e9e - Actualit\u00e9s congolaises et internationales\",\"isPartOf\":{\"@id\":\"https:\\\/\\\/congovirtuel.com\\\/information\\\/#website\"},\"primaryImageOfPage\":{\"@id\":\"https:\\\/\\\/congovirtuel.com\\\/information\\\/affaire-chebeya-bazana-en-rdc-le-general-djadjidja-place-en-residence-surveillee\\\/#primaryimage\"},\"image\":{\"@id\":\"https:\\\/\\\/congovirtuel.com\\\/information\\\/affaire-chebeya-bazana-en-rdc-le-general-djadjidja-place-en-residence-surveillee\\\/#primaryimage\"},\"thumbnailUrl\":\"https:\\\/\\\/congovirtuel.com\\\/information\\\/wp-content\\\/uploads\\\/2021\\\/02\\\/chebeya.jpg\",\"datePublished\":\"2021-02-21T04:41:21+00:00\",\"dateModified\":\"2021-02-21T04:41:30+00:00\",\"breadcrumb\":{\"@id\":\"https:\\\/\\\/congovirtuel.com\\\/information\\\/affaire-chebeya-bazana-en-rdc-le-general-djadjidja-place-en-residence-surveillee\\\/#breadcrumb\"},\"inLanguage\":\"fr-FR\",\"potentialAction\":[{\"@type\":\"ReadAction\",\"target\":[\"https:\\\/\\\/congovirtuel.com\\\/information\\\/affaire-chebeya-bazana-en-rdc-le-general-djadjidja-place-en-residence-surveillee\\\/\"]}]},{\"@type\":\"ImageObject\",\"inLanguage\":\"fr-FR\",\"@id\":\"https:\\\/\\\/congovirtuel.com\\\/information\\\/affaire-chebeya-bazana-en-rdc-le-general-djadjidja-place-en-residence-surveillee\\\/#primaryimage\",\"url\":\"https:\\\/\\\/congovirtuel.com\\\/information\\\/wp-content\\\/uploads\\\/2021\\\/02\\\/chebeya.jpg\",\"contentUrl\":\"https:\\\/\\\/congovirtuel.com\\\/information\\\/wp-content\\\/uploads\\\/2021\\\/02\\\/chebeya.jpg\",\"width\":1280,\"height\":720},{\"@type\":\"BreadcrumbList\",\"@id\":\"https:\\\/\\\/congovirtuel.com\\\/information\\\/affaire-chebeya-bazana-en-rdc-le-general-djadjidja-place-en-residence-surveillee\\\/#breadcrumb\",\"itemListElement\":[{\"@type\":\"ListItem\",\"position\":1,\"name\":\"Accueil\",\"item\":\"https:\\\/\\\/congovirtuel.com\\\/information\\\/\"},{\"@type\":\"ListItem\",\"position\":2,\"name\":\"Affaire Chebeya-Bazana en RDC : le g\u00e9n\u00e9ral Djadjidja plac\u00e9 en r\u00e9sidence surveill\u00e9e\"}]},{\"@type\":\"WebSite\",\"@id\":\"https:\\\/\\\/congovirtuel.com\\\/information\\\/#website\",\"url\":\"https:\\\/\\\/congovirtuel.com\\\/information\\\/\",\"name\":\"Actualit\u00e9s congolaises et internationales\",\"description\":\"site d&#039;analyse et de traitement d&#039;information\",\"publisher\":{\"@id\":\"https:\\\/\\\/congovirtuel.com\\\/information\\\/#organization\"},\"potentialAction\":[{\"@type\":\"SearchAction\",\"target\":{\"@type\":\"EntryPoint\",\"urlTemplate\":\"https:\\\/\\\/congovirtuel.com\\\/information\\\/?s={search_term_string}\"},\"query-input\":{\"@type\":\"PropertyValueSpecification\",\"valueRequired\":true,\"valueName\":\"search_term_string\"}}],\"inLanguage\":\"fr-FR\"},{\"@type\":\"Organization\",\"@id\":\"https:\\\/\\\/congovirtuel.com\\\/information\\\/#organization\",\"name\":\"Biblioth\u00e8que Virtuelle de la RDC\",\"url\":\"https:\\\/\\\/congovirtuel.com\\\/information\\\/\",\"logo\":{\"@type\":\"ImageObject\",\"inLanguage\":\"fr-FR\",\"@id\":\"https:\\\/\\\/congovirtuel.com\\\/information\\\/#\\\/schema\\\/logo\\\/image\\\/\",\"url\":\"https:\\\/\\\/congovirtuel.com\\\/information\\\/wp-content\\\/uploads\\\/2018\\\/10\\\/header-info-congovirtuel-vraie.jpg\",\"contentUrl\":\"https:\\\/\\\/congovirtuel.com\\\/information\\\/wp-content\\\/uploads\\\/2018\\\/10\\\/header-info-congovirtuel-vraie.jpg\",\"width\":728,\"height\":90,\"caption\":\"Biblioth\u00e8que Virtuelle de la RDC\"},\"image\":{\"@id\":\"https:\\\/\\\/congovirtuel.com\\\/information\\\/#\\\/schema\\\/logo\\\/image\\\/\"},\"sameAs\":[\"https:\\\/\\\/web.facebook.com\\\/Congovirtuel-763617960319601\\\/?ref=aymt_homepage_panel&amp;amp;amp;amp;amp;amp;amp;amp;amp;amp;amp;eid=ARCoxULa66767kIgF_KYav6VdjXTI4yk_LW4yoVO9s6NXpysgb7Cb65vpxcxgqzOAKvIbLQxaAETcqHT\",\"https:\\\/\\\/x.com\\\/congovirtuel\",\"https:\\\/\\\/www.youtube.com\\\/channel\\\/UCkFfprYzGgS3EWNpeMXpToQ?view_as=subscriber\"]},{\"@type\":\"Person\",\"@id\":\"https:\\\/\\\/congovirtuel.com\\\/information\\\/#\\\/schema\\\/person\\\/739a44bf7990966cb53d58d2fdeca0b6\",\"name\":\"infocongovirtuel\",\"image\":{\"@type\":\"ImageObject\",\"inLanguage\":\"fr-FR\",\"@id\":\"https:\\\/\\\/secure.gravatar.com\\\/avatar\\\/4d76991aa72469f0eb22e772586c99113c6997f88da636a9db8f2ce3a2c05e69?s=96&d=mm&r=g\",\"url\":\"https:\\\/\\\/secure.gravatar.com\\\/avatar\\\/4d76991aa72469f0eb22e772586c99113c6997f88da636a9db8f2ce3a2c05e69?s=96&d=mm&r=g\",\"contentUrl\":\"https:\\\/\\\/secure.gravatar.com\\\/avatar\\\/4d76991aa72469f0eb22e772586c99113c6997f88da636a9db8f2ce3a2c05e69?s=96&d=mm&r=g\",\"caption\":\"infocongovirtuel\"},\"url\":\"https:\\\/\\\/congovirtuel.com\\\/information\\\/author\\\/infocongovirtuel\\\/\"}]}<\/script>\n<!-- \/ Yoast SEO plugin. -->","yoast_head_json":{"title":"Affaire Chebeya-Bazana en RDC : le g\u00e9n\u00e9ral Djadjidja plac\u00e9 en r\u00e9sidence surveill\u00e9e - Actualit\u00e9s congolaises et internationales","robots":{"index":"index","follow":"follow","max-snippet":"max-snippet:-1","max-image-preview":"max-image-preview:large","max-video-preview":"max-video-preview:-1"},"canonical":"https:\/\/congovirtuel.com\/information\/affaire-chebeya-bazana-en-rdc-le-general-djadjidja-place-en-residence-surveillee\/","og_locale":"fr_FR","og_type":"article","og_title":"Affaire Chebeya-Bazana en RDC : le g\u00e9n\u00e9ral Djadjidja plac\u00e9 en r\u00e9sidence surveill\u00e9e - Actualit\u00e9s congolaises et internationales","og_description":"Depuis les r\u00e9v\u00e9lations de RFI sur l\u2019affaire Floribert Chebeya et Fid\u00e8le Bazana, un officier de l\u2019arm\u00e9e congolaise bas\u00e9 \u00e0 l&rsquo;est est pri\u00e9 de rester \u00e0 Kinshasa. Selon une source s\u00e9curitaire haut plac\u00e9e, le g\u00e9n\u00e9ral Zelwa Katanga dit \u00ab\u00a0Djadjidja\u00a0\u00bb est m\u00eame en r\u00e9sidence surveill\u00e9e, dans l\u2019attente de la fin de l\u2019enqu\u00eate de la justice militaire sur son r\u00f4le pr\u00e9sum\u00e9 dans ce double assassinat et les tentatives de cacher la v\u00e9rit\u00e9. Depuis les r\u00e9v\u00e9lations de RFI sur l\u2019affaire Floribert Chebeya et Fid\u00e8le Bazana, un officier de l\u2019arm\u00e9e congolaise bas\u00e9 \u00e0 l&rsquo;est est&hellip;","og_url":"https:\/\/congovirtuel.com\/information\/affaire-chebeya-bazana-en-rdc-le-general-djadjidja-place-en-residence-surveillee\/","og_site_name":"Actualit\u00e9s congolaises et internationales","article_publisher":"https:\/\/web.facebook.com\/Congovirtuel-763617960319601\/?ref=aymt_homepage_panel&amp%3bamp%3bamp%3bamp%3bamp%3bamp%3bamp%3bamp%3bamp%3bamp%3bamp%3beid=ARCoxULa66767kIgF_KYav6VdjXTI4yk_LW4yoVO9s6NXpysgb7Cb65vpxcxgqzOAKvIbLQxaAETcqHT","article_published_time":"2021-02-21T04:41:21+00:00","article_modified_time":"2021-02-21T04:41:30+00:00","og_image":[{"width":1280,"height":720,"url":"https:\/\/congovirtuel.com\/information\/wp-content\/uploads\/2021\/02\/chebeya.jpg","type":"image\/jpeg"}],"author":"infocongovirtuel","twitter_card":"summary_large_image","twitter_creator":"@congovirtuel","twitter_site":"@congovirtuel","twitter_misc":{"\u00c9crit par":"infocongovirtuel","Dur\u00e9e de lecture estim\u00e9e":"2 minutes"},"schema":{"@context":"https:\/\/schema.org","@graph":[{"@type":"Article","@id":"https:\/\/congovirtuel.com\/information\/affaire-chebeya-bazana-en-rdc-le-general-djadjidja-place-en-residence-surveillee\/#article","isPartOf":{"@id":"https:\/\/congovirtuel.com\/information\/affaire-chebeya-bazana-en-rdc-le-general-djadjidja-place-en-residence-surveillee\/"},"author":{"name":"infocongovirtuel","@id":"https:\/\/congovirtuel.com\/information\/#\/schema\/person\/739a44bf7990966cb53d58d2fdeca0b6"},"headline":"Affaire Chebeya-Bazana en RDC : le g\u00e9n\u00e9ral Djadjidja plac\u00e9 en r\u00e9sidence surveill\u00e9e","datePublished":"2021-02-21T04:41:21+00:00","dateModified":"2021-02-21T04:41:30+00:00","mainEntityOfPage":{"@id":"https:\/\/congovirtuel.com\/information\/affaire-chebeya-bazana-en-rdc-le-general-djadjidja-place-en-residence-surveillee\/"},"wordCount":516,"commentCount":0,"publisher":{"@id":"https:\/\/congovirtuel.com\/information\/#organization"},"image":{"@id":"https:\/\/congovirtuel.com\/information\/affaire-chebeya-bazana-en-rdc-le-general-djadjidja-place-en-residence-surveillee\/#primaryimage"},"thumbnailUrl":"https:\/\/congovirtuel.com\/information\/wp-content\/uploads\/2021\/02\/chebeya.jpg","keywords":["Chebeya","G\u00e9n\u00e9ral Djadjidja arr\u00eat\u00e9"],"articleSection":["Assassinat"],"inLanguage":"fr-FR","potentialAction":[{"@type":"CommentAction","name":"Comment","target":["https:\/\/congovirtuel.com\/information\/affaire-chebeya-bazana-en-rdc-le-general-djadjidja-place-en-residence-surveillee\/#respond"]}]},{"@type":"WebPage","@id":"https:\/\/congovirtuel.com\/information\/affaire-chebeya-bazana-en-rdc-le-general-djadjidja-place-en-residence-surveillee\/","url":"https:\/\/congovirtuel.com\/information\/affaire-chebeya-bazana-en-rdc-le-general-djadjidja-place-en-residence-surveillee\/","name":"Affaire Chebeya-Bazana en RDC : le g\u00e9n\u00e9ral Djadjidja plac\u00e9 en r\u00e9sidence surveill\u00e9e - Actualit\u00e9s congolaises et internationales","isPartOf":{"@id":"https:\/\/congovirtuel.com\/information\/#website"},"primaryImageOfPage":{"@id":"https:\/\/congovirtuel.com\/information\/affaire-chebeya-bazana-en-rdc-le-general-djadjidja-place-en-residence-surveillee\/#primaryimage"},"image":{"@id":"https:\/\/congovirtuel.com\/information\/affaire-chebeya-bazana-en-rdc-le-general-djadjidja-place-en-residence-surveillee\/#primaryimage"},"thumbnailUrl":"https:\/\/congovirtuel.com\/information\/wp-content\/uploads\/2021\/02\/chebeya.jpg","datePublished":"2021-02-21T04:41:21+00:00","dateModified":"2021-02-21T04:41:30+00:00","breadcrumb":{"@id":"https:\/\/congovirtuel.com\/information\/affaire-chebeya-bazana-en-rdc-le-general-djadjidja-place-en-residence-surveillee\/#breadcrumb"},"inLanguage":"fr-FR","potentialAction":[{"@type":"ReadAction","target":["https:\/\/congovirtuel.com\/information\/affaire-chebeya-bazana-en-rdc-le-general-djadjidja-place-en-residence-surveillee\/"]}]},{"@type":"ImageObject","inLanguage":"fr-FR","@id":"https:\/\/congovirtuel.com\/information\/affaire-chebeya-bazana-en-rdc-le-general-djadjidja-place-en-residence-surveillee\/#primaryimage","url":"https:\/\/congovirtuel.com\/information\/wp-content\/uploads\/2021\/02\/chebeya.jpg","contentUrl":"https:\/\/congovirtuel.com\/information\/wp-content\/uploads\/2021\/02\/chebeya.jpg","width":1280,"height":720},{"@type":"BreadcrumbList","@id":"https:\/\/congovirtuel.com\/information\/affaire-chebeya-bazana-en-rdc-le-general-djadjidja-place-en-residence-surveillee\/#breadcrumb","itemListElement":[{"@type":"ListItem","position":1,"name":"Accueil","item":"https:\/\/congovirtuel.com\/information\/"},{"@type":"ListItem","position":2,"name":"Affaire Chebeya-Bazana en RDC : le g\u00e9n\u00e9ral Djadjidja plac\u00e9 en r\u00e9sidence surveill\u00e9e"}]},{"@type":"WebSite","@id":"https:\/\/congovirtuel.com\/information\/#website","url":"https:\/\/congovirtuel.com\/information\/","name":"Actualit\u00e9s congolaises et internationales","description":"site d&#039;analyse et de traitement d&#039;information","publisher":{"@id":"https:\/\/congovirtuel.com\/information\/#organization"},"potentialAction":[{"@type":"SearchAction","target":{"@type":"EntryPoint","urlTemplate":"https:\/\/congovirtuel.com\/information\/?s={search_term_string}"},"query-input":{"@type":"PropertyValueSpecification","valueRequired":true,"valueName":"search_term_string"}}],"inLanguage":"fr-FR"},{"@type":"Organization","@id":"https:\/\/congovirtuel.com\/information\/#organization","name":"Biblioth\u00e8que Virtuelle de la RDC","url":"https:\/\/congovirtuel.com\/information\/","logo":{"@type":"ImageObject","inLanguage":"fr-FR","@id":"https:\/\/congovirtuel.com\/information\/#\/schema\/logo\/image\/","url":"https:\/\/congovirtuel.com\/information\/wp-content\/uploads\/2018\/10\/header-info-congovirtuel-vraie.jpg","contentUrl":"https:\/\/congovirtuel.com\/information\/wp-content\/uploads\/2018\/10\/header-info-congovirtuel-vraie.jpg","width":728,"height":90,"caption":"Biblioth\u00e8que Virtuelle de la RDC"},"image":{"@id":"https:\/\/congovirtuel.com\/information\/#\/schema\/logo\/image\/"},"sameAs":["https:\/\/web.facebook.com\/Congovirtuel-763617960319601\/?ref=aymt_homepage_panel&amp;amp;amp;amp;amp;amp;amp;amp;amp;amp;amp;eid=ARCoxULa66767kIgF_KYav6VdjXTI4yk_LW4yoVO9s6NXpysgb7Cb65vpxcxgqzOAKvIbLQxaAETcqHT","https:\/\/x.com\/congovirtuel","https:\/\/www.youtube.com\/channel\/UCkFfprYzGgS3EWNpeMXpToQ?view_as=subscriber"]},{"@type":"Person","@id":"https:\/\/congovirtuel.com\/information\/#\/schema\/person\/739a44bf7990966cb53d58d2fdeca0b6","name":"infocongovirtuel","image":{"@type":"ImageObject","inLanguage":"fr-FR","@id":"https:\/\/secure.gravatar.com\/avatar\/4d76991aa72469f0eb22e772586c99113c6997f88da636a9db8f2ce3a2c05e69?s=96&d=mm&r=g","url":"https:\/\/secure.gravatar.com\/avatar\/4d76991aa72469f0eb22e772586c99113c6997f88da636a9db8f2ce3a2c05e69?s=96&d=mm&r=g","contentUrl":"https:\/\/secure.gravatar.com\/avatar\/4d76991aa72469f0eb22e772586c99113c6997f88da636a9db8f2ce3a2c05e69?s=96&d=mm&r=g","caption":"infocongovirtuel"},"url":"https:\/\/congovirtuel.com\/information\/author\/infocongovirtuel\/"}]}},"gt_translate_keys":[{"key":"link","format":"url"}],"_links":{"self":[{"href":"https:\/\/congovirtuel.com\/information\/wp-json\/wp\/v2\/posts\/6435","targetHints":{"allow":["GET"]}}],"collection":[{"href":"https:\/\/congovirtuel.com\/information\/wp-json\/wp\/v2\/posts"}],"about":[{"href":"https:\/\/congovirtuel.com\/information\/wp-json\/wp\/v2\/types\/post"}],"author":[{"embeddable":true,"href":"https:\/\/congovirtuel.com\/information\/wp-json\/wp\/v2\/users\/1"}],"replies":[{"embeddable":true,"href":"https:\/\/congovirtuel.com\/information\/wp-json\/wp\/v2\/comments?post=6435"}],"version-history":[{"count":1,"href":"https:\/\/congovirtuel.com\/information\/wp-json\/wp\/v2\/posts\/6435\/revisions"}],"predecessor-version":[{"id":6436,"href":"https:\/\/congovirtuel.com\/information\/wp-json\/wp\/v2\/posts\/6435\/revisions\/6436"}],"wp:featuredmedia":[{"embeddable":true,"href":"https:\/\/congovirtuel.com\/information\/wp-json\/wp\/v2\/media\/6146"}],"wp:attachment":[{"href":"https:\/\/congovirtuel.com\/information\/wp-json\/wp\/v2\/media?parent=6435"}],"wp:term":[{"taxonomy":"category","embeddable":true,"href":"https:\/\/congovirtuel.com\/information\/wp-json\/wp\/v2\/categories?post=6435"},{"taxonomy":"post_tag","embeddable":true,"href":"https:\/\/congovirtuel.com\/information\/wp-json\/wp\/v2\/tags?post=6435"}],"curies":[{"name":"wp","href":"https:\/\/api.w.org\/{rel}","templated":true}]}}