{"id":6485,"date":"2021-02-23T06:23:00","date_gmt":"2021-02-23T05:23:00","guid":{"rendered":"https:\/\/congovirtuel.com\/information\/?p=6485"},"modified":"2021-02-22T18:28:41","modified_gmt":"2021-02-22T17:28:41","slug":"apres-la-presidence-de-l-ua-tshisekedi-sactive-pour-un-siege-de-membre-non-permanent-au-conseil-de-securite-de-lonu-contre-le-gabon","status":"publish","type":"post","link":"https:\/\/congovirtuel.com\/information\/apres-la-presidence-de-l-ua-tshisekedi-sactive-pour-un-siege-de-membre-non-permanent-au-conseil-de-securite-de-lonu-contre-le-gabon\/","title":{"rendered":"Apr\u00e8s la pr\u00e9sidence de l &lsquo;UA, Tshisekedi s&rsquo;active pour  un si\u00e8ge de membre non permanent au Conseil de s\u00e9curit\u00e9 de l&rsquo;ONU contre le Gabon","gt_translate_keys":[{"key":"rendered","format":"text"}]},"content":{"rendered":"\n<p class=\"wp-block-paragraph\">Le si\u00e8ge de membre non permanent r\u00e9serv\u00e9 \u00e0 l&rsquo;Afrique au sein du Conseil de s\u00e9curit\u00e9 de l&rsquo;ONU pour les ann\u00e9es 2022-2023 fait l&rsquo;objet d&rsquo;un vif bras de fer. Le Gabon est candidat mais la RDC fait des pieds et des mains pour s&rsquo;imposer.<\/p>\n\n\n\n<p class=\"wp-block-paragraph\">Objet d&rsquo;un \u00e9change houleux durant le sommet de l&rsquo;Union africaine (UA), qui s&rsquo;est tenu les 6 et 7 f\u00e9vrier \u00e0 Addis-Abeba, la question des si\u00e8ges non-permanents r\u00e9serv\u00e9s \u00e0 l&rsquo;Afrique au sein du Conseil de s\u00e9curit\u00e9 de l&rsquo;ONU cristallise les tensions entre le chef de l&rsquo;\u00c9tat congolais F\u00e9lix Tshisekedi, pr\u00e9sident en exercice de l&rsquo;organisation, et son homologue gabonais Ali Bongo.<\/p>\n\n\n\n<h2 class=\"wp-block-heading\"><strong>Le Gabon et la RDC candidats<\/strong><\/h2>\n\n\n\n<p class=\"wp-block-paragraph\">Apr\u00e8s le si\u00e8ge occup\u00e9 par le Niger ces deux derni\u00e8res ann\u00e9es et qui reviendra cet \u00e9t\u00e9 au Kenya, un second se lib\u00e9rera l&rsquo;an prochain. Candidat pour l&rsquo;occuper, le Gabon s&rsquo;est d\u00e9clar\u00e9 le 14 d\u00e9cembre aupr\u00e8s du D\u00e9partement des affaires politiques de l&rsquo;UA, qui g\u00e8re officiellement le processus de s\u00e9lection. Mais bien que le d\u00e9p\u00f4t des candidatures soit clos depuis le 30 d\u00e9cembre, F\u00e9lix Tshisekedi manifeste, depuis son accession \u00e0 la pr\u00e9sidence de l&rsquo;UA au d\u00e9but de ce mois, sa volont\u00e9 de faire en sorte que ce si\u00e8ge revienne \u00e0 la RDC.<\/p>\n\n\n\n<p class=\"wp-block-paragraph\">Ainsi, si le sujet ne figurait officiellement pas \u00e0 l&rsquo;agenda du sommet des 6 et 7 f\u00e9vrier, la ministre des affaires \u00e9trang\u00e8res de RDC Marie Tumba Nzeza a profit\u00e9 d&rsquo;un moment r\u00e9serv\u00e9 aux \u00ab\u00a0questions diverses\u00a0\u00bb le 7 f\u00e9vrier pour l&rsquo;aborder et plaider pour que le choix du pays auquel reviendra le si\u00e8ge au conseil de s\u00e9curit\u00e9 soit d\u00e9cid\u00e9 \u00ab\u00a0par concertation entre chefs d&rsquo;Etat\u00a0\u00bb, et non par le processus de candidature officiel g\u00e9r\u00e9 par l&rsquo;UA. La proposition a imm\u00e9diatement re\u00e7u l&rsquo;assentiment de F\u00e9lix Tshisekedi, suscitant les protestations du ministre gabonais des affaires \u00e9trang\u00e8res Pac\u00f4me Moubelet Boubeya.<\/p>\n\n\n\n<h2 class=\"wp-block-heading\"><strong>Tshisekedi s&rsquo;active<\/strong><\/h2>\n\n\n\n<p class=\"wp-block-paragraph\">D\u00e9j\u00e0 d\u00e9sign\u00e9 chef de file des n\u00e9gociateurs africains \u00e0 la conf\u00e9rence COP 26 sur le climat, qui se tiendra en novembre \u00e0 Glasgow, le Gabon, qui a re\u00e7u le 1er f\u00e9vrier \u00e0 Libreville le Britannique Alok Sharma, qui pr\u00e9sidera la COP 26, avait pr\u00e9vu d&rsquo;utiliser ce si\u00e8ge de membre non-permanent au Conseil de s\u00e9curit\u00e9 pour consolider sa position de leader africain sur les questions climatiques en Afrique. Un dossier sur lequel Ali Bongo est activement conseill\u00e9 par son inamovible ministre des eaux et for\u00eats, Lee White. Avoir un pied au sein de l&rsquo;ONU permettrait \u00e9galement au pays de contrer les critiques faites par certains corps de l&rsquo;organisation internationale sur les conditions de d\u00e9tention de plusieurs personnalit\u00e9s gabonaises, au premier rang desquelles l&rsquo;ancien directeur de cabinet d&rsquo;Ali Bongo, Brice Laccruche Alihanga. Lorsqu&rsquo;il \u00e9tait membre du Conseil de s\u00e9curit\u00e9, le Niger avait ainsi pes\u00e9 sur le travail des divers panels d&rsquo;enqu\u00eate de l&rsquo;organisation au Sahel .<\/p>\n\n\n\n<p class=\"wp-block-paragraph\">Mais l&rsquo;activisme d\u00e9ploy\u00e9 par F\u00e9lix Tshisekedi pour obtenir le si\u00e8ge \u00e0 pourvoir \u00e0 l&rsquo;ONU vient bousculer ces plans. Pour le pr\u00e9sident congolais, ce si\u00e8ge offrirait une estrade internationale inesp\u00e9r\u00e9e \u00e0 la veille d&rsquo;une ann\u00e9e \u00e9lectorale : en 2023, F\u00e9lix Tshisekedi remettra son mandat en jeu et aura besoin de toutes les opportunit\u00e9s pour consolider sa stature face \u00e0 ses concurrents. Apr\u00e8s la passe d&rsquo;arme au sommet de l&rsquo;UA, le chef de l&rsquo;Etat congolais tente actuellement d&rsquo;organiser une rencontre avec son homologue gabonais pour \u00e9voquer le dossier.<\/p>\n\n\n\n<p class=\"wp-block-paragraph\">&nbsp;<strong>Africa Intelligence<\/strong><\/p>\n","protected":false,"gt_translate_keys":[{"key":"rendered","format":"html"}]},"excerpt":{"rendered":"<p>Le si\u00e8ge de membre non permanent r\u00e9serv\u00e9 \u00e0 l&rsquo;Afrique au sein du Conseil de s\u00e9curit\u00e9 de l&rsquo;ONU pour les ann\u00e9es 2022-2023 fait l&rsquo;objet d&rsquo;un vif bras de fer. Le Gabon est candidat mais la RDC fait des pieds et des mains pour s&rsquo;imposer. Objet d&rsquo;un \u00e9change houleux durant le sommet de l&rsquo;Union africaine (UA), qui s&rsquo;est tenu les 6 et 7 f\u00e9vrier \u00e0 Addis-Abeba, la question des si\u00e8ges non-permanents r\u00e9serv\u00e9s \u00e0 l&rsquo;Afrique au sein du Conseil de s\u00e9curit\u00e9 de l&rsquo;ONU cristallise les tensions entre le chef de l&rsquo;\u00c9tat congolais F\u00e9lix&hellip;<\/p>\n","protected":false,"gt_translate_keys":[{"key":"rendered","format":"html"}]},"author":1,"featured_media":6486,"comment_status":"open","ping_status":"open","sticky":false,"template":"","format":"standard","meta":{"_crdt_document":"","footnotes":""},"categories":[758],"tags":[5659,5658],"class_list":["post-6485","post","type-post","status-publish","format-standard","has-post-thumbnail","hentry","category-nations-unies","tag-gabon","tag-tshisekedi-cherche-un-siege-au-conseil-de-securite-onu"],"gutentor_comment":0,"yoast_head":"<!-- This site is optimized with the Yoast SEO plugin v27.5 - https:\/\/yoast.com\/product\/yoast-seo-wordpress\/ -->\n<title>Apr\u00e8s la pr\u00e9sidence de l &#039;UA, Tshisekedi s&#039;active pour un si\u00e8ge de membre non permanent au Conseil de s\u00e9curit\u00e9 de l&#039;ONU contre le Gabon - Actualit\u00e9s congolaises et internationales<\/title>\n<meta name=\"robots\" content=\"index, follow, max-snippet:-1, max-image-preview:large, max-video-preview:-1\" \/>\n<link rel=\"canonical\" href=\"https:\/\/congovirtuel.com\/information\/apres-la-presidence-de-l-ua-tshisekedi-sactive-pour-un-siege-de-membre-non-permanent-au-conseil-de-securite-de-lonu-contre-le-gabon\/\" \/>\n<meta property=\"og:locale\" content=\"fr_FR\" \/>\n<meta property=\"og:type\" content=\"article\" \/>\n<meta property=\"og:title\" content=\"Apr\u00e8s la pr\u00e9sidence de l &#039;UA, Tshisekedi s&#039;active pour un si\u00e8ge de membre non permanent au Conseil de s\u00e9curit\u00e9 de l&#039;ONU contre le Gabon - Actualit\u00e9s congolaises et internationales\" \/>\n<meta property=\"og:description\" content=\"Le si\u00e8ge de membre non permanent r\u00e9serv\u00e9 \u00e0 l&rsquo;Afrique au sein du Conseil de s\u00e9curit\u00e9 de l&rsquo;ONU pour les ann\u00e9es 2022-2023 fait l&rsquo;objet d&rsquo;un vif bras de fer. Le Gabon est candidat mais la RDC fait des pieds et des mains pour s&rsquo;imposer. Objet d&rsquo;un \u00e9change houleux durant le sommet de l&rsquo;Union africaine (UA), qui s&rsquo;est tenu les 6 et 7 f\u00e9vrier \u00e0 Addis-Abeba, la question des si\u00e8ges non-permanents r\u00e9serv\u00e9s \u00e0 l&rsquo;Afrique au sein du Conseil de s\u00e9curit\u00e9 de l&rsquo;ONU cristallise les tensions entre le chef de l&rsquo;\u00c9tat congolais F\u00e9lix&hellip;\" \/>\n<meta property=\"og:url\" content=\"https:\/\/congovirtuel.com\/information\/apres-la-presidence-de-l-ua-tshisekedi-sactive-pour-un-siege-de-membre-non-permanent-au-conseil-de-securite-de-lonu-contre-le-gabon\/\" \/>\n<meta property=\"og:site_name\" content=\"Actualit\u00e9s congolaises et internationales\" \/>\n<meta property=\"article:publisher\" content=\"https:\/\/web.facebook.com\/Congovirtuel-763617960319601\/?ref=aymt_homepage_panel&amp;amp%3bamp%3bamp%3bamp%3bamp%3bamp%3bamp%3bamp%3bamp%3bamp%3bamp%3beid=ARCoxULa66767kIgF_KYav6VdjXTI4yk_LW4yoVO9s6NXpysgb7Cb65vpxcxgqzOAKvIbLQxaAETcqHT\" \/>\n<meta property=\"article:published_time\" content=\"2021-02-23T05:23:00+00:00\" \/>\n<meta property=\"og:image\" content=\"https:\/\/congovirtuel.com\/information\/wp-content\/uploads\/2021\/02\/tshisekedi_conseil_secu-1200-x-675.jpg\" \/>\n\t<meta property=\"og:image:width\" content=\"1200\" \/>\n\t<meta property=\"og:image:height\" content=\"675\" \/>\n\t<meta property=\"og:image:type\" content=\"image\/jpeg\" \/>\n<meta name=\"author\" content=\"infocongovirtuel\" \/>\n<meta name=\"twitter:card\" content=\"summary_large_image\" \/>\n<meta name=\"twitter:creator\" content=\"@congovirtuel\" \/>\n<meta name=\"twitter:site\" content=\"@congovirtuel\" \/>\n<meta name=\"twitter:label1\" content=\"\u00c9crit par\" \/>\n\t<meta name=\"twitter:data1\" content=\"infocongovirtuel\" \/>\n\t<meta name=\"twitter:label2\" content=\"Dur\u00e9e de lecture estim\u00e9e\" \/>\n\t<meta name=\"twitter:data2\" content=\"3 minutes\" \/>\n<script type=\"application\/ld+json\" class=\"yoast-schema-graph\">{\"@context\":\"https:\\\/\\\/schema.org\",\"@graph\":[{\"@type\":\"Article\",\"@id\":\"https:\\\/\\\/congovirtuel.com\\\/information\\\/apres-la-presidence-de-l-ua-tshisekedi-sactive-pour-un-siege-de-membre-non-permanent-au-conseil-de-securite-de-lonu-contre-le-gabon\\\/#article\",\"isPartOf\":{\"@id\":\"https:\\\/\\\/congovirtuel.com\\\/information\\\/apres-la-presidence-de-l-ua-tshisekedi-sactive-pour-un-siege-de-membre-non-permanent-au-conseil-de-securite-de-lonu-contre-le-gabon\\\/\"},\"author\":{\"name\":\"infocongovirtuel\",\"@id\":\"https:\\\/\\\/congovirtuel.com\\\/information\\\/#\\\/schema\\\/person\\\/739a44bf7990966cb53d58d2fdeca0b6\"},\"headline\":\"Apr\u00e8s la pr\u00e9sidence de l &lsquo;UA, Tshisekedi s&rsquo;active pour un si\u00e8ge de membre non permanent au Conseil de s\u00e9curit\u00e9 de l&rsquo;ONU contre le Gabon\",\"datePublished\":\"2021-02-23T05:23:00+00:00\",\"mainEntityOfPage\":{\"@id\":\"https:\\\/\\\/congovirtuel.com\\\/information\\\/apres-la-presidence-de-l-ua-tshisekedi-sactive-pour-un-siege-de-membre-non-permanent-au-conseil-de-securite-de-lonu-contre-le-gabon\\\/\"},\"wordCount\":651,\"commentCount\":0,\"publisher\":{\"@id\":\"https:\\\/\\\/congovirtuel.com\\\/information\\\/#organization\"},\"image\":{\"@id\":\"https:\\\/\\\/congovirtuel.com\\\/information\\\/apres-la-presidence-de-l-ua-tshisekedi-sactive-pour-un-siege-de-membre-non-permanent-au-conseil-de-securite-de-lonu-contre-le-gabon\\\/#primaryimage\"},\"thumbnailUrl\":\"https:\\\/\\\/congovirtuel.com\\\/information\\\/wp-content\\\/uploads\\\/2021\\\/02\\\/tshisekedi_conseil_secu-1200-x-675.jpg\",\"keywords\":[\"Gabon\",\"Tshisekedi cherche un si\u00e8ge au conseil de s\u00e9curit\u00e9 ONU\"],\"articleSection\":[\"Nations-Unies\"],\"inLanguage\":\"fr-FR\",\"potentialAction\":[{\"@type\":\"CommentAction\",\"name\":\"Comment\",\"target\":[\"https:\\\/\\\/congovirtuel.com\\\/information\\\/apres-la-presidence-de-l-ua-tshisekedi-sactive-pour-un-siege-de-membre-non-permanent-au-conseil-de-securite-de-lonu-contre-le-gabon\\\/#respond\"]}]},{\"@type\":\"WebPage\",\"@id\":\"https:\\\/\\\/congovirtuel.com\\\/information\\\/apres-la-presidence-de-l-ua-tshisekedi-sactive-pour-un-siege-de-membre-non-permanent-au-conseil-de-securite-de-lonu-contre-le-gabon\\\/\",\"url\":\"https:\\\/\\\/congovirtuel.com\\\/information\\\/apres-la-presidence-de-l-ua-tshisekedi-sactive-pour-un-siege-de-membre-non-permanent-au-conseil-de-securite-de-lonu-contre-le-gabon\\\/\",\"name\":\"Apr\u00e8s la pr\u00e9sidence de l 'UA, Tshisekedi s'active pour un si\u00e8ge de membre non permanent au Conseil de s\u00e9curit\u00e9 de l'ONU contre le Gabon - Actualit\u00e9s congolaises et internationales\",\"isPartOf\":{\"@id\":\"https:\\\/\\\/congovirtuel.com\\\/information\\\/#website\"},\"primaryImageOfPage\":{\"@id\":\"https:\\\/\\\/congovirtuel.com\\\/information\\\/apres-la-presidence-de-l-ua-tshisekedi-sactive-pour-un-siege-de-membre-non-permanent-au-conseil-de-securite-de-lonu-contre-le-gabon\\\/#primaryimage\"},\"image\":{\"@id\":\"https:\\\/\\\/congovirtuel.com\\\/information\\\/apres-la-presidence-de-l-ua-tshisekedi-sactive-pour-un-siege-de-membre-non-permanent-au-conseil-de-securite-de-lonu-contre-le-gabon\\\/#primaryimage\"},\"thumbnailUrl\":\"https:\\\/\\\/congovirtuel.com\\\/information\\\/wp-content\\\/uploads\\\/2021\\\/02\\\/tshisekedi_conseil_secu-1200-x-675.jpg\",\"datePublished\":\"2021-02-23T05:23:00+00:00\",\"breadcrumb\":{\"@id\":\"https:\\\/\\\/congovirtuel.com\\\/information\\\/apres-la-presidence-de-l-ua-tshisekedi-sactive-pour-un-siege-de-membre-non-permanent-au-conseil-de-securite-de-lonu-contre-le-gabon\\\/#breadcrumb\"},\"inLanguage\":\"fr-FR\",\"potentialAction\":[{\"@type\":\"ReadAction\",\"target\":[\"https:\\\/\\\/congovirtuel.com\\\/information\\\/apres-la-presidence-de-l-ua-tshisekedi-sactive-pour-un-siege-de-membre-non-permanent-au-conseil-de-securite-de-lonu-contre-le-gabon\\\/\"]}]},{\"@type\":\"ImageObject\",\"inLanguage\":\"fr-FR\",\"@id\":\"https:\\\/\\\/congovirtuel.com\\\/information\\\/apres-la-presidence-de-l-ua-tshisekedi-sactive-pour-un-siege-de-membre-non-permanent-au-conseil-de-securite-de-lonu-contre-le-gabon\\\/#primaryimage\",\"url\":\"https:\\\/\\\/congovirtuel.com\\\/information\\\/wp-content\\\/uploads\\\/2021\\\/02\\\/tshisekedi_conseil_secu-1200-x-675.jpg\",\"contentUrl\":\"https:\\\/\\\/congovirtuel.com\\\/information\\\/wp-content\\\/uploads\\\/2021\\\/02\\\/tshisekedi_conseil_secu-1200-x-675.jpg\",\"width\":1200,\"height\":675,\"caption\":\"tshisekedi_conseil_secu\"},{\"@type\":\"BreadcrumbList\",\"@id\":\"https:\\\/\\\/congovirtuel.com\\\/information\\\/apres-la-presidence-de-l-ua-tshisekedi-sactive-pour-un-siege-de-membre-non-permanent-au-conseil-de-securite-de-lonu-contre-le-gabon\\\/#breadcrumb\",\"itemListElement\":[{\"@type\":\"ListItem\",\"position\":1,\"name\":\"Accueil\",\"item\":\"https:\\\/\\\/congovirtuel.com\\\/information\\\/\"},{\"@type\":\"ListItem\",\"position\":2,\"name\":\"Apr\u00e8s la pr\u00e9sidence de l &lsquo;UA, Tshisekedi s&rsquo;active pour un si\u00e8ge de membre non permanent au Conseil de s\u00e9curit\u00e9 de l&rsquo;ONU contre le Gabon\"}]},{\"@type\":\"WebSite\",\"@id\":\"https:\\\/\\\/congovirtuel.com\\\/information\\\/#website\",\"url\":\"https:\\\/\\\/congovirtuel.com\\\/information\\\/\",\"name\":\"Actualit\u00e9s congolaises et internationales\",\"description\":\"site d&#039;analyse et de traitement d&#039;information\",\"publisher\":{\"@id\":\"https:\\\/\\\/congovirtuel.com\\\/information\\\/#organization\"},\"potentialAction\":[{\"@type\":\"SearchAction\",\"target\":{\"@type\":\"EntryPoint\",\"urlTemplate\":\"https:\\\/\\\/congovirtuel.com\\\/information\\\/?s={search_term_string}\"},\"query-input\":{\"@type\":\"PropertyValueSpecification\",\"valueRequired\":true,\"valueName\":\"search_term_string\"}}],\"inLanguage\":\"fr-FR\"},{\"@type\":\"Organization\",\"@id\":\"https:\\\/\\\/congovirtuel.com\\\/information\\\/#organization\",\"name\":\"Biblioth\u00e8que Virtuelle de la RDC\",\"url\":\"https:\\\/\\\/congovirtuel.com\\\/information\\\/\",\"logo\":{\"@type\":\"ImageObject\",\"inLanguage\":\"fr-FR\",\"@id\":\"https:\\\/\\\/congovirtuel.com\\\/information\\\/#\\\/schema\\\/logo\\\/image\\\/\",\"url\":\"https:\\\/\\\/congovirtuel.com\\\/information\\\/wp-content\\\/uploads\\\/2018\\\/10\\\/header-info-congovirtuel-vraie.jpg\",\"contentUrl\":\"https:\\\/\\\/congovirtuel.com\\\/information\\\/wp-content\\\/uploads\\\/2018\\\/10\\\/header-info-congovirtuel-vraie.jpg\",\"width\":728,\"height\":90,\"caption\":\"Biblioth\u00e8que Virtuelle de la RDC\"},\"image\":{\"@id\":\"https:\\\/\\\/congovirtuel.com\\\/information\\\/#\\\/schema\\\/logo\\\/image\\\/\"},\"sameAs\":[\"https:\\\/\\\/web.facebook.com\\\/Congovirtuel-763617960319601\\\/?ref=aymt_homepage_panel&amp;amp;amp;amp;amp;amp;amp;amp;amp;amp;amp;eid=ARCoxULa66767kIgF_KYav6VdjXTI4yk_LW4yoVO9s6NXpysgb7Cb65vpxcxgqzOAKvIbLQxaAETcqHT\",\"https:\\\/\\\/x.com\\\/congovirtuel\",\"https:\\\/\\\/www.youtube.com\\\/channel\\\/UCkFfprYzGgS3EWNpeMXpToQ?view_as=subscriber\"]},{\"@type\":\"Person\",\"@id\":\"https:\\\/\\\/congovirtuel.com\\\/information\\\/#\\\/schema\\\/person\\\/739a44bf7990966cb53d58d2fdeca0b6\",\"name\":\"infocongovirtuel\",\"image\":{\"@type\":\"ImageObject\",\"inLanguage\":\"fr-FR\",\"@id\":\"https:\\\/\\\/secure.gravatar.com\\\/avatar\\\/4d76991aa72469f0eb22e772586c99113c6997f88da636a9db8f2ce3a2c05e69?s=96&d=mm&r=g\",\"url\":\"https:\\\/\\\/secure.gravatar.com\\\/avatar\\\/4d76991aa72469f0eb22e772586c99113c6997f88da636a9db8f2ce3a2c05e69?s=96&d=mm&r=g\",\"contentUrl\":\"https:\\\/\\\/secure.gravatar.com\\\/avatar\\\/4d76991aa72469f0eb22e772586c99113c6997f88da636a9db8f2ce3a2c05e69?s=96&d=mm&r=g\",\"caption\":\"infocongovirtuel\"},\"url\":\"https:\\\/\\\/congovirtuel.com\\\/information\\\/author\\\/infocongovirtuel\\\/\"}]}<\/script>\n<!-- \/ Yoast SEO plugin. -->","yoast_head_json":{"title":"Apr\u00e8s la pr\u00e9sidence de l 'UA, Tshisekedi s'active pour un si\u00e8ge de membre non permanent au Conseil de s\u00e9curit\u00e9 de l'ONU contre le Gabon - Actualit\u00e9s congolaises et internationales","robots":{"index":"index","follow":"follow","max-snippet":"max-snippet:-1","max-image-preview":"max-image-preview:large","max-video-preview":"max-video-preview:-1"},"canonical":"https:\/\/congovirtuel.com\/information\/apres-la-presidence-de-l-ua-tshisekedi-sactive-pour-un-siege-de-membre-non-permanent-au-conseil-de-securite-de-lonu-contre-le-gabon\/","og_locale":"fr_FR","og_type":"article","og_title":"Apr\u00e8s la pr\u00e9sidence de l 'UA, Tshisekedi s'active pour un si\u00e8ge de membre non permanent au Conseil de s\u00e9curit\u00e9 de l'ONU contre le Gabon - Actualit\u00e9s congolaises et internationales","og_description":"Le si\u00e8ge de membre non permanent r\u00e9serv\u00e9 \u00e0 l&rsquo;Afrique au sein du Conseil de s\u00e9curit\u00e9 de l&rsquo;ONU pour les ann\u00e9es 2022-2023 fait l&rsquo;objet d&rsquo;un vif bras de fer. Le Gabon est candidat mais la RDC fait des pieds et des mains pour s&rsquo;imposer. Objet d&rsquo;un \u00e9change houleux durant le sommet de l&rsquo;Union africaine (UA), qui s&rsquo;est tenu les 6 et 7 f\u00e9vrier \u00e0 Addis-Abeba, la question des si\u00e8ges non-permanents r\u00e9serv\u00e9s \u00e0 l&rsquo;Afrique au sein du Conseil de s\u00e9curit\u00e9 de l&rsquo;ONU cristallise les tensions entre le chef de l&rsquo;\u00c9tat congolais F\u00e9lix&hellip;","og_url":"https:\/\/congovirtuel.com\/information\/apres-la-presidence-de-l-ua-tshisekedi-sactive-pour-un-siege-de-membre-non-permanent-au-conseil-de-securite-de-lonu-contre-le-gabon\/","og_site_name":"Actualit\u00e9s congolaises et internationales","article_publisher":"https:\/\/web.facebook.com\/Congovirtuel-763617960319601\/?ref=aymt_homepage_panel&amp%3bamp%3bamp%3bamp%3bamp%3bamp%3bamp%3bamp%3bamp%3bamp%3bamp%3beid=ARCoxULa66767kIgF_KYav6VdjXTI4yk_LW4yoVO9s6NXpysgb7Cb65vpxcxgqzOAKvIbLQxaAETcqHT","article_published_time":"2021-02-23T05:23:00+00:00","og_image":[{"width":1200,"height":675,"url":"https:\/\/congovirtuel.com\/information\/wp-content\/uploads\/2021\/02\/tshisekedi_conseil_secu-1200-x-675.jpg","type":"image\/jpeg"}],"author":"infocongovirtuel","twitter_card":"summary_large_image","twitter_creator":"@congovirtuel","twitter_site":"@congovirtuel","twitter_misc":{"\u00c9crit par":"infocongovirtuel","Dur\u00e9e de lecture estim\u00e9e":"3 minutes"},"schema":{"@context":"https:\/\/schema.org","@graph":[{"@type":"Article","@id":"https:\/\/congovirtuel.com\/information\/apres-la-presidence-de-l-ua-tshisekedi-sactive-pour-un-siege-de-membre-non-permanent-au-conseil-de-securite-de-lonu-contre-le-gabon\/#article","isPartOf":{"@id":"https:\/\/congovirtuel.com\/information\/apres-la-presidence-de-l-ua-tshisekedi-sactive-pour-un-siege-de-membre-non-permanent-au-conseil-de-securite-de-lonu-contre-le-gabon\/"},"author":{"name":"infocongovirtuel","@id":"https:\/\/congovirtuel.com\/information\/#\/schema\/person\/739a44bf7990966cb53d58d2fdeca0b6"},"headline":"Apr\u00e8s la pr\u00e9sidence de l &lsquo;UA, Tshisekedi s&rsquo;active pour un si\u00e8ge de membre non permanent au Conseil de s\u00e9curit\u00e9 de l&rsquo;ONU contre le Gabon","datePublished":"2021-02-23T05:23:00+00:00","mainEntityOfPage":{"@id":"https:\/\/congovirtuel.com\/information\/apres-la-presidence-de-l-ua-tshisekedi-sactive-pour-un-siege-de-membre-non-permanent-au-conseil-de-securite-de-lonu-contre-le-gabon\/"},"wordCount":651,"commentCount":0,"publisher":{"@id":"https:\/\/congovirtuel.com\/information\/#organization"},"image":{"@id":"https:\/\/congovirtuel.com\/information\/apres-la-presidence-de-l-ua-tshisekedi-sactive-pour-un-siege-de-membre-non-permanent-au-conseil-de-securite-de-lonu-contre-le-gabon\/#primaryimage"},"thumbnailUrl":"https:\/\/congovirtuel.com\/information\/wp-content\/uploads\/2021\/02\/tshisekedi_conseil_secu-1200-x-675.jpg","keywords":["Gabon","Tshisekedi cherche un si\u00e8ge au conseil de s\u00e9curit\u00e9 ONU"],"articleSection":["Nations-Unies"],"inLanguage":"fr-FR","potentialAction":[{"@type":"CommentAction","name":"Comment","target":["https:\/\/congovirtuel.com\/information\/apres-la-presidence-de-l-ua-tshisekedi-sactive-pour-un-siege-de-membre-non-permanent-au-conseil-de-securite-de-lonu-contre-le-gabon\/#respond"]}]},{"@type":"WebPage","@id":"https:\/\/congovirtuel.com\/information\/apres-la-presidence-de-l-ua-tshisekedi-sactive-pour-un-siege-de-membre-non-permanent-au-conseil-de-securite-de-lonu-contre-le-gabon\/","url":"https:\/\/congovirtuel.com\/information\/apres-la-presidence-de-l-ua-tshisekedi-sactive-pour-un-siege-de-membre-non-permanent-au-conseil-de-securite-de-lonu-contre-le-gabon\/","name":"Apr\u00e8s la pr\u00e9sidence de l 'UA, Tshisekedi s'active pour un si\u00e8ge de membre non permanent au Conseil de s\u00e9curit\u00e9 de l'ONU contre le Gabon - Actualit\u00e9s congolaises et internationales","isPartOf":{"@id":"https:\/\/congovirtuel.com\/information\/#website"},"primaryImageOfPage":{"@id":"https:\/\/congovirtuel.com\/information\/apres-la-presidence-de-l-ua-tshisekedi-sactive-pour-un-siege-de-membre-non-permanent-au-conseil-de-securite-de-lonu-contre-le-gabon\/#primaryimage"},"image":{"@id":"https:\/\/congovirtuel.com\/information\/apres-la-presidence-de-l-ua-tshisekedi-sactive-pour-un-siege-de-membre-non-permanent-au-conseil-de-securite-de-lonu-contre-le-gabon\/#primaryimage"},"thumbnailUrl":"https:\/\/congovirtuel.com\/information\/wp-content\/uploads\/2021\/02\/tshisekedi_conseil_secu-1200-x-675.jpg","datePublished":"2021-02-23T05:23:00+00:00","breadcrumb":{"@id":"https:\/\/congovirtuel.com\/information\/apres-la-presidence-de-l-ua-tshisekedi-sactive-pour-un-siege-de-membre-non-permanent-au-conseil-de-securite-de-lonu-contre-le-gabon\/#breadcrumb"},"inLanguage":"fr-FR","potentialAction":[{"@type":"ReadAction","target":["https:\/\/congovirtuel.com\/information\/apres-la-presidence-de-l-ua-tshisekedi-sactive-pour-un-siege-de-membre-non-permanent-au-conseil-de-securite-de-lonu-contre-le-gabon\/"]}]},{"@type":"ImageObject","inLanguage":"fr-FR","@id":"https:\/\/congovirtuel.com\/information\/apres-la-presidence-de-l-ua-tshisekedi-sactive-pour-un-siege-de-membre-non-permanent-au-conseil-de-securite-de-lonu-contre-le-gabon\/#primaryimage","url":"https:\/\/congovirtuel.com\/information\/wp-content\/uploads\/2021\/02\/tshisekedi_conseil_secu-1200-x-675.jpg","contentUrl":"https:\/\/congovirtuel.com\/information\/wp-content\/uploads\/2021\/02\/tshisekedi_conseil_secu-1200-x-675.jpg","width":1200,"height":675,"caption":"tshisekedi_conseil_secu"},{"@type":"BreadcrumbList","@id":"https:\/\/congovirtuel.com\/information\/apres-la-presidence-de-l-ua-tshisekedi-sactive-pour-un-siege-de-membre-non-permanent-au-conseil-de-securite-de-lonu-contre-le-gabon\/#breadcrumb","itemListElement":[{"@type":"ListItem","position":1,"name":"Accueil","item":"https:\/\/congovirtuel.com\/information\/"},{"@type":"ListItem","position":2,"name":"Apr\u00e8s la pr\u00e9sidence de l &lsquo;UA, Tshisekedi s&rsquo;active pour un si\u00e8ge de membre non permanent au Conseil de s\u00e9curit\u00e9 de l&rsquo;ONU contre le Gabon"}]},{"@type":"WebSite","@id":"https:\/\/congovirtuel.com\/information\/#website","url":"https:\/\/congovirtuel.com\/information\/","name":"Actualit\u00e9s congolaises et internationales","description":"site d&#039;analyse et de traitement d&#039;information","publisher":{"@id":"https:\/\/congovirtuel.com\/information\/#organization"},"potentialAction":[{"@type":"SearchAction","target":{"@type":"EntryPoint","urlTemplate":"https:\/\/congovirtuel.com\/information\/?s={search_term_string}"},"query-input":{"@type":"PropertyValueSpecification","valueRequired":true,"valueName":"search_term_string"}}],"inLanguage":"fr-FR"},{"@type":"Organization","@id":"https:\/\/congovirtuel.com\/information\/#organization","name":"Biblioth\u00e8que Virtuelle de la RDC","url":"https:\/\/congovirtuel.com\/information\/","logo":{"@type":"ImageObject","inLanguage":"fr-FR","@id":"https:\/\/congovirtuel.com\/information\/#\/schema\/logo\/image\/","url":"https:\/\/congovirtuel.com\/information\/wp-content\/uploads\/2018\/10\/header-info-congovirtuel-vraie.jpg","contentUrl":"https:\/\/congovirtuel.com\/information\/wp-content\/uploads\/2018\/10\/header-info-congovirtuel-vraie.jpg","width":728,"height":90,"caption":"Biblioth\u00e8que Virtuelle de la RDC"},"image":{"@id":"https:\/\/congovirtuel.com\/information\/#\/schema\/logo\/image\/"},"sameAs":["https:\/\/web.facebook.com\/Congovirtuel-763617960319601\/?ref=aymt_homepage_panel&amp;amp;amp;amp;amp;amp;amp;amp;amp;amp;amp;eid=ARCoxULa66767kIgF_KYav6VdjXTI4yk_LW4yoVO9s6NXpysgb7Cb65vpxcxgqzOAKvIbLQxaAETcqHT","https:\/\/x.com\/congovirtuel","https:\/\/www.youtube.com\/channel\/UCkFfprYzGgS3EWNpeMXpToQ?view_as=subscriber"]},{"@type":"Person","@id":"https:\/\/congovirtuel.com\/information\/#\/schema\/person\/739a44bf7990966cb53d58d2fdeca0b6","name":"infocongovirtuel","image":{"@type":"ImageObject","inLanguage":"fr-FR","@id":"https:\/\/secure.gravatar.com\/avatar\/4d76991aa72469f0eb22e772586c99113c6997f88da636a9db8f2ce3a2c05e69?s=96&d=mm&r=g","url":"https:\/\/secure.gravatar.com\/avatar\/4d76991aa72469f0eb22e772586c99113c6997f88da636a9db8f2ce3a2c05e69?s=96&d=mm&r=g","contentUrl":"https:\/\/secure.gravatar.com\/avatar\/4d76991aa72469f0eb22e772586c99113c6997f88da636a9db8f2ce3a2c05e69?s=96&d=mm&r=g","caption":"infocongovirtuel"},"url":"https:\/\/congovirtuel.com\/information\/author\/infocongovirtuel\/"}]}},"gt_translate_keys":[{"key":"link","format":"url"}],"_links":{"self":[{"href":"https:\/\/congovirtuel.com\/information\/wp-json\/wp\/v2\/posts\/6485","targetHints":{"allow":["GET"]}}],"collection":[{"href":"https:\/\/congovirtuel.com\/information\/wp-json\/wp\/v2\/posts"}],"about":[{"href":"https:\/\/congovirtuel.com\/information\/wp-json\/wp\/v2\/types\/post"}],"author":[{"embeddable":true,"href":"https:\/\/congovirtuel.com\/information\/wp-json\/wp\/v2\/users\/1"}],"replies":[{"embeddable":true,"href":"https:\/\/congovirtuel.com\/information\/wp-json\/wp\/v2\/comments?post=6485"}],"version-history":[{"count":1,"href":"https:\/\/congovirtuel.com\/information\/wp-json\/wp\/v2\/posts\/6485\/revisions"}],"predecessor-version":[{"id":6487,"href":"https:\/\/congovirtuel.com\/information\/wp-json\/wp\/v2\/posts\/6485\/revisions\/6487"}],"wp:featuredmedia":[{"embeddable":true,"href":"https:\/\/congovirtuel.com\/information\/wp-json\/wp\/v2\/media\/6486"}],"wp:attachment":[{"href":"https:\/\/congovirtuel.com\/information\/wp-json\/wp\/v2\/media?parent=6485"}],"wp:term":[{"taxonomy":"category","embeddable":true,"href":"https:\/\/congovirtuel.com\/information\/wp-json\/wp\/v2\/categories?post=6485"},{"taxonomy":"post_tag","embeddable":true,"href":"https:\/\/congovirtuel.com\/information\/wp-json\/wp\/v2\/tags?post=6485"}],"curies":[{"name":"wp","href":"https:\/\/api.w.org\/{rel}","templated":true}]}}