{"id":6632,"date":"2021-02-27T15:04:14","date_gmt":"2021-02-27T14:04:14","guid":{"rendered":"https:\/\/congovirtuel.com\/information\/?p=6632"},"modified":"2021-02-27T15:04:25","modified_gmt":"2021-02-27T14:04:25","slug":"elections-caf-patrice-motsepe-beau-frere-de-cyril-ramaphosa-et-ami-personnel-de-moise-katumbi","status":"publish","type":"post","link":"https:\/\/congovirtuel.com\/information\/elections-caf-patrice-motsepe-beau-frere-de-cyril-ramaphosa-et-ami-personnel-de-moise-katumbi\/","title":{"rendered":"\u00c9lections \/CAF: Patrice Motsepe, beau-fr\u00e8re de Cyril Ramaphosa et ami personnel de Mo\u00efse Katumbi","gt_translate_keys":[{"key":"rendered","format":"text"}]},"content":{"rendered":"\n<p class=\"wp-block-paragraph\">Les f\u00e9d\u00e9rations de football africain \u00e9liront le 12 mars le prochain pr\u00e9sident de la Conf\u00e9d\u00e9ration africaine de football (CAF). En lice, le magnat sud-africain des mines Patrice Motsepe cherche des soutiens sur tout le continent.<\/p>\n\n\n\n<p class=\"wp-block-paragraph\">Le 7 janvier \u00e0 10 h 50, le jet de l&rsquo;oligarque sud-africain Patrice Motsepe atterrissait \u00e0 Cotonou en provenance de Johannesburg. Quelques heures plus tard, il rencontrait le pr\u00e9sident de la F\u00e9d\u00e9ration b\u00e9ninoise de football, Mathurin de Chacus, et le ministre des sports Oswald Homeky pour leur demander de soutenir sa candidature \u00e0 la pr\u00e9sidence de la Conf\u00e9d\u00e9ration africaine de football (CAF), dont l&rsquo;actuel pr\u00e9sident, le Malgache Ahmad Ahmad, a \u00e9t\u00e9 d\u00e9mis de ses fonctions en novembre \u00e0 la suite de versements de 4,4 millions de dollars \u00e0 deux soci\u00e9t\u00e9s .<\/p>\n\n\n\n<p class=\"wp-block-paragraph\">Probl\u00e8me : les deux interlocuteurs de Patrice Motsepe ont d\u00e9j\u00e0 donn\u00e9 leur pr\u00e9f\u00e9rence \u00e0 l&rsquo;un des cinq autres candidats en lice, l&rsquo;ex-pr\u00e9sident de la F\u00e9d\u00e9ration ivoirienne de football, Jacques Anouma, par ailleurs ami du couple pr\u00e9sidentiel b\u00e9ninois. Motsepe a rencontr\u00e9 Anouma le 21 d\u00e9cembre pour \u00e9tudier une \u00e9ventuelle association.<\/p>\n\n\n\n<h2 class=\"wp-block-heading\">Un coup de main du propri\u00e9taire du club b\u00e9ninois US Krak\u00e9<\/h2>\n\n\n\n<p class=\"wp-block-paragraph\">Ne d\u00e9sesp\u00e9rant cependant pas d&#8217;emporter le soutien de la f\u00e9d\u00e9ration b\u00e9ninoise, Patrice Motsepe entretient un lobbyiste au sein de l&rsquo;association : l&rsquo;homme d&rsquo;affaires Magloire Ok\u00e9, propri\u00e9taire du club b\u00e9ninois US Krak\u00e9, qui est all\u00e9 conf\u00e9rer en Afrique du Sud avec Motsepe entre le 10 et 12 d\u00e9cembre et l&rsquo;a accueilli d\u00e9but janvier \u00e0 Cotonou. A l&rsquo;issue de ses rencontres avec les officiels b\u00e9ninois, Motsepe est reparti, avec Magloire Ok\u00e9, pour le Togo voisin o\u00f9 il a, l\u00e0 encore, rencontr\u00e9 le ministre des sports et le pr\u00e9sident de la f\u00e9d\u00e9ration de football. Contrairement au B\u00e9nin, le Togo ne s&rsquo;est pas encore officiellement d\u00e9clar\u00e9 pour un candidat.<\/p>\n\n\n\n<p class=\"wp-block-paragraph\">Outre Motsepe et Jacques Anouma, les deux autres candidats \u00e0 la pr\u00e9sidence de la CAF sont le Mauritanien Ahmed Yahya et le S\u00e9n\u00e9galais Augustin Senghor. La surface financi\u00e8re et le r\u00e9seau politique du magnat sud-africain en fait cependant un candidat d&rsquo;envergure : pr\u00e9sident du groupe minier Harmony Gold Mining, du fonds African Rainbow Minerals et de la soci\u00e9t\u00e9 de services financiers Sanlam, Motsepe, dont la fortune personnelle est estim\u00e9e \u00e0 plus de 2 milliards de dollars, est le beau-fr\u00e8re du pr\u00e9sident sud-africain Cyril Ramaphosa. Propri\u00e9taire du club de football de Pretoria Mamelodi Sundowns, il est proche de plusieurs magnats africains propri\u00e9taires de clubs de football, comme l&rsquo;oligarque congolais Mo\u00efse Katumbi, propri\u00e9taire du club de Lubumbashi, le Tout-Puissant Mazembe.<\/p>\n\n\n\n<p class=\"wp-block-paragraph\">Mo\u00efse Katumbi s\u2019est rendu \u00e0 la conf\u00e9rence de presse organis\u00e9e ce jeudi par Patrice Motsepe, pr\u00e9sident de Mamelodi Sundowns et candidat \u00e0 la pr\u00e9sidence de la CAF le 12 mars prochain. Sur place, le pr\u00e9sident du TP Mazembe faisait partie des invit\u00e9s de marque, lui qui s\u2019est d\u00e9plac\u00e9 par vol affr\u00e9t\u00e9 du Soudan en terre sud-africaine. Et Patrice Motsepe n\u2019a pas laiss\u00e9 passer inaper\u00e7u la pr\u00e9sence du Chairman. Lors de son discours, il a profit\u00e9 pour dire tout le bien qu\u2019il pensait de l\u2019homme fort des Corbeaux de Lubumbashi.<\/p>\n\n\n\n<p class=\"wp-block-paragraph\">Mo\u00efse Katumbi s\u2019est rendu \u00e0 la conf\u00e9rence de presse organis\u00e9e ce jeudi par Patrice Motsepe, pr\u00e9sident de Mamelodi Sundowns et candidat \u00e0 la pr\u00e9sidence de la CAF le 12 mars prochain. Sur place, le pr\u00e9sident du TP Mazembe faisait partie des invit\u00e9s de marque, lui qui s\u2019est d\u00e9plac\u00e9 par vol affr\u00e9t\u00e9 du Soudan en terre sud-africaine. Et Patrice Motsepe n\u2019a pas laiss\u00e9 passer inaper\u00e7u la pr\u00e9sence du Chairman. Lors de son discours, il a profit\u00e9 pour dire tout le bien qu\u2019il pensait de l\u2019homme fort des Corbeaux de Lubumbashi.<\/p>\n\n\n\n<p class=\"wp-block-paragraph\">\u00ab C\u2019est tr\u00e8s sp\u00e9cial d\u2019\u00eatre ici avec mon fr\u00e8re Mo\u00efse Katumbi. Son club bat toujours le mien (rires), je n\u2019aimerais pas le rencontrer en finale. Nous sommes une m\u00eame famille sportive, je suis fier du magnifique travail qu\u2019il a fait [avec Mazembe], \u00bb \u00e0 d\u00e9clar\u00e9 le milliardaire \u00e0 l\u2019adresse de Mo\u00efse Katumbi.<\/p>\n\n\n\n<p class=\"wp-block-paragraph\">Et en bon h\u00f4tel, Motsepe ne s\u2019est pas arr\u00eat\u00e9 en si bon chemin. Il a tenu \u00e0 rappeler que la pr\u00e9sence de l\u2019homme de Kashobwe rev\u00eatait un caract\u00e8re particulier. \u00ab Mo\u00efse est venu sp\u00e9cialement du Soudan pour \u00eatre ici. C\u2019est tr\u00e8s important de faire passer le message que nous sommes tous africains que nous parlions le fran\u00e7ais, le portugais ou l\u2019anglais. C\u2019est cela m\u00eame la beaut\u00e9 que chacun contribue \u00e0 notre rayonnement. \u00bb Des \u00e9loges que le principal int\u00e9ress\u00e9 a du fort appr\u00e9cier.<\/p>\n\n\n\n<p class=\"wp-block-paragraph\"><strong>Africa Intelligence<\/strong><\/p>\n","protected":false,"gt_translate_keys":[{"key":"rendered","format":"html"}]},"excerpt":{"rendered":"<p>Les f\u00e9d\u00e9rations de football africain \u00e9liront le 12 mars le prochain pr\u00e9sident de la Conf\u00e9d\u00e9ration africaine de football (CAF). En lice, le magnat sud-africain des mines Patrice Motsepe cherche des soutiens sur tout le continent. Le 7 janvier \u00e0 10 h 50, le jet de l&rsquo;oligarque sud-africain Patrice Motsepe atterrissait \u00e0 Cotonou en provenance de Johannesburg. Quelques heures plus tard, il rencontrait le pr\u00e9sident de la F\u00e9d\u00e9ration b\u00e9ninoise de football, Mathurin de Chacus, et le ministre des sports Oswald Homeky pour leur demander de soutenir sa candidature \u00e0 la pr\u00e9sidence&hellip;<\/p>\n","protected":false,"gt_translate_keys":[{"key":"rendered","format":"html"}]},"author":1,"featured_media":6633,"comment_status":"open","ping_status":"open","sticky":false,"template":"","format":"standard","meta":{"_crdt_document":"","footnotes":""},"categories":[8],"tags":[5792],"class_list":["post-6632","post","type-post","status-publish","format-standard","has-post-thumbnail","hentry","category-football","tag-patrice-motsepe"],"gutentor_comment":0,"yoast_head":"<!-- This site is optimized with the Yoast SEO plugin v27.5 - https:\/\/yoast.com\/product\/yoast-seo-wordpress\/ -->\n<title>\u00c9lections \/CAF: Patrice Motsepe, beau-fr\u00e8re de Cyril Ramaphosa et ami personnel de Mo\u00efse Katumbi - Actualit\u00e9s congolaises et internationales<\/title>\n<meta name=\"robots\" content=\"index, follow, max-snippet:-1, max-image-preview:large, max-video-preview:-1\" \/>\n<link rel=\"canonical\" href=\"https:\/\/congovirtuel.com\/information\/elections-caf-patrice-motsepe-beau-frere-de-cyril-ramaphosa-et-ami-personnel-de-moise-katumbi\/\" \/>\n<meta property=\"og:locale\" content=\"fr_FR\" \/>\n<meta property=\"og:type\" content=\"article\" \/>\n<meta property=\"og:title\" content=\"\u00c9lections \/CAF: Patrice Motsepe, beau-fr\u00e8re de Cyril Ramaphosa et ami personnel de Mo\u00efse Katumbi - Actualit\u00e9s congolaises et internationales\" \/>\n<meta property=\"og:description\" content=\"Les f\u00e9d\u00e9rations de football africain \u00e9liront le 12 mars le prochain pr\u00e9sident de la Conf\u00e9d\u00e9ration africaine de football (CAF). En lice, le magnat sud-africain des mines Patrice Motsepe cherche des soutiens sur tout le continent. Le 7 janvier \u00e0 10 h 50, le jet de l&rsquo;oligarque sud-africain Patrice Motsepe atterrissait \u00e0 Cotonou en provenance de Johannesburg. Quelques heures plus tard, il rencontrait le pr\u00e9sident de la F\u00e9d\u00e9ration b\u00e9ninoise de football, Mathurin de Chacus, et le ministre des sports Oswald Homeky pour leur demander de soutenir sa candidature \u00e0 la pr\u00e9sidence&hellip;\" \/>\n<meta property=\"og:url\" content=\"https:\/\/congovirtuel.com\/information\/elections-caf-patrice-motsepe-beau-frere-de-cyril-ramaphosa-et-ami-personnel-de-moise-katumbi\/\" \/>\n<meta property=\"og:site_name\" content=\"Actualit\u00e9s congolaises et internationales\" \/>\n<meta property=\"article:publisher\" content=\"https:\/\/web.facebook.com\/Congovirtuel-763617960319601\/?ref=aymt_homepage_panel&amp;amp%3bamp%3bamp%3bamp%3bamp%3bamp%3bamp%3bamp%3bamp%3bamp%3bamp%3beid=ARCoxULa66767kIgF_KYav6VdjXTI4yk_LW4yoVO9s6NXpysgb7Cb65vpxcxgqzOAKvIbLQxaAETcqHT\" \/>\n<meta property=\"article:published_time\" content=\"2021-02-27T14:04:14+00:00\" \/>\n<meta property=\"article:modified_time\" content=\"2021-02-27T14:04:25+00:00\" \/>\n<meta property=\"og:image\" content=\"https:\/\/congovirtuel.com\/information\/wp-content\/uploads\/2021\/02\/patrice_motsepe-1200-x-675.jpg\" \/>\n\t<meta property=\"og:image:width\" content=\"1200\" \/>\n\t<meta property=\"og:image:height\" content=\"675\" \/>\n\t<meta property=\"og:image:type\" content=\"image\/jpeg\" \/>\n<meta name=\"author\" content=\"infocongovirtuel\" \/>\n<meta name=\"twitter:card\" content=\"summary_large_image\" \/>\n<meta name=\"twitter:creator\" content=\"@congovirtuel\" \/>\n<meta name=\"twitter:site\" content=\"@congovirtuel\" \/>\n<meta name=\"twitter:label1\" content=\"\u00c9crit par\" \/>\n\t<meta name=\"twitter:data1\" content=\"infocongovirtuel\" \/>\n\t<meta name=\"twitter:label2\" content=\"Dur\u00e9e de lecture estim\u00e9e\" \/>\n\t<meta name=\"twitter:data2\" content=\"4 minutes\" \/>\n<script type=\"application\/ld+json\" class=\"yoast-schema-graph\">{\"@context\":\"https:\\\/\\\/schema.org\",\"@graph\":[{\"@type\":\"Article\",\"@id\":\"https:\\\/\\\/congovirtuel.com\\\/information\\\/elections-caf-patrice-motsepe-beau-frere-de-cyril-ramaphosa-et-ami-personnel-de-moise-katumbi\\\/#article\",\"isPartOf\":{\"@id\":\"https:\\\/\\\/congovirtuel.com\\\/information\\\/elections-caf-patrice-motsepe-beau-frere-de-cyril-ramaphosa-et-ami-personnel-de-moise-katumbi\\\/\"},\"author\":{\"name\":\"infocongovirtuel\",\"@id\":\"https:\\\/\\\/congovirtuel.com\\\/information\\\/#\\\/schema\\\/person\\\/739a44bf7990966cb53d58d2fdeca0b6\"},\"headline\":\"\u00c9lections \\\/CAF: Patrice Motsepe, beau-fr\u00e8re de Cyril Ramaphosa et ami personnel de Mo\u00efse Katumbi\",\"datePublished\":\"2021-02-27T14:04:14+00:00\",\"dateModified\":\"2021-02-27T14:04:25+00:00\",\"mainEntityOfPage\":{\"@id\":\"https:\\\/\\\/congovirtuel.com\\\/information\\\/elections-caf-patrice-motsepe-beau-frere-de-cyril-ramaphosa-et-ami-personnel-de-moise-katumbi\\\/\"},\"wordCount\":836,\"commentCount\":0,\"publisher\":{\"@id\":\"https:\\\/\\\/congovirtuel.com\\\/information\\\/#organization\"},\"image\":{\"@id\":\"https:\\\/\\\/congovirtuel.com\\\/information\\\/elections-caf-patrice-motsepe-beau-frere-de-cyril-ramaphosa-et-ami-personnel-de-moise-katumbi\\\/#primaryimage\"},\"thumbnailUrl\":\"https:\\\/\\\/congovirtuel.com\\\/information\\\/wp-content\\\/uploads\\\/2021\\\/02\\\/patrice_motsepe-1200-x-675.jpg\",\"keywords\":[\"Patrice Motsepe\"],\"articleSection\":[\"Football\"],\"inLanguage\":\"fr-FR\",\"potentialAction\":[{\"@type\":\"CommentAction\",\"name\":\"Comment\",\"target\":[\"https:\\\/\\\/congovirtuel.com\\\/information\\\/elections-caf-patrice-motsepe-beau-frere-de-cyril-ramaphosa-et-ami-personnel-de-moise-katumbi\\\/#respond\"]}]},{\"@type\":\"WebPage\",\"@id\":\"https:\\\/\\\/congovirtuel.com\\\/information\\\/elections-caf-patrice-motsepe-beau-frere-de-cyril-ramaphosa-et-ami-personnel-de-moise-katumbi\\\/\",\"url\":\"https:\\\/\\\/congovirtuel.com\\\/information\\\/elections-caf-patrice-motsepe-beau-frere-de-cyril-ramaphosa-et-ami-personnel-de-moise-katumbi\\\/\",\"name\":\"\u00c9lections \\\/CAF: Patrice Motsepe, beau-fr\u00e8re de Cyril Ramaphosa et ami personnel de Mo\u00efse Katumbi - Actualit\u00e9s congolaises et internationales\",\"isPartOf\":{\"@id\":\"https:\\\/\\\/congovirtuel.com\\\/information\\\/#website\"},\"primaryImageOfPage\":{\"@id\":\"https:\\\/\\\/congovirtuel.com\\\/information\\\/elections-caf-patrice-motsepe-beau-frere-de-cyril-ramaphosa-et-ami-personnel-de-moise-katumbi\\\/#primaryimage\"},\"image\":{\"@id\":\"https:\\\/\\\/congovirtuel.com\\\/information\\\/elections-caf-patrice-motsepe-beau-frere-de-cyril-ramaphosa-et-ami-personnel-de-moise-katumbi\\\/#primaryimage\"},\"thumbnailUrl\":\"https:\\\/\\\/congovirtuel.com\\\/information\\\/wp-content\\\/uploads\\\/2021\\\/02\\\/patrice_motsepe-1200-x-675.jpg\",\"datePublished\":\"2021-02-27T14:04:14+00:00\",\"dateModified\":\"2021-02-27T14:04:25+00:00\",\"breadcrumb\":{\"@id\":\"https:\\\/\\\/congovirtuel.com\\\/information\\\/elections-caf-patrice-motsepe-beau-frere-de-cyril-ramaphosa-et-ami-personnel-de-moise-katumbi\\\/#breadcrumb\"},\"inLanguage\":\"fr-FR\",\"potentialAction\":[{\"@type\":\"ReadAction\",\"target\":[\"https:\\\/\\\/congovirtuel.com\\\/information\\\/elections-caf-patrice-motsepe-beau-frere-de-cyril-ramaphosa-et-ami-personnel-de-moise-katumbi\\\/\"]}]},{\"@type\":\"ImageObject\",\"inLanguage\":\"fr-FR\",\"@id\":\"https:\\\/\\\/congovirtuel.com\\\/information\\\/elections-caf-patrice-motsepe-beau-frere-de-cyril-ramaphosa-et-ami-personnel-de-moise-katumbi\\\/#primaryimage\",\"url\":\"https:\\\/\\\/congovirtuel.com\\\/information\\\/wp-content\\\/uploads\\\/2021\\\/02\\\/patrice_motsepe-1200-x-675.jpg\",\"contentUrl\":\"https:\\\/\\\/congovirtuel.com\\\/information\\\/wp-content\\\/uploads\\\/2021\\\/02\\\/patrice_motsepe-1200-x-675.jpg\",\"width\":1200,\"height\":675,\"caption\":\"patrice_motsepe\"},{\"@type\":\"BreadcrumbList\",\"@id\":\"https:\\\/\\\/congovirtuel.com\\\/information\\\/elections-caf-patrice-motsepe-beau-frere-de-cyril-ramaphosa-et-ami-personnel-de-moise-katumbi\\\/#breadcrumb\",\"itemListElement\":[{\"@type\":\"ListItem\",\"position\":1,\"name\":\"Accueil\",\"item\":\"https:\\\/\\\/congovirtuel.com\\\/information\\\/\"},{\"@type\":\"ListItem\",\"position\":2,\"name\":\"\u00c9lections \\\/CAF: Patrice Motsepe, beau-fr\u00e8re de Cyril Ramaphosa et ami personnel de Mo\u00efse Katumbi\"}]},{\"@type\":\"WebSite\",\"@id\":\"https:\\\/\\\/congovirtuel.com\\\/information\\\/#website\",\"url\":\"https:\\\/\\\/congovirtuel.com\\\/information\\\/\",\"name\":\"Actualit\u00e9s congolaises et internationales\",\"description\":\"site d&#039;analyse et de traitement d&#039;information\",\"publisher\":{\"@id\":\"https:\\\/\\\/congovirtuel.com\\\/information\\\/#organization\"},\"potentialAction\":[{\"@type\":\"SearchAction\",\"target\":{\"@type\":\"EntryPoint\",\"urlTemplate\":\"https:\\\/\\\/congovirtuel.com\\\/information\\\/?s={search_term_string}\"},\"query-input\":{\"@type\":\"PropertyValueSpecification\",\"valueRequired\":true,\"valueName\":\"search_term_string\"}}],\"inLanguage\":\"fr-FR\"},{\"@type\":\"Organization\",\"@id\":\"https:\\\/\\\/congovirtuel.com\\\/information\\\/#organization\",\"name\":\"Biblioth\u00e8que Virtuelle de la RDC\",\"url\":\"https:\\\/\\\/congovirtuel.com\\\/information\\\/\",\"logo\":{\"@type\":\"ImageObject\",\"inLanguage\":\"fr-FR\",\"@id\":\"https:\\\/\\\/congovirtuel.com\\\/information\\\/#\\\/schema\\\/logo\\\/image\\\/\",\"url\":\"https:\\\/\\\/congovirtuel.com\\\/information\\\/wp-content\\\/uploads\\\/2018\\\/10\\\/header-info-congovirtuel-vraie.jpg\",\"contentUrl\":\"https:\\\/\\\/congovirtuel.com\\\/information\\\/wp-content\\\/uploads\\\/2018\\\/10\\\/header-info-congovirtuel-vraie.jpg\",\"width\":728,\"height\":90,\"caption\":\"Biblioth\u00e8que Virtuelle de la RDC\"},\"image\":{\"@id\":\"https:\\\/\\\/congovirtuel.com\\\/information\\\/#\\\/schema\\\/logo\\\/image\\\/\"},\"sameAs\":[\"https:\\\/\\\/web.facebook.com\\\/Congovirtuel-763617960319601\\\/?ref=aymt_homepage_panel&amp;amp;amp;amp;amp;amp;amp;amp;amp;amp;amp;eid=ARCoxULa66767kIgF_KYav6VdjXTI4yk_LW4yoVO9s6NXpysgb7Cb65vpxcxgqzOAKvIbLQxaAETcqHT\",\"https:\\\/\\\/x.com\\\/congovirtuel\",\"https:\\\/\\\/www.youtube.com\\\/channel\\\/UCkFfprYzGgS3EWNpeMXpToQ?view_as=subscriber\"]},{\"@type\":\"Person\",\"@id\":\"https:\\\/\\\/congovirtuel.com\\\/information\\\/#\\\/schema\\\/person\\\/739a44bf7990966cb53d58d2fdeca0b6\",\"name\":\"infocongovirtuel\",\"image\":{\"@type\":\"ImageObject\",\"inLanguage\":\"fr-FR\",\"@id\":\"https:\\\/\\\/secure.gravatar.com\\\/avatar\\\/4d76991aa72469f0eb22e772586c99113c6997f88da636a9db8f2ce3a2c05e69?s=96&d=mm&r=g\",\"url\":\"https:\\\/\\\/secure.gravatar.com\\\/avatar\\\/4d76991aa72469f0eb22e772586c99113c6997f88da636a9db8f2ce3a2c05e69?s=96&d=mm&r=g\",\"contentUrl\":\"https:\\\/\\\/secure.gravatar.com\\\/avatar\\\/4d76991aa72469f0eb22e772586c99113c6997f88da636a9db8f2ce3a2c05e69?s=96&d=mm&r=g\",\"caption\":\"infocongovirtuel\"},\"url\":\"https:\\\/\\\/congovirtuel.com\\\/information\\\/author\\\/infocongovirtuel\\\/\"}]}<\/script>\n<!-- \/ Yoast SEO plugin. -->","yoast_head_json":{"title":"\u00c9lections \/CAF: Patrice Motsepe, beau-fr\u00e8re de Cyril Ramaphosa et ami personnel de Mo\u00efse Katumbi - Actualit\u00e9s congolaises et internationales","robots":{"index":"index","follow":"follow","max-snippet":"max-snippet:-1","max-image-preview":"max-image-preview:large","max-video-preview":"max-video-preview:-1"},"canonical":"https:\/\/congovirtuel.com\/information\/elections-caf-patrice-motsepe-beau-frere-de-cyril-ramaphosa-et-ami-personnel-de-moise-katumbi\/","og_locale":"fr_FR","og_type":"article","og_title":"\u00c9lections \/CAF: Patrice Motsepe, beau-fr\u00e8re de Cyril Ramaphosa et ami personnel de Mo\u00efse Katumbi - Actualit\u00e9s congolaises et internationales","og_description":"Les f\u00e9d\u00e9rations de football africain \u00e9liront le 12 mars le prochain pr\u00e9sident de la Conf\u00e9d\u00e9ration africaine de football (CAF). En lice, le magnat sud-africain des mines Patrice Motsepe cherche des soutiens sur tout le continent. Le 7 janvier \u00e0 10 h 50, le jet de l&rsquo;oligarque sud-africain Patrice Motsepe atterrissait \u00e0 Cotonou en provenance de Johannesburg. Quelques heures plus tard, il rencontrait le pr\u00e9sident de la F\u00e9d\u00e9ration b\u00e9ninoise de football, Mathurin de Chacus, et le ministre des sports Oswald Homeky pour leur demander de soutenir sa candidature \u00e0 la pr\u00e9sidence&hellip;","og_url":"https:\/\/congovirtuel.com\/information\/elections-caf-patrice-motsepe-beau-frere-de-cyril-ramaphosa-et-ami-personnel-de-moise-katumbi\/","og_site_name":"Actualit\u00e9s congolaises et internationales","article_publisher":"https:\/\/web.facebook.com\/Congovirtuel-763617960319601\/?ref=aymt_homepage_panel&amp%3bamp%3bamp%3bamp%3bamp%3bamp%3bamp%3bamp%3bamp%3bamp%3bamp%3beid=ARCoxULa66767kIgF_KYav6VdjXTI4yk_LW4yoVO9s6NXpysgb7Cb65vpxcxgqzOAKvIbLQxaAETcqHT","article_published_time":"2021-02-27T14:04:14+00:00","article_modified_time":"2021-02-27T14:04:25+00:00","og_image":[{"width":1200,"height":675,"url":"https:\/\/congovirtuel.com\/information\/wp-content\/uploads\/2021\/02\/patrice_motsepe-1200-x-675.jpg","type":"image\/jpeg"}],"author":"infocongovirtuel","twitter_card":"summary_large_image","twitter_creator":"@congovirtuel","twitter_site":"@congovirtuel","twitter_misc":{"\u00c9crit par":"infocongovirtuel","Dur\u00e9e de lecture estim\u00e9e":"4 minutes"},"schema":{"@context":"https:\/\/schema.org","@graph":[{"@type":"Article","@id":"https:\/\/congovirtuel.com\/information\/elections-caf-patrice-motsepe-beau-frere-de-cyril-ramaphosa-et-ami-personnel-de-moise-katumbi\/#article","isPartOf":{"@id":"https:\/\/congovirtuel.com\/information\/elections-caf-patrice-motsepe-beau-frere-de-cyril-ramaphosa-et-ami-personnel-de-moise-katumbi\/"},"author":{"name":"infocongovirtuel","@id":"https:\/\/congovirtuel.com\/information\/#\/schema\/person\/739a44bf7990966cb53d58d2fdeca0b6"},"headline":"\u00c9lections \/CAF: Patrice Motsepe, beau-fr\u00e8re de Cyril Ramaphosa et ami personnel de Mo\u00efse Katumbi","datePublished":"2021-02-27T14:04:14+00:00","dateModified":"2021-02-27T14:04:25+00:00","mainEntityOfPage":{"@id":"https:\/\/congovirtuel.com\/information\/elections-caf-patrice-motsepe-beau-frere-de-cyril-ramaphosa-et-ami-personnel-de-moise-katumbi\/"},"wordCount":836,"commentCount":0,"publisher":{"@id":"https:\/\/congovirtuel.com\/information\/#organization"},"image":{"@id":"https:\/\/congovirtuel.com\/information\/elections-caf-patrice-motsepe-beau-frere-de-cyril-ramaphosa-et-ami-personnel-de-moise-katumbi\/#primaryimage"},"thumbnailUrl":"https:\/\/congovirtuel.com\/information\/wp-content\/uploads\/2021\/02\/patrice_motsepe-1200-x-675.jpg","keywords":["Patrice Motsepe"],"articleSection":["Football"],"inLanguage":"fr-FR","potentialAction":[{"@type":"CommentAction","name":"Comment","target":["https:\/\/congovirtuel.com\/information\/elections-caf-patrice-motsepe-beau-frere-de-cyril-ramaphosa-et-ami-personnel-de-moise-katumbi\/#respond"]}]},{"@type":"WebPage","@id":"https:\/\/congovirtuel.com\/information\/elections-caf-patrice-motsepe-beau-frere-de-cyril-ramaphosa-et-ami-personnel-de-moise-katumbi\/","url":"https:\/\/congovirtuel.com\/information\/elections-caf-patrice-motsepe-beau-frere-de-cyril-ramaphosa-et-ami-personnel-de-moise-katumbi\/","name":"\u00c9lections \/CAF: Patrice Motsepe, beau-fr\u00e8re de Cyril Ramaphosa et ami personnel de Mo\u00efse Katumbi - Actualit\u00e9s congolaises et internationales","isPartOf":{"@id":"https:\/\/congovirtuel.com\/information\/#website"},"primaryImageOfPage":{"@id":"https:\/\/congovirtuel.com\/information\/elections-caf-patrice-motsepe-beau-frere-de-cyril-ramaphosa-et-ami-personnel-de-moise-katumbi\/#primaryimage"},"image":{"@id":"https:\/\/congovirtuel.com\/information\/elections-caf-patrice-motsepe-beau-frere-de-cyril-ramaphosa-et-ami-personnel-de-moise-katumbi\/#primaryimage"},"thumbnailUrl":"https:\/\/congovirtuel.com\/information\/wp-content\/uploads\/2021\/02\/patrice_motsepe-1200-x-675.jpg","datePublished":"2021-02-27T14:04:14+00:00","dateModified":"2021-02-27T14:04:25+00:00","breadcrumb":{"@id":"https:\/\/congovirtuel.com\/information\/elections-caf-patrice-motsepe-beau-frere-de-cyril-ramaphosa-et-ami-personnel-de-moise-katumbi\/#breadcrumb"},"inLanguage":"fr-FR","potentialAction":[{"@type":"ReadAction","target":["https:\/\/congovirtuel.com\/information\/elections-caf-patrice-motsepe-beau-frere-de-cyril-ramaphosa-et-ami-personnel-de-moise-katumbi\/"]}]},{"@type":"ImageObject","inLanguage":"fr-FR","@id":"https:\/\/congovirtuel.com\/information\/elections-caf-patrice-motsepe-beau-frere-de-cyril-ramaphosa-et-ami-personnel-de-moise-katumbi\/#primaryimage","url":"https:\/\/congovirtuel.com\/information\/wp-content\/uploads\/2021\/02\/patrice_motsepe-1200-x-675.jpg","contentUrl":"https:\/\/congovirtuel.com\/information\/wp-content\/uploads\/2021\/02\/patrice_motsepe-1200-x-675.jpg","width":1200,"height":675,"caption":"patrice_motsepe"},{"@type":"BreadcrumbList","@id":"https:\/\/congovirtuel.com\/information\/elections-caf-patrice-motsepe-beau-frere-de-cyril-ramaphosa-et-ami-personnel-de-moise-katumbi\/#breadcrumb","itemListElement":[{"@type":"ListItem","position":1,"name":"Accueil","item":"https:\/\/congovirtuel.com\/information\/"},{"@type":"ListItem","position":2,"name":"\u00c9lections \/CAF: Patrice Motsepe, beau-fr\u00e8re de Cyril Ramaphosa et ami personnel de Mo\u00efse Katumbi"}]},{"@type":"WebSite","@id":"https:\/\/congovirtuel.com\/information\/#website","url":"https:\/\/congovirtuel.com\/information\/","name":"Actualit\u00e9s congolaises et internationales","description":"site d&#039;analyse et de traitement d&#039;information","publisher":{"@id":"https:\/\/congovirtuel.com\/information\/#organization"},"potentialAction":[{"@type":"SearchAction","target":{"@type":"EntryPoint","urlTemplate":"https:\/\/congovirtuel.com\/information\/?s={search_term_string}"},"query-input":{"@type":"PropertyValueSpecification","valueRequired":true,"valueName":"search_term_string"}}],"inLanguage":"fr-FR"},{"@type":"Organization","@id":"https:\/\/congovirtuel.com\/information\/#organization","name":"Biblioth\u00e8que Virtuelle de la RDC","url":"https:\/\/congovirtuel.com\/information\/","logo":{"@type":"ImageObject","inLanguage":"fr-FR","@id":"https:\/\/congovirtuel.com\/information\/#\/schema\/logo\/image\/","url":"https:\/\/congovirtuel.com\/information\/wp-content\/uploads\/2018\/10\/header-info-congovirtuel-vraie.jpg","contentUrl":"https:\/\/congovirtuel.com\/information\/wp-content\/uploads\/2018\/10\/header-info-congovirtuel-vraie.jpg","width":728,"height":90,"caption":"Biblioth\u00e8que Virtuelle de la RDC"},"image":{"@id":"https:\/\/congovirtuel.com\/information\/#\/schema\/logo\/image\/"},"sameAs":["https:\/\/web.facebook.com\/Congovirtuel-763617960319601\/?ref=aymt_homepage_panel&amp;amp;amp;amp;amp;amp;amp;amp;amp;amp;amp;eid=ARCoxULa66767kIgF_KYav6VdjXTI4yk_LW4yoVO9s6NXpysgb7Cb65vpxcxgqzOAKvIbLQxaAETcqHT","https:\/\/x.com\/congovirtuel","https:\/\/www.youtube.com\/channel\/UCkFfprYzGgS3EWNpeMXpToQ?view_as=subscriber"]},{"@type":"Person","@id":"https:\/\/congovirtuel.com\/information\/#\/schema\/person\/739a44bf7990966cb53d58d2fdeca0b6","name":"infocongovirtuel","image":{"@type":"ImageObject","inLanguage":"fr-FR","@id":"https:\/\/secure.gravatar.com\/avatar\/4d76991aa72469f0eb22e772586c99113c6997f88da636a9db8f2ce3a2c05e69?s=96&d=mm&r=g","url":"https:\/\/secure.gravatar.com\/avatar\/4d76991aa72469f0eb22e772586c99113c6997f88da636a9db8f2ce3a2c05e69?s=96&d=mm&r=g","contentUrl":"https:\/\/secure.gravatar.com\/avatar\/4d76991aa72469f0eb22e772586c99113c6997f88da636a9db8f2ce3a2c05e69?s=96&d=mm&r=g","caption":"infocongovirtuel"},"url":"https:\/\/congovirtuel.com\/information\/author\/infocongovirtuel\/"}]}},"gt_translate_keys":[{"key":"link","format":"url"}],"_links":{"self":[{"href":"https:\/\/congovirtuel.com\/information\/wp-json\/wp\/v2\/posts\/6632","targetHints":{"allow":["GET"]}}],"collection":[{"href":"https:\/\/congovirtuel.com\/information\/wp-json\/wp\/v2\/posts"}],"about":[{"href":"https:\/\/congovirtuel.com\/information\/wp-json\/wp\/v2\/types\/post"}],"author":[{"embeddable":true,"href":"https:\/\/congovirtuel.com\/information\/wp-json\/wp\/v2\/users\/1"}],"replies":[{"embeddable":true,"href":"https:\/\/congovirtuel.com\/information\/wp-json\/wp\/v2\/comments?post=6632"}],"version-history":[{"count":1,"href":"https:\/\/congovirtuel.com\/information\/wp-json\/wp\/v2\/posts\/6632\/revisions"}],"predecessor-version":[{"id":6634,"href":"https:\/\/congovirtuel.com\/information\/wp-json\/wp\/v2\/posts\/6632\/revisions\/6634"}],"wp:featuredmedia":[{"embeddable":true,"href":"https:\/\/congovirtuel.com\/information\/wp-json\/wp\/v2\/media\/6633"}],"wp:attachment":[{"href":"https:\/\/congovirtuel.com\/information\/wp-json\/wp\/v2\/media?parent=6632"}],"wp:term":[{"taxonomy":"category","embeddable":true,"href":"https:\/\/congovirtuel.com\/information\/wp-json\/wp\/v2\/categories?post=6632"},{"taxonomy":"post_tag","embeddable":true,"href":"https:\/\/congovirtuel.com\/information\/wp-json\/wp\/v2\/tags?post=6632"}],"curies":[{"name":"wp","href":"https:\/\/api.w.org\/{rel}","templated":true}]}}