{"id":6640,"date":"2021-02-28T06:38:50","date_gmt":"2021-02-28T05:38:50","guid":{"rendered":"https:\/\/congovirtuel.com\/information\/?p=6640"},"modified":"2021-02-28T06:38:58","modified_gmt":"2021-02-28T05:38:58","slug":"non-lambassadeur-italien-en-rdc-na-pas-ete-tue-apres-avoir-visite-un-site-minier","status":"publish","type":"post","link":"https:\/\/congovirtuel.com\/information\/non-lambassadeur-italien-en-rdc-na-pas-ete-tue-apres-avoir-visite-un-site-minier\/","title":{"rendered":"Non, l&rsquo;ambassadeur italien en RDC n&rsquo;a pas \u00e9t\u00e9 tu\u00e9 apr\u00e8s avoir visit\u00e9 un \u00ab\u00a0site minier\u00a0\u00bb","gt_translate_keys":[{"key":"rendered","format":"text"}]},"content":{"rendered":"\n<h2 class=\"wp-block-heading\"><strong>Des internautes pr\u00e9tendent, photo \u00e0 l&rsquo;appui, que l&rsquo;ambassadeur italien en R\u00e9publique d\u00e9mocratique du Congo (RDC), tu\u00e9 lundi 22 f\u00e9vrier dans une attaque dans l&rsquo;Est du pays, ne se trouvait pas dans la r\u00e9gion pour accompagner une \u00ab\u00a0<em>mission humanitaire<\/em>\u00a0\u00bb mais pour \u00ab\u00a0<em>visiter des sites miniers<\/em>\u00ab\u00a0. C&rsquo;est faux: le diplomate a bel et bien visit\u00e9\u00a0avant sa mort un projet du Programme alimentaire mondial (PAM), comme l&rsquo;ont confirm\u00e9 plusieurs sources \u00e0 l&rsquo;AFP. La photo, quant \u00e0 elle, n\u2019a pas \u00e9t\u00e9 prise dans une mine, mais dans une localit\u00e9 situ\u00e9e pr\u00e8s du village o\u00f9 le programme du PAM est mis en \u0153uvre. Plusieurs enqu\u00eates sont en cours pour d\u00e9terminer les motivations et l&rsquo;identit\u00e9 des attaquants.<\/strong><\/h2>\n\n\n\n<p class=\"wp-block-paragraph\">Deux hommes blancs traversent un foss\u00e9 o\u00f9 coule une eau boueuse, \u00e0 l\u2019aide d\u2019une planche en bois visiblement peu stable. Sous leurs pieds, la terre rouge semble meuble. Un jeune gar\u00e7on noir pr\u00e9c\u00e8de les deux visiteurs, qui portent des baskets et des tee-shirts. Derri\u00e8re, une dizaine de personnes regardent dans leur direction, pr\u00e8s d\u2019un b\u00e2timent couvert par une toiture en t\u00f4les.<\/p>\n\n\n\n<p class=\"wp-block-paragraph\">Pour de nombreux internautes congolais, cette photo, o\u00f9 l\u2019on reconna\u00eet l&rsquo;ambassadeur d&rsquo;Italie en R\u00e9publique d\u00e9mocratique du Congo (RDC) Luca Attanasio, tu\u00e9 par balles le 22 f\u00e9vrier lors d\u2019une embuscade tendue dans l&rsquo;Est du pays, prouve qu&rsquo;il ne se trouvait pas dans la r\u00e9gion pour accompagner une \u00ab\u00a0<em>mission humanitaire<\/em>\u00ab\u00a0, mais&nbsp; pour&nbsp;visiter des \u00ab\u00a0<em>sites miniers<\/em>\u00ab\u00a0.&nbsp;<\/p>\n\n\n\n<p class=\"wp-block-paragraph\">D&rsquo;autres utilisateurs pr\u00e9tendent m\u00eame, en relayant toujours la m\u00eame photo, que l&rsquo;ambassadeur \u00e9tait un \u00ab\u00a0<em>exploitant minier de longue date<\/em>\u00a0\u00bb et effectuait&nbsp;un d\u00e9placement&nbsp;<em>\u00ab\u00a0\u00e0 l\u2019insu de tous<\/em>\u00a0\u00bb dans une exploitation mini\u00e8re lorsqu&rsquo;il a \u00e9t\u00e9 pris pour cible, raison pour laquelle il ne se serait pas signal\u00e9 \u00ab\u00a0<em>aux autorit\u00e9s comp\u00e9tentes<\/em>\u00ab\u00a0.&nbsp;<img decoding=\"async\" src=\"https:\/\/factuel.afp.com\/sites\/default\/files\/styles\/list_xs\/public\/medias\/factchecking\/rdc\/publi_barree_finale.png?itok=eNpszhaZ\" srcset=\"\/sites\/default\/files\/styles\/list_xs\/public\/medias\/factchecking\/rdc\/publi_barree_finale.png?itok=eNpszhaZ 415w,\/sites\/default\/files\/styles\/list_s\/public\/medias\/factchecking\/rdc\/publi_barree_finale.png?itok=HtgDUU4t 568w, \/sites\/default\/files\/styles\/list_m\/public\/medias\/factchecking\/rdc\/publi_barree_finale.png?itok=OkJZD9X5 668w, \/sites\/default\/files\/styles\/list_l\/public\/medias\/factchecking\/rdc\/publi_barree_finale.png?itok=jVVAkrOW 888w, \/sites\/default\/files\/styles\/list_xl\/public\/medias\/factchecking\/rdc\/publi_barree_finale.png?itok=x7avPVQO 1245w\"><em>Captures d&rsquo;une publication Facebook, r\u00e9alis\u00e9es le 26 f\u00e9vrier 2021<\/em><\/p>\n\n\n\n<p class=\"wp-block-paragraph\">Ces publications cumulent plus de 1.500 partages sur Facebook depuis le jour o\u00f9 s\u2019est produite l\u2019embuscade (<a target=\"_blank\" href=\"https:\/\/perma.cc\/W5QM-CY5H?type=image\" rel=\"noreferrer noopener\">1<\/a>,&nbsp;<a target=\"_blank\" href=\"https:\/\/perma.cc\/Y43S-EUM8?type=image\" rel=\"noreferrer noopener\">2<\/a>,&nbsp;<a target=\"_blank\" href=\"https:\/\/perma.cc\/6CEZ-X8GZ?type=image\" rel=\"noreferrer noopener\">3<\/a>,&nbsp;<a target=\"_blank\" href=\"https:\/\/perma.cc\/RVP5-8F9H?type=image\" rel=\"noreferrer noopener\">4<\/a>,&nbsp;<a target=\"_blank\" href=\"https:\/\/perma.cc\/9A8S-T5SR?type=image\" rel=\"noreferrer noopener\">5<\/a>\u2026). La photo virale circule aussi sur Whatsapp : certaines publications Facebook sont en r\u00e9alit\u00e9 des captures d&rsquo;\u00e9cran de cette application de messagerie.<\/p>\n\n\n\n<h3 class=\"wp-block-heading\">Embuscade dans le Nord-Kivu<\/h3>\n\n\n\n<p class=\"wp-block-paragraph\">Ces messages sont en r\u00e9alit\u00e9 mensongers: Luca Attanasio a bel et bien \u00e9t\u00e9 tu\u00e9 alors qu\u2019il accompagnait un convoi du Programme alimentaire mondial (PAM), un organisme d\u2019aide alimentaire d\u00e9pendant de&nbsp;l\u2019ONU, dans la province du Nord-Kivu (est), pr\u00e8s de la fronti\u00e8re avec le Rwanda.<\/p>\n\n\n\n<p class=\"wp-block-paragraph\">Lors de cette embuscade, le garde du corps italien de l\u2019ambassadeur, le carabinier Vittorio Iacovacci, ainsi qu\u2019un chauffeur congolais du PAM, Mustafa Baguma Milambo, ont \u00e9galement&nbsp;\u00e9t\u00e9 tu\u00e9s. Le premier \u00e9tait \u00e2g\u00e9 de 30 ans, et le second avait 56 ans.<\/p>\n\n\n\n<p class=\"wp-block-paragraph\">Selon la pr\u00e9sidence congolaise, le convoi du PAM dans lequel se trouvait l&rsquo;ambassadeur a \u00e9t\u00e9 attaqu\u00e9 \u00e0 trois kilom\u00e8tres d<a target=\"_blank\" href=\"https:\/\/www.wfp.org\/news\/information-update-democratic-republic-congo-security-incident\" rel=\"noreferrer noopener\">e sa destination, la commune de Kiwanja, dans le territoire de Rutshuru<\/a>, dans l&rsquo;Est de la RDC, o\u00f9 l&rsquo;ambassadeur devait visiter un programme humanitaire \u00e9tabli dans une \u00e9cole.<\/p>\n\n\n\n<p class=\"wp-block-paragraph\">\u00ab\u00a0<em>Les assaillants, au nombre de six, munis de cinq armes de type AK-47 ainsi que d&rsquo;une machette<\/em>\u00a0\u00bb ont alors fait irruption, et ont oblig\u00e9 \u00ab\u00a0<em>les occupants des v\u00e9hicules \u00e0 descendre et \u00e0 les suivre<\/em>\u00ab\u00a0, a d\u00e9taill\u00e9 la pr\u00e9sidence dans un communiqu\u00e9 publi\u00e9 quelques heures apr\u00e8s le drame.<\/p>\n\n\n\n<p class=\"wp-block-paragraph\">Alert\u00e9s, des rangers et des militaires congolais pr\u00e9sents dans les environs se sont mis \u00e0 la poursuite des assaillants. \u00ab\u00a0<em>\u00c0 500 m\u00e8tres (du lieu de l&rsquo;attaque), les ravisseurs ont tir\u00e9 \u00e0 bout portant sur le garde du corps (italien), d\u00e9c\u00e9d\u00e9 sur place, et sur l&rsquo;ambassadeur, le blessant \u00e0 l&rsquo;abdomen<\/em>\u00ab\u00a0, explique le communiqu\u00e9.<img decoding=\"async\" src=\"https:\/\/factuel.afp.com\/sites\/default\/files\/styles\/list_xs\/public\/medias\/factchecking\/rdc\/000_93k44m_1.jpg?itok=Y-cKCYTn\" srcset=\"\/sites\/default\/files\/styles\/list_xs\/public\/medias\/factchecking\/rdc\/000_93k44m_1.jpg?itok=Y-cKCYTn 415w,\/sites\/default\/files\/styles\/list_s\/public\/medias\/factchecking\/rdc\/000_93k44m_1.jpg?itok=G5Eao8Y_ 568w, \/sites\/default\/files\/styles\/list_m\/public\/medias\/factchecking\/rdc\/000_93k44m_1.jpg?itok=zEQrHcu3 668w, \/sites\/default\/files\/styles\/list_l\/public\/medias\/factchecking\/rdc\/000_93k44m_1.jpg?itok=2eA0uVMp 888w, \/sites\/default\/files\/styles\/list_xl\/public\/medias\/factchecking\/rdc\/000_93k44m_1.jpg?itok=TMMMDWAx 1245w\"><em>Des soldats des Nations Unies (Onu) r\u00e9cup\u00e8rent les corps de l&rsquo;ambassadeur italien en RDC, son garde du corps et son chauffeur aux abords du parc national de Virunga, pr\u00e8s du village de Kibumba, \u00e0 25 kilom\u00e8tres de Goma, o\u00f9 ils ont \u00e9t\u00e9 tu\u00e9s lors d&rsquo;une attaque le 22 f\u00e9vrier 2021 (AFP \/ Alexis Huguet)<\/em><\/p>\n\n\n\n<p class=\"wp-block-paragraph\">La reconstruction des \u00e9v\u00e9nements pr\u00e9sent\u00e9e par le chef de la diplomatie italienne Luigi Di Maio correspond pour l&rsquo;essentiel \u00e0 celle des autorit\u00e9s congolaises, l&rsquo;Italien ajoutant un d\u00e9tail, \u00e0 savoir que des objets ont \u00e9t\u00e9 jet\u00e9s devant les deux v\u00e9hicules pour les obliger \u00e0 s&rsquo;arr\u00eater.<\/p>\n\n\n\n<h3 class=\"wp-block-heading\">Pont cass\u00e9<\/h3>\n\n\n\n<p class=\"wp-block-paragraph\">Selon un proche de Luca Attanasio, la photo relay\u00e9e sur Facebook et Whatsapp, o\u00f9 l&rsquo;on&nbsp;voit l&rsquo;ambassadeur traverser un foss\u00e9 \u00e0 quelques m\u00e8tres de&nbsp;son garde-du-corps, n&rsquo;a&nbsp;pas \u00e9t\u00e9 prise le jour de l&rsquo;attaque, mais deux jours auparavant, dans le \u00ab\u00a0<em>village de Kasheke<\/em>\u00ab\u00a0, sur la route Goma (Nord-Kivu) &#8211; Kalehe (Sud-Kivu).<\/p>\n\n\n\n<p class=\"wp-block-paragraph\">L&rsquo;ambassadeur de l&rsquo;Union europ\u00e9enne en RDC Jean-Marc Ch\u00e2taigner&nbsp;<a target=\"_blank\" href=\"https:\/\/www.linkedin.com\/feed\/update\/urn:li:share:6770286290425393152\/\" rel=\"noreferrer noopener\">a publi\u00e9 un texte sur LinkedIn<\/a>&nbsp;et&nbsp;<a target=\"_blank\" href=\"https:\/\/twitter.com\/Jmchataigner\/status\/1364520664498139136\" rel=\"noreferrer noopener\">sur Twitter<\/a>&nbsp;pour d\u00e9mentir les \u00ab\u00a0<em>fake news<\/em>\u00a0\u00bb pr\u00e9sentes sur les r\u00e9seaux sociaux, en assurant que le d\u00e9placement de l&rsquo;ambassadeur italien n\u2019avait rien \u00e0 voir avec \u00ab\u00a0<em>des int\u00e9r\u00eats miniers<\/em>\u00ab\u00a0.<\/p>\n\n\n\n<p class=\"wp-block-paragraph\">\u00ab\u00a0<em>L\u2019objet de sa mission \u00e9tait en fait double: rencontre consulaire de ressortissants italiens vivant \u00e0 Goma et visite de projets de terrain du Programme Alimentaire Mondial #PAM (nutrition, cantines scolaires). Il est tout \u00e0 fait normal pour un ambassadeur de visiter des projets du PAM<\/em>\u00ab\u00a0, a-t-il insist\u00e9.&nbsp;<\/p>\n\n\n\n<figure class=\"wp-block-image\"><img decoding=\"async\" src=\"https:\/\/factuel.afp.com\/sites\/default\/files\/styles\/list_xs\/public\/medias\/factchecking\/rdc\/post_linked_in.png?itok=s3J6MHnU\" alt=\"\"\/><\/figure>\n\n\n\n<p class=\"wp-block-paragraph\">En r\u00e9ponse \u00e0 son tweet, une charg\u00e9e de programme du PAM, Val\u00e9riane Ndena, a&nbsp;<a target=\"_blank\" href=\"https:\/\/twitter.com\/Valerianendena\/status\/1364576245116260363\" rel=\"noreferrer noopener\">confirm\u00e9&nbsp;<\/a>que la photo virale avait \u00e9t\u00e9 prise sur la&nbsp;<a target=\"_blank\" href=\"https:\/\/www.google.com\/maps\/dir\/Minova,+R%C3%A9publique+d%C3%A9mocratique+du+Congo\/Kasheke,+N2,+Kaseke,+Congo-Kinshasa\/@-1.9051918,28.8124718,10.5z\/data=!4m13!4m12!1m5!1m1!1s0x19dd72e067a0aecd:0xe536623fcfbfa32e!2m2!1d29.021261!2d-1.7076637!1m5!1m1!1s0x19dd52a63f80621b:0x64f791f165187f20!2m2!1d28.8554819!2d-2.1454926\" rel=\"noreferrer noopener\">\u00ab\u00a0<em>route Kasheke-Minova<\/em>\u00ab\u00a0<\/a>&nbsp;(est), lors de la travers\u00e9e d&rsquo;un cours d&rsquo;eau qui emp\u00eachait la bonne circulation des v\u00e9hicules. Sollicit\u00e9e sur Twitter, elle n&rsquo;a pas r\u00e9pondu aux questions de l&rsquo;AFP.<img decoding=\"async\" src=\"https:\/\/factuel.afp.com\/sites\/default\/files\/styles\/list_xs\/public\/medias\/factchecking\/rdc\/tweet_valeriane.jpg?itok=AGIa5tQL\" srcset=\"\/sites\/default\/files\/styles\/list_xs\/public\/medias\/factchecking\/rdc\/tweet_valeriane.jpg?itok=AGIa5tQL 415w,\/sites\/default\/files\/styles\/list_s\/public\/medias\/factchecking\/rdc\/tweet_valeriane.jpg?itok=Np9gURPR 568w, \/sites\/default\/files\/styles\/list_m\/public\/medias\/factchecking\/rdc\/tweet_valeriane.jpg?itok=zslrFmPO 668w, \/sites\/default\/files\/styles\/list_l\/public\/medias\/factchecking\/rdc\/tweet_valeriane.jpg?itok=2hS3KR9u 888w, \/sites\/default\/files\/styles\/list_xl\/public\/medias\/factchecking\/rdc\/tweet_valeriane.jpg?itok=ohGIlRpb 1245w\"><em>Capture d&rsquo;\u00e9cran d&rsquo;un tweet, r\u00e9alis\u00e9e le 26 f\u00e9vrier 2021<\/em><\/p>\n\n\n\n<p class=\"wp-block-paragraph\">Un journaliste du site de v\u00e9rification CongoCheck&nbsp;<a target=\"_blank\" href=\"https:\/\/www.congocheck.net\/non-ces-photos-ne-montrent-pas-lambassadeur-italien-dans-les-mines-de-la-rdc\/\" rel=\"noreferrer noopener\">s\u2019est par ailleurs&nbsp;rendu sur place et a pu prendre plusieurs photos<\/a>, qui prouvent que les images virales n&rsquo;ont pas \u00e9t\u00e9 prises dans une mine. Sur ces photos, on reconna\u00eet clairement le cours d&rsquo;eau, la planche dress\u00e9e au-dessus le foss\u00e9 et le b\u00e2timent au toit de t\u00f4les.<\/p>\n\n\n\n<p class=\"wp-block-paragraph\">\u00ab\u00a0<em>L&rsquo;ambassadeur\u00a0\u00bb&nbsp;<\/em>est bien&nbsp;<em>\u00ab\u00a0pass\u00e9<\/em>\u00a0\u00bb dans cette localit\u00e9, \u00ab\u00a0<em>dans le cadre de l\u2019\u00e9valuation des activit\u00e9s du PAM<\/em>\u00ab\u00a0, a confirm\u00e9&nbsp;un enseignant du village, interrog\u00e9 par CongoCheck.<\/p>\n\n\n\n<p class=\"wp-block-paragraph\">L&rsquo;AFP n&rsquo;a pas \u00e9t\u00e9 en mesure de confirmer ind\u00e9pendamment le lieu exact o\u00f9 a \u00e9t\u00e9 prise cette photo, ainsi que l&rsquo;identit\u00e9 de son auteur.&nbsp;<\/p>\n\n\n\n<h3 class=\"wp-block-heading\">Diplomate de carri\u00e8re<\/h3>\n\n\n\n<p class=\"wp-block-paragraph\">Contrairement \u00e0 ce qu\u2019affirment les internautes qui partagent la fausse information sur Facebook et Whatsapp, il n&rsquo;existe par ailleurs aucune preuve que l&rsquo;ambassadeur italien ait eu un quelconque lien avec le secteur minier, en R\u00e9publique d\u00e9mocratique du Congo ou bien ailleurs.<\/p>\n\n\n\n<p class=\"wp-block-paragraph\">Depuis qu&rsquo;il a obtenu son dipl\u00f4me en 2001 \u00e0 l&rsquo;universit\u00e9 Bocconi de Milan, Luca Attanasio n&rsquo;a pas travaill\u00e9 dans ce secteur, comme le d\u00e9taille&nbsp;<a target=\"_blank\" href=\"https:\/\/ambkinshasa.esteri.it\/ambasciata_kinshasa\/fr\/ambasciata\/ambasciatore\" rel=\"noreferrer noopener\">sa fiche personnelle sur le site de l&rsquo;ambassade italienne \u00e0 Kinshasa<\/a>.<\/p>\n\n\n\n<p class=\"wp-block-paragraph\">Apr\u00e8s ce dipl\u00f4me et \u00ab\u00a0<em>un bref parcours comme consultant pour les entreprises et un master en politique internationale, il entre dans la diplomatie en 2003<\/em>\u00ab\u00a0, d\u00e9taille cette fiche. Il a ensuite travaill\u00e9 \u00e0 Rome, Berne, Casablanca, Abuja et depuis septembre 2017 \u00e0 Kinshasa, d&rsquo;abord comme chef de mission puis \u00e0 partir de 2019 comme ambassadeur.&nbsp;<img decoding=\"async\" src=\"https:\/\/factuel.afp.com\/sites\/default\/files\/styles\/list_xs\/public\/medias\/factchecking\/rdc\/site_ambassade.jpg?itok=WfBxRdq7\" srcset=\"\/sites\/default\/files\/styles\/list_xs\/public\/medias\/factchecking\/rdc\/site_ambassade.jpg?itok=WfBxRdq7 415w,\/sites\/default\/files\/styles\/list_s\/public\/medias\/factchecking\/rdc\/site_ambassade.jpg?itok=K_BdfRSb 568w, \/sites\/default\/files\/styles\/list_m\/public\/medias\/factchecking\/rdc\/site_ambassade.jpg?itok=p7qD3hmY 668w, \/sites\/default\/files\/styles\/list_l\/public\/medias\/factchecking\/rdc\/site_ambassade.jpg?itok=9nX0IMwa 888w, \/sites\/default\/files\/styles\/list_xl\/public\/medias\/factchecking\/rdc\/site_ambassade.jpg?itok=XumvSXKv 1245w\"><em>Capture d&rsquo;\u00e9cran du site de l&rsquo;ambassade d&rsquo;Italie \u00e0 Kinshasa (RDC),&nbsp;r\u00e9alis\u00e9e le 26 f\u00e9vrier 2021<\/em><\/p>\n\n\n\n<p class=\"wp-block-paragraph\">\u00ab\u00a0<em>A ma connaissance,&nbsp;<\/em>[Luca Attanasio]&nbsp;<em>n&rsquo;a eu aucune activit\u00e9 mini\u00e8re<\/em>\u00ab\u00a0, a confirm\u00e9 \u00e0 l&rsquo;AFP Jean-Marc Ch\u00e2taigner, ambassadeur de l&rsquo;UE \u00e0 Kinshasa et ami du diplomate italien. \u00ab\u00a0<em>Il \u00e9tait un diplomate de carri\u00e8re, tout \u00e0 fait classique\u00a0\u00bb<\/em>.<\/p>\n\n\n\n<h3 class=\"wp-block-heading\">Pas d&rsquo;entreprise mini\u00e8re italienne en RDC<\/h3>\n\n\n\n<p class=\"wp-block-paragraph\">Selon l\u2019ambassadeur, l&rsquo;Italie n&rsquo;a par ailleurs \u00ab\u00a0<em>pas sp\u00e9cialement de compagnie mini\u00e8re ou d&rsquo;int\u00e9r\u00eats dans le secteur minier<\/em>\u00a0\u00bb en RDC. \u00ab\u00a0<em>M\u00eame dans les pays voisins, il n&rsquo;existe pas de grosses entreprises italiennes qui pourraient \u00eatre int\u00e9ress\u00e9es<\/em>\u00ab\u00a0, a ajout\u00e9 M. Ch\u00e2taigner.<\/p>\n\n\n\n<p class=\"wp-block-paragraph\">Selon&nbsp;<a target=\"_blank\" href=\"https:\/\/www.tresor.economie.gouv.fr\/PagesInternationales\/Pages\/c4657524-6a6d-4cf3-8391-9d70556e302b\/files\/5a28b9a8-fb05-4129-989c-db141bae3025\" rel=\"noreferrer noopener\">une fiche du minist\u00e8re de l&rsquo;Economie fran\u00e7ais<\/a>, les principales entreprises mini\u00e8res pr\u00e9sentes en RDC sont sud-africaines, chinoises, canadiennes, suisses et bien s\u00fbr, congolaises &#8211; mais pas italiennes.<\/p>\n\n\n\n<p class=\"wp-block-paragraph\">Comme le pr\u00e9cise cette note, la chambre des mines de RDC n&rsquo;a toutefois pas actualis\u00e9 ces statistiques depuis 2017. Mais aucune entreprise op\u00e9rant dans le secteur minier ne figure&nbsp;dans la liste des entreprises italiennes pr\u00e9sentes dans le pays&nbsp;<a target=\"_blank\" href=\"https:\/\/www.infomercatiesteri.it\/presenza_italiana.php?id_paesi=25\" rel=\"noreferrer noopener\">recens\u00e9es sur le site de l&rsquo;ambassade d&rsquo;Italie<\/a>.&nbsp;<\/p>\n\n\n\n<h3 class=\"wp-block-heading\">Un enl\u00e8vement qui a mal tourn\u00e9 ?<\/h3>\n\n\n\n<p class=\"wp-block-paragraph\">La mort de Luca Attanasio, dont les circonstances restent encore floues,&nbsp;a fait l&rsquo;objet de multiples rumeurs ces derniers jours en RDC.&nbsp;Le 23 f\u00e9vrier, soit le lendemain du drame,&nbsp;un&nbsp;<a target=\"_blank\" href=\"https:\/\/factuel.afp.com\/attention-ce-communique-des-autorites-italiennes-sur-la-mort-de-leur-ambassadeur-en-rdc-est-un-faux\" rel=\"noreferrer noopener\">faux communiqu\u00e9&nbsp;attribu\u00e9 au minist\u00e8re des Affaires \u00e9trang\u00e8res italien<\/a>, mena\u00e7ant le pr\u00e9sident F\u00e9lix Tshisekedi de poursuites \u00ab\u00a0<em>devant les instances internationales<\/em>\u00ab\u00a0, a ainsi&nbsp;\u00e9t\u00e9 relay\u00e9 par des internautes.<\/p>\n\n\n\n<p class=\"wp-block-paragraph\">La principale question encore ouverte porte sur les auteurs et les motivations de l&#8217;embuscade. Les autorit\u00e9s congolaises ont accus\u00e9 le 22 f\u00e9vrier les rebelles hutus rwandais des Forces d\u00e9mocratiques de lib\u00e9ration du Rwanda (FDLR), install\u00e9es dans l&rsquo;est de la RDC, d&rsquo;en \u00eatre responsables.&nbsp;<\/p>\n\n\n\n<p class=\"wp-block-paragraph\">Mais dans un communiqu\u00e9 envoy\u00e9 le lendemain \u00e0 l&rsquo;AFP, les rebelles des FDLR ont ni\u00e9 \u00eatre impliqu\u00e9s, en demandant \u00ab\u00a0<em>aux autorit\u00e9s congolaises et \u00e0 la Monusco (Mission de l&rsquo;ONU en RDC) de faire toute la lumi\u00e8re sur les responsabilit\u00e9s de cet ignoble assassinat au lieu de recourir \u00e0 des accusations h\u00e2tives<\/em>\u00ab\u00a0.<\/p>\n\n\n\n<p class=\"wp-block-paragraph\">Quant au mobile des meurtriers, tout laisse penser qu&rsquo;il s\u2019agissait d'\u00a0\u00bb<em>une tentative d&rsquo;enl\u00e8vement qui a mal tourn\u00e9<\/em>\u00ab\u00a0, selon des sources occidentales \u00e0 Kinshasa. \u00ab\u00a0<em>La route \u00e9tait consid\u00e9r\u00e9e comme s\u00e9curis\u00e9e et ne n\u00e9cessitait pas une escorte militaire<\/em>\u00ab\u00a0, a expliqu\u00e9 un diplomate europ\u00e9en. Le convoi du PAM avec lequel il circulait \u00e9tait constitu\u00e9 de deux v\u00e9hicules Toyota Land Cruiser 4&#215;4, qui\u00a0n&rsquo;\u00e9taient pas blind\u00e9s, selon ce diplomate.<\/p>\n\n\n\n<p class=\"wp-block-paragraph\">Passionn\u00e9 par le continent africain, Luca Attanasio est le premier ambassadeur italien tu\u00e9 dans l&rsquo;exercice de ses fonctions. Un autre ambassadeur italien, Daniele Occhipinti, avait \u00e9t\u00e9 tu\u00e9 en 1990 \u00e0 Abidjan, mais ce meurtre s&rsquo;\u00e9tait produit au cours d&rsquo;un d\u00eener dans un restaurant et non pas pendant une mission officielle.<\/p>\n\n\n\n<p class=\"wp-block-paragraph\">M. Attanasio est par ailleurs le deuxi\u00e8me ambassadeur europ\u00e9en en fonction tu\u00e9 par balles en RDC, apr\u00e8s le d\u00e9c\u00e8s en 1993 du Francais Philippe Bernard, lors d&rsquo;\u00e9meutes qui avaient conduit \u00e0 des pillages \u00e0 Kinshasa.<\/p>\n\n\n\n<h3 class=\"wp-block-heading\">Tensions autour du secteur minier congolais<\/h3>\n\n\n\n<p class=\"wp-block-paragraph\">L&rsquo;est de la RDC est d\u00e9stabilis\u00e9 depuis pr\u00e8s de trois d\u00e9cennies par la pr\u00e9sence de dizaines de groupes arm\u00e9s locaux et \u00e9trangers, qui affirment d\u00e9fendre leur communaut\u00e9 mais se disputent souvent les ressources d&rsquo;une r\u00e9gion riche en minerais et en bois.<\/p>\n\n\n\n<p class=\"wp-block-paragraph\">Le RDC est le premier producteur mondial de cobalt et son sous-sol contient de nombreux autres minerais (cuivre, or, coltan, cassit\u00e9rite&#8230;). Leur exploitation industrielle passe par des contrats de joint-venture entre la soci\u00e9t\u00e9 publique G\u00e9camines et une quinzaine d&rsquo;entreprises \u00e9trang\u00e8res.<\/p>\n\n\n\n<p class=\"wp-block-paragraph\">En juin 2020, le Conseil de s\u00e9curit\u00e9 de l&rsquo;ONU a&nbsp;r\u00e9clam\u00e9 \u00ab\u00a0<em>des efforts soutenus<\/em>\u00a0\u00bb pour emp\u00eacher l&rsquo;exploitation et le commerce illicite des ressources naturelles de la R\u00e9publique d\u00e9mocratique du Congo, alors que l&rsquo;or notamment alimente des tensions entre les groupes arm\u00e9s, qui se financent via son exploitation.<img decoding=\"async\" src=\"https:\/\/factuel.afp.com\/sites\/default\/files\/styles\/list_xs\/public\/medias\/factchecking\/rdc\/000_17q9qf.jpg?itok=HUSr_XBH\" srcset=\"\/sites\/default\/files\/styles\/list_xs\/public\/medias\/factchecking\/rdc\/000_17q9qf.jpg?itok=HUSr_XBH 415w,\/sites\/default\/files\/styles\/list_s\/public\/medias\/factchecking\/rdc\/000_17q9qf.jpg?itok=mXadNQv6 568w, \/sites\/default\/files\/styles\/list_m\/public\/medias\/factchecking\/rdc\/000_17q9qf.jpg?itok=oC_8ztG5 668w, \/sites\/default\/files\/styles\/list_l\/public\/medias\/factchecking\/rdc\/000_17q9qf.jpg?itok=BEk7DKPD 888w, \/sites\/default\/files\/styles\/list_xl\/public\/medias\/factchecking\/rdc\/000_17q9qf.jpg?itok=Zy2cNfC1 1245w\"><em>Un chercheur d&rsquo;or artisanal congolais dans une mine de la r\u00e9gion de Togo-Kazaroho, le 11 juillet 2018, en Ituri (AFP \/ John Wessels)<\/em><\/p>\n\n\n\n<p class=\"wp-block-paragraph\">C&rsquo;est ce contexte qui pourrait justifier, selon l&rsquo;ambassadeur de l&rsquo;Union europ\u00e9enne Jean-Marc Ch\u00e2taigner, l&rsquo;\u00e9mergence de la fake news sur les raisons de la pr\u00e9sence de Luca Attanasio dans la r\u00e9gion,&nbsp;qui \u00ab\u00a0<em>renvoie \u00e0 l&rsquo;imagerie de la guerre dans l&rsquo;est du Congo, de l&rsquo;exploitation ill\u00e9gale des ressources<\/em>\u00ab\u00a0.<\/p>\n\n\n\n<p class=\"wp-block-paragraph\">Le diplomate souligne que \u00ab\u00a0<em>l&rsquo;id\u00e9e que l&rsquo;Union europ\u00e9enne exploite les mines de l&rsquo;est du Congo \u00e0 son b\u00e9n\u00e9fice<\/em>\u00a0\u00bb est une rh\u00e9torique populiste r\u00e9currente dans le pays.<\/p>\n\n\n\n<p class=\"wp-block-paragraph\">Le 1er janvier 2021, un&nbsp;<a href=\"https:\/\/ec.europa.eu\/trade\/policy\/in-focus\/conflict-minerals-regulation\/regulation-explained\/index_fr.htm#:~:text=Les%20importateurs%20d'%C3%A9tain%2C%20de%20tantale%2C%20de%20tungst%C3%A8ne%20et,d'autres%20activit%C3%A9s%20ill%C3%A9gales%20connexes.\">nouveau r\u00e8glement europ\u00e9en relatif&nbsp; aux minerais provenant de zones de conflit<\/a>&nbsp;est d&rsquo;ailleurs entr\u00e9 en vigueur pour \u00ab\u00a0<em>endiguer le commerce de quatre minerais &#8211; l\u2019\u00e9tain, le tantale, le tungst\u00e8ne et l\u2019or&nbsp;<\/em>[trois minerais que l&rsquo;on trouve dans le sous-sol de RDC]<em>&nbsp;&#8211; dont l\u2019exploitation finance parfois des conflits arm\u00e9s ou passe par le travail forc\u00e9<\/em>\u00ab\u00a0.&nbsp;<\/p>\n\n\n\n<p class=\"wp-block-paragraph\">Depuis cette date, les 6.000 \u00e0 10.000 importateurs europ\u00e9ens de ces minerais doivent \u00ab\u00a0<em>contr\u00f4ler leur approvisionnement pour s\u2019assurer que ce qu\u2019ils ach\u00e8tent n\u2019a pas \u00e9t\u00e9 produit de mani\u00e8re \u00e0 financer des conflits ou d\u2019autres activit\u00e9s ill\u00e9gales connexes<\/em>\u00ab\u00a0.\u00a0<\/p>\n\n\n\n<p class=\"wp-block-paragraph\"><strong>AFPfactuel<\/strong><\/p>\n","protected":false,"gt_translate_keys":[{"key":"rendered","format":"html"}]},"excerpt":{"rendered":"<p>Des internautes pr\u00e9tendent, photo \u00e0 l&rsquo;appui, que l&rsquo;ambassadeur italien en R\u00e9publique d\u00e9mocratique du Congo (RDC), tu\u00e9 lundi 22 f\u00e9vrier dans une attaque dans l&rsquo;Est du pays, ne se trouvait pas dans la r\u00e9gion pour accompagner une \u00ab\u00a0mission humanitaire\u00a0\u00bb mais pour \u00ab\u00a0visiter des sites miniers\u00ab\u00a0. C&rsquo;est faux: le diplomate a bel et bien visit\u00e9\u00a0avant sa mort un projet du Programme alimentaire mondial (PAM), comme l&rsquo;ont confirm\u00e9 plusieurs sources \u00e0 l&rsquo;AFP. La photo, quant \u00e0 elle, n\u2019a pas \u00e9t\u00e9 prise dans une mine, mais dans une localit\u00e9 situ\u00e9e pr\u00e8s du village o\u00f9&hellip;<\/p>\n","protected":false,"gt_translate_keys":[{"key":"rendered","format":"html"}]},"author":1,"featured_media":6575,"comment_status":"open","ping_status":"open","sticky":false,"template":"","format":"standard","meta":{"_crdt_document":"","footnotes":""},"categories":[199],"tags":[4275],"class_list":["post-6640","post","type-post","status-publish","format-standard","has-post-thumbnail","hentry","category-insecurite","tag-luca-attanasio"],"gutentor_comment":0,"yoast_head":"<!-- This site is optimized with the Yoast SEO plugin v27.5 - https:\/\/yoast.com\/product\/yoast-seo-wordpress\/ -->\n<title>Non, l&#039;ambassadeur italien en RDC n&#039;a pas \u00e9t\u00e9 tu\u00e9 apr\u00e8s avoir visit\u00e9 un &quot;site minier&quot; - Actualit\u00e9s congolaises et internationales<\/title>\n<meta name=\"robots\" content=\"index, follow, max-snippet:-1, max-image-preview:large, max-video-preview:-1\" \/>\n<link rel=\"canonical\" href=\"https:\/\/congovirtuel.com\/information\/non-lambassadeur-italien-en-rdc-na-pas-ete-tue-apres-avoir-visite-un-site-minier\/\" \/>\n<meta property=\"og:locale\" content=\"fr_FR\" \/>\n<meta property=\"og:type\" content=\"article\" \/>\n<meta property=\"og:title\" content=\"Non, l&#039;ambassadeur italien en RDC n&#039;a pas \u00e9t\u00e9 tu\u00e9 apr\u00e8s avoir visit\u00e9 un &quot;site minier&quot; - Actualit\u00e9s congolaises et internationales\" \/>\n<meta property=\"og:description\" content=\"Des internautes pr\u00e9tendent, photo \u00e0 l&rsquo;appui, que l&rsquo;ambassadeur italien en R\u00e9publique d\u00e9mocratique du Congo (RDC), tu\u00e9 lundi 22 f\u00e9vrier dans une attaque dans l&rsquo;Est du pays, ne se trouvait pas dans la r\u00e9gion pour accompagner une \u00ab\u00a0mission humanitaire\u00a0\u00bb mais pour \u00ab\u00a0visiter des sites miniers\u00ab\u00a0. C&rsquo;est faux: le diplomate a bel et bien visit\u00e9\u00a0avant sa mort un projet du Programme alimentaire mondial (PAM), comme l&rsquo;ont confirm\u00e9 plusieurs sources \u00e0 l&rsquo;AFP. La photo, quant \u00e0 elle, n\u2019a pas \u00e9t\u00e9 prise dans une mine, mais dans une localit\u00e9 situ\u00e9e pr\u00e8s du village o\u00f9&hellip;\" \/>\n<meta property=\"og:url\" content=\"https:\/\/congovirtuel.com\/information\/non-lambassadeur-italien-en-rdc-na-pas-ete-tue-apres-avoir-visite-un-site-minier\/\" \/>\n<meta property=\"og:site_name\" content=\"Actualit\u00e9s congolaises et internationales\" \/>\n<meta property=\"article:publisher\" content=\"https:\/\/web.facebook.com\/Congovirtuel-763617960319601\/?ref=aymt_homepage_panel&amp;amp%3bamp%3bamp%3bamp%3bamp%3bamp%3bamp%3bamp%3bamp%3bamp%3bamp%3beid=ARCoxULa66767kIgF_KYav6VdjXTI4yk_LW4yoVO9s6NXpysgb7Cb65vpxcxgqzOAKvIbLQxaAETcqHT\" \/>\n<meta property=\"article:published_time\" content=\"2021-02-28T05:38:50+00:00\" \/>\n<meta property=\"article:modified_time\" content=\"2021-02-28T05:38:58+00:00\" \/>\n<meta property=\"og:image\" content=\"https:\/\/congovirtuel.com\/information\/wp-content\/uploads\/2021\/02\/Hommage_luca_attanasio.jpg\" \/>\n\t<meta property=\"og:image:width\" content=\"616\" \/>\n\t<meta property=\"og:image:height\" content=\"347\" \/>\n\t<meta property=\"og:image:type\" content=\"image\/jpeg\" \/>\n<meta name=\"author\" content=\"infocongovirtuel\" \/>\n<meta name=\"twitter:card\" content=\"summary_large_image\" \/>\n<meta name=\"twitter:creator\" content=\"@congovirtuel\" \/>\n<meta name=\"twitter:site\" content=\"@congovirtuel\" \/>\n<meta name=\"twitter:label1\" content=\"\u00c9crit par\" \/>\n\t<meta name=\"twitter:data1\" content=\"infocongovirtuel\" \/>\n\t<meta name=\"twitter:label2\" content=\"Dur\u00e9e de lecture estim\u00e9e\" \/>\n\t<meta name=\"twitter:data2\" content=\"10 minutes\" \/>\n<script type=\"application\/ld+json\" class=\"yoast-schema-graph\">{\"@context\":\"https:\\\/\\\/schema.org\",\"@graph\":[{\"@type\":\"Article\",\"@id\":\"https:\\\/\\\/congovirtuel.com\\\/information\\\/non-lambassadeur-italien-en-rdc-na-pas-ete-tue-apres-avoir-visite-un-site-minier\\\/#article\",\"isPartOf\":{\"@id\":\"https:\\\/\\\/congovirtuel.com\\\/information\\\/non-lambassadeur-italien-en-rdc-na-pas-ete-tue-apres-avoir-visite-un-site-minier\\\/\"},\"author\":{\"name\":\"infocongovirtuel\",\"@id\":\"https:\\\/\\\/congovirtuel.com\\\/information\\\/#\\\/schema\\\/person\\\/739a44bf7990966cb53d58d2fdeca0b6\"},\"headline\":\"Non, l&rsquo;ambassadeur italien en RDC n&rsquo;a pas \u00e9t\u00e9 tu\u00e9 apr\u00e8s avoir visit\u00e9 un \u00ab\u00a0site minier\u00a0\u00bb\",\"datePublished\":\"2021-02-28T05:38:50+00:00\",\"dateModified\":\"2021-02-28T05:38:58+00:00\",\"mainEntityOfPage\":{\"@id\":\"https:\\\/\\\/congovirtuel.com\\\/information\\\/non-lambassadeur-italien-en-rdc-na-pas-ete-tue-apres-avoir-visite-un-site-minier\\\/\"},\"wordCount\":2222,\"commentCount\":0,\"publisher\":{\"@id\":\"https:\\\/\\\/congovirtuel.com\\\/information\\\/#organization\"},\"image\":{\"@id\":\"https:\\\/\\\/congovirtuel.com\\\/information\\\/non-lambassadeur-italien-en-rdc-na-pas-ete-tue-apres-avoir-visite-un-site-minier\\\/#primaryimage\"},\"thumbnailUrl\":\"https:\\\/\\\/congovirtuel.com\\\/information\\\/wp-content\\\/uploads\\\/2021\\\/02\\\/Hommage_luca_attanasio.jpg\",\"keywords\":[\"Luca Attanasio\"],\"articleSection\":[\"Ins\u00e9curit\u00e9\"],\"inLanguage\":\"fr-FR\",\"potentialAction\":[{\"@type\":\"CommentAction\",\"name\":\"Comment\",\"target\":[\"https:\\\/\\\/congovirtuel.com\\\/information\\\/non-lambassadeur-italien-en-rdc-na-pas-ete-tue-apres-avoir-visite-un-site-minier\\\/#respond\"]}]},{\"@type\":\"WebPage\",\"@id\":\"https:\\\/\\\/congovirtuel.com\\\/information\\\/non-lambassadeur-italien-en-rdc-na-pas-ete-tue-apres-avoir-visite-un-site-minier\\\/\",\"url\":\"https:\\\/\\\/congovirtuel.com\\\/information\\\/non-lambassadeur-italien-en-rdc-na-pas-ete-tue-apres-avoir-visite-un-site-minier\\\/\",\"name\":\"Non, l'ambassadeur italien en RDC n'a pas \u00e9t\u00e9 tu\u00e9 apr\u00e8s avoir visit\u00e9 un \\\"site minier\\\" - Actualit\u00e9s congolaises et internationales\",\"isPartOf\":{\"@id\":\"https:\\\/\\\/congovirtuel.com\\\/information\\\/#website\"},\"primaryImageOfPage\":{\"@id\":\"https:\\\/\\\/congovirtuel.com\\\/information\\\/non-lambassadeur-italien-en-rdc-na-pas-ete-tue-apres-avoir-visite-un-site-minier\\\/#primaryimage\"},\"image\":{\"@id\":\"https:\\\/\\\/congovirtuel.com\\\/information\\\/non-lambassadeur-italien-en-rdc-na-pas-ete-tue-apres-avoir-visite-un-site-minier\\\/#primaryimage\"},\"thumbnailUrl\":\"https:\\\/\\\/congovirtuel.com\\\/information\\\/wp-content\\\/uploads\\\/2021\\\/02\\\/Hommage_luca_attanasio.jpg\",\"datePublished\":\"2021-02-28T05:38:50+00:00\",\"dateModified\":\"2021-02-28T05:38:58+00:00\",\"breadcrumb\":{\"@id\":\"https:\\\/\\\/congovirtuel.com\\\/information\\\/non-lambassadeur-italien-en-rdc-na-pas-ete-tue-apres-avoir-visite-un-site-minier\\\/#breadcrumb\"},\"inLanguage\":\"fr-FR\",\"potentialAction\":[{\"@type\":\"ReadAction\",\"target\":[\"https:\\\/\\\/congovirtuel.com\\\/information\\\/non-lambassadeur-italien-en-rdc-na-pas-ete-tue-apres-avoir-visite-un-site-minier\\\/\"]}]},{\"@type\":\"ImageObject\",\"inLanguage\":\"fr-FR\",\"@id\":\"https:\\\/\\\/congovirtuel.com\\\/information\\\/non-lambassadeur-italien-en-rdc-na-pas-ete-tue-apres-avoir-visite-un-site-minier\\\/#primaryimage\",\"url\":\"https:\\\/\\\/congovirtuel.com\\\/information\\\/wp-content\\\/uploads\\\/2021\\\/02\\\/Hommage_luca_attanasio.jpg\",\"contentUrl\":\"https:\\\/\\\/congovirtuel.com\\\/information\\\/wp-content\\\/uploads\\\/2021\\\/02\\\/Hommage_luca_attanasio.jpg\",\"width\":616,\"height\":347,\"caption\":\"Hommage_luca_attanasio\"},{\"@type\":\"BreadcrumbList\",\"@id\":\"https:\\\/\\\/congovirtuel.com\\\/information\\\/non-lambassadeur-italien-en-rdc-na-pas-ete-tue-apres-avoir-visite-un-site-minier\\\/#breadcrumb\",\"itemListElement\":[{\"@type\":\"ListItem\",\"position\":1,\"name\":\"Accueil\",\"item\":\"https:\\\/\\\/congovirtuel.com\\\/information\\\/\"},{\"@type\":\"ListItem\",\"position\":2,\"name\":\"Non, l&rsquo;ambassadeur italien en RDC n&rsquo;a pas \u00e9t\u00e9 tu\u00e9 apr\u00e8s avoir visit\u00e9 un \u00ab\u00a0site minier\u00a0\u00bb\"}]},{\"@type\":\"WebSite\",\"@id\":\"https:\\\/\\\/congovirtuel.com\\\/information\\\/#website\",\"url\":\"https:\\\/\\\/congovirtuel.com\\\/information\\\/\",\"name\":\"Actualit\u00e9s congolaises et internationales\",\"description\":\"site d&#039;analyse et de traitement d&#039;information\",\"publisher\":{\"@id\":\"https:\\\/\\\/congovirtuel.com\\\/information\\\/#organization\"},\"potentialAction\":[{\"@type\":\"SearchAction\",\"target\":{\"@type\":\"EntryPoint\",\"urlTemplate\":\"https:\\\/\\\/congovirtuel.com\\\/information\\\/?s={search_term_string}\"},\"query-input\":{\"@type\":\"PropertyValueSpecification\",\"valueRequired\":true,\"valueName\":\"search_term_string\"}}],\"inLanguage\":\"fr-FR\"},{\"@type\":\"Organization\",\"@id\":\"https:\\\/\\\/congovirtuel.com\\\/information\\\/#organization\",\"name\":\"Biblioth\u00e8que Virtuelle de la RDC\",\"url\":\"https:\\\/\\\/congovirtuel.com\\\/information\\\/\",\"logo\":{\"@type\":\"ImageObject\",\"inLanguage\":\"fr-FR\",\"@id\":\"https:\\\/\\\/congovirtuel.com\\\/information\\\/#\\\/schema\\\/logo\\\/image\\\/\",\"url\":\"https:\\\/\\\/congovirtuel.com\\\/information\\\/wp-content\\\/uploads\\\/2018\\\/10\\\/header-info-congovirtuel-vraie.jpg\",\"contentUrl\":\"https:\\\/\\\/congovirtuel.com\\\/information\\\/wp-content\\\/uploads\\\/2018\\\/10\\\/header-info-congovirtuel-vraie.jpg\",\"width\":728,\"height\":90,\"caption\":\"Biblioth\u00e8que Virtuelle de la RDC\"},\"image\":{\"@id\":\"https:\\\/\\\/congovirtuel.com\\\/information\\\/#\\\/schema\\\/logo\\\/image\\\/\"},\"sameAs\":[\"https:\\\/\\\/web.facebook.com\\\/Congovirtuel-763617960319601\\\/?ref=aymt_homepage_panel&amp;amp;amp;amp;amp;amp;amp;amp;amp;amp;amp;eid=ARCoxULa66767kIgF_KYav6VdjXTI4yk_LW4yoVO9s6NXpysgb7Cb65vpxcxgqzOAKvIbLQxaAETcqHT\",\"https:\\\/\\\/x.com\\\/congovirtuel\",\"https:\\\/\\\/www.youtube.com\\\/channel\\\/UCkFfprYzGgS3EWNpeMXpToQ?view_as=subscriber\"]},{\"@type\":\"Person\",\"@id\":\"https:\\\/\\\/congovirtuel.com\\\/information\\\/#\\\/schema\\\/person\\\/739a44bf7990966cb53d58d2fdeca0b6\",\"name\":\"infocongovirtuel\",\"image\":{\"@type\":\"ImageObject\",\"inLanguage\":\"fr-FR\",\"@id\":\"https:\\\/\\\/secure.gravatar.com\\\/avatar\\\/4d76991aa72469f0eb22e772586c99113c6997f88da636a9db8f2ce3a2c05e69?s=96&d=mm&r=g\",\"url\":\"https:\\\/\\\/secure.gravatar.com\\\/avatar\\\/4d76991aa72469f0eb22e772586c99113c6997f88da636a9db8f2ce3a2c05e69?s=96&d=mm&r=g\",\"contentUrl\":\"https:\\\/\\\/secure.gravatar.com\\\/avatar\\\/4d76991aa72469f0eb22e772586c99113c6997f88da636a9db8f2ce3a2c05e69?s=96&d=mm&r=g\",\"caption\":\"infocongovirtuel\"},\"url\":\"https:\\\/\\\/congovirtuel.com\\\/information\\\/author\\\/infocongovirtuel\\\/\"}]}<\/script>\n<!-- \/ Yoast SEO plugin. -->","yoast_head_json":{"title":"Non, l'ambassadeur italien en RDC n'a pas \u00e9t\u00e9 tu\u00e9 apr\u00e8s avoir visit\u00e9 un \"site minier\" - Actualit\u00e9s congolaises et internationales","robots":{"index":"index","follow":"follow","max-snippet":"max-snippet:-1","max-image-preview":"max-image-preview:large","max-video-preview":"max-video-preview:-1"},"canonical":"https:\/\/congovirtuel.com\/information\/non-lambassadeur-italien-en-rdc-na-pas-ete-tue-apres-avoir-visite-un-site-minier\/","og_locale":"fr_FR","og_type":"article","og_title":"Non, l'ambassadeur italien en RDC n'a pas \u00e9t\u00e9 tu\u00e9 apr\u00e8s avoir visit\u00e9 un \"site minier\" - Actualit\u00e9s congolaises et internationales","og_description":"Des internautes pr\u00e9tendent, photo \u00e0 l&rsquo;appui, que l&rsquo;ambassadeur italien en R\u00e9publique d\u00e9mocratique du Congo (RDC), tu\u00e9 lundi 22 f\u00e9vrier dans une attaque dans l&rsquo;Est du pays, ne se trouvait pas dans la r\u00e9gion pour accompagner une \u00ab\u00a0mission humanitaire\u00a0\u00bb mais pour \u00ab\u00a0visiter des sites miniers\u00ab\u00a0. C&rsquo;est faux: le diplomate a bel et bien visit\u00e9\u00a0avant sa mort un projet du Programme alimentaire mondial (PAM), comme l&rsquo;ont confirm\u00e9 plusieurs sources \u00e0 l&rsquo;AFP. La photo, quant \u00e0 elle, n\u2019a pas \u00e9t\u00e9 prise dans une mine, mais dans une localit\u00e9 situ\u00e9e pr\u00e8s du village o\u00f9&hellip;","og_url":"https:\/\/congovirtuel.com\/information\/non-lambassadeur-italien-en-rdc-na-pas-ete-tue-apres-avoir-visite-un-site-minier\/","og_site_name":"Actualit\u00e9s congolaises et internationales","article_publisher":"https:\/\/web.facebook.com\/Congovirtuel-763617960319601\/?ref=aymt_homepage_panel&amp%3bamp%3bamp%3bamp%3bamp%3bamp%3bamp%3bamp%3bamp%3bamp%3bamp%3beid=ARCoxULa66767kIgF_KYav6VdjXTI4yk_LW4yoVO9s6NXpysgb7Cb65vpxcxgqzOAKvIbLQxaAETcqHT","article_published_time":"2021-02-28T05:38:50+00:00","article_modified_time":"2021-02-28T05:38:58+00:00","og_image":[{"width":616,"height":347,"url":"https:\/\/congovirtuel.com\/information\/wp-content\/uploads\/2021\/02\/Hommage_luca_attanasio.jpg","type":"image\/jpeg"}],"author":"infocongovirtuel","twitter_card":"summary_large_image","twitter_creator":"@congovirtuel","twitter_site":"@congovirtuel","twitter_misc":{"\u00c9crit par":"infocongovirtuel","Dur\u00e9e de lecture estim\u00e9e":"10 minutes"},"schema":{"@context":"https:\/\/schema.org","@graph":[{"@type":"Article","@id":"https:\/\/congovirtuel.com\/information\/non-lambassadeur-italien-en-rdc-na-pas-ete-tue-apres-avoir-visite-un-site-minier\/#article","isPartOf":{"@id":"https:\/\/congovirtuel.com\/information\/non-lambassadeur-italien-en-rdc-na-pas-ete-tue-apres-avoir-visite-un-site-minier\/"},"author":{"name":"infocongovirtuel","@id":"https:\/\/congovirtuel.com\/information\/#\/schema\/person\/739a44bf7990966cb53d58d2fdeca0b6"},"headline":"Non, l&rsquo;ambassadeur italien en RDC n&rsquo;a pas \u00e9t\u00e9 tu\u00e9 apr\u00e8s avoir visit\u00e9 un \u00ab\u00a0site minier\u00a0\u00bb","datePublished":"2021-02-28T05:38:50+00:00","dateModified":"2021-02-28T05:38:58+00:00","mainEntityOfPage":{"@id":"https:\/\/congovirtuel.com\/information\/non-lambassadeur-italien-en-rdc-na-pas-ete-tue-apres-avoir-visite-un-site-minier\/"},"wordCount":2222,"commentCount":0,"publisher":{"@id":"https:\/\/congovirtuel.com\/information\/#organization"},"image":{"@id":"https:\/\/congovirtuel.com\/information\/non-lambassadeur-italien-en-rdc-na-pas-ete-tue-apres-avoir-visite-un-site-minier\/#primaryimage"},"thumbnailUrl":"https:\/\/congovirtuel.com\/information\/wp-content\/uploads\/2021\/02\/Hommage_luca_attanasio.jpg","keywords":["Luca Attanasio"],"articleSection":["Ins\u00e9curit\u00e9"],"inLanguage":"fr-FR","potentialAction":[{"@type":"CommentAction","name":"Comment","target":["https:\/\/congovirtuel.com\/information\/non-lambassadeur-italien-en-rdc-na-pas-ete-tue-apres-avoir-visite-un-site-minier\/#respond"]}]},{"@type":"WebPage","@id":"https:\/\/congovirtuel.com\/information\/non-lambassadeur-italien-en-rdc-na-pas-ete-tue-apres-avoir-visite-un-site-minier\/","url":"https:\/\/congovirtuel.com\/information\/non-lambassadeur-italien-en-rdc-na-pas-ete-tue-apres-avoir-visite-un-site-minier\/","name":"Non, l'ambassadeur italien en RDC n'a pas \u00e9t\u00e9 tu\u00e9 apr\u00e8s avoir visit\u00e9 un \"site minier\" - Actualit\u00e9s congolaises et internationales","isPartOf":{"@id":"https:\/\/congovirtuel.com\/information\/#website"},"primaryImageOfPage":{"@id":"https:\/\/congovirtuel.com\/information\/non-lambassadeur-italien-en-rdc-na-pas-ete-tue-apres-avoir-visite-un-site-minier\/#primaryimage"},"image":{"@id":"https:\/\/congovirtuel.com\/information\/non-lambassadeur-italien-en-rdc-na-pas-ete-tue-apres-avoir-visite-un-site-minier\/#primaryimage"},"thumbnailUrl":"https:\/\/congovirtuel.com\/information\/wp-content\/uploads\/2021\/02\/Hommage_luca_attanasio.jpg","datePublished":"2021-02-28T05:38:50+00:00","dateModified":"2021-02-28T05:38:58+00:00","breadcrumb":{"@id":"https:\/\/congovirtuel.com\/information\/non-lambassadeur-italien-en-rdc-na-pas-ete-tue-apres-avoir-visite-un-site-minier\/#breadcrumb"},"inLanguage":"fr-FR","potentialAction":[{"@type":"ReadAction","target":["https:\/\/congovirtuel.com\/information\/non-lambassadeur-italien-en-rdc-na-pas-ete-tue-apres-avoir-visite-un-site-minier\/"]}]},{"@type":"ImageObject","inLanguage":"fr-FR","@id":"https:\/\/congovirtuel.com\/information\/non-lambassadeur-italien-en-rdc-na-pas-ete-tue-apres-avoir-visite-un-site-minier\/#primaryimage","url":"https:\/\/congovirtuel.com\/information\/wp-content\/uploads\/2021\/02\/Hommage_luca_attanasio.jpg","contentUrl":"https:\/\/congovirtuel.com\/information\/wp-content\/uploads\/2021\/02\/Hommage_luca_attanasio.jpg","width":616,"height":347,"caption":"Hommage_luca_attanasio"},{"@type":"BreadcrumbList","@id":"https:\/\/congovirtuel.com\/information\/non-lambassadeur-italien-en-rdc-na-pas-ete-tue-apres-avoir-visite-un-site-minier\/#breadcrumb","itemListElement":[{"@type":"ListItem","position":1,"name":"Accueil","item":"https:\/\/congovirtuel.com\/information\/"},{"@type":"ListItem","position":2,"name":"Non, l&rsquo;ambassadeur italien en RDC n&rsquo;a pas \u00e9t\u00e9 tu\u00e9 apr\u00e8s avoir visit\u00e9 un \u00ab\u00a0site minier\u00a0\u00bb"}]},{"@type":"WebSite","@id":"https:\/\/congovirtuel.com\/information\/#website","url":"https:\/\/congovirtuel.com\/information\/","name":"Actualit\u00e9s congolaises et internationales","description":"site d&#039;analyse et de traitement d&#039;information","publisher":{"@id":"https:\/\/congovirtuel.com\/information\/#organization"},"potentialAction":[{"@type":"SearchAction","target":{"@type":"EntryPoint","urlTemplate":"https:\/\/congovirtuel.com\/information\/?s={search_term_string}"},"query-input":{"@type":"PropertyValueSpecification","valueRequired":true,"valueName":"search_term_string"}}],"inLanguage":"fr-FR"},{"@type":"Organization","@id":"https:\/\/congovirtuel.com\/information\/#organization","name":"Biblioth\u00e8que Virtuelle de la RDC","url":"https:\/\/congovirtuel.com\/information\/","logo":{"@type":"ImageObject","inLanguage":"fr-FR","@id":"https:\/\/congovirtuel.com\/information\/#\/schema\/logo\/image\/","url":"https:\/\/congovirtuel.com\/information\/wp-content\/uploads\/2018\/10\/header-info-congovirtuel-vraie.jpg","contentUrl":"https:\/\/congovirtuel.com\/information\/wp-content\/uploads\/2018\/10\/header-info-congovirtuel-vraie.jpg","width":728,"height":90,"caption":"Biblioth\u00e8que Virtuelle de la RDC"},"image":{"@id":"https:\/\/congovirtuel.com\/information\/#\/schema\/logo\/image\/"},"sameAs":["https:\/\/web.facebook.com\/Congovirtuel-763617960319601\/?ref=aymt_homepage_panel&amp;amp;amp;amp;amp;amp;amp;amp;amp;amp;amp;eid=ARCoxULa66767kIgF_KYav6VdjXTI4yk_LW4yoVO9s6NXpysgb7Cb65vpxcxgqzOAKvIbLQxaAETcqHT","https:\/\/x.com\/congovirtuel","https:\/\/www.youtube.com\/channel\/UCkFfprYzGgS3EWNpeMXpToQ?view_as=subscriber"]},{"@type":"Person","@id":"https:\/\/congovirtuel.com\/information\/#\/schema\/person\/739a44bf7990966cb53d58d2fdeca0b6","name":"infocongovirtuel","image":{"@type":"ImageObject","inLanguage":"fr-FR","@id":"https:\/\/secure.gravatar.com\/avatar\/4d76991aa72469f0eb22e772586c99113c6997f88da636a9db8f2ce3a2c05e69?s=96&d=mm&r=g","url":"https:\/\/secure.gravatar.com\/avatar\/4d76991aa72469f0eb22e772586c99113c6997f88da636a9db8f2ce3a2c05e69?s=96&d=mm&r=g","contentUrl":"https:\/\/secure.gravatar.com\/avatar\/4d76991aa72469f0eb22e772586c99113c6997f88da636a9db8f2ce3a2c05e69?s=96&d=mm&r=g","caption":"infocongovirtuel"},"url":"https:\/\/congovirtuel.com\/information\/author\/infocongovirtuel\/"}]}},"gt_translate_keys":[{"key":"link","format":"url"}],"_links":{"self":[{"href":"https:\/\/congovirtuel.com\/information\/wp-json\/wp\/v2\/posts\/6640","targetHints":{"allow":["GET"]}}],"collection":[{"href":"https:\/\/congovirtuel.com\/information\/wp-json\/wp\/v2\/posts"}],"about":[{"href":"https:\/\/congovirtuel.com\/information\/wp-json\/wp\/v2\/types\/post"}],"author":[{"embeddable":true,"href":"https:\/\/congovirtuel.com\/information\/wp-json\/wp\/v2\/users\/1"}],"replies":[{"embeddable":true,"href":"https:\/\/congovirtuel.com\/information\/wp-json\/wp\/v2\/comments?post=6640"}],"version-history":[{"count":1,"href":"https:\/\/congovirtuel.com\/information\/wp-json\/wp\/v2\/posts\/6640\/revisions"}],"predecessor-version":[{"id":6641,"href":"https:\/\/congovirtuel.com\/information\/wp-json\/wp\/v2\/posts\/6640\/revisions\/6641"}],"wp:featuredmedia":[{"embeddable":true,"href":"https:\/\/congovirtuel.com\/information\/wp-json\/wp\/v2\/media\/6575"}],"wp:attachment":[{"href":"https:\/\/congovirtuel.com\/information\/wp-json\/wp\/v2\/media?parent=6640"}],"wp:term":[{"taxonomy":"category","embeddable":true,"href":"https:\/\/congovirtuel.com\/information\/wp-json\/wp\/v2\/categories?post=6640"},{"taxonomy":"post_tag","embeddable":true,"href":"https:\/\/congovirtuel.com\/information\/wp-json\/wp\/v2\/tags?post=6640"}],"curies":[{"name":"wp","href":"https:\/\/api.w.org\/{rel}","templated":true}]}}