{"id":6678,"date":"2021-03-02T06:21:04","date_gmt":"2021-03-02T05:21:04","guid":{"rendered":"https:\/\/congovirtuel.com\/information\/?p=6678"},"modified":"2021-03-02T06:21:09","modified_gmt":"2021-03-02T05:21:09","slug":"du-1er-au-7-mars-la-rdc-accueille-ses-premieres-doses-de-vaccin-contre-la-covid-19","status":"publish","type":"post","link":"https:\/\/congovirtuel.com\/information\/du-1er-au-7-mars-la-rdc-accueille-ses-premieres-doses-de-vaccin-contre-la-covid-19\/","title":{"rendered":"Du 1er au 7 mars : La RDC accueille ses premi\u00e8res doses de vaccin contre la Covid-19","gt_translate_keys":[{"key":"rendered","format":"text"}]},"content":{"rendered":"\n<p class=\"wp-block-paragraph\"><strong><em>La premi\u00e8re campagne de vaccination visera le personnel soignant, les personnes \u00e2g\u00e9es et celles pr\u00e9sentant un haut risque notamment une comorbidit\u00e9 Covid- hypertension- diab\u00e8te.<\/em><\/strong><\/p>\n\n\n\n<p class=\"wp-block-paragraph\">La R\u00e9publique d\u00e9mocratique du Congo accueillera du 1er au 7 mars prochain ses premi\u00e8res doses de vaccin contre la covid-19. L\u2019information a \u00e9t\u00e9 donn\u00e9e samedi 27 f\u00e9vrier \u00e0 Kinshasa par le directeur du Programme \u00e9largi de vaccination, Elisabeth Mukamba. C\u2019\u00e9tait au cours d\u2019un atelier organis\u00e9 par le Programme \u00e9largi de vaccination, sous l\u2019encadrement du minist\u00e8re de la Sant\u00e9, sur la mise en place des strat\u00e9gies de communication pour l\u2019introduction du vaccin contre la pand\u00e9mie.<\/p>\n\n\n\n<p class=\"wp-block-paragraph\">\u00c0 en croire le directeur du Programme \u00e9largi de vaccination, Elisabeth Mukamba, la premi\u00e8re campagne de vaccination visera le personnel soignant, les personnes \u00e2g\u00e9es et celles pr\u00e9sentant un haut risque notamment une comorbidit\u00e9 Covid- hypertension- diab\u00e8te.<\/p>\n\n\n\n<p class=\"wp-block-paragraph\">\u00ab&nbsp;<em>Nous nous sommes r\u00e9unis pour \u00e9changer et trouver un consensus sur la mani\u00e8re dont l\u2019un des axes pour la lutte contre la Covid va \u00eatre int\u00e9gr\u00e9 dans le syst\u00e8me de sant\u00e9. Cet axe c\u2019est la vaccination contre la maladie \u00e0 coronavirus. Donc, c\u2019\u00e9tait essentiellement retenir le genre de site de vaccination, comment on va les implanter en RDC, comment au niveau du site les t\u00e2ches seront r\u00e9parties, comment on va identifier les cibles prioritaires \u00bb<\/em>, a-t-elle expliqu\u00e9.<\/p>\n\n\n\n<p class=\"wp-block-paragraph\">Le directeur du Programme \u00e9largi de vaccination a \u00e9galement pr\u00e9cis\u00e9 que ce n\u2019est pas tout le monde qui va b\u00e9n\u00e9ficier de cette vaccination. &nbsp;\u00ab&nbsp;<em>D\u2019abord, ce n\u2019est pas une vaccination qui est obligatoire. Mais, il y a des personnes qui sont des personnes \u00e0 risque. A risque de d\u00e9velopper des formes s\u00e9v\u00e8res et m\u00eame mourir de la maladie. Et c\u2019est prioritairement, ces personnes-l\u00e0 que nous ciblons. Le personnel de sant\u00e9 qui est chaque jour en contact avec les malades, les personnes \u00e2g\u00e9es et les personnes qui vivent avec comorbidit\u00e9. Voil\u00e0, il fallait maintenant qu\u2019on d\u00e9finisse comment on va pouvoir vacciner ces personnes \u00bb,&nbsp;<\/em>a-t-elle expliqu\u00e9.<\/p>\n\n\n\n<p class=\"wp-block-paragraph\">C\u2019est au d\u00e9but du mois de f\u00e9vrier que la R\u00e9publique d\u00e9mocratique du Congo (RDC) a lanc\u00e9 une campagne de sensibilisation et d\u2019explication \u00e0 la population pour promouvoir le vaccin contre le coronavirus, dans un pays o\u00f9 cette question est sensible.<\/p>\n\n\n\n<p class=\"wp-block-paragraph\">Le ministre de la Sant\u00e9, le Dr Eteni Longondo, avait d\u00e9clar\u00e9 qu\u2019on devait bient\u00f4t pr\u00e9senter \u00e0 la population le vaccin, et commencer la campagne (de sensibilisation \u00e0 la) vaccination<\/p>\n\n\n\n<p class=\"wp-block-paragraph\">\u00ab Et nous pensons que nous allons bient\u00f4t introduire le vaccin ici, \u00e9videmment apr\u00e8s avoir fait des analyses approfondies \u00bb, avait-il ajout\u00e9, sans r\u00e9v\u00e9ler le nom du vaccin choisi ni la date du d\u00e9but de la vaccination effective.<\/p>\n\n\n\n<p class=\"wp-block-paragraph\">La vaccination contre le coronavirus est un sujet tr\u00e8s d\u00e9licat en RDC, o\u00f9 la m\u00e9fiance envers le vaccin est r\u00e9pandue. Dans ce contexte, des nombreux messages \u00e9voquant des th\u00e9ories du complot sont r\u00e9guli\u00e8rement partag\u00e9s dans les r\u00e9seaux sociaux.<\/p>\n\n\n\n<p class=\"wp-block-paragraph\">Le vaccin contre la Covid-19&nbsp;<em>\u00ab c\u2019est une voie in\u00e9vitable maintenant. M\u00eame si ce n\u2019est pas obligatoire pour la population (\u2026), c\u2019est une voie n\u00e9cessaire qui peut sauver des vies<\/em>&nbsp;\u00bb, avait dit le Dr Longondo.<\/p>\n\n\n\n<p class=\"wp-block-paragraph\">Les premiers cas de coronavirus ont \u00e9t\u00e9 diagnostiqu\u00e9s en RDC le 10 mars 2020. Depuis, 25. 961 cas ont \u00e9t\u00e9 confirm\u00e9s, 6303 actifs, 18951 gu\u00e9ris, 707 d\u00e9c\u00e8s, selon le dernier bilan officiel publi\u00e9 le dimanche 28 f\u00e9vrier 2021. Sur les 26 provinces du pays, 23 sont touch\u00e9es par la pand\u00e9mie, la capitale Kinshasa \u00e9tant en t\u00eate des contaminations.<\/p>\n\n\n\n<p class=\"wp-block-paragraph\">Le 11 janvier, le pr\u00e9sident F\u00e9lix Tshisekedi avait salu\u00e9 deux \u00ab produits congolais \u00bb cens\u00e9s traiter le coronavirus.<\/p>\n\n\n\n<p class=\"wp-block-paragraph\">\u00ab&nbsp;<em>Le vaccin est un passage oblig\u00e9. Mais nous privil\u00e9gions aussi le traitement curatif. Je crois que nous avons deux produits qui promettent en tout cas par les premiers r\u00e9sultats qu\u2019ils montrent. Ce sont des produits congolais<\/em>&nbsp;\u00bb, avait-il d\u00e9clar\u00e9.<\/p>\n\n\n\n<p class=\"wp-block-paragraph\">A Kinshasa, l\u2019un de ces produits, le \u00ab Manacovid \u00bb se vend en pharmacie sans ordonnance.<\/p>\n\n\n\n<p class=\"wp-block-paragraph\">L\u2019Organisation mondiale de la Sant\u00e9 (OMS) avait accueilli ces annonces pr\u00e9sidentielles avec prudence. \u00ab&nbsp;<em>Les essais cliniques sont essentiels pour fournir des preuves scientifiques sur la s\u00e9curit\u00e9, l\u2019efficacit\u00e9 et la qualit\u00e9 de tous les m\u00e9dicaments, que l\u2019approche soit traditionnelle ou moderne \u00bb<\/em>, avait soulign\u00e9 l\u2019OMS.<\/p>\n\n\n\n<p class=\"wp-block-paragraph\">Par ailleurs, le ministre de la Sant\u00e9 avait annonc\u00e9 la \u00ab r\u00e9surgence \u00bb d\u2019Ebola dans une r\u00e9gion de l\u2019Est du pays, o\u00f9 l\u2019OMS a d\u00e9p\u00each\u00e9 une \u00e9quipe d\u2019\u00e9pid\u00e9miologistes apr\u00e8s la mort d\u2019une femme de 42 ans de cette maladie, trois mois apr\u00e8s la d\u00e9claration de la fin d\u2019une pr\u00e9c\u00e9dente \u00e9pid\u00e9mie, la onzi\u00e8me \u00e0 frapper l\u2019ex-Za\u00efre.<\/p>\n\n\n\n<p class=\"wp-block-paragraph\"><strong>Le potentiel<\/strong><\/p>\n","protected":false,"gt_translate_keys":[{"key":"rendered","format":"html"}]},"excerpt":{"rendered":"<p>La premi\u00e8re campagne de vaccination visera le personnel soignant, les personnes \u00e2g\u00e9es et celles pr\u00e9sentant un haut risque notamment une comorbidit\u00e9 Covid- hypertension- diab\u00e8te. La R\u00e9publique d\u00e9mocratique du Congo accueillera du 1er au 7 mars prochain ses premi\u00e8res doses de vaccin contre la covid-19. L\u2019information a \u00e9t\u00e9 donn\u00e9e samedi 27 f\u00e9vrier \u00e0 Kinshasa par le directeur du Programme \u00e9largi de vaccination, Elisabeth Mukamba. C\u2019\u00e9tait au cours d\u2019un atelier organis\u00e9 par le Programme \u00e9largi de vaccination, sous l\u2019encadrement du minist\u00e8re de la Sant\u00e9, sur la mise en place des strat\u00e9gies de&hellip;<\/p>\n","protected":false,"gt_translate_keys":[{"key":"rendered","format":"html"}]},"author":1,"featured_media":6680,"comment_status":"open","ping_status":"open","sticky":false,"template":"","format":"standard","meta":{"_crdt_document":"","footnotes":""},"categories":[221],"tags":[5830],"class_list":["post-6678","post","type-post","status-publish","format-standard","has-post-thumbnail","hentry","category-vaccin","tag-vaccin-covid-rdc"],"gutentor_comment":0,"yoast_head":"<!-- This site is optimized with the Yoast SEO plugin v27.5 - https:\/\/yoast.com\/product\/yoast-seo-wordpress\/ -->\n<title>Du 1er au 7 mars : La RDC accueille ses premi\u00e8res doses de vaccin contre la Covid-19 - Actualit\u00e9s congolaises et internationales<\/title>\n<meta name=\"robots\" content=\"index, follow, max-snippet:-1, max-image-preview:large, max-video-preview:-1\" \/>\n<link rel=\"canonical\" href=\"https:\/\/congovirtuel.com\/information\/du-1er-au-7-mars-la-rdc-accueille-ses-premieres-doses-de-vaccin-contre-la-covid-19\/\" \/>\n<meta property=\"og:locale\" content=\"fr_FR\" \/>\n<meta property=\"og:type\" content=\"article\" \/>\n<meta property=\"og:title\" content=\"Du 1er au 7 mars : La RDC accueille ses premi\u00e8res doses de vaccin contre la Covid-19 - Actualit\u00e9s congolaises et internationales\" \/>\n<meta property=\"og:description\" content=\"La premi\u00e8re campagne de vaccination visera le personnel soignant, les personnes \u00e2g\u00e9es et celles pr\u00e9sentant un haut risque notamment une comorbidit\u00e9 Covid- hypertension- diab\u00e8te. La R\u00e9publique d\u00e9mocratique du Congo accueillera du 1er au 7 mars prochain ses premi\u00e8res doses de vaccin contre la covid-19. L\u2019information a \u00e9t\u00e9 donn\u00e9e samedi 27 f\u00e9vrier \u00e0 Kinshasa par le directeur du Programme \u00e9largi de vaccination, Elisabeth Mukamba. C\u2019\u00e9tait au cours d\u2019un atelier organis\u00e9 par le Programme \u00e9largi de vaccination, sous l\u2019encadrement du minist\u00e8re de la Sant\u00e9, sur la mise en place des strat\u00e9gies de&hellip;\" \/>\n<meta property=\"og:url\" content=\"https:\/\/congovirtuel.com\/information\/du-1er-au-7-mars-la-rdc-accueille-ses-premieres-doses-de-vaccin-contre-la-covid-19\/\" \/>\n<meta property=\"og:site_name\" content=\"Actualit\u00e9s congolaises et internationales\" \/>\n<meta property=\"article:publisher\" content=\"https:\/\/web.facebook.com\/Congovirtuel-763617960319601\/?ref=aymt_homepage_panel&amp;amp%3bamp%3bamp%3bamp%3bamp%3bamp%3bamp%3bamp%3bamp%3bamp%3bamp%3beid=ARCoxULa66767kIgF_KYav6VdjXTI4yk_LW4yoVO9s6NXpysgb7Cb65vpxcxgqzOAKvIbLQxaAETcqHT\" \/>\n<meta property=\"article:published_time\" content=\"2021-03-02T05:21:04+00:00\" \/>\n<meta property=\"article:modified_time\" content=\"2021-03-02T05:21:09+00:00\" \/>\n<meta property=\"og:image\" content=\"https:\/\/congovirtuel.com\/information\/wp-content\/uploads\/2021\/03\/SKE__cbus_2857210103VACCINCOVID_mGlis.jpg\" \/>\n\t<meta property=\"og:image:width\" content=\"850\" \/>\n\t<meta property=\"og:image:height\" content=\"565\" \/>\n\t<meta property=\"og:image:type\" content=\"image\/jpeg\" \/>\n<meta name=\"author\" content=\"infocongovirtuel\" \/>\n<meta name=\"twitter:card\" content=\"summary_large_image\" \/>\n<meta name=\"twitter:creator\" content=\"@congovirtuel\" \/>\n<meta name=\"twitter:site\" content=\"@congovirtuel\" \/>\n<meta name=\"twitter:label1\" content=\"\u00c9crit par\" \/>\n\t<meta name=\"twitter:data1\" content=\"infocongovirtuel\" \/>\n\t<meta name=\"twitter:label2\" content=\"Dur\u00e9e de lecture estim\u00e9e\" \/>\n\t<meta name=\"twitter:data2\" content=\"4 minutes\" \/>\n<script type=\"application\/ld+json\" class=\"yoast-schema-graph\">{\"@context\":\"https:\\\/\\\/schema.org\",\"@graph\":[{\"@type\":\"Article\",\"@id\":\"https:\\\/\\\/congovirtuel.com\\\/information\\\/du-1er-au-7-mars-la-rdc-accueille-ses-premieres-doses-de-vaccin-contre-la-covid-19\\\/#article\",\"isPartOf\":{\"@id\":\"https:\\\/\\\/congovirtuel.com\\\/information\\\/du-1er-au-7-mars-la-rdc-accueille-ses-premieres-doses-de-vaccin-contre-la-covid-19\\\/\"},\"author\":{\"name\":\"infocongovirtuel\",\"@id\":\"https:\\\/\\\/congovirtuel.com\\\/information\\\/#\\\/schema\\\/person\\\/739a44bf7990966cb53d58d2fdeca0b6\"},\"headline\":\"Du 1er au 7 mars : La RDC accueille ses premi\u00e8res doses de vaccin contre la Covid-19\",\"datePublished\":\"2021-03-02T05:21:04+00:00\",\"dateModified\":\"2021-03-02T05:21:09+00:00\",\"mainEntityOfPage\":{\"@id\":\"https:\\\/\\\/congovirtuel.com\\\/information\\\/du-1er-au-7-mars-la-rdc-accueille-ses-premieres-doses-de-vaccin-contre-la-covid-19\\\/\"},\"wordCount\":833,\"commentCount\":0,\"publisher\":{\"@id\":\"https:\\\/\\\/congovirtuel.com\\\/information\\\/#organization\"},\"image\":{\"@id\":\"https:\\\/\\\/congovirtuel.com\\\/information\\\/du-1er-au-7-mars-la-rdc-accueille-ses-premieres-doses-de-vaccin-contre-la-covid-19\\\/#primaryimage\"},\"thumbnailUrl\":\"https:\\\/\\\/congovirtuel.com\\\/information\\\/wp-content\\\/uploads\\\/2021\\\/03\\\/SKE__cbus_2857210103VACCINCOVID_mGlis.jpg\",\"keywords\":[\"Vaccin covid RDC\"],\"articleSection\":[\"Vaccin\"],\"inLanguage\":\"fr-FR\",\"potentialAction\":[{\"@type\":\"CommentAction\",\"name\":\"Comment\",\"target\":[\"https:\\\/\\\/congovirtuel.com\\\/information\\\/du-1er-au-7-mars-la-rdc-accueille-ses-premieres-doses-de-vaccin-contre-la-covid-19\\\/#respond\"]}]},{\"@type\":\"WebPage\",\"@id\":\"https:\\\/\\\/congovirtuel.com\\\/information\\\/du-1er-au-7-mars-la-rdc-accueille-ses-premieres-doses-de-vaccin-contre-la-covid-19\\\/\",\"url\":\"https:\\\/\\\/congovirtuel.com\\\/information\\\/du-1er-au-7-mars-la-rdc-accueille-ses-premieres-doses-de-vaccin-contre-la-covid-19\\\/\",\"name\":\"Du 1er au 7 mars : La RDC accueille ses premi\u00e8res doses de vaccin contre la Covid-19 - Actualit\u00e9s congolaises et internationales\",\"isPartOf\":{\"@id\":\"https:\\\/\\\/congovirtuel.com\\\/information\\\/#website\"},\"primaryImageOfPage\":{\"@id\":\"https:\\\/\\\/congovirtuel.com\\\/information\\\/du-1er-au-7-mars-la-rdc-accueille-ses-premieres-doses-de-vaccin-contre-la-covid-19\\\/#primaryimage\"},\"image\":{\"@id\":\"https:\\\/\\\/congovirtuel.com\\\/information\\\/du-1er-au-7-mars-la-rdc-accueille-ses-premieres-doses-de-vaccin-contre-la-covid-19\\\/#primaryimage\"},\"thumbnailUrl\":\"https:\\\/\\\/congovirtuel.com\\\/information\\\/wp-content\\\/uploads\\\/2021\\\/03\\\/SKE__cbus_2857210103VACCINCOVID_mGlis.jpg\",\"datePublished\":\"2021-03-02T05:21:04+00:00\",\"dateModified\":\"2021-03-02T05:21:09+00:00\",\"breadcrumb\":{\"@id\":\"https:\\\/\\\/congovirtuel.com\\\/information\\\/du-1er-au-7-mars-la-rdc-accueille-ses-premieres-doses-de-vaccin-contre-la-covid-19\\\/#breadcrumb\"},\"inLanguage\":\"fr-FR\",\"potentialAction\":[{\"@type\":\"ReadAction\",\"target\":[\"https:\\\/\\\/congovirtuel.com\\\/information\\\/du-1er-au-7-mars-la-rdc-accueille-ses-premieres-doses-de-vaccin-contre-la-covid-19\\\/\"]}]},{\"@type\":\"ImageObject\",\"inLanguage\":\"fr-FR\",\"@id\":\"https:\\\/\\\/congovirtuel.com\\\/information\\\/du-1er-au-7-mars-la-rdc-accueille-ses-premieres-doses-de-vaccin-contre-la-covid-19\\\/#primaryimage\",\"url\":\"https:\\\/\\\/congovirtuel.com\\\/information\\\/wp-content\\\/uploads\\\/2021\\\/03\\\/SKE__cbus_2857210103VACCINCOVID_mGlis.jpg\",\"contentUrl\":\"https:\\\/\\\/congovirtuel.com\\\/information\\\/wp-content\\\/uploads\\\/2021\\\/03\\\/SKE__cbus_2857210103VACCINCOVID_mGlis.jpg\",\"width\":850,\"height\":565},{\"@type\":\"BreadcrumbList\",\"@id\":\"https:\\\/\\\/congovirtuel.com\\\/information\\\/du-1er-au-7-mars-la-rdc-accueille-ses-premieres-doses-de-vaccin-contre-la-covid-19\\\/#breadcrumb\",\"itemListElement\":[{\"@type\":\"ListItem\",\"position\":1,\"name\":\"Accueil\",\"item\":\"https:\\\/\\\/congovirtuel.com\\\/information\\\/\"},{\"@type\":\"ListItem\",\"position\":2,\"name\":\"Du 1er au 7 mars : La RDC accueille ses premi\u00e8res doses de vaccin contre la Covid-19\"}]},{\"@type\":\"WebSite\",\"@id\":\"https:\\\/\\\/congovirtuel.com\\\/information\\\/#website\",\"url\":\"https:\\\/\\\/congovirtuel.com\\\/information\\\/\",\"name\":\"Actualit\u00e9s congolaises et internationales\",\"description\":\"site d&#039;analyse et de traitement d&#039;information\",\"publisher\":{\"@id\":\"https:\\\/\\\/congovirtuel.com\\\/information\\\/#organization\"},\"potentialAction\":[{\"@type\":\"SearchAction\",\"target\":{\"@type\":\"EntryPoint\",\"urlTemplate\":\"https:\\\/\\\/congovirtuel.com\\\/information\\\/?s={search_term_string}\"},\"query-input\":{\"@type\":\"PropertyValueSpecification\",\"valueRequired\":true,\"valueName\":\"search_term_string\"}}],\"inLanguage\":\"fr-FR\"},{\"@type\":\"Organization\",\"@id\":\"https:\\\/\\\/congovirtuel.com\\\/information\\\/#organization\",\"name\":\"Biblioth\u00e8que Virtuelle de la RDC\",\"url\":\"https:\\\/\\\/congovirtuel.com\\\/information\\\/\",\"logo\":{\"@type\":\"ImageObject\",\"inLanguage\":\"fr-FR\",\"@id\":\"https:\\\/\\\/congovirtuel.com\\\/information\\\/#\\\/schema\\\/logo\\\/image\\\/\",\"url\":\"https:\\\/\\\/congovirtuel.com\\\/information\\\/wp-content\\\/uploads\\\/2018\\\/10\\\/header-info-congovirtuel-vraie.jpg\",\"contentUrl\":\"https:\\\/\\\/congovirtuel.com\\\/information\\\/wp-content\\\/uploads\\\/2018\\\/10\\\/header-info-congovirtuel-vraie.jpg\",\"width\":728,\"height\":90,\"caption\":\"Biblioth\u00e8que Virtuelle de la RDC\"},\"image\":{\"@id\":\"https:\\\/\\\/congovirtuel.com\\\/information\\\/#\\\/schema\\\/logo\\\/image\\\/\"},\"sameAs\":[\"https:\\\/\\\/web.facebook.com\\\/Congovirtuel-763617960319601\\\/?ref=aymt_homepage_panel&amp;amp;amp;amp;amp;amp;amp;amp;amp;amp;amp;eid=ARCoxULa66767kIgF_KYav6VdjXTI4yk_LW4yoVO9s6NXpysgb7Cb65vpxcxgqzOAKvIbLQxaAETcqHT\",\"https:\\\/\\\/x.com\\\/congovirtuel\",\"https:\\\/\\\/www.youtube.com\\\/channel\\\/UCkFfprYzGgS3EWNpeMXpToQ?view_as=subscriber\"]},{\"@type\":\"Person\",\"@id\":\"https:\\\/\\\/congovirtuel.com\\\/information\\\/#\\\/schema\\\/person\\\/739a44bf7990966cb53d58d2fdeca0b6\",\"name\":\"infocongovirtuel\",\"image\":{\"@type\":\"ImageObject\",\"inLanguage\":\"fr-FR\",\"@id\":\"https:\\\/\\\/secure.gravatar.com\\\/avatar\\\/4d76991aa72469f0eb22e772586c99113c6997f88da636a9db8f2ce3a2c05e69?s=96&d=mm&r=g\",\"url\":\"https:\\\/\\\/secure.gravatar.com\\\/avatar\\\/4d76991aa72469f0eb22e772586c99113c6997f88da636a9db8f2ce3a2c05e69?s=96&d=mm&r=g\",\"contentUrl\":\"https:\\\/\\\/secure.gravatar.com\\\/avatar\\\/4d76991aa72469f0eb22e772586c99113c6997f88da636a9db8f2ce3a2c05e69?s=96&d=mm&r=g\",\"caption\":\"infocongovirtuel\"},\"url\":\"https:\\\/\\\/congovirtuel.com\\\/information\\\/author\\\/infocongovirtuel\\\/\"}]}<\/script>\n<!-- \/ Yoast SEO plugin. -->","yoast_head_json":{"title":"Du 1er au 7 mars : La RDC accueille ses premi\u00e8res doses de vaccin contre la Covid-19 - Actualit\u00e9s congolaises et internationales","robots":{"index":"index","follow":"follow","max-snippet":"max-snippet:-1","max-image-preview":"max-image-preview:large","max-video-preview":"max-video-preview:-1"},"canonical":"https:\/\/congovirtuel.com\/information\/du-1er-au-7-mars-la-rdc-accueille-ses-premieres-doses-de-vaccin-contre-la-covid-19\/","og_locale":"fr_FR","og_type":"article","og_title":"Du 1er au 7 mars : La RDC accueille ses premi\u00e8res doses de vaccin contre la Covid-19 - Actualit\u00e9s congolaises et internationales","og_description":"La premi\u00e8re campagne de vaccination visera le personnel soignant, les personnes \u00e2g\u00e9es et celles pr\u00e9sentant un haut risque notamment une comorbidit\u00e9 Covid- hypertension- diab\u00e8te. La R\u00e9publique d\u00e9mocratique du Congo accueillera du 1er au 7 mars prochain ses premi\u00e8res doses de vaccin contre la covid-19. L\u2019information a \u00e9t\u00e9 donn\u00e9e samedi 27 f\u00e9vrier \u00e0 Kinshasa par le directeur du Programme \u00e9largi de vaccination, Elisabeth Mukamba. C\u2019\u00e9tait au cours d\u2019un atelier organis\u00e9 par le Programme \u00e9largi de vaccination, sous l\u2019encadrement du minist\u00e8re de la Sant\u00e9, sur la mise en place des strat\u00e9gies de&hellip;","og_url":"https:\/\/congovirtuel.com\/information\/du-1er-au-7-mars-la-rdc-accueille-ses-premieres-doses-de-vaccin-contre-la-covid-19\/","og_site_name":"Actualit\u00e9s congolaises et internationales","article_publisher":"https:\/\/web.facebook.com\/Congovirtuel-763617960319601\/?ref=aymt_homepage_panel&amp%3bamp%3bamp%3bamp%3bamp%3bamp%3bamp%3bamp%3bamp%3bamp%3bamp%3beid=ARCoxULa66767kIgF_KYav6VdjXTI4yk_LW4yoVO9s6NXpysgb7Cb65vpxcxgqzOAKvIbLQxaAETcqHT","article_published_time":"2021-03-02T05:21:04+00:00","article_modified_time":"2021-03-02T05:21:09+00:00","og_image":[{"width":850,"height":565,"url":"https:\/\/congovirtuel.com\/information\/wp-content\/uploads\/2021\/03\/SKE__cbus_2857210103VACCINCOVID_mGlis.jpg","type":"image\/jpeg"}],"author":"infocongovirtuel","twitter_card":"summary_large_image","twitter_creator":"@congovirtuel","twitter_site":"@congovirtuel","twitter_misc":{"\u00c9crit par":"infocongovirtuel","Dur\u00e9e de lecture estim\u00e9e":"4 minutes"},"schema":{"@context":"https:\/\/schema.org","@graph":[{"@type":"Article","@id":"https:\/\/congovirtuel.com\/information\/du-1er-au-7-mars-la-rdc-accueille-ses-premieres-doses-de-vaccin-contre-la-covid-19\/#article","isPartOf":{"@id":"https:\/\/congovirtuel.com\/information\/du-1er-au-7-mars-la-rdc-accueille-ses-premieres-doses-de-vaccin-contre-la-covid-19\/"},"author":{"name":"infocongovirtuel","@id":"https:\/\/congovirtuel.com\/information\/#\/schema\/person\/739a44bf7990966cb53d58d2fdeca0b6"},"headline":"Du 1er au 7 mars : La RDC accueille ses premi\u00e8res doses de vaccin contre la Covid-19","datePublished":"2021-03-02T05:21:04+00:00","dateModified":"2021-03-02T05:21:09+00:00","mainEntityOfPage":{"@id":"https:\/\/congovirtuel.com\/information\/du-1er-au-7-mars-la-rdc-accueille-ses-premieres-doses-de-vaccin-contre-la-covid-19\/"},"wordCount":833,"commentCount":0,"publisher":{"@id":"https:\/\/congovirtuel.com\/information\/#organization"},"image":{"@id":"https:\/\/congovirtuel.com\/information\/du-1er-au-7-mars-la-rdc-accueille-ses-premieres-doses-de-vaccin-contre-la-covid-19\/#primaryimage"},"thumbnailUrl":"https:\/\/congovirtuel.com\/information\/wp-content\/uploads\/2021\/03\/SKE__cbus_2857210103VACCINCOVID_mGlis.jpg","keywords":["Vaccin covid RDC"],"articleSection":["Vaccin"],"inLanguage":"fr-FR","potentialAction":[{"@type":"CommentAction","name":"Comment","target":["https:\/\/congovirtuel.com\/information\/du-1er-au-7-mars-la-rdc-accueille-ses-premieres-doses-de-vaccin-contre-la-covid-19\/#respond"]}]},{"@type":"WebPage","@id":"https:\/\/congovirtuel.com\/information\/du-1er-au-7-mars-la-rdc-accueille-ses-premieres-doses-de-vaccin-contre-la-covid-19\/","url":"https:\/\/congovirtuel.com\/information\/du-1er-au-7-mars-la-rdc-accueille-ses-premieres-doses-de-vaccin-contre-la-covid-19\/","name":"Du 1er au 7 mars : La RDC accueille ses premi\u00e8res doses de vaccin contre la Covid-19 - Actualit\u00e9s congolaises et internationales","isPartOf":{"@id":"https:\/\/congovirtuel.com\/information\/#website"},"primaryImageOfPage":{"@id":"https:\/\/congovirtuel.com\/information\/du-1er-au-7-mars-la-rdc-accueille-ses-premieres-doses-de-vaccin-contre-la-covid-19\/#primaryimage"},"image":{"@id":"https:\/\/congovirtuel.com\/information\/du-1er-au-7-mars-la-rdc-accueille-ses-premieres-doses-de-vaccin-contre-la-covid-19\/#primaryimage"},"thumbnailUrl":"https:\/\/congovirtuel.com\/information\/wp-content\/uploads\/2021\/03\/SKE__cbus_2857210103VACCINCOVID_mGlis.jpg","datePublished":"2021-03-02T05:21:04+00:00","dateModified":"2021-03-02T05:21:09+00:00","breadcrumb":{"@id":"https:\/\/congovirtuel.com\/information\/du-1er-au-7-mars-la-rdc-accueille-ses-premieres-doses-de-vaccin-contre-la-covid-19\/#breadcrumb"},"inLanguage":"fr-FR","potentialAction":[{"@type":"ReadAction","target":["https:\/\/congovirtuel.com\/information\/du-1er-au-7-mars-la-rdc-accueille-ses-premieres-doses-de-vaccin-contre-la-covid-19\/"]}]},{"@type":"ImageObject","inLanguage":"fr-FR","@id":"https:\/\/congovirtuel.com\/information\/du-1er-au-7-mars-la-rdc-accueille-ses-premieres-doses-de-vaccin-contre-la-covid-19\/#primaryimage","url":"https:\/\/congovirtuel.com\/information\/wp-content\/uploads\/2021\/03\/SKE__cbus_2857210103VACCINCOVID_mGlis.jpg","contentUrl":"https:\/\/congovirtuel.com\/information\/wp-content\/uploads\/2021\/03\/SKE__cbus_2857210103VACCINCOVID_mGlis.jpg","width":850,"height":565},{"@type":"BreadcrumbList","@id":"https:\/\/congovirtuel.com\/information\/du-1er-au-7-mars-la-rdc-accueille-ses-premieres-doses-de-vaccin-contre-la-covid-19\/#breadcrumb","itemListElement":[{"@type":"ListItem","position":1,"name":"Accueil","item":"https:\/\/congovirtuel.com\/information\/"},{"@type":"ListItem","position":2,"name":"Du 1er au 7 mars : La RDC accueille ses premi\u00e8res doses de vaccin contre la Covid-19"}]},{"@type":"WebSite","@id":"https:\/\/congovirtuel.com\/information\/#website","url":"https:\/\/congovirtuel.com\/information\/","name":"Actualit\u00e9s congolaises et internationales","description":"site d&#039;analyse et de traitement d&#039;information","publisher":{"@id":"https:\/\/congovirtuel.com\/information\/#organization"},"potentialAction":[{"@type":"SearchAction","target":{"@type":"EntryPoint","urlTemplate":"https:\/\/congovirtuel.com\/information\/?s={search_term_string}"},"query-input":{"@type":"PropertyValueSpecification","valueRequired":true,"valueName":"search_term_string"}}],"inLanguage":"fr-FR"},{"@type":"Organization","@id":"https:\/\/congovirtuel.com\/information\/#organization","name":"Biblioth\u00e8que Virtuelle de la RDC","url":"https:\/\/congovirtuel.com\/information\/","logo":{"@type":"ImageObject","inLanguage":"fr-FR","@id":"https:\/\/congovirtuel.com\/information\/#\/schema\/logo\/image\/","url":"https:\/\/congovirtuel.com\/information\/wp-content\/uploads\/2018\/10\/header-info-congovirtuel-vraie.jpg","contentUrl":"https:\/\/congovirtuel.com\/information\/wp-content\/uploads\/2018\/10\/header-info-congovirtuel-vraie.jpg","width":728,"height":90,"caption":"Biblioth\u00e8que Virtuelle de la RDC"},"image":{"@id":"https:\/\/congovirtuel.com\/information\/#\/schema\/logo\/image\/"},"sameAs":["https:\/\/web.facebook.com\/Congovirtuel-763617960319601\/?ref=aymt_homepage_panel&amp;amp;amp;amp;amp;amp;amp;amp;amp;amp;amp;eid=ARCoxULa66767kIgF_KYav6VdjXTI4yk_LW4yoVO9s6NXpysgb7Cb65vpxcxgqzOAKvIbLQxaAETcqHT","https:\/\/x.com\/congovirtuel","https:\/\/www.youtube.com\/channel\/UCkFfprYzGgS3EWNpeMXpToQ?view_as=subscriber"]},{"@type":"Person","@id":"https:\/\/congovirtuel.com\/information\/#\/schema\/person\/739a44bf7990966cb53d58d2fdeca0b6","name":"infocongovirtuel","image":{"@type":"ImageObject","inLanguage":"fr-FR","@id":"https:\/\/secure.gravatar.com\/avatar\/4d76991aa72469f0eb22e772586c99113c6997f88da636a9db8f2ce3a2c05e69?s=96&d=mm&r=g","url":"https:\/\/secure.gravatar.com\/avatar\/4d76991aa72469f0eb22e772586c99113c6997f88da636a9db8f2ce3a2c05e69?s=96&d=mm&r=g","contentUrl":"https:\/\/secure.gravatar.com\/avatar\/4d76991aa72469f0eb22e772586c99113c6997f88da636a9db8f2ce3a2c05e69?s=96&d=mm&r=g","caption":"infocongovirtuel"},"url":"https:\/\/congovirtuel.com\/information\/author\/infocongovirtuel\/"}]}},"gt_translate_keys":[{"key":"link","format":"url"}],"_links":{"self":[{"href":"https:\/\/congovirtuel.com\/information\/wp-json\/wp\/v2\/posts\/6678","targetHints":{"allow":["GET"]}}],"collection":[{"href":"https:\/\/congovirtuel.com\/information\/wp-json\/wp\/v2\/posts"}],"about":[{"href":"https:\/\/congovirtuel.com\/information\/wp-json\/wp\/v2\/types\/post"}],"author":[{"embeddable":true,"href":"https:\/\/congovirtuel.com\/information\/wp-json\/wp\/v2\/users\/1"}],"replies":[{"embeddable":true,"href":"https:\/\/congovirtuel.com\/information\/wp-json\/wp\/v2\/comments?post=6678"}],"version-history":[{"count":1,"href":"https:\/\/congovirtuel.com\/information\/wp-json\/wp\/v2\/posts\/6678\/revisions"}],"predecessor-version":[{"id":6681,"href":"https:\/\/congovirtuel.com\/information\/wp-json\/wp\/v2\/posts\/6678\/revisions\/6681"}],"wp:featuredmedia":[{"embeddable":true,"href":"https:\/\/congovirtuel.com\/information\/wp-json\/wp\/v2\/media\/6680"}],"wp:attachment":[{"href":"https:\/\/congovirtuel.com\/information\/wp-json\/wp\/v2\/media?parent=6678"}],"wp:term":[{"taxonomy":"category","embeddable":true,"href":"https:\/\/congovirtuel.com\/information\/wp-json\/wp\/v2\/categories?post=6678"},{"taxonomy":"post_tag","embeddable":true,"href":"https:\/\/congovirtuel.com\/information\/wp-json\/wp\/v2\/tags?post=6678"}],"curies":[{"name":"wp","href":"https:\/\/api.w.org\/{rel}","templated":true}]}}